{"id":99586,"date":"2025-08-25T20:44:37","date_gmt":"2025-08-25T17:44:37","guid":{"rendered":"https:\/\/www.lovendal.ro\/wp52\/?p=99586"},"modified":"2025-08-25T20:44:37","modified_gmt":"2025-08-25T17:44:37","slug":"sahara-a-fost-odata-verde-a-ascuns-ea-o-civilizatie-necunoscuta","status":"publish","type":"post","link":"https:\/\/www.lovendal.ro\/wp52\/sahara-a-fost-odata-verde-a-ascuns-ea-o-civilizatie-necunoscuta\/","title":{"rendered":"Sahara a fost odat\u0103 verde: a ascuns ea o civiliza\u021bie necunoscut\u0103?"},"content":{"rendered":"<figure id=\"attachment_99587\" aria-describedby=\"caption-attachment-99587\" style=\"width: 348px\" class=\"wp-caption alignleft\"><a href=\"https:\/\/www.lovendal.ro\/wp52\/wp-content\/uploads\/2025\/08\/Sahara-a-fost-verde.jpg\"><img loading=\"lazy\" decoding=\"async\" class=\"size-full wp-image-99587\" src=\"https:\/\/www.lovendal.ro\/wp52\/wp-content\/uploads\/2025\/08\/Sahara-a-fost-verde.jpg\" alt=\"\" width=\"358\" height=\"316\" srcset=\"https:\/\/www.lovendal.ro\/wp52\/wp-content\/uploads\/2025\/08\/Sahara-a-fost-verde.jpg 358w, https:\/\/www.lovendal.ro\/wp52\/wp-content\/uploads\/2025\/08\/Sahara-a-fost-verde-300x265.jpg 300w\" sizes=\"auto, (max-width: 358px) 100vw, 358px\" \/><\/a><figcaption id=\"caption-attachment-99587\" class=\"wp-caption-text\"><strong>Imagine:<\/strong> generata de AI (<strong>Google Gemini<\/strong>)<\/figcaption><\/figure>\n<p>Privim <strong>Sahara<\/strong> ast\u0103zi \u0219i vedem un de\u0219ert nesf\u00e2r\u0219it. Dar \u00eentre 14.000 \u0219i 5.000 de ani \u00een urm\u0103, acesta era un loc cu totul diferit, un paradis verde cu r\u00e2uri, lacuri, p\u0103duri \u0219i savane. Aceast\u0103 perioad\u0103, numit\u0103 <em>&#8222;perioada umed\u0103 african\u0103&#8221;<\/em>, a sus\u021binut prezen\u0163a elefan\u021bilor, girafelor, crocodililor \u0219i altor culturi umane \u00eenfloritoare. Apoi, \u00een urm\u0103 cu doar 5.000 de ani, a avut loc colapsul climatic. Musonii s-au schimbat, ploile s-au sf\u00e2r\u015fit \u0219i, \u00een c\u00e2teva secole, paradisul s-a transformat \u00een de\u0219ert. Aceast\u0103 sincronizare este izbitoare, deoarece coincide cu ascensiunea dinastiei egiptene. \u0218i-au dus cuno\u015ftin\u0163ele oamenii str\u0103muta\u021bi din Sahara p\u00e2n\u0103 la Nil?<\/p>\n<p>Iat\u0103 c\u00e2teva dintre dovezile arheologice \u0219i genetice care indic\u0103 \u00een aceast\u0103 direc\u021bie:<br \/>\n* <strong>Nabta Playa<\/strong> (Egipt, 7.500 \u00ee.Hr.): Cercuri de piatr\u0103 aliniate cu solsti\u021biile&#8230; cu 2.000 de ani mai vechi dec\u00e2t Stonehenge. Dovezi ale \u00eenmorm\u00e2nt\u0103rilor de vite \u0219i ale astronomiei.<br \/>\n* <strong>Gobero<\/strong> (Niger, 8.000 &#8211; 6.000 \u00ee.Hr.): Un vast cimitir pe malul lacului, cu sute de \u00eenmorm\u00e2nt\u0103ri, unelte de pescuit, bijuterii \u0219i morminte rituale colorate cu ocru (o cultur\u0103 acvatic\u0103).<br \/>\n* <strong>Tassili n&#8217;Ajjer<\/strong> (Algeria, 10.000 &#8211; 6.000 \u00ee.Hr.): Peste 15.000 de picturi \u0219i sculpturi rupestre care \u00eenf\u0103\u021bi\u0219eaz\u0103 p\u0103stori de vite, dansuri rituale, chiar \u0219i locuin\u021be cu cupol\u0103 (departe de a fi primitive).<br \/>\n* <strong>Messak Settafet<\/strong> \u0219i <strong>Tibesti<\/strong> (Libia\/Ciad): Monumente din piatr\u0103 \u0219i movile funerare care sugereaz\u0103 peisaje rituale organizate.<br \/>\n* <strong>Taforalt<\/strong> (Maroc, acum 15.000 de ani): ADN antic care prezint\u0103 un amestec de str\u0103mo\u0219i subsaharieni \u0219i din Orientul Apropiat, descoperit ulterior \u00een popula\u021biile din Valea Nilului.<\/p>\n<p>Apoi, mai avem:<br \/>\n* <strong>Listele regilor egipteni<\/strong> (Abydos, Torino, Palermo): \u00cenregistr\u0103ri ale conduc\u0103torilor care se \u00eentind pe zeci de mii de ani, inclusiv regi mitici&#8230; p\u0103str\u00e2nd posibil memoria str\u0103mo\u0219ilor predinastici.<br \/>\n* <strong>Geografia lui Ptolemeu<\/strong> (secolul al II-lea d.Hr.): Men\u021bioneaz\u0103 lacuri \u0219i r\u00e2uri din Sahara central\u0103, dintre care unele corespund paleo-albiilor redescoperite abia prin imagistica satelitar\u0103 modern\u0103.<\/p>\n<p>\u0218i totu\u0219i, mai pu\u021bin de 1% din Sahara a fost studiat\u0103 cu metode arheologice moderne. Dac\u0103 chiar \u0219i aceste fragmente au supravie\u021buit, ce ar mai putea fi \u00eengropat sub dune Egiptul antic a fost continuarea unei mo\u0219teniri sahariene \u0219i mai vechi?<\/p>\n","protected":false},"excerpt":{"rendered":"<p>Privim Sahara ast\u0103zi \u0219i vedem un de\u0219ert nesf\u00e2r\u0219it. Dar \u00eentre 14.000 \u0219i 5.000 de ani \u00een urm\u0103, acesta era un loc cu totul diferit, un paradis verde cu r\u00e2uri, lacuri, p\u0103duri \u0219i savane. Aceast\u0103 perioad\u0103, numit\u0103 &#8222;perioada umed\u0103 african\u0103&#8221;, a &#8230; <\/p>\n<p class=\"read-more-container\"><a title=\"Sahara a fost odat\u0103 verde: a ascuns ea o civiliza\u021bie necunoscut\u0103?\" class=\"read-more button\" href=\"https:\/\/www.lovendal.ro\/wp52\/sahara-a-fost-odata-verde-a-ascuns-ea-o-civilizatie-necunoscuta\/#more-99586\" aria-label=\"Cite\u0219te mai multe despre Sahara a fost odat\u0103 verde: a ascuns ea o civiliza\u021bie necunoscut\u0103?\">Cititi mai multe<\/a><\/p>\n","protected":false},"author":1,"featured_media":99587,"comment_status":"closed","ping_status":"open","sticky":false,"template":"","format":"standard","meta":{"footnotes":""},"categories":[1770],"tags":[415,874,7262,1574,983,386,854,9807,20177,975,2123,438,6011,3558,20178,5003,2398,1926,5457,2595,3042,1281,688,5838,1529,1996,4840],"class_list":["post-99586","post","type-post","status-publish","format-standard","has-post-thumbnail","hentry","category-geografie-feologie","tag-adn","tag-algeria","tag-ciad","tag-crocodili","tag-desert","tag-egipt","tag-elefanti","tag-geografie-geologie","tag-girafe","tag-lac","tag-libia","tag-maroc","tag-niger","tag-nil","tag-ocru","tag-orientul-apropiat","tag-padure","tag-paradis","tag-ploi","tag-ptolemeu","tag-rau","tag-regi","tag-sahara","tag-savana","tag-sculptura","tag-stonehenge","tag-vite","resize-featured-image"],"yoast_head":"<!-- This site is optimized with the Yoast SEO Premium plugin v23.3 (Yoast SEO v27.4) - https:\/\/yoast.com\/product\/yoast-seo-premium-wordpress\/ -->\n<title>Sahara a fost odat\u0103 verde: a ascuns ea o civiliza\u021bie necunoscut\u0103? - Secretele lui Lovendal<\/title>\n<meta name=\"robots\" content=\"index, follow, max-snippet:-1, max-image-preview:large, max-video-preview:-1\" \/>\n<link rel=\"canonical\" href=\"https:\/\/www.lovendal.ro\/wp52\/sahara-a-fost-odata-verde-a-ascuns-ea-o-civilizatie-necunoscuta\/\" \/>\n<meta property=\"og:locale\" content=\"ro_RO\" \/>\n<meta property=\"og:type\" content=\"article\" \/>\n<meta property=\"og:title\" content=\"Sahara a fost odat\u0103 verde: a ascuns ea o civiliza\u021bie necunoscut\u0103?\" \/>\n<meta property=\"og:description\" content=\"Privim Sahara ast\u0103zi \u0219i vedem un de\u0219ert nesf\u00e2r\u0219it. Dar \u00eentre 14.000 \u0219i 5.000 de ani \u00een urm\u0103, acesta era un loc cu totul diferit, un paradis verde cu r\u00e2uri, lacuri, p\u0103duri \u0219i savane. Aceast\u0103 perioad\u0103, numit\u0103 &#8222;perioada umed\u0103 african\u0103&#8221;, a ... Cititi mai multe\" \/>\n<meta property=\"og:url\" content=\"https:\/\/www.lovendal.ro\/wp52\/sahara-a-fost-odata-verde-a-ascuns-ea-o-civilizatie-necunoscuta\/\" \/>\n<meta property=\"og:site_name\" content=\"Secretele lui Lovendal\" \/>\n<meta property=\"article:publisher\" content=\"https:\/\/www.facebook.com\/secreteleluilovendal\" \/>\n<meta property=\"article:published_time\" content=\"2025-08-25T17:44:37+00:00\" \/>\n<meta property=\"og:image\" content=\"https:\/\/www.lovendal.ro\/wp52\/wp-content\/uploads\/2025\/08\/Sahara-a-fost-verde.jpg\" \/>\n\t<meta property=\"og:image:width\" content=\"358\" \/>\n\t<meta property=\"og:image:height\" content=\"316\" \/>\n\t<meta property=\"og:image:type\" content=\"image\/jpeg\" \/>\n<meta name=\"author\" content=\"admin\" \/>\n<meta name=\"twitter:card\" content=\"summary_large_image\" \/>\n<meta name=\"twitter:label1\" content=\"Scris de\" \/>\n\t<meta name=\"twitter:data1\" content=\"admin\" \/>\n\t<meta name=\"twitter:label2\" content=\"Timp estimat pentru citire\" \/>\n\t<meta name=\"twitter:data2\" content=\"3 minute\" \/>\n<script type=\"application\/ld+json\" class=\"yoast-schema-graph\">{\"@context\":\"https:\\\/\\\/schema.org\",\"@graph\":[{\"@type\":\"Article\",\"@id\":\"https:\\\/\\\/www.lovendal.ro\\\/wp52\\\/sahara-a-fost-odata-verde-a-ascuns-ea-o-civilizatie-necunoscuta\\\/#article\",\"isPartOf\":{\"@id\":\"https:\\\/\\\/www.lovendal.ro\\\/wp52\\\/sahara-a-fost-odata-verde-a-ascuns-ea-o-civilizatie-necunoscuta\\\/\"},\"author\":{\"name\":\"admin\",\"@id\":\"https:\\\/\\\/www.lovendal.ro\\\/wp52\\\/#\\\/schema\\\/person\\\/088691de5dfc346bb0c023e1e52ef5d9\"},\"headline\":\"Sahara a fost odat\u0103 verde: a ascuns ea o civiliza\u021bie necunoscut\u0103?\",\"datePublished\":\"2025-08-25T17:44:37+00:00\",\"mainEntityOfPage\":{\"@id\":\"https:\\\/\\\/www.lovendal.ro\\\/wp52\\\/sahara-a-fost-odata-verde-a-ascuns-ea-o-civilizatie-necunoscuta\\\/\"},\"wordCount\":395,\"publisher\":{\"@id\":\"https:\\\/\\\/www.lovendal.ro\\\/wp52\\\/#organization\"},\"image\":{\"@id\":\"https:\\\/\\\/www.lovendal.ro\\\/wp52\\\/sahara-a-fost-odata-verde-a-ascuns-ea-o-civilizatie-necunoscuta\\\/#primaryimage\"},\"thumbnailUrl\":\"https:\\\/\\\/www.lovendal.ro\\\/wp52\\\/wp-content\\\/uploads\\\/2025\\\/08\\\/Sahara-a-fost-verde.jpg\",\"keywords\":[\"ADN\",\"Algeria\",\"Ciad\",\"crocodili\",\"de\u015fert\",\"Egipt\",\"elefan\u0163i\",\"Geografie - Geologie\",\"girafe\",\"lac\",\"Libia\",\"Maroc\",\"Niger\",\"Nil\",\"ocru\",\"Orientul Apropiat\",\"p\u0103dure\",\"paradis\",\"ploi\",\"Ptolemeu\",\"r\u00e2u\",\"regi\",\"Sahara\",\"savan\u0103\",\"sculptur\u0103\",\"Stonehenge\",\"vite\"],\"articleSection\":[\"Geografie - Geologie\"],\"inLanguage\":\"ro-RO\"},{\"@type\":\"WebPage\",\"@id\":\"https:\\\/\\\/www.lovendal.ro\\\/wp52\\\/sahara-a-fost-odata-verde-a-ascuns-ea-o-civilizatie-necunoscuta\\\/\",\"url\":\"https:\\\/\\\/www.lovendal.ro\\\/wp52\\\/sahara-a-fost-odata-verde-a-ascuns-ea-o-civilizatie-necunoscuta\\\/\",\"name\":\"Sahara a fost odat\u0103 verde: a ascuns ea o civiliza\u021bie necunoscut\u0103? - Secretele lui Lovendal\",\"isPartOf\":{\"@id\":\"https:\\\/\\\/www.lovendal.ro\\\/wp52\\\/#website\"},\"primaryImageOfPage\":{\"@id\":\"https:\\\/\\\/www.lovendal.ro\\\/wp52\\\/sahara-a-fost-odata-verde-a-ascuns-ea-o-civilizatie-necunoscuta\\\/#primaryimage\"},\"image\":{\"@id\":\"https:\\\/\\\/www.lovendal.ro\\\/wp52\\\/sahara-a-fost-odata-verde-a-ascuns-ea-o-civilizatie-necunoscuta\\\/#primaryimage\"},\"thumbnailUrl\":\"https:\\\/\\\/www.lovendal.ro\\\/wp52\\\/wp-content\\\/uploads\\\/2025\\\/08\\\/Sahara-a-fost-verde.jpg\",\"datePublished\":\"2025-08-25T17:44:37+00:00\",\"breadcrumb\":{\"@id\":\"https:\\\/\\\/www.lovendal.ro\\\/wp52\\\/sahara-a-fost-odata-verde-a-ascuns-ea-o-civilizatie-necunoscuta\\\/#breadcrumb\"},\"inLanguage\":\"ro-RO\",\"potentialAction\":[{\"@type\":\"ReadAction\",\"target\":[\"https:\\\/\\\/www.lovendal.ro\\\/wp52\\\/sahara-a-fost-odata-verde-a-ascuns-ea-o-civilizatie-necunoscuta\\\/\"]}]},{\"@type\":\"ImageObject\",\"inLanguage\":\"ro-RO\",\"@id\":\"https:\\\/\\\/www.lovendal.ro\\\/wp52\\\/sahara-a-fost-odata-verde-a-ascuns-ea-o-civilizatie-necunoscuta\\\/#primaryimage\",\"url\":\"https:\\\/\\\/www.lovendal.ro\\\/wp52\\\/wp-content\\\/uploads\\\/2025\\\/08\\\/Sahara-a-fost-verde.jpg\",\"contentUrl\":\"https:\\\/\\\/www.lovendal.ro\\\/wp52\\\/wp-content\\\/uploads\\\/2025\\\/08\\\/Sahara-a-fost-verde.jpg\",\"width\":358,\"height\":316,\"caption\":\"Imagine: generata de AI (Google Gemini)\"},{\"@type\":\"BreadcrumbList\",\"@id\":\"https:\\\/\\\/www.lovendal.ro\\\/wp52\\\/sahara-a-fost-odata-verde-a-ascuns-ea-o-civilizatie-necunoscuta\\\/#breadcrumb\",\"itemListElement\":[{\"@type\":\"ListItem\",\"position\":1,\"name\":\"Home\",\"item\":\"https:\\\/\\\/www.lovendal.ro\\\/wp52\\\/\"},{\"@type\":\"ListItem\",\"position\":2,\"name\":\"Sahara a fost odat\u0103 verde: a ascuns ea o civiliza\u021bie necunoscut\u0103?\"}]},{\"@type\":\"WebSite\",\"@id\":\"https:\\\/\\\/www.lovendal.ro\\\/wp52\\\/#website\",\"url\":\"https:\\\/\\\/www.lovendal.ro\\\/wp52\\\/\",\"name\":\"Secretele lui Lovendal\",\"description\":\"Site de secrete, stiinta si metafizica - din 2008 -\",\"publisher\":{\"@id\":\"https:\\\/\\\/www.lovendal.ro\\\/wp52\\\/#organization\"},\"potentialAction\":[{\"@type\":\"SearchAction\",\"target\":{\"@type\":\"EntryPoint\",\"urlTemplate\":\"https:\\\/\\\/www.lovendal.ro\\\/wp52\\\/?s={search_term_string}\"},\"query-input\":{\"@type\":\"PropertyValueSpecification\",\"valueRequired\":true,\"valueName\":\"search_term_string\"}}],\"inLanguage\":\"ro-RO\"},{\"@type\":\"Organization\",\"@id\":\"https:\\\/\\\/www.lovendal.ro\\\/wp52\\\/#organization\",\"name\":\"Secretele lui Lovendal\",\"url\":\"https:\\\/\\\/www.lovendal.ro\\\/wp52\\\/\",\"logo\":{\"@type\":\"ImageObject\",\"inLanguage\":\"ro-RO\",\"@id\":\"https:\\\/\\\/www.lovendal.ro\\\/wp52\\\/#\\\/schema\\\/logo\\\/image\\\/\",\"url\":\"https:\\\/\\\/www.lovendal.ro\\\/wp52\\\/wp-content\\\/uploads\\\/2024\\\/06\\\/cropped-SLL-iun-2024-1.jpg\",\"contentUrl\":\"https:\\\/\\\/www.lovendal.ro\\\/wp52\\\/wp-content\\\/uploads\\\/2024\\\/06\\\/cropped-SLL-iun-2024-1.jpg\",\"width\":771,\"height\":240,\"caption\":\"Secretele lui Lovendal\"},\"image\":{\"@id\":\"https:\\\/\\\/www.lovendal.ro\\\/wp52\\\/#\\\/schema\\\/logo\\\/image\\\/\"},\"sameAs\":[\"https:\\\/\\\/www.facebook.com\\\/secreteleluilovendal\"]},{\"@type\":\"Person\",\"@id\":\"https:\\\/\\\/www.lovendal.ro\\\/wp52\\\/#\\\/schema\\\/person\\\/088691de5dfc346bb0c023e1e52ef5d9\",\"name\":\"admin\",\"image\":{\"@type\":\"ImageObject\",\"inLanguage\":\"ro-RO\",\"@id\":\"https:\\\/\\\/secure.gravatar.com\\\/avatar\\\/ecb9cd41f5f63c9c9b989999a59f6e2639a865ec361e9db054db0679a8f341c2?s=96&d=mm&r=g\",\"url\":\"https:\\\/\\\/secure.gravatar.com\\\/avatar\\\/ecb9cd41f5f63c9c9b989999a59f6e2639a865ec361e9db054db0679a8f341c2?s=96&d=mm&r=g\",\"contentUrl\":\"https:\\\/\\\/secure.gravatar.com\\\/avatar\\\/ecb9cd41f5f63c9c9b989999a59f6e2639a865ec361e9db054db0679a8f341c2?s=96&d=mm&r=g\",\"caption\":\"admin\"},\"sameAs\":[\"https:\\\/\\\/www.lovendal.ro\\\/wp52\"]}]}<\/script>\n<!-- \/ Yoast SEO Premium plugin. -->","yoast_head_json":{"title":"Sahara a fost odat\u0103 verde: a ascuns ea o civiliza\u021bie necunoscut\u0103? - Secretele lui Lovendal","robots":{"index":"index","follow":"follow","max-snippet":"max-snippet:-1","max-image-preview":"max-image-preview:large","max-video-preview":"max-video-preview:-1"},"canonical":"https:\/\/www.lovendal.ro\/wp52\/sahara-a-fost-odata-verde-a-ascuns-ea-o-civilizatie-necunoscuta\/","og_locale":"ro_RO","og_type":"article","og_title":"Sahara a fost odat\u0103 verde: a ascuns ea o civiliza\u021bie necunoscut\u0103?","og_description":"Privim Sahara ast\u0103zi \u0219i vedem un de\u0219ert nesf\u00e2r\u0219it. Dar \u00eentre 14.000 \u0219i 5.000 de ani \u00een urm\u0103, acesta era un loc cu totul diferit, un paradis verde cu r\u00e2uri, lacuri, p\u0103duri \u0219i savane. Aceast\u0103 perioad\u0103, numit\u0103 &#8222;perioada umed\u0103 african\u0103&#8221;, a ... Cititi mai multe","og_url":"https:\/\/www.lovendal.ro\/wp52\/sahara-a-fost-odata-verde-a-ascuns-ea-o-civilizatie-necunoscuta\/","og_site_name":"Secretele lui Lovendal","article_publisher":"https:\/\/www.facebook.com\/secreteleluilovendal","article_published_time":"2025-08-25T17:44:37+00:00","og_image":[{"width":358,"height":316,"url":"https:\/\/www.lovendal.ro\/wp52\/wp-content\/uploads\/2025\/08\/Sahara-a-fost-verde.jpg","type":"image\/jpeg"}],"author":"admin","twitter_card":"summary_large_image","twitter_misc":{"Scris de":"admin","Timp estimat pentru citire":"3 minute"},"schema":{"@context":"https:\/\/schema.org","@graph":[{"@type":"Article","@id":"https:\/\/www.lovendal.ro\/wp52\/sahara-a-fost-odata-verde-a-ascuns-ea-o-civilizatie-necunoscuta\/#article","isPartOf":{"@id":"https:\/\/www.lovendal.ro\/wp52\/sahara-a-fost-odata-verde-a-ascuns-ea-o-civilizatie-necunoscuta\/"},"author":{"name":"admin","@id":"https:\/\/www.lovendal.ro\/wp52\/#\/schema\/person\/088691de5dfc346bb0c023e1e52ef5d9"},"headline":"Sahara a fost odat\u0103 verde: a ascuns ea o civiliza\u021bie necunoscut\u0103?","datePublished":"2025-08-25T17:44:37+00:00","mainEntityOfPage":{"@id":"https:\/\/www.lovendal.ro\/wp52\/sahara-a-fost-odata-verde-a-ascuns-ea-o-civilizatie-necunoscuta\/"},"wordCount":395,"publisher":{"@id":"https:\/\/www.lovendal.ro\/wp52\/#organization"},"image":{"@id":"https:\/\/www.lovendal.ro\/wp52\/sahara-a-fost-odata-verde-a-ascuns-ea-o-civilizatie-necunoscuta\/#primaryimage"},"thumbnailUrl":"https:\/\/www.lovendal.ro\/wp52\/wp-content\/uploads\/2025\/08\/Sahara-a-fost-verde.jpg","keywords":["ADN","Algeria","Ciad","crocodili","de\u015fert","Egipt","elefan\u0163i","Geografie - Geologie","girafe","lac","Libia","Maroc","Niger","Nil","ocru","Orientul Apropiat","p\u0103dure","paradis","ploi","Ptolemeu","r\u00e2u","regi","Sahara","savan\u0103","sculptur\u0103","Stonehenge","vite"],"articleSection":["Geografie - Geologie"],"inLanguage":"ro-RO"},{"@type":"WebPage","@id":"https:\/\/www.lovendal.ro\/wp52\/sahara-a-fost-odata-verde-a-ascuns-ea-o-civilizatie-necunoscuta\/","url":"https:\/\/www.lovendal.ro\/wp52\/sahara-a-fost-odata-verde-a-ascuns-ea-o-civilizatie-necunoscuta\/","name":"Sahara a fost odat\u0103 verde: a ascuns ea o civiliza\u021bie necunoscut\u0103? - Secretele lui Lovendal","isPartOf":{"@id":"https:\/\/www.lovendal.ro\/wp52\/#website"},"primaryImageOfPage":{"@id":"https:\/\/www.lovendal.ro\/wp52\/sahara-a-fost-odata-verde-a-ascuns-ea-o-civilizatie-necunoscuta\/#primaryimage"},"image":{"@id":"https:\/\/www.lovendal.ro\/wp52\/sahara-a-fost-odata-verde-a-ascuns-ea-o-civilizatie-necunoscuta\/#primaryimage"},"thumbnailUrl":"https:\/\/www.lovendal.ro\/wp52\/wp-content\/uploads\/2025\/08\/Sahara-a-fost-verde.jpg","datePublished":"2025-08-25T17:44:37+00:00","breadcrumb":{"@id":"https:\/\/www.lovendal.ro\/wp52\/sahara-a-fost-odata-verde-a-ascuns-ea-o-civilizatie-necunoscuta\/#breadcrumb"},"inLanguage":"ro-RO","potentialAction":[{"@type":"ReadAction","target":["https:\/\/www.lovendal.ro\/wp52\/sahara-a-fost-odata-verde-a-ascuns-ea-o-civilizatie-necunoscuta\/"]}]},{"@type":"ImageObject","inLanguage":"ro-RO","@id":"https:\/\/www.lovendal.ro\/wp52\/sahara-a-fost-odata-verde-a-ascuns-ea-o-civilizatie-necunoscuta\/#primaryimage","url":"https:\/\/www.lovendal.ro\/wp52\/wp-content\/uploads\/2025\/08\/Sahara-a-fost-verde.jpg","contentUrl":"https:\/\/www.lovendal.ro\/wp52\/wp-content\/uploads\/2025\/08\/Sahara-a-fost-verde.jpg","width":358,"height":316,"caption":"Imagine: generata de AI (Google Gemini)"},{"@type":"BreadcrumbList","@id":"https:\/\/www.lovendal.ro\/wp52\/sahara-a-fost-odata-verde-a-ascuns-ea-o-civilizatie-necunoscuta\/#breadcrumb","itemListElement":[{"@type":"ListItem","position":1,"name":"Home","item":"https:\/\/www.lovendal.ro\/wp52\/"},{"@type":"ListItem","position":2,"name":"Sahara a fost odat\u0103 verde: a ascuns ea o civiliza\u021bie necunoscut\u0103?"}]},{"@type":"WebSite","@id":"https:\/\/www.lovendal.ro\/wp52\/#website","url":"https:\/\/www.lovendal.ro\/wp52\/","name":"Secretele lui Lovendal","description":"Site de secrete, stiinta si metafizica - din 2008 -","publisher":{"@id":"https:\/\/www.lovendal.ro\/wp52\/#organization"},"potentialAction":[{"@type":"SearchAction","target":{"@type":"EntryPoint","urlTemplate":"https:\/\/www.lovendal.ro\/wp52\/?s={search_term_string}"},"query-input":{"@type":"PropertyValueSpecification","valueRequired":true,"valueName":"search_term_string"}}],"inLanguage":"ro-RO"},{"@type":"Organization","@id":"https:\/\/www.lovendal.ro\/wp52\/#organization","name":"Secretele lui Lovendal","url":"https:\/\/www.lovendal.ro\/wp52\/","logo":{"@type":"ImageObject","inLanguage":"ro-RO","@id":"https:\/\/www.lovendal.ro\/wp52\/#\/schema\/logo\/image\/","url":"https:\/\/www.lovendal.ro\/wp52\/wp-content\/uploads\/2024\/06\/cropped-SLL-iun-2024-1.jpg","contentUrl":"https:\/\/www.lovendal.ro\/wp52\/wp-content\/uploads\/2024\/06\/cropped-SLL-iun-2024-1.jpg","width":771,"height":240,"caption":"Secretele lui Lovendal"},"image":{"@id":"https:\/\/www.lovendal.ro\/wp52\/#\/schema\/logo\/image\/"},"sameAs":["https:\/\/www.facebook.com\/secreteleluilovendal"]},{"@type":"Person","@id":"https:\/\/www.lovendal.ro\/wp52\/#\/schema\/person\/088691de5dfc346bb0c023e1e52ef5d9","name":"admin","image":{"@type":"ImageObject","inLanguage":"ro-RO","@id":"https:\/\/secure.gravatar.com\/avatar\/ecb9cd41f5f63c9c9b989999a59f6e2639a865ec361e9db054db0679a8f341c2?s=96&d=mm&r=g","url":"https:\/\/secure.gravatar.com\/avatar\/ecb9cd41f5f63c9c9b989999a59f6e2639a865ec361e9db054db0679a8f341c2?s=96&d=mm&r=g","contentUrl":"https:\/\/secure.gravatar.com\/avatar\/ecb9cd41f5f63c9c9b989999a59f6e2639a865ec361e9db054db0679a8f341c2?s=96&d=mm&r=g","caption":"admin"},"sameAs":["https:\/\/www.lovendal.ro\/wp52"]}]}},"_links":{"self":[{"href":"https:\/\/www.lovendal.ro\/wp52\/wp-json\/wp\/v2\/posts\/99586","targetHints":{"allow":["GET"]}}],"collection":[{"href":"https:\/\/www.lovendal.ro\/wp52\/wp-json\/wp\/v2\/posts"}],"about":[{"href":"https:\/\/www.lovendal.ro\/wp52\/wp-json\/wp\/v2\/types\/post"}],"author":[{"embeddable":true,"href":"https:\/\/www.lovendal.ro\/wp52\/wp-json\/wp\/v2\/users\/1"}],"replies":[{"embeddable":true,"href":"https:\/\/www.lovendal.ro\/wp52\/wp-json\/wp\/v2\/comments?post=99586"}],"version-history":[{"count":1,"href":"https:\/\/www.lovendal.ro\/wp52\/wp-json\/wp\/v2\/posts\/99586\/revisions"}],"predecessor-version":[{"id":99588,"href":"https:\/\/www.lovendal.ro\/wp52\/wp-json\/wp\/v2\/posts\/99586\/revisions\/99588"}],"wp:featuredmedia":[{"embeddable":true,"href":"https:\/\/www.lovendal.ro\/wp52\/wp-json\/wp\/v2\/media\/99587"}],"wp:attachment":[{"href":"https:\/\/www.lovendal.ro\/wp52\/wp-json\/wp\/v2\/media?parent=99586"}],"wp:term":[{"taxonomy":"category","embeddable":true,"href":"https:\/\/www.lovendal.ro\/wp52\/wp-json\/wp\/v2\/categories?post=99586"},{"taxonomy":"post_tag","embeddable":true,"href":"https:\/\/www.lovendal.ro\/wp52\/wp-json\/wp\/v2\/tags?post=99586"}],"curies":[{"name":"wp","href":"https:\/\/api.w.org\/{rel}","templated":true}]}}