{"id":98869,"date":"2025-07-15T07:10:11","date_gmt":"2025-07-15T04:10:11","guid":{"rendered":"https:\/\/www.lovendal.ro\/wp52\/?p=98869"},"modified":"2025-07-15T09:13:43","modified_gmt":"2025-07-15T06:13:43","slug":"mistere-ai-neanderthalienilor-stramosi-ale-oamenilor-care-au-trait-in-urma-cu-40-000-400-000-de-ani-de-unde-stiau-ei-de-reincarnare-de-ce-erau-inmormantati-cu-flori","status":"publish","type":"post","link":"https:\/\/www.lovendal.ro\/wp52\/mistere-ai-neanderthalienilor-stramosi-ale-oamenilor-care-au-trait-in-urma-cu-40-000-400-000-de-ani-de-unde-stiau-ei-de-reincarnare-de-ce-erau-inmormantati-cu-flori\/","title":{"rendered":"Mistere ale Neanderthalienilor, str\u0103mo\u015fi ai oamenilor care au tr\u0103it \u00een urm\u0103 cu 40.000 &#8211; 400.000 de ani: de unde \u015ftiau ei de re\u00eencarnare!? De ce erau \u00eenmorm\u00e2nta\u0163i cu flori?"},"content":{"rendered":"<figure id=\"attachment_98870\" aria-describedby=\"caption-attachment-98870\" style=\"width: 338px\" class=\"wp-caption alignleft\"><a href=\"https:\/\/www.lovendal.ro\/wp52\/wp-content\/uploads\/2025\/07\/omul-Neanderthal.png\"><img loading=\"lazy\" decoding=\"async\" class=\" wp-image-98870\" src=\"https:\/\/www.lovendal.ro\/wp52\/wp-content\/uploads\/2025\/07\/omul-Neanderthal.png\" alt=\"\" width=\"348\" height=\"292\" srcset=\"https:\/\/www.lovendal.ro\/wp52\/wp-content\/uploads\/2025\/07\/omul-Neanderthal.png 538w, https:\/\/www.lovendal.ro\/wp52\/wp-content\/uploads\/2025\/07\/omul-Neanderthal-300x252.png 300w\" sizes=\"auto, (max-width: 348px) 100vw, 348px\" \/><\/a><figcaption id=\"caption-attachment-98870\" class=\"wp-caption-text\"><strong>Imagine:<\/strong> <a href=\"https:\/\/pixabay.com\/illustrations\/man-ai-generated-neanderthal-male-8805099\/\" target=\"_blank\" rel=\"noopener\"><strong>pixabay.com<\/strong><\/a> (Commons Creative &#8211; free)<\/figcaption><\/figure>\n<p><strong>Neanderthalienii<\/strong> (<em>Homo neanderthalensis<\/em>) au fost o specie uman\u0103 arhaic\u0103 apropiat\u0103 de Homo sapiens. Ei au ap\u0103rut acum aproximativ 400.000 de ani \u015fi au disp\u0103rut \u00een urm\u0103 cu aproximativ 40.000 de ani, poate chiar 38.000\u201335.000 de ani, \u00een unele regiuni. Primii paleontologi l-au reprezentat pe omul din Neanderthal ca av\u00e2nd \u00eenf\u0103\u021bi\u0219area unei bestii p\u0103roase, greoaie, cu pieptul bombat \u0219i cu o fa\u021b\u0103 f\u0103r\u0103 b\u0103rbie. Ast\u0103zi \u0219tim \u00eens\u0103 c\u0103 nu avea mai mult p\u0103r dec\u00e2t avem noi &#8211; c\u00e2nd \u0219i de ce l-a pierdut r\u0103m\u00e2ne un mister &#8211; \u0219i c\u0103 nu era deloc o fiin\u021b\u0103 lipsit\u0103 de inteligen\u021b\u0103. Speciali\u0219tii contemporani \u00eenclin\u0103 s\u0103 afirme c\u0103, dac\u0103 l-am aranja, l-am coafa \u0219i l-am \u00eembr\u0103ca dup\u0103 ultima mod\u0103 pe omul din Neanderthal, el s-ar putea plimba pe Champs Elysees f\u0103r\u0103 s\u0103 atrag\u0103 cuiva aten\u021bia.<\/p>\n<p>Omul din Neanderthal \u0219tia s\u0103 v\u00e2neze animale \u0219i s\u0103 le jupoaie pielea, pe care o \u00eentindea pe iarb\u0103 \u0219i a\u0219tepta s\u0103 se usuce la soare. Apoi o folosea pentru a-i \u021bine de cald. Nu numai c\u0103-\u0219i fabrica unelte, dar uneltele lui \u00eel ajutau la confec\u021bionarea altor instrumente. Avea un fel de lame sub form\u0103 de fer\u0103str\u0103u pentru a t\u0103ia lemne sau chiar oase, cle\u0219te \u0219i r\u0103zuitoare, lame cu care se ajuta, f\u0103r\u0103 \u00eendoial\u0103, pentru a t\u0103ia \u0219i \u0219lefui m\u00e2nerele l\u0103ncilor. Probabil c\u0103 folosea \u0219i unelte din lemn, dar pe acestea, cu siguran\u021b\u0103, de mult le-a \u00eenghi\u021bit p\u0103m\u00e2ntul.<\/p>\n<p>\u00cen urma unui lung studiu asupra omului din Neanderthal, s-a descoperit c\u0103-i hr\u0103nea \u0219i-i ad\u0103postea pe cei \u0219chiopi \u0219i pe cei mutila\u021bi clin specia lui. \u00ce\u0219i \u00eengropa mor\u021bii \u00een ni\u0219e scobite \u00een p\u0103m\u00e2nt pe care le astupa cu mari pietre plate. Unul dintre cele mai cunoscute din aceste schelete este cel al unui t\u00e2n\u0103r care, se pare, a fost \u00eenmorm\u00e2ntat cu o veritabil\u0103 tandre\u021be. Era a\u0219ezat ca \u0219i cum ar fi dormit, cu bra\u021bul sub cap, sprijinit de o piatr\u0103 de cremene, ca pe o pern\u0103.<\/p>\n<p>La un moment dat, oamenii din Neanderthal au \u00eenceput s\u0103 cread\u0103 \u00een via\u021ba viitoare. S\u0103 li se fi transmis aceast\u0103 idee de la fiin\u021be supranaturale? Majoritatea mormintelor con\u021bin o secure sau alte unelte, ca \u0219i cum ar fi crezut c\u0103 vor mai avea nevoie de ele.<\/p>\n<p>Chiar \u0219i mai impresionant este faptul c\u0103 s-a descoperit \u00eentr-un morm\u00e2nt o gr\u0103m\u0103joar\u0103 de polen provenind de la opt specii de flori diferite. Nu se poate spune c\u0103 ar fi vorba despre un capriciu al naturii. Morm\u00e2ntul era prea ad\u00e2nc, numai cineva, \u00een mod voit, le-ar fi putut pune acolo. Dup\u0103 toate aparen\u021bele, \u00een ultima perioad\u0103 glaciar\u0103, cineva a mers prin mun\u021bi s\u0103 culeag\u0103 flori pentru mor\u021bi.<\/p>\n","protected":false},"excerpt":{"rendered":"<p>Neanderthalienii (Homo neanderthalensis) au fost o specie uman\u0103 arhaic\u0103 apropiat\u0103 de Homo sapiens. Ei au ap\u0103rut acum aproximativ 400.000 de ani \u015fi au disp\u0103rut \u00een urm\u0103 cu aproximativ 40.000 de ani, poate chiar 38.000\u201335.000 de ani, \u00een unele regiuni. Primii &#8230; <\/p>\n<p class=\"read-more-container\"><a title=\"Mistere ale Neanderthalienilor, str\u0103mo\u015fi ai oamenilor care au tr\u0103it \u00een urm\u0103 cu 40.000 &#8211; 400.000 de ani: de unde \u015ftiau ei de re\u00eencarnare!? De ce erau \u00eenmorm\u00e2nta\u0163i cu flori?\" class=\"read-more button\" href=\"https:\/\/www.lovendal.ro\/wp52\/mistere-ai-neanderthalienilor-stramosi-ale-oamenilor-care-au-trait-in-urma-cu-40-000-400-000-de-ani-de-unde-stiau-ei-de-reincarnare-de-ce-erau-inmormantati-cu-flori\/#more-98869\" aria-label=\"Cite\u0219te mai multe despre Mistere ale Neanderthalienilor, str\u0103mo\u015fi ai oamenilor care au tr\u0103it \u00een urm\u0103 cu 40.000 &#8211; 400.000 de ani: de unde \u015ftiau ei de re\u00eencarnare!? De ce erau \u00eenmorm\u00e2nta\u0163i cu flori?\">Cititi mai multe<\/a><\/p>\n","protected":false},"author":1,"featured_media":98870,"comment_status":"closed","ping_status":"open","sticky":false,"template":"","format":"standard","meta":{"footnotes":""},"categories":[9],"tags":[237,20047,878,810,1532,315,815,19970,1953,868,7120],"class_list":["post-98869","post","type-post","status-publish","format-standard","has-post-thumbnail","hentry","category-istorie","tag-animale","tag-champs-elysees","tag-flori","tag-homo-sapiens","tag-istorie-si-civilizatii","tag-mormant","tag-munti","tag-neanderthalieni","tag-piele","tag-reincarnare","tag-schelete","resize-featured-image"],"yoast_head":"<!-- This site is optimized with the Yoast SEO Premium plugin v23.3 (Yoast SEO v27.4) - https:\/\/yoast.com\/product\/yoast-seo-premium-wordpress\/ -->\n<title>Mistere ale Neanderthalienilor, str\u0103mo\u015fi ai oamenilor care au tr\u0103it \u00een urm\u0103 cu 40.000 - 400.000 de ani: de unde \u015ftiau ei de re\u00eencarnare!? De ce erau \u00eenmorm\u00e2nta\u0163i cu flori? - Secretele lui Lovendal<\/title>\n<meta name=\"robots\" content=\"index, follow, max-snippet:-1, max-image-preview:large, max-video-preview:-1\" \/>\n<link rel=\"canonical\" href=\"https:\/\/www.lovendal.ro\/wp52\/mistere-ai-neanderthalienilor-stramosi-ale-oamenilor-care-au-trait-in-urma-cu-40-000-400-000-de-ani-de-unde-stiau-ei-de-reincarnare-de-ce-erau-inmormantati-cu-flori\/\" \/>\n<meta property=\"og:locale\" content=\"ro_RO\" \/>\n<meta property=\"og:type\" content=\"article\" \/>\n<meta property=\"og:title\" content=\"Mistere ale Neanderthalienilor, str\u0103mo\u015fi ai oamenilor care au tr\u0103it \u00een urm\u0103 cu 40.000 - 400.000 de ani: de unde \u015ftiau ei de re\u00eencarnare!? De ce erau \u00eenmorm\u00e2nta\u0163i cu flori?\" \/>\n<meta property=\"og:description\" content=\"Neanderthalienii (Homo neanderthalensis) au fost o specie uman\u0103 arhaic\u0103 apropiat\u0103 de Homo sapiens. Ei au ap\u0103rut acum aproximativ 400.000 de ani \u015fi au disp\u0103rut \u00een urm\u0103 cu aproximativ 40.000 de ani, poate chiar 38.000\u201335.000 de ani, \u00een unele regiuni. Primii ... Cititi mai multe\" \/>\n<meta property=\"og:url\" content=\"https:\/\/www.lovendal.ro\/wp52\/mistere-ai-neanderthalienilor-stramosi-ale-oamenilor-care-au-trait-in-urma-cu-40-000-400-000-de-ani-de-unde-stiau-ei-de-reincarnare-de-ce-erau-inmormantati-cu-flori\/\" \/>\n<meta property=\"og:site_name\" content=\"Secretele lui Lovendal\" \/>\n<meta property=\"article:publisher\" content=\"https:\/\/www.facebook.com\/secreteleluilovendal\" \/>\n<meta property=\"article:published_time\" content=\"2025-07-15T04:10:11+00:00\" \/>\n<meta property=\"article:modified_time\" content=\"2025-07-15T06:13:43+00:00\" \/>\n<meta property=\"og:image\" content=\"https:\/\/www.lovendal.ro\/wp52\/wp-content\/uploads\/2025\/07\/omul-Neanderthal.png\" \/>\n\t<meta property=\"og:image:width\" content=\"538\" \/>\n\t<meta property=\"og:image:height\" content=\"452\" \/>\n\t<meta property=\"og:image:type\" content=\"image\/png\" \/>\n<meta name=\"author\" content=\"admin\" \/>\n<meta name=\"twitter:card\" content=\"summary_large_image\" \/>\n<meta name=\"twitter:label1\" content=\"Scris de\" \/>\n\t<meta name=\"twitter:data1\" content=\"admin\" \/>\n\t<meta name=\"twitter:label2\" content=\"Timp estimat pentru citire\" \/>\n\t<meta name=\"twitter:data2\" content=\"3 minute\" \/>\n<script type=\"application\/ld+json\" class=\"yoast-schema-graph\">{\"@context\":\"https:\\\/\\\/schema.org\",\"@graph\":[{\"@type\":\"Article\",\"@id\":\"https:\\\/\\\/www.lovendal.ro\\\/wp52\\\/mistere-ai-neanderthalienilor-stramosi-ale-oamenilor-care-au-trait-in-urma-cu-40-000-400-000-de-ani-de-unde-stiau-ei-de-reincarnare-de-ce-erau-inmormantati-cu-flori\\\/#article\",\"isPartOf\":{\"@id\":\"https:\\\/\\\/www.lovendal.ro\\\/wp52\\\/mistere-ai-neanderthalienilor-stramosi-ale-oamenilor-care-au-trait-in-urma-cu-40-000-400-000-de-ani-de-unde-stiau-ei-de-reincarnare-de-ce-erau-inmormantati-cu-flori\\\/\"},\"author\":{\"name\":\"admin\",\"@id\":\"https:\\\/\\\/www.lovendal.ro\\\/wp52\\\/#\\\/schema\\\/person\\\/088691de5dfc346bb0c023e1e52ef5d9\"},\"headline\":\"Mistere ale Neanderthalienilor, str\u0103mo\u015fi ai oamenilor care au tr\u0103it \u00een urm\u0103 cu 40.000 &#8211; 400.000 de ani: de unde \u015ftiau ei de re\u00eencarnare!? De ce erau \u00eenmorm\u00e2nta\u0163i cu flori?\",\"datePublished\":\"2025-07-15T04:10:11+00:00\",\"dateModified\":\"2025-07-15T06:13:43+00:00\",\"mainEntityOfPage\":{\"@id\":\"https:\\\/\\\/www.lovendal.ro\\\/wp52\\\/mistere-ai-neanderthalienilor-stramosi-ale-oamenilor-care-au-trait-in-urma-cu-40-000-400-000-de-ani-de-unde-stiau-ei-de-reincarnare-de-ce-erau-inmormantati-cu-flori\\\/\"},\"wordCount\":529,\"publisher\":{\"@id\":\"https:\\\/\\\/www.lovendal.ro\\\/wp52\\\/#organization\"},\"image\":{\"@id\":\"https:\\\/\\\/www.lovendal.ro\\\/wp52\\\/mistere-ai-neanderthalienilor-stramosi-ale-oamenilor-care-au-trait-in-urma-cu-40-000-400-000-de-ani-de-unde-stiau-ei-de-reincarnare-de-ce-erau-inmormantati-cu-flori\\\/#primaryimage\"},\"thumbnailUrl\":\"https:\\\/\\\/www.lovendal.ro\\\/wp52\\\/wp-content\\\/uploads\\\/2025\\\/07\\\/omul-Neanderthal.png\",\"keywords\":[\"Animale\",\"Champs Elysees\",\"flori\",\"Homo Sapiens\",\"Istorie si Civilizatii\",\"morm\u00e2nt\",\"mun\u0163i\",\"Neanderthalieni\",\"piele\",\"re\u00eencarnare\",\"schelete\"],\"articleSection\":[\"Istorie si Civilizatii\"],\"inLanguage\":\"ro-RO\"},{\"@type\":\"WebPage\",\"@id\":\"https:\\\/\\\/www.lovendal.ro\\\/wp52\\\/mistere-ai-neanderthalienilor-stramosi-ale-oamenilor-care-au-trait-in-urma-cu-40-000-400-000-de-ani-de-unde-stiau-ei-de-reincarnare-de-ce-erau-inmormantati-cu-flori\\\/\",\"url\":\"https:\\\/\\\/www.lovendal.ro\\\/wp52\\\/mistere-ai-neanderthalienilor-stramosi-ale-oamenilor-care-au-trait-in-urma-cu-40-000-400-000-de-ani-de-unde-stiau-ei-de-reincarnare-de-ce-erau-inmormantati-cu-flori\\\/\",\"name\":\"Mistere ale Neanderthalienilor, str\u0103mo\u015fi ai oamenilor care au tr\u0103it \u00een urm\u0103 cu 40.000 - 400.000 de ani: de unde \u015ftiau ei de re\u00eencarnare!? De ce erau \u00eenmorm\u00e2nta\u0163i cu flori? - Secretele lui Lovendal\",\"isPartOf\":{\"@id\":\"https:\\\/\\\/www.lovendal.ro\\\/wp52\\\/#website\"},\"primaryImageOfPage\":{\"@id\":\"https:\\\/\\\/www.lovendal.ro\\\/wp52\\\/mistere-ai-neanderthalienilor-stramosi-ale-oamenilor-care-au-trait-in-urma-cu-40-000-400-000-de-ani-de-unde-stiau-ei-de-reincarnare-de-ce-erau-inmormantati-cu-flori\\\/#primaryimage\"},\"image\":{\"@id\":\"https:\\\/\\\/www.lovendal.ro\\\/wp52\\\/mistere-ai-neanderthalienilor-stramosi-ale-oamenilor-care-au-trait-in-urma-cu-40-000-400-000-de-ani-de-unde-stiau-ei-de-reincarnare-de-ce-erau-inmormantati-cu-flori\\\/#primaryimage\"},\"thumbnailUrl\":\"https:\\\/\\\/www.lovendal.ro\\\/wp52\\\/wp-content\\\/uploads\\\/2025\\\/07\\\/omul-Neanderthal.png\",\"datePublished\":\"2025-07-15T04:10:11+00:00\",\"dateModified\":\"2025-07-15T06:13:43+00:00\",\"breadcrumb\":{\"@id\":\"https:\\\/\\\/www.lovendal.ro\\\/wp52\\\/mistere-ai-neanderthalienilor-stramosi-ale-oamenilor-care-au-trait-in-urma-cu-40-000-400-000-de-ani-de-unde-stiau-ei-de-reincarnare-de-ce-erau-inmormantati-cu-flori\\\/#breadcrumb\"},\"inLanguage\":\"ro-RO\",\"potentialAction\":[{\"@type\":\"ReadAction\",\"target\":[\"https:\\\/\\\/www.lovendal.ro\\\/wp52\\\/mistere-ai-neanderthalienilor-stramosi-ale-oamenilor-care-au-trait-in-urma-cu-40-000-400-000-de-ani-de-unde-stiau-ei-de-reincarnare-de-ce-erau-inmormantati-cu-flori\\\/\"]}]},{\"@type\":\"ImageObject\",\"inLanguage\":\"ro-RO\",\"@id\":\"https:\\\/\\\/www.lovendal.ro\\\/wp52\\\/mistere-ai-neanderthalienilor-stramosi-ale-oamenilor-care-au-trait-in-urma-cu-40-000-400-000-de-ani-de-unde-stiau-ei-de-reincarnare-de-ce-erau-inmormantati-cu-flori\\\/#primaryimage\",\"url\":\"https:\\\/\\\/www.lovendal.ro\\\/wp52\\\/wp-content\\\/uploads\\\/2025\\\/07\\\/omul-Neanderthal.png\",\"contentUrl\":\"https:\\\/\\\/www.lovendal.ro\\\/wp52\\\/wp-content\\\/uploads\\\/2025\\\/07\\\/omul-Neanderthal.png\",\"width\":538,\"height\":452,\"caption\":\"Imagine: pixabay.com (Commons Creative - free)\"},{\"@type\":\"BreadcrumbList\",\"@id\":\"https:\\\/\\\/www.lovendal.ro\\\/wp52\\\/mistere-ai-neanderthalienilor-stramosi-ale-oamenilor-care-au-trait-in-urma-cu-40-000-400-000-de-ani-de-unde-stiau-ei-de-reincarnare-de-ce-erau-inmormantati-cu-flori\\\/#breadcrumb\",\"itemListElement\":[{\"@type\":\"ListItem\",\"position\":1,\"name\":\"Home\",\"item\":\"https:\\\/\\\/www.lovendal.ro\\\/wp52\\\/\"},{\"@type\":\"ListItem\",\"position\":2,\"name\":\"Mistere ale Neanderthalienilor, str\u0103mo\u015fi ai oamenilor care au tr\u0103it \u00een urm\u0103 cu 40.000 &#8211; 400.000 de ani: de unde \u015ftiau ei de re\u00eencarnare!? De ce erau \u00eenmorm\u00e2nta\u0163i cu flori?\"}]},{\"@type\":\"WebSite\",\"@id\":\"https:\\\/\\\/www.lovendal.ro\\\/wp52\\\/#website\",\"url\":\"https:\\\/\\\/www.lovendal.ro\\\/wp52\\\/\",\"name\":\"Secretele lui Lovendal\",\"description\":\"Site de secrete, stiinta si metafizica - din 2008 -\",\"publisher\":{\"@id\":\"https:\\\/\\\/www.lovendal.ro\\\/wp52\\\/#organization\"},\"potentialAction\":[{\"@type\":\"SearchAction\",\"target\":{\"@type\":\"EntryPoint\",\"urlTemplate\":\"https:\\\/\\\/www.lovendal.ro\\\/wp52\\\/?s={search_term_string}\"},\"query-input\":{\"@type\":\"PropertyValueSpecification\",\"valueRequired\":true,\"valueName\":\"search_term_string\"}}],\"inLanguage\":\"ro-RO\"},{\"@type\":\"Organization\",\"@id\":\"https:\\\/\\\/www.lovendal.ro\\\/wp52\\\/#organization\",\"name\":\"Secretele lui Lovendal\",\"url\":\"https:\\\/\\\/www.lovendal.ro\\\/wp52\\\/\",\"logo\":{\"@type\":\"ImageObject\",\"inLanguage\":\"ro-RO\",\"@id\":\"https:\\\/\\\/www.lovendal.ro\\\/wp52\\\/#\\\/schema\\\/logo\\\/image\\\/\",\"url\":\"https:\\\/\\\/www.lovendal.ro\\\/wp52\\\/wp-content\\\/uploads\\\/2024\\\/06\\\/cropped-SLL-iun-2024-1.jpg\",\"contentUrl\":\"https:\\\/\\\/www.lovendal.ro\\\/wp52\\\/wp-content\\\/uploads\\\/2024\\\/06\\\/cropped-SLL-iun-2024-1.jpg\",\"width\":771,\"height\":240,\"caption\":\"Secretele lui Lovendal\"},\"image\":{\"@id\":\"https:\\\/\\\/www.lovendal.ro\\\/wp52\\\/#\\\/schema\\\/logo\\\/image\\\/\"},\"sameAs\":[\"https:\\\/\\\/www.facebook.com\\\/secreteleluilovendal\"]},{\"@type\":\"Person\",\"@id\":\"https:\\\/\\\/www.lovendal.ro\\\/wp52\\\/#\\\/schema\\\/person\\\/088691de5dfc346bb0c023e1e52ef5d9\",\"name\":\"admin\",\"image\":{\"@type\":\"ImageObject\",\"inLanguage\":\"ro-RO\",\"@id\":\"https:\\\/\\\/secure.gravatar.com\\\/avatar\\\/ecb9cd41f5f63c9c9b989999a59f6e2639a865ec361e9db054db0679a8f341c2?s=96&d=mm&r=g\",\"url\":\"https:\\\/\\\/secure.gravatar.com\\\/avatar\\\/ecb9cd41f5f63c9c9b989999a59f6e2639a865ec361e9db054db0679a8f341c2?s=96&d=mm&r=g\",\"contentUrl\":\"https:\\\/\\\/secure.gravatar.com\\\/avatar\\\/ecb9cd41f5f63c9c9b989999a59f6e2639a865ec361e9db054db0679a8f341c2?s=96&d=mm&r=g\",\"caption\":\"admin\"},\"sameAs\":[\"https:\\\/\\\/www.lovendal.ro\\\/wp52\"]}]}<\/script>\n<!-- \/ Yoast SEO Premium plugin. -->","yoast_head_json":{"title":"Mistere ale Neanderthalienilor, str\u0103mo\u015fi ai oamenilor care au tr\u0103it \u00een urm\u0103 cu 40.000 - 400.000 de ani: de unde \u015ftiau ei de re\u00eencarnare!? De ce erau \u00eenmorm\u00e2nta\u0163i cu flori? - Secretele lui Lovendal","robots":{"index":"index","follow":"follow","max-snippet":"max-snippet:-1","max-image-preview":"max-image-preview:large","max-video-preview":"max-video-preview:-1"},"canonical":"https:\/\/www.lovendal.ro\/wp52\/mistere-ai-neanderthalienilor-stramosi-ale-oamenilor-care-au-trait-in-urma-cu-40-000-400-000-de-ani-de-unde-stiau-ei-de-reincarnare-de-ce-erau-inmormantati-cu-flori\/","og_locale":"ro_RO","og_type":"article","og_title":"Mistere ale Neanderthalienilor, str\u0103mo\u015fi ai oamenilor care au tr\u0103it \u00een urm\u0103 cu 40.000 - 400.000 de ani: de unde \u015ftiau ei de re\u00eencarnare!? De ce erau \u00eenmorm\u00e2nta\u0163i cu flori?","og_description":"Neanderthalienii (Homo neanderthalensis) au fost o specie uman\u0103 arhaic\u0103 apropiat\u0103 de Homo sapiens. Ei au ap\u0103rut acum aproximativ 400.000 de ani \u015fi au disp\u0103rut \u00een urm\u0103 cu aproximativ 40.000 de ani, poate chiar 38.000\u201335.000 de ani, \u00een unele regiuni. Primii ... Cititi mai multe","og_url":"https:\/\/www.lovendal.ro\/wp52\/mistere-ai-neanderthalienilor-stramosi-ale-oamenilor-care-au-trait-in-urma-cu-40-000-400-000-de-ani-de-unde-stiau-ei-de-reincarnare-de-ce-erau-inmormantati-cu-flori\/","og_site_name":"Secretele lui Lovendal","article_publisher":"https:\/\/www.facebook.com\/secreteleluilovendal","article_published_time":"2025-07-15T04:10:11+00:00","article_modified_time":"2025-07-15T06:13:43+00:00","og_image":[{"width":538,"height":452,"url":"https:\/\/www.lovendal.ro\/wp52\/wp-content\/uploads\/2025\/07\/omul-Neanderthal.png","type":"image\/png"}],"author":"admin","twitter_card":"summary_large_image","twitter_misc":{"Scris de":"admin","Timp estimat pentru citire":"3 minute"},"schema":{"@context":"https:\/\/schema.org","@graph":[{"@type":"Article","@id":"https:\/\/www.lovendal.ro\/wp52\/mistere-ai-neanderthalienilor-stramosi-ale-oamenilor-care-au-trait-in-urma-cu-40-000-400-000-de-ani-de-unde-stiau-ei-de-reincarnare-de-ce-erau-inmormantati-cu-flori\/#article","isPartOf":{"@id":"https:\/\/www.lovendal.ro\/wp52\/mistere-ai-neanderthalienilor-stramosi-ale-oamenilor-care-au-trait-in-urma-cu-40-000-400-000-de-ani-de-unde-stiau-ei-de-reincarnare-de-ce-erau-inmormantati-cu-flori\/"},"author":{"name":"admin","@id":"https:\/\/www.lovendal.ro\/wp52\/#\/schema\/person\/088691de5dfc346bb0c023e1e52ef5d9"},"headline":"Mistere ale Neanderthalienilor, str\u0103mo\u015fi ai oamenilor care au tr\u0103it \u00een urm\u0103 cu 40.000 &#8211; 400.000 de ani: de unde \u015ftiau ei de re\u00eencarnare!? De ce erau \u00eenmorm\u00e2nta\u0163i cu flori?","datePublished":"2025-07-15T04:10:11+00:00","dateModified":"2025-07-15T06:13:43+00:00","mainEntityOfPage":{"@id":"https:\/\/www.lovendal.ro\/wp52\/mistere-ai-neanderthalienilor-stramosi-ale-oamenilor-care-au-trait-in-urma-cu-40-000-400-000-de-ani-de-unde-stiau-ei-de-reincarnare-de-ce-erau-inmormantati-cu-flori\/"},"wordCount":529,"publisher":{"@id":"https:\/\/www.lovendal.ro\/wp52\/#organization"},"image":{"@id":"https:\/\/www.lovendal.ro\/wp52\/mistere-ai-neanderthalienilor-stramosi-ale-oamenilor-care-au-trait-in-urma-cu-40-000-400-000-de-ani-de-unde-stiau-ei-de-reincarnare-de-ce-erau-inmormantati-cu-flori\/#primaryimage"},"thumbnailUrl":"https:\/\/www.lovendal.ro\/wp52\/wp-content\/uploads\/2025\/07\/omul-Neanderthal.png","keywords":["Animale","Champs Elysees","flori","Homo Sapiens","Istorie si Civilizatii","morm\u00e2nt","mun\u0163i","Neanderthalieni","piele","re\u00eencarnare","schelete"],"articleSection":["Istorie si Civilizatii"],"inLanguage":"ro-RO"},{"@type":"WebPage","@id":"https:\/\/www.lovendal.ro\/wp52\/mistere-ai-neanderthalienilor-stramosi-ale-oamenilor-care-au-trait-in-urma-cu-40-000-400-000-de-ani-de-unde-stiau-ei-de-reincarnare-de-ce-erau-inmormantati-cu-flori\/","url":"https:\/\/www.lovendal.ro\/wp52\/mistere-ai-neanderthalienilor-stramosi-ale-oamenilor-care-au-trait-in-urma-cu-40-000-400-000-de-ani-de-unde-stiau-ei-de-reincarnare-de-ce-erau-inmormantati-cu-flori\/","name":"Mistere ale Neanderthalienilor, str\u0103mo\u015fi ai oamenilor care au tr\u0103it \u00een urm\u0103 cu 40.000 - 400.000 de ani: de unde \u015ftiau ei de re\u00eencarnare!? De ce erau \u00eenmorm\u00e2nta\u0163i cu flori? - Secretele lui Lovendal","isPartOf":{"@id":"https:\/\/www.lovendal.ro\/wp52\/#website"},"primaryImageOfPage":{"@id":"https:\/\/www.lovendal.ro\/wp52\/mistere-ai-neanderthalienilor-stramosi-ale-oamenilor-care-au-trait-in-urma-cu-40-000-400-000-de-ani-de-unde-stiau-ei-de-reincarnare-de-ce-erau-inmormantati-cu-flori\/#primaryimage"},"image":{"@id":"https:\/\/www.lovendal.ro\/wp52\/mistere-ai-neanderthalienilor-stramosi-ale-oamenilor-care-au-trait-in-urma-cu-40-000-400-000-de-ani-de-unde-stiau-ei-de-reincarnare-de-ce-erau-inmormantati-cu-flori\/#primaryimage"},"thumbnailUrl":"https:\/\/www.lovendal.ro\/wp52\/wp-content\/uploads\/2025\/07\/omul-Neanderthal.png","datePublished":"2025-07-15T04:10:11+00:00","dateModified":"2025-07-15T06:13:43+00:00","breadcrumb":{"@id":"https:\/\/www.lovendal.ro\/wp52\/mistere-ai-neanderthalienilor-stramosi-ale-oamenilor-care-au-trait-in-urma-cu-40-000-400-000-de-ani-de-unde-stiau-ei-de-reincarnare-de-ce-erau-inmormantati-cu-flori\/#breadcrumb"},"inLanguage":"ro-RO","potentialAction":[{"@type":"ReadAction","target":["https:\/\/www.lovendal.ro\/wp52\/mistere-ai-neanderthalienilor-stramosi-ale-oamenilor-care-au-trait-in-urma-cu-40-000-400-000-de-ani-de-unde-stiau-ei-de-reincarnare-de-ce-erau-inmormantati-cu-flori\/"]}]},{"@type":"ImageObject","inLanguage":"ro-RO","@id":"https:\/\/www.lovendal.ro\/wp52\/mistere-ai-neanderthalienilor-stramosi-ale-oamenilor-care-au-trait-in-urma-cu-40-000-400-000-de-ani-de-unde-stiau-ei-de-reincarnare-de-ce-erau-inmormantati-cu-flori\/#primaryimage","url":"https:\/\/www.lovendal.ro\/wp52\/wp-content\/uploads\/2025\/07\/omul-Neanderthal.png","contentUrl":"https:\/\/www.lovendal.ro\/wp52\/wp-content\/uploads\/2025\/07\/omul-Neanderthal.png","width":538,"height":452,"caption":"Imagine: pixabay.com (Commons Creative - free)"},{"@type":"BreadcrumbList","@id":"https:\/\/www.lovendal.ro\/wp52\/mistere-ai-neanderthalienilor-stramosi-ale-oamenilor-care-au-trait-in-urma-cu-40-000-400-000-de-ani-de-unde-stiau-ei-de-reincarnare-de-ce-erau-inmormantati-cu-flori\/#breadcrumb","itemListElement":[{"@type":"ListItem","position":1,"name":"Home","item":"https:\/\/www.lovendal.ro\/wp52\/"},{"@type":"ListItem","position":2,"name":"Mistere ale Neanderthalienilor, str\u0103mo\u015fi ai oamenilor care au tr\u0103it \u00een urm\u0103 cu 40.000 &#8211; 400.000 de ani: de unde \u015ftiau ei de re\u00eencarnare!? De ce erau \u00eenmorm\u00e2nta\u0163i cu flori?"}]},{"@type":"WebSite","@id":"https:\/\/www.lovendal.ro\/wp52\/#website","url":"https:\/\/www.lovendal.ro\/wp52\/","name":"Secretele lui Lovendal","description":"Site de secrete, stiinta si metafizica - din 2008 -","publisher":{"@id":"https:\/\/www.lovendal.ro\/wp52\/#organization"},"potentialAction":[{"@type":"SearchAction","target":{"@type":"EntryPoint","urlTemplate":"https:\/\/www.lovendal.ro\/wp52\/?s={search_term_string}"},"query-input":{"@type":"PropertyValueSpecification","valueRequired":true,"valueName":"search_term_string"}}],"inLanguage":"ro-RO"},{"@type":"Organization","@id":"https:\/\/www.lovendal.ro\/wp52\/#organization","name":"Secretele lui Lovendal","url":"https:\/\/www.lovendal.ro\/wp52\/","logo":{"@type":"ImageObject","inLanguage":"ro-RO","@id":"https:\/\/www.lovendal.ro\/wp52\/#\/schema\/logo\/image\/","url":"https:\/\/www.lovendal.ro\/wp52\/wp-content\/uploads\/2024\/06\/cropped-SLL-iun-2024-1.jpg","contentUrl":"https:\/\/www.lovendal.ro\/wp52\/wp-content\/uploads\/2024\/06\/cropped-SLL-iun-2024-1.jpg","width":771,"height":240,"caption":"Secretele lui Lovendal"},"image":{"@id":"https:\/\/www.lovendal.ro\/wp52\/#\/schema\/logo\/image\/"},"sameAs":["https:\/\/www.facebook.com\/secreteleluilovendal"]},{"@type":"Person","@id":"https:\/\/www.lovendal.ro\/wp52\/#\/schema\/person\/088691de5dfc346bb0c023e1e52ef5d9","name":"admin","image":{"@type":"ImageObject","inLanguage":"ro-RO","@id":"https:\/\/secure.gravatar.com\/avatar\/ecb9cd41f5f63c9c9b989999a59f6e2639a865ec361e9db054db0679a8f341c2?s=96&d=mm&r=g","url":"https:\/\/secure.gravatar.com\/avatar\/ecb9cd41f5f63c9c9b989999a59f6e2639a865ec361e9db054db0679a8f341c2?s=96&d=mm&r=g","contentUrl":"https:\/\/secure.gravatar.com\/avatar\/ecb9cd41f5f63c9c9b989999a59f6e2639a865ec361e9db054db0679a8f341c2?s=96&d=mm&r=g","caption":"admin"},"sameAs":["https:\/\/www.lovendal.ro\/wp52"]}]}},"_links":{"self":[{"href":"https:\/\/www.lovendal.ro\/wp52\/wp-json\/wp\/v2\/posts\/98869","targetHints":{"allow":["GET"]}}],"collection":[{"href":"https:\/\/www.lovendal.ro\/wp52\/wp-json\/wp\/v2\/posts"}],"about":[{"href":"https:\/\/www.lovendal.ro\/wp52\/wp-json\/wp\/v2\/types\/post"}],"author":[{"embeddable":true,"href":"https:\/\/www.lovendal.ro\/wp52\/wp-json\/wp\/v2\/users\/1"}],"replies":[{"embeddable":true,"href":"https:\/\/www.lovendal.ro\/wp52\/wp-json\/wp\/v2\/comments?post=98869"}],"version-history":[{"count":2,"href":"https:\/\/www.lovendal.ro\/wp52\/wp-json\/wp\/v2\/posts\/98869\/revisions"}],"predecessor-version":[{"id":98887,"href":"https:\/\/www.lovendal.ro\/wp52\/wp-json\/wp\/v2\/posts\/98869\/revisions\/98887"}],"wp:featuredmedia":[{"embeddable":true,"href":"https:\/\/www.lovendal.ro\/wp52\/wp-json\/wp\/v2\/media\/98870"}],"wp:attachment":[{"href":"https:\/\/www.lovendal.ro\/wp52\/wp-json\/wp\/v2\/media?parent=98869"}],"wp:term":[{"taxonomy":"category","embeddable":true,"href":"https:\/\/www.lovendal.ro\/wp52\/wp-json\/wp\/v2\/categories?post=98869"},{"taxonomy":"post_tag","embeddable":true,"href":"https:\/\/www.lovendal.ro\/wp52\/wp-json\/wp\/v2\/tags?post=98869"}],"curies":[{"name":"wp","href":"https:\/\/api.w.org\/{rel}","templated":true}]}}