{"id":98384,"date":"2025-06-22T13:19:43","date_gmt":"2025-06-22T10:19:43","guid":{"rendered":"https:\/\/www.lovendal.ro\/wp52\/?p=98384"},"modified":"2025-06-22T13:19:43","modified_gmt":"2025-06-22T10:19:43","slug":"opinia-unui-cercetator-oamenii-moderni-nu-sunt-de-pe-pamant-prabusirea-epocii-bronzului-a-fost-o-stergere-mentala-la-nivel-de-extinctie-ca-urmare-a-unei-invazii-extraterestre","status":"publish","type":"post","link":"https:\/\/www.lovendal.ro\/wp52\/opinia-unui-cercetator-oamenii-moderni-nu-sunt-de-pe-pamant-prabusirea-epocii-bronzului-a-fost-o-stergere-mentala-la-nivel-de-extinctie-ca-urmare-a-unei-invazii-extraterestre\/","title":{"rendered":"Opinia unui cercet\u0103tor: &#8222;Oamenii moderni nu sunt de pe P\u0103m\u00e2nt. Pr\u0103bu\u0219irea epocii bronzului a fost o \u0219tergere mental\u0103 la nivel de extinc\u021bie, ca urmare a unei invazii extraterestre&#8221;"},"content":{"rendered":"<p><strong><a href=\"https:\/\/www.lovendal.ro\/wp52\/wp-content\/uploads\/2025\/06\/Ierusalim.jpg\"><img loading=\"lazy\" decoding=\"async\" class=\"alignleft  wp-image-98386\" src=\"https:\/\/www.lovendal.ro\/wp52\/wp-content\/uploads\/2025\/06\/Ierusalim.jpg\" alt=\"\" width=\"374\" height=\"254\" srcset=\"https:\/\/www.lovendal.ro\/wp52\/wp-content\/uploads\/2025\/06\/Ierusalim.jpg 537w, https:\/\/www.lovendal.ro\/wp52\/wp-content\/uploads\/2025\/06\/Ierusalim-300x204.jpg 300w\" sizes=\"auto, (max-width: 374px) 100vw, 374px\" \/><\/a>ATEN\u0162IE! Articolul de mai jos este doar opinia unui cercet\u0103tor, nu neap\u0103rat adev\u0103rul, a\u015fa c\u0103 lua\u0163i-o ca atare.<\/strong><\/p>\n<p>\u00cen jurul anului 1200 \u00ee.Hr., aproape toate civiliza\u021biile majore din estul Mediteranei s-au pr\u0103bu\u0219it \u00een acela\u0219i timp. Micenienii, hiti\u021bii, canaani\u021bii, ciprio\u021bii \u0219i al\u021bii au disp\u0103rut cu to\u021bii \u00een c\u00e2teva decenii. Re\u021belele comerciale s-au pr\u0103bu\u0219it. Limbile au disp\u0103rut. Nu a existat un r\u0103zboi dominant, niciun du\u0219man unic.<\/p>\n<p>Fiin\u021bele umane nu sunt originare din P\u0103m\u00e2nt. Suntem descenden\u021bii fragmenta\u021bi ai unei specii extraterestre avansate. P\u0103m\u00e2ntul a fost expansiunea acestei specii, iar civiliza\u021biile antice umane au \u00eenregistrat acest lucru. Nu prin tehnologie, ci prin ritualuri, arhitectur\u0103 \u015fi mituri. \u015ei prin h\u0103r\u021bi stelare \u015fi alinieri astronomice. De ce sunt at\u00e2t de multe structuri antice aliniate cu stele \u00eendep\u0103rtate? (vezi piramidele egiptene).\u00a0De ce apar peste tot mituri despre potop, zeii din Cer \u0219i altele asem\u0103n\u0103toare? De ce au devenit civiliza\u021biile mai pu\u021bin avansate timp de secole dup\u0103 colaps?<\/p>\n<p>Ierusalimul nu a fost ales de religie. Religia a fost construit\u0103 \u00een jurul <strong>Ierusalimului<\/strong> datorit\u0103 a ceea ce ascunde. A fost locul de aterizare a civiliza\u0163iilor extraterestre. Ierusalimul se afl\u0103 la r\u0103scrucea dintre trei civiliza\u021bii antice majore: <strong>Egiptul<\/strong> &#8211; la sud (magia sacerdotal\u0103, cultele solare, prototehnologiile),<strong> Mesopotamia<\/strong> &#8211; la est (h\u0103r\u021bi stelare sumeriene, \u00eenregistr\u0103ri babiloniene) \u015fi\u00a0<strong>Anatolia + Marea Egee<\/strong> la nord-vest (micenieni, hiti\u021bi, &#8222;popoarele m\u0103rii&#8221;). Ierusalimul este, de asemenea, \u00eenconjurat de ora\u0219ele Ugarit, Damasc \u0219i Byblos, legate de miturile preebraice ale zeilor cerului \u0219i fiin\u021belor n\u0103scute din stele.<\/p>\n<p>Iudaismul, cre\u0219tinismul \u0219i islamismul p\u0103streaz\u0103 fragmente din adev\u0103r. Epoca bronzului nu s-a pr\u0103bu\u0219it pur \u0219i simplu; a fost reprogramat\u0103, iar Ierusalimul a devenit terminalul central.<\/p>\n","protected":false},"excerpt":{"rendered":"<p>ATEN\u0162IE! Articolul de mai jos este doar opinia unui cercet\u0103tor, nu neap\u0103rat adev\u0103rul, a\u015fa c\u0103 lua\u0163i-o ca atare. \u00cen jurul anului 1200 \u00ee.Hr., aproape toate civiliza\u021biile majore din estul Mediteranei s-au pr\u0103bu\u0219it \u00een acela\u0219i timp. Micenienii, hiti\u021bii, canaani\u021bii, ciprio\u021bii \u0219i &#8230; <\/p>\n<p class=\"read-more-container\"><a title=\"Opinia unui cercet\u0103tor: &#8222;Oamenii moderni nu sunt de pe P\u0103m\u00e2nt. Pr\u0103bu\u0219irea epocii bronzului a fost o \u0219tergere mental\u0103 la nivel de extinc\u021bie, ca urmare a unei invazii extraterestre&#8221;\" class=\"read-more button\" href=\"https:\/\/www.lovendal.ro\/wp52\/opinia-unui-cercetator-oamenii-moderni-nu-sunt-de-pe-pamant-prabusirea-epocii-bronzului-a-fost-o-stergere-mentala-la-nivel-de-extinctie-ca-urmare-a-unei-invazii-extraterestre\/#more-98384\" aria-label=\"Cite\u0219te mai multe despre Opinia unui cercet\u0103tor: &#8222;Oamenii moderni nu sunt de pe P\u0103m\u00e2nt. Pr\u0103bu\u0219irea epocii bronzului a fost o \u0219tergere mental\u0103 la nivel de extinc\u021bie, ca urmare a unei invazii extraterestre&#8221;\">Cititi mai multe<\/a><\/p>\n","protected":false},"author":1,"featured_media":98386,"comment_status":"closed","ping_status":"open","sticky":false,"template":"","format":"standard","meta":{"footnotes":""},"categories":[475],"tags":[7879,8609,358,211,5352,386,8516,18750,2095,270,306,10166,2766,1929,57,236,130,635,73,8643,4429],"class_list":["post-98384","post","type-post","status-publish","format-standard","has-post-thumbnail","hentry","category-conspiratii-mistere","tag-anatolia","tag-canaaniti","tag-conspiratii-si-mistere","tag-crestinism","tag-damasc","tag-egipt","tag-epoca-bronzului","tag-hititi","tag-ierusalim","tag-islamism","tag-iudaism","tag-marea-egee","tag-marea-mediterana","tag-mesopotamia","tag-oameni","tag-orase","tag-piramide","tag-potop","tag-razboi","tag-ugarit","tag-zei","resize-featured-image"],"yoast_head":"<!-- This site is optimized with the Yoast SEO Premium plugin v23.3 (Yoast SEO v27.4) - https:\/\/yoast.com\/product\/yoast-seo-premium-wordpress\/ -->\n<title>Opinia unui cercet\u0103tor: &quot;Oamenii moderni nu sunt de pe P\u0103m\u00e2nt. Pr\u0103bu\u0219irea epocii bronzului a fost o \u0219tergere mental\u0103 la nivel de extinc\u021bie, ca urmare a unei invazii extraterestre&quot; - Secretele lui Lovendal<\/title>\n<meta name=\"robots\" content=\"index, follow, max-snippet:-1, max-image-preview:large, max-video-preview:-1\" \/>\n<link rel=\"canonical\" href=\"https:\/\/www.lovendal.ro\/wp52\/opinia-unui-cercetator-oamenii-moderni-nu-sunt-de-pe-pamant-prabusirea-epocii-bronzului-a-fost-o-stergere-mentala-la-nivel-de-extinctie-ca-urmare-a-unei-invazii-extraterestre\/\" \/>\n<meta property=\"og:locale\" content=\"ro_RO\" \/>\n<meta property=\"og:type\" content=\"article\" \/>\n<meta property=\"og:title\" content=\"Opinia unui cercet\u0103tor: &quot;Oamenii moderni nu sunt de pe P\u0103m\u00e2nt. Pr\u0103bu\u0219irea epocii bronzului a fost o \u0219tergere mental\u0103 la nivel de extinc\u021bie, ca urmare a unei invazii extraterestre&quot;\" \/>\n<meta property=\"og:description\" content=\"ATEN\u0162IE! Articolul de mai jos este doar opinia unui cercet\u0103tor, nu neap\u0103rat adev\u0103rul, a\u015fa c\u0103 lua\u0163i-o ca atare. \u00cen jurul anului 1200 \u00ee.Hr., aproape toate civiliza\u021biile majore din estul Mediteranei s-au pr\u0103bu\u0219it \u00een acela\u0219i timp. Micenienii, hiti\u021bii, canaani\u021bii, ciprio\u021bii \u0219i ... Cititi mai multe\" \/>\n<meta property=\"og:url\" content=\"https:\/\/www.lovendal.ro\/wp52\/opinia-unui-cercetator-oamenii-moderni-nu-sunt-de-pe-pamant-prabusirea-epocii-bronzului-a-fost-o-stergere-mentala-la-nivel-de-extinctie-ca-urmare-a-unei-invazii-extraterestre\/\" \/>\n<meta property=\"og:site_name\" content=\"Secretele lui Lovendal\" \/>\n<meta property=\"article:publisher\" content=\"https:\/\/www.facebook.com\/secreteleluilovendal\" \/>\n<meta property=\"article:published_time\" content=\"2025-06-22T10:19:43+00:00\" \/>\n<meta property=\"og:image\" content=\"https:\/\/www.lovendal.ro\/wp52\/wp-content\/uploads\/2025\/06\/Ierusalim.jpg\" \/>\n\t<meta property=\"og:image:width\" content=\"537\" \/>\n\t<meta property=\"og:image:height\" content=\"365\" \/>\n\t<meta property=\"og:image:type\" content=\"image\/jpeg\" \/>\n<meta name=\"author\" content=\"admin\" \/>\n<meta name=\"twitter:card\" content=\"summary_large_image\" \/>\n<meta name=\"twitter:label1\" content=\"Scris de\" \/>\n\t<meta name=\"twitter:data1\" content=\"admin\" \/>\n\t<meta name=\"twitter:label2\" content=\"Timp estimat pentru citire\" \/>\n\t<meta name=\"twitter:data2\" content=\"2 minute\" \/>\n<script type=\"application\/ld+json\" class=\"yoast-schema-graph\">{\"@context\":\"https:\\\/\\\/schema.org\",\"@graph\":[{\"@type\":\"Article\",\"@id\":\"https:\\\/\\\/www.lovendal.ro\\\/wp52\\\/opinia-unui-cercetator-oamenii-moderni-nu-sunt-de-pe-pamant-prabusirea-epocii-bronzului-a-fost-o-stergere-mentala-la-nivel-de-extinctie-ca-urmare-a-unei-invazii-extraterestre\\\/#article\",\"isPartOf\":{\"@id\":\"https:\\\/\\\/www.lovendal.ro\\\/wp52\\\/opinia-unui-cercetator-oamenii-moderni-nu-sunt-de-pe-pamant-prabusirea-epocii-bronzului-a-fost-o-stergere-mentala-la-nivel-de-extinctie-ca-urmare-a-unei-invazii-extraterestre\\\/\"},\"author\":{\"name\":\"admin\",\"@id\":\"https:\\\/\\\/www.lovendal.ro\\\/wp52\\\/#\\\/schema\\\/person\\\/088691de5dfc346bb0c023e1e52ef5d9\"},\"headline\":\"Opinia unui cercet\u0103tor: &#8222;Oamenii moderni nu sunt de pe P\u0103m\u00e2nt. Pr\u0103bu\u0219irea epocii bronzului a fost o \u0219tergere mental\u0103 la nivel de extinc\u021bie, ca urmare a unei invazii extraterestre&#8221;\",\"datePublished\":\"2025-06-22T10:19:43+00:00\",\"mainEntityOfPage\":{\"@id\":\"https:\\\/\\\/www.lovendal.ro\\\/wp52\\\/opinia-unui-cercetator-oamenii-moderni-nu-sunt-de-pe-pamant-prabusirea-epocii-bronzului-a-fost-o-stergere-mentala-la-nivel-de-extinctie-ca-urmare-a-unei-invazii-extraterestre\\\/\"},\"wordCount\":352,\"publisher\":{\"@id\":\"https:\\\/\\\/www.lovendal.ro\\\/wp52\\\/#organization\"},\"image\":{\"@id\":\"https:\\\/\\\/www.lovendal.ro\\\/wp52\\\/opinia-unui-cercetator-oamenii-moderni-nu-sunt-de-pe-pamant-prabusirea-epocii-bronzului-a-fost-o-stergere-mentala-la-nivel-de-extinctie-ca-urmare-a-unei-invazii-extraterestre\\\/#primaryimage\"},\"thumbnailUrl\":\"https:\\\/\\\/www.lovendal.ro\\\/wp52\\\/wp-content\\\/uploads\\\/2025\\\/06\\\/Ierusalim.jpg\",\"keywords\":[\"Anatolia\",\"canaani\u0163i\",\"Conspiratii si Mistere\",\"cre\u015ftinism\",\"Damasc\",\"Egipt\",\"epoca bronzului\",\"hiti\u0163i\",\"Ierusalim\",\"islamism\",\"iudaism\",\"Marea Egee\",\"Marea Mediteran\u0103\",\"Mesopotamia\",\"oameni\",\"ora\u015fe\",\"piramide\",\"potop\",\"r\u0103zboi\",\"Ugarit\",\"zei\"],\"articleSection\":[\"Conspiratii si Mistere\"],\"inLanguage\":\"ro-RO\"},{\"@type\":\"WebPage\",\"@id\":\"https:\\\/\\\/www.lovendal.ro\\\/wp52\\\/opinia-unui-cercetator-oamenii-moderni-nu-sunt-de-pe-pamant-prabusirea-epocii-bronzului-a-fost-o-stergere-mentala-la-nivel-de-extinctie-ca-urmare-a-unei-invazii-extraterestre\\\/\",\"url\":\"https:\\\/\\\/www.lovendal.ro\\\/wp52\\\/opinia-unui-cercetator-oamenii-moderni-nu-sunt-de-pe-pamant-prabusirea-epocii-bronzului-a-fost-o-stergere-mentala-la-nivel-de-extinctie-ca-urmare-a-unei-invazii-extraterestre\\\/\",\"name\":\"Opinia unui cercet\u0103tor: \\\"Oamenii moderni nu sunt de pe P\u0103m\u00e2nt. Pr\u0103bu\u0219irea epocii bronzului a fost o \u0219tergere mental\u0103 la nivel de extinc\u021bie, ca urmare a unei invazii extraterestre\\\" - Secretele lui Lovendal\",\"isPartOf\":{\"@id\":\"https:\\\/\\\/www.lovendal.ro\\\/wp52\\\/#website\"},\"primaryImageOfPage\":{\"@id\":\"https:\\\/\\\/www.lovendal.ro\\\/wp52\\\/opinia-unui-cercetator-oamenii-moderni-nu-sunt-de-pe-pamant-prabusirea-epocii-bronzului-a-fost-o-stergere-mentala-la-nivel-de-extinctie-ca-urmare-a-unei-invazii-extraterestre\\\/#primaryimage\"},\"image\":{\"@id\":\"https:\\\/\\\/www.lovendal.ro\\\/wp52\\\/opinia-unui-cercetator-oamenii-moderni-nu-sunt-de-pe-pamant-prabusirea-epocii-bronzului-a-fost-o-stergere-mentala-la-nivel-de-extinctie-ca-urmare-a-unei-invazii-extraterestre\\\/#primaryimage\"},\"thumbnailUrl\":\"https:\\\/\\\/www.lovendal.ro\\\/wp52\\\/wp-content\\\/uploads\\\/2025\\\/06\\\/Ierusalim.jpg\",\"datePublished\":\"2025-06-22T10:19:43+00:00\",\"breadcrumb\":{\"@id\":\"https:\\\/\\\/www.lovendal.ro\\\/wp52\\\/opinia-unui-cercetator-oamenii-moderni-nu-sunt-de-pe-pamant-prabusirea-epocii-bronzului-a-fost-o-stergere-mentala-la-nivel-de-extinctie-ca-urmare-a-unei-invazii-extraterestre\\\/#breadcrumb\"},\"inLanguage\":\"ro-RO\",\"potentialAction\":[{\"@type\":\"ReadAction\",\"target\":[\"https:\\\/\\\/www.lovendal.ro\\\/wp52\\\/opinia-unui-cercetator-oamenii-moderni-nu-sunt-de-pe-pamant-prabusirea-epocii-bronzului-a-fost-o-stergere-mentala-la-nivel-de-extinctie-ca-urmare-a-unei-invazii-extraterestre\\\/\"]}]},{\"@type\":\"ImageObject\",\"inLanguage\":\"ro-RO\",\"@id\":\"https:\\\/\\\/www.lovendal.ro\\\/wp52\\\/opinia-unui-cercetator-oamenii-moderni-nu-sunt-de-pe-pamant-prabusirea-epocii-bronzului-a-fost-o-stergere-mentala-la-nivel-de-extinctie-ca-urmare-a-unei-invazii-extraterestre\\\/#primaryimage\",\"url\":\"https:\\\/\\\/www.lovendal.ro\\\/wp52\\\/wp-content\\\/uploads\\\/2025\\\/06\\\/Ierusalim.jpg\",\"contentUrl\":\"https:\\\/\\\/www.lovendal.ro\\\/wp52\\\/wp-content\\\/uploads\\\/2025\\\/06\\\/Ierusalim.jpg\",\"width\":537,\"height\":365},{\"@type\":\"BreadcrumbList\",\"@id\":\"https:\\\/\\\/www.lovendal.ro\\\/wp52\\\/opinia-unui-cercetator-oamenii-moderni-nu-sunt-de-pe-pamant-prabusirea-epocii-bronzului-a-fost-o-stergere-mentala-la-nivel-de-extinctie-ca-urmare-a-unei-invazii-extraterestre\\\/#breadcrumb\",\"itemListElement\":[{\"@type\":\"ListItem\",\"position\":1,\"name\":\"Home\",\"item\":\"https:\\\/\\\/www.lovendal.ro\\\/wp52\\\/\"},{\"@type\":\"ListItem\",\"position\":2,\"name\":\"Opinia unui cercet\u0103tor: &#8222;Oamenii moderni nu sunt de pe P\u0103m\u00e2nt. Pr\u0103bu\u0219irea epocii bronzului a fost o \u0219tergere mental\u0103 la nivel de extinc\u021bie, ca urmare a unei invazii extraterestre&#8221;\"}]},{\"@type\":\"WebSite\",\"@id\":\"https:\\\/\\\/www.lovendal.ro\\\/wp52\\\/#website\",\"url\":\"https:\\\/\\\/www.lovendal.ro\\\/wp52\\\/\",\"name\":\"Secretele lui Lovendal\",\"description\":\"Site de secrete, stiinta si metafizica - din 2008 -\",\"publisher\":{\"@id\":\"https:\\\/\\\/www.lovendal.ro\\\/wp52\\\/#organization\"},\"potentialAction\":[{\"@type\":\"SearchAction\",\"target\":{\"@type\":\"EntryPoint\",\"urlTemplate\":\"https:\\\/\\\/www.lovendal.ro\\\/wp52\\\/?s={search_term_string}\"},\"query-input\":{\"@type\":\"PropertyValueSpecification\",\"valueRequired\":true,\"valueName\":\"search_term_string\"}}],\"inLanguage\":\"ro-RO\"},{\"@type\":\"Organization\",\"@id\":\"https:\\\/\\\/www.lovendal.ro\\\/wp52\\\/#organization\",\"name\":\"Secretele lui Lovendal\",\"url\":\"https:\\\/\\\/www.lovendal.ro\\\/wp52\\\/\",\"logo\":{\"@type\":\"ImageObject\",\"inLanguage\":\"ro-RO\",\"@id\":\"https:\\\/\\\/www.lovendal.ro\\\/wp52\\\/#\\\/schema\\\/logo\\\/image\\\/\",\"url\":\"https:\\\/\\\/www.lovendal.ro\\\/wp52\\\/wp-content\\\/uploads\\\/2024\\\/06\\\/cropped-SLL-iun-2024-1.jpg\",\"contentUrl\":\"https:\\\/\\\/www.lovendal.ro\\\/wp52\\\/wp-content\\\/uploads\\\/2024\\\/06\\\/cropped-SLL-iun-2024-1.jpg\",\"width\":771,\"height\":240,\"caption\":\"Secretele lui Lovendal\"},\"image\":{\"@id\":\"https:\\\/\\\/www.lovendal.ro\\\/wp52\\\/#\\\/schema\\\/logo\\\/image\\\/\"},\"sameAs\":[\"https:\\\/\\\/www.facebook.com\\\/secreteleluilovendal\"]},{\"@type\":\"Person\",\"@id\":\"https:\\\/\\\/www.lovendal.ro\\\/wp52\\\/#\\\/schema\\\/person\\\/088691de5dfc346bb0c023e1e52ef5d9\",\"name\":\"admin\",\"image\":{\"@type\":\"ImageObject\",\"inLanguage\":\"ro-RO\",\"@id\":\"https:\\\/\\\/secure.gravatar.com\\\/avatar\\\/ecb9cd41f5f63c9c9b989999a59f6e2639a865ec361e9db054db0679a8f341c2?s=96&d=mm&r=g\",\"url\":\"https:\\\/\\\/secure.gravatar.com\\\/avatar\\\/ecb9cd41f5f63c9c9b989999a59f6e2639a865ec361e9db054db0679a8f341c2?s=96&d=mm&r=g\",\"contentUrl\":\"https:\\\/\\\/secure.gravatar.com\\\/avatar\\\/ecb9cd41f5f63c9c9b989999a59f6e2639a865ec361e9db054db0679a8f341c2?s=96&d=mm&r=g\",\"caption\":\"admin\"},\"sameAs\":[\"https:\\\/\\\/www.lovendal.ro\\\/wp52\"]}]}<\/script>\n<!-- \/ Yoast SEO Premium plugin. -->","yoast_head_json":{"title":"Opinia unui cercet\u0103tor: \"Oamenii moderni nu sunt de pe P\u0103m\u00e2nt. Pr\u0103bu\u0219irea epocii bronzului a fost o \u0219tergere mental\u0103 la nivel de extinc\u021bie, ca urmare a unei invazii extraterestre\" - Secretele lui Lovendal","robots":{"index":"index","follow":"follow","max-snippet":"max-snippet:-1","max-image-preview":"max-image-preview:large","max-video-preview":"max-video-preview:-1"},"canonical":"https:\/\/www.lovendal.ro\/wp52\/opinia-unui-cercetator-oamenii-moderni-nu-sunt-de-pe-pamant-prabusirea-epocii-bronzului-a-fost-o-stergere-mentala-la-nivel-de-extinctie-ca-urmare-a-unei-invazii-extraterestre\/","og_locale":"ro_RO","og_type":"article","og_title":"Opinia unui cercet\u0103tor: \"Oamenii moderni nu sunt de pe P\u0103m\u00e2nt. Pr\u0103bu\u0219irea epocii bronzului a fost o \u0219tergere mental\u0103 la nivel de extinc\u021bie, ca urmare a unei invazii extraterestre\"","og_description":"ATEN\u0162IE! Articolul de mai jos este doar opinia unui cercet\u0103tor, nu neap\u0103rat adev\u0103rul, a\u015fa c\u0103 lua\u0163i-o ca atare. \u00cen jurul anului 1200 \u00ee.Hr., aproape toate civiliza\u021biile majore din estul Mediteranei s-au pr\u0103bu\u0219it \u00een acela\u0219i timp. Micenienii, hiti\u021bii, canaani\u021bii, ciprio\u021bii \u0219i ... Cititi mai multe","og_url":"https:\/\/www.lovendal.ro\/wp52\/opinia-unui-cercetator-oamenii-moderni-nu-sunt-de-pe-pamant-prabusirea-epocii-bronzului-a-fost-o-stergere-mentala-la-nivel-de-extinctie-ca-urmare-a-unei-invazii-extraterestre\/","og_site_name":"Secretele lui Lovendal","article_publisher":"https:\/\/www.facebook.com\/secreteleluilovendal","article_published_time":"2025-06-22T10:19:43+00:00","og_image":[{"width":537,"height":365,"url":"https:\/\/www.lovendal.ro\/wp52\/wp-content\/uploads\/2025\/06\/Ierusalim.jpg","type":"image\/jpeg"}],"author":"admin","twitter_card":"summary_large_image","twitter_misc":{"Scris de":"admin","Timp estimat pentru citire":"2 minute"},"schema":{"@context":"https:\/\/schema.org","@graph":[{"@type":"Article","@id":"https:\/\/www.lovendal.ro\/wp52\/opinia-unui-cercetator-oamenii-moderni-nu-sunt-de-pe-pamant-prabusirea-epocii-bronzului-a-fost-o-stergere-mentala-la-nivel-de-extinctie-ca-urmare-a-unei-invazii-extraterestre\/#article","isPartOf":{"@id":"https:\/\/www.lovendal.ro\/wp52\/opinia-unui-cercetator-oamenii-moderni-nu-sunt-de-pe-pamant-prabusirea-epocii-bronzului-a-fost-o-stergere-mentala-la-nivel-de-extinctie-ca-urmare-a-unei-invazii-extraterestre\/"},"author":{"name":"admin","@id":"https:\/\/www.lovendal.ro\/wp52\/#\/schema\/person\/088691de5dfc346bb0c023e1e52ef5d9"},"headline":"Opinia unui cercet\u0103tor: &#8222;Oamenii moderni nu sunt de pe P\u0103m\u00e2nt. Pr\u0103bu\u0219irea epocii bronzului a fost o \u0219tergere mental\u0103 la nivel de extinc\u021bie, ca urmare a unei invazii extraterestre&#8221;","datePublished":"2025-06-22T10:19:43+00:00","mainEntityOfPage":{"@id":"https:\/\/www.lovendal.ro\/wp52\/opinia-unui-cercetator-oamenii-moderni-nu-sunt-de-pe-pamant-prabusirea-epocii-bronzului-a-fost-o-stergere-mentala-la-nivel-de-extinctie-ca-urmare-a-unei-invazii-extraterestre\/"},"wordCount":352,"publisher":{"@id":"https:\/\/www.lovendal.ro\/wp52\/#organization"},"image":{"@id":"https:\/\/www.lovendal.ro\/wp52\/opinia-unui-cercetator-oamenii-moderni-nu-sunt-de-pe-pamant-prabusirea-epocii-bronzului-a-fost-o-stergere-mentala-la-nivel-de-extinctie-ca-urmare-a-unei-invazii-extraterestre\/#primaryimage"},"thumbnailUrl":"https:\/\/www.lovendal.ro\/wp52\/wp-content\/uploads\/2025\/06\/Ierusalim.jpg","keywords":["Anatolia","canaani\u0163i","Conspiratii si Mistere","cre\u015ftinism","Damasc","Egipt","epoca bronzului","hiti\u0163i","Ierusalim","islamism","iudaism","Marea Egee","Marea Mediteran\u0103","Mesopotamia","oameni","ora\u015fe","piramide","potop","r\u0103zboi","Ugarit","zei"],"articleSection":["Conspiratii si Mistere"],"inLanguage":"ro-RO"},{"@type":"WebPage","@id":"https:\/\/www.lovendal.ro\/wp52\/opinia-unui-cercetator-oamenii-moderni-nu-sunt-de-pe-pamant-prabusirea-epocii-bronzului-a-fost-o-stergere-mentala-la-nivel-de-extinctie-ca-urmare-a-unei-invazii-extraterestre\/","url":"https:\/\/www.lovendal.ro\/wp52\/opinia-unui-cercetator-oamenii-moderni-nu-sunt-de-pe-pamant-prabusirea-epocii-bronzului-a-fost-o-stergere-mentala-la-nivel-de-extinctie-ca-urmare-a-unei-invazii-extraterestre\/","name":"Opinia unui cercet\u0103tor: \"Oamenii moderni nu sunt de pe P\u0103m\u00e2nt. Pr\u0103bu\u0219irea epocii bronzului a fost o \u0219tergere mental\u0103 la nivel de extinc\u021bie, ca urmare a unei invazii extraterestre\" - Secretele lui Lovendal","isPartOf":{"@id":"https:\/\/www.lovendal.ro\/wp52\/#website"},"primaryImageOfPage":{"@id":"https:\/\/www.lovendal.ro\/wp52\/opinia-unui-cercetator-oamenii-moderni-nu-sunt-de-pe-pamant-prabusirea-epocii-bronzului-a-fost-o-stergere-mentala-la-nivel-de-extinctie-ca-urmare-a-unei-invazii-extraterestre\/#primaryimage"},"image":{"@id":"https:\/\/www.lovendal.ro\/wp52\/opinia-unui-cercetator-oamenii-moderni-nu-sunt-de-pe-pamant-prabusirea-epocii-bronzului-a-fost-o-stergere-mentala-la-nivel-de-extinctie-ca-urmare-a-unei-invazii-extraterestre\/#primaryimage"},"thumbnailUrl":"https:\/\/www.lovendal.ro\/wp52\/wp-content\/uploads\/2025\/06\/Ierusalim.jpg","datePublished":"2025-06-22T10:19:43+00:00","breadcrumb":{"@id":"https:\/\/www.lovendal.ro\/wp52\/opinia-unui-cercetator-oamenii-moderni-nu-sunt-de-pe-pamant-prabusirea-epocii-bronzului-a-fost-o-stergere-mentala-la-nivel-de-extinctie-ca-urmare-a-unei-invazii-extraterestre\/#breadcrumb"},"inLanguage":"ro-RO","potentialAction":[{"@type":"ReadAction","target":["https:\/\/www.lovendal.ro\/wp52\/opinia-unui-cercetator-oamenii-moderni-nu-sunt-de-pe-pamant-prabusirea-epocii-bronzului-a-fost-o-stergere-mentala-la-nivel-de-extinctie-ca-urmare-a-unei-invazii-extraterestre\/"]}]},{"@type":"ImageObject","inLanguage":"ro-RO","@id":"https:\/\/www.lovendal.ro\/wp52\/opinia-unui-cercetator-oamenii-moderni-nu-sunt-de-pe-pamant-prabusirea-epocii-bronzului-a-fost-o-stergere-mentala-la-nivel-de-extinctie-ca-urmare-a-unei-invazii-extraterestre\/#primaryimage","url":"https:\/\/www.lovendal.ro\/wp52\/wp-content\/uploads\/2025\/06\/Ierusalim.jpg","contentUrl":"https:\/\/www.lovendal.ro\/wp52\/wp-content\/uploads\/2025\/06\/Ierusalim.jpg","width":537,"height":365},{"@type":"BreadcrumbList","@id":"https:\/\/www.lovendal.ro\/wp52\/opinia-unui-cercetator-oamenii-moderni-nu-sunt-de-pe-pamant-prabusirea-epocii-bronzului-a-fost-o-stergere-mentala-la-nivel-de-extinctie-ca-urmare-a-unei-invazii-extraterestre\/#breadcrumb","itemListElement":[{"@type":"ListItem","position":1,"name":"Home","item":"https:\/\/www.lovendal.ro\/wp52\/"},{"@type":"ListItem","position":2,"name":"Opinia unui cercet\u0103tor: &#8222;Oamenii moderni nu sunt de pe P\u0103m\u00e2nt. Pr\u0103bu\u0219irea epocii bronzului a fost o \u0219tergere mental\u0103 la nivel de extinc\u021bie, ca urmare a unei invazii extraterestre&#8221;"}]},{"@type":"WebSite","@id":"https:\/\/www.lovendal.ro\/wp52\/#website","url":"https:\/\/www.lovendal.ro\/wp52\/","name":"Secretele lui Lovendal","description":"Site de secrete, stiinta si metafizica - din 2008 -","publisher":{"@id":"https:\/\/www.lovendal.ro\/wp52\/#organization"},"potentialAction":[{"@type":"SearchAction","target":{"@type":"EntryPoint","urlTemplate":"https:\/\/www.lovendal.ro\/wp52\/?s={search_term_string}"},"query-input":{"@type":"PropertyValueSpecification","valueRequired":true,"valueName":"search_term_string"}}],"inLanguage":"ro-RO"},{"@type":"Organization","@id":"https:\/\/www.lovendal.ro\/wp52\/#organization","name":"Secretele lui Lovendal","url":"https:\/\/www.lovendal.ro\/wp52\/","logo":{"@type":"ImageObject","inLanguage":"ro-RO","@id":"https:\/\/www.lovendal.ro\/wp52\/#\/schema\/logo\/image\/","url":"https:\/\/www.lovendal.ro\/wp52\/wp-content\/uploads\/2024\/06\/cropped-SLL-iun-2024-1.jpg","contentUrl":"https:\/\/www.lovendal.ro\/wp52\/wp-content\/uploads\/2024\/06\/cropped-SLL-iun-2024-1.jpg","width":771,"height":240,"caption":"Secretele lui Lovendal"},"image":{"@id":"https:\/\/www.lovendal.ro\/wp52\/#\/schema\/logo\/image\/"},"sameAs":["https:\/\/www.facebook.com\/secreteleluilovendal"]},{"@type":"Person","@id":"https:\/\/www.lovendal.ro\/wp52\/#\/schema\/person\/088691de5dfc346bb0c023e1e52ef5d9","name":"admin","image":{"@type":"ImageObject","inLanguage":"ro-RO","@id":"https:\/\/secure.gravatar.com\/avatar\/ecb9cd41f5f63c9c9b989999a59f6e2639a865ec361e9db054db0679a8f341c2?s=96&d=mm&r=g","url":"https:\/\/secure.gravatar.com\/avatar\/ecb9cd41f5f63c9c9b989999a59f6e2639a865ec361e9db054db0679a8f341c2?s=96&d=mm&r=g","contentUrl":"https:\/\/secure.gravatar.com\/avatar\/ecb9cd41f5f63c9c9b989999a59f6e2639a865ec361e9db054db0679a8f341c2?s=96&d=mm&r=g","caption":"admin"},"sameAs":["https:\/\/www.lovendal.ro\/wp52"]}]}},"_links":{"self":[{"href":"https:\/\/www.lovendal.ro\/wp52\/wp-json\/wp\/v2\/posts\/98384","targetHints":{"allow":["GET"]}}],"collection":[{"href":"https:\/\/www.lovendal.ro\/wp52\/wp-json\/wp\/v2\/posts"}],"about":[{"href":"https:\/\/www.lovendal.ro\/wp52\/wp-json\/wp\/v2\/types\/post"}],"author":[{"embeddable":true,"href":"https:\/\/www.lovendal.ro\/wp52\/wp-json\/wp\/v2\/users\/1"}],"replies":[{"embeddable":true,"href":"https:\/\/www.lovendal.ro\/wp52\/wp-json\/wp\/v2\/comments?post=98384"}],"version-history":[{"count":2,"href":"https:\/\/www.lovendal.ro\/wp52\/wp-json\/wp\/v2\/posts\/98384\/revisions"}],"predecessor-version":[{"id":98387,"href":"https:\/\/www.lovendal.ro\/wp52\/wp-json\/wp\/v2\/posts\/98384\/revisions\/98387"}],"wp:featuredmedia":[{"embeddable":true,"href":"https:\/\/www.lovendal.ro\/wp52\/wp-json\/wp\/v2\/media\/98386"}],"wp:attachment":[{"href":"https:\/\/www.lovendal.ro\/wp52\/wp-json\/wp\/v2\/media?parent=98384"}],"wp:term":[{"taxonomy":"category","embeddable":true,"href":"https:\/\/www.lovendal.ro\/wp52\/wp-json\/wp\/v2\/categories?post=98384"},{"taxonomy":"post_tag","embeddable":true,"href":"https:\/\/www.lovendal.ro\/wp52\/wp-json\/wp\/v2\/tags?post=98384"}],"curies":[{"name":"wp","href":"https:\/\/api.w.org\/{rel}","templated":true}]}}