{"id":9810,"date":"2009-12-21T07:01:03","date_gmt":"2009-12-21T05:01:03","guid":{"rendered":"http:\/\/www.lovendal.net\/wp52\/?p=9810"},"modified":"2009-12-21T07:01:03","modified_gmt":"2009-12-21T05:01:03","slug":"gerul-din-europa-din-perioada-aceasta-confirma-inca-o-data-ca-incalzirea-globala-este-un-fals","status":"publish","type":"post","link":"https:\/\/www.lovendal.ro\/wp52\/gerul-din-europa-din-perioada-aceasta-confirma-inca-o-data-ca-incalzirea-globala-este-un-fals\/","title":{"rendered":"Gerul din Europa din perioada aceasta confirm\u0103 \u00eenc\u0103 o dat\u0103 c\u0103 &#8222;\u00eenc\u0103lzirea global\u0103&#8221; este un fals"},"content":{"rendered":"<p><a href=\"https:\/\/www.lovendal.ro\/wp52\/wp-content\/uploads\/2009\/12\/iarna90.jpg\"><img loading=\"lazy\" decoding=\"async\" class=\"alignleft size-full wp-image-9811\" title=\"iarna90\" src=\"https:\/\/www.lovendal.ro\/wp52\/wp-content\/uploads\/2009\/12\/iarna90.jpg\" alt=\"iarna90\" width=\"266\" height=\"200\" \/><\/a>Mii de europeni sunt bloca\u0163i \u00een trenuri, g\u0103ri, pe \u015fosele sau \u00een aeroporturi din cauza ninsorii \u015fi frigului, care au f\u0103cut \u015fi victime \u00een r\u00e2ndul celor f\u0103r\u0103 ad\u0103post, relateaz\u0103 AFP, preluat\u0103 de NewsIn. Valul de frig face ravagii pe continent de c\u00e2teva zile, cu temperaturi record de minus 36,6 grade Celsius vineri noaptea (18 spre 19 decembrie 2009) \u00een Bavaria \u015fi ninsori ce au determinat autorit\u0103\u0163ile franceze s\u0103 plaseze 50 departamente din 95 \u00een alert\u0103 portocalie.<\/p>\n<p>Frigul a f\u0103cut \u015fi victime. \u00cen Polonia, 15 persoane au murit s\u00e2mb\u0103t\u0103, 19 decembrie 2009. \u00cen Fran\u0163a, unde s\u00e2mb\u0103t\u0103 au fost minus 24 de grade \u00een est, un \u015fomer de 36 de ani a fost g\u0103sit mort \u00een rulota sa, iar \u00een Arras un polonez f\u0103r\u0103 ad\u0103post a fost g\u0103sit mort \u00een Marsilia.<\/p>\n<p><strong><em>Sursa: <\/em>www.ziua.ro<\/strong><\/p>\n<p>Mai \u0163ine\u0163i minte ce declarau &#8222;speciali\u015ftii&#8221;? C\u0103 de-acum \u00eenainte n-o s\u0103 mai avem parte de ierni, c\u0103 iernile vor fi c\u0103lduroase, c\u0103 o s\u0103 vedem z\u0103pada doar \u00een filme etc. Dar adev\u0103rul r\u0103stoarn\u0103 previziunile. Precum am mai spus-o \u015fi alt\u0103dat\u0103 (<a href=\"https:\/\/www.lovendal.ro\/wp52\/conspiratia-incalzirii-globale-10-mituri-care-au-inselat-omenirea\/\" target=\"_blank\"><strong>https:\/\/www.lovendal.ro\/wp52\/conspiratia-incalzirii-globale-10-mituri-care-au-inselat-omenirea\/<\/strong><\/a>) tema \u00eenc\u0103lzirii globale este una fals\u0103. Valul acesta de frig m\u0103 face s\u0103 m\u0103 g\u00e2ndesc dac\u0103 nu cumva se apropie noua era glaciar\u0103 de care vorbeam aici (<a href=\"https:\/\/www.lovendal.ro\/wp52\/peste-25-de-ani-vine-peste-noi-era-glaciara\/\" target=\"_blank\"><strong>https:\/\/www.lovendal.ro\/wp52\/peste-25-de-ani-vine-peste-noi-era-glaciara\/<\/strong><\/a>). A\u015fa c\u0103 poate e momentul s\u0103 uit\u0103m definitiv de gogori\u0163a cu \u00eenc\u0103lzirea global\u0103 care ne va sufoca \u00eentr-o zi planeta.<\/p>\n","protected":false},"excerpt":{"rendered":"<p>Mii de europeni sunt bloca\u0163i \u00een trenuri, g\u0103ri, pe \u015fosele sau \u00een aeroporturi din cauza ninsorii \u015fi frigului, care au f\u0103cut \u015fi victime \u00een r\u00e2ndul celor f\u0103r\u0103 ad\u0103post, relateaz\u0103 AFP, preluat\u0103 de NewsIn. Valul de frig face ravagii pe continent &#8230; <\/p>\n<p class=\"read-more-container\"><a title=\"Gerul din Europa din perioada aceasta confirm\u0103 \u00eenc\u0103 o dat\u0103 c\u0103 &#8222;\u00eenc\u0103lzirea global\u0103&#8221; este un fals\" class=\"read-more button\" href=\"https:\/\/www.lovendal.ro\/wp52\/gerul-din-europa-din-perioada-aceasta-confirma-inca-o-data-ca-incalzirea-globala-este-un-fals\/#more-9810\" aria-label=\"Cite\u0219te mai multe despre Gerul din Europa din perioada aceasta confirm\u0103 \u00eenc\u0103 o dat\u0103 c\u0103 &#8222;\u00eenc\u0103lzirea global\u0103&#8221; este un fals\">Cititi mai multe<\/a><\/p>\n","protected":false},"author":1,"featured_media":9811,"comment_status":"open","ping_status":"closed","sticky":false,"template":"","format":"standard","meta":{"footnotes":""},"categories":[475],"tags":[1524,1438,202,1853,203,2326,1960,108,57,583],"class_list":["post-9810","post","type-post","status-publish","format-standard","has-post-thumbnail","hentry","category-conspiratii-mistere","tag-conspiratii-si-societati-secrete","tag-era-glaciara","tag-franta","tag-frig","tag-germania","tag-iarna","tag-incalzire-globala","tag-moarte","tag-oameni","tag-polonia","resize-featured-image"],"yoast_head":"<!-- This site is optimized with the Yoast SEO Premium plugin v23.3 (Yoast SEO v27.4) - https:\/\/yoast.com\/product\/yoast-seo-premium-wordpress\/ -->\n<title>Gerul din Europa din perioada aceasta confirm\u0103 \u00eenc\u0103 o dat\u0103 c\u0103 &quot;\u00eenc\u0103lzirea global\u0103&quot; este un fals - Secretele lui Lovendal<\/title>\n<meta name=\"robots\" content=\"index, follow, max-snippet:-1, max-image-preview:large, max-video-preview:-1\" \/>\n<link rel=\"canonical\" href=\"https:\/\/www.lovendal.ro\/wp52\/gerul-din-europa-din-perioada-aceasta-confirma-inca-o-data-ca-incalzirea-globala-este-un-fals\/\" \/>\n<meta property=\"og:locale\" content=\"ro_RO\" \/>\n<meta property=\"og:type\" content=\"article\" \/>\n<meta property=\"og:title\" content=\"Gerul din Europa din perioada aceasta confirm\u0103 \u00eenc\u0103 o dat\u0103 c\u0103 &quot;\u00eenc\u0103lzirea global\u0103&quot; este un fals\" \/>\n<meta property=\"og:description\" content=\"Mii de europeni sunt bloca\u0163i \u00een trenuri, g\u0103ri, pe \u015fosele sau \u00een aeroporturi din cauza ninsorii \u015fi frigului, care au f\u0103cut \u015fi victime \u00een r\u00e2ndul celor f\u0103r\u0103 ad\u0103post, relateaz\u0103 AFP, preluat\u0103 de NewsIn. Valul de frig face ravagii pe continent ... Cititi mai multe\" \/>\n<meta property=\"og:url\" content=\"https:\/\/www.lovendal.ro\/wp52\/gerul-din-europa-din-perioada-aceasta-confirma-inca-o-data-ca-incalzirea-globala-este-un-fals\/\" \/>\n<meta property=\"og:site_name\" content=\"Secretele lui Lovendal\" \/>\n<meta property=\"article:publisher\" content=\"https:\/\/www.facebook.com\/secreteleluilovendal\" \/>\n<meta property=\"article:published_time\" content=\"2009-12-21T05:01:03+00:00\" \/>\n<meta property=\"og:image\" content=\"https:\/\/www.lovendal.ro\/wp52\/wp-content\/uploads\/2009\/12\/iarna90.jpg\" \/>\n\t<meta property=\"og:image:width\" content=\"266\" \/>\n\t<meta property=\"og:image:height\" content=\"200\" \/>\n\t<meta property=\"og:image:type\" content=\"image\/jpeg\" \/>\n<meta name=\"author\" content=\"admin\" \/>\n<meta name=\"twitter:card\" content=\"summary_large_image\" \/>\n<meta name=\"twitter:label1\" content=\"Scris de\" \/>\n\t<meta name=\"twitter:data1\" content=\"admin\" \/>\n\t<meta name=\"twitter:label2\" content=\"Timp estimat pentru citire\" \/>\n\t<meta name=\"twitter:data2\" content=\"1 minut\" \/>\n<script type=\"application\/ld+json\" class=\"yoast-schema-graph\">{\"@context\":\"https:\\\/\\\/schema.org\",\"@graph\":[{\"@type\":\"Article\",\"@id\":\"https:\\\/\\\/www.lovendal.ro\\\/wp52\\\/gerul-din-europa-din-perioada-aceasta-confirma-inca-o-data-ca-incalzirea-globala-este-un-fals\\\/#article\",\"isPartOf\":{\"@id\":\"https:\\\/\\\/www.lovendal.ro\\\/wp52\\\/gerul-din-europa-din-perioada-aceasta-confirma-inca-o-data-ca-incalzirea-globala-este-un-fals\\\/\"},\"author\":{\"name\":\"admin\",\"@id\":\"https:\\\/\\\/www.lovendal.ro\\\/wp52\\\/#\\\/schema\\\/person\\\/088691de5dfc346bb0c023e1e52ef5d9\"},\"headline\":\"Gerul din Europa din perioada aceasta confirm\u0103 \u00eenc\u0103 o dat\u0103 c\u0103 &#8222;\u00eenc\u0103lzirea global\u0103&#8221; este un fals\",\"datePublished\":\"2009-12-21T05:01:03+00:00\",\"mainEntityOfPage\":{\"@id\":\"https:\\\/\\\/www.lovendal.ro\\\/wp52\\\/gerul-din-europa-din-perioada-aceasta-confirma-inca-o-data-ca-incalzirea-globala-este-un-fals\\\/\"},\"wordCount\":271,\"commentCount\":14,\"publisher\":{\"@id\":\"https:\\\/\\\/www.lovendal.ro\\\/wp52\\\/#organization\"},\"image\":{\"@id\":\"https:\\\/\\\/www.lovendal.ro\\\/wp52\\\/gerul-din-europa-din-perioada-aceasta-confirma-inca-o-data-ca-incalzirea-globala-este-un-fals\\\/#primaryimage\"},\"thumbnailUrl\":\"https:\\\/\\\/www.lovendal.ro\\\/wp52\\\/wp-content\\\/uploads\\\/2009\\\/12\\\/iarna90.jpg\",\"keywords\":[\"Conspiratii si Societati secrete\",\"era glaciar\u0103\",\"Fran\u0163a\",\"frig\",\"Germania\",\"iarn\u0103\",\"\u00eenc\u0103lzire global\u0103\",\"moarte\",\"oameni\",\"Polonia\"],\"articleSection\":[\"Conspiratii si Mistere\"],\"inLanguage\":\"ro-RO\",\"potentialAction\":[{\"@type\":\"CommentAction\",\"name\":\"Comment\",\"target\":[\"https:\\\/\\\/www.lovendal.ro\\\/wp52\\\/gerul-din-europa-din-perioada-aceasta-confirma-inca-o-data-ca-incalzirea-globala-este-un-fals\\\/#respond\"]}]},{\"@type\":\"WebPage\",\"@id\":\"https:\\\/\\\/www.lovendal.ro\\\/wp52\\\/gerul-din-europa-din-perioada-aceasta-confirma-inca-o-data-ca-incalzirea-globala-este-un-fals\\\/\",\"url\":\"https:\\\/\\\/www.lovendal.ro\\\/wp52\\\/gerul-din-europa-din-perioada-aceasta-confirma-inca-o-data-ca-incalzirea-globala-este-un-fals\\\/\",\"name\":\"Gerul din Europa din perioada aceasta confirm\u0103 \u00eenc\u0103 o dat\u0103 c\u0103 \\\"\u00eenc\u0103lzirea global\u0103\\\" este un fals - Secretele lui Lovendal\",\"isPartOf\":{\"@id\":\"https:\\\/\\\/www.lovendal.ro\\\/wp52\\\/#website\"},\"primaryImageOfPage\":{\"@id\":\"https:\\\/\\\/www.lovendal.ro\\\/wp52\\\/gerul-din-europa-din-perioada-aceasta-confirma-inca-o-data-ca-incalzirea-globala-este-un-fals\\\/#primaryimage\"},\"image\":{\"@id\":\"https:\\\/\\\/www.lovendal.ro\\\/wp52\\\/gerul-din-europa-din-perioada-aceasta-confirma-inca-o-data-ca-incalzirea-globala-este-un-fals\\\/#primaryimage\"},\"thumbnailUrl\":\"https:\\\/\\\/www.lovendal.ro\\\/wp52\\\/wp-content\\\/uploads\\\/2009\\\/12\\\/iarna90.jpg\",\"datePublished\":\"2009-12-21T05:01:03+00:00\",\"breadcrumb\":{\"@id\":\"https:\\\/\\\/www.lovendal.ro\\\/wp52\\\/gerul-din-europa-din-perioada-aceasta-confirma-inca-o-data-ca-incalzirea-globala-este-un-fals\\\/#breadcrumb\"},\"inLanguage\":\"ro-RO\",\"potentialAction\":[{\"@type\":\"ReadAction\",\"target\":[\"https:\\\/\\\/www.lovendal.ro\\\/wp52\\\/gerul-din-europa-din-perioada-aceasta-confirma-inca-o-data-ca-incalzirea-globala-este-un-fals\\\/\"]}]},{\"@type\":\"ImageObject\",\"inLanguage\":\"ro-RO\",\"@id\":\"https:\\\/\\\/www.lovendal.ro\\\/wp52\\\/gerul-din-europa-din-perioada-aceasta-confirma-inca-o-data-ca-incalzirea-globala-este-un-fals\\\/#primaryimage\",\"url\":\"https:\\\/\\\/www.lovendal.ro\\\/wp52\\\/wp-content\\\/uploads\\\/2009\\\/12\\\/iarna90.jpg\",\"contentUrl\":\"https:\\\/\\\/www.lovendal.ro\\\/wp52\\\/wp-content\\\/uploads\\\/2009\\\/12\\\/iarna90.jpg\",\"width\":\"266\",\"height\":\"200\"},{\"@type\":\"BreadcrumbList\",\"@id\":\"https:\\\/\\\/www.lovendal.ro\\\/wp52\\\/gerul-din-europa-din-perioada-aceasta-confirma-inca-o-data-ca-incalzirea-globala-este-un-fals\\\/#breadcrumb\",\"itemListElement\":[{\"@type\":\"ListItem\",\"position\":1,\"name\":\"Home\",\"item\":\"https:\\\/\\\/www.lovendal.ro\\\/wp52\\\/\"},{\"@type\":\"ListItem\",\"position\":2,\"name\":\"Gerul din Europa din perioada aceasta confirm\u0103 \u00eenc\u0103 o dat\u0103 c\u0103 &#8222;\u00eenc\u0103lzirea global\u0103&#8221; este un fals\"}]},{\"@type\":\"WebSite\",\"@id\":\"https:\\\/\\\/www.lovendal.ro\\\/wp52\\\/#website\",\"url\":\"https:\\\/\\\/www.lovendal.ro\\\/wp52\\\/\",\"name\":\"Secretele lui Lovendal\",\"description\":\"Site de secrete, stiinta si metafizica - din 2008 -\",\"publisher\":{\"@id\":\"https:\\\/\\\/www.lovendal.ro\\\/wp52\\\/#organization\"},\"potentialAction\":[{\"@type\":\"SearchAction\",\"target\":{\"@type\":\"EntryPoint\",\"urlTemplate\":\"https:\\\/\\\/www.lovendal.ro\\\/wp52\\\/?s={search_term_string}\"},\"query-input\":{\"@type\":\"PropertyValueSpecification\",\"valueRequired\":true,\"valueName\":\"search_term_string\"}}],\"inLanguage\":\"ro-RO\"},{\"@type\":\"Organization\",\"@id\":\"https:\\\/\\\/www.lovendal.ro\\\/wp52\\\/#organization\",\"name\":\"Secretele lui Lovendal\",\"url\":\"https:\\\/\\\/www.lovendal.ro\\\/wp52\\\/\",\"logo\":{\"@type\":\"ImageObject\",\"inLanguage\":\"ro-RO\",\"@id\":\"https:\\\/\\\/www.lovendal.ro\\\/wp52\\\/#\\\/schema\\\/logo\\\/image\\\/\",\"url\":\"https:\\\/\\\/www.lovendal.ro\\\/wp52\\\/wp-content\\\/uploads\\\/2024\\\/06\\\/cropped-SLL-iun-2024-1.jpg\",\"contentUrl\":\"https:\\\/\\\/www.lovendal.ro\\\/wp52\\\/wp-content\\\/uploads\\\/2024\\\/06\\\/cropped-SLL-iun-2024-1.jpg\",\"width\":771,\"height\":240,\"caption\":\"Secretele lui Lovendal\"},\"image\":{\"@id\":\"https:\\\/\\\/www.lovendal.ro\\\/wp52\\\/#\\\/schema\\\/logo\\\/image\\\/\"},\"sameAs\":[\"https:\\\/\\\/www.facebook.com\\\/secreteleluilovendal\"]},{\"@type\":\"Person\",\"@id\":\"https:\\\/\\\/www.lovendal.ro\\\/wp52\\\/#\\\/schema\\\/person\\\/088691de5dfc346bb0c023e1e52ef5d9\",\"name\":\"admin\",\"image\":{\"@type\":\"ImageObject\",\"inLanguage\":\"ro-RO\",\"@id\":\"https:\\\/\\\/secure.gravatar.com\\\/avatar\\\/ecb9cd41f5f63c9c9b989999a59f6e2639a865ec361e9db054db0679a8f341c2?s=96&d=mm&r=g\",\"url\":\"https:\\\/\\\/secure.gravatar.com\\\/avatar\\\/ecb9cd41f5f63c9c9b989999a59f6e2639a865ec361e9db054db0679a8f341c2?s=96&d=mm&r=g\",\"contentUrl\":\"https:\\\/\\\/secure.gravatar.com\\\/avatar\\\/ecb9cd41f5f63c9c9b989999a59f6e2639a865ec361e9db054db0679a8f341c2?s=96&d=mm&r=g\",\"caption\":\"admin\"},\"sameAs\":[\"https:\\\/\\\/www.lovendal.ro\\\/wp52\"]}]}<\/script>\n<!-- \/ Yoast SEO Premium plugin. -->","yoast_head_json":{"title":"Gerul din Europa din perioada aceasta confirm\u0103 \u00eenc\u0103 o dat\u0103 c\u0103 \"\u00eenc\u0103lzirea global\u0103\" este un fals - Secretele lui Lovendal","robots":{"index":"index","follow":"follow","max-snippet":"max-snippet:-1","max-image-preview":"max-image-preview:large","max-video-preview":"max-video-preview:-1"},"canonical":"https:\/\/www.lovendal.ro\/wp52\/gerul-din-europa-din-perioada-aceasta-confirma-inca-o-data-ca-incalzirea-globala-este-un-fals\/","og_locale":"ro_RO","og_type":"article","og_title":"Gerul din Europa din perioada aceasta confirm\u0103 \u00eenc\u0103 o dat\u0103 c\u0103 \"\u00eenc\u0103lzirea global\u0103\" este un fals","og_description":"Mii de europeni sunt bloca\u0163i \u00een trenuri, g\u0103ri, pe \u015fosele sau \u00een aeroporturi din cauza ninsorii \u015fi frigului, care au f\u0103cut \u015fi victime \u00een r\u00e2ndul celor f\u0103r\u0103 ad\u0103post, relateaz\u0103 AFP, preluat\u0103 de NewsIn. Valul de frig face ravagii pe continent ... Cititi mai multe","og_url":"https:\/\/www.lovendal.ro\/wp52\/gerul-din-europa-din-perioada-aceasta-confirma-inca-o-data-ca-incalzirea-globala-este-un-fals\/","og_site_name":"Secretele lui Lovendal","article_publisher":"https:\/\/www.facebook.com\/secreteleluilovendal","article_published_time":"2009-12-21T05:01:03+00:00","og_image":[{"width":266,"height":200,"url":"https:\/\/www.lovendal.ro\/wp52\/wp-content\/uploads\/2009\/12\/iarna90.jpg","type":"image\/jpeg"}],"author":"admin","twitter_card":"summary_large_image","twitter_misc":{"Scris de":"admin","Timp estimat pentru citire":"1 minut"},"schema":{"@context":"https:\/\/schema.org","@graph":[{"@type":"Article","@id":"https:\/\/www.lovendal.ro\/wp52\/gerul-din-europa-din-perioada-aceasta-confirma-inca-o-data-ca-incalzirea-globala-este-un-fals\/#article","isPartOf":{"@id":"https:\/\/www.lovendal.ro\/wp52\/gerul-din-europa-din-perioada-aceasta-confirma-inca-o-data-ca-incalzirea-globala-este-un-fals\/"},"author":{"name":"admin","@id":"https:\/\/www.lovendal.ro\/wp52\/#\/schema\/person\/088691de5dfc346bb0c023e1e52ef5d9"},"headline":"Gerul din Europa din perioada aceasta confirm\u0103 \u00eenc\u0103 o dat\u0103 c\u0103 &#8222;\u00eenc\u0103lzirea global\u0103&#8221; este un fals","datePublished":"2009-12-21T05:01:03+00:00","mainEntityOfPage":{"@id":"https:\/\/www.lovendal.ro\/wp52\/gerul-din-europa-din-perioada-aceasta-confirma-inca-o-data-ca-incalzirea-globala-este-un-fals\/"},"wordCount":271,"commentCount":14,"publisher":{"@id":"https:\/\/www.lovendal.ro\/wp52\/#organization"},"image":{"@id":"https:\/\/www.lovendal.ro\/wp52\/gerul-din-europa-din-perioada-aceasta-confirma-inca-o-data-ca-incalzirea-globala-este-un-fals\/#primaryimage"},"thumbnailUrl":"https:\/\/www.lovendal.ro\/wp52\/wp-content\/uploads\/2009\/12\/iarna90.jpg","keywords":["Conspiratii si Societati secrete","era glaciar\u0103","Fran\u0163a","frig","Germania","iarn\u0103","\u00eenc\u0103lzire global\u0103","moarte","oameni","Polonia"],"articleSection":["Conspiratii si Mistere"],"inLanguage":"ro-RO","potentialAction":[{"@type":"CommentAction","name":"Comment","target":["https:\/\/www.lovendal.ro\/wp52\/gerul-din-europa-din-perioada-aceasta-confirma-inca-o-data-ca-incalzirea-globala-este-un-fals\/#respond"]}]},{"@type":"WebPage","@id":"https:\/\/www.lovendal.ro\/wp52\/gerul-din-europa-din-perioada-aceasta-confirma-inca-o-data-ca-incalzirea-globala-este-un-fals\/","url":"https:\/\/www.lovendal.ro\/wp52\/gerul-din-europa-din-perioada-aceasta-confirma-inca-o-data-ca-incalzirea-globala-este-un-fals\/","name":"Gerul din Europa din perioada aceasta confirm\u0103 \u00eenc\u0103 o dat\u0103 c\u0103 \"\u00eenc\u0103lzirea global\u0103\" este un fals - Secretele lui Lovendal","isPartOf":{"@id":"https:\/\/www.lovendal.ro\/wp52\/#website"},"primaryImageOfPage":{"@id":"https:\/\/www.lovendal.ro\/wp52\/gerul-din-europa-din-perioada-aceasta-confirma-inca-o-data-ca-incalzirea-globala-este-un-fals\/#primaryimage"},"image":{"@id":"https:\/\/www.lovendal.ro\/wp52\/gerul-din-europa-din-perioada-aceasta-confirma-inca-o-data-ca-incalzirea-globala-este-un-fals\/#primaryimage"},"thumbnailUrl":"https:\/\/www.lovendal.ro\/wp52\/wp-content\/uploads\/2009\/12\/iarna90.jpg","datePublished":"2009-12-21T05:01:03+00:00","breadcrumb":{"@id":"https:\/\/www.lovendal.ro\/wp52\/gerul-din-europa-din-perioada-aceasta-confirma-inca-o-data-ca-incalzirea-globala-este-un-fals\/#breadcrumb"},"inLanguage":"ro-RO","potentialAction":[{"@type":"ReadAction","target":["https:\/\/www.lovendal.ro\/wp52\/gerul-din-europa-din-perioada-aceasta-confirma-inca-o-data-ca-incalzirea-globala-este-un-fals\/"]}]},{"@type":"ImageObject","inLanguage":"ro-RO","@id":"https:\/\/www.lovendal.ro\/wp52\/gerul-din-europa-din-perioada-aceasta-confirma-inca-o-data-ca-incalzirea-globala-este-un-fals\/#primaryimage","url":"https:\/\/www.lovendal.ro\/wp52\/wp-content\/uploads\/2009\/12\/iarna90.jpg","contentUrl":"https:\/\/www.lovendal.ro\/wp52\/wp-content\/uploads\/2009\/12\/iarna90.jpg","width":"266","height":"200"},{"@type":"BreadcrumbList","@id":"https:\/\/www.lovendal.ro\/wp52\/gerul-din-europa-din-perioada-aceasta-confirma-inca-o-data-ca-incalzirea-globala-este-un-fals\/#breadcrumb","itemListElement":[{"@type":"ListItem","position":1,"name":"Home","item":"https:\/\/www.lovendal.ro\/wp52\/"},{"@type":"ListItem","position":2,"name":"Gerul din Europa din perioada aceasta confirm\u0103 \u00eenc\u0103 o dat\u0103 c\u0103 &#8222;\u00eenc\u0103lzirea global\u0103&#8221; este un fals"}]},{"@type":"WebSite","@id":"https:\/\/www.lovendal.ro\/wp52\/#website","url":"https:\/\/www.lovendal.ro\/wp52\/","name":"Secretele lui Lovendal","description":"Site de secrete, stiinta si metafizica - din 2008 -","publisher":{"@id":"https:\/\/www.lovendal.ro\/wp52\/#organization"},"potentialAction":[{"@type":"SearchAction","target":{"@type":"EntryPoint","urlTemplate":"https:\/\/www.lovendal.ro\/wp52\/?s={search_term_string}"},"query-input":{"@type":"PropertyValueSpecification","valueRequired":true,"valueName":"search_term_string"}}],"inLanguage":"ro-RO"},{"@type":"Organization","@id":"https:\/\/www.lovendal.ro\/wp52\/#organization","name":"Secretele lui Lovendal","url":"https:\/\/www.lovendal.ro\/wp52\/","logo":{"@type":"ImageObject","inLanguage":"ro-RO","@id":"https:\/\/www.lovendal.ro\/wp52\/#\/schema\/logo\/image\/","url":"https:\/\/www.lovendal.ro\/wp52\/wp-content\/uploads\/2024\/06\/cropped-SLL-iun-2024-1.jpg","contentUrl":"https:\/\/www.lovendal.ro\/wp52\/wp-content\/uploads\/2024\/06\/cropped-SLL-iun-2024-1.jpg","width":771,"height":240,"caption":"Secretele lui Lovendal"},"image":{"@id":"https:\/\/www.lovendal.ro\/wp52\/#\/schema\/logo\/image\/"},"sameAs":["https:\/\/www.facebook.com\/secreteleluilovendal"]},{"@type":"Person","@id":"https:\/\/www.lovendal.ro\/wp52\/#\/schema\/person\/088691de5dfc346bb0c023e1e52ef5d9","name":"admin","image":{"@type":"ImageObject","inLanguage":"ro-RO","@id":"https:\/\/secure.gravatar.com\/avatar\/ecb9cd41f5f63c9c9b989999a59f6e2639a865ec361e9db054db0679a8f341c2?s=96&d=mm&r=g","url":"https:\/\/secure.gravatar.com\/avatar\/ecb9cd41f5f63c9c9b989999a59f6e2639a865ec361e9db054db0679a8f341c2?s=96&d=mm&r=g","contentUrl":"https:\/\/secure.gravatar.com\/avatar\/ecb9cd41f5f63c9c9b989999a59f6e2639a865ec361e9db054db0679a8f341c2?s=96&d=mm&r=g","caption":"admin"},"sameAs":["https:\/\/www.lovendal.ro\/wp52"]}]}},"_links":{"self":[{"href":"https:\/\/www.lovendal.ro\/wp52\/wp-json\/wp\/v2\/posts\/9810","targetHints":{"allow":["GET"]}}],"collection":[{"href":"https:\/\/www.lovendal.ro\/wp52\/wp-json\/wp\/v2\/posts"}],"about":[{"href":"https:\/\/www.lovendal.ro\/wp52\/wp-json\/wp\/v2\/types\/post"}],"author":[{"embeddable":true,"href":"https:\/\/www.lovendal.ro\/wp52\/wp-json\/wp\/v2\/users\/1"}],"replies":[{"embeddable":true,"href":"https:\/\/www.lovendal.ro\/wp52\/wp-json\/wp\/v2\/comments?post=9810"}],"version-history":[{"count":0,"href":"https:\/\/www.lovendal.ro\/wp52\/wp-json\/wp\/v2\/posts\/9810\/revisions"}],"wp:featuredmedia":[{"embeddable":true,"href":"https:\/\/www.lovendal.ro\/wp52\/wp-json\/wp\/v2\/media\/9811"}],"wp:attachment":[{"href":"https:\/\/www.lovendal.ro\/wp52\/wp-json\/wp\/v2\/media?parent=9810"}],"wp:term":[{"taxonomy":"category","embeddable":true,"href":"https:\/\/www.lovendal.ro\/wp52\/wp-json\/wp\/v2\/categories?post=9810"},{"taxonomy":"post_tag","embeddable":true,"href":"https:\/\/www.lovendal.ro\/wp52\/wp-json\/wp\/v2\/tags?post=9810"}],"curies":[{"name":"wp","href":"https:\/\/api.w.org\/{rel}","templated":true}]}}