{"id":97618,"date":"2025-04-23T14:19:15","date_gmt":"2025-04-23T11:19:15","guid":{"rendered":"https:\/\/www.lovendal.ro\/wp52\/?p=97618"},"modified":"2025-04-23T14:19:15","modified_gmt":"2025-04-23T11:19:15","slug":"da-este-adevarat-papa-francisc-nu-s-a-mai-uitat-la-televizor-din-1990-de-ce","status":"publish","type":"post","link":"https:\/\/www.lovendal.ro\/wp52\/da-este-adevarat-papa-francisc-nu-s-a-mai-uitat-la-televizor-din-1990-de-ce\/","title":{"rendered":"Da, este adev\u0103rat: Papa Francisc nu s-a mai uitat la televizor din 1990. De ce?"},"content":{"rendered":"<p><a href=\"https:\/\/www.lovendal.ro\/wp52\/wp-content\/uploads\/2025\/04\/papa-Francisc-TV.jpg\"><img loading=\"lazy\" decoding=\"async\" class=\"alignleft  wp-image-97619\" src=\"https:\/\/www.lovendal.ro\/wp52\/wp-content\/uploads\/2025\/04\/papa-Francisc-TV.jpg\" alt=\"\" width=\"373\" height=\"207\" srcset=\"https:\/\/www.lovendal.ro\/wp52\/wp-content\/uploads\/2025\/04\/papa-Francisc-TV.jpg 542w, https:\/\/www.lovendal.ro\/wp52\/wp-content\/uploads\/2025\/04\/papa-Francisc-TV-300x167.jpg 300w\" sizes=\"auto, (max-width: 373px) 100vw, 373px\" \/><\/a>Da, este adev\u0103rat c\u0103 <strong>Papa Francisc<\/strong> nu s-a uitat la televizor, din 15 iulie 1990, p\u00e2n\u0103 la data mor\u0163ii sale, 21 aprilie 2025. Asta include \u0219i nevizionarea meciurilor jucate de echipa sa preferat\u0103 de fotbal din <strong>Buenos Aires<\/strong>. El a spus c\u0103 a \u00eencetat s\u0103 se mai uite la televizor \u00een 1990 \u0219i pur \u0219i simplu a sim\u021bit c\u0103 nu este pentru el. \u00cen 2015, Papa a mai dezv\u0103luit c\u0103 a citit doar un singur ziar, numit <strong><em>&#8222;La Repubblica&#8221;<\/em><\/strong> &#8211; un ziar italian.<\/p>\n<p>C\u00e2nd a fost \u00eentrebat ce \u00eei lipsea cel mai mult din vechea sa via\u021b\u0103, el a spus c\u0103 \u00eei era dor s\u0103 poat\u0103 merge liber afar\u0103 \u0219i s\u0103 se duc\u0103 s\u0103 m\u0103n\u00e2nce pizza la un restaurant. Reporterul a sugerat c\u0103 ar putea comanda pizza la Vatican, dar a spus c\u0103 nu este acela\u0219i lucru; \u00eei pl\u0103cea experien\u021ba de a ie\u0219i s\u0103 m\u0103n\u00e2nce. Exis\u0103 \u0219i o fotografie cu el din trecut, c\u00e2nd era cardinalul <strong>Jorge Mario Bergoglio<\/strong>, plimb\u00e2ndu-se printr-un cartier din Buenos Aires. \u00cei pl\u0103cea mult s\u0103 mearg\u0103 pe jos c\u00e2nd locuia acolo. \u00centr-un alt interviu, el a men\u021bionat c\u0103 \u00eenc\u0103 \u00eei pl\u0103cea s\u0103 mearg\u0103 \u0219i c\u0103 \u00eei era dor s\u0103 o fac\u0103 des.<\/p>\n<p>El a mai spus c\u0103 \u00een fiecare zi se ducea la culcare la ora 21:00, citea aproximativ 1 or\u0103, apoi dormea \u200b\u200bde la 22:00 p\u00e2n\u0103 la 4 diminea\u0163a, c\u00e2nd se trezea. El a explicat c\u0103 a\u0219a func\u021biona corpul lui, \u00eens\u0103 pentru c\u0103 se trezea at\u00e2t de devreme, tr\u0103gea \u015fi un pui de somn \u00een timpul zilei (40 de minute &#8211; 1 or\u0103).<\/p>\n","protected":false},"excerpt":{"rendered":"<p>Da, este adev\u0103rat c\u0103 Papa Francisc nu s-a uitat la televizor, din 15 iulie 1990, p\u00e2n\u0103 la data mor\u0163ii sale, 21 aprilie 2025. Asta include \u0219i nevizionarea meciurilor jucate de echipa sa preferat\u0103 de fotbal din Buenos Aires. El a &#8230; <\/p>\n<p class=\"read-more-container\"><a title=\"Da, este adev\u0103rat: Papa Francisc nu s-a mai uitat la televizor din 1990. De ce?\" class=\"read-more button\" href=\"https:\/\/www.lovendal.ro\/wp52\/da-este-adevarat-papa-francisc-nu-s-a-mai-uitat-la-televizor-din-1990-de-ce\/#more-97618\" aria-label=\"Cite\u0219te mai multe despre Da, este adev\u0103rat: Papa Francisc nu s-a mai uitat la televizor din 1990. De ce?\">Cititi mai multe<\/a><\/p>\n","protected":false},"author":1,"featured_media":97619,"comment_status":"closed","ping_status":"open","sticky":false,"template":"","format":"standard","meta":{"footnotes":""},"categories":[14],"tags":[4412,2005,95,6945,9796,1887,1871,339],"class_list":["post-97618","post","type-post","status-publish","format-standard","has-post-thumbnail","hentry","category-paranormal-spiritualitate","tag-buenos-aires","tag-cardinal","tag-fotbal","tag-papa-francisc","tag-paranormal-spiritualitate","tag-pizza","tag-televizor","tag-vatican","resize-featured-image"],"yoast_head":"<!-- This site is optimized with the Yoast SEO Premium plugin v23.3 (Yoast SEO v27.4) - https:\/\/yoast.com\/product\/yoast-seo-premium-wordpress\/ -->\n<title>Da, este adev\u0103rat: Papa Francisc nu s-a mai uitat la televizor din 1990. De ce? - Secretele lui Lovendal<\/title>\n<meta name=\"robots\" content=\"index, follow, max-snippet:-1, max-image-preview:large, max-video-preview:-1\" \/>\n<link rel=\"canonical\" href=\"https:\/\/www.lovendal.ro\/wp52\/da-este-adevarat-papa-francisc-nu-s-a-mai-uitat-la-televizor-din-1990-de-ce\/\" \/>\n<meta property=\"og:locale\" content=\"ro_RO\" \/>\n<meta property=\"og:type\" content=\"article\" \/>\n<meta property=\"og:title\" content=\"Da, este adev\u0103rat: Papa Francisc nu s-a mai uitat la televizor din 1990. De ce?\" \/>\n<meta property=\"og:description\" content=\"Da, este adev\u0103rat c\u0103 Papa Francisc nu s-a uitat la televizor, din 15 iulie 1990, p\u00e2n\u0103 la data mor\u0163ii sale, 21 aprilie 2025. Asta include \u0219i nevizionarea meciurilor jucate de echipa sa preferat\u0103 de fotbal din Buenos Aires. El a ... Cititi mai multe\" \/>\n<meta property=\"og:url\" content=\"https:\/\/www.lovendal.ro\/wp52\/da-este-adevarat-papa-francisc-nu-s-a-mai-uitat-la-televizor-din-1990-de-ce\/\" \/>\n<meta property=\"og:site_name\" content=\"Secretele lui Lovendal\" \/>\n<meta property=\"article:publisher\" content=\"https:\/\/www.facebook.com\/secreteleluilovendal\" \/>\n<meta property=\"article:published_time\" content=\"2025-04-23T11:19:15+00:00\" \/>\n<meta property=\"og:image\" content=\"https:\/\/www.lovendal.ro\/wp52\/wp-content\/uploads\/2025\/04\/papa-Francisc-TV.jpg\" \/>\n\t<meta property=\"og:image:width\" content=\"542\" \/>\n\t<meta property=\"og:image:height\" content=\"301\" \/>\n\t<meta property=\"og:image:type\" content=\"image\/jpeg\" \/>\n<meta name=\"author\" content=\"admin\" \/>\n<meta name=\"twitter:card\" content=\"summary_large_image\" \/>\n<meta name=\"twitter:label1\" content=\"Scris de\" \/>\n\t<meta name=\"twitter:data1\" content=\"admin\" \/>\n\t<meta name=\"twitter:label2\" content=\"Timp estimat pentru citire\" \/>\n\t<meta name=\"twitter:data2\" content=\"2 minute\" \/>\n<script type=\"application\/ld+json\" class=\"yoast-schema-graph\">{\"@context\":\"https:\\\/\\\/schema.org\",\"@graph\":[{\"@type\":\"Article\",\"@id\":\"https:\\\/\\\/www.lovendal.ro\\\/wp52\\\/da-este-adevarat-papa-francisc-nu-s-a-mai-uitat-la-televizor-din-1990-de-ce\\\/#article\",\"isPartOf\":{\"@id\":\"https:\\\/\\\/www.lovendal.ro\\\/wp52\\\/da-este-adevarat-papa-francisc-nu-s-a-mai-uitat-la-televizor-din-1990-de-ce\\\/\"},\"author\":{\"name\":\"admin\",\"@id\":\"https:\\\/\\\/www.lovendal.ro\\\/wp52\\\/#\\\/schema\\\/person\\\/088691de5dfc346bb0c023e1e52ef5d9\"},\"headline\":\"Da, este adev\u0103rat: Papa Francisc nu s-a mai uitat la televizor din 1990. De ce?\",\"datePublished\":\"2025-04-23T11:19:15+00:00\",\"mainEntityOfPage\":{\"@id\":\"https:\\\/\\\/www.lovendal.ro\\\/wp52\\\/da-este-adevarat-papa-francisc-nu-s-a-mai-uitat-la-televizor-din-1990-de-ce\\\/\"},\"wordCount\":288,\"publisher\":{\"@id\":\"https:\\\/\\\/www.lovendal.ro\\\/wp52\\\/#organization\"},\"image\":{\"@id\":\"https:\\\/\\\/www.lovendal.ro\\\/wp52\\\/da-este-adevarat-papa-francisc-nu-s-a-mai-uitat-la-televizor-din-1990-de-ce\\\/#primaryimage\"},\"thumbnailUrl\":\"https:\\\/\\\/www.lovendal.ro\\\/wp52\\\/wp-content\\\/uploads\\\/2025\\\/04\\\/papa-Francisc-TV.jpg\",\"keywords\":[\"Buenos Aires\",\"cardinal\",\"fotbal\",\"papa Francisc\",\"Paranormal-Spiritualitate\",\"pizza\",\"televizor\",\"Vatican\"],\"articleSection\":[\"Paranormal-Spiritualitate\"],\"inLanguage\":\"ro-RO\"},{\"@type\":\"WebPage\",\"@id\":\"https:\\\/\\\/www.lovendal.ro\\\/wp52\\\/da-este-adevarat-papa-francisc-nu-s-a-mai-uitat-la-televizor-din-1990-de-ce\\\/\",\"url\":\"https:\\\/\\\/www.lovendal.ro\\\/wp52\\\/da-este-adevarat-papa-francisc-nu-s-a-mai-uitat-la-televizor-din-1990-de-ce\\\/\",\"name\":\"Da, este adev\u0103rat: Papa Francisc nu s-a mai uitat la televizor din 1990. De ce? - Secretele lui Lovendal\",\"isPartOf\":{\"@id\":\"https:\\\/\\\/www.lovendal.ro\\\/wp52\\\/#website\"},\"primaryImageOfPage\":{\"@id\":\"https:\\\/\\\/www.lovendal.ro\\\/wp52\\\/da-este-adevarat-papa-francisc-nu-s-a-mai-uitat-la-televizor-din-1990-de-ce\\\/#primaryimage\"},\"image\":{\"@id\":\"https:\\\/\\\/www.lovendal.ro\\\/wp52\\\/da-este-adevarat-papa-francisc-nu-s-a-mai-uitat-la-televizor-din-1990-de-ce\\\/#primaryimage\"},\"thumbnailUrl\":\"https:\\\/\\\/www.lovendal.ro\\\/wp52\\\/wp-content\\\/uploads\\\/2025\\\/04\\\/papa-Francisc-TV.jpg\",\"datePublished\":\"2025-04-23T11:19:15+00:00\",\"breadcrumb\":{\"@id\":\"https:\\\/\\\/www.lovendal.ro\\\/wp52\\\/da-este-adevarat-papa-francisc-nu-s-a-mai-uitat-la-televizor-din-1990-de-ce\\\/#breadcrumb\"},\"inLanguage\":\"ro-RO\",\"potentialAction\":[{\"@type\":\"ReadAction\",\"target\":[\"https:\\\/\\\/www.lovendal.ro\\\/wp52\\\/da-este-adevarat-papa-francisc-nu-s-a-mai-uitat-la-televizor-din-1990-de-ce\\\/\"]}]},{\"@type\":\"ImageObject\",\"inLanguage\":\"ro-RO\",\"@id\":\"https:\\\/\\\/www.lovendal.ro\\\/wp52\\\/da-este-adevarat-papa-francisc-nu-s-a-mai-uitat-la-televizor-din-1990-de-ce\\\/#primaryimage\",\"url\":\"https:\\\/\\\/www.lovendal.ro\\\/wp52\\\/wp-content\\\/uploads\\\/2025\\\/04\\\/papa-Francisc-TV.jpg\",\"contentUrl\":\"https:\\\/\\\/www.lovendal.ro\\\/wp52\\\/wp-content\\\/uploads\\\/2025\\\/04\\\/papa-Francisc-TV.jpg\",\"width\":542,\"height\":301},{\"@type\":\"BreadcrumbList\",\"@id\":\"https:\\\/\\\/www.lovendal.ro\\\/wp52\\\/da-este-adevarat-papa-francisc-nu-s-a-mai-uitat-la-televizor-din-1990-de-ce\\\/#breadcrumb\",\"itemListElement\":[{\"@type\":\"ListItem\",\"position\":1,\"name\":\"Home\",\"item\":\"https:\\\/\\\/www.lovendal.ro\\\/wp52\\\/\"},{\"@type\":\"ListItem\",\"position\":2,\"name\":\"Da, este adev\u0103rat: Papa Francisc nu s-a mai uitat la televizor din 1990. De ce?\"}]},{\"@type\":\"WebSite\",\"@id\":\"https:\\\/\\\/www.lovendal.ro\\\/wp52\\\/#website\",\"url\":\"https:\\\/\\\/www.lovendal.ro\\\/wp52\\\/\",\"name\":\"Secretele lui Lovendal\",\"description\":\"Site de secrete, stiinta si metafizica - din 2008 -\",\"publisher\":{\"@id\":\"https:\\\/\\\/www.lovendal.ro\\\/wp52\\\/#organization\"},\"potentialAction\":[{\"@type\":\"SearchAction\",\"target\":{\"@type\":\"EntryPoint\",\"urlTemplate\":\"https:\\\/\\\/www.lovendal.ro\\\/wp52\\\/?s={search_term_string}\"},\"query-input\":{\"@type\":\"PropertyValueSpecification\",\"valueRequired\":true,\"valueName\":\"search_term_string\"}}],\"inLanguage\":\"ro-RO\"},{\"@type\":\"Organization\",\"@id\":\"https:\\\/\\\/www.lovendal.ro\\\/wp52\\\/#organization\",\"name\":\"Secretele lui Lovendal\",\"url\":\"https:\\\/\\\/www.lovendal.ro\\\/wp52\\\/\",\"logo\":{\"@type\":\"ImageObject\",\"inLanguage\":\"ro-RO\",\"@id\":\"https:\\\/\\\/www.lovendal.ro\\\/wp52\\\/#\\\/schema\\\/logo\\\/image\\\/\",\"url\":\"https:\\\/\\\/www.lovendal.ro\\\/wp52\\\/wp-content\\\/uploads\\\/2024\\\/06\\\/cropped-SLL-iun-2024-1.jpg\",\"contentUrl\":\"https:\\\/\\\/www.lovendal.ro\\\/wp52\\\/wp-content\\\/uploads\\\/2024\\\/06\\\/cropped-SLL-iun-2024-1.jpg\",\"width\":771,\"height\":240,\"caption\":\"Secretele lui Lovendal\"},\"image\":{\"@id\":\"https:\\\/\\\/www.lovendal.ro\\\/wp52\\\/#\\\/schema\\\/logo\\\/image\\\/\"},\"sameAs\":[\"https:\\\/\\\/www.facebook.com\\\/secreteleluilovendal\"]},{\"@type\":\"Person\",\"@id\":\"https:\\\/\\\/www.lovendal.ro\\\/wp52\\\/#\\\/schema\\\/person\\\/088691de5dfc346bb0c023e1e52ef5d9\",\"name\":\"admin\",\"image\":{\"@type\":\"ImageObject\",\"inLanguage\":\"ro-RO\",\"@id\":\"https:\\\/\\\/secure.gravatar.com\\\/avatar\\\/ecb9cd41f5f63c9c9b989999a59f6e2639a865ec361e9db054db0679a8f341c2?s=96&d=mm&r=g\",\"url\":\"https:\\\/\\\/secure.gravatar.com\\\/avatar\\\/ecb9cd41f5f63c9c9b989999a59f6e2639a865ec361e9db054db0679a8f341c2?s=96&d=mm&r=g\",\"contentUrl\":\"https:\\\/\\\/secure.gravatar.com\\\/avatar\\\/ecb9cd41f5f63c9c9b989999a59f6e2639a865ec361e9db054db0679a8f341c2?s=96&d=mm&r=g\",\"caption\":\"admin\"},\"sameAs\":[\"https:\\\/\\\/www.lovendal.ro\\\/wp52\"]}]}<\/script>\n<!-- \/ Yoast SEO Premium plugin. -->","yoast_head_json":{"title":"Da, este adev\u0103rat: Papa Francisc nu s-a mai uitat la televizor din 1990. De ce? - Secretele lui Lovendal","robots":{"index":"index","follow":"follow","max-snippet":"max-snippet:-1","max-image-preview":"max-image-preview:large","max-video-preview":"max-video-preview:-1"},"canonical":"https:\/\/www.lovendal.ro\/wp52\/da-este-adevarat-papa-francisc-nu-s-a-mai-uitat-la-televizor-din-1990-de-ce\/","og_locale":"ro_RO","og_type":"article","og_title":"Da, este adev\u0103rat: Papa Francisc nu s-a mai uitat la televizor din 1990. De ce?","og_description":"Da, este adev\u0103rat c\u0103 Papa Francisc nu s-a uitat la televizor, din 15 iulie 1990, p\u00e2n\u0103 la data mor\u0163ii sale, 21 aprilie 2025. Asta include \u0219i nevizionarea meciurilor jucate de echipa sa preferat\u0103 de fotbal din Buenos Aires. El a ... Cititi mai multe","og_url":"https:\/\/www.lovendal.ro\/wp52\/da-este-adevarat-papa-francisc-nu-s-a-mai-uitat-la-televizor-din-1990-de-ce\/","og_site_name":"Secretele lui Lovendal","article_publisher":"https:\/\/www.facebook.com\/secreteleluilovendal","article_published_time":"2025-04-23T11:19:15+00:00","og_image":[{"width":542,"height":301,"url":"https:\/\/www.lovendal.ro\/wp52\/wp-content\/uploads\/2025\/04\/papa-Francisc-TV.jpg","type":"image\/jpeg"}],"author":"admin","twitter_card":"summary_large_image","twitter_misc":{"Scris de":"admin","Timp estimat pentru citire":"2 minute"},"schema":{"@context":"https:\/\/schema.org","@graph":[{"@type":"Article","@id":"https:\/\/www.lovendal.ro\/wp52\/da-este-adevarat-papa-francisc-nu-s-a-mai-uitat-la-televizor-din-1990-de-ce\/#article","isPartOf":{"@id":"https:\/\/www.lovendal.ro\/wp52\/da-este-adevarat-papa-francisc-nu-s-a-mai-uitat-la-televizor-din-1990-de-ce\/"},"author":{"name":"admin","@id":"https:\/\/www.lovendal.ro\/wp52\/#\/schema\/person\/088691de5dfc346bb0c023e1e52ef5d9"},"headline":"Da, este adev\u0103rat: Papa Francisc nu s-a mai uitat la televizor din 1990. De ce?","datePublished":"2025-04-23T11:19:15+00:00","mainEntityOfPage":{"@id":"https:\/\/www.lovendal.ro\/wp52\/da-este-adevarat-papa-francisc-nu-s-a-mai-uitat-la-televizor-din-1990-de-ce\/"},"wordCount":288,"publisher":{"@id":"https:\/\/www.lovendal.ro\/wp52\/#organization"},"image":{"@id":"https:\/\/www.lovendal.ro\/wp52\/da-este-adevarat-papa-francisc-nu-s-a-mai-uitat-la-televizor-din-1990-de-ce\/#primaryimage"},"thumbnailUrl":"https:\/\/www.lovendal.ro\/wp52\/wp-content\/uploads\/2025\/04\/papa-Francisc-TV.jpg","keywords":["Buenos Aires","cardinal","fotbal","papa Francisc","Paranormal-Spiritualitate","pizza","televizor","Vatican"],"articleSection":["Paranormal-Spiritualitate"],"inLanguage":"ro-RO"},{"@type":"WebPage","@id":"https:\/\/www.lovendal.ro\/wp52\/da-este-adevarat-papa-francisc-nu-s-a-mai-uitat-la-televizor-din-1990-de-ce\/","url":"https:\/\/www.lovendal.ro\/wp52\/da-este-adevarat-papa-francisc-nu-s-a-mai-uitat-la-televizor-din-1990-de-ce\/","name":"Da, este adev\u0103rat: Papa Francisc nu s-a mai uitat la televizor din 1990. De ce? - Secretele lui Lovendal","isPartOf":{"@id":"https:\/\/www.lovendal.ro\/wp52\/#website"},"primaryImageOfPage":{"@id":"https:\/\/www.lovendal.ro\/wp52\/da-este-adevarat-papa-francisc-nu-s-a-mai-uitat-la-televizor-din-1990-de-ce\/#primaryimage"},"image":{"@id":"https:\/\/www.lovendal.ro\/wp52\/da-este-adevarat-papa-francisc-nu-s-a-mai-uitat-la-televizor-din-1990-de-ce\/#primaryimage"},"thumbnailUrl":"https:\/\/www.lovendal.ro\/wp52\/wp-content\/uploads\/2025\/04\/papa-Francisc-TV.jpg","datePublished":"2025-04-23T11:19:15+00:00","breadcrumb":{"@id":"https:\/\/www.lovendal.ro\/wp52\/da-este-adevarat-papa-francisc-nu-s-a-mai-uitat-la-televizor-din-1990-de-ce\/#breadcrumb"},"inLanguage":"ro-RO","potentialAction":[{"@type":"ReadAction","target":["https:\/\/www.lovendal.ro\/wp52\/da-este-adevarat-papa-francisc-nu-s-a-mai-uitat-la-televizor-din-1990-de-ce\/"]}]},{"@type":"ImageObject","inLanguage":"ro-RO","@id":"https:\/\/www.lovendal.ro\/wp52\/da-este-adevarat-papa-francisc-nu-s-a-mai-uitat-la-televizor-din-1990-de-ce\/#primaryimage","url":"https:\/\/www.lovendal.ro\/wp52\/wp-content\/uploads\/2025\/04\/papa-Francisc-TV.jpg","contentUrl":"https:\/\/www.lovendal.ro\/wp52\/wp-content\/uploads\/2025\/04\/papa-Francisc-TV.jpg","width":542,"height":301},{"@type":"BreadcrumbList","@id":"https:\/\/www.lovendal.ro\/wp52\/da-este-adevarat-papa-francisc-nu-s-a-mai-uitat-la-televizor-din-1990-de-ce\/#breadcrumb","itemListElement":[{"@type":"ListItem","position":1,"name":"Home","item":"https:\/\/www.lovendal.ro\/wp52\/"},{"@type":"ListItem","position":2,"name":"Da, este adev\u0103rat: Papa Francisc nu s-a mai uitat la televizor din 1990. De ce?"}]},{"@type":"WebSite","@id":"https:\/\/www.lovendal.ro\/wp52\/#website","url":"https:\/\/www.lovendal.ro\/wp52\/","name":"Secretele lui Lovendal","description":"Site de secrete, stiinta si metafizica - din 2008 -","publisher":{"@id":"https:\/\/www.lovendal.ro\/wp52\/#organization"},"potentialAction":[{"@type":"SearchAction","target":{"@type":"EntryPoint","urlTemplate":"https:\/\/www.lovendal.ro\/wp52\/?s={search_term_string}"},"query-input":{"@type":"PropertyValueSpecification","valueRequired":true,"valueName":"search_term_string"}}],"inLanguage":"ro-RO"},{"@type":"Organization","@id":"https:\/\/www.lovendal.ro\/wp52\/#organization","name":"Secretele lui Lovendal","url":"https:\/\/www.lovendal.ro\/wp52\/","logo":{"@type":"ImageObject","inLanguage":"ro-RO","@id":"https:\/\/www.lovendal.ro\/wp52\/#\/schema\/logo\/image\/","url":"https:\/\/www.lovendal.ro\/wp52\/wp-content\/uploads\/2024\/06\/cropped-SLL-iun-2024-1.jpg","contentUrl":"https:\/\/www.lovendal.ro\/wp52\/wp-content\/uploads\/2024\/06\/cropped-SLL-iun-2024-1.jpg","width":771,"height":240,"caption":"Secretele lui Lovendal"},"image":{"@id":"https:\/\/www.lovendal.ro\/wp52\/#\/schema\/logo\/image\/"},"sameAs":["https:\/\/www.facebook.com\/secreteleluilovendal"]},{"@type":"Person","@id":"https:\/\/www.lovendal.ro\/wp52\/#\/schema\/person\/088691de5dfc346bb0c023e1e52ef5d9","name":"admin","image":{"@type":"ImageObject","inLanguage":"ro-RO","@id":"https:\/\/secure.gravatar.com\/avatar\/ecb9cd41f5f63c9c9b989999a59f6e2639a865ec361e9db054db0679a8f341c2?s=96&d=mm&r=g","url":"https:\/\/secure.gravatar.com\/avatar\/ecb9cd41f5f63c9c9b989999a59f6e2639a865ec361e9db054db0679a8f341c2?s=96&d=mm&r=g","contentUrl":"https:\/\/secure.gravatar.com\/avatar\/ecb9cd41f5f63c9c9b989999a59f6e2639a865ec361e9db054db0679a8f341c2?s=96&d=mm&r=g","caption":"admin"},"sameAs":["https:\/\/www.lovendal.ro\/wp52"]}]}},"_links":{"self":[{"href":"https:\/\/www.lovendal.ro\/wp52\/wp-json\/wp\/v2\/posts\/97618","targetHints":{"allow":["GET"]}}],"collection":[{"href":"https:\/\/www.lovendal.ro\/wp52\/wp-json\/wp\/v2\/posts"}],"about":[{"href":"https:\/\/www.lovendal.ro\/wp52\/wp-json\/wp\/v2\/types\/post"}],"author":[{"embeddable":true,"href":"https:\/\/www.lovendal.ro\/wp52\/wp-json\/wp\/v2\/users\/1"}],"replies":[{"embeddable":true,"href":"https:\/\/www.lovendal.ro\/wp52\/wp-json\/wp\/v2\/comments?post=97618"}],"version-history":[{"count":1,"href":"https:\/\/www.lovendal.ro\/wp52\/wp-json\/wp\/v2\/posts\/97618\/revisions"}],"predecessor-version":[{"id":97620,"href":"https:\/\/www.lovendal.ro\/wp52\/wp-json\/wp\/v2\/posts\/97618\/revisions\/97620"}],"wp:featuredmedia":[{"embeddable":true,"href":"https:\/\/www.lovendal.ro\/wp52\/wp-json\/wp\/v2\/media\/97619"}],"wp:attachment":[{"href":"https:\/\/www.lovendal.ro\/wp52\/wp-json\/wp\/v2\/media?parent=97618"}],"wp:term":[{"taxonomy":"category","embeddable":true,"href":"https:\/\/www.lovendal.ro\/wp52\/wp-json\/wp\/v2\/categories?post=97618"},{"taxonomy":"post_tag","embeddable":true,"href":"https:\/\/www.lovendal.ro\/wp52\/wp-json\/wp\/v2\/tags?post=97618"}],"curies":[{"name":"wp","href":"https:\/\/api.w.org\/{rel}","templated":true}]}}