{"id":97567,"date":"2025-04-18T22:44:16","date_gmt":"2025-04-18T19:44:16","guid":{"rendered":"https:\/\/www.lovendal.ro\/wp52\/?p=97567"},"modified":"2025-04-18T22:44:16","modified_gmt":"2025-04-18T19:44:16","slug":"de-ce-s-a-facut-intuneric-in-timpul-rastignirii-lui-iisus-din-miezul-zilei-n-a-fost-eclipsa-de-soare-caci-a-durat-3-ore","status":"publish","type":"post","link":"https:\/\/www.lovendal.ro\/wp52\/de-ce-s-a-facut-intuneric-in-timpul-rastignirii-lui-iisus-din-miezul-zilei-n-a-fost-eclipsa-de-soare-caci-a-durat-3-ore\/","title":{"rendered":"De ce s-a f\u0103cut \u00eentuneric \u00een timpul r\u0103stignirii lui Iisus din miezul zilei? N-a fost eclips\u0103 de Soare, c\u0103ci a durat 3 ore&#8230;"},"content":{"rendered":"<p><a href=\"https:\/\/www.lovendal.ro\/wp52\/wp-content\/uploads\/2025\/04\/intuneric-crucificare-Iisus.jpg\"><img loading=\"lazy\" decoding=\"async\" class=\"alignleft  wp-image-97568\" src=\"https:\/\/www.lovendal.ro\/wp52\/wp-content\/uploads\/2025\/04\/intuneric-crucificare-Iisus.jpg\" alt=\"\" width=\"354\" height=\"254\" srcset=\"https:\/\/www.lovendal.ro\/wp52\/wp-content\/uploads\/2025\/04\/intuneric-crucificare-Iisus.jpg 526w, https:\/\/www.lovendal.ro\/wp52\/wp-content\/uploads\/2025\/04\/intuneric-crucificare-Iisus-300x215.jpg 300w\" sizes=\"auto, (max-width: 354px) 100vw, 354px\" \/><\/a>Cerul s-a \u00eentunecat \u00een timpul r\u0103stignirii lui Iisus &#8211; dar nu a avut loc nicio eclips\u0103. Conform Evangheliei dup\u0103 Luca, <em>&#8222;\u00eentunericul s-a ab\u0103tut peste tot p\u0103m\u00e2ntul de la pr\u00e2nz p\u00e2n\u0103 la trei dup\u0103-amiaza&#8221;<\/em>, c\u00e2nd Iisus at\u00e2rna pe cruce. Dar iat\u0103 misterul: Pa\u0219tele, timpul crucific\u0103rii, are loc \u00eentotdeauna \u00een timpul Lunii pline &#8211; f\u0103c\u00e2nd o eclips\u0103 de Soare imposibil\u0103 din punct de vedere astronomic. \u00cen plus, acest \u00eentuneric a fost cu siguran\u021b\u0103 rezultatul interven\u021biei directe a lui Dumnezeu, deoarece durata maxim\u0103 pentru o eclips\u0103 total\u0103 de Soare este de 7 minute, nu de 3 ore, iar la latitudinea Ierusalimului durata maxim\u0103 este \u0219i mai mic\u0103. Deci, ce a cauzat acest \u00eentuneric terifiant?<\/p>\n<p>Istoricii \u0219i oamenii de \u0219tiin\u021b\u0103 au dezb\u0103tut posibilit\u0103\u021bi: o furtun\u0103 masiv\u0103 de praf, un eveniment supranatural sau o nara\u021biune simbolic\u0103. Dar niciunul nu ofer\u0103 o dovad\u0103 definitiv\u0103. Acest \u00eentuneric inexplicabil r\u0103m\u00e2ne unul dintre cele mai b\u00e2ntuitoare mistere cere\u0219ti din \u00eenregistr\u0103rile religioase \u0219i istorice.<\/p>\n<p>A\u015fadar, despre ce-a fost vorba?<\/p>\n","protected":false},"excerpt":{"rendered":"<p>Cerul s-a \u00eentunecat \u00een timpul r\u0103stignirii lui Iisus &#8211; dar nu a avut loc nicio eclips\u0103. Conform Evangheliei dup\u0103 Luca, &#8222;\u00eentunericul s-a ab\u0103tut peste tot p\u0103m\u00e2ntul de la pr\u00e2nz p\u00e2n\u0103 la trei dup\u0103-amiaza&#8221;, c\u00e2nd Iisus at\u00e2rna pe cruce. Dar iat\u0103 &#8230; <\/p>\n<p class=\"read-more-container\"><a title=\"De ce s-a f\u0103cut \u00eentuneric \u00een timpul r\u0103stignirii lui Iisus din miezul zilei? N-a fost eclips\u0103 de Soare, c\u0103ci a durat 3 ore&#8230;\" class=\"read-more button\" href=\"https:\/\/www.lovendal.ro\/wp52\/de-ce-s-a-facut-intuneric-in-timpul-rastignirii-lui-iisus-din-miezul-zilei-n-a-fost-eclipsa-de-soare-caci-a-durat-3-ore\/#more-97567\" aria-label=\"Cite\u0219te mai multe despre De ce s-a f\u0103cut \u00eentuneric \u00een timpul r\u0103stignirii lui Iisus din miezul zilei? N-a fost eclips\u0103 de Soare, c\u0103ci a durat 3 ore&#8230;\">Cititi mai multe<\/a><\/p>\n","protected":false},"author":1,"featured_media":97568,"comment_status":"closed","ping_status":"open","sticky":false,"template":"","format":"standard","meta":{"footnotes":""},"categories":[14],"tags":[323,1494,15054,2095,210,4431,149,9796,6987,2985],"class_list":["post-97567","post","type-post","status-publish","format-standard","has-post-thumbnail","hentry","category-paranormal-spiritualitate","tag-dumnezeu","tag-eclipsa-de-soare","tag-evanghelia","tag-ierusalim","tag-iisus-hristos","tag-intuneric","tag-luna","tag-paranormal-spiritualitate","tag-praf","tag-rastignire","resize-featured-image"],"yoast_head":"<!-- This site is optimized with the Yoast SEO Premium plugin v23.3 (Yoast SEO v27.4) - https:\/\/yoast.com\/product\/yoast-seo-premium-wordpress\/ -->\n<title>De ce s-a f\u0103cut \u00eentuneric \u00een timpul r\u0103stignirii lui Iisus din miezul zilei? N-a fost eclips\u0103 de Soare, c\u0103ci a durat 3 ore... - Secretele lui Lovendal<\/title>\n<meta name=\"robots\" content=\"index, follow, max-snippet:-1, max-image-preview:large, max-video-preview:-1\" \/>\n<link rel=\"canonical\" href=\"https:\/\/www.lovendal.ro\/wp52\/de-ce-s-a-facut-intuneric-in-timpul-rastignirii-lui-iisus-din-miezul-zilei-n-a-fost-eclipsa-de-soare-caci-a-durat-3-ore\/\" \/>\n<meta property=\"og:locale\" content=\"ro_RO\" \/>\n<meta property=\"og:type\" content=\"article\" \/>\n<meta property=\"og:title\" content=\"De ce s-a f\u0103cut \u00eentuneric \u00een timpul r\u0103stignirii lui Iisus din miezul zilei? N-a fost eclips\u0103 de Soare, c\u0103ci a durat 3 ore...\" \/>\n<meta property=\"og:description\" content=\"Cerul s-a \u00eentunecat \u00een timpul r\u0103stignirii lui Iisus &#8211; dar nu a avut loc nicio eclips\u0103. Conform Evangheliei dup\u0103 Luca, &#8222;\u00eentunericul s-a ab\u0103tut peste tot p\u0103m\u00e2ntul de la pr\u00e2nz p\u00e2n\u0103 la trei dup\u0103-amiaza&#8221;, c\u00e2nd Iisus at\u00e2rna pe cruce. Dar iat\u0103 ... Cititi mai multe\" \/>\n<meta property=\"og:url\" content=\"https:\/\/www.lovendal.ro\/wp52\/de-ce-s-a-facut-intuneric-in-timpul-rastignirii-lui-iisus-din-miezul-zilei-n-a-fost-eclipsa-de-soare-caci-a-durat-3-ore\/\" \/>\n<meta property=\"og:site_name\" content=\"Secretele lui Lovendal\" \/>\n<meta property=\"article:publisher\" content=\"https:\/\/www.facebook.com\/secreteleluilovendal\" \/>\n<meta property=\"article:published_time\" content=\"2025-04-18T19:44:16+00:00\" \/>\n<meta property=\"og:image\" content=\"https:\/\/www.lovendal.ro\/wp52\/wp-content\/uploads\/2025\/04\/intuneric-crucificare-Iisus.jpg\" \/>\n\t<meta property=\"og:image:width\" content=\"526\" \/>\n\t<meta property=\"og:image:height\" content=\"377\" \/>\n\t<meta property=\"og:image:type\" content=\"image\/jpeg\" \/>\n<meta name=\"author\" content=\"admin\" \/>\n<meta name=\"twitter:card\" content=\"summary_large_image\" \/>\n<meta name=\"twitter:label1\" content=\"Scris de\" \/>\n\t<meta name=\"twitter:data1\" content=\"admin\" \/>\n\t<meta name=\"twitter:label2\" content=\"Timp estimat pentru citire\" \/>\n\t<meta name=\"twitter:data2\" content=\"2 minute\" \/>\n<script type=\"application\/ld+json\" class=\"yoast-schema-graph\">{\"@context\":\"https:\\\/\\\/schema.org\",\"@graph\":[{\"@type\":\"Article\",\"@id\":\"https:\\\/\\\/www.lovendal.ro\\\/wp52\\\/de-ce-s-a-facut-intuneric-in-timpul-rastignirii-lui-iisus-din-miezul-zilei-n-a-fost-eclipsa-de-soare-caci-a-durat-3-ore\\\/#article\",\"isPartOf\":{\"@id\":\"https:\\\/\\\/www.lovendal.ro\\\/wp52\\\/de-ce-s-a-facut-intuneric-in-timpul-rastignirii-lui-iisus-din-miezul-zilei-n-a-fost-eclipsa-de-soare-caci-a-durat-3-ore\\\/\"},\"author\":{\"name\":\"admin\",\"@id\":\"https:\\\/\\\/www.lovendal.ro\\\/wp52\\\/#\\\/schema\\\/person\\\/088691de5dfc346bb0c023e1e52ef5d9\"},\"headline\":\"De ce s-a f\u0103cut \u00eentuneric \u00een timpul r\u0103stignirii lui Iisus din miezul zilei? N-a fost eclips\u0103 de Soare, c\u0103ci a durat 3 ore&#8230;\",\"datePublished\":\"2025-04-18T19:44:16+00:00\",\"mainEntityOfPage\":{\"@id\":\"https:\\\/\\\/www.lovendal.ro\\\/wp52\\\/de-ce-s-a-facut-intuneric-in-timpul-rastignirii-lui-iisus-din-miezul-zilei-n-a-fost-eclipsa-de-soare-caci-a-durat-3-ore\\\/\"},\"wordCount\":205,\"publisher\":{\"@id\":\"https:\\\/\\\/www.lovendal.ro\\\/wp52\\\/#organization\"},\"image\":{\"@id\":\"https:\\\/\\\/www.lovendal.ro\\\/wp52\\\/de-ce-s-a-facut-intuneric-in-timpul-rastignirii-lui-iisus-din-miezul-zilei-n-a-fost-eclipsa-de-soare-caci-a-durat-3-ore\\\/#primaryimage\"},\"thumbnailUrl\":\"https:\\\/\\\/www.lovendal.ro\\\/wp52\\\/wp-content\\\/uploads\\\/2025\\\/04\\\/intuneric-crucificare-Iisus.jpg\",\"keywords\":[\"Dumnezeu\",\"eclips\u0103 de soare\",\"Evanghelia\",\"Ierusalim\",\"Iisus Hristos\",\"\u00eentuneric\",\"Lun\u0103\",\"Paranormal-Spiritualitate\",\"praf\",\"r\u0103stignire\"],\"articleSection\":[\"Paranormal-Spiritualitate\"],\"inLanguage\":\"ro-RO\"},{\"@type\":\"WebPage\",\"@id\":\"https:\\\/\\\/www.lovendal.ro\\\/wp52\\\/de-ce-s-a-facut-intuneric-in-timpul-rastignirii-lui-iisus-din-miezul-zilei-n-a-fost-eclipsa-de-soare-caci-a-durat-3-ore\\\/\",\"url\":\"https:\\\/\\\/www.lovendal.ro\\\/wp52\\\/de-ce-s-a-facut-intuneric-in-timpul-rastignirii-lui-iisus-din-miezul-zilei-n-a-fost-eclipsa-de-soare-caci-a-durat-3-ore\\\/\",\"name\":\"De ce s-a f\u0103cut \u00eentuneric \u00een timpul r\u0103stignirii lui Iisus din miezul zilei? N-a fost eclips\u0103 de Soare, c\u0103ci a durat 3 ore... - Secretele lui Lovendal\",\"isPartOf\":{\"@id\":\"https:\\\/\\\/www.lovendal.ro\\\/wp52\\\/#website\"},\"primaryImageOfPage\":{\"@id\":\"https:\\\/\\\/www.lovendal.ro\\\/wp52\\\/de-ce-s-a-facut-intuneric-in-timpul-rastignirii-lui-iisus-din-miezul-zilei-n-a-fost-eclipsa-de-soare-caci-a-durat-3-ore\\\/#primaryimage\"},\"image\":{\"@id\":\"https:\\\/\\\/www.lovendal.ro\\\/wp52\\\/de-ce-s-a-facut-intuneric-in-timpul-rastignirii-lui-iisus-din-miezul-zilei-n-a-fost-eclipsa-de-soare-caci-a-durat-3-ore\\\/#primaryimage\"},\"thumbnailUrl\":\"https:\\\/\\\/www.lovendal.ro\\\/wp52\\\/wp-content\\\/uploads\\\/2025\\\/04\\\/intuneric-crucificare-Iisus.jpg\",\"datePublished\":\"2025-04-18T19:44:16+00:00\",\"breadcrumb\":{\"@id\":\"https:\\\/\\\/www.lovendal.ro\\\/wp52\\\/de-ce-s-a-facut-intuneric-in-timpul-rastignirii-lui-iisus-din-miezul-zilei-n-a-fost-eclipsa-de-soare-caci-a-durat-3-ore\\\/#breadcrumb\"},\"inLanguage\":\"ro-RO\",\"potentialAction\":[{\"@type\":\"ReadAction\",\"target\":[\"https:\\\/\\\/www.lovendal.ro\\\/wp52\\\/de-ce-s-a-facut-intuneric-in-timpul-rastignirii-lui-iisus-din-miezul-zilei-n-a-fost-eclipsa-de-soare-caci-a-durat-3-ore\\\/\"]}]},{\"@type\":\"ImageObject\",\"inLanguage\":\"ro-RO\",\"@id\":\"https:\\\/\\\/www.lovendal.ro\\\/wp52\\\/de-ce-s-a-facut-intuneric-in-timpul-rastignirii-lui-iisus-din-miezul-zilei-n-a-fost-eclipsa-de-soare-caci-a-durat-3-ore\\\/#primaryimage\",\"url\":\"https:\\\/\\\/www.lovendal.ro\\\/wp52\\\/wp-content\\\/uploads\\\/2025\\\/04\\\/intuneric-crucificare-Iisus.jpg\",\"contentUrl\":\"https:\\\/\\\/www.lovendal.ro\\\/wp52\\\/wp-content\\\/uploads\\\/2025\\\/04\\\/intuneric-crucificare-Iisus.jpg\",\"width\":526,\"height\":377},{\"@type\":\"BreadcrumbList\",\"@id\":\"https:\\\/\\\/www.lovendal.ro\\\/wp52\\\/de-ce-s-a-facut-intuneric-in-timpul-rastignirii-lui-iisus-din-miezul-zilei-n-a-fost-eclipsa-de-soare-caci-a-durat-3-ore\\\/#breadcrumb\",\"itemListElement\":[{\"@type\":\"ListItem\",\"position\":1,\"name\":\"Home\",\"item\":\"https:\\\/\\\/www.lovendal.ro\\\/wp52\\\/\"},{\"@type\":\"ListItem\",\"position\":2,\"name\":\"De ce s-a f\u0103cut \u00eentuneric \u00een timpul r\u0103stignirii lui Iisus din miezul zilei? N-a fost eclips\u0103 de Soare, c\u0103ci a durat 3 ore&#8230;\"}]},{\"@type\":\"WebSite\",\"@id\":\"https:\\\/\\\/www.lovendal.ro\\\/wp52\\\/#website\",\"url\":\"https:\\\/\\\/www.lovendal.ro\\\/wp52\\\/\",\"name\":\"Secretele lui Lovendal\",\"description\":\"Site de secrete, stiinta si metafizica - din 2008 -\",\"publisher\":{\"@id\":\"https:\\\/\\\/www.lovendal.ro\\\/wp52\\\/#organization\"},\"potentialAction\":[{\"@type\":\"SearchAction\",\"target\":{\"@type\":\"EntryPoint\",\"urlTemplate\":\"https:\\\/\\\/www.lovendal.ro\\\/wp52\\\/?s={search_term_string}\"},\"query-input\":{\"@type\":\"PropertyValueSpecification\",\"valueRequired\":true,\"valueName\":\"search_term_string\"}}],\"inLanguage\":\"ro-RO\"},{\"@type\":\"Organization\",\"@id\":\"https:\\\/\\\/www.lovendal.ro\\\/wp52\\\/#organization\",\"name\":\"Secretele lui Lovendal\",\"url\":\"https:\\\/\\\/www.lovendal.ro\\\/wp52\\\/\",\"logo\":{\"@type\":\"ImageObject\",\"inLanguage\":\"ro-RO\",\"@id\":\"https:\\\/\\\/www.lovendal.ro\\\/wp52\\\/#\\\/schema\\\/logo\\\/image\\\/\",\"url\":\"https:\\\/\\\/www.lovendal.ro\\\/wp52\\\/wp-content\\\/uploads\\\/2024\\\/06\\\/cropped-SLL-iun-2024-1.jpg\",\"contentUrl\":\"https:\\\/\\\/www.lovendal.ro\\\/wp52\\\/wp-content\\\/uploads\\\/2024\\\/06\\\/cropped-SLL-iun-2024-1.jpg\",\"width\":771,\"height\":240,\"caption\":\"Secretele lui Lovendal\"},\"image\":{\"@id\":\"https:\\\/\\\/www.lovendal.ro\\\/wp52\\\/#\\\/schema\\\/logo\\\/image\\\/\"},\"sameAs\":[\"https:\\\/\\\/www.facebook.com\\\/secreteleluilovendal\"]},{\"@type\":\"Person\",\"@id\":\"https:\\\/\\\/www.lovendal.ro\\\/wp52\\\/#\\\/schema\\\/person\\\/088691de5dfc346bb0c023e1e52ef5d9\",\"name\":\"admin\",\"image\":{\"@type\":\"ImageObject\",\"inLanguage\":\"ro-RO\",\"@id\":\"https:\\\/\\\/secure.gravatar.com\\\/avatar\\\/ecb9cd41f5f63c9c9b989999a59f6e2639a865ec361e9db054db0679a8f341c2?s=96&d=mm&r=g\",\"url\":\"https:\\\/\\\/secure.gravatar.com\\\/avatar\\\/ecb9cd41f5f63c9c9b989999a59f6e2639a865ec361e9db054db0679a8f341c2?s=96&d=mm&r=g\",\"contentUrl\":\"https:\\\/\\\/secure.gravatar.com\\\/avatar\\\/ecb9cd41f5f63c9c9b989999a59f6e2639a865ec361e9db054db0679a8f341c2?s=96&d=mm&r=g\",\"caption\":\"admin\"},\"sameAs\":[\"https:\\\/\\\/www.lovendal.ro\\\/wp52\"]}]}<\/script>\n<!-- \/ Yoast SEO Premium plugin. -->","yoast_head_json":{"title":"De ce s-a f\u0103cut \u00eentuneric \u00een timpul r\u0103stignirii lui Iisus din miezul zilei? N-a fost eclips\u0103 de Soare, c\u0103ci a durat 3 ore... - Secretele lui Lovendal","robots":{"index":"index","follow":"follow","max-snippet":"max-snippet:-1","max-image-preview":"max-image-preview:large","max-video-preview":"max-video-preview:-1"},"canonical":"https:\/\/www.lovendal.ro\/wp52\/de-ce-s-a-facut-intuneric-in-timpul-rastignirii-lui-iisus-din-miezul-zilei-n-a-fost-eclipsa-de-soare-caci-a-durat-3-ore\/","og_locale":"ro_RO","og_type":"article","og_title":"De ce s-a f\u0103cut \u00eentuneric \u00een timpul r\u0103stignirii lui Iisus din miezul zilei? N-a fost eclips\u0103 de Soare, c\u0103ci a durat 3 ore...","og_description":"Cerul s-a \u00eentunecat \u00een timpul r\u0103stignirii lui Iisus &#8211; dar nu a avut loc nicio eclips\u0103. Conform Evangheliei dup\u0103 Luca, &#8222;\u00eentunericul s-a ab\u0103tut peste tot p\u0103m\u00e2ntul de la pr\u00e2nz p\u00e2n\u0103 la trei dup\u0103-amiaza&#8221;, c\u00e2nd Iisus at\u00e2rna pe cruce. Dar iat\u0103 ... Cititi mai multe","og_url":"https:\/\/www.lovendal.ro\/wp52\/de-ce-s-a-facut-intuneric-in-timpul-rastignirii-lui-iisus-din-miezul-zilei-n-a-fost-eclipsa-de-soare-caci-a-durat-3-ore\/","og_site_name":"Secretele lui Lovendal","article_publisher":"https:\/\/www.facebook.com\/secreteleluilovendal","article_published_time":"2025-04-18T19:44:16+00:00","og_image":[{"width":526,"height":377,"url":"https:\/\/www.lovendal.ro\/wp52\/wp-content\/uploads\/2025\/04\/intuneric-crucificare-Iisus.jpg","type":"image\/jpeg"}],"author":"admin","twitter_card":"summary_large_image","twitter_misc":{"Scris de":"admin","Timp estimat pentru citire":"2 minute"},"schema":{"@context":"https:\/\/schema.org","@graph":[{"@type":"Article","@id":"https:\/\/www.lovendal.ro\/wp52\/de-ce-s-a-facut-intuneric-in-timpul-rastignirii-lui-iisus-din-miezul-zilei-n-a-fost-eclipsa-de-soare-caci-a-durat-3-ore\/#article","isPartOf":{"@id":"https:\/\/www.lovendal.ro\/wp52\/de-ce-s-a-facut-intuneric-in-timpul-rastignirii-lui-iisus-din-miezul-zilei-n-a-fost-eclipsa-de-soare-caci-a-durat-3-ore\/"},"author":{"name":"admin","@id":"https:\/\/www.lovendal.ro\/wp52\/#\/schema\/person\/088691de5dfc346bb0c023e1e52ef5d9"},"headline":"De ce s-a f\u0103cut \u00eentuneric \u00een timpul r\u0103stignirii lui Iisus din miezul zilei? N-a fost eclips\u0103 de Soare, c\u0103ci a durat 3 ore&#8230;","datePublished":"2025-04-18T19:44:16+00:00","mainEntityOfPage":{"@id":"https:\/\/www.lovendal.ro\/wp52\/de-ce-s-a-facut-intuneric-in-timpul-rastignirii-lui-iisus-din-miezul-zilei-n-a-fost-eclipsa-de-soare-caci-a-durat-3-ore\/"},"wordCount":205,"publisher":{"@id":"https:\/\/www.lovendal.ro\/wp52\/#organization"},"image":{"@id":"https:\/\/www.lovendal.ro\/wp52\/de-ce-s-a-facut-intuneric-in-timpul-rastignirii-lui-iisus-din-miezul-zilei-n-a-fost-eclipsa-de-soare-caci-a-durat-3-ore\/#primaryimage"},"thumbnailUrl":"https:\/\/www.lovendal.ro\/wp52\/wp-content\/uploads\/2025\/04\/intuneric-crucificare-Iisus.jpg","keywords":["Dumnezeu","eclips\u0103 de soare","Evanghelia","Ierusalim","Iisus Hristos","\u00eentuneric","Lun\u0103","Paranormal-Spiritualitate","praf","r\u0103stignire"],"articleSection":["Paranormal-Spiritualitate"],"inLanguage":"ro-RO"},{"@type":"WebPage","@id":"https:\/\/www.lovendal.ro\/wp52\/de-ce-s-a-facut-intuneric-in-timpul-rastignirii-lui-iisus-din-miezul-zilei-n-a-fost-eclipsa-de-soare-caci-a-durat-3-ore\/","url":"https:\/\/www.lovendal.ro\/wp52\/de-ce-s-a-facut-intuneric-in-timpul-rastignirii-lui-iisus-din-miezul-zilei-n-a-fost-eclipsa-de-soare-caci-a-durat-3-ore\/","name":"De ce s-a f\u0103cut \u00eentuneric \u00een timpul r\u0103stignirii lui Iisus din miezul zilei? N-a fost eclips\u0103 de Soare, c\u0103ci a durat 3 ore... - Secretele lui Lovendal","isPartOf":{"@id":"https:\/\/www.lovendal.ro\/wp52\/#website"},"primaryImageOfPage":{"@id":"https:\/\/www.lovendal.ro\/wp52\/de-ce-s-a-facut-intuneric-in-timpul-rastignirii-lui-iisus-din-miezul-zilei-n-a-fost-eclipsa-de-soare-caci-a-durat-3-ore\/#primaryimage"},"image":{"@id":"https:\/\/www.lovendal.ro\/wp52\/de-ce-s-a-facut-intuneric-in-timpul-rastignirii-lui-iisus-din-miezul-zilei-n-a-fost-eclipsa-de-soare-caci-a-durat-3-ore\/#primaryimage"},"thumbnailUrl":"https:\/\/www.lovendal.ro\/wp52\/wp-content\/uploads\/2025\/04\/intuneric-crucificare-Iisus.jpg","datePublished":"2025-04-18T19:44:16+00:00","breadcrumb":{"@id":"https:\/\/www.lovendal.ro\/wp52\/de-ce-s-a-facut-intuneric-in-timpul-rastignirii-lui-iisus-din-miezul-zilei-n-a-fost-eclipsa-de-soare-caci-a-durat-3-ore\/#breadcrumb"},"inLanguage":"ro-RO","potentialAction":[{"@type":"ReadAction","target":["https:\/\/www.lovendal.ro\/wp52\/de-ce-s-a-facut-intuneric-in-timpul-rastignirii-lui-iisus-din-miezul-zilei-n-a-fost-eclipsa-de-soare-caci-a-durat-3-ore\/"]}]},{"@type":"ImageObject","inLanguage":"ro-RO","@id":"https:\/\/www.lovendal.ro\/wp52\/de-ce-s-a-facut-intuneric-in-timpul-rastignirii-lui-iisus-din-miezul-zilei-n-a-fost-eclipsa-de-soare-caci-a-durat-3-ore\/#primaryimage","url":"https:\/\/www.lovendal.ro\/wp52\/wp-content\/uploads\/2025\/04\/intuneric-crucificare-Iisus.jpg","contentUrl":"https:\/\/www.lovendal.ro\/wp52\/wp-content\/uploads\/2025\/04\/intuneric-crucificare-Iisus.jpg","width":526,"height":377},{"@type":"BreadcrumbList","@id":"https:\/\/www.lovendal.ro\/wp52\/de-ce-s-a-facut-intuneric-in-timpul-rastignirii-lui-iisus-din-miezul-zilei-n-a-fost-eclipsa-de-soare-caci-a-durat-3-ore\/#breadcrumb","itemListElement":[{"@type":"ListItem","position":1,"name":"Home","item":"https:\/\/www.lovendal.ro\/wp52\/"},{"@type":"ListItem","position":2,"name":"De ce s-a f\u0103cut \u00eentuneric \u00een timpul r\u0103stignirii lui Iisus din miezul zilei? N-a fost eclips\u0103 de Soare, c\u0103ci a durat 3 ore&#8230;"}]},{"@type":"WebSite","@id":"https:\/\/www.lovendal.ro\/wp52\/#website","url":"https:\/\/www.lovendal.ro\/wp52\/","name":"Secretele lui Lovendal","description":"Site de secrete, stiinta si metafizica - din 2008 -","publisher":{"@id":"https:\/\/www.lovendal.ro\/wp52\/#organization"},"potentialAction":[{"@type":"SearchAction","target":{"@type":"EntryPoint","urlTemplate":"https:\/\/www.lovendal.ro\/wp52\/?s={search_term_string}"},"query-input":{"@type":"PropertyValueSpecification","valueRequired":true,"valueName":"search_term_string"}}],"inLanguage":"ro-RO"},{"@type":"Organization","@id":"https:\/\/www.lovendal.ro\/wp52\/#organization","name":"Secretele lui Lovendal","url":"https:\/\/www.lovendal.ro\/wp52\/","logo":{"@type":"ImageObject","inLanguage":"ro-RO","@id":"https:\/\/www.lovendal.ro\/wp52\/#\/schema\/logo\/image\/","url":"https:\/\/www.lovendal.ro\/wp52\/wp-content\/uploads\/2024\/06\/cropped-SLL-iun-2024-1.jpg","contentUrl":"https:\/\/www.lovendal.ro\/wp52\/wp-content\/uploads\/2024\/06\/cropped-SLL-iun-2024-1.jpg","width":771,"height":240,"caption":"Secretele lui Lovendal"},"image":{"@id":"https:\/\/www.lovendal.ro\/wp52\/#\/schema\/logo\/image\/"},"sameAs":["https:\/\/www.facebook.com\/secreteleluilovendal"]},{"@type":"Person","@id":"https:\/\/www.lovendal.ro\/wp52\/#\/schema\/person\/088691de5dfc346bb0c023e1e52ef5d9","name":"admin","image":{"@type":"ImageObject","inLanguage":"ro-RO","@id":"https:\/\/secure.gravatar.com\/avatar\/ecb9cd41f5f63c9c9b989999a59f6e2639a865ec361e9db054db0679a8f341c2?s=96&d=mm&r=g","url":"https:\/\/secure.gravatar.com\/avatar\/ecb9cd41f5f63c9c9b989999a59f6e2639a865ec361e9db054db0679a8f341c2?s=96&d=mm&r=g","contentUrl":"https:\/\/secure.gravatar.com\/avatar\/ecb9cd41f5f63c9c9b989999a59f6e2639a865ec361e9db054db0679a8f341c2?s=96&d=mm&r=g","caption":"admin"},"sameAs":["https:\/\/www.lovendal.ro\/wp52"]}]}},"_links":{"self":[{"href":"https:\/\/www.lovendal.ro\/wp52\/wp-json\/wp\/v2\/posts\/97567","targetHints":{"allow":["GET"]}}],"collection":[{"href":"https:\/\/www.lovendal.ro\/wp52\/wp-json\/wp\/v2\/posts"}],"about":[{"href":"https:\/\/www.lovendal.ro\/wp52\/wp-json\/wp\/v2\/types\/post"}],"author":[{"embeddable":true,"href":"https:\/\/www.lovendal.ro\/wp52\/wp-json\/wp\/v2\/users\/1"}],"replies":[{"embeddable":true,"href":"https:\/\/www.lovendal.ro\/wp52\/wp-json\/wp\/v2\/comments?post=97567"}],"version-history":[{"count":1,"href":"https:\/\/www.lovendal.ro\/wp52\/wp-json\/wp\/v2\/posts\/97567\/revisions"}],"predecessor-version":[{"id":97569,"href":"https:\/\/www.lovendal.ro\/wp52\/wp-json\/wp\/v2\/posts\/97567\/revisions\/97569"}],"wp:featuredmedia":[{"embeddable":true,"href":"https:\/\/www.lovendal.ro\/wp52\/wp-json\/wp\/v2\/media\/97568"}],"wp:attachment":[{"href":"https:\/\/www.lovendal.ro\/wp52\/wp-json\/wp\/v2\/media?parent=97567"}],"wp:term":[{"taxonomy":"category","embeddable":true,"href":"https:\/\/www.lovendal.ro\/wp52\/wp-json\/wp\/v2\/categories?post=97567"},{"taxonomy":"post_tag","embeddable":true,"href":"https:\/\/www.lovendal.ro\/wp52\/wp-json\/wp\/v2\/tags?post=97567"}],"curies":[{"name":"wp","href":"https:\/\/api.w.org\/{rel}","templated":true}]}}