{"id":97320,"date":"2025-03-30T18:57:01","date_gmt":"2025-03-30T16:57:01","guid":{"rendered":"https:\/\/www.lovendal.ro\/wp52\/?p=97320"},"modified":"2025-03-30T18:57:01","modified_gmt":"2025-03-30T16:57:01","slug":"imparatul-roman-nero-se-plimba-cu-liftul-in-palatul-sau-in-urma-cu-2-000-de-ani","status":"publish","type":"post","link":"https:\/\/www.lovendal.ro\/wp52\/imparatul-roman-nero-se-plimba-cu-liftul-in-palatul-sau-in-urma-cu-2-000-de-ani\/","title":{"rendered":"\u00cemp\u0103ratul roman Nero se plimba cu liftul \u00een palatul s\u0103u, \u00een urm\u0103 cu 2.000 de ani?"},"content":{"rendered":"<figure id=\"attachment_97321\" aria-describedby=\"caption-attachment-97321\" style=\"width: 347px\" class=\"wp-caption alignleft\"><a href=\"https:\/\/www.lovendal.ro\/wp52\/wp-content\/uploads\/2025\/03\/imparat-Nero-lift.jpeg\"><img loading=\"lazy\" decoding=\"async\" class=\" wp-image-97321\" src=\"https:\/\/www.lovendal.ro\/wp52\/wp-content\/uploads\/2025\/03\/imparat-Nero-lift.jpeg\" alt=\"\" width=\"357\" height=\"329\" srcset=\"https:\/\/www.lovendal.ro\/wp52\/wp-content\/uploads\/2025\/03\/imparat-Nero-lift.jpeg 543w, https:\/\/www.lovendal.ro\/wp52\/wp-content\/uploads\/2025\/03\/imparat-Nero-lift-300x276.jpeg 300w\" sizes=\"auto, (max-width: 357px) 100vw, 357px\" \/><\/a><figcaption id=\"caption-attachment-97321\" class=\"wp-caption-text\">I<strong>magine:<\/strong> generata de AI (<strong>Microsoft Designer<\/strong>)<\/figcaption><\/figure>\n<p>Un <strong>ascensor<\/strong> (sau <strong>lift<\/strong>) este un mecanism ce se mi\u0219c\u0103 pe direc\u021bie vertical\u0103 \u0219i poate transporta persoane (sau materiale) \u00eentre etaje \u00eentr-o cl\u0103dire sau \u00een alte structuri, scutind persoanele respective de depunerea unui efort fizic ridicat pentru a urca sau cobor\u00ee. Ascensoarele folosesc, \u00een general, energia electric\u0103 pentru a se putea deplasa, sau o pomp\u0103 hidraulic\u0103 cu fluid pentru a ridica un piston cilindric.<\/p>\n<p>Primul ascensor comercial din lume a fost instalat de compania de ascensoare <strong>Otis<\/strong> \u00een magazinul universal <strong>E.V. Haughwout &amp; Co.<\/strong> din New York, \u00een martie 1857. Dup\u0103 faza hidraulic\u0103, primul ascensor electric a fost creat de firma <strong>Siemens<\/strong> \u00een <strong>Mannheim<\/strong> \u00een anul 1880.<\/p>\n<p>Dar, se pare c\u0103 primul ascensor din lume s-a construit \u00een palatul \u00eemp\u0103ratului roman <strong>Nero<\/strong>, care a domnit \u00eentre anii 54-68 d.Hr. Se spune c\u0103, cu ajutorul acestui ascensor, Nero ar fi circulat de la un etaj la altul al palatului s\u0103u. \u00cen secolul al XVIII-lea, domnul <strong>Villayer\u00a0<\/strong> a cutreierat palatele Europei pentru a instala lifturi, care erau numite \u015fi <em>&#8222;scaune zbur\u0103toare&#8221;<\/em>. El a disp\u0103rut la scurt timp dup\u0103 ce mo\u015ftenitorul tronului Fran\u0163ei a avut un accident serios \u00eentr-unul din lifturi instalat la Versailles.<\/p>\n","protected":false},"excerpt":{"rendered":"<p>Un ascensor (sau lift) este un mecanism ce se mi\u0219c\u0103 pe direc\u021bie vertical\u0103 \u0219i poate transporta persoane (sau materiale) \u00eentre etaje \u00eentr-o cl\u0103dire sau \u00een alte structuri, scutind persoanele respective de depunerea unui efort fizic ridicat pentru a urca sau &#8230; <\/p>\n<p class=\"read-more-container\"><a title=\"\u00cemp\u0103ratul roman Nero se plimba cu liftul \u00een palatul s\u0103u, \u00een urm\u0103 cu 2.000 de ani?\" class=\"read-more button\" href=\"https:\/\/www.lovendal.ro\/wp52\/imparatul-roman-nero-se-plimba-cu-liftul-in-palatul-sau-in-urma-cu-2-000-de-ani\/#more-97320\" aria-label=\"Cite\u0219te mai multe despre \u00cemp\u0103ratul roman Nero se plimba cu liftul \u00een palatul s\u0103u, \u00een urm\u0103 cu 2.000 de ani?\">Cititi mai multe<\/a><\/p>\n","protected":false},"author":1,"featured_media":97321,"comment_status":"closed","ping_status":"open","sticky":false,"template":"","format":"standard","meta":{"footnotes":""},"categories":[9],"tags":[341,202,295,1532,1302,1025,525,2149,9076,1836],"class_list":["post-97320","post","type-post","status-publish","format-standard","has-post-thumbnail","hentry","category-istorie","tag-europa","tag-franta","tag-imparat","tag-istorie-si-civilizatii","tag-lift","tag-nero","tag-new-york","tag-palat","tag-siemens","tag-versailles","resize-featured-image"],"yoast_head":"<!-- This site is optimized with the Yoast SEO Premium plugin v23.3 (Yoast SEO v27.4) - https:\/\/yoast.com\/product\/yoast-seo-premium-wordpress\/ -->\n<title>\u00cemp\u0103ratul roman Nero se plimba cu liftul \u00een palatul s\u0103u, \u00een urm\u0103 cu 2.000 de ani? - Secretele lui Lovendal<\/title>\n<meta name=\"robots\" content=\"index, follow, max-snippet:-1, max-image-preview:large, max-video-preview:-1\" \/>\n<link rel=\"canonical\" href=\"https:\/\/www.lovendal.ro\/wp52\/imparatul-roman-nero-se-plimba-cu-liftul-in-palatul-sau-in-urma-cu-2-000-de-ani\/\" \/>\n<meta property=\"og:locale\" content=\"ro_RO\" \/>\n<meta property=\"og:type\" content=\"article\" \/>\n<meta property=\"og:title\" content=\"\u00cemp\u0103ratul roman Nero se plimba cu liftul \u00een palatul s\u0103u, \u00een urm\u0103 cu 2.000 de ani?\" \/>\n<meta property=\"og:description\" content=\"Un ascensor (sau lift) este un mecanism ce se mi\u0219c\u0103 pe direc\u021bie vertical\u0103 \u0219i poate transporta persoane (sau materiale) \u00eentre etaje \u00eentr-o cl\u0103dire sau \u00een alte structuri, scutind persoanele respective de depunerea unui efort fizic ridicat pentru a urca sau ... Cititi mai multe\" \/>\n<meta property=\"og:url\" content=\"https:\/\/www.lovendal.ro\/wp52\/imparatul-roman-nero-se-plimba-cu-liftul-in-palatul-sau-in-urma-cu-2-000-de-ani\/\" \/>\n<meta property=\"og:site_name\" content=\"Secretele lui Lovendal\" \/>\n<meta property=\"article:publisher\" content=\"https:\/\/www.facebook.com\/secreteleluilovendal\" \/>\n<meta property=\"article:published_time\" content=\"2025-03-30T16:57:01+00:00\" \/>\n<meta property=\"og:image\" content=\"https:\/\/www.lovendal.ro\/wp52\/wp-content\/uploads\/2025\/03\/imparat-Nero-lift.jpeg\" \/>\n\t<meta property=\"og:image:width\" content=\"543\" \/>\n\t<meta property=\"og:image:height\" content=\"500\" \/>\n\t<meta property=\"og:image:type\" content=\"image\/jpeg\" \/>\n<meta name=\"author\" content=\"admin\" \/>\n<meta name=\"twitter:card\" content=\"summary_large_image\" \/>\n<meta name=\"twitter:label1\" content=\"Scris de\" \/>\n\t<meta name=\"twitter:data1\" content=\"admin\" \/>\n\t<meta name=\"twitter:label2\" content=\"Timp estimat pentru citire\" \/>\n\t<meta name=\"twitter:data2\" content=\"2 minute\" \/>\n<script type=\"application\/ld+json\" class=\"yoast-schema-graph\">{\"@context\":\"https:\\\/\\\/schema.org\",\"@graph\":[{\"@type\":\"Article\",\"@id\":\"https:\\\/\\\/www.lovendal.ro\\\/wp52\\\/imparatul-roman-nero-se-plimba-cu-liftul-in-palatul-sau-in-urma-cu-2-000-de-ani\\\/#article\",\"isPartOf\":{\"@id\":\"https:\\\/\\\/www.lovendal.ro\\\/wp52\\\/imparatul-roman-nero-se-plimba-cu-liftul-in-palatul-sau-in-urma-cu-2-000-de-ani\\\/\"},\"author\":{\"name\":\"admin\",\"@id\":\"https:\\\/\\\/www.lovendal.ro\\\/wp52\\\/#\\\/schema\\\/person\\\/088691de5dfc346bb0c023e1e52ef5d9\"},\"headline\":\"\u00cemp\u0103ratul roman Nero se plimba cu liftul \u00een palatul s\u0103u, \u00een urm\u0103 cu 2.000 de ani?\",\"datePublished\":\"2025-03-30T16:57:01+00:00\",\"mainEntityOfPage\":{\"@id\":\"https:\\\/\\\/www.lovendal.ro\\\/wp52\\\/imparatul-roman-nero-se-plimba-cu-liftul-in-palatul-sau-in-urma-cu-2-000-de-ani\\\/\"},\"wordCount\":230,\"publisher\":{\"@id\":\"https:\\\/\\\/www.lovendal.ro\\\/wp52\\\/#organization\"},\"image\":{\"@id\":\"https:\\\/\\\/www.lovendal.ro\\\/wp52\\\/imparatul-roman-nero-se-plimba-cu-liftul-in-palatul-sau-in-urma-cu-2-000-de-ani\\\/#primaryimage\"},\"thumbnailUrl\":\"https:\\\/\\\/www.lovendal.ro\\\/wp52\\\/wp-content\\\/uploads\\\/2025\\\/03\\\/imparat-Nero-lift.jpeg\",\"keywords\":[\"Europa\",\"Fran\u0163a\",\"\u00eemp\u0103rat\",\"Istorie si Civilizatii\",\"lift\",\"Nero\",\"New York\",\"palat\",\"Siemens\",\"Versailles\"],\"articleSection\":[\"Istorie si Civilizatii\"],\"inLanguage\":\"ro-RO\"},{\"@type\":\"WebPage\",\"@id\":\"https:\\\/\\\/www.lovendal.ro\\\/wp52\\\/imparatul-roman-nero-se-plimba-cu-liftul-in-palatul-sau-in-urma-cu-2-000-de-ani\\\/\",\"url\":\"https:\\\/\\\/www.lovendal.ro\\\/wp52\\\/imparatul-roman-nero-se-plimba-cu-liftul-in-palatul-sau-in-urma-cu-2-000-de-ani\\\/\",\"name\":\"\u00cemp\u0103ratul roman Nero se plimba cu liftul \u00een palatul s\u0103u, \u00een urm\u0103 cu 2.000 de ani? - Secretele lui Lovendal\",\"isPartOf\":{\"@id\":\"https:\\\/\\\/www.lovendal.ro\\\/wp52\\\/#website\"},\"primaryImageOfPage\":{\"@id\":\"https:\\\/\\\/www.lovendal.ro\\\/wp52\\\/imparatul-roman-nero-se-plimba-cu-liftul-in-palatul-sau-in-urma-cu-2-000-de-ani\\\/#primaryimage\"},\"image\":{\"@id\":\"https:\\\/\\\/www.lovendal.ro\\\/wp52\\\/imparatul-roman-nero-se-plimba-cu-liftul-in-palatul-sau-in-urma-cu-2-000-de-ani\\\/#primaryimage\"},\"thumbnailUrl\":\"https:\\\/\\\/www.lovendal.ro\\\/wp52\\\/wp-content\\\/uploads\\\/2025\\\/03\\\/imparat-Nero-lift.jpeg\",\"datePublished\":\"2025-03-30T16:57:01+00:00\",\"breadcrumb\":{\"@id\":\"https:\\\/\\\/www.lovendal.ro\\\/wp52\\\/imparatul-roman-nero-se-plimba-cu-liftul-in-palatul-sau-in-urma-cu-2-000-de-ani\\\/#breadcrumb\"},\"inLanguage\":\"ro-RO\",\"potentialAction\":[{\"@type\":\"ReadAction\",\"target\":[\"https:\\\/\\\/www.lovendal.ro\\\/wp52\\\/imparatul-roman-nero-se-plimba-cu-liftul-in-palatul-sau-in-urma-cu-2-000-de-ani\\\/\"]}]},{\"@type\":\"ImageObject\",\"inLanguage\":\"ro-RO\",\"@id\":\"https:\\\/\\\/www.lovendal.ro\\\/wp52\\\/imparatul-roman-nero-se-plimba-cu-liftul-in-palatul-sau-in-urma-cu-2-000-de-ani\\\/#primaryimage\",\"url\":\"https:\\\/\\\/www.lovendal.ro\\\/wp52\\\/wp-content\\\/uploads\\\/2025\\\/03\\\/imparat-Nero-lift.jpeg\",\"contentUrl\":\"https:\\\/\\\/www.lovendal.ro\\\/wp52\\\/wp-content\\\/uploads\\\/2025\\\/03\\\/imparat-Nero-lift.jpeg\",\"width\":543,\"height\":500,\"caption\":\"Imagine: generata de AI (Microsoft Designer)\"},{\"@type\":\"BreadcrumbList\",\"@id\":\"https:\\\/\\\/www.lovendal.ro\\\/wp52\\\/imparatul-roman-nero-se-plimba-cu-liftul-in-palatul-sau-in-urma-cu-2-000-de-ani\\\/#breadcrumb\",\"itemListElement\":[{\"@type\":\"ListItem\",\"position\":1,\"name\":\"Home\",\"item\":\"https:\\\/\\\/www.lovendal.ro\\\/wp52\\\/\"},{\"@type\":\"ListItem\",\"position\":2,\"name\":\"\u00cemp\u0103ratul roman Nero se plimba cu liftul \u00een palatul s\u0103u, \u00een urm\u0103 cu 2.000 de ani?\"}]},{\"@type\":\"WebSite\",\"@id\":\"https:\\\/\\\/www.lovendal.ro\\\/wp52\\\/#website\",\"url\":\"https:\\\/\\\/www.lovendal.ro\\\/wp52\\\/\",\"name\":\"Secretele lui Lovendal\",\"description\":\"Site de secrete, stiinta si metafizica - din 2008 -\",\"publisher\":{\"@id\":\"https:\\\/\\\/www.lovendal.ro\\\/wp52\\\/#organization\"},\"potentialAction\":[{\"@type\":\"SearchAction\",\"target\":{\"@type\":\"EntryPoint\",\"urlTemplate\":\"https:\\\/\\\/www.lovendal.ro\\\/wp52\\\/?s={search_term_string}\"},\"query-input\":{\"@type\":\"PropertyValueSpecification\",\"valueRequired\":true,\"valueName\":\"search_term_string\"}}],\"inLanguage\":\"ro-RO\"},{\"@type\":\"Organization\",\"@id\":\"https:\\\/\\\/www.lovendal.ro\\\/wp52\\\/#organization\",\"name\":\"Secretele lui Lovendal\",\"url\":\"https:\\\/\\\/www.lovendal.ro\\\/wp52\\\/\",\"logo\":{\"@type\":\"ImageObject\",\"inLanguage\":\"ro-RO\",\"@id\":\"https:\\\/\\\/www.lovendal.ro\\\/wp52\\\/#\\\/schema\\\/logo\\\/image\\\/\",\"url\":\"https:\\\/\\\/www.lovendal.ro\\\/wp52\\\/wp-content\\\/uploads\\\/2024\\\/06\\\/cropped-SLL-iun-2024-1.jpg\",\"contentUrl\":\"https:\\\/\\\/www.lovendal.ro\\\/wp52\\\/wp-content\\\/uploads\\\/2024\\\/06\\\/cropped-SLL-iun-2024-1.jpg\",\"width\":771,\"height\":240,\"caption\":\"Secretele lui Lovendal\"},\"image\":{\"@id\":\"https:\\\/\\\/www.lovendal.ro\\\/wp52\\\/#\\\/schema\\\/logo\\\/image\\\/\"},\"sameAs\":[\"https:\\\/\\\/www.facebook.com\\\/secreteleluilovendal\"]},{\"@type\":\"Person\",\"@id\":\"https:\\\/\\\/www.lovendal.ro\\\/wp52\\\/#\\\/schema\\\/person\\\/088691de5dfc346bb0c023e1e52ef5d9\",\"name\":\"admin\",\"image\":{\"@type\":\"ImageObject\",\"inLanguage\":\"ro-RO\",\"@id\":\"https:\\\/\\\/secure.gravatar.com\\\/avatar\\\/ecb9cd41f5f63c9c9b989999a59f6e2639a865ec361e9db054db0679a8f341c2?s=96&d=mm&r=g\",\"url\":\"https:\\\/\\\/secure.gravatar.com\\\/avatar\\\/ecb9cd41f5f63c9c9b989999a59f6e2639a865ec361e9db054db0679a8f341c2?s=96&d=mm&r=g\",\"contentUrl\":\"https:\\\/\\\/secure.gravatar.com\\\/avatar\\\/ecb9cd41f5f63c9c9b989999a59f6e2639a865ec361e9db054db0679a8f341c2?s=96&d=mm&r=g\",\"caption\":\"admin\"},\"sameAs\":[\"https:\\\/\\\/www.lovendal.ro\\\/wp52\"]}]}<\/script>\n<!-- \/ Yoast SEO Premium plugin. -->","yoast_head_json":{"title":"\u00cemp\u0103ratul roman Nero se plimba cu liftul \u00een palatul s\u0103u, \u00een urm\u0103 cu 2.000 de ani? - Secretele lui Lovendal","robots":{"index":"index","follow":"follow","max-snippet":"max-snippet:-1","max-image-preview":"max-image-preview:large","max-video-preview":"max-video-preview:-1"},"canonical":"https:\/\/www.lovendal.ro\/wp52\/imparatul-roman-nero-se-plimba-cu-liftul-in-palatul-sau-in-urma-cu-2-000-de-ani\/","og_locale":"ro_RO","og_type":"article","og_title":"\u00cemp\u0103ratul roman Nero se plimba cu liftul \u00een palatul s\u0103u, \u00een urm\u0103 cu 2.000 de ani?","og_description":"Un ascensor (sau lift) este un mecanism ce se mi\u0219c\u0103 pe direc\u021bie vertical\u0103 \u0219i poate transporta persoane (sau materiale) \u00eentre etaje \u00eentr-o cl\u0103dire sau \u00een alte structuri, scutind persoanele respective de depunerea unui efort fizic ridicat pentru a urca sau ... Cititi mai multe","og_url":"https:\/\/www.lovendal.ro\/wp52\/imparatul-roman-nero-se-plimba-cu-liftul-in-palatul-sau-in-urma-cu-2-000-de-ani\/","og_site_name":"Secretele lui Lovendal","article_publisher":"https:\/\/www.facebook.com\/secreteleluilovendal","article_published_time":"2025-03-30T16:57:01+00:00","og_image":[{"width":543,"height":500,"url":"https:\/\/www.lovendal.ro\/wp52\/wp-content\/uploads\/2025\/03\/imparat-Nero-lift.jpeg","type":"image\/jpeg"}],"author":"admin","twitter_card":"summary_large_image","twitter_misc":{"Scris de":"admin","Timp estimat pentru citire":"2 minute"},"schema":{"@context":"https:\/\/schema.org","@graph":[{"@type":"Article","@id":"https:\/\/www.lovendal.ro\/wp52\/imparatul-roman-nero-se-plimba-cu-liftul-in-palatul-sau-in-urma-cu-2-000-de-ani\/#article","isPartOf":{"@id":"https:\/\/www.lovendal.ro\/wp52\/imparatul-roman-nero-se-plimba-cu-liftul-in-palatul-sau-in-urma-cu-2-000-de-ani\/"},"author":{"name":"admin","@id":"https:\/\/www.lovendal.ro\/wp52\/#\/schema\/person\/088691de5dfc346bb0c023e1e52ef5d9"},"headline":"\u00cemp\u0103ratul roman Nero se plimba cu liftul \u00een palatul s\u0103u, \u00een urm\u0103 cu 2.000 de ani?","datePublished":"2025-03-30T16:57:01+00:00","mainEntityOfPage":{"@id":"https:\/\/www.lovendal.ro\/wp52\/imparatul-roman-nero-se-plimba-cu-liftul-in-palatul-sau-in-urma-cu-2-000-de-ani\/"},"wordCount":230,"publisher":{"@id":"https:\/\/www.lovendal.ro\/wp52\/#organization"},"image":{"@id":"https:\/\/www.lovendal.ro\/wp52\/imparatul-roman-nero-se-plimba-cu-liftul-in-palatul-sau-in-urma-cu-2-000-de-ani\/#primaryimage"},"thumbnailUrl":"https:\/\/www.lovendal.ro\/wp52\/wp-content\/uploads\/2025\/03\/imparat-Nero-lift.jpeg","keywords":["Europa","Fran\u0163a","\u00eemp\u0103rat","Istorie si Civilizatii","lift","Nero","New York","palat","Siemens","Versailles"],"articleSection":["Istorie si Civilizatii"],"inLanguage":"ro-RO"},{"@type":"WebPage","@id":"https:\/\/www.lovendal.ro\/wp52\/imparatul-roman-nero-se-plimba-cu-liftul-in-palatul-sau-in-urma-cu-2-000-de-ani\/","url":"https:\/\/www.lovendal.ro\/wp52\/imparatul-roman-nero-se-plimba-cu-liftul-in-palatul-sau-in-urma-cu-2-000-de-ani\/","name":"\u00cemp\u0103ratul roman Nero se plimba cu liftul \u00een palatul s\u0103u, \u00een urm\u0103 cu 2.000 de ani? - Secretele lui Lovendal","isPartOf":{"@id":"https:\/\/www.lovendal.ro\/wp52\/#website"},"primaryImageOfPage":{"@id":"https:\/\/www.lovendal.ro\/wp52\/imparatul-roman-nero-se-plimba-cu-liftul-in-palatul-sau-in-urma-cu-2-000-de-ani\/#primaryimage"},"image":{"@id":"https:\/\/www.lovendal.ro\/wp52\/imparatul-roman-nero-se-plimba-cu-liftul-in-palatul-sau-in-urma-cu-2-000-de-ani\/#primaryimage"},"thumbnailUrl":"https:\/\/www.lovendal.ro\/wp52\/wp-content\/uploads\/2025\/03\/imparat-Nero-lift.jpeg","datePublished":"2025-03-30T16:57:01+00:00","breadcrumb":{"@id":"https:\/\/www.lovendal.ro\/wp52\/imparatul-roman-nero-se-plimba-cu-liftul-in-palatul-sau-in-urma-cu-2-000-de-ani\/#breadcrumb"},"inLanguage":"ro-RO","potentialAction":[{"@type":"ReadAction","target":["https:\/\/www.lovendal.ro\/wp52\/imparatul-roman-nero-se-plimba-cu-liftul-in-palatul-sau-in-urma-cu-2-000-de-ani\/"]}]},{"@type":"ImageObject","inLanguage":"ro-RO","@id":"https:\/\/www.lovendal.ro\/wp52\/imparatul-roman-nero-se-plimba-cu-liftul-in-palatul-sau-in-urma-cu-2-000-de-ani\/#primaryimage","url":"https:\/\/www.lovendal.ro\/wp52\/wp-content\/uploads\/2025\/03\/imparat-Nero-lift.jpeg","contentUrl":"https:\/\/www.lovendal.ro\/wp52\/wp-content\/uploads\/2025\/03\/imparat-Nero-lift.jpeg","width":543,"height":500,"caption":"Imagine: generata de AI (Microsoft Designer)"},{"@type":"BreadcrumbList","@id":"https:\/\/www.lovendal.ro\/wp52\/imparatul-roman-nero-se-plimba-cu-liftul-in-palatul-sau-in-urma-cu-2-000-de-ani\/#breadcrumb","itemListElement":[{"@type":"ListItem","position":1,"name":"Home","item":"https:\/\/www.lovendal.ro\/wp52\/"},{"@type":"ListItem","position":2,"name":"\u00cemp\u0103ratul roman Nero se plimba cu liftul \u00een palatul s\u0103u, \u00een urm\u0103 cu 2.000 de ani?"}]},{"@type":"WebSite","@id":"https:\/\/www.lovendal.ro\/wp52\/#website","url":"https:\/\/www.lovendal.ro\/wp52\/","name":"Secretele lui Lovendal","description":"Site de secrete, stiinta si metafizica - din 2008 -","publisher":{"@id":"https:\/\/www.lovendal.ro\/wp52\/#organization"},"potentialAction":[{"@type":"SearchAction","target":{"@type":"EntryPoint","urlTemplate":"https:\/\/www.lovendal.ro\/wp52\/?s={search_term_string}"},"query-input":{"@type":"PropertyValueSpecification","valueRequired":true,"valueName":"search_term_string"}}],"inLanguage":"ro-RO"},{"@type":"Organization","@id":"https:\/\/www.lovendal.ro\/wp52\/#organization","name":"Secretele lui Lovendal","url":"https:\/\/www.lovendal.ro\/wp52\/","logo":{"@type":"ImageObject","inLanguage":"ro-RO","@id":"https:\/\/www.lovendal.ro\/wp52\/#\/schema\/logo\/image\/","url":"https:\/\/www.lovendal.ro\/wp52\/wp-content\/uploads\/2024\/06\/cropped-SLL-iun-2024-1.jpg","contentUrl":"https:\/\/www.lovendal.ro\/wp52\/wp-content\/uploads\/2024\/06\/cropped-SLL-iun-2024-1.jpg","width":771,"height":240,"caption":"Secretele lui Lovendal"},"image":{"@id":"https:\/\/www.lovendal.ro\/wp52\/#\/schema\/logo\/image\/"},"sameAs":["https:\/\/www.facebook.com\/secreteleluilovendal"]},{"@type":"Person","@id":"https:\/\/www.lovendal.ro\/wp52\/#\/schema\/person\/088691de5dfc346bb0c023e1e52ef5d9","name":"admin","image":{"@type":"ImageObject","inLanguage":"ro-RO","@id":"https:\/\/secure.gravatar.com\/avatar\/ecb9cd41f5f63c9c9b989999a59f6e2639a865ec361e9db054db0679a8f341c2?s=96&d=mm&r=g","url":"https:\/\/secure.gravatar.com\/avatar\/ecb9cd41f5f63c9c9b989999a59f6e2639a865ec361e9db054db0679a8f341c2?s=96&d=mm&r=g","contentUrl":"https:\/\/secure.gravatar.com\/avatar\/ecb9cd41f5f63c9c9b989999a59f6e2639a865ec361e9db054db0679a8f341c2?s=96&d=mm&r=g","caption":"admin"},"sameAs":["https:\/\/www.lovendal.ro\/wp52"]}]}},"_links":{"self":[{"href":"https:\/\/www.lovendal.ro\/wp52\/wp-json\/wp\/v2\/posts\/97320","targetHints":{"allow":["GET"]}}],"collection":[{"href":"https:\/\/www.lovendal.ro\/wp52\/wp-json\/wp\/v2\/posts"}],"about":[{"href":"https:\/\/www.lovendal.ro\/wp52\/wp-json\/wp\/v2\/types\/post"}],"author":[{"embeddable":true,"href":"https:\/\/www.lovendal.ro\/wp52\/wp-json\/wp\/v2\/users\/1"}],"replies":[{"embeddable":true,"href":"https:\/\/www.lovendal.ro\/wp52\/wp-json\/wp\/v2\/comments?post=97320"}],"version-history":[{"count":1,"href":"https:\/\/www.lovendal.ro\/wp52\/wp-json\/wp\/v2\/posts\/97320\/revisions"}],"predecessor-version":[{"id":97322,"href":"https:\/\/www.lovendal.ro\/wp52\/wp-json\/wp\/v2\/posts\/97320\/revisions\/97322"}],"wp:featuredmedia":[{"embeddable":true,"href":"https:\/\/www.lovendal.ro\/wp52\/wp-json\/wp\/v2\/media\/97321"}],"wp:attachment":[{"href":"https:\/\/www.lovendal.ro\/wp52\/wp-json\/wp\/v2\/media?parent=97320"}],"wp:term":[{"taxonomy":"category","embeddable":true,"href":"https:\/\/www.lovendal.ro\/wp52\/wp-json\/wp\/v2\/categories?post=97320"},{"taxonomy":"post_tag","embeddable":true,"href":"https:\/\/www.lovendal.ro\/wp52\/wp-json\/wp\/v2\/tags?post=97320"}],"curies":[{"name":"wp","href":"https:\/\/api.w.org\/{rel}","templated":true}]}}