{"id":97197,"date":"2025-03-20T12:14:34","date_gmt":"2025-03-20T10:14:34","guid":{"rendered":"https:\/\/www.lovendal.ro\/wp52\/?p=97197"},"modified":"2025-03-20T12:14:34","modified_gmt":"2025-03-20T10:14:34","slug":"un-imparat-al-statului-african-mali-a-ajuns-in-america-cu-2-secole-inainte-de-columb-traversand-oceanul-atlantic-cu-2-000-de-corabii","status":"publish","type":"post","link":"https:\/\/www.lovendal.ro\/wp52\/un-imparat-al-statului-african-mali-a-ajuns-in-america-cu-2-secole-inainte-de-columb-traversand-oceanul-atlantic-cu-2-000-de-corabii\/","title":{"rendered":"Un \u00eemp\u0103rat al statului african Mali a ajuns \u00een America cu 2 secole \u00eenainte de Columb, travers\u00e2nd Oceanul Atlantic cu 2.000 de cor\u0103bii?"},"content":{"rendered":"<p><a href=\"https:\/\/www.lovendal.ro\/wp52\/wp-content\/uploads\/2025\/03\/imparat-Mali-America.jpg\"><img loading=\"lazy\" decoding=\"async\" class=\"alignleft  wp-image-97198\" src=\"https:\/\/www.lovendal.ro\/wp52\/wp-content\/uploads\/2025\/03\/imparat-Mali-America.jpg\" alt=\"\" width=\"360\" height=\"299\" srcset=\"https:\/\/www.lovendal.ro\/wp52\/wp-content\/uploads\/2025\/03\/imparat-Mali-America.jpg 540w, https:\/\/www.lovendal.ro\/wp52\/wp-content\/uploads\/2025\/03\/imparat-Mali-America-300x249.jpg 300w\" sizes=\"auto, (max-width: 360px) 100vw, 360px\" \/><\/a>\u015etia\u0163i c\u0103 este foarte posibil ca \u00eemp\u0103ratul statului african Mali, <strong>Mansa Muhammad ibn Qu<\/strong>, s\u0103 fi ajuns \u00een America \u00eenainte de Cristofor Columb, pe la \u00eenceputul secolului al XIV-lea? A\u015fadar, cu aproape 2 secole \u00eenainte de navigatorul european.<\/p>\n<p>\u00cen 1324, \u00een timp ce st\u0103tea la Cairo, <strong>Mansa Musa<\/strong>, conduc\u0103torul Imperiului Mali, i-a spus unui oficial egiptean cu care se \u00eemprietenise c\u0103 a ajuns s\u0103 conduc\u0103 atunci c\u00e2nd predecesorul s\u0103u a condus o mare flot\u0103 \u00een \u00eencercarea de a traversa Oceanul Atlantic \u0219i nu s-a mai \u00eentors niciodat\u0103. Aceast\u0103 relatare, \u00eenregistrat\u0103 de istoricul arab al-Umari, a atras un interes considerabil \u0219i specula\u021bii ca un posibil exemplu de contact transoceanic pre-columbian. C\u0103l\u0103toria este atribuit\u0103 \u00een mod popular unui Mansa Abu Bakr II, dar un asemenea conduc\u0103tor nu a domnit vreodat\u0103. Mai degrab\u0103, se deduce c\u0103 aceast\u0103 c\u0103l\u0103torie a fost \u00eentreprins\u0103 de Mansa Muhammad ibn Qu.<\/p>\n<p>Musa a fost \u00eentrebat cum a devenit rege, iar Musa a r\u0103spuns: <em>&#8222;Noi apar\u021binem unei case care pred\u0103 domnia prin mo\u0219tenire. Regele care a fost predecesorul meu nu a crezut c\u0103 este imposibil s\u0103 descoperi cea mai \u00eendep\u0103rtat\u0103 limit\u0103 a Oceanului Atlantic \u0219i \u0219i-a dorit neap\u0103rat s\u0103 o fac\u0103. A\u0219a c\u0103 a echipat 200 de cor\u0103bii pline cu oameni \u0219i tot at\u00e2tea echipate cu aur, ap\u0103 \u0219i provizii c\u00e2t s\u0103 le reziste ani de zile \u0219i i-a spus conduc\u0103torului flotei: &#8222;Nu te \u00eentoarce p\u00e2n\u0103 nu ajungi la cap\u0103tul ei sau nu \u00ee\u021bi va pierde proviziile \u0219i apa&#8221;. Au plecat \u0219i a trecut mult timp \u00eenainte ca cineva s\u0103 se \u00eentoarc\u0103. Apoi s-a \u00eentors o nav\u0103 \u0219i l-am \u00eentrebat pe c\u0103pitan ce ve\u0219ti au adus. El a spus: &#8222;Da, sultane, am c\u0103l\u0103torit mult timp p\u00e2n\u0103 c\u00e2nd a ap\u0103rut \u00een marea liber\u0103 un r\u00e2u cu un curent puternic. Al meu a fost ultimul dintre acele cor\u0103bii. Celelalte cor\u0103bii au mers \u00eenainte, dar c\u00e2nd au ajuns \u00een acel loc nu s-au \u00eentors \u0219i nu s-au mai v\u0103zut. C\u00e2t despre mine, n-am intrat imediat pe acel r\u00e2u&#8221;. Dar sultanul nu l-a crezut. Atunci sultanul acela a preg\u0103tit 2.000 de cor\u0103bii, 1.000 pentru el \u0219i oamenii pe care i-a luat cu el \u0219i 1.000 pentru ap\u0103 \u0219i provizii. M-a l\u0103sat s\u0103-l \u00eenlocuiesc \u0219i s-a \u00eembarcat \u00een Oceanul Atlantic cu oamenii s\u0103i. Asta a fost ultima dat\u0103 pe care am v\u0103zut-o despre el \u0219i despre to\u021bi cei care erau cu el \u0219i a\u0219a am devenit rege de sine st\u0103t\u0103tor&#8221;.<\/em><\/p>\n<p>O dat\u0103 precis\u0103 pentru c\u0103l\u0103toria sugerat\u0103 nu este cunoscut\u0103, de\u0219i este interpretat\u0103 c\u0103 a avut loc cu pu\u021bin timp \u00eenainte de 1312, anul \u00een care se deduce c\u0103 Musa a devenit conduc\u0103tor. Nu a fost g\u0103sit\u0103 vreodat\u0103 nicio dovad\u0103 clar\u0103 a soartei c\u0103l\u0103toriei sau chiar a existen\u021bei acesteia.<\/p>\n<p>Columb, la sf\u00e2r\u015fitul secolului al XV-lea, a observat c\u0103 indigenii americani vorbeau despre oameni cu pielea neagr\u0103 care soseau din sud-est cu b\u0103rci, schimb\u00e2nd articole precum suli\u021be cu v\u00e2rfuri de aur; acest aur ar fi putut proveni din Africa. Dup\u0103 c\u0103derea Granadei, mul\u021bi mauri au migrat \u00een Africa, transmi\u021b\u00e2nd cuno\u0219tin\u021be avansate de naviga\u021bie, care ar fi putut s\u0103-l fi ajutat pe \u00eemp\u0103ratul lui Mali s\u0103 ajung\u0103 \u00een America.<\/p>\n","protected":false},"excerpt":{"rendered":"<p>\u015etia\u0163i c\u0103 este foarte posibil ca \u00eemp\u0103ratul statului african Mali, Mansa Muhammad ibn Qu, s\u0103 fi ajuns \u00een America \u00eenainte de Cristofor Columb, pe la \u00eenceputul secolului al XIV-lea? A\u015fadar, cu aproape 2 secole \u00eenainte de navigatorul european. \u00cen 1324, &#8230; <\/p>\n<p class=\"read-more-container\"><a title=\"Un \u00eemp\u0103rat al statului african Mali a ajuns \u00een America cu 2 secole \u00eenainte de Columb, travers\u00e2nd Oceanul Atlantic cu 2.000 de cor\u0103bii?\" class=\"read-more button\" href=\"https:\/\/www.lovendal.ro\/wp52\/un-imparat-al-statului-african-mali-a-ajuns-in-america-cu-2-secole-inainte-de-columb-traversand-oceanul-atlantic-cu-2-000-de-corabii\/#more-97197\" aria-label=\"Cite\u0219te mai multe despre Un \u00eemp\u0103rat al statului african Mali a ajuns \u00een America cu 2 secole \u00eenainte de Columb, travers\u00e2nd Oceanul Atlantic cu 2.000 de cor\u0103bii?\">Cititi mai multe<\/a><\/p>\n","protected":false},"author":1,"featured_media":97198,"comment_status":"closed","ping_status":"open","sticky":false,"template":"","format":"standard","meta":{"footnotes":""},"categories":[1770],"tags":[235,10,685,3756,1572,4008,9807,295,1674,19822,1224,1132,453,3985,721],"class_list":["post-97197","post","type-post","status-publish","format-standard","has-post-thumbnail","hentry","category-geografie-feologie","tag-africa","tag-america","tag-aur","tag-cairo","tag-columb","tag-corabie","tag-geografie-geologie","tag-imparat","tag-mali","tag-mansa-musa","tag-mauri","tag-oceanul-atlantic","tag-rege","tag-sulita","tag-sultan","resize-featured-image"],"yoast_head":"<!-- This site is optimized with the Yoast SEO Premium plugin v23.3 (Yoast SEO v27.4) - https:\/\/yoast.com\/product\/yoast-seo-premium-wordpress\/ -->\n<title>Un \u00eemp\u0103rat al statului african Mali a ajuns \u00een America cu 2 secole \u00eenainte de Columb, travers\u00e2nd Oceanul Atlantic cu 2.000 de cor\u0103bii? - Secretele lui Lovendal<\/title>\n<meta name=\"robots\" content=\"index, follow, max-snippet:-1, max-image-preview:large, max-video-preview:-1\" \/>\n<link rel=\"canonical\" href=\"https:\/\/www.lovendal.ro\/wp52\/un-imparat-al-statului-african-mali-a-ajuns-in-america-cu-2-secole-inainte-de-columb-traversand-oceanul-atlantic-cu-2-000-de-corabii\/\" \/>\n<meta property=\"og:locale\" content=\"ro_RO\" \/>\n<meta property=\"og:type\" content=\"article\" \/>\n<meta property=\"og:title\" content=\"Un \u00eemp\u0103rat al statului african Mali a ajuns \u00een America cu 2 secole \u00eenainte de Columb, travers\u00e2nd Oceanul Atlantic cu 2.000 de cor\u0103bii?\" \/>\n<meta property=\"og:description\" content=\"\u015etia\u0163i c\u0103 este foarte posibil ca \u00eemp\u0103ratul statului african Mali, Mansa Muhammad ibn Qu, s\u0103 fi ajuns \u00een America \u00eenainte de Cristofor Columb, pe la \u00eenceputul secolului al XIV-lea? A\u015fadar, cu aproape 2 secole \u00eenainte de navigatorul european. \u00cen 1324, ... Cititi mai multe\" \/>\n<meta property=\"og:url\" content=\"https:\/\/www.lovendal.ro\/wp52\/un-imparat-al-statului-african-mali-a-ajuns-in-america-cu-2-secole-inainte-de-columb-traversand-oceanul-atlantic-cu-2-000-de-corabii\/\" \/>\n<meta property=\"og:site_name\" content=\"Secretele lui Lovendal\" \/>\n<meta property=\"article:publisher\" content=\"https:\/\/www.facebook.com\/secreteleluilovendal\" \/>\n<meta property=\"article:published_time\" content=\"2025-03-20T10:14:34+00:00\" \/>\n<meta property=\"og:image\" content=\"https:\/\/www.lovendal.ro\/wp52\/wp-content\/uploads\/2025\/03\/imparat-Mali-America.jpg\" \/>\n\t<meta property=\"og:image:width\" content=\"540\" \/>\n\t<meta property=\"og:image:height\" content=\"448\" \/>\n\t<meta property=\"og:image:type\" content=\"image\/jpeg\" \/>\n<meta name=\"author\" content=\"admin\" \/>\n<meta name=\"twitter:card\" content=\"summary_large_image\" \/>\n<meta name=\"twitter:label1\" content=\"Scris de\" \/>\n\t<meta name=\"twitter:data1\" content=\"admin\" \/>\n\t<meta name=\"twitter:label2\" content=\"Timp estimat pentru citire\" \/>\n\t<meta name=\"twitter:data2\" content=\"4 minute\" \/>\n<script type=\"application\/ld+json\" class=\"yoast-schema-graph\">{\"@context\":\"https:\\\/\\\/schema.org\",\"@graph\":[{\"@type\":\"Article\",\"@id\":\"https:\\\/\\\/www.lovendal.ro\\\/wp52\\\/un-imparat-al-statului-african-mali-a-ajuns-in-america-cu-2-secole-inainte-de-columb-traversand-oceanul-atlantic-cu-2-000-de-corabii\\\/#article\",\"isPartOf\":{\"@id\":\"https:\\\/\\\/www.lovendal.ro\\\/wp52\\\/un-imparat-al-statului-african-mali-a-ajuns-in-america-cu-2-secole-inainte-de-columb-traversand-oceanul-atlantic-cu-2-000-de-corabii\\\/\"},\"author\":{\"name\":\"admin\",\"@id\":\"https:\\\/\\\/www.lovendal.ro\\\/wp52\\\/#\\\/schema\\\/person\\\/088691de5dfc346bb0c023e1e52ef5d9\"},\"headline\":\"Un \u00eemp\u0103rat al statului african Mali a ajuns \u00een America cu 2 secole \u00eenainte de Columb, travers\u00e2nd Oceanul Atlantic cu 2.000 de cor\u0103bii?\",\"datePublished\":\"2025-03-20T10:14:34+00:00\",\"mainEntityOfPage\":{\"@id\":\"https:\\\/\\\/www.lovendal.ro\\\/wp52\\\/un-imparat-al-statului-african-mali-a-ajuns-in-america-cu-2-secole-inainte-de-columb-traversand-oceanul-atlantic-cu-2-000-de-corabii\\\/\"},\"wordCount\":601,\"publisher\":{\"@id\":\"https:\\\/\\\/www.lovendal.ro\\\/wp52\\\/#organization\"},\"image\":{\"@id\":\"https:\\\/\\\/www.lovendal.ro\\\/wp52\\\/un-imparat-al-statului-african-mali-a-ajuns-in-america-cu-2-secole-inainte-de-columb-traversand-oceanul-atlantic-cu-2-000-de-corabii\\\/#primaryimage\"},\"thumbnailUrl\":\"https:\\\/\\\/www.lovendal.ro\\\/wp52\\\/wp-content\\\/uploads\\\/2025\\\/03\\\/imparat-Mali-America.jpg\",\"keywords\":[\"Africa\",\"America\",\"aur\",\"Cairo\",\"Columb\",\"corabie\",\"Geografie - Geologie\",\"\u00eemp\u0103rat\",\"MAli\",\"Mansa Musa\",\"mauri\",\"Oceanul Atlantic\",\"rege\",\"suli\u0163\u0103\",\"sultan\"],\"articleSection\":[\"Geografie - Geologie\"],\"inLanguage\":\"ro-RO\"},{\"@type\":\"WebPage\",\"@id\":\"https:\\\/\\\/www.lovendal.ro\\\/wp52\\\/un-imparat-al-statului-african-mali-a-ajuns-in-america-cu-2-secole-inainte-de-columb-traversand-oceanul-atlantic-cu-2-000-de-corabii\\\/\",\"url\":\"https:\\\/\\\/www.lovendal.ro\\\/wp52\\\/un-imparat-al-statului-african-mali-a-ajuns-in-america-cu-2-secole-inainte-de-columb-traversand-oceanul-atlantic-cu-2-000-de-corabii\\\/\",\"name\":\"Un \u00eemp\u0103rat al statului african Mali a ajuns \u00een America cu 2 secole \u00eenainte de Columb, travers\u00e2nd Oceanul Atlantic cu 2.000 de cor\u0103bii? - Secretele lui Lovendal\",\"isPartOf\":{\"@id\":\"https:\\\/\\\/www.lovendal.ro\\\/wp52\\\/#website\"},\"primaryImageOfPage\":{\"@id\":\"https:\\\/\\\/www.lovendal.ro\\\/wp52\\\/un-imparat-al-statului-african-mali-a-ajuns-in-america-cu-2-secole-inainte-de-columb-traversand-oceanul-atlantic-cu-2-000-de-corabii\\\/#primaryimage\"},\"image\":{\"@id\":\"https:\\\/\\\/www.lovendal.ro\\\/wp52\\\/un-imparat-al-statului-african-mali-a-ajuns-in-america-cu-2-secole-inainte-de-columb-traversand-oceanul-atlantic-cu-2-000-de-corabii\\\/#primaryimage\"},\"thumbnailUrl\":\"https:\\\/\\\/www.lovendal.ro\\\/wp52\\\/wp-content\\\/uploads\\\/2025\\\/03\\\/imparat-Mali-America.jpg\",\"datePublished\":\"2025-03-20T10:14:34+00:00\",\"breadcrumb\":{\"@id\":\"https:\\\/\\\/www.lovendal.ro\\\/wp52\\\/un-imparat-al-statului-african-mali-a-ajuns-in-america-cu-2-secole-inainte-de-columb-traversand-oceanul-atlantic-cu-2-000-de-corabii\\\/#breadcrumb\"},\"inLanguage\":\"ro-RO\",\"potentialAction\":[{\"@type\":\"ReadAction\",\"target\":[\"https:\\\/\\\/www.lovendal.ro\\\/wp52\\\/un-imparat-al-statului-african-mali-a-ajuns-in-america-cu-2-secole-inainte-de-columb-traversand-oceanul-atlantic-cu-2-000-de-corabii\\\/\"]}]},{\"@type\":\"ImageObject\",\"inLanguage\":\"ro-RO\",\"@id\":\"https:\\\/\\\/www.lovendal.ro\\\/wp52\\\/un-imparat-al-statului-african-mali-a-ajuns-in-america-cu-2-secole-inainte-de-columb-traversand-oceanul-atlantic-cu-2-000-de-corabii\\\/#primaryimage\",\"url\":\"https:\\\/\\\/www.lovendal.ro\\\/wp52\\\/wp-content\\\/uploads\\\/2025\\\/03\\\/imparat-Mali-America.jpg\",\"contentUrl\":\"https:\\\/\\\/www.lovendal.ro\\\/wp52\\\/wp-content\\\/uploads\\\/2025\\\/03\\\/imparat-Mali-America.jpg\",\"width\":540,\"height\":448},{\"@type\":\"BreadcrumbList\",\"@id\":\"https:\\\/\\\/www.lovendal.ro\\\/wp52\\\/un-imparat-al-statului-african-mali-a-ajuns-in-america-cu-2-secole-inainte-de-columb-traversand-oceanul-atlantic-cu-2-000-de-corabii\\\/#breadcrumb\",\"itemListElement\":[{\"@type\":\"ListItem\",\"position\":1,\"name\":\"Home\",\"item\":\"https:\\\/\\\/www.lovendal.ro\\\/wp52\\\/\"},{\"@type\":\"ListItem\",\"position\":2,\"name\":\"Un \u00eemp\u0103rat al statului african Mali a ajuns \u00een America cu 2 secole \u00eenainte de Columb, travers\u00e2nd Oceanul Atlantic cu 2.000 de cor\u0103bii?\"}]},{\"@type\":\"WebSite\",\"@id\":\"https:\\\/\\\/www.lovendal.ro\\\/wp52\\\/#website\",\"url\":\"https:\\\/\\\/www.lovendal.ro\\\/wp52\\\/\",\"name\":\"Secretele lui Lovendal\",\"description\":\"Site de secrete, stiinta si metafizica - din 2008 -\",\"publisher\":{\"@id\":\"https:\\\/\\\/www.lovendal.ro\\\/wp52\\\/#organization\"},\"potentialAction\":[{\"@type\":\"SearchAction\",\"target\":{\"@type\":\"EntryPoint\",\"urlTemplate\":\"https:\\\/\\\/www.lovendal.ro\\\/wp52\\\/?s={search_term_string}\"},\"query-input\":{\"@type\":\"PropertyValueSpecification\",\"valueRequired\":true,\"valueName\":\"search_term_string\"}}],\"inLanguage\":\"ro-RO\"},{\"@type\":\"Organization\",\"@id\":\"https:\\\/\\\/www.lovendal.ro\\\/wp52\\\/#organization\",\"name\":\"Secretele lui Lovendal\",\"url\":\"https:\\\/\\\/www.lovendal.ro\\\/wp52\\\/\",\"logo\":{\"@type\":\"ImageObject\",\"inLanguage\":\"ro-RO\",\"@id\":\"https:\\\/\\\/www.lovendal.ro\\\/wp52\\\/#\\\/schema\\\/logo\\\/image\\\/\",\"url\":\"https:\\\/\\\/www.lovendal.ro\\\/wp52\\\/wp-content\\\/uploads\\\/2024\\\/06\\\/cropped-SLL-iun-2024-1.jpg\",\"contentUrl\":\"https:\\\/\\\/www.lovendal.ro\\\/wp52\\\/wp-content\\\/uploads\\\/2024\\\/06\\\/cropped-SLL-iun-2024-1.jpg\",\"width\":771,\"height\":240,\"caption\":\"Secretele lui Lovendal\"},\"image\":{\"@id\":\"https:\\\/\\\/www.lovendal.ro\\\/wp52\\\/#\\\/schema\\\/logo\\\/image\\\/\"},\"sameAs\":[\"https:\\\/\\\/www.facebook.com\\\/secreteleluilovendal\"]},{\"@type\":\"Person\",\"@id\":\"https:\\\/\\\/www.lovendal.ro\\\/wp52\\\/#\\\/schema\\\/person\\\/088691de5dfc346bb0c023e1e52ef5d9\",\"name\":\"admin\",\"image\":{\"@type\":\"ImageObject\",\"inLanguage\":\"ro-RO\",\"@id\":\"https:\\\/\\\/secure.gravatar.com\\\/avatar\\\/ecb9cd41f5f63c9c9b989999a59f6e2639a865ec361e9db054db0679a8f341c2?s=96&d=mm&r=g\",\"url\":\"https:\\\/\\\/secure.gravatar.com\\\/avatar\\\/ecb9cd41f5f63c9c9b989999a59f6e2639a865ec361e9db054db0679a8f341c2?s=96&d=mm&r=g\",\"contentUrl\":\"https:\\\/\\\/secure.gravatar.com\\\/avatar\\\/ecb9cd41f5f63c9c9b989999a59f6e2639a865ec361e9db054db0679a8f341c2?s=96&d=mm&r=g\",\"caption\":\"admin\"},\"sameAs\":[\"https:\\\/\\\/www.lovendal.ro\\\/wp52\"]}]}<\/script>\n<!-- \/ Yoast SEO Premium plugin. -->","yoast_head_json":{"title":"Un \u00eemp\u0103rat al statului african Mali a ajuns \u00een America cu 2 secole \u00eenainte de Columb, travers\u00e2nd Oceanul Atlantic cu 2.000 de cor\u0103bii? - Secretele lui Lovendal","robots":{"index":"index","follow":"follow","max-snippet":"max-snippet:-1","max-image-preview":"max-image-preview:large","max-video-preview":"max-video-preview:-1"},"canonical":"https:\/\/www.lovendal.ro\/wp52\/un-imparat-al-statului-african-mali-a-ajuns-in-america-cu-2-secole-inainte-de-columb-traversand-oceanul-atlantic-cu-2-000-de-corabii\/","og_locale":"ro_RO","og_type":"article","og_title":"Un \u00eemp\u0103rat al statului african Mali a ajuns \u00een America cu 2 secole \u00eenainte de Columb, travers\u00e2nd Oceanul Atlantic cu 2.000 de cor\u0103bii?","og_description":"\u015etia\u0163i c\u0103 este foarte posibil ca \u00eemp\u0103ratul statului african Mali, Mansa Muhammad ibn Qu, s\u0103 fi ajuns \u00een America \u00eenainte de Cristofor Columb, pe la \u00eenceputul secolului al XIV-lea? A\u015fadar, cu aproape 2 secole \u00eenainte de navigatorul european. \u00cen 1324, ... Cititi mai multe","og_url":"https:\/\/www.lovendal.ro\/wp52\/un-imparat-al-statului-african-mali-a-ajuns-in-america-cu-2-secole-inainte-de-columb-traversand-oceanul-atlantic-cu-2-000-de-corabii\/","og_site_name":"Secretele lui Lovendal","article_publisher":"https:\/\/www.facebook.com\/secreteleluilovendal","article_published_time":"2025-03-20T10:14:34+00:00","og_image":[{"width":540,"height":448,"url":"https:\/\/www.lovendal.ro\/wp52\/wp-content\/uploads\/2025\/03\/imparat-Mali-America.jpg","type":"image\/jpeg"}],"author":"admin","twitter_card":"summary_large_image","twitter_misc":{"Scris de":"admin","Timp estimat pentru citire":"4 minute"},"schema":{"@context":"https:\/\/schema.org","@graph":[{"@type":"Article","@id":"https:\/\/www.lovendal.ro\/wp52\/un-imparat-al-statului-african-mali-a-ajuns-in-america-cu-2-secole-inainte-de-columb-traversand-oceanul-atlantic-cu-2-000-de-corabii\/#article","isPartOf":{"@id":"https:\/\/www.lovendal.ro\/wp52\/un-imparat-al-statului-african-mali-a-ajuns-in-america-cu-2-secole-inainte-de-columb-traversand-oceanul-atlantic-cu-2-000-de-corabii\/"},"author":{"name":"admin","@id":"https:\/\/www.lovendal.ro\/wp52\/#\/schema\/person\/088691de5dfc346bb0c023e1e52ef5d9"},"headline":"Un \u00eemp\u0103rat al statului african Mali a ajuns \u00een America cu 2 secole \u00eenainte de Columb, travers\u00e2nd Oceanul Atlantic cu 2.000 de cor\u0103bii?","datePublished":"2025-03-20T10:14:34+00:00","mainEntityOfPage":{"@id":"https:\/\/www.lovendal.ro\/wp52\/un-imparat-al-statului-african-mali-a-ajuns-in-america-cu-2-secole-inainte-de-columb-traversand-oceanul-atlantic-cu-2-000-de-corabii\/"},"wordCount":601,"publisher":{"@id":"https:\/\/www.lovendal.ro\/wp52\/#organization"},"image":{"@id":"https:\/\/www.lovendal.ro\/wp52\/un-imparat-al-statului-african-mali-a-ajuns-in-america-cu-2-secole-inainte-de-columb-traversand-oceanul-atlantic-cu-2-000-de-corabii\/#primaryimage"},"thumbnailUrl":"https:\/\/www.lovendal.ro\/wp52\/wp-content\/uploads\/2025\/03\/imparat-Mali-America.jpg","keywords":["Africa","America","aur","Cairo","Columb","corabie","Geografie - Geologie","\u00eemp\u0103rat","MAli","Mansa Musa","mauri","Oceanul Atlantic","rege","suli\u0163\u0103","sultan"],"articleSection":["Geografie - Geologie"],"inLanguage":"ro-RO"},{"@type":"WebPage","@id":"https:\/\/www.lovendal.ro\/wp52\/un-imparat-al-statului-african-mali-a-ajuns-in-america-cu-2-secole-inainte-de-columb-traversand-oceanul-atlantic-cu-2-000-de-corabii\/","url":"https:\/\/www.lovendal.ro\/wp52\/un-imparat-al-statului-african-mali-a-ajuns-in-america-cu-2-secole-inainte-de-columb-traversand-oceanul-atlantic-cu-2-000-de-corabii\/","name":"Un \u00eemp\u0103rat al statului african Mali a ajuns \u00een America cu 2 secole \u00eenainte de Columb, travers\u00e2nd Oceanul Atlantic cu 2.000 de cor\u0103bii? - Secretele lui Lovendal","isPartOf":{"@id":"https:\/\/www.lovendal.ro\/wp52\/#website"},"primaryImageOfPage":{"@id":"https:\/\/www.lovendal.ro\/wp52\/un-imparat-al-statului-african-mali-a-ajuns-in-america-cu-2-secole-inainte-de-columb-traversand-oceanul-atlantic-cu-2-000-de-corabii\/#primaryimage"},"image":{"@id":"https:\/\/www.lovendal.ro\/wp52\/un-imparat-al-statului-african-mali-a-ajuns-in-america-cu-2-secole-inainte-de-columb-traversand-oceanul-atlantic-cu-2-000-de-corabii\/#primaryimage"},"thumbnailUrl":"https:\/\/www.lovendal.ro\/wp52\/wp-content\/uploads\/2025\/03\/imparat-Mali-America.jpg","datePublished":"2025-03-20T10:14:34+00:00","breadcrumb":{"@id":"https:\/\/www.lovendal.ro\/wp52\/un-imparat-al-statului-african-mali-a-ajuns-in-america-cu-2-secole-inainte-de-columb-traversand-oceanul-atlantic-cu-2-000-de-corabii\/#breadcrumb"},"inLanguage":"ro-RO","potentialAction":[{"@type":"ReadAction","target":["https:\/\/www.lovendal.ro\/wp52\/un-imparat-al-statului-african-mali-a-ajuns-in-america-cu-2-secole-inainte-de-columb-traversand-oceanul-atlantic-cu-2-000-de-corabii\/"]}]},{"@type":"ImageObject","inLanguage":"ro-RO","@id":"https:\/\/www.lovendal.ro\/wp52\/un-imparat-al-statului-african-mali-a-ajuns-in-america-cu-2-secole-inainte-de-columb-traversand-oceanul-atlantic-cu-2-000-de-corabii\/#primaryimage","url":"https:\/\/www.lovendal.ro\/wp52\/wp-content\/uploads\/2025\/03\/imparat-Mali-America.jpg","contentUrl":"https:\/\/www.lovendal.ro\/wp52\/wp-content\/uploads\/2025\/03\/imparat-Mali-America.jpg","width":540,"height":448},{"@type":"BreadcrumbList","@id":"https:\/\/www.lovendal.ro\/wp52\/un-imparat-al-statului-african-mali-a-ajuns-in-america-cu-2-secole-inainte-de-columb-traversand-oceanul-atlantic-cu-2-000-de-corabii\/#breadcrumb","itemListElement":[{"@type":"ListItem","position":1,"name":"Home","item":"https:\/\/www.lovendal.ro\/wp52\/"},{"@type":"ListItem","position":2,"name":"Un \u00eemp\u0103rat al statului african Mali a ajuns \u00een America cu 2 secole \u00eenainte de Columb, travers\u00e2nd Oceanul Atlantic cu 2.000 de cor\u0103bii?"}]},{"@type":"WebSite","@id":"https:\/\/www.lovendal.ro\/wp52\/#website","url":"https:\/\/www.lovendal.ro\/wp52\/","name":"Secretele lui Lovendal","description":"Site de secrete, stiinta si metafizica - din 2008 -","publisher":{"@id":"https:\/\/www.lovendal.ro\/wp52\/#organization"},"potentialAction":[{"@type":"SearchAction","target":{"@type":"EntryPoint","urlTemplate":"https:\/\/www.lovendal.ro\/wp52\/?s={search_term_string}"},"query-input":{"@type":"PropertyValueSpecification","valueRequired":true,"valueName":"search_term_string"}}],"inLanguage":"ro-RO"},{"@type":"Organization","@id":"https:\/\/www.lovendal.ro\/wp52\/#organization","name":"Secretele lui Lovendal","url":"https:\/\/www.lovendal.ro\/wp52\/","logo":{"@type":"ImageObject","inLanguage":"ro-RO","@id":"https:\/\/www.lovendal.ro\/wp52\/#\/schema\/logo\/image\/","url":"https:\/\/www.lovendal.ro\/wp52\/wp-content\/uploads\/2024\/06\/cropped-SLL-iun-2024-1.jpg","contentUrl":"https:\/\/www.lovendal.ro\/wp52\/wp-content\/uploads\/2024\/06\/cropped-SLL-iun-2024-1.jpg","width":771,"height":240,"caption":"Secretele lui Lovendal"},"image":{"@id":"https:\/\/www.lovendal.ro\/wp52\/#\/schema\/logo\/image\/"},"sameAs":["https:\/\/www.facebook.com\/secreteleluilovendal"]},{"@type":"Person","@id":"https:\/\/www.lovendal.ro\/wp52\/#\/schema\/person\/088691de5dfc346bb0c023e1e52ef5d9","name":"admin","image":{"@type":"ImageObject","inLanguage":"ro-RO","@id":"https:\/\/secure.gravatar.com\/avatar\/ecb9cd41f5f63c9c9b989999a59f6e2639a865ec361e9db054db0679a8f341c2?s=96&d=mm&r=g","url":"https:\/\/secure.gravatar.com\/avatar\/ecb9cd41f5f63c9c9b989999a59f6e2639a865ec361e9db054db0679a8f341c2?s=96&d=mm&r=g","contentUrl":"https:\/\/secure.gravatar.com\/avatar\/ecb9cd41f5f63c9c9b989999a59f6e2639a865ec361e9db054db0679a8f341c2?s=96&d=mm&r=g","caption":"admin"},"sameAs":["https:\/\/www.lovendal.ro\/wp52"]}]}},"_links":{"self":[{"href":"https:\/\/www.lovendal.ro\/wp52\/wp-json\/wp\/v2\/posts\/97197","targetHints":{"allow":["GET"]}}],"collection":[{"href":"https:\/\/www.lovendal.ro\/wp52\/wp-json\/wp\/v2\/posts"}],"about":[{"href":"https:\/\/www.lovendal.ro\/wp52\/wp-json\/wp\/v2\/types\/post"}],"author":[{"embeddable":true,"href":"https:\/\/www.lovendal.ro\/wp52\/wp-json\/wp\/v2\/users\/1"}],"replies":[{"embeddable":true,"href":"https:\/\/www.lovendal.ro\/wp52\/wp-json\/wp\/v2\/comments?post=97197"}],"version-history":[{"count":1,"href":"https:\/\/www.lovendal.ro\/wp52\/wp-json\/wp\/v2\/posts\/97197\/revisions"}],"predecessor-version":[{"id":97199,"href":"https:\/\/www.lovendal.ro\/wp52\/wp-json\/wp\/v2\/posts\/97197\/revisions\/97199"}],"wp:featuredmedia":[{"embeddable":true,"href":"https:\/\/www.lovendal.ro\/wp52\/wp-json\/wp\/v2\/media\/97198"}],"wp:attachment":[{"href":"https:\/\/www.lovendal.ro\/wp52\/wp-json\/wp\/v2\/media?parent=97197"}],"wp:term":[{"taxonomy":"category","embeddable":true,"href":"https:\/\/www.lovendal.ro\/wp52\/wp-json\/wp\/v2\/categories?post=97197"},{"taxonomy":"post_tag","embeddable":true,"href":"https:\/\/www.lovendal.ro\/wp52\/wp-json\/wp\/v2\/tags?post=97197"}],"curies":[{"name":"wp","href":"https:\/\/api.w.org\/{rel}","templated":true}]}}