{"id":96434,"date":"2025-08-19T06:15:38","date_gmt":"2025-08-19T03:15:38","guid":{"rendered":"https:\/\/www.lovendal.ro\/wp52\/?p=96434"},"modified":"2025-08-17T16:37:20","modified_gmt":"2025-08-17T13:37:20","slug":"de-ce-in-vremurile-stravechi-oamenii-percepeau-doar-culorile-galben-si-rosu-unde-erau-albastrul-si-verdele","status":"publish","type":"post","link":"https:\/\/www.lovendal.ro\/wp52\/de-ce-in-vremurile-stravechi-oamenii-percepeau-doar-culorile-galben-si-rosu-unde-erau-albastrul-si-verdele\/","title":{"rendered":"De ce \u00een vremurile str\u0103vechi, oamenii percepeau doar culorile galben \u015fi ro\u015fu? Unde erau albastrul \u015fi verdele?"},"content":{"rendered":"<figure id=\"attachment_99454\" aria-describedby=\"caption-attachment-99454\" style=\"width: 348px\" class=\"wp-caption alignleft\"><a href=\"https:\/\/www.lovendal.ro\/wp52\/wp-content\/uploads\/2025\/08\/culori-rupestre.jpg\"><img loading=\"lazy\" decoding=\"async\" class=\"size-full wp-image-99454\" src=\"https:\/\/www.lovendal.ro\/wp52\/wp-content\/uploads\/2025\/08\/culori-rupestre.jpg\" alt=\"\" width=\"358\" height=\"323\" srcset=\"https:\/\/www.lovendal.ro\/wp52\/wp-content\/uploads\/2025\/08\/culori-rupestre.jpg 358w, https:\/\/www.lovendal.ro\/wp52\/wp-content\/uploads\/2025\/08\/culori-rupestre-300x271.jpg 300w\" sizes=\"auto, (max-width: 358px) 100vw, 358px\" \/><\/a><figcaption id=\"caption-attachment-99454\" class=\"wp-caption-text\"><strong>Imagine:<\/strong> generata de AI (<strong>Gemini Google<\/strong>)<\/figcaption><\/figure>\n<p>S-a observat c\u0103 \u00een picturile rupestre preistorice nu se folosea niciodat\u0103 culorile verde sau albastru. Asta ar \u00eensemna c\u0103 oamenii de atunci nu percepeau toate culorile, a\u0219a cum se \u00eent\u00e2mpl\u0103 \u0219i cu unele animale, chiar \u00een prezent. A\u0219adar, \u00een urm\u0103 cu dou\u0103 mii de ani, str\u0103mo\u0219ii no\u0219tri aveau o percep\u021bie slab\u0103 a culorilor.<\/p>\n<p>Pentru <strong>Xenofon<\/strong>, curcubeul nu era alc\u0103tuit dec\u00e2t din trei culori: violet, ro\u0219u \u0219i galben. Chiar \u0219i <strong>Aristotel<\/strong> scria despre un curcubeu tricolor. <strong>Democrit<\/strong> nu cuno\u0219tea dec\u00e2t negrul, albul, ro\u0219ul \u0219i galbenul. Dup\u0103 toate aparen\u021bele, <strong>Homer<\/strong> credea c\u0103 marea are aceea\u0219i culoare ca \u0219i vinul<em>,<\/em> adic\u0103 un &#8222;ro\u015fu \u00eentunecat&#8221;. De ce nu albastru sau verde?<\/p>\n<p>\u00cen 1858, un savant pe nume <strong>William Gladstone<\/strong>, care mai t\u00e2rziu a devenit prim-ministrul Marii Britanii, a observat c\u0103 aceasta nu era singura descriere ciudat\u0103 de culoare \u00een <em>\u201eOdiseea\u201d<\/em>. De exemplu, el a g\u0103sit c\u0103 fierul \u015fi oaia sunt violete. La fel, nici idiomurile indo-europene primitive nu con\u021bineau cuvinte care s\u0103 desemneze culorile.<\/p>\n<p>Gladstone (men\u0163ionat mai sus) a \u00eenceput s\u0103 caute la mai multe texte antice grece\u0219ti \u0219i a observat acela\u0219i lucru &#8211; nu a existat niciodat\u0103 ceva descris ca fiind &#8222;albastru&#8221;. Cuv\u00e2ntul chiar nu exista! Se pare grecii au tr\u0103it \u00eentr-o lume tulbure \u0219i noroioas\u0103, lipsit\u0103 de culoare, \u00een care predomina alb-negrul \u015fi metalul, cu sclipiri ocazionale de ro\u015fu sau galben.<\/p>\n<p>Ast\u0103zi, chiar dac\u0103 percepem mai multe culori dec\u00e2t str\u0103mo\u0219ii no\u0219tri, noi tot nu vedem dec\u00e2t o parte redus\u0103 a spectrului. De asemenea, r\u0103m\u00e2nem insensibili \u0219i la ultrasunetele pe care le percep c\u00e2inii sau la notele cele mai grave. Dar este foarte posibil ca sim\u021burile noastre s\u0103 se perfec\u021bioneze, pe m\u0103sur\u0103 ce specia uman\u0103 va evolua.<\/p>\n","protected":false},"excerpt":{"rendered":"<p>S-a observat c\u0103 \u00een picturile rupestre preistorice nu se folosea niciodat\u0103 culorile verde sau albastru. Asta ar \u00eensemna c\u0103 oamenii de atunci nu percepeau toate culorile, a\u0219a cum se \u00eent\u00e2mpl\u0103 \u0219i cu unele animale, chiar \u00een prezent. A\u0219adar, \u00een urm\u0103 &#8230; <\/p>\n<p class=\"read-more-container\"><a title=\"De ce \u00een vremurile str\u0103vechi, oamenii percepeau doar culorile galben \u015fi ro\u015fu? Unde erau albastrul \u015fi verdele?\" class=\"read-more button\" href=\"https:\/\/www.lovendal.ro\/wp52\/de-ce-in-vremurile-stravechi-oamenii-percepeau-doar-culorile-galben-si-rosu-unde-erau-albastrul-si-verdele\/#more-96434\" aria-label=\"Cite\u0219te mai multe despre De ce \u00een vremurile str\u0103vechi, oamenii percepeau doar culorile galben \u015fi ro\u015fu? Unde erau albastrul \u015fi verdele?\">Cititi mai multe<\/a><\/p>\n","protected":false},"author":1,"featured_media":99454,"comment_status":"closed","ping_status":"open","sticky":false,"template":"","format":"standard","meta":{"footnotes":""},"categories":[5040],"tags":[950,1001,9818,877,2472,1804,4655,2338,3616,531,1163,14121],"class_list":["post-96434","post","type-post","status-publish","format-standard","has-post-thumbnail","hentry","category-bizar","tag-albastru","tag-aristotel","tag-bizar","tag-culori","tag-curcubeu","tag-democrit","tag-gladstone","tag-homer","tag-picturi-rupestre","tag-prim-ministru","tag-verde","tag-xenofon","resize-featured-image"],"yoast_head":"<!-- This site is optimized with the Yoast SEO Premium plugin v23.3 (Yoast SEO v27.4) - https:\/\/yoast.com\/product\/yoast-seo-premium-wordpress\/ -->\n<title>De ce \u00een vremurile str\u0103vechi, oamenii percepeau doar culorile galben \u015fi ro\u015fu? Unde erau albastrul \u015fi verdele? - Secretele lui Lovendal<\/title>\n<meta name=\"robots\" content=\"index, follow, max-snippet:-1, max-image-preview:large, max-video-preview:-1\" \/>\n<link rel=\"canonical\" href=\"https:\/\/www.lovendal.ro\/wp52\/de-ce-in-vremurile-stravechi-oamenii-percepeau-doar-culorile-galben-si-rosu-unde-erau-albastrul-si-verdele\/\" \/>\n<meta property=\"og:locale\" content=\"ro_RO\" \/>\n<meta property=\"og:type\" content=\"article\" \/>\n<meta property=\"og:title\" content=\"De ce \u00een vremurile str\u0103vechi, oamenii percepeau doar culorile galben \u015fi ro\u015fu? Unde erau albastrul \u015fi verdele?\" \/>\n<meta property=\"og:description\" content=\"S-a observat c\u0103 \u00een picturile rupestre preistorice nu se folosea niciodat\u0103 culorile verde sau albastru. Asta ar \u00eensemna c\u0103 oamenii de atunci nu percepeau toate culorile, a\u0219a cum se \u00eent\u00e2mpl\u0103 \u0219i cu unele animale, chiar \u00een prezent. A\u0219adar, \u00een urm\u0103 ... Cititi mai multe\" \/>\n<meta property=\"og:url\" content=\"https:\/\/www.lovendal.ro\/wp52\/de-ce-in-vremurile-stravechi-oamenii-percepeau-doar-culorile-galben-si-rosu-unde-erau-albastrul-si-verdele\/\" \/>\n<meta property=\"og:site_name\" content=\"Secretele lui Lovendal\" \/>\n<meta property=\"article:publisher\" content=\"https:\/\/www.facebook.com\/secreteleluilovendal\" \/>\n<meta property=\"article:published_time\" content=\"2025-08-19T03:15:38+00:00\" \/>\n<meta property=\"og:image\" content=\"https:\/\/www.lovendal.ro\/wp52\/wp-content\/uploads\/2025\/08\/culori-rupestre.jpg\" \/>\n\t<meta property=\"og:image:width\" content=\"358\" \/>\n\t<meta property=\"og:image:height\" content=\"323\" \/>\n\t<meta property=\"og:image:type\" content=\"image\/jpeg\" \/>\n<meta name=\"author\" content=\"admin\" \/>\n<meta name=\"twitter:card\" content=\"summary_large_image\" \/>\n<meta name=\"twitter:label1\" content=\"Scris de\" \/>\n\t<meta name=\"twitter:data1\" content=\"admin\" \/>\n\t<meta name=\"twitter:label2\" content=\"Timp estimat pentru citire\" \/>\n\t<meta name=\"twitter:data2\" content=\"2 minute\" \/>\n<script type=\"application\/ld+json\" class=\"yoast-schema-graph\">{\"@context\":\"https:\\\/\\\/schema.org\",\"@graph\":[{\"@type\":\"Article\",\"@id\":\"https:\\\/\\\/www.lovendal.ro\\\/wp52\\\/de-ce-in-vremurile-stravechi-oamenii-percepeau-doar-culorile-galben-si-rosu-unde-erau-albastrul-si-verdele\\\/#article\",\"isPartOf\":{\"@id\":\"https:\\\/\\\/www.lovendal.ro\\\/wp52\\\/de-ce-in-vremurile-stravechi-oamenii-percepeau-doar-culorile-galben-si-rosu-unde-erau-albastrul-si-verdele\\\/\"},\"author\":{\"name\":\"admin\",\"@id\":\"https:\\\/\\\/www.lovendal.ro\\\/wp52\\\/#\\\/schema\\\/person\\\/088691de5dfc346bb0c023e1e52ef5d9\"},\"headline\":\"De ce \u00een vremurile str\u0103vechi, oamenii percepeau doar culorile galben \u015fi ro\u015fu? Unde erau albastrul \u015fi verdele?\",\"datePublished\":\"2025-08-19T03:15:38+00:00\",\"mainEntityOfPage\":{\"@id\":\"https:\\\/\\\/www.lovendal.ro\\\/wp52\\\/de-ce-in-vremurile-stravechi-oamenii-percepeau-doar-culorile-galben-si-rosu-unde-erau-albastrul-si-verdele\\\/\"},\"wordCount\":342,\"publisher\":{\"@id\":\"https:\\\/\\\/www.lovendal.ro\\\/wp52\\\/#organization\"},\"image\":{\"@id\":\"https:\\\/\\\/www.lovendal.ro\\\/wp52\\\/de-ce-in-vremurile-stravechi-oamenii-percepeau-doar-culorile-galben-si-rosu-unde-erau-albastrul-si-verdele\\\/#primaryimage\"},\"thumbnailUrl\":\"https:\\\/\\\/www.lovendal.ro\\\/wp52\\\/wp-content\\\/uploads\\\/2025\\\/08\\\/culori-rupestre.jpg\",\"keywords\":[\"albastru\",\"Aristotel\",\"Bizar\",\"culori\",\"curcubeu\",\"Democrit\",\"Gladstone\",\"Homer\",\"picturi rupestre\",\"prim-ministru\",\"verde\",\"Xenofon\"],\"articleSection\":[\"Bizar\"],\"inLanguage\":\"ro-RO\"},{\"@type\":\"WebPage\",\"@id\":\"https:\\\/\\\/www.lovendal.ro\\\/wp52\\\/de-ce-in-vremurile-stravechi-oamenii-percepeau-doar-culorile-galben-si-rosu-unde-erau-albastrul-si-verdele\\\/\",\"url\":\"https:\\\/\\\/www.lovendal.ro\\\/wp52\\\/de-ce-in-vremurile-stravechi-oamenii-percepeau-doar-culorile-galben-si-rosu-unde-erau-albastrul-si-verdele\\\/\",\"name\":\"De ce \u00een vremurile str\u0103vechi, oamenii percepeau doar culorile galben \u015fi ro\u015fu? Unde erau albastrul \u015fi verdele? - Secretele lui Lovendal\",\"isPartOf\":{\"@id\":\"https:\\\/\\\/www.lovendal.ro\\\/wp52\\\/#website\"},\"primaryImageOfPage\":{\"@id\":\"https:\\\/\\\/www.lovendal.ro\\\/wp52\\\/de-ce-in-vremurile-stravechi-oamenii-percepeau-doar-culorile-galben-si-rosu-unde-erau-albastrul-si-verdele\\\/#primaryimage\"},\"image\":{\"@id\":\"https:\\\/\\\/www.lovendal.ro\\\/wp52\\\/de-ce-in-vremurile-stravechi-oamenii-percepeau-doar-culorile-galben-si-rosu-unde-erau-albastrul-si-verdele\\\/#primaryimage\"},\"thumbnailUrl\":\"https:\\\/\\\/www.lovendal.ro\\\/wp52\\\/wp-content\\\/uploads\\\/2025\\\/08\\\/culori-rupestre.jpg\",\"datePublished\":\"2025-08-19T03:15:38+00:00\",\"breadcrumb\":{\"@id\":\"https:\\\/\\\/www.lovendal.ro\\\/wp52\\\/de-ce-in-vremurile-stravechi-oamenii-percepeau-doar-culorile-galben-si-rosu-unde-erau-albastrul-si-verdele\\\/#breadcrumb\"},\"inLanguage\":\"ro-RO\",\"potentialAction\":[{\"@type\":\"ReadAction\",\"target\":[\"https:\\\/\\\/www.lovendal.ro\\\/wp52\\\/de-ce-in-vremurile-stravechi-oamenii-percepeau-doar-culorile-galben-si-rosu-unde-erau-albastrul-si-verdele\\\/\"]}]},{\"@type\":\"ImageObject\",\"inLanguage\":\"ro-RO\",\"@id\":\"https:\\\/\\\/www.lovendal.ro\\\/wp52\\\/de-ce-in-vremurile-stravechi-oamenii-percepeau-doar-culorile-galben-si-rosu-unde-erau-albastrul-si-verdele\\\/#primaryimage\",\"url\":\"https:\\\/\\\/www.lovendal.ro\\\/wp52\\\/wp-content\\\/uploads\\\/2025\\\/08\\\/culori-rupestre.jpg\",\"contentUrl\":\"https:\\\/\\\/www.lovendal.ro\\\/wp52\\\/wp-content\\\/uploads\\\/2025\\\/08\\\/culori-rupestre.jpg\",\"width\":358,\"height\":323,\"caption\":\"Imagine: generata de AI (Gemini Google)\"},{\"@type\":\"BreadcrumbList\",\"@id\":\"https:\\\/\\\/www.lovendal.ro\\\/wp52\\\/de-ce-in-vremurile-stravechi-oamenii-percepeau-doar-culorile-galben-si-rosu-unde-erau-albastrul-si-verdele\\\/#breadcrumb\",\"itemListElement\":[{\"@type\":\"ListItem\",\"position\":1,\"name\":\"Home\",\"item\":\"https:\\\/\\\/www.lovendal.ro\\\/wp52\\\/\"},{\"@type\":\"ListItem\",\"position\":2,\"name\":\"De ce \u00een vremurile str\u0103vechi, oamenii percepeau doar culorile galben \u015fi ro\u015fu? Unde erau albastrul \u015fi verdele?\"}]},{\"@type\":\"WebSite\",\"@id\":\"https:\\\/\\\/www.lovendal.ro\\\/wp52\\\/#website\",\"url\":\"https:\\\/\\\/www.lovendal.ro\\\/wp52\\\/\",\"name\":\"Secretele lui Lovendal\",\"description\":\"Site de secrete, stiinta si metafizica - din 2008 -\",\"publisher\":{\"@id\":\"https:\\\/\\\/www.lovendal.ro\\\/wp52\\\/#organization\"},\"potentialAction\":[{\"@type\":\"SearchAction\",\"target\":{\"@type\":\"EntryPoint\",\"urlTemplate\":\"https:\\\/\\\/www.lovendal.ro\\\/wp52\\\/?s={search_term_string}\"},\"query-input\":{\"@type\":\"PropertyValueSpecification\",\"valueRequired\":true,\"valueName\":\"search_term_string\"}}],\"inLanguage\":\"ro-RO\"},{\"@type\":\"Organization\",\"@id\":\"https:\\\/\\\/www.lovendal.ro\\\/wp52\\\/#organization\",\"name\":\"Secretele lui Lovendal\",\"url\":\"https:\\\/\\\/www.lovendal.ro\\\/wp52\\\/\",\"logo\":{\"@type\":\"ImageObject\",\"inLanguage\":\"ro-RO\",\"@id\":\"https:\\\/\\\/www.lovendal.ro\\\/wp52\\\/#\\\/schema\\\/logo\\\/image\\\/\",\"url\":\"https:\\\/\\\/www.lovendal.ro\\\/wp52\\\/wp-content\\\/uploads\\\/2024\\\/06\\\/cropped-SLL-iun-2024-1.jpg\",\"contentUrl\":\"https:\\\/\\\/www.lovendal.ro\\\/wp52\\\/wp-content\\\/uploads\\\/2024\\\/06\\\/cropped-SLL-iun-2024-1.jpg\",\"width\":771,\"height\":240,\"caption\":\"Secretele lui Lovendal\"},\"image\":{\"@id\":\"https:\\\/\\\/www.lovendal.ro\\\/wp52\\\/#\\\/schema\\\/logo\\\/image\\\/\"},\"sameAs\":[\"https:\\\/\\\/www.facebook.com\\\/secreteleluilovendal\"]},{\"@type\":\"Person\",\"@id\":\"https:\\\/\\\/www.lovendal.ro\\\/wp52\\\/#\\\/schema\\\/person\\\/088691de5dfc346bb0c023e1e52ef5d9\",\"name\":\"admin\",\"image\":{\"@type\":\"ImageObject\",\"inLanguage\":\"ro-RO\",\"@id\":\"https:\\\/\\\/secure.gravatar.com\\\/avatar\\\/ecb9cd41f5f63c9c9b989999a59f6e2639a865ec361e9db054db0679a8f341c2?s=96&d=mm&r=g\",\"url\":\"https:\\\/\\\/secure.gravatar.com\\\/avatar\\\/ecb9cd41f5f63c9c9b989999a59f6e2639a865ec361e9db054db0679a8f341c2?s=96&d=mm&r=g\",\"contentUrl\":\"https:\\\/\\\/secure.gravatar.com\\\/avatar\\\/ecb9cd41f5f63c9c9b989999a59f6e2639a865ec361e9db054db0679a8f341c2?s=96&d=mm&r=g\",\"caption\":\"admin\"},\"sameAs\":[\"https:\\\/\\\/www.lovendal.ro\\\/wp52\"]}]}<\/script>\n<!-- \/ Yoast SEO Premium plugin. -->","yoast_head_json":{"title":"De ce \u00een vremurile str\u0103vechi, oamenii percepeau doar culorile galben \u015fi ro\u015fu? Unde erau albastrul \u015fi verdele? - Secretele lui Lovendal","robots":{"index":"index","follow":"follow","max-snippet":"max-snippet:-1","max-image-preview":"max-image-preview:large","max-video-preview":"max-video-preview:-1"},"canonical":"https:\/\/www.lovendal.ro\/wp52\/de-ce-in-vremurile-stravechi-oamenii-percepeau-doar-culorile-galben-si-rosu-unde-erau-albastrul-si-verdele\/","og_locale":"ro_RO","og_type":"article","og_title":"De ce \u00een vremurile str\u0103vechi, oamenii percepeau doar culorile galben \u015fi ro\u015fu? Unde erau albastrul \u015fi verdele?","og_description":"S-a observat c\u0103 \u00een picturile rupestre preistorice nu se folosea niciodat\u0103 culorile verde sau albastru. Asta ar \u00eensemna c\u0103 oamenii de atunci nu percepeau toate culorile, a\u0219a cum se \u00eent\u00e2mpl\u0103 \u0219i cu unele animale, chiar \u00een prezent. A\u0219adar, \u00een urm\u0103 ... Cititi mai multe","og_url":"https:\/\/www.lovendal.ro\/wp52\/de-ce-in-vremurile-stravechi-oamenii-percepeau-doar-culorile-galben-si-rosu-unde-erau-albastrul-si-verdele\/","og_site_name":"Secretele lui Lovendal","article_publisher":"https:\/\/www.facebook.com\/secreteleluilovendal","article_published_time":"2025-08-19T03:15:38+00:00","og_image":[{"width":358,"height":323,"url":"https:\/\/www.lovendal.ro\/wp52\/wp-content\/uploads\/2025\/08\/culori-rupestre.jpg","type":"image\/jpeg"}],"author":"admin","twitter_card":"summary_large_image","twitter_misc":{"Scris de":"admin","Timp estimat pentru citire":"2 minute"},"schema":{"@context":"https:\/\/schema.org","@graph":[{"@type":"Article","@id":"https:\/\/www.lovendal.ro\/wp52\/de-ce-in-vremurile-stravechi-oamenii-percepeau-doar-culorile-galben-si-rosu-unde-erau-albastrul-si-verdele\/#article","isPartOf":{"@id":"https:\/\/www.lovendal.ro\/wp52\/de-ce-in-vremurile-stravechi-oamenii-percepeau-doar-culorile-galben-si-rosu-unde-erau-albastrul-si-verdele\/"},"author":{"name":"admin","@id":"https:\/\/www.lovendal.ro\/wp52\/#\/schema\/person\/088691de5dfc346bb0c023e1e52ef5d9"},"headline":"De ce \u00een vremurile str\u0103vechi, oamenii percepeau doar culorile galben \u015fi ro\u015fu? Unde erau albastrul \u015fi verdele?","datePublished":"2025-08-19T03:15:38+00:00","mainEntityOfPage":{"@id":"https:\/\/www.lovendal.ro\/wp52\/de-ce-in-vremurile-stravechi-oamenii-percepeau-doar-culorile-galben-si-rosu-unde-erau-albastrul-si-verdele\/"},"wordCount":342,"publisher":{"@id":"https:\/\/www.lovendal.ro\/wp52\/#organization"},"image":{"@id":"https:\/\/www.lovendal.ro\/wp52\/de-ce-in-vremurile-stravechi-oamenii-percepeau-doar-culorile-galben-si-rosu-unde-erau-albastrul-si-verdele\/#primaryimage"},"thumbnailUrl":"https:\/\/www.lovendal.ro\/wp52\/wp-content\/uploads\/2025\/08\/culori-rupestre.jpg","keywords":["albastru","Aristotel","Bizar","culori","curcubeu","Democrit","Gladstone","Homer","picturi rupestre","prim-ministru","verde","Xenofon"],"articleSection":["Bizar"],"inLanguage":"ro-RO"},{"@type":"WebPage","@id":"https:\/\/www.lovendal.ro\/wp52\/de-ce-in-vremurile-stravechi-oamenii-percepeau-doar-culorile-galben-si-rosu-unde-erau-albastrul-si-verdele\/","url":"https:\/\/www.lovendal.ro\/wp52\/de-ce-in-vremurile-stravechi-oamenii-percepeau-doar-culorile-galben-si-rosu-unde-erau-albastrul-si-verdele\/","name":"De ce \u00een vremurile str\u0103vechi, oamenii percepeau doar culorile galben \u015fi ro\u015fu? Unde erau albastrul \u015fi verdele? - Secretele lui Lovendal","isPartOf":{"@id":"https:\/\/www.lovendal.ro\/wp52\/#website"},"primaryImageOfPage":{"@id":"https:\/\/www.lovendal.ro\/wp52\/de-ce-in-vremurile-stravechi-oamenii-percepeau-doar-culorile-galben-si-rosu-unde-erau-albastrul-si-verdele\/#primaryimage"},"image":{"@id":"https:\/\/www.lovendal.ro\/wp52\/de-ce-in-vremurile-stravechi-oamenii-percepeau-doar-culorile-galben-si-rosu-unde-erau-albastrul-si-verdele\/#primaryimage"},"thumbnailUrl":"https:\/\/www.lovendal.ro\/wp52\/wp-content\/uploads\/2025\/08\/culori-rupestre.jpg","datePublished":"2025-08-19T03:15:38+00:00","breadcrumb":{"@id":"https:\/\/www.lovendal.ro\/wp52\/de-ce-in-vremurile-stravechi-oamenii-percepeau-doar-culorile-galben-si-rosu-unde-erau-albastrul-si-verdele\/#breadcrumb"},"inLanguage":"ro-RO","potentialAction":[{"@type":"ReadAction","target":["https:\/\/www.lovendal.ro\/wp52\/de-ce-in-vremurile-stravechi-oamenii-percepeau-doar-culorile-galben-si-rosu-unde-erau-albastrul-si-verdele\/"]}]},{"@type":"ImageObject","inLanguage":"ro-RO","@id":"https:\/\/www.lovendal.ro\/wp52\/de-ce-in-vremurile-stravechi-oamenii-percepeau-doar-culorile-galben-si-rosu-unde-erau-albastrul-si-verdele\/#primaryimage","url":"https:\/\/www.lovendal.ro\/wp52\/wp-content\/uploads\/2025\/08\/culori-rupestre.jpg","contentUrl":"https:\/\/www.lovendal.ro\/wp52\/wp-content\/uploads\/2025\/08\/culori-rupestre.jpg","width":358,"height":323,"caption":"Imagine: generata de AI (Gemini Google)"},{"@type":"BreadcrumbList","@id":"https:\/\/www.lovendal.ro\/wp52\/de-ce-in-vremurile-stravechi-oamenii-percepeau-doar-culorile-galben-si-rosu-unde-erau-albastrul-si-verdele\/#breadcrumb","itemListElement":[{"@type":"ListItem","position":1,"name":"Home","item":"https:\/\/www.lovendal.ro\/wp52\/"},{"@type":"ListItem","position":2,"name":"De ce \u00een vremurile str\u0103vechi, oamenii percepeau doar culorile galben \u015fi ro\u015fu? Unde erau albastrul \u015fi verdele?"}]},{"@type":"WebSite","@id":"https:\/\/www.lovendal.ro\/wp52\/#website","url":"https:\/\/www.lovendal.ro\/wp52\/","name":"Secretele lui Lovendal","description":"Site de secrete, stiinta si metafizica - din 2008 -","publisher":{"@id":"https:\/\/www.lovendal.ro\/wp52\/#organization"},"potentialAction":[{"@type":"SearchAction","target":{"@type":"EntryPoint","urlTemplate":"https:\/\/www.lovendal.ro\/wp52\/?s={search_term_string}"},"query-input":{"@type":"PropertyValueSpecification","valueRequired":true,"valueName":"search_term_string"}}],"inLanguage":"ro-RO"},{"@type":"Organization","@id":"https:\/\/www.lovendal.ro\/wp52\/#organization","name":"Secretele lui Lovendal","url":"https:\/\/www.lovendal.ro\/wp52\/","logo":{"@type":"ImageObject","inLanguage":"ro-RO","@id":"https:\/\/www.lovendal.ro\/wp52\/#\/schema\/logo\/image\/","url":"https:\/\/www.lovendal.ro\/wp52\/wp-content\/uploads\/2024\/06\/cropped-SLL-iun-2024-1.jpg","contentUrl":"https:\/\/www.lovendal.ro\/wp52\/wp-content\/uploads\/2024\/06\/cropped-SLL-iun-2024-1.jpg","width":771,"height":240,"caption":"Secretele lui Lovendal"},"image":{"@id":"https:\/\/www.lovendal.ro\/wp52\/#\/schema\/logo\/image\/"},"sameAs":["https:\/\/www.facebook.com\/secreteleluilovendal"]},{"@type":"Person","@id":"https:\/\/www.lovendal.ro\/wp52\/#\/schema\/person\/088691de5dfc346bb0c023e1e52ef5d9","name":"admin","image":{"@type":"ImageObject","inLanguage":"ro-RO","@id":"https:\/\/secure.gravatar.com\/avatar\/ecb9cd41f5f63c9c9b989999a59f6e2639a865ec361e9db054db0679a8f341c2?s=96&d=mm&r=g","url":"https:\/\/secure.gravatar.com\/avatar\/ecb9cd41f5f63c9c9b989999a59f6e2639a865ec361e9db054db0679a8f341c2?s=96&d=mm&r=g","contentUrl":"https:\/\/secure.gravatar.com\/avatar\/ecb9cd41f5f63c9c9b989999a59f6e2639a865ec361e9db054db0679a8f341c2?s=96&d=mm&r=g","caption":"admin"},"sameAs":["https:\/\/www.lovendal.ro\/wp52"]}]}},"_links":{"self":[{"href":"https:\/\/www.lovendal.ro\/wp52\/wp-json\/wp\/v2\/posts\/96434","targetHints":{"allow":["GET"]}}],"collection":[{"href":"https:\/\/www.lovendal.ro\/wp52\/wp-json\/wp\/v2\/posts"}],"about":[{"href":"https:\/\/www.lovendal.ro\/wp52\/wp-json\/wp\/v2\/types\/post"}],"author":[{"embeddable":true,"href":"https:\/\/www.lovendal.ro\/wp52\/wp-json\/wp\/v2\/users\/1"}],"replies":[{"embeddable":true,"href":"https:\/\/www.lovendal.ro\/wp52\/wp-json\/wp\/v2\/comments?post=96434"}],"version-history":[{"count":2,"href":"https:\/\/www.lovendal.ro\/wp52\/wp-json\/wp\/v2\/posts\/96434\/revisions"}],"predecessor-version":[{"id":99455,"href":"https:\/\/www.lovendal.ro\/wp52\/wp-json\/wp\/v2\/posts\/96434\/revisions\/99455"}],"wp:featuredmedia":[{"embeddable":true,"href":"https:\/\/www.lovendal.ro\/wp52\/wp-json\/wp\/v2\/media\/99454"}],"wp:attachment":[{"href":"https:\/\/www.lovendal.ro\/wp52\/wp-json\/wp\/v2\/media?parent=96434"}],"wp:term":[{"taxonomy":"category","embeddable":true,"href":"https:\/\/www.lovendal.ro\/wp52\/wp-json\/wp\/v2\/categories?post=96434"},{"taxonomy":"post_tag","embeddable":true,"href":"https:\/\/www.lovendal.ro\/wp52\/wp-json\/wp\/v2\/tags?post=96434"}],"curies":[{"name":"wp","href":"https:\/\/api.w.org\/{rel}","templated":true}]}}