{"id":96263,"date":"2025-01-02T01:43:28","date_gmt":"2025-01-01T23:43:28","guid":{"rendered":"https:\/\/www.lovendal.ro\/wp52\/?p=96263"},"modified":"2025-01-02T01:43:28","modified_gmt":"2025-01-01T23:43:28","slug":"trei-oameni-in-negru-au-aparut-si-disparut-miraculos-in-stockholm-suedia-ne-povesteste-un-martor","status":"publish","type":"post","link":"https:\/\/www.lovendal.ro\/wp52\/trei-oameni-in-negru-au-aparut-si-disparut-miraculos-in-stockholm-suedia-ne-povesteste-un-martor\/","title":{"rendered":"Trei &#8222;oameni \u00een negru&#8221; au ap\u0103rut \u015fi disp\u0103rut miraculos \u00een Stockholm, Suedia &#8211; ne poveste\u015fte un martor"},"content":{"rendered":"<figure id=\"attachment_96264\" aria-describedby=\"caption-attachment-96264\" style=\"width: 345px\" class=\"wp-caption alignleft\"><a href=\"https:\/\/www.lovendal.ro\/wp52\/wp-content\/uploads\/2025\/01\/oameni-in-negru-Suedia.jpg\"><img loading=\"lazy\" decoding=\"async\" class=\" wp-image-96264\" src=\"https:\/\/www.lovendal.ro\/wp52\/wp-content\/uploads\/2025\/01\/oameni-in-negru-Suedia.jpg\" alt=\"\" width=\"355\" height=\"311\" srcset=\"https:\/\/www.lovendal.ro\/wp52\/wp-content\/uploads\/2025\/01\/oameni-in-negru-Suedia.jpg 543w, https:\/\/www.lovendal.ro\/wp52\/wp-content\/uploads\/2025\/01\/oameni-in-negru-Suedia-300x263.jpg 300w\" sizes=\"auto, (max-width: 355px) 100vw, 355px\" \/><\/a><figcaption id=\"caption-attachment-96264\" class=\"wp-caption-text\"><strong>Imagine<\/strong>: generata de AI (<strong>Microsoft Designer<\/strong>)<\/figcaption><\/figure>\n<p>De pe site-ul <strong>phantomandmonsters.com<\/strong> afl\u0103m urm\u0103toarea poveste relatat\u0103 de c\u0103tre un martor:<\/p>\n<p><em>&#8222;Am o poveste de spus despre &#8222;B\u0103rba\u021bii \u00een negru&#8221;. Locuiesc \u00een Stockholm, Suedia. Era \u00een vara lui 2013, iar eu \u0219i mama am ie\u0219it la plimbare cu c\u00e2inele nostru. \u0218i, \u00een spatele unor tufi\u0219uri, am v\u0103zut o ma\u0219in\u0103 neagr\u0103 str\u0103lucitoare, ar\u0103t\u00e2nd ca un autoturism scump de la \u00eenceputul anilor 1960. Trei b\u0103rba\u021bi \u00eenconjurau ma\u0219ina, iar unul dintre ei st\u0103tea \u00een\u0103untru. To\u021bi erau \u00eembr\u0103ca\u021bi \u00een negru, p\u0103l\u0103rii negre, m\u0103nu\u0219i negre, ochelari negri \u0219i erau palizi la fa\u0163\u0103. Pur \u0219i simplu, ei st\u0103teau acolo. A fost ciudat ca naiba. Am crezut c\u0103 vor merge la un bal mascat sau ceva de genul \u0103sta. Am avut un sentiment ciudat.<\/em><\/p>\n<p><em>Oricum, am stat acolo timp de 6 secunde, uit\u00e2ndu-m\u0103 la ei, iar mama a stat acolo pentru pu\u021bin timp, dar apoi a plecat pentru c\u0103 i-a fost fric\u0103. Ea mi-a spus c\u0103 ar trebui s\u0103 plec din acea zon\u0103, dar curiozitatea m-a f\u0103cut s\u0103 r\u0103m\u00e2n acolo o vreme.<\/em><\/p>\n<p><em>Deodat\u0103, c\u00e2inele meu a \u00eenceput s\u0103 latre violent. Acei trei b\u0103rba\u021bi, inclusiv b\u0103rbatul din ma\u0219in\u0103, s-au uitat la noi \u0219i s-au speriat, urc\u00e2ndu-se rapid cu to\u021bii \u00een ma\u0219in\u0103. Am fugit, pentru c\u0103 mi-a fost fric\u0103. Apoi, c\u00e2nd m-am \u00eentors, ma\u0219ina disp\u0103ruse &#8211; a disp\u0103rut! Ar fi trebuit s\u0103 v\u0103d dac\u0103 au plecat cu ma\u0219ina aia pentru c\u0103 nu era dec\u00e2t o singur\u0103 cale de ie\u0219ire din parcare. Al naibii de ciudat. \u0218i nu, nu m\u0103 droghez. \u0218i mama a fost martor\u0103 la asta, a\u0219a c\u0103 nu eram singur.<\/em><\/p>\n<p><em>Apropo, am fost martor la dou\u0103 OZN-uri \u00eenainte de aceast\u0103 \u00eent\u00e2mplare, iar de atunci am v\u0103zut \u00eenc\u0103 4 OZN-uri&#8221;.<\/em><\/p>\n<p><strong>Sursa<\/strong>: articolul <a href=\"https:\/\/www.phantomsandmonsters.com\/2024\/12\/three-men-in-black-appear-then-vanish.html?utm_content=cmp-true\" target=\"_blank\" rel=\"noopener\"><strong>&#8222;THREE &#8216;MEN IN BLACK&#8217; Appear, Then Vanish, in Stockholm, Sweden&#8221; \/ phantomandmonsters.com<\/strong><\/a><\/p>\n","protected":false},"excerpt":{"rendered":"<p>De pe site-ul phantomandmonsters.com afl\u0103m urm\u0103toarea poveste relatat\u0103 de c\u0103tre un martor: &#8222;Am o poveste de spus despre &#8222;B\u0103rba\u021bii \u00een negru&#8221;. Locuiesc \u00een Stockholm, Suedia. Era \u00een vara lui 2013, iar eu \u0219i mama am ie\u0219it la plimbare cu c\u00e2inele &#8230; <\/p>\n<p class=\"read-more-container\"><a title=\"Trei &#8222;oameni \u00een negru&#8221; au ap\u0103rut \u015fi disp\u0103rut miraculos \u00een Stockholm, Suedia &#8211; ne poveste\u015fte un martor\" class=\"read-more button\" href=\"https:\/\/www.lovendal.ro\/wp52\/trei-oameni-in-negru-au-aparut-si-disparut-miraculos-in-stockholm-suedia-ne-povesteste-un-martor\/#more-96263\" aria-label=\"Cite\u0219te mai multe despre Trei &#8222;oameni \u00een negru&#8221; au ap\u0103rut \u015fi disp\u0103rut miraculos \u00een Stockholm, Suedia &#8211; ne poveste\u015fte un martor\">Cititi mai multe<\/a><\/p>\n","protected":false},"author":1,"featured_media":96264,"comment_status":"closed","ping_status":"open","sticky":false,"template":"","format":"standard","meta":{"footnotes":""},"categories":[14],"tags":[652,1012,580,357,2399,50,9796,3304,1123],"class_list":["post-96263","post","type-post","status-publish","format-standard","has-post-thumbnail","hentry","category-paranormal-spiritualitate","tag-caine","tag-frica","tag-masina","tag-oameni-in-negru","tag-ochelari","tag-ozn","tag-paranormal-spiritualitate","tag-stockholm","tag-suedia","resize-featured-image"],"yoast_head":"<!-- This site is optimized with the Yoast SEO Premium plugin v23.3 (Yoast SEO v27.4) - https:\/\/yoast.com\/product\/yoast-seo-premium-wordpress\/ -->\n<title>Trei &quot;oameni \u00een negru&quot; au ap\u0103rut \u015fi disp\u0103rut miraculos \u00een Stockholm, Suedia - ne poveste\u015fte un martor - Secretele lui Lovendal<\/title>\n<meta name=\"robots\" content=\"index, follow, max-snippet:-1, max-image-preview:large, max-video-preview:-1\" \/>\n<link rel=\"canonical\" href=\"https:\/\/www.lovendal.ro\/wp52\/trei-oameni-in-negru-au-aparut-si-disparut-miraculos-in-stockholm-suedia-ne-povesteste-un-martor\/\" \/>\n<meta property=\"og:locale\" content=\"ro_RO\" \/>\n<meta property=\"og:type\" content=\"article\" \/>\n<meta property=\"og:title\" content=\"Trei &quot;oameni \u00een negru&quot; au ap\u0103rut \u015fi disp\u0103rut miraculos \u00een Stockholm, Suedia - ne poveste\u015fte un martor\" \/>\n<meta property=\"og:description\" content=\"De pe site-ul phantomandmonsters.com afl\u0103m urm\u0103toarea poveste relatat\u0103 de c\u0103tre un martor: &#8222;Am o poveste de spus despre &#8222;B\u0103rba\u021bii \u00een negru&#8221;. Locuiesc \u00een Stockholm, Suedia. Era \u00een vara lui 2013, iar eu \u0219i mama am ie\u0219it la plimbare cu c\u00e2inele ... Cititi mai multe\" \/>\n<meta property=\"og:url\" content=\"https:\/\/www.lovendal.ro\/wp52\/trei-oameni-in-negru-au-aparut-si-disparut-miraculos-in-stockholm-suedia-ne-povesteste-un-martor\/\" \/>\n<meta property=\"og:site_name\" content=\"Secretele lui Lovendal\" \/>\n<meta property=\"article:publisher\" content=\"https:\/\/www.facebook.com\/secreteleluilovendal\" \/>\n<meta property=\"article:published_time\" content=\"2025-01-01T23:43:28+00:00\" \/>\n<meta property=\"og:image\" content=\"https:\/\/www.lovendal.ro\/wp52\/wp-content\/uploads\/2025\/01\/oameni-in-negru-Suedia.jpg\" \/>\n\t<meta property=\"og:image:width\" content=\"543\" \/>\n\t<meta property=\"og:image:height\" content=\"476\" \/>\n\t<meta property=\"og:image:type\" content=\"image\/jpeg\" \/>\n<meta name=\"author\" content=\"admin\" \/>\n<meta name=\"twitter:card\" content=\"summary_large_image\" \/>\n<meta name=\"twitter:label1\" content=\"Scris de\" \/>\n\t<meta name=\"twitter:data1\" content=\"admin\" \/>\n\t<meta name=\"twitter:label2\" content=\"Timp estimat pentru citire\" \/>\n\t<meta name=\"twitter:data2\" content=\"3 minute\" \/>\n<script type=\"application\/ld+json\" class=\"yoast-schema-graph\">{\"@context\":\"https:\\\/\\\/schema.org\",\"@graph\":[{\"@type\":\"Article\",\"@id\":\"https:\\\/\\\/www.lovendal.ro\\\/wp52\\\/trei-oameni-in-negru-au-aparut-si-disparut-miraculos-in-stockholm-suedia-ne-povesteste-un-martor\\\/#article\",\"isPartOf\":{\"@id\":\"https:\\\/\\\/www.lovendal.ro\\\/wp52\\\/trei-oameni-in-negru-au-aparut-si-disparut-miraculos-in-stockholm-suedia-ne-povesteste-un-martor\\\/\"},\"author\":{\"name\":\"admin\",\"@id\":\"https:\\\/\\\/www.lovendal.ro\\\/wp52\\\/#\\\/schema\\\/person\\\/088691de5dfc346bb0c023e1e52ef5d9\"},\"headline\":\"Trei &#8222;oameni \u00een negru&#8221; au ap\u0103rut \u015fi disp\u0103rut miraculos \u00een Stockholm, Suedia &#8211; ne poveste\u015fte un martor\",\"datePublished\":\"2025-01-01T23:43:28+00:00\",\"mainEntityOfPage\":{\"@id\":\"https:\\\/\\\/www.lovendal.ro\\\/wp52\\\/trei-oameni-in-negru-au-aparut-si-disparut-miraculos-in-stockholm-suedia-ne-povesteste-un-martor\\\/\"},\"wordCount\":367,\"publisher\":{\"@id\":\"https:\\\/\\\/www.lovendal.ro\\\/wp52\\\/#organization\"},\"image\":{\"@id\":\"https:\\\/\\\/www.lovendal.ro\\\/wp52\\\/trei-oameni-in-negru-au-aparut-si-disparut-miraculos-in-stockholm-suedia-ne-povesteste-un-martor\\\/#primaryimage\"},\"thumbnailUrl\":\"https:\\\/\\\/www.lovendal.ro\\\/wp52\\\/wp-content\\\/uploads\\\/2025\\\/01\\\/oameni-in-negru-Suedia.jpg\",\"keywords\":[\"c\u00e2ine\",\"fric\u0103\",\"ma\u015fin\u0103\",\"oameni in negru\",\"ochelari\",\"OZN\",\"Paranormal-Spiritualitate\",\"Stockholm\",\"Suedia\"],\"articleSection\":[\"Paranormal-Spiritualitate\"],\"inLanguage\":\"ro-RO\"},{\"@type\":\"WebPage\",\"@id\":\"https:\\\/\\\/www.lovendal.ro\\\/wp52\\\/trei-oameni-in-negru-au-aparut-si-disparut-miraculos-in-stockholm-suedia-ne-povesteste-un-martor\\\/\",\"url\":\"https:\\\/\\\/www.lovendal.ro\\\/wp52\\\/trei-oameni-in-negru-au-aparut-si-disparut-miraculos-in-stockholm-suedia-ne-povesteste-un-martor\\\/\",\"name\":\"Trei \\\"oameni \u00een negru\\\" au ap\u0103rut \u015fi disp\u0103rut miraculos \u00een Stockholm, Suedia - ne poveste\u015fte un martor - Secretele lui Lovendal\",\"isPartOf\":{\"@id\":\"https:\\\/\\\/www.lovendal.ro\\\/wp52\\\/#website\"},\"primaryImageOfPage\":{\"@id\":\"https:\\\/\\\/www.lovendal.ro\\\/wp52\\\/trei-oameni-in-negru-au-aparut-si-disparut-miraculos-in-stockholm-suedia-ne-povesteste-un-martor\\\/#primaryimage\"},\"image\":{\"@id\":\"https:\\\/\\\/www.lovendal.ro\\\/wp52\\\/trei-oameni-in-negru-au-aparut-si-disparut-miraculos-in-stockholm-suedia-ne-povesteste-un-martor\\\/#primaryimage\"},\"thumbnailUrl\":\"https:\\\/\\\/www.lovendal.ro\\\/wp52\\\/wp-content\\\/uploads\\\/2025\\\/01\\\/oameni-in-negru-Suedia.jpg\",\"datePublished\":\"2025-01-01T23:43:28+00:00\",\"breadcrumb\":{\"@id\":\"https:\\\/\\\/www.lovendal.ro\\\/wp52\\\/trei-oameni-in-negru-au-aparut-si-disparut-miraculos-in-stockholm-suedia-ne-povesteste-un-martor\\\/#breadcrumb\"},\"inLanguage\":\"ro-RO\",\"potentialAction\":[{\"@type\":\"ReadAction\",\"target\":[\"https:\\\/\\\/www.lovendal.ro\\\/wp52\\\/trei-oameni-in-negru-au-aparut-si-disparut-miraculos-in-stockholm-suedia-ne-povesteste-un-martor\\\/\"]}]},{\"@type\":\"ImageObject\",\"inLanguage\":\"ro-RO\",\"@id\":\"https:\\\/\\\/www.lovendal.ro\\\/wp52\\\/trei-oameni-in-negru-au-aparut-si-disparut-miraculos-in-stockholm-suedia-ne-povesteste-un-martor\\\/#primaryimage\",\"url\":\"https:\\\/\\\/www.lovendal.ro\\\/wp52\\\/wp-content\\\/uploads\\\/2025\\\/01\\\/oameni-in-negru-Suedia.jpg\",\"contentUrl\":\"https:\\\/\\\/www.lovendal.ro\\\/wp52\\\/wp-content\\\/uploads\\\/2025\\\/01\\\/oameni-in-negru-Suedia.jpg\",\"width\":543,\"height\":476,\"caption\":\"Imagine: generata de AI (Microsoft Designer)\"},{\"@type\":\"BreadcrumbList\",\"@id\":\"https:\\\/\\\/www.lovendal.ro\\\/wp52\\\/trei-oameni-in-negru-au-aparut-si-disparut-miraculos-in-stockholm-suedia-ne-povesteste-un-martor\\\/#breadcrumb\",\"itemListElement\":[{\"@type\":\"ListItem\",\"position\":1,\"name\":\"Home\",\"item\":\"https:\\\/\\\/www.lovendal.ro\\\/wp52\\\/\"},{\"@type\":\"ListItem\",\"position\":2,\"name\":\"Trei &#8222;oameni \u00een negru&#8221; au ap\u0103rut \u015fi disp\u0103rut miraculos \u00een Stockholm, Suedia &#8211; ne poveste\u015fte un martor\"}]},{\"@type\":\"WebSite\",\"@id\":\"https:\\\/\\\/www.lovendal.ro\\\/wp52\\\/#website\",\"url\":\"https:\\\/\\\/www.lovendal.ro\\\/wp52\\\/\",\"name\":\"Secretele lui Lovendal\",\"description\":\"Site de secrete, stiinta si metafizica - din 2008 -\",\"publisher\":{\"@id\":\"https:\\\/\\\/www.lovendal.ro\\\/wp52\\\/#organization\"},\"potentialAction\":[{\"@type\":\"SearchAction\",\"target\":{\"@type\":\"EntryPoint\",\"urlTemplate\":\"https:\\\/\\\/www.lovendal.ro\\\/wp52\\\/?s={search_term_string}\"},\"query-input\":{\"@type\":\"PropertyValueSpecification\",\"valueRequired\":true,\"valueName\":\"search_term_string\"}}],\"inLanguage\":\"ro-RO\"},{\"@type\":\"Organization\",\"@id\":\"https:\\\/\\\/www.lovendal.ro\\\/wp52\\\/#organization\",\"name\":\"Secretele lui Lovendal\",\"url\":\"https:\\\/\\\/www.lovendal.ro\\\/wp52\\\/\",\"logo\":{\"@type\":\"ImageObject\",\"inLanguage\":\"ro-RO\",\"@id\":\"https:\\\/\\\/www.lovendal.ro\\\/wp52\\\/#\\\/schema\\\/logo\\\/image\\\/\",\"url\":\"https:\\\/\\\/www.lovendal.ro\\\/wp52\\\/wp-content\\\/uploads\\\/2024\\\/06\\\/cropped-SLL-iun-2024-1.jpg\",\"contentUrl\":\"https:\\\/\\\/www.lovendal.ro\\\/wp52\\\/wp-content\\\/uploads\\\/2024\\\/06\\\/cropped-SLL-iun-2024-1.jpg\",\"width\":771,\"height\":240,\"caption\":\"Secretele lui Lovendal\"},\"image\":{\"@id\":\"https:\\\/\\\/www.lovendal.ro\\\/wp52\\\/#\\\/schema\\\/logo\\\/image\\\/\"},\"sameAs\":[\"https:\\\/\\\/www.facebook.com\\\/secreteleluilovendal\"]},{\"@type\":\"Person\",\"@id\":\"https:\\\/\\\/www.lovendal.ro\\\/wp52\\\/#\\\/schema\\\/person\\\/088691de5dfc346bb0c023e1e52ef5d9\",\"name\":\"admin\",\"image\":{\"@type\":\"ImageObject\",\"inLanguage\":\"ro-RO\",\"@id\":\"https:\\\/\\\/secure.gravatar.com\\\/avatar\\\/ecb9cd41f5f63c9c9b989999a59f6e2639a865ec361e9db054db0679a8f341c2?s=96&d=mm&r=g\",\"url\":\"https:\\\/\\\/secure.gravatar.com\\\/avatar\\\/ecb9cd41f5f63c9c9b989999a59f6e2639a865ec361e9db054db0679a8f341c2?s=96&d=mm&r=g\",\"contentUrl\":\"https:\\\/\\\/secure.gravatar.com\\\/avatar\\\/ecb9cd41f5f63c9c9b989999a59f6e2639a865ec361e9db054db0679a8f341c2?s=96&d=mm&r=g\",\"caption\":\"admin\"},\"sameAs\":[\"https:\\\/\\\/www.lovendal.ro\\\/wp52\"]}]}<\/script>\n<!-- \/ Yoast SEO Premium plugin. -->","yoast_head_json":{"title":"Trei \"oameni \u00een negru\" au ap\u0103rut \u015fi disp\u0103rut miraculos \u00een Stockholm, Suedia - ne poveste\u015fte un martor - Secretele lui Lovendal","robots":{"index":"index","follow":"follow","max-snippet":"max-snippet:-1","max-image-preview":"max-image-preview:large","max-video-preview":"max-video-preview:-1"},"canonical":"https:\/\/www.lovendal.ro\/wp52\/trei-oameni-in-negru-au-aparut-si-disparut-miraculos-in-stockholm-suedia-ne-povesteste-un-martor\/","og_locale":"ro_RO","og_type":"article","og_title":"Trei \"oameni \u00een negru\" au ap\u0103rut \u015fi disp\u0103rut miraculos \u00een Stockholm, Suedia - ne poveste\u015fte un martor","og_description":"De pe site-ul phantomandmonsters.com afl\u0103m urm\u0103toarea poveste relatat\u0103 de c\u0103tre un martor: &#8222;Am o poveste de spus despre &#8222;B\u0103rba\u021bii \u00een negru&#8221;. Locuiesc \u00een Stockholm, Suedia. Era \u00een vara lui 2013, iar eu \u0219i mama am ie\u0219it la plimbare cu c\u00e2inele ... Cititi mai multe","og_url":"https:\/\/www.lovendal.ro\/wp52\/trei-oameni-in-negru-au-aparut-si-disparut-miraculos-in-stockholm-suedia-ne-povesteste-un-martor\/","og_site_name":"Secretele lui Lovendal","article_publisher":"https:\/\/www.facebook.com\/secreteleluilovendal","article_published_time":"2025-01-01T23:43:28+00:00","og_image":[{"width":543,"height":476,"url":"https:\/\/www.lovendal.ro\/wp52\/wp-content\/uploads\/2025\/01\/oameni-in-negru-Suedia.jpg","type":"image\/jpeg"}],"author":"admin","twitter_card":"summary_large_image","twitter_misc":{"Scris de":"admin","Timp estimat pentru citire":"3 minute"},"schema":{"@context":"https:\/\/schema.org","@graph":[{"@type":"Article","@id":"https:\/\/www.lovendal.ro\/wp52\/trei-oameni-in-negru-au-aparut-si-disparut-miraculos-in-stockholm-suedia-ne-povesteste-un-martor\/#article","isPartOf":{"@id":"https:\/\/www.lovendal.ro\/wp52\/trei-oameni-in-negru-au-aparut-si-disparut-miraculos-in-stockholm-suedia-ne-povesteste-un-martor\/"},"author":{"name":"admin","@id":"https:\/\/www.lovendal.ro\/wp52\/#\/schema\/person\/088691de5dfc346bb0c023e1e52ef5d9"},"headline":"Trei &#8222;oameni \u00een negru&#8221; au ap\u0103rut \u015fi disp\u0103rut miraculos \u00een Stockholm, Suedia &#8211; ne poveste\u015fte un martor","datePublished":"2025-01-01T23:43:28+00:00","mainEntityOfPage":{"@id":"https:\/\/www.lovendal.ro\/wp52\/trei-oameni-in-negru-au-aparut-si-disparut-miraculos-in-stockholm-suedia-ne-povesteste-un-martor\/"},"wordCount":367,"publisher":{"@id":"https:\/\/www.lovendal.ro\/wp52\/#organization"},"image":{"@id":"https:\/\/www.lovendal.ro\/wp52\/trei-oameni-in-negru-au-aparut-si-disparut-miraculos-in-stockholm-suedia-ne-povesteste-un-martor\/#primaryimage"},"thumbnailUrl":"https:\/\/www.lovendal.ro\/wp52\/wp-content\/uploads\/2025\/01\/oameni-in-negru-Suedia.jpg","keywords":["c\u00e2ine","fric\u0103","ma\u015fin\u0103","oameni in negru","ochelari","OZN","Paranormal-Spiritualitate","Stockholm","Suedia"],"articleSection":["Paranormal-Spiritualitate"],"inLanguage":"ro-RO"},{"@type":"WebPage","@id":"https:\/\/www.lovendal.ro\/wp52\/trei-oameni-in-negru-au-aparut-si-disparut-miraculos-in-stockholm-suedia-ne-povesteste-un-martor\/","url":"https:\/\/www.lovendal.ro\/wp52\/trei-oameni-in-negru-au-aparut-si-disparut-miraculos-in-stockholm-suedia-ne-povesteste-un-martor\/","name":"Trei \"oameni \u00een negru\" au ap\u0103rut \u015fi disp\u0103rut miraculos \u00een Stockholm, Suedia - ne poveste\u015fte un martor - Secretele lui Lovendal","isPartOf":{"@id":"https:\/\/www.lovendal.ro\/wp52\/#website"},"primaryImageOfPage":{"@id":"https:\/\/www.lovendal.ro\/wp52\/trei-oameni-in-negru-au-aparut-si-disparut-miraculos-in-stockholm-suedia-ne-povesteste-un-martor\/#primaryimage"},"image":{"@id":"https:\/\/www.lovendal.ro\/wp52\/trei-oameni-in-negru-au-aparut-si-disparut-miraculos-in-stockholm-suedia-ne-povesteste-un-martor\/#primaryimage"},"thumbnailUrl":"https:\/\/www.lovendal.ro\/wp52\/wp-content\/uploads\/2025\/01\/oameni-in-negru-Suedia.jpg","datePublished":"2025-01-01T23:43:28+00:00","breadcrumb":{"@id":"https:\/\/www.lovendal.ro\/wp52\/trei-oameni-in-negru-au-aparut-si-disparut-miraculos-in-stockholm-suedia-ne-povesteste-un-martor\/#breadcrumb"},"inLanguage":"ro-RO","potentialAction":[{"@type":"ReadAction","target":["https:\/\/www.lovendal.ro\/wp52\/trei-oameni-in-negru-au-aparut-si-disparut-miraculos-in-stockholm-suedia-ne-povesteste-un-martor\/"]}]},{"@type":"ImageObject","inLanguage":"ro-RO","@id":"https:\/\/www.lovendal.ro\/wp52\/trei-oameni-in-negru-au-aparut-si-disparut-miraculos-in-stockholm-suedia-ne-povesteste-un-martor\/#primaryimage","url":"https:\/\/www.lovendal.ro\/wp52\/wp-content\/uploads\/2025\/01\/oameni-in-negru-Suedia.jpg","contentUrl":"https:\/\/www.lovendal.ro\/wp52\/wp-content\/uploads\/2025\/01\/oameni-in-negru-Suedia.jpg","width":543,"height":476,"caption":"Imagine: generata de AI (Microsoft Designer)"},{"@type":"BreadcrumbList","@id":"https:\/\/www.lovendal.ro\/wp52\/trei-oameni-in-negru-au-aparut-si-disparut-miraculos-in-stockholm-suedia-ne-povesteste-un-martor\/#breadcrumb","itemListElement":[{"@type":"ListItem","position":1,"name":"Home","item":"https:\/\/www.lovendal.ro\/wp52\/"},{"@type":"ListItem","position":2,"name":"Trei &#8222;oameni \u00een negru&#8221; au ap\u0103rut \u015fi disp\u0103rut miraculos \u00een Stockholm, Suedia &#8211; ne poveste\u015fte un martor"}]},{"@type":"WebSite","@id":"https:\/\/www.lovendal.ro\/wp52\/#website","url":"https:\/\/www.lovendal.ro\/wp52\/","name":"Secretele lui Lovendal","description":"Site de secrete, stiinta si metafizica - din 2008 -","publisher":{"@id":"https:\/\/www.lovendal.ro\/wp52\/#organization"},"potentialAction":[{"@type":"SearchAction","target":{"@type":"EntryPoint","urlTemplate":"https:\/\/www.lovendal.ro\/wp52\/?s={search_term_string}"},"query-input":{"@type":"PropertyValueSpecification","valueRequired":true,"valueName":"search_term_string"}}],"inLanguage":"ro-RO"},{"@type":"Organization","@id":"https:\/\/www.lovendal.ro\/wp52\/#organization","name":"Secretele lui Lovendal","url":"https:\/\/www.lovendal.ro\/wp52\/","logo":{"@type":"ImageObject","inLanguage":"ro-RO","@id":"https:\/\/www.lovendal.ro\/wp52\/#\/schema\/logo\/image\/","url":"https:\/\/www.lovendal.ro\/wp52\/wp-content\/uploads\/2024\/06\/cropped-SLL-iun-2024-1.jpg","contentUrl":"https:\/\/www.lovendal.ro\/wp52\/wp-content\/uploads\/2024\/06\/cropped-SLL-iun-2024-1.jpg","width":771,"height":240,"caption":"Secretele lui Lovendal"},"image":{"@id":"https:\/\/www.lovendal.ro\/wp52\/#\/schema\/logo\/image\/"},"sameAs":["https:\/\/www.facebook.com\/secreteleluilovendal"]},{"@type":"Person","@id":"https:\/\/www.lovendal.ro\/wp52\/#\/schema\/person\/088691de5dfc346bb0c023e1e52ef5d9","name":"admin","image":{"@type":"ImageObject","inLanguage":"ro-RO","@id":"https:\/\/secure.gravatar.com\/avatar\/ecb9cd41f5f63c9c9b989999a59f6e2639a865ec361e9db054db0679a8f341c2?s=96&d=mm&r=g","url":"https:\/\/secure.gravatar.com\/avatar\/ecb9cd41f5f63c9c9b989999a59f6e2639a865ec361e9db054db0679a8f341c2?s=96&d=mm&r=g","contentUrl":"https:\/\/secure.gravatar.com\/avatar\/ecb9cd41f5f63c9c9b989999a59f6e2639a865ec361e9db054db0679a8f341c2?s=96&d=mm&r=g","caption":"admin"},"sameAs":["https:\/\/www.lovendal.ro\/wp52"]}]}},"_links":{"self":[{"href":"https:\/\/www.lovendal.ro\/wp52\/wp-json\/wp\/v2\/posts\/96263","targetHints":{"allow":["GET"]}}],"collection":[{"href":"https:\/\/www.lovendal.ro\/wp52\/wp-json\/wp\/v2\/posts"}],"about":[{"href":"https:\/\/www.lovendal.ro\/wp52\/wp-json\/wp\/v2\/types\/post"}],"author":[{"embeddable":true,"href":"https:\/\/www.lovendal.ro\/wp52\/wp-json\/wp\/v2\/users\/1"}],"replies":[{"embeddable":true,"href":"https:\/\/www.lovendal.ro\/wp52\/wp-json\/wp\/v2\/comments?post=96263"}],"version-history":[{"count":1,"href":"https:\/\/www.lovendal.ro\/wp52\/wp-json\/wp\/v2\/posts\/96263\/revisions"}],"predecessor-version":[{"id":96265,"href":"https:\/\/www.lovendal.ro\/wp52\/wp-json\/wp\/v2\/posts\/96263\/revisions\/96265"}],"wp:featuredmedia":[{"embeddable":true,"href":"https:\/\/www.lovendal.ro\/wp52\/wp-json\/wp\/v2\/media\/96264"}],"wp:attachment":[{"href":"https:\/\/www.lovendal.ro\/wp52\/wp-json\/wp\/v2\/media?parent=96263"}],"wp:term":[{"taxonomy":"category","embeddable":true,"href":"https:\/\/www.lovendal.ro\/wp52\/wp-json\/wp\/v2\/categories?post=96263"},{"taxonomy":"post_tag","embeddable":true,"href":"https:\/\/www.lovendal.ro\/wp52\/wp-json\/wp\/v2\/tags?post=96263"}],"curies":[{"name":"wp","href":"https:\/\/api.w.org\/{rel}","templated":true}]}}