{"id":96133,"date":"2024-12-23T23:38:57","date_gmt":"2024-12-23T21:38:57","guid":{"rendered":"https:\/\/www.lovendal.ro\/wp52\/?p=96133"},"modified":"2024-12-23T23:38:57","modified_gmt":"2024-12-23T21:38:57","slug":"in-1877-la-doar-1-an-de-la-inventarea-sa-telefonul-se-putea-vedea-si-la-bucuresti-romanii-nu-erau-inapoiati-cum-ne-cred-unii","status":"publish","type":"post","link":"https:\/\/www.lovendal.ro\/wp52\/in-1877-la-doar-1-an-de-la-inventarea-sa-telefonul-se-putea-vedea-si-la-bucuresti-romanii-nu-erau-inapoiati-cum-ne-cred-unii\/","title":{"rendered":"\u00cen 1877, la doar 1 an de la inventarea sa, telefonul se putea vedea \u015fi la Bucure\u015fti! Rom\u00e2nii nu erau &#8222;\u00eenapoia\u0163i&#8221; cum ne cred unii&#8230;"},"content":{"rendered":"<figure id=\"attachment_96134\" aria-describedby=\"caption-attachment-96134\" style=\"width: 344px\" class=\"wp-caption alignleft\"><a href=\"https:\/\/www.lovendal.ro\/wp52\/wp-content\/uploads\/2024\/12\/telefon-Bucuresti-1878.jpeg\"><img loading=\"lazy\" decoding=\"async\" class=\" wp-image-96134\" src=\"https:\/\/www.lovendal.ro\/wp52\/wp-content\/uploads\/2024\/12\/telefon-Bucuresti-1878.jpeg\" alt=\"\" width=\"354\" height=\"326\" srcset=\"https:\/\/www.lovendal.ro\/wp52\/wp-content\/uploads\/2024\/12\/telefon-Bucuresti-1878.jpeg 543w, https:\/\/www.lovendal.ro\/wp52\/wp-content\/uploads\/2024\/12\/telefon-Bucuresti-1878-300x276.jpeg 300w\" sizes=\"auto, (max-width: 354px) 100vw, 354px\" \/><\/a><figcaption id=\"caption-attachment-96134\" class=\"wp-caption-text\"><strong>Imagine<\/strong>: generata de AI (<strong>Microsoft Designer<\/strong>)<\/figcaption><\/figure>\n<p>A fost un timp \u00een care \u021bara noastr\u0103 de\u021binea \u00eent\u00e2ietatea la instala\u021biile telefonice urbane. Cea mai modern\u0103 central\u0103 telefonic\u0103 pe care francezii au prezentat-o la Expozi\u021bia interna\u021bional\u0103 de la <strong>Paris<\/strong>, \u00een anul 1900, a fost achizi\u021bionat\u0103 de po\u0219ta rom\u00e2n\u0103 \u0219i instalat\u0103 la <strong>Bucure\u0219ti<\/strong>. Avea 3000 de numere \u0219i era socotit\u0103 ca fiind cea mai modern\u0103 din <strong>Europa<\/strong>.<\/p>\n<p>\u00cenceputurile rom\u00e2ne\u0219ti ale telefoniei dateaz\u0103 din anul 1877, deci numai dup\u0103 1 an de la inventarea sa de c\u0103tre Graham Bell. <em>&#8222;Telephonul se poate vedea \u0219i \u00een Bucure\u0219ti<\/em> &#8211; scriau ziarele noastre \u00een toamna anului 1877 &#8211; <em>el este prezentat de d. Engels, primul constructor rom\u00e2n de aparate mecanice, l\u00e2ng\u0103 gr\u0103dina Ci\u0219migiu, pe intrarea Schlater&#8230;&#8221;<\/em><\/p>\n<p>Prima men\u021biune oficial\u0103 despre telefon o g\u0103sim \u00een Monitorul Oficial din 3 martie 1886, care anun\u021ba instalarea unei &#8222;importante&#8221; centrale cu&#8230; 5 posturi, la Bucure\u0219ti. Cele dint\u00e2i circuite interurbane au fost date \u00een folosin\u021b\u0103 \u00een anul 1900, \u00eentre <strong>Gala\u021bi<\/strong> \u0219i <strong>Br\u0103ila<\/strong> \u0219i apoi \u00eentre Br\u0103ila \u0219i Bucure\u0219ti. Primul telefon automat l-a avut Expozi\u021bia na\u021bional\u0103 din Bucure\u0219ti, \u00een anul 1906. Pentru abona\u021bi, prima central\u0103 automat\u0103 &#8211; cu 3.000 de numere &#8211; a fost dat\u0103 \u00een folosin\u021b\u0103 la Bucure\u0219ti, \u00een anul 1927.<\/p>\n","protected":false},"excerpt":{"rendered":"<p>A fost un timp \u00een care \u021bara noastr\u0103 de\u021binea \u00eent\u00e2ietatea la instala\u021biile telefonice urbane. Cea mai modern\u0103 central\u0103 telefonic\u0103 pe care francezii au prezentat-o la Expozi\u021bia interna\u021bional\u0103 de la Paris, \u00een anul 1900, a fost achizi\u021bionat\u0103 de po\u0219ta rom\u00e2n\u0103 \u0219i &#8230; <\/p>\n<p class=\"read-more-container\"><a title=\"\u00cen 1877, la doar 1 an de la inventarea sa, telefonul se putea vedea \u015fi la Bucure\u015fti! Rom\u00e2nii nu erau &#8222;\u00eenapoia\u0163i&#8221; cum ne cred unii&#8230;\" class=\"read-more button\" href=\"https:\/\/www.lovendal.ro\/wp52\/in-1877-la-doar-1-an-de-la-inventarea-sa-telefonul-se-putea-vedea-si-la-bucuresti-romanii-nu-erau-inapoiati-cum-ne-cred-unii\/#more-96133\" aria-label=\"Cite\u0219te mai multe despre \u00cen 1877, la doar 1 an de la inventarea sa, telefonul se putea vedea \u015fi la Bucure\u015fti! Rom\u00e2nii nu erau &#8222;\u00eenapoia\u0163i&#8221; cum ne cred unii&#8230;\">Cititi mai multe<\/a><\/p>\n","protected":false},"author":1,"featured_media":96134,"comment_status":"closed","ping_status":"open","sticky":false,"template":"","format":"standard","meta":{"footnotes":""},"categories":[12567],"tags":[2823,12296,827,18765,341,5528,12568,1312],"class_list":["post-96133","post","type-post","status-publish","format-standard","has-post-thumbnail","hentry","category-tehnologii","tag-bell","tag-braila","tag-bucuresti","tag-cismigiu","tag-europa","tag-galati","tag-tehnologii","tag-telefon","resize-featured-image"],"yoast_head":"<!-- This site is optimized with the Yoast SEO Premium plugin v23.3 (Yoast SEO v27.4) - https:\/\/yoast.com\/product\/yoast-seo-premium-wordpress\/ -->\n<title>\u00cen 1877, la doar 1 an de la inventarea sa, telefonul se putea vedea \u015fi la Bucure\u015fti! Rom\u00e2nii nu erau &quot;\u00eenapoia\u0163i&quot; cum ne cred unii... - Secretele lui Lovendal<\/title>\n<meta name=\"robots\" content=\"index, follow, max-snippet:-1, max-image-preview:large, max-video-preview:-1\" \/>\n<link rel=\"canonical\" href=\"https:\/\/www.lovendal.ro\/wp52\/in-1877-la-doar-1-an-de-la-inventarea-sa-telefonul-se-putea-vedea-si-la-bucuresti-romanii-nu-erau-inapoiati-cum-ne-cred-unii\/\" \/>\n<meta property=\"og:locale\" content=\"ro_RO\" \/>\n<meta property=\"og:type\" content=\"article\" \/>\n<meta property=\"og:title\" content=\"\u00cen 1877, la doar 1 an de la inventarea sa, telefonul se putea vedea \u015fi la Bucure\u015fti! Rom\u00e2nii nu erau &quot;\u00eenapoia\u0163i&quot; cum ne cred unii...\" \/>\n<meta property=\"og:description\" content=\"A fost un timp \u00een care \u021bara noastr\u0103 de\u021binea \u00eent\u00e2ietatea la instala\u021biile telefonice urbane. Cea mai modern\u0103 central\u0103 telefonic\u0103 pe care francezii au prezentat-o la Expozi\u021bia interna\u021bional\u0103 de la Paris, \u00een anul 1900, a fost achizi\u021bionat\u0103 de po\u0219ta rom\u00e2n\u0103 \u0219i ... Cititi mai multe\" \/>\n<meta property=\"og:url\" content=\"https:\/\/www.lovendal.ro\/wp52\/in-1877-la-doar-1-an-de-la-inventarea-sa-telefonul-se-putea-vedea-si-la-bucuresti-romanii-nu-erau-inapoiati-cum-ne-cred-unii\/\" \/>\n<meta property=\"og:site_name\" content=\"Secretele lui Lovendal\" \/>\n<meta property=\"article:publisher\" content=\"https:\/\/www.facebook.com\/secreteleluilovendal\" \/>\n<meta property=\"article:published_time\" content=\"2024-12-23T21:38:57+00:00\" \/>\n<meta property=\"og:image\" content=\"https:\/\/www.lovendal.ro\/wp52\/wp-content\/uploads\/2024\/12\/telefon-Bucuresti-1878.jpeg\" \/>\n\t<meta property=\"og:image:width\" content=\"543\" \/>\n\t<meta property=\"og:image:height\" content=\"500\" \/>\n\t<meta property=\"og:image:type\" content=\"image\/jpeg\" \/>\n<meta name=\"author\" content=\"admin\" \/>\n<meta name=\"twitter:card\" content=\"summary_large_image\" \/>\n<meta name=\"twitter:label1\" content=\"Scris de\" \/>\n\t<meta name=\"twitter:data1\" content=\"admin\" \/>\n\t<meta name=\"twitter:label2\" content=\"Timp estimat pentru citire\" \/>\n\t<meta name=\"twitter:data2\" content=\"2 minute\" \/>\n<script type=\"application\/ld+json\" class=\"yoast-schema-graph\">{\"@context\":\"https:\\\/\\\/schema.org\",\"@graph\":[{\"@type\":\"Article\",\"@id\":\"https:\\\/\\\/www.lovendal.ro\\\/wp52\\\/in-1877-la-doar-1-an-de-la-inventarea-sa-telefonul-se-putea-vedea-si-la-bucuresti-romanii-nu-erau-inapoiati-cum-ne-cred-unii\\\/#article\",\"isPartOf\":{\"@id\":\"https:\\\/\\\/www.lovendal.ro\\\/wp52\\\/in-1877-la-doar-1-an-de-la-inventarea-sa-telefonul-se-putea-vedea-si-la-bucuresti-romanii-nu-erau-inapoiati-cum-ne-cred-unii\\\/\"},\"author\":{\"name\":\"admin\",\"@id\":\"https:\\\/\\\/www.lovendal.ro\\\/wp52\\\/#\\\/schema\\\/person\\\/088691de5dfc346bb0c023e1e52ef5d9\"},\"headline\":\"\u00cen 1877, la doar 1 an de la inventarea sa, telefonul se putea vedea \u015fi la Bucure\u015fti! Rom\u00e2nii nu erau &#8222;\u00eenapoia\u0163i&#8221; cum ne cred unii&#8230;\",\"datePublished\":\"2024-12-23T21:38:57+00:00\",\"mainEntityOfPage\":{\"@id\":\"https:\\\/\\\/www.lovendal.ro\\\/wp52\\\/in-1877-la-doar-1-an-de-la-inventarea-sa-telefonul-se-putea-vedea-si-la-bucuresti-romanii-nu-erau-inapoiati-cum-ne-cred-unii\\\/\"},\"wordCount\":250,\"publisher\":{\"@id\":\"https:\\\/\\\/www.lovendal.ro\\\/wp52\\\/#organization\"},\"image\":{\"@id\":\"https:\\\/\\\/www.lovendal.ro\\\/wp52\\\/in-1877-la-doar-1-an-de-la-inventarea-sa-telefonul-se-putea-vedea-si-la-bucuresti-romanii-nu-erau-inapoiati-cum-ne-cred-unii\\\/#primaryimage\"},\"thumbnailUrl\":\"https:\\\/\\\/www.lovendal.ro\\\/wp52\\\/wp-content\\\/uploads\\\/2024\\\/12\\\/telefon-Bucuresti-1878.jpeg\",\"keywords\":[\"Bell\",\"Br\u0103ila\",\"Bucure\u015fti\",\"Ci\u015fmigiu\",\"Europa\",\"Gala\u0163i\",\"Tehnologii\",\"telefon\"],\"articleSection\":[\"Tehnologii\"],\"inLanguage\":\"ro-RO\"},{\"@type\":\"WebPage\",\"@id\":\"https:\\\/\\\/www.lovendal.ro\\\/wp52\\\/in-1877-la-doar-1-an-de-la-inventarea-sa-telefonul-se-putea-vedea-si-la-bucuresti-romanii-nu-erau-inapoiati-cum-ne-cred-unii\\\/\",\"url\":\"https:\\\/\\\/www.lovendal.ro\\\/wp52\\\/in-1877-la-doar-1-an-de-la-inventarea-sa-telefonul-se-putea-vedea-si-la-bucuresti-romanii-nu-erau-inapoiati-cum-ne-cred-unii\\\/\",\"name\":\"\u00cen 1877, la doar 1 an de la inventarea sa, telefonul se putea vedea \u015fi la Bucure\u015fti! Rom\u00e2nii nu erau \\\"\u00eenapoia\u0163i\\\" cum ne cred unii... - Secretele lui Lovendal\",\"isPartOf\":{\"@id\":\"https:\\\/\\\/www.lovendal.ro\\\/wp52\\\/#website\"},\"primaryImageOfPage\":{\"@id\":\"https:\\\/\\\/www.lovendal.ro\\\/wp52\\\/in-1877-la-doar-1-an-de-la-inventarea-sa-telefonul-se-putea-vedea-si-la-bucuresti-romanii-nu-erau-inapoiati-cum-ne-cred-unii\\\/#primaryimage\"},\"image\":{\"@id\":\"https:\\\/\\\/www.lovendal.ro\\\/wp52\\\/in-1877-la-doar-1-an-de-la-inventarea-sa-telefonul-se-putea-vedea-si-la-bucuresti-romanii-nu-erau-inapoiati-cum-ne-cred-unii\\\/#primaryimage\"},\"thumbnailUrl\":\"https:\\\/\\\/www.lovendal.ro\\\/wp52\\\/wp-content\\\/uploads\\\/2024\\\/12\\\/telefon-Bucuresti-1878.jpeg\",\"datePublished\":\"2024-12-23T21:38:57+00:00\",\"breadcrumb\":{\"@id\":\"https:\\\/\\\/www.lovendal.ro\\\/wp52\\\/in-1877-la-doar-1-an-de-la-inventarea-sa-telefonul-se-putea-vedea-si-la-bucuresti-romanii-nu-erau-inapoiati-cum-ne-cred-unii\\\/#breadcrumb\"},\"inLanguage\":\"ro-RO\",\"potentialAction\":[{\"@type\":\"ReadAction\",\"target\":[\"https:\\\/\\\/www.lovendal.ro\\\/wp52\\\/in-1877-la-doar-1-an-de-la-inventarea-sa-telefonul-se-putea-vedea-si-la-bucuresti-romanii-nu-erau-inapoiati-cum-ne-cred-unii\\\/\"]}]},{\"@type\":\"ImageObject\",\"inLanguage\":\"ro-RO\",\"@id\":\"https:\\\/\\\/www.lovendal.ro\\\/wp52\\\/in-1877-la-doar-1-an-de-la-inventarea-sa-telefonul-se-putea-vedea-si-la-bucuresti-romanii-nu-erau-inapoiati-cum-ne-cred-unii\\\/#primaryimage\",\"url\":\"https:\\\/\\\/www.lovendal.ro\\\/wp52\\\/wp-content\\\/uploads\\\/2024\\\/12\\\/telefon-Bucuresti-1878.jpeg\",\"contentUrl\":\"https:\\\/\\\/www.lovendal.ro\\\/wp52\\\/wp-content\\\/uploads\\\/2024\\\/12\\\/telefon-Bucuresti-1878.jpeg\",\"width\":543,\"height\":500,\"caption\":\"Imagine: generata de AI (Microsoft Designer)\"},{\"@type\":\"BreadcrumbList\",\"@id\":\"https:\\\/\\\/www.lovendal.ro\\\/wp52\\\/in-1877-la-doar-1-an-de-la-inventarea-sa-telefonul-se-putea-vedea-si-la-bucuresti-romanii-nu-erau-inapoiati-cum-ne-cred-unii\\\/#breadcrumb\",\"itemListElement\":[{\"@type\":\"ListItem\",\"position\":1,\"name\":\"Home\",\"item\":\"https:\\\/\\\/www.lovendal.ro\\\/wp52\\\/\"},{\"@type\":\"ListItem\",\"position\":2,\"name\":\"\u00cen 1877, la doar 1 an de la inventarea sa, telefonul se putea vedea \u015fi la Bucure\u015fti! Rom\u00e2nii nu erau &#8222;\u00eenapoia\u0163i&#8221; cum ne cred unii&#8230;\"}]},{\"@type\":\"WebSite\",\"@id\":\"https:\\\/\\\/www.lovendal.ro\\\/wp52\\\/#website\",\"url\":\"https:\\\/\\\/www.lovendal.ro\\\/wp52\\\/\",\"name\":\"Secretele lui Lovendal\",\"description\":\"Site de secrete, stiinta si metafizica - din 2008 -\",\"publisher\":{\"@id\":\"https:\\\/\\\/www.lovendal.ro\\\/wp52\\\/#organization\"},\"potentialAction\":[{\"@type\":\"SearchAction\",\"target\":{\"@type\":\"EntryPoint\",\"urlTemplate\":\"https:\\\/\\\/www.lovendal.ro\\\/wp52\\\/?s={search_term_string}\"},\"query-input\":{\"@type\":\"PropertyValueSpecification\",\"valueRequired\":true,\"valueName\":\"search_term_string\"}}],\"inLanguage\":\"ro-RO\"},{\"@type\":\"Organization\",\"@id\":\"https:\\\/\\\/www.lovendal.ro\\\/wp52\\\/#organization\",\"name\":\"Secretele lui Lovendal\",\"url\":\"https:\\\/\\\/www.lovendal.ro\\\/wp52\\\/\",\"logo\":{\"@type\":\"ImageObject\",\"inLanguage\":\"ro-RO\",\"@id\":\"https:\\\/\\\/www.lovendal.ro\\\/wp52\\\/#\\\/schema\\\/logo\\\/image\\\/\",\"url\":\"https:\\\/\\\/www.lovendal.ro\\\/wp52\\\/wp-content\\\/uploads\\\/2024\\\/06\\\/cropped-SLL-iun-2024-1.jpg\",\"contentUrl\":\"https:\\\/\\\/www.lovendal.ro\\\/wp52\\\/wp-content\\\/uploads\\\/2024\\\/06\\\/cropped-SLL-iun-2024-1.jpg\",\"width\":771,\"height\":240,\"caption\":\"Secretele lui Lovendal\"},\"image\":{\"@id\":\"https:\\\/\\\/www.lovendal.ro\\\/wp52\\\/#\\\/schema\\\/logo\\\/image\\\/\"},\"sameAs\":[\"https:\\\/\\\/www.facebook.com\\\/secreteleluilovendal\"]},{\"@type\":\"Person\",\"@id\":\"https:\\\/\\\/www.lovendal.ro\\\/wp52\\\/#\\\/schema\\\/person\\\/088691de5dfc346bb0c023e1e52ef5d9\",\"name\":\"admin\",\"image\":{\"@type\":\"ImageObject\",\"inLanguage\":\"ro-RO\",\"@id\":\"https:\\\/\\\/secure.gravatar.com\\\/avatar\\\/ecb9cd41f5f63c9c9b989999a59f6e2639a865ec361e9db054db0679a8f341c2?s=96&d=mm&r=g\",\"url\":\"https:\\\/\\\/secure.gravatar.com\\\/avatar\\\/ecb9cd41f5f63c9c9b989999a59f6e2639a865ec361e9db054db0679a8f341c2?s=96&d=mm&r=g\",\"contentUrl\":\"https:\\\/\\\/secure.gravatar.com\\\/avatar\\\/ecb9cd41f5f63c9c9b989999a59f6e2639a865ec361e9db054db0679a8f341c2?s=96&d=mm&r=g\",\"caption\":\"admin\"},\"sameAs\":[\"https:\\\/\\\/www.lovendal.ro\\\/wp52\"]}]}<\/script>\n<!-- \/ Yoast SEO Premium plugin. -->","yoast_head_json":{"title":"\u00cen 1877, la doar 1 an de la inventarea sa, telefonul se putea vedea \u015fi la Bucure\u015fti! Rom\u00e2nii nu erau \"\u00eenapoia\u0163i\" cum ne cred unii... - Secretele lui Lovendal","robots":{"index":"index","follow":"follow","max-snippet":"max-snippet:-1","max-image-preview":"max-image-preview:large","max-video-preview":"max-video-preview:-1"},"canonical":"https:\/\/www.lovendal.ro\/wp52\/in-1877-la-doar-1-an-de-la-inventarea-sa-telefonul-se-putea-vedea-si-la-bucuresti-romanii-nu-erau-inapoiati-cum-ne-cred-unii\/","og_locale":"ro_RO","og_type":"article","og_title":"\u00cen 1877, la doar 1 an de la inventarea sa, telefonul se putea vedea \u015fi la Bucure\u015fti! Rom\u00e2nii nu erau \"\u00eenapoia\u0163i\" cum ne cred unii...","og_description":"A fost un timp \u00een care \u021bara noastr\u0103 de\u021binea \u00eent\u00e2ietatea la instala\u021biile telefonice urbane. Cea mai modern\u0103 central\u0103 telefonic\u0103 pe care francezii au prezentat-o la Expozi\u021bia interna\u021bional\u0103 de la Paris, \u00een anul 1900, a fost achizi\u021bionat\u0103 de po\u0219ta rom\u00e2n\u0103 \u0219i ... Cititi mai multe","og_url":"https:\/\/www.lovendal.ro\/wp52\/in-1877-la-doar-1-an-de-la-inventarea-sa-telefonul-se-putea-vedea-si-la-bucuresti-romanii-nu-erau-inapoiati-cum-ne-cred-unii\/","og_site_name":"Secretele lui Lovendal","article_publisher":"https:\/\/www.facebook.com\/secreteleluilovendal","article_published_time":"2024-12-23T21:38:57+00:00","og_image":[{"width":543,"height":500,"url":"https:\/\/www.lovendal.ro\/wp52\/wp-content\/uploads\/2024\/12\/telefon-Bucuresti-1878.jpeg","type":"image\/jpeg"}],"author":"admin","twitter_card":"summary_large_image","twitter_misc":{"Scris de":"admin","Timp estimat pentru citire":"2 minute"},"schema":{"@context":"https:\/\/schema.org","@graph":[{"@type":"Article","@id":"https:\/\/www.lovendal.ro\/wp52\/in-1877-la-doar-1-an-de-la-inventarea-sa-telefonul-se-putea-vedea-si-la-bucuresti-romanii-nu-erau-inapoiati-cum-ne-cred-unii\/#article","isPartOf":{"@id":"https:\/\/www.lovendal.ro\/wp52\/in-1877-la-doar-1-an-de-la-inventarea-sa-telefonul-se-putea-vedea-si-la-bucuresti-romanii-nu-erau-inapoiati-cum-ne-cred-unii\/"},"author":{"name":"admin","@id":"https:\/\/www.lovendal.ro\/wp52\/#\/schema\/person\/088691de5dfc346bb0c023e1e52ef5d9"},"headline":"\u00cen 1877, la doar 1 an de la inventarea sa, telefonul se putea vedea \u015fi la Bucure\u015fti! Rom\u00e2nii nu erau &#8222;\u00eenapoia\u0163i&#8221; cum ne cred unii&#8230;","datePublished":"2024-12-23T21:38:57+00:00","mainEntityOfPage":{"@id":"https:\/\/www.lovendal.ro\/wp52\/in-1877-la-doar-1-an-de-la-inventarea-sa-telefonul-se-putea-vedea-si-la-bucuresti-romanii-nu-erau-inapoiati-cum-ne-cred-unii\/"},"wordCount":250,"publisher":{"@id":"https:\/\/www.lovendal.ro\/wp52\/#organization"},"image":{"@id":"https:\/\/www.lovendal.ro\/wp52\/in-1877-la-doar-1-an-de-la-inventarea-sa-telefonul-se-putea-vedea-si-la-bucuresti-romanii-nu-erau-inapoiati-cum-ne-cred-unii\/#primaryimage"},"thumbnailUrl":"https:\/\/www.lovendal.ro\/wp52\/wp-content\/uploads\/2024\/12\/telefon-Bucuresti-1878.jpeg","keywords":["Bell","Br\u0103ila","Bucure\u015fti","Ci\u015fmigiu","Europa","Gala\u0163i","Tehnologii","telefon"],"articleSection":["Tehnologii"],"inLanguage":"ro-RO"},{"@type":"WebPage","@id":"https:\/\/www.lovendal.ro\/wp52\/in-1877-la-doar-1-an-de-la-inventarea-sa-telefonul-se-putea-vedea-si-la-bucuresti-romanii-nu-erau-inapoiati-cum-ne-cred-unii\/","url":"https:\/\/www.lovendal.ro\/wp52\/in-1877-la-doar-1-an-de-la-inventarea-sa-telefonul-se-putea-vedea-si-la-bucuresti-romanii-nu-erau-inapoiati-cum-ne-cred-unii\/","name":"\u00cen 1877, la doar 1 an de la inventarea sa, telefonul se putea vedea \u015fi la Bucure\u015fti! Rom\u00e2nii nu erau \"\u00eenapoia\u0163i\" cum ne cred unii... - Secretele lui Lovendal","isPartOf":{"@id":"https:\/\/www.lovendal.ro\/wp52\/#website"},"primaryImageOfPage":{"@id":"https:\/\/www.lovendal.ro\/wp52\/in-1877-la-doar-1-an-de-la-inventarea-sa-telefonul-se-putea-vedea-si-la-bucuresti-romanii-nu-erau-inapoiati-cum-ne-cred-unii\/#primaryimage"},"image":{"@id":"https:\/\/www.lovendal.ro\/wp52\/in-1877-la-doar-1-an-de-la-inventarea-sa-telefonul-se-putea-vedea-si-la-bucuresti-romanii-nu-erau-inapoiati-cum-ne-cred-unii\/#primaryimage"},"thumbnailUrl":"https:\/\/www.lovendal.ro\/wp52\/wp-content\/uploads\/2024\/12\/telefon-Bucuresti-1878.jpeg","datePublished":"2024-12-23T21:38:57+00:00","breadcrumb":{"@id":"https:\/\/www.lovendal.ro\/wp52\/in-1877-la-doar-1-an-de-la-inventarea-sa-telefonul-se-putea-vedea-si-la-bucuresti-romanii-nu-erau-inapoiati-cum-ne-cred-unii\/#breadcrumb"},"inLanguage":"ro-RO","potentialAction":[{"@type":"ReadAction","target":["https:\/\/www.lovendal.ro\/wp52\/in-1877-la-doar-1-an-de-la-inventarea-sa-telefonul-se-putea-vedea-si-la-bucuresti-romanii-nu-erau-inapoiati-cum-ne-cred-unii\/"]}]},{"@type":"ImageObject","inLanguage":"ro-RO","@id":"https:\/\/www.lovendal.ro\/wp52\/in-1877-la-doar-1-an-de-la-inventarea-sa-telefonul-se-putea-vedea-si-la-bucuresti-romanii-nu-erau-inapoiati-cum-ne-cred-unii\/#primaryimage","url":"https:\/\/www.lovendal.ro\/wp52\/wp-content\/uploads\/2024\/12\/telefon-Bucuresti-1878.jpeg","contentUrl":"https:\/\/www.lovendal.ro\/wp52\/wp-content\/uploads\/2024\/12\/telefon-Bucuresti-1878.jpeg","width":543,"height":500,"caption":"Imagine: generata de AI (Microsoft Designer)"},{"@type":"BreadcrumbList","@id":"https:\/\/www.lovendal.ro\/wp52\/in-1877-la-doar-1-an-de-la-inventarea-sa-telefonul-se-putea-vedea-si-la-bucuresti-romanii-nu-erau-inapoiati-cum-ne-cred-unii\/#breadcrumb","itemListElement":[{"@type":"ListItem","position":1,"name":"Home","item":"https:\/\/www.lovendal.ro\/wp52\/"},{"@type":"ListItem","position":2,"name":"\u00cen 1877, la doar 1 an de la inventarea sa, telefonul se putea vedea \u015fi la Bucure\u015fti! Rom\u00e2nii nu erau &#8222;\u00eenapoia\u0163i&#8221; cum ne cred unii&#8230;"}]},{"@type":"WebSite","@id":"https:\/\/www.lovendal.ro\/wp52\/#website","url":"https:\/\/www.lovendal.ro\/wp52\/","name":"Secretele lui Lovendal","description":"Site de secrete, stiinta si metafizica - din 2008 -","publisher":{"@id":"https:\/\/www.lovendal.ro\/wp52\/#organization"},"potentialAction":[{"@type":"SearchAction","target":{"@type":"EntryPoint","urlTemplate":"https:\/\/www.lovendal.ro\/wp52\/?s={search_term_string}"},"query-input":{"@type":"PropertyValueSpecification","valueRequired":true,"valueName":"search_term_string"}}],"inLanguage":"ro-RO"},{"@type":"Organization","@id":"https:\/\/www.lovendal.ro\/wp52\/#organization","name":"Secretele lui Lovendal","url":"https:\/\/www.lovendal.ro\/wp52\/","logo":{"@type":"ImageObject","inLanguage":"ro-RO","@id":"https:\/\/www.lovendal.ro\/wp52\/#\/schema\/logo\/image\/","url":"https:\/\/www.lovendal.ro\/wp52\/wp-content\/uploads\/2024\/06\/cropped-SLL-iun-2024-1.jpg","contentUrl":"https:\/\/www.lovendal.ro\/wp52\/wp-content\/uploads\/2024\/06\/cropped-SLL-iun-2024-1.jpg","width":771,"height":240,"caption":"Secretele lui Lovendal"},"image":{"@id":"https:\/\/www.lovendal.ro\/wp52\/#\/schema\/logo\/image\/"},"sameAs":["https:\/\/www.facebook.com\/secreteleluilovendal"]},{"@type":"Person","@id":"https:\/\/www.lovendal.ro\/wp52\/#\/schema\/person\/088691de5dfc346bb0c023e1e52ef5d9","name":"admin","image":{"@type":"ImageObject","inLanguage":"ro-RO","@id":"https:\/\/secure.gravatar.com\/avatar\/ecb9cd41f5f63c9c9b989999a59f6e2639a865ec361e9db054db0679a8f341c2?s=96&d=mm&r=g","url":"https:\/\/secure.gravatar.com\/avatar\/ecb9cd41f5f63c9c9b989999a59f6e2639a865ec361e9db054db0679a8f341c2?s=96&d=mm&r=g","contentUrl":"https:\/\/secure.gravatar.com\/avatar\/ecb9cd41f5f63c9c9b989999a59f6e2639a865ec361e9db054db0679a8f341c2?s=96&d=mm&r=g","caption":"admin"},"sameAs":["https:\/\/www.lovendal.ro\/wp52"]}]}},"_links":{"self":[{"href":"https:\/\/www.lovendal.ro\/wp52\/wp-json\/wp\/v2\/posts\/96133","targetHints":{"allow":["GET"]}}],"collection":[{"href":"https:\/\/www.lovendal.ro\/wp52\/wp-json\/wp\/v2\/posts"}],"about":[{"href":"https:\/\/www.lovendal.ro\/wp52\/wp-json\/wp\/v2\/types\/post"}],"author":[{"embeddable":true,"href":"https:\/\/www.lovendal.ro\/wp52\/wp-json\/wp\/v2\/users\/1"}],"replies":[{"embeddable":true,"href":"https:\/\/www.lovendal.ro\/wp52\/wp-json\/wp\/v2\/comments?post=96133"}],"version-history":[{"count":1,"href":"https:\/\/www.lovendal.ro\/wp52\/wp-json\/wp\/v2\/posts\/96133\/revisions"}],"predecessor-version":[{"id":96135,"href":"https:\/\/www.lovendal.ro\/wp52\/wp-json\/wp\/v2\/posts\/96133\/revisions\/96135"}],"wp:featuredmedia":[{"embeddable":true,"href":"https:\/\/www.lovendal.ro\/wp52\/wp-json\/wp\/v2\/media\/96134"}],"wp:attachment":[{"href":"https:\/\/www.lovendal.ro\/wp52\/wp-json\/wp\/v2\/media?parent=96133"}],"wp:term":[{"taxonomy":"category","embeddable":true,"href":"https:\/\/www.lovendal.ro\/wp52\/wp-json\/wp\/v2\/categories?post=96133"},{"taxonomy":"post_tag","embeddable":true,"href":"https:\/\/www.lovendal.ro\/wp52\/wp-json\/wp\/v2\/tags?post=96133"}],"curies":[{"name":"wp","href":"https:\/\/api.w.org\/{rel}","templated":true}]}}