{"id":9595,"date":"2009-12-11T17:35:35","date_gmt":"2009-12-11T15:35:35","guid":{"rendered":"http:\/\/www.lovendal.net\/wp52\/?p=9595"},"modified":"2009-12-11T17:35:35","modified_gmt":"2009-12-11T15:35:35","slug":"morometii-dupa-marin-preda-victor-rebenciug-si-butoaiele-cu-tuica","status":"publish","type":"post","link":"https:\/\/www.lovendal.ro\/wp52\/morometii-dupa-marin-preda-victor-rebenciug-si-butoaiele-cu-tuica\/","title":{"rendered":"&#8222;Morome\u0163ii&#8221; dup\u0103 Marin Preda, Victor Rebenciug \u015fi butoaiele cu \u0163uic\u0103"},"content":{"rendered":"<p><a href=\"https:\/\/www.lovendal.ro\/wp52\/wp-content\/uploads\/2009\/12\/Ilie-Moromete.jpg\"><img loading=\"lazy\" decoding=\"async\" class=\"alignleft size-full wp-image-9596\" title=\"Ilie Moromete\" src=\"https:\/\/www.lovendal.ro\/wp52\/wp-content\/uploads\/2009\/12\/Ilie-Moromete.jpg\" alt=\"Ilie Moromete\" width=\"261\" height=\"249\" \/><\/a>\u00cen plin regim comunist, \u00een anul 1988, regizorul Stere Gulea realizeaz\u0103 pelicula &#8222;Morome\u0163ii&#8221;, adaptare dup\u0103 romanul celebrul cu acela\u015fi nume a lui Marin Preda. Ini\u0163ial, regizorul Stere Gulea a vrut s\u0103-l distribuie pe regretatul Gheorghe Dinic\u0103 \u00een rolul lui Ilie Moromete, iar Victor Rebengiuc trebuia s\u0103 fie Nae. \u00cens\u0103 Dinic\u0103 a refuzat \u015fi Stere s-a tot perpelit p\u00e2n\u0103 c\u00e2nd a g\u0103sit solu\u0163ia salvatoare: citadinul Victor Rebengiuc trebuie s\u0103 fie Ilie Moromete! Totu\u015fi, atunci c\u00e2nd a primit rolul, Victor Rebengiuc s-a speriat \u015fi a fugit acas\u0103 la Bucure\u015fti. Nu suporta ideea s\u0103 stea \u00een Alexandria, la aproximativ 80 de kilometri de satul Talpa, unde aveau loc film\u0103rile. Cu at\u00e2t mai mult cu c\u00e2t fusese cazat \u00eentr-un hotel \u201cdotat\u201d cu g\u00e2ndaci, mu\u015fte \u015fi \u0163\u00e2n\u0163ari.<\/p>\n<p><em>\u201c\u00cemi era fric\u0103 c\u0103 nu-l pot face pe Moromete. P\u00e2n\u0103 la urm\u0103, l-am f\u0103cut \u015fi nu-mi pare r\u0103u. E un rol de care m\u0103 bucur foarte mult\u201d<\/em>, recunoa\u015fte acum actorul, la mai bine de 20 ani de la marea ecranizare. Se pare c\u0103 Leopoldina B\u0103l\u0103nu\u0163\u0103 a avut o contribu\u0163ie la \u00eentoarcerea actorului la \u201clocul faptei\u201d. Ea a fost cea care l-a convins pe Victor Rebengiuc s\u0103-\u015fi duc\u0103 rolul p\u00e2n\u0103 la cap\u0103t.<\/p>\n<p>Dar cum a reu\u015fit totu\u015fi Victor Rebengiuc s\u0103 fie Ilie Moromete? Simplu: a uitat pur \u015fi simplu c\u0103 personajul pe care trebuie s\u0103-l joace este \u0163\u0103ran. \u015ei-a pus p\u0103l\u0103ria pe cap, a intrat \u00een ograd\u0103 casei din comun\u0103 Talpa, jude\u0163ul Teleorman, a v\u0103zut salc\u00e2mul \u015fi totul i-a devenit pe loc foarte drag \u015fi familiar.<\/p>\n<p>Cu toate c\u0103 la \u00eenceput Victor Rebengiuc nu s-a sim\u0163it deloc bine \u00een pielea personajului, a f\u0103cut tot posibilul s\u0103 semene c\u00e2t de c\u00e2t cu un \u0163\u0103ran autentic. Actorul poveste\u015fte: <em>\u201cEu nu joc cu machiaj. \u00cen \u201cMorome\u0163ii\u201d mi-am l\u0103sat musta\u0163a \u015fi m-am tuns mai scurt. Ar\u0103t\u0103m \u015fi eu c\u0103 \u0163\u0103ranul roman. Dac\u0103 izbute\u015fti s\u0103 intuie\u015fti g\u00e2ndurile \u015fi starea lui, lucrurile astea se transmit \u015fi pe chip \u015fi cape\u0163i tr\u0103s\u0103turile personajului.\u201d<\/em><\/p>\n<p>Victor Rebengiuc nici o clip\u0103 nu s-a g\u00e2ndit c\u0103 lunile petrecute printre \u0163\u0103ranii din comun\u0103 Talpa aveau s\u0103-i marcheze toat\u0103 via\u0163a. A stat la mas\u0103 cu \u0163\u0103ranii, a m\u00e2ncat cot la cot cu ei, s-a \u00eembr\u0103cat ca ei, f\u0103r\u0103 s\u0103-\u015fi dea seama c\u0103 \u00een scurt timp devenise de-al locului.<\/p>\n<p>Iat\u0103 o \u00eent\u00e2mplare hazlie povestit\u0103 de Victor Rebengiuc \u00een timpul film\u0103rilor la acest film:<em> &#8222;\u00cen curtea mamei Nida, unde mai m\u00e2nc\u0103m c\u00e2te un ou, mi-au re\u0163inut aten\u0163ia ni\u015fte butoaie cu borhot. Am v\u0103zut multe butoaie cu corcodu\u015fe puse la borhotit. \u00ce\u015fi f\u0103ceau \u0163uica din corcodu\u015fe. V\u0103z\u00e2nd at\u00e2tea butoaie, \u00eei spun gazdei: \u201cDomne, o s\u0103 faci la \u0163uic\u0103!\u201d. Ea \u00eemi r\u0103spunde: \u201cA, p\u0103i vreo 70 de vedre iese\u201d. Am \u00eentrebat-o apoi ce va face cu at\u00e2ta \u0163uica, fiind sigur c\u0103 o va vinde. Iar ea zise: \u201cCum s\u0103 o v\u00e2nd?! O beau, d\u0103-o dracu\u2019!\u201d<\/em><\/p>\n<p><em><strong>Sursa: <\/strong><\/em><strong>www.jurnalul.ro<\/strong><em><br \/>\n<\/em><\/p>\n","protected":false},"excerpt":{"rendered":"<p>\u00cen plin regim comunist, \u00een anul 1988, regizorul Stere Gulea realizeaz\u0103 pelicula &#8222;Morome\u0163ii&#8221;, adaptare dup\u0103 romanul celebrul cu acela\u015fi nume a lui Marin Preda. Ini\u0163ial, regizorul Stere Gulea a vrut s\u0103-l distribuie pe regretatul Gheorghe Dinic\u0103 \u00een rolul lui Ilie &#8230; <\/p>\n<p class=\"read-more-container\"><a title=\"&#8222;Morome\u0163ii&#8221; dup\u0103 Marin Preda, Victor Rebenciug \u015fi butoaiele cu \u0163uic\u0103\" class=\"read-more button\" href=\"https:\/\/www.lovendal.ro\/wp52\/morometii-dupa-marin-preda-victor-rebenciug-si-butoaiele-cu-tuica\/#more-9595\" aria-label=\"Cite\u0219te mai multe despre &#8222;Morome\u0163ii&#8221; dup\u0103 Marin Preda, Victor Rebenciug \u015fi butoaiele cu \u0163uic\u0103\">Cititi mai multe<\/a><\/p>\n","protected":false},"author":1,"featured_media":9596,"comment_status":"open","ping_status":"closed","sticky":false,"template":"","format":"standard","meta":{"footnotes":""},"categories":[28],"tags":[979,9798,260,2668,1356,1357,622,2670,2667,1642,1777,2669],"class_list":["post-9595","post","type-post","status-publish","format-standard","has-post-thumbnail","hentry","category-cultura","tag-actor","tag-cultura","tag-film","tag-ilie-moromete","tag-marin-preda","tag-morometii","tag-regizor","tag-sat","tag-stere-gulea","tag-tarani","tag-tuica","tag-victor-rebenciug","resize-featured-image"],"yoast_head":"<!-- This site is optimized with the Yoast SEO Premium plugin v23.3 (Yoast SEO v27.4) - https:\/\/yoast.com\/product\/yoast-seo-premium-wordpress\/ -->\n<title>&quot;Morome\u0163ii&quot; dup\u0103 Marin Preda, Victor Rebenciug \u015fi butoaiele cu \u0163uic\u0103 - Secretele lui Lovendal<\/title>\n<meta name=\"robots\" content=\"index, follow, max-snippet:-1, max-image-preview:large, max-video-preview:-1\" \/>\n<link rel=\"canonical\" href=\"https:\/\/www.lovendal.ro\/wp52\/morometii-dupa-marin-preda-victor-rebenciug-si-butoaiele-cu-tuica\/\" \/>\n<meta property=\"og:locale\" content=\"ro_RO\" \/>\n<meta property=\"og:type\" content=\"article\" \/>\n<meta property=\"og:title\" content=\"&quot;Morome\u0163ii&quot; dup\u0103 Marin Preda, Victor Rebenciug \u015fi butoaiele cu \u0163uic\u0103\" \/>\n<meta property=\"og:description\" content=\"\u00cen plin regim comunist, \u00een anul 1988, regizorul Stere Gulea realizeaz\u0103 pelicula &#8222;Morome\u0163ii&#8221;, adaptare dup\u0103 romanul celebrul cu acela\u015fi nume a lui Marin Preda. Ini\u0163ial, regizorul Stere Gulea a vrut s\u0103-l distribuie pe regretatul Gheorghe Dinic\u0103 \u00een rolul lui Ilie ... Cititi mai multe\" \/>\n<meta property=\"og:url\" content=\"https:\/\/www.lovendal.ro\/wp52\/morometii-dupa-marin-preda-victor-rebenciug-si-butoaiele-cu-tuica\/\" \/>\n<meta property=\"og:site_name\" content=\"Secretele lui Lovendal\" \/>\n<meta property=\"article:publisher\" content=\"https:\/\/www.facebook.com\/secreteleluilovendal\" \/>\n<meta property=\"article:published_time\" content=\"2009-12-11T15:35:35+00:00\" \/>\n<meta property=\"og:image\" content=\"https:\/\/www.lovendal.ro\/wp52\/wp-content\/uploads\/2009\/12\/Ilie-Moromete.jpg\" \/>\n\t<meta property=\"og:image:width\" content=\"261\" \/>\n\t<meta property=\"og:image:height\" content=\"249\" \/>\n\t<meta property=\"og:image:type\" content=\"image\/jpeg\" \/>\n<meta name=\"author\" content=\"admin\" \/>\n<meta name=\"twitter:card\" content=\"summary_large_image\" \/>\n<meta name=\"twitter:label1\" content=\"Scris de\" \/>\n\t<meta name=\"twitter:data1\" content=\"admin\" \/>\n\t<meta name=\"twitter:label2\" content=\"Timp estimat pentru citire\" \/>\n\t<meta name=\"twitter:data2\" content=\"3 minute\" \/>\n<script type=\"application\/ld+json\" class=\"yoast-schema-graph\">{\"@context\":\"https:\\\/\\\/schema.org\",\"@graph\":[{\"@type\":\"Article\",\"@id\":\"https:\\\/\\\/www.lovendal.ro\\\/wp52\\\/morometii-dupa-marin-preda-victor-rebenciug-si-butoaiele-cu-tuica\\\/#article\",\"isPartOf\":{\"@id\":\"https:\\\/\\\/www.lovendal.ro\\\/wp52\\\/morometii-dupa-marin-preda-victor-rebenciug-si-butoaiele-cu-tuica\\\/\"},\"author\":{\"name\":\"admin\",\"@id\":\"https:\\\/\\\/www.lovendal.ro\\\/wp52\\\/#\\\/schema\\\/person\\\/088691de5dfc346bb0c023e1e52ef5d9\"},\"headline\":\"&#8222;Morome\u0163ii&#8221; dup\u0103 Marin Preda, Victor Rebenciug \u015fi butoaiele cu \u0163uic\u0103\",\"datePublished\":\"2009-12-11T15:35:35+00:00\",\"mainEntityOfPage\":{\"@id\":\"https:\\\/\\\/www.lovendal.ro\\\/wp52\\\/morometii-dupa-marin-preda-victor-rebenciug-si-butoaiele-cu-tuica\\\/\"},\"wordCount\":550,\"commentCount\":1,\"publisher\":{\"@id\":\"https:\\\/\\\/www.lovendal.ro\\\/wp52\\\/#organization\"},\"image\":{\"@id\":\"https:\\\/\\\/www.lovendal.ro\\\/wp52\\\/morometii-dupa-marin-preda-victor-rebenciug-si-butoaiele-cu-tuica\\\/#primaryimage\"},\"thumbnailUrl\":\"https:\\\/\\\/www.lovendal.ro\\\/wp52\\\/wp-content\\\/uploads\\\/2009\\\/12\\\/Ilie-Moromete.jpg\",\"keywords\":[\"actor\",\"Cultura\",\"film\",\"Ilie Moromete\",\"Marin Preda\",\"Morome\u0163ii\",\"regizor\",\"sat\",\"Stere Gulea\",\"\u0163\u0103rani\",\"\u0163uic\u0103\",\"Victor Rebenciug\"],\"articleSection\":[\"Cultura\"],\"inLanguage\":\"ro-RO\",\"potentialAction\":[{\"@type\":\"CommentAction\",\"name\":\"Comment\",\"target\":[\"https:\\\/\\\/www.lovendal.ro\\\/wp52\\\/morometii-dupa-marin-preda-victor-rebenciug-si-butoaiele-cu-tuica\\\/#respond\"]}]},{\"@type\":\"WebPage\",\"@id\":\"https:\\\/\\\/www.lovendal.ro\\\/wp52\\\/morometii-dupa-marin-preda-victor-rebenciug-si-butoaiele-cu-tuica\\\/\",\"url\":\"https:\\\/\\\/www.lovendal.ro\\\/wp52\\\/morometii-dupa-marin-preda-victor-rebenciug-si-butoaiele-cu-tuica\\\/\",\"name\":\"\\\"Morome\u0163ii\\\" dup\u0103 Marin Preda, Victor Rebenciug \u015fi butoaiele cu \u0163uic\u0103 - Secretele lui Lovendal\",\"isPartOf\":{\"@id\":\"https:\\\/\\\/www.lovendal.ro\\\/wp52\\\/#website\"},\"primaryImageOfPage\":{\"@id\":\"https:\\\/\\\/www.lovendal.ro\\\/wp52\\\/morometii-dupa-marin-preda-victor-rebenciug-si-butoaiele-cu-tuica\\\/#primaryimage\"},\"image\":{\"@id\":\"https:\\\/\\\/www.lovendal.ro\\\/wp52\\\/morometii-dupa-marin-preda-victor-rebenciug-si-butoaiele-cu-tuica\\\/#primaryimage\"},\"thumbnailUrl\":\"https:\\\/\\\/www.lovendal.ro\\\/wp52\\\/wp-content\\\/uploads\\\/2009\\\/12\\\/Ilie-Moromete.jpg\",\"datePublished\":\"2009-12-11T15:35:35+00:00\",\"breadcrumb\":{\"@id\":\"https:\\\/\\\/www.lovendal.ro\\\/wp52\\\/morometii-dupa-marin-preda-victor-rebenciug-si-butoaiele-cu-tuica\\\/#breadcrumb\"},\"inLanguage\":\"ro-RO\",\"potentialAction\":[{\"@type\":\"ReadAction\",\"target\":[\"https:\\\/\\\/www.lovendal.ro\\\/wp52\\\/morometii-dupa-marin-preda-victor-rebenciug-si-butoaiele-cu-tuica\\\/\"]}]},{\"@type\":\"ImageObject\",\"inLanguage\":\"ro-RO\",\"@id\":\"https:\\\/\\\/www.lovendal.ro\\\/wp52\\\/morometii-dupa-marin-preda-victor-rebenciug-si-butoaiele-cu-tuica\\\/#primaryimage\",\"url\":\"https:\\\/\\\/www.lovendal.ro\\\/wp52\\\/wp-content\\\/uploads\\\/2009\\\/12\\\/Ilie-Moromete.jpg\",\"contentUrl\":\"https:\\\/\\\/www.lovendal.ro\\\/wp52\\\/wp-content\\\/uploads\\\/2009\\\/12\\\/Ilie-Moromete.jpg\",\"width\":\"261\",\"height\":\"249\"},{\"@type\":\"BreadcrumbList\",\"@id\":\"https:\\\/\\\/www.lovendal.ro\\\/wp52\\\/morometii-dupa-marin-preda-victor-rebenciug-si-butoaiele-cu-tuica\\\/#breadcrumb\",\"itemListElement\":[{\"@type\":\"ListItem\",\"position\":1,\"name\":\"Home\",\"item\":\"https:\\\/\\\/www.lovendal.ro\\\/wp52\\\/\"},{\"@type\":\"ListItem\",\"position\":2,\"name\":\"&#8222;Morome\u0163ii&#8221; dup\u0103 Marin Preda, Victor Rebenciug \u015fi butoaiele cu \u0163uic\u0103\"}]},{\"@type\":\"WebSite\",\"@id\":\"https:\\\/\\\/www.lovendal.ro\\\/wp52\\\/#website\",\"url\":\"https:\\\/\\\/www.lovendal.ro\\\/wp52\\\/\",\"name\":\"Secretele lui Lovendal\",\"description\":\"Site de secrete, stiinta si metafizica - din 2008 -\",\"publisher\":{\"@id\":\"https:\\\/\\\/www.lovendal.ro\\\/wp52\\\/#organization\"},\"potentialAction\":[{\"@type\":\"SearchAction\",\"target\":{\"@type\":\"EntryPoint\",\"urlTemplate\":\"https:\\\/\\\/www.lovendal.ro\\\/wp52\\\/?s={search_term_string}\"},\"query-input\":{\"@type\":\"PropertyValueSpecification\",\"valueRequired\":true,\"valueName\":\"search_term_string\"}}],\"inLanguage\":\"ro-RO\"},{\"@type\":\"Organization\",\"@id\":\"https:\\\/\\\/www.lovendal.ro\\\/wp52\\\/#organization\",\"name\":\"Secretele lui Lovendal\",\"url\":\"https:\\\/\\\/www.lovendal.ro\\\/wp52\\\/\",\"logo\":{\"@type\":\"ImageObject\",\"inLanguage\":\"ro-RO\",\"@id\":\"https:\\\/\\\/www.lovendal.ro\\\/wp52\\\/#\\\/schema\\\/logo\\\/image\\\/\",\"url\":\"https:\\\/\\\/www.lovendal.ro\\\/wp52\\\/wp-content\\\/uploads\\\/2024\\\/06\\\/cropped-SLL-iun-2024-1.jpg\",\"contentUrl\":\"https:\\\/\\\/www.lovendal.ro\\\/wp52\\\/wp-content\\\/uploads\\\/2024\\\/06\\\/cropped-SLL-iun-2024-1.jpg\",\"width\":771,\"height\":240,\"caption\":\"Secretele lui Lovendal\"},\"image\":{\"@id\":\"https:\\\/\\\/www.lovendal.ro\\\/wp52\\\/#\\\/schema\\\/logo\\\/image\\\/\"},\"sameAs\":[\"https:\\\/\\\/www.facebook.com\\\/secreteleluilovendal\"]},{\"@type\":\"Person\",\"@id\":\"https:\\\/\\\/www.lovendal.ro\\\/wp52\\\/#\\\/schema\\\/person\\\/088691de5dfc346bb0c023e1e52ef5d9\",\"name\":\"admin\",\"image\":{\"@type\":\"ImageObject\",\"inLanguage\":\"ro-RO\",\"@id\":\"https:\\\/\\\/secure.gravatar.com\\\/avatar\\\/ecb9cd41f5f63c9c9b989999a59f6e2639a865ec361e9db054db0679a8f341c2?s=96&d=mm&r=g\",\"url\":\"https:\\\/\\\/secure.gravatar.com\\\/avatar\\\/ecb9cd41f5f63c9c9b989999a59f6e2639a865ec361e9db054db0679a8f341c2?s=96&d=mm&r=g\",\"contentUrl\":\"https:\\\/\\\/secure.gravatar.com\\\/avatar\\\/ecb9cd41f5f63c9c9b989999a59f6e2639a865ec361e9db054db0679a8f341c2?s=96&d=mm&r=g\",\"caption\":\"admin\"},\"sameAs\":[\"https:\\\/\\\/www.lovendal.ro\\\/wp52\"]}]}<\/script>\n<!-- \/ Yoast SEO Premium plugin. -->","yoast_head_json":{"title":"\"Morome\u0163ii\" dup\u0103 Marin Preda, Victor Rebenciug \u015fi butoaiele cu \u0163uic\u0103 - Secretele lui Lovendal","robots":{"index":"index","follow":"follow","max-snippet":"max-snippet:-1","max-image-preview":"max-image-preview:large","max-video-preview":"max-video-preview:-1"},"canonical":"https:\/\/www.lovendal.ro\/wp52\/morometii-dupa-marin-preda-victor-rebenciug-si-butoaiele-cu-tuica\/","og_locale":"ro_RO","og_type":"article","og_title":"\"Morome\u0163ii\" dup\u0103 Marin Preda, Victor Rebenciug \u015fi butoaiele cu \u0163uic\u0103","og_description":"\u00cen plin regim comunist, \u00een anul 1988, regizorul Stere Gulea realizeaz\u0103 pelicula &#8222;Morome\u0163ii&#8221;, adaptare dup\u0103 romanul celebrul cu acela\u015fi nume a lui Marin Preda. Ini\u0163ial, regizorul Stere Gulea a vrut s\u0103-l distribuie pe regretatul Gheorghe Dinic\u0103 \u00een rolul lui Ilie ... Cititi mai multe","og_url":"https:\/\/www.lovendal.ro\/wp52\/morometii-dupa-marin-preda-victor-rebenciug-si-butoaiele-cu-tuica\/","og_site_name":"Secretele lui Lovendal","article_publisher":"https:\/\/www.facebook.com\/secreteleluilovendal","article_published_time":"2009-12-11T15:35:35+00:00","og_image":[{"width":261,"height":249,"url":"https:\/\/www.lovendal.ro\/wp52\/wp-content\/uploads\/2009\/12\/Ilie-Moromete.jpg","type":"image\/jpeg"}],"author":"admin","twitter_card":"summary_large_image","twitter_misc":{"Scris de":"admin","Timp estimat pentru citire":"3 minute"},"schema":{"@context":"https:\/\/schema.org","@graph":[{"@type":"Article","@id":"https:\/\/www.lovendal.ro\/wp52\/morometii-dupa-marin-preda-victor-rebenciug-si-butoaiele-cu-tuica\/#article","isPartOf":{"@id":"https:\/\/www.lovendal.ro\/wp52\/morometii-dupa-marin-preda-victor-rebenciug-si-butoaiele-cu-tuica\/"},"author":{"name":"admin","@id":"https:\/\/www.lovendal.ro\/wp52\/#\/schema\/person\/088691de5dfc346bb0c023e1e52ef5d9"},"headline":"&#8222;Morome\u0163ii&#8221; dup\u0103 Marin Preda, Victor Rebenciug \u015fi butoaiele cu \u0163uic\u0103","datePublished":"2009-12-11T15:35:35+00:00","mainEntityOfPage":{"@id":"https:\/\/www.lovendal.ro\/wp52\/morometii-dupa-marin-preda-victor-rebenciug-si-butoaiele-cu-tuica\/"},"wordCount":550,"commentCount":1,"publisher":{"@id":"https:\/\/www.lovendal.ro\/wp52\/#organization"},"image":{"@id":"https:\/\/www.lovendal.ro\/wp52\/morometii-dupa-marin-preda-victor-rebenciug-si-butoaiele-cu-tuica\/#primaryimage"},"thumbnailUrl":"https:\/\/www.lovendal.ro\/wp52\/wp-content\/uploads\/2009\/12\/Ilie-Moromete.jpg","keywords":["actor","Cultura","film","Ilie Moromete","Marin Preda","Morome\u0163ii","regizor","sat","Stere Gulea","\u0163\u0103rani","\u0163uic\u0103","Victor Rebenciug"],"articleSection":["Cultura"],"inLanguage":"ro-RO","potentialAction":[{"@type":"CommentAction","name":"Comment","target":["https:\/\/www.lovendal.ro\/wp52\/morometii-dupa-marin-preda-victor-rebenciug-si-butoaiele-cu-tuica\/#respond"]}]},{"@type":"WebPage","@id":"https:\/\/www.lovendal.ro\/wp52\/morometii-dupa-marin-preda-victor-rebenciug-si-butoaiele-cu-tuica\/","url":"https:\/\/www.lovendal.ro\/wp52\/morometii-dupa-marin-preda-victor-rebenciug-si-butoaiele-cu-tuica\/","name":"\"Morome\u0163ii\" dup\u0103 Marin Preda, Victor Rebenciug \u015fi butoaiele cu \u0163uic\u0103 - Secretele lui Lovendal","isPartOf":{"@id":"https:\/\/www.lovendal.ro\/wp52\/#website"},"primaryImageOfPage":{"@id":"https:\/\/www.lovendal.ro\/wp52\/morometii-dupa-marin-preda-victor-rebenciug-si-butoaiele-cu-tuica\/#primaryimage"},"image":{"@id":"https:\/\/www.lovendal.ro\/wp52\/morometii-dupa-marin-preda-victor-rebenciug-si-butoaiele-cu-tuica\/#primaryimage"},"thumbnailUrl":"https:\/\/www.lovendal.ro\/wp52\/wp-content\/uploads\/2009\/12\/Ilie-Moromete.jpg","datePublished":"2009-12-11T15:35:35+00:00","breadcrumb":{"@id":"https:\/\/www.lovendal.ro\/wp52\/morometii-dupa-marin-preda-victor-rebenciug-si-butoaiele-cu-tuica\/#breadcrumb"},"inLanguage":"ro-RO","potentialAction":[{"@type":"ReadAction","target":["https:\/\/www.lovendal.ro\/wp52\/morometii-dupa-marin-preda-victor-rebenciug-si-butoaiele-cu-tuica\/"]}]},{"@type":"ImageObject","inLanguage":"ro-RO","@id":"https:\/\/www.lovendal.ro\/wp52\/morometii-dupa-marin-preda-victor-rebenciug-si-butoaiele-cu-tuica\/#primaryimage","url":"https:\/\/www.lovendal.ro\/wp52\/wp-content\/uploads\/2009\/12\/Ilie-Moromete.jpg","contentUrl":"https:\/\/www.lovendal.ro\/wp52\/wp-content\/uploads\/2009\/12\/Ilie-Moromete.jpg","width":"261","height":"249"},{"@type":"BreadcrumbList","@id":"https:\/\/www.lovendal.ro\/wp52\/morometii-dupa-marin-preda-victor-rebenciug-si-butoaiele-cu-tuica\/#breadcrumb","itemListElement":[{"@type":"ListItem","position":1,"name":"Home","item":"https:\/\/www.lovendal.ro\/wp52\/"},{"@type":"ListItem","position":2,"name":"&#8222;Morome\u0163ii&#8221; dup\u0103 Marin Preda, Victor Rebenciug \u015fi butoaiele cu \u0163uic\u0103"}]},{"@type":"WebSite","@id":"https:\/\/www.lovendal.ro\/wp52\/#website","url":"https:\/\/www.lovendal.ro\/wp52\/","name":"Secretele lui Lovendal","description":"Site de secrete, stiinta si metafizica - din 2008 -","publisher":{"@id":"https:\/\/www.lovendal.ro\/wp52\/#organization"},"potentialAction":[{"@type":"SearchAction","target":{"@type":"EntryPoint","urlTemplate":"https:\/\/www.lovendal.ro\/wp52\/?s={search_term_string}"},"query-input":{"@type":"PropertyValueSpecification","valueRequired":true,"valueName":"search_term_string"}}],"inLanguage":"ro-RO"},{"@type":"Organization","@id":"https:\/\/www.lovendal.ro\/wp52\/#organization","name":"Secretele lui Lovendal","url":"https:\/\/www.lovendal.ro\/wp52\/","logo":{"@type":"ImageObject","inLanguage":"ro-RO","@id":"https:\/\/www.lovendal.ro\/wp52\/#\/schema\/logo\/image\/","url":"https:\/\/www.lovendal.ro\/wp52\/wp-content\/uploads\/2024\/06\/cropped-SLL-iun-2024-1.jpg","contentUrl":"https:\/\/www.lovendal.ro\/wp52\/wp-content\/uploads\/2024\/06\/cropped-SLL-iun-2024-1.jpg","width":771,"height":240,"caption":"Secretele lui Lovendal"},"image":{"@id":"https:\/\/www.lovendal.ro\/wp52\/#\/schema\/logo\/image\/"},"sameAs":["https:\/\/www.facebook.com\/secreteleluilovendal"]},{"@type":"Person","@id":"https:\/\/www.lovendal.ro\/wp52\/#\/schema\/person\/088691de5dfc346bb0c023e1e52ef5d9","name":"admin","image":{"@type":"ImageObject","inLanguage":"ro-RO","@id":"https:\/\/secure.gravatar.com\/avatar\/ecb9cd41f5f63c9c9b989999a59f6e2639a865ec361e9db054db0679a8f341c2?s=96&d=mm&r=g","url":"https:\/\/secure.gravatar.com\/avatar\/ecb9cd41f5f63c9c9b989999a59f6e2639a865ec361e9db054db0679a8f341c2?s=96&d=mm&r=g","contentUrl":"https:\/\/secure.gravatar.com\/avatar\/ecb9cd41f5f63c9c9b989999a59f6e2639a865ec361e9db054db0679a8f341c2?s=96&d=mm&r=g","caption":"admin"},"sameAs":["https:\/\/www.lovendal.ro\/wp52"]}]}},"_links":{"self":[{"href":"https:\/\/www.lovendal.ro\/wp52\/wp-json\/wp\/v2\/posts\/9595","targetHints":{"allow":["GET"]}}],"collection":[{"href":"https:\/\/www.lovendal.ro\/wp52\/wp-json\/wp\/v2\/posts"}],"about":[{"href":"https:\/\/www.lovendal.ro\/wp52\/wp-json\/wp\/v2\/types\/post"}],"author":[{"embeddable":true,"href":"https:\/\/www.lovendal.ro\/wp52\/wp-json\/wp\/v2\/users\/1"}],"replies":[{"embeddable":true,"href":"https:\/\/www.lovendal.ro\/wp52\/wp-json\/wp\/v2\/comments?post=9595"}],"version-history":[{"count":0,"href":"https:\/\/www.lovendal.ro\/wp52\/wp-json\/wp\/v2\/posts\/9595\/revisions"}],"wp:featuredmedia":[{"embeddable":true,"href":"https:\/\/www.lovendal.ro\/wp52\/wp-json\/wp\/v2\/media\/9596"}],"wp:attachment":[{"href":"https:\/\/www.lovendal.ro\/wp52\/wp-json\/wp\/v2\/media?parent=9595"}],"wp:term":[{"taxonomy":"category","embeddable":true,"href":"https:\/\/www.lovendal.ro\/wp52\/wp-json\/wp\/v2\/categories?post=9595"},{"taxonomy":"post_tag","embeddable":true,"href":"https:\/\/www.lovendal.ro\/wp52\/wp-json\/wp\/v2\/tags?post=9595"}],"curies":[{"name":"wp","href":"https:\/\/api.w.org\/{rel}","templated":true}]}}