{"id":95906,"date":"2024-12-09T20:47:20","date_gmt":"2024-12-09T18:47:20","guid":{"rendered":"https:\/\/www.lovendal.ro\/wp52\/?p=95906"},"modified":"2024-12-09T20:47:20","modified_gmt":"2024-12-09T18:47:20","slug":"unul-din-astronautii-care-a-aselenizat-intre-1969-1970-ne-vorbeste-despre-fiintele-misterioase-observate-pe-luna-ele-stau-acolo-precum-albinele-in-stup","status":"publish","type":"post","link":"https:\/\/www.lovendal.ro\/wp52\/unul-din-astronautii-care-a-aselenizat-intre-1969-1970-ne-vorbeste-despre-fiintele-misterioase-observate-pe-luna-ele-stau-acolo-precum-albinele-in-stup\/","title":{"rendered":"Unul din astronau\u0163ii care a aselenizat \u00eentre 1969-1970 ne vorbe\u015fte despre fiin\u0163ele misterioase observate pe Lun\u0103: &#8222;Ele stau acolo precum albinele \u00een stup&#8221;"},"content":{"rendered":"<figure id=\"attachment_95908\" aria-describedby=\"caption-attachment-95908\" style=\"width: 353px\" class=\"wp-caption alignleft\"><a href=\"https:\/\/www.lovendal.ro\/wp52\/wp-content\/uploads\/2024\/12\/extraterestri-pe-Luna.jpeg\"><img loading=\"lazy\" decoding=\"async\" class=\"wp-image-95908\" src=\"https:\/\/www.lovendal.ro\/wp52\/wp-content\/uploads\/2024\/12\/extraterestri-pe-Luna.jpeg\" alt=\"\" width=\"363\" height=\"341\" srcset=\"https:\/\/www.lovendal.ro\/wp52\/wp-content\/uploads\/2024\/12\/extraterestri-pe-Luna.jpeg 543w, https:\/\/www.lovendal.ro\/wp52\/wp-content\/uploads\/2024\/12\/extraterestri-pe-Luna-300x282.jpeg 300w\" sizes=\"auto, (max-width: 363px) 100vw, 363px\" \/><\/a><figcaption id=\"caption-attachment-95908\" class=\"wp-caption-text\"><strong>Imagine<\/strong>: generata de AI (<strong>Microsoft Designer<\/strong>)<\/figcaption><\/figure>\n<p>Iulie 1969. Misiunea spa\u0163ial\u0103 <strong>NASA Apollo 11<\/strong> trimite trei astronau\u0163i pe Lun\u0103: <strong>Neil Armstrong<\/strong>, <strong>Edwin Aldrin<\/strong> \u015fi <strong>Michael Collins<\/strong>. Misiunea spa\u0163ial\u0103 viza debarcarea pe Lun\u0103 a primilor p\u0103m\u00e2nteni! Cei de la NASA comunicau cu astronau\u0163ii prin dou\u0103 lungimi de und\u0103, dou\u0103 canale de leg\u0103tur\u0103: unul principal, cuplat la transmisia televizat\u0103, iar al doilea de rezerv\u0103, cu ajutorul c\u0103ruia se primeau mesaje de la NASA \u015fi prin care de obicei nu se folosea un limbaj codificat. Comunic\u0103rile prin acest canal au fost recep\u0163ionate \u015fi de c\u0103tre unii radioamatori din <strong>Elve\u0163ia<\/strong> \u015fi <strong>Australia<\/strong>.<\/p>\n<p>Dup\u0103 aselenizare, Edwin Aldrin p\u0103stra leg\u0103tura cu canalul principal, dar, uneori, trecea \u015fi pe cel de rezerv\u0103, Iat\u0103 o \u00eenregistrare f\u0103cut\u0103 de pe acest ultim canal: <em>&#8222;V\u0103d obiecte izolate, iluminate \u00een interior&#8221;<\/em>. \u015ei, dup\u0103 pu\u0163in timp, <em>&#8222;\u00eel v\u0103d pe \u00abSanta-Klaus\u00bb, care d\u0103 o lumin\u0103 mai slab\u0103&#8221;<\/em>. Deoarece &#8222;Santa Klaus&#8221; nu lumina puternic, adic\u0103 s-a tras concluzia c\u0103 nu avea inten\u0163ii agresive, astronau\u0163ii au stat 5 ore \u00een interiorul modulului, dup\u0103 care de la Houston (sediul principal NASA) a venit ordinul de ie\u015fire pe suprafa\u0163a Lunii, unde Armstrong \u015fi Aldrin \u015fi-au \u00eenceput activitatea.<\/p>\n<p>\u00cen cadrul misiunii <strong>Apollo 13<\/strong> (aprilie 1970), a fost planificat\u0103 explozia pe suprafa\u0163a Lunii a unui dispozitiv &#8222;mininuclear&#8221;, cu scopul de a produce un cutremur lunar \u015fi a culege date referitoare la infrastructura astrului. Experimentul era deja preg\u0103tit, se men\u0163inea un dialog intens prin radio \u00eentre nav\u0103 \u015fi Houston, dar \u00een acel moment pe nav\u0103 a avut loc explozia rezervorului cu oxigen, care nu a provocat nim\u0103nui nicio ran\u0103, \u00eens\u0103 experien\u0163a nu a mai avut loc. Un OZN zbura l\u00e2ng\u0103 nava Apollo 13.<\/p>\n<p>Autorii lucr\u0103rii <strong><em>&#8222;Cartea tainelor&#8221;<\/em><\/strong>, academicianul Berger \u015fi prof. Valle, afirm\u0103 c\u0103 <em>&#8222;se pare, extratere\u015ftrilor nu le convenea ca Luna s\u0103 fie \u00abdeteriorat\u0103\u00bb de dispozitivul nostru nuclear&#8221;<\/em>, pentru c\u0103, conform celor transmise de astronautul Gene Cernan, care a survolat la mic\u0103 \u00een\u0103l\u0163ime suprafa\u0163a Lunii, pe partea invizibil\u0103: <em>&#8222;Ei stau acolo precum albinele \u00een stup&#8221;<\/em>.<\/p>\n","protected":false},"excerpt":{"rendered":"<p>Iulie 1969. Misiunea spa\u0163ial\u0103 NASA Apollo 11 trimite trei astronau\u0163i pe Lun\u0103: Neil Armstrong, Edwin Aldrin \u015fi Michael Collins. Misiunea spa\u0163ial\u0103 viza debarcarea pe Lun\u0103 a primilor p\u0103m\u00e2nteni! Cei de la NASA comunicau cu astronau\u0163ii prin dou\u0103 lungimi de und\u0103, &#8230; <\/p>\n<p class=\"read-more-container\"><a title=\"Unul din astronau\u0163ii care a aselenizat \u00eentre 1969-1970 ne vorbe\u015fte despre fiin\u0163ele misterioase observate pe Lun\u0103: &#8222;Ele stau acolo precum albinele \u00een stup&#8221;\" class=\"read-more button\" href=\"https:\/\/www.lovendal.ro\/wp52\/unul-din-astronautii-care-a-aselenizat-intre-1969-1970-ne-vorbeste-despre-fiintele-misterioase-observate-pe-luna-ele-stau-acolo-precum-albinele-in-stup\/#more-95906\" aria-label=\"Cite\u0219te mai multe despre Unul din astronau\u0163ii care a aselenizat \u00eentre 1969-1970 ne vorbe\u015fte despre fiin\u0163ele misterioase observate pe Lun\u0103: &#8222;Ele stau acolo precum albinele \u00een stup&#8221;\">Cititi mai multe<\/a><\/p>\n","protected":false},"author":1,"featured_media":95908,"comment_status":"closed","ping_status":"open","sticky":false,"template":"","format":"standard","meta":{"footnotes":""},"categories":[475],"tags":[879,9700,12092,2075,3058,139,358,19612,113,4907,8599,149,19613,150,1594,50,4562],"class_list":["post-95906","post","type-post","status-publish","format-standard","has-post-thumbnail","hentry","category-conspiratii-mistere","tag-albine","tag-apollo-11","tag-apollo-13","tag-aselenizare","tag-astronaut","tag-australia","tag-conspiratii-si-mistere","tag-edwin-aldrin","tag-elvetia","tag-gene-cernan","tag-houston","tag-luna","tag-michael-collins","tag-nasa","tag-neil-armstrong","tag-ozn","tag-stup","resize-featured-image"],"yoast_head":"<!-- This site is optimized with the Yoast SEO Premium plugin v23.3 (Yoast SEO v27.4) - https:\/\/yoast.com\/product\/yoast-seo-premium-wordpress\/ -->\n<title>Unul din astronau\u0163ii care a aselenizat \u00eentre 1969-1970 ne vorbe\u015fte despre fiin\u0163ele misterioase observate pe Lun\u0103: &quot;Ele stau acolo precum albinele \u00een stup&quot; - Secretele lui Lovendal<\/title>\n<meta name=\"robots\" content=\"index, follow, max-snippet:-1, max-image-preview:large, max-video-preview:-1\" \/>\n<link rel=\"canonical\" href=\"https:\/\/www.lovendal.ro\/wp52\/unul-din-astronautii-care-a-aselenizat-intre-1969-1970-ne-vorbeste-despre-fiintele-misterioase-observate-pe-luna-ele-stau-acolo-precum-albinele-in-stup\/\" \/>\n<meta property=\"og:locale\" content=\"ro_RO\" \/>\n<meta property=\"og:type\" content=\"article\" \/>\n<meta property=\"og:title\" content=\"Unul din astronau\u0163ii care a aselenizat \u00eentre 1969-1970 ne vorbe\u015fte despre fiin\u0163ele misterioase observate pe Lun\u0103: &quot;Ele stau acolo precum albinele \u00een stup&quot;\" \/>\n<meta property=\"og:description\" content=\"Iulie 1969. Misiunea spa\u0163ial\u0103 NASA Apollo 11 trimite trei astronau\u0163i pe Lun\u0103: Neil Armstrong, Edwin Aldrin \u015fi Michael Collins. Misiunea spa\u0163ial\u0103 viza debarcarea pe Lun\u0103 a primilor p\u0103m\u00e2nteni! Cei de la NASA comunicau cu astronau\u0163ii prin dou\u0103 lungimi de und\u0103, ... Cititi mai multe\" \/>\n<meta property=\"og:url\" content=\"https:\/\/www.lovendal.ro\/wp52\/unul-din-astronautii-care-a-aselenizat-intre-1969-1970-ne-vorbeste-despre-fiintele-misterioase-observate-pe-luna-ele-stau-acolo-precum-albinele-in-stup\/\" \/>\n<meta property=\"og:site_name\" content=\"Secretele lui Lovendal\" \/>\n<meta property=\"article:publisher\" content=\"https:\/\/www.facebook.com\/secreteleluilovendal\" \/>\n<meta property=\"article:published_time\" content=\"2024-12-09T18:47:20+00:00\" \/>\n<meta property=\"og:image\" content=\"https:\/\/www.lovendal.ro\/wp52\/wp-content\/uploads\/2024\/12\/extraterestri-pe-Luna.jpeg\" \/>\n\t<meta property=\"og:image:width\" content=\"543\" \/>\n\t<meta property=\"og:image:height\" content=\"510\" \/>\n\t<meta property=\"og:image:type\" content=\"image\/jpeg\" \/>\n<meta name=\"author\" content=\"admin\" \/>\n<meta name=\"twitter:card\" content=\"summary_large_image\" \/>\n<meta name=\"twitter:label1\" content=\"Scris de\" \/>\n\t<meta name=\"twitter:data1\" content=\"admin\" \/>\n\t<meta name=\"twitter:label2\" content=\"Timp estimat pentru citire\" \/>\n\t<meta name=\"twitter:data2\" content=\"3 minute\" \/>\n<script type=\"application\/ld+json\" class=\"yoast-schema-graph\">{\"@context\":\"https:\\\/\\\/schema.org\",\"@graph\":[{\"@type\":\"Article\",\"@id\":\"https:\\\/\\\/www.lovendal.ro\\\/wp52\\\/unul-din-astronautii-care-a-aselenizat-intre-1969-1970-ne-vorbeste-despre-fiintele-misterioase-observate-pe-luna-ele-stau-acolo-precum-albinele-in-stup\\\/#article\",\"isPartOf\":{\"@id\":\"https:\\\/\\\/www.lovendal.ro\\\/wp52\\\/unul-din-astronautii-care-a-aselenizat-intre-1969-1970-ne-vorbeste-despre-fiintele-misterioase-observate-pe-luna-ele-stau-acolo-precum-albinele-in-stup\\\/\"},\"author\":{\"name\":\"admin\",\"@id\":\"https:\\\/\\\/www.lovendal.ro\\\/wp52\\\/#\\\/schema\\\/person\\\/088691de5dfc346bb0c023e1e52ef5d9\"},\"headline\":\"Unul din astronau\u0163ii care a aselenizat \u00eentre 1969-1970 ne vorbe\u015fte despre fiin\u0163ele misterioase observate pe Lun\u0103: &#8222;Ele stau acolo precum albinele \u00een stup&#8221;\",\"datePublished\":\"2024-12-09T18:47:20+00:00\",\"mainEntityOfPage\":{\"@id\":\"https:\\\/\\\/www.lovendal.ro\\\/wp52\\\/unul-din-astronautii-care-a-aselenizat-intre-1969-1970-ne-vorbeste-despre-fiintele-misterioase-observate-pe-luna-ele-stau-acolo-precum-albinele-in-stup\\\/\"},\"wordCount\":385,\"publisher\":{\"@id\":\"https:\\\/\\\/www.lovendal.ro\\\/wp52\\\/#organization\"},\"image\":{\"@id\":\"https:\\\/\\\/www.lovendal.ro\\\/wp52\\\/unul-din-astronautii-care-a-aselenizat-intre-1969-1970-ne-vorbeste-despre-fiintele-misterioase-observate-pe-luna-ele-stau-acolo-precum-albinele-in-stup\\\/#primaryimage\"},\"thumbnailUrl\":\"https:\\\/\\\/www.lovendal.ro\\\/wp52\\\/wp-content\\\/uploads\\\/2024\\\/12\\\/extraterestri-pe-Luna.jpeg\",\"keywords\":[\"albine\",\"Apollo 11\",\"Apollo 13\",\"aselenizare\",\"astronaut\",\"Australia\",\"Conspiratii si Mistere\",\"Edwin Aldrin\",\"Elve\u0163ia\",\"Gene Cernan\",\"Houston\",\"Lun\u0103\",\"Michael Collins\",\"NASA\",\"Neil Armstrong\",\"OZN\",\"stup\"],\"articleSection\":[\"Conspiratii si Mistere\"],\"inLanguage\":\"ro-RO\"},{\"@type\":\"WebPage\",\"@id\":\"https:\\\/\\\/www.lovendal.ro\\\/wp52\\\/unul-din-astronautii-care-a-aselenizat-intre-1969-1970-ne-vorbeste-despre-fiintele-misterioase-observate-pe-luna-ele-stau-acolo-precum-albinele-in-stup\\\/\",\"url\":\"https:\\\/\\\/www.lovendal.ro\\\/wp52\\\/unul-din-astronautii-care-a-aselenizat-intre-1969-1970-ne-vorbeste-despre-fiintele-misterioase-observate-pe-luna-ele-stau-acolo-precum-albinele-in-stup\\\/\",\"name\":\"Unul din astronau\u0163ii care a aselenizat \u00eentre 1969-1970 ne vorbe\u015fte despre fiin\u0163ele misterioase observate pe Lun\u0103: \\\"Ele stau acolo precum albinele \u00een stup\\\" - Secretele lui Lovendal\",\"isPartOf\":{\"@id\":\"https:\\\/\\\/www.lovendal.ro\\\/wp52\\\/#website\"},\"primaryImageOfPage\":{\"@id\":\"https:\\\/\\\/www.lovendal.ro\\\/wp52\\\/unul-din-astronautii-care-a-aselenizat-intre-1969-1970-ne-vorbeste-despre-fiintele-misterioase-observate-pe-luna-ele-stau-acolo-precum-albinele-in-stup\\\/#primaryimage\"},\"image\":{\"@id\":\"https:\\\/\\\/www.lovendal.ro\\\/wp52\\\/unul-din-astronautii-care-a-aselenizat-intre-1969-1970-ne-vorbeste-despre-fiintele-misterioase-observate-pe-luna-ele-stau-acolo-precum-albinele-in-stup\\\/#primaryimage\"},\"thumbnailUrl\":\"https:\\\/\\\/www.lovendal.ro\\\/wp52\\\/wp-content\\\/uploads\\\/2024\\\/12\\\/extraterestri-pe-Luna.jpeg\",\"datePublished\":\"2024-12-09T18:47:20+00:00\",\"breadcrumb\":{\"@id\":\"https:\\\/\\\/www.lovendal.ro\\\/wp52\\\/unul-din-astronautii-care-a-aselenizat-intre-1969-1970-ne-vorbeste-despre-fiintele-misterioase-observate-pe-luna-ele-stau-acolo-precum-albinele-in-stup\\\/#breadcrumb\"},\"inLanguage\":\"ro-RO\",\"potentialAction\":[{\"@type\":\"ReadAction\",\"target\":[\"https:\\\/\\\/www.lovendal.ro\\\/wp52\\\/unul-din-astronautii-care-a-aselenizat-intre-1969-1970-ne-vorbeste-despre-fiintele-misterioase-observate-pe-luna-ele-stau-acolo-precum-albinele-in-stup\\\/\"]}]},{\"@type\":\"ImageObject\",\"inLanguage\":\"ro-RO\",\"@id\":\"https:\\\/\\\/www.lovendal.ro\\\/wp52\\\/unul-din-astronautii-care-a-aselenizat-intre-1969-1970-ne-vorbeste-despre-fiintele-misterioase-observate-pe-luna-ele-stau-acolo-precum-albinele-in-stup\\\/#primaryimage\",\"url\":\"https:\\\/\\\/www.lovendal.ro\\\/wp52\\\/wp-content\\\/uploads\\\/2024\\\/12\\\/extraterestri-pe-Luna.jpeg\",\"contentUrl\":\"https:\\\/\\\/www.lovendal.ro\\\/wp52\\\/wp-content\\\/uploads\\\/2024\\\/12\\\/extraterestri-pe-Luna.jpeg\",\"width\":543,\"height\":510},{\"@type\":\"BreadcrumbList\",\"@id\":\"https:\\\/\\\/www.lovendal.ro\\\/wp52\\\/unul-din-astronautii-care-a-aselenizat-intre-1969-1970-ne-vorbeste-despre-fiintele-misterioase-observate-pe-luna-ele-stau-acolo-precum-albinele-in-stup\\\/#breadcrumb\",\"itemListElement\":[{\"@type\":\"ListItem\",\"position\":1,\"name\":\"Home\",\"item\":\"https:\\\/\\\/www.lovendal.ro\\\/wp52\\\/\"},{\"@type\":\"ListItem\",\"position\":2,\"name\":\"Unul din astronau\u0163ii care a aselenizat \u00eentre 1969-1970 ne vorbe\u015fte despre fiin\u0163ele misterioase observate pe Lun\u0103: &#8222;Ele stau acolo precum albinele \u00een stup&#8221;\"}]},{\"@type\":\"WebSite\",\"@id\":\"https:\\\/\\\/www.lovendal.ro\\\/wp52\\\/#website\",\"url\":\"https:\\\/\\\/www.lovendal.ro\\\/wp52\\\/\",\"name\":\"Secretele lui Lovendal\",\"description\":\"Site de secrete, stiinta si metafizica - din 2008 -\",\"publisher\":{\"@id\":\"https:\\\/\\\/www.lovendal.ro\\\/wp52\\\/#organization\"},\"potentialAction\":[{\"@type\":\"SearchAction\",\"target\":{\"@type\":\"EntryPoint\",\"urlTemplate\":\"https:\\\/\\\/www.lovendal.ro\\\/wp52\\\/?s={search_term_string}\"},\"query-input\":{\"@type\":\"PropertyValueSpecification\",\"valueRequired\":true,\"valueName\":\"search_term_string\"}}],\"inLanguage\":\"ro-RO\"},{\"@type\":\"Organization\",\"@id\":\"https:\\\/\\\/www.lovendal.ro\\\/wp52\\\/#organization\",\"name\":\"Secretele lui Lovendal\",\"url\":\"https:\\\/\\\/www.lovendal.ro\\\/wp52\\\/\",\"logo\":{\"@type\":\"ImageObject\",\"inLanguage\":\"ro-RO\",\"@id\":\"https:\\\/\\\/www.lovendal.ro\\\/wp52\\\/#\\\/schema\\\/logo\\\/image\\\/\",\"url\":\"https:\\\/\\\/www.lovendal.ro\\\/wp52\\\/wp-content\\\/uploads\\\/2024\\\/06\\\/cropped-SLL-iun-2024-1.jpg\",\"contentUrl\":\"https:\\\/\\\/www.lovendal.ro\\\/wp52\\\/wp-content\\\/uploads\\\/2024\\\/06\\\/cropped-SLL-iun-2024-1.jpg\",\"width\":771,\"height\":240,\"caption\":\"Secretele lui Lovendal\"},\"image\":{\"@id\":\"https:\\\/\\\/www.lovendal.ro\\\/wp52\\\/#\\\/schema\\\/logo\\\/image\\\/\"},\"sameAs\":[\"https:\\\/\\\/www.facebook.com\\\/secreteleluilovendal\"]},{\"@type\":\"Person\",\"@id\":\"https:\\\/\\\/www.lovendal.ro\\\/wp52\\\/#\\\/schema\\\/person\\\/088691de5dfc346bb0c023e1e52ef5d9\",\"name\":\"admin\",\"image\":{\"@type\":\"ImageObject\",\"inLanguage\":\"ro-RO\",\"@id\":\"https:\\\/\\\/secure.gravatar.com\\\/avatar\\\/ecb9cd41f5f63c9c9b989999a59f6e2639a865ec361e9db054db0679a8f341c2?s=96&d=mm&r=g\",\"url\":\"https:\\\/\\\/secure.gravatar.com\\\/avatar\\\/ecb9cd41f5f63c9c9b989999a59f6e2639a865ec361e9db054db0679a8f341c2?s=96&d=mm&r=g\",\"contentUrl\":\"https:\\\/\\\/secure.gravatar.com\\\/avatar\\\/ecb9cd41f5f63c9c9b989999a59f6e2639a865ec361e9db054db0679a8f341c2?s=96&d=mm&r=g\",\"caption\":\"admin\"},\"sameAs\":[\"https:\\\/\\\/www.lovendal.ro\\\/wp52\"]}]}<\/script>\n<!-- \/ Yoast SEO Premium plugin. -->","yoast_head_json":{"title":"Unul din astronau\u0163ii care a aselenizat \u00eentre 1969-1970 ne vorbe\u015fte despre fiin\u0163ele misterioase observate pe Lun\u0103: \"Ele stau acolo precum albinele \u00een stup\" - Secretele lui Lovendal","robots":{"index":"index","follow":"follow","max-snippet":"max-snippet:-1","max-image-preview":"max-image-preview:large","max-video-preview":"max-video-preview:-1"},"canonical":"https:\/\/www.lovendal.ro\/wp52\/unul-din-astronautii-care-a-aselenizat-intre-1969-1970-ne-vorbeste-despre-fiintele-misterioase-observate-pe-luna-ele-stau-acolo-precum-albinele-in-stup\/","og_locale":"ro_RO","og_type":"article","og_title":"Unul din astronau\u0163ii care a aselenizat \u00eentre 1969-1970 ne vorbe\u015fte despre fiin\u0163ele misterioase observate pe Lun\u0103: \"Ele stau acolo precum albinele \u00een stup\"","og_description":"Iulie 1969. Misiunea spa\u0163ial\u0103 NASA Apollo 11 trimite trei astronau\u0163i pe Lun\u0103: Neil Armstrong, Edwin Aldrin \u015fi Michael Collins. Misiunea spa\u0163ial\u0103 viza debarcarea pe Lun\u0103 a primilor p\u0103m\u00e2nteni! Cei de la NASA comunicau cu astronau\u0163ii prin dou\u0103 lungimi de und\u0103, ... Cititi mai multe","og_url":"https:\/\/www.lovendal.ro\/wp52\/unul-din-astronautii-care-a-aselenizat-intre-1969-1970-ne-vorbeste-despre-fiintele-misterioase-observate-pe-luna-ele-stau-acolo-precum-albinele-in-stup\/","og_site_name":"Secretele lui Lovendal","article_publisher":"https:\/\/www.facebook.com\/secreteleluilovendal","article_published_time":"2024-12-09T18:47:20+00:00","og_image":[{"width":543,"height":510,"url":"https:\/\/www.lovendal.ro\/wp52\/wp-content\/uploads\/2024\/12\/extraterestri-pe-Luna.jpeg","type":"image\/jpeg"}],"author":"admin","twitter_card":"summary_large_image","twitter_misc":{"Scris de":"admin","Timp estimat pentru citire":"3 minute"},"schema":{"@context":"https:\/\/schema.org","@graph":[{"@type":"Article","@id":"https:\/\/www.lovendal.ro\/wp52\/unul-din-astronautii-care-a-aselenizat-intre-1969-1970-ne-vorbeste-despre-fiintele-misterioase-observate-pe-luna-ele-stau-acolo-precum-albinele-in-stup\/#article","isPartOf":{"@id":"https:\/\/www.lovendal.ro\/wp52\/unul-din-astronautii-care-a-aselenizat-intre-1969-1970-ne-vorbeste-despre-fiintele-misterioase-observate-pe-luna-ele-stau-acolo-precum-albinele-in-stup\/"},"author":{"name":"admin","@id":"https:\/\/www.lovendal.ro\/wp52\/#\/schema\/person\/088691de5dfc346bb0c023e1e52ef5d9"},"headline":"Unul din astronau\u0163ii care a aselenizat \u00eentre 1969-1970 ne vorbe\u015fte despre fiin\u0163ele misterioase observate pe Lun\u0103: &#8222;Ele stau acolo precum albinele \u00een stup&#8221;","datePublished":"2024-12-09T18:47:20+00:00","mainEntityOfPage":{"@id":"https:\/\/www.lovendal.ro\/wp52\/unul-din-astronautii-care-a-aselenizat-intre-1969-1970-ne-vorbeste-despre-fiintele-misterioase-observate-pe-luna-ele-stau-acolo-precum-albinele-in-stup\/"},"wordCount":385,"publisher":{"@id":"https:\/\/www.lovendal.ro\/wp52\/#organization"},"image":{"@id":"https:\/\/www.lovendal.ro\/wp52\/unul-din-astronautii-care-a-aselenizat-intre-1969-1970-ne-vorbeste-despre-fiintele-misterioase-observate-pe-luna-ele-stau-acolo-precum-albinele-in-stup\/#primaryimage"},"thumbnailUrl":"https:\/\/www.lovendal.ro\/wp52\/wp-content\/uploads\/2024\/12\/extraterestri-pe-Luna.jpeg","keywords":["albine","Apollo 11","Apollo 13","aselenizare","astronaut","Australia","Conspiratii si Mistere","Edwin Aldrin","Elve\u0163ia","Gene Cernan","Houston","Lun\u0103","Michael Collins","NASA","Neil Armstrong","OZN","stup"],"articleSection":["Conspiratii si Mistere"],"inLanguage":"ro-RO"},{"@type":"WebPage","@id":"https:\/\/www.lovendal.ro\/wp52\/unul-din-astronautii-care-a-aselenizat-intre-1969-1970-ne-vorbeste-despre-fiintele-misterioase-observate-pe-luna-ele-stau-acolo-precum-albinele-in-stup\/","url":"https:\/\/www.lovendal.ro\/wp52\/unul-din-astronautii-care-a-aselenizat-intre-1969-1970-ne-vorbeste-despre-fiintele-misterioase-observate-pe-luna-ele-stau-acolo-precum-albinele-in-stup\/","name":"Unul din astronau\u0163ii care a aselenizat \u00eentre 1969-1970 ne vorbe\u015fte despre fiin\u0163ele misterioase observate pe Lun\u0103: \"Ele stau acolo precum albinele \u00een stup\" - Secretele lui Lovendal","isPartOf":{"@id":"https:\/\/www.lovendal.ro\/wp52\/#website"},"primaryImageOfPage":{"@id":"https:\/\/www.lovendal.ro\/wp52\/unul-din-astronautii-care-a-aselenizat-intre-1969-1970-ne-vorbeste-despre-fiintele-misterioase-observate-pe-luna-ele-stau-acolo-precum-albinele-in-stup\/#primaryimage"},"image":{"@id":"https:\/\/www.lovendal.ro\/wp52\/unul-din-astronautii-care-a-aselenizat-intre-1969-1970-ne-vorbeste-despre-fiintele-misterioase-observate-pe-luna-ele-stau-acolo-precum-albinele-in-stup\/#primaryimage"},"thumbnailUrl":"https:\/\/www.lovendal.ro\/wp52\/wp-content\/uploads\/2024\/12\/extraterestri-pe-Luna.jpeg","datePublished":"2024-12-09T18:47:20+00:00","breadcrumb":{"@id":"https:\/\/www.lovendal.ro\/wp52\/unul-din-astronautii-care-a-aselenizat-intre-1969-1970-ne-vorbeste-despre-fiintele-misterioase-observate-pe-luna-ele-stau-acolo-precum-albinele-in-stup\/#breadcrumb"},"inLanguage":"ro-RO","potentialAction":[{"@type":"ReadAction","target":["https:\/\/www.lovendal.ro\/wp52\/unul-din-astronautii-care-a-aselenizat-intre-1969-1970-ne-vorbeste-despre-fiintele-misterioase-observate-pe-luna-ele-stau-acolo-precum-albinele-in-stup\/"]}]},{"@type":"ImageObject","inLanguage":"ro-RO","@id":"https:\/\/www.lovendal.ro\/wp52\/unul-din-astronautii-care-a-aselenizat-intre-1969-1970-ne-vorbeste-despre-fiintele-misterioase-observate-pe-luna-ele-stau-acolo-precum-albinele-in-stup\/#primaryimage","url":"https:\/\/www.lovendal.ro\/wp52\/wp-content\/uploads\/2024\/12\/extraterestri-pe-Luna.jpeg","contentUrl":"https:\/\/www.lovendal.ro\/wp52\/wp-content\/uploads\/2024\/12\/extraterestri-pe-Luna.jpeg","width":543,"height":510},{"@type":"BreadcrumbList","@id":"https:\/\/www.lovendal.ro\/wp52\/unul-din-astronautii-care-a-aselenizat-intre-1969-1970-ne-vorbeste-despre-fiintele-misterioase-observate-pe-luna-ele-stau-acolo-precum-albinele-in-stup\/#breadcrumb","itemListElement":[{"@type":"ListItem","position":1,"name":"Home","item":"https:\/\/www.lovendal.ro\/wp52\/"},{"@type":"ListItem","position":2,"name":"Unul din astronau\u0163ii care a aselenizat \u00eentre 1969-1970 ne vorbe\u015fte despre fiin\u0163ele misterioase observate pe Lun\u0103: &#8222;Ele stau acolo precum albinele \u00een stup&#8221;"}]},{"@type":"WebSite","@id":"https:\/\/www.lovendal.ro\/wp52\/#website","url":"https:\/\/www.lovendal.ro\/wp52\/","name":"Secretele lui Lovendal","description":"Site de secrete, stiinta si metafizica - din 2008 -","publisher":{"@id":"https:\/\/www.lovendal.ro\/wp52\/#organization"},"potentialAction":[{"@type":"SearchAction","target":{"@type":"EntryPoint","urlTemplate":"https:\/\/www.lovendal.ro\/wp52\/?s={search_term_string}"},"query-input":{"@type":"PropertyValueSpecification","valueRequired":true,"valueName":"search_term_string"}}],"inLanguage":"ro-RO"},{"@type":"Organization","@id":"https:\/\/www.lovendal.ro\/wp52\/#organization","name":"Secretele lui Lovendal","url":"https:\/\/www.lovendal.ro\/wp52\/","logo":{"@type":"ImageObject","inLanguage":"ro-RO","@id":"https:\/\/www.lovendal.ro\/wp52\/#\/schema\/logo\/image\/","url":"https:\/\/www.lovendal.ro\/wp52\/wp-content\/uploads\/2024\/06\/cropped-SLL-iun-2024-1.jpg","contentUrl":"https:\/\/www.lovendal.ro\/wp52\/wp-content\/uploads\/2024\/06\/cropped-SLL-iun-2024-1.jpg","width":771,"height":240,"caption":"Secretele lui Lovendal"},"image":{"@id":"https:\/\/www.lovendal.ro\/wp52\/#\/schema\/logo\/image\/"},"sameAs":["https:\/\/www.facebook.com\/secreteleluilovendal"]},{"@type":"Person","@id":"https:\/\/www.lovendal.ro\/wp52\/#\/schema\/person\/088691de5dfc346bb0c023e1e52ef5d9","name":"admin","image":{"@type":"ImageObject","inLanguage":"ro-RO","@id":"https:\/\/secure.gravatar.com\/avatar\/ecb9cd41f5f63c9c9b989999a59f6e2639a865ec361e9db054db0679a8f341c2?s=96&d=mm&r=g","url":"https:\/\/secure.gravatar.com\/avatar\/ecb9cd41f5f63c9c9b989999a59f6e2639a865ec361e9db054db0679a8f341c2?s=96&d=mm&r=g","contentUrl":"https:\/\/secure.gravatar.com\/avatar\/ecb9cd41f5f63c9c9b989999a59f6e2639a865ec361e9db054db0679a8f341c2?s=96&d=mm&r=g","caption":"admin"},"sameAs":["https:\/\/www.lovendal.ro\/wp52"]}]}},"_links":{"self":[{"href":"https:\/\/www.lovendal.ro\/wp52\/wp-json\/wp\/v2\/posts\/95906","targetHints":{"allow":["GET"]}}],"collection":[{"href":"https:\/\/www.lovendal.ro\/wp52\/wp-json\/wp\/v2\/posts"}],"about":[{"href":"https:\/\/www.lovendal.ro\/wp52\/wp-json\/wp\/v2\/types\/post"}],"author":[{"embeddable":true,"href":"https:\/\/www.lovendal.ro\/wp52\/wp-json\/wp\/v2\/users\/1"}],"replies":[{"embeddable":true,"href":"https:\/\/www.lovendal.ro\/wp52\/wp-json\/wp\/v2\/comments?post=95906"}],"version-history":[{"count":2,"href":"https:\/\/www.lovendal.ro\/wp52\/wp-json\/wp\/v2\/posts\/95906\/revisions"}],"predecessor-version":[{"id":95909,"href":"https:\/\/www.lovendal.ro\/wp52\/wp-json\/wp\/v2\/posts\/95906\/revisions\/95909"}],"wp:featuredmedia":[{"embeddable":true,"href":"https:\/\/www.lovendal.ro\/wp52\/wp-json\/wp\/v2\/media\/95908"}],"wp:attachment":[{"href":"https:\/\/www.lovendal.ro\/wp52\/wp-json\/wp\/v2\/media?parent=95906"}],"wp:term":[{"taxonomy":"category","embeddable":true,"href":"https:\/\/www.lovendal.ro\/wp52\/wp-json\/wp\/v2\/categories?post=95906"},{"taxonomy":"post_tag","embeddable":true,"href":"https:\/\/www.lovendal.ro\/wp52\/wp-json\/wp\/v2\/tags?post=95906"}],"curies":[{"name":"wp","href":"https:\/\/api.w.org\/{rel}","templated":true}]}}