{"id":95611,"date":"2024-11-21T16:44:44","date_gmt":"2024-11-21T14:44:44","guid":{"rendered":"https:\/\/www.lovendal.ro\/wp52\/?p=95611"},"modified":"2024-11-21T16:44:44","modified_gmt":"2024-11-21T14:44:44","slug":"trei-legende-ne-vorbesc-despre-crearea-fabuloasei-cetati-a-devei","status":"publish","type":"post","link":"https:\/\/www.lovendal.ro\/wp52\/trei-legende-ne-vorbesc-despre-crearea-fabuloasei-cetati-a-devei\/","title":{"rendered":"Trei legende ne vorbesc despre crearea fabuloasei cet\u0103\u0163i a Devei"},"content":{"rendered":"<figure id=\"attachment_95612\" aria-describedby=\"caption-attachment-95612\" style=\"width: 353px\" class=\"wp-caption alignleft\"><a href=\"https:\/\/www.lovendal.ro\/wp52\/wp-content\/uploads\/2024\/11\/cetatea-Deva.jpg\"><img loading=\"lazy\" decoding=\"async\" class=\" wp-image-95612\" src=\"https:\/\/www.lovendal.ro\/wp52\/wp-content\/uploads\/2024\/11\/cetatea-Deva.jpg\" alt=\"\" width=\"363\" height=\"219\" srcset=\"https:\/\/www.lovendal.ro\/wp52\/wp-content\/uploads\/2024\/11\/cetatea-Deva.jpg 540w, https:\/\/www.lovendal.ro\/wp52\/wp-content\/uploads\/2024\/11\/cetatea-Deva-300x181.jpg 300w\" sizes=\"auto, (max-width: 363px) 100vw, 363px\" \/><\/a><figcaption id=\"caption-attachment-95612\" class=\"wp-caption-text\"><strong>Imagine<\/strong>: <a href=\"https:\/\/ro.wikipedia.org\/wiki\/Cetatea_Deva#\/media\/Fi%C8%99ier:Cetatea_medieval%C4%83_Deva,_%C3%AEn_lumina_r%C4%83s%C4%83ritului.jpg\" target=\"_blank\" rel=\"noopener\"><strong>wikipedia.org<\/strong><\/a> (Commons Creative &#8211; free) + prelucrare proprie<\/figcaption><\/figure>\n<p>Dealul \u00eemp\u0103durit pe culmea c\u0103ruia se afl\u0103 <strong>cetatea Devei<\/strong> este de origine vulcanic\u0103, form\u00e2ndu-se \u00een era ter\u021biar\u0103, c\u00e2nd au ap\u0103rut principalele lan\u021buri ale Carpa\u021bilor. Renumit prin flora \u0219i fauna sa deoarece aici este locul de \u00eentrep\u0103trundere dintre vegeta\u021bia zonelor nord-sud mure\u0219ene cu cea din Banat, dealul cet\u0103\u021bii este declarat monument al naturii \u0219i, \u00een acela\u0219i timp, monument istoric. Aici cresc numeroase specii de plante, unele de origine mediteraneean\u0103, balcanic\u0103 sau din Crimeea. De asemenea, pe diferitele terase ale dealului s-au descoperit vestigiile unor civiliza\u021bii str\u0103vechi. Din epoca neolitic\u0103 s-au g\u0103sit obiecte f\u0103urite de triburile culturii Turda\u0219 \u0219i Vinca, iar din epoca bronzului cele ale triburilor de p\u0103stori ai culturii Co\u021bofeni. Bare de cupru \u00een form\u0103 de br\u0103\u021b\u0103ri, topoare, seceri, arme \u0219i obiecte de podoab\u0103 precum \u0219i vestigii ce dovedesc extragerea \u0219i prelucrarea metalelor s-au descoperit pe versan\u021bii conului vulcanic.<\/p>\n<p>De asemenea, un bazin de ap\u0103, ceramic\u0103 dacic\u0103, obiecte de fier \u0219i chiupuri pentru str\u00e2ns cerealele, elemente care atest\u0103 c\u0103 aici a fost o a\u0219ezare dacic\u0103. Prezen\u021ba pe culmea aceasta a unei fortifica\u021bii dacice, cu ziduri din piatr\u0103 a fost identificat\u0103 de arheologi \u00een momentul c\u00e2nd au constatat c\u0103 \u00een zidurile cet\u0103\u021bii feudale au fost folosite blocuri de piatr\u0103 care au apar\u021binut bastionului dac. Erau blocuri cu t\u0103ieturi \u00een form\u0103 de coad\u0103 de r\u00e2ndunic\u0103, tehnic\u0103 folosit\u0103 de daci la construirea zidurilor cet\u0103\u021bilor.<\/p>\n<p>Cetatea Deva este atestat\u0103 pentru prima oar\u0103 \u00een anul 1269. Se \u0219tie c\u0103 <strong>Ladislau Kan<\/strong> (1294-1315), voievodul Transilvaniei, urma\u0219ul lui Roland Bor\u0219a, \u00ee\u0219i avea re\u0219edin\u021ba \u00een cetatea de la Deva, unde \u0219i-a format o adev\u0103rat\u0103 curte.<\/p>\n<p>Legendele au aureolat de veacuri ruinele impunitoare ale fortifica\u021biilor medievale. Astfel se spune c\u0103 cetatea Devei era legat\u0103 de castelele de la Uroi \u0219i Dol\u021b printr-un pod de aur \u0219i \u00een acestea \u00ee\u0219i aveau re\u0219edin\u021ba trei z\u00e2ne, fete de uria\u0219i, cu p\u0103rul de aur. La un moment dat, armonia dintre cele trei surori s-a tulburat \u0219i z\u00e2na de la poalele muntelui <strong>Retezat<\/strong>, care st\u0103tea \u00een <strong>cetatea Col\u021b<\/strong>, s-a certat cu celelalte surori. Atunci, z\u00e2na ce st\u0103p\u00e2nea castelul de la Uroi, voind s\u0103 distrug\u0103 palatul de la Col\u021b, a aruncat o unealt\u0103 uria\u0219\u0103, pe care o folosise la cl\u0103direa edificiului, spre cetatea rivalei sale. \u0218i a aruncat-o cu o a\u0219a de mare putere, \u00eenc\u00e2t a retezat muntele pe care era situat\u0103 cetatea Col\u021b, \u0219i, de atunci, masivul s-a numit Retezat.<\/p>\n<p>O alt\u0103 legend\u0103 ajuns\u0103 p\u00e2n\u0103 la noi, arat\u0103 c\u0103 cetatea Devei a fost f\u0103urit\u0103 de un grup de pitici, care locuiau pe alte meleaguri \u0219i din \u0219apte \u00een \u0219apte ani veneau aici. Odat\u0103, \u00een lipsa lor, castelul a fost ocupat de un balaur cu \u0219apte capete \u0219i atunci piticii, spre a-l izgoni, au cerut ajutorul lui <strong>Iovan Iorgovan<\/strong>. Balaurul s-a refugiat \u00eentr-una din pe\u0219terile de pe malul Dun\u0103rii, iar Iorgovan l-a urm\u0103rit \u0219i acolo l-a ucis&#8230;<\/p>\n<p>\u00cen fine, o a treia legend\u0103 atribuie zidirea cet\u0103\u021bii unui me\u0219ter <strong>Manole<\/strong>, povestire asem\u0103n\u0103toare cu cea care este pus\u0103 la baza construirii m\u0103n\u0103stirii Curtea de Arge\u0219.<\/p>\n","protected":false},"excerpt":{"rendered":"<p>Dealul \u00eemp\u0103durit pe culmea c\u0103ruia se afl\u0103 cetatea Devei este de origine vulcanic\u0103, form\u00e2ndu-se \u00een era ter\u021biar\u0103, c\u00e2nd au ap\u0103rut principalele lan\u021buri ale Carpa\u021bilor. Renumit prin flora \u0219i fauna sa deoarece aici este locul de \u00eentrep\u0103trundere dintre vegeta\u021bia zonelor nord-sud &#8230; <\/p>\n<p class=\"read-more-container\"><a title=\"Trei legende ne vorbesc despre crearea fabuloasei cet\u0103\u0163i a Devei\" class=\"read-more button\" href=\"https:\/\/www.lovendal.ro\/wp52\/trei-legende-ne-vorbesc-despre-crearea-fabuloasei-cetati-a-devei\/#more-95611\" aria-label=\"Cite\u0219te mai multe despre Trei legende ne vorbesc despre crearea fabuloasei cet\u0103\u0163i a Devei\">Cititi mai multe<\/a><\/p>\n","protected":false},"author":1,"featured_media":95612,"comment_status":"closed","ping_status":"open","sticky":false,"template":"","format":"standard","meta":{"footnotes":""},"categories":[10210],"tags":[1644,1344,325,17782,19563,5400,1110,5680,7993,8516,19049,19564,1620,17321,3783,18233,2149,2890,1546,633,19565,10211,494,4827],"class_list":["post-95611","post","type-post","status-publish","format-standard","has-post-thumbnail","hentry","category-romania-misterioasa","tag-balaur","tag-carpati","tag-castel","tag-cetatea-colt","tag-cetatea-deva","tag-curtea-de-arges","tag-daci","tag-deal","tag-deva","tag-epoca-bronzului","tag-iovan-iorgovan","tag-ladislau-kan","tag-manastire","tag-mesterul-manole","tag-munte","tag-neolitic","tag-palat","tag-pestera","tag-pitici","tag-retezat","tag-roland-borsa","tag-romania-misterioasa","tag-transilvania","tag-zane","resize-featured-image"],"yoast_head":"<!-- This site is optimized with the Yoast SEO Premium plugin v23.3 (Yoast SEO v27.4) - https:\/\/yoast.com\/product\/yoast-seo-premium-wordpress\/ -->\n<title>Trei legende ne vorbesc despre crearea fabuloasei cet\u0103\u0163i a Devei - Secretele lui Lovendal<\/title>\n<meta name=\"robots\" content=\"index, follow, max-snippet:-1, max-image-preview:large, max-video-preview:-1\" \/>\n<link rel=\"canonical\" href=\"https:\/\/www.lovendal.ro\/wp52\/trei-legende-ne-vorbesc-despre-crearea-fabuloasei-cetati-a-devei\/\" \/>\n<meta property=\"og:locale\" content=\"ro_RO\" \/>\n<meta property=\"og:type\" content=\"article\" \/>\n<meta property=\"og:title\" content=\"Trei legende ne vorbesc despre crearea fabuloasei cet\u0103\u0163i a Devei\" \/>\n<meta property=\"og:description\" content=\"Dealul \u00eemp\u0103durit pe culmea c\u0103ruia se afl\u0103 cetatea Devei este de origine vulcanic\u0103, form\u00e2ndu-se \u00een era ter\u021biar\u0103, c\u00e2nd au ap\u0103rut principalele lan\u021buri ale Carpa\u021bilor. Renumit prin flora \u0219i fauna sa deoarece aici este locul de \u00eentrep\u0103trundere dintre vegeta\u021bia zonelor nord-sud ... Cititi mai multe\" \/>\n<meta property=\"og:url\" content=\"https:\/\/www.lovendal.ro\/wp52\/trei-legende-ne-vorbesc-despre-crearea-fabuloasei-cetati-a-devei\/\" \/>\n<meta property=\"og:site_name\" content=\"Secretele lui Lovendal\" \/>\n<meta property=\"article:publisher\" content=\"https:\/\/www.facebook.com\/secreteleluilovendal\" \/>\n<meta property=\"article:published_time\" content=\"2024-11-21T14:44:44+00:00\" \/>\n<meta property=\"og:image\" content=\"https:\/\/www.lovendal.ro\/wp52\/wp-content\/uploads\/2024\/11\/cetatea-Deva.jpg\" \/>\n\t<meta property=\"og:image:width\" content=\"540\" \/>\n\t<meta property=\"og:image:height\" content=\"326\" \/>\n\t<meta property=\"og:image:type\" content=\"image\/jpeg\" \/>\n<meta name=\"author\" content=\"admin\" \/>\n<meta name=\"twitter:card\" content=\"summary_large_image\" \/>\n<meta name=\"twitter:label1\" content=\"Scris de\" \/>\n\t<meta name=\"twitter:data1\" content=\"admin\" \/>\n\t<meta name=\"twitter:label2\" content=\"Timp estimat pentru citire\" \/>\n\t<meta name=\"twitter:data2\" content=\"4 minute\" \/>\n<script type=\"application\/ld+json\" class=\"yoast-schema-graph\">{\"@context\":\"https:\\\/\\\/schema.org\",\"@graph\":[{\"@type\":\"Article\",\"@id\":\"https:\\\/\\\/www.lovendal.ro\\\/wp52\\\/trei-legende-ne-vorbesc-despre-crearea-fabuloasei-cetati-a-devei\\\/#article\",\"isPartOf\":{\"@id\":\"https:\\\/\\\/www.lovendal.ro\\\/wp52\\\/trei-legende-ne-vorbesc-despre-crearea-fabuloasei-cetati-a-devei\\\/\"},\"author\":{\"name\":\"admin\",\"@id\":\"https:\\\/\\\/www.lovendal.ro\\\/wp52\\\/#\\\/schema\\\/person\\\/088691de5dfc346bb0c023e1e52ef5d9\"},\"headline\":\"Trei legende ne vorbesc despre crearea fabuloasei cet\u0103\u0163i a Devei\",\"datePublished\":\"2024-11-21T14:44:44+00:00\",\"mainEntityOfPage\":{\"@id\":\"https:\\\/\\\/www.lovendal.ro\\\/wp52\\\/trei-legende-ne-vorbesc-despre-crearea-fabuloasei-cetati-a-devei\\\/\"},\"wordCount\":575,\"publisher\":{\"@id\":\"https:\\\/\\\/www.lovendal.ro\\\/wp52\\\/#organization\"},\"image\":{\"@id\":\"https:\\\/\\\/www.lovendal.ro\\\/wp52\\\/trei-legende-ne-vorbesc-despre-crearea-fabuloasei-cetati-a-devei\\\/#primaryimage\"},\"thumbnailUrl\":\"https:\\\/\\\/www.lovendal.ro\\\/wp52\\\/wp-content\\\/uploads\\\/2024\\\/11\\\/cetatea-Deva.jpg\",\"keywords\":[\"balaur\",\"Carpa\u0163i\",\"castel\",\"Cetatea Col\u0163\",\"cetatea Deva\",\"Curtea de Arge\u015f\",\"daci\",\"deal\",\"Deva\",\"epoca bronzului\",\"Iovan Iorgovan\",\"Ladislau Kan\",\"m\u0103n\u0103stire\",\"Me\u015fterul Manole\",\"munte\",\"neolitic\",\"palat\",\"pe\u015fter\u0103\",\"pitici\",\"Retezat\",\"Roland Bor\u0219a\",\"Romania misterioas\u0103\",\"Transilvania\",\"zane\"],\"articleSection\":[\"Romania misterioasa\"],\"inLanguage\":\"ro-RO\"},{\"@type\":\"WebPage\",\"@id\":\"https:\\\/\\\/www.lovendal.ro\\\/wp52\\\/trei-legende-ne-vorbesc-despre-crearea-fabuloasei-cetati-a-devei\\\/\",\"url\":\"https:\\\/\\\/www.lovendal.ro\\\/wp52\\\/trei-legende-ne-vorbesc-despre-crearea-fabuloasei-cetati-a-devei\\\/\",\"name\":\"Trei legende ne vorbesc despre crearea fabuloasei cet\u0103\u0163i a Devei - Secretele lui Lovendal\",\"isPartOf\":{\"@id\":\"https:\\\/\\\/www.lovendal.ro\\\/wp52\\\/#website\"},\"primaryImageOfPage\":{\"@id\":\"https:\\\/\\\/www.lovendal.ro\\\/wp52\\\/trei-legende-ne-vorbesc-despre-crearea-fabuloasei-cetati-a-devei\\\/#primaryimage\"},\"image\":{\"@id\":\"https:\\\/\\\/www.lovendal.ro\\\/wp52\\\/trei-legende-ne-vorbesc-despre-crearea-fabuloasei-cetati-a-devei\\\/#primaryimage\"},\"thumbnailUrl\":\"https:\\\/\\\/www.lovendal.ro\\\/wp52\\\/wp-content\\\/uploads\\\/2024\\\/11\\\/cetatea-Deva.jpg\",\"datePublished\":\"2024-11-21T14:44:44+00:00\",\"breadcrumb\":{\"@id\":\"https:\\\/\\\/www.lovendal.ro\\\/wp52\\\/trei-legende-ne-vorbesc-despre-crearea-fabuloasei-cetati-a-devei\\\/#breadcrumb\"},\"inLanguage\":\"ro-RO\",\"potentialAction\":[{\"@type\":\"ReadAction\",\"target\":[\"https:\\\/\\\/www.lovendal.ro\\\/wp52\\\/trei-legende-ne-vorbesc-despre-crearea-fabuloasei-cetati-a-devei\\\/\"]}]},{\"@type\":\"ImageObject\",\"inLanguage\":\"ro-RO\",\"@id\":\"https:\\\/\\\/www.lovendal.ro\\\/wp52\\\/trei-legende-ne-vorbesc-despre-crearea-fabuloasei-cetati-a-devei\\\/#primaryimage\",\"url\":\"https:\\\/\\\/www.lovendal.ro\\\/wp52\\\/wp-content\\\/uploads\\\/2024\\\/11\\\/cetatea-Deva.jpg\",\"contentUrl\":\"https:\\\/\\\/www.lovendal.ro\\\/wp52\\\/wp-content\\\/uploads\\\/2024\\\/11\\\/cetatea-Deva.jpg\",\"width\":540,\"height\":326,\"caption\":\"Imagine: wikipedia.org (Commons Creative - free) + prelucrare proprie\"},{\"@type\":\"BreadcrumbList\",\"@id\":\"https:\\\/\\\/www.lovendal.ro\\\/wp52\\\/trei-legende-ne-vorbesc-despre-crearea-fabuloasei-cetati-a-devei\\\/#breadcrumb\",\"itemListElement\":[{\"@type\":\"ListItem\",\"position\":1,\"name\":\"Home\",\"item\":\"https:\\\/\\\/www.lovendal.ro\\\/wp52\\\/\"},{\"@type\":\"ListItem\",\"position\":2,\"name\":\"Trei legende ne vorbesc despre crearea fabuloasei cet\u0103\u0163i a Devei\"}]},{\"@type\":\"WebSite\",\"@id\":\"https:\\\/\\\/www.lovendal.ro\\\/wp52\\\/#website\",\"url\":\"https:\\\/\\\/www.lovendal.ro\\\/wp52\\\/\",\"name\":\"Secretele lui Lovendal\",\"description\":\"Site de secrete, stiinta si metafizica - din 2008 -\",\"publisher\":{\"@id\":\"https:\\\/\\\/www.lovendal.ro\\\/wp52\\\/#organization\"},\"potentialAction\":[{\"@type\":\"SearchAction\",\"target\":{\"@type\":\"EntryPoint\",\"urlTemplate\":\"https:\\\/\\\/www.lovendal.ro\\\/wp52\\\/?s={search_term_string}\"},\"query-input\":{\"@type\":\"PropertyValueSpecification\",\"valueRequired\":true,\"valueName\":\"search_term_string\"}}],\"inLanguage\":\"ro-RO\"},{\"@type\":\"Organization\",\"@id\":\"https:\\\/\\\/www.lovendal.ro\\\/wp52\\\/#organization\",\"name\":\"Secretele lui Lovendal\",\"url\":\"https:\\\/\\\/www.lovendal.ro\\\/wp52\\\/\",\"logo\":{\"@type\":\"ImageObject\",\"inLanguage\":\"ro-RO\",\"@id\":\"https:\\\/\\\/www.lovendal.ro\\\/wp52\\\/#\\\/schema\\\/logo\\\/image\\\/\",\"url\":\"https:\\\/\\\/www.lovendal.ro\\\/wp52\\\/wp-content\\\/uploads\\\/2024\\\/06\\\/cropped-SLL-iun-2024-1.jpg\",\"contentUrl\":\"https:\\\/\\\/www.lovendal.ro\\\/wp52\\\/wp-content\\\/uploads\\\/2024\\\/06\\\/cropped-SLL-iun-2024-1.jpg\",\"width\":771,\"height\":240,\"caption\":\"Secretele lui Lovendal\"},\"image\":{\"@id\":\"https:\\\/\\\/www.lovendal.ro\\\/wp52\\\/#\\\/schema\\\/logo\\\/image\\\/\"},\"sameAs\":[\"https:\\\/\\\/www.facebook.com\\\/secreteleluilovendal\"]},{\"@type\":\"Person\",\"@id\":\"https:\\\/\\\/www.lovendal.ro\\\/wp52\\\/#\\\/schema\\\/person\\\/088691de5dfc346bb0c023e1e52ef5d9\",\"name\":\"admin\",\"image\":{\"@type\":\"ImageObject\",\"inLanguage\":\"ro-RO\",\"@id\":\"https:\\\/\\\/secure.gravatar.com\\\/avatar\\\/ecb9cd41f5f63c9c9b989999a59f6e2639a865ec361e9db054db0679a8f341c2?s=96&d=mm&r=g\",\"url\":\"https:\\\/\\\/secure.gravatar.com\\\/avatar\\\/ecb9cd41f5f63c9c9b989999a59f6e2639a865ec361e9db054db0679a8f341c2?s=96&d=mm&r=g\",\"contentUrl\":\"https:\\\/\\\/secure.gravatar.com\\\/avatar\\\/ecb9cd41f5f63c9c9b989999a59f6e2639a865ec361e9db054db0679a8f341c2?s=96&d=mm&r=g\",\"caption\":\"admin\"},\"sameAs\":[\"https:\\\/\\\/www.lovendal.ro\\\/wp52\"]}]}<\/script>\n<!-- \/ Yoast SEO Premium plugin. -->","yoast_head_json":{"title":"Trei legende ne vorbesc despre crearea fabuloasei cet\u0103\u0163i a Devei - Secretele lui Lovendal","robots":{"index":"index","follow":"follow","max-snippet":"max-snippet:-1","max-image-preview":"max-image-preview:large","max-video-preview":"max-video-preview:-1"},"canonical":"https:\/\/www.lovendal.ro\/wp52\/trei-legende-ne-vorbesc-despre-crearea-fabuloasei-cetati-a-devei\/","og_locale":"ro_RO","og_type":"article","og_title":"Trei legende ne vorbesc despre crearea fabuloasei cet\u0103\u0163i a Devei","og_description":"Dealul \u00eemp\u0103durit pe culmea c\u0103ruia se afl\u0103 cetatea Devei este de origine vulcanic\u0103, form\u00e2ndu-se \u00een era ter\u021biar\u0103, c\u00e2nd au ap\u0103rut principalele lan\u021buri ale Carpa\u021bilor. Renumit prin flora \u0219i fauna sa deoarece aici este locul de \u00eentrep\u0103trundere dintre vegeta\u021bia zonelor nord-sud ... Cititi mai multe","og_url":"https:\/\/www.lovendal.ro\/wp52\/trei-legende-ne-vorbesc-despre-crearea-fabuloasei-cetati-a-devei\/","og_site_name":"Secretele lui Lovendal","article_publisher":"https:\/\/www.facebook.com\/secreteleluilovendal","article_published_time":"2024-11-21T14:44:44+00:00","og_image":[{"width":540,"height":326,"url":"https:\/\/www.lovendal.ro\/wp52\/wp-content\/uploads\/2024\/11\/cetatea-Deva.jpg","type":"image\/jpeg"}],"author":"admin","twitter_card":"summary_large_image","twitter_misc":{"Scris de":"admin","Timp estimat pentru citire":"4 minute"},"schema":{"@context":"https:\/\/schema.org","@graph":[{"@type":"Article","@id":"https:\/\/www.lovendal.ro\/wp52\/trei-legende-ne-vorbesc-despre-crearea-fabuloasei-cetati-a-devei\/#article","isPartOf":{"@id":"https:\/\/www.lovendal.ro\/wp52\/trei-legende-ne-vorbesc-despre-crearea-fabuloasei-cetati-a-devei\/"},"author":{"name":"admin","@id":"https:\/\/www.lovendal.ro\/wp52\/#\/schema\/person\/088691de5dfc346bb0c023e1e52ef5d9"},"headline":"Trei legende ne vorbesc despre crearea fabuloasei cet\u0103\u0163i a Devei","datePublished":"2024-11-21T14:44:44+00:00","mainEntityOfPage":{"@id":"https:\/\/www.lovendal.ro\/wp52\/trei-legende-ne-vorbesc-despre-crearea-fabuloasei-cetati-a-devei\/"},"wordCount":575,"publisher":{"@id":"https:\/\/www.lovendal.ro\/wp52\/#organization"},"image":{"@id":"https:\/\/www.lovendal.ro\/wp52\/trei-legende-ne-vorbesc-despre-crearea-fabuloasei-cetati-a-devei\/#primaryimage"},"thumbnailUrl":"https:\/\/www.lovendal.ro\/wp52\/wp-content\/uploads\/2024\/11\/cetatea-Deva.jpg","keywords":["balaur","Carpa\u0163i","castel","Cetatea Col\u0163","cetatea Deva","Curtea de Arge\u015f","daci","deal","Deva","epoca bronzului","Iovan Iorgovan","Ladislau Kan","m\u0103n\u0103stire","Me\u015fterul Manole","munte","neolitic","palat","pe\u015fter\u0103","pitici","Retezat","Roland Bor\u0219a","Romania misterioas\u0103","Transilvania","zane"],"articleSection":["Romania misterioasa"],"inLanguage":"ro-RO"},{"@type":"WebPage","@id":"https:\/\/www.lovendal.ro\/wp52\/trei-legende-ne-vorbesc-despre-crearea-fabuloasei-cetati-a-devei\/","url":"https:\/\/www.lovendal.ro\/wp52\/trei-legende-ne-vorbesc-despre-crearea-fabuloasei-cetati-a-devei\/","name":"Trei legende ne vorbesc despre crearea fabuloasei cet\u0103\u0163i a Devei - Secretele lui Lovendal","isPartOf":{"@id":"https:\/\/www.lovendal.ro\/wp52\/#website"},"primaryImageOfPage":{"@id":"https:\/\/www.lovendal.ro\/wp52\/trei-legende-ne-vorbesc-despre-crearea-fabuloasei-cetati-a-devei\/#primaryimage"},"image":{"@id":"https:\/\/www.lovendal.ro\/wp52\/trei-legende-ne-vorbesc-despre-crearea-fabuloasei-cetati-a-devei\/#primaryimage"},"thumbnailUrl":"https:\/\/www.lovendal.ro\/wp52\/wp-content\/uploads\/2024\/11\/cetatea-Deva.jpg","datePublished":"2024-11-21T14:44:44+00:00","breadcrumb":{"@id":"https:\/\/www.lovendal.ro\/wp52\/trei-legende-ne-vorbesc-despre-crearea-fabuloasei-cetati-a-devei\/#breadcrumb"},"inLanguage":"ro-RO","potentialAction":[{"@type":"ReadAction","target":["https:\/\/www.lovendal.ro\/wp52\/trei-legende-ne-vorbesc-despre-crearea-fabuloasei-cetati-a-devei\/"]}]},{"@type":"ImageObject","inLanguage":"ro-RO","@id":"https:\/\/www.lovendal.ro\/wp52\/trei-legende-ne-vorbesc-despre-crearea-fabuloasei-cetati-a-devei\/#primaryimage","url":"https:\/\/www.lovendal.ro\/wp52\/wp-content\/uploads\/2024\/11\/cetatea-Deva.jpg","contentUrl":"https:\/\/www.lovendal.ro\/wp52\/wp-content\/uploads\/2024\/11\/cetatea-Deva.jpg","width":540,"height":326,"caption":"Imagine: wikipedia.org (Commons Creative - free) + prelucrare proprie"},{"@type":"BreadcrumbList","@id":"https:\/\/www.lovendal.ro\/wp52\/trei-legende-ne-vorbesc-despre-crearea-fabuloasei-cetati-a-devei\/#breadcrumb","itemListElement":[{"@type":"ListItem","position":1,"name":"Home","item":"https:\/\/www.lovendal.ro\/wp52\/"},{"@type":"ListItem","position":2,"name":"Trei legende ne vorbesc despre crearea fabuloasei cet\u0103\u0163i a Devei"}]},{"@type":"WebSite","@id":"https:\/\/www.lovendal.ro\/wp52\/#website","url":"https:\/\/www.lovendal.ro\/wp52\/","name":"Secretele lui Lovendal","description":"Site de secrete, stiinta si metafizica - din 2008 -","publisher":{"@id":"https:\/\/www.lovendal.ro\/wp52\/#organization"},"potentialAction":[{"@type":"SearchAction","target":{"@type":"EntryPoint","urlTemplate":"https:\/\/www.lovendal.ro\/wp52\/?s={search_term_string}"},"query-input":{"@type":"PropertyValueSpecification","valueRequired":true,"valueName":"search_term_string"}}],"inLanguage":"ro-RO"},{"@type":"Organization","@id":"https:\/\/www.lovendal.ro\/wp52\/#organization","name":"Secretele lui Lovendal","url":"https:\/\/www.lovendal.ro\/wp52\/","logo":{"@type":"ImageObject","inLanguage":"ro-RO","@id":"https:\/\/www.lovendal.ro\/wp52\/#\/schema\/logo\/image\/","url":"https:\/\/www.lovendal.ro\/wp52\/wp-content\/uploads\/2024\/06\/cropped-SLL-iun-2024-1.jpg","contentUrl":"https:\/\/www.lovendal.ro\/wp52\/wp-content\/uploads\/2024\/06\/cropped-SLL-iun-2024-1.jpg","width":771,"height":240,"caption":"Secretele lui Lovendal"},"image":{"@id":"https:\/\/www.lovendal.ro\/wp52\/#\/schema\/logo\/image\/"},"sameAs":["https:\/\/www.facebook.com\/secreteleluilovendal"]},{"@type":"Person","@id":"https:\/\/www.lovendal.ro\/wp52\/#\/schema\/person\/088691de5dfc346bb0c023e1e52ef5d9","name":"admin","image":{"@type":"ImageObject","inLanguage":"ro-RO","@id":"https:\/\/secure.gravatar.com\/avatar\/ecb9cd41f5f63c9c9b989999a59f6e2639a865ec361e9db054db0679a8f341c2?s=96&d=mm&r=g","url":"https:\/\/secure.gravatar.com\/avatar\/ecb9cd41f5f63c9c9b989999a59f6e2639a865ec361e9db054db0679a8f341c2?s=96&d=mm&r=g","contentUrl":"https:\/\/secure.gravatar.com\/avatar\/ecb9cd41f5f63c9c9b989999a59f6e2639a865ec361e9db054db0679a8f341c2?s=96&d=mm&r=g","caption":"admin"},"sameAs":["https:\/\/www.lovendal.ro\/wp52"]}]}},"_links":{"self":[{"href":"https:\/\/www.lovendal.ro\/wp52\/wp-json\/wp\/v2\/posts\/95611","targetHints":{"allow":["GET"]}}],"collection":[{"href":"https:\/\/www.lovendal.ro\/wp52\/wp-json\/wp\/v2\/posts"}],"about":[{"href":"https:\/\/www.lovendal.ro\/wp52\/wp-json\/wp\/v2\/types\/post"}],"author":[{"embeddable":true,"href":"https:\/\/www.lovendal.ro\/wp52\/wp-json\/wp\/v2\/users\/1"}],"replies":[{"embeddable":true,"href":"https:\/\/www.lovendal.ro\/wp52\/wp-json\/wp\/v2\/comments?post=95611"}],"version-history":[{"count":1,"href":"https:\/\/www.lovendal.ro\/wp52\/wp-json\/wp\/v2\/posts\/95611\/revisions"}],"predecessor-version":[{"id":95613,"href":"https:\/\/www.lovendal.ro\/wp52\/wp-json\/wp\/v2\/posts\/95611\/revisions\/95613"}],"wp:featuredmedia":[{"embeddable":true,"href":"https:\/\/www.lovendal.ro\/wp52\/wp-json\/wp\/v2\/media\/95612"}],"wp:attachment":[{"href":"https:\/\/www.lovendal.ro\/wp52\/wp-json\/wp\/v2\/media?parent=95611"}],"wp:term":[{"taxonomy":"category","embeddable":true,"href":"https:\/\/www.lovendal.ro\/wp52\/wp-json\/wp\/v2\/categories?post=95611"},{"taxonomy":"post_tag","embeddable":true,"href":"https:\/\/www.lovendal.ro\/wp52\/wp-json\/wp\/v2\/tags?post=95611"}],"curies":[{"name":"wp","href":"https:\/\/api.w.org\/{rel}","templated":true}]}}