{"id":95476,"date":"2024-11-14T09:42:38","date_gmt":"2024-11-14T07:42:38","guid":{"rendered":"https:\/\/www.lovendal.ro\/wp52\/?p=95476"},"modified":"2024-11-14T09:42:38","modified_gmt":"2024-11-14T07:42:38","slug":"intalnirea-unui-calugar-din-secolul-al-xix-lea-cu-inteleptii-albi-intr-o-pestera-ascunsa-din-muntii-ural-noi-suntem-nemuritori-nu-avem-voie-sa-mancam-sa-bem-sau-sa-respiram","status":"publish","type":"post","link":"https:\/\/www.lovendal.ro\/wp52\/intalnirea-unui-calugar-din-secolul-al-xix-lea-cu-inteleptii-albi-intr-o-pestera-ascunsa-din-muntii-ural-noi-suntem-nemuritori-nu-avem-voie-sa-mancam-sa-bem-sau-sa-respiram\/","title":{"rendered":"\u00cent\u00e2lnirea unui c\u0103lug\u0103r din secolul al XIX-lea cu &#8222;\u00cen\u0163elep\u0163ii Albi&#8221;, \u00eentr-o pe\u015fter\u0103 ascuns\u0103 din Mun\u0163ii Ural: &#8222;Noi suntem nemuritori. Nu avem voie s\u0103 m\u00e2nc\u0103m, s\u0103 bem sau s\u0103 respir\u0103m&#8221;"},"content":{"rendered":"<p><a href=\"https:\/\/www.lovendal.ro\/wp52\/wp-content\/uploads\/2024\/11\/Inteleptii-Albi.jpg\"><img loading=\"lazy\" decoding=\"async\" class=\"alignleft  wp-image-95477\" src=\"https:\/\/www.lovendal.ro\/wp52\/wp-content\/uploads\/2024\/11\/Inteleptii-Albi.jpg\" alt=\"\" width=\"353\" height=\"232\" srcset=\"https:\/\/www.lovendal.ro\/wp52\/wp-content\/uploads\/2024\/11\/Inteleptii-Albi.jpg 541w, https:\/\/www.lovendal.ro\/wp52\/wp-content\/uploads\/2024\/11\/Inteleptii-Albi-300x197.jpg 300w\" sizes=\"auto, (max-width: 353px) 100vw, 353px\" \/><\/a>Noi credem c\u0103 omenirea a studiat \u00een profunzime planeta. Aparent, nu mai exist\u0103 niciun singur col\u021b al P\u0103m\u00e2ntului \u00een care oamenii s\u0103 nu fi p\u0103truns. Dar, asta este o prostie. Omul \u0219i-a studiat at\u00e2t de pu\u021bin planeta \u00eenc\u00e2t nici m\u0103car nu poate explica procesele care au loc \u00een ad\u00e2ncimea ei. Un num\u0103r imens de mistere \u0219i secrete asociate cu lumea noastr\u0103 sunt dovada acestui lucru. De exemplu, ce \u0219ti\u0163i despre <strong>Cetatea \u00cen\u021belep\u021bilor Albi<\/strong>?<\/p>\n<p>Undeva printre Mun\u021bii Ural exist\u0103 o trecere secret\u0103 c\u0103tre o alt\u0103 lume. \u00cen secolele trecute, sute de oameni au c\u0103utat-o. Mul\u021bi au \u00eencercat, dar <strong>&#8222;\u00cen\u021belep\u021bii Albi&#8221;<\/strong> nu i-au l\u0103sat pe to\u021bi s\u0103 intre. Inten\u021biile \u0219i calea vie\u021bii unei persoane s-au reflectat \u00een str\u0103lucirea care emana din aura lor. Din acest motiv, majoritatea s-au \u00eentors f\u0103r\u0103 nimic \u0219i \u0219i-au atribuit e\u0219ecurile faptului c\u0103 nu existau &#8222;\u00cen\u021belep\u021bii Albi&#8221;. La asta s-au g\u00e2ndit majoritatea oamenilor \u00een ultimele secole. Dar problema nu este c\u0103 aceast\u0103 lume nu exist\u0103, ci mai degrab\u0103 c\u0103 o c\u0103dere a avut loc la nivel de civiliza\u021bie.<\/p>\n<p>\u00cen ciuda acestui fapt, unii noroco\u0219i au reu\u0219it s\u0103 comunice cu gardienii temni\u021belor \u0219i chiar s\u0103 le viziteze lumea. \u00cen secolul al XIX-lea, unul dintre ei era un c\u0103lug\u0103r din regiunea Vladimir. S-a oferit s\u0103 c\u0103l\u0103toreasc\u0103 pe \u00eentreg teritoriul Imperiului Rus \u0219i a promis s\u0103 viziteze fiecare sat \u0219i s\u0103 desf\u0103\u0219oare activit\u0103\u021bi educa\u021bionale oriunde oamenii i-au intersectat calea. Timp de c\u00e2teva luni, b\u0103rbatul a ajuns la Mun\u0163ii Ural. Acolo, c\u0103lug\u0103rul a vizitat zeci de a\u0219ez\u0103ri \u0219i a aflat despre istoria \u00cen\u021belep\u021bilor Albi. Atunci el \u00eensu\u0219i a hot\u0103r\u00e2t c\u0103, dac\u0103 soarta \u00eel preg\u0103te\u0219te s\u0103-i \u00eent\u00e2lneasc\u0103, c\u0103lug\u0103rul va \u00eendeplini \u0219i o munc\u0103 educativ\u0103 pentru ei.<\/p>\n<p>\u00centr-o zi, la munte, acest om a vrut neap\u0103rat s\u0103 bea ap\u0103. Dar nu era un singur r\u00e2u \u00een apropiere. Bine\u00een\u0163eles, Google Maps nu exista atunci; c\u0103lug\u0103rul a tot mers \u0219i a v\u0103zut o intrare \u00een munte. Exista, de asemenea, un mic lac situat nu departe. Dup\u0103 ce a b\u0103ut apa, b\u0103rbatul s-a \u00eenclinat \u0219i a mul\u021bumit pe\u0219terii c\u0103 i-a dat de b\u0103ut. \u00cen dep\u0103rtare, a v\u0103zut o insul\u0103 plutind literalmente \u00een mijlocul lacului. O potec\u0103 f\u0103cut\u0103 din st\u00e2nci ducea acolo; c\u0103lug\u0103rul s-a \u00eendreptat spre insul\u0103. C\u00e2nd a ajuns, un b\u0103tr\u00e2n a ap\u0103rut de nic\u0103ieri. \u00cenalt, maiestuos, cu o barb\u0103 lung\u0103 \u0219i un toiag al c\u0103rui v\u00e2rf se lumina cu o str\u0103lucire albastruie.<\/p>\n<p>Prin urmare, \u00cen\u021beleptul Alb l-a acceptat pe b\u0103rbat \u0219i l-a dus \u00een \u021bara lui. Lumea lor este situat\u0103 \u00eentr-un loc necunoscut, pe planeta noastr\u0103 sau \u00eentr-o realitate paralel\u0103 &#8211; nimeni nu \u0219tie. Acolo soarele str\u0103luce\u0219te \u00eentr-o lumin\u0103 albastr\u0103, domin\u00e2nd \u00eentreaga lume subteran\u0103. Oamenii de acolo sunt mari, mult mai mari dec\u00e2t noi, \u00eembr\u0103ca\u0163i \u00een haine albe. B\u0103rba\u021bii sunt to\u021bi \u00een v\u00e2rst\u0103, cu p\u0103rul gri, iar fetele sunt tinere. Fiecare locuitor are o stea str\u0103lucitoare \u00een mijlocul frun\u021bii, sau o semilun\u0103 sau un simbol mistic.<\/p>\n<p>\u00cen\u021beleptul i-a vorbit c\u0103lug\u0103rului despre lumea lui, iar c\u0103lug\u0103rul, cu gura c\u0103scat\u0103 de surprindere, a ascultat \u0219i nu-i venea s\u0103 cread\u0103: <em>&#8222;Suntem gardienii unei lumi apuse. O perioad\u0103 \u00een care oamenii tr\u0103iau cu zeii. Fiecare dintre noi este un vr\u0103jitor, un \u00een\u021belept, purt\u00e2nd o bucat\u0103 din Dumnezeu pe care decidem s\u0103 o slujim. Suntem nemuritori at\u00e2ta timp c\u00e2t suntem aici \u00een aceast\u0103 lume. Vezi semnul de pe fruntea mea? Prin ea, Dumnezeu \u00ee\u0219i transmite voin\u021ba. Oamenii au pierdut contactul cu zeii originari&#8221;<\/em>.<\/p>\n<p>\u00cen\u0163eleptul a mai spus: <em>&#8222;Suntem cu to\u021bii aici &#8211; parte a unei singure energii. Corpul meu este \u021besut din multe energii \u0219i materiale, la fel ca \u0219i al t\u0103u. Dar nu am nevoie s\u0103 beau, s\u0103 m\u0103n\u00e2nc sau s\u0103 respir &#8211; nemuritorii nu au nevoie de asta. Ei bine, acum \u021bi-a expirat timpul, oamenii nu pot r\u0103m\u00e2ne aici, va trebui s\u0103 pl\u0103te\u0219ti cu via\u021ba ta dac\u0103 r\u0103m\u00e2i. \u0218i misiunea ta nu este \u00eenc\u0103 finalizat\u0103&#8221;. <\/em>Cu aceste ultime cuvinte, \u00een\u021beleptul \u0219i-a fluturat toiagul \u0219i a desenat trei spirale, care au fost transformate \u00een cruci.<\/p>\n<p>Oamenii de \u0219tiin\u021b\u0103 cred c\u0103 aceste pove\u0219ti sunt pur\u0103 fic\u021biune \u0219i basme. Dar, dac\u0103 ar fi adev\u0103rat, atunci e clar c\u0103 &#8222;\u00cen\u021belep\u021bii Albi&#8221; nu permit umanit\u0103\u021bii brutale, \u00eenfundate \u00een p\u0103cat, s\u0103 intre \u00een lumea lor. La urma urmei, oamenii pot reprezenta o amenin\u021bare la adresa purit\u0103\u021bii tale spirituale, similar cu o infec\u021bie mortal\u0103&#8230;<\/p>\n","protected":false},"excerpt":{"rendered":"<p>Noi credem c\u0103 omenirea a studiat \u00een profunzime planeta. Aparent, nu mai exist\u0103 niciun singur col\u021b al P\u0103m\u00e2ntului \u00een care oamenii s\u0103 nu fi p\u0103truns. Dar, asta este o prostie. Omul \u0219i-a studiat at\u00e2t de pu\u021bin planeta \u00eenc\u00e2t nici m\u0103car &#8230; <\/p>\n<p class=\"read-more-container\"><a title=\"\u00cent\u00e2lnirea unui c\u0103lug\u0103r din secolul al XIX-lea cu &#8222;\u00cen\u0163elep\u0163ii Albi&#8221;, \u00eentr-o pe\u015fter\u0103 ascuns\u0103 din Mun\u0163ii Ural: &#8222;Noi suntem nemuritori. Nu avem voie s\u0103 m\u00e2nc\u0103m, s\u0103 bem sau s\u0103 respir\u0103m&#8221;\" class=\"read-more button\" href=\"https:\/\/www.lovendal.ro\/wp52\/intalnirea-unui-calugar-din-secolul-al-xix-lea-cu-inteleptii-albi-intr-o-pestera-ascunsa-din-muntii-ural-noi-suntem-nemuritori-nu-avem-voie-sa-mancam-sa-bem-sau-sa-respiram\/#more-95476\" aria-label=\"Cite\u0219te mai multe despre \u00cent\u00e2lnirea unui c\u0103lug\u0103r din secolul al XIX-lea cu &#8222;\u00cen\u0163elep\u0163ii Albi&#8221;, \u00eentr-o pe\u015fter\u0103 ascuns\u0103 din Mun\u0163ii Ural: &#8222;Noi suntem nemuritori. Nu avem voie s\u0103 m\u00e2nc\u0103m, s\u0103 bem sau s\u0103 respir\u0103m&#8221;\">Cititi mai multe<\/a><\/p>\n","protected":false},"author":1,"featured_media":95477,"comment_status":"closed","ping_status":"open","sticky":false,"template":"","format":"standard","meta":{"footnotes":""},"categories":[475],"tags":[601,3311,916,892,358,323,2276,1784,19528,975,3941,952,3783,5688,17676,57,105,1169,2890,48,3184,495,865,733,4429],"class_list":["post-95476","post","type-post","status-publish","format-standard","has-post-thumbnail","hentry","category-conspiratii-mistere","tag-apa","tag-aura","tag-barba","tag-calugar","tag-conspiratii-si-mistere","tag-dumnezeu","tag-haine","tag-insula","tag-inteleptii-albi","tag-lac","tag-lume-subterana","tag-lumina","tag-munte","tag-muntii-ural","tag-nemuritori","tag-oameni","tag-pamant","tag-par","tag-pestera","tag-rusia","tag-semiluna","tag-simbol","tag-soare","tag-stea","tag-zei","resize-featured-image"],"yoast_head":"<!-- This site is optimized with the Yoast SEO Premium plugin v23.3 (Yoast SEO v27.4) - https:\/\/yoast.com\/product\/yoast-seo-premium-wordpress\/ -->\n<title>\u00cent\u00e2lnirea unui c\u0103lug\u0103r din secolul al XIX-lea cu &quot;\u00cen\u0163elep\u0163ii Albi&quot;, \u00eentr-o pe\u015fter\u0103 ascuns\u0103 din Mun\u0163ii Ural: &quot;Noi suntem nemuritori. Nu avem voie s\u0103 m\u00e2nc\u0103m, s\u0103 bem sau s\u0103 respir\u0103m&quot; - Secretele lui Lovendal<\/title>\n<meta name=\"robots\" content=\"index, follow, max-snippet:-1, max-image-preview:large, max-video-preview:-1\" \/>\n<link rel=\"canonical\" href=\"https:\/\/www.lovendal.ro\/wp52\/intalnirea-unui-calugar-din-secolul-al-xix-lea-cu-inteleptii-albi-intr-o-pestera-ascunsa-din-muntii-ural-noi-suntem-nemuritori-nu-avem-voie-sa-mancam-sa-bem-sau-sa-respiram\/\" \/>\n<meta property=\"og:locale\" content=\"ro_RO\" \/>\n<meta property=\"og:type\" content=\"article\" \/>\n<meta property=\"og:title\" content=\"\u00cent\u00e2lnirea unui c\u0103lug\u0103r din secolul al XIX-lea cu &quot;\u00cen\u0163elep\u0163ii Albi&quot;, \u00eentr-o pe\u015fter\u0103 ascuns\u0103 din Mun\u0163ii Ural: &quot;Noi suntem nemuritori. Nu avem voie s\u0103 m\u00e2nc\u0103m, s\u0103 bem sau s\u0103 respir\u0103m&quot;\" \/>\n<meta property=\"og:description\" content=\"Noi credem c\u0103 omenirea a studiat \u00een profunzime planeta. Aparent, nu mai exist\u0103 niciun singur col\u021b al P\u0103m\u00e2ntului \u00een care oamenii s\u0103 nu fi p\u0103truns. Dar, asta este o prostie. Omul \u0219i-a studiat at\u00e2t de pu\u021bin planeta \u00eenc\u00e2t nici m\u0103car ... Cititi mai multe\" \/>\n<meta property=\"og:url\" content=\"https:\/\/www.lovendal.ro\/wp52\/intalnirea-unui-calugar-din-secolul-al-xix-lea-cu-inteleptii-albi-intr-o-pestera-ascunsa-din-muntii-ural-noi-suntem-nemuritori-nu-avem-voie-sa-mancam-sa-bem-sau-sa-respiram\/\" \/>\n<meta property=\"og:site_name\" content=\"Secretele lui Lovendal\" \/>\n<meta property=\"article:publisher\" content=\"https:\/\/www.facebook.com\/secreteleluilovendal\" \/>\n<meta property=\"article:published_time\" content=\"2024-11-14T07:42:38+00:00\" \/>\n<meta property=\"og:image\" content=\"https:\/\/www.lovendal.ro\/wp52\/wp-content\/uploads\/2024\/11\/Inteleptii-Albi.jpg\" \/>\n\t<meta property=\"og:image:width\" content=\"541\" \/>\n\t<meta property=\"og:image:height\" content=\"356\" \/>\n\t<meta property=\"og:image:type\" content=\"image\/jpeg\" \/>\n<meta name=\"author\" content=\"admin\" \/>\n<meta name=\"twitter:card\" content=\"summary_large_image\" \/>\n<meta name=\"twitter:label1\" content=\"Scris de\" \/>\n\t<meta name=\"twitter:data1\" content=\"admin\" \/>\n\t<meta name=\"twitter:label2\" content=\"Timp estimat pentru citire\" \/>\n\t<meta name=\"twitter:data2\" content=\"5 minute\" \/>\n<script type=\"application\/ld+json\" class=\"yoast-schema-graph\">{\"@context\":\"https:\\\/\\\/schema.org\",\"@graph\":[{\"@type\":\"Article\",\"@id\":\"https:\\\/\\\/www.lovendal.ro\\\/wp52\\\/intalnirea-unui-calugar-din-secolul-al-xix-lea-cu-inteleptii-albi-intr-o-pestera-ascunsa-din-muntii-ural-noi-suntem-nemuritori-nu-avem-voie-sa-mancam-sa-bem-sau-sa-respiram\\\/#article\",\"isPartOf\":{\"@id\":\"https:\\\/\\\/www.lovendal.ro\\\/wp52\\\/intalnirea-unui-calugar-din-secolul-al-xix-lea-cu-inteleptii-albi-intr-o-pestera-ascunsa-din-muntii-ural-noi-suntem-nemuritori-nu-avem-voie-sa-mancam-sa-bem-sau-sa-respiram\\\/\"},\"author\":{\"name\":\"admin\",\"@id\":\"https:\\\/\\\/www.lovendal.ro\\\/wp52\\\/#\\\/schema\\\/person\\\/088691de5dfc346bb0c023e1e52ef5d9\"},\"headline\":\"\u00cent\u00e2lnirea unui c\u0103lug\u0103r din secolul al XIX-lea cu &#8222;\u00cen\u0163elep\u0163ii Albi&#8221;, \u00eentr-o pe\u015fter\u0103 ascuns\u0103 din Mun\u0163ii Ural: &#8222;Noi suntem nemuritori. Nu avem voie s\u0103 m\u00e2nc\u0103m, s\u0103 bem sau s\u0103 respir\u0103m&#8221;\",\"datePublished\":\"2024-11-14T07:42:38+00:00\",\"mainEntityOfPage\":{\"@id\":\"https:\\\/\\\/www.lovendal.ro\\\/wp52\\\/intalnirea-unui-calugar-din-secolul-al-xix-lea-cu-inteleptii-albi-intr-o-pestera-ascunsa-din-muntii-ural-noi-suntem-nemuritori-nu-avem-voie-sa-mancam-sa-bem-sau-sa-respiram\\\/\"},\"wordCount\":872,\"publisher\":{\"@id\":\"https:\\\/\\\/www.lovendal.ro\\\/wp52\\\/#organization\"},\"image\":{\"@id\":\"https:\\\/\\\/www.lovendal.ro\\\/wp52\\\/intalnirea-unui-calugar-din-secolul-al-xix-lea-cu-inteleptii-albi-intr-o-pestera-ascunsa-din-muntii-ural-noi-suntem-nemuritori-nu-avem-voie-sa-mancam-sa-bem-sau-sa-respiram\\\/#primaryimage\"},\"thumbnailUrl\":\"https:\\\/\\\/www.lovendal.ro\\\/wp52\\\/wp-content\\\/uploads\\\/2024\\\/11\\\/Inteleptii-Albi.jpg\",\"keywords\":[\"ap\u0103\",\"Aura\",\"barb\u0103\",\"c\u0103lug\u0103r\",\"Conspiratii si Mistere\",\"Dumnezeu\",\"haine\",\"insul\u0103\",\"\u00cen\u0163elep\u0163ii Albi\",\"lac\",\"lume subteran\u0103\",\"lumin\u0103\",\"munte\",\"Mun\u0163ii Ural\",\"nemuritori\",\"oameni\",\"P\u0103m\u00e2nt\",\"p\u0103r\",\"pe\u015fter\u0103\",\"Rusia\",\"semilun\u0103\",\"simbol\",\"Soare\",\"stea\",\"zei\"],\"articleSection\":[\"Conspiratii si Mistere\"],\"inLanguage\":\"ro-RO\"},{\"@type\":\"WebPage\",\"@id\":\"https:\\\/\\\/www.lovendal.ro\\\/wp52\\\/intalnirea-unui-calugar-din-secolul-al-xix-lea-cu-inteleptii-albi-intr-o-pestera-ascunsa-din-muntii-ural-noi-suntem-nemuritori-nu-avem-voie-sa-mancam-sa-bem-sau-sa-respiram\\\/\",\"url\":\"https:\\\/\\\/www.lovendal.ro\\\/wp52\\\/intalnirea-unui-calugar-din-secolul-al-xix-lea-cu-inteleptii-albi-intr-o-pestera-ascunsa-din-muntii-ural-noi-suntem-nemuritori-nu-avem-voie-sa-mancam-sa-bem-sau-sa-respiram\\\/\",\"name\":\"\u00cent\u00e2lnirea unui c\u0103lug\u0103r din secolul al XIX-lea cu \\\"\u00cen\u0163elep\u0163ii Albi\\\", \u00eentr-o pe\u015fter\u0103 ascuns\u0103 din Mun\u0163ii Ural: \\\"Noi suntem nemuritori. Nu avem voie s\u0103 m\u00e2nc\u0103m, s\u0103 bem sau s\u0103 respir\u0103m\\\" - Secretele lui Lovendal\",\"isPartOf\":{\"@id\":\"https:\\\/\\\/www.lovendal.ro\\\/wp52\\\/#website\"},\"primaryImageOfPage\":{\"@id\":\"https:\\\/\\\/www.lovendal.ro\\\/wp52\\\/intalnirea-unui-calugar-din-secolul-al-xix-lea-cu-inteleptii-albi-intr-o-pestera-ascunsa-din-muntii-ural-noi-suntem-nemuritori-nu-avem-voie-sa-mancam-sa-bem-sau-sa-respiram\\\/#primaryimage\"},\"image\":{\"@id\":\"https:\\\/\\\/www.lovendal.ro\\\/wp52\\\/intalnirea-unui-calugar-din-secolul-al-xix-lea-cu-inteleptii-albi-intr-o-pestera-ascunsa-din-muntii-ural-noi-suntem-nemuritori-nu-avem-voie-sa-mancam-sa-bem-sau-sa-respiram\\\/#primaryimage\"},\"thumbnailUrl\":\"https:\\\/\\\/www.lovendal.ro\\\/wp52\\\/wp-content\\\/uploads\\\/2024\\\/11\\\/Inteleptii-Albi.jpg\",\"datePublished\":\"2024-11-14T07:42:38+00:00\",\"breadcrumb\":{\"@id\":\"https:\\\/\\\/www.lovendal.ro\\\/wp52\\\/intalnirea-unui-calugar-din-secolul-al-xix-lea-cu-inteleptii-albi-intr-o-pestera-ascunsa-din-muntii-ural-noi-suntem-nemuritori-nu-avem-voie-sa-mancam-sa-bem-sau-sa-respiram\\\/#breadcrumb\"},\"inLanguage\":\"ro-RO\",\"potentialAction\":[{\"@type\":\"ReadAction\",\"target\":[\"https:\\\/\\\/www.lovendal.ro\\\/wp52\\\/intalnirea-unui-calugar-din-secolul-al-xix-lea-cu-inteleptii-albi-intr-o-pestera-ascunsa-din-muntii-ural-noi-suntem-nemuritori-nu-avem-voie-sa-mancam-sa-bem-sau-sa-respiram\\\/\"]}]},{\"@type\":\"ImageObject\",\"inLanguage\":\"ro-RO\",\"@id\":\"https:\\\/\\\/www.lovendal.ro\\\/wp52\\\/intalnirea-unui-calugar-din-secolul-al-xix-lea-cu-inteleptii-albi-intr-o-pestera-ascunsa-din-muntii-ural-noi-suntem-nemuritori-nu-avem-voie-sa-mancam-sa-bem-sau-sa-respiram\\\/#primaryimage\",\"url\":\"https:\\\/\\\/www.lovendal.ro\\\/wp52\\\/wp-content\\\/uploads\\\/2024\\\/11\\\/Inteleptii-Albi.jpg\",\"contentUrl\":\"https:\\\/\\\/www.lovendal.ro\\\/wp52\\\/wp-content\\\/uploads\\\/2024\\\/11\\\/Inteleptii-Albi.jpg\",\"width\":541,\"height\":356},{\"@type\":\"BreadcrumbList\",\"@id\":\"https:\\\/\\\/www.lovendal.ro\\\/wp52\\\/intalnirea-unui-calugar-din-secolul-al-xix-lea-cu-inteleptii-albi-intr-o-pestera-ascunsa-din-muntii-ural-noi-suntem-nemuritori-nu-avem-voie-sa-mancam-sa-bem-sau-sa-respiram\\\/#breadcrumb\",\"itemListElement\":[{\"@type\":\"ListItem\",\"position\":1,\"name\":\"Home\",\"item\":\"https:\\\/\\\/www.lovendal.ro\\\/wp52\\\/\"},{\"@type\":\"ListItem\",\"position\":2,\"name\":\"\u00cent\u00e2lnirea unui c\u0103lug\u0103r din secolul al XIX-lea cu &#8222;\u00cen\u0163elep\u0163ii Albi&#8221;, \u00eentr-o pe\u015fter\u0103 ascuns\u0103 din Mun\u0163ii Ural: &#8222;Noi suntem nemuritori. Nu avem voie s\u0103 m\u00e2nc\u0103m, s\u0103 bem sau s\u0103 respir\u0103m&#8221;\"}]},{\"@type\":\"WebSite\",\"@id\":\"https:\\\/\\\/www.lovendal.ro\\\/wp52\\\/#website\",\"url\":\"https:\\\/\\\/www.lovendal.ro\\\/wp52\\\/\",\"name\":\"Secretele lui Lovendal\",\"description\":\"Site de secrete, stiinta si metafizica - din 2008 -\",\"publisher\":{\"@id\":\"https:\\\/\\\/www.lovendal.ro\\\/wp52\\\/#organization\"},\"potentialAction\":[{\"@type\":\"SearchAction\",\"target\":{\"@type\":\"EntryPoint\",\"urlTemplate\":\"https:\\\/\\\/www.lovendal.ro\\\/wp52\\\/?s={search_term_string}\"},\"query-input\":{\"@type\":\"PropertyValueSpecification\",\"valueRequired\":true,\"valueName\":\"search_term_string\"}}],\"inLanguage\":\"ro-RO\"},{\"@type\":\"Organization\",\"@id\":\"https:\\\/\\\/www.lovendal.ro\\\/wp52\\\/#organization\",\"name\":\"Secretele lui Lovendal\",\"url\":\"https:\\\/\\\/www.lovendal.ro\\\/wp52\\\/\",\"logo\":{\"@type\":\"ImageObject\",\"inLanguage\":\"ro-RO\",\"@id\":\"https:\\\/\\\/www.lovendal.ro\\\/wp52\\\/#\\\/schema\\\/logo\\\/image\\\/\",\"url\":\"https:\\\/\\\/www.lovendal.ro\\\/wp52\\\/wp-content\\\/uploads\\\/2024\\\/06\\\/cropped-SLL-iun-2024-1.jpg\",\"contentUrl\":\"https:\\\/\\\/www.lovendal.ro\\\/wp52\\\/wp-content\\\/uploads\\\/2024\\\/06\\\/cropped-SLL-iun-2024-1.jpg\",\"width\":771,\"height\":240,\"caption\":\"Secretele lui Lovendal\"},\"image\":{\"@id\":\"https:\\\/\\\/www.lovendal.ro\\\/wp52\\\/#\\\/schema\\\/logo\\\/image\\\/\"},\"sameAs\":[\"https:\\\/\\\/www.facebook.com\\\/secreteleluilovendal\"]},{\"@type\":\"Person\",\"@id\":\"https:\\\/\\\/www.lovendal.ro\\\/wp52\\\/#\\\/schema\\\/person\\\/088691de5dfc346bb0c023e1e52ef5d9\",\"name\":\"admin\",\"image\":{\"@type\":\"ImageObject\",\"inLanguage\":\"ro-RO\",\"@id\":\"https:\\\/\\\/secure.gravatar.com\\\/avatar\\\/ecb9cd41f5f63c9c9b989999a59f6e2639a865ec361e9db054db0679a8f341c2?s=96&d=mm&r=g\",\"url\":\"https:\\\/\\\/secure.gravatar.com\\\/avatar\\\/ecb9cd41f5f63c9c9b989999a59f6e2639a865ec361e9db054db0679a8f341c2?s=96&d=mm&r=g\",\"contentUrl\":\"https:\\\/\\\/secure.gravatar.com\\\/avatar\\\/ecb9cd41f5f63c9c9b989999a59f6e2639a865ec361e9db054db0679a8f341c2?s=96&d=mm&r=g\",\"caption\":\"admin\"},\"sameAs\":[\"https:\\\/\\\/www.lovendal.ro\\\/wp52\"]}]}<\/script>\n<!-- \/ Yoast SEO Premium plugin. -->","yoast_head_json":{"title":"\u00cent\u00e2lnirea unui c\u0103lug\u0103r din secolul al XIX-lea cu \"\u00cen\u0163elep\u0163ii Albi\", \u00eentr-o pe\u015fter\u0103 ascuns\u0103 din Mun\u0163ii Ural: \"Noi suntem nemuritori. Nu avem voie s\u0103 m\u00e2nc\u0103m, s\u0103 bem sau s\u0103 respir\u0103m\" - Secretele lui Lovendal","robots":{"index":"index","follow":"follow","max-snippet":"max-snippet:-1","max-image-preview":"max-image-preview:large","max-video-preview":"max-video-preview:-1"},"canonical":"https:\/\/www.lovendal.ro\/wp52\/intalnirea-unui-calugar-din-secolul-al-xix-lea-cu-inteleptii-albi-intr-o-pestera-ascunsa-din-muntii-ural-noi-suntem-nemuritori-nu-avem-voie-sa-mancam-sa-bem-sau-sa-respiram\/","og_locale":"ro_RO","og_type":"article","og_title":"\u00cent\u00e2lnirea unui c\u0103lug\u0103r din secolul al XIX-lea cu \"\u00cen\u0163elep\u0163ii Albi\", \u00eentr-o pe\u015fter\u0103 ascuns\u0103 din Mun\u0163ii Ural: \"Noi suntem nemuritori. Nu avem voie s\u0103 m\u00e2nc\u0103m, s\u0103 bem sau s\u0103 respir\u0103m\"","og_description":"Noi credem c\u0103 omenirea a studiat \u00een profunzime planeta. Aparent, nu mai exist\u0103 niciun singur col\u021b al P\u0103m\u00e2ntului \u00een care oamenii s\u0103 nu fi p\u0103truns. Dar, asta este o prostie. Omul \u0219i-a studiat at\u00e2t de pu\u021bin planeta \u00eenc\u00e2t nici m\u0103car ... Cititi mai multe","og_url":"https:\/\/www.lovendal.ro\/wp52\/intalnirea-unui-calugar-din-secolul-al-xix-lea-cu-inteleptii-albi-intr-o-pestera-ascunsa-din-muntii-ural-noi-suntem-nemuritori-nu-avem-voie-sa-mancam-sa-bem-sau-sa-respiram\/","og_site_name":"Secretele lui Lovendal","article_publisher":"https:\/\/www.facebook.com\/secreteleluilovendal","article_published_time":"2024-11-14T07:42:38+00:00","og_image":[{"width":541,"height":356,"url":"https:\/\/www.lovendal.ro\/wp52\/wp-content\/uploads\/2024\/11\/Inteleptii-Albi.jpg","type":"image\/jpeg"}],"author":"admin","twitter_card":"summary_large_image","twitter_misc":{"Scris de":"admin","Timp estimat pentru citire":"5 minute"},"schema":{"@context":"https:\/\/schema.org","@graph":[{"@type":"Article","@id":"https:\/\/www.lovendal.ro\/wp52\/intalnirea-unui-calugar-din-secolul-al-xix-lea-cu-inteleptii-albi-intr-o-pestera-ascunsa-din-muntii-ural-noi-suntem-nemuritori-nu-avem-voie-sa-mancam-sa-bem-sau-sa-respiram\/#article","isPartOf":{"@id":"https:\/\/www.lovendal.ro\/wp52\/intalnirea-unui-calugar-din-secolul-al-xix-lea-cu-inteleptii-albi-intr-o-pestera-ascunsa-din-muntii-ural-noi-suntem-nemuritori-nu-avem-voie-sa-mancam-sa-bem-sau-sa-respiram\/"},"author":{"name":"admin","@id":"https:\/\/www.lovendal.ro\/wp52\/#\/schema\/person\/088691de5dfc346bb0c023e1e52ef5d9"},"headline":"\u00cent\u00e2lnirea unui c\u0103lug\u0103r din secolul al XIX-lea cu &#8222;\u00cen\u0163elep\u0163ii Albi&#8221;, \u00eentr-o pe\u015fter\u0103 ascuns\u0103 din Mun\u0163ii Ural: &#8222;Noi suntem nemuritori. Nu avem voie s\u0103 m\u00e2nc\u0103m, s\u0103 bem sau s\u0103 respir\u0103m&#8221;","datePublished":"2024-11-14T07:42:38+00:00","mainEntityOfPage":{"@id":"https:\/\/www.lovendal.ro\/wp52\/intalnirea-unui-calugar-din-secolul-al-xix-lea-cu-inteleptii-albi-intr-o-pestera-ascunsa-din-muntii-ural-noi-suntem-nemuritori-nu-avem-voie-sa-mancam-sa-bem-sau-sa-respiram\/"},"wordCount":872,"publisher":{"@id":"https:\/\/www.lovendal.ro\/wp52\/#organization"},"image":{"@id":"https:\/\/www.lovendal.ro\/wp52\/intalnirea-unui-calugar-din-secolul-al-xix-lea-cu-inteleptii-albi-intr-o-pestera-ascunsa-din-muntii-ural-noi-suntem-nemuritori-nu-avem-voie-sa-mancam-sa-bem-sau-sa-respiram\/#primaryimage"},"thumbnailUrl":"https:\/\/www.lovendal.ro\/wp52\/wp-content\/uploads\/2024\/11\/Inteleptii-Albi.jpg","keywords":["ap\u0103","Aura","barb\u0103","c\u0103lug\u0103r","Conspiratii si Mistere","Dumnezeu","haine","insul\u0103","\u00cen\u0163elep\u0163ii Albi","lac","lume subteran\u0103","lumin\u0103","munte","Mun\u0163ii Ural","nemuritori","oameni","P\u0103m\u00e2nt","p\u0103r","pe\u015fter\u0103","Rusia","semilun\u0103","simbol","Soare","stea","zei"],"articleSection":["Conspiratii si Mistere"],"inLanguage":"ro-RO"},{"@type":"WebPage","@id":"https:\/\/www.lovendal.ro\/wp52\/intalnirea-unui-calugar-din-secolul-al-xix-lea-cu-inteleptii-albi-intr-o-pestera-ascunsa-din-muntii-ural-noi-suntem-nemuritori-nu-avem-voie-sa-mancam-sa-bem-sau-sa-respiram\/","url":"https:\/\/www.lovendal.ro\/wp52\/intalnirea-unui-calugar-din-secolul-al-xix-lea-cu-inteleptii-albi-intr-o-pestera-ascunsa-din-muntii-ural-noi-suntem-nemuritori-nu-avem-voie-sa-mancam-sa-bem-sau-sa-respiram\/","name":"\u00cent\u00e2lnirea unui c\u0103lug\u0103r din secolul al XIX-lea cu \"\u00cen\u0163elep\u0163ii Albi\", \u00eentr-o pe\u015fter\u0103 ascuns\u0103 din Mun\u0163ii Ural: \"Noi suntem nemuritori. Nu avem voie s\u0103 m\u00e2nc\u0103m, s\u0103 bem sau s\u0103 respir\u0103m\" - Secretele lui Lovendal","isPartOf":{"@id":"https:\/\/www.lovendal.ro\/wp52\/#website"},"primaryImageOfPage":{"@id":"https:\/\/www.lovendal.ro\/wp52\/intalnirea-unui-calugar-din-secolul-al-xix-lea-cu-inteleptii-albi-intr-o-pestera-ascunsa-din-muntii-ural-noi-suntem-nemuritori-nu-avem-voie-sa-mancam-sa-bem-sau-sa-respiram\/#primaryimage"},"image":{"@id":"https:\/\/www.lovendal.ro\/wp52\/intalnirea-unui-calugar-din-secolul-al-xix-lea-cu-inteleptii-albi-intr-o-pestera-ascunsa-din-muntii-ural-noi-suntem-nemuritori-nu-avem-voie-sa-mancam-sa-bem-sau-sa-respiram\/#primaryimage"},"thumbnailUrl":"https:\/\/www.lovendal.ro\/wp52\/wp-content\/uploads\/2024\/11\/Inteleptii-Albi.jpg","datePublished":"2024-11-14T07:42:38+00:00","breadcrumb":{"@id":"https:\/\/www.lovendal.ro\/wp52\/intalnirea-unui-calugar-din-secolul-al-xix-lea-cu-inteleptii-albi-intr-o-pestera-ascunsa-din-muntii-ural-noi-suntem-nemuritori-nu-avem-voie-sa-mancam-sa-bem-sau-sa-respiram\/#breadcrumb"},"inLanguage":"ro-RO","potentialAction":[{"@type":"ReadAction","target":["https:\/\/www.lovendal.ro\/wp52\/intalnirea-unui-calugar-din-secolul-al-xix-lea-cu-inteleptii-albi-intr-o-pestera-ascunsa-din-muntii-ural-noi-suntem-nemuritori-nu-avem-voie-sa-mancam-sa-bem-sau-sa-respiram\/"]}]},{"@type":"ImageObject","inLanguage":"ro-RO","@id":"https:\/\/www.lovendal.ro\/wp52\/intalnirea-unui-calugar-din-secolul-al-xix-lea-cu-inteleptii-albi-intr-o-pestera-ascunsa-din-muntii-ural-noi-suntem-nemuritori-nu-avem-voie-sa-mancam-sa-bem-sau-sa-respiram\/#primaryimage","url":"https:\/\/www.lovendal.ro\/wp52\/wp-content\/uploads\/2024\/11\/Inteleptii-Albi.jpg","contentUrl":"https:\/\/www.lovendal.ro\/wp52\/wp-content\/uploads\/2024\/11\/Inteleptii-Albi.jpg","width":541,"height":356},{"@type":"BreadcrumbList","@id":"https:\/\/www.lovendal.ro\/wp52\/intalnirea-unui-calugar-din-secolul-al-xix-lea-cu-inteleptii-albi-intr-o-pestera-ascunsa-din-muntii-ural-noi-suntem-nemuritori-nu-avem-voie-sa-mancam-sa-bem-sau-sa-respiram\/#breadcrumb","itemListElement":[{"@type":"ListItem","position":1,"name":"Home","item":"https:\/\/www.lovendal.ro\/wp52\/"},{"@type":"ListItem","position":2,"name":"\u00cent\u00e2lnirea unui c\u0103lug\u0103r din secolul al XIX-lea cu &#8222;\u00cen\u0163elep\u0163ii Albi&#8221;, \u00eentr-o pe\u015fter\u0103 ascuns\u0103 din Mun\u0163ii Ural: &#8222;Noi suntem nemuritori. Nu avem voie s\u0103 m\u00e2nc\u0103m, s\u0103 bem sau s\u0103 respir\u0103m&#8221;"}]},{"@type":"WebSite","@id":"https:\/\/www.lovendal.ro\/wp52\/#website","url":"https:\/\/www.lovendal.ro\/wp52\/","name":"Secretele lui Lovendal","description":"Site de secrete, stiinta si metafizica - din 2008 -","publisher":{"@id":"https:\/\/www.lovendal.ro\/wp52\/#organization"},"potentialAction":[{"@type":"SearchAction","target":{"@type":"EntryPoint","urlTemplate":"https:\/\/www.lovendal.ro\/wp52\/?s={search_term_string}"},"query-input":{"@type":"PropertyValueSpecification","valueRequired":true,"valueName":"search_term_string"}}],"inLanguage":"ro-RO"},{"@type":"Organization","@id":"https:\/\/www.lovendal.ro\/wp52\/#organization","name":"Secretele lui Lovendal","url":"https:\/\/www.lovendal.ro\/wp52\/","logo":{"@type":"ImageObject","inLanguage":"ro-RO","@id":"https:\/\/www.lovendal.ro\/wp52\/#\/schema\/logo\/image\/","url":"https:\/\/www.lovendal.ro\/wp52\/wp-content\/uploads\/2024\/06\/cropped-SLL-iun-2024-1.jpg","contentUrl":"https:\/\/www.lovendal.ro\/wp52\/wp-content\/uploads\/2024\/06\/cropped-SLL-iun-2024-1.jpg","width":771,"height":240,"caption":"Secretele lui Lovendal"},"image":{"@id":"https:\/\/www.lovendal.ro\/wp52\/#\/schema\/logo\/image\/"},"sameAs":["https:\/\/www.facebook.com\/secreteleluilovendal"]},{"@type":"Person","@id":"https:\/\/www.lovendal.ro\/wp52\/#\/schema\/person\/088691de5dfc346bb0c023e1e52ef5d9","name":"admin","image":{"@type":"ImageObject","inLanguage":"ro-RO","@id":"https:\/\/secure.gravatar.com\/avatar\/ecb9cd41f5f63c9c9b989999a59f6e2639a865ec361e9db054db0679a8f341c2?s=96&d=mm&r=g","url":"https:\/\/secure.gravatar.com\/avatar\/ecb9cd41f5f63c9c9b989999a59f6e2639a865ec361e9db054db0679a8f341c2?s=96&d=mm&r=g","contentUrl":"https:\/\/secure.gravatar.com\/avatar\/ecb9cd41f5f63c9c9b989999a59f6e2639a865ec361e9db054db0679a8f341c2?s=96&d=mm&r=g","caption":"admin"},"sameAs":["https:\/\/www.lovendal.ro\/wp52"]}]}},"_links":{"self":[{"href":"https:\/\/www.lovendal.ro\/wp52\/wp-json\/wp\/v2\/posts\/95476","targetHints":{"allow":["GET"]}}],"collection":[{"href":"https:\/\/www.lovendal.ro\/wp52\/wp-json\/wp\/v2\/posts"}],"about":[{"href":"https:\/\/www.lovendal.ro\/wp52\/wp-json\/wp\/v2\/types\/post"}],"author":[{"embeddable":true,"href":"https:\/\/www.lovendal.ro\/wp52\/wp-json\/wp\/v2\/users\/1"}],"replies":[{"embeddable":true,"href":"https:\/\/www.lovendal.ro\/wp52\/wp-json\/wp\/v2\/comments?post=95476"}],"version-history":[{"count":1,"href":"https:\/\/www.lovendal.ro\/wp52\/wp-json\/wp\/v2\/posts\/95476\/revisions"}],"predecessor-version":[{"id":95478,"href":"https:\/\/www.lovendal.ro\/wp52\/wp-json\/wp\/v2\/posts\/95476\/revisions\/95478"}],"wp:featuredmedia":[{"embeddable":true,"href":"https:\/\/www.lovendal.ro\/wp52\/wp-json\/wp\/v2\/media\/95477"}],"wp:attachment":[{"href":"https:\/\/www.lovendal.ro\/wp52\/wp-json\/wp\/v2\/media?parent=95476"}],"wp:term":[{"taxonomy":"category","embeddable":true,"href":"https:\/\/www.lovendal.ro\/wp52\/wp-json\/wp\/v2\/categories?post=95476"},{"taxonomy":"post_tag","embeddable":true,"href":"https:\/\/www.lovendal.ro\/wp52\/wp-json\/wp\/v2\/tags?post=95476"}],"curies":[{"name":"wp","href":"https:\/\/api.w.org\/{rel}","templated":true}]}}