{"id":94211,"date":"2024-10-08T07:10:51","date_gmt":"2024-10-08T04:10:51","guid":{"rendered":"https:\/\/www.lovendal.ro\/wp52\/?p=94211"},"modified":"2024-10-07T23:27:21","modified_gmt":"2024-10-07T20:27:21","slug":"cazul-ventura-maceiras-un-paznic-de-noapte-in-varsta-de-73-de-ani-care-a-intalnit-un-ozn-in-argentina-a-constatat-cu-uimire-ca-in-urma-evenimentului-i-a-crescut-un-nou-set-de-dinti","status":"publish","type":"post","link":"https:\/\/www.lovendal.ro\/wp52\/cazul-ventura-maceiras-un-paznic-de-noapte-in-varsta-de-73-de-ani-care-a-intalnit-un-ozn-in-argentina-a-constatat-cu-uimire-ca-in-urma-evenimentului-i-a-crescut-un-nou-set-de-dinti\/","title":{"rendered":"Cazul Ventura Maceiras: un paznic de noapte, \u00een v\u00e2rst\u0103 de 73 de ani, care a \u00eent\u00e2lnit un OZN \u00een Argentina, a constatat cu uimire c\u0103 \u00een urma evenimentului i-a crescut un nou set de din\u0163i"},"content":{"rendered":"<figure id=\"attachment_94212\" aria-describedby=\"caption-attachment-94212\" style=\"width: 346px\" class=\"wp-caption alignleft\"><a href=\"https:\/\/www.lovendal.ro\/wp52\/wp-content\/uploads\/2024\/10\/paznic-OZN-Argentina.jpg\"><img loading=\"lazy\" decoding=\"async\" class=\" wp-image-94212\" src=\"https:\/\/www.lovendal.ro\/wp52\/wp-content\/uploads\/2024\/10\/paznic-OZN-Argentina.jpg\" alt=\"\" width=\"356\" height=\"314\" srcset=\"https:\/\/www.lovendal.ro\/wp52\/wp-content\/uploads\/2024\/10\/paznic-OZN-Argentina.jpg 548w, https:\/\/www.lovendal.ro\/wp52\/wp-content\/uploads\/2024\/10\/paznic-OZN-Argentina-300x264.jpg 300w\" sizes=\"auto, (max-width: 356px) 100vw, 356px\" \/><\/a><figcaption id=\"caption-attachment-94212\" class=\"wp-caption-text\"><strong>Imagine:<\/strong> generata de AI (<strong>Microsoft Designer<\/strong>)<\/figcaption><\/figure>\n<p>Acest caz a fost documentat temeinic de ufologul Marc Davenport. Dar, despre ce e vorba? \u00cen 1972, un paznic de noapte, \u00een v\u00e2rst\u0103 de 73 de ani, care a \u00eent\u00e2lnit un OZN colorat \u00een Argentina, a constatat cu uimire c\u0103 \u00een urma evenimentului i-a crescut un nou set de din\u0163i!<\/p>\n<p><strong>Ventura Maceiras<\/strong> st\u0103tea a\u015fezat \u00een fa\u0163a bar\u0103cii sale din Tres Arroyos, ascult\u00e2nd un radio cu tranzistori, \u00een jurul orelor 22:20, \u00een seara de 30 decembrie 1972. Radioul s-a oprit din func\u0163iune, iar Maceiras a auzit un sunet ca un zumzet sau murmur. Apoi, sus\u0163ine el, c\u0103 a v\u0103zut un OZN viu luminat, av\u00e2nd o cabin\u0103 rotund\u0103 cu ferestre. Culoarea i s-a preschimbat din orange \u00een purpuriu, sub ochii lui. A distins \u00een\u0103untru instrumente, cadrane \u015fi doi umanoizi \u00een costume gri, segmentate. Aparatul a plutit deasupra unui cr\u00e2ng apropiat de eucalip\u0163i, s-a \u00eenclinat, a tras un fulger orbitor de lumin\u0103 spre el, apoi s-a \u00eendep\u0103rtat \u00een zbor, cu zumzetul \u00eente\u0163indu-se.<\/p>\n<p>\u00cen urma evenimentului, Maceiras a sim\u0163it furnic\u0103turi la picioare \u015fi a suferit dureri de cap, gre\u0163uri, diaree, c\u0103derea p\u0103rului, l\u0103crimare, dificult\u0103\u0163i de vorbire &#8211; timp de c\u00e2teva s\u0103pt\u0103m\u00e2ni. La fa\u0163a locului, s-au g\u0103sit v\u00e2rfurile copacilor arse \u015fi pe\u015fti mor\u0163i \u00eentr-un r\u00e2u.<\/p>\n<p>Ventura Maceiras pare s\u0103 fi fost unul dintre numero\u015fii receptori involuntari de radia\u0163ii OZN generate \u00eentr-o cantitate suficient\u0103 pentru a provoca \u00eemboln\u0103virea. \u00cens\u0103, cel mai incitant aspect al cazului Maceiras const\u0103 \u00een noii din\u0163i. \u00cen mod incredibil, \u015fi \u00een alte situa\u0163ii anterioare (&#8222;\u00eent\u00e2lniri de gradul III&#8221;) fuseser\u0103 consemnate \u00eentineriri \u015fi vindec\u0103ri ale r\u0103nilor \u015fi bolilor. \u00centr-un caz, un martor fusese mu\u015fcat de un animal domestic, iar mu\u015fc\u0103tura se infectase, provoc\u00e2ndu-i dureri. C\u00e2nd a fost iradiat\u0103, cu ocazia unei \u00eent\u00e2lniri OZN ulterioare, s-a vindecat ca prin miracol. Persoanele r\u0103pite au fost expuse unei anumite lumini, pe mesele de examinare de la bordul OZN-urilor, \u015fi li s-a spus c\u0103 erau vindecate de boli. Se pare c\u0103, dintre zecile de lungimi de und\u0103 diferite ale radia\u0163iilor emise de OZN-uri, unele sunt nocive, altele nu, \u015fi cel pu\u0163in mai stimuleaz\u0103 dezvoltarea celulelor.<\/p>\n<p>Povestea b\u0103tr\u00e2nului paznic de noapte nu poate fi luat\u0103 \u00een r\u00e2s. Pentru a o face, ar trebui s\u0103 presupunem c\u0103 un b\u0103tr\u00e2n f\u0103r\u0103 \u015ftiin\u0163\u0103 de carte, care tr\u0103ie\u015fte \u00een mahalalele Argentinei, a reu\u015fit cumva s\u0103 se expun\u0103 unor radia\u0163ii periculoase, apoi a scornit o poveste care corespunde perfect obscurelor rapoarte americane nepublicate niciodat\u0103 \u00een limba lui. Mai mult, trebuie s\u0103 presupunem c\u0103 s-a c\u0103\u0163\u0103rat \u00een eucalip\u0163i, \u00eenarmat cu un obiect, pentru a le arde v\u00e2rfurile, a omor\u00e2t un num\u0103r de pe\u015fti \u00een r\u00e2ul de jos \u015fi a min\u0163it cu succes \u00een privin\u0163a noii serii de din\u0163i. Ne confrunt\u0103m cu aceea\u015fi enigm\u0103 care b\u00e2ntuie at\u00e2t de multe alte cazuri. Chiar dac\u0103 b\u0103tr\u00e2nul era suficient de agil, inteligent \u015fi smintit pentru a face o at\u00e2t de splendid\u0103 fars\u0103, ce motiv ar fi putut avea?<\/p>\n","protected":false},"excerpt":{"rendered":"<p>Acest caz a fost documentat temeinic de ufologul Marc Davenport. Dar, despre ce e vorba? \u00cen 1972, un paznic de noapte, \u00een v\u00e2rst\u0103 de 73 de ani, care a \u00eent\u00e2lnit un OZN colorat \u00een Argentina, a constatat cu uimire c\u0103 &#8230; <\/p>\n<p class=\"read-more-container\"><a title=\"Cazul Ventura Maceiras: un paznic de noapte, \u00een v\u00e2rst\u0103 de 73 de ani, care a \u00eent\u00e2lnit un OZN \u00een Argentina, a constatat cu uimire c\u0103 \u00een urma evenimentului i-a crescut un nou set de din\u0163i\" class=\"read-more button\" href=\"https:\/\/www.lovendal.ro\/wp52\/cazul-ventura-maceiras-un-paznic-de-noapte-in-varsta-de-73-de-ani-care-a-intalnit-un-ozn-in-argentina-a-constatat-cu-uimire-ca-in-urma-evenimentului-i-a-crescut-un-nou-set-de-dinti\/#more-94211\" aria-label=\"Cite\u0219te mai multe despre Cazul Ventura Maceiras: un paznic de noapte, \u00een v\u00e2rst\u0103 de 73 de ani, care a \u00eent\u00e2lnit un OZN \u00een Argentina, a constatat cu uimire c\u0103 \u00een urma evenimentului i-a crescut un nou set de din\u0163i\">Cititi mai multe<\/a><\/p>\n","protected":false},"author":1,"featured_media":94212,"comment_status":"closed","ping_status":"open","sticky":false,"template":"","format":"standard","meta":{"footnotes":""},"categories":[14],"tags":[6585,1340,1542,1031,6127,7479,952,50,1169,9796,5529,656,284,232,3974],"class_list":["post-94211","post","type-post","status-publish","format-standard","has-post-thumbnail","hentry","category-paranormal-spiritualitate","tag-animal","tag-argentina","tag-dinti","tag-durere","tag-eucalipt","tag-farsa","tag-lumina","tag-ozn","tag-par","tag-paranormal-spiritualitate","tag-paznic","tag-pesti","tag-picioare","tag-radio","tag-ufolog","resize-featured-image"],"yoast_head":"<!-- This site is optimized with the Yoast SEO Premium plugin v23.3 (Yoast SEO v27.4) - https:\/\/yoast.com\/product\/yoast-seo-premium-wordpress\/ -->\n<title>Cazul Ventura Maceiras: un paznic de noapte, \u00een v\u00e2rst\u0103 de 73 de ani, care a \u00eent\u00e2lnit un OZN \u00een Argentina, a constatat cu uimire c\u0103 \u00een urma evenimentului i-a crescut un nou set de din\u0163i - Secretele lui Lovendal<\/title>\n<meta name=\"robots\" content=\"index, follow, max-snippet:-1, max-image-preview:large, max-video-preview:-1\" \/>\n<link rel=\"canonical\" href=\"https:\/\/www.lovendal.ro\/wp52\/cazul-ventura-maceiras-un-paznic-de-noapte-in-varsta-de-73-de-ani-care-a-intalnit-un-ozn-in-argentina-a-constatat-cu-uimire-ca-in-urma-evenimentului-i-a-crescut-un-nou-set-de-dinti\/\" \/>\n<meta property=\"og:locale\" content=\"ro_RO\" \/>\n<meta property=\"og:type\" content=\"article\" \/>\n<meta property=\"og:title\" content=\"Cazul Ventura Maceiras: un paznic de noapte, \u00een v\u00e2rst\u0103 de 73 de ani, care a \u00eent\u00e2lnit un OZN \u00een Argentina, a constatat cu uimire c\u0103 \u00een urma evenimentului i-a crescut un nou set de din\u0163i\" \/>\n<meta property=\"og:description\" content=\"Acest caz a fost documentat temeinic de ufologul Marc Davenport. Dar, despre ce e vorba? \u00cen 1972, un paznic de noapte, \u00een v\u00e2rst\u0103 de 73 de ani, care a \u00eent\u00e2lnit un OZN colorat \u00een Argentina, a constatat cu uimire c\u0103 ... Cititi mai multe\" \/>\n<meta property=\"og:url\" content=\"https:\/\/www.lovendal.ro\/wp52\/cazul-ventura-maceiras-un-paznic-de-noapte-in-varsta-de-73-de-ani-care-a-intalnit-un-ozn-in-argentina-a-constatat-cu-uimire-ca-in-urma-evenimentului-i-a-crescut-un-nou-set-de-dinti\/\" \/>\n<meta property=\"og:site_name\" content=\"Secretele lui Lovendal\" \/>\n<meta property=\"article:publisher\" content=\"https:\/\/www.facebook.com\/secreteleluilovendal\" \/>\n<meta property=\"article:published_time\" content=\"2024-10-08T04:10:51+00:00\" \/>\n<meta property=\"og:image\" content=\"https:\/\/www.lovendal.ro\/wp52\/wp-content\/uploads\/2024\/10\/paznic-OZN-Argentina.jpg\" \/>\n\t<meta property=\"og:image:width\" content=\"548\" \/>\n\t<meta property=\"og:image:height\" content=\"483\" \/>\n\t<meta property=\"og:image:type\" content=\"image\/jpeg\" \/>\n<meta name=\"author\" content=\"admin\" \/>\n<meta name=\"twitter:card\" content=\"summary_large_image\" \/>\n<meta name=\"twitter:label1\" content=\"Scris de\" \/>\n\t<meta name=\"twitter:data1\" content=\"admin\" \/>\n\t<meta name=\"twitter:label2\" content=\"Timp estimat pentru citire\" \/>\n\t<meta name=\"twitter:data2\" content=\"4 minute\" \/>\n<script type=\"application\/ld+json\" class=\"yoast-schema-graph\">{\"@context\":\"https:\\\/\\\/schema.org\",\"@graph\":[{\"@type\":\"Article\",\"@id\":\"https:\\\/\\\/www.lovendal.ro\\\/wp52\\\/cazul-ventura-maceiras-un-paznic-de-noapte-in-varsta-de-73-de-ani-care-a-intalnit-un-ozn-in-argentina-a-constatat-cu-uimire-ca-in-urma-evenimentului-i-a-crescut-un-nou-set-de-dinti\\\/#article\",\"isPartOf\":{\"@id\":\"https:\\\/\\\/www.lovendal.ro\\\/wp52\\\/cazul-ventura-maceiras-un-paznic-de-noapte-in-varsta-de-73-de-ani-care-a-intalnit-un-ozn-in-argentina-a-constatat-cu-uimire-ca-in-urma-evenimentului-i-a-crescut-un-nou-set-de-dinti\\\/\"},\"author\":{\"name\":\"admin\",\"@id\":\"https:\\\/\\\/www.lovendal.ro\\\/wp52\\\/#\\\/schema\\\/person\\\/088691de5dfc346bb0c023e1e52ef5d9\"},\"headline\":\"Cazul Ventura Maceiras: un paznic de noapte, \u00een v\u00e2rst\u0103 de 73 de ani, care a \u00eent\u00e2lnit un OZN \u00een Argentina, a constatat cu uimire c\u0103 \u00een urma evenimentului i-a crescut un nou set de din\u0163i\",\"datePublished\":\"2024-10-08T04:10:51+00:00\",\"mainEntityOfPage\":{\"@id\":\"https:\\\/\\\/www.lovendal.ro\\\/wp52\\\/cazul-ventura-maceiras-un-paznic-de-noapte-in-varsta-de-73-de-ani-care-a-intalnit-un-ozn-in-argentina-a-constatat-cu-uimire-ca-in-urma-evenimentului-i-a-crescut-un-nou-set-de-dinti\\\/\"},\"wordCount\":593,\"publisher\":{\"@id\":\"https:\\\/\\\/www.lovendal.ro\\\/wp52\\\/#organization\"},\"image\":{\"@id\":\"https:\\\/\\\/www.lovendal.ro\\\/wp52\\\/cazul-ventura-maceiras-un-paznic-de-noapte-in-varsta-de-73-de-ani-care-a-intalnit-un-ozn-in-argentina-a-constatat-cu-uimire-ca-in-urma-evenimentului-i-a-crescut-un-nou-set-de-dinti\\\/#primaryimage\"},\"thumbnailUrl\":\"https:\\\/\\\/www.lovendal.ro\\\/wp52\\\/wp-content\\\/uploads\\\/2024\\\/10\\\/paznic-OZN-Argentina.jpg\",\"keywords\":[\"animal\",\"Argentina\",\"din\u0163i\",\"durere\",\"eucalipt\",\"fars\u0103\",\"lumin\u0103\",\"OZN\",\"p\u0103r\",\"Paranormal-Spiritualitate\",\"paznic\",\"pe\u015fti\",\"picioare\",\"radio\",\"ufolog\"],\"articleSection\":[\"Paranormal-Spiritualitate\"],\"inLanguage\":\"ro-RO\"},{\"@type\":\"WebPage\",\"@id\":\"https:\\\/\\\/www.lovendal.ro\\\/wp52\\\/cazul-ventura-maceiras-un-paznic-de-noapte-in-varsta-de-73-de-ani-care-a-intalnit-un-ozn-in-argentina-a-constatat-cu-uimire-ca-in-urma-evenimentului-i-a-crescut-un-nou-set-de-dinti\\\/\",\"url\":\"https:\\\/\\\/www.lovendal.ro\\\/wp52\\\/cazul-ventura-maceiras-un-paznic-de-noapte-in-varsta-de-73-de-ani-care-a-intalnit-un-ozn-in-argentina-a-constatat-cu-uimire-ca-in-urma-evenimentului-i-a-crescut-un-nou-set-de-dinti\\\/\",\"name\":\"Cazul Ventura Maceiras: un paznic de noapte, \u00een v\u00e2rst\u0103 de 73 de ani, care a \u00eent\u00e2lnit un OZN \u00een Argentina, a constatat cu uimire c\u0103 \u00een urma evenimentului i-a crescut un nou set de din\u0163i - Secretele lui Lovendal\",\"isPartOf\":{\"@id\":\"https:\\\/\\\/www.lovendal.ro\\\/wp52\\\/#website\"},\"primaryImageOfPage\":{\"@id\":\"https:\\\/\\\/www.lovendal.ro\\\/wp52\\\/cazul-ventura-maceiras-un-paznic-de-noapte-in-varsta-de-73-de-ani-care-a-intalnit-un-ozn-in-argentina-a-constatat-cu-uimire-ca-in-urma-evenimentului-i-a-crescut-un-nou-set-de-dinti\\\/#primaryimage\"},\"image\":{\"@id\":\"https:\\\/\\\/www.lovendal.ro\\\/wp52\\\/cazul-ventura-maceiras-un-paznic-de-noapte-in-varsta-de-73-de-ani-care-a-intalnit-un-ozn-in-argentina-a-constatat-cu-uimire-ca-in-urma-evenimentului-i-a-crescut-un-nou-set-de-dinti\\\/#primaryimage\"},\"thumbnailUrl\":\"https:\\\/\\\/www.lovendal.ro\\\/wp52\\\/wp-content\\\/uploads\\\/2024\\\/10\\\/paznic-OZN-Argentina.jpg\",\"datePublished\":\"2024-10-08T04:10:51+00:00\",\"breadcrumb\":{\"@id\":\"https:\\\/\\\/www.lovendal.ro\\\/wp52\\\/cazul-ventura-maceiras-un-paznic-de-noapte-in-varsta-de-73-de-ani-care-a-intalnit-un-ozn-in-argentina-a-constatat-cu-uimire-ca-in-urma-evenimentului-i-a-crescut-un-nou-set-de-dinti\\\/#breadcrumb\"},\"inLanguage\":\"ro-RO\",\"potentialAction\":[{\"@type\":\"ReadAction\",\"target\":[\"https:\\\/\\\/www.lovendal.ro\\\/wp52\\\/cazul-ventura-maceiras-un-paznic-de-noapte-in-varsta-de-73-de-ani-care-a-intalnit-un-ozn-in-argentina-a-constatat-cu-uimire-ca-in-urma-evenimentului-i-a-crescut-un-nou-set-de-dinti\\\/\"]}]},{\"@type\":\"ImageObject\",\"inLanguage\":\"ro-RO\",\"@id\":\"https:\\\/\\\/www.lovendal.ro\\\/wp52\\\/cazul-ventura-maceiras-un-paznic-de-noapte-in-varsta-de-73-de-ani-care-a-intalnit-un-ozn-in-argentina-a-constatat-cu-uimire-ca-in-urma-evenimentului-i-a-crescut-un-nou-set-de-dinti\\\/#primaryimage\",\"url\":\"https:\\\/\\\/www.lovendal.ro\\\/wp52\\\/wp-content\\\/uploads\\\/2024\\\/10\\\/paznic-OZN-Argentina.jpg\",\"contentUrl\":\"https:\\\/\\\/www.lovendal.ro\\\/wp52\\\/wp-content\\\/uploads\\\/2024\\\/10\\\/paznic-OZN-Argentina.jpg\",\"width\":548,\"height\":483,\"caption\":\"Imagine: generata de AI (Microsoft Designer)\"},{\"@type\":\"BreadcrumbList\",\"@id\":\"https:\\\/\\\/www.lovendal.ro\\\/wp52\\\/cazul-ventura-maceiras-un-paznic-de-noapte-in-varsta-de-73-de-ani-care-a-intalnit-un-ozn-in-argentina-a-constatat-cu-uimire-ca-in-urma-evenimentului-i-a-crescut-un-nou-set-de-dinti\\\/#breadcrumb\",\"itemListElement\":[{\"@type\":\"ListItem\",\"position\":1,\"name\":\"Home\",\"item\":\"https:\\\/\\\/www.lovendal.ro\\\/wp52\\\/\"},{\"@type\":\"ListItem\",\"position\":2,\"name\":\"Cazul Ventura Maceiras: un paznic de noapte, \u00een v\u00e2rst\u0103 de 73 de ani, care a \u00eent\u00e2lnit un OZN \u00een Argentina, a constatat cu uimire c\u0103 \u00een urma evenimentului i-a crescut un nou set de din\u0163i\"}]},{\"@type\":\"WebSite\",\"@id\":\"https:\\\/\\\/www.lovendal.ro\\\/wp52\\\/#website\",\"url\":\"https:\\\/\\\/www.lovendal.ro\\\/wp52\\\/\",\"name\":\"Secretele lui Lovendal\",\"description\":\"Site de secrete, stiinta si metafizica - din 2008 -\",\"publisher\":{\"@id\":\"https:\\\/\\\/www.lovendal.ro\\\/wp52\\\/#organization\"},\"potentialAction\":[{\"@type\":\"SearchAction\",\"target\":{\"@type\":\"EntryPoint\",\"urlTemplate\":\"https:\\\/\\\/www.lovendal.ro\\\/wp52\\\/?s={search_term_string}\"},\"query-input\":{\"@type\":\"PropertyValueSpecification\",\"valueRequired\":true,\"valueName\":\"search_term_string\"}}],\"inLanguage\":\"ro-RO\"},{\"@type\":\"Organization\",\"@id\":\"https:\\\/\\\/www.lovendal.ro\\\/wp52\\\/#organization\",\"name\":\"Secretele lui Lovendal\",\"url\":\"https:\\\/\\\/www.lovendal.ro\\\/wp52\\\/\",\"logo\":{\"@type\":\"ImageObject\",\"inLanguage\":\"ro-RO\",\"@id\":\"https:\\\/\\\/www.lovendal.ro\\\/wp52\\\/#\\\/schema\\\/logo\\\/image\\\/\",\"url\":\"https:\\\/\\\/www.lovendal.ro\\\/wp52\\\/wp-content\\\/uploads\\\/2024\\\/06\\\/cropped-SLL-iun-2024-1.jpg\",\"contentUrl\":\"https:\\\/\\\/www.lovendal.ro\\\/wp52\\\/wp-content\\\/uploads\\\/2024\\\/06\\\/cropped-SLL-iun-2024-1.jpg\",\"width\":771,\"height\":240,\"caption\":\"Secretele lui Lovendal\"},\"image\":{\"@id\":\"https:\\\/\\\/www.lovendal.ro\\\/wp52\\\/#\\\/schema\\\/logo\\\/image\\\/\"},\"sameAs\":[\"https:\\\/\\\/www.facebook.com\\\/secreteleluilovendal\"]},{\"@type\":\"Person\",\"@id\":\"https:\\\/\\\/www.lovendal.ro\\\/wp52\\\/#\\\/schema\\\/person\\\/088691de5dfc346bb0c023e1e52ef5d9\",\"name\":\"admin\",\"image\":{\"@type\":\"ImageObject\",\"inLanguage\":\"ro-RO\",\"@id\":\"https:\\\/\\\/secure.gravatar.com\\\/avatar\\\/ecb9cd41f5f63c9c9b989999a59f6e2639a865ec361e9db054db0679a8f341c2?s=96&d=mm&r=g\",\"url\":\"https:\\\/\\\/secure.gravatar.com\\\/avatar\\\/ecb9cd41f5f63c9c9b989999a59f6e2639a865ec361e9db054db0679a8f341c2?s=96&d=mm&r=g\",\"contentUrl\":\"https:\\\/\\\/secure.gravatar.com\\\/avatar\\\/ecb9cd41f5f63c9c9b989999a59f6e2639a865ec361e9db054db0679a8f341c2?s=96&d=mm&r=g\",\"caption\":\"admin\"},\"sameAs\":[\"https:\\\/\\\/www.lovendal.ro\\\/wp52\"]}]}<\/script>\n<!-- \/ Yoast SEO Premium plugin. -->","yoast_head_json":{"title":"Cazul Ventura Maceiras: un paznic de noapte, \u00een v\u00e2rst\u0103 de 73 de ani, care a \u00eent\u00e2lnit un OZN \u00een Argentina, a constatat cu uimire c\u0103 \u00een urma evenimentului i-a crescut un nou set de din\u0163i - Secretele lui Lovendal","robots":{"index":"index","follow":"follow","max-snippet":"max-snippet:-1","max-image-preview":"max-image-preview:large","max-video-preview":"max-video-preview:-1"},"canonical":"https:\/\/www.lovendal.ro\/wp52\/cazul-ventura-maceiras-un-paznic-de-noapte-in-varsta-de-73-de-ani-care-a-intalnit-un-ozn-in-argentina-a-constatat-cu-uimire-ca-in-urma-evenimentului-i-a-crescut-un-nou-set-de-dinti\/","og_locale":"ro_RO","og_type":"article","og_title":"Cazul Ventura Maceiras: un paznic de noapte, \u00een v\u00e2rst\u0103 de 73 de ani, care a \u00eent\u00e2lnit un OZN \u00een Argentina, a constatat cu uimire c\u0103 \u00een urma evenimentului i-a crescut un nou set de din\u0163i","og_description":"Acest caz a fost documentat temeinic de ufologul Marc Davenport. Dar, despre ce e vorba? \u00cen 1972, un paznic de noapte, \u00een v\u00e2rst\u0103 de 73 de ani, care a \u00eent\u00e2lnit un OZN colorat \u00een Argentina, a constatat cu uimire c\u0103 ... Cititi mai multe","og_url":"https:\/\/www.lovendal.ro\/wp52\/cazul-ventura-maceiras-un-paznic-de-noapte-in-varsta-de-73-de-ani-care-a-intalnit-un-ozn-in-argentina-a-constatat-cu-uimire-ca-in-urma-evenimentului-i-a-crescut-un-nou-set-de-dinti\/","og_site_name":"Secretele lui Lovendal","article_publisher":"https:\/\/www.facebook.com\/secreteleluilovendal","article_published_time":"2024-10-08T04:10:51+00:00","og_image":[{"width":548,"height":483,"url":"https:\/\/www.lovendal.ro\/wp52\/wp-content\/uploads\/2024\/10\/paznic-OZN-Argentina.jpg","type":"image\/jpeg"}],"author":"admin","twitter_card":"summary_large_image","twitter_misc":{"Scris de":"admin","Timp estimat pentru citire":"4 minute"},"schema":{"@context":"https:\/\/schema.org","@graph":[{"@type":"Article","@id":"https:\/\/www.lovendal.ro\/wp52\/cazul-ventura-maceiras-un-paznic-de-noapte-in-varsta-de-73-de-ani-care-a-intalnit-un-ozn-in-argentina-a-constatat-cu-uimire-ca-in-urma-evenimentului-i-a-crescut-un-nou-set-de-dinti\/#article","isPartOf":{"@id":"https:\/\/www.lovendal.ro\/wp52\/cazul-ventura-maceiras-un-paznic-de-noapte-in-varsta-de-73-de-ani-care-a-intalnit-un-ozn-in-argentina-a-constatat-cu-uimire-ca-in-urma-evenimentului-i-a-crescut-un-nou-set-de-dinti\/"},"author":{"name":"admin","@id":"https:\/\/www.lovendal.ro\/wp52\/#\/schema\/person\/088691de5dfc346bb0c023e1e52ef5d9"},"headline":"Cazul Ventura Maceiras: un paznic de noapte, \u00een v\u00e2rst\u0103 de 73 de ani, care a \u00eent\u00e2lnit un OZN \u00een Argentina, a constatat cu uimire c\u0103 \u00een urma evenimentului i-a crescut un nou set de din\u0163i","datePublished":"2024-10-08T04:10:51+00:00","mainEntityOfPage":{"@id":"https:\/\/www.lovendal.ro\/wp52\/cazul-ventura-maceiras-un-paznic-de-noapte-in-varsta-de-73-de-ani-care-a-intalnit-un-ozn-in-argentina-a-constatat-cu-uimire-ca-in-urma-evenimentului-i-a-crescut-un-nou-set-de-dinti\/"},"wordCount":593,"publisher":{"@id":"https:\/\/www.lovendal.ro\/wp52\/#organization"},"image":{"@id":"https:\/\/www.lovendal.ro\/wp52\/cazul-ventura-maceiras-un-paznic-de-noapte-in-varsta-de-73-de-ani-care-a-intalnit-un-ozn-in-argentina-a-constatat-cu-uimire-ca-in-urma-evenimentului-i-a-crescut-un-nou-set-de-dinti\/#primaryimage"},"thumbnailUrl":"https:\/\/www.lovendal.ro\/wp52\/wp-content\/uploads\/2024\/10\/paznic-OZN-Argentina.jpg","keywords":["animal","Argentina","din\u0163i","durere","eucalipt","fars\u0103","lumin\u0103","OZN","p\u0103r","Paranormal-Spiritualitate","paznic","pe\u015fti","picioare","radio","ufolog"],"articleSection":["Paranormal-Spiritualitate"],"inLanguage":"ro-RO"},{"@type":"WebPage","@id":"https:\/\/www.lovendal.ro\/wp52\/cazul-ventura-maceiras-un-paznic-de-noapte-in-varsta-de-73-de-ani-care-a-intalnit-un-ozn-in-argentina-a-constatat-cu-uimire-ca-in-urma-evenimentului-i-a-crescut-un-nou-set-de-dinti\/","url":"https:\/\/www.lovendal.ro\/wp52\/cazul-ventura-maceiras-un-paznic-de-noapte-in-varsta-de-73-de-ani-care-a-intalnit-un-ozn-in-argentina-a-constatat-cu-uimire-ca-in-urma-evenimentului-i-a-crescut-un-nou-set-de-dinti\/","name":"Cazul Ventura Maceiras: un paznic de noapte, \u00een v\u00e2rst\u0103 de 73 de ani, care a \u00eent\u00e2lnit un OZN \u00een Argentina, a constatat cu uimire c\u0103 \u00een urma evenimentului i-a crescut un nou set de din\u0163i - Secretele lui Lovendal","isPartOf":{"@id":"https:\/\/www.lovendal.ro\/wp52\/#website"},"primaryImageOfPage":{"@id":"https:\/\/www.lovendal.ro\/wp52\/cazul-ventura-maceiras-un-paznic-de-noapte-in-varsta-de-73-de-ani-care-a-intalnit-un-ozn-in-argentina-a-constatat-cu-uimire-ca-in-urma-evenimentului-i-a-crescut-un-nou-set-de-dinti\/#primaryimage"},"image":{"@id":"https:\/\/www.lovendal.ro\/wp52\/cazul-ventura-maceiras-un-paznic-de-noapte-in-varsta-de-73-de-ani-care-a-intalnit-un-ozn-in-argentina-a-constatat-cu-uimire-ca-in-urma-evenimentului-i-a-crescut-un-nou-set-de-dinti\/#primaryimage"},"thumbnailUrl":"https:\/\/www.lovendal.ro\/wp52\/wp-content\/uploads\/2024\/10\/paznic-OZN-Argentina.jpg","datePublished":"2024-10-08T04:10:51+00:00","breadcrumb":{"@id":"https:\/\/www.lovendal.ro\/wp52\/cazul-ventura-maceiras-un-paznic-de-noapte-in-varsta-de-73-de-ani-care-a-intalnit-un-ozn-in-argentina-a-constatat-cu-uimire-ca-in-urma-evenimentului-i-a-crescut-un-nou-set-de-dinti\/#breadcrumb"},"inLanguage":"ro-RO","potentialAction":[{"@type":"ReadAction","target":["https:\/\/www.lovendal.ro\/wp52\/cazul-ventura-maceiras-un-paznic-de-noapte-in-varsta-de-73-de-ani-care-a-intalnit-un-ozn-in-argentina-a-constatat-cu-uimire-ca-in-urma-evenimentului-i-a-crescut-un-nou-set-de-dinti\/"]}]},{"@type":"ImageObject","inLanguage":"ro-RO","@id":"https:\/\/www.lovendal.ro\/wp52\/cazul-ventura-maceiras-un-paznic-de-noapte-in-varsta-de-73-de-ani-care-a-intalnit-un-ozn-in-argentina-a-constatat-cu-uimire-ca-in-urma-evenimentului-i-a-crescut-un-nou-set-de-dinti\/#primaryimage","url":"https:\/\/www.lovendal.ro\/wp52\/wp-content\/uploads\/2024\/10\/paznic-OZN-Argentina.jpg","contentUrl":"https:\/\/www.lovendal.ro\/wp52\/wp-content\/uploads\/2024\/10\/paznic-OZN-Argentina.jpg","width":548,"height":483,"caption":"Imagine: generata de AI (Microsoft Designer)"},{"@type":"BreadcrumbList","@id":"https:\/\/www.lovendal.ro\/wp52\/cazul-ventura-maceiras-un-paznic-de-noapte-in-varsta-de-73-de-ani-care-a-intalnit-un-ozn-in-argentina-a-constatat-cu-uimire-ca-in-urma-evenimentului-i-a-crescut-un-nou-set-de-dinti\/#breadcrumb","itemListElement":[{"@type":"ListItem","position":1,"name":"Home","item":"https:\/\/www.lovendal.ro\/wp52\/"},{"@type":"ListItem","position":2,"name":"Cazul Ventura Maceiras: un paznic de noapte, \u00een v\u00e2rst\u0103 de 73 de ani, care a \u00eent\u00e2lnit un OZN \u00een Argentina, a constatat cu uimire c\u0103 \u00een urma evenimentului i-a crescut un nou set de din\u0163i"}]},{"@type":"WebSite","@id":"https:\/\/www.lovendal.ro\/wp52\/#website","url":"https:\/\/www.lovendal.ro\/wp52\/","name":"Secretele lui Lovendal","description":"Site de secrete, stiinta si metafizica - din 2008 -","publisher":{"@id":"https:\/\/www.lovendal.ro\/wp52\/#organization"},"potentialAction":[{"@type":"SearchAction","target":{"@type":"EntryPoint","urlTemplate":"https:\/\/www.lovendal.ro\/wp52\/?s={search_term_string}"},"query-input":{"@type":"PropertyValueSpecification","valueRequired":true,"valueName":"search_term_string"}}],"inLanguage":"ro-RO"},{"@type":"Organization","@id":"https:\/\/www.lovendal.ro\/wp52\/#organization","name":"Secretele lui Lovendal","url":"https:\/\/www.lovendal.ro\/wp52\/","logo":{"@type":"ImageObject","inLanguage":"ro-RO","@id":"https:\/\/www.lovendal.ro\/wp52\/#\/schema\/logo\/image\/","url":"https:\/\/www.lovendal.ro\/wp52\/wp-content\/uploads\/2024\/06\/cropped-SLL-iun-2024-1.jpg","contentUrl":"https:\/\/www.lovendal.ro\/wp52\/wp-content\/uploads\/2024\/06\/cropped-SLL-iun-2024-1.jpg","width":771,"height":240,"caption":"Secretele lui Lovendal"},"image":{"@id":"https:\/\/www.lovendal.ro\/wp52\/#\/schema\/logo\/image\/"},"sameAs":["https:\/\/www.facebook.com\/secreteleluilovendal"]},{"@type":"Person","@id":"https:\/\/www.lovendal.ro\/wp52\/#\/schema\/person\/088691de5dfc346bb0c023e1e52ef5d9","name":"admin","image":{"@type":"ImageObject","inLanguage":"ro-RO","@id":"https:\/\/secure.gravatar.com\/avatar\/ecb9cd41f5f63c9c9b989999a59f6e2639a865ec361e9db054db0679a8f341c2?s=96&d=mm&r=g","url":"https:\/\/secure.gravatar.com\/avatar\/ecb9cd41f5f63c9c9b989999a59f6e2639a865ec361e9db054db0679a8f341c2?s=96&d=mm&r=g","contentUrl":"https:\/\/secure.gravatar.com\/avatar\/ecb9cd41f5f63c9c9b989999a59f6e2639a865ec361e9db054db0679a8f341c2?s=96&d=mm&r=g","caption":"admin"},"sameAs":["https:\/\/www.lovendal.ro\/wp52"]}]}},"_links":{"self":[{"href":"https:\/\/www.lovendal.ro\/wp52\/wp-json\/wp\/v2\/posts\/94211","targetHints":{"allow":["GET"]}}],"collection":[{"href":"https:\/\/www.lovendal.ro\/wp52\/wp-json\/wp\/v2\/posts"}],"about":[{"href":"https:\/\/www.lovendal.ro\/wp52\/wp-json\/wp\/v2\/types\/post"}],"author":[{"embeddable":true,"href":"https:\/\/www.lovendal.ro\/wp52\/wp-json\/wp\/v2\/users\/1"}],"replies":[{"embeddable":true,"href":"https:\/\/www.lovendal.ro\/wp52\/wp-json\/wp\/v2\/comments?post=94211"}],"version-history":[{"count":1,"href":"https:\/\/www.lovendal.ro\/wp52\/wp-json\/wp\/v2\/posts\/94211\/revisions"}],"predecessor-version":[{"id":94213,"href":"https:\/\/www.lovendal.ro\/wp52\/wp-json\/wp\/v2\/posts\/94211\/revisions\/94213"}],"wp:featuredmedia":[{"embeddable":true,"href":"https:\/\/www.lovendal.ro\/wp52\/wp-json\/wp\/v2\/media\/94212"}],"wp:attachment":[{"href":"https:\/\/www.lovendal.ro\/wp52\/wp-json\/wp\/v2\/media?parent=94211"}],"wp:term":[{"taxonomy":"category","embeddable":true,"href":"https:\/\/www.lovendal.ro\/wp52\/wp-json\/wp\/v2\/categories?post=94211"},{"taxonomy":"post_tag","embeddable":true,"href":"https:\/\/www.lovendal.ro\/wp52\/wp-json\/wp\/v2\/tags?post=94211"}],"curies":[{"name":"wp","href":"https:\/\/api.w.org\/{rel}","templated":true}]}}