{"id":94082,"date":"2024-10-02T09:52:55","date_gmt":"2024-10-02T06:52:55","guid":{"rendered":"https:\/\/www.lovendal.ro\/wp52\/?p=94082"},"modified":"2024-10-02T09:52:55","modified_gmt":"2024-10-02T06:52:55","slug":"doar-o-intamplare-de-ce-o-cladire-reprezentativa-din-vatican-are-forma-unui-cap-de-sarpe","status":"publish","type":"post","link":"https:\/\/www.lovendal.ro\/wp52\/doar-o-intamplare-de-ce-o-cladire-reprezentativa-din-vatican-are-forma-unui-cap-de-sarpe\/","title":{"rendered":"Doar o \u00eent\u00e2mplare? De ce o cl\u0103dire reprezentativ\u0103 din Vatican are forma unui cap de \u015farpe?"},"content":{"rendered":"<p><a href=\"https:\/\/www.lovendal.ro\/wp52\/wp-content\/uploads\/2024\/10\/sala-forma-sarpe.jpg\"><img loading=\"lazy\" decoding=\"async\" class=\"alignleft  wp-image-94083\" src=\"https:\/\/www.lovendal.ro\/wp52\/wp-content\/uploads\/2024\/10\/sala-forma-sarpe.jpg\" alt=\"\" width=\"362\" height=\"270\" srcset=\"https:\/\/www.lovendal.ro\/wp52\/wp-content\/uploads\/2024\/10\/sala-forma-sarpe.jpg 537w, https:\/\/www.lovendal.ro\/wp52\/wp-content\/uploads\/2024\/10\/sala-forma-sarpe-300x224.jpg 300w, https:\/\/www.lovendal.ro\/wp52\/wp-content\/uploads\/2024\/10\/sala-forma-sarpe-200x150.jpg 200w\" sizes=\"auto, (max-width: 362px) 100vw, 362px\" \/><\/a>\u00cen inima Vaticanului se afl\u0103 <strong><em>&#8222;Sala de audien\u021be Paul al VI-lea&#8221;<\/em><\/strong>, cunoscut\u0103 \u0219i sub numele de <strong><em>&#8222;Sala Audien\u021belor Pontificale&#8221;<\/em><\/strong> &#8211; o cl\u0103dire din Roma numit\u0103 dup\u0103 Papa Paul al VI-lea, av\u00e2nd o capacitate de 6.300 de locuri, \u015fi fiind proiectat\u0103 din beton armat de arhitectul Pier Luigi Nervi. Construc\u0163ia a fost finalizat\u0103 \u00een 1971, fiind ridicat\u0103 pe un teren donat de Cavalerii lui Columb. Sala este folosit\u0103 de pap\u0103 ca alternativ\u0103 la Pia\u021ba Sf. Petru, atunci c\u00e2nd \u00ee\u0219i desf\u0103\u0219oar\u0103 audien\u021ba general\u0103 de miercuri diminea\u021b\u0103.<\/p>\n<p>Exist\u0103 \u00eens\u0103 unii care mai numesc sala drept <em>&#8222;Sala \u015farpelui&#8221;<\/em>. De ce? Pentru c\u0103 din exterior, dar mai ales, din interior, are forma unui <strong>\u015farpe.<\/strong> C\u00e2nd prive\u015fti sala din interior, mul\u0163i observ\u0103 capul unui \u015farpe, cu ochii s\u0103i laterali \u015fi oblici, a\u015fa cum se poate observa \u015fi \u00een imaginea din acest articol.<\/p>\n<p>\u00centrebat de ce sala are forma unui cap de \u015farpe, Luigi, arhitectul, o explic\u0103 astfel: sala a fost conceput\u0103 pentru o acustic\u0103 mai bun\u0103, este practic\u0103 \u0219i, la vremea aceea, era o tendin\u021b\u0103 s\u0103 construie\u0219ti \u00een stilul respectiv. Aceast\u0103 form\u0103 n-ar fi legat\u0103 de \u015farpe, ci de natur\u0103 ca surs\u0103 de inspira\u021bie. De asemenea, aceast\u0103 form\u0103 organic\u0103 s-ar potrivi mai bine pentru acea loca\u021bie, conect\u00e2nd p\u0103r\u021bi eclectice antice ale ora\u0219ului.<\/p>\n<p>Totu\u015fi, a nu se uita c\u0103 tradi\u021bia cre\u0219tin\u0103 \u00eel identific\u0103 pe <strong>Satana<\/strong> din Vechiul Testament ca \u0219arpele vorbitor din gr\u0103dina Edenului, cel care a ispitit-o pe Eva cu un fruct din &#8222;Pomul cunoa\u0219terii binelui \u0219i r\u0103ului&#8221;. Eva, precum \u0219i so\u021bul ei, Adam, au fost apoi pedepsi\u021bi de Dumnezeu pentru neascultarea lor fa\u021b\u0103 de poruncile divine: li s-au redus durata vie\u0163ii, femeile vor suferi la na\u0219tere, precum \u0219i alte chinuri.<\/p>\n<p>\u0162in\u00e2nd cont de cele de mai sus, unii zic c\u0103 forma acestei cl\u0103diri (capul unui \u015farpe) nu este una \u00eent\u00e2mpl\u0103toare, Vaticanul fiind infiltrat de entit\u0103\u021bi interdimensionale demonice cu mult timp \u00een urm\u0103. \u00cenv\u0103\u021b\u0103turile lor ar reprezenta astfel o versiune modificat\u0103 a adev\u0103ratului mesaj al lui Iisus.<\/p>\n","protected":false},"excerpt":{"rendered":"<p>\u00cen inima Vaticanului se afl\u0103 &#8222;Sala de audien\u021be Paul al VI-lea&#8221;, cunoscut\u0103 \u0219i sub numele de &#8222;Sala Audien\u021belor Pontificale&#8221; &#8211; o cl\u0103dire din Roma numit\u0103 dup\u0103 Papa Paul al VI-lea, av\u00e2nd o capacitate de 6.300 de locuri, \u015fi fiind proiectat\u0103 &#8230; <\/p>\n<p class=\"read-more-container\"><a title=\"Doar o \u00eent\u00e2mplare? De ce o cl\u0103dire reprezentativ\u0103 din Vatican are forma unui cap de \u015farpe?\" class=\"read-more button\" href=\"https:\/\/www.lovendal.ro\/wp52\/doar-o-intamplare-de-ce-o-cladire-reprezentativa-din-vatican-are-forma-unui-cap-de-sarpe\/#more-94082\" aria-label=\"Cite\u0219te mai multe despre Doar o \u00eent\u00e2mplare? De ce o cl\u0103dire reprezentativ\u0103 din Vatican are forma unui cap de \u015farpe?\">Cititi mai multe<\/a><\/p>\n","protected":false},"author":1,"featured_media":94083,"comment_status":"closed","ping_status":"open","sticky":false,"template":"","format":"standard","meta":{"footnotes":""},"categories":[475],"tags":[1699,6821,1398,2153,358,211,323,6803,1700,274,210,166,151,97,6432,9210,553,16170,1252,750,19339,2628],"class_list":["post-94082","post","type-post","status-publish","format-standard","has-post-thumbnail","hentry","category-conspiratii-mistere","tag-adam","tag-arhitect","tag-cap","tag-cladire","tag-conspiratii-si-mistere","tag-crestinism","tag-dumnezeu","tag-eden","tag-eva","tag-femei","tag-iisus-hristos","tag-ochi","tag-oras","tag-papa","tag-paul-al-vi-lea","tag-piata","tag-roma","tag-sala","tag-sarpe","tag-satana","tag-vatica","tag-vechiul-testament","resize-featured-image"],"yoast_head":"<!-- This site is optimized with the Yoast SEO Premium plugin v23.3 (Yoast SEO v27.4) - https:\/\/yoast.com\/product\/yoast-seo-premium-wordpress\/ -->\n<title>Doar o \u00eent\u00e2mplare? De ce o cl\u0103dire reprezentativ\u0103 din Vatican are forma unui cap de \u015farpe? - Secretele lui Lovendal<\/title>\n<meta name=\"robots\" content=\"index, follow, max-snippet:-1, max-image-preview:large, max-video-preview:-1\" \/>\n<link rel=\"canonical\" href=\"https:\/\/www.lovendal.ro\/wp52\/doar-o-intamplare-de-ce-o-cladire-reprezentativa-din-vatican-are-forma-unui-cap-de-sarpe\/\" \/>\n<meta property=\"og:locale\" content=\"ro_RO\" \/>\n<meta property=\"og:type\" content=\"article\" \/>\n<meta property=\"og:title\" content=\"Doar o \u00eent\u00e2mplare? De ce o cl\u0103dire reprezentativ\u0103 din Vatican are forma unui cap de \u015farpe?\" \/>\n<meta property=\"og:description\" content=\"\u00cen inima Vaticanului se afl\u0103 &#8222;Sala de audien\u021be Paul al VI-lea&#8221;, cunoscut\u0103 \u0219i sub numele de &#8222;Sala Audien\u021belor Pontificale&#8221; &#8211; o cl\u0103dire din Roma numit\u0103 dup\u0103 Papa Paul al VI-lea, av\u00e2nd o capacitate de 6.300 de locuri, \u015fi fiind proiectat\u0103 ... Cititi mai multe\" \/>\n<meta property=\"og:url\" content=\"https:\/\/www.lovendal.ro\/wp52\/doar-o-intamplare-de-ce-o-cladire-reprezentativa-din-vatican-are-forma-unui-cap-de-sarpe\/\" \/>\n<meta property=\"og:site_name\" content=\"Secretele lui Lovendal\" \/>\n<meta property=\"article:publisher\" content=\"https:\/\/www.facebook.com\/secreteleluilovendal\" \/>\n<meta property=\"article:published_time\" content=\"2024-10-02T06:52:55+00:00\" \/>\n<meta property=\"og:image\" content=\"https:\/\/www.lovendal.ro\/wp52\/wp-content\/uploads\/2024\/10\/sala-forma-sarpe.jpg\" \/>\n\t<meta property=\"og:image:width\" content=\"537\" \/>\n\t<meta property=\"og:image:height\" content=\"401\" \/>\n\t<meta property=\"og:image:type\" content=\"image\/jpeg\" \/>\n<meta name=\"author\" content=\"admin\" \/>\n<meta name=\"twitter:card\" content=\"summary_large_image\" \/>\n<meta name=\"twitter:label1\" content=\"Scris de\" \/>\n\t<meta name=\"twitter:data1\" content=\"admin\" \/>\n\t<meta name=\"twitter:label2\" content=\"Timp estimat pentru citire\" \/>\n\t<meta name=\"twitter:data2\" content=\"3 minute\" \/>\n<script type=\"application\/ld+json\" class=\"yoast-schema-graph\">{\"@context\":\"https:\\\/\\\/schema.org\",\"@graph\":[{\"@type\":\"Article\",\"@id\":\"https:\\\/\\\/www.lovendal.ro\\\/wp52\\\/doar-o-intamplare-de-ce-o-cladire-reprezentativa-din-vatican-are-forma-unui-cap-de-sarpe\\\/#article\",\"isPartOf\":{\"@id\":\"https:\\\/\\\/www.lovendal.ro\\\/wp52\\\/doar-o-intamplare-de-ce-o-cladire-reprezentativa-din-vatican-are-forma-unui-cap-de-sarpe\\\/\"},\"author\":{\"name\":\"admin\",\"@id\":\"https:\\\/\\\/www.lovendal.ro\\\/wp52\\\/#\\\/schema\\\/person\\\/088691de5dfc346bb0c023e1e52ef5d9\"},\"headline\":\"Doar o \u00eent\u00e2mplare? De ce o cl\u0103dire reprezentativ\u0103 din Vatican are forma unui cap de \u015farpe?\",\"datePublished\":\"2024-10-02T06:52:55+00:00\",\"mainEntityOfPage\":{\"@id\":\"https:\\\/\\\/www.lovendal.ro\\\/wp52\\\/doar-o-intamplare-de-ce-o-cladire-reprezentativa-din-vatican-are-forma-unui-cap-de-sarpe\\\/\"},\"wordCount\":375,\"publisher\":{\"@id\":\"https:\\\/\\\/www.lovendal.ro\\\/wp52\\\/#organization\"},\"image\":{\"@id\":\"https:\\\/\\\/www.lovendal.ro\\\/wp52\\\/doar-o-intamplare-de-ce-o-cladire-reprezentativa-din-vatican-are-forma-unui-cap-de-sarpe\\\/#primaryimage\"},\"thumbnailUrl\":\"https:\\\/\\\/www.lovendal.ro\\\/wp52\\\/wp-content\\\/uploads\\\/2024\\\/10\\\/sala-forma-sarpe.jpg\",\"keywords\":[\"Adam\",\"arhitect\",\"cap\",\"cl\u0103dire\",\"Conspiratii si Mistere\",\"cre\u015ftinism\",\"Dumnezeu\",\"eden\",\"Eva\",\"femei\",\"Iisus Hristos\",\"ochi\",\"ora\u015f\",\"papa\",\"Paul al VI-lea\",\"pia\u0163\u0103\",\"Roma\",\"sal\u0103\",\"\u015farpe\",\"Satana\",\"Vatica\",\"Vechiul Testament\"],\"articleSection\":[\"Conspiratii si Mistere\"],\"inLanguage\":\"ro-RO\"},{\"@type\":\"WebPage\",\"@id\":\"https:\\\/\\\/www.lovendal.ro\\\/wp52\\\/doar-o-intamplare-de-ce-o-cladire-reprezentativa-din-vatican-are-forma-unui-cap-de-sarpe\\\/\",\"url\":\"https:\\\/\\\/www.lovendal.ro\\\/wp52\\\/doar-o-intamplare-de-ce-o-cladire-reprezentativa-din-vatican-are-forma-unui-cap-de-sarpe\\\/\",\"name\":\"Doar o \u00eent\u00e2mplare? De ce o cl\u0103dire reprezentativ\u0103 din Vatican are forma unui cap de \u015farpe? - Secretele lui Lovendal\",\"isPartOf\":{\"@id\":\"https:\\\/\\\/www.lovendal.ro\\\/wp52\\\/#website\"},\"primaryImageOfPage\":{\"@id\":\"https:\\\/\\\/www.lovendal.ro\\\/wp52\\\/doar-o-intamplare-de-ce-o-cladire-reprezentativa-din-vatican-are-forma-unui-cap-de-sarpe\\\/#primaryimage\"},\"image\":{\"@id\":\"https:\\\/\\\/www.lovendal.ro\\\/wp52\\\/doar-o-intamplare-de-ce-o-cladire-reprezentativa-din-vatican-are-forma-unui-cap-de-sarpe\\\/#primaryimage\"},\"thumbnailUrl\":\"https:\\\/\\\/www.lovendal.ro\\\/wp52\\\/wp-content\\\/uploads\\\/2024\\\/10\\\/sala-forma-sarpe.jpg\",\"datePublished\":\"2024-10-02T06:52:55+00:00\",\"breadcrumb\":{\"@id\":\"https:\\\/\\\/www.lovendal.ro\\\/wp52\\\/doar-o-intamplare-de-ce-o-cladire-reprezentativa-din-vatican-are-forma-unui-cap-de-sarpe\\\/#breadcrumb\"},\"inLanguage\":\"ro-RO\",\"potentialAction\":[{\"@type\":\"ReadAction\",\"target\":[\"https:\\\/\\\/www.lovendal.ro\\\/wp52\\\/doar-o-intamplare-de-ce-o-cladire-reprezentativa-din-vatican-are-forma-unui-cap-de-sarpe\\\/\"]}]},{\"@type\":\"ImageObject\",\"inLanguage\":\"ro-RO\",\"@id\":\"https:\\\/\\\/www.lovendal.ro\\\/wp52\\\/doar-o-intamplare-de-ce-o-cladire-reprezentativa-din-vatican-are-forma-unui-cap-de-sarpe\\\/#primaryimage\",\"url\":\"https:\\\/\\\/www.lovendal.ro\\\/wp52\\\/wp-content\\\/uploads\\\/2024\\\/10\\\/sala-forma-sarpe.jpg\",\"contentUrl\":\"https:\\\/\\\/www.lovendal.ro\\\/wp52\\\/wp-content\\\/uploads\\\/2024\\\/10\\\/sala-forma-sarpe.jpg\",\"width\":537,\"height\":401},{\"@type\":\"BreadcrumbList\",\"@id\":\"https:\\\/\\\/www.lovendal.ro\\\/wp52\\\/doar-o-intamplare-de-ce-o-cladire-reprezentativa-din-vatican-are-forma-unui-cap-de-sarpe\\\/#breadcrumb\",\"itemListElement\":[{\"@type\":\"ListItem\",\"position\":1,\"name\":\"Home\",\"item\":\"https:\\\/\\\/www.lovendal.ro\\\/wp52\\\/\"},{\"@type\":\"ListItem\",\"position\":2,\"name\":\"Doar o \u00eent\u00e2mplare? De ce o cl\u0103dire reprezentativ\u0103 din Vatican are forma unui cap de \u015farpe?\"}]},{\"@type\":\"WebSite\",\"@id\":\"https:\\\/\\\/www.lovendal.ro\\\/wp52\\\/#website\",\"url\":\"https:\\\/\\\/www.lovendal.ro\\\/wp52\\\/\",\"name\":\"Secretele lui Lovendal\",\"description\":\"Site de secrete, stiinta si metafizica - din 2008 -\",\"publisher\":{\"@id\":\"https:\\\/\\\/www.lovendal.ro\\\/wp52\\\/#organization\"},\"potentialAction\":[{\"@type\":\"SearchAction\",\"target\":{\"@type\":\"EntryPoint\",\"urlTemplate\":\"https:\\\/\\\/www.lovendal.ro\\\/wp52\\\/?s={search_term_string}\"},\"query-input\":{\"@type\":\"PropertyValueSpecification\",\"valueRequired\":true,\"valueName\":\"search_term_string\"}}],\"inLanguage\":\"ro-RO\"},{\"@type\":\"Organization\",\"@id\":\"https:\\\/\\\/www.lovendal.ro\\\/wp52\\\/#organization\",\"name\":\"Secretele lui Lovendal\",\"url\":\"https:\\\/\\\/www.lovendal.ro\\\/wp52\\\/\",\"logo\":{\"@type\":\"ImageObject\",\"inLanguage\":\"ro-RO\",\"@id\":\"https:\\\/\\\/www.lovendal.ro\\\/wp52\\\/#\\\/schema\\\/logo\\\/image\\\/\",\"url\":\"https:\\\/\\\/www.lovendal.ro\\\/wp52\\\/wp-content\\\/uploads\\\/2024\\\/06\\\/cropped-SLL-iun-2024-1.jpg\",\"contentUrl\":\"https:\\\/\\\/www.lovendal.ro\\\/wp52\\\/wp-content\\\/uploads\\\/2024\\\/06\\\/cropped-SLL-iun-2024-1.jpg\",\"width\":771,\"height\":240,\"caption\":\"Secretele lui Lovendal\"},\"image\":{\"@id\":\"https:\\\/\\\/www.lovendal.ro\\\/wp52\\\/#\\\/schema\\\/logo\\\/image\\\/\"},\"sameAs\":[\"https:\\\/\\\/www.facebook.com\\\/secreteleluilovendal\"]},{\"@type\":\"Person\",\"@id\":\"https:\\\/\\\/www.lovendal.ro\\\/wp52\\\/#\\\/schema\\\/person\\\/088691de5dfc346bb0c023e1e52ef5d9\",\"name\":\"admin\",\"image\":{\"@type\":\"ImageObject\",\"inLanguage\":\"ro-RO\",\"@id\":\"https:\\\/\\\/secure.gravatar.com\\\/avatar\\\/ecb9cd41f5f63c9c9b989999a59f6e2639a865ec361e9db054db0679a8f341c2?s=96&d=mm&r=g\",\"url\":\"https:\\\/\\\/secure.gravatar.com\\\/avatar\\\/ecb9cd41f5f63c9c9b989999a59f6e2639a865ec361e9db054db0679a8f341c2?s=96&d=mm&r=g\",\"contentUrl\":\"https:\\\/\\\/secure.gravatar.com\\\/avatar\\\/ecb9cd41f5f63c9c9b989999a59f6e2639a865ec361e9db054db0679a8f341c2?s=96&d=mm&r=g\",\"caption\":\"admin\"},\"sameAs\":[\"https:\\\/\\\/www.lovendal.ro\\\/wp52\"]}]}<\/script>\n<!-- \/ Yoast SEO Premium plugin. -->","yoast_head_json":{"title":"Doar o \u00eent\u00e2mplare? De ce o cl\u0103dire reprezentativ\u0103 din Vatican are forma unui cap de \u015farpe? - Secretele lui Lovendal","robots":{"index":"index","follow":"follow","max-snippet":"max-snippet:-1","max-image-preview":"max-image-preview:large","max-video-preview":"max-video-preview:-1"},"canonical":"https:\/\/www.lovendal.ro\/wp52\/doar-o-intamplare-de-ce-o-cladire-reprezentativa-din-vatican-are-forma-unui-cap-de-sarpe\/","og_locale":"ro_RO","og_type":"article","og_title":"Doar o \u00eent\u00e2mplare? De ce o cl\u0103dire reprezentativ\u0103 din Vatican are forma unui cap de \u015farpe?","og_description":"\u00cen inima Vaticanului se afl\u0103 &#8222;Sala de audien\u021be Paul al VI-lea&#8221;, cunoscut\u0103 \u0219i sub numele de &#8222;Sala Audien\u021belor Pontificale&#8221; &#8211; o cl\u0103dire din Roma numit\u0103 dup\u0103 Papa Paul al VI-lea, av\u00e2nd o capacitate de 6.300 de locuri, \u015fi fiind proiectat\u0103 ... Cititi mai multe","og_url":"https:\/\/www.lovendal.ro\/wp52\/doar-o-intamplare-de-ce-o-cladire-reprezentativa-din-vatican-are-forma-unui-cap-de-sarpe\/","og_site_name":"Secretele lui Lovendal","article_publisher":"https:\/\/www.facebook.com\/secreteleluilovendal","article_published_time":"2024-10-02T06:52:55+00:00","og_image":[{"width":537,"height":401,"url":"https:\/\/www.lovendal.ro\/wp52\/wp-content\/uploads\/2024\/10\/sala-forma-sarpe.jpg","type":"image\/jpeg"}],"author":"admin","twitter_card":"summary_large_image","twitter_misc":{"Scris de":"admin","Timp estimat pentru citire":"3 minute"},"schema":{"@context":"https:\/\/schema.org","@graph":[{"@type":"Article","@id":"https:\/\/www.lovendal.ro\/wp52\/doar-o-intamplare-de-ce-o-cladire-reprezentativa-din-vatican-are-forma-unui-cap-de-sarpe\/#article","isPartOf":{"@id":"https:\/\/www.lovendal.ro\/wp52\/doar-o-intamplare-de-ce-o-cladire-reprezentativa-din-vatican-are-forma-unui-cap-de-sarpe\/"},"author":{"name":"admin","@id":"https:\/\/www.lovendal.ro\/wp52\/#\/schema\/person\/088691de5dfc346bb0c023e1e52ef5d9"},"headline":"Doar o \u00eent\u00e2mplare? De ce o cl\u0103dire reprezentativ\u0103 din Vatican are forma unui cap de \u015farpe?","datePublished":"2024-10-02T06:52:55+00:00","mainEntityOfPage":{"@id":"https:\/\/www.lovendal.ro\/wp52\/doar-o-intamplare-de-ce-o-cladire-reprezentativa-din-vatican-are-forma-unui-cap-de-sarpe\/"},"wordCount":375,"publisher":{"@id":"https:\/\/www.lovendal.ro\/wp52\/#organization"},"image":{"@id":"https:\/\/www.lovendal.ro\/wp52\/doar-o-intamplare-de-ce-o-cladire-reprezentativa-din-vatican-are-forma-unui-cap-de-sarpe\/#primaryimage"},"thumbnailUrl":"https:\/\/www.lovendal.ro\/wp52\/wp-content\/uploads\/2024\/10\/sala-forma-sarpe.jpg","keywords":["Adam","arhitect","cap","cl\u0103dire","Conspiratii si Mistere","cre\u015ftinism","Dumnezeu","eden","Eva","femei","Iisus Hristos","ochi","ora\u015f","papa","Paul al VI-lea","pia\u0163\u0103","Roma","sal\u0103","\u015farpe","Satana","Vatica","Vechiul Testament"],"articleSection":["Conspiratii si Mistere"],"inLanguage":"ro-RO"},{"@type":"WebPage","@id":"https:\/\/www.lovendal.ro\/wp52\/doar-o-intamplare-de-ce-o-cladire-reprezentativa-din-vatican-are-forma-unui-cap-de-sarpe\/","url":"https:\/\/www.lovendal.ro\/wp52\/doar-o-intamplare-de-ce-o-cladire-reprezentativa-din-vatican-are-forma-unui-cap-de-sarpe\/","name":"Doar o \u00eent\u00e2mplare? De ce o cl\u0103dire reprezentativ\u0103 din Vatican are forma unui cap de \u015farpe? - Secretele lui Lovendal","isPartOf":{"@id":"https:\/\/www.lovendal.ro\/wp52\/#website"},"primaryImageOfPage":{"@id":"https:\/\/www.lovendal.ro\/wp52\/doar-o-intamplare-de-ce-o-cladire-reprezentativa-din-vatican-are-forma-unui-cap-de-sarpe\/#primaryimage"},"image":{"@id":"https:\/\/www.lovendal.ro\/wp52\/doar-o-intamplare-de-ce-o-cladire-reprezentativa-din-vatican-are-forma-unui-cap-de-sarpe\/#primaryimage"},"thumbnailUrl":"https:\/\/www.lovendal.ro\/wp52\/wp-content\/uploads\/2024\/10\/sala-forma-sarpe.jpg","datePublished":"2024-10-02T06:52:55+00:00","breadcrumb":{"@id":"https:\/\/www.lovendal.ro\/wp52\/doar-o-intamplare-de-ce-o-cladire-reprezentativa-din-vatican-are-forma-unui-cap-de-sarpe\/#breadcrumb"},"inLanguage":"ro-RO","potentialAction":[{"@type":"ReadAction","target":["https:\/\/www.lovendal.ro\/wp52\/doar-o-intamplare-de-ce-o-cladire-reprezentativa-din-vatican-are-forma-unui-cap-de-sarpe\/"]}]},{"@type":"ImageObject","inLanguage":"ro-RO","@id":"https:\/\/www.lovendal.ro\/wp52\/doar-o-intamplare-de-ce-o-cladire-reprezentativa-din-vatican-are-forma-unui-cap-de-sarpe\/#primaryimage","url":"https:\/\/www.lovendal.ro\/wp52\/wp-content\/uploads\/2024\/10\/sala-forma-sarpe.jpg","contentUrl":"https:\/\/www.lovendal.ro\/wp52\/wp-content\/uploads\/2024\/10\/sala-forma-sarpe.jpg","width":537,"height":401},{"@type":"BreadcrumbList","@id":"https:\/\/www.lovendal.ro\/wp52\/doar-o-intamplare-de-ce-o-cladire-reprezentativa-din-vatican-are-forma-unui-cap-de-sarpe\/#breadcrumb","itemListElement":[{"@type":"ListItem","position":1,"name":"Home","item":"https:\/\/www.lovendal.ro\/wp52\/"},{"@type":"ListItem","position":2,"name":"Doar o \u00eent\u00e2mplare? De ce o cl\u0103dire reprezentativ\u0103 din Vatican are forma unui cap de \u015farpe?"}]},{"@type":"WebSite","@id":"https:\/\/www.lovendal.ro\/wp52\/#website","url":"https:\/\/www.lovendal.ro\/wp52\/","name":"Secretele lui Lovendal","description":"Site de secrete, stiinta si metafizica - din 2008 -","publisher":{"@id":"https:\/\/www.lovendal.ro\/wp52\/#organization"},"potentialAction":[{"@type":"SearchAction","target":{"@type":"EntryPoint","urlTemplate":"https:\/\/www.lovendal.ro\/wp52\/?s={search_term_string}"},"query-input":{"@type":"PropertyValueSpecification","valueRequired":true,"valueName":"search_term_string"}}],"inLanguage":"ro-RO"},{"@type":"Organization","@id":"https:\/\/www.lovendal.ro\/wp52\/#organization","name":"Secretele lui Lovendal","url":"https:\/\/www.lovendal.ro\/wp52\/","logo":{"@type":"ImageObject","inLanguage":"ro-RO","@id":"https:\/\/www.lovendal.ro\/wp52\/#\/schema\/logo\/image\/","url":"https:\/\/www.lovendal.ro\/wp52\/wp-content\/uploads\/2024\/06\/cropped-SLL-iun-2024-1.jpg","contentUrl":"https:\/\/www.lovendal.ro\/wp52\/wp-content\/uploads\/2024\/06\/cropped-SLL-iun-2024-1.jpg","width":771,"height":240,"caption":"Secretele lui Lovendal"},"image":{"@id":"https:\/\/www.lovendal.ro\/wp52\/#\/schema\/logo\/image\/"},"sameAs":["https:\/\/www.facebook.com\/secreteleluilovendal"]},{"@type":"Person","@id":"https:\/\/www.lovendal.ro\/wp52\/#\/schema\/person\/088691de5dfc346bb0c023e1e52ef5d9","name":"admin","image":{"@type":"ImageObject","inLanguage":"ro-RO","@id":"https:\/\/secure.gravatar.com\/avatar\/ecb9cd41f5f63c9c9b989999a59f6e2639a865ec361e9db054db0679a8f341c2?s=96&d=mm&r=g","url":"https:\/\/secure.gravatar.com\/avatar\/ecb9cd41f5f63c9c9b989999a59f6e2639a865ec361e9db054db0679a8f341c2?s=96&d=mm&r=g","contentUrl":"https:\/\/secure.gravatar.com\/avatar\/ecb9cd41f5f63c9c9b989999a59f6e2639a865ec361e9db054db0679a8f341c2?s=96&d=mm&r=g","caption":"admin"},"sameAs":["https:\/\/www.lovendal.ro\/wp52"]}]}},"_links":{"self":[{"href":"https:\/\/www.lovendal.ro\/wp52\/wp-json\/wp\/v2\/posts\/94082","targetHints":{"allow":["GET"]}}],"collection":[{"href":"https:\/\/www.lovendal.ro\/wp52\/wp-json\/wp\/v2\/posts"}],"about":[{"href":"https:\/\/www.lovendal.ro\/wp52\/wp-json\/wp\/v2\/types\/post"}],"author":[{"embeddable":true,"href":"https:\/\/www.lovendal.ro\/wp52\/wp-json\/wp\/v2\/users\/1"}],"replies":[{"embeddable":true,"href":"https:\/\/www.lovendal.ro\/wp52\/wp-json\/wp\/v2\/comments?post=94082"}],"version-history":[{"count":1,"href":"https:\/\/www.lovendal.ro\/wp52\/wp-json\/wp\/v2\/posts\/94082\/revisions"}],"predecessor-version":[{"id":94084,"href":"https:\/\/www.lovendal.ro\/wp52\/wp-json\/wp\/v2\/posts\/94082\/revisions\/94084"}],"wp:featuredmedia":[{"embeddable":true,"href":"https:\/\/www.lovendal.ro\/wp52\/wp-json\/wp\/v2\/media\/94083"}],"wp:attachment":[{"href":"https:\/\/www.lovendal.ro\/wp52\/wp-json\/wp\/v2\/media?parent=94082"}],"wp:term":[{"taxonomy":"category","embeddable":true,"href":"https:\/\/www.lovendal.ro\/wp52\/wp-json\/wp\/v2\/categories?post=94082"},{"taxonomy":"post_tag","embeddable":true,"href":"https:\/\/www.lovendal.ro\/wp52\/wp-json\/wp\/v2\/tags?post=94082"}],"curies":[{"name":"wp","href":"https:\/\/api.w.org\/{rel}","templated":true}]}}