{"id":9403,"date":"2009-12-02T21:27:24","date_gmt":"2009-12-02T19:27:24","guid":{"rendered":"http:\/\/www.lovendal.net\/wp52\/?p=9403"},"modified":"2009-12-02T21:27:24","modified_gmt":"2009-12-02T19:27:24","slug":"moartea-unui-rege-frederick-wilhelm-i-isi-sfarsi-viata-ca-un-turbat","status":"publish","type":"post","link":"https:\/\/www.lovendal.ro\/wp52\/moartea-unui-rege-frederick-wilhelm-i-isi-sfarsi-viata-ca-un-turbat\/","title":{"rendered":"Moartea unui rege: Frederick Wilhelm I \u00ee\u015fi sf\u00e2r\u015fi via\u0163a ca un turbat"},"content":{"rendered":"<p><a href=\"https:\/\/www.lovendal.ro\/wp52\/wp-content\/uploads\/2009\/12\/Frederick_william_I_of_prussia.jpg\"><img loading=\"lazy\" decoding=\"async\" class=\"alignleft size-full wp-image-9404\" title=\"Frederick_william_I_of_prussia\" src=\"https:\/\/www.lovendal.ro\/wp52\/wp-content\/uploads\/2009\/12\/Frederick_william_I_of_prussia.jpg\" alt=\"Frederick_william_I_of_prussia\" width=\"265\" height=\"245\" srcset=\"https:\/\/www.lovendal.ro\/wp52\/wp-content\/uploads\/2009\/12\/Frederick_william_I_of_prussia.jpg 311w, https:\/\/www.lovendal.ro\/wp52\/wp-content\/uploads\/2009\/12\/Frederick_william_I_of_prussia-300x277.jpg 300w\" sizes=\"auto, (max-width: 265px) 100vw, 265px\" \/><\/a>Frederick Wilhelm I (1688-1740) a fost rege al Prusiei, fiind denumit \u015fi &#8222;regele-sergent&#8221;. Enorm, diform din cauza gutei, cu chipul buh\u0103it \u015fi congestionat, \u0163intuit \u00eentr-un fotoliu rulant, Regele-Sergent \u00ee\u015fi petrecu ultimele zile organiz\u00e2ndu-\u015fi \u00een cele mai mici am\u0103nunte funeraliile. Unit\u0103\u0163ile care urmau s\u0103 aib\u0103 onoarea de a trage salve la morm\u00e2nt fuseser\u0103 desemnate nominal.<em> &#8222;S\u0103 se aib\u0103 grij\u0103 mai ales ca pro\u015ftii \u0103ia s\u0103 trag\u0103 to\u0163i o dat\u0103, f\u0103r\u0103 plackern&#8221;<\/em>, recomand\u0103 el. C\u00e2nd preotul \u00eei atrase aten\u0163ia c\u0103 pe lumea cealalt\u0103 nu exist\u0103 ierarhie militar\u0103, regele r\u0103mase stupefiat. <em>&#8222;Cum? Ce \u00eendr\u0103zni\u0163i s\u0103 afirma\u0163i?&#8221;<\/em> strig\u0103 el, revoltat la g\u00e2ndul c\u0103 ar putea exista un paradis f\u0103r\u0103 solda\u0163i.<\/p>\n<p>Durerile pricinuite de boal\u0103 \u00eei accentuau brutalitatea \u00eenn\u0103scut\u0103. Nimeni &#8211; nici chiar medicul s\u0103u &#8211; nu \u00eendr\u0103znea s\u0103 se apropie de fotoliul rulant din care \u00eemp\u0103r\u0163ea lovituri puternice de baston. So\u0163ia lui a fost singura care a reu\u015fit s\u0103-l fac\u0103 s\u0103-\u015fi \u0163in\u0103 firea: <em>&#8222;Dac\u0103 ve\u0163i continua s\u0103 v\u0103 purta\u0163i a\u015fa, ve\u0163i fi abandonat de to\u0163i \u015fi ve\u0163i fi l\u0103sat s\u0103 sf\u00e2r\u015fi\u0163i \u00een propriile dejec\u0163ii. Sau va trebui s\u0103 fi\u0163i legat, ca un turbat.&#8221;<\/em> La aceast\u0103 amenin\u0163are se lini\u015fti.<\/p>\n<p>\u00cen ziua mor\u0163ii sale, porunci s\u0103 fie sco\u015fi din grajduri caii s\u0103i iubi\u0163i \u015fi s\u0103 fie m\u00e2na\u0163i prin fa\u0163a ferestrelor camerei sale, de unde putea s\u0103-i vad\u0103, apoi \u00eei spuse aghiotantului s\u0103u s\u0103-\u015fi aleag\u0103 unul, \u00een amintirea lui. Aghiotantul \u00eel alese pe primul. <em>&#8222;L-a\u0163i ales pe cel mai prost. Lua\u0163i-l pe cel\u0103lalt, v\u0103 asigur c\u0103 este bun.&#8221; <\/em>Cum r\u00e2nda\u015fii nu \u00eenh\u0103mau calul pe gustul s\u0103u, se enerv\u0103 \u015fi \u00ee\u015fi pierdu cuno\u015ftin\u0163a.<\/p>\n<p>Revenindu-\u015fi din le\u015fin, \u00eel \u00eentreb\u0103 pe doctor c\u00e2t mai avea de tr\u0103it. <em>&#8222;Aproximativ o jum\u0103tate de or\u0103, Sire&#8221;,<\/em> r\u0103spunse doctorul Eller. Regele ceru o oglind\u0103, se privi \u00eendelung \u015fi spuse:<em> &#8222;Voi intra \u00een Paradis cu o mutr\u0103 jalnic\u0103!&#8221;<\/em> Cum jum\u0103tatea de or\u0103 trecuse, se enerv\u0103 pe doctor \u015fi \u00eel f\u0103cu m\u0103gar \u015fi \u015farlatan. Suferi o nou\u0103 sincop\u0103 \u015fi, la ora dou\u0103 dup\u0103-amiaza, \u00ee\u015fi d\u0103du ultima suflare.<\/p>\n","protected":false},"excerpt":{"rendered":"<p>Frederick Wilhelm I (1688-1740) a fost rege al Prusiei, fiind denumit \u015fi &#8222;regele-sergent&#8221;. Enorm, diform din cauza gutei, cu chipul buh\u0103it \u015fi congestionat, \u0163intuit \u00eentr-un fotoliu rulant, Regele-Sergent \u00ee\u015fi petrecu ultimele zile organiz\u00e2ndu-\u015fi \u00een cele mai mici am\u0103nunte funeraliile. Unit\u0103\u0163ile &#8230; <\/p>\n<p class=\"read-more-container\"><a title=\"Moartea unui rege: Frederick Wilhelm I \u00ee\u015fi sf\u00e2r\u015fi via\u0163a ca un turbat\" class=\"read-more button\" href=\"https:\/\/www.lovendal.ro\/wp52\/moartea-unui-rege-frederick-wilhelm-i-isi-sfarsi-viata-ca-un-turbat\/#more-9403\" aria-label=\"Cite\u0219te mai multe despre Moartea unui rege: Frederick Wilhelm I \u00ee\u015fi sf\u00e2r\u015fi via\u0163a ca un turbat\">Cititi mai multe<\/a><\/p>\n","protected":false},"author":1,"featured_media":9404,"comment_status":"open","ping_status":"closed","sticky":false,"template":"","format":"standard","meta":{"footnotes":""},"categories":[9],"tags":[],"class_list":["post-9403","post","type-post","status-publish","format-standard","has-post-thumbnail","hentry","category-istorie","resize-featured-image"],"yoast_head":"<!-- This site is optimized with the Yoast SEO Premium plugin v23.3 (Yoast SEO v27.4) - https:\/\/yoast.com\/product\/yoast-seo-premium-wordpress\/ -->\n<title>Moartea unui rege: Frederick Wilhelm I \u00ee\u015fi sf\u00e2r\u015fi via\u0163a ca un turbat - Secretele lui Lovendal<\/title>\n<meta name=\"robots\" content=\"index, follow, max-snippet:-1, max-image-preview:large, max-video-preview:-1\" \/>\n<link rel=\"canonical\" href=\"https:\/\/www.lovendal.ro\/wp52\/moartea-unui-rege-frederick-wilhelm-i-isi-sfarsi-viata-ca-un-turbat\/\" \/>\n<meta property=\"og:locale\" content=\"ro_RO\" \/>\n<meta property=\"og:type\" content=\"article\" \/>\n<meta property=\"og:title\" content=\"Moartea unui rege: Frederick Wilhelm I \u00ee\u015fi sf\u00e2r\u015fi via\u0163a ca un turbat\" \/>\n<meta property=\"og:description\" content=\"Frederick Wilhelm I (1688-1740) a fost rege al Prusiei, fiind denumit \u015fi &#8222;regele-sergent&#8221;. Enorm, diform din cauza gutei, cu chipul buh\u0103it \u015fi congestionat, \u0163intuit \u00eentr-un fotoliu rulant, Regele-Sergent \u00ee\u015fi petrecu ultimele zile organiz\u00e2ndu-\u015fi \u00een cele mai mici am\u0103nunte funeraliile. Unit\u0103\u0163ile ... Cititi mai multe\" \/>\n<meta property=\"og:url\" content=\"https:\/\/www.lovendal.ro\/wp52\/moartea-unui-rege-frederick-wilhelm-i-isi-sfarsi-viata-ca-un-turbat\/\" \/>\n<meta property=\"og:site_name\" content=\"Secretele lui Lovendal\" \/>\n<meta property=\"article:publisher\" content=\"https:\/\/www.facebook.com\/secreteleluilovendal\" \/>\n<meta property=\"article:published_time\" content=\"2009-12-02T19:27:24+00:00\" \/>\n<meta property=\"og:image\" content=\"https:\/\/www.lovendal.ro\/wp52\/wp-content\/uploads\/2009\/12\/Frederick_william_I_of_prussia.jpg\" \/>\n\t<meta property=\"og:image:width\" content=\"311\" \/>\n\t<meta property=\"og:image:height\" content=\"288\" \/>\n\t<meta property=\"og:image:type\" content=\"image\/jpeg\" \/>\n<meta name=\"author\" content=\"admin\" \/>\n<meta name=\"twitter:card\" content=\"summary_large_image\" \/>\n<meta name=\"twitter:label1\" content=\"Scris de\" \/>\n\t<meta name=\"twitter:data1\" content=\"admin\" \/>\n\t<meta name=\"twitter:label2\" content=\"Timp estimat pentru citire\" \/>\n\t<meta name=\"twitter:data2\" content=\"2 minute\" \/>\n<script type=\"application\/ld+json\" class=\"yoast-schema-graph\">{\"@context\":\"https:\\\/\\\/schema.org\",\"@graph\":[{\"@type\":\"Article\",\"@id\":\"https:\\\/\\\/www.lovendal.ro\\\/wp52\\\/moartea-unui-rege-frederick-wilhelm-i-isi-sfarsi-viata-ca-un-turbat\\\/#article\",\"isPartOf\":{\"@id\":\"https:\\\/\\\/www.lovendal.ro\\\/wp52\\\/moartea-unui-rege-frederick-wilhelm-i-isi-sfarsi-viata-ca-un-turbat\\\/\"},\"author\":{\"name\":\"admin\",\"@id\":\"https:\\\/\\\/www.lovendal.ro\\\/wp52\\\/#\\\/schema\\\/person\\\/088691de5dfc346bb0c023e1e52ef5d9\"},\"headline\":\"Moartea unui rege: Frederick Wilhelm I \u00ee\u015fi sf\u00e2r\u015fi via\u0163a ca un turbat\",\"datePublished\":\"2009-12-02T19:27:24+00:00\",\"mainEntityOfPage\":{\"@id\":\"https:\\\/\\\/www.lovendal.ro\\\/wp52\\\/moartea-unui-rege-frederick-wilhelm-i-isi-sfarsi-viata-ca-un-turbat\\\/\"},\"wordCount\":409,\"commentCount\":1,\"publisher\":{\"@id\":\"https:\\\/\\\/www.lovendal.ro\\\/wp52\\\/#organization\"},\"image\":{\"@id\":\"https:\\\/\\\/www.lovendal.ro\\\/wp52\\\/moartea-unui-rege-frederick-wilhelm-i-isi-sfarsi-viata-ca-un-turbat\\\/#primaryimage\"},\"thumbnailUrl\":\"https:\\\/\\\/www.lovendal.ro\\\/wp52\\\/wp-content\\\/uploads\\\/2009\\\/12\\\/Frederick_william_I_of_prussia.jpg\",\"articleSection\":[\"Istorie si Civilizatii\"],\"inLanguage\":\"ro-RO\",\"potentialAction\":[{\"@type\":\"CommentAction\",\"name\":\"Comment\",\"target\":[\"https:\\\/\\\/www.lovendal.ro\\\/wp52\\\/moartea-unui-rege-frederick-wilhelm-i-isi-sfarsi-viata-ca-un-turbat\\\/#respond\"]}]},{\"@type\":\"WebPage\",\"@id\":\"https:\\\/\\\/www.lovendal.ro\\\/wp52\\\/moartea-unui-rege-frederick-wilhelm-i-isi-sfarsi-viata-ca-un-turbat\\\/\",\"url\":\"https:\\\/\\\/www.lovendal.ro\\\/wp52\\\/moartea-unui-rege-frederick-wilhelm-i-isi-sfarsi-viata-ca-un-turbat\\\/\",\"name\":\"Moartea unui rege: Frederick Wilhelm I \u00ee\u015fi sf\u00e2r\u015fi via\u0163a ca un turbat - Secretele lui Lovendal\",\"isPartOf\":{\"@id\":\"https:\\\/\\\/www.lovendal.ro\\\/wp52\\\/#website\"},\"primaryImageOfPage\":{\"@id\":\"https:\\\/\\\/www.lovendal.ro\\\/wp52\\\/moartea-unui-rege-frederick-wilhelm-i-isi-sfarsi-viata-ca-un-turbat\\\/#primaryimage\"},\"image\":{\"@id\":\"https:\\\/\\\/www.lovendal.ro\\\/wp52\\\/moartea-unui-rege-frederick-wilhelm-i-isi-sfarsi-viata-ca-un-turbat\\\/#primaryimage\"},\"thumbnailUrl\":\"https:\\\/\\\/www.lovendal.ro\\\/wp52\\\/wp-content\\\/uploads\\\/2009\\\/12\\\/Frederick_william_I_of_prussia.jpg\",\"datePublished\":\"2009-12-02T19:27:24+00:00\",\"breadcrumb\":{\"@id\":\"https:\\\/\\\/www.lovendal.ro\\\/wp52\\\/moartea-unui-rege-frederick-wilhelm-i-isi-sfarsi-viata-ca-un-turbat\\\/#breadcrumb\"},\"inLanguage\":\"ro-RO\",\"potentialAction\":[{\"@type\":\"ReadAction\",\"target\":[\"https:\\\/\\\/www.lovendal.ro\\\/wp52\\\/moartea-unui-rege-frederick-wilhelm-i-isi-sfarsi-viata-ca-un-turbat\\\/\"]}]},{\"@type\":\"ImageObject\",\"inLanguage\":\"ro-RO\",\"@id\":\"https:\\\/\\\/www.lovendal.ro\\\/wp52\\\/moartea-unui-rege-frederick-wilhelm-i-isi-sfarsi-viata-ca-un-turbat\\\/#primaryimage\",\"url\":\"https:\\\/\\\/www.lovendal.ro\\\/wp52\\\/wp-content\\\/uploads\\\/2009\\\/12\\\/Frederick_william_I_of_prussia.jpg\",\"contentUrl\":\"https:\\\/\\\/www.lovendal.ro\\\/wp52\\\/wp-content\\\/uploads\\\/2009\\\/12\\\/Frederick_william_I_of_prussia.jpg\",\"width\":\"311\",\"height\":\"288\"},{\"@type\":\"BreadcrumbList\",\"@id\":\"https:\\\/\\\/www.lovendal.ro\\\/wp52\\\/moartea-unui-rege-frederick-wilhelm-i-isi-sfarsi-viata-ca-un-turbat\\\/#breadcrumb\",\"itemListElement\":[{\"@type\":\"ListItem\",\"position\":1,\"name\":\"Home\",\"item\":\"https:\\\/\\\/www.lovendal.ro\\\/wp52\\\/\"},{\"@type\":\"ListItem\",\"position\":2,\"name\":\"Moartea unui rege: Frederick Wilhelm I \u00ee\u015fi sf\u00e2r\u015fi via\u0163a ca un turbat\"}]},{\"@type\":\"WebSite\",\"@id\":\"https:\\\/\\\/www.lovendal.ro\\\/wp52\\\/#website\",\"url\":\"https:\\\/\\\/www.lovendal.ro\\\/wp52\\\/\",\"name\":\"Secretele lui Lovendal\",\"description\":\"Site de secrete, stiinta si metafizica - din 2008 -\",\"publisher\":{\"@id\":\"https:\\\/\\\/www.lovendal.ro\\\/wp52\\\/#organization\"},\"potentialAction\":[{\"@type\":\"SearchAction\",\"target\":{\"@type\":\"EntryPoint\",\"urlTemplate\":\"https:\\\/\\\/www.lovendal.ro\\\/wp52\\\/?s={search_term_string}\"},\"query-input\":{\"@type\":\"PropertyValueSpecification\",\"valueRequired\":true,\"valueName\":\"search_term_string\"}}],\"inLanguage\":\"ro-RO\"},{\"@type\":\"Organization\",\"@id\":\"https:\\\/\\\/www.lovendal.ro\\\/wp52\\\/#organization\",\"name\":\"Secretele lui Lovendal\",\"url\":\"https:\\\/\\\/www.lovendal.ro\\\/wp52\\\/\",\"logo\":{\"@type\":\"ImageObject\",\"inLanguage\":\"ro-RO\",\"@id\":\"https:\\\/\\\/www.lovendal.ro\\\/wp52\\\/#\\\/schema\\\/logo\\\/image\\\/\",\"url\":\"https:\\\/\\\/www.lovendal.ro\\\/wp52\\\/wp-content\\\/uploads\\\/2024\\\/06\\\/cropped-SLL-iun-2024-1.jpg\",\"contentUrl\":\"https:\\\/\\\/www.lovendal.ro\\\/wp52\\\/wp-content\\\/uploads\\\/2024\\\/06\\\/cropped-SLL-iun-2024-1.jpg\",\"width\":771,\"height\":240,\"caption\":\"Secretele lui Lovendal\"},\"image\":{\"@id\":\"https:\\\/\\\/www.lovendal.ro\\\/wp52\\\/#\\\/schema\\\/logo\\\/image\\\/\"},\"sameAs\":[\"https:\\\/\\\/www.facebook.com\\\/secreteleluilovendal\"]},{\"@type\":\"Person\",\"@id\":\"https:\\\/\\\/www.lovendal.ro\\\/wp52\\\/#\\\/schema\\\/person\\\/088691de5dfc346bb0c023e1e52ef5d9\",\"name\":\"admin\",\"image\":{\"@type\":\"ImageObject\",\"inLanguage\":\"ro-RO\",\"@id\":\"https:\\\/\\\/secure.gravatar.com\\\/avatar\\\/ecb9cd41f5f63c9c9b989999a59f6e2639a865ec361e9db054db0679a8f341c2?s=96&d=mm&r=g\",\"url\":\"https:\\\/\\\/secure.gravatar.com\\\/avatar\\\/ecb9cd41f5f63c9c9b989999a59f6e2639a865ec361e9db054db0679a8f341c2?s=96&d=mm&r=g\",\"contentUrl\":\"https:\\\/\\\/secure.gravatar.com\\\/avatar\\\/ecb9cd41f5f63c9c9b989999a59f6e2639a865ec361e9db054db0679a8f341c2?s=96&d=mm&r=g\",\"caption\":\"admin\"},\"sameAs\":[\"https:\\\/\\\/www.lovendal.ro\\\/wp52\"]}]}<\/script>\n<!-- \/ Yoast SEO Premium plugin. -->","yoast_head_json":{"title":"Moartea unui rege: Frederick Wilhelm I \u00ee\u015fi sf\u00e2r\u015fi via\u0163a ca un turbat - Secretele lui Lovendal","robots":{"index":"index","follow":"follow","max-snippet":"max-snippet:-1","max-image-preview":"max-image-preview:large","max-video-preview":"max-video-preview:-1"},"canonical":"https:\/\/www.lovendal.ro\/wp52\/moartea-unui-rege-frederick-wilhelm-i-isi-sfarsi-viata-ca-un-turbat\/","og_locale":"ro_RO","og_type":"article","og_title":"Moartea unui rege: Frederick Wilhelm I \u00ee\u015fi sf\u00e2r\u015fi via\u0163a ca un turbat","og_description":"Frederick Wilhelm I (1688-1740) a fost rege al Prusiei, fiind denumit \u015fi &#8222;regele-sergent&#8221;. Enorm, diform din cauza gutei, cu chipul buh\u0103it \u015fi congestionat, \u0163intuit \u00eentr-un fotoliu rulant, Regele-Sergent \u00ee\u015fi petrecu ultimele zile organiz\u00e2ndu-\u015fi \u00een cele mai mici am\u0103nunte funeraliile. Unit\u0103\u0163ile ... Cititi mai multe","og_url":"https:\/\/www.lovendal.ro\/wp52\/moartea-unui-rege-frederick-wilhelm-i-isi-sfarsi-viata-ca-un-turbat\/","og_site_name":"Secretele lui Lovendal","article_publisher":"https:\/\/www.facebook.com\/secreteleluilovendal","article_published_time":"2009-12-02T19:27:24+00:00","og_image":[{"width":311,"height":288,"url":"https:\/\/www.lovendal.ro\/wp52\/wp-content\/uploads\/2009\/12\/Frederick_william_I_of_prussia.jpg","type":"image\/jpeg"}],"author":"admin","twitter_card":"summary_large_image","twitter_misc":{"Scris de":"admin","Timp estimat pentru citire":"2 minute"},"schema":{"@context":"https:\/\/schema.org","@graph":[{"@type":"Article","@id":"https:\/\/www.lovendal.ro\/wp52\/moartea-unui-rege-frederick-wilhelm-i-isi-sfarsi-viata-ca-un-turbat\/#article","isPartOf":{"@id":"https:\/\/www.lovendal.ro\/wp52\/moartea-unui-rege-frederick-wilhelm-i-isi-sfarsi-viata-ca-un-turbat\/"},"author":{"name":"admin","@id":"https:\/\/www.lovendal.ro\/wp52\/#\/schema\/person\/088691de5dfc346bb0c023e1e52ef5d9"},"headline":"Moartea unui rege: Frederick Wilhelm I \u00ee\u015fi sf\u00e2r\u015fi via\u0163a ca un turbat","datePublished":"2009-12-02T19:27:24+00:00","mainEntityOfPage":{"@id":"https:\/\/www.lovendal.ro\/wp52\/moartea-unui-rege-frederick-wilhelm-i-isi-sfarsi-viata-ca-un-turbat\/"},"wordCount":409,"commentCount":1,"publisher":{"@id":"https:\/\/www.lovendal.ro\/wp52\/#organization"},"image":{"@id":"https:\/\/www.lovendal.ro\/wp52\/moartea-unui-rege-frederick-wilhelm-i-isi-sfarsi-viata-ca-un-turbat\/#primaryimage"},"thumbnailUrl":"https:\/\/www.lovendal.ro\/wp52\/wp-content\/uploads\/2009\/12\/Frederick_william_I_of_prussia.jpg","articleSection":["Istorie si Civilizatii"],"inLanguage":"ro-RO","potentialAction":[{"@type":"CommentAction","name":"Comment","target":["https:\/\/www.lovendal.ro\/wp52\/moartea-unui-rege-frederick-wilhelm-i-isi-sfarsi-viata-ca-un-turbat\/#respond"]}]},{"@type":"WebPage","@id":"https:\/\/www.lovendal.ro\/wp52\/moartea-unui-rege-frederick-wilhelm-i-isi-sfarsi-viata-ca-un-turbat\/","url":"https:\/\/www.lovendal.ro\/wp52\/moartea-unui-rege-frederick-wilhelm-i-isi-sfarsi-viata-ca-un-turbat\/","name":"Moartea unui rege: Frederick Wilhelm I \u00ee\u015fi sf\u00e2r\u015fi via\u0163a ca un turbat - Secretele lui Lovendal","isPartOf":{"@id":"https:\/\/www.lovendal.ro\/wp52\/#website"},"primaryImageOfPage":{"@id":"https:\/\/www.lovendal.ro\/wp52\/moartea-unui-rege-frederick-wilhelm-i-isi-sfarsi-viata-ca-un-turbat\/#primaryimage"},"image":{"@id":"https:\/\/www.lovendal.ro\/wp52\/moartea-unui-rege-frederick-wilhelm-i-isi-sfarsi-viata-ca-un-turbat\/#primaryimage"},"thumbnailUrl":"https:\/\/www.lovendal.ro\/wp52\/wp-content\/uploads\/2009\/12\/Frederick_william_I_of_prussia.jpg","datePublished":"2009-12-02T19:27:24+00:00","breadcrumb":{"@id":"https:\/\/www.lovendal.ro\/wp52\/moartea-unui-rege-frederick-wilhelm-i-isi-sfarsi-viata-ca-un-turbat\/#breadcrumb"},"inLanguage":"ro-RO","potentialAction":[{"@type":"ReadAction","target":["https:\/\/www.lovendal.ro\/wp52\/moartea-unui-rege-frederick-wilhelm-i-isi-sfarsi-viata-ca-un-turbat\/"]}]},{"@type":"ImageObject","inLanguage":"ro-RO","@id":"https:\/\/www.lovendal.ro\/wp52\/moartea-unui-rege-frederick-wilhelm-i-isi-sfarsi-viata-ca-un-turbat\/#primaryimage","url":"https:\/\/www.lovendal.ro\/wp52\/wp-content\/uploads\/2009\/12\/Frederick_william_I_of_prussia.jpg","contentUrl":"https:\/\/www.lovendal.ro\/wp52\/wp-content\/uploads\/2009\/12\/Frederick_william_I_of_prussia.jpg","width":"311","height":"288"},{"@type":"BreadcrumbList","@id":"https:\/\/www.lovendal.ro\/wp52\/moartea-unui-rege-frederick-wilhelm-i-isi-sfarsi-viata-ca-un-turbat\/#breadcrumb","itemListElement":[{"@type":"ListItem","position":1,"name":"Home","item":"https:\/\/www.lovendal.ro\/wp52\/"},{"@type":"ListItem","position":2,"name":"Moartea unui rege: Frederick Wilhelm I \u00ee\u015fi sf\u00e2r\u015fi via\u0163a ca un turbat"}]},{"@type":"WebSite","@id":"https:\/\/www.lovendal.ro\/wp52\/#website","url":"https:\/\/www.lovendal.ro\/wp52\/","name":"Secretele lui Lovendal","description":"Site de secrete, stiinta si metafizica - din 2008 -","publisher":{"@id":"https:\/\/www.lovendal.ro\/wp52\/#organization"},"potentialAction":[{"@type":"SearchAction","target":{"@type":"EntryPoint","urlTemplate":"https:\/\/www.lovendal.ro\/wp52\/?s={search_term_string}"},"query-input":{"@type":"PropertyValueSpecification","valueRequired":true,"valueName":"search_term_string"}}],"inLanguage":"ro-RO"},{"@type":"Organization","@id":"https:\/\/www.lovendal.ro\/wp52\/#organization","name":"Secretele lui Lovendal","url":"https:\/\/www.lovendal.ro\/wp52\/","logo":{"@type":"ImageObject","inLanguage":"ro-RO","@id":"https:\/\/www.lovendal.ro\/wp52\/#\/schema\/logo\/image\/","url":"https:\/\/www.lovendal.ro\/wp52\/wp-content\/uploads\/2024\/06\/cropped-SLL-iun-2024-1.jpg","contentUrl":"https:\/\/www.lovendal.ro\/wp52\/wp-content\/uploads\/2024\/06\/cropped-SLL-iun-2024-1.jpg","width":771,"height":240,"caption":"Secretele lui Lovendal"},"image":{"@id":"https:\/\/www.lovendal.ro\/wp52\/#\/schema\/logo\/image\/"},"sameAs":["https:\/\/www.facebook.com\/secreteleluilovendal"]},{"@type":"Person","@id":"https:\/\/www.lovendal.ro\/wp52\/#\/schema\/person\/088691de5dfc346bb0c023e1e52ef5d9","name":"admin","image":{"@type":"ImageObject","inLanguage":"ro-RO","@id":"https:\/\/secure.gravatar.com\/avatar\/ecb9cd41f5f63c9c9b989999a59f6e2639a865ec361e9db054db0679a8f341c2?s=96&d=mm&r=g","url":"https:\/\/secure.gravatar.com\/avatar\/ecb9cd41f5f63c9c9b989999a59f6e2639a865ec361e9db054db0679a8f341c2?s=96&d=mm&r=g","contentUrl":"https:\/\/secure.gravatar.com\/avatar\/ecb9cd41f5f63c9c9b989999a59f6e2639a865ec361e9db054db0679a8f341c2?s=96&d=mm&r=g","caption":"admin"},"sameAs":["https:\/\/www.lovendal.ro\/wp52"]}]}},"_links":{"self":[{"href":"https:\/\/www.lovendal.ro\/wp52\/wp-json\/wp\/v2\/posts\/9403","targetHints":{"allow":["GET"]}}],"collection":[{"href":"https:\/\/www.lovendal.ro\/wp52\/wp-json\/wp\/v2\/posts"}],"about":[{"href":"https:\/\/www.lovendal.ro\/wp52\/wp-json\/wp\/v2\/types\/post"}],"author":[{"embeddable":true,"href":"https:\/\/www.lovendal.ro\/wp52\/wp-json\/wp\/v2\/users\/1"}],"replies":[{"embeddable":true,"href":"https:\/\/www.lovendal.ro\/wp52\/wp-json\/wp\/v2\/comments?post=9403"}],"version-history":[{"count":0,"href":"https:\/\/www.lovendal.ro\/wp52\/wp-json\/wp\/v2\/posts\/9403\/revisions"}],"wp:featuredmedia":[{"embeddable":true,"href":"https:\/\/www.lovendal.ro\/wp52\/wp-json\/wp\/v2\/media\/9404"}],"wp:attachment":[{"href":"https:\/\/www.lovendal.ro\/wp52\/wp-json\/wp\/v2\/media?parent=9403"}],"wp:term":[{"taxonomy":"category","embeddable":true,"href":"https:\/\/www.lovendal.ro\/wp52\/wp-json\/wp\/v2\/categories?post=9403"},{"taxonomy":"post_tag","embeddable":true,"href":"https:\/\/www.lovendal.ro\/wp52\/wp-json\/wp\/v2\/tags?post=9403"}],"curies":[{"name":"wp","href":"https:\/\/api.w.org\/{rel}","templated":true}]}}