{"id":93723,"date":"2024-09-14T13:23:54","date_gmt":"2024-09-14T10:23:54","guid":{"rendered":"https:\/\/www.lovendal.ro\/wp52\/?p=93723"},"modified":"2024-09-14T13:23:54","modified_gmt":"2024-09-14T10:23:54","slug":"teoretic-toti-am-putea-trai-intr-o-gaura-neagra-crede-un-om-de-stiinta-britanic-desi-inca-nu-sunt-dovezi-convingatoare","status":"publish","type":"post","link":"https:\/\/www.lovendal.ro\/wp52\/teoretic-toti-am-putea-trai-intr-o-gaura-neagra-crede-un-om-de-stiinta-britanic-desi-inca-nu-sunt-dovezi-convingatoare\/","title":{"rendered":"&#8222;Teoretic, to\u0163i am putea tr\u0103i \u00eentr-o gaur\u0103 neagr\u0103&#8221; &#8211; crede un om de \u015ftiin\u0163\u0103 britanic, de\u015fi \u00eenc\u0103 nu sunt dovezi conving\u0103toare"},"content":{"rendered":"<figure id=\"attachment_93724\" aria-describedby=\"caption-attachment-93724\" style=\"width: 356px\" class=\"wp-caption alignleft\"><a href=\"https:\/\/www.lovendal.ro\/wp52\/wp-content\/uploads\/2024\/09\/gaura-neagra-1.jpg\"><img loading=\"lazy\" decoding=\"async\" class=\" wp-image-93724\" src=\"https:\/\/www.lovendal.ro\/wp52\/wp-content\/uploads\/2024\/09\/gaura-neagra-1.jpg\" alt=\"\" width=\"366\" height=\"261\" srcset=\"https:\/\/www.lovendal.ro\/wp52\/wp-content\/uploads\/2024\/09\/gaura-neagra-1.jpg 540w, https:\/\/www.lovendal.ro\/wp52\/wp-content\/uploads\/2024\/09\/gaura-neagra-1-300x214.jpg 300w\" sizes=\"auto, (max-width: 366px) 100vw, 366px\" \/><\/a><figcaption id=\"caption-attachment-93724\" class=\"wp-caption-text\"><strong>Imagine:<\/strong> <a href=\"https:\/\/pixabay.com\/illustrations\/woman-sci-fi-black-hole-portal-8470552\/\" target=\"_blank\" rel=\"noopener\"><strong>pixabay.com<\/strong><\/a> (Commons Creative &#8211; free)<\/figcaption><\/figure>\n<p>Un cititor a \u00eentrebat un om de \u015ftiin\u0163\u0103 britanic, care colaboreaz\u0103 pentru <strong>&#8222;BBC Science Focus&#8221;<\/strong>, dr.Alaistair Gunn: <em>&#8222;Am putea tr\u0103i \u00eentr-o gaur\u0103 neagr\u0103?&#8221; <\/em>R\u0103spunsul omului de \u015ftiin\u0163\u0103 a fost urm\u0103torul:<\/p>\n<p>* Aceast\u0103 posibilitate a fost serios luat\u0103 \u00een considerare de \u0219tiin\u021ba modern\u0103, determinat\u0103 de o serie de fapte. Poate cel mai notabil lucru este acela c\u0103, dac\u0103 calcul\u0103m dimensiunea unei g\u0103uri negre cu mas\u0103 \u0219i energie egal\u0103 cu toat\u0103 masa \u0219i energia pe care le putem vedea \u00een Univers, ob\u021binem un rezultat surprinz\u0103tor: este aproape aceea\u0219i dimensiune a Universului observabil! Dac\u0103 acest lucru pare ciudat, aminti\u021bi-v\u0103 c\u0103 raza unei g\u0103uri negre este direct propor\u021bional\u0103 cu masa sa, \u00een timp ce volumul ei este propor\u021bional cu raza cubului. Deci, cu c\u00e2t o gaur\u0103 neagr\u0103 este mai masiv\u0103, cu at\u00e2t este mai pu\u021bin dens\u0103.<\/p>\n<p>* Deci, o gaur\u0103 neagr\u0103 cu raza Universului ar avea aproximativ densitatea medie pe care o observ\u0103m \u00een Univers. Universul are alte asem\u0103n\u0103ri cu g\u0103urile negre. De exemplu, dac\u0103 ne \u00eentoarcem \u00een timp, este clar c\u0103 totul a \u00eenceput cu o <strong>&#8222;singularitate&#8221; &#8211; Big Bang<\/strong> &#8211; un moment \u00een timp \u00een care densit\u0103\u021bile, temperaturile \u0219i energiile erau at\u00e2t de extreme \u00eenc\u00e2t legile fizicii nu mai erau valabile. Din punct de vedere matematic, aceasta este aceea\u0219i cu singularit\u0103\u021bile din g\u0103urile negre.<\/p>\n<p>* G\u0103urile negre au, de asemenea, orizonturi de evenimente dincolo de care toat\u0103 lumina \u0219i materia sunt prinse. Universul are ceva asem\u0103n\u0103tor: <em>&#8222;orizontul evenimentelor&#8221;<\/em> cosmologic, dincolo de care nu putem vedea pentru c\u0103 lumina de acolo nu poate ajunge la noi. \u0218i, matematic vorbind, propriet\u0103\u021bile spa\u021biului din afara orizontului de evenimente al unei g\u0103uri negre sunt pur \u0219i simplu o inversare a celor din interior.<\/p>\n<p>* Alte studii au sugerat, de asemenea, c\u0103 crearea unei g\u0103uri negre poate produce &#8222;universuri-bebelu\u0219i&#8221;.<\/p>\n<p>* Dar, \u00een ciuda acestor ciud\u0103\u021benii teoretice, niciuna dintre aceste idei nu poate duce la o predic\u021bie testabil\u0103 sau la vreo dovad\u0103 observabil\u0103. Prin urmare, \u00eentrebarea dac\u0103 tr\u0103im \u00eentr-o gaur\u0103 neagr\u0103 nu poate primi \u00eenc\u0103 un r\u0103spuns.<\/p>\n<p><strong>Sursa:<\/strong> articolul <a href=\"https:\/\/www.sciencefocus.com\/space\/were-all-living-in-a-black-hole-the-bold-theory-scientists-cant-disprove\" target=\"_blank\" rel=\"noopener\"><strong>&#8222;We&#8217;re all living in a black hole: The bold theory scientists can&#8217;t disprove&#8221; \/ sciencefocus.com<\/strong><\/a><\/p>\n","protected":false},"excerpt":{"rendered":"<p>Un cititor a \u00eentrebat un om de \u015ftiin\u0163\u0103 britanic, care colaboreaz\u0103 pentru &#8222;BBC Science Focus&#8221;, dr.Alaistair Gunn: &#8222;Am putea tr\u0103i \u00eentr-o gaur\u0103 neagr\u0103?&#8221; R\u0103spunsul omului de \u015ftiin\u0163\u0103 a fost urm\u0103torul: * Aceast\u0103 posibilitate a fost serios luat\u0103 \u00een considerare de &#8230; <\/p>\n<p class=\"read-more-container\"><a title=\"&#8222;Teoretic, to\u0163i am putea tr\u0103i \u00eentr-o gaur\u0103 neagr\u0103&#8221; &#8211; crede un om de \u015ftiin\u0163\u0103 britanic, de\u015fi \u00eenc\u0103 nu sunt dovezi conving\u0103toare\" class=\"read-more button\" href=\"https:\/\/www.lovendal.ro\/wp52\/teoretic-toti-am-putea-trai-intr-o-gaura-neagra-crede-un-om-de-stiinta-britanic-desi-inca-nu-sunt-dovezi-convingatoare\/#more-93723\" aria-label=\"Cite\u0219te mai multe despre &#8222;Teoretic, to\u0163i am putea tr\u0103i \u00eentr-o gaur\u0103 neagr\u0103&#8221; &#8211; crede un om de \u015ftiin\u0163\u0103 britanic, de\u015fi \u00eenc\u0103 nu sunt dovezi conving\u0103toare\">Cititi mai multe<\/a><\/p>\n","protected":false},"author":1,"featured_media":93724,"comment_status":"closed","ping_status":"open","sticky":false,"template":"","format":"standard","meta":{"footnotes":""},"categories":[11042],"tags":[2147,2027,4545,4944,11043,596,952,345,6669,2358,1087],"class_list":["post-93723","post","type-post","status-publish","format-standard","has-post-thumbnail","hentry","category-fizica-chimie","tag-bbc","tag-big-bang","tag-cub","tag-densitate","tag-fizica-chimie","tag-gaura-neagra","tag-lumina","tag-materie","tag-singularitate","tag-temperatura","tag-univers","resize-featured-image"],"yoast_head":"<!-- This site is optimized with the Yoast SEO Premium plugin v23.3 (Yoast SEO v27.4) - https:\/\/yoast.com\/product\/yoast-seo-premium-wordpress\/ -->\n<title>&quot;Teoretic, to\u0163i am putea tr\u0103i \u00eentr-o gaur\u0103 neagr\u0103&quot; - crede un om de \u015ftiin\u0163\u0103 britanic, de\u015fi \u00eenc\u0103 nu sunt dovezi conving\u0103toare - Secretele lui Lovendal<\/title>\n<meta name=\"robots\" content=\"index, follow, max-snippet:-1, max-image-preview:large, max-video-preview:-1\" \/>\n<link rel=\"canonical\" href=\"https:\/\/www.lovendal.ro\/wp52\/teoretic-toti-am-putea-trai-intr-o-gaura-neagra-crede-un-om-de-stiinta-britanic-desi-inca-nu-sunt-dovezi-convingatoare\/\" \/>\n<meta property=\"og:locale\" content=\"ro_RO\" \/>\n<meta property=\"og:type\" content=\"article\" \/>\n<meta property=\"og:title\" content=\"&quot;Teoretic, to\u0163i am putea tr\u0103i \u00eentr-o gaur\u0103 neagr\u0103&quot; - crede un om de \u015ftiin\u0163\u0103 britanic, de\u015fi \u00eenc\u0103 nu sunt dovezi conving\u0103toare\" \/>\n<meta property=\"og:description\" content=\"Un cititor a \u00eentrebat un om de \u015ftiin\u0163\u0103 britanic, care colaboreaz\u0103 pentru &#8222;BBC Science Focus&#8221;, dr.Alaistair Gunn: &#8222;Am putea tr\u0103i \u00eentr-o gaur\u0103 neagr\u0103?&#8221; R\u0103spunsul omului de \u015ftiin\u0163\u0103 a fost urm\u0103torul: * Aceast\u0103 posibilitate a fost serios luat\u0103 \u00een considerare de ... Cititi mai multe\" \/>\n<meta property=\"og:url\" content=\"https:\/\/www.lovendal.ro\/wp52\/teoretic-toti-am-putea-trai-intr-o-gaura-neagra-crede-un-om-de-stiinta-britanic-desi-inca-nu-sunt-dovezi-convingatoare\/\" \/>\n<meta property=\"og:site_name\" content=\"Secretele lui Lovendal\" \/>\n<meta property=\"article:publisher\" content=\"https:\/\/www.facebook.com\/secreteleluilovendal\" \/>\n<meta property=\"article:published_time\" content=\"2024-09-14T10:23:54+00:00\" \/>\n<meta property=\"og:image\" content=\"https:\/\/www.lovendal.ro\/wp52\/wp-content\/uploads\/2024\/09\/gaura-neagra-1.jpg\" \/>\n\t<meta property=\"og:image:width\" content=\"540\" \/>\n\t<meta property=\"og:image:height\" content=\"385\" \/>\n\t<meta property=\"og:image:type\" content=\"image\/jpeg\" \/>\n<meta name=\"author\" content=\"admin\" \/>\n<meta name=\"twitter:card\" content=\"summary_large_image\" \/>\n<meta name=\"twitter:label1\" content=\"Scris de\" \/>\n\t<meta name=\"twitter:data1\" content=\"admin\" \/>\n\t<meta name=\"twitter:label2\" content=\"Timp estimat pentru citire\" \/>\n\t<meta name=\"twitter:data2\" content=\"3 minute\" \/>\n<script type=\"application\/ld+json\" class=\"yoast-schema-graph\">{\"@context\":\"https:\\\/\\\/schema.org\",\"@graph\":[{\"@type\":\"Article\",\"@id\":\"https:\\\/\\\/www.lovendal.ro\\\/wp52\\\/teoretic-toti-am-putea-trai-intr-o-gaura-neagra-crede-un-om-de-stiinta-britanic-desi-inca-nu-sunt-dovezi-convingatoare\\\/#article\",\"isPartOf\":{\"@id\":\"https:\\\/\\\/www.lovendal.ro\\\/wp52\\\/teoretic-toti-am-putea-trai-intr-o-gaura-neagra-crede-un-om-de-stiinta-britanic-desi-inca-nu-sunt-dovezi-convingatoare\\\/\"},\"author\":{\"name\":\"admin\",\"@id\":\"https:\\\/\\\/www.lovendal.ro\\\/wp52\\\/#\\\/schema\\\/person\\\/088691de5dfc346bb0c023e1e52ef5d9\"},\"headline\":\"&#8222;Teoretic, to\u0163i am putea tr\u0103i \u00eentr-o gaur\u0103 neagr\u0103&#8221; &#8211; crede un om de \u015ftiin\u0163\u0103 britanic, de\u015fi \u00eenc\u0103 nu sunt dovezi conving\u0103toare\",\"datePublished\":\"2024-09-14T10:23:54+00:00\",\"mainEntityOfPage\":{\"@id\":\"https:\\\/\\\/www.lovendal.ro\\\/wp52\\\/teoretic-toti-am-putea-trai-intr-o-gaura-neagra-crede-un-om-de-stiinta-britanic-desi-inca-nu-sunt-dovezi-convingatoare\\\/\"},\"wordCount\":421,\"publisher\":{\"@id\":\"https:\\\/\\\/www.lovendal.ro\\\/wp52\\\/#organization\"},\"image\":{\"@id\":\"https:\\\/\\\/www.lovendal.ro\\\/wp52\\\/teoretic-toti-am-putea-trai-intr-o-gaura-neagra-crede-un-om-de-stiinta-britanic-desi-inca-nu-sunt-dovezi-convingatoare\\\/#primaryimage\"},\"thumbnailUrl\":\"https:\\\/\\\/www.lovendal.ro\\\/wp52\\\/wp-content\\\/uploads\\\/2024\\\/09\\\/gaura-neagra-1.jpg\",\"keywords\":[\"BBC\",\"Big Bang\",\"cub\",\"densitate\",\"Fizic\u0103 - Chimie\",\"gaura neagr\u0103\",\"lumin\u0103\",\"materie\",\"singularitate\",\"temperatur\u0103\",\"Univers\"],\"articleSection\":[\"Fizic\u0103 - Chimie\"],\"inLanguage\":\"ro-RO\"},{\"@type\":\"WebPage\",\"@id\":\"https:\\\/\\\/www.lovendal.ro\\\/wp52\\\/teoretic-toti-am-putea-trai-intr-o-gaura-neagra-crede-un-om-de-stiinta-britanic-desi-inca-nu-sunt-dovezi-convingatoare\\\/\",\"url\":\"https:\\\/\\\/www.lovendal.ro\\\/wp52\\\/teoretic-toti-am-putea-trai-intr-o-gaura-neagra-crede-un-om-de-stiinta-britanic-desi-inca-nu-sunt-dovezi-convingatoare\\\/\",\"name\":\"\\\"Teoretic, to\u0163i am putea tr\u0103i \u00eentr-o gaur\u0103 neagr\u0103\\\" - crede un om de \u015ftiin\u0163\u0103 britanic, de\u015fi \u00eenc\u0103 nu sunt dovezi conving\u0103toare - Secretele lui Lovendal\",\"isPartOf\":{\"@id\":\"https:\\\/\\\/www.lovendal.ro\\\/wp52\\\/#website\"},\"primaryImageOfPage\":{\"@id\":\"https:\\\/\\\/www.lovendal.ro\\\/wp52\\\/teoretic-toti-am-putea-trai-intr-o-gaura-neagra-crede-un-om-de-stiinta-britanic-desi-inca-nu-sunt-dovezi-convingatoare\\\/#primaryimage\"},\"image\":{\"@id\":\"https:\\\/\\\/www.lovendal.ro\\\/wp52\\\/teoretic-toti-am-putea-trai-intr-o-gaura-neagra-crede-un-om-de-stiinta-britanic-desi-inca-nu-sunt-dovezi-convingatoare\\\/#primaryimage\"},\"thumbnailUrl\":\"https:\\\/\\\/www.lovendal.ro\\\/wp52\\\/wp-content\\\/uploads\\\/2024\\\/09\\\/gaura-neagra-1.jpg\",\"datePublished\":\"2024-09-14T10:23:54+00:00\",\"breadcrumb\":{\"@id\":\"https:\\\/\\\/www.lovendal.ro\\\/wp52\\\/teoretic-toti-am-putea-trai-intr-o-gaura-neagra-crede-un-om-de-stiinta-britanic-desi-inca-nu-sunt-dovezi-convingatoare\\\/#breadcrumb\"},\"inLanguage\":\"ro-RO\",\"potentialAction\":[{\"@type\":\"ReadAction\",\"target\":[\"https:\\\/\\\/www.lovendal.ro\\\/wp52\\\/teoretic-toti-am-putea-trai-intr-o-gaura-neagra-crede-un-om-de-stiinta-britanic-desi-inca-nu-sunt-dovezi-convingatoare\\\/\"]}]},{\"@type\":\"ImageObject\",\"inLanguage\":\"ro-RO\",\"@id\":\"https:\\\/\\\/www.lovendal.ro\\\/wp52\\\/teoretic-toti-am-putea-trai-intr-o-gaura-neagra-crede-un-om-de-stiinta-britanic-desi-inca-nu-sunt-dovezi-convingatoare\\\/#primaryimage\",\"url\":\"https:\\\/\\\/www.lovendal.ro\\\/wp52\\\/wp-content\\\/uploads\\\/2024\\\/09\\\/gaura-neagra-1.jpg\",\"contentUrl\":\"https:\\\/\\\/www.lovendal.ro\\\/wp52\\\/wp-content\\\/uploads\\\/2024\\\/09\\\/gaura-neagra-1.jpg\",\"width\":540,\"height\":385,\"caption\":\"Imagine: pixabay.com (Commons Creative - free)\"},{\"@type\":\"BreadcrumbList\",\"@id\":\"https:\\\/\\\/www.lovendal.ro\\\/wp52\\\/teoretic-toti-am-putea-trai-intr-o-gaura-neagra-crede-un-om-de-stiinta-britanic-desi-inca-nu-sunt-dovezi-convingatoare\\\/#breadcrumb\",\"itemListElement\":[{\"@type\":\"ListItem\",\"position\":1,\"name\":\"Home\",\"item\":\"https:\\\/\\\/www.lovendal.ro\\\/wp52\\\/\"},{\"@type\":\"ListItem\",\"position\":2,\"name\":\"&#8222;Teoretic, to\u0163i am putea tr\u0103i \u00eentr-o gaur\u0103 neagr\u0103&#8221; &#8211; crede un om de \u015ftiin\u0163\u0103 britanic, de\u015fi \u00eenc\u0103 nu sunt dovezi conving\u0103toare\"}]},{\"@type\":\"WebSite\",\"@id\":\"https:\\\/\\\/www.lovendal.ro\\\/wp52\\\/#website\",\"url\":\"https:\\\/\\\/www.lovendal.ro\\\/wp52\\\/\",\"name\":\"Secretele lui Lovendal\",\"description\":\"Site de secrete, stiinta si metafizica - din 2008 -\",\"publisher\":{\"@id\":\"https:\\\/\\\/www.lovendal.ro\\\/wp52\\\/#organization\"},\"potentialAction\":[{\"@type\":\"SearchAction\",\"target\":{\"@type\":\"EntryPoint\",\"urlTemplate\":\"https:\\\/\\\/www.lovendal.ro\\\/wp52\\\/?s={search_term_string}\"},\"query-input\":{\"@type\":\"PropertyValueSpecification\",\"valueRequired\":true,\"valueName\":\"search_term_string\"}}],\"inLanguage\":\"ro-RO\"},{\"@type\":\"Organization\",\"@id\":\"https:\\\/\\\/www.lovendal.ro\\\/wp52\\\/#organization\",\"name\":\"Secretele lui Lovendal\",\"url\":\"https:\\\/\\\/www.lovendal.ro\\\/wp52\\\/\",\"logo\":{\"@type\":\"ImageObject\",\"inLanguage\":\"ro-RO\",\"@id\":\"https:\\\/\\\/www.lovendal.ro\\\/wp52\\\/#\\\/schema\\\/logo\\\/image\\\/\",\"url\":\"https:\\\/\\\/www.lovendal.ro\\\/wp52\\\/wp-content\\\/uploads\\\/2024\\\/06\\\/cropped-SLL-iun-2024-1.jpg\",\"contentUrl\":\"https:\\\/\\\/www.lovendal.ro\\\/wp52\\\/wp-content\\\/uploads\\\/2024\\\/06\\\/cropped-SLL-iun-2024-1.jpg\",\"width\":771,\"height\":240,\"caption\":\"Secretele lui Lovendal\"},\"image\":{\"@id\":\"https:\\\/\\\/www.lovendal.ro\\\/wp52\\\/#\\\/schema\\\/logo\\\/image\\\/\"},\"sameAs\":[\"https:\\\/\\\/www.facebook.com\\\/secreteleluilovendal\"]},{\"@type\":\"Person\",\"@id\":\"https:\\\/\\\/www.lovendal.ro\\\/wp52\\\/#\\\/schema\\\/person\\\/088691de5dfc346bb0c023e1e52ef5d9\",\"name\":\"admin\",\"image\":{\"@type\":\"ImageObject\",\"inLanguage\":\"ro-RO\",\"@id\":\"https:\\\/\\\/secure.gravatar.com\\\/avatar\\\/ecb9cd41f5f63c9c9b989999a59f6e2639a865ec361e9db054db0679a8f341c2?s=96&d=mm&r=g\",\"url\":\"https:\\\/\\\/secure.gravatar.com\\\/avatar\\\/ecb9cd41f5f63c9c9b989999a59f6e2639a865ec361e9db054db0679a8f341c2?s=96&d=mm&r=g\",\"contentUrl\":\"https:\\\/\\\/secure.gravatar.com\\\/avatar\\\/ecb9cd41f5f63c9c9b989999a59f6e2639a865ec361e9db054db0679a8f341c2?s=96&d=mm&r=g\",\"caption\":\"admin\"},\"sameAs\":[\"https:\\\/\\\/www.lovendal.ro\\\/wp52\"]}]}<\/script>\n<!-- \/ Yoast SEO Premium plugin. -->","yoast_head_json":{"title":"\"Teoretic, to\u0163i am putea tr\u0103i \u00eentr-o gaur\u0103 neagr\u0103\" - crede un om de \u015ftiin\u0163\u0103 britanic, de\u015fi \u00eenc\u0103 nu sunt dovezi conving\u0103toare - Secretele lui Lovendal","robots":{"index":"index","follow":"follow","max-snippet":"max-snippet:-1","max-image-preview":"max-image-preview:large","max-video-preview":"max-video-preview:-1"},"canonical":"https:\/\/www.lovendal.ro\/wp52\/teoretic-toti-am-putea-trai-intr-o-gaura-neagra-crede-un-om-de-stiinta-britanic-desi-inca-nu-sunt-dovezi-convingatoare\/","og_locale":"ro_RO","og_type":"article","og_title":"\"Teoretic, to\u0163i am putea tr\u0103i \u00eentr-o gaur\u0103 neagr\u0103\" - crede un om de \u015ftiin\u0163\u0103 britanic, de\u015fi \u00eenc\u0103 nu sunt dovezi conving\u0103toare","og_description":"Un cititor a \u00eentrebat un om de \u015ftiin\u0163\u0103 britanic, care colaboreaz\u0103 pentru &#8222;BBC Science Focus&#8221;, dr.Alaistair Gunn: &#8222;Am putea tr\u0103i \u00eentr-o gaur\u0103 neagr\u0103?&#8221; R\u0103spunsul omului de \u015ftiin\u0163\u0103 a fost urm\u0103torul: * Aceast\u0103 posibilitate a fost serios luat\u0103 \u00een considerare de ... Cititi mai multe","og_url":"https:\/\/www.lovendal.ro\/wp52\/teoretic-toti-am-putea-trai-intr-o-gaura-neagra-crede-un-om-de-stiinta-britanic-desi-inca-nu-sunt-dovezi-convingatoare\/","og_site_name":"Secretele lui Lovendal","article_publisher":"https:\/\/www.facebook.com\/secreteleluilovendal","article_published_time":"2024-09-14T10:23:54+00:00","og_image":[{"width":540,"height":385,"url":"https:\/\/www.lovendal.ro\/wp52\/wp-content\/uploads\/2024\/09\/gaura-neagra-1.jpg","type":"image\/jpeg"}],"author":"admin","twitter_card":"summary_large_image","twitter_misc":{"Scris de":"admin","Timp estimat pentru citire":"3 minute"},"schema":{"@context":"https:\/\/schema.org","@graph":[{"@type":"Article","@id":"https:\/\/www.lovendal.ro\/wp52\/teoretic-toti-am-putea-trai-intr-o-gaura-neagra-crede-un-om-de-stiinta-britanic-desi-inca-nu-sunt-dovezi-convingatoare\/#article","isPartOf":{"@id":"https:\/\/www.lovendal.ro\/wp52\/teoretic-toti-am-putea-trai-intr-o-gaura-neagra-crede-un-om-de-stiinta-britanic-desi-inca-nu-sunt-dovezi-convingatoare\/"},"author":{"name":"admin","@id":"https:\/\/www.lovendal.ro\/wp52\/#\/schema\/person\/088691de5dfc346bb0c023e1e52ef5d9"},"headline":"&#8222;Teoretic, to\u0163i am putea tr\u0103i \u00eentr-o gaur\u0103 neagr\u0103&#8221; &#8211; crede un om de \u015ftiin\u0163\u0103 britanic, de\u015fi \u00eenc\u0103 nu sunt dovezi conving\u0103toare","datePublished":"2024-09-14T10:23:54+00:00","mainEntityOfPage":{"@id":"https:\/\/www.lovendal.ro\/wp52\/teoretic-toti-am-putea-trai-intr-o-gaura-neagra-crede-un-om-de-stiinta-britanic-desi-inca-nu-sunt-dovezi-convingatoare\/"},"wordCount":421,"publisher":{"@id":"https:\/\/www.lovendal.ro\/wp52\/#organization"},"image":{"@id":"https:\/\/www.lovendal.ro\/wp52\/teoretic-toti-am-putea-trai-intr-o-gaura-neagra-crede-un-om-de-stiinta-britanic-desi-inca-nu-sunt-dovezi-convingatoare\/#primaryimage"},"thumbnailUrl":"https:\/\/www.lovendal.ro\/wp52\/wp-content\/uploads\/2024\/09\/gaura-neagra-1.jpg","keywords":["BBC","Big Bang","cub","densitate","Fizic\u0103 - Chimie","gaura neagr\u0103","lumin\u0103","materie","singularitate","temperatur\u0103","Univers"],"articleSection":["Fizic\u0103 - Chimie"],"inLanguage":"ro-RO"},{"@type":"WebPage","@id":"https:\/\/www.lovendal.ro\/wp52\/teoretic-toti-am-putea-trai-intr-o-gaura-neagra-crede-un-om-de-stiinta-britanic-desi-inca-nu-sunt-dovezi-convingatoare\/","url":"https:\/\/www.lovendal.ro\/wp52\/teoretic-toti-am-putea-trai-intr-o-gaura-neagra-crede-un-om-de-stiinta-britanic-desi-inca-nu-sunt-dovezi-convingatoare\/","name":"\"Teoretic, to\u0163i am putea tr\u0103i \u00eentr-o gaur\u0103 neagr\u0103\" - crede un om de \u015ftiin\u0163\u0103 britanic, de\u015fi \u00eenc\u0103 nu sunt dovezi conving\u0103toare - Secretele lui Lovendal","isPartOf":{"@id":"https:\/\/www.lovendal.ro\/wp52\/#website"},"primaryImageOfPage":{"@id":"https:\/\/www.lovendal.ro\/wp52\/teoretic-toti-am-putea-trai-intr-o-gaura-neagra-crede-un-om-de-stiinta-britanic-desi-inca-nu-sunt-dovezi-convingatoare\/#primaryimage"},"image":{"@id":"https:\/\/www.lovendal.ro\/wp52\/teoretic-toti-am-putea-trai-intr-o-gaura-neagra-crede-un-om-de-stiinta-britanic-desi-inca-nu-sunt-dovezi-convingatoare\/#primaryimage"},"thumbnailUrl":"https:\/\/www.lovendal.ro\/wp52\/wp-content\/uploads\/2024\/09\/gaura-neagra-1.jpg","datePublished":"2024-09-14T10:23:54+00:00","breadcrumb":{"@id":"https:\/\/www.lovendal.ro\/wp52\/teoretic-toti-am-putea-trai-intr-o-gaura-neagra-crede-un-om-de-stiinta-britanic-desi-inca-nu-sunt-dovezi-convingatoare\/#breadcrumb"},"inLanguage":"ro-RO","potentialAction":[{"@type":"ReadAction","target":["https:\/\/www.lovendal.ro\/wp52\/teoretic-toti-am-putea-trai-intr-o-gaura-neagra-crede-un-om-de-stiinta-britanic-desi-inca-nu-sunt-dovezi-convingatoare\/"]}]},{"@type":"ImageObject","inLanguage":"ro-RO","@id":"https:\/\/www.lovendal.ro\/wp52\/teoretic-toti-am-putea-trai-intr-o-gaura-neagra-crede-un-om-de-stiinta-britanic-desi-inca-nu-sunt-dovezi-convingatoare\/#primaryimage","url":"https:\/\/www.lovendal.ro\/wp52\/wp-content\/uploads\/2024\/09\/gaura-neagra-1.jpg","contentUrl":"https:\/\/www.lovendal.ro\/wp52\/wp-content\/uploads\/2024\/09\/gaura-neagra-1.jpg","width":540,"height":385,"caption":"Imagine: pixabay.com (Commons Creative - free)"},{"@type":"BreadcrumbList","@id":"https:\/\/www.lovendal.ro\/wp52\/teoretic-toti-am-putea-trai-intr-o-gaura-neagra-crede-un-om-de-stiinta-britanic-desi-inca-nu-sunt-dovezi-convingatoare\/#breadcrumb","itemListElement":[{"@type":"ListItem","position":1,"name":"Home","item":"https:\/\/www.lovendal.ro\/wp52\/"},{"@type":"ListItem","position":2,"name":"&#8222;Teoretic, to\u0163i am putea tr\u0103i \u00eentr-o gaur\u0103 neagr\u0103&#8221; &#8211; crede un om de \u015ftiin\u0163\u0103 britanic, de\u015fi \u00eenc\u0103 nu sunt dovezi conving\u0103toare"}]},{"@type":"WebSite","@id":"https:\/\/www.lovendal.ro\/wp52\/#website","url":"https:\/\/www.lovendal.ro\/wp52\/","name":"Secretele lui Lovendal","description":"Site de secrete, stiinta si metafizica - din 2008 -","publisher":{"@id":"https:\/\/www.lovendal.ro\/wp52\/#organization"},"potentialAction":[{"@type":"SearchAction","target":{"@type":"EntryPoint","urlTemplate":"https:\/\/www.lovendal.ro\/wp52\/?s={search_term_string}"},"query-input":{"@type":"PropertyValueSpecification","valueRequired":true,"valueName":"search_term_string"}}],"inLanguage":"ro-RO"},{"@type":"Organization","@id":"https:\/\/www.lovendal.ro\/wp52\/#organization","name":"Secretele lui Lovendal","url":"https:\/\/www.lovendal.ro\/wp52\/","logo":{"@type":"ImageObject","inLanguage":"ro-RO","@id":"https:\/\/www.lovendal.ro\/wp52\/#\/schema\/logo\/image\/","url":"https:\/\/www.lovendal.ro\/wp52\/wp-content\/uploads\/2024\/06\/cropped-SLL-iun-2024-1.jpg","contentUrl":"https:\/\/www.lovendal.ro\/wp52\/wp-content\/uploads\/2024\/06\/cropped-SLL-iun-2024-1.jpg","width":771,"height":240,"caption":"Secretele lui Lovendal"},"image":{"@id":"https:\/\/www.lovendal.ro\/wp52\/#\/schema\/logo\/image\/"},"sameAs":["https:\/\/www.facebook.com\/secreteleluilovendal"]},{"@type":"Person","@id":"https:\/\/www.lovendal.ro\/wp52\/#\/schema\/person\/088691de5dfc346bb0c023e1e52ef5d9","name":"admin","image":{"@type":"ImageObject","inLanguage":"ro-RO","@id":"https:\/\/secure.gravatar.com\/avatar\/ecb9cd41f5f63c9c9b989999a59f6e2639a865ec361e9db054db0679a8f341c2?s=96&d=mm&r=g","url":"https:\/\/secure.gravatar.com\/avatar\/ecb9cd41f5f63c9c9b989999a59f6e2639a865ec361e9db054db0679a8f341c2?s=96&d=mm&r=g","contentUrl":"https:\/\/secure.gravatar.com\/avatar\/ecb9cd41f5f63c9c9b989999a59f6e2639a865ec361e9db054db0679a8f341c2?s=96&d=mm&r=g","caption":"admin"},"sameAs":["https:\/\/www.lovendal.ro\/wp52"]}]}},"_links":{"self":[{"href":"https:\/\/www.lovendal.ro\/wp52\/wp-json\/wp\/v2\/posts\/93723","targetHints":{"allow":["GET"]}}],"collection":[{"href":"https:\/\/www.lovendal.ro\/wp52\/wp-json\/wp\/v2\/posts"}],"about":[{"href":"https:\/\/www.lovendal.ro\/wp52\/wp-json\/wp\/v2\/types\/post"}],"author":[{"embeddable":true,"href":"https:\/\/www.lovendal.ro\/wp52\/wp-json\/wp\/v2\/users\/1"}],"replies":[{"embeddable":true,"href":"https:\/\/www.lovendal.ro\/wp52\/wp-json\/wp\/v2\/comments?post=93723"}],"version-history":[{"count":1,"href":"https:\/\/www.lovendal.ro\/wp52\/wp-json\/wp\/v2\/posts\/93723\/revisions"}],"predecessor-version":[{"id":93725,"href":"https:\/\/www.lovendal.ro\/wp52\/wp-json\/wp\/v2\/posts\/93723\/revisions\/93725"}],"wp:featuredmedia":[{"embeddable":true,"href":"https:\/\/www.lovendal.ro\/wp52\/wp-json\/wp\/v2\/media\/93724"}],"wp:attachment":[{"href":"https:\/\/www.lovendal.ro\/wp52\/wp-json\/wp\/v2\/media?parent=93723"}],"wp:term":[{"taxonomy":"category","embeddable":true,"href":"https:\/\/www.lovendal.ro\/wp52\/wp-json\/wp\/v2\/categories?post=93723"},{"taxonomy":"post_tag","embeddable":true,"href":"https:\/\/www.lovendal.ro\/wp52\/wp-json\/wp\/v2\/tags?post=93723"}],"curies":[{"name":"wp","href":"https:\/\/api.w.org\/{rel}","templated":true}]}}