{"id":92648,"date":"2024-08-16T15:29:01","date_gmt":"2024-08-16T12:29:01","guid":{"rendered":"https:\/\/www.lovendal.ro\/wp52\/?p=92648"},"modified":"2024-08-16T15:29:01","modified_gmt":"2024-08-16T12:29:01","slug":"o-teorie-foarte-interesanta-maimutele-isi-au-originea-in-oamenii-primitivi-si-nu-invers","status":"publish","type":"post","link":"https:\/\/www.lovendal.ro\/wp52\/o-teorie-foarte-interesanta-maimutele-isi-au-originea-in-oamenii-primitivi-si-nu-invers\/","title":{"rendered":"O teorie foarte interesant\u0103: &#8222;maimu\u0163ele \u00ee\u015fi au originea \u00een oamenii primitivi&#8221;! \u015ei nu invers&#8230;"},"content":{"rendered":"<figure id=\"attachment_92649\" aria-describedby=\"caption-attachment-92649\" style=\"width: 321px\" class=\"wp-caption alignleft\"><a href=\"https:\/\/www.lovendal.ro\/wp52\/wp-content\/uploads\/2024\/08\/maimuta-oameni.jpg\"><img loading=\"lazy\" decoding=\"async\" class=\" wp-image-92649\" src=\"https:\/\/www.lovendal.ro\/wp52\/wp-content\/uploads\/2024\/08\/maimuta-oameni.jpg\" alt=\"\" width=\"331\" height=\"268\" srcset=\"https:\/\/www.lovendal.ro\/wp52\/wp-content\/uploads\/2024\/08\/maimuta-oameni.jpg 543w, https:\/\/www.lovendal.ro\/wp52\/wp-content\/uploads\/2024\/08\/maimuta-oameni-300x243.jpg 300w\" sizes=\"auto, (max-width: 331px) 100vw, 331px\" \/><\/a><figcaption id=\"caption-attachment-92649\" class=\"wp-caption-text\"><strong>Imagine:<\/strong> generata de <strong>Microsoft Designer<\/strong><\/figcaption><\/figure>\n<p>Se \u015ftie celebra teorie gre\u015fit\u0103 a evolu\u0163ionismului a lui Darwin, conform c\u0103reia omul modern s-ar trage din maimu\u0163\u0103. Nu o mai comentez, pentru c\u0103 evolu\u0163ionismul sc\u00e2r\u0163\u00e2ie din toate \u00eencheieturile. Altceva, \u00eens\u0103, doream s\u0103 spun \u00een acest articol. \u015ei anume faptul c\u0103 anumite triburi din Congo au o p\u0103rere bizar\u0103 asupra originii maimu\u0163ei.<\/p>\n<p>Unul din aceste triburi care locuiesc pe marginile r\u00e2ului Congo, \u015fi care era foarte s\u0103rac, se g\u0103sea dobor\u00e2t de greutatea datoriilor contractate c\u0103tre alte triburi \u00eenvecinate. Datornicii se ar\u0103tau nemilo\u015fi \u015fi amenin\u0163\u0103tori. Atunci nenoroci\u0163ii debitori, ca s\u0103 scape de persecu\u0163ii, fugir\u0103 \u015fi se ascunser\u0103 \u00een p\u0103dure. Ei \u015fezur\u0103 acolo mult timp, tr\u0103ind \u00een mare suferin\u0163\u0103.<\/p>\n<p>\u00cen urma at\u00e2tor priva\u0163iuni de care sufereau, degenerar\u0103 pu\u0163in c\u00e2te pu\u0163in; pe corp le crescu p\u0103r, renun\u0163ar\u0103 s\u0103 vorbeasc\u0103 de team\u0103 s\u0103 nu fie recunoscu\u0163i, \u015fi tr\u0103iau urca\u0163i prin pomi ca s\u0103 nu fie prin\u015fi. Natura lor fizic\u0103 se transform\u0103 cu totul \u015fi devenir\u0103 fiin\u0163ele care pare c\u0103 au p\u0103strat \u00eenc\u0103 \u015fi ast\u0103zi ceva omenesc: maimu\u0163ele.<\/p>\n","protected":false},"excerpt":{"rendered":"<p>Se \u015ftie celebra teorie gre\u015fit\u0103 a evolu\u0163ionismului a lui Darwin, conform c\u0103reia omul modern s-ar trage din maimu\u0163\u0103. Nu o mai comentez, pentru c\u0103 evolu\u0163ionismul sc\u00e2r\u0163\u00e2ie din toate \u00eencheieturile. Altceva, \u00eens\u0103, doream s\u0103 spun \u00een acest articol. \u015ei anume faptul &#8230; <\/p>\n<p class=\"read-more-container\"><a title=\"O teorie foarte interesant\u0103: &#8222;maimu\u0163ele \u00ee\u015fi au originea \u00een oamenii primitivi&#8221;! \u015ei nu invers&#8230;\" class=\"read-more button\" href=\"https:\/\/www.lovendal.ro\/wp52\/o-teorie-foarte-interesanta-maimutele-isi-au-originea-in-oamenii-primitivi-si-nu-invers\/#more-92648\" aria-label=\"Cite\u0219te mai multe despre O teorie foarte interesant\u0103: &#8222;maimu\u0163ele \u00ee\u015fi au originea \u00een oamenii primitivi&#8221;! \u015ei nu invers&#8230;\">Cititi mai multe<\/a><\/p>\n","protected":false},"author":1,"featured_media":92649,"comment_status":"closed","ping_status":"open","sticky":false,"template":"","format":"standard","meta":{"footnotes":""},"categories":[54],"tags":[3425,252,256,241,9800,57,2398,1169,3042,2701],"class_list":["post-92648","post","type-post","status-publish","format-standard","has-post-thumbnail","hentry","category-natura-animale","tag-congo","tag-darwin","tag-evolutionism","tag-maimuta","tag-natura-animale","tag-oameni","tag-padure","tag-par","tag-rau","tag-trib","resize-featured-image"],"yoast_head":"<!-- This site is optimized with the Yoast SEO Premium plugin v23.3 (Yoast SEO v27.4) - https:\/\/yoast.com\/product\/yoast-seo-premium-wordpress\/ -->\n<title>O teorie foarte interesant\u0103: &quot;maimu\u0163ele \u00ee\u015fi au originea \u00een oamenii primitivi&quot;! \u015ei nu invers... - Secretele lui Lovendal<\/title>\n<meta name=\"robots\" content=\"index, follow, max-snippet:-1, max-image-preview:large, max-video-preview:-1\" \/>\n<link rel=\"canonical\" href=\"https:\/\/www.lovendal.ro\/wp52\/o-teorie-foarte-interesanta-maimutele-isi-au-originea-in-oamenii-primitivi-si-nu-invers\/\" \/>\n<meta property=\"og:locale\" content=\"ro_RO\" \/>\n<meta property=\"og:type\" content=\"article\" \/>\n<meta property=\"og:title\" content=\"O teorie foarte interesant\u0103: &quot;maimu\u0163ele \u00ee\u015fi au originea \u00een oamenii primitivi&quot;! \u015ei nu invers...\" \/>\n<meta property=\"og:description\" content=\"Se \u015ftie celebra teorie gre\u015fit\u0103 a evolu\u0163ionismului a lui Darwin, conform c\u0103reia omul modern s-ar trage din maimu\u0163\u0103. Nu o mai comentez, pentru c\u0103 evolu\u0163ionismul sc\u00e2r\u0163\u00e2ie din toate \u00eencheieturile. Altceva, \u00eens\u0103, doream s\u0103 spun \u00een acest articol. \u015ei anume faptul ... Cititi mai multe\" \/>\n<meta property=\"og:url\" content=\"https:\/\/www.lovendal.ro\/wp52\/o-teorie-foarte-interesanta-maimutele-isi-au-originea-in-oamenii-primitivi-si-nu-invers\/\" \/>\n<meta property=\"og:site_name\" content=\"Secretele lui Lovendal\" \/>\n<meta property=\"article:publisher\" content=\"https:\/\/www.facebook.com\/secreteleluilovendal\" \/>\n<meta property=\"article:published_time\" content=\"2024-08-16T12:29:01+00:00\" \/>\n<meta property=\"og:image\" content=\"https:\/\/www.lovendal.ro\/wp52\/wp-content\/uploads\/2024\/08\/maimuta-oameni.jpg\" \/>\n\t<meta property=\"og:image:width\" content=\"543\" \/>\n\t<meta property=\"og:image:height\" content=\"440\" \/>\n\t<meta property=\"og:image:type\" content=\"image\/jpeg\" \/>\n<meta name=\"author\" content=\"admin\" \/>\n<meta name=\"twitter:card\" content=\"summary_large_image\" \/>\n<meta name=\"twitter:label1\" content=\"Scris de\" \/>\n\t<meta name=\"twitter:data1\" content=\"admin\" \/>\n\t<meta name=\"twitter:label2\" content=\"Timp estimat pentru citire\" \/>\n\t<meta name=\"twitter:data2\" content=\"2 minute\" \/>\n<script type=\"application\/ld+json\" class=\"yoast-schema-graph\">{\"@context\":\"https:\\\/\\\/schema.org\",\"@graph\":[{\"@type\":\"Article\",\"@id\":\"https:\\\/\\\/www.lovendal.ro\\\/wp52\\\/o-teorie-foarte-interesanta-maimutele-isi-au-originea-in-oamenii-primitivi-si-nu-invers\\\/#article\",\"isPartOf\":{\"@id\":\"https:\\\/\\\/www.lovendal.ro\\\/wp52\\\/o-teorie-foarte-interesanta-maimutele-isi-au-originea-in-oamenii-primitivi-si-nu-invers\\\/\"},\"author\":{\"name\":\"admin\",\"@id\":\"https:\\\/\\\/www.lovendal.ro\\\/wp52\\\/#\\\/schema\\\/person\\\/088691de5dfc346bb0c023e1e52ef5d9\"},\"headline\":\"O teorie foarte interesant\u0103: &#8222;maimu\u0163ele \u00ee\u015fi au originea \u00een oamenii primitivi&#8221;! \u015ei nu invers&#8230;\",\"datePublished\":\"2024-08-16T12:29:01+00:00\",\"mainEntityOfPage\":{\"@id\":\"https:\\\/\\\/www.lovendal.ro\\\/wp52\\\/o-teorie-foarte-interesanta-maimutele-isi-au-originea-in-oamenii-primitivi-si-nu-invers\\\/\"},\"wordCount\":225,\"publisher\":{\"@id\":\"https:\\\/\\\/www.lovendal.ro\\\/wp52\\\/#organization\"},\"image\":{\"@id\":\"https:\\\/\\\/www.lovendal.ro\\\/wp52\\\/o-teorie-foarte-interesanta-maimutele-isi-au-originea-in-oamenii-primitivi-si-nu-invers\\\/#primaryimage\"},\"thumbnailUrl\":\"https:\\\/\\\/www.lovendal.ro\\\/wp52\\\/wp-content\\\/uploads\\\/2024\\\/08\\\/maimuta-oameni.jpg\",\"keywords\":[\"Congo\",\"Darwin\",\"evolu\u0163ionism\",\"maimu\u0163\u0103\",\"Natura-Animale\",\"oameni\",\"p\u0103dure\",\"p\u0103r\",\"r\u00e2u\",\"trib\"],\"articleSection\":[\"Natura-Animale\"],\"inLanguage\":\"ro-RO\"},{\"@type\":\"WebPage\",\"@id\":\"https:\\\/\\\/www.lovendal.ro\\\/wp52\\\/o-teorie-foarte-interesanta-maimutele-isi-au-originea-in-oamenii-primitivi-si-nu-invers\\\/\",\"url\":\"https:\\\/\\\/www.lovendal.ro\\\/wp52\\\/o-teorie-foarte-interesanta-maimutele-isi-au-originea-in-oamenii-primitivi-si-nu-invers\\\/\",\"name\":\"O teorie foarte interesant\u0103: \\\"maimu\u0163ele \u00ee\u015fi au originea \u00een oamenii primitivi\\\"! \u015ei nu invers... - Secretele lui Lovendal\",\"isPartOf\":{\"@id\":\"https:\\\/\\\/www.lovendal.ro\\\/wp52\\\/#website\"},\"primaryImageOfPage\":{\"@id\":\"https:\\\/\\\/www.lovendal.ro\\\/wp52\\\/o-teorie-foarte-interesanta-maimutele-isi-au-originea-in-oamenii-primitivi-si-nu-invers\\\/#primaryimage\"},\"image\":{\"@id\":\"https:\\\/\\\/www.lovendal.ro\\\/wp52\\\/o-teorie-foarte-interesanta-maimutele-isi-au-originea-in-oamenii-primitivi-si-nu-invers\\\/#primaryimage\"},\"thumbnailUrl\":\"https:\\\/\\\/www.lovendal.ro\\\/wp52\\\/wp-content\\\/uploads\\\/2024\\\/08\\\/maimuta-oameni.jpg\",\"datePublished\":\"2024-08-16T12:29:01+00:00\",\"breadcrumb\":{\"@id\":\"https:\\\/\\\/www.lovendal.ro\\\/wp52\\\/o-teorie-foarte-interesanta-maimutele-isi-au-originea-in-oamenii-primitivi-si-nu-invers\\\/#breadcrumb\"},\"inLanguage\":\"ro-RO\",\"potentialAction\":[{\"@type\":\"ReadAction\",\"target\":[\"https:\\\/\\\/www.lovendal.ro\\\/wp52\\\/o-teorie-foarte-interesanta-maimutele-isi-au-originea-in-oamenii-primitivi-si-nu-invers\\\/\"]}]},{\"@type\":\"ImageObject\",\"inLanguage\":\"ro-RO\",\"@id\":\"https:\\\/\\\/www.lovendal.ro\\\/wp52\\\/o-teorie-foarte-interesanta-maimutele-isi-au-originea-in-oamenii-primitivi-si-nu-invers\\\/#primaryimage\",\"url\":\"https:\\\/\\\/www.lovendal.ro\\\/wp52\\\/wp-content\\\/uploads\\\/2024\\\/08\\\/maimuta-oameni.jpg\",\"contentUrl\":\"https:\\\/\\\/www.lovendal.ro\\\/wp52\\\/wp-content\\\/uploads\\\/2024\\\/08\\\/maimuta-oameni.jpg\",\"width\":543,\"height\":440,\"caption\":\"Imagine: generata de Microsoft Designer\"},{\"@type\":\"BreadcrumbList\",\"@id\":\"https:\\\/\\\/www.lovendal.ro\\\/wp52\\\/o-teorie-foarte-interesanta-maimutele-isi-au-originea-in-oamenii-primitivi-si-nu-invers\\\/#breadcrumb\",\"itemListElement\":[{\"@type\":\"ListItem\",\"position\":1,\"name\":\"Home\",\"item\":\"https:\\\/\\\/www.lovendal.ro\\\/wp52\\\/\"},{\"@type\":\"ListItem\",\"position\":2,\"name\":\"O teorie foarte interesant\u0103: &#8222;maimu\u0163ele \u00ee\u015fi au originea \u00een oamenii primitivi&#8221;! \u015ei nu invers&#8230;\"}]},{\"@type\":\"WebSite\",\"@id\":\"https:\\\/\\\/www.lovendal.ro\\\/wp52\\\/#website\",\"url\":\"https:\\\/\\\/www.lovendal.ro\\\/wp52\\\/\",\"name\":\"Secretele lui Lovendal\",\"description\":\"Site de secrete, stiinta si metafizica - din 2008 -\",\"publisher\":{\"@id\":\"https:\\\/\\\/www.lovendal.ro\\\/wp52\\\/#organization\"},\"potentialAction\":[{\"@type\":\"SearchAction\",\"target\":{\"@type\":\"EntryPoint\",\"urlTemplate\":\"https:\\\/\\\/www.lovendal.ro\\\/wp52\\\/?s={search_term_string}\"},\"query-input\":{\"@type\":\"PropertyValueSpecification\",\"valueRequired\":true,\"valueName\":\"search_term_string\"}}],\"inLanguage\":\"ro-RO\"},{\"@type\":\"Organization\",\"@id\":\"https:\\\/\\\/www.lovendal.ro\\\/wp52\\\/#organization\",\"name\":\"Secretele lui Lovendal\",\"url\":\"https:\\\/\\\/www.lovendal.ro\\\/wp52\\\/\",\"logo\":{\"@type\":\"ImageObject\",\"inLanguage\":\"ro-RO\",\"@id\":\"https:\\\/\\\/www.lovendal.ro\\\/wp52\\\/#\\\/schema\\\/logo\\\/image\\\/\",\"url\":\"https:\\\/\\\/www.lovendal.ro\\\/wp52\\\/wp-content\\\/uploads\\\/2024\\\/06\\\/cropped-SLL-iun-2024-1.jpg\",\"contentUrl\":\"https:\\\/\\\/www.lovendal.ro\\\/wp52\\\/wp-content\\\/uploads\\\/2024\\\/06\\\/cropped-SLL-iun-2024-1.jpg\",\"width\":771,\"height\":240,\"caption\":\"Secretele lui Lovendal\"},\"image\":{\"@id\":\"https:\\\/\\\/www.lovendal.ro\\\/wp52\\\/#\\\/schema\\\/logo\\\/image\\\/\"},\"sameAs\":[\"https:\\\/\\\/www.facebook.com\\\/secreteleluilovendal\"]},{\"@type\":\"Person\",\"@id\":\"https:\\\/\\\/www.lovendal.ro\\\/wp52\\\/#\\\/schema\\\/person\\\/088691de5dfc346bb0c023e1e52ef5d9\",\"name\":\"admin\",\"image\":{\"@type\":\"ImageObject\",\"inLanguage\":\"ro-RO\",\"@id\":\"https:\\\/\\\/secure.gravatar.com\\\/avatar\\\/ecb9cd41f5f63c9c9b989999a59f6e2639a865ec361e9db054db0679a8f341c2?s=96&d=mm&r=g\",\"url\":\"https:\\\/\\\/secure.gravatar.com\\\/avatar\\\/ecb9cd41f5f63c9c9b989999a59f6e2639a865ec361e9db054db0679a8f341c2?s=96&d=mm&r=g\",\"contentUrl\":\"https:\\\/\\\/secure.gravatar.com\\\/avatar\\\/ecb9cd41f5f63c9c9b989999a59f6e2639a865ec361e9db054db0679a8f341c2?s=96&d=mm&r=g\",\"caption\":\"admin\"},\"sameAs\":[\"https:\\\/\\\/www.lovendal.ro\\\/wp52\"]}]}<\/script>\n<!-- \/ Yoast SEO Premium plugin. -->","yoast_head_json":{"title":"O teorie foarte interesant\u0103: \"maimu\u0163ele \u00ee\u015fi au originea \u00een oamenii primitivi\"! \u015ei nu invers... - Secretele lui Lovendal","robots":{"index":"index","follow":"follow","max-snippet":"max-snippet:-1","max-image-preview":"max-image-preview:large","max-video-preview":"max-video-preview:-1"},"canonical":"https:\/\/www.lovendal.ro\/wp52\/o-teorie-foarte-interesanta-maimutele-isi-au-originea-in-oamenii-primitivi-si-nu-invers\/","og_locale":"ro_RO","og_type":"article","og_title":"O teorie foarte interesant\u0103: \"maimu\u0163ele \u00ee\u015fi au originea \u00een oamenii primitivi\"! \u015ei nu invers...","og_description":"Se \u015ftie celebra teorie gre\u015fit\u0103 a evolu\u0163ionismului a lui Darwin, conform c\u0103reia omul modern s-ar trage din maimu\u0163\u0103. Nu o mai comentez, pentru c\u0103 evolu\u0163ionismul sc\u00e2r\u0163\u00e2ie din toate \u00eencheieturile. Altceva, \u00eens\u0103, doream s\u0103 spun \u00een acest articol. \u015ei anume faptul ... Cititi mai multe","og_url":"https:\/\/www.lovendal.ro\/wp52\/o-teorie-foarte-interesanta-maimutele-isi-au-originea-in-oamenii-primitivi-si-nu-invers\/","og_site_name":"Secretele lui Lovendal","article_publisher":"https:\/\/www.facebook.com\/secreteleluilovendal","article_published_time":"2024-08-16T12:29:01+00:00","og_image":[{"width":543,"height":440,"url":"https:\/\/www.lovendal.ro\/wp52\/wp-content\/uploads\/2024\/08\/maimuta-oameni.jpg","type":"image\/jpeg"}],"author":"admin","twitter_card":"summary_large_image","twitter_misc":{"Scris de":"admin","Timp estimat pentru citire":"2 minute"},"schema":{"@context":"https:\/\/schema.org","@graph":[{"@type":"Article","@id":"https:\/\/www.lovendal.ro\/wp52\/o-teorie-foarte-interesanta-maimutele-isi-au-originea-in-oamenii-primitivi-si-nu-invers\/#article","isPartOf":{"@id":"https:\/\/www.lovendal.ro\/wp52\/o-teorie-foarte-interesanta-maimutele-isi-au-originea-in-oamenii-primitivi-si-nu-invers\/"},"author":{"name":"admin","@id":"https:\/\/www.lovendal.ro\/wp52\/#\/schema\/person\/088691de5dfc346bb0c023e1e52ef5d9"},"headline":"O teorie foarte interesant\u0103: &#8222;maimu\u0163ele \u00ee\u015fi au originea \u00een oamenii primitivi&#8221;! \u015ei nu invers&#8230;","datePublished":"2024-08-16T12:29:01+00:00","mainEntityOfPage":{"@id":"https:\/\/www.lovendal.ro\/wp52\/o-teorie-foarte-interesanta-maimutele-isi-au-originea-in-oamenii-primitivi-si-nu-invers\/"},"wordCount":225,"publisher":{"@id":"https:\/\/www.lovendal.ro\/wp52\/#organization"},"image":{"@id":"https:\/\/www.lovendal.ro\/wp52\/o-teorie-foarte-interesanta-maimutele-isi-au-originea-in-oamenii-primitivi-si-nu-invers\/#primaryimage"},"thumbnailUrl":"https:\/\/www.lovendal.ro\/wp52\/wp-content\/uploads\/2024\/08\/maimuta-oameni.jpg","keywords":["Congo","Darwin","evolu\u0163ionism","maimu\u0163\u0103","Natura-Animale","oameni","p\u0103dure","p\u0103r","r\u00e2u","trib"],"articleSection":["Natura-Animale"],"inLanguage":"ro-RO"},{"@type":"WebPage","@id":"https:\/\/www.lovendal.ro\/wp52\/o-teorie-foarte-interesanta-maimutele-isi-au-originea-in-oamenii-primitivi-si-nu-invers\/","url":"https:\/\/www.lovendal.ro\/wp52\/o-teorie-foarte-interesanta-maimutele-isi-au-originea-in-oamenii-primitivi-si-nu-invers\/","name":"O teorie foarte interesant\u0103: \"maimu\u0163ele \u00ee\u015fi au originea \u00een oamenii primitivi\"! \u015ei nu invers... - Secretele lui Lovendal","isPartOf":{"@id":"https:\/\/www.lovendal.ro\/wp52\/#website"},"primaryImageOfPage":{"@id":"https:\/\/www.lovendal.ro\/wp52\/o-teorie-foarte-interesanta-maimutele-isi-au-originea-in-oamenii-primitivi-si-nu-invers\/#primaryimage"},"image":{"@id":"https:\/\/www.lovendal.ro\/wp52\/o-teorie-foarte-interesanta-maimutele-isi-au-originea-in-oamenii-primitivi-si-nu-invers\/#primaryimage"},"thumbnailUrl":"https:\/\/www.lovendal.ro\/wp52\/wp-content\/uploads\/2024\/08\/maimuta-oameni.jpg","datePublished":"2024-08-16T12:29:01+00:00","breadcrumb":{"@id":"https:\/\/www.lovendal.ro\/wp52\/o-teorie-foarte-interesanta-maimutele-isi-au-originea-in-oamenii-primitivi-si-nu-invers\/#breadcrumb"},"inLanguage":"ro-RO","potentialAction":[{"@type":"ReadAction","target":["https:\/\/www.lovendal.ro\/wp52\/o-teorie-foarte-interesanta-maimutele-isi-au-originea-in-oamenii-primitivi-si-nu-invers\/"]}]},{"@type":"ImageObject","inLanguage":"ro-RO","@id":"https:\/\/www.lovendal.ro\/wp52\/o-teorie-foarte-interesanta-maimutele-isi-au-originea-in-oamenii-primitivi-si-nu-invers\/#primaryimage","url":"https:\/\/www.lovendal.ro\/wp52\/wp-content\/uploads\/2024\/08\/maimuta-oameni.jpg","contentUrl":"https:\/\/www.lovendal.ro\/wp52\/wp-content\/uploads\/2024\/08\/maimuta-oameni.jpg","width":543,"height":440,"caption":"Imagine: generata de Microsoft Designer"},{"@type":"BreadcrumbList","@id":"https:\/\/www.lovendal.ro\/wp52\/o-teorie-foarte-interesanta-maimutele-isi-au-originea-in-oamenii-primitivi-si-nu-invers\/#breadcrumb","itemListElement":[{"@type":"ListItem","position":1,"name":"Home","item":"https:\/\/www.lovendal.ro\/wp52\/"},{"@type":"ListItem","position":2,"name":"O teorie foarte interesant\u0103: &#8222;maimu\u0163ele \u00ee\u015fi au originea \u00een oamenii primitivi&#8221;! \u015ei nu invers&#8230;"}]},{"@type":"WebSite","@id":"https:\/\/www.lovendal.ro\/wp52\/#website","url":"https:\/\/www.lovendal.ro\/wp52\/","name":"Secretele lui Lovendal","description":"Site de secrete, stiinta si metafizica - din 2008 -","publisher":{"@id":"https:\/\/www.lovendal.ro\/wp52\/#organization"},"potentialAction":[{"@type":"SearchAction","target":{"@type":"EntryPoint","urlTemplate":"https:\/\/www.lovendal.ro\/wp52\/?s={search_term_string}"},"query-input":{"@type":"PropertyValueSpecification","valueRequired":true,"valueName":"search_term_string"}}],"inLanguage":"ro-RO"},{"@type":"Organization","@id":"https:\/\/www.lovendal.ro\/wp52\/#organization","name":"Secretele lui Lovendal","url":"https:\/\/www.lovendal.ro\/wp52\/","logo":{"@type":"ImageObject","inLanguage":"ro-RO","@id":"https:\/\/www.lovendal.ro\/wp52\/#\/schema\/logo\/image\/","url":"https:\/\/www.lovendal.ro\/wp52\/wp-content\/uploads\/2024\/06\/cropped-SLL-iun-2024-1.jpg","contentUrl":"https:\/\/www.lovendal.ro\/wp52\/wp-content\/uploads\/2024\/06\/cropped-SLL-iun-2024-1.jpg","width":771,"height":240,"caption":"Secretele lui Lovendal"},"image":{"@id":"https:\/\/www.lovendal.ro\/wp52\/#\/schema\/logo\/image\/"},"sameAs":["https:\/\/www.facebook.com\/secreteleluilovendal"]},{"@type":"Person","@id":"https:\/\/www.lovendal.ro\/wp52\/#\/schema\/person\/088691de5dfc346bb0c023e1e52ef5d9","name":"admin","image":{"@type":"ImageObject","inLanguage":"ro-RO","@id":"https:\/\/secure.gravatar.com\/avatar\/ecb9cd41f5f63c9c9b989999a59f6e2639a865ec361e9db054db0679a8f341c2?s=96&d=mm&r=g","url":"https:\/\/secure.gravatar.com\/avatar\/ecb9cd41f5f63c9c9b989999a59f6e2639a865ec361e9db054db0679a8f341c2?s=96&d=mm&r=g","contentUrl":"https:\/\/secure.gravatar.com\/avatar\/ecb9cd41f5f63c9c9b989999a59f6e2639a865ec361e9db054db0679a8f341c2?s=96&d=mm&r=g","caption":"admin"},"sameAs":["https:\/\/www.lovendal.ro\/wp52"]}]}},"_links":{"self":[{"href":"https:\/\/www.lovendal.ro\/wp52\/wp-json\/wp\/v2\/posts\/92648","targetHints":{"allow":["GET"]}}],"collection":[{"href":"https:\/\/www.lovendal.ro\/wp52\/wp-json\/wp\/v2\/posts"}],"about":[{"href":"https:\/\/www.lovendal.ro\/wp52\/wp-json\/wp\/v2\/types\/post"}],"author":[{"embeddable":true,"href":"https:\/\/www.lovendal.ro\/wp52\/wp-json\/wp\/v2\/users\/1"}],"replies":[{"embeddable":true,"href":"https:\/\/www.lovendal.ro\/wp52\/wp-json\/wp\/v2\/comments?post=92648"}],"version-history":[{"count":1,"href":"https:\/\/www.lovendal.ro\/wp52\/wp-json\/wp\/v2\/posts\/92648\/revisions"}],"predecessor-version":[{"id":92650,"href":"https:\/\/www.lovendal.ro\/wp52\/wp-json\/wp\/v2\/posts\/92648\/revisions\/92650"}],"wp:featuredmedia":[{"embeddable":true,"href":"https:\/\/www.lovendal.ro\/wp52\/wp-json\/wp\/v2\/media\/92649"}],"wp:attachment":[{"href":"https:\/\/www.lovendal.ro\/wp52\/wp-json\/wp\/v2\/media?parent=92648"}],"wp:term":[{"taxonomy":"category","embeddable":true,"href":"https:\/\/www.lovendal.ro\/wp52\/wp-json\/wp\/v2\/categories?post=92648"},{"taxonomy":"post_tag","embeddable":true,"href":"https:\/\/www.lovendal.ro\/wp52\/wp-json\/wp\/v2\/tags?post=92648"}],"curies":[{"name":"wp","href":"https:\/\/api.w.org\/{rel}","templated":true}]}}