{"id":92464,"date":"2024-08-09T16:47:43","date_gmt":"2024-08-09T13:47:43","guid":{"rendered":"https:\/\/www.lovendal.ro\/wp52\/?p=92464"},"modified":"2024-08-09T16:47:43","modified_gmt":"2024-08-09T13:47:43","slug":"intr-o-pictura-controversata-din-secolul-al-iii-lea-d-hr-iisus-hristos-este-reprezentat-tinand-in-mana-un-fel-de-bagheta-magica-de-parca-ar-fi-fost-un-magician","status":"publish","type":"post","link":"https:\/\/www.lovendal.ro\/wp52\/intr-o-pictura-controversata-din-secolul-al-iii-lea-d-hr-iisus-hristos-este-reprezentat-tinand-in-mana-un-fel-de-bagheta-magica-de-parca-ar-fi-fost-un-magician\/","title":{"rendered":"\u00centr-o pictur\u0103 controversat\u0103 din secolul al III-lea d.Hr., Iisus Hristos este reprezentat \u0163in\u00e2nd \u00een m\u00e2n\u0103 un fel de&#8230; &#8222;baghet\u0103 magic\u0103&#8221;, de parc\u0103 ar fi fost un magician"},"content":{"rendered":"<figure id=\"attachment_92465\" aria-describedby=\"caption-attachment-92465\" style=\"width: 349px\" class=\"wp-caption alignleft\"><a href=\"https:\/\/www.lovendal.ro\/wp52\/wp-content\/uploads\/2024\/08\/Iisus-secolul-3.jpg\"><img loading=\"lazy\" decoding=\"async\" class=\" wp-image-92465\" src=\"https:\/\/www.lovendal.ro\/wp52\/wp-content\/uploads\/2024\/08\/Iisus-secolul-3.jpg\" alt=\"\" width=\"359\" height=\"263\" srcset=\"https:\/\/www.lovendal.ro\/wp52\/wp-content\/uploads\/2024\/08\/Iisus-secolul-3.jpg 540w, https:\/\/www.lovendal.ro\/wp52\/wp-content\/uploads\/2024\/08\/Iisus-secolul-3-300x220.jpg 300w\" sizes=\"auto, (max-width: 359px) 100vw, 359px\" \/><\/a><figcaption id=\"caption-attachment-92465\" class=\"wp-caption-text\"><strong>Imaginea:<\/strong> <em><strong>Held Collection<\/strong><\/em><\/figcaption><\/figure>\n<p>Una dintre cele mai controversate desene reprezent\u00e2ndu-l pe Iisus este cel din acest articol \u015fi care este din secolul al III-lea d.Hr. A\u015fadar, din momentul mor\u0163ii \u015fi \u00eenvierii lui Iisus Hristos \u015fi p\u00e2n\u0103 \u00een momentul realiz\u0103rii acestui desen (care se g\u0103se\u015fte \u00een Catacombele Calist din Roma) nu au trecut mai mult de 200 &#8211; 250 de ani (aproximativ). De ce spun c\u0103 este o reprezentare controversat\u0103 a lui Iisus? Pentru c\u0103 El este pictat \u0163in\u00e2nd \u00een m\u00e2n\u0103 un fel de <em>&#8222;baghet\u0103 magic\u0103&#8221;<\/em>, pentru \u00eenvierea lui Laz\u0103r, de parc\u0103 ar fi fost un <em>&#8222;magician&#8221;<\/em>.<\/p>\n<p>Citez de pe site-ul <a href=\"https:\/\/cojs.org\/earliest-known-depiction-of-lazarus-callistus-catacombs-rome-3rd-century-ce\/\" target=\"_blank\" rel=\"noopener\"><strong>cojs.org<\/strong><\/a>: <em>&#8222;Pictura de perete care \u00eel prezint\u0103 pe Iisus \u00eenviindu-l pe Laz\u0103r este un exemplu clasic de art\u0103 cre\u0219tin\u0103 timpurie care \u00eel \u00eenf\u0103\u021bi\u0219eaz\u0103 pe Hristos ca f\u0103c\u0103tor de minuni. C\u00e2nd Iisus nu era deghizat \u00een p\u0103stor sau \u00een zeu grec, adep\u021bii l-au ar\u0103tat adesea \u00een actul miracolelor sale biblice. Departe de a fi la fel de important\u0103 precum \u00cenvierea, a ar\u0103ta miracolele lui Iisus a fost o modalitate relativ sigur\u0103 de a l\u0103uda divinitatea lui Iisus, dac\u0103 aceast\u0103 art\u0103 clandestin\u0103 ar fi fost vreodat\u0103 descoperit\u0103. Acestea fiind spuse, majoritatea acestor tipuri de lucr\u0103ri se g\u0103sesc doar \u00een epoca post-constantin\u0103&#8221;.<\/em><\/p>\n<p>Voi ce crede\u0163i de acest desen?<\/p>\n","protected":false},"excerpt":{"rendered":"<p>Una dintre cele mai controversate desene reprezent\u00e2ndu-l pe Iisus este cel din acest articol \u015fi care este din secolul al III-lea d.Hr. A\u015fadar, din momentul mor\u0163ii \u015fi \u00eenvierii lui Iisus Hristos \u015fi p\u00e2n\u0103 \u00een momentul realiz\u0103rii acestui desen (care se &#8230; <\/p>\n<p class=\"read-more-container\"><a title=\"\u00centr-o pictur\u0103 controversat\u0103 din secolul al III-lea d.Hr., Iisus Hristos este reprezentat \u0163in\u00e2nd \u00een m\u00e2n\u0103 un fel de&#8230; &#8222;baghet\u0103 magic\u0103&#8221;, de parc\u0103 ar fi fost un magician\" class=\"read-more button\" href=\"https:\/\/www.lovendal.ro\/wp52\/intr-o-pictura-controversata-din-secolul-al-iii-lea-d-hr-iisus-hristos-este-reprezentat-tinand-in-mana-un-fel-de-bagheta-magica-de-parca-ar-fi-fost-un-magician\/#more-92464\" aria-label=\"Cite\u0219te mai multe despre \u00centr-o pictur\u0103 controversat\u0103 din secolul al III-lea d.Hr., Iisus Hristos este reprezentat \u0163in\u00e2nd \u00een m\u00e2n\u0103 un fel de&#8230; &#8222;baghet\u0103 magic\u0103&#8221;, de parc\u0103 ar fi fost un magician\">Cititi mai multe<\/a><\/p>\n","protected":false},"author":1,"featured_media":92465,"comment_status":"closed","ping_status":"open","sticky":false,"template":"","format":"standard","meta":{"footnotes":""},"categories":[14],"tags":[18509,12811,210,1657,3533,3713,9261,9796,2104,292,553,968],"class_list":["post-92464","post","type-post","status-publish","format-standard","has-post-thumbnail","hentry","category-paranormal-spiritualitate","tag-bagheta-magica","tag-catacomba","tag-iisus-hristos","tag-inviere-din-morti","tag-lazar","tag-magician","tag-miracole","tag-paranormal-spiritualitate","tag-pastor","tag-pictura","tag-roma","tag-zeu","resize-featured-image"],"yoast_head":"<!-- This site is optimized with the Yoast SEO Premium plugin v23.3 (Yoast SEO v27.4) - https:\/\/yoast.com\/product\/yoast-seo-premium-wordpress\/ -->\n<title>\u00centr-o pictur\u0103 controversat\u0103 din secolul al III-lea d.Hr., Iisus Hristos este reprezentat \u0163in\u00e2nd \u00een m\u00e2n\u0103 un fel de... &quot;baghet\u0103 magic\u0103&quot;, de parc\u0103 ar fi fost un magician - Secretele lui Lovendal<\/title>\n<meta name=\"robots\" content=\"index, follow, max-snippet:-1, max-image-preview:large, max-video-preview:-1\" \/>\n<link rel=\"canonical\" href=\"https:\/\/www.lovendal.ro\/wp52\/intr-o-pictura-controversata-din-secolul-al-iii-lea-d-hr-iisus-hristos-este-reprezentat-tinand-in-mana-un-fel-de-bagheta-magica-de-parca-ar-fi-fost-un-magician\/\" \/>\n<meta property=\"og:locale\" content=\"ro_RO\" \/>\n<meta property=\"og:type\" content=\"article\" \/>\n<meta property=\"og:title\" content=\"\u00centr-o pictur\u0103 controversat\u0103 din secolul al III-lea d.Hr., Iisus Hristos este reprezentat \u0163in\u00e2nd \u00een m\u00e2n\u0103 un fel de... &quot;baghet\u0103 magic\u0103&quot;, de parc\u0103 ar fi fost un magician\" \/>\n<meta property=\"og:description\" content=\"Una dintre cele mai controversate desene reprezent\u00e2ndu-l pe Iisus este cel din acest articol \u015fi care este din secolul al III-lea d.Hr. A\u015fadar, din momentul mor\u0163ii \u015fi \u00eenvierii lui Iisus Hristos \u015fi p\u00e2n\u0103 \u00een momentul realiz\u0103rii acestui desen (care se ... Cititi mai multe\" \/>\n<meta property=\"og:url\" content=\"https:\/\/www.lovendal.ro\/wp52\/intr-o-pictura-controversata-din-secolul-al-iii-lea-d-hr-iisus-hristos-este-reprezentat-tinand-in-mana-un-fel-de-bagheta-magica-de-parca-ar-fi-fost-un-magician\/\" \/>\n<meta property=\"og:site_name\" content=\"Secretele lui Lovendal\" \/>\n<meta property=\"article:publisher\" content=\"https:\/\/www.facebook.com\/secreteleluilovendal\" \/>\n<meta property=\"article:published_time\" content=\"2024-08-09T13:47:43+00:00\" \/>\n<meta property=\"og:image\" content=\"https:\/\/www.lovendal.ro\/wp52\/wp-content\/uploads\/2024\/08\/Iisus-secolul-3.jpg\" \/>\n\t<meta property=\"og:image:width\" content=\"540\" \/>\n\t<meta property=\"og:image:height\" content=\"396\" \/>\n\t<meta property=\"og:image:type\" content=\"image\/jpeg\" \/>\n<meta name=\"author\" content=\"admin\" \/>\n<meta name=\"twitter:card\" content=\"summary_large_image\" \/>\n<meta name=\"twitter:label1\" content=\"Scris de\" \/>\n\t<meta name=\"twitter:data1\" content=\"admin\" \/>\n\t<meta name=\"twitter:label2\" content=\"Timp estimat pentru citire\" \/>\n\t<meta name=\"twitter:data2\" content=\"2 minute\" \/>\n<script type=\"application\/ld+json\" class=\"yoast-schema-graph\">{\"@context\":\"https:\\\/\\\/schema.org\",\"@graph\":[{\"@type\":\"Article\",\"@id\":\"https:\\\/\\\/www.lovendal.ro\\\/wp52\\\/intr-o-pictura-controversata-din-secolul-al-iii-lea-d-hr-iisus-hristos-este-reprezentat-tinand-in-mana-un-fel-de-bagheta-magica-de-parca-ar-fi-fost-un-magician\\\/#article\",\"isPartOf\":{\"@id\":\"https:\\\/\\\/www.lovendal.ro\\\/wp52\\\/intr-o-pictura-controversata-din-secolul-al-iii-lea-d-hr-iisus-hristos-este-reprezentat-tinand-in-mana-un-fel-de-bagheta-magica-de-parca-ar-fi-fost-un-magician\\\/\"},\"author\":{\"name\":\"admin\",\"@id\":\"https:\\\/\\\/www.lovendal.ro\\\/wp52\\\/#\\\/schema\\\/person\\\/088691de5dfc346bb0c023e1e52ef5d9\"},\"headline\":\"\u00centr-o pictur\u0103 controversat\u0103 din secolul al III-lea d.Hr., Iisus Hristos este reprezentat \u0163in\u00e2nd \u00een m\u00e2n\u0103 un fel de&#8230; &#8222;baghet\u0103 magic\u0103&#8221;, de parc\u0103 ar fi fost un magician\",\"datePublished\":\"2024-08-09T13:47:43+00:00\",\"mainEntityOfPage\":{\"@id\":\"https:\\\/\\\/www.lovendal.ro\\\/wp52\\\/intr-o-pictura-controversata-din-secolul-al-iii-lea-d-hr-iisus-hristos-este-reprezentat-tinand-in-mana-un-fel-de-bagheta-magica-de-parca-ar-fi-fost-un-magician\\\/\"},\"wordCount\":267,\"publisher\":{\"@id\":\"https:\\\/\\\/www.lovendal.ro\\\/wp52\\\/#organization\"},\"image\":{\"@id\":\"https:\\\/\\\/www.lovendal.ro\\\/wp52\\\/intr-o-pictura-controversata-din-secolul-al-iii-lea-d-hr-iisus-hristos-este-reprezentat-tinand-in-mana-un-fel-de-bagheta-magica-de-parca-ar-fi-fost-un-magician\\\/#primaryimage\"},\"thumbnailUrl\":\"https:\\\/\\\/www.lovendal.ro\\\/wp52\\\/wp-content\\\/uploads\\\/2024\\\/08\\\/Iisus-secolul-3.jpg\",\"keywords\":[\"baghet\u0103 magic\u0103\",\"catacomb\u0103\",\"Iisus Hristos\",\"\u00eenviere din mor\u0163i\",\"Laz\u0103r\",\"magician\",\"miracole\",\"Paranormal-Spiritualitate\",\"pastor\",\"pictur\u0103\",\"Roma\",\"zeu\"],\"articleSection\":[\"Paranormal-Spiritualitate\"],\"inLanguage\":\"ro-RO\"},{\"@type\":\"WebPage\",\"@id\":\"https:\\\/\\\/www.lovendal.ro\\\/wp52\\\/intr-o-pictura-controversata-din-secolul-al-iii-lea-d-hr-iisus-hristos-este-reprezentat-tinand-in-mana-un-fel-de-bagheta-magica-de-parca-ar-fi-fost-un-magician\\\/\",\"url\":\"https:\\\/\\\/www.lovendal.ro\\\/wp52\\\/intr-o-pictura-controversata-din-secolul-al-iii-lea-d-hr-iisus-hristos-este-reprezentat-tinand-in-mana-un-fel-de-bagheta-magica-de-parca-ar-fi-fost-un-magician\\\/\",\"name\":\"\u00centr-o pictur\u0103 controversat\u0103 din secolul al III-lea d.Hr., Iisus Hristos este reprezentat \u0163in\u00e2nd \u00een m\u00e2n\u0103 un fel de... \\\"baghet\u0103 magic\u0103\\\", de parc\u0103 ar fi fost un magician - Secretele lui Lovendal\",\"isPartOf\":{\"@id\":\"https:\\\/\\\/www.lovendal.ro\\\/wp52\\\/#website\"},\"primaryImageOfPage\":{\"@id\":\"https:\\\/\\\/www.lovendal.ro\\\/wp52\\\/intr-o-pictura-controversata-din-secolul-al-iii-lea-d-hr-iisus-hristos-este-reprezentat-tinand-in-mana-un-fel-de-bagheta-magica-de-parca-ar-fi-fost-un-magician\\\/#primaryimage\"},\"image\":{\"@id\":\"https:\\\/\\\/www.lovendal.ro\\\/wp52\\\/intr-o-pictura-controversata-din-secolul-al-iii-lea-d-hr-iisus-hristos-este-reprezentat-tinand-in-mana-un-fel-de-bagheta-magica-de-parca-ar-fi-fost-un-magician\\\/#primaryimage\"},\"thumbnailUrl\":\"https:\\\/\\\/www.lovendal.ro\\\/wp52\\\/wp-content\\\/uploads\\\/2024\\\/08\\\/Iisus-secolul-3.jpg\",\"datePublished\":\"2024-08-09T13:47:43+00:00\",\"breadcrumb\":{\"@id\":\"https:\\\/\\\/www.lovendal.ro\\\/wp52\\\/intr-o-pictura-controversata-din-secolul-al-iii-lea-d-hr-iisus-hristos-este-reprezentat-tinand-in-mana-un-fel-de-bagheta-magica-de-parca-ar-fi-fost-un-magician\\\/#breadcrumb\"},\"inLanguage\":\"ro-RO\",\"potentialAction\":[{\"@type\":\"ReadAction\",\"target\":[\"https:\\\/\\\/www.lovendal.ro\\\/wp52\\\/intr-o-pictura-controversata-din-secolul-al-iii-lea-d-hr-iisus-hristos-este-reprezentat-tinand-in-mana-un-fel-de-bagheta-magica-de-parca-ar-fi-fost-un-magician\\\/\"]}]},{\"@type\":\"ImageObject\",\"inLanguage\":\"ro-RO\",\"@id\":\"https:\\\/\\\/www.lovendal.ro\\\/wp52\\\/intr-o-pictura-controversata-din-secolul-al-iii-lea-d-hr-iisus-hristos-este-reprezentat-tinand-in-mana-un-fel-de-bagheta-magica-de-parca-ar-fi-fost-un-magician\\\/#primaryimage\",\"url\":\"https:\\\/\\\/www.lovendal.ro\\\/wp52\\\/wp-content\\\/uploads\\\/2024\\\/08\\\/Iisus-secolul-3.jpg\",\"contentUrl\":\"https:\\\/\\\/www.lovendal.ro\\\/wp52\\\/wp-content\\\/uploads\\\/2024\\\/08\\\/Iisus-secolul-3.jpg\",\"width\":540,\"height\":396,\"caption\":\"Imaginea: Held Collection\"},{\"@type\":\"BreadcrumbList\",\"@id\":\"https:\\\/\\\/www.lovendal.ro\\\/wp52\\\/intr-o-pictura-controversata-din-secolul-al-iii-lea-d-hr-iisus-hristos-este-reprezentat-tinand-in-mana-un-fel-de-bagheta-magica-de-parca-ar-fi-fost-un-magician\\\/#breadcrumb\",\"itemListElement\":[{\"@type\":\"ListItem\",\"position\":1,\"name\":\"Home\",\"item\":\"https:\\\/\\\/www.lovendal.ro\\\/wp52\\\/\"},{\"@type\":\"ListItem\",\"position\":2,\"name\":\"\u00centr-o pictur\u0103 controversat\u0103 din secolul al III-lea d.Hr., Iisus Hristos este reprezentat \u0163in\u00e2nd \u00een m\u00e2n\u0103 un fel de&#8230; &#8222;baghet\u0103 magic\u0103&#8221;, de parc\u0103 ar fi fost un magician\"}]},{\"@type\":\"WebSite\",\"@id\":\"https:\\\/\\\/www.lovendal.ro\\\/wp52\\\/#website\",\"url\":\"https:\\\/\\\/www.lovendal.ro\\\/wp52\\\/\",\"name\":\"Secretele lui Lovendal\",\"description\":\"Site de secrete, stiinta si metafizica - din 2008 -\",\"publisher\":{\"@id\":\"https:\\\/\\\/www.lovendal.ro\\\/wp52\\\/#organization\"},\"potentialAction\":[{\"@type\":\"SearchAction\",\"target\":{\"@type\":\"EntryPoint\",\"urlTemplate\":\"https:\\\/\\\/www.lovendal.ro\\\/wp52\\\/?s={search_term_string}\"},\"query-input\":{\"@type\":\"PropertyValueSpecification\",\"valueRequired\":true,\"valueName\":\"search_term_string\"}}],\"inLanguage\":\"ro-RO\"},{\"@type\":\"Organization\",\"@id\":\"https:\\\/\\\/www.lovendal.ro\\\/wp52\\\/#organization\",\"name\":\"Secretele lui Lovendal\",\"url\":\"https:\\\/\\\/www.lovendal.ro\\\/wp52\\\/\",\"logo\":{\"@type\":\"ImageObject\",\"inLanguage\":\"ro-RO\",\"@id\":\"https:\\\/\\\/www.lovendal.ro\\\/wp52\\\/#\\\/schema\\\/logo\\\/image\\\/\",\"url\":\"https:\\\/\\\/www.lovendal.ro\\\/wp52\\\/wp-content\\\/uploads\\\/2024\\\/06\\\/cropped-SLL-iun-2024-1.jpg\",\"contentUrl\":\"https:\\\/\\\/www.lovendal.ro\\\/wp52\\\/wp-content\\\/uploads\\\/2024\\\/06\\\/cropped-SLL-iun-2024-1.jpg\",\"width\":771,\"height\":240,\"caption\":\"Secretele lui Lovendal\"},\"image\":{\"@id\":\"https:\\\/\\\/www.lovendal.ro\\\/wp52\\\/#\\\/schema\\\/logo\\\/image\\\/\"},\"sameAs\":[\"https:\\\/\\\/www.facebook.com\\\/secreteleluilovendal\"]},{\"@type\":\"Person\",\"@id\":\"https:\\\/\\\/www.lovendal.ro\\\/wp52\\\/#\\\/schema\\\/person\\\/088691de5dfc346bb0c023e1e52ef5d9\",\"name\":\"admin\",\"image\":{\"@type\":\"ImageObject\",\"inLanguage\":\"ro-RO\",\"@id\":\"https:\\\/\\\/secure.gravatar.com\\\/avatar\\\/ecb9cd41f5f63c9c9b989999a59f6e2639a865ec361e9db054db0679a8f341c2?s=96&d=mm&r=g\",\"url\":\"https:\\\/\\\/secure.gravatar.com\\\/avatar\\\/ecb9cd41f5f63c9c9b989999a59f6e2639a865ec361e9db054db0679a8f341c2?s=96&d=mm&r=g\",\"contentUrl\":\"https:\\\/\\\/secure.gravatar.com\\\/avatar\\\/ecb9cd41f5f63c9c9b989999a59f6e2639a865ec361e9db054db0679a8f341c2?s=96&d=mm&r=g\",\"caption\":\"admin\"},\"sameAs\":[\"https:\\\/\\\/www.lovendal.ro\\\/wp52\"]}]}<\/script>\n<!-- \/ Yoast SEO Premium plugin. -->","yoast_head_json":{"title":"\u00centr-o pictur\u0103 controversat\u0103 din secolul al III-lea d.Hr., Iisus Hristos este reprezentat \u0163in\u00e2nd \u00een m\u00e2n\u0103 un fel de... \"baghet\u0103 magic\u0103\", de parc\u0103 ar fi fost un magician - Secretele lui Lovendal","robots":{"index":"index","follow":"follow","max-snippet":"max-snippet:-1","max-image-preview":"max-image-preview:large","max-video-preview":"max-video-preview:-1"},"canonical":"https:\/\/www.lovendal.ro\/wp52\/intr-o-pictura-controversata-din-secolul-al-iii-lea-d-hr-iisus-hristos-este-reprezentat-tinand-in-mana-un-fel-de-bagheta-magica-de-parca-ar-fi-fost-un-magician\/","og_locale":"ro_RO","og_type":"article","og_title":"\u00centr-o pictur\u0103 controversat\u0103 din secolul al III-lea d.Hr., Iisus Hristos este reprezentat \u0163in\u00e2nd \u00een m\u00e2n\u0103 un fel de... \"baghet\u0103 magic\u0103\", de parc\u0103 ar fi fost un magician","og_description":"Una dintre cele mai controversate desene reprezent\u00e2ndu-l pe Iisus este cel din acest articol \u015fi care este din secolul al III-lea d.Hr. A\u015fadar, din momentul mor\u0163ii \u015fi \u00eenvierii lui Iisus Hristos \u015fi p\u00e2n\u0103 \u00een momentul realiz\u0103rii acestui desen (care se ... Cititi mai multe","og_url":"https:\/\/www.lovendal.ro\/wp52\/intr-o-pictura-controversata-din-secolul-al-iii-lea-d-hr-iisus-hristos-este-reprezentat-tinand-in-mana-un-fel-de-bagheta-magica-de-parca-ar-fi-fost-un-magician\/","og_site_name":"Secretele lui Lovendal","article_publisher":"https:\/\/www.facebook.com\/secreteleluilovendal","article_published_time":"2024-08-09T13:47:43+00:00","og_image":[{"width":540,"height":396,"url":"https:\/\/www.lovendal.ro\/wp52\/wp-content\/uploads\/2024\/08\/Iisus-secolul-3.jpg","type":"image\/jpeg"}],"author":"admin","twitter_card":"summary_large_image","twitter_misc":{"Scris de":"admin","Timp estimat pentru citire":"2 minute"},"schema":{"@context":"https:\/\/schema.org","@graph":[{"@type":"Article","@id":"https:\/\/www.lovendal.ro\/wp52\/intr-o-pictura-controversata-din-secolul-al-iii-lea-d-hr-iisus-hristos-este-reprezentat-tinand-in-mana-un-fel-de-bagheta-magica-de-parca-ar-fi-fost-un-magician\/#article","isPartOf":{"@id":"https:\/\/www.lovendal.ro\/wp52\/intr-o-pictura-controversata-din-secolul-al-iii-lea-d-hr-iisus-hristos-este-reprezentat-tinand-in-mana-un-fel-de-bagheta-magica-de-parca-ar-fi-fost-un-magician\/"},"author":{"name":"admin","@id":"https:\/\/www.lovendal.ro\/wp52\/#\/schema\/person\/088691de5dfc346bb0c023e1e52ef5d9"},"headline":"\u00centr-o pictur\u0103 controversat\u0103 din secolul al III-lea d.Hr., Iisus Hristos este reprezentat \u0163in\u00e2nd \u00een m\u00e2n\u0103 un fel de&#8230; &#8222;baghet\u0103 magic\u0103&#8221;, de parc\u0103 ar fi fost un magician","datePublished":"2024-08-09T13:47:43+00:00","mainEntityOfPage":{"@id":"https:\/\/www.lovendal.ro\/wp52\/intr-o-pictura-controversata-din-secolul-al-iii-lea-d-hr-iisus-hristos-este-reprezentat-tinand-in-mana-un-fel-de-bagheta-magica-de-parca-ar-fi-fost-un-magician\/"},"wordCount":267,"publisher":{"@id":"https:\/\/www.lovendal.ro\/wp52\/#organization"},"image":{"@id":"https:\/\/www.lovendal.ro\/wp52\/intr-o-pictura-controversata-din-secolul-al-iii-lea-d-hr-iisus-hristos-este-reprezentat-tinand-in-mana-un-fel-de-bagheta-magica-de-parca-ar-fi-fost-un-magician\/#primaryimage"},"thumbnailUrl":"https:\/\/www.lovendal.ro\/wp52\/wp-content\/uploads\/2024\/08\/Iisus-secolul-3.jpg","keywords":["baghet\u0103 magic\u0103","catacomb\u0103","Iisus Hristos","\u00eenviere din mor\u0163i","Laz\u0103r","magician","miracole","Paranormal-Spiritualitate","pastor","pictur\u0103","Roma","zeu"],"articleSection":["Paranormal-Spiritualitate"],"inLanguage":"ro-RO"},{"@type":"WebPage","@id":"https:\/\/www.lovendal.ro\/wp52\/intr-o-pictura-controversata-din-secolul-al-iii-lea-d-hr-iisus-hristos-este-reprezentat-tinand-in-mana-un-fel-de-bagheta-magica-de-parca-ar-fi-fost-un-magician\/","url":"https:\/\/www.lovendal.ro\/wp52\/intr-o-pictura-controversata-din-secolul-al-iii-lea-d-hr-iisus-hristos-este-reprezentat-tinand-in-mana-un-fel-de-bagheta-magica-de-parca-ar-fi-fost-un-magician\/","name":"\u00centr-o pictur\u0103 controversat\u0103 din secolul al III-lea d.Hr., Iisus Hristos este reprezentat \u0163in\u00e2nd \u00een m\u00e2n\u0103 un fel de... \"baghet\u0103 magic\u0103\", de parc\u0103 ar fi fost un magician - Secretele lui Lovendal","isPartOf":{"@id":"https:\/\/www.lovendal.ro\/wp52\/#website"},"primaryImageOfPage":{"@id":"https:\/\/www.lovendal.ro\/wp52\/intr-o-pictura-controversata-din-secolul-al-iii-lea-d-hr-iisus-hristos-este-reprezentat-tinand-in-mana-un-fel-de-bagheta-magica-de-parca-ar-fi-fost-un-magician\/#primaryimage"},"image":{"@id":"https:\/\/www.lovendal.ro\/wp52\/intr-o-pictura-controversata-din-secolul-al-iii-lea-d-hr-iisus-hristos-este-reprezentat-tinand-in-mana-un-fel-de-bagheta-magica-de-parca-ar-fi-fost-un-magician\/#primaryimage"},"thumbnailUrl":"https:\/\/www.lovendal.ro\/wp52\/wp-content\/uploads\/2024\/08\/Iisus-secolul-3.jpg","datePublished":"2024-08-09T13:47:43+00:00","breadcrumb":{"@id":"https:\/\/www.lovendal.ro\/wp52\/intr-o-pictura-controversata-din-secolul-al-iii-lea-d-hr-iisus-hristos-este-reprezentat-tinand-in-mana-un-fel-de-bagheta-magica-de-parca-ar-fi-fost-un-magician\/#breadcrumb"},"inLanguage":"ro-RO","potentialAction":[{"@type":"ReadAction","target":["https:\/\/www.lovendal.ro\/wp52\/intr-o-pictura-controversata-din-secolul-al-iii-lea-d-hr-iisus-hristos-este-reprezentat-tinand-in-mana-un-fel-de-bagheta-magica-de-parca-ar-fi-fost-un-magician\/"]}]},{"@type":"ImageObject","inLanguage":"ro-RO","@id":"https:\/\/www.lovendal.ro\/wp52\/intr-o-pictura-controversata-din-secolul-al-iii-lea-d-hr-iisus-hristos-este-reprezentat-tinand-in-mana-un-fel-de-bagheta-magica-de-parca-ar-fi-fost-un-magician\/#primaryimage","url":"https:\/\/www.lovendal.ro\/wp52\/wp-content\/uploads\/2024\/08\/Iisus-secolul-3.jpg","contentUrl":"https:\/\/www.lovendal.ro\/wp52\/wp-content\/uploads\/2024\/08\/Iisus-secolul-3.jpg","width":540,"height":396,"caption":"Imaginea: Held Collection"},{"@type":"BreadcrumbList","@id":"https:\/\/www.lovendal.ro\/wp52\/intr-o-pictura-controversata-din-secolul-al-iii-lea-d-hr-iisus-hristos-este-reprezentat-tinand-in-mana-un-fel-de-bagheta-magica-de-parca-ar-fi-fost-un-magician\/#breadcrumb","itemListElement":[{"@type":"ListItem","position":1,"name":"Home","item":"https:\/\/www.lovendal.ro\/wp52\/"},{"@type":"ListItem","position":2,"name":"\u00centr-o pictur\u0103 controversat\u0103 din secolul al III-lea d.Hr., Iisus Hristos este reprezentat \u0163in\u00e2nd \u00een m\u00e2n\u0103 un fel de&#8230; &#8222;baghet\u0103 magic\u0103&#8221;, de parc\u0103 ar fi fost un magician"}]},{"@type":"WebSite","@id":"https:\/\/www.lovendal.ro\/wp52\/#website","url":"https:\/\/www.lovendal.ro\/wp52\/","name":"Secretele lui Lovendal","description":"Site de secrete, stiinta si metafizica - din 2008 -","publisher":{"@id":"https:\/\/www.lovendal.ro\/wp52\/#organization"},"potentialAction":[{"@type":"SearchAction","target":{"@type":"EntryPoint","urlTemplate":"https:\/\/www.lovendal.ro\/wp52\/?s={search_term_string}"},"query-input":{"@type":"PropertyValueSpecification","valueRequired":true,"valueName":"search_term_string"}}],"inLanguage":"ro-RO"},{"@type":"Organization","@id":"https:\/\/www.lovendal.ro\/wp52\/#organization","name":"Secretele lui Lovendal","url":"https:\/\/www.lovendal.ro\/wp52\/","logo":{"@type":"ImageObject","inLanguage":"ro-RO","@id":"https:\/\/www.lovendal.ro\/wp52\/#\/schema\/logo\/image\/","url":"https:\/\/www.lovendal.ro\/wp52\/wp-content\/uploads\/2024\/06\/cropped-SLL-iun-2024-1.jpg","contentUrl":"https:\/\/www.lovendal.ro\/wp52\/wp-content\/uploads\/2024\/06\/cropped-SLL-iun-2024-1.jpg","width":771,"height":240,"caption":"Secretele lui Lovendal"},"image":{"@id":"https:\/\/www.lovendal.ro\/wp52\/#\/schema\/logo\/image\/"},"sameAs":["https:\/\/www.facebook.com\/secreteleluilovendal"]},{"@type":"Person","@id":"https:\/\/www.lovendal.ro\/wp52\/#\/schema\/person\/088691de5dfc346bb0c023e1e52ef5d9","name":"admin","image":{"@type":"ImageObject","inLanguage":"ro-RO","@id":"https:\/\/secure.gravatar.com\/avatar\/ecb9cd41f5f63c9c9b989999a59f6e2639a865ec361e9db054db0679a8f341c2?s=96&d=mm&r=g","url":"https:\/\/secure.gravatar.com\/avatar\/ecb9cd41f5f63c9c9b989999a59f6e2639a865ec361e9db054db0679a8f341c2?s=96&d=mm&r=g","contentUrl":"https:\/\/secure.gravatar.com\/avatar\/ecb9cd41f5f63c9c9b989999a59f6e2639a865ec361e9db054db0679a8f341c2?s=96&d=mm&r=g","caption":"admin"},"sameAs":["https:\/\/www.lovendal.ro\/wp52"]}]}},"_links":{"self":[{"href":"https:\/\/www.lovendal.ro\/wp52\/wp-json\/wp\/v2\/posts\/92464","targetHints":{"allow":["GET"]}}],"collection":[{"href":"https:\/\/www.lovendal.ro\/wp52\/wp-json\/wp\/v2\/posts"}],"about":[{"href":"https:\/\/www.lovendal.ro\/wp52\/wp-json\/wp\/v2\/types\/post"}],"author":[{"embeddable":true,"href":"https:\/\/www.lovendal.ro\/wp52\/wp-json\/wp\/v2\/users\/1"}],"replies":[{"embeddable":true,"href":"https:\/\/www.lovendal.ro\/wp52\/wp-json\/wp\/v2\/comments?post=92464"}],"version-history":[{"count":1,"href":"https:\/\/www.lovendal.ro\/wp52\/wp-json\/wp\/v2\/posts\/92464\/revisions"}],"predecessor-version":[{"id":92466,"href":"https:\/\/www.lovendal.ro\/wp52\/wp-json\/wp\/v2\/posts\/92464\/revisions\/92466"}],"wp:featuredmedia":[{"embeddable":true,"href":"https:\/\/www.lovendal.ro\/wp52\/wp-json\/wp\/v2\/media\/92465"}],"wp:attachment":[{"href":"https:\/\/www.lovendal.ro\/wp52\/wp-json\/wp\/v2\/media?parent=92464"}],"wp:term":[{"taxonomy":"category","embeddable":true,"href":"https:\/\/www.lovendal.ro\/wp52\/wp-json\/wp\/v2\/categories?post=92464"},{"taxonomy":"post_tag","embeddable":true,"href":"https:\/\/www.lovendal.ro\/wp52\/wp-json\/wp\/v2\/tags?post=92464"}],"curies":[{"name":"wp","href":"https:\/\/api.w.org\/{rel}","templated":true}]}}