{"id":91165,"date":"2024-06-15T06:51:55","date_gmt":"2024-06-15T03:51:55","guid":{"rendered":"https:\/\/www.lovendal.ro\/wp52\/?p=91165"},"modified":"2024-06-15T06:55:31","modified_gmt":"2024-06-15T03:55:31","slug":"intr-o-padure-din-iasi-mai-multe-fapturi-umanoide-cu-capul-mare-si-haine-stralucitoare-coborara-dintr-o-nava-ciudata-caz-relatat-de-regretatul-ion-tugui","status":"publish","type":"post","link":"https:\/\/www.lovendal.ro\/wp52\/intr-o-padure-din-iasi-mai-multe-fapturi-umanoide-cu-capul-mare-si-haine-stralucitoare-coborara-dintr-o-nava-ciudata-caz-relatat-de-regretatul-ion-tugui\/","title":{"rendered":"&#8222;\u00centr-o p\u0103dure din Ia\u015fi, mai multe f\u0103pturi umanoide cu capul mare \u015fi haine str\u0103lucitoare cobor\u00e2r\u0103 dintr-o nav\u0103 ciudat\u0103&#8221; &#8211; caz relatat de regretatul Ion \u0162ugui"},"content":{"rendered":"<p>\u00cent\u00e2mplarea urm\u0103toare a avut loc prin anii &#8217;50 &#8211; &#8217;60 probabil \u00een localitatea Runcu (jude\u0163ul Ia\u015fi) \u015fi a fost relatat\u0103 de regretatul Ion \u0162ugui.<\/p>\n<figure id=\"attachment_91166\" aria-describedby=\"caption-attachment-91166\" style=\"width: 348px\" class=\"wp-caption alignleft\"><a href=\"https:\/\/www.lovendal.ro\/wp52\/wp-content\/uploads\/2024\/06\/extraterestri-coborand-din-OZN.jpg\"><img loading=\"lazy\" decoding=\"async\" class=\"size-full wp-image-91166\" src=\"https:\/\/www.lovendal.ro\/wp52\/wp-content\/uploads\/2024\/06\/extraterestri-coborand-din-OZN.jpg\" alt=\"\" width=\"358\" height=\"314\" srcset=\"https:\/\/www.lovendal.ro\/wp52\/wp-content\/uploads\/2024\/06\/extraterestri-coborand-din-OZN.jpg 358w, https:\/\/www.lovendal.ro\/wp52\/wp-content\/uploads\/2024\/06\/extraterestri-coborand-din-OZN-300x263.jpg 300w\" sizes=\"auto, (max-width: 358px) 100vw, 358px\" \/><\/a><figcaption id=\"caption-attachment-91166\" class=\"wp-caption-text\">Imagine generata de Microsoft AI<\/figcaption><\/figure>\n<p>Despre ce-a fost vorba? Un \u0163\u0103ran s-a \u00eentors acas\u0103 mai devreme dec\u00e2t trebuia, de la s\u0103pat via, fiind foarte speriat. Era plin de transpira\u021bie \u0219i galben la fa\u0163\u0103. So\u0163ia lui l-a privit mirat\u0103 \u0219i atunci el a povestit totul.<\/p>\n<p>B\u0103rbatul s-a dus la o f\u00e2nt\u00e2n\u0103 s\u0103 ia ap\u0103 din p\u0103durea Buzduganu, aproape de satul Runcu. \u00cen momentul c\u00e2nd a vrut s\u0103 bea ap\u0103, pe cer ap\u0103ru un corp rotund de culoare portocalie, care se apropia cu vitez\u0103 mare de locul respectiv. B\u0103rbatul, \u00eensp\u0103im\u00e2ntat, \u00eencepu s\u0103 fug\u0103 spre ie\u0219irea din p\u0103dure. Dar a \u00eentors capul \u0219i a v\u0103zut c\u0103 acel corp s-a oprit \u00een apropierea f\u00e2nt\u00e2nii de unde el apucase s\u0103 fug\u0103 speriat.<\/p>\n<p>Din corpul respectiv v\u0103zu cobor\u00e2nd c\u00e2teva f\u0103pturi cu chip de oameni, care aveau capul foarte mare, picioare scurte \u0219i erau \u00eembr\u0103ca\u021bi \u00een haine str\u0103lucitoare. De pe cap li se desprindeau o mul\u021bime de raze. B\u0103rbatul nu avu curajul s\u0103 r\u0103m\u00e2n\u0103 mult acolo, dar a v\u0103zut, totu\u0219i, c\u0103 acele fiin\u021be urcar\u0103 \u00een aparatul lor \u0219i disp\u0103rur\u0103.<\/p>\n<p>Curiozitatea \u00eel f\u0103cu \u00eens\u0103 pe b\u0103rbat s\u0103 se \u00eentoarc\u0103 acolo. Cu uimire, v\u0103zu c\u0103 iarba din preajm\u0103 era complet ars\u0103 \u0219i p\u0103m\u00e2ntul ardea, era fierbinte. Obiectul mai era \u00eenc\u0103 deasupra p\u0103durii \u0219i atunci, teama pun\u00e2nd st\u0103p\u00e2nire pe b\u0103rbat, el renun\u021b\u0103 s\u0103 mai lucreze \u0219i veni alerg\u00e2nd acas\u0103.<\/p>\n","protected":false},"excerpt":{"rendered":"<p>\u00cent\u00e2mplarea urm\u0103toare a avut loc prin anii &#8217;50 &#8211; &#8217;60 probabil \u00een localitatea Runcu (jude\u0163ul Ia\u015fi) \u015fi a fost relatat\u0103 de regretatul Ion \u0162ugui. Despre ce-a fost vorba? Un \u0163\u0103ran s-a \u00eentors acas\u0103 mai devreme dec\u00e2t trebuia, de la s\u0103pat &#8230; <\/p>\n<p class=\"read-more-container\"><a title=\"&#8222;\u00centr-o p\u0103dure din Ia\u015fi, mai multe f\u0103pturi umanoide cu capul mare \u015fi haine str\u0103lucitoare cobor\u00e2r\u0103 dintr-o nav\u0103 ciudat\u0103&#8221; &#8211; caz relatat de regretatul Ion \u0162ugui\" class=\"read-more button\" href=\"https:\/\/www.lovendal.ro\/wp52\/intr-o-padure-din-iasi-mai-multe-fapturi-umanoide-cu-capul-mare-si-haine-stralucitoare-coborara-dintr-o-nava-ciudata-caz-relatat-de-regretatul-ion-tugui\/#more-91165\" aria-label=\"Cite\u0219te mai multe despre &#8222;\u00centr-o p\u0103dure din Ia\u015fi, mai multe f\u0103pturi umanoide cu capul mare \u015fi haine str\u0103lucitoare cobor\u00e2r\u0103 dintr-o nav\u0103 ciudat\u0103&#8221; &#8211; caz relatat de regretatul Ion \u0162ugui\">Cititi mai multe<\/a><\/p>\n","protected":false},"author":1,"featured_media":91166,"comment_status":"closed","ping_status":"open","sticky":false,"template":"","format":"standard","meta":{"footnotes":""},"categories":[14],"tags":[1398,5557,3936,2276,3115,329,11037,9796,284],"class_list":["post-91165","post","type-post","status-publish","format-standard","has-post-thumbnail","hentry","category-paranormal-spiritualitate","tag-cap","tag-creatura","tag-fantana","tag-haine","tag-iarba","tag-iasi","tag-ion-tugui","tag-paranormal-spiritualitate","tag-picioare","resize-featured-image"],"yoast_head":"<!-- This site is optimized with the Yoast SEO Premium plugin v23.3 (Yoast SEO v27.4) - https:\/\/yoast.com\/product\/yoast-seo-premium-wordpress\/ -->\n<title>&quot;\u00centr-o p\u0103dure din Ia\u015fi, mai multe f\u0103pturi umanoide cu capul mare \u015fi haine str\u0103lucitoare cobor\u00e2r\u0103 dintr-o nav\u0103 ciudat\u0103&quot; - caz relatat de regretatul Ion \u0162ugui - Secretele lui Lovendal<\/title>\n<meta name=\"robots\" content=\"index, follow, max-snippet:-1, max-image-preview:large, max-video-preview:-1\" \/>\n<link rel=\"canonical\" href=\"https:\/\/www.lovendal.ro\/wp52\/intr-o-padure-din-iasi-mai-multe-fapturi-umanoide-cu-capul-mare-si-haine-stralucitoare-coborara-dintr-o-nava-ciudata-caz-relatat-de-regretatul-ion-tugui\/\" \/>\n<meta property=\"og:locale\" content=\"ro_RO\" \/>\n<meta property=\"og:type\" content=\"article\" \/>\n<meta property=\"og:title\" content=\"&quot;\u00centr-o p\u0103dure din Ia\u015fi, mai multe f\u0103pturi umanoide cu capul mare \u015fi haine str\u0103lucitoare cobor\u00e2r\u0103 dintr-o nav\u0103 ciudat\u0103&quot; - caz relatat de regretatul Ion \u0162ugui\" \/>\n<meta property=\"og:description\" content=\"\u00cent\u00e2mplarea urm\u0103toare a avut loc prin anii &#8217;50 &#8211; &#8217;60 probabil \u00een localitatea Runcu (jude\u0163ul Ia\u015fi) \u015fi a fost relatat\u0103 de regretatul Ion \u0162ugui. Despre ce-a fost vorba? Un \u0163\u0103ran s-a \u00eentors acas\u0103 mai devreme dec\u00e2t trebuia, de la s\u0103pat ... Cititi mai multe\" \/>\n<meta property=\"og:url\" content=\"https:\/\/www.lovendal.ro\/wp52\/intr-o-padure-din-iasi-mai-multe-fapturi-umanoide-cu-capul-mare-si-haine-stralucitoare-coborara-dintr-o-nava-ciudata-caz-relatat-de-regretatul-ion-tugui\/\" \/>\n<meta property=\"og:site_name\" content=\"Secretele lui Lovendal\" \/>\n<meta property=\"article:publisher\" content=\"https:\/\/www.facebook.com\/secreteleluilovendal\" \/>\n<meta property=\"article:published_time\" content=\"2024-06-15T03:51:55+00:00\" \/>\n<meta property=\"article:modified_time\" content=\"2024-06-15T03:55:31+00:00\" \/>\n<meta property=\"og:image\" content=\"https:\/\/www.lovendal.ro\/wp52\/wp-content\/uploads\/2024\/06\/extraterestri-coborand-din-OZN.jpg\" \/>\n\t<meta property=\"og:image:width\" content=\"358\" \/>\n\t<meta property=\"og:image:height\" content=\"314\" \/>\n\t<meta property=\"og:image:type\" content=\"image\/jpeg\" \/>\n<meta name=\"author\" content=\"admin\" \/>\n<meta name=\"twitter:card\" content=\"summary_large_image\" \/>\n<meta name=\"twitter:label1\" content=\"Scris de\" \/>\n\t<meta name=\"twitter:data1\" content=\"admin\" \/>\n\t<meta name=\"twitter:label2\" content=\"Timp estimat pentru citire\" \/>\n\t<meta name=\"twitter:data2\" content=\"1 minut\" \/>\n<script type=\"application\/ld+json\" class=\"yoast-schema-graph\">{\"@context\":\"https:\\\/\\\/schema.org\",\"@graph\":[{\"@type\":\"Article\",\"@id\":\"https:\\\/\\\/www.lovendal.ro\\\/wp52\\\/intr-o-padure-din-iasi-mai-multe-fapturi-umanoide-cu-capul-mare-si-haine-stralucitoare-coborara-dintr-o-nava-ciudata-caz-relatat-de-regretatul-ion-tugui\\\/#article\",\"isPartOf\":{\"@id\":\"https:\\\/\\\/www.lovendal.ro\\\/wp52\\\/intr-o-padure-din-iasi-mai-multe-fapturi-umanoide-cu-capul-mare-si-haine-stralucitoare-coborara-dintr-o-nava-ciudata-caz-relatat-de-regretatul-ion-tugui\\\/\"},\"author\":{\"name\":\"admin\",\"@id\":\"https:\\\/\\\/www.lovendal.ro\\\/wp52\\\/#\\\/schema\\\/person\\\/088691de5dfc346bb0c023e1e52ef5d9\"},\"headline\":\"&#8222;\u00centr-o p\u0103dure din Ia\u015fi, mai multe f\u0103pturi umanoide cu capul mare \u015fi haine str\u0103lucitoare cobor\u00e2r\u0103 dintr-o nav\u0103 ciudat\u0103&#8221; &#8211; caz relatat de regretatul Ion \u0162ugui\",\"datePublished\":\"2024-06-15T03:51:55+00:00\",\"dateModified\":\"2024-06-15T03:55:31+00:00\",\"mainEntityOfPage\":{\"@id\":\"https:\\\/\\\/www.lovendal.ro\\\/wp52\\\/intr-o-padure-din-iasi-mai-multe-fapturi-umanoide-cu-capul-mare-si-haine-stralucitoare-coborara-dintr-o-nava-ciudata-caz-relatat-de-regretatul-ion-tugui\\\/\"},\"wordCount\":326,\"publisher\":{\"@id\":\"https:\\\/\\\/www.lovendal.ro\\\/wp52\\\/#organization\"},\"image\":{\"@id\":\"https:\\\/\\\/www.lovendal.ro\\\/wp52\\\/intr-o-padure-din-iasi-mai-multe-fapturi-umanoide-cu-capul-mare-si-haine-stralucitoare-coborara-dintr-o-nava-ciudata-caz-relatat-de-regretatul-ion-tugui\\\/#primaryimage\"},\"thumbnailUrl\":\"https:\\\/\\\/www.lovendal.ro\\\/wp52\\\/wp-content\\\/uploads\\\/2024\\\/06\\\/extraterestri-coborand-din-OZN.jpg\",\"keywords\":[\"cap\",\"creatur\u0103\",\"f\u00e2nt\u00e2n\u0103\",\"haine\",\"iarb\u0103\",\"Ia\u015fi\",\"Ion \u0162ugui\",\"Paranormal-Spiritualitate\",\"picioare\"],\"articleSection\":[\"Paranormal-Spiritualitate\"],\"inLanguage\":\"ro-RO\"},{\"@type\":\"WebPage\",\"@id\":\"https:\\\/\\\/www.lovendal.ro\\\/wp52\\\/intr-o-padure-din-iasi-mai-multe-fapturi-umanoide-cu-capul-mare-si-haine-stralucitoare-coborara-dintr-o-nava-ciudata-caz-relatat-de-regretatul-ion-tugui\\\/\",\"url\":\"https:\\\/\\\/www.lovendal.ro\\\/wp52\\\/intr-o-padure-din-iasi-mai-multe-fapturi-umanoide-cu-capul-mare-si-haine-stralucitoare-coborara-dintr-o-nava-ciudata-caz-relatat-de-regretatul-ion-tugui\\\/\",\"name\":\"\\\"\u00centr-o p\u0103dure din Ia\u015fi, mai multe f\u0103pturi umanoide cu capul mare \u015fi haine str\u0103lucitoare cobor\u00e2r\u0103 dintr-o nav\u0103 ciudat\u0103\\\" - caz relatat de regretatul Ion \u0162ugui - Secretele lui Lovendal\",\"isPartOf\":{\"@id\":\"https:\\\/\\\/www.lovendal.ro\\\/wp52\\\/#website\"},\"primaryImageOfPage\":{\"@id\":\"https:\\\/\\\/www.lovendal.ro\\\/wp52\\\/intr-o-padure-din-iasi-mai-multe-fapturi-umanoide-cu-capul-mare-si-haine-stralucitoare-coborara-dintr-o-nava-ciudata-caz-relatat-de-regretatul-ion-tugui\\\/#primaryimage\"},\"image\":{\"@id\":\"https:\\\/\\\/www.lovendal.ro\\\/wp52\\\/intr-o-padure-din-iasi-mai-multe-fapturi-umanoide-cu-capul-mare-si-haine-stralucitoare-coborara-dintr-o-nava-ciudata-caz-relatat-de-regretatul-ion-tugui\\\/#primaryimage\"},\"thumbnailUrl\":\"https:\\\/\\\/www.lovendal.ro\\\/wp52\\\/wp-content\\\/uploads\\\/2024\\\/06\\\/extraterestri-coborand-din-OZN.jpg\",\"datePublished\":\"2024-06-15T03:51:55+00:00\",\"dateModified\":\"2024-06-15T03:55:31+00:00\",\"breadcrumb\":{\"@id\":\"https:\\\/\\\/www.lovendal.ro\\\/wp52\\\/intr-o-padure-din-iasi-mai-multe-fapturi-umanoide-cu-capul-mare-si-haine-stralucitoare-coborara-dintr-o-nava-ciudata-caz-relatat-de-regretatul-ion-tugui\\\/#breadcrumb\"},\"inLanguage\":\"ro-RO\",\"potentialAction\":[{\"@type\":\"ReadAction\",\"target\":[\"https:\\\/\\\/www.lovendal.ro\\\/wp52\\\/intr-o-padure-din-iasi-mai-multe-fapturi-umanoide-cu-capul-mare-si-haine-stralucitoare-coborara-dintr-o-nava-ciudata-caz-relatat-de-regretatul-ion-tugui\\\/\"]}]},{\"@type\":\"ImageObject\",\"inLanguage\":\"ro-RO\",\"@id\":\"https:\\\/\\\/www.lovendal.ro\\\/wp52\\\/intr-o-padure-din-iasi-mai-multe-fapturi-umanoide-cu-capul-mare-si-haine-stralucitoare-coborara-dintr-o-nava-ciudata-caz-relatat-de-regretatul-ion-tugui\\\/#primaryimage\",\"url\":\"https:\\\/\\\/www.lovendal.ro\\\/wp52\\\/wp-content\\\/uploads\\\/2024\\\/06\\\/extraterestri-coborand-din-OZN.jpg\",\"contentUrl\":\"https:\\\/\\\/www.lovendal.ro\\\/wp52\\\/wp-content\\\/uploads\\\/2024\\\/06\\\/extraterestri-coborand-din-OZN.jpg\",\"width\":358,\"height\":314,\"caption\":\"Imagine generata de Microsoft AI\"},{\"@type\":\"BreadcrumbList\",\"@id\":\"https:\\\/\\\/www.lovendal.ro\\\/wp52\\\/intr-o-padure-din-iasi-mai-multe-fapturi-umanoide-cu-capul-mare-si-haine-stralucitoare-coborara-dintr-o-nava-ciudata-caz-relatat-de-regretatul-ion-tugui\\\/#breadcrumb\",\"itemListElement\":[{\"@type\":\"ListItem\",\"position\":1,\"name\":\"Home\",\"item\":\"https:\\\/\\\/www.lovendal.ro\\\/wp52\\\/\"},{\"@type\":\"ListItem\",\"position\":2,\"name\":\"&#8222;\u00centr-o p\u0103dure din Ia\u015fi, mai multe f\u0103pturi umanoide cu capul mare \u015fi haine str\u0103lucitoare cobor\u00e2r\u0103 dintr-o nav\u0103 ciudat\u0103&#8221; &#8211; caz relatat de regretatul Ion \u0162ugui\"}]},{\"@type\":\"WebSite\",\"@id\":\"https:\\\/\\\/www.lovendal.ro\\\/wp52\\\/#website\",\"url\":\"https:\\\/\\\/www.lovendal.ro\\\/wp52\\\/\",\"name\":\"Secretele lui Lovendal\",\"description\":\"Site de secrete, stiinta si metafizica - din 2008 -\",\"publisher\":{\"@id\":\"https:\\\/\\\/www.lovendal.ro\\\/wp52\\\/#organization\"},\"potentialAction\":[{\"@type\":\"SearchAction\",\"target\":{\"@type\":\"EntryPoint\",\"urlTemplate\":\"https:\\\/\\\/www.lovendal.ro\\\/wp52\\\/?s={search_term_string}\"},\"query-input\":{\"@type\":\"PropertyValueSpecification\",\"valueRequired\":true,\"valueName\":\"search_term_string\"}}],\"inLanguage\":\"ro-RO\"},{\"@type\":\"Organization\",\"@id\":\"https:\\\/\\\/www.lovendal.ro\\\/wp52\\\/#organization\",\"name\":\"Secretele lui Lovendal\",\"url\":\"https:\\\/\\\/www.lovendal.ro\\\/wp52\\\/\",\"logo\":{\"@type\":\"ImageObject\",\"inLanguage\":\"ro-RO\",\"@id\":\"https:\\\/\\\/www.lovendal.ro\\\/wp52\\\/#\\\/schema\\\/logo\\\/image\\\/\",\"url\":\"https:\\\/\\\/www.lovendal.ro\\\/wp52\\\/wp-content\\\/uploads\\\/2024\\\/06\\\/cropped-SLL-iun-2024-1.jpg\",\"contentUrl\":\"https:\\\/\\\/www.lovendal.ro\\\/wp52\\\/wp-content\\\/uploads\\\/2024\\\/06\\\/cropped-SLL-iun-2024-1.jpg\",\"width\":771,\"height\":240,\"caption\":\"Secretele lui Lovendal\"},\"image\":{\"@id\":\"https:\\\/\\\/www.lovendal.ro\\\/wp52\\\/#\\\/schema\\\/logo\\\/image\\\/\"},\"sameAs\":[\"https:\\\/\\\/www.facebook.com\\\/secreteleluilovendal\"]},{\"@type\":\"Person\",\"@id\":\"https:\\\/\\\/www.lovendal.ro\\\/wp52\\\/#\\\/schema\\\/person\\\/088691de5dfc346bb0c023e1e52ef5d9\",\"name\":\"admin\",\"image\":{\"@type\":\"ImageObject\",\"inLanguage\":\"ro-RO\",\"@id\":\"https:\\\/\\\/secure.gravatar.com\\\/avatar\\\/ecb9cd41f5f63c9c9b989999a59f6e2639a865ec361e9db054db0679a8f341c2?s=96&d=mm&r=g\",\"url\":\"https:\\\/\\\/secure.gravatar.com\\\/avatar\\\/ecb9cd41f5f63c9c9b989999a59f6e2639a865ec361e9db054db0679a8f341c2?s=96&d=mm&r=g\",\"contentUrl\":\"https:\\\/\\\/secure.gravatar.com\\\/avatar\\\/ecb9cd41f5f63c9c9b989999a59f6e2639a865ec361e9db054db0679a8f341c2?s=96&d=mm&r=g\",\"caption\":\"admin\"},\"sameAs\":[\"https:\\\/\\\/www.lovendal.ro\\\/wp52\"]}]}<\/script>\n<!-- \/ Yoast SEO Premium plugin. -->","yoast_head_json":{"title":"\"\u00centr-o p\u0103dure din Ia\u015fi, mai multe f\u0103pturi umanoide cu capul mare \u015fi haine str\u0103lucitoare cobor\u00e2r\u0103 dintr-o nav\u0103 ciudat\u0103\" - caz relatat de regretatul Ion \u0162ugui - Secretele lui Lovendal","robots":{"index":"index","follow":"follow","max-snippet":"max-snippet:-1","max-image-preview":"max-image-preview:large","max-video-preview":"max-video-preview:-1"},"canonical":"https:\/\/www.lovendal.ro\/wp52\/intr-o-padure-din-iasi-mai-multe-fapturi-umanoide-cu-capul-mare-si-haine-stralucitoare-coborara-dintr-o-nava-ciudata-caz-relatat-de-regretatul-ion-tugui\/","og_locale":"ro_RO","og_type":"article","og_title":"\"\u00centr-o p\u0103dure din Ia\u015fi, mai multe f\u0103pturi umanoide cu capul mare \u015fi haine str\u0103lucitoare cobor\u00e2r\u0103 dintr-o nav\u0103 ciudat\u0103\" - caz relatat de regretatul Ion \u0162ugui","og_description":"\u00cent\u00e2mplarea urm\u0103toare a avut loc prin anii &#8217;50 &#8211; &#8217;60 probabil \u00een localitatea Runcu (jude\u0163ul Ia\u015fi) \u015fi a fost relatat\u0103 de regretatul Ion \u0162ugui. Despre ce-a fost vorba? Un \u0163\u0103ran s-a \u00eentors acas\u0103 mai devreme dec\u00e2t trebuia, de la s\u0103pat ... Cititi mai multe","og_url":"https:\/\/www.lovendal.ro\/wp52\/intr-o-padure-din-iasi-mai-multe-fapturi-umanoide-cu-capul-mare-si-haine-stralucitoare-coborara-dintr-o-nava-ciudata-caz-relatat-de-regretatul-ion-tugui\/","og_site_name":"Secretele lui Lovendal","article_publisher":"https:\/\/www.facebook.com\/secreteleluilovendal","article_published_time":"2024-06-15T03:51:55+00:00","article_modified_time":"2024-06-15T03:55:31+00:00","og_image":[{"width":358,"height":314,"url":"https:\/\/www.lovendal.ro\/wp52\/wp-content\/uploads\/2024\/06\/extraterestri-coborand-din-OZN.jpg","type":"image\/jpeg"}],"author":"admin","twitter_card":"summary_large_image","twitter_misc":{"Scris de":"admin","Timp estimat pentru citire":"1 minut"},"schema":{"@context":"https:\/\/schema.org","@graph":[{"@type":"Article","@id":"https:\/\/www.lovendal.ro\/wp52\/intr-o-padure-din-iasi-mai-multe-fapturi-umanoide-cu-capul-mare-si-haine-stralucitoare-coborara-dintr-o-nava-ciudata-caz-relatat-de-regretatul-ion-tugui\/#article","isPartOf":{"@id":"https:\/\/www.lovendal.ro\/wp52\/intr-o-padure-din-iasi-mai-multe-fapturi-umanoide-cu-capul-mare-si-haine-stralucitoare-coborara-dintr-o-nava-ciudata-caz-relatat-de-regretatul-ion-tugui\/"},"author":{"name":"admin","@id":"https:\/\/www.lovendal.ro\/wp52\/#\/schema\/person\/088691de5dfc346bb0c023e1e52ef5d9"},"headline":"&#8222;\u00centr-o p\u0103dure din Ia\u015fi, mai multe f\u0103pturi umanoide cu capul mare \u015fi haine str\u0103lucitoare cobor\u00e2r\u0103 dintr-o nav\u0103 ciudat\u0103&#8221; &#8211; caz relatat de regretatul Ion \u0162ugui","datePublished":"2024-06-15T03:51:55+00:00","dateModified":"2024-06-15T03:55:31+00:00","mainEntityOfPage":{"@id":"https:\/\/www.lovendal.ro\/wp52\/intr-o-padure-din-iasi-mai-multe-fapturi-umanoide-cu-capul-mare-si-haine-stralucitoare-coborara-dintr-o-nava-ciudata-caz-relatat-de-regretatul-ion-tugui\/"},"wordCount":326,"publisher":{"@id":"https:\/\/www.lovendal.ro\/wp52\/#organization"},"image":{"@id":"https:\/\/www.lovendal.ro\/wp52\/intr-o-padure-din-iasi-mai-multe-fapturi-umanoide-cu-capul-mare-si-haine-stralucitoare-coborara-dintr-o-nava-ciudata-caz-relatat-de-regretatul-ion-tugui\/#primaryimage"},"thumbnailUrl":"https:\/\/www.lovendal.ro\/wp52\/wp-content\/uploads\/2024\/06\/extraterestri-coborand-din-OZN.jpg","keywords":["cap","creatur\u0103","f\u00e2nt\u00e2n\u0103","haine","iarb\u0103","Ia\u015fi","Ion \u0162ugui","Paranormal-Spiritualitate","picioare"],"articleSection":["Paranormal-Spiritualitate"],"inLanguage":"ro-RO"},{"@type":"WebPage","@id":"https:\/\/www.lovendal.ro\/wp52\/intr-o-padure-din-iasi-mai-multe-fapturi-umanoide-cu-capul-mare-si-haine-stralucitoare-coborara-dintr-o-nava-ciudata-caz-relatat-de-regretatul-ion-tugui\/","url":"https:\/\/www.lovendal.ro\/wp52\/intr-o-padure-din-iasi-mai-multe-fapturi-umanoide-cu-capul-mare-si-haine-stralucitoare-coborara-dintr-o-nava-ciudata-caz-relatat-de-regretatul-ion-tugui\/","name":"\"\u00centr-o p\u0103dure din Ia\u015fi, mai multe f\u0103pturi umanoide cu capul mare \u015fi haine str\u0103lucitoare cobor\u00e2r\u0103 dintr-o nav\u0103 ciudat\u0103\" - caz relatat de regretatul Ion \u0162ugui - Secretele lui Lovendal","isPartOf":{"@id":"https:\/\/www.lovendal.ro\/wp52\/#website"},"primaryImageOfPage":{"@id":"https:\/\/www.lovendal.ro\/wp52\/intr-o-padure-din-iasi-mai-multe-fapturi-umanoide-cu-capul-mare-si-haine-stralucitoare-coborara-dintr-o-nava-ciudata-caz-relatat-de-regretatul-ion-tugui\/#primaryimage"},"image":{"@id":"https:\/\/www.lovendal.ro\/wp52\/intr-o-padure-din-iasi-mai-multe-fapturi-umanoide-cu-capul-mare-si-haine-stralucitoare-coborara-dintr-o-nava-ciudata-caz-relatat-de-regretatul-ion-tugui\/#primaryimage"},"thumbnailUrl":"https:\/\/www.lovendal.ro\/wp52\/wp-content\/uploads\/2024\/06\/extraterestri-coborand-din-OZN.jpg","datePublished":"2024-06-15T03:51:55+00:00","dateModified":"2024-06-15T03:55:31+00:00","breadcrumb":{"@id":"https:\/\/www.lovendal.ro\/wp52\/intr-o-padure-din-iasi-mai-multe-fapturi-umanoide-cu-capul-mare-si-haine-stralucitoare-coborara-dintr-o-nava-ciudata-caz-relatat-de-regretatul-ion-tugui\/#breadcrumb"},"inLanguage":"ro-RO","potentialAction":[{"@type":"ReadAction","target":["https:\/\/www.lovendal.ro\/wp52\/intr-o-padure-din-iasi-mai-multe-fapturi-umanoide-cu-capul-mare-si-haine-stralucitoare-coborara-dintr-o-nava-ciudata-caz-relatat-de-regretatul-ion-tugui\/"]}]},{"@type":"ImageObject","inLanguage":"ro-RO","@id":"https:\/\/www.lovendal.ro\/wp52\/intr-o-padure-din-iasi-mai-multe-fapturi-umanoide-cu-capul-mare-si-haine-stralucitoare-coborara-dintr-o-nava-ciudata-caz-relatat-de-regretatul-ion-tugui\/#primaryimage","url":"https:\/\/www.lovendal.ro\/wp52\/wp-content\/uploads\/2024\/06\/extraterestri-coborand-din-OZN.jpg","contentUrl":"https:\/\/www.lovendal.ro\/wp52\/wp-content\/uploads\/2024\/06\/extraterestri-coborand-din-OZN.jpg","width":358,"height":314,"caption":"Imagine generata de Microsoft AI"},{"@type":"BreadcrumbList","@id":"https:\/\/www.lovendal.ro\/wp52\/intr-o-padure-din-iasi-mai-multe-fapturi-umanoide-cu-capul-mare-si-haine-stralucitoare-coborara-dintr-o-nava-ciudata-caz-relatat-de-regretatul-ion-tugui\/#breadcrumb","itemListElement":[{"@type":"ListItem","position":1,"name":"Home","item":"https:\/\/www.lovendal.ro\/wp52\/"},{"@type":"ListItem","position":2,"name":"&#8222;\u00centr-o p\u0103dure din Ia\u015fi, mai multe f\u0103pturi umanoide cu capul mare \u015fi haine str\u0103lucitoare cobor\u00e2r\u0103 dintr-o nav\u0103 ciudat\u0103&#8221; &#8211; caz relatat de regretatul Ion \u0162ugui"}]},{"@type":"WebSite","@id":"https:\/\/www.lovendal.ro\/wp52\/#website","url":"https:\/\/www.lovendal.ro\/wp52\/","name":"Secretele lui Lovendal","description":"Site de secrete, stiinta si metafizica - din 2008 -","publisher":{"@id":"https:\/\/www.lovendal.ro\/wp52\/#organization"},"potentialAction":[{"@type":"SearchAction","target":{"@type":"EntryPoint","urlTemplate":"https:\/\/www.lovendal.ro\/wp52\/?s={search_term_string}"},"query-input":{"@type":"PropertyValueSpecification","valueRequired":true,"valueName":"search_term_string"}}],"inLanguage":"ro-RO"},{"@type":"Organization","@id":"https:\/\/www.lovendal.ro\/wp52\/#organization","name":"Secretele lui Lovendal","url":"https:\/\/www.lovendal.ro\/wp52\/","logo":{"@type":"ImageObject","inLanguage":"ro-RO","@id":"https:\/\/www.lovendal.ro\/wp52\/#\/schema\/logo\/image\/","url":"https:\/\/www.lovendal.ro\/wp52\/wp-content\/uploads\/2024\/06\/cropped-SLL-iun-2024-1.jpg","contentUrl":"https:\/\/www.lovendal.ro\/wp52\/wp-content\/uploads\/2024\/06\/cropped-SLL-iun-2024-1.jpg","width":771,"height":240,"caption":"Secretele lui Lovendal"},"image":{"@id":"https:\/\/www.lovendal.ro\/wp52\/#\/schema\/logo\/image\/"},"sameAs":["https:\/\/www.facebook.com\/secreteleluilovendal"]},{"@type":"Person","@id":"https:\/\/www.lovendal.ro\/wp52\/#\/schema\/person\/088691de5dfc346bb0c023e1e52ef5d9","name":"admin","image":{"@type":"ImageObject","inLanguage":"ro-RO","@id":"https:\/\/secure.gravatar.com\/avatar\/ecb9cd41f5f63c9c9b989999a59f6e2639a865ec361e9db054db0679a8f341c2?s=96&d=mm&r=g","url":"https:\/\/secure.gravatar.com\/avatar\/ecb9cd41f5f63c9c9b989999a59f6e2639a865ec361e9db054db0679a8f341c2?s=96&d=mm&r=g","contentUrl":"https:\/\/secure.gravatar.com\/avatar\/ecb9cd41f5f63c9c9b989999a59f6e2639a865ec361e9db054db0679a8f341c2?s=96&d=mm&r=g","caption":"admin"},"sameAs":["https:\/\/www.lovendal.ro\/wp52"]}]}},"_links":{"self":[{"href":"https:\/\/www.lovendal.ro\/wp52\/wp-json\/wp\/v2\/posts\/91165","targetHints":{"allow":["GET"]}}],"collection":[{"href":"https:\/\/www.lovendal.ro\/wp52\/wp-json\/wp\/v2\/posts"}],"about":[{"href":"https:\/\/www.lovendal.ro\/wp52\/wp-json\/wp\/v2\/types\/post"}],"author":[{"embeddable":true,"href":"https:\/\/www.lovendal.ro\/wp52\/wp-json\/wp\/v2\/users\/1"}],"replies":[{"embeddable":true,"href":"https:\/\/www.lovendal.ro\/wp52\/wp-json\/wp\/v2\/comments?post=91165"}],"version-history":[{"count":1,"href":"https:\/\/www.lovendal.ro\/wp52\/wp-json\/wp\/v2\/posts\/91165\/revisions"}],"predecessor-version":[{"id":91167,"href":"https:\/\/www.lovendal.ro\/wp52\/wp-json\/wp\/v2\/posts\/91165\/revisions\/91167"}],"wp:featuredmedia":[{"embeddable":true,"href":"https:\/\/www.lovendal.ro\/wp52\/wp-json\/wp\/v2\/media\/91166"}],"wp:attachment":[{"href":"https:\/\/www.lovendal.ro\/wp52\/wp-json\/wp\/v2\/media?parent=91165"}],"wp:term":[{"taxonomy":"category","embeddable":true,"href":"https:\/\/www.lovendal.ro\/wp52\/wp-json\/wp\/v2\/categories?post=91165"},{"taxonomy":"post_tag","embeddable":true,"href":"https:\/\/www.lovendal.ro\/wp52\/wp-json\/wp\/v2\/tags?post=91165"}],"curies":[{"name":"wp","href":"https:\/\/api.w.org\/{rel}","templated":true}]}}