{"id":90746,"date":"2024-05-16T09:02:19","date_gmt":"2024-05-16T06:02:19","guid":{"rendered":"https:\/\/www.lovendal.ro\/wp52\/?p=90746"},"modified":"2024-05-16T09:02:19","modified_gmt":"2024-05-16T06:02:19","slug":"s-ar-putea-sa-traim-in-mijlocul-unui-gigant-vid-cosmic-de-2-miliarde-de-ani-lumina-diametru-sugereaza-un-studiu-stiintific-din-ianuarie-2024","status":"publish","type":"post","link":"https:\/\/www.lovendal.ro\/wp52\/s-ar-putea-sa-traim-in-mijlocul-unui-gigant-vid-cosmic-de-2-miliarde-de-ani-lumina-diametru-sugereaza-un-studiu-stiintific-din-ianuarie-2024\/","title":{"rendered":"S-ar putea s\u0103 tr\u0103im \u00een mijlocul unui gigant vid cosmic, de 2 miliarde de ani-lumin\u0103 diametru &#8211; sugereaz\u0103 un studiu \u015ftiin\u0163ific din ianuarie 2024"},"content":{"rendered":"<p><a href=\"https:\/\/www.lovendal.ro\/wp52\/wp-content\/uploads\/2024\/05\/vid-local-galaxia-Calea-Lactee.jpg\"><img loading=\"lazy\" decoding=\"async\" class=\"alignleft size-full wp-image-90747\" src=\"https:\/\/www.lovendal.ro\/wp52\/wp-content\/uploads\/2024\/05\/vid-local-galaxia-Calea-Lactee.jpg\" alt=\"\" width=\"356\" height=\"284\" srcset=\"https:\/\/www.lovendal.ro\/wp52\/wp-content\/uploads\/2024\/05\/vid-local-galaxia-Calea-Lactee.jpg 356w, https:\/\/www.lovendal.ro\/wp52\/wp-content\/uploads\/2024\/05\/vid-local-galaxia-Calea-Lactee-300x239.jpg 300w\" sizes=\"auto, (max-width: 356px) 100vw, 356px\" \/><\/a>Conform unei lucr\u0103ri \u015ftiin\u0163ifice publicate \u00een jurnalul <em><strong>&#8222;Monthly Notices of the Royal Astronomical Society&#8221;<\/strong> <\/em>din ianuarie 2024, se pare c\u0103 noi tr\u0103im \u00een mijlocul unui gigantic vid cosmic &#8211; cel mai mare observat vreodat\u0103. Astronomii au sugerat pentru prima dat\u0103 un astfel de vid \u00een 2013, iar de atunci dovezile existen\u021bei sale s-au tot adunat. Problema principal\u0103 e aceea c\u0103 acest vid n-ar trebui s\u0103 existe (conform fizicii actuale), ceea ce \u00eenseamn\u0103 c\u0103 e ceva gre\u015fit cu \u00een\u0163elegerea noastr\u0103 a Cosmosului.<\/p>\n<p>\u00cen lucrarea mai sus amintit\u0103, se sugereaz\u0103 c\u0103 am putea tr\u0103i \u00een apropierea centrului acestui vid, numit vidul KBC, care are un diametru de aproximativ 2 miliarde de ani-lumin\u0103, un spa\u021biu suficient de lat pentru a \u00eenc\u0103pea 20.000 de galaxii. Paradoxal, de\u015fi se nume\u015fte &#8222;vid&#8221;, el nu este chiar gol, pentru c\u0103 \u00een primul r\u00e2nd noi tr\u0103im \u00een el. Dar, el este cu aproximativ 20% mai gol dec\u00e2t spa\u021biul din afara grani\u021belor sale, un deficit destul de mare.<\/p>\n<p>\u015ei atunci, care e problema? Se \u015ftie c\u0103 Universul se afl\u0103 \u00een expansiune. Cosmologii se folosesc de <strong>constanta lui Hubble<\/strong> pentru a descrie viteza de accelerare a expansiunii Universului. Constanta Hubble ar trebui s\u0103 aib\u0103 aceea\u0219i valoare oriunde te-ai uita, indiferent dac\u0103 este aproape sau foarte departe. Problema este c\u0103 galaxiile \u0219i stelele din vecin\u0103tatea noastr\u0103 local\u0103 par s\u0103 se \u00eendep\u0103rteze de noi mai repede dec\u00e2t prezice constanta Hubble, sfid\u00e2nd practic legea cosmologic\u0103 care descrie modul \u00een care cre\u0219te \u0219i evolueaz\u0103 Universul. Iar noua lucrare sugereaz\u0103 c\u0103 vidul \u00een care tr\u0103im ar putea fi cheia rezolv\u0103rii problemei, deoarece regiunile de mare densitate cu o gravita\u021bie mai puternic\u0103 din afara vidului ar putea atrage galaxiile \u0219i stelele spre ele. Lucrurile se mi\u0219c\u0103 mai repede \u00een vid, zbur\u00e2nd din regiunea noastr\u0103 goal\u0103 spre spa\u021biul exterior aglomerat.<\/p>\n<p><strong>Sursa:<\/strong> lucrarea \u015ftiin\u0163ific\u0103 <a href=\"https:\/\/academic.oup.com\/mnras\/article\/527\/3\/4388\/7337338?login=false\" target=\"_blank\" rel=\"noopener\"><strong>&#8222;A simultaneous solution to the Hubble tension and observed bulk flow within 250 <em>h<\/em><sup>\u22121<\/sup> Mpc&#8221; \/ academic.oup.com<\/strong><\/a><\/p>\n","protected":false},"excerpt":{"rendered":"<p>Conform unei lucr\u0103ri \u015ftiin\u0163ifice publicate \u00een jurnalul &#8222;Monthly Notices of the Royal Astronomical Society&#8221; din ianuarie 2024, se pare c\u0103 noi tr\u0103im \u00een mijlocul unui gigantic vid cosmic &#8211; cel mai mare observat vreodat\u0103. Astronomii au sugerat pentru prima dat\u0103 &#8230; <\/p>\n<p class=\"read-more-container\"><a title=\"S-ar putea s\u0103 tr\u0103im \u00een mijlocul unui gigant vid cosmic, de 2 miliarde de ani-lumin\u0103 diametru &#8211; sugereaz\u0103 un studiu \u015ftiin\u0163ific din ianuarie 2024\" class=\"read-more button\" href=\"https:\/\/www.lovendal.ro\/wp52\/s-ar-putea-sa-traim-in-mijlocul-unui-gigant-vid-cosmic-de-2-miliarde-de-ani-lumina-diametru-sugereaza-un-studiu-stiintific-din-ianuarie-2024\/#more-90746\" aria-label=\"Cite\u0219te mai multe despre S-ar putea s\u0103 tr\u0103im \u00een mijlocul unui gigant vid cosmic, de 2 miliarde de ani-lumin\u0103 diametru &#8211; sugereaz\u0103 un studiu \u015ftiin\u0163ific din ianuarie 2024\">Cititi mai multe<\/a><\/p>\n","protected":false},"author":1,"featured_media":90747,"comment_status":"closed","ping_status":"open","sticky":false,"template":"","format":"standard","meta":{"footnotes":""},"categories":[11039],"tags":[102,1405,4339,18289,433,1367,2364,3175,1087,3629],"class_list":["post-90746","post","type-post","status-publish","format-standard","has-post-thumbnail","hentry","category-astronomie","tag-astronomie","tag-calea-lactee","tag-constanta-hubble","tag-cosmologi","tag-galaxie","tag-gravitatie","tag-revista","tag-stele","tag-univers","tag-vid"],"yoast_head":"<!-- This site is optimized with the Yoast SEO Premium plugin v23.3 (Yoast SEO v27.4) - https:\/\/yoast.com\/product\/yoast-seo-premium-wordpress\/ -->\n<title>S-ar putea s\u0103 tr\u0103im \u00een mijlocul unui gigant vid cosmic, de 2 miliarde de ani-lumin\u0103 diametru - sugereaz\u0103 un studiu \u015ftiin\u0163ific din ianuarie 2024 - Secretele lui Lovendal<\/title>\n<meta name=\"robots\" content=\"index, follow, max-snippet:-1, max-image-preview:large, max-video-preview:-1\" \/>\n<link rel=\"canonical\" href=\"https:\/\/www.lovendal.ro\/wp52\/s-ar-putea-sa-traim-in-mijlocul-unui-gigant-vid-cosmic-de-2-miliarde-de-ani-lumina-diametru-sugereaza-un-studiu-stiintific-din-ianuarie-2024\/\" \/>\n<meta property=\"og:locale\" content=\"ro_RO\" \/>\n<meta property=\"og:type\" content=\"article\" \/>\n<meta property=\"og:title\" content=\"S-ar putea s\u0103 tr\u0103im \u00een mijlocul unui gigant vid cosmic, de 2 miliarde de ani-lumin\u0103 diametru - sugereaz\u0103 un studiu \u015ftiin\u0163ific din ianuarie 2024\" \/>\n<meta property=\"og:description\" content=\"Conform unei lucr\u0103ri \u015ftiin\u0163ifice publicate \u00een jurnalul &#8222;Monthly Notices of the Royal Astronomical Society&#8221; din ianuarie 2024, se pare c\u0103 noi tr\u0103im \u00een mijlocul unui gigantic vid cosmic &#8211; cel mai mare observat vreodat\u0103. Astronomii au sugerat pentru prima dat\u0103 ... Cititi mai multe\" \/>\n<meta property=\"og:url\" content=\"https:\/\/www.lovendal.ro\/wp52\/s-ar-putea-sa-traim-in-mijlocul-unui-gigant-vid-cosmic-de-2-miliarde-de-ani-lumina-diametru-sugereaza-un-studiu-stiintific-din-ianuarie-2024\/\" \/>\n<meta property=\"og:site_name\" content=\"Secretele lui Lovendal\" \/>\n<meta property=\"article:publisher\" content=\"https:\/\/www.facebook.com\/secreteleluilovendal\" \/>\n<meta property=\"article:published_time\" content=\"2024-05-16T06:02:19+00:00\" \/>\n<meta property=\"og:image\" content=\"https:\/\/www.lovendal.ro\/wp52\/wp-content\/uploads\/2024\/05\/vid-local-galaxia-Calea-Lactee.jpg\" \/>\n\t<meta property=\"og:image:width\" content=\"356\" \/>\n\t<meta property=\"og:image:height\" content=\"284\" \/>\n\t<meta property=\"og:image:type\" content=\"image\/jpeg\" \/>\n<meta name=\"author\" content=\"admin\" \/>\n<meta name=\"twitter:card\" content=\"summary_large_image\" \/>\n<meta name=\"twitter:label1\" content=\"Scris de\" \/>\n\t<meta name=\"twitter:data1\" content=\"admin\" \/>\n\t<meta name=\"twitter:label2\" content=\"Timp estimat pentru citire\" \/>\n\t<meta name=\"twitter:data2\" content=\"2 minute\" \/>\n<script type=\"application\/ld+json\" class=\"yoast-schema-graph\">{\"@context\":\"https:\\\/\\\/schema.org\",\"@graph\":[{\"@type\":\"Article\",\"@id\":\"https:\\\/\\\/www.lovendal.ro\\\/wp52\\\/s-ar-putea-sa-traim-in-mijlocul-unui-gigant-vid-cosmic-de-2-miliarde-de-ani-lumina-diametru-sugereaza-un-studiu-stiintific-din-ianuarie-2024\\\/#article\",\"isPartOf\":{\"@id\":\"https:\\\/\\\/www.lovendal.ro\\\/wp52\\\/s-ar-putea-sa-traim-in-mijlocul-unui-gigant-vid-cosmic-de-2-miliarde-de-ani-lumina-diametru-sugereaza-un-studiu-stiintific-din-ianuarie-2024\\\/\"},\"author\":{\"name\":\"admin\",\"@id\":\"https:\\\/\\\/www.lovendal.ro\\\/wp52\\\/#\\\/schema\\\/person\\\/088691de5dfc346bb0c023e1e52ef5d9\"},\"headline\":\"S-ar putea s\u0103 tr\u0103im \u00een mijlocul unui gigant vid cosmic, de 2 miliarde de ani-lumin\u0103 diametru &#8211; sugereaz\u0103 un studiu \u015ftiin\u0163ific din ianuarie 2024\",\"datePublished\":\"2024-05-16T06:02:19+00:00\",\"mainEntityOfPage\":{\"@id\":\"https:\\\/\\\/www.lovendal.ro\\\/wp52\\\/s-ar-putea-sa-traim-in-mijlocul-unui-gigant-vid-cosmic-de-2-miliarde-de-ani-lumina-diametru-sugereaza-un-studiu-stiintific-din-ianuarie-2024\\\/\"},\"wordCount\":361,\"publisher\":{\"@id\":\"https:\\\/\\\/www.lovendal.ro\\\/wp52\\\/#organization\"},\"image\":{\"@id\":\"https:\\\/\\\/www.lovendal.ro\\\/wp52\\\/s-ar-putea-sa-traim-in-mijlocul-unui-gigant-vid-cosmic-de-2-miliarde-de-ani-lumina-diametru-sugereaza-un-studiu-stiintific-din-ianuarie-2024\\\/#primaryimage\"},\"thumbnailUrl\":\"https:\\\/\\\/www.lovendal.ro\\\/wp52\\\/wp-content\\\/uploads\\\/2024\\\/05\\\/vid-local-galaxia-Calea-Lactee.jpg\",\"keywords\":[\"astronomie\",\"Calea Lactee\",\"constanta Hubble\",\"cosmologi\",\"galaxie\",\"gravita\u0163ie\",\"revist\u0103\",\"stele\",\"Univers\",\"vid\"],\"articleSection\":[\"Astronomie\"],\"inLanguage\":\"ro-RO\"},{\"@type\":\"WebPage\",\"@id\":\"https:\\\/\\\/www.lovendal.ro\\\/wp52\\\/s-ar-putea-sa-traim-in-mijlocul-unui-gigant-vid-cosmic-de-2-miliarde-de-ani-lumina-diametru-sugereaza-un-studiu-stiintific-din-ianuarie-2024\\\/\",\"url\":\"https:\\\/\\\/www.lovendal.ro\\\/wp52\\\/s-ar-putea-sa-traim-in-mijlocul-unui-gigant-vid-cosmic-de-2-miliarde-de-ani-lumina-diametru-sugereaza-un-studiu-stiintific-din-ianuarie-2024\\\/\",\"name\":\"S-ar putea s\u0103 tr\u0103im \u00een mijlocul unui gigant vid cosmic, de 2 miliarde de ani-lumin\u0103 diametru - sugereaz\u0103 un studiu \u015ftiin\u0163ific din ianuarie 2024 - Secretele lui Lovendal\",\"isPartOf\":{\"@id\":\"https:\\\/\\\/www.lovendal.ro\\\/wp52\\\/#website\"},\"primaryImageOfPage\":{\"@id\":\"https:\\\/\\\/www.lovendal.ro\\\/wp52\\\/s-ar-putea-sa-traim-in-mijlocul-unui-gigant-vid-cosmic-de-2-miliarde-de-ani-lumina-diametru-sugereaza-un-studiu-stiintific-din-ianuarie-2024\\\/#primaryimage\"},\"image\":{\"@id\":\"https:\\\/\\\/www.lovendal.ro\\\/wp52\\\/s-ar-putea-sa-traim-in-mijlocul-unui-gigant-vid-cosmic-de-2-miliarde-de-ani-lumina-diametru-sugereaza-un-studiu-stiintific-din-ianuarie-2024\\\/#primaryimage\"},\"thumbnailUrl\":\"https:\\\/\\\/www.lovendal.ro\\\/wp52\\\/wp-content\\\/uploads\\\/2024\\\/05\\\/vid-local-galaxia-Calea-Lactee.jpg\",\"datePublished\":\"2024-05-16T06:02:19+00:00\",\"breadcrumb\":{\"@id\":\"https:\\\/\\\/www.lovendal.ro\\\/wp52\\\/s-ar-putea-sa-traim-in-mijlocul-unui-gigant-vid-cosmic-de-2-miliarde-de-ani-lumina-diametru-sugereaza-un-studiu-stiintific-din-ianuarie-2024\\\/#breadcrumb\"},\"inLanguage\":\"ro-RO\",\"potentialAction\":[{\"@type\":\"ReadAction\",\"target\":[\"https:\\\/\\\/www.lovendal.ro\\\/wp52\\\/s-ar-putea-sa-traim-in-mijlocul-unui-gigant-vid-cosmic-de-2-miliarde-de-ani-lumina-diametru-sugereaza-un-studiu-stiintific-din-ianuarie-2024\\\/\"]}]},{\"@type\":\"ImageObject\",\"inLanguage\":\"ro-RO\",\"@id\":\"https:\\\/\\\/www.lovendal.ro\\\/wp52\\\/s-ar-putea-sa-traim-in-mijlocul-unui-gigant-vid-cosmic-de-2-miliarde-de-ani-lumina-diametru-sugereaza-un-studiu-stiintific-din-ianuarie-2024\\\/#primaryimage\",\"url\":\"https:\\\/\\\/www.lovendal.ro\\\/wp52\\\/wp-content\\\/uploads\\\/2024\\\/05\\\/vid-local-galaxia-Calea-Lactee.jpg\",\"contentUrl\":\"https:\\\/\\\/www.lovendal.ro\\\/wp52\\\/wp-content\\\/uploads\\\/2024\\\/05\\\/vid-local-galaxia-Calea-Lactee.jpg\",\"width\":356,\"height\":284},{\"@type\":\"BreadcrumbList\",\"@id\":\"https:\\\/\\\/www.lovendal.ro\\\/wp52\\\/s-ar-putea-sa-traim-in-mijlocul-unui-gigant-vid-cosmic-de-2-miliarde-de-ani-lumina-diametru-sugereaza-un-studiu-stiintific-din-ianuarie-2024\\\/#breadcrumb\",\"itemListElement\":[{\"@type\":\"ListItem\",\"position\":1,\"name\":\"Home\",\"item\":\"https:\\\/\\\/www.lovendal.ro\\\/wp52\\\/\"},{\"@type\":\"ListItem\",\"position\":2,\"name\":\"S-ar putea s\u0103 tr\u0103im \u00een mijlocul unui gigant vid cosmic, de 2 miliarde de ani-lumin\u0103 diametru &#8211; sugereaz\u0103 un studiu \u015ftiin\u0163ific din ianuarie 2024\"}]},{\"@type\":\"WebSite\",\"@id\":\"https:\\\/\\\/www.lovendal.ro\\\/wp52\\\/#website\",\"url\":\"https:\\\/\\\/www.lovendal.ro\\\/wp52\\\/\",\"name\":\"Secretele lui Lovendal\",\"description\":\"Site de secrete, stiinta si metafizica - din 2008 -\",\"publisher\":{\"@id\":\"https:\\\/\\\/www.lovendal.ro\\\/wp52\\\/#organization\"},\"potentialAction\":[{\"@type\":\"SearchAction\",\"target\":{\"@type\":\"EntryPoint\",\"urlTemplate\":\"https:\\\/\\\/www.lovendal.ro\\\/wp52\\\/?s={search_term_string}\"},\"query-input\":{\"@type\":\"PropertyValueSpecification\",\"valueRequired\":true,\"valueName\":\"search_term_string\"}}],\"inLanguage\":\"ro-RO\"},{\"@type\":\"Organization\",\"@id\":\"https:\\\/\\\/www.lovendal.ro\\\/wp52\\\/#organization\",\"name\":\"Secretele lui Lovendal\",\"url\":\"https:\\\/\\\/www.lovendal.ro\\\/wp52\\\/\",\"logo\":{\"@type\":\"ImageObject\",\"inLanguage\":\"ro-RO\",\"@id\":\"https:\\\/\\\/www.lovendal.ro\\\/wp52\\\/#\\\/schema\\\/logo\\\/image\\\/\",\"url\":\"https:\\\/\\\/www.lovendal.ro\\\/wp52\\\/wp-content\\\/uploads\\\/2024\\\/06\\\/cropped-SLL-iun-2024-1.jpg\",\"contentUrl\":\"https:\\\/\\\/www.lovendal.ro\\\/wp52\\\/wp-content\\\/uploads\\\/2024\\\/06\\\/cropped-SLL-iun-2024-1.jpg\",\"width\":771,\"height\":240,\"caption\":\"Secretele lui Lovendal\"},\"image\":{\"@id\":\"https:\\\/\\\/www.lovendal.ro\\\/wp52\\\/#\\\/schema\\\/logo\\\/image\\\/\"},\"sameAs\":[\"https:\\\/\\\/www.facebook.com\\\/secreteleluilovendal\"]},{\"@type\":\"Person\",\"@id\":\"https:\\\/\\\/www.lovendal.ro\\\/wp52\\\/#\\\/schema\\\/person\\\/088691de5dfc346bb0c023e1e52ef5d9\",\"name\":\"admin\",\"image\":{\"@type\":\"ImageObject\",\"inLanguage\":\"ro-RO\",\"@id\":\"https:\\\/\\\/secure.gravatar.com\\\/avatar\\\/ecb9cd41f5f63c9c9b989999a59f6e2639a865ec361e9db054db0679a8f341c2?s=96&d=mm&r=g\",\"url\":\"https:\\\/\\\/secure.gravatar.com\\\/avatar\\\/ecb9cd41f5f63c9c9b989999a59f6e2639a865ec361e9db054db0679a8f341c2?s=96&d=mm&r=g\",\"contentUrl\":\"https:\\\/\\\/secure.gravatar.com\\\/avatar\\\/ecb9cd41f5f63c9c9b989999a59f6e2639a865ec361e9db054db0679a8f341c2?s=96&d=mm&r=g\",\"caption\":\"admin\"},\"sameAs\":[\"https:\\\/\\\/www.lovendal.ro\\\/wp52\"]}]}<\/script>\n<!-- \/ Yoast SEO Premium plugin. -->","yoast_head_json":{"title":"S-ar putea s\u0103 tr\u0103im \u00een mijlocul unui gigant vid cosmic, de 2 miliarde de ani-lumin\u0103 diametru - sugereaz\u0103 un studiu \u015ftiin\u0163ific din ianuarie 2024 - Secretele lui Lovendal","robots":{"index":"index","follow":"follow","max-snippet":"max-snippet:-1","max-image-preview":"max-image-preview:large","max-video-preview":"max-video-preview:-1"},"canonical":"https:\/\/www.lovendal.ro\/wp52\/s-ar-putea-sa-traim-in-mijlocul-unui-gigant-vid-cosmic-de-2-miliarde-de-ani-lumina-diametru-sugereaza-un-studiu-stiintific-din-ianuarie-2024\/","og_locale":"ro_RO","og_type":"article","og_title":"S-ar putea s\u0103 tr\u0103im \u00een mijlocul unui gigant vid cosmic, de 2 miliarde de ani-lumin\u0103 diametru - sugereaz\u0103 un studiu \u015ftiin\u0163ific din ianuarie 2024","og_description":"Conform unei lucr\u0103ri \u015ftiin\u0163ifice publicate \u00een jurnalul &#8222;Monthly Notices of the Royal Astronomical Society&#8221; din ianuarie 2024, se pare c\u0103 noi tr\u0103im \u00een mijlocul unui gigantic vid cosmic &#8211; cel mai mare observat vreodat\u0103. Astronomii au sugerat pentru prima dat\u0103 ... Cititi mai multe","og_url":"https:\/\/www.lovendal.ro\/wp52\/s-ar-putea-sa-traim-in-mijlocul-unui-gigant-vid-cosmic-de-2-miliarde-de-ani-lumina-diametru-sugereaza-un-studiu-stiintific-din-ianuarie-2024\/","og_site_name":"Secretele lui Lovendal","article_publisher":"https:\/\/www.facebook.com\/secreteleluilovendal","article_published_time":"2024-05-16T06:02:19+00:00","og_image":[{"width":356,"height":284,"url":"https:\/\/www.lovendal.ro\/wp52\/wp-content\/uploads\/2024\/05\/vid-local-galaxia-Calea-Lactee.jpg","type":"image\/jpeg"}],"author":"admin","twitter_card":"summary_large_image","twitter_misc":{"Scris de":"admin","Timp estimat pentru citire":"2 minute"},"schema":{"@context":"https:\/\/schema.org","@graph":[{"@type":"Article","@id":"https:\/\/www.lovendal.ro\/wp52\/s-ar-putea-sa-traim-in-mijlocul-unui-gigant-vid-cosmic-de-2-miliarde-de-ani-lumina-diametru-sugereaza-un-studiu-stiintific-din-ianuarie-2024\/#article","isPartOf":{"@id":"https:\/\/www.lovendal.ro\/wp52\/s-ar-putea-sa-traim-in-mijlocul-unui-gigant-vid-cosmic-de-2-miliarde-de-ani-lumina-diametru-sugereaza-un-studiu-stiintific-din-ianuarie-2024\/"},"author":{"name":"admin","@id":"https:\/\/www.lovendal.ro\/wp52\/#\/schema\/person\/088691de5dfc346bb0c023e1e52ef5d9"},"headline":"S-ar putea s\u0103 tr\u0103im \u00een mijlocul unui gigant vid cosmic, de 2 miliarde de ani-lumin\u0103 diametru &#8211; sugereaz\u0103 un studiu \u015ftiin\u0163ific din ianuarie 2024","datePublished":"2024-05-16T06:02:19+00:00","mainEntityOfPage":{"@id":"https:\/\/www.lovendal.ro\/wp52\/s-ar-putea-sa-traim-in-mijlocul-unui-gigant-vid-cosmic-de-2-miliarde-de-ani-lumina-diametru-sugereaza-un-studiu-stiintific-din-ianuarie-2024\/"},"wordCount":361,"publisher":{"@id":"https:\/\/www.lovendal.ro\/wp52\/#organization"},"image":{"@id":"https:\/\/www.lovendal.ro\/wp52\/s-ar-putea-sa-traim-in-mijlocul-unui-gigant-vid-cosmic-de-2-miliarde-de-ani-lumina-diametru-sugereaza-un-studiu-stiintific-din-ianuarie-2024\/#primaryimage"},"thumbnailUrl":"https:\/\/www.lovendal.ro\/wp52\/wp-content\/uploads\/2024\/05\/vid-local-galaxia-Calea-Lactee.jpg","keywords":["astronomie","Calea Lactee","constanta Hubble","cosmologi","galaxie","gravita\u0163ie","revist\u0103","stele","Univers","vid"],"articleSection":["Astronomie"],"inLanguage":"ro-RO"},{"@type":"WebPage","@id":"https:\/\/www.lovendal.ro\/wp52\/s-ar-putea-sa-traim-in-mijlocul-unui-gigant-vid-cosmic-de-2-miliarde-de-ani-lumina-diametru-sugereaza-un-studiu-stiintific-din-ianuarie-2024\/","url":"https:\/\/www.lovendal.ro\/wp52\/s-ar-putea-sa-traim-in-mijlocul-unui-gigant-vid-cosmic-de-2-miliarde-de-ani-lumina-diametru-sugereaza-un-studiu-stiintific-din-ianuarie-2024\/","name":"S-ar putea s\u0103 tr\u0103im \u00een mijlocul unui gigant vid cosmic, de 2 miliarde de ani-lumin\u0103 diametru - sugereaz\u0103 un studiu \u015ftiin\u0163ific din ianuarie 2024 - Secretele lui Lovendal","isPartOf":{"@id":"https:\/\/www.lovendal.ro\/wp52\/#website"},"primaryImageOfPage":{"@id":"https:\/\/www.lovendal.ro\/wp52\/s-ar-putea-sa-traim-in-mijlocul-unui-gigant-vid-cosmic-de-2-miliarde-de-ani-lumina-diametru-sugereaza-un-studiu-stiintific-din-ianuarie-2024\/#primaryimage"},"image":{"@id":"https:\/\/www.lovendal.ro\/wp52\/s-ar-putea-sa-traim-in-mijlocul-unui-gigant-vid-cosmic-de-2-miliarde-de-ani-lumina-diametru-sugereaza-un-studiu-stiintific-din-ianuarie-2024\/#primaryimage"},"thumbnailUrl":"https:\/\/www.lovendal.ro\/wp52\/wp-content\/uploads\/2024\/05\/vid-local-galaxia-Calea-Lactee.jpg","datePublished":"2024-05-16T06:02:19+00:00","breadcrumb":{"@id":"https:\/\/www.lovendal.ro\/wp52\/s-ar-putea-sa-traim-in-mijlocul-unui-gigant-vid-cosmic-de-2-miliarde-de-ani-lumina-diametru-sugereaza-un-studiu-stiintific-din-ianuarie-2024\/#breadcrumb"},"inLanguage":"ro-RO","potentialAction":[{"@type":"ReadAction","target":["https:\/\/www.lovendal.ro\/wp52\/s-ar-putea-sa-traim-in-mijlocul-unui-gigant-vid-cosmic-de-2-miliarde-de-ani-lumina-diametru-sugereaza-un-studiu-stiintific-din-ianuarie-2024\/"]}]},{"@type":"ImageObject","inLanguage":"ro-RO","@id":"https:\/\/www.lovendal.ro\/wp52\/s-ar-putea-sa-traim-in-mijlocul-unui-gigant-vid-cosmic-de-2-miliarde-de-ani-lumina-diametru-sugereaza-un-studiu-stiintific-din-ianuarie-2024\/#primaryimage","url":"https:\/\/www.lovendal.ro\/wp52\/wp-content\/uploads\/2024\/05\/vid-local-galaxia-Calea-Lactee.jpg","contentUrl":"https:\/\/www.lovendal.ro\/wp52\/wp-content\/uploads\/2024\/05\/vid-local-galaxia-Calea-Lactee.jpg","width":356,"height":284},{"@type":"BreadcrumbList","@id":"https:\/\/www.lovendal.ro\/wp52\/s-ar-putea-sa-traim-in-mijlocul-unui-gigant-vid-cosmic-de-2-miliarde-de-ani-lumina-diametru-sugereaza-un-studiu-stiintific-din-ianuarie-2024\/#breadcrumb","itemListElement":[{"@type":"ListItem","position":1,"name":"Home","item":"https:\/\/www.lovendal.ro\/wp52\/"},{"@type":"ListItem","position":2,"name":"S-ar putea s\u0103 tr\u0103im \u00een mijlocul unui gigant vid cosmic, de 2 miliarde de ani-lumin\u0103 diametru &#8211; sugereaz\u0103 un studiu \u015ftiin\u0163ific din ianuarie 2024"}]},{"@type":"WebSite","@id":"https:\/\/www.lovendal.ro\/wp52\/#website","url":"https:\/\/www.lovendal.ro\/wp52\/","name":"Secretele lui Lovendal","description":"Site de secrete, stiinta si metafizica - din 2008 -","publisher":{"@id":"https:\/\/www.lovendal.ro\/wp52\/#organization"},"potentialAction":[{"@type":"SearchAction","target":{"@type":"EntryPoint","urlTemplate":"https:\/\/www.lovendal.ro\/wp52\/?s={search_term_string}"},"query-input":{"@type":"PropertyValueSpecification","valueRequired":true,"valueName":"search_term_string"}}],"inLanguage":"ro-RO"},{"@type":"Organization","@id":"https:\/\/www.lovendal.ro\/wp52\/#organization","name":"Secretele lui Lovendal","url":"https:\/\/www.lovendal.ro\/wp52\/","logo":{"@type":"ImageObject","inLanguage":"ro-RO","@id":"https:\/\/www.lovendal.ro\/wp52\/#\/schema\/logo\/image\/","url":"https:\/\/www.lovendal.ro\/wp52\/wp-content\/uploads\/2024\/06\/cropped-SLL-iun-2024-1.jpg","contentUrl":"https:\/\/www.lovendal.ro\/wp52\/wp-content\/uploads\/2024\/06\/cropped-SLL-iun-2024-1.jpg","width":771,"height":240,"caption":"Secretele lui Lovendal"},"image":{"@id":"https:\/\/www.lovendal.ro\/wp52\/#\/schema\/logo\/image\/"},"sameAs":["https:\/\/www.facebook.com\/secreteleluilovendal"]},{"@type":"Person","@id":"https:\/\/www.lovendal.ro\/wp52\/#\/schema\/person\/088691de5dfc346bb0c023e1e52ef5d9","name":"admin","image":{"@type":"ImageObject","inLanguage":"ro-RO","@id":"https:\/\/secure.gravatar.com\/avatar\/ecb9cd41f5f63c9c9b989999a59f6e2639a865ec361e9db054db0679a8f341c2?s=96&d=mm&r=g","url":"https:\/\/secure.gravatar.com\/avatar\/ecb9cd41f5f63c9c9b989999a59f6e2639a865ec361e9db054db0679a8f341c2?s=96&d=mm&r=g","contentUrl":"https:\/\/secure.gravatar.com\/avatar\/ecb9cd41f5f63c9c9b989999a59f6e2639a865ec361e9db054db0679a8f341c2?s=96&d=mm&r=g","caption":"admin"},"sameAs":["https:\/\/www.lovendal.ro\/wp52"]}]}},"_links":{"self":[{"href":"https:\/\/www.lovendal.ro\/wp52\/wp-json\/wp\/v2\/posts\/90746","targetHints":{"allow":["GET"]}}],"collection":[{"href":"https:\/\/www.lovendal.ro\/wp52\/wp-json\/wp\/v2\/posts"}],"about":[{"href":"https:\/\/www.lovendal.ro\/wp52\/wp-json\/wp\/v2\/types\/post"}],"author":[{"embeddable":true,"href":"https:\/\/www.lovendal.ro\/wp52\/wp-json\/wp\/v2\/users\/1"}],"replies":[{"embeddable":true,"href":"https:\/\/www.lovendal.ro\/wp52\/wp-json\/wp\/v2\/comments?post=90746"}],"version-history":[{"count":1,"href":"https:\/\/www.lovendal.ro\/wp52\/wp-json\/wp\/v2\/posts\/90746\/revisions"}],"predecessor-version":[{"id":90748,"href":"https:\/\/www.lovendal.ro\/wp52\/wp-json\/wp\/v2\/posts\/90746\/revisions\/90748"}],"wp:featuredmedia":[{"embeddable":true,"href":"https:\/\/www.lovendal.ro\/wp52\/wp-json\/wp\/v2\/media\/90747"}],"wp:attachment":[{"href":"https:\/\/www.lovendal.ro\/wp52\/wp-json\/wp\/v2\/media?parent=90746"}],"wp:term":[{"taxonomy":"category","embeddable":true,"href":"https:\/\/www.lovendal.ro\/wp52\/wp-json\/wp\/v2\/categories?post=90746"},{"taxonomy":"post_tag","embeddable":true,"href":"https:\/\/www.lovendal.ro\/wp52\/wp-json\/wp\/v2\/tags?post=90746"}],"curies":[{"name":"wp","href":"https:\/\/api.w.org\/{rel}","templated":true}]}}