{"id":90608,"date":"2024-05-07T11:44:28","date_gmt":"2024-05-07T08:44:28","guid":{"rendered":"https:\/\/www.lovendal.ro\/wp52\/?p=90608"},"modified":"2024-05-07T11:44:28","modified_gmt":"2024-05-07T08:44:28","slug":"o-noua-anomalie-ciudata-a-aparut-pe-hartile-climatice-de-pe-ventusky-pe-7-mai-2024-orele-0000-intre-antarctica-si-africa-de-sud","status":"publish","type":"post","link":"https:\/\/www.lovendal.ro\/wp52\/o-noua-anomalie-ciudata-a-aparut-pe-hartile-climatice-de-pe-ventusky-pe-7-mai-2024-orele-0000-intre-antarctica-si-africa-de-sud\/","title":{"rendered":"O nou\u0103 anomalie ciudat\u0103 a ap\u0103rut pe h\u0103r\u0163ile climatice de pe Ventusky pe 7 mai 2024, orele 00:00, \u00eentre Antarctica \u015fi Africa de Sud"},"content":{"rendered":"<p><a href=\"https:\/\/www.lovendal.ro\/wp52\/wp-content\/uploads\/2024\/05\/anomalie-langa-Antarctica-coperta.jpg\"><img loading=\"lazy\" decoding=\"async\" class=\"alignleft size-full wp-image-90609\" src=\"https:\/\/www.lovendal.ro\/wp52\/wp-content\/uploads\/2024\/05\/anomalie-langa-Antarctica-coperta.jpg\" alt=\"\" width=\"365\" height=\"235\" srcset=\"https:\/\/www.lovendal.ro\/wp52\/wp-content\/uploads\/2024\/05\/anomalie-langa-Antarctica-coperta.jpg 365w, https:\/\/www.lovendal.ro\/wp52\/wp-content\/uploads\/2024\/05\/anomalie-langa-Antarctica-coperta-300x193.jpg 300w\" sizes=\"auto, (max-width: 365px) 100vw, 365px\" \/><\/a>\u00cen acest articol &#8211; <a href=\"https:\/\/www.lovendal.ro\/wp52\/o-anomalie-gigantica-inexplicabila-apare-langa-antarctica-si-se-deplaseaza-spre-africa-de-sud-generand-valuri-de-25-de-metri-totul-are-loc-a-doua-zi-dupa-eclipsa-de-soare-totala-de-pe-8-aprilie-202\/\" target=\"_blank\" rel=\"noopener\"><strong>O anomalie gigantic\u0103 inexplicabil\u0103 apare l\u00e2ng\u0103 Antarctica \u0219i se deplaseaz\u0103 spre Africa de Sud, gener\u00e2nd valuri de 25 de metri! Totul are loc a doua zi, dup\u0103 eclipsa de soare total\u0103 de pe 8 aprilie 2024<\/strong><\/a> &#8211; vorbeam despre faptul c\u0103 sistemul de monitorizare a climei Ventusky a identificat pe 9 aprilie 2024, l\u00e2ng\u0103 Antarctica, o anomalie gigantic\u0103 care s-a deplasat spre nord, ajung\u00e2nd l\u00e2ng\u0103 continentul Africii pe 11 aprilie 2024.<\/p>\n<p>\u00cen acela\u015fi articol, am expus mai multe ipoteze pentru aceast\u0103 anomalie: consecin\u021ba unui impact meteoritic \u00een ocean, rezultatul unui eveniment seismic nedocumentat, un front rece ciudat, o manifestare natural\u0103 sau chiar apari\u021bia unui obiect submersibil neidentificat (OSN).<\/p>\n<p>Ei bine, mai mul\u0163i utilizatori au observat o anomalie asem\u0103n\u0103toare \u015fi \u00een zilele urm\u0103toare din aprilie, iar cea mai recent\u0103 este cea \u00eenregistrat\u0103 pe 7 mai 2024, la orele 00:00, a\u015fa cum se poate vedea pe <a href=\"https:\/\/www.ventusky.com\/?p=-62;21;1&amp;l=wave\" target=\"_blank\" rel=\"noopener\"><strong>ventusky.com<\/strong><\/a>. Ea este \u00eens\u0103 mai mic\u0103 \u015fi pare c\u0103 se situeaz\u0103 la jum\u0103tatea distan\u0163ei dintre Antarctica \u015fi Africa de Sud. Foarte interesant e faptul c\u0103 peste 3 ore, anomalia dispare.<\/p>\n<p>\u0162in\u00e2nd cont de toate acestea, cred c\u0103 ipoteza unui impact meteoritic se poate exclude &#8211; ar fi o prea mare coinciden\u0163\u0103 ca meteori\u0163ii s\u0103 tot cad\u0103 \u00een aceea\u015fi zon\u0103 \u00een mai pu\u0163in de o lun\u0103. Dar totu\u015fi, ce-ar putea fi? De trei ori o anomalie ciudat\u0103 \u00een circa 30 de zile?<\/p>\n<p><a href=\"https:\/\/www.lovendal.ro\/wp52\/wp-content\/uploads\/2024\/05\/anomalie-langa-Antarctica-1.jpg\"><img loading=\"lazy\" decoding=\"async\" class=\"aligncenter size-full wp-image-90610\" src=\"https:\/\/www.lovendal.ro\/wp52\/wp-content\/uploads\/2024\/05\/anomalie-langa-Antarctica-1.jpg\" alt=\"\" width=\"551\" height=\"306\" srcset=\"https:\/\/www.lovendal.ro\/wp52\/wp-content\/uploads\/2024\/05\/anomalie-langa-Antarctica-1.jpg 551w, https:\/\/www.lovendal.ro\/wp52\/wp-content\/uploads\/2024\/05\/anomalie-langa-Antarctica-1-300x167.jpg 300w\" sizes=\"auto, (max-width: 551px) 100vw, 551px\" \/><\/a><\/p>\n","protected":false},"excerpt":{"rendered":"<p>\u00cen acest articol &#8211; O anomalie gigantic\u0103 inexplicabil\u0103 apare l\u00e2ng\u0103 Antarctica \u0219i se deplaseaz\u0103 spre Africa de Sud, gener\u00e2nd valuri de 25 de metri! Totul are loc a doua zi, dup\u0103 eclipsa de soare total\u0103 de pe 8 aprilie 2024 &#8230; <\/p>\n<p class=\"read-more-container\"><a title=\"O nou\u0103 anomalie ciudat\u0103 a ap\u0103rut pe h\u0103r\u0163ile climatice de pe Ventusky pe 7 mai 2024, orele 00:00, \u00eentre Antarctica \u015fi Africa de Sud\" class=\"read-more button\" href=\"https:\/\/www.lovendal.ro\/wp52\/o-noua-anomalie-ciudata-a-aparut-pe-hartile-climatice-de-pe-ventusky-pe-7-mai-2024-orele-0000-intre-antarctica-si-africa-de-sud\/#more-90608\" aria-label=\"Cite\u0219te mai multe despre O nou\u0103 anomalie ciudat\u0103 a ap\u0103rut pe h\u0103r\u0163ile climatice de pe Ventusky pe 7 mai 2024, orele 00:00, \u00eentre Antarctica \u015fi Africa de Sud\">Cititi mai multe<\/a><\/p>\n","protected":false},"author":1,"featured_media":90609,"comment_status":"closed","ping_status":"open","sticky":false,"template":"","format":"standard","meta":{"footnotes":""},"categories":[5040],"tags":[235,1939,14548,1730,9818,1331,6086,1814,18872],"class_list":["post-90608","post","type-post","status-publish","format-standard","has-post-thumbnail","hentry","category-bizar","tag-africa","tag-africa-de-sud","tag-anomalie","tag-antarctica","tag-bizar","tag-cutremur","tag-meteoriti","tag-osn","tag-ventusky","resize-featured-image"],"yoast_head":"<!-- This site is optimized with the Yoast SEO Premium plugin v23.3 (Yoast SEO v27.4) - https:\/\/yoast.com\/product\/yoast-seo-premium-wordpress\/ -->\n<title>O nou\u0103 anomalie ciudat\u0103 a ap\u0103rut pe h\u0103r\u0163ile climatice de pe Ventusky pe 7 mai 2024, orele 00:00, \u00eentre Antarctica \u015fi Africa de Sud - Secretele lui Lovendal<\/title>\n<meta name=\"robots\" content=\"index, follow, max-snippet:-1, max-image-preview:large, max-video-preview:-1\" \/>\n<link rel=\"canonical\" href=\"https:\/\/www.lovendal.ro\/wp52\/o-noua-anomalie-ciudata-a-aparut-pe-hartile-climatice-de-pe-ventusky-pe-7-mai-2024-orele-0000-intre-antarctica-si-africa-de-sud\/\" \/>\n<meta property=\"og:locale\" content=\"ro_RO\" \/>\n<meta property=\"og:type\" content=\"article\" \/>\n<meta property=\"og:title\" content=\"O nou\u0103 anomalie ciudat\u0103 a ap\u0103rut pe h\u0103r\u0163ile climatice de pe Ventusky pe 7 mai 2024, orele 00:00, \u00eentre Antarctica \u015fi Africa de Sud\" \/>\n<meta property=\"og:description\" content=\"\u00cen acest articol &#8211; O anomalie gigantic\u0103 inexplicabil\u0103 apare l\u00e2ng\u0103 Antarctica \u0219i se deplaseaz\u0103 spre Africa de Sud, gener\u00e2nd valuri de 25 de metri! Totul are loc a doua zi, dup\u0103 eclipsa de soare total\u0103 de pe 8 aprilie 2024 ... Cititi mai multe\" \/>\n<meta property=\"og:url\" content=\"https:\/\/www.lovendal.ro\/wp52\/o-noua-anomalie-ciudata-a-aparut-pe-hartile-climatice-de-pe-ventusky-pe-7-mai-2024-orele-0000-intre-antarctica-si-africa-de-sud\/\" \/>\n<meta property=\"og:site_name\" content=\"Secretele lui Lovendal\" \/>\n<meta property=\"article:publisher\" content=\"https:\/\/www.facebook.com\/secreteleluilovendal\" \/>\n<meta property=\"article:published_time\" content=\"2024-05-07T08:44:28+00:00\" \/>\n<meta property=\"og:image\" content=\"https:\/\/www.lovendal.ro\/wp52\/wp-content\/uploads\/2024\/05\/anomalie-langa-Antarctica-coperta.jpg\" \/>\n\t<meta property=\"og:image:width\" content=\"365\" \/>\n\t<meta property=\"og:image:height\" content=\"235\" \/>\n\t<meta property=\"og:image:type\" content=\"image\/jpeg\" \/>\n<meta name=\"author\" content=\"admin\" \/>\n<meta name=\"twitter:card\" content=\"summary_large_image\" \/>\n<meta name=\"twitter:label1\" content=\"Scris de\" \/>\n\t<meta name=\"twitter:data1\" content=\"admin\" \/>\n\t<meta name=\"twitter:label2\" content=\"Timp estimat pentru citire\" \/>\n\t<meta name=\"twitter:data2\" content=\"1 minut\" \/>\n<script type=\"application\/ld+json\" class=\"yoast-schema-graph\">{\"@context\":\"https:\\\/\\\/schema.org\",\"@graph\":[{\"@type\":\"Article\",\"@id\":\"https:\\\/\\\/www.lovendal.ro\\\/wp52\\\/o-noua-anomalie-ciudata-a-aparut-pe-hartile-climatice-de-pe-ventusky-pe-7-mai-2024-orele-0000-intre-antarctica-si-africa-de-sud\\\/#article\",\"isPartOf\":{\"@id\":\"https:\\\/\\\/www.lovendal.ro\\\/wp52\\\/o-noua-anomalie-ciudata-a-aparut-pe-hartile-climatice-de-pe-ventusky-pe-7-mai-2024-orele-0000-intre-antarctica-si-africa-de-sud\\\/\"},\"author\":{\"name\":\"admin\",\"@id\":\"https:\\\/\\\/www.lovendal.ro\\\/wp52\\\/#\\\/schema\\\/person\\\/088691de5dfc346bb0c023e1e52ef5d9\"},\"headline\":\"O nou\u0103 anomalie ciudat\u0103 a ap\u0103rut pe h\u0103r\u0163ile climatice de pe Ventusky pe 7 mai 2024, orele 00:00, \u00eentre Antarctica \u015fi Africa de Sud\",\"datePublished\":\"2024-05-07T08:44:28+00:00\",\"mainEntityOfPage\":{\"@id\":\"https:\\\/\\\/www.lovendal.ro\\\/wp52\\\/o-noua-anomalie-ciudata-a-aparut-pe-hartile-climatice-de-pe-ventusky-pe-7-mai-2024-orele-0000-intre-antarctica-si-africa-de-sud\\\/\"},\"wordCount\":262,\"publisher\":{\"@id\":\"https:\\\/\\\/www.lovendal.ro\\\/wp52\\\/#organization\"},\"image\":{\"@id\":\"https:\\\/\\\/www.lovendal.ro\\\/wp52\\\/o-noua-anomalie-ciudata-a-aparut-pe-hartile-climatice-de-pe-ventusky-pe-7-mai-2024-orele-0000-intre-antarctica-si-africa-de-sud\\\/#primaryimage\"},\"thumbnailUrl\":\"https:\\\/\\\/www.lovendal.ro\\\/wp52\\\/wp-content\\\/uploads\\\/2024\\\/05\\\/anomalie-langa-Antarctica-coperta.jpg\",\"keywords\":[\"Africa\",\"Africa de Sud\",\"anomalie\",\"Antarctica\",\"Bizar\",\"cutremur\",\"meteori\u0163i\",\"OSN\",\"Ventusky\"],\"articleSection\":[\"Bizar\"],\"inLanguage\":\"ro-RO\"},{\"@type\":\"WebPage\",\"@id\":\"https:\\\/\\\/www.lovendal.ro\\\/wp52\\\/o-noua-anomalie-ciudata-a-aparut-pe-hartile-climatice-de-pe-ventusky-pe-7-mai-2024-orele-0000-intre-antarctica-si-africa-de-sud\\\/\",\"url\":\"https:\\\/\\\/www.lovendal.ro\\\/wp52\\\/o-noua-anomalie-ciudata-a-aparut-pe-hartile-climatice-de-pe-ventusky-pe-7-mai-2024-orele-0000-intre-antarctica-si-africa-de-sud\\\/\",\"name\":\"O nou\u0103 anomalie ciudat\u0103 a ap\u0103rut pe h\u0103r\u0163ile climatice de pe Ventusky pe 7 mai 2024, orele 00:00, \u00eentre Antarctica \u015fi Africa de Sud - Secretele lui Lovendal\",\"isPartOf\":{\"@id\":\"https:\\\/\\\/www.lovendal.ro\\\/wp52\\\/#website\"},\"primaryImageOfPage\":{\"@id\":\"https:\\\/\\\/www.lovendal.ro\\\/wp52\\\/o-noua-anomalie-ciudata-a-aparut-pe-hartile-climatice-de-pe-ventusky-pe-7-mai-2024-orele-0000-intre-antarctica-si-africa-de-sud\\\/#primaryimage\"},\"image\":{\"@id\":\"https:\\\/\\\/www.lovendal.ro\\\/wp52\\\/o-noua-anomalie-ciudata-a-aparut-pe-hartile-climatice-de-pe-ventusky-pe-7-mai-2024-orele-0000-intre-antarctica-si-africa-de-sud\\\/#primaryimage\"},\"thumbnailUrl\":\"https:\\\/\\\/www.lovendal.ro\\\/wp52\\\/wp-content\\\/uploads\\\/2024\\\/05\\\/anomalie-langa-Antarctica-coperta.jpg\",\"datePublished\":\"2024-05-07T08:44:28+00:00\",\"breadcrumb\":{\"@id\":\"https:\\\/\\\/www.lovendal.ro\\\/wp52\\\/o-noua-anomalie-ciudata-a-aparut-pe-hartile-climatice-de-pe-ventusky-pe-7-mai-2024-orele-0000-intre-antarctica-si-africa-de-sud\\\/#breadcrumb\"},\"inLanguage\":\"ro-RO\",\"potentialAction\":[{\"@type\":\"ReadAction\",\"target\":[\"https:\\\/\\\/www.lovendal.ro\\\/wp52\\\/o-noua-anomalie-ciudata-a-aparut-pe-hartile-climatice-de-pe-ventusky-pe-7-mai-2024-orele-0000-intre-antarctica-si-africa-de-sud\\\/\"]}]},{\"@type\":\"ImageObject\",\"inLanguage\":\"ro-RO\",\"@id\":\"https:\\\/\\\/www.lovendal.ro\\\/wp52\\\/o-noua-anomalie-ciudata-a-aparut-pe-hartile-climatice-de-pe-ventusky-pe-7-mai-2024-orele-0000-intre-antarctica-si-africa-de-sud\\\/#primaryimage\",\"url\":\"https:\\\/\\\/www.lovendal.ro\\\/wp52\\\/wp-content\\\/uploads\\\/2024\\\/05\\\/anomalie-langa-Antarctica-coperta.jpg\",\"contentUrl\":\"https:\\\/\\\/www.lovendal.ro\\\/wp52\\\/wp-content\\\/uploads\\\/2024\\\/05\\\/anomalie-langa-Antarctica-coperta.jpg\",\"width\":365,\"height\":235},{\"@type\":\"BreadcrumbList\",\"@id\":\"https:\\\/\\\/www.lovendal.ro\\\/wp52\\\/o-noua-anomalie-ciudata-a-aparut-pe-hartile-climatice-de-pe-ventusky-pe-7-mai-2024-orele-0000-intre-antarctica-si-africa-de-sud\\\/#breadcrumb\",\"itemListElement\":[{\"@type\":\"ListItem\",\"position\":1,\"name\":\"Home\",\"item\":\"https:\\\/\\\/www.lovendal.ro\\\/wp52\\\/\"},{\"@type\":\"ListItem\",\"position\":2,\"name\":\"O nou\u0103 anomalie ciudat\u0103 a ap\u0103rut pe h\u0103r\u0163ile climatice de pe Ventusky pe 7 mai 2024, orele 00:00, \u00eentre Antarctica \u015fi Africa de Sud\"}]},{\"@type\":\"WebSite\",\"@id\":\"https:\\\/\\\/www.lovendal.ro\\\/wp52\\\/#website\",\"url\":\"https:\\\/\\\/www.lovendal.ro\\\/wp52\\\/\",\"name\":\"Secretele lui Lovendal\",\"description\":\"Site de secrete, stiinta si metafizica - din 2008 -\",\"publisher\":{\"@id\":\"https:\\\/\\\/www.lovendal.ro\\\/wp52\\\/#organization\"},\"potentialAction\":[{\"@type\":\"SearchAction\",\"target\":{\"@type\":\"EntryPoint\",\"urlTemplate\":\"https:\\\/\\\/www.lovendal.ro\\\/wp52\\\/?s={search_term_string}\"},\"query-input\":{\"@type\":\"PropertyValueSpecification\",\"valueRequired\":true,\"valueName\":\"search_term_string\"}}],\"inLanguage\":\"ro-RO\"},{\"@type\":\"Organization\",\"@id\":\"https:\\\/\\\/www.lovendal.ro\\\/wp52\\\/#organization\",\"name\":\"Secretele lui Lovendal\",\"url\":\"https:\\\/\\\/www.lovendal.ro\\\/wp52\\\/\",\"logo\":{\"@type\":\"ImageObject\",\"inLanguage\":\"ro-RO\",\"@id\":\"https:\\\/\\\/www.lovendal.ro\\\/wp52\\\/#\\\/schema\\\/logo\\\/image\\\/\",\"url\":\"https:\\\/\\\/www.lovendal.ro\\\/wp52\\\/wp-content\\\/uploads\\\/2024\\\/06\\\/cropped-SLL-iun-2024-1.jpg\",\"contentUrl\":\"https:\\\/\\\/www.lovendal.ro\\\/wp52\\\/wp-content\\\/uploads\\\/2024\\\/06\\\/cropped-SLL-iun-2024-1.jpg\",\"width\":771,\"height\":240,\"caption\":\"Secretele lui Lovendal\"},\"image\":{\"@id\":\"https:\\\/\\\/www.lovendal.ro\\\/wp52\\\/#\\\/schema\\\/logo\\\/image\\\/\"},\"sameAs\":[\"https:\\\/\\\/www.facebook.com\\\/secreteleluilovendal\"]},{\"@type\":\"Person\",\"@id\":\"https:\\\/\\\/www.lovendal.ro\\\/wp52\\\/#\\\/schema\\\/person\\\/088691de5dfc346bb0c023e1e52ef5d9\",\"name\":\"admin\",\"image\":{\"@type\":\"ImageObject\",\"inLanguage\":\"ro-RO\",\"@id\":\"https:\\\/\\\/secure.gravatar.com\\\/avatar\\\/ecb9cd41f5f63c9c9b989999a59f6e2639a865ec361e9db054db0679a8f341c2?s=96&d=mm&r=g\",\"url\":\"https:\\\/\\\/secure.gravatar.com\\\/avatar\\\/ecb9cd41f5f63c9c9b989999a59f6e2639a865ec361e9db054db0679a8f341c2?s=96&d=mm&r=g\",\"contentUrl\":\"https:\\\/\\\/secure.gravatar.com\\\/avatar\\\/ecb9cd41f5f63c9c9b989999a59f6e2639a865ec361e9db054db0679a8f341c2?s=96&d=mm&r=g\",\"caption\":\"admin\"},\"sameAs\":[\"https:\\\/\\\/www.lovendal.ro\\\/wp52\"]}]}<\/script>\n<!-- \/ Yoast SEO Premium plugin. -->","yoast_head_json":{"title":"O nou\u0103 anomalie ciudat\u0103 a ap\u0103rut pe h\u0103r\u0163ile climatice de pe Ventusky pe 7 mai 2024, orele 00:00, \u00eentre Antarctica \u015fi Africa de Sud - Secretele lui Lovendal","robots":{"index":"index","follow":"follow","max-snippet":"max-snippet:-1","max-image-preview":"max-image-preview:large","max-video-preview":"max-video-preview:-1"},"canonical":"https:\/\/www.lovendal.ro\/wp52\/o-noua-anomalie-ciudata-a-aparut-pe-hartile-climatice-de-pe-ventusky-pe-7-mai-2024-orele-0000-intre-antarctica-si-africa-de-sud\/","og_locale":"ro_RO","og_type":"article","og_title":"O nou\u0103 anomalie ciudat\u0103 a ap\u0103rut pe h\u0103r\u0163ile climatice de pe Ventusky pe 7 mai 2024, orele 00:00, \u00eentre Antarctica \u015fi Africa de Sud","og_description":"\u00cen acest articol &#8211; O anomalie gigantic\u0103 inexplicabil\u0103 apare l\u00e2ng\u0103 Antarctica \u0219i se deplaseaz\u0103 spre Africa de Sud, gener\u00e2nd valuri de 25 de metri! Totul are loc a doua zi, dup\u0103 eclipsa de soare total\u0103 de pe 8 aprilie 2024 ... Cititi mai multe","og_url":"https:\/\/www.lovendal.ro\/wp52\/o-noua-anomalie-ciudata-a-aparut-pe-hartile-climatice-de-pe-ventusky-pe-7-mai-2024-orele-0000-intre-antarctica-si-africa-de-sud\/","og_site_name":"Secretele lui Lovendal","article_publisher":"https:\/\/www.facebook.com\/secreteleluilovendal","article_published_time":"2024-05-07T08:44:28+00:00","og_image":[{"width":365,"height":235,"url":"https:\/\/www.lovendal.ro\/wp52\/wp-content\/uploads\/2024\/05\/anomalie-langa-Antarctica-coperta.jpg","type":"image\/jpeg"}],"author":"admin","twitter_card":"summary_large_image","twitter_misc":{"Scris de":"admin","Timp estimat pentru citire":"1 minut"},"schema":{"@context":"https:\/\/schema.org","@graph":[{"@type":"Article","@id":"https:\/\/www.lovendal.ro\/wp52\/o-noua-anomalie-ciudata-a-aparut-pe-hartile-climatice-de-pe-ventusky-pe-7-mai-2024-orele-0000-intre-antarctica-si-africa-de-sud\/#article","isPartOf":{"@id":"https:\/\/www.lovendal.ro\/wp52\/o-noua-anomalie-ciudata-a-aparut-pe-hartile-climatice-de-pe-ventusky-pe-7-mai-2024-orele-0000-intre-antarctica-si-africa-de-sud\/"},"author":{"name":"admin","@id":"https:\/\/www.lovendal.ro\/wp52\/#\/schema\/person\/088691de5dfc346bb0c023e1e52ef5d9"},"headline":"O nou\u0103 anomalie ciudat\u0103 a ap\u0103rut pe h\u0103r\u0163ile climatice de pe Ventusky pe 7 mai 2024, orele 00:00, \u00eentre Antarctica \u015fi Africa de Sud","datePublished":"2024-05-07T08:44:28+00:00","mainEntityOfPage":{"@id":"https:\/\/www.lovendal.ro\/wp52\/o-noua-anomalie-ciudata-a-aparut-pe-hartile-climatice-de-pe-ventusky-pe-7-mai-2024-orele-0000-intre-antarctica-si-africa-de-sud\/"},"wordCount":262,"publisher":{"@id":"https:\/\/www.lovendal.ro\/wp52\/#organization"},"image":{"@id":"https:\/\/www.lovendal.ro\/wp52\/o-noua-anomalie-ciudata-a-aparut-pe-hartile-climatice-de-pe-ventusky-pe-7-mai-2024-orele-0000-intre-antarctica-si-africa-de-sud\/#primaryimage"},"thumbnailUrl":"https:\/\/www.lovendal.ro\/wp52\/wp-content\/uploads\/2024\/05\/anomalie-langa-Antarctica-coperta.jpg","keywords":["Africa","Africa de Sud","anomalie","Antarctica","Bizar","cutremur","meteori\u0163i","OSN","Ventusky"],"articleSection":["Bizar"],"inLanguage":"ro-RO"},{"@type":"WebPage","@id":"https:\/\/www.lovendal.ro\/wp52\/o-noua-anomalie-ciudata-a-aparut-pe-hartile-climatice-de-pe-ventusky-pe-7-mai-2024-orele-0000-intre-antarctica-si-africa-de-sud\/","url":"https:\/\/www.lovendal.ro\/wp52\/o-noua-anomalie-ciudata-a-aparut-pe-hartile-climatice-de-pe-ventusky-pe-7-mai-2024-orele-0000-intre-antarctica-si-africa-de-sud\/","name":"O nou\u0103 anomalie ciudat\u0103 a ap\u0103rut pe h\u0103r\u0163ile climatice de pe Ventusky pe 7 mai 2024, orele 00:00, \u00eentre Antarctica \u015fi Africa de Sud - Secretele lui Lovendal","isPartOf":{"@id":"https:\/\/www.lovendal.ro\/wp52\/#website"},"primaryImageOfPage":{"@id":"https:\/\/www.lovendal.ro\/wp52\/o-noua-anomalie-ciudata-a-aparut-pe-hartile-climatice-de-pe-ventusky-pe-7-mai-2024-orele-0000-intre-antarctica-si-africa-de-sud\/#primaryimage"},"image":{"@id":"https:\/\/www.lovendal.ro\/wp52\/o-noua-anomalie-ciudata-a-aparut-pe-hartile-climatice-de-pe-ventusky-pe-7-mai-2024-orele-0000-intre-antarctica-si-africa-de-sud\/#primaryimage"},"thumbnailUrl":"https:\/\/www.lovendal.ro\/wp52\/wp-content\/uploads\/2024\/05\/anomalie-langa-Antarctica-coperta.jpg","datePublished":"2024-05-07T08:44:28+00:00","breadcrumb":{"@id":"https:\/\/www.lovendal.ro\/wp52\/o-noua-anomalie-ciudata-a-aparut-pe-hartile-climatice-de-pe-ventusky-pe-7-mai-2024-orele-0000-intre-antarctica-si-africa-de-sud\/#breadcrumb"},"inLanguage":"ro-RO","potentialAction":[{"@type":"ReadAction","target":["https:\/\/www.lovendal.ro\/wp52\/o-noua-anomalie-ciudata-a-aparut-pe-hartile-climatice-de-pe-ventusky-pe-7-mai-2024-orele-0000-intre-antarctica-si-africa-de-sud\/"]}]},{"@type":"ImageObject","inLanguage":"ro-RO","@id":"https:\/\/www.lovendal.ro\/wp52\/o-noua-anomalie-ciudata-a-aparut-pe-hartile-climatice-de-pe-ventusky-pe-7-mai-2024-orele-0000-intre-antarctica-si-africa-de-sud\/#primaryimage","url":"https:\/\/www.lovendal.ro\/wp52\/wp-content\/uploads\/2024\/05\/anomalie-langa-Antarctica-coperta.jpg","contentUrl":"https:\/\/www.lovendal.ro\/wp52\/wp-content\/uploads\/2024\/05\/anomalie-langa-Antarctica-coperta.jpg","width":365,"height":235},{"@type":"BreadcrumbList","@id":"https:\/\/www.lovendal.ro\/wp52\/o-noua-anomalie-ciudata-a-aparut-pe-hartile-climatice-de-pe-ventusky-pe-7-mai-2024-orele-0000-intre-antarctica-si-africa-de-sud\/#breadcrumb","itemListElement":[{"@type":"ListItem","position":1,"name":"Home","item":"https:\/\/www.lovendal.ro\/wp52\/"},{"@type":"ListItem","position":2,"name":"O nou\u0103 anomalie ciudat\u0103 a ap\u0103rut pe h\u0103r\u0163ile climatice de pe Ventusky pe 7 mai 2024, orele 00:00, \u00eentre Antarctica \u015fi Africa de Sud"}]},{"@type":"WebSite","@id":"https:\/\/www.lovendal.ro\/wp52\/#website","url":"https:\/\/www.lovendal.ro\/wp52\/","name":"Secretele lui Lovendal","description":"Site de secrete, stiinta si metafizica - din 2008 -","publisher":{"@id":"https:\/\/www.lovendal.ro\/wp52\/#organization"},"potentialAction":[{"@type":"SearchAction","target":{"@type":"EntryPoint","urlTemplate":"https:\/\/www.lovendal.ro\/wp52\/?s={search_term_string}"},"query-input":{"@type":"PropertyValueSpecification","valueRequired":true,"valueName":"search_term_string"}}],"inLanguage":"ro-RO"},{"@type":"Organization","@id":"https:\/\/www.lovendal.ro\/wp52\/#organization","name":"Secretele lui Lovendal","url":"https:\/\/www.lovendal.ro\/wp52\/","logo":{"@type":"ImageObject","inLanguage":"ro-RO","@id":"https:\/\/www.lovendal.ro\/wp52\/#\/schema\/logo\/image\/","url":"https:\/\/www.lovendal.ro\/wp52\/wp-content\/uploads\/2024\/06\/cropped-SLL-iun-2024-1.jpg","contentUrl":"https:\/\/www.lovendal.ro\/wp52\/wp-content\/uploads\/2024\/06\/cropped-SLL-iun-2024-1.jpg","width":771,"height":240,"caption":"Secretele lui Lovendal"},"image":{"@id":"https:\/\/www.lovendal.ro\/wp52\/#\/schema\/logo\/image\/"},"sameAs":["https:\/\/www.facebook.com\/secreteleluilovendal"]},{"@type":"Person","@id":"https:\/\/www.lovendal.ro\/wp52\/#\/schema\/person\/088691de5dfc346bb0c023e1e52ef5d9","name":"admin","image":{"@type":"ImageObject","inLanguage":"ro-RO","@id":"https:\/\/secure.gravatar.com\/avatar\/ecb9cd41f5f63c9c9b989999a59f6e2639a865ec361e9db054db0679a8f341c2?s=96&d=mm&r=g","url":"https:\/\/secure.gravatar.com\/avatar\/ecb9cd41f5f63c9c9b989999a59f6e2639a865ec361e9db054db0679a8f341c2?s=96&d=mm&r=g","contentUrl":"https:\/\/secure.gravatar.com\/avatar\/ecb9cd41f5f63c9c9b989999a59f6e2639a865ec361e9db054db0679a8f341c2?s=96&d=mm&r=g","caption":"admin"},"sameAs":["https:\/\/www.lovendal.ro\/wp52"]}]}},"_links":{"self":[{"href":"https:\/\/www.lovendal.ro\/wp52\/wp-json\/wp\/v2\/posts\/90608","targetHints":{"allow":["GET"]}}],"collection":[{"href":"https:\/\/www.lovendal.ro\/wp52\/wp-json\/wp\/v2\/posts"}],"about":[{"href":"https:\/\/www.lovendal.ro\/wp52\/wp-json\/wp\/v2\/types\/post"}],"author":[{"embeddable":true,"href":"https:\/\/www.lovendal.ro\/wp52\/wp-json\/wp\/v2\/users\/1"}],"replies":[{"embeddable":true,"href":"https:\/\/www.lovendal.ro\/wp52\/wp-json\/wp\/v2\/comments?post=90608"}],"version-history":[{"count":1,"href":"https:\/\/www.lovendal.ro\/wp52\/wp-json\/wp\/v2\/posts\/90608\/revisions"}],"predecessor-version":[{"id":90611,"href":"https:\/\/www.lovendal.ro\/wp52\/wp-json\/wp\/v2\/posts\/90608\/revisions\/90611"}],"wp:featuredmedia":[{"embeddable":true,"href":"https:\/\/www.lovendal.ro\/wp52\/wp-json\/wp\/v2\/media\/90609"}],"wp:attachment":[{"href":"https:\/\/www.lovendal.ro\/wp52\/wp-json\/wp\/v2\/media?parent=90608"}],"wp:term":[{"taxonomy":"category","embeddable":true,"href":"https:\/\/www.lovendal.ro\/wp52\/wp-json\/wp\/v2\/categories?post=90608"},{"taxonomy":"post_tag","embeddable":true,"href":"https:\/\/www.lovendal.ro\/wp52\/wp-json\/wp\/v2\/tags?post=90608"}],"curies":[{"name":"wp","href":"https:\/\/api.w.org\/{rel}","templated":true}]}}