{"id":90227,"date":"2024-04-13T07:10:15","date_gmt":"2024-04-13T04:10:15","guid":{"rendered":"https:\/\/www.lovendal.ro\/wp52\/?p=90227"},"modified":"2024-04-13T00:07:36","modified_gmt":"2024-04-12T21:07:36","slug":"o-anomalie-gigantica-inexplicabila-apare-langa-antarctica-si-se-deplaseaza-spre-africa-de-sud-generand-valuri-de-25-de-metri-totul-are-loc-a-doua-zi-dupa-eclipsa-de-soare-totala-de-pe-8-aprilie-202","status":"publish","type":"post","link":"https:\/\/www.lovendal.ro\/wp52\/o-anomalie-gigantica-inexplicabila-apare-langa-antarctica-si-se-deplaseaza-spre-africa-de-sud-generand-valuri-de-25-de-metri-totul-are-loc-a-doua-zi-dupa-eclipsa-de-soare-totala-de-pe-8-aprilie-202\/","title":{"rendered":"O anomalie gigantic\u0103 inexplicabil\u0103 apare l\u00e2ng\u0103 Antarctica \u0219i se deplaseaz\u0103 spre Africa de Sud, gener\u00e2nd valuri de 25 de metri! Totul are loc a doua zi, dup\u0103 eclipsa de soare total\u0103 de pe 8 aprilie 2024"},"content":{"rendered":"<p><a href=\"https:\/\/www.lovendal.ro\/wp52\/wp-content\/uploads\/2024\/04\/ANOMALIE-ANTARCTICA-coperta.jpg\"><img loading=\"lazy\" decoding=\"async\" class=\"alignleft size-full wp-image-90229\" src=\"https:\/\/www.lovendal.ro\/wp52\/wp-content\/uploads\/2024\/04\/ANOMALIE-ANTARCTICA-coperta.jpg\" alt=\"\" width=\"348\" height=\"226\" srcset=\"https:\/\/www.lovendal.ro\/wp52\/wp-content\/uploads\/2024\/04\/ANOMALIE-ANTARCTICA-coperta.jpg 348w, https:\/\/www.lovendal.ro\/wp52\/wp-content\/uploads\/2024\/04\/ANOMALIE-ANTARCTICA-coperta-300x195.jpg 300w\" sizes=\"auto, (max-width: 348px) 100vw, 348px\" \/><\/a>Sistemele de monitorizare a climei au surprins o anomalie enorm\u0103 care apare l\u00e2ng\u0103 Antarctica pe 9 aprilie 2024 \u0219i care s-a deplasat spre nord, ajung\u00e2nd l\u00e2ng\u0103 continentul Africii pe 11 aprilie 2024. P\u00e2n\u0103 acum nu se \u0219tie despre ce este vorba, dar s-a raportat c\u0103 \u00een zonele apropiate au fost generate valuri de p\u00e2n\u0103 la 25-30 de metri.<\/p>\n<p>Anomalia enorm\u0103, afi\u0219at\u0103 pe sistemul de monitorizare a oceanului Ventusky.com, pare s\u0103 aib\u0103 originea \u00een zona Antarcticii, \u00een emisfera sudic\u0103, pe 9 aprilie (a doua zi dup\u0103 eclipsa din 8 aprilie 2024), \u00een jurul orei 14:00, iar pe 11 aprilie, ea dispare brusc de pe hart\u0103.<\/p>\n<p>Anomalia de m\u0103rimea Texasului s-a deplasat \u00eentre America de Sud \u0219i Antarctica \u0219i apoi peste Oceanul Atlantic c\u0103tre Africa. Exist\u0103 specula\u021bii cu privire la natura acestei anomalii. Ar putea fi consecin\u021ba unui impact meteoritic \u00een ocean sau poate rezultatul unui eveniment seismic nedocumentat?<\/p>\n<p>O alt\u0103 teorie a sugerat apari\u021bia unui obiect submersibil neidentificat (OSN) \u0219i, dac\u0103 este a\u0219a, ar putea fi o nav\u0103 subacvatic\u0103 colosal\u0103. Aceast\u0103 ipotez\u0103 sugereaz\u0103 c\u0103 anomalia poate fi un obiect masiv care emite semnale care imit\u0103 caracteristicile unui val de 25-30 de metri. Absen\u021ba avertismentelor de tsunami de-a lungul c\u0103ii acestui obiect ciudat cre\u0219te misterul. Trebuie avut \u00een vedere c\u0103 anomalia apare neagr\u0103 pe radarele meteo, deci se presupune c\u0103 temperatura acesteia este foarte sc\u0103zut\u0103 (rece).<\/p>\n<p><a href=\"https:\/\/www.lovendal.ro\/wp52\/wp-content\/uploads\/2024\/04\/ANOMALIE-ANTARCTICA.jpg\"><img loading=\"lazy\" decoding=\"async\" class=\"aligncenter size-full wp-image-90228\" src=\"https:\/\/www.lovendal.ro\/wp52\/wp-content\/uploads\/2024\/04\/ANOMALIE-ANTARCTICA.jpg\" alt=\"\" width=\"545\" height=\"306\" srcset=\"https:\/\/www.lovendal.ro\/wp52\/wp-content\/uploads\/2024\/04\/ANOMALIE-ANTARCTICA.jpg 545w, https:\/\/www.lovendal.ro\/wp52\/wp-content\/uploads\/2024\/04\/ANOMALIE-ANTARCTICA-300x168.jpg 300w\" sizes=\"auto, (max-width: 545px) 100vw, 545px\" \/><\/a><\/p>\n<p>Ar putea fi o manifestare natural\u0103? Energia P\u0103m\u00e2ntului? Un front rece ciudat? Apar multe \u00eentreb\u0103ri, dar \u00eenc\u0103 nu exist\u0103 o confirmare pentru acest incident rar.<\/p>\n<p>Pute\u021bi vedea anomalia din sistemul Ventusky <a href=\"https:\/\/www.ventusky.com\/?p=-30;8;2&amp;l=wave&amp;t=20240409\/2100\" target=\"_blank\" rel=\"noopener\"><strong>AICI<\/strong><\/a>.<\/p>\n","protected":false},"excerpt":{"rendered":"<p>Sistemele de monitorizare a climei au surprins o anomalie enorm\u0103 care apare l\u00e2ng\u0103 Antarctica pe 9 aprilie 2024 \u0219i care s-a deplasat spre nord, ajung\u00e2nd l\u00e2ng\u0103 continentul Africii pe 11 aprilie 2024. P\u00e2n\u0103 acum nu se \u0219tie despre ce este &#8230; <\/p>\n<p class=\"read-more-container\"><a title=\"O anomalie gigantic\u0103 inexplicabil\u0103 apare l\u00e2ng\u0103 Antarctica \u0219i se deplaseaz\u0103 spre Africa de Sud, gener\u00e2nd valuri de 25 de metri! Totul are loc a doua zi, dup\u0103 eclipsa de soare total\u0103 de pe 8 aprilie 2024\" class=\"read-more button\" href=\"https:\/\/www.lovendal.ro\/wp52\/o-anomalie-gigantica-inexplicabila-apare-langa-antarctica-si-se-deplaseaza-spre-africa-de-sud-generand-valuri-de-25-de-metri-totul-are-loc-a-doua-zi-dupa-eclipsa-de-soare-totala-de-pe-8-aprilie-202\/#more-90227\" aria-label=\"Cite\u0219te mai multe despre O anomalie gigantic\u0103 inexplicabil\u0103 apare l\u00e2ng\u0103 Antarctica \u0219i se deplaseaz\u0103 spre Africa de Sud, gener\u00e2nd valuri de 25 de metri! Totul are loc a doua zi, dup\u0103 eclipsa de soare total\u0103 de pe 8 aprilie 2024\">Cititi mai multe<\/a><\/p>\n","protected":false},"author":1,"featured_media":90229,"comment_status":"closed","ping_status":"open","sticky":false,"template":"","format":"standard","meta":{"footnotes":""},"categories":[5040],"tags":[235,1939,4420,1730,9818,2599,2410,1494,161,1132,1814,2358,1089,1975,8468],"class_list":["post-90227","post","type-post","status-publish","format-standard","has-post-thumbnail","hentry","category-bizar","tag-africa","tag-africa-de-sud","tag-america-de-sud","tag-antarctica","tag-bizar","tag-clima","tag-continent","tag-eclipsa-de-soare","tag-meteorit","tag-oceanul-atlantic","tag-osn","tag-temperatura","tag-texas","tag-tsunami","tag-valuri","resize-featured-image"],"yoast_head":"<!-- This site is optimized with the Yoast SEO Premium plugin v23.3 (Yoast SEO v27.4) - https:\/\/yoast.com\/product\/yoast-seo-premium-wordpress\/ -->\n<title>O anomalie gigantic\u0103 inexplicabil\u0103 apare l\u00e2ng\u0103 Antarctica \u0219i se deplaseaz\u0103 spre Africa de Sud, gener\u00e2nd valuri de 25 de metri! Totul are loc a doua zi, dup\u0103 eclipsa de soare total\u0103 de pe 8 aprilie 2024 - Secretele lui Lovendal<\/title>\n<meta name=\"robots\" content=\"index, follow, max-snippet:-1, max-image-preview:large, max-video-preview:-1\" \/>\n<link rel=\"canonical\" href=\"https:\/\/www.lovendal.ro\/wp52\/o-anomalie-gigantica-inexplicabila-apare-langa-antarctica-si-se-deplaseaza-spre-africa-de-sud-generand-valuri-de-25-de-metri-totul-are-loc-a-doua-zi-dupa-eclipsa-de-soare-totala-de-pe-8-aprilie-202\/\" \/>\n<meta property=\"og:locale\" content=\"ro_RO\" \/>\n<meta property=\"og:type\" content=\"article\" \/>\n<meta property=\"og:title\" content=\"O anomalie gigantic\u0103 inexplicabil\u0103 apare l\u00e2ng\u0103 Antarctica \u0219i se deplaseaz\u0103 spre Africa de Sud, gener\u00e2nd valuri de 25 de metri! Totul are loc a doua zi, dup\u0103 eclipsa de soare total\u0103 de pe 8 aprilie 2024\" \/>\n<meta property=\"og:description\" content=\"Sistemele de monitorizare a climei au surprins o anomalie enorm\u0103 care apare l\u00e2ng\u0103 Antarctica pe 9 aprilie 2024 \u0219i care s-a deplasat spre nord, ajung\u00e2nd l\u00e2ng\u0103 continentul Africii pe 11 aprilie 2024. P\u00e2n\u0103 acum nu se \u0219tie despre ce este ... Cititi mai multe\" \/>\n<meta property=\"og:url\" content=\"https:\/\/www.lovendal.ro\/wp52\/o-anomalie-gigantica-inexplicabila-apare-langa-antarctica-si-se-deplaseaza-spre-africa-de-sud-generand-valuri-de-25-de-metri-totul-are-loc-a-doua-zi-dupa-eclipsa-de-soare-totala-de-pe-8-aprilie-202\/\" \/>\n<meta property=\"og:site_name\" content=\"Secretele lui Lovendal\" \/>\n<meta property=\"article:publisher\" content=\"https:\/\/www.facebook.com\/secreteleluilovendal\" \/>\n<meta property=\"article:published_time\" content=\"2024-04-13T04:10:15+00:00\" \/>\n<meta property=\"og:image\" content=\"https:\/\/www.lovendal.ro\/wp52\/wp-content\/uploads\/2024\/04\/ANOMALIE-ANTARCTICA-coperta.jpg\" \/>\n\t<meta property=\"og:image:width\" content=\"348\" \/>\n\t<meta property=\"og:image:height\" content=\"226\" \/>\n\t<meta property=\"og:image:type\" content=\"image\/jpeg\" \/>\n<meta name=\"author\" content=\"admin\" \/>\n<meta name=\"twitter:card\" content=\"summary_large_image\" \/>\n<meta name=\"twitter:label1\" content=\"Scris de\" \/>\n\t<meta name=\"twitter:data1\" content=\"admin\" \/>\n\t<meta name=\"twitter:label2\" content=\"Timp estimat pentru citire\" \/>\n\t<meta name=\"twitter:data2\" content=\"1 minut\" \/>\n<script type=\"application\/ld+json\" class=\"yoast-schema-graph\">{\"@context\":\"https:\\\/\\\/schema.org\",\"@graph\":[{\"@type\":\"Article\",\"@id\":\"https:\\\/\\\/www.lovendal.ro\\\/wp52\\\/o-anomalie-gigantica-inexplicabila-apare-langa-antarctica-si-se-deplaseaza-spre-africa-de-sud-generand-valuri-de-25-de-metri-totul-are-loc-a-doua-zi-dupa-eclipsa-de-soare-totala-de-pe-8-aprilie-202\\\/#article\",\"isPartOf\":{\"@id\":\"https:\\\/\\\/www.lovendal.ro\\\/wp52\\\/o-anomalie-gigantica-inexplicabila-apare-langa-antarctica-si-se-deplaseaza-spre-africa-de-sud-generand-valuri-de-25-de-metri-totul-are-loc-a-doua-zi-dupa-eclipsa-de-soare-totala-de-pe-8-aprilie-202\\\/\"},\"author\":{\"name\":\"admin\",\"@id\":\"https:\\\/\\\/www.lovendal.ro\\\/wp52\\\/#\\\/schema\\\/person\\\/088691de5dfc346bb0c023e1e52ef5d9\"},\"headline\":\"O anomalie gigantic\u0103 inexplicabil\u0103 apare l\u00e2ng\u0103 Antarctica \u0219i se deplaseaz\u0103 spre Africa de Sud, gener\u00e2nd valuri de 25 de metri! Totul are loc a doua zi, dup\u0103 eclipsa de soare total\u0103 de pe 8 aprilie 2024\",\"datePublished\":\"2024-04-13T04:10:15+00:00\",\"mainEntityOfPage\":{\"@id\":\"https:\\\/\\\/www.lovendal.ro\\\/wp52\\\/o-anomalie-gigantica-inexplicabila-apare-langa-antarctica-si-se-deplaseaza-spre-africa-de-sud-generand-valuri-de-25-de-metri-totul-are-loc-a-doua-zi-dupa-eclipsa-de-soare-totala-de-pe-8-aprilie-202\\\/\"},\"wordCount\":303,\"publisher\":{\"@id\":\"https:\\\/\\\/www.lovendal.ro\\\/wp52\\\/#organization\"},\"image\":{\"@id\":\"https:\\\/\\\/www.lovendal.ro\\\/wp52\\\/o-anomalie-gigantica-inexplicabila-apare-langa-antarctica-si-se-deplaseaza-spre-africa-de-sud-generand-valuri-de-25-de-metri-totul-are-loc-a-doua-zi-dupa-eclipsa-de-soare-totala-de-pe-8-aprilie-202\\\/#primaryimage\"},\"thumbnailUrl\":\"https:\\\/\\\/www.lovendal.ro\\\/wp52\\\/wp-content\\\/uploads\\\/2024\\\/04\\\/ANOMALIE-ANTARCTICA-coperta.jpg\",\"keywords\":[\"Africa\",\"Africa de Sud\",\"America de Sud\",\"Antarctica\",\"Bizar\",\"clim\u0103\",\"continent\",\"eclips\u0103 de soare\",\"meteorit\",\"Oceanul Atlantic\",\"OSN\",\"temperatur\u0103\",\"Texas\",\"tsunami\",\"valuri\"],\"articleSection\":[\"Bizar\"],\"inLanguage\":\"ro-RO\"},{\"@type\":\"WebPage\",\"@id\":\"https:\\\/\\\/www.lovendal.ro\\\/wp52\\\/o-anomalie-gigantica-inexplicabila-apare-langa-antarctica-si-se-deplaseaza-spre-africa-de-sud-generand-valuri-de-25-de-metri-totul-are-loc-a-doua-zi-dupa-eclipsa-de-soare-totala-de-pe-8-aprilie-202\\\/\",\"url\":\"https:\\\/\\\/www.lovendal.ro\\\/wp52\\\/o-anomalie-gigantica-inexplicabila-apare-langa-antarctica-si-se-deplaseaza-spre-africa-de-sud-generand-valuri-de-25-de-metri-totul-are-loc-a-doua-zi-dupa-eclipsa-de-soare-totala-de-pe-8-aprilie-202\\\/\",\"name\":\"O anomalie gigantic\u0103 inexplicabil\u0103 apare l\u00e2ng\u0103 Antarctica \u0219i se deplaseaz\u0103 spre Africa de Sud, gener\u00e2nd valuri de 25 de metri! Totul are loc a doua zi, dup\u0103 eclipsa de soare total\u0103 de pe 8 aprilie 2024 - Secretele lui Lovendal\",\"isPartOf\":{\"@id\":\"https:\\\/\\\/www.lovendal.ro\\\/wp52\\\/#website\"},\"primaryImageOfPage\":{\"@id\":\"https:\\\/\\\/www.lovendal.ro\\\/wp52\\\/o-anomalie-gigantica-inexplicabila-apare-langa-antarctica-si-se-deplaseaza-spre-africa-de-sud-generand-valuri-de-25-de-metri-totul-are-loc-a-doua-zi-dupa-eclipsa-de-soare-totala-de-pe-8-aprilie-202\\\/#primaryimage\"},\"image\":{\"@id\":\"https:\\\/\\\/www.lovendal.ro\\\/wp52\\\/o-anomalie-gigantica-inexplicabila-apare-langa-antarctica-si-se-deplaseaza-spre-africa-de-sud-generand-valuri-de-25-de-metri-totul-are-loc-a-doua-zi-dupa-eclipsa-de-soare-totala-de-pe-8-aprilie-202\\\/#primaryimage\"},\"thumbnailUrl\":\"https:\\\/\\\/www.lovendal.ro\\\/wp52\\\/wp-content\\\/uploads\\\/2024\\\/04\\\/ANOMALIE-ANTARCTICA-coperta.jpg\",\"datePublished\":\"2024-04-13T04:10:15+00:00\",\"breadcrumb\":{\"@id\":\"https:\\\/\\\/www.lovendal.ro\\\/wp52\\\/o-anomalie-gigantica-inexplicabila-apare-langa-antarctica-si-se-deplaseaza-spre-africa-de-sud-generand-valuri-de-25-de-metri-totul-are-loc-a-doua-zi-dupa-eclipsa-de-soare-totala-de-pe-8-aprilie-202\\\/#breadcrumb\"},\"inLanguage\":\"ro-RO\",\"potentialAction\":[{\"@type\":\"ReadAction\",\"target\":[\"https:\\\/\\\/www.lovendal.ro\\\/wp52\\\/o-anomalie-gigantica-inexplicabila-apare-langa-antarctica-si-se-deplaseaza-spre-africa-de-sud-generand-valuri-de-25-de-metri-totul-are-loc-a-doua-zi-dupa-eclipsa-de-soare-totala-de-pe-8-aprilie-202\\\/\"]}]},{\"@type\":\"ImageObject\",\"inLanguage\":\"ro-RO\",\"@id\":\"https:\\\/\\\/www.lovendal.ro\\\/wp52\\\/o-anomalie-gigantica-inexplicabila-apare-langa-antarctica-si-se-deplaseaza-spre-africa-de-sud-generand-valuri-de-25-de-metri-totul-are-loc-a-doua-zi-dupa-eclipsa-de-soare-totala-de-pe-8-aprilie-202\\\/#primaryimage\",\"url\":\"https:\\\/\\\/www.lovendal.ro\\\/wp52\\\/wp-content\\\/uploads\\\/2024\\\/04\\\/ANOMALIE-ANTARCTICA-coperta.jpg\",\"contentUrl\":\"https:\\\/\\\/www.lovendal.ro\\\/wp52\\\/wp-content\\\/uploads\\\/2024\\\/04\\\/ANOMALIE-ANTARCTICA-coperta.jpg\",\"width\":348,\"height\":226},{\"@type\":\"BreadcrumbList\",\"@id\":\"https:\\\/\\\/www.lovendal.ro\\\/wp52\\\/o-anomalie-gigantica-inexplicabila-apare-langa-antarctica-si-se-deplaseaza-spre-africa-de-sud-generand-valuri-de-25-de-metri-totul-are-loc-a-doua-zi-dupa-eclipsa-de-soare-totala-de-pe-8-aprilie-202\\\/#breadcrumb\",\"itemListElement\":[{\"@type\":\"ListItem\",\"position\":1,\"name\":\"Home\",\"item\":\"https:\\\/\\\/www.lovendal.ro\\\/wp52\\\/\"},{\"@type\":\"ListItem\",\"position\":2,\"name\":\"O anomalie gigantic\u0103 inexplicabil\u0103 apare l\u00e2ng\u0103 Antarctica \u0219i se deplaseaz\u0103 spre Africa de Sud, gener\u00e2nd valuri de 25 de metri! Totul are loc a doua zi, dup\u0103 eclipsa de soare total\u0103 de pe 8 aprilie 2024\"}]},{\"@type\":\"WebSite\",\"@id\":\"https:\\\/\\\/www.lovendal.ro\\\/wp52\\\/#website\",\"url\":\"https:\\\/\\\/www.lovendal.ro\\\/wp52\\\/\",\"name\":\"Secretele lui Lovendal\",\"description\":\"Site de secrete, stiinta si metafizica - din 2008 -\",\"publisher\":{\"@id\":\"https:\\\/\\\/www.lovendal.ro\\\/wp52\\\/#organization\"},\"potentialAction\":[{\"@type\":\"SearchAction\",\"target\":{\"@type\":\"EntryPoint\",\"urlTemplate\":\"https:\\\/\\\/www.lovendal.ro\\\/wp52\\\/?s={search_term_string}\"},\"query-input\":{\"@type\":\"PropertyValueSpecification\",\"valueRequired\":true,\"valueName\":\"search_term_string\"}}],\"inLanguage\":\"ro-RO\"},{\"@type\":\"Organization\",\"@id\":\"https:\\\/\\\/www.lovendal.ro\\\/wp52\\\/#organization\",\"name\":\"Secretele lui Lovendal\",\"url\":\"https:\\\/\\\/www.lovendal.ro\\\/wp52\\\/\",\"logo\":{\"@type\":\"ImageObject\",\"inLanguage\":\"ro-RO\",\"@id\":\"https:\\\/\\\/www.lovendal.ro\\\/wp52\\\/#\\\/schema\\\/logo\\\/image\\\/\",\"url\":\"https:\\\/\\\/www.lovendal.ro\\\/wp52\\\/wp-content\\\/uploads\\\/2024\\\/06\\\/cropped-SLL-iun-2024-1.jpg\",\"contentUrl\":\"https:\\\/\\\/www.lovendal.ro\\\/wp52\\\/wp-content\\\/uploads\\\/2024\\\/06\\\/cropped-SLL-iun-2024-1.jpg\",\"width\":771,\"height\":240,\"caption\":\"Secretele lui Lovendal\"},\"image\":{\"@id\":\"https:\\\/\\\/www.lovendal.ro\\\/wp52\\\/#\\\/schema\\\/logo\\\/image\\\/\"},\"sameAs\":[\"https:\\\/\\\/www.facebook.com\\\/secreteleluilovendal\"]},{\"@type\":\"Person\",\"@id\":\"https:\\\/\\\/www.lovendal.ro\\\/wp52\\\/#\\\/schema\\\/person\\\/088691de5dfc346bb0c023e1e52ef5d9\",\"name\":\"admin\",\"image\":{\"@type\":\"ImageObject\",\"inLanguage\":\"ro-RO\",\"@id\":\"https:\\\/\\\/secure.gravatar.com\\\/avatar\\\/ecb9cd41f5f63c9c9b989999a59f6e2639a865ec361e9db054db0679a8f341c2?s=96&d=mm&r=g\",\"url\":\"https:\\\/\\\/secure.gravatar.com\\\/avatar\\\/ecb9cd41f5f63c9c9b989999a59f6e2639a865ec361e9db054db0679a8f341c2?s=96&d=mm&r=g\",\"contentUrl\":\"https:\\\/\\\/secure.gravatar.com\\\/avatar\\\/ecb9cd41f5f63c9c9b989999a59f6e2639a865ec361e9db054db0679a8f341c2?s=96&d=mm&r=g\",\"caption\":\"admin\"},\"sameAs\":[\"https:\\\/\\\/www.lovendal.ro\\\/wp52\"]}]}<\/script>\n<!-- \/ Yoast SEO Premium plugin. -->","yoast_head_json":{"title":"O anomalie gigantic\u0103 inexplicabil\u0103 apare l\u00e2ng\u0103 Antarctica \u0219i se deplaseaz\u0103 spre Africa de Sud, gener\u00e2nd valuri de 25 de metri! Totul are loc a doua zi, dup\u0103 eclipsa de soare total\u0103 de pe 8 aprilie 2024 - Secretele lui Lovendal","robots":{"index":"index","follow":"follow","max-snippet":"max-snippet:-1","max-image-preview":"max-image-preview:large","max-video-preview":"max-video-preview:-1"},"canonical":"https:\/\/www.lovendal.ro\/wp52\/o-anomalie-gigantica-inexplicabila-apare-langa-antarctica-si-se-deplaseaza-spre-africa-de-sud-generand-valuri-de-25-de-metri-totul-are-loc-a-doua-zi-dupa-eclipsa-de-soare-totala-de-pe-8-aprilie-202\/","og_locale":"ro_RO","og_type":"article","og_title":"O anomalie gigantic\u0103 inexplicabil\u0103 apare l\u00e2ng\u0103 Antarctica \u0219i se deplaseaz\u0103 spre Africa de Sud, gener\u00e2nd valuri de 25 de metri! Totul are loc a doua zi, dup\u0103 eclipsa de soare total\u0103 de pe 8 aprilie 2024","og_description":"Sistemele de monitorizare a climei au surprins o anomalie enorm\u0103 care apare l\u00e2ng\u0103 Antarctica pe 9 aprilie 2024 \u0219i care s-a deplasat spre nord, ajung\u00e2nd l\u00e2ng\u0103 continentul Africii pe 11 aprilie 2024. P\u00e2n\u0103 acum nu se \u0219tie despre ce este ... Cititi mai multe","og_url":"https:\/\/www.lovendal.ro\/wp52\/o-anomalie-gigantica-inexplicabila-apare-langa-antarctica-si-se-deplaseaza-spre-africa-de-sud-generand-valuri-de-25-de-metri-totul-are-loc-a-doua-zi-dupa-eclipsa-de-soare-totala-de-pe-8-aprilie-202\/","og_site_name":"Secretele lui Lovendal","article_publisher":"https:\/\/www.facebook.com\/secreteleluilovendal","article_published_time":"2024-04-13T04:10:15+00:00","og_image":[{"width":348,"height":226,"url":"https:\/\/www.lovendal.ro\/wp52\/wp-content\/uploads\/2024\/04\/ANOMALIE-ANTARCTICA-coperta.jpg","type":"image\/jpeg"}],"author":"admin","twitter_card":"summary_large_image","twitter_misc":{"Scris de":"admin","Timp estimat pentru citire":"1 minut"},"schema":{"@context":"https:\/\/schema.org","@graph":[{"@type":"Article","@id":"https:\/\/www.lovendal.ro\/wp52\/o-anomalie-gigantica-inexplicabila-apare-langa-antarctica-si-se-deplaseaza-spre-africa-de-sud-generand-valuri-de-25-de-metri-totul-are-loc-a-doua-zi-dupa-eclipsa-de-soare-totala-de-pe-8-aprilie-202\/#article","isPartOf":{"@id":"https:\/\/www.lovendal.ro\/wp52\/o-anomalie-gigantica-inexplicabila-apare-langa-antarctica-si-se-deplaseaza-spre-africa-de-sud-generand-valuri-de-25-de-metri-totul-are-loc-a-doua-zi-dupa-eclipsa-de-soare-totala-de-pe-8-aprilie-202\/"},"author":{"name":"admin","@id":"https:\/\/www.lovendal.ro\/wp52\/#\/schema\/person\/088691de5dfc346bb0c023e1e52ef5d9"},"headline":"O anomalie gigantic\u0103 inexplicabil\u0103 apare l\u00e2ng\u0103 Antarctica \u0219i se deplaseaz\u0103 spre Africa de Sud, gener\u00e2nd valuri de 25 de metri! Totul are loc a doua zi, dup\u0103 eclipsa de soare total\u0103 de pe 8 aprilie 2024","datePublished":"2024-04-13T04:10:15+00:00","mainEntityOfPage":{"@id":"https:\/\/www.lovendal.ro\/wp52\/o-anomalie-gigantica-inexplicabila-apare-langa-antarctica-si-se-deplaseaza-spre-africa-de-sud-generand-valuri-de-25-de-metri-totul-are-loc-a-doua-zi-dupa-eclipsa-de-soare-totala-de-pe-8-aprilie-202\/"},"wordCount":303,"publisher":{"@id":"https:\/\/www.lovendal.ro\/wp52\/#organization"},"image":{"@id":"https:\/\/www.lovendal.ro\/wp52\/o-anomalie-gigantica-inexplicabila-apare-langa-antarctica-si-se-deplaseaza-spre-africa-de-sud-generand-valuri-de-25-de-metri-totul-are-loc-a-doua-zi-dupa-eclipsa-de-soare-totala-de-pe-8-aprilie-202\/#primaryimage"},"thumbnailUrl":"https:\/\/www.lovendal.ro\/wp52\/wp-content\/uploads\/2024\/04\/ANOMALIE-ANTARCTICA-coperta.jpg","keywords":["Africa","Africa de Sud","America de Sud","Antarctica","Bizar","clim\u0103","continent","eclips\u0103 de soare","meteorit","Oceanul Atlantic","OSN","temperatur\u0103","Texas","tsunami","valuri"],"articleSection":["Bizar"],"inLanguage":"ro-RO"},{"@type":"WebPage","@id":"https:\/\/www.lovendal.ro\/wp52\/o-anomalie-gigantica-inexplicabila-apare-langa-antarctica-si-se-deplaseaza-spre-africa-de-sud-generand-valuri-de-25-de-metri-totul-are-loc-a-doua-zi-dupa-eclipsa-de-soare-totala-de-pe-8-aprilie-202\/","url":"https:\/\/www.lovendal.ro\/wp52\/o-anomalie-gigantica-inexplicabila-apare-langa-antarctica-si-se-deplaseaza-spre-africa-de-sud-generand-valuri-de-25-de-metri-totul-are-loc-a-doua-zi-dupa-eclipsa-de-soare-totala-de-pe-8-aprilie-202\/","name":"O anomalie gigantic\u0103 inexplicabil\u0103 apare l\u00e2ng\u0103 Antarctica \u0219i se deplaseaz\u0103 spre Africa de Sud, gener\u00e2nd valuri de 25 de metri! Totul are loc a doua zi, dup\u0103 eclipsa de soare total\u0103 de pe 8 aprilie 2024 - Secretele lui Lovendal","isPartOf":{"@id":"https:\/\/www.lovendal.ro\/wp52\/#website"},"primaryImageOfPage":{"@id":"https:\/\/www.lovendal.ro\/wp52\/o-anomalie-gigantica-inexplicabila-apare-langa-antarctica-si-se-deplaseaza-spre-africa-de-sud-generand-valuri-de-25-de-metri-totul-are-loc-a-doua-zi-dupa-eclipsa-de-soare-totala-de-pe-8-aprilie-202\/#primaryimage"},"image":{"@id":"https:\/\/www.lovendal.ro\/wp52\/o-anomalie-gigantica-inexplicabila-apare-langa-antarctica-si-se-deplaseaza-spre-africa-de-sud-generand-valuri-de-25-de-metri-totul-are-loc-a-doua-zi-dupa-eclipsa-de-soare-totala-de-pe-8-aprilie-202\/#primaryimage"},"thumbnailUrl":"https:\/\/www.lovendal.ro\/wp52\/wp-content\/uploads\/2024\/04\/ANOMALIE-ANTARCTICA-coperta.jpg","datePublished":"2024-04-13T04:10:15+00:00","breadcrumb":{"@id":"https:\/\/www.lovendal.ro\/wp52\/o-anomalie-gigantica-inexplicabila-apare-langa-antarctica-si-se-deplaseaza-spre-africa-de-sud-generand-valuri-de-25-de-metri-totul-are-loc-a-doua-zi-dupa-eclipsa-de-soare-totala-de-pe-8-aprilie-202\/#breadcrumb"},"inLanguage":"ro-RO","potentialAction":[{"@type":"ReadAction","target":["https:\/\/www.lovendal.ro\/wp52\/o-anomalie-gigantica-inexplicabila-apare-langa-antarctica-si-se-deplaseaza-spre-africa-de-sud-generand-valuri-de-25-de-metri-totul-are-loc-a-doua-zi-dupa-eclipsa-de-soare-totala-de-pe-8-aprilie-202\/"]}]},{"@type":"ImageObject","inLanguage":"ro-RO","@id":"https:\/\/www.lovendal.ro\/wp52\/o-anomalie-gigantica-inexplicabila-apare-langa-antarctica-si-se-deplaseaza-spre-africa-de-sud-generand-valuri-de-25-de-metri-totul-are-loc-a-doua-zi-dupa-eclipsa-de-soare-totala-de-pe-8-aprilie-202\/#primaryimage","url":"https:\/\/www.lovendal.ro\/wp52\/wp-content\/uploads\/2024\/04\/ANOMALIE-ANTARCTICA-coperta.jpg","contentUrl":"https:\/\/www.lovendal.ro\/wp52\/wp-content\/uploads\/2024\/04\/ANOMALIE-ANTARCTICA-coperta.jpg","width":348,"height":226},{"@type":"BreadcrumbList","@id":"https:\/\/www.lovendal.ro\/wp52\/o-anomalie-gigantica-inexplicabila-apare-langa-antarctica-si-se-deplaseaza-spre-africa-de-sud-generand-valuri-de-25-de-metri-totul-are-loc-a-doua-zi-dupa-eclipsa-de-soare-totala-de-pe-8-aprilie-202\/#breadcrumb","itemListElement":[{"@type":"ListItem","position":1,"name":"Home","item":"https:\/\/www.lovendal.ro\/wp52\/"},{"@type":"ListItem","position":2,"name":"O anomalie gigantic\u0103 inexplicabil\u0103 apare l\u00e2ng\u0103 Antarctica \u0219i se deplaseaz\u0103 spre Africa de Sud, gener\u00e2nd valuri de 25 de metri! Totul are loc a doua zi, dup\u0103 eclipsa de soare total\u0103 de pe 8 aprilie 2024"}]},{"@type":"WebSite","@id":"https:\/\/www.lovendal.ro\/wp52\/#website","url":"https:\/\/www.lovendal.ro\/wp52\/","name":"Secretele lui Lovendal","description":"Site de secrete, stiinta si metafizica - din 2008 -","publisher":{"@id":"https:\/\/www.lovendal.ro\/wp52\/#organization"},"potentialAction":[{"@type":"SearchAction","target":{"@type":"EntryPoint","urlTemplate":"https:\/\/www.lovendal.ro\/wp52\/?s={search_term_string}"},"query-input":{"@type":"PropertyValueSpecification","valueRequired":true,"valueName":"search_term_string"}}],"inLanguage":"ro-RO"},{"@type":"Organization","@id":"https:\/\/www.lovendal.ro\/wp52\/#organization","name":"Secretele lui Lovendal","url":"https:\/\/www.lovendal.ro\/wp52\/","logo":{"@type":"ImageObject","inLanguage":"ro-RO","@id":"https:\/\/www.lovendal.ro\/wp52\/#\/schema\/logo\/image\/","url":"https:\/\/www.lovendal.ro\/wp52\/wp-content\/uploads\/2024\/06\/cropped-SLL-iun-2024-1.jpg","contentUrl":"https:\/\/www.lovendal.ro\/wp52\/wp-content\/uploads\/2024\/06\/cropped-SLL-iun-2024-1.jpg","width":771,"height":240,"caption":"Secretele lui Lovendal"},"image":{"@id":"https:\/\/www.lovendal.ro\/wp52\/#\/schema\/logo\/image\/"},"sameAs":["https:\/\/www.facebook.com\/secreteleluilovendal"]},{"@type":"Person","@id":"https:\/\/www.lovendal.ro\/wp52\/#\/schema\/person\/088691de5dfc346bb0c023e1e52ef5d9","name":"admin","image":{"@type":"ImageObject","inLanguage":"ro-RO","@id":"https:\/\/secure.gravatar.com\/avatar\/ecb9cd41f5f63c9c9b989999a59f6e2639a865ec361e9db054db0679a8f341c2?s=96&d=mm&r=g","url":"https:\/\/secure.gravatar.com\/avatar\/ecb9cd41f5f63c9c9b989999a59f6e2639a865ec361e9db054db0679a8f341c2?s=96&d=mm&r=g","contentUrl":"https:\/\/secure.gravatar.com\/avatar\/ecb9cd41f5f63c9c9b989999a59f6e2639a865ec361e9db054db0679a8f341c2?s=96&d=mm&r=g","caption":"admin"},"sameAs":["https:\/\/www.lovendal.ro\/wp52"]}]}},"_links":{"self":[{"href":"https:\/\/www.lovendal.ro\/wp52\/wp-json\/wp\/v2\/posts\/90227","targetHints":{"allow":["GET"]}}],"collection":[{"href":"https:\/\/www.lovendal.ro\/wp52\/wp-json\/wp\/v2\/posts"}],"about":[{"href":"https:\/\/www.lovendal.ro\/wp52\/wp-json\/wp\/v2\/types\/post"}],"author":[{"embeddable":true,"href":"https:\/\/www.lovendal.ro\/wp52\/wp-json\/wp\/v2\/users\/1"}],"replies":[{"embeddable":true,"href":"https:\/\/www.lovendal.ro\/wp52\/wp-json\/wp\/v2\/comments?post=90227"}],"version-history":[{"count":2,"href":"https:\/\/www.lovendal.ro\/wp52\/wp-json\/wp\/v2\/posts\/90227\/revisions"}],"predecessor-version":[{"id":90231,"href":"https:\/\/www.lovendal.ro\/wp52\/wp-json\/wp\/v2\/posts\/90227\/revisions\/90231"}],"wp:featuredmedia":[{"embeddable":true,"href":"https:\/\/www.lovendal.ro\/wp52\/wp-json\/wp\/v2\/media\/90229"}],"wp:attachment":[{"href":"https:\/\/www.lovendal.ro\/wp52\/wp-json\/wp\/v2\/media?parent=90227"}],"wp:term":[{"taxonomy":"category","embeddable":true,"href":"https:\/\/www.lovendal.ro\/wp52\/wp-json\/wp\/v2\/categories?post=90227"},{"taxonomy":"post_tag","embeddable":true,"href":"https:\/\/www.lovendal.ro\/wp52\/wp-json\/wp\/v2\/tags?post=90227"}],"curies":[{"name":"wp","href":"https:\/\/api.w.org\/{rel}","templated":true}]}}