{"id":89869,"date":"2024-03-12T18:39:15","date_gmt":"2024-03-12T16:39:15","guid":{"rendered":"https:\/\/www.lovendal.ro\/wp52\/?p=89869"},"modified":"2024-03-12T18:39:15","modified_gmt":"2024-03-12T16:39:15","slug":"de-unde-a-aparut-ideea-ca-vrajitoarele-zburau-pe-maturi-in-evul-mediu","status":"publish","type":"post","link":"https:\/\/www.lovendal.ro\/wp52\/de-unde-a-aparut-ideea-ca-vrajitoarele-zburau-pe-maturi-in-evul-mediu\/","title":{"rendered":"De unde a ap\u0103rut ideea c\u0103 vr\u0103jitoarele zburau pe m\u0103turi \u00een Evul Mediu?"},"content":{"rendered":"<p><a href=\"https:\/\/www.lovendal.ro\/wp52\/wp-content\/uploads\/2024\/03\/vrajitoare-zburand-pe-matura.jpg\"><img loading=\"lazy\" decoding=\"async\" class=\"alignleft size-full wp-image-89870\" src=\"https:\/\/www.lovendal.ro\/wp52\/wp-content\/uploads\/2024\/03\/vrajitoare-zburand-pe-matura.jpg\" alt=\"\" width=\"363\" height=\"248\" srcset=\"https:\/\/www.lovendal.ro\/wp52\/wp-content\/uploads\/2024\/03\/vrajitoare-zburand-pe-matura.jpg 363w, https:\/\/www.lovendal.ro\/wp52\/wp-content\/uploads\/2024\/03\/vrajitoare-zburand-pe-matura-300x205.jpg 300w\" sizes=\"auto, (max-width: 363px) 100vw, 363px\" \/><\/a>Imaginea unei vr\u0103jitoare care zboar\u0103 pe o m\u0103tur\u0103 este iconic\u0103, dar nu este at\u00e2t de veche ca ideea de vr\u0103jitorie \u00een sine, care dateaz\u0103 din primele zile ale omenirii. Astfel, cea mai veche reprezentare vizual\u0103 cunoscut\u0103 a vr\u0103jitoarelor zbur\u0103toare apare \u00eentr-o lucrare &#8211; <strong>&#8222;Le champion des dames&#8221;<\/strong> (<strong>&#8222;Ap\u0103r\u0103torul doamnelor&#8221;<\/strong>) &#8211; scris\u0103 de poetul francez Martin Le Franc.<\/p>\n<p>\u00cen acest moment, acuza\u021biile de vr\u0103jitorie se concentrau tot mai mult asupra femeilor. \u00cembr\u0103c\u0103mintea figurilor din textul lui Le Franc le \u00eenf\u0103\u021bi\u0219eaz\u0103 ca provenind din r\u00e2ndurile marginale ale societ\u0103\u021bii medievale. La fel \u0219i instrumentele pe care zboar\u0103: toiagul \u0219i m\u0103turile erau unelte pentru treburile casnice obi\u0219nuite.<\/p>\n<p>Ideea c\u0103 vr\u0103jitoarele ar putea zbura a servit ca baz\u0103 pentru o alt\u0103 idee, \u015fi anume c\u0103 vr\u0103jitoarele se adunau \u00een grupuri mari numite sabat. Aceste adun\u0103ri, la r\u00e2ndul lor, au accentuat presupusa amenin\u021bare pe care vr\u0103jitoarele o reprezentau asupra societ\u0103\u0163ii cre\u0219tine.<\/p>\n<p>Chiar \u0219i dup\u0103 ce ideea vr\u0103jitoarelor zbur\u00e2nd pe m\u0103turi a fost introdus\u0103 \u00een societatea european\u0103, ea nu a fost u\u0219or acceptat\u0103. Mul\u021bi dintre cei care au scris despre vr\u0103jitorie \u00een acest moment, inclusiv Martin Le Franc, erau destul de sceptici cu privire la realitatea vr\u0103jitoarelor zbur\u0103toare. Dup\u0103 cum s-a dovedit, autorit\u0103\u021bile puteau percepe \u00een continuare o amenin\u021bare chiar dac\u0103 credeau c\u0103 zborul vr\u0103jitoarelor este imaginar.<\/p>\n<p>Unele texte medievale au acceptat pe deplin ideea c\u0103 vr\u0103jitoarele zburau, adesea pe m\u0103turi sau toiag. \u00centr-un text, este descris un grup de vr\u0103jitoare care c\u0103l\u0103toreau cu toiage unse cu un unguent magic \u0219i zburau \u00een mun\u021bi pentru a aduna ghea\u021b\u0103, \u00een scopul de a provoca furtuni de grindin\u0103.<\/p>\n<p>Alte texte, \u00eens\u0103, nu erau sigure c\u0103 un astfel de zbor era real. Astfel, se sugera faptul c\u0103 vr\u0103jitoarele care pretindeau c\u0103 zboar\u0103, de fapt ar fi fost &#8222;am\u0103gite&#8221; de c\u0103tre diavol. Acest lucru s-a inspirat dintr-o lege bisericeasc\u0103 de la \u00eenceputul secolului al X-lea despre femeile care pretindeau c\u0103 noaptea c\u0103l\u0103reau pe anumite &#8222;fiare&#8221; \u00een trenul zei\u021bei p\u0103g\u00e2ne Diana, pe care autorit\u0103\u021bile cre\u0219tine o \u00een\u021belegeau ca fiind un demon deghizat. Legea bisericeasc\u0103 spunea c\u0103 un astfel de zbor nu era unul real \u0219i c\u0103 oricine credea a\u0219a ceva era &#8222;sedus de iluzii \u0219i fantasme ale demonilor&#8221;. Nu se prevedea nicio pedeaps\u0103 direct\u0103, dar preo\u021bii erau mandata\u021bi s\u0103 predice \u00eempotriva acestor &#8222;necredincio\u0219i&#8221;.<\/p>\n<p>Cercet\u0103torii au speculat c\u0103 unguentele men\u021bionate adesea \u00een relat\u0103rile despre un astfel de zbor ar fi putut func\u021biona ca halucinogene, produc\u00e2nd senza\u021bii de zbor.<\/p>\n","protected":false},"excerpt":{"rendered":"<p>Imaginea unei vr\u0103jitoare care zboar\u0103 pe o m\u0103tur\u0103 este iconic\u0103, dar nu este at\u00e2t de veche ca ideea de vr\u0103jitorie \u00een sine, care dateaz\u0103 din primele zile ale omenirii. Astfel, cea mai veche reprezentare vizual\u0103 cunoscut\u0103 a vr\u0103jitoarelor zbur\u0103toare apare &#8230; <\/p>\n<p class=\"read-more-container\"><a title=\"De unde a ap\u0103rut ideea c\u0103 vr\u0103jitoarele zburau pe m\u0103turi \u00een Evul Mediu?\" class=\"read-more button\" href=\"https:\/\/www.lovendal.ro\/wp52\/de-unde-a-aparut-ideea-ca-vrajitoarele-zburau-pe-maturi-in-evul-mediu\/#more-89869\" aria-label=\"Cite\u0219te mai multe despre De unde a ap\u0103rut ideea c\u0103 vr\u0103jitoarele zburau pe m\u0103turi \u00een Evul Mediu?\">Cititi mai multe<\/a><\/p>\n","protected":false},"author":1,"featured_media":89870,"comment_status":"open","ping_status":"open","sticky":false,"template":"","format":"standard","meta":{"footnotes":""},"categories":[14],"tags":[6308,697,124,274,1578,4942,3455,815,9796,215,114,1744,2551,3937],"class_list":["post-89869","post","type-post","status-publish","format-standard","has-post-thumbnail","hentry","category-paranormal-spiritualitate","tag-diana","tag-diavol","tag-evul-mediu","tag-femei","tag-gheata","tag-grindina","tag-matura","tag-munti","tag-paranormal-spiritualitate","tag-poet","tag-vrajitoare","tag-vrajitorie","tag-zbor","tag-zeita","resize-featured-image"],"yoast_head":"<!-- This site is optimized with the Yoast SEO Premium plugin v23.3 (Yoast SEO v27.4) - https:\/\/yoast.com\/product\/yoast-seo-premium-wordpress\/ -->\n<title>De unde a ap\u0103rut ideea c\u0103 vr\u0103jitoarele zburau pe m\u0103turi \u00een Evul Mediu? - Secretele lui Lovendal<\/title>\n<meta name=\"robots\" content=\"index, follow, max-snippet:-1, max-image-preview:large, max-video-preview:-1\" \/>\n<link rel=\"canonical\" href=\"https:\/\/www.lovendal.ro\/wp52\/de-unde-a-aparut-ideea-ca-vrajitoarele-zburau-pe-maturi-in-evul-mediu\/\" \/>\n<meta property=\"og:locale\" content=\"ro_RO\" \/>\n<meta property=\"og:type\" content=\"article\" \/>\n<meta property=\"og:title\" content=\"De unde a ap\u0103rut ideea c\u0103 vr\u0103jitoarele zburau pe m\u0103turi \u00een Evul Mediu?\" \/>\n<meta property=\"og:description\" content=\"Imaginea unei vr\u0103jitoare care zboar\u0103 pe o m\u0103tur\u0103 este iconic\u0103, dar nu este at\u00e2t de veche ca ideea de vr\u0103jitorie \u00een sine, care dateaz\u0103 din primele zile ale omenirii. Astfel, cea mai veche reprezentare vizual\u0103 cunoscut\u0103 a vr\u0103jitoarelor zbur\u0103toare apare ... Cititi mai multe\" \/>\n<meta property=\"og:url\" content=\"https:\/\/www.lovendal.ro\/wp52\/de-unde-a-aparut-ideea-ca-vrajitoarele-zburau-pe-maturi-in-evul-mediu\/\" \/>\n<meta property=\"og:site_name\" content=\"Secretele lui Lovendal\" \/>\n<meta property=\"article:publisher\" content=\"https:\/\/www.facebook.com\/secreteleluilovendal\" \/>\n<meta property=\"article:published_time\" content=\"2024-03-12T16:39:15+00:00\" \/>\n<meta property=\"og:image\" content=\"https:\/\/www.lovendal.ro\/wp52\/wp-content\/uploads\/2024\/03\/vrajitoare-zburand-pe-matura.jpg\" \/>\n\t<meta property=\"og:image:width\" content=\"363\" \/>\n\t<meta property=\"og:image:height\" content=\"248\" \/>\n\t<meta property=\"og:image:type\" content=\"image\/jpeg\" \/>\n<meta name=\"author\" content=\"admin\" \/>\n<meta name=\"twitter:card\" content=\"summary_large_image\" \/>\n<meta name=\"twitter:label1\" content=\"Scris de\" \/>\n\t<meta name=\"twitter:data1\" content=\"admin\" \/>\n\t<meta name=\"twitter:label2\" content=\"Timp estimat pentru citire\" \/>\n\t<meta name=\"twitter:data2\" content=\"2 minute\" \/>\n<script type=\"application\/ld+json\" class=\"yoast-schema-graph\">{\"@context\":\"https:\\\/\\\/schema.org\",\"@graph\":[{\"@type\":\"Article\",\"@id\":\"https:\\\/\\\/www.lovendal.ro\\\/wp52\\\/de-unde-a-aparut-ideea-ca-vrajitoarele-zburau-pe-maturi-in-evul-mediu\\\/#article\",\"isPartOf\":{\"@id\":\"https:\\\/\\\/www.lovendal.ro\\\/wp52\\\/de-unde-a-aparut-ideea-ca-vrajitoarele-zburau-pe-maturi-in-evul-mediu\\\/\"},\"author\":{\"name\":\"admin\",\"@id\":\"https:\\\/\\\/www.lovendal.ro\\\/wp52\\\/#\\\/schema\\\/person\\\/088691de5dfc346bb0c023e1e52ef5d9\"},\"headline\":\"De unde a ap\u0103rut ideea c\u0103 vr\u0103jitoarele zburau pe m\u0103turi \u00een Evul Mediu?\",\"datePublished\":\"2024-03-12T16:39:15+00:00\",\"mainEntityOfPage\":{\"@id\":\"https:\\\/\\\/www.lovendal.ro\\\/wp52\\\/de-unde-a-aparut-ideea-ca-vrajitoarele-zburau-pe-maturi-in-evul-mediu\\\/\"},\"wordCount\":475,\"commentCount\":0,\"publisher\":{\"@id\":\"https:\\\/\\\/www.lovendal.ro\\\/wp52\\\/#organization\"},\"image\":{\"@id\":\"https:\\\/\\\/www.lovendal.ro\\\/wp52\\\/de-unde-a-aparut-ideea-ca-vrajitoarele-zburau-pe-maturi-in-evul-mediu\\\/#primaryimage\"},\"thumbnailUrl\":\"https:\\\/\\\/www.lovendal.ro\\\/wp52\\\/wp-content\\\/uploads\\\/2024\\\/03\\\/vrajitoare-zburand-pe-matura.jpg\",\"keywords\":[\"Diana\",\"diavol\",\"Evul Mediu\",\"femei\",\"ghea\u0163\u0103\",\"grindin\u0103\",\"m\u0103tur\u0103\",\"mun\u0163i\",\"Paranormal-Spiritualitate\",\"poet\",\"vr\u0103jitoare\",\"vr\u0103jitorie\",\"zbor\",\"zei\u0163\u0103\"],\"articleSection\":[\"Paranormal-Spiritualitate\"],\"inLanguage\":\"ro-RO\",\"potentialAction\":[{\"@type\":\"CommentAction\",\"name\":\"Comment\",\"target\":[\"https:\\\/\\\/www.lovendal.ro\\\/wp52\\\/de-unde-a-aparut-ideea-ca-vrajitoarele-zburau-pe-maturi-in-evul-mediu\\\/#respond\"]}]},{\"@type\":\"WebPage\",\"@id\":\"https:\\\/\\\/www.lovendal.ro\\\/wp52\\\/de-unde-a-aparut-ideea-ca-vrajitoarele-zburau-pe-maturi-in-evul-mediu\\\/\",\"url\":\"https:\\\/\\\/www.lovendal.ro\\\/wp52\\\/de-unde-a-aparut-ideea-ca-vrajitoarele-zburau-pe-maturi-in-evul-mediu\\\/\",\"name\":\"De unde a ap\u0103rut ideea c\u0103 vr\u0103jitoarele zburau pe m\u0103turi \u00een Evul Mediu? - Secretele lui Lovendal\",\"isPartOf\":{\"@id\":\"https:\\\/\\\/www.lovendal.ro\\\/wp52\\\/#website\"},\"primaryImageOfPage\":{\"@id\":\"https:\\\/\\\/www.lovendal.ro\\\/wp52\\\/de-unde-a-aparut-ideea-ca-vrajitoarele-zburau-pe-maturi-in-evul-mediu\\\/#primaryimage\"},\"image\":{\"@id\":\"https:\\\/\\\/www.lovendal.ro\\\/wp52\\\/de-unde-a-aparut-ideea-ca-vrajitoarele-zburau-pe-maturi-in-evul-mediu\\\/#primaryimage\"},\"thumbnailUrl\":\"https:\\\/\\\/www.lovendal.ro\\\/wp52\\\/wp-content\\\/uploads\\\/2024\\\/03\\\/vrajitoare-zburand-pe-matura.jpg\",\"datePublished\":\"2024-03-12T16:39:15+00:00\",\"breadcrumb\":{\"@id\":\"https:\\\/\\\/www.lovendal.ro\\\/wp52\\\/de-unde-a-aparut-ideea-ca-vrajitoarele-zburau-pe-maturi-in-evul-mediu\\\/#breadcrumb\"},\"inLanguage\":\"ro-RO\",\"potentialAction\":[{\"@type\":\"ReadAction\",\"target\":[\"https:\\\/\\\/www.lovendal.ro\\\/wp52\\\/de-unde-a-aparut-ideea-ca-vrajitoarele-zburau-pe-maturi-in-evul-mediu\\\/\"]}]},{\"@type\":\"ImageObject\",\"inLanguage\":\"ro-RO\",\"@id\":\"https:\\\/\\\/www.lovendal.ro\\\/wp52\\\/de-unde-a-aparut-ideea-ca-vrajitoarele-zburau-pe-maturi-in-evul-mediu\\\/#primaryimage\",\"url\":\"https:\\\/\\\/www.lovendal.ro\\\/wp52\\\/wp-content\\\/uploads\\\/2024\\\/03\\\/vrajitoare-zburand-pe-matura.jpg\",\"contentUrl\":\"https:\\\/\\\/www.lovendal.ro\\\/wp52\\\/wp-content\\\/uploads\\\/2024\\\/03\\\/vrajitoare-zburand-pe-matura.jpg\",\"width\":363,\"height\":248},{\"@type\":\"BreadcrumbList\",\"@id\":\"https:\\\/\\\/www.lovendal.ro\\\/wp52\\\/de-unde-a-aparut-ideea-ca-vrajitoarele-zburau-pe-maturi-in-evul-mediu\\\/#breadcrumb\",\"itemListElement\":[{\"@type\":\"ListItem\",\"position\":1,\"name\":\"Home\",\"item\":\"https:\\\/\\\/www.lovendal.ro\\\/wp52\\\/\"},{\"@type\":\"ListItem\",\"position\":2,\"name\":\"De unde a ap\u0103rut ideea c\u0103 vr\u0103jitoarele zburau pe m\u0103turi \u00een Evul Mediu?\"}]},{\"@type\":\"WebSite\",\"@id\":\"https:\\\/\\\/www.lovendal.ro\\\/wp52\\\/#website\",\"url\":\"https:\\\/\\\/www.lovendal.ro\\\/wp52\\\/\",\"name\":\"Secretele lui Lovendal\",\"description\":\"Site de secrete, stiinta si metafizica - din 2008 -\",\"publisher\":{\"@id\":\"https:\\\/\\\/www.lovendal.ro\\\/wp52\\\/#organization\"},\"potentialAction\":[{\"@type\":\"SearchAction\",\"target\":{\"@type\":\"EntryPoint\",\"urlTemplate\":\"https:\\\/\\\/www.lovendal.ro\\\/wp52\\\/?s={search_term_string}\"},\"query-input\":{\"@type\":\"PropertyValueSpecification\",\"valueRequired\":true,\"valueName\":\"search_term_string\"}}],\"inLanguage\":\"ro-RO\"},{\"@type\":\"Organization\",\"@id\":\"https:\\\/\\\/www.lovendal.ro\\\/wp52\\\/#organization\",\"name\":\"Secretele lui Lovendal\",\"url\":\"https:\\\/\\\/www.lovendal.ro\\\/wp52\\\/\",\"logo\":{\"@type\":\"ImageObject\",\"inLanguage\":\"ro-RO\",\"@id\":\"https:\\\/\\\/www.lovendal.ro\\\/wp52\\\/#\\\/schema\\\/logo\\\/image\\\/\",\"url\":\"https:\\\/\\\/www.lovendal.ro\\\/wp52\\\/wp-content\\\/uploads\\\/2024\\\/06\\\/cropped-SLL-iun-2024-1.jpg\",\"contentUrl\":\"https:\\\/\\\/www.lovendal.ro\\\/wp52\\\/wp-content\\\/uploads\\\/2024\\\/06\\\/cropped-SLL-iun-2024-1.jpg\",\"width\":771,\"height\":240,\"caption\":\"Secretele lui Lovendal\"},\"image\":{\"@id\":\"https:\\\/\\\/www.lovendal.ro\\\/wp52\\\/#\\\/schema\\\/logo\\\/image\\\/\"},\"sameAs\":[\"https:\\\/\\\/www.facebook.com\\\/secreteleluilovendal\"]},{\"@type\":\"Person\",\"@id\":\"https:\\\/\\\/www.lovendal.ro\\\/wp52\\\/#\\\/schema\\\/person\\\/088691de5dfc346bb0c023e1e52ef5d9\",\"name\":\"admin\",\"image\":{\"@type\":\"ImageObject\",\"inLanguage\":\"ro-RO\",\"@id\":\"https:\\\/\\\/secure.gravatar.com\\\/avatar\\\/ecb9cd41f5f63c9c9b989999a59f6e2639a865ec361e9db054db0679a8f341c2?s=96&d=mm&r=g\",\"url\":\"https:\\\/\\\/secure.gravatar.com\\\/avatar\\\/ecb9cd41f5f63c9c9b989999a59f6e2639a865ec361e9db054db0679a8f341c2?s=96&d=mm&r=g\",\"contentUrl\":\"https:\\\/\\\/secure.gravatar.com\\\/avatar\\\/ecb9cd41f5f63c9c9b989999a59f6e2639a865ec361e9db054db0679a8f341c2?s=96&d=mm&r=g\",\"caption\":\"admin\"},\"sameAs\":[\"https:\\\/\\\/www.lovendal.ro\\\/wp52\"]}]}<\/script>\n<!-- \/ Yoast SEO Premium plugin. -->","yoast_head_json":{"title":"De unde a ap\u0103rut ideea c\u0103 vr\u0103jitoarele zburau pe m\u0103turi \u00een Evul Mediu? - Secretele lui Lovendal","robots":{"index":"index","follow":"follow","max-snippet":"max-snippet:-1","max-image-preview":"max-image-preview:large","max-video-preview":"max-video-preview:-1"},"canonical":"https:\/\/www.lovendal.ro\/wp52\/de-unde-a-aparut-ideea-ca-vrajitoarele-zburau-pe-maturi-in-evul-mediu\/","og_locale":"ro_RO","og_type":"article","og_title":"De unde a ap\u0103rut ideea c\u0103 vr\u0103jitoarele zburau pe m\u0103turi \u00een Evul Mediu?","og_description":"Imaginea unei vr\u0103jitoare care zboar\u0103 pe o m\u0103tur\u0103 este iconic\u0103, dar nu este at\u00e2t de veche ca ideea de vr\u0103jitorie \u00een sine, care dateaz\u0103 din primele zile ale omenirii. Astfel, cea mai veche reprezentare vizual\u0103 cunoscut\u0103 a vr\u0103jitoarelor zbur\u0103toare apare ... Cititi mai multe","og_url":"https:\/\/www.lovendal.ro\/wp52\/de-unde-a-aparut-ideea-ca-vrajitoarele-zburau-pe-maturi-in-evul-mediu\/","og_site_name":"Secretele lui Lovendal","article_publisher":"https:\/\/www.facebook.com\/secreteleluilovendal","article_published_time":"2024-03-12T16:39:15+00:00","og_image":[{"width":363,"height":248,"url":"https:\/\/www.lovendal.ro\/wp52\/wp-content\/uploads\/2024\/03\/vrajitoare-zburand-pe-matura.jpg","type":"image\/jpeg"}],"author":"admin","twitter_card":"summary_large_image","twitter_misc":{"Scris de":"admin","Timp estimat pentru citire":"2 minute"},"schema":{"@context":"https:\/\/schema.org","@graph":[{"@type":"Article","@id":"https:\/\/www.lovendal.ro\/wp52\/de-unde-a-aparut-ideea-ca-vrajitoarele-zburau-pe-maturi-in-evul-mediu\/#article","isPartOf":{"@id":"https:\/\/www.lovendal.ro\/wp52\/de-unde-a-aparut-ideea-ca-vrajitoarele-zburau-pe-maturi-in-evul-mediu\/"},"author":{"name":"admin","@id":"https:\/\/www.lovendal.ro\/wp52\/#\/schema\/person\/088691de5dfc346bb0c023e1e52ef5d9"},"headline":"De unde a ap\u0103rut ideea c\u0103 vr\u0103jitoarele zburau pe m\u0103turi \u00een Evul Mediu?","datePublished":"2024-03-12T16:39:15+00:00","mainEntityOfPage":{"@id":"https:\/\/www.lovendal.ro\/wp52\/de-unde-a-aparut-ideea-ca-vrajitoarele-zburau-pe-maturi-in-evul-mediu\/"},"wordCount":475,"commentCount":0,"publisher":{"@id":"https:\/\/www.lovendal.ro\/wp52\/#organization"},"image":{"@id":"https:\/\/www.lovendal.ro\/wp52\/de-unde-a-aparut-ideea-ca-vrajitoarele-zburau-pe-maturi-in-evul-mediu\/#primaryimage"},"thumbnailUrl":"https:\/\/www.lovendal.ro\/wp52\/wp-content\/uploads\/2024\/03\/vrajitoare-zburand-pe-matura.jpg","keywords":["Diana","diavol","Evul Mediu","femei","ghea\u0163\u0103","grindin\u0103","m\u0103tur\u0103","mun\u0163i","Paranormal-Spiritualitate","poet","vr\u0103jitoare","vr\u0103jitorie","zbor","zei\u0163\u0103"],"articleSection":["Paranormal-Spiritualitate"],"inLanguage":"ro-RO","potentialAction":[{"@type":"CommentAction","name":"Comment","target":["https:\/\/www.lovendal.ro\/wp52\/de-unde-a-aparut-ideea-ca-vrajitoarele-zburau-pe-maturi-in-evul-mediu\/#respond"]}]},{"@type":"WebPage","@id":"https:\/\/www.lovendal.ro\/wp52\/de-unde-a-aparut-ideea-ca-vrajitoarele-zburau-pe-maturi-in-evul-mediu\/","url":"https:\/\/www.lovendal.ro\/wp52\/de-unde-a-aparut-ideea-ca-vrajitoarele-zburau-pe-maturi-in-evul-mediu\/","name":"De unde a ap\u0103rut ideea c\u0103 vr\u0103jitoarele zburau pe m\u0103turi \u00een Evul Mediu? - Secretele lui Lovendal","isPartOf":{"@id":"https:\/\/www.lovendal.ro\/wp52\/#website"},"primaryImageOfPage":{"@id":"https:\/\/www.lovendal.ro\/wp52\/de-unde-a-aparut-ideea-ca-vrajitoarele-zburau-pe-maturi-in-evul-mediu\/#primaryimage"},"image":{"@id":"https:\/\/www.lovendal.ro\/wp52\/de-unde-a-aparut-ideea-ca-vrajitoarele-zburau-pe-maturi-in-evul-mediu\/#primaryimage"},"thumbnailUrl":"https:\/\/www.lovendal.ro\/wp52\/wp-content\/uploads\/2024\/03\/vrajitoare-zburand-pe-matura.jpg","datePublished":"2024-03-12T16:39:15+00:00","breadcrumb":{"@id":"https:\/\/www.lovendal.ro\/wp52\/de-unde-a-aparut-ideea-ca-vrajitoarele-zburau-pe-maturi-in-evul-mediu\/#breadcrumb"},"inLanguage":"ro-RO","potentialAction":[{"@type":"ReadAction","target":["https:\/\/www.lovendal.ro\/wp52\/de-unde-a-aparut-ideea-ca-vrajitoarele-zburau-pe-maturi-in-evul-mediu\/"]}]},{"@type":"ImageObject","inLanguage":"ro-RO","@id":"https:\/\/www.lovendal.ro\/wp52\/de-unde-a-aparut-ideea-ca-vrajitoarele-zburau-pe-maturi-in-evul-mediu\/#primaryimage","url":"https:\/\/www.lovendal.ro\/wp52\/wp-content\/uploads\/2024\/03\/vrajitoare-zburand-pe-matura.jpg","contentUrl":"https:\/\/www.lovendal.ro\/wp52\/wp-content\/uploads\/2024\/03\/vrajitoare-zburand-pe-matura.jpg","width":363,"height":248},{"@type":"BreadcrumbList","@id":"https:\/\/www.lovendal.ro\/wp52\/de-unde-a-aparut-ideea-ca-vrajitoarele-zburau-pe-maturi-in-evul-mediu\/#breadcrumb","itemListElement":[{"@type":"ListItem","position":1,"name":"Home","item":"https:\/\/www.lovendal.ro\/wp52\/"},{"@type":"ListItem","position":2,"name":"De unde a ap\u0103rut ideea c\u0103 vr\u0103jitoarele zburau pe m\u0103turi \u00een Evul Mediu?"}]},{"@type":"WebSite","@id":"https:\/\/www.lovendal.ro\/wp52\/#website","url":"https:\/\/www.lovendal.ro\/wp52\/","name":"Secretele lui Lovendal","description":"Site de secrete, stiinta si metafizica - din 2008 -","publisher":{"@id":"https:\/\/www.lovendal.ro\/wp52\/#organization"},"potentialAction":[{"@type":"SearchAction","target":{"@type":"EntryPoint","urlTemplate":"https:\/\/www.lovendal.ro\/wp52\/?s={search_term_string}"},"query-input":{"@type":"PropertyValueSpecification","valueRequired":true,"valueName":"search_term_string"}}],"inLanguage":"ro-RO"},{"@type":"Organization","@id":"https:\/\/www.lovendal.ro\/wp52\/#organization","name":"Secretele lui Lovendal","url":"https:\/\/www.lovendal.ro\/wp52\/","logo":{"@type":"ImageObject","inLanguage":"ro-RO","@id":"https:\/\/www.lovendal.ro\/wp52\/#\/schema\/logo\/image\/","url":"https:\/\/www.lovendal.ro\/wp52\/wp-content\/uploads\/2024\/06\/cropped-SLL-iun-2024-1.jpg","contentUrl":"https:\/\/www.lovendal.ro\/wp52\/wp-content\/uploads\/2024\/06\/cropped-SLL-iun-2024-1.jpg","width":771,"height":240,"caption":"Secretele lui Lovendal"},"image":{"@id":"https:\/\/www.lovendal.ro\/wp52\/#\/schema\/logo\/image\/"},"sameAs":["https:\/\/www.facebook.com\/secreteleluilovendal"]},{"@type":"Person","@id":"https:\/\/www.lovendal.ro\/wp52\/#\/schema\/person\/088691de5dfc346bb0c023e1e52ef5d9","name":"admin","image":{"@type":"ImageObject","inLanguage":"ro-RO","@id":"https:\/\/secure.gravatar.com\/avatar\/ecb9cd41f5f63c9c9b989999a59f6e2639a865ec361e9db054db0679a8f341c2?s=96&d=mm&r=g","url":"https:\/\/secure.gravatar.com\/avatar\/ecb9cd41f5f63c9c9b989999a59f6e2639a865ec361e9db054db0679a8f341c2?s=96&d=mm&r=g","contentUrl":"https:\/\/secure.gravatar.com\/avatar\/ecb9cd41f5f63c9c9b989999a59f6e2639a865ec361e9db054db0679a8f341c2?s=96&d=mm&r=g","caption":"admin"},"sameAs":["https:\/\/www.lovendal.ro\/wp52"]}]}},"_links":{"self":[{"href":"https:\/\/www.lovendal.ro\/wp52\/wp-json\/wp\/v2\/posts\/89869","targetHints":{"allow":["GET"]}}],"collection":[{"href":"https:\/\/www.lovendal.ro\/wp52\/wp-json\/wp\/v2\/posts"}],"about":[{"href":"https:\/\/www.lovendal.ro\/wp52\/wp-json\/wp\/v2\/types\/post"}],"author":[{"embeddable":true,"href":"https:\/\/www.lovendal.ro\/wp52\/wp-json\/wp\/v2\/users\/1"}],"replies":[{"embeddable":true,"href":"https:\/\/www.lovendal.ro\/wp52\/wp-json\/wp\/v2\/comments?post=89869"}],"version-history":[{"count":1,"href":"https:\/\/www.lovendal.ro\/wp52\/wp-json\/wp\/v2\/posts\/89869\/revisions"}],"predecessor-version":[{"id":89871,"href":"https:\/\/www.lovendal.ro\/wp52\/wp-json\/wp\/v2\/posts\/89869\/revisions\/89871"}],"wp:featuredmedia":[{"embeddable":true,"href":"https:\/\/www.lovendal.ro\/wp52\/wp-json\/wp\/v2\/media\/89870"}],"wp:attachment":[{"href":"https:\/\/www.lovendal.ro\/wp52\/wp-json\/wp\/v2\/media?parent=89869"}],"wp:term":[{"taxonomy":"category","embeddable":true,"href":"https:\/\/www.lovendal.ro\/wp52\/wp-json\/wp\/v2\/categories?post=89869"},{"taxonomy":"post_tag","embeddable":true,"href":"https:\/\/www.lovendal.ro\/wp52\/wp-json\/wp\/v2\/tags?post=89869"}],"curies":[{"name":"wp","href":"https:\/\/api.w.org\/{rel}","templated":true}]}}