{"id":89607,"date":"2024-02-20T12:17:36","date_gmt":"2024-02-20T10:17:36","guid":{"rendered":"https:\/\/www.lovendal.ro\/wp52\/?p=89607"},"modified":"2024-02-20T12:17:36","modified_gmt":"2024-02-20T10:17:36","slug":"o-zi-din-viata-printului-charles-in-1988-se-scoala-la-ora-6-dimineata-si-se-culca-la-ora-21-dupa-15-minute-de-gimnastica","status":"publish","type":"post","link":"https:\/\/www.lovendal.ro\/wp52\/o-zi-din-viata-printului-charles-in-1988-se-scoala-la-ora-6-dimineata-si-se-culca-la-ora-21-dupa-15-minute-de-gimnastica\/","title":{"rendered":"O zi din via\u0163a prin\u0163ului Charles \u00een 1988: se scoal\u0103 la ora 6 diminea\u0163a \u015fi se culc\u0103 la ora 21, dup\u0103 15 minute de gimnastic\u0103"},"content":{"rendered":"<p><a href=\"https:\/\/www.lovendal.ro\/wp52\/wp-content\/uploads\/2024\/02\/printul-Charles-printesa-Diana.jpg\"><img loading=\"lazy\" decoding=\"async\" class=\"alignleft size-full wp-image-89608\" src=\"https:\/\/www.lovendal.ro\/wp52\/wp-content\/uploads\/2024\/02\/printul-Charles-printesa-Diana.jpg\" alt=\"\" width=\"330\" height=\"256\" srcset=\"https:\/\/www.lovendal.ro\/wp52\/wp-content\/uploads\/2024\/02\/printul-Charles-printesa-Diana.jpg 330w, https:\/\/www.lovendal.ro\/wp52\/wp-content\/uploads\/2024\/02\/printul-Charles-printesa-Diana-300x233.jpg 300w\" sizes=\"auto, (max-width: 330px) 100vw, 330px\" \/><\/a>\u00cencep\u00e2nd cu septembrie 2022, Charles a devenit rege al Marii Britaniei \u015fi ale celorlalte \u0163\u0103ri ale Commonwealth-ului. \u015ei, \u00eenainte de a deveni rege, c\u00e2t timp mama sa, Elisabeta a II-a, a fost regin\u0103, Charles a fost prin\u0163. C\u0103s\u0103torit cu prin\u0163esa Diana (\u00eentre 1981 \u015fi 1996, c\u00e2nd Diana a murit \u00eentr-un accident), Charles a avut doi copii: prin\u0163ii William \u015fi Henry. Am g\u0103sit un articol dintr-o revist\u0103 din anul 1988, \u00een care ni se explic\u0103 detaliat cum \u00ee\u015fi petrece Charles o zi obi\u015fnuit\u0103 din via\u0163a sa, \u00eempreun\u0103 cu familia lui, la finalul anilor &#8217;80. Mai precis, e vorba de data de 15 septembrie 1988. Iat\u0103 c\u00e2teva extrase din articol:<\/p>\n<p><strong>* Ora 6:<\/strong> Charles \u0219i Diana p\u0103r\u0103sesc patul cu baldachin care troneaz\u0103 \u00een dormitorul lor, la primul etaj al palatului Kensington. Dormitorul e flancat de dou\u0103 b\u0103i \u0219i dou\u0103 camere de toalet\u0103. \u00cen timp ce se b\u0103rbiere\u0219te, prin\u021bul Charles ascult\u0103 buletinul de \u0219tiri BBC. Uneori parvine p\u00een\u0103 la el larma copiilor s\u0103i, William, de 6 ani \u0219i Harry, de 4 ani, pe care bona lor, Ruth Wallace \u00eei \u00eembrac\u0103 \u00een apartamentul lor de la etajul superior. Mo\u0219tenitorul tronului se \u00eembrac\u0103 singur, f\u0103r\u0103 ajutorul valetului, care neav\u00e2nd acces \u00een camera conjugal\u0103, i-a preg\u0103tit costumul din vreme.<\/p>\n<p><strong>* Ora 7:30:<\/strong> \u00cenclin\u00e2nd capul, majordomul serve\u0219te micul dejun \u00een sufrageria mic\u0103. Musli, iaurt, fructe, toasturi, marmelad\u0103, ceai, niciodat\u0103 cafea. Micul dejun e singura mas\u0103 substan\u021bial\u0103 a perechii princiare. Copiii sunt servi\u021bi separat, \u00een apartamentul lor.<\/p>\n<p><strong>* Ora 8:30:<\/strong> Cabinetul de lucru al prin\u0163ului. Pe biroul \u00een dezordine, c\u0103r\u021bi, plicuri, macheta unei navete spa\u021biale \u0219i o agend\u0103 mare, \u00een care primirile \u0219i \u00eentrevederile sunt stabilite cu 6 luni \u00eenainte. \u00centr-o map\u0103 albastr\u0103 se afl\u0103 revista presei londoneze, cu tot ce a ap\u0103rut despre familia regal\u0103. <strong><em>&#8222;Financial Times&#8221;<\/em><\/strong> este singurul ziar pe care prin\u021bul \u00eel parcurge mai \u00eendelung. Acesta e r\u0103stimpul zilei pe care Charles \u00eel consacr\u0103 chestiunilor personale. \u00centre ele, administrarea ducatului de Cornouailles, datorit\u0103 c\u0103ruia prin\u021bul este unul dintre cei mai boga\u021bi oameni din Anglia.<\/p>\n<p><strong>* Ora 9:30:<\/strong> Lady D., cei doi copii, cele dou\u0103 guvernante \u0219i 5 solda\u021bi din garda personal\u0103 \u00eel a\u0219teapt\u0103 la cap\u0103tul sc\u0103rii palatului. William \u0219i Harry \u00eei sar \u00een bra\u021be. Viitorul William V, pe care tat\u0103l \u00eel strig\u0103 &#8222;Wills&#8221; poart\u0103 uniforma gri \u0219i ro\u0219u a \u0219colii sale, un a\u0219ez\u0103m\u00e2nt particular din Notting Hill Gate. Harry, cu o butelie de suc de portocale \u00een m\u00e2n\u0103, poart\u0103 un pulover bleu-marin, pantaloni scur\u021bi \u0219i cascheta albastr\u0103 a gr\u0103dini\u021bei sale. Ast\u0103zi, Diana \u00eens\u0103\u0219i \u00ee\u0219i conduce copiii la \u0219coal\u0103, la bordul ma\u015finii &#8222;Jaguar&#8221;. Garda o \u00eenso\u021be\u0219te \u00eentr-o ma\u0219in\u0103 &#8222;Rover&#8221;.<\/p>\n<p><strong>* Ora 10:<\/strong> Prin\u021bul inaugureaz\u0103 cel mai mare muzeu din lume consacrat istoriei cinematografului \u0219i televiziunii. Vizita a fost preg\u0103tit\u0103 dinainte p\u00e2n\u0103 \u00een cele mai mici am\u0103nunte. Fiecare str\u00e2ngere de m\u00e2n\u0103 a fost cronometrat\u0103. Alte\u021ba Sa \u00ee\u0219i prive\u0219te interlocutorul drept \u00een ochi, \u00eei pune o \u00eentrebare, se arat\u0103 interesat de r\u0103spuns.<\/p>\n<p><strong>* Ora 11:30:<\/strong> Palatul Saint James. Viitorul rege Charles III este \u021binut la curent cu toate deciziile cabinetului &#8211; inclusiv secretele atomice &#8211; \u0219i cu toate problemele importante ale regatului.<\/p>\n<p><strong>* Ora 12:<\/strong> \u00cempreun\u0103 cu \u0219eful Comitetului de ajutorare a veteranilor r\u0103zboiului din Falkland, colonelul Charles Winsdor, discut\u0103 problema pensiilor v\u0103rsate familiilor celor c\u0103zu\u021bi \u00een 1982.<\/p>\n<p>* <strong>Ora 13<\/strong>: Buckingham Palace. Prin\u021bul se \u00eenclin\u0103, avanseaz\u0103 \u0219i s\u0103rut\u0103 m\u00e2na mamei sale. Regina Elisabeth II se adreseaz\u0103 fiului ei cu &#8222;Alte\u021ba voastr\u0103 regal\u0103&#8221;. Pr\u00e2nzul \u00een t\u00eate-a-t\u00eate cu regina. O cea\u0219c\u0103 de sup\u0103, sos la gr\u0103tar, dou\u0103 feluri de legume. F\u0103r\u0103 desert. Ap\u0103 mineral\u0103 Malverne. F\u0103r\u0103 a fi vegetarian, Charles nu e mare amator de carne. Felurile sale preferate sunt sufleurile, pe\u0219te rece \u0219i br\u00e2nzeturile fran\u021buze\u0219ti.<\/p>\n<p><strong>* Ora 14:45:<\/strong> Lansarea proiectului &#8222;Rosenhaugh Housing&#8221;. Cu sprijinul unui promotor imobiliar ecologist, \u0219omeri din cartierul mizer East End \u00ee\u0219i construiesc locuin\u021be proprii, pe un teren pus la dispozi\u021bie de municipalitate.<\/p>\n<p><strong>* Ora 18:<\/strong> La Kensington Palace prin\u021bul prime\u0219te \u00een audien\u021b\u0103 pe prea onorabilul David Trippier, subsecretar de Stat al Mediului \u00eenconjur\u0103tor. Discu\u021bie despre politica guvernului de \u00eencurajare a construc\u021biilor \u00een zonele verzi.<\/p>\n<p><strong>* Ora 18:30:<\/strong> Reuniune cu principalii colaboratori, pe ordinea de zi voiajul oficial \u00een Fran\u021ba al perechii princiare.<\/p>\n<p><strong>* Ora 19:00:<\/strong> Kensington Palace. Dineu privat \u00een cinstea liderilor regionali ai lui &#8222;Business Action Team&#8221;. Misiunea acestei funda\u021bii, la \u00eenfiin\u021barea c\u0103reia a contribuit activ, este s\u0103 ajute la reciclarea tinerilor \u0219omeri.<\/p>\n<p><strong>* Ora 21.30:<\/strong> Ca de obicei, prin\u021besa Diana s-a culcat devreme, dup\u0103 un dineu u\u0219or &#8211; dou\u0103 ou\u0103 cu spanac. Charles face 15 minute gimnastic\u0103, dup\u0103 un manual al For\u021belor aeriene canadiene.<\/p>\n","protected":false},"excerpt":{"rendered":"<p>\u00cencep\u00e2nd cu septembrie 2022, Charles a devenit rege al Marii Britaniei \u015fi ale celorlalte \u0163\u0103ri ale Commonwealth-ului. \u015ei, \u00eenainte de a deveni rege, c\u00e2t timp mama sa, Elisabeta a II-a, a fost regin\u0103, Charles a fost prin\u0163. C\u0103s\u0103torit cu prin\u0163esa &#8230; <\/p>\n<p class=\"read-more-container\"><a title=\"O zi din via\u0163a prin\u0163ului Charles \u00een 1988: se scoal\u0103 la ora 6 diminea\u0163a \u015fi se culc\u0103 la ora 21, dup\u0103 15 minute de gimnastic\u0103\" class=\"read-more button\" href=\"https:\/\/www.lovendal.ro\/wp52\/o-zi-din-viata-printului-charles-in-1988-se-scoala-la-ora-6-dimineata-si-se-culca-la-ora-21-dupa-15-minute-de-gimnastica\/#more-89607\" aria-label=\"Cite\u0219te mai multe despre O zi din via\u0163a prin\u0163ului Charles \u00een 1988: se scoal\u0103 la ora 6 diminea\u0163a \u015fi se culc\u0103 la ora 21, dup\u0103 15 minute de gimnastic\u0103\">Cititi mai multe<\/a><\/p>\n","protected":false},"author":1,"featured_media":89608,"comment_status":"open","ping_status":"open","sticky":false,"template":"","format":"standard","meta":{"footnotes":""},"categories":[9],"tags":[2647,4977,7102,6002,1532,2429,781,392,268,1474,2149,798,497,5300,453,2364,1757,7689,7649,2754],"class_list":["post-89607","post","type-post","status-publish","format-standard","has-post-thumbnail","hentry","category-istorie","tag-accident","tag-colonel","tag-elisabeta-a-ii-a","tag-gimnastica","tag-istorie-si-civilizatii","tag-jaguar","tag-legume","tag-marea-britanie","tag-muzeu","tag-oua","tag-palat","tag-print","tag-printesa-diana","tag-printul-charles","tag-rege","tag-revista","tag-scoala","tag-someri","tag-spanac","tag-supa","resize-featured-image"],"yoast_head":"<!-- This site is optimized with the Yoast SEO Premium plugin v23.3 (Yoast SEO v27.4) - https:\/\/yoast.com\/product\/yoast-seo-premium-wordpress\/ -->\n<title>O zi din via\u0163a prin\u0163ului Charles \u00een 1988: se scoal\u0103 la ora 6 diminea\u0163a \u015fi se culc\u0103 la ora 21, dup\u0103 15 minute de gimnastic\u0103 - Secretele lui Lovendal<\/title>\n<meta name=\"robots\" content=\"index, follow, max-snippet:-1, max-image-preview:large, max-video-preview:-1\" \/>\n<link rel=\"canonical\" href=\"https:\/\/www.lovendal.ro\/wp52\/o-zi-din-viata-printului-charles-in-1988-se-scoala-la-ora-6-dimineata-si-se-culca-la-ora-21-dupa-15-minute-de-gimnastica\/\" \/>\n<meta property=\"og:locale\" content=\"ro_RO\" \/>\n<meta property=\"og:type\" content=\"article\" \/>\n<meta property=\"og:title\" content=\"O zi din via\u0163a prin\u0163ului Charles \u00een 1988: se scoal\u0103 la ora 6 diminea\u0163a \u015fi se culc\u0103 la ora 21, dup\u0103 15 minute de gimnastic\u0103\" \/>\n<meta property=\"og:description\" content=\"\u00cencep\u00e2nd cu septembrie 2022, Charles a devenit rege al Marii Britaniei \u015fi ale celorlalte \u0163\u0103ri ale Commonwealth-ului. \u015ei, \u00eenainte de a deveni rege, c\u00e2t timp mama sa, Elisabeta a II-a, a fost regin\u0103, Charles a fost prin\u0163. C\u0103s\u0103torit cu prin\u0163esa ... Cititi mai multe\" \/>\n<meta property=\"og:url\" content=\"https:\/\/www.lovendal.ro\/wp52\/o-zi-din-viata-printului-charles-in-1988-se-scoala-la-ora-6-dimineata-si-se-culca-la-ora-21-dupa-15-minute-de-gimnastica\/\" \/>\n<meta property=\"og:site_name\" content=\"Secretele lui Lovendal\" \/>\n<meta property=\"article:publisher\" content=\"https:\/\/www.facebook.com\/secreteleluilovendal\" \/>\n<meta property=\"article:published_time\" content=\"2024-02-20T10:17:36+00:00\" \/>\n<meta property=\"og:image\" content=\"https:\/\/www.lovendal.ro\/wp52\/wp-content\/uploads\/2024\/02\/printul-Charles-printesa-Diana.jpg\" \/>\n\t<meta property=\"og:image:width\" content=\"330\" \/>\n\t<meta property=\"og:image:height\" content=\"256\" \/>\n\t<meta property=\"og:image:type\" content=\"image\/jpeg\" \/>\n<meta name=\"author\" content=\"admin\" \/>\n<meta name=\"twitter:card\" content=\"summary_large_image\" \/>\n<meta name=\"twitter:label1\" content=\"Scris de\" \/>\n\t<meta name=\"twitter:data1\" content=\"admin\" \/>\n\t<meta name=\"twitter:label2\" content=\"Timp estimat pentru citire\" \/>\n\t<meta name=\"twitter:data2\" content=\"4 minute\" \/>\n<script type=\"application\/ld+json\" class=\"yoast-schema-graph\">{\"@context\":\"https:\\\/\\\/schema.org\",\"@graph\":[{\"@type\":\"Article\",\"@id\":\"https:\\\/\\\/www.lovendal.ro\\\/wp52\\\/o-zi-din-viata-printului-charles-in-1988-se-scoala-la-ora-6-dimineata-si-se-culca-la-ora-21-dupa-15-minute-de-gimnastica\\\/#article\",\"isPartOf\":{\"@id\":\"https:\\\/\\\/www.lovendal.ro\\\/wp52\\\/o-zi-din-viata-printului-charles-in-1988-se-scoala-la-ora-6-dimineata-si-se-culca-la-ora-21-dupa-15-minute-de-gimnastica\\\/\"},\"author\":{\"name\":\"admin\",\"@id\":\"https:\\\/\\\/www.lovendal.ro\\\/wp52\\\/#\\\/schema\\\/person\\\/088691de5dfc346bb0c023e1e52ef5d9\"},\"headline\":\"O zi din via\u0163a prin\u0163ului Charles \u00een 1988: se scoal\u0103 la ora 6 diminea\u0163a \u015fi se culc\u0103 la ora 21, dup\u0103 15 minute de gimnastic\u0103\",\"datePublished\":\"2024-02-20T10:17:36+00:00\",\"mainEntityOfPage\":{\"@id\":\"https:\\\/\\\/www.lovendal.ro\\\/wp52\\\/o-zi-din-viata-printului-charles-in-1988-se-scoala-la-ora-6-dimineata-si-se-culca-la-ora-21-dupa-15-minute-de-gimnastica\\\/\"},\"wordCount\":826,\"commentCount\":0,\"publisher\":{\"@id\":\"https:\\\/\\\/www.lovendal.ro\\\/wp52\\\/#organization\"},\"image\":{\"@id\":\"https:\\\/\\\/www.lovendal.ro\\\/wp52\\\/o-zi-din-viata-printului-charles-in-1988-se-scoala-la-ora-6-dimineata-si-se-culca-la-ora-21-dupa-15-minute-de-gimnastica\\\/#primaryimage\"},\"thumbnailUrl\":\"https:\\\/\\\/www.lovendal.ro\\\/wp52\\\/wp-content\\\/uploads\\\/2024\\\/02\\\/printul-Charles-printesa-Diana.jpg\",\"keywords\":[\"accident\",\"colonel\",\"Elisabeta a II-a\",\"gimnastic\u0103\",\"Istorie si Civilizatii\",\"jaguar\",\"legume\",\"Marea Britanie\",\"muzeu\",\"ou\u0103\",\"palat\",\"prin\u0163\",\"prin\u0163esa Diana\",\"prin\u0163ul Charles\",\"rege\",\"revist\u0103\",\"\u015fcoal\u0103\",\"\u015fomeri\",\"spanac\",\"sup\u0103\"],\"articleSection\":[\"Istorie si Civilizatii\"],\"inLanguage\":\"ro-RO\",\"potentialAction\":[{\"@type\":\"CommentAction\",\"name\":\"Comment\",\"target\":[\"https:\\\/\\\/www.lovendal.ro\\\/wp52\\\/o-zi-din-viata-printului-charles-in-1988-se-scoala-la-ora-6-dimineata-si-se-culca-la-ora-21-dupa-15-minute-de-gimnastica\\\/#respond\"]}]},{\"@type\":\"WebPage\",\"@id\":\"https:\\\/\\\/www.lovendal.ro\\\/wp52\\\/o-zi-din-viata-printului-charles-in-1988-se-scoala-la-ora-6-dimineata-si-se-culca-la-ora-21-dupa-15-minute-de-gimnastica\\\/\",\"url\":\"https:\\\/\\\/www.lovendal.ro\\\/wp52\\\/o-zi-din-viata-printului-charles-in-1988-se-scoala-la-ora-6-dimineata-si-se-culca-la-ora-21-dupa-15-minute-de-gimnastica\\\/\",\"name\":\"O zi din via\u0163a prin\u0163ului Charles \u00een 1988: se scoal\u0103 la ora 6 diminea\u0163a \u015fi se culc\u0103 la ora 21, dup\u0103 15 minute de gimnastic\u0103 - Secretele lui Lovendal\",\"isPartOf\":{\"@id\":\"https:\\\/\\\/www.lovendal.ro\\\/wp52\\\/#website\"},\"primaryImageOfPage\":{\"@id\":\"https:\\\/\\\/www.lovendal.ro\\\/wp52\\\/o-zi-din-viata-printului-charles-in-1988-se-scoala-la-ora-6-dimineata-si-se-culca-la-ora-21-dupa-15-minute-de-gimnastica\\\/#primaryimage\"},\"image\":{\"@id\":\"https:\\\/\\\/www.lovendal.ro\\\/wp52\\\/o-zi-din-viata-printului-charles-in-1988-se-scoala-la-ora-6-dimineata-si-se-culca-la-ora-21-dupa-15-minute-de-gimnastica\\\/#primaryimage\"},\"thumbnailUrl\":\"https:\\\/\\\/www.lovendal.ro\\\/wp52\\\/wp-content\\\/uploads\\\/2024\\\/02\\\/printul-Charles-printesa-Diana.jpg\",\"datePublished\":\"2024-02-20T10:17:36+00:00\",\"breadcrumb\":{\"@id\":\"https:\\\/\\\/www.lovendal.ro\\\/wp52\\\/o-zi-din-viata-printului-charles-in-1988-se-scoala-la-ora-6-dimineata-si-se-culca-la-ora-21-dupa-15-minute-de-gimnastica\\\/#breadcrumb\"},\"inLanguage\":\"ro-RO\",\"potentialAction\":[{\"@type\":\"ReadAction\",\"target\":[\"https:\\\/\\\/www.lovendal.ro\\\/wp52\\\/o-zi-din-viata-printului-charles-in-1988-se-scoala-la-ora-6-dimineata-si-se-culca-la-ora-21-dupa-15-minute-de-gimnastica\\\/\"]}]},{\"@type\":\"ImageObject\",\"inLanguage\":\"ro-RO\",\"@id\":\"https:\\\/\\\/www.lovendal.ro\\\/wp52\\\/o-zi-din-viata-printului-charles-in-1988-se-scoala-la-ora-6-dimineata-si-se-culca-la-ora-21-dupa-15-minute-de-gimnastica\\\/#primaryimage\",\"url\":\"https:\\\/\\\/www.lovendal.ro\\\/wp52\\\/wp-content\\\/uploads\\\/2024\\\/02\\\/printul-Charles-printesa-Diana.jpg\",\"contentUrl\":\"https:\\\/\\\/www.lovendal.ro\\\/wp52\\\/wp-content\\\/uploads\\\/2024\\\/02\\\/printul-Charles-printesa-Diana.jpg\",\"width\":330,\"height\":256},{\"@type\":\"BreadcrumbList\",\"@id\":\"https:\\\/\\\/www.lovendal.ro\\\/wp52\\\/o-zi-din-viata-printului-charles-in-1988-se-scoala-la-ora-6-dimineata-si-se-culca-la-ora-21-dupa-15-minute-de-gimnastica\\\/#breadcrumb\",\"itemListElement\":[{\"@type\":\"ListItem\",\"position\":1,\"name\":\"Home\",\"item\":\"https:\\\/\\\/www.lovendal.ro\\\/wp52\\\/\"},{\"@type\":\"ListItem\",\"position\":2,\"name\":\"O zi din via\u0163a prin\u0163ului Charles \u00een 1988: se scoal\u0103 la ora 6 diminea\u0163a \u015fi se culc\u0103 la ora 21, dup\u0103 15 minute de gimnastic\u0103\"}]},{\"@type\":\"WebSite\",\"@id\":\"https:\\\/\\\/www.lovendal.ro\\\/wp52\\\/#website\",\"url\":\"https:\\\/\\\/www.lovendal.ro\\\/wp52\\\/\",\"name\":\"Secretele lui Lovendal\",\"description\":\"Site de secrete, stiinta si metafizica - din 2008 -\",\"publisher\":{\"@id\":\"https:\\\/\\\/www.lovendal.ro\\\/wp52\\\/#organization\"},\"potentialAction\":[{\"@type\":\"SearchAction\",\"target\":{\"@type\":\"EntryPoint\",\"urlTemplate\":\"https:\\\/\\\/www.lovendal.ro\\\/wp52\\\/?s={search_term_string}\"},\"query-input\":{\"@type\":\"PropertyValueSpecification\",\"valueRequired\":true,\"valueName\":\"search_term_string\"}}],\"inLanguage\":\"ro-RO\"},{\"@type\":\"Organization\",\"@id\":\"https:\\\/\\\/www.lovendal.ro\\\/wp52\\\/#organization\",\"name\":\"Secretele lui Lovendal\",\"url\":\"https:\\\/\\\/www.lovendal.ro\\\/wp52\\\/\",\"logo\":{\"@type\":\"ImageObject\",\"inLanguage\":\"ro-RO\",\"@id\":\"https:\\\/\\\/www.lovendal.ro\\\/wp52\\\/#\\\/schema\\\/logo\\\/image\\\/\",\"url\":\"https:\\\/\\\/www.lovendal.ro\\\/wp52\\\/wp-content\\\/uploads\\\/2024\\\/06\\\/cropped-SLL-iun-2024-1.jpg\",\"contentUrl\":\"https:\\\/\\\/www.lovendal.ro\\\/wp52\\\/wp-content\\\/uploads\\\/2024\\\/06\\\/cropped-SLL-iun-2024-1.jpg\",\"width\":771,\"height\":240,\"caption\":\"Secretele lui Lovendal\"},\"image\":{\"@id\":\"https:\\\/\\\/www.lovendal.ro\\\/wp52\\\/#\\\/schema\\\/logo\\\/image\\\/\"},\"sameAs\":[\"https:\\\/\\\/www.facebook.com\\\/secreteleluilovendal\"]},{\"@type\":\"Person\",\"@id\":\"https:\\\/\\\/www.lovendal.ro\\\/wp52\\\/#\\\/schema\\\/person\\\/088691de5dfc346bb0c023e1e52ef5d9\",\"name\":\"admin\",\"image\":{\"@type\":\"ImageObject\",\"inLanguage\":\"ro-RO\",\"@id\":\"https:\\\/\\\/secure.gravatar.com\\\/avatar\\\/ecb9cd41f5f63c9c9b989999a59f6e2639a865ec361e9db054db0679a8f341c2?s=96&d=mm&r=g\",\"url\":\"https:\\\/\\\/secure.gravatar.com\\\/avatar\\\/ecb9cd41f5f63c9c9b989999a59f6e2639a865ec361e9db054db0679a8f341c2?s=96&d=mm&r=g\",\"contentUrl\":\"https:\\\/\\\/secure.gravatar.com\\\/avatar\\\/ecb9cd41f5f63c9c9b989999a59f6e2639a865ec361e9db054db0679a8f341c2?s=96&d=mm&r=g\",\"caption\":\"admin\"},\"sameAs\":[\"https:\\\/\\\/www.lovendal.ro\\\/wp52\"]}]}<\/script>\n<!-- \/ Yoast SEO Premium plugin. -->","yoast_head_json":{"title":"O zi din via\u0163a prin\u0163ului Charles \u00een 1988: se scoal\u0103 la ora 6 diminea\u0163a \u015fi se culc\u0103 la ora 21, dup\u0103 15 minute de gimnastic\u0103 - Secretele lui Lovendal","robots":{"index":"index","follow":"follow","max-snippet":"max-snippet:-1","max-image-preview":"max-image-preview:large","max-video-preview":"max-video-preview:-1"},"canonical":"https:\/\/www.lovendal.ro\/wp52\/o-zi-din-viata-printului-charles-in-1988-se-scoala-la-ora-6-dimineata-si-se-culca-la-ora-21-dupa-15-minute-de-gimnastica\/","og_locale":"ro_RO","og_type":"article","og_title":"O zi din via\u0163a prin\u0163ului Charles \u00een 1988: se scoal\u0103 la ora 6 diminea\u0163a \u015fi se culc\u0103 la ora 21, dup\u0103 15 minute de gimnastic\u0103","og_description":"\u00cencep\u00e2nd cu septembrie 2022, Charles a devenit rege al Marii Britaniei \u015fi ale celorlalte \u0163\u0103ri ale Commonwealth-ului. \u015ei, \u00eenainte de a deveni rege, c\u00e2t timp mama sa, Elisabeta a II-a, a fost regin\u0103, Charles a fost prin\u0163. C\u0103s\u0103torit cu prin\u0163esa ... Cititi mai multe","og_url":"https:\/\/www.lovendal.ro\/wp52\/o-zi-din-viata-printului-charles-in-1988-se-scoala-la-ora-6-dimineata-si-se-culca-la-ora-21-dupa-15-minute-de-gimnastica\/","og_site_name":"Secretele lui Lovendal","article_publisher":"https:\/\/www.facebook.com\/secreteleluilovendal","article_published_time":"2024-02-20T10:17:36+00:00","og_image":[{"width":330,"height":256,"url":"https:\/\/www.lovendal.ro\/wp52\/wp-content\/uploads\/2024\/02\/printul-Charles-printesa-Diana.jpg","type":"image\/jpeg"}],"author":"admin","twitter_card":"summary_large_image","twitter_misc":{"Scris de":"admin","Timp estimat pentru citire":"4 minute"},"schema":{"@context":"https:\/\/schema.org","@graph":[{"@type":"Article","@id":"https:\/\/www.lovendal.ro\/wp52\/o-zi-din-viata-printului-charles-in-1988-se-scoala-la-ora-6-dimineata-si-se-culca-la-ora-21-dupa-15-minute-de-gimnastica\/#article","isPartOf":{"@id":"https:\/\/www.lovendal.ro\/wp52\/o-zi-din-viata-printului-charles-in-1988-se-scoala-la-ora-6-dimineata-si-se-culca-la-ora-21-dupa-15-minute-de-gimnastica\/"},"author":{"name":"admin","@id":"https:\/\/www.lovendal.ro\/wp52\/#\/schema\/person\/088691de5dfc346bb0c023e1e52ef5d9"},"headline":"O zi din via\u0163a prin\u0163ului Charles \u00een 1988: se scoal\u0103 la ora 6 diminea\u0163a \u015fi se culc\u0103 la ora 21, dup\u0103 15 minute de gimnastic\u0103","datePublished":"2024-02-20T10:17:36+00:00","mainEntityOfPage":{"@id":"https:\/\/www.lovendal.ro\/wp52\/o-zi-din-viata-printului-charles-in-1988-se-scoala-la-ora-6-dimineata-si-se-culca-la-ora-21-dupa-15-minute-de-gimnastica\/"},"wordCount":826,"commentCount":0,"publisher":{"@id":"https:\/\/www.lovendal.ro\/wp52\/#organization"},"image":{"@id":"https:\/\/www.lovendal.ro\/wp52\/o-zi-din-viata-printului-charles-in-1988-se-scoala-la-ora-6-dimineata-si-se-culca-la-ora-21-dupa-15-minute-de-gimnastica\/#primaryimage"},"thumbnailUrl":"https:\/\/www.lovendal.ro\/wp52\/wp-content\/uploads\/2024\/02\/printul-Charles-printesa-Diana.jpg","keywords":["accident","colonel","Elisabeta a II-a","gimnastic\u0103","Istorie si Civilizatii","jaguar","legume","Marea Britanie","muzeu","ou\u0103","palat","prin\u0163","prin\u0163esa Diana","prin\u0163ul Charles","rege","revist\u0103","\u015fcoal\u0103","\u015fomeri","spanac","sup\u0103"],"articleSection":["Istorie si Civilizatii"],"inLanguage":"ro-RO","potentialAction":[{"@type":"CommentAction","name":"Comment","target":["https:\/\/www.lovendal.ro\/wp52\/o-zi-din-viata-printului-charles-in-1988-se-scoala-la-ora-6-dimineata-si-se-culca-la-ora-21-dupa-15-minute-de-gimnastica\/#respond"]}]},{"@type":"WebPage","@id":"https:\/\/www.lovendal.ro\/wp52\/o-zi-din-viata-printului-charles-in-1988-se-scoala-la-ora-6-dimineata-si-se-culca-la-ora-21-dupa-15-minute-de-gimnastica\/","url":"https:\/\/www.lovendal.ro\/wp52\/o-zi-din-viata-printului-charles-in-1988-se-scoala-la-ora-6-dimineata-si-se-culca-la-ora-21-dupa-15-minute-de-gimnastica\/","name":"O zi din via\u0163a prin\u0163ului Charles \u00een 1988: se scoal\u0103 la ora 6 diminea\u0163a \u015fi se culc\u0103 la ora 21, dup\u0103 15 minute de gimnastic\u0103 - Secretele lui Lovendal","isPartOf":{"@id":"https:\/\/www.lovendal.ro\/wp52\/#website"},"primaryImageOfPage":{"@id":"https:\/\/www.lovendal.ro\/wp52\/o-zi-din-viata-printului-charles-in-1988-se-scoala-la-ora-6-dimineata-si-se-culca-la-ora-21-dupa-15-minute-de-gimnastica\/#primaryimage"},"image":{"@id":"https:\/\/www.lovendal.ro\/wp52\/o-zi-din-viata-printului-charles-in-1988-se-scoala-la-ora-6-dimineata-si-se-culca-la-ora-21-dupa-15-minute-de-gimnastica\/#primaryimage"},"thumbnailUrl":"https:\/\/www.lovendal.ro\/wp52\/wp-content\/uploads\/2024\/02\/printul-Charles-printesa-Diana.jpg","datePublished":"2024-02-20T10:17:36+00:00","breadcrumb":{"@id":"https:\/\/www.lovendal.ro\/wp52\/o-zi-din-viata-printului-charles-in-1988-se-scoala-la-ora-6-dimineata-si-se-culca-la-ora-21-dupa-15-minute-de-gimnastica\/#breadcrumb"},"inLanguage":"ro-RO","potentialAction":[{"@type":"ReadAction","target":["https:\/\/www.lovendal.ro\/wp52\/o-zi-din-viata-printului-charles-in-1988-se-scoala-la-ora-6-dimineata-si-se-culca-la-ora-21-dupa-15-minute-de-gimnastica\/"]}]},{"@type":"ImageObject","inLanguage":"ro-RO","@id":"https:\/\/www.lovendal.ro\/wp52\/o-zi-din-viata-printului-charles-in-1988-se-scoala-la-ora-6-dimineata-si-se-culca-la-ora-21-dupa-15-minute-de-gimnastica\/#primaryimage","url":"https:\/\/www.lovendal.ro\/wp52\/wp-content\/uploads\/2024\/02\/printul-Charles-printesa-Diana.jpg","contentUrl":"https:\/\/www.lovendal.ro\/wp52\/wp-content\/uploads\/2024\/02\/printul-Charles-printesa-Diana.jpg","width":330,"height":256},{"@type":"BreadcrumbList","@id":"https:\/\/www.lovendal.ro\/wp52\/o-zi-din-viata-printului-charles-in-1988-se-scoala-la-ora-6-dimineata-si-se-culca-la-ora-21-dupa-15-minute-de-gimnastica\/#breadcrumb","itemListElement":[{"@type":"ListItem","position":1,"name":"Home","item":"https:\/\/www.lovendal.ro\/wp52\/"},{"@type":"ListItem","position":2,"name":"O zi din via\u0163a prin\u0163ului Charles \u00een 1988: se scoal\u0103 la ora 6 diminea\u0163a \u015fi se culc\u0103 la ora 21, dup\u0103 15 minute de gimnastic\u0103"}]},{"@type":"WebSite","@id":"https:\/\/www.lovendal.ro\/wp52\/#website","url":"https:\/\/www.lovendal.ro\/wp52\/","name":"Secretele lui Lovendal","description":"Site de secrete, stiinta si metafizica - din 2008 -","publisher":{"@id":"https:\/\/www.lovendal.ro\/wp52\/#organization"},"potentialAction":[{"@type":"SearchAction","target":{"@type":"EntryPoint","urlTemplate":"https:\/\/www.lovendal.ro\/wp52\/?s={search_term_string}"},"query-input":{"@type":"PropertyValueSpecification","valueRequired":true,"valueName":"search_term_string"}}],"inLanguage":"ro-RO"},{"@type":"Organization","@id":"https:\/\/www.lovendal.ro\/wp52\/#organization","name":"Secretele lui Lovendal","url":"https:\/\/www.lovendal.ro\/wp52\/","logo":{"@type":"ImageObject","inLanguage":"ro-RO","@id":"https:\/\/www.lovendal.ro\/wp52\/#\/schema\/logo\/image\/","url":"https:\/\/www.lovendal.ro\/wp52\/wp-content\/uploads\/2024\/06\/cropped-SLL-iun-2024-1.jpg","contentUrl":"https:\/\/www.lovendal.ro\/wp52\/wp-content\/uploads\/2024\/06\/cropped-SLL-iun-2024-1.jpg","width":771,"height":240,"caption":"Secretele lui Lovendal"},"image":{"@id":"https:\/\/www.lovendal.ro\/wp52\/#\/schema\/logo\/image\/"},"sameAs":["https:\/\/www.facebook.com\/secreteleluilovendal"]},{"@type":"Person","@id":"https:\/\/www.lovendal.ro\/wp52\/#\/schema\/person\/088691de5dfc346bb0c023e1e52ef5d9","name":"admin","image":{"@type":"ImageObject","inLanguage":"ro-RO","@id":"https:\/\/secure.gravatar.com\/avatar\/ecb9cd41f5f63c9c9b989999a59f6e2639a865ec361e9db054db0679a8f341c2?s=96&d=mm&r=g","url":"https:\/\/secure.gravatar.com\/avatar\/ecb9cd41f5f63c9c9b989999a59f6e2639a865ec361e9db054db0679a8f341c2?s=96&d=mm&r=g","contentUrl":"https:\/\/secure.gravatar.com\/avatar\/ecb9cd41f5f63c9c9b989999a59f6e2639a865ec361e9db054db0679a8f341c2?s=96&d=mm&r=g","caption":"admin"},"sameAs":["https:\/\/www.lovendal.ro\/wp52"]}]}},"_links":{"self":[{"href":"https:\/\/www.lovendal.ro\/wp52\/wp-json\/wp\/v2\/posts\/89607","targetHints":{"allow":["GET"]}}],"collection":[{"href":"https:\/\/www.lovendal.ro\/wp52\/wp-json\/wp\/v2\/posts"}],"about":[{"href":"https:\/\/www.lovendal.ro\/wp52\/wp-json\/wp\/v2\/types\/post"}],"author":[{"embeddable":true,"href":"https:\/\/www.lovendal.ro\/wp52\/wp-json\/wp\/v2\/users\/1"}],"replies":[{"embeddable":true,"href":"https:\/\/www.lovendal.ro\/wp52\/wp-json\/wp\/v2\/comments?post=89607"}],"version-history":[{"count":1,"href":"https:\/\/www.lovendal.ro\/wp52\/wp-json\/wp\/v2\/posts\/89607\/revisions"}],"predecessor-version":[{"id":89609,"href":"https:\/\/www.lovendal.ro\/wp52\/wp-json\/wp\/v2\/posts\/89607\/revisions\/89609"}],"wp:featuredmedia":[{"embeddable":true,"href":"https:\/\/www.lovendal.ro\/wp52\/wp-json\/wp\/v2\/media\/89608"}],"wp:attachment":[{"href":"https:\/\/www.lovendal.ro\/wp52\/wp-json\/wp\/v2\/media?parent=89607"}],"wp:term":[{"taxonomy":"category","embeddable":true,"href":"https:\/\/www.lovendal.ro\/wp52\/wp-json\/wp\/v2\/categories?post=89607"},{"taxonomy":"post_tag","embeddable":true,"href":"https:\/\/www.lovendal.ro\/wp52\/wp-json\/wp\/v2\/tags?post=89607"}],"curies":[{"name":"wp","href":"https:\/\/api.w.org\/{rel}","templated":true}]}}