{"id":89582,"date":"2024-02-19T00:14:32","date_gmt":"2024-02-18T22:14:32","guid":{"rendered":"https:\/\/www.lovendal.ro\/wp52\/?p=89582"},"modified":"2024-02-19T00:14:32","modified_gmt":"2024-02-18T22:14:32","slug":"celebrul-freddie-mercury-liderul-formatiei-queen-dupa-ce-vazu-cladirea-parlamentului-ungariei-de-la-budapesta-e-de-vanzare","status":"publish","type":"post","link":"https:\/\/www.lovendal.ro\/wp52\/celebrul-freddie-mercury-liderul-formatiei-queen-dupa-ce-vazu-cladirea-parlamentului-ungariei-de-la-budapesta-e-de-vanzare\/","title":{"rendered":"Celebrul Freddie Mercury, liderul forma\u0163iei &#8222;Queen&#8221;, dup\u0103 ce v\u0103zu cl\u0103direa Parlamentului Ungariei de la Budapesta: &#8222;E de v\u00e2nzare?&#8221;"},"content":{"rendered":"<p><a href=\"https:\/\/www.lovendal.ro\/wp52\/wp-content\/uploads\/2024\/02\/Freddie-Mercury-Parlamentul-Ungariei.jpg\"><img loading=\"lazy\" decoding=\"async\" class=\"alignleft size-full wp-image-89583\" src=\"https:\/\/www.lovendal.ro\/wp52\/wp-content\/uploads\/2024\/02\/Freddie-Mercury-Parlamentul-Ungariei.jpg\" alt=\"\" width=\"350\" height=\"202\" srcset=\"https:\/\/www.lovendal.ro\/wp52\/wp-content\/uploads\/2024\/02\/Freddie-Mercury-Parlamentul-Ungariei.jpg 350w, https:\/\/www.lovendal.ro\/wp52\/wp-content\/uploads\/2024\/02\/Freddie-Mercury-Parlamentul-Ungariei-300x173.jpg 300w\" sizes=\"auto, (max-width: 350px) 100vw, 350px\" \/><\/a>Celebra forma\u0163ie britanic\u0103 de rock Queen, \u00eempreun\u0103 cu liderul ei, celebrul Freddie Mercury (din p\u0103cate, mort \u00een 1991) au \u0163inut \u00een 1986 un concert legendar \u00een Budapesta, capitala Ungariei. Atunci, maghiarii, ca \u015fi restul \u0163\u0103rilor din Estul Europei se aflau \u00een comunism, a\u015fa c\u0103 venirea unei trupe occidentale pentru a sus\u0163ine un concert \u00een &#8222;lag\u0103rul comunist&#8221; a fost un eveniment excep\u0163ional.<\/p>\n<p>Muzicienii de la Queen au sosit de la Viena \u0219i au stat 5 zile la Budapesta. Freddie \u015fi restul trupei Queen au vizitat Insula Margareta, unde s-au plimbat cu o biciclet\u0103, s-au urcat la cer \u00eentr-un balon cu aer cald, au mers la karting pe proasp\u0103tul circuit redeschis Hungaroring \u015fi au cump\u0103rat mai multe lucr\u0103ri de art\u0103 din galerii locale \u0219i anticariate. \u00cen tot timpul acestei mici excursii \u00een Budapesta, \u00een vederea sus\u0163inerii marelui concert din 27 iulie 1986, muzicienii britanici au fost urm\u0103ri\u0163i \u015fi filma\u0163i de mai multe camere de luat vederi. \u00centregul concert, dar \u015fi film\u0103rile de dinainte \u015fi dup\u0103 concert, au constituit un film documentar care a avut premiera cinematografic\u0103 la Budapesta \u00een decembrie 1986.<\/p>\n<p>Concertul din Ungaria a avut loc la N\u00e9pstadion \u00een fa\u021ba a 70.000 de oameni. La acest concert a fost interpretat\u0103 \u015fi o melodie \u00een limba maghiar\u0103 &#8211; <strong>&#8222;V\u00e2nt de prim\u0103var\u0103&#8221;<\/strong>. Un lucru amuzant \u015fi inedit \u00een leg\u0103tur\u0103 cu acest concert a fost dat de liderul forma\u0163iei, Freddie Mercury, care atunci c\u00e2nd a v\u0103zut cl\u0103direa Parlamentului Ungariei, a pus o singur\u0103 \u00eentrebare: <em>&#8222;E de v\u00e2nzare?&#8221;<\/em> \u00centrebarea e, desigur, o glum\u0103, dar de atunci ungurii tot aduc aminte adesea de \u00eentrebarea celebrului muzician.<\/p>\n<p>Cl\u0103direa Parlamentului Ungar este sediul Adun\u0103rii Na\u021bionale a Ungariei, fiind una dintre cele mai vechi cl\u0103diri legislative din Europa, un punct de reper notabil din Ungaria \u0219i o destina\u021bie turistic\u0103 popular\u0103 din Budapesta. Ea se afl\u0103 \u00een Pia\u021ba Kossuth Lajos, pe malul st\u00e2ng al Dun\u0103rii. Cl\u0103direa a fost proiectat\u0103 \u00eentre anii 1885\u20131904, \u00een stil neogotic. Construirea Parlamentului a \u00eenceput \u00een 1885, cl\u0103direa a fost inaugurat\u0103 \u00een 1896 cu ocazia anivers\u0103rii a 1.000 de ani de la fondarea statului maghiar, fiind finalizat\u0103 \u00een 1904.<\/p>\n<p><iframe loading=\"lazy\" title=\"YouTube video player\" src=\"https:\/\/www.youtube.com\/embed\/yE--iJ5xSJU?si=0O8GWp29OIsEYrUG\" width=\"560\" height=\"315\" frameborder=\"0\" allowfullscreen=\"allowfullscreen\"><\/iframe><\/p>\n","protected":false},"excerpt":{"rendered":"<p>Celebra forma\u0163ie britanic\u0103 de rock Queen, \u00eempreun\u0103 cu liderul ei, celebrul Freddie Mercury (din p\u0103cate, mort \u00een 1991) au \u0163inut \u00een 1986 un concert legendar \u00een Budapesta, capitala Ungariei. Atunci, maghiarii, ca \u015fi restul \u0163\u0103rilor din Estul Europei se aflau &#8230; <\/p>\n<p class=\"read-more-container\"><a title=\"Celebrul Freddie Mercury, liderul forma\u0163iei &#8222;Queen&#8221;, dup\u0103 ce v\u0103zu cl\u0103direa Parlamentului Ungariei de la Budapesta: &#8222;E de v\u00e2nzare?&#8221;\" class=\"read-more button\" href=\"https:\/\/www.lovendal.ro\/wp52\/celebrul-freddie-mercury-liderul-formatiei-queen-dupa-ce-vazu-cladirea-parlamentului-ungariei-de-la-budapesta-e-de-vanzare\/#more-89582\" aria-label=\"Cite\u0219te mai multe despre Celebrul Freddie Mercury, liderul forma\u0163iei &#8222;Queen&#8221;, dup\u0103 ce v\u0103zu cl\u0103direa Parlamentului Ungariei de la Budapesta: &#8222;E de v\u00e2nzare?&#8221;\">Cititi mai multe<\/a><\/p>\n","protected":false},"author":1,"featured_media":89583,"comment_status":"open","ping_status":"open","sticky":false,"template":"","format":"standard","meta":{"footnotes":""},"categories":[28],"tags":[5442,6404,2153,81,9798,18733,18734,18735,18732,30,6731,1705,18731,591,2706],"class_list":["post-89582","post","type-post","status-publish","format-standard","has-post-thumbnail","hentry","category-cultura","tag-bicicleta","tag-budapesta","tag-cladire","tag-comunism","tag-cultura","tag-freddie-mercury","tag-hungaroring","tag-karting","tag-meloie","tag-muzica","tag-muzician","tag-parlament","tag-queen","tag-ungaria","tag-viena","resize-featured-image"],"yoast_head":"<!-- This site is optimized with the Yoast SEO Premium plugin v23.3 (Yoast SEO v27.4) - https:\/\/yoast.com\/product\/yoast-seo-premium-wordpress\/ -->\n<title>Celebrul Freddie Mercury, liderul forma\u0163iei &quot;Queen&quot;, dup\u0103 ce v\u0103zu cl\u0103direa Parlamentului Ungariei de la Budapesta: &quot;E de v\u00e2nzare?&quot; - Secretele lui Lovendal<\/title>\n<meta name=\"robots\" content=\"index, follow, max-snippet:-1, max-image-preview:large, max-video-preview:-1\" \/>\n<link rel=\"canonical\" href=\"https:\/\/www.lovendal.ro\/wp52\/celebrul-freddie-mercury-liderul-formatiei-queen-dupa-ce-vazu-cladirea-parlamentului-ungariei-de-la-budapesta-e-de-vanzare\/\" \/>\n<meta property=\"og:locale\" content=\"ro_RO\" \/>\n<meta property=\"og:type\" content=\"article\" \/>\n<meta property=\"og:title\" content=\"Celebrul Freddie Mercury, liderul forma\u0163iei &quot;Queen&quot;, dup\u0103 ce v\u0103zu cl\u0103direa Parlamentului Ungariei de la Budapesta: &quot;E de v\u00e2nzare?&quot;\" \/>\n<meta property=\"og:description\" content=\"Celebra forma\u0163ie britanic\u0103 de rock Queen, \u00eempreun\u0103 cu liderul ei, celebrul Freddie Mercury (din p\u0103cate, mort \u00een 1991) au \u0163inut \u00een 1986 un concert legendar \u00een Budapesta, capitala Ungariei. Atunci, maghiarii, ca \u015fi restul \u0163\u0103rilor din Estul Europei se aflau ... Cititi mai multe\" \/>\n<meta property=\"og:url\" content=\"https:\/\/www.lovendal.ro\/wp52\/celebrul-freddie-mercury-liderul-formatiei-queen-dupa-ce-vazu-cladirea-parlamentului-ungariei-de-la-budapesta-e-de-vanzare\/\" \/>\n<meta property=\"og:site_name\" content=\"Secretele lui Lovendal\" \/>\n<meta property=\"article:publisher\" content=\"https:\/\/www.facebook.com\/secreteleluilovendal\" \/>\n<meta property=\"article:published_time\" content=\"2024-02-18T22:14:32+00:00\" \/>\n<meta property=\"og:image\" content=\"https:\/\/www.lovendal.ro\/wp52\/wp-content\/uploads\/2024\/02\/Freddie-Mercury-Parlamentul-Ungariei.jpg\" \/>\n\t<meta property=\"og:image:width\" content=\"350\" \/>\n\t<meta property=\"og:image:height\" content=\"202\" \/>\n\t<meta property=\"og:image:type\" content=\"image\/jpeg\" \/>\n<meta name=\"author\" content=\"admin\" \/>\n<meta name=\"twitter:card\" content=\"summary_large_image\" \/>\n<meta name=\"twitter:label1\" content=\"Scris de\" \/>\n\t<meta name=\"twitter:data1\" content=\"admin\" \/>\n\t<meta name=\"twitter:label2\" content=\"Timp estimat pentru citire\" \/>\n\t<meta name=\"twitter:data2\" content=\"2 minute\" \/>\n<script type=\"application\/ld+json\" class=\"yoast-schema-graph\">{\"@context\":\"https:\\\/\\\/schema.org\",\"@graph\":[{\"@type\":\"Article\",\"@id\":\"https:\\\/\\\/www.lovendal.ro\\\/wp52\\\/celebrul-freddie-mercury-liderul-formatiei-queen-dupa-ce-vazu-cladirea-parlamentului-ungariei-de-la-budapesta-e-de-vanzare\\\/#article\",\"isPartOf\":{\"@id\":\"https:\\\/\\\/www.lovendal.ro\\\/wp52\\\/celebrul-freddie-mercury-liderul-formatiei-queen-dupa-ce-vazu-cladirea-parlamentului-ungariei-de-la-budapesta-e-de-vanzare\\\/\"},\"author\":{\"name\":\"admin\",\"@id\":\"https:\\\/\\\/www.lovendal.ro\\\/wp52\\\/#\\\/schema\\\/person\\\/088691de5dfc346bb0c023e1e52ef5d9\"},\"headline\":\"Celebrul Freddie Mercury, liderul forma\u0163iei &#8222;Queen&#8221;, dup\u0103 ce v\u0103zu cl\u0103direa Parlamentului Ungariei de la Budapesta: &#8222;E de v\u00e2nzare?&#8221;\",\"datePublished\":\"2024-02-18T22:14:32+00:00\",\"mainEntityOfPage\":{\"@id\":\"https:\\\/\\\/www.lovendal.ro\\\/wp52\\\/celebrul-freddie-mercury-liderul-formatiei-queen-dupa-ce-vazu-cladirea-parlamentului-ungariei-de-la-budapesta-e-de-vanzare\\\/\"},\"wordCount\":388,\"commentCount\":0,\"publisher\":{\"@id\":\"https:\\\/\\\/www.lovendal.ro\\\/wp52\\\/#organization\"},\"image\":{\"@id\":\"https:\\\/\\\/www.lovendal.ro\\\/wp52\\\/celebrul-freddie-mercury-liderul-formatiei-queen-dupa-ce-vazu-cladirea-parlamentului-ungariei-de-la-budapesta-e-de-vanzare\\\/#primaryimage\"},\"thumbnailUrl\":\"https:\\\/\\\/www.lovendal.ro\\\/wp52\\\/wp-content\\\/uploads\\\/2024\\\/02\\\/Freddie-Mercury-Parlamentul-Ungariei.jpg\",\"keywords\":[\"biciclet\u0103\",\"Budapesta\",\"cl\u0103dire\",\"comunism\",\"Cultura\",\"Freddie Mercury\",\"Hungaroring\",\"karting\",\"meloie\",\"muzic\u0103\",\"muzician\",\"parlament\",\"Queen\",\"Ungaria\",\"Viena\"],\"articleSection\":[\"Cultura\"],\"inLanguage\":\"ro-RO\",\"potentialAction\":[{\"@type\":\"CommentAction\",\"name\":\"Comment\",\"target\":[\"https:\\\/\\\/www.lovendal.ro\\\/wp52\\\/celebrul-freddie-mercury-liderul-formatiei-queen-dupa-ce-vazu-cladirea-parlamentului-ungariei-de-la-budapesta-e-de-vanzare\\\/#respond\"]}]},{\"@type\":\"WebPage\",\"@id\":\"https:\\\/\\\/www.lovendal.ro\\\/wp52\\\/celebrul-freddie-mercury-liderul-formatiei-queen-dupa-ce-vazu-cladirea-parlamentului-ungariei-de-la-budapesta-e-de-vanzare\\\/\",\"url\":\"https:\\\/\\\/www.lovendal.ro\\\/wp52\\\/celebrul-freddie-mercury-liderul-formatiei-queen-dupa-ce-vazu-cladirea-parlamentului-ungariei-de-la-budapesta-e-de-vanzare\\\/\",\"name\":\"Celebrul Freddie Mercury, liderul forma\u0163iei \\\"Queen\\\", dup\u0103 ce v\u0103zu cl\u0103direa Parlamentului Ungariei de la Budapesta: \\\"E de v\u00e2nzare?\\\" - Secretele lui Lovendal\",\"isPartOf\":{\"@id\":\"https:\\\/\\\/www.lovendal.ro\\\/wp52\\\/#website\"},\"primaryImageOfPage\":{\"@id\":\"https:\\\/\\\/www.lovendal.ro\\\/wp52\\\/celebrul-freddie-mercury-liderul-formatiei-queen-dupa-ce-vazu-cladirea-parlamentului-ungariei-de-la-budapesta-e-de-vanzare\\\/#primaryimage\"},\"image\":{\"@id\":\"https:\\\/\\\/www.lovendal.ro\\\/wp52\\\/celebrul-freddie-mercury-liderul-formatiei-queen-dupa-ce-vazu-cladirea-parlamentului-ungariei-de-la-budapesta-e-de-vanzare\\\/#primaryimage\"},\"thumbnailUrl\":\"https:\\\/\\\/www.lovendal.ro\\\/wp52\\\/wp-content\\\/uploads\\\/2024\\\/02\\\/Freddie-Mercury-Parlamentul-Ungariei.jpg\",\"datePublished\":\"2024-02-18T22:14:32+00:00\",\"breadcrumb\":{\"@id\":\"https:\\\/\\\/www.lovendal.ro\\\/wp52\\\/celebrul-freddie-mercury-liderul-formatiei-queen-dupa-ce-vazu-cladirea-parlamentului-ungariei-de-la-budapesta-e-de-vanzare\\\/#breadcrumb\"},\"inLanguage\":\"ro-RO\",\"potentialAction\":[{\"@type\":\"ReadAction\",\"target\":[\"https:\\\/\\\/www.lovendal.ro\\\/wp52\\\/celebrul-freddie-mercury-liderul-formatiei-queen-dupa-ce-vazu-cladirea-parlamentului-ungariei-de-la-budapesta-e-de-vanzare\\\/\"]}]},{\"@type\":\"ImageObject\",\"inLanguage\":\"ro-RO\",\"@id\":\"https:\\\/\\\/www.lovendal.ro\\\/wp52\\\/celebrul-freddie-mercury-liderul-formatiei-queen-dupa-ce-vazu-cladirea-parlamentului-ungariei-de-la-budapesta-e-de-vanzare\\\/#primaryimage\",\"url\":\"https:\\\/\\\/www.lovendal.ro\\\/wp52\\\/wp-content\\\/uploads\\\/2024\\\/02\\\/Freddie-Mercury-Parlamentul-Ungariei.jpg\",\"contentUrl\":\"https:\\\/\\\/www.lovendal.ro\\\/wp52\\\/wp-content\\\/uploads\\\/2024\\\/02\\\/Freddie-Mercury-Parlamentul-Ungariei.jpg\",\"width\":350,\"height\":202},{\"@type\":\"BreadcrumbList\",\"@id\":\"https:\\\/\\\/www.lovendal.ro\\\/wp52\\\/celebrul-freddie-mercury-liderul-formatiei-queen-dupa-ce-vazu-cladirea-parlamentului-ungariei-de-la-budapesta-e-de-vanzare\\\/#breadcrumb\",\"itemListElement\":[{\"@type\":\"ListItem\",\"position\":1,\"name\":\"Home\",\"item\":\"https:\\\/\\\/www.lovendal.ro\\\/wp52\\\/\"},{\"@type\":\"ListItem\",\"position\":2,\"name\":\"Celebrul Freddie Mercury, liderul forma\u0163iei &#8222;Queen&#8221;, dup\u0103 ce v\u0103zu cl\u0103direa Parlamentului Ungariei de la Budapesta: &#8222;E de v\u00e2nzare?&#8221;\"}]},{\"@type\":\"WebSite\",\"@id\":\"https:\\\/\\\/www.lovendal.ro\\\/wp52\\\/#website\",\"url\":\"https:\\\/\\\/www.lovendal.ro\\\/wp52\\\/\",\"name\":\"Secretele lui Lovendal\",\"description\":\"Site de secrete, stiinta si metafizica - din 2008 -\",\"publisher\":{\"@id\":\"https:\\\/\\\/www.lovendal.ro\\\/wp52\\\/#organization\"},\"potentialAction\":[{\"@type\":\"SearchAction\",\"target\":{\"@type\":\"EntryPoint\",\"urlTemplate\":\"https:\\\/\\\/www.lovendal.ro\\\/wp52\\\/?s={search_term_string}\"},\"query-input\":{\"@type\":\"PropertyValueSpecification\",\"valueRequired\":true,\"valueName\":\"search_term_string\"}}],\"inLanguage\":\"ro-RO\"},{\"@type\":\"Organization\",\"@id\":\"https:\\\/\\\/www.lovendal.ro\\\/wp52\\\/#organization\",\"name\":\"Secretele lui Lovendal\",\"url\":\"https:\\\/\\\/www.lovendal.ro\\\/wp52\\\/\",\"logo\":{\"@type\":\"ImageObject\",\"inLanguage\":\"ro-RO\",\"@id\":\"https:\\\/\\\/www.lovendal.ro\\\/wp52\\\/#\\\/schema\\\/logo\\\/image\\\/\",\"url\":\"https:\\\/\\\/www.lovendal.ro\\\/wp52\\\/wp-content\\\/uploads\\\/2024\\\/06\\\/cropped-SLL-iun-2024-1.jpg\",\"contentUrl\":\"https:\\\/\\\/www.lovendal.ro\\\/wp52\\\/wp-content\\\/uploads\\\/2024\\\/06\\\/cropped-SLL-iun-2024-1.jpg\",\"width\":771,\"height\":240,\"caption\":\"Secretele lui Lovendal\"},\"image\":{\"@id\":\"https:\\\/\\\/www.lovendal.ro\\\/wp52\\\/#\\\/schema\\\/logo\\\/image\\\/\"},\"sameAs\":[\"https:\\\/\\\/www.facebook.com\\\/secreteleluilovendal\"]},{\"@type\":\"Person\",\"@id\":\"https:\\\/\\\/www.lovendal.ro\\\/wp52\\\/#\\\/schema\\\/person\\\/088691de5dfc346bb0c023e1e52ef5d9\",\"name\":\"admin\",\"image\":{\"@type\":\"ImageObject\",\"inLanguage\":\"ro-RO\",\"@id\":\"https:\\\/\\\/secure.gravatar.com\\\/avatar\\\/ecb9cd41f5f63c9c9b989999a59f6e2639a865ec361e9db054db0679a8f341c2?s=96&d=mm&r=g\",\"url\":\"https:\\\/\\\/secure.gravatar.com\\\/avatar\\\/ecb9cd41f5f63c9c9b989999a59f6e2639a865ec361e9db054db0679a8f341c2?s=96&d=mm&r=g\",\"contentUrl\":\"https:\\\/\\\/secure.gravatar.com\\\/avatar\\\/ecb9cd41f5f63c9c9b989999a59f6e2639a865ec361e9db054db0679a8f341c2?s=96&d=mm&r=g\",\"caption\":\"admin\"},\"sameAs\":[\"https:\\\/\\\/www.lovendal.ro\\\/wp52\"]}]}<\/script>\n<!-- \/ Yoast SEO Premium plugin. -->","yoast_head_json":{"title":"Celebrul Freddie Mercury, liderul forma\u0163iei \"Queen\", dup\u0103 ce v\u0103zu cl\u0103direa Parlamentului Ungariei de la Budapesta: \"E de v\u00e2nzare?\" - Secretele lui Lovendal","robots":{"index":"index","follow":"follow","max-snippet":"max-snippet:-1","max-image-preview":"max-image-preview:large","max-video-preview":"max-video-preview:-1"},"canonical":"https:\/\/www.lovendal.ro\/wp52\/celebrul-freddie-mercury-liderul-formatiei-queen-dupa-ce-vazu-cladirea-parlamentului-ungariei-de-la-budapesta-e-de-vanzare\/","og_locale":"ro_RO","og_type":"article","og_title":"Celebrul Freddie Mercury, liderul forma\u0163iei \"Queen\", dup\u0103 ce v\u0103zu cl\u0103direa Parlamentului Ungariei de la Budapesta: \"E de v\u00e2nzare?\"","og_description":"Celebra forma\u0163ie britanic\u0103 de rock Queen, \u00eempreun\u0103 cu liderul ei, celebrul Freddie Mercury (din p\u0103cate, mort \u00een 1991) au \u0163inut \u00een 1986 un concert legendar \u00een Budapesta, capitala Ungariei. Atunci, maghiarii, ca \u015fi restul \u0163\u0103rilor din Estul Europei se aflau ... Cititi mai multe","og_url":"https:\/\/www.lovendal.ro\/wp52\/celebrul-freddie-mercury-liderul-formatiei-queen-dupa-ce-vazu-cladirea-parlamentului-ungariei-de-la-budapesta-e-de-vanzare\/","og_site_name":"Secretele lui Lovendal","article_publisher":"https:\/\/www.facebook.com\/secreteleluilovendal","article_published_time":"2024-02-18T22:14:32+00:00","og_image":[{"width":350,"height":202,"url":"https:\/\/www.lovendal.ro\/wp52\/wp-content\/uploads\/2024\/02\/Freddie-Mercury-Parlamentul-Ungariei.jpg","type":"image\/jpeg"}],"author":"admin","twitter_card":"summary_large_image","twitter_misc":{"Scris de":"admin","Timp estimat pentru citire":"2 minute"},"schema":{"@context":"https:\/\/schema.org","@graph":[{"@type":"Article","@id":"https:\/\/www.lovendal.ro\/wp52\/celebrul-freddie-mercury-liderul-formatiei-queen-dupa-ce-vazu-cladirea-parlamentului-ungariei-de-la-budapesta-e-de-vanzare\/#article","isPartOf":{"@id":"https:\/\/www.lovendal.ro\/wp52\/celebrul-freddie-mercury-liderul-formatiei-queen-dupa-ce-vazu-cladirea-parlamentului-ungariei-de-la-budapesta-e-de-vanzare\/"},"author":{"name":"admin","@id":"https:\/\/www.lovendal.ro\/wp52\/#\/schema\/person\/088691de5dfc346bb0c023e1e52ef5d9"},"headline":"Celebrul Freddie Mercury, liderul forma\u0163iei &#8222;Queen&#8221;, dup\u0103 ce v\u0103zu cl\u0103direa Parlamentului Ungariei de la Budapesta: &#8222;E de v\u00e2nzare?&#8221;","datePublished":"2024-02-18T22:14:32+00:00","mainEntityOfPage":{"@id":"https:\/\/www.lovendal.ro\/wp52\/celebrul-freddie-mercury-liderul-formatiei-queen-dupa-ce-vazu-cladirea-parlamentului-ungariei-de-la-budapesta-e-de-vanzare\/"},"wordCount":388,"commentCount":0,"publisher":{"@id":"https:\/\/www.lovendal.ro\/wp52\/#organization"},"image":{"@id":"https:\/\/www.lovendal.ro\/wp52\/celebrul-freddie-mercury-liderul-formatiei-queen-dupa-ce-vazu-cladirea-parlamentului-ungariei-de-la-budapesta-e-de-vanzare\/#primaryimage"},"thumbnailUrl":"https:\/\/www.lovendal.ro\/wp52\/wp-content\/uploads\/2024\/02\/Freddie-Mercury-Parlamentul-Ungariei.jpg","keywords":["biciclet\u0103","Budapesta","cl\u0103dire","comunism","Cultura","Freddie Mercury","Hungaroring","karting","meloie","muzic\u0103","muzician","parlament","Queen","Ungaria","Viena"],"articleSection":["Cultura"],"inLanguage":"ro-RO","potentialAction":[{"@type":"CommentAction","name":"Comment","target":["https:\/\/www.lovendal.ro\/wp52\/celebrul-freddie-mercury-liderul-formatiei-queen-dupa-ce-vazu-cladirea-parlamentului-ungariei-de-la-budapesta-e-de-vanzare\/#respond"]}]},{"@type":"WebPage","@id":"https:\/\/www.lovendal.ro\/wp52\/celebrul-freddie-mercury-liderul-formatiei-queen-dupa-ce-vazu-cladirea-parlamentului-ungariei-de-la-budapesta-e-de-vanzare\/","url":"https:\/\/www.lovendal.ro\/wp52\/celebrul-freddie-mercury-liderul-formatiei-queen-dupa-ce-vazu-cladirea-parlamentului-ungariei-de-la-budapesta-e-de-vanzare\/","name":"Celebrul Freddie Mercury, liderul forma\u0163iei \"Queen\", dup\u0103 ce v\u0103zu cl\u0103direa Parlamentului Ungariei de la Budapesta: \"E de v\u00e2nzare?\" - Secretele lui Lovendal","isPartOf":{"@id":"https:\/\/www.lovendal.ro\/wp52\/#website"},"primaryImageOfPage":{"@id":"https:\/\/www.lovendal.ro\/wp52\/celebrul-freddie-mercury-liderul-formatiei-queen-dupa-ce-vazu-cladirea-parlamentului-ungariei-de-la-budapesta-e-de-vanzare\/#primaryimage"},"image":{"@id":"https:\/\/www.lovendal.ro\/wp52\/celebrul-freddie-mercury-liderul-formatiei-queen-dupa-ce-vazu-cladirea-parlamentului-ungariei-de-la-budapesta-e-de-vanzare\/#primaryimage"},"thumbnailUrl":"https:\/\/www.lovendal.ro\/wp52\/wp-content\/uploads\/2024\/02\/Freddie-Mercury-Parlamentul-Ungariei.jpg","datePublished":"2024-02-18T22:14:32+00:00","breadcrumb":{"@id":"https:\/\/www.lovendal.ro\/wp52\/celebrul-freddie-mercury-liderul-formatiei-queen-dupa-ce-vazu-cladirea-parlamentului-ungariei-de-la-budapesta-e-de-vanzare\/#breadcrumb"},"inLanguage":"ro-RO","potentialAction":[{"@type":"ReadAction","target":["https:\/\/www.lovendal.ro\/wp52\/celebrul-freddie-mercury-liderul-formatiei-queen-dupa-ce-vazu-cladirea-parlamentului-ungariei-de-la-budapesta-e-de-vanzare\/"]}]},{"@type":"ImageObject","inLanguage":"ro-RO","@id":"https:\/\/www.lovendal.ro\/wp52\/celebrul-freddie-mercury-liderul-formatiei-queen-dupa-ce-vazu-cladirea-parlamentului-ungariei-de-la-budapesta-e-de-vanzare\/#primaryimage","url":"https:\/\/www.lovendal.ro\/wp52\/wp-content\/uploads\/2024\/02\/Freddie-Mercury-Parlamentul-Ungariei.jpg","contentUrl":"https:\/\/www.lovendal.ro\/wp52\/wp-content\/uploads\/2024\/02\/Freddie-Mercury-Parlamentul-Ungariei.jpg","width":350,"height":202},{"@type":"BreadcrumbList","@id":"https:\/\/www.lovendal.ro\/wp52\/celebrul-freddie-mercury-liderul-formatiei-queen-dupa-ce-vazu-cladirea-parlamentului-ungariei-de-la-budapesta-e-de-vanzare\/#breadcrumb","itemListElement":[{"@type":"ListItem","position":1,"name":"Home","item":"https:\/\/www.lovendal.ro\/wp52\/"},{"@type":"ListItem","position":2,"name":"Celebrul Freddie Mercury, liderul forma\u0163iei &#8222;Queen&#8221;, dup\u0103 ce v\u0103zu cl\u0103direa Parlamentului Ungariei de la Budapesta: &#8222;E de v\u00e2nzare?&#8221;"}]},{"@type":"WebSite","@id":"https:\/\/www.lovendal.ro\/wp52\/#website","url":"https:\/\/www.lovendal.ro\/wp52\/","name":"Secretele lui Lovendal","description":"Site de secrete, stiinta si metafizica - din 2008 -","publisher":{"@id":"https:\/\/www.lovendal.ro\/wp52\/#organization"},"potentialAction":[{"@type":"SearchAction","target":{"@type":"EntryPoint","urlTemplate":"https:\/\/www.lovendal.ro\/wp52\/?s={search_term_string}"},"query-input":{"@type":"PropertyValueSpecification","valueRequired":true,"valueName":"search_term_string"}}],"inLanguage":"ro-RO"},{"@type":"Organization","@id":"https:\/\/www.lovendal.ro\/wp52\/#organization","name":"Secretele lui Lovendal","url":"https:\/\/www.lovendal.ro\/wp52\/","logo":{"@type":"ImageObject","inLanguage":"ro-RO","@id":"https:\/\/www.lovendal.ro\/wp52\/#\/schema\/logo\/image\/","url":"https:\/\/www.lovendal.ro\/wp52\/wp-content\/uploads\/2024\/06\/cropped-SLL-iun-2024-1.jpg","contentUrl":"https:\/\/www.lovendal.ro\/wp52\/wp-content\/uploads\/2024\/06\/cropped-SLL-iun-2024-1.jpg","width":771,"height":240,"caption":"Secretele lui Lovendal"},"image":{"@id":"https:\/\/www.lovendal.ro\/wp52\/#\/schema\/logo\/image\/"},"sameAs":["https:\/\/www.facebook.com\/secreteleluilovendal"]},{"@type":"Person","@id":"https:\/\/www.lovendal.ro\/wp52\/#\/schema\/person\/088691de5dfc346bb0c023e1e52ef5d9","name":"admin","image":{"@type":"ImageObject","inLanguage":"ro-RO","@id":"https:\/\/secure.gravatar.com\/avatar\/ecb9cd41f5f63c9c9b989999a59f6e2639a865ec361e9db054db0679a8f341c2?s=96&d=mm&r=g","url":"https:\/\/secure.gravatar.com\/avatar\/ecb9cd41f5f63c9c9b989999a59f6e2639a865ec361e9db054db0679a8f341c2?s=96&d=mm&r=g","contentUrl":"https:\/\/secure.gravatar.com\/avatar\/ecb9cd41f5f63c9c9b989999a59f6e2639a865ec361e9db054db0679a8f341c2?s=96&d=mm&r=g","caption":"admin"},"sameAs":["https:\/\/www.lovendal.ro\/wp52"]}]}},"_links":{"self":[{"href":"https:\/\/www.lovendal.ro\/wp52\/wp-json\/wp\/v2\/posts\/89582","targetHints":{"allow":["GET"]}}],"collection":[{"href":"https:\/\/www.lovendal.ro\/wp52\/wp-json\/wp\/v2\/posts"}],"about":[{"href":"https:\/\/www.lovendal.ro\/wp52\/wp-json\/wp\/v2\/types\/post"}],"author":[{"embeddable":true,"href":"https:\/\/www.lovendal.ro\/wp52\/wp-json\/wp\/v2\/users\/1"}],"replies":[{"embeddable":true,"href":"https:\/\/www.lovendal.ro\/wp52\/wp-json\/wp\/v2\/comments?post=89582"}],"version-history":[{"count":1,"href":"https:\/\/www.lovendal.ro\/wp52\/wp-json\/wp\/v2\/posts\/89582\/revisions"}],"predecessor-version":[{"id":89584,"href":"https:\/\/www.lovendal.ro\/wp52\/wp-json\/wp\/v2\/posts\/89582\/revisions\/89584"}],"wp:featuredmedia":[{"embeddable":true,"href":"https:\/\/www.lovendal.ro\/wp52\/wp-json\/wp\/v2\/media\/89583"}],"wp:attachment":[{"href":"https:\/\/www.lovendal.ro\/wp52\/wp-json\/wp\/v2\/media?parent=89582"}],"wp:term":[{"taxonomy":"category","embeddable":true,"href":"https:\/\/www.lovendal.ro\/wp52\/wp-json\/wp\/v2\/categories?post=89582"},{"taxonomy":"post_tag","embeddable":true,"href":"https:\/\/www.lovendal.ro\/wp52\/wp-json\/wp\/v2\/tags?post=89582"}],"curies":[{"name":"wp","href":"https:\/\/api.w.org\/{rel}","templated":true}]}}