{"id":89149,"date":"2024-01-20T00:18:58","date_gmt":"2024-01-19T22:18:58","guid":{"rendered":"https:\/\/www.lovendal.ro\/wp52\/?p=89149"},"modified":"2024-01-20T00:18:58","modified_gmt":"2024-01-19T22:18:58","slug":"blestemul-vanatorilor-i-a-prins-pe-cei-doi-mostenitori-ai-imperiului-austro-ungar","status":"publish","type":"post","link":"https:\/\/www.lovendal.ro\/wp52\/blestemul-vanatorilor-i-a-prins-pe-cei-doi-mostenitori-ai-imperiului-austro-ungar\/","title":{"rendered":"Blestemul v\u00e2n\u0103torilor i-a prins pe cei doi mo\u015ftenitori ai Imperiului Austro-Ungar?"},"content":{"rendered":"<p><a href=\"https:\/\/www.lovendal.ro\/wp52\/wp-content\/uploads\/2024\/01\/vanatoare-animal-alb.jpg\"><img loading=\"lazy\" decoding=\"async\" class=\"alignleft size-full wp-image-89155\" src=\"https:\/\/www.lovendal.ro\/wp52\/wp-content\/uploads\/2024\/01\/vanatoare-animal-alb.jpg\" alt=\"\" width=\"344\" height=\"220\" srcset=\"https:\/\/www.lovendal.ro\/wp52\/wp-content\/uploads\/2024\/01\/vanatoare-animal-alb.jpg 344w, https:\/\/www.lovendal.ro\/wp52\/wp-content\/uploads\/2024\/01\/vanatoare-animal-alb-300x192.jpg 300w\" sizes=\"auto, (max-width: 344px) 100vw, 344px\" \/><\/a>Printre v\u00e2n\u0103tori exist\u0103 o supersti\u0163ie care spune c\u0103 nimeni nu are voie s\u0103 omoare un v\u00e2nat alb. Acela care va \u00eempu\u015fca un asemenea animal, va muri cur\u00e2nd de o moarte violent\u0103. Mo\u015ftenitorul \u015fi fiul lui Franz Iosif al Austriei, nefericitul arhiduce Rudolf, era \u015fi el un adept pasionat al v\u00e2n\u0103torii. \u00cen ziua de 8 martie 1878, se afla ca oaspete al \u00eemp\u0103ratului Germaniei la o v\u00e2n\u0103toare \u00een parcul de la Potsdam. Un splendid cerb alb, speriat de larma gonacilor, se pomeni \u00een b\u0103taia pu\u015ftii lui Rudolf de Austria \u015fi fu omor\u00e2t de acesta. \u00cen ziua de 30 ianuarie 1889, diminea\u0163a, prin\u0163ul mo\u015ftenitor al Imperiului Habsburgic, era g\u0103sit \u00eempu\u015fcat, \u00eempreun\u0103 cu iubita sa, contesa Vecera, \u00eentr-o camer\u0103 a castelului de la Mayerling. Nici p\u00e2n\u0103 ast\u0103zi nu a fost dezv\u0103luit\u0103 enigma acestei duble sinucideri, dar moartea violent\u0103 a prin\u0163ului a reamintit unora c\u0103 \u00een 1878 acesta omor\u00e2se un cerb alb&#8230;<\/p>\n<p>\u00cen urma mor\u0163ii lui Rudolf, deveni mo\u015ftenitor al Austro-Ungariei arhiducele Franz Ferdinand. Jocul sor\u0163ii a f\u0103cut ca \u015fi acestuia s\u0103 i se \u00eent\u00e2mple aproape acela\u015fi lucru ca \u015fi \u00eenainta\u015fului s\u0103u. Era \u00eentr-o splendid\u0103 diminea\u0163\u0103 de august 1913. Franz Ferdinand, \u00eenso\u0163it de un singur v\u00e2n\u0103tor, plecase la v\u00e2n\u0103toare \u00een mun\u0163ii Gollinger. Deodat\u0103, un animal ca dintr-o poveste, o capr\u0103 alb\u0103 s\u0103lbatic\u0103, se ca\u0163\u0103r\u0103 drept \u00een fa\u0163a lor. \u00censo\u0163itorul prin\u0163ului, v\u0103z\u00e2nd c\u0103 acesta se preg\u0103te\u015fte s\u0103 trag\u0103, \u00eel implor\u0103 s\u0103 nu o fac\u0103, deoarece nu e bine. Evident imperialul v\u00e2n\u0103tor se \u00eenc\u0103p\u0103\u0163\u00e2n\u0103 \u015fi trase&#8230; Mai e nevoie s\u0103 aducem aminte care a fost soarta arhiducelui Franz Ferdinand? Adic\u0103 faptul c\u0103 a fost asasinat \u00een anul urm\u0103tor, 1914?<\/p>\n<p>Exist\u0103, deci, un blestem al v\u00e2natului unui animal alb?<\/p>\n","protected":false},"excerpt":{"rendered":"<p>Printre v\u00e2n\u0103tori exist\u0103 o supersti\u0163ie care spune c\u0103 nimeni nu are voie s\u0103 omoare un v\u00e2nat alb. Acela care va \u00eempu\u015fca un asemenea animal, va muri cur\u00e2nd de o moarte violent\u0103. Mo\u015ftenitorul \u015fi fiul lui Franz Iosif al Austriei, nefericitul &#8230; <\/p>\n<p class=\"read-more-container\"><a title=\"Blestemul v\u00e2n\u0103torilor i-a prins pe cei doi mo\u015ftenitori ai Imperiului Austro-Ungar?\" class=\"read-more button\" href=\"https:\/\/www.lovendal.ro\/wp52\/blestemul-vanatorilor-i-a-prins-pe-cei-doi-mostenitori-ai-imperiului-austro-ungar\/#more-89149\" aria-label=\"Cite\u0219te mai multe despre Blestemul v\u00e2n\u0103torilor i-a prins pe cei doi mo\u015ftenitori ai Imperiului Austro-Ungar?\">Cititi mai multe<\/a><\/p>\n","protected":false},"author":1,"featured_media":89155,"comment_status":"open","ping_status":"open","sticky":false,"template":"","format":"standard","meta":{"footnotes":""},"categories":[9],"tags":[6585,8961,1391,242,2127,325,3805,12944,18681,1682,1532,18680,681,58,5657],"class_list":["post-89149","post","type-post","status-publish","format-standard","has-post-thumbnail","hentry","category-istorie","tag-animal","tag-arhiduce","tag-austria","tag-blestem","tag-capra","tag-castel","tag-cerb","tag-franz-ferdinand","tag-franz-iosif","tag-imperiul-habsburgic","tag-istorie-si-civilizatii","tag-rudolf-de-austria","tag-sinucidere","tag-vanatoare","tag-vanator","resize-featured-image"],"yoast_head":"<!-- This site is optimized with the Yoast SEO Premium plugin v23.3 (Yoast SEO v27.4) - https:\/\/yoast.com\/product\/yoast-seo-premium-wordpress\/ -->\n<title>Blestemul v\u00e2n\u0103torilor i-a prins pe cei doi mo\u015ftenitori ai Imperiului Austro-Ungar? - Secretele lui Lovendal<\/title>\n<meta name=\"robots\" content=\"index, follow, max-snippet:-1, max-image-preview:large, max-video-preview:-1\" \/>\n<link rel=\"canonical\" href=\"https:\/\/www.lovendal.ro\/wp52\/blestemul-vanatorilor-i-a-prins-pe-cei-doi-mostenitori-ai-imperiului-austro-ungar\/\" \/>\n<meta property=\"og:locale\" content=\"ro_RO\" \/>\n<meta property=\"og:type\" content=\"article\" \/>\n<meta property=\"og:title\" content=\"Blestemul v\u00e2n\u0103torilor i-a prins pe cei doi mo\u015ftenitori ai Imperiului Austro-Ungar?\" \/>\n<meta property=\"og:description\" content=\"Printre v\u00e2n\u0103tori exist\u0103 o supersti\u0163ie care spune c\u0103 nimeni nu are voie s\u0103 omoare un v\u00e2nat alb. Acela care va \u00eempu\u015fca un asemenea animal, va muri cur\u00e2nd de o moarte violent\u0103. Mo\u015ftenitorul \u015fi fiul lui Franz Iosif al Austriei, nefericitul ... Cititi mai multe\" \/>\n<meta property=\"og:url\" content=\"https:\/\/www.lovendal.ro\/wp52\/blestemul-vanatorilor-i-a-prins-pe-cei-doi-mostenitori-ai-imperiului-austro-ungar\/\" \/>\n<meta property=\"og:site_name\" content=\"Secretele lui Lovendal\" \/>\n<meta property=\"article:publisher\" content=\"https:\/\/www.facebook.com\/secreteleluilovendal\" \/>\n<meta property=\"article:published_time\" content=\"2024-01-19T22:18:58+00:00\" \/>\n<meta property=\"og:image\" content=\"https:\/\/www.lovendal.ro\/wp52\/wp-content\/uploads\/2024\/01\/vanatoare-animal-alb.jpg\" \/>\n\t<meta property=\"og:image:width\" content=\"344\" \/>\n\t<meta property=\"og:image:height\" content=\"220\" \/>\n\t<meta property=\"og:image:type\" content=\"image\/jpeg\" \/>\n<meta name=\"author\" content=\"admin\" \/>\n<meta name=\"twitter:card\" content=\"summary_large_image\" \/>\n<meta name=\"twitter:label1\" content=\"Scris de\" \/>\n\t<meta name=\"twitter:data1\" content=\"admin\" \/>\n\t<meta name=\"twitter:label2\" content=\"Timp estimat pentru citire\" \/>\n\t<meta name=\"twitter:data2\" content=\"2 minute\" \/>\n<script type=\"application\/ld+json\" class=\"yoast-schema-graph\">{\"@context\":\"https:\\\/\\\/schema.org\",\"@graph\":[{\"@type\":\"Article\",\"@id\":\"https:\\\/\\\/www.lovendal.ro\\\/wp52\\\/blestemul-vanatorilor-i-a-prins-pe-cei-doi-mostenitori-ai-imperiului-austro-ungar\\\/#article\",\"isPartOf\":{\"@id\":\"https:\\\/\\\/www.lovendal.ro\\\/wp52\\\/blestemul-vanatorilor-i-a-prins-pe-cei-doi-mostenitori-ai-imperiului-austro-ungar\\\/\"},\"author\":{\"name\":\"admin\",\"@id\":\"https:\\\/\\\/www.lovendal.ro\\\/wp52\\\/#\\\/schema\\\/person\\\/088691de5dfc346bb0c023e1e52ef5d9\"},\"headline\":\"Blestemul v\u00e2n\u0103torilor i-a prins pe cei doi mo\u015ftenitori ai Imperiului Austro-Ungar?\",\"datePublished\":\"2024-01-19T22:18:58+00:00\",\"mainEntityOfPage\":{\"@id\":\"https:\\\/\\\/www.lovendal.ro\\\/wp52\\\/blestemul-vanatorilor-i-a-prins-pe-cei-doi-mostenitori-ai-imperiului-austro-ungar\\\/\"},\"wordCount\":333,\"commentCount\":0,\"publisher\":{\"@id\":\"https:\\\/\\\/www.lovendal.ro\\\/wp52\\\/#organization\"},\"image\":{\"@id\":\"https:\\\/\\\/www.lovendal.ro\\\/wp52\\\/blestemul-vanatorilor-i-a-prins-pe-cei-doi-mostenitori-ai-imperiului-austro-ungar\\\/#primaryimage\"},\"thumbnailUrl\":\"https:\\\/\\\/www.lovendal.ro\\\/wp52\\\/wp-content\\\/uploads\\\/2024\\\/01\\\/vanatoare-animal-alb.jpg\",\"keywords\":[\"animal\",\"arhiduce\",\"Austria\",\"blestem\",\"capr\u0103\",\"castel\",\"cerb\",\"Franz Ferdinand\",\"Franz Iosif\",\"Imperiul Habsburgic\",\"Istorie si Civilizatii\",\"Rudolf de Austria\",\"sinucidere\",\"v\u00e2n\u0103toare\",\"v\u00e2n\u0103tor\"],\"articleSection\":[\"Istorie si Civilizatii\"],\"inLanguage\":\"ro-RO\",\"potentialAction\":[{\"@type\":\"CommentAction\",\"name\":\"Comment\",\"target\":[\"https:\\\/\\\/www.lovendal.ro\\\/wp52\\\/blestemul-vanatorilor-i-a-prins-pe-cei-doi-mostenitori-ai-imperiului-austro-ungar\\\/#respond\"]}]},{\"@type\":\"WebPage\",\"@id\":\"https:\\\/\\\/www.lovendal.ro\\\/wp52\\\/blestemul-vanatorilor-i-a-prins-pe-cei-doi-mostenitori-ai-imperiului-austro-ungar\\\/\",\"url\":\"https:\\\/\\\/www.lovendal.ro\\\/wp52\\\/blestemul-vanatorilor-i-a-prins-pe-cei-doi-mostenitori-ai-imperiului-austro-ungar\\\/\",\"name\":\"Blestemul v\u00e2n\u0103torilor i-a prins pe cei doi mo\u015ftenitori ai Imperiului Austro-Ungar? - Secretele lui Lovendal\",\"isPartOf\":{\"@id\":\"https:\\\/\\\/www.lovendal.ro\\\/wp52\\\/#website\"},\"primaryImageOfPage\":{\"@id\":\"https:\\\/\\\/www.lovendal.ro\\\/wp52\\\/blestemul-vanatorilor-i-a-prins-pe-cei-doi-mostenitori-ai-imperiului-austro-ungar\\\/#primaryimage\"},\"image\":{\"@id\":\"https:\\\/\\\/www.lovendal.ro\\\/wp52\\\/blestemul-vanatorilor-i-a-prins-pe-cei-doi-mostenitori-ai-imperiului-austro-ungar\\\/#primaryimage\"},\"thumbnailUrl\":\"https:\\\/\\\/www.lovendal.ro\\\/wp52\\\/wp-content\\\/uploads\\\/2024\\\/01\\\/vanatoare-animal-alb.jpg\",\"datePublished\":\"2024-01-19T22:18:58+00:00\",\"breadcrumb\":{\"@id\":\"https:\\\/\\\/www.lovendal.ro\\\/wp52\\\/blestemul-vanatorilor-i-a-prins-pe-cei-doi-mostenitori-ai-imperiului-austro-ungar\\\/#breadcrumb\"},\"inLanguage\":\"ro-RO\",\"potentialAction\":[{\"@type\":\"ReadAction\",\"target\":[\"https:\\\/\\\/www.lovendal.ro\\\/wp52\\\/blestemul-vanatorilor-i-a-prins-pe-cei-doi-mostenitori-ai-imperiului-austro-ungar\\\/\"]}]},{\"@type\":\"ImageObject\",\"inLanguage\":\"ro-RO\",\"@id\":\"https:\\\/\\\/www.lovendal.ro\\\/wp52\\\/blestemul-vanatorilor-i-a-prins-pe-cei-doi-mostenitori-ai-imperiului-austro-ungar\\\/#primaryimage\",\"url\":\"https:\\\/\\\/www.lovendal.ro\\\/wp52\\\/wp-content\\\/uploads\\\/2024\\\/01\\\/vanatoare-animal-alb.jpg\",\"contentUrl\":\"https:\\\/\\\/www.lovendal.ro\\\/wp52\\\/wp-content\\\/uploads\\\/2024\\\/01\\\/vanatoare-animal-alb.jpg\",\"width\":344,\"height\":220},{\"@type\":\"BreadcrumbList\",\"@id\":\"https:\\\/\\\/www.lovendal.ro\\\/wp52\\\/blestemul-vanatorilor-i-a-prins-pe-cei-doi-mostenitori-ai-imperiului-austro-ungar\\\/#breadcrumb\",\"itemListElement\":[{\"@type\":\"ListItem\",\"position\":1,\"name\":\"Home\",\"item\":\"https:\\\/\\\/www.lovendal.ro\\\/wp52\\\/\"},{\"@type\":\"ListItem\",\"position\":2,\"name\":\"Blestemul v\u00e2n\u0103torilor i-a prins pe cei doi mo\u015ftenitori ai Imperiului Austro-Ungar?\"}]},{\"@type\":\"WebSite\",\"@id\":\"https:\\\/\\\/www.lovendal.ro\\\/wp52\\\/#website\",\"url\":\"https:\\\/\\\/www.lovendal.ro\\\/wp52\\\/\",\"name\":\"Secretele lui Lovendal\",\"description\":\"Site de secrete, stiinta si metafizica - din 2008 -\",\"publisher\":{\"@id\":\"https:\\\/\\\/www.lovendal.ro\\\/wp52\\\/#organization\"},\"potentialAction\":[{\"@type\":\"SearchAction\",\"target\":{\"@type\":\"EntryPoint\",\"urlTemplate\":\"https:\\\/\\\/www.lovendal.ro\\\/wp52\\\/?s={search_term_string}\"},\"query-input\":{\"@type\":\"PropertyValueSpecification\",\"valueRequired\":true,\"valueName\":\"search_term_string\"}}],\"inLanguage\":\"ro-RO\"},{\"@type\":\"Organization\",\"@id\":\"https:\\\/\\\/www.lovendal.ro\\\/wp52\\\/#organization\",\"name\":\"Secretele lui Lovendal\",\"url\":\"https:\\\/\\\/www.lovendal.ro\\\/wp52\\\/\",\"logo\":{\"@type\":\"ImageObject\",\"inLanguage\":\"ro-RO\",\"@id\":\"https:\\\/\\\/www.lovendal.ro\\\/wp52\\\/#\\\/schema\\\/logo\\\/image\\\/\",\"url\":\"https:\\\/\\\/www.lovendal.ro\\\/wp52\\\/wp-content\\\/uploads\\\/2024\\\/06\\\/cropped-SLL-iun-2024-1.jpg\",\"contentUrl\":\"https:\\\/\\\/www.lovendal.ro\\\/wp52\\\/wp-content\\\/uploads\\\/2024\\\/06\\\/cropped-SLL-iun-2024-1.jpg\",\"width\":771,\"height\":240,\"caption\":\"Secretele lui Lovendal\"},\"image\":{\"@id\":\"https:\\\/\\\/www.lovendal.ro\\\/wp52\\\/#\\\/schema\\\/logo\\\/image\\\/\"},\"sameAs\":[\"https:\\\/\\\/www.facebook.com\\\/secreteleluilovendal\"]},{\"@type\":\"Person\",\"@id\":\"https:\\\/\\\/www.lovendal.ro\\\/wp52\\\/#\\\/schema\\\/person\\\/088691de5dfc346bb0c023e1e52ef5d9\",\"name\":\"admin\",\"image\":{\"@type\":\"ImageObject\",\"inLanguage\":\"ro-RO\",\"@id\":\"https:\\\/\\\/secure.gravatar.com\\\/avatar\\\/ecb9cd41f5f63c9c9b989999a59f6e2639a865ec361e9db054db0679a8f341c2?s=96&d=mm&r=g\",\"url\":\"https:\\\/\\\/secure.gravatar.com\\\/avatar\\\/ecb9cd41f5f63c9c9b989999a59f6e2639a865ec361e9db054db0679a8f341c2?s=96&d=mm&r=g\",\"contentUrl\":\"https:\\\/\\\/secure.gravatar.com\\\/avatar\\\/ecb9cd41f5f63c9c9b989999a59f6e2639a865ec361e9db054db0679a8f341c2?s=96&d=mm&r=g\",\"caption\":\"admin\"},\"sameAs\":[\"https:\\\/\\\/www.lovendal.ro\\\/wp52\"]}]}<\/script>\n<!-- \/ Yoast SEO Premium plugin. -->","yoast_head_json":{"title":"Blestemul v\u00e2n\u0103torilor i-a prins pe cei doi mo\u015ftenitori ai Imperiului Austro-Ungar? - Secretele lui Lovendal","robots":{"index":"index","follow":"follow","max-snippet":"max-snippet:-1","max-image-preview":"max-image-preview:large","max-video-preview":"max-video-preview:-1"},"canonical":"https:\/\/www.lovendal.ro\/wp52\/blestemul-vanatorilor-i-a-prins-pe-cei-doi-mostenitori-ai-imperiului-austro-ungar\/","og_locale":"ro_RO","og_type":"article","og_title":"Blestemul v\u00e2n\u0103torilor i-a prins pe cei doi mo\u015ftenitori ai Imperiului Austro-Ungar?","og_description":"Printre v\u00e2n\u0103tori exist\u0103 o supersti\u0163ie care spune c\u0103 nimeni nu are voie s\u0103 omoare un v\u00e2nat alb. Acela care va \u00eempu\u015fca un asemenea animal, va muri cur\u00e2nd de o moarte violent\u0103. Mo\u015ftenitorul \u015fi fiul lui Franz Iosif al Austriei, nefericitul ... Cititi mai multe","og_url":"https:\/\/www.lovendal.ro\/wp52\/blestemul-vanatorilor-i-a-prins-pe-cei-doi-mostenitori-ai-imperiului-austro-ungar\/","og_site_name":"Secretele lui Lovendal","article_publisher":"https:\/\/www.facebook.com\/secreteleluilovendal","article_published_time":"2024-01-19T22:18:58+00:00","og_image":[{"width":344,"height":220,"url":"https:\/\/www.lovendal.ro\/wp52\/wp-content\/uploads\/2024\/01\/vanatoare-animal-alb.jpg","type":"image\/jpeg"}],"author":"admin","twitter_card":"summary_large_image","twitter_misc":{"Scris de":"admin","Timp estimat pentru citire":"2 minute"},"schema":{"@context":"https:\/\/schema.org","@graph":[{"@type":"Article","@id":"https:\/\/www.lovendal.ro\/wp52\/blestemul-vanatorilor-i-a-prins-pe-cei-doi-mostenitori-ai-imperiului-austro-ungar\/#article","isPartOf":{"@id":"https:\/\/www.lovendal.ro\/wp52\/blestemul-vanatorilor-i-a-prins-pe-cei-doi-mostenitori-ai-imperiului-austro-ungar\/"},"author":{"name":"admin","@id":"https:\/\/www.lovendal.ro\/wp52\/#\/schema\/person\/088691de5dfc346bb0c023e1e52ef5d9"},"headline":"Blestemul v\u00e2n\u0103torilor i-a prins pe cei doi mo\u015ftenitori ai Imperiului Austro-Ungar?","datePublished":"2024-01-19T22:18:58+00:00","mainEntityOfPage":{"@id":"https:\/\/www.lovendal.ro\/wp52\/blestemul-vanatorilor-i-a-prins-pe-cei-doi-mostenitori-ai-imperiului-austro-ungar\/"},"wordCount":333,"commentCount":0,"publisher":{"@id":"https:\/\/www.lovendal.ro\/wp52\/#organization"},"image":{"@id":"https:\/\/www.lovendal.ro\/wp52\/blestemul-vanatorilor-i-a-prins-pe-cei-doi-mostenitori-ai-imperiului-austro-ungar\/#primaryimage"},"thumbnailUrl":"https:\/\/www.lovendal.ro\/wp52\/wp-content\/uploads\/2024\/01\/vanatoare-animal-alb.jpg","keywords":["animal","arhiduce","Austria","blestem","capr\u0103","castel","cerb","Franz Ferdinand","Franz Iosif","Imperiul Habsburgic","Istorie si Civilizatii","Rudolf de Austria","sinucidere","v\u00e2n\u0103toare","v\u00e2n\u0103tor"],"articleSection":["Istorie si Civilizatii"],"inLanguage":"ro-RO","potentialAction":[{"@type":"CommentAction","name":"Comment","target":["https:\/\/www.lovendal.ro\/wp52\/blestemul-vanatorilor-i-a-prins-pe-cei-doi-mostenitori-ai-imperiului-austro-ungar\/#respond"]}]},{"@type":"WebPage","@id":"https:\/\/www.lovendal.ro\/wp52\/blestemul-vanatorilor-i-a-prins-pe-cei-doi-mostenitori-ai-imperiului-austro-ungar\/","url":"https:\/\/www.lovendal.ro\/wp52\/blestemul-vanatorilor-i-a-prins-pe-cei-doi-mostenitori-ai-imperiului-austro-ungar\/","name":"Blestemul v\u00e2n\u0103torilor i-a prins pe cei doi mo\u015ftenitori ai Imperiului Austro-Ungar? - Secretele lui Lovendal","isPartOf":{"@id":"https:\/\/www.lovendal.ro\/wp52\/#website"},"primaryImageOfPage":{"@id":"https:\/\/www.lovendal.ro\/wp52\/blestemul-vanatorilor-i-a-prins-pe-cei-doi-mostenitori-ai-imperiului-austro-ungar\/#primaryimage"},"image":{"@id":"https:\/\/www.lovendal.ro\/wp52\/blestemul-vanatorilor-i-a-prins-pe-cei-doi-mostenitori-ai-imperiului-austro-ungar\/#primaryimage"},"thumbnailUrl":"https:\/\/www.lovendal.ro\/wp52\/wp-content\/uploads\/2024\/01\/vanatoare-animal-alb.jpg","datePublished":"2024-01-19T22:18:58+00:00","breadcrumb":{"@id":"https:\/\/www.lovendal.ro\/wp52\/blestemul-vanatorilor-i-a-prins-pe-cei-doi-mostenitori-ai-imperiului-austro-ungar\/#breadcrumb"},"inLanguage":"ro-RO","potentialAction":[{"@type":"ReadAction","target":["https:\/\/www.lovendal.ro\/wp52\/blestemul-vanatorilor-i-a-prins-pe-cei-doi-mostenitori-ai-imperiului-austro-ungar\/"]}]},{"@type":"ImageObject","inLanguage":"ro-RO","@id":"https:\/\/www.lovendal.ro\/wp52\/blestemul-vanatorilor-i-a-prins-pe-cei-doi-mostenitori-ai-imperiului-austro-ungar\/#primaryimage","url":"https:\/\/www.lovendal.ro\/wp52\/wp-content\/uploads\/2024\/01\/vanatoare-animal-alb.jpg","contentUrl":"https:\/\/www.lovendal.ro\/wp52\/wp-content\/uploads\/2024\/01\/vanatoare-animal-alb.jpg","width":344,"height":220},{"@type":"BreadcrumbList","@id":"https:\/\/www.lovendal.ro\/wp52\/blestemul-vanatorilor-i-a-prins-pe-cei-doi-mostenitori-ai-imperiului-austro-ungar\/#breadcrumb","itemListElement":[{"@type":"ListItem","position":1,"name":"Home","item":"https:\/\/www.lovendal.ro\/wp52\/"},{"@type":"ListItem","position":2,"name":"Blestemul v\u00e2n\u0103torilor i-a prins pe cei doi mo\u015ftenitori ai Imperiului Austro-Ungar?"}]},{"@type":"WebSite","@id":"https:\/\/www.lovendal.ro\/wp52\/#website","url":"https:\/\/www.lovendal.ro\/wp52\/","name":"Secretele lui Lovendal","description":"Site de secrete, stiinta si metafizica - din 2008 -","publisher":{"@id":"https:\/\/www.lovendal.ro\/wp52\/#organization"},"potentialAction":[{"@type":"SearchAction","target":{"@type":"EntryPoint","urlTemplate":"https:\/\/www.lovendal.ro\/wp52\/?s={search_term_string}"},"query-input":{"@type":"PropertyValueSpecification","valueRequired":true,"valueName":"search_term_string"}}],"inLanguage":"ro-RO"},{"@type":"Organization","@id":"https:\/\/www.lovendal.ro\/wp52\/#organization","name":"Secretele lui Lovendal","url":"https:\/\/www.lovendal.ro\/wp52\/","logo":{"@type":"ImageObject","inLanguage":"ro-RO","@id":"https:\/\/www.lovendal.ro\/wp52\/#\/schema\/logo\/image\/","url":"https:\/\/www.lovendal.ro\/wp52\/wp-content\/uploads\/2024\/06\/cropped-SLL-iun-2024-1.jpg","contentUrl":"https:\/\/www.lovendal.ro\/wp52\/wp-content\/uploads\/2024\/06\/cropped-SLL-iun-2024-1.jpg","width":771,"height":240,"caption":"Secretele lui Lovendal"},"image":{"@id":"https:\/\/www.lovendal.ro\/wp52\/#\/schema\/logo\/image\/"},"sameAs":["https:\/\/www.facebook.com\/secreteleluilovendal"]},{"@type":"Person","@id":"https:\/\/www.lovendal.ro\/wp52\/#\/schema\/person\/088691de5dfc346bb0c023e1e52ef5d9","name":"admin","image":{"@type":"ImageObject","inLanguage":"ro-RO","@id":"https:\/\/secure.gravatar.com\/avatar\/ecb9cd41f5f63c9c9b989999a59f6e2639a865ec361e9db054db0679a8f341c2?s=96&d=mm&r=g","url":"https:\/\/secure.gravatar.com\/avatar\/ecb9cd41f5f63c9c9b989999a59f6e2639a865ec361e9db054db0679a8f341c2?s=96&d=mm&r=g","contentUrl":"https:\/\/secure.gravatar.com\/avatar\/ecb9cd41f5f63c9c9b989999a59f6e2639a865ec361e9db054db0679a8f341c2?s=96&d=mm&r=g","caption":"admin"},"sameAs":["https:\/\/www.lovendal.ro\/wp52"]}]}},"_links":{"self":[{"href":"https:\/\/www.lovendal.ro\/wp52\/wp-json\/wp\/v2\/posts\/89149","targetHints":{"allow":["GET"]}}],"collection":[{"href":"https:\/\/www.lovendal.ro\/wp52\/wp-json\/wp\/v2\/posts"}],"about":[{"href":"https:\/\/www.lovendal.ro\/wp52\/wp-json\/wp\/v2\/types\/post"}],"author":[{"embeddable":true,"href":"https:\/\/www.lovendal.ro\/wp52\/wp-json\/wp\/v2\/users\/1"}],"replies":[{"embeddable":true,"href":"https:\/\/www.lovendal.ro\/wp52\/wp-json\/wp\/v2\/comments?post=89149"}],"version-history":[{"count":2,"href":"https:\/\/www.lovendal.ro\/wp52\/wp-json\/wp\/v2\/posts\/89149\/revisions"}],"predecessor-version":[{"id":89156,"href":"https:\/\/www.lovendal.ro\/wp52\/wp-json\/wp\/v2\/posts\/89149\/revisions\/89156"}],"wp:featuredmedia":[{"embeddable":true,"href":"https:\/\/www.lovendal.ro\/wp52\/wp-json\/wp\/v2\/media\/89155"}],"wp:attachment":[{"href":"https:\/\/www.lovendal.ro\/wp52\/wp-json\/wp\/v2\/media?parent=89149"}],"wp:term":[{"taxonomy":"category","embeddable":true,"href":"https:\/\/www.lovendal.ro\/wp52\/wp-json\/wp\/v2\/categories?post=89149"},{"taxonomy":"post_tag","embeddable":true,"href":"https:\/\/www.lovendal.ro\/wp52\/wp-json\/wp\/v2\/tags?post=89149"}],"curies":[{"name":"wp","href":"https:\/\/api.w.org\/{rel}","templated":true}]}}