{"id":89146,"date":"2024-01-18T20:12:35","date_gmt":"2024-01-18T18:12:35","guid":{"rendered":"https:\/\/www.lovendal.ro\/wp52\/?p=89146"},"modified":"2024-01-18T20:12:35","modified_gmt":"2024-01-18T18:12:35","slug":"vei-muri-de-foame-i-a-ghicit-o-femeie-in-palma-printului-si-imparatului-german-frederic-al-iii-lea-peste-mai-multi-ani-chiar-asta-s-a-si-intamplat","status":"publish","type":"post","link":"https:\/\/www.lovendal.ro\/wp52\/vei-muri-de-foame-i-a-ghicit-o-femeie-in-palma-printului-si-imparatului-german-frederic-al-iii-lea-peste-mai-multi-ani-chiar-asta-s-a-si-intamplat\/","title":{"rendered":"&#8222;Vei muri de foame!&#8221; &#8211; i-a ghicit o femeie \u00een palm\u0103 prin\u0163ului \u015fi \u00eemp\u0103ratului german Frederic al III-lea. Peste mai mul\u0163i ani, chiar asta s-a \u015fi \u00eent\u00e2mplat&#8230;"},"content":{"rendered":"<p><a href=\"https:\/\/www.lovendal.ro\/wp52\/wp-content\/uploads\/2024\/01\/ghicitoare-imparat.jpg\"><img loading=\"lazy\" decoding=\"async\" class=\"alignleft size-full wp-image-89147\" src=\"https:\/\/www.lovendal.ro\/wp52\/wp-content\/uploads\/2024\/01\/ghicitoare-imparat.jpg\" alt=\"\" width=\"364\" height=\"205\" srcset=\"https:\/\/www.lovendal.ro\/wp52\/wp-content\/uploads\/2024\/01\/ghicitoare-imparat.jpg 364w, https:\/\/www.lovendal.ro\/wp52\/wp-content\/uploads\/2024\/01\/ghicitoare-imparat-300x169.jpg 300w\" sizes=\"auto, (max-width: 364px) 100vw, 364px\" \/><\/a>Frederic al III-lea (1831 &#8211; 1888) a fost \u00eemp\u0103rat german \u0219i rege al Prusiei timp de 99 de zile \u00eentre martie \u0219i iunie 1888, \u00een timpul &#8222;anului celor trei \u00eemp\u0103ra\u021bi&#8221;. Cunoscut informal sub numele de &#8222;Fritz&#8221;, a fost singurul fiu al \u00eemp\u0103ratului Wilhelm I. Dup\u0103 unificarea Germaniei \u00een 1871, tat\u0103l s\u0103u, pe atunci rege al Prusiei, a devenit \u00eemp\u0103rat german. La moartea lui Wilhelm, la v\u00e2rsta de 90 de ani, pe 9 martie 1888, tronurile au trecut lui Frederick, care fusese prin\u021b mo\u0219tenitor german timp de 17 ani \u0219i prin\u021b mo\u0219tenitor al Prusiei timp de 27 de ani.<\/p>\n<p>Frederic al III-lea, pe c\u00e2nd era \u00eenc\u0103 prin\u0163 mo\u015ftenitor, c\u0103l\u0103rea \u00eentr-o zi, \u00eenconjurat de \u00eentreg statul s\u0103u major, pe un drum de \u0163ar\u0103. Deodat\u0103 o ghicitoare \u0163iganc\u0103 se strecur\u0103 printre ofi\u0163eri p\u00e2n\u0103 l\u00e2ng\u0103 prin\u0163 \u015fi \u00eel rug\u0103 (f\u0103r\u0103 s\u0103 \u015ftie cine este) s\u0103 o lase s\u0103 ghiceasc\u0103 \u00een palm\u0103. Frederic \u00eei \u00eeng\u0103dui \u015fi \u00eentinse \u0163ig\u0103ncii m\u00e2na. Ghicitoarea spuse c\u00e2te \u00een lun\u0103 \u015fi \u00een stele, iar la sf\u00e2r\u015fit, spre hazul celor de fa\u0163\u0103 ad\u0103ug\u0103: <em>&#8222;Vei muri de foame!&#8221;<\/em> Mo\u015ftenitorul german r\u00e2se tare, arunc\u0103 o moned\u0103 de aur femeii \u015fi-i zise: <em>&#8222;\u015etii tu cine sunt eu? Prin\u0163ul mo\u015ftenitor al Germaniei!&#8221;<\/em> Ghicitoare nu se intimid\u0103 \u00eens\u0103 deloc. Scurt, mai vorbi \u00eenc\u0103 odat\u0103: <em>&#8222;Chiar dac\u0103 e a\u015fa cum spui, tot de foame vei muri&#8221;<\/em>. R\u00e2z\u00e2nd \u015fi vorbind, \u00eenal\u0163ii militari plecar\u0103 mai departe, iar acest episod fu destul de repede uitat.<\/p>\n<p>Nu peste mult\u0103 vreme, c\u00e2nd ajunsese \u00eemp\u0103rat \u00een 1888, Frederic se \u00eemboln\u0103vi de cancer \u00een g\u00e2t \u0219i dup\u0103 o domnie de abia o sut\u0103 de zile, pe care le petrecu mai mult \u00een pat, \u00eemp\u0103ratul \u00eenchise ochii pentru totdeauna, ultimele zile nemaiput\u00e2nd m\u00e2nca absolut nimic. Profe\u0163ia femeii-ghicitoare se \u00eendeplinise \u00een mod tragic&#8230;<\/p>\n","protected":false},"excerpt":{"rendered":"<p>Frederic al III-lea (1831 &#8211; 1888) a fost \u00eemp\u0103rat german \u0219i rege al Prusiei timp de 99 de zile \u00eentre martie \u0219i iunie 1888, \u00een timpul &#8222;anului celor trei \u00eemp\u0103ra\u021bi&#8221;. Cunoscut informal sub numele de &#8222;Fritz&#8221;, a fost singurul fiu &#8230; <\/p>\n<p class=\"read-more-container\"><a title=\"&#8222;Vei muri de foame!&#8221; &#8211; i-a ghicit o femeie \u00een palm\u0103 prin\u0163ului \u015fi \u00eemp\u0103ratului german Frederic al III-lea. Peste mai mul\u0163i ani, chiar asta s-a \u015fi \u00eent\u00e2mplat&#8230;\" class=\"read-more button\" href=\"https:\/\/www.lovendal.ro\/wp52\/vei-muri-de-foame-i-a-ghicit-o-femeie-in-palma-printului-si-imparatului-german-frederic-al-iii-lea-peste-mai-multi-ani-chiar-asta-s-a-si-intamplat\/#more-89146\" aria-label=\"Cite\u0219te mai multe despre &#8222;Vei muri de foame!&#8221; &#8211; i-a ghicit o femeie \u00een palm\u0103 prin\u0163ului \u015fi \u00eemp\u0103ratului german Frederic al III-lea. Peste mai mul\u0163i ani, chiar asta s-a \u015fi \u00eent\u00e2mplat&#8230;\">Cititi mai multe<\/a><\/p>\n","protected":false},"author":1,"featured_media":89147,"comment_status":"open","ping_status":"open","sticky":false,"template":"","format":"standard","meta":{"footnotes":""},"categories":[14],"tags":[10518,18678,203,1646,295,9796,798,331],"class_list":["post-89146","post","type-post","status-publish","format-standard","has-post-thumbnail","hentry","category-paranormal-spiritualitate","tag-foame","tag-frederic-al-iii-lea","tag-germania","tag-ghicitoare","tag-imparat","tag-paranormal-spiritualitate","tag-print","tag-prusia","resize-featured-image"],"yoast_head":"<!-- This site is optimized with the Yoast SEO Premium plugin v23.3 (Yoast SEO v27.4) - https:\/\/yoast.com\/product\/yoast-seo-premium-wordpress\/ -->\n<title>&quot;Vei muri de foame!&quot; - i-a ghicit o femeie \u00een palm\u0103 prin\u0163ului \u015fi \u00eemp\u0103ratului german Frederic al III-lea. Peste mai mul\u0163i ani, chiar asta s-a \u015fi \u00eent\u00e2mplat... - Secretele lui Lovendal<\/title>\n<meta name=\"robots\" content=\"index, follow, max-snippet:-1, max-image-preview:large, max-video-preview:-1\" \/>\n<link rel=\"canonical\" href=\"https:\/\/www.lovendal.ro\/wp52\/vei-muri-de-foame-i-a-ghicit-o-femeie-in-palma-printului-si-imparatului-german-frederic-al-iii-lea-peste-mai-multi-ani-chiar-asta-s-a-si-intamplat\/\" \/>\n<meta property=\"og:locale\" content=\"ro_RO\" \/>\n<meta property=\"og:type\" content=\"article\" \/>\n<meta property=\"og:title\" content=\"&quot;Vei muri de foame!&quot; - i-a ghicit o femeie \u00een palm\u0103 prin\u0163ului \u015fi \u00eemp\u0103ratului german Frederic al III-lea. Peste mai mul\u0163i ani, chiar asta s-a \u015fi \u00eent\u00e2mplat...\" \/>\n<meta property=\"og:description\" content=\"Frederic al III-lea (1831 &#8211; 1888) a fost \u00eemp\u0103rat german \u0219i rege al Prusiei timp de 99 de zile \u00eentre martie \u0219i iunie 1888, \u00een timpul &#8222;anului celor trei \u00eemp\u0103ra\u021bi&#8221;. Cunoscut informal sub numele de &#8222;Fritz&#8221;, a fost singurul fiu ... Cititi mai multe\" \/>\n<meta property=\"og:url\" content=\"https:\/\/www.lovendal.ro\/wp52\/vei-muri-de-foame-i-a-ghicit-o-femeie-in-palma-printului-si-imparatului-german-frederic-al-iii-lea-peste-mai-multi-ani-chiar-asta-s-a-si-intamplat\/\" \/>\n<meta property=\"og:site_name\" content=\"Secretele lui Lovendal\" \/>\n<meta property=\"article:publisher\" content=\"https:\/\/www.facebook.com\/secreteleluilovendal\" \/>\n<meta property=\"article:published_time\" content=\"2024-01-18T18:12:35+00:00\" \/>\n<meta property=\"og:image\" content=\"https:\/\/www.lovendal.ro\/wp52\/wp-content\/uploads\/2024\/01\/ghicitoare-imparat.jpg\" \/>\n\t<meta property=\"og:image:width\" content=\"364\" \/>\n\t<meta property=\"og:image:height\" content=\"205\" \/>\n\t<meta property=\"og:image:type\" content=\"image\/jpeg\" \/>\n<meta name=\"author\" content=\"admin\" \/>\n<meta name=\"twitter:card\" content=\"summary_large_image\" \/>\n<meta name=\"twitter:label1\" content=\"Scris de\" \/>\n\t<meta name=\"twitter:data1\" content=\"admin\" \/>\n\t<meta name=\"twitter:label2\" content=\"Timp estimat pentru citire\" \/>\n\t<meta name=\"twitter:data2\" content=\"2 minute\" \/>\n<script type=\"application\/ld+json\" class=\"yoast-schema-graph\">{\"@context\":\"https:\\\/\\\/schema.org\",\"@graph\":[{\"@type\":\"Article\",\"@id\":\"https:\\\/\\\/www.lovendal.ro\\\/wp52\\\/vei-muri-de-foame-i-a-ghicit-o-femeie-in-palma-printului-si-imparatului-german-frederic-al-iii-lea-peste-mai-multi-ani-chiar-asta-s-a-si-intamplat\\\/#article\",\"isPartOf\":{\"@id\":\"https:\\\/\\\/www.lovendal.ro\\\/wp52\\\/vei-muri-de-foame-i-a-ghicit-o-femeie-in-palma-printului-si-imparatului-german-frederic-al-iii-lea-peste-mai-multi-ani-chiar-asta-s-a-si-intamplat\\\/\"},\"author\":{\"name\":\"admin\",\"@id\":\"https:\\\/\\\/www.lovendal.ro\\\/wp52\\\/#\\\/schema\\\/person\\\/088691de5dfc346bb0c023e1e52ef5d9\"},\"headline\":\"&#8222;Vei muri de foame!&#8221; &#8211; i-a ghicit o femeie \u00een palm\u0103 prin\u0163ului \u015fi \u00eemp\u0103ratului german Frederic al III-lea. Peste mai mul\u0163i ani, chiar asta s-a \u015fi \u00eent\u00e2mplat&#8230;\",\"datePublished\":\"2024-01-18T18:12:35+00:00\",\"mainEntityOfPage\":{\"@id\":\"https:\\\/\\\/www.lovendal.ro\\\/wp52\\\/vei-muri-de-foame-i-a-ghicit-o-femeie-in-palma-printului-si-imparatului-german-frederic-al-iii-lea-peste-mai-multi-ani-chiar-asta-s-a-si-intamplat\\\/\"},\"wordCount\":348,\"commentCount\":0,\"publisher\":{\"@id\":\"https:\\\/\\\/www.lovendal.ro\\\/wp52\\\/#organization\"},\"image\":{\"@id\":\"https:\\\/\\\/www.lovendal.ro\\\/wp52\\\/vei-muri-de-foame-i-a-ghicit-o-femeie-in-palma-printului-si-imparatului-german-frederic-al-iii-lea-peste-mai-multi-ani-chiar-asta-s-a-si-intamplat\\\/#primaryimage\"},\"thumbnailUrl\":\"https:\\\/\\\/www.lovendal.ro\\\/wp52\\\/wp-content\\\/uploads\\\/2024\\\/01\\\/ghicitoare-imparat.jpg\",\"keywords\":[\"foame\",\"Frederic al III-lea\",\"Germania\",\"ghicitoare\",\"\u00eemp\u0103rat\",\"Paranormal-Spiritualitate\",\"prin\u0163\",\"Prusia\"],\"articleSection\":[\"Paranormal-Spiritualitate\"],\"inLanguage\":\"ro-RO\",\"potentialAction\":[{\"@type\":\"CommentAction\",\"name\":\"Comment\",\"target\":[\"https:\\\/\\\/www.lovendal.ro\\\/wp52\\\/vei-muri-de-foame-i-a-ghicit-o-femeie-in-palma-printului-si-imparatului-german-frederic-al-iii-lea-peste-mai-multi-ani-chiar-asta-s-a-si-intamplat\\\/#respond\"]}]},{\"@type\":\"WebPage\",\"@id\":\"https:\\\/\\\/www.lovendal.ro\\\/wp52\\\/vei-muri-de-foame-i-a-ghicit-o-femeie-in-palma-printului-si-imparatului-german-frederic-al-iii-lea-peste-mai-multi-ani-chiar-asta-s-a-si-intamplat\\\/\",\"url\":\"https:\\\/\\\/www.lovendal.ro\\\/wp52\\\/vei-muri-de-foame-i-a-ghicit-o-femeie-in-palma-printului-si-imparatului-german-frederic-al-iii-lea-peste-mai-multi-ani-chiar-asta-s-a-si-intamplat\\\/\",\"name\":\"\\\"Vei muri de foame!\\\" - i-a ghicit o femeie \u00een palm\u0103 prin\u0163ului \u015fi \u00eemp\u0103ratului german Frederic al III-lea. Peste mai mul\u0163i ani, chiar asta s-a \u015fi \u00eent\u00e2mplat... - Secretele lui Lovendal\",\"isPartOf\":{\"@id\":\"https:\\\/\\\/www.lovendal.ro\\\/wp52\\\/#website\"},\"primaryImageOfPage\":{\"@id\":\"https:\\\/\\\/www.lovendal.ro\\\/wp52\\\/vei-muri-de-foame-i-a-ghicit-o-femeie-in-palma-printului-si-imparatului-german-frederic-al-iii-lea-peste-mai-multi-ani-chiar-asta-s-a-si-intamplat\\\/#primaryimage\"},\"image\":{\"@id\":\"https:\\\/\\\/www.lovendal.ro\\\/wp52\\\/vei-muri-de-foame-i-a-ghicit-o-femeie-in-palma-printului-si-imparatului-german-frederic-al-iii-lea-peste-mai-multi-ani-chiar-asta-s-a-si-intamplat\\\/#primaryimage\"},\"thumbnailUrl\":\"https:\\\/\\\/www.lovendal.ro\\\/wp52\\\/wp-content\\\/uploads\\\/2024\\\/01\\\/ghicitoare-imparat.jpg\",\"datePublished\":\"2024-01-18T18:12:35+00:00\",\"breadcrumb\":{\"@id\":\"https:\\\/\\\/www.lovendal.ro\\\/wp52\\\/vei-muri-de-foame-i-a-ghicit-o-femeie-in-palma-printului-si-imparatului-german-frederic-al-iii-lea-peste-mai-multi-ani-chiar-asta-s-a-si-intamplat\\\/#breadcrumb\"},\"inLanguage\":\"ro-RO\",\"potentialAction\":[{\"@type\":\"ReadAction\",\"target\":[\"https:\\\/\\\/www.lovendal.ro\\\/wp52\\\/vei-muri-de-foame-i-a-ghicit-o-femeie-in-palma-printului-si-imparatului-german-frederic-al-iii-lea-peste-mai-multi-ani-chiar-asta-s-a-si-intamplat\\\/\"]}]},{\"@type\":\"ImageObject\",\"inLanguage\":\"ro-RO\",\"@id\":\"https:\\\/\\\/www.lovendal.ro\\\/wp52\\\/vei-muri-de-foame-i-a-ghicit-o-femeie-in-palma-printului-si-imparatului-german-frederic-al-iii-lea-peste-mai-multi-ani-chiar-asta-s-a-si-intamplat\\\/#primaryimage\",\"url\":\"https:\\\/\\\/www.lovendal.ro\\\/wp52\\\/wp-content\\\/uploads\\\/2024\\\/01\\\/ghicitoare-imparat.jpg\",\"contentUrl\":\"https:\\\/\\\/www.lovendal.ro\\\/wp52\\\/wp-content\\\/uploads\\\/2024\\\/01\\\/ghicitoare-imparat.jpg\",\"width\":364,\"height\":205},{\"@type\":\"BreadcrumbList\",\"@id\":\"https:\\\/\\\/www.lovendal.ro\\\/wp52\\\/vei-muri-de-foame-i-a-ghicit-o-femeie-in-palma-printului-si-imparatului-german-frederic-al-iii-lea-peste-mai-multi-ani-chiar-asta-s-a-si-intamplat\\\/#breadcrumb\",\"itemListElement\":[{\"@type\":\"ListItem\",\"position\":1,\"name\":\"Home\",\"item\":\"https:\\\/\\\/www.lovendal.ro\\\/wp52\\\/\"},{\"@type\":\"ListItem\",\"position\":2,\"name\":\"&#8222;Vei muri de foame!&#8221; &#8211; i-a ghicit o femeie \u00een palm\u0103 prin\u0163ului \u015fi \u00eemp\u0103ratului german Frederic al III-lea. Peste mai mul\u0163i ani, chiar asta s-a \u015fi \u00eent\u00e2mplat&#8230;\"}]},{\"@type\":\"WebSite\",\"@id\":\"https:\\\/\\\/www.lovendal.ro\\\/wp52\\\/#website\",\"url\":\"https:\\\/\\\/www.lovendal.ro\\\/wp52\\\/\",\"name\":\"Secretele lui Lovendal\",\"description\":\"Site de secrete, stiinta si metafizica - din 2008 -\",\"publisher\":{\"@id\":\"https:\\\/\\\/www.lovendal.ro\\\/wp52\\\/#organization\"},\"potentialAction\":[{\"@type\":\"SearchAction\",\"target\":{\"@type\":\"EntryPoint\",\"urlTemplate\":\"https:\\\/\\\/www.lovendal.ro\\\/wp52\\\/?s={search_term_string}\"},\"query-input\":{\"@type\":\"PropertyValueSpecification\",\"valueRequired\":true,\"valueName\":\"search_term_string\"}}],\"inLanguage\":\"ro-RO\"},{\"@type\":\"Organization\",\"@id\":\"https:\\\/\\\/www.lovendal.ro\\\/wp52\\\/#organization\",\"name\":\"Secretele lui Lovendal\",\"url\":\"https:\\\/\\\/www.lovendal.ro\\\/wp52\\\/\",\"logo\":{\"@type\":\"ImageObject\",\"inLanguage\":\"ro-RO\",\"@id\":\"https:\\\/\\\/www.lovendal.ro\\\/wp52\\\/#\\\/schema\\\/logo\\\/image\\\/\",\"url\":\"https:\\\/\\\/www.lovendal.ro\\\/wp52\\\/wp-content\\\/uploads\\\/2024\\\/06\\\/cropped-SLL-iun-2024-1.jpg\",\"contentUrl\":\"https:\\\/\\\/www.lovendal.ro\\\/wp52\\\/wp-content\\\/uploads\\\/2024\\\/06\\\/cropped-SLL-iun-2024-1.jpg\",\"width\":771,\"height\":240,\"caption\":\"Secretele lui Lovendal\"},\"image\":{\"@id\":\"https:\\\/\\\/www.lovendal.ro\\\/wp52\\\/#\\\/schema\\\/logo\\\/image\\\/\"},\"sameAs\":[\"https:\\\/\\\/www.facebook.com\\\/secreteleluilovendal\"]},{\"@type\":\"Person\",\"@id\":\"https:\\\/\\\/www.lovendal.ro\\\/wp52\\\/#\\\/schema\\\/person\\\/088691de5dfc346bb0c023e1e52ef5d9\",\"name\":\"admin\",\"image\":{\"@type\":\"ImageObject\",\"inLanguage\":\"ro-RO\",\"@id\":\"https:\\\/\\\/secure.gravatar.com\\\/avatar\\\/ecb9cd41f5f63c9c9b989999a59f6e2639a865ec361e9db054db0679a8f341c2?s=96&d=mm&r=g\",\"url\":\"https:\\\/\\\/secure.gravatar.com\\\/avatar\\\/ecb9cd41f5f63c9c9b989999a59f6e2639a865ec361e9db054db0679a8f341c2?s=96&d=mm&r=g\",\"contentUrl\":\"https:\\\/\\\/secure.gravatar.com\\\/avatar\\\/ecb9cd41f5f63c9c9b989999a59f6e2639a865ec361e9db054db0679a8f341c2?s=96&d=mm&r=g\",\"caption\":\"admin\"},\"sameAs\":[\"https:\\\/\\\/www.lovendal.ro\\\/wp52\"]}]}<\/script>\n<!-- \/ Yoast SEO Premium plugin. -->","yoast_head_json":{"title":"\"Vei muri de foame!\" - i-a ghicit o femeie \u00een palm\u0103 prin\u0163ului \u015fi \u00eemp\u0103ratului german Frederic al III-lea. Peste mai mul\u0163i ani, chiar asta s-a \u015fi \u00eent\u00e2mplat... - Secretele lui Lovendal","robots":{"index":"index","follow":"follow","max-snippet":"max-snippet:-1","max-image-preview":"max-image-preview:large","max-video-preview":"max-video-preview:-1"},"canonical":"https:\/\/www.lovendal.ro\/wp52\/vei-muri-de-foame-i-a-ghicit-o-femeie-in-palma-printului-si-imparatului-german-frederic-al-iii-lea-peste-mai-multi-ani-chiar-asta-s-a-si-intamplat\/","og_locale":"ro_RO","og_type":"article","og_title":"\"Vei muri de foame!\" - i-a ghicit o femeie \u00een palm\u0103 prin\u0163ului \u015fi \u00eemp\u0103ratului german Frederic al III-lea. Peste mai mul\u0163i ani, chiar asta s-a \u015fi \u00eent\u00e2mplat...","og_description":"Frederic al III-lea (1831 &#8211; 1888) a fost \u00eemp\u0103rat german \u0219i rege al Prusiei timp de 99 de zile \u00eentre martie \u0219i iunie 1888, \u00een timpul &#8222;anului celor trei \u00eemp\u0103ra\u021bi&#8221;. Cunoscut informal sub numele de &#8222;Fritz&#8221;, a fost singurul fiu ... Cititi mai multe","og_url":"https:\/\/www.lovendal.ro\/wp52\/vei-muri-de-foame-i-a-ghicit-o-femeie-in-palma-printului-si-imparatului-german-frederic-al-iii-lea-peste-mai-multi-ani-chiar-asta-s-a-si-intamplat\/","og_site_name":"Secretele lui Lovendal","article_publisher":"https:\/\/www.facebook.com\/secreteleluilovendal","article_published_time":"2024-01-18T18:12:35+00:00","og_image":[{"width":364,"height":205,"url":"https:\/\/www.lovendal.ro\/wp52\/wp-content\/uploads\/2024\/01\/ghicitoare-imparat.jpg","type":"image\/jpeg"}],"author":"admin","twitter_card":"summary_large_image","twitter_misc":{"Scris de":"admin","Timp estimat pentru citire":"2 minute"},"schema":{"@context":"https:\/\/schema.org","@graph":[{"@type":"Article","@id":"https:\/\/www.lovendal.ro\/wp52\/vei-muri-de-foame-i-a-ghicit-o-femeie-in-palma-printului-si-imparatului-german-frederic-al-iii-lea-peste-mai-multi-ani-chiar-asta-s-a-si-intamplat\/#article","isPartOf":{"@id":"https:\/\/www.lovendal.ro\/wp52\/vei-muri-de-foame-i-a-ghicit-o-femeie-in-palma-printului-si-imparatului-german-frederic-al-iii-lea-peste-mai-multi-ani-chiar-asta-s-a-si-intamplat\/"},"author":{"name":"admin","@id":"https:\/\/www.lovendal.ro\/wp52\/#\/schema\/person\/088691de5dfc346bb0c023e1e52ef5d9"},"headline":"&#8222;Vei muri de foame!&#8221; &#8211; i-a ghicit o femeie \u00een palm\u0103 prin\u0163ului \u015fi \u00eemp\u0103ratului german Frederic al III-lea. Peste mai mul\u0163i ani, chiar asta s-a \u015fi \u00eent\u00e2mplat&#8230;","datePublished":"2024-01-18T18:12:35+00:00","mainEntityOfPage":{"@id":"https:\/\/www.lovendal.ro\/wp52\/vei-muri-de-foame-i-a-ghicit-o-femeie-in-palma-printului-si-imparatului-german-frederic-al-iii-lea-peste-mai-multi-ani-chiar-asta-s-a-si-intamplat\/"},"wordCount":348,"commentCount":0,"publisher":{"@id":"https:\/\/www.lovendal.ro\/wp52\/#organization"},"image":{"@id":"https:\/\/www.lovendal.ro\/wp52\/vei-muri-de-foame-i-a-ghicit-o-femeie-in-palma-printului-si-imparatului-german-frederic-al-iii-lea-peste-mai-multi-ani-chiar-asta-s-a-si-intamplat\/#primaryimage"},"thumbnailUrl":"https:\/\/www.lovendal.ro\/wp52\/wp-content\/uploads\/2024\/01\/ghicitoare-imparat.jpg","keywords":["foame","Frederic al III-lea","Germania","ghicitoare","\u00eemp\u0103rat","Paranormal-Spiritualitate","prin\u0163","Prusia"],"articleSection":["Paranormal-Spiritualitate"],"inLanguage":"ro-RO","potentialAction":[{"@type":"CommentAction","name":"Comment","target":["https:\/\/www.lovendal.ro\/wp52\/vei-muri-de-foame-i-a-ghicit-o-femeie-in-palma-printului-si-imparatului-german-frederic-al-iii-lea-peste-mai-multi-ani-chiar-asta-s-a-si-intamplat\/#respond"]}]},{"@type":"WebPage","@id":"https:\/\/www.lovendal.ro\/wp52\/vei-muri-de-foame-i-a-ghicit-o-femeie-in-palma-printului-si-imparatului-german-frederic-al-iii-lea-peste-mai-multi-ani-chiar-asta-s-a-si-intamplat\/","url":"https:\/\/www.lovendal.ro\/wp52\/vei-muri-de-foame-i-a-ghicit-o-femeie-in-palma-printului-si-imparatului-german-frederic-al-iii-lea-peste-mai-multi-ani-chiar-asta-s-a-si-intamplat\/","name":"\"Vei muri de foame!\" - i-a ghicit o femeie \u00een palm\u0103 prin\u0163ului \u015fi \u00eemp\u0103ratului german Frederic al III-lea. Peste mai mul\u0163i ani, chiar asta s-a \u015fi \u00eent\u00e2mplat... - Secretele lui Lovendal","isPartOf":{"@id":"https:\/\/www.lovendal.ro\/wp52\/#website"},"primaryImageOfPage":{"@id":"https:\/\/www.lovendal.ro\/wp52\/vei-muri-de-foame-i-a-ghicit-o-femeie-in-palma-printului-si-imparatului-german-frederic-al-iii-lea-peste-mai-multi-ani-chiar-asta-s-a-si-intamplat\/#primaryimage"},"image":{"@id":"https:\/\/www.lovendal.ro\/wp52\/vei-muri-de-foame-i-a-ghicit-o-femeie-in-palma-printului-si-imparatului-german-frederic-al-iii-lea-peste-mai-multi-ani-chiar-asta-s-a-si-intamplat\/#primaryimage"},"thumbnailUrl":"https:\/\/www.lovendal.ro\/wp52\/wp-content\/uploads\/2024\/01\/ghicitoare-imparat.jpg","datePublished":"2024-01-18T18:12:35+00:00","breadcrumb":{"@id":"https:\/\/www.lovendal.ro\/wp52\/vei-muri-de-foame-i-a-ghicit-o-femeie-in-palma-printului-si-imparatului-german-frederic-al-iii-lea-peste-mai-multi-ani-chiar-asta-s-a-si-intamplat\/#breadcrumb"},"inLanguage":"ro-RO","potentialAction":[{"@type":"ReadAction","target":["https:\/\/www.lovendal.ro\/wp52\/vei-muri-de-foame-i-a-ghicit-o-femeie-in-palma-printului-si-imparatului-german-frederic-al-iii-lea-peste-mai-multi-ani-chiar-asta-s-a-si-intamplat\/"]}]},{"@type":"ImageObject","inLanguage":"ro-RO","@id":"https:\/\/www.lovendal.ro\/wp52\/vei-muri-de-foame-i-a-ghicit-o-femeie-in-palma-printului-si-imparatului-german-frederic-al-iii-lea-peste-mai-multi-ani-chiar-asta-s-a-si-intamplat\/#primaryimage","url":"https:\/\/www.lovendal.ro\/wp52\/wp-content\/uploads\/2024\/01\/ghicitoare-imparat.jpg","contentUrl":"https:\/\/www.lovendal.ro\/wp52\/wp-content\/uploads\/2024\/01\/ghicitoare-imparat.jpg","width":364,"height":205},{"@type":"BreadcrumbList","@id":"https:\/\/www.lovendal.ro\/wp52\/vei-muri-de-foame-i-a-ghicit-o-femeie-in-palma-printului-si-imparatului-german-frederic-al-iii-lea-peste-mai-multi-ani-chiar-asta-s-a-si-intamplat\/#breadcrumb","itemListElement":[{"@type":"ListItem","position":1,"name":"Home","item":"https:\/\/www.lovendal.ro\/wp52\/"},{"@type":"ListItem","position":2,"name":"&#8222;Vei muri de foame!&#8221; &#8211; i-a ghicit o femeie \u00een palm\u0103 prin\u0163ului \u015fi \u00eemp\u0103ratului german Frederic al III-lea. Peste mai mul\u0163i ani, chiar asta s-a \u015fi \u00eent\u00e2mplat&#8230;"}]},{"@type":"WebSite","@id":"https:\/\/www.lovendal.ro\/wp52\/#website","url":"https:\/\/www.lovendal.ro\/wp52\/","name":"Secretele lui Lovendal","description":"Site de secrete, stiinta si metafizica - din 2008 -","publisher":{"@id":"https:\/\/www.lovendal.ro\/wp52\/#organization"},"potentialAction":[{"@type":"SearchAction","target":{"@type":"EntryPoint","urlTemplate":"https:\/\/www.lovendal.ro\/wp52\/?s={search_term_string}"},"query-input":{"@type":"PropertyValueSpecification","valueRequired":true,"valueName":"search_term_string"}}],"inLanguage":"ro-RO"},{"@type":"Organization","@id":"https:\/\/www.lovendal.ro\/wp52\/#organization","name":"Secretele lui Lovendal","url":"https:\/\/www.lovendal.ro\/wp52\/","logo":{"@type":"ImageObject","inLanguage":"ro-RO","@id":"https:\/\/www.lovendal.ro\/wp52\/#\/schema\/logo\/image\/","url":"https:\/\/www.lovendal.ro\/wp52\/wp-content\/uploads\/2024\/06\/cropped-SLL-iun-2024-1.jpg","contentUrl":"https:\/\/www.lovendal.ro\/wp52\/wp-content\/uploads\/2024\/06\/cropped-SLL-iun-2024-1.jpg","width":771,"height":240,"caption":"Secretele lui Lovendal"},"image":{"@id":"https:\/\/www.lovendal.ro\/wp52\/#\/schema\/logo\/image\/"},"sameAs":["https:\/\/www.facebook.com\/secreteleluilovendal"]},{"@type":"Person","@id":"https:\/\/www.lovendal.ro\/wp52\/#\/schema\/person\/088691de5dfc346bb0c023e1e52ef5d9","name":"admin","image":{"@type":"ImageObject","inLanguage":"ro-RO","@id":"https:\/\/secure.gravatar.com\/avatar\/ecb9cd41f5f63c9c9b989999a59f6e2639a865ec361e9db054db0679a8f341c2?s=96&d=mm&r=g","url":"https:\/\/secure.gravatar.com\/avatar\/ecb9cd41f5f63c9c9b989999a59f6e2639a865ec361e9db054db0679a8f341c2?s=96&d=mm&r=g","contentUrl":"https:\/\/secure.gravatar.com\/avatar\/ecb9cd41f5f63c9c9b989999a59f6e2639a865ec361e9db054db0679a8f341c2?s=96&d=mm&r=g","caption":"admin"},"sameAs":["https:\/\/www.lovendal.ro\/wp52"]}]}},"_links":{"self":[{"href":"https:\/\/www.lovendal.ro\/wp52\/wp-json\/wp\/v2\/posts\/89146","targetHints":{"allow":["GET"]}}],"collection":[{"href":"https:\/\/www.lovendal.ro\/wp52\/wp-json\/wp\/v2\/posts"}],"about":[{"href":"https:\/\/www.lovendal.ro\/wp52\/wp-json\/wp\/v2\/types\/post"}],"author":[{"embeddable":true,"href":"https:\/\/www.lovendal.ro\/wp52\/wp-json\/wp\/v2\/users\/1"}],"replies":[{"embeddable":true,"href":"https:\/\/www.lovendal.ro\/wp52\/wp-json\/wp\/v2\/comments?post=89146"}],"version-history":[{"count":1,"href":"https:\/\/www.lovendal.ro\/wp52\/wp-json\/wp\/v2\/posts\/89146\/revisions"}],"predecessor-version":[{"id":89148,"href":"https:\/\/www.lovendal.ro\/wp52\/wp-json\/wp\/v2\/posts\/89146\/revisions\/89148"}],"wp:featuredmedia":[{"embeddable":true,"href":"https:\/\/www.lovendal.ro\/wp52\/wp-json\/wp\/v2\/media\/89147"}],"wp:attachment":[{"href":"https:\/\/www.lovendal.ro\/wp52\/wp-json\/wp\/v2\/media?parent=89146"}],"wp:term":[{"taxonomy":"category","embeddable":true,"href":"https:\/\/www.lovendal.ro\/wp52\/wp-json\/wp\/v2\/categories?post=89146"},{"taxonomy":"post_tag","embeddable":true,"href":"https:\/\/www.lovendal.ro\/wp52\/wp-json\/wp\/v2\/tags?post=89146"}],"curies":[{"name":"wp","href":"https:\/\/api.w.org\/{rel}","templated":true}]}}