{"id":89143,"date":"2024-01-18T12:45:10","date_gmt":"2024-01-18T10:45:10","guid":{"rendered":"https:\/\/www.lovendal.ro\/wp52\/?p=89143"},"modified":"2024-01-18T12:45:10","modified_gmt":"2024-01-18T10:45:10","slug":"de-ce-noi-oamenii-nu-vom-putea-niciodata-percepe-structuri-si-fiinte-din-a-patra-dimensiune","status":"publish","type":"post","link":"https:\/\/www.lovendal.ro\/wp52\/de-ce-noi-oamenii-nu-vom-putea-niciodata-percepe-structuri-si-fiinte-din-a-patra-dimensiune\/","title":{"rendered":"De ce, noi oamenii, nu vom putea niciodat\u0103 percepe structuri \u015fi fiin\u0163e din a patra dimensiune?"},"content":{"rendered":"<p><a href=\"https:\/\/www.lovendal.ro\/wp52\/wp-content\/uploads\/2024\/01\/4a-dimensiune.jpg\"><img loading=\"lazy\" decoding=\"async\" class=\"alignleft size-full wp-image-89144\" src=\"https:\/\/www.lovendal.ro\/wp52\/wp-content\/uploads\/2024\/01\/4a-dimensiune.jpg\" alt=\"\" width=\"360\" height=\"202\" srcset=\"https:\/\/www.lovendal.ro\/wp52\/wp-content\/uploads\/2024\/01\/4a-dimensiune.jpg 360w, https:\/\/www.lovendal.ro\/wp52\/wp-content\/uploads\/2024\/01\/4a-dimensiune-300x168.jpg 300w\" sizes=\"auto, (max-width: 360px) 100vw, 360px\" \/><\/a>Imagina\u021bi-v\u0103 un om bidimensional desenat pe o bucat\u0103 de h\u00e2rtie. Noi, ca fiin\u021be tridimensionale, putem crea cu u\u0219urin\u021b\u0103 aceast\u0103 fiin\u021b\u0103 bidimensional\u0103, cu nimic altceva dec\u00e2t cu un creion, o bucat\u0103 de h\u00e2rtie \u0219i imagina\u021bia noastr\u0103. Aceast\u0103 fiin\u021b\u0103 este foarte simplu de perceput \u0219i creat pentru noi.<\/p>\n<p>Acum, v\u0103 \u00eentreb ceva: poate omul desenat bidimensional s\u0103 perceap\u0103 vreodat\u0103 lumea noastr\u0103 tridimensional\u0103, sau pe noi, fiin\u021bele tridimensionale? Absolut nu. O fiin\u021b\u0103 bidimensional\u0103 exist\u0103 \u00een lungime \u0219i l\u0103\u021bime, dar nu are ad\u00e2ncime sau nu are &#8222;sus \/ afar\u0103&#8221;, a\u0219a cum avem \u00een a 3-a dimensiune.<\/p>\n<p>Prin urmare, o fiin\u021b\u0103 cu dou\u0103 dimensiuni nu ar putea NICIODAT\u0102 s\u0103 perceap\u0103 sau s\u0103 creeze o structur\u0103 tridimensional\u0103. Mai mult, pentru a percepe dimensiunea a 3-a sau o structur\u0103 tridimensional\u0103, ai nevoie de un creier tridimensional. Creierul nostru ne permite s\u0103 percepem aceast\u0103 dimensiune. Deoarece omului bidimensional \u00eei lipse\u0219te un creier tridimensional, nu ar putea niciodat\u0103 s\u0103 perceap\u0103 niciun obiect din lumea noastr\u0103 tridimensional\u0103.<\/p>\n<p>Urm\u00e2nd aceast\u0103 idee, am putea noi, ca fiin\u021be tridimensionale, s\u0103 percepem vreodat\u0103 lumea cu patru dimensiuni, structuri cu patru dimensiuni sau fiin\u021be cu patru dimensiuni? Absolut nu. Nu avem componentele interne 4-dimensionale care ne-ar permite s\u0103 vedem lumea 4-dimensional\u0103, la fel cum un om 2-dimensional pur \u0219i simplu nu are facult\u0103\u021bile de a percepe lumea noastr\u0103 3-dimensional\u0103.<\/p>\n<p>Dar, \u0219tia\u021bi c\u0103 &#8222;spa\u021biul-timp&#8221; este singura structur\u0103 4-dimensional\u0103 din universul nostru despre care \u0219tim? Nu-i a\u015fa c\u0103-i pu\u021bin ciudat c\u0103 suntem capabili s\u0103 percepem aceast\u0103 structur\u0103 4-dimensional\u0103 at\u00e2t de u\u0219or \u0219i s\u0103 ne baz\u0103m matematica \u0219i fizica pe ea? Dac\u0103 omul bidimensional nu poate percepe lumea noastr\u0103 tridimensional\u0103, cum au descoperit oamenii \u00een mod magic o modalitate de a percepe o structur\u0103 tridimensional\u0103 precum spa\u021biu-timp?<\/p>\n<p>Marele Carl Sagan a f\u0103cut o treab\u0103 excelent\u0103 ajut\u00e2ndu-ne s\u0103 \u00een\u0163elegem de ce noi, oamenii, nu am putea percepe niciodat\u0103 structurile 4-dimensionale.<\/p>\n<p><iframe loading=\"lazy\" title=\"YouTube video player\" src=\"https:\/\/www.youtube.com\/embed\/UnURElCzGc0?si=7y2BYpsX0O37myHU\" width=\"560\" height=\"315\" frameborder=\"0\" allowfullscreen=\"allowfullscreen\"><\/iframe><\/p>\n","protected":false},"excerpt":{"rendered":"<p>Imagina\u021bi-v\u0103 un om bidimensional desenat pe o bucat\u0103 de h\u00e2rtie. Noi, ca fiin\u021be tridimensionale, putem crea cu u\u0219urin\u021b\u0103 aceast\u0103 fiin\u021b\u0103 bidimensional\u0103, cu nimic altceva dec\u00e2t cu un creion, o bucat\u0103 de h\u00e2rtie \u0219i imagina\u021bia noastr\u0103. Aceast\u0103 fiin\u021b\u0103 este foarte simplu &#8230; <\/p>\n<p class=\"read-more-container\"><a title=\"De ce, noi oamenii, nu vom putea niciodat\u0103 percepe structuri \u015fi fiin\u0163e din a patra dimensiune?\" class=\"read-more button\" href=\"https:\/\/www.lovendal.ro\/wp52\/de-ce-noi-oamenii-nu-vom-putea-niciodata-percepe-structuri-si-fiinte-din-a-patra-dimensiune\/#more-89143\" aria-label=\"Cite\u0219te mai multe despre De ce, noi oamenii, nu vom putea niciodat\u0103 percepe structuri \u015fi fiin\u0163e din a patra dimensiune?\">Cititi mai multe<\/a><\/p>\n","protected":false},"author":1,"featured_media":89144,"comment_status":"open","ping_status":"open","sticky":false,"template":"","format":"standard","meta":{"footnotes":""},"categories":[11042],"tags":[4546,18677,3144,230,12797,4527,11043,6219,1173,57,2501,789],"class_list":["post-89143","post","type-post","status-publish","format-standard","has-post-thumbnail","hentry","category-fizica-chimie","tag-a-patra-dimensiune","tag-bidimensional","tag-carl-sagan","tag-creier","tag-creion","tag-dimensiune","tag-fizica-chimie","tag-hartie","tag-imaginatie","tag-oameni","tag-spatiu","tag-timp","resize-featured-image"],"yoast_head":"<!-- This site is optimized with the Yoast SEO Premium plugin v23.3 (Yoast SEO v27.4) - https:\/\/yoast.com\/product\/yoast-seo-premium-wordpress\/ -->\n<title>De ce, noi oamenii, nu vom putea niciodat\u0103 percepe structuri \u015fi fiin\u0163e din a patra dimensiune? - Secretele lui Lovendal<\/title>\n<meta name=\"robots\" content=\"index, follow, max-snippet:-1, max-image-preview:large, max-video-preview:-1\" \/>\n<link rel=\"canonical\" href=\"https:\/\/www.lovendal.ro\/wp52\/de-ce-noi-oamenii-nu-vom-putea-niciodata-percepe-structuri-si-fiinte-din-a-patra-dimensiune\/\" \/>\n<meta property=\"og:locale\" content=\"ro_RO\" \/>\n<meta property=\"og:type\" content=\"article\" \/>\n<meta property=\"og:title\" content=\"De ce, noi oamenii, nu vom putea niciodat\u0103 percepe structuri \u015fi fiin\u0163e din a patra dimensiune?\" \/>\n<meta property=\"og:description\" content=\"Imagina\u021bi-v\u0103 un om bidimensional desenat pe o bucat\u0103 de h\u00e2rtie. Noi, ca fiin\u021be tridimensionale, putem crea cu u\u0219urin\u021b\u0103 aceast\u0103 fiin\u021b\u0103 bidimensional\u0103, cu nimic altceva dec\u00e2t cu un creion, o bucat\u0103 de h\u00e2rtie \u0219i imagina\u021bia noastr\u0103. Aceast\u0103 fiin\u021b\u0103 este foarte simplu ... Cititi mai multe\" \/>\n<meta property=\"og:url\" content=\"https:\/\/www.lovendal.ro\/wp52\/de-ce-noi-oamenii-nu-vom-putea-niciodata-percepe-structuri-si-fiinte-din-a-patra-dimensiune\/\" \/>\n<meta property=\"og:site_name\" content=\"Secretele lui Lovendal\" \/>\n<meta property=\"article:publisher\" content=\"https:\/\/www.facebook.com\/secreteleluilovendal\" \/>\n<meta property=\"article:published_time\" content=\"2024-01-18T10:45:10+00:00\" \/>\n<meta property=\"og:image\" content=\"https:\/\/www.lovendal.ro\/wp52\/wp-content\/uploads\/2024\/01\/4a-dimensiune.jpg\" \/>\n\t<meta property=\"og:image:width\" content=\"360\" \/>\n\t<meta property=\"og:image:height\" content=\"202\" \/>\n\t<meta property=\"og:image:type\" content=\"image\/jpeg\" \/>\n<meta name=\"author\" content=\"admin\" \/>\n<meta name=\"twitter:card\" content=\"summary_large_image\" \/>\n<meta name=\"twitter:label1\" content=\"Scris de\" \/>\n\t<meta name=\"twitter:data1\" content=\"admin\" \/>\n\t<meta name=\"twitter:label2\" content=\"Timp estimat pentru citire\" \/>\n\t<meta name=\"twitter:data2\" content=\"2 minute\" \/>\n<script type=\"application\/ld+json\" class=\"yoast-schema-graph\">{\"@context\":\"https:\\\/\\\/schema.org\",\"@graph\":[{\"@type\":\"Article\",\"@id\":\"https:\\\/\\\/www.lovendal.ro\\\/wp52\\\/de-ce-noi-oamenii-nu-vom-putea-niciodata-percepe-structuri-si-fiinte-din-a-patra-dimensiune\\\/#article\",\"isPartOf\":{\"@id\":\"https:\\\/\\\/www.lovendal.ro\\\/wp52\\\/de-ce-noi-oamenii-nu-vom-putea-niciodata-percepe-structuri-si-fiinte-din-a-patra-dimensiune\\\/\"},\"author\":{\"name\":\"admin\",\"@id\":\"https:\\\/\\\/www.lovendal.ro\\\/wp52\\\/#\\\/schema\\\/person\\\/088691de5dfc346bb0c023e1e52ef5d9\"},\"headline\":\"De ce, noi oamenii, nu vom putea niciodat\u0103 percepe structuri \u015fi fiin\u0163e din a patra dimensiune?\",\"datePublished\":\"2024-01-18T10:45:10+00:00\",\"mainEntityOfPage\":{\"@id\":\"https:\\\/\\\/www.lovendal.ro\\\/wp52\\\/de-ce-noi-oamenii-nu-vom-putea-niciodata-percepe-structuri-si-fiinte-din-a-patra-dimensiune\\\/\"},\"wordCount\":345,\"commentCount\":0,\"publisher\":{\"@id\":\"https:\\\/\\\/www.lovendal.ro\\\/wp52\\\/#organization\"},\"image\":{\"@id\":\"https:\\\/\\\/www.lovendal.ro\\\/wp52\\\/de-ce-noi-oamenii-nu-vom-putea-niciodata-percepe-structuri-si-fiinte-din-a-patra-dimensiune\\\/#primaryimage\"},\"thumbnailUrl\":\"https:\\\/\\\/www.lovendal.ro\\\/wp52\\\/wp-content\\\/uploads\\\/2024\\\/01\\\/4a-dimensiune.jpg\",\"keywords\":[\"a patra dimensiune\",\"bidimensional\",\"Carl Sagan\",\"creier\",\"creion\",\"dimensiune\",\"Fizic\u0103 - Chimie\",\"h\u00e2rtie\",\"imagina\u0163ie\",\"oameni\",\"spa\u0163iu\",\"timp\"],\"articleSection\":[\"Fizic\u0103 - Chimie\"],\"inLanguage\":\"ro-RO\",\"potentialAction\":[{\"@type\":\"CommentAction\",\"name\":\"Comment\",\"target\":[\"https:\\\/\\\/www.lovendal.ro\\\/wp52\\\/de-ce-noi-oamenii-nu-vom-putea-niciodata-percepe-structuri-si-fiinte-din-a-patra-dimensiune\\\/#respond\"]}]},{\"@type\":\"WebPage\",\"@id\":\"https:\\\/\\\/www.lovendal.ro\\\/wp52\\\/de-ce-noi-oamenii-nu-vom-putea-niciodata-percepe-structuri-si-fiinte-din-a-patra-dimensiune\\\/\",\"url\":\"https:\\\/\\\/www.lovendal.ro\\\/wp52\\\/de-ce-noi-oamenii-nu-vom-putea-niciodata-percepe-structuri-si-fiinte-din-a-patra-dimensiune\\\/\",\"name\":\"De ce, noi oamenii, nu vom putea niciodat\u0103 percepe structuri \u015fi fiin\u0163e din a patra dimensiune? - Secretele lui Lovendal\",\"isPartOf\":{\"@id\":\"https:\\\/\\\/www.lovendal.ro\\\/wp52\\\/#website\"},\"primaryImageOfPage\":{\"@id\":\"https:\\\/\\\/www.lovendal.ro\\\/wp52\\\/de-ce-noi-oamenii-nu-vom-putea-niciodata-percepe-structuri-si-fiinte-din-a-patra-dimensiune\\\/#primaryimage\"},\"image\":{\"@id\":\"https:\\\/\\\/www.lovendal.ro\\\/wp52\\\/de-ce-noi-oamenii-nu-vom-putea-niciodata-percepe-structuri-si-fiinte-din-a-patra-dimensiune\\\/#primaryimage\"},\"thumbnailUrl\":\"https:\\\/\\\/www.lovendal.ro\\\/wp52\\\/wp-content\\\/uploads\\\/2024\\\/01\\\/4a-dimensiune.jpg\",\"datePublished\":\"2024-01-18T10:45:10+00:00\",\"breadcrumb\":{\"@id\":\"https:\\\/\\\/www.lovendal.ro\\\/wp52\\\/de-ce-noi-oamenii-nu-vom-putea-niciodata-percepe-structuri-si-fiinte-din-a-patra-dimensiune\\\/#breadcrumb\"},\"inLanguage\":\"ro-RO\",\"potentialAction\":[{\"@type\":\"ReadAction\",\"target\":[\"https:\\\/\\\/www.lovendal.ro\\\/wp52\\\/de-ce-noi-oamenii-nu-vom-putea-niciodata-percepe-structuri-si-fiinte-din-a-patra-dimensiune\\\/\"]}]},{\"@type\":\"ImageObject\",\"inLanguage\":\"ro-RO\",\"@id\":\"https:\\\/\\\/www.lovendal.ro\\\/wp52\\\/de-ce-noi-oamenii-nu-vom-putea-niciodata-percepe-structuri-si-fiinte-din-a-patra-dimensiune\\\/#primaryimage\",\"url\":\"https:\\\/\\\/www.lovendal.ro\\\/wp52\\\/wp-content\\\/uploads\\\/2024\\\/01\\\/4a-dimensiune.jpg\",\"contentUrl\":\"https:\\\/\\\/www.lovendal.ro\\\/wp52\\\/wp-content\\\/uploads\\\/2024\\\/01\\\/4a-dimensiune.jpg\",\"width\":360,\"height\":202},{\"@type\":\"BreadcrumbList\",\"@id\":\"https:\\\/\\\/www.lovendal.ro\\\/wp52\\\/de-ce-noi-oamenii-nu-vom-putea-niciodata-percepe-structuri-si-fiinte-din-a-patra-dimensiune\\\/#breadcrumb\",\"itemListElement\":[{\"@type\":\"ListItem\",\"position\":1,\"name\":\"Home\",\"item\":\"https:\\\/\\\/www.lovendal.ro\\\/wp52\\\/\"},{\"@type\":\"ListItem\",\"position\":2,\"name\":\"De ce, noi oamenii, nu vom putea niciodat\u0103 percepe structuri \u015fi fiin\u0163e din a patra dimensiune?\"}]},{\"@type\":\"WebSite\",\"@id\":\"https:\\\/\\\/www.lovendal.ro\\\/wp52\\\/#website\",\"url\":\"https:\\\/\\\/www.lovendal.ro\\\/wp52\\\/\",\"name\":\"Secretele lui Lovendal\",\"description\":\"Site de secrete, stiinta si metafizica - din 2008 -\",\"publisher\":{\"@id\":\"https:\\\/\\\/www.lovendal.ro\\\/wp52\\\/#organization\"},\"potentialAction\":[{\"@type\":\"SearchAction\",\"target\":{\"@type\":\"EntryPoint\",\"urlTemplate\":\"https:\\\/\\\/www.lovendal.ro\\\/wp52\\\/?s={search_term_string}\"},\"query-input\":{\"@type\":\"PropertyValueSpecification\",\"valueRequired\":true,\"valueName\":\"search_term_string\"}}],\"inLanguage\":\"ro-RO\"},{\"@type\":\"Organization\",\"@id\":\"https:\\\/\\\/www.lovendal.ro\\\/wp52\\\/#organization\",\"name\":\"Secretele lui Lovendal\",\"url\":\"https:\\\/\\\/www.lovendal.ro\\\/wp52\\\/\",\"logo\":{\"@type\":\"ImageObject\",\"inLanguage\":\"ro-RO\",\"@id\":\"https:\\\/\\\/www.lovendal.ro\\\/wp52\\\/#\\\/schema\\\/logo\\\/image\\\/\",\"url\":\"https:\\\/\\\/www.lovendal.ro\\\/wp52\\\/wp-content\\\/uploads\\\/2024\\\/06\\\/cropped-SLL-iun-2024-1.jpg\",\"contentUrl\":\"https:\\\/\\\/www.lovendal.ro\\\/wp52\\\/wp-content\\\/uploads\\\/2024\\\/06\\\/cropped-SLL-iun-2024-1.jpg\",\"width\":771,\"height\":240,\"caption\":\"Secretele lui Lovendal\"},\"image\":{\"@id\":\"https:\\\/\\\/www.lovendal.ro\\\/wp52\\\/#\\\/schema\\\/logo\\\/image\\\/\"},\"sameAs\":[\"https:\\\/\\\/www.facebook.com\\\/secreteleluilovendal\"]},{\"@type\":\"Person\",\"@id\":\"https:\\\/\\\/www.lovendal.ro\\\/wp52\\\/#\\\/schema\\\/person\\\/088691de5dfc346bb0c023e1e52ef5d9\",\"name\":\"admin\",\"image\":{\"@type\":\"ImageObject\",\"inLanguage\":\"ro-RO\",\"@id\":\"https:\\\/\\\/secure.gravatar.com\\\/avatar\\\/ecb9cd41f5f63c9c9b989999a59f6e2639a865ec361e9db054db0679a8f341c2?s=96&d=mm&r=g\",\"url\":\"https:\\\/\\\/secure.gravatar.com\\\/avatar\\\/ecb9cd41f5f63c9c9b989999a59f6e2639a865ec361e9db054db0679a8f341c2?s=96&d=mm&r=g\",\"contentUrl\":\"https:\\\/\\\/secure.gravatar.com\\\/avatar\\\/ecb9cd41f5f63c9c9b989999a59f6e2639a865ec361e9db054db0679a8f341c2?s=96&d=mm&r=g\",\"caption\":\"admin\"},\"sameAs\":[\"https:\\\/\\\/www.lovendal.ro\\\/wp52\"]}]}<\/script>\n<!-- \/ Yoast SEO Premium plugin. -->","yoast_head_json":{"title":"De ce, noi oamenii, nu vom putea niciodat\u0103 percepe structuri \u015fi fiin\u0163e din a patra dimensiune? - Secretele lui Lovendal","robots":{"index":"index","follow":"follow","max-snippet":"max-snippet:-1","max-image-preview":"max-image-preview:large","max-video-preview":"max-video-preview:-1"},"canonical":"https:\/\/www.lovendal.ro\/wp52\/de-ce-noi-oamenii-nu-vom-putea-niciodata-percepe-structuri-si-fiinte-din-a-patra-dimensiune\/","og_locale":"ro_RO","og_type":"article","og_title":"De ce, noi oamenii, nu vom putea niciodat\u0103 percepe structuri \u015fi fiin\u0163e din a patra dimensiune?","og_description":"Imagina\u021bi-v\u0103 un om bidimensional desenat pe o bucat\u0103 de h\u00e2rtie. Noi, ca fiin\u021be tridimensionale, putem crea cu u\u0219urin\u021b\u0103 aceast\u0103 fiin\u021b\u0103 bidimensional\u0103, cu nimic altceva dec\u00e2t cu un creion, o bucat\u0103 de h\u00e2rtie \u0219i imagina\u021bia noastr\u0103. Aceast\u0103 fiin\u021b\u0103 este foarte simplu ... Cititi mai multe","og_url":"https:\/\/www.lovendal.ro\/wp52\/de-ce-noi-oamenii-nu-vom-putea-niciodata-percepe-structuri-si-fiinte-din-a-patra-dimensiune\/","og_site_name":"Secretele lui Lovendal","article_publisher":"https:\/\/www.facebook.com\/secreteleluilovendal","article_published_time":"2024-01-18T10:45:10+00:00","og_image":[{"width":360,"height":202,"url":"https:\/\/www.lovendal.ro\/wp52\/wp-content\/uploads\/2024\/01\/4a-dimensiune.jpg","type":"image\/jpeg"}],"author":"admin","twitter_card":"summary_large_image","twitter_misc":{"Scris de":"admin","Timp estimat pentru citire":"2 minute"},"schema":{"@context":"https:\/\/schema.org","@graph":[{"@type":"Article","@id":"https:\/\/www.lovendal.ro\/wp52\/de-ce-noi-oamenii-nu-vom-putea-niciodata-percepe-structuri-si-fiinte-din-a-patra-dimensiune\/#article","isPartOf":{"@id":"https:\/\/www.lovendal.ro\/wp52\/de-ce-noi-oamenii-nu-vom-putea-niciodata-percepe-structuri-si-fiinte-din-a-patra-dimensiune\/"},"author":{"name":"admin","@id":"https:\/\/www.lovendal.ro\/wp52\/#\/schema\/person\/088691de5dfc346bb0c023e1e52ef5d9"},"headline":"De ce, noi oamenii, nu vom putea niciodat\u0103 percepe structuri \u015fi fiin\u0163e din a patra dimensiune?","datePublished":"2024-01-18T10:45:10+00:00","mainEntityOfPage":{"@id":"https:\/\/www.lovendal.ro\/wp52\/de-ce-noi-oamenii-nu-vom-putea-niciodata-percepe-structuri-si-fiinte-din-a-patra-dimensiune\/"},"wordCount":345,"commentCount":0,"publisher":{"@id":"https:\/\/www.lovendal.ro\/wp52\/#organization"},"image":{"@id":"https:\/\/www.lovendal.ro\/wp52\/de-ce-noi-oamenii-nu-vom-putea-niciodata-percepe-structuri-si-fiinte-din-a-patra-dimensiune\/#primaryimage"},"thumbnailUrl":"https:\/\/www.lovendal.ro\/wp52\/wp-content\/uploads\/2024\/01\/4a-dimensiune.jpg","keywords":["a patra dimensiune","bidimensional","Carl Sagan","creier","creion","dimensiune","Fizic\u0103 - Chimie","h\u00e2rtie","imagina\u0163ie","oameni","spa\u0163iu","timp"],"articleSection":["Fizic\u0103 - Chimie"],"inLanguage":"ro-RO","potentialAction":[{"@type":"CommentAction","name":"Comment","target":["https:\/\/www.lovendal.ro\/wp52\/de-ce-noi-oamenii-nu-vom-putea-niciodata-percepe-structuri-si-fiinte-din-a-patra-dimensiune\/#respond"]}]},{"@type":"WebPage","@id":"https:\/\/www.lovendal.ro\/wp52\/de-ce-noi-oamenii-nu-vom-putea-niciodata-percepe-structuri-si-fiinte-din-a-patra-dimensiune\/","url":"https:\/\/www.lovendal.ro\/wp52\/de-ce-noi-oamenii-nu-vom-putea-niciodata-percepe-structuri-si-fiinte-din-a-patra-dimensiune\/","name":"De ce, noi oamenii, nu vom putea niciodat\u0103 percepe structuri \u015fi fiin\u0163e din a patra dimensiune? - Secretele lui Lovendal","isPartOf":{"@id":"https:\/\/www.lovendal.ro\/wp52\/#website"},"primaryImageOfPage":{"@id":"https:\/\/www.lovendal.ro\/wp52\/de-ce-noi-oamenii-nu-vom-putea-niciodata-percepe-structuri-si-fiinte-din-a-patra-dimensiune\/#primaryimage"},"image":{"@id":"https:\/\/www.lovendal.ro\/wp52\/de-ce-noi-oamenii-nu-vom-putea-niciodata-percepe-structuri-si-fiinte-din-a-patra-dimensiune\/#primaryimage"},"thumbnailUrl":"https:\/\/www.lovendal.ro\/wp52\/wp-content\/uploads\/2024\/01\/4a-dimensiune.jpg","datePublished":"2024-01-18T10:45:10+00:00","breadcrumb":{"@id":"https:\/\/www.lovendal.ro\/wp52\/de-ce-noi-oamenii-nu-vom-putea-niciodata-percepe-structuri-si-fiinte-din-a-patra-dimensiune\/#breadcrumb"},"inLanguage":"ro-RO","potentialAction":[{"@type":"ReadAction","target":["https:\/\/www.lovendal.ro\/wp52\/de-ce-noi-oamenii-nu-vom-putea-niciodata-percepe-structuri-si-fiinte-din-a-patra-dimensiune\/"]}]},{"@type":"ImageObject","inLanguage":"ro-RO","@id":"https:\/\/www.lovendal.ro\/wp52\/de-ce-noi-oamenii-nu-vom-putea-niciodata-percepe-structuri-si-fiinte-din-a-patra-dimensiune\/#primaryimage","url":"https:\/\/www.lovendal.ro\/wp52\/wp-content\/uploads\/2024\/01\/4a-dimensiune.jpg","contentUrl":"https:\/\/www.lovendal.ro\/wp52\/wp-content\/uploads\/2024\/01\/4a-dimensiune.jpg","width":360,"height":202},{"@type":"BreadcrumbList","@id":"https:\/\/www.lovendal.ro\/wp52\/de-ce-noi-oamenii-nu-vom-putea-niciodata-percepe-structuri-si-fiinte-din-a-patra-dimensiune\/#breadcrumb","itemListElement":[{"@type":"ListItem","position":1,"name":"Home","item":"https:\/\/www.lovendal.ro\/wp52\/"},{"@type":"ListItem","position":2,"name":"De ce, noi oamenii, nu vom putea niciodat\u0103 percepe structuri \u015fi fiin\u0163e din a patra dimensiune?"}]},{"@type":"WebSite","@id":"https:\/\/www.lovendal.ro\/wp52\/#website","url":"https:\/\/www.lovendal.ro\/wp52\/","name":"Secretele lui Lovendal","description":"Site de secrete, stiinta si metafizica - din 2008 -","publisher":{"@id":"https:\/\/www.lovendal.ro\/wp52\/#organization"},"potentialAction":[{"@type":"SearchAction","target":{"@type":"EntryPoint","urlTemplate":"https:\/\/www.lovendal.ro\/wp52\/?s={search_term_string}"},"query-input":{"@type":"PropertyValueSpecification","valueRequired":true,"valueName":"search_term_string"}}],"inLanguage":"ro-RO"},{"@type":"Organization","@id":"https:\/\/www.lovendal.ro\/wp52\/#organization","name":"Secretele lui Lovendal","url":"https:\/\/www.lovendal.ro\/wp52\/","logo":{"@type":"ImageObject","inLanguage":"ro-RO","@id":"https:\/\/www.lovendal.ro\/wp52\/#\/schema\/logo\/image\/","url":"https:\/\/www.lovendal.ro\/wp52\/wp-content\/uploads\/2024\/06\/cropped-SLL-iun-2024-1.jpg","contentUrl":"https:\/\/www.lovendal.ro\/wp52\/wp-content\/uploads\/2024\/06\/cropped-SLL-iun-2024-1.jpg","width":771,"height":240,"caption":"Secretele lui Lovendal"},"image":{"@id":"https:\/\/www.lovendal.ro\/wp52\/#\/schema\/logo\/image\/"},"sameAs":["https:\/\/www.facebook.com\/secreteleluilovendal"]},{"@type":"Person","@id":"https:\/\/www.lovendal.ro\/wp52\/#\/schema\/person\/088691de5dfc346bb0c023e1e52ef5d9","name":"admin","image":{"@type":"ImageObject","inLanguage":"ro-RO","@id":"https:\/\/secure.gravatar.com\/avatar\/ecb9cd41f5f63c9c9b989999a59f6e2639a865ec361e9db054db0679a8f341c2?s=96&d=mm&r=g","url":"https:\/\/secure.gravatar.com\/avatar\/ecb9cd41f5f63c9c9b989999a59f6e2639a865ec361e9db054db0679a8f341c2?s=96&d=mm&r=g","contentUrl":"https:\/\/secure.gravatar.com\/avatar\/ecb9cd41f5f63c9c9b989999a59f6e2639a865ec361e9db054db0679a8f341c2?s=96&d=mm&r=g","caption":"admin"},"sameAs":["https:\/\/www.lovendal.ro\/wp52"]}]}},"_links":{"self":[{"href":"https:\/\/www.lovendal.ro\/wp52\/wp-json\/wp\/v2\/posts\/89143","targetHints":{"allow":["GET"]}}],"collection":[{"href":"https:\/\/www.lovendal.ro\/wp52\/wp-json\/wp\/v2\/posts"}],"about":[{"href":"https:\/\/www.lovendal.ro\/wp52\/wp-json\/wp\/v2\/types\/post"}],"author":[{"embeddable":true,"href":"https:\/\/www.lovendal.ro\/wp52\/wp-json\/wp\/v2\/users\/1"}],"replies":[{"embeddable":true,"href":"https:\/\/www.lovendal.ro\/wp52\/wp-json\/wp\/v2\/comments?post=89143"}],"version-history":[{"count":1,"href":"https:\/\/www.lovendal.ro\/wp52\/wp-json\/wp\/v2\/posts\/89143\/revisions"}],"predecessor-version":[{"id":89145,"href":"https:\/\/www.lovendal.ro\/wp52\/wp-json\/wp\/v2\/posts\/89143\/revisions\/89145"}],"wp:featuredmedia":[{"embeddable":true,"href":"https:\/\/www.lovendal.ro\/wp52\/wp-json\/wp\/v2\/media\/89144"}],"wp:attachment":[{"href":"https:\/\/www.lovendal.ro\/wp52\/wp-json\/wp\/v2\/media?parent=89143"}],"wp:term":[{"taxonomy":"category","embeddable":true,"href":"https:\/\/www.lovendal.ro\/wp52\/wp-json\/wp\/v2\/categories?post=89143"},{"taxonomy":"post_tag","embeddable":true,"href":"https:\/\/www.lovendal.ro\/wp52\/wp-json\/wp\/v2\/tags?post=89143"}],"curies":[{"name":"wp","href":"https:\/\/api.w.org\/{rel}","templated":true}]}}