{"id":89015,"date":"2024-01-05T12:15:51","date_gmt":"2024-01-05T10:15:51","guid":{"rendered":"https:\/\/www.lovendal.ro\/wp52\/?p=89015"},"modified":"2024-01-05T12:15:51","modified_gmt":"2024-01-05T10:15:51","slug":"o-povestire-horror-din-1938-doi-martori-sustin-ca-au-observat-noaptea-pe-o-strada-din-canada-o-creatura-gigantica-cu-propriul-cap-taiat","status":"publish","type":"post","link":"https:\/\/www.lovendal.ro\/wp52\/o-povestire-horror-din-1938-doi-martori-sustin-ca-au-observat-noaptea-pe-o-strada-din-canada-o-creatura-gigantica-cu-propriul-cap-taiat\/","title":{"rendered":"O povestire horror din 1938: doi martori sus\u0163in c\u0103 au observat noaptea, pe o strad\u0103 din Canada, o creatur\u0103 gigantic\u0103, cu propriul cap t\u0103iat&#8230;"},"content":{"rendered":"<p><a href=\"https:\/\/www.lovendal.ro\/wp52\/wp-content\/uploads\/2024\/01\/creatura-umbra.jpg\"><img loading=\"lazy\" decoding=\"async\" class=\"alignleft size-full wp-image-89016\" src=\"https:\/\/www.lovendal.ro\/wp52\/wp-content\/uploads\/2024\/01\/creatura-umbra.jpg\" alt=\"\" width=\"367\" height=\"278\" srcset=\"https:\/\/www.lovendal.ro\/wp52\/wp-content\/uploads\/2024\/01\/creatura-umbra.jpg 367w, https:\/\/www.lovendal.ro\/wp52\/wp-content\/uploads\/2024\/01\/creatura-umbra-300x227.jpg 300w, https:\/\/www.lovendal.ro\/wp52\/wp-content\/uploads\/2024\/01\/creatura-umbra-200x150.jpg 200w\" sizes=\"auto, (max-width: 367px) 100vw, 367px\" \/><\/a>Iat\u0103 o \u00eent\u00e2mplare din anii 1930, probabil din 1938. Cel care a relatat-o pretinde c\u0103 a auzit-o de la mama sa, fiind vorba despre bunicii lui, care aveau atunci \u00een jur de 20 de ani, fiind tineri c\u0103s\u0103tori\u0163i. Numele lor erau Hollis \u0219i Sadie.<\/p>\n<p>Hollis \u0219i Sadie mergeau acas\u0103 \u00eentr-o noapte \u00een Sackville, New Brunswick, Canada. Vorbeau despre religie \u00een timp ce mergeau spre nord pe Main Street, \u00eendrept\u00e2ndu-se spre Lake Silver. Atunci ei au v\u0103zut ceea ce p\u0103rea a fi o siluet\u0103 mare \u00een umbr\u0103, care mergea \u00eencet. Se \u00eendrepta spre centrul ora\u0219ului Sackville, fiind la c\u00e2teva sute de metri distan\u021b\u0103 de ei. Cu toate acestea, cei doi mergeau direct \u00een calea lui.<\/p>\n<p>Bunicii b\u0103rbatului au r\u0103mas paraliza\u021bi de fric\u0103, ne\u0219tiind ce s\u0103 fac\u0103. \u00cen timp ce se uitau la silueta care mergea direct spre ei, au observat c\u0103 era imens\u0103. Totul era \u00eentunecat \u015fi lipsit de tr\u0103s\u0103turi. Sadie auzea pietri\u0219ul de pe drum mi\u0219c\u00e2ndu-se cu fiecare pas lent. Dar altfel nu venea niciun sunet de la creatur\u0103.<\/p>\n<p>Cei doi s-au dat mai \u00een lateral, \u015fi au ridicat privirea \u00een timp ce silueta trecea \u00eencet pe l\u00e2ng\u0103 ei. \u00cen acel moment au observat c\u00e2t de mare era. Pe atunci st\u00e2lpii de telefon nu erau la fel de \u00eenal\u021bi ca acum. Totu\u0219i, Sadie remarcat c\u0103 creatura aceea avea aceea\u0219i \u00een\u0103l\u021bime cu st\u00e2lpii de telefon. \u0218i mai ciudat, creatura p\u0103rea c\u0103 avea propriul cap&#8230; t\u0103iat!<\/p>\n<p>Monstrul (sau ce era) p\u0103rea s\u0103 nu \u021bin\u0103 seama de prezen\u021ba celor doi. Sadie l-a privit mai bine \u00een timp ce se \u00eendep\u0103rta. \u00cen acel moment, Sadie a observat c\u0103 picioarele monstrului nici m\u0103car nu atingeau drumul. Picioarele erau ridicate deasupra pietri\u0219ului, dar totu\u015fi tulburau pietri\u0219ul de dedesupt.<\/p>\n<p>La un moment, Hollis \u0219i Sadie nu s-au mi\u0219cat din acel loc timp de c\u00e2teva minute. Au privit doar cum creatura se \u00eendep\u0103rta \u00eencet&#8230;<\/p>\n<p>Nu a trecut mult timp dup\u0103 acest eveniment, c\u00e2nd Sadie a vorbit cu preotul ei la Biserica Sf. Vincent din Sackville. Conform certificatului ei de c\u0103s\u0103torie, era preotul Raymond Desrosiers, care le-a prezidat c\u0103s\u0103toria pe 23 noiembrie 1938. Deci acesta poate fi acela\u0219i preot cu care a vorbit atunci.<\/p>\n","protected":false},"excerpt":{"rendered":"<p>Iat\u0103 o \u00eent\u00e2mplare din anii 1930, probabil din 1938. Cel care a relatat-o pretinde c\u0103 a auzit-o de la mama sa, fiind vorba despre bunicii lui, care aveau atunci \u00een jur de 20 de ani, fiind tineri c\u0103s\u0103tori\u0163i. Numele lor &#8230; <\/p>\n<p class=\"read-more-container\"><a title=\"O povestire horror din 1938: doi martori sus\u0163in c\u0103 au observat noaptea, pe o strad\u0103 din Canada, o creatur\u0103 gigantic\u0103, cu propriul cap t\u0103iat&#8230;\" class=\"read-more button\" href=\"https:\/\/www.lovendal.ro\/wp52\/o-povestire-horror-din-1938-doi-martori-sustin-ca-au-observat-noaptea-pe-o-strada-din-canada-o-creatura-gigantica-cu-propriul-cap-taiat\/#more-89015\" aria-label=\"Cite\u0219te mai multe despre O povestire horror din 1938: doi martori sus\u0163in c\u0103 au observat noaptea, pe o strad\u0103 din Canada, o creatur\u0103 gigantic\u0103, cu propriul cap t\u0103iat&#8230;\">Cititi mai multe<\/a><\/p>\n","protected":false},"author":1,"featured_media":89016,"comment_status":"open","ping_status":"open","sticky":false,"template":"","format":"standard","meta":{"footnotes":""},"categories":[14],"tags":[253,272,1398,5557,17,151,9796,592,1312,4255],"class_list":["post-89015","post","type-post","status-publish","format-standard","has-post-thumbnail","hentry","category-paranormal-spiritualitate","tag-biserica","tag-canada","tag-cap","tag-creatura","tag-monstru","tag-oras","tag-paranormal-spiritualitate","tag-preot","tag-telefon","tag-umbra","resize-featured-image"],"yoast_head":"<!-- This site is optimized with the Yoast SEO Premium plugin v23.3 (Yoast SEO v27.4) - https:\/\/yoast.com\/product\/yoast-seo-premium-wordpress\/ -->\n<title>O povestire horror din 1938: doi martori sus\u0163in c\u0103 au observat noaptea, pe o strad\u0103 din Canada, o creatur\u0103 gigantic\u0103, cu propriul cap t\u0103iat... - Secretele lui Lovendal<\/title>\n<meta name=\"robots\" content=\"index, follow, max-snippet:-1, max-image-preview:large, max-video-preview:-1\" \/>\n<link rel=\"canonical\" href=\"https:\/\/www.lovendal.ro\/wp52\/o-povestire-horror-din-1938-doi-martori-sustin-ca-au-observat-noaptea-pe-o-strada-din-canada-o-creatura-gigantica-cu-propriul-cap-taiat\/\" \/>\n<meta property=\"og:locale\" content=\"ro_RO\" \/>\n<meta property=\"og:type\" content=\"article\" \/>\n<meta property=\"og:title\" content=\"O povestire horror din 1938: doi martori sus\u0163in c\u0103 au observat noaptea, pe o strad\u0103 din Canada, o creatur\u0103 gigantic\u0103, cu propriul cap t\u0103iat...\" \/>\n<meta property=\"og:description\" content=\"Iat\u0103 o \u00eent\u00e2mplare din anii 1930, probabil din 1938. Cel care a relatat-o pretinde c\u0103 a auzit-o de la mama sa, fiind vorba despre bunicii lui, care aveau atunci \u00een jur de 20 de ani, fiind tineri c\u0103s\u0103tori\u0163i. Numele lor ... Cititi mai multe\" \/>\n<meta property=\"og:url\" content=\"https:\/\/www.lovendal.ro\/wp52\/o-povestire-horror-din-1938-doi-martori-sustin-ca-au-observat-noaptea-pe-o-strada-din-canada-o-creatura-gigantica-cu-propriul-cap-taiat\/\" \/>\n<meta property=\"og:site_name\" content=\"Secretele lui Lovendal\" \/>\n<meta property=\"article:publisher\" content=\"https:\/\/www.facebook.com\/secreteleluilovendal\" \/>\n<meta property=\"article:published_time\" content=\"2024-01-05T10:15:51+00:00\" \/>\n<meta property=\"og:image\" content=\"https:\/\/www.lovendal.ro\/wp52\/wp-content\/uploads\/2024\/01\/creatura-umbra.jpg\" \/>\n\t<meta property=\"og:image:width\" content=\"367\" \/>\n\t<meta property=\"og:image:height\" content=\"278\" \/>\n\t<meta property=\"og:image:type\" content=\"image\/jpeg\" \/>\n<meta name=\"author\" content=\"admin\" \/>\n<meta name=\"twitter:card\" content=\"summary_large_image\" \/>\n<meta name=\"twitter:label1\" content=\"Scris de\" \/>\n\t<meta name=\"twitter:data1\" content=\"admin\" \/>\n\t<meta name=\"twitter:label2\" content=\"Timp estimat pentru citire\" \/>\n\t<meta name=\"twitter:data2\" content=\"2 minute\" \/>\n<script type=\"application\/ld+json\" class=\"yoast-schema-graph\">{\"@context\":\"https:\\\/\\\/schema.org\",\"@graph\":[{\"@type\":\"Article\",\"@id\":\"https:\\\/\\\/www.lovendal.ro\\\/wp52\\\/o-povestire-horror-din-1938-doi-martori-sustin-ca-au-observat-noaptea-pe-o-strada-din-canada-o-creatura-gigantica-cu-propriul-cap-taiat\\\/#article\",\"isPartOf\":{\"@id\":\"https:\\\/\\\/www.lovendal.ro\\\/wp52\\\/o-povestire-horror-din-1938-doi-martori-sustin-ca-au-observat-noaptea-pe-o-strada-din-canada-o-creatura-gigantica-cu-propriul-cap-taiat\\\/\"},\"author\":{\"name\":\"admin\",\"@id\":\"https:\\\/\\\/www.lovendal.ro\\\/wp52\\\/#\\\/schema\\\/person\\\/088691de5dfc346bb0c023e1e52ef5d9\"},\"headline\":\"O povestire horror din 1938: doi martori sus\u0163in c\u0103 au observat noaptea, pe o strad\u0103 din Canada, o creatur\u0103 gigantic\u0103, cu propriul cap t\u0103iat&#8230;\",\"datePublished\":\"2024-01-05T10:15:51+00:00\",\"mainEntityOfPage\":{\"@id\":\"https:\\\/\\\/www.lovendal.ro\\\/wp52\\\/o-povestire-horror-din-1938-doi-martori-sustin-ca-au-observat-noaptea-pe-o-strada-din-canada-o-creatura-gigantica-cu-propriul-cap-taiat\\\/\"},\"wordCount\":420,\"commentCount\":0,\"publisher\":{\"@id\":\"https:\\\/\\\/www.lovendal.ro\\\/wp52\\\/#organization\"},\"image\":{\"@id\":\"https:\\\/\\\/www.lovendal.ro\\\/wp52\\\/o-povestire-horror-din-1938-doi-martori-sustin-ca-au-observat-noaptea-pe-o-strada-din-canada-o-creatura-gigantica-cu-propriul-cap-taiat\\\/#primaryimage\"},\"thumbnailUrl\":\"https:\\\/\\\/www.lovendal.ro\\\/wp52\\\/wp-content\\\/uploads\\\/2024\\\/01\\\/creatura-umbra.jpg\",\"keywords\":[\"biseric\u0103\",\"Canada\",\"cap\",\"creatur\u0103\",\"monstru\",\"ora\u015f\",\"Paranormal-Spiritualitate\",\"preot\",\"telefon\",\"umbr\u0103\"],\"articleSection\":[\"Paranormal-Spiritualitate\"],\"inLanguage\":\"ro-RO\",\"potentialAction\":[{\"@type\":\"CommentAction\",\"name\":\"Comment\",\"target\":[\"https:\\\/\\\/www.lovendal.ro\\\/wp52\\\/o-povestire-horror-din-1938-doi-martori-sustin-ca-au-observat-noaptea-pe-o-strada-din-canada-o-creatura-gigantica-cu-propriul-cap-taiat\\\/#respond\"]}]},{\"@type\":\"WebPage\",\"@id\":\"https:\\\/\\\/www.lovendal.ro\\\/wp52\\\/o-povestire-horror-din-1938-doi-martori-sustin-ca-au-observat-noaptea-pe-o-strada-din-canada-o-creatura-gigantica-cu-propriul-cap-taiat\\\/\",\"url\":\"https:\\\/\\\/www.lovendal.ro\\\/wp52\\\/o-povestire-horror-din-1938-doi-martori-sustin-ca-au-observat-noaptea-pe-o-strada-din-canada-o-creatura-gigantica-cu-propriul-cap-taiat\\\/\",\"name\":\"O povestire horror din 1938: doi martori sus\u0163in c\u0103 au observat noaptea, pe o strad\u0103 din Canada, o creatur\u0103 gigantic\u0103, cu propriul cap t\u0103iat... - Secretele lui Lovendal\",\"isPartOf\":{\"@id\":\"https:\\\/\\\/www.lovendal.ro\\\/wp52\\\/#website\"},\"primaryImageOfPage\":{\"@id\":\"https:\\\/\\\/www.lovendal.ro\\\/wp52\\\/o-povestire-horror-din-1938-doi-martori-sustin-ca-au-observat-noaptea-pe-o-strada-din-canada-o-creatura-gigantica-cu-propriul-cap-taiat\\\/#primaryimage\"},\"image\":{\"@id\":\"https:\\\/\\\/www.lovendal.ro\\\/wp52\\\/o-povestire-horror-din-1938-doi-martori-sustin-ca-au-observat-noaptea-pe-o-strada-din-canada-o-creatura-gigantica-cu-propriul-cap-taiat\\\/#primaryimage\"},\"thumbnailUrl\":\"https:\\\/\\\/www.lovendal.ro\\\/wp52\\\/wp-content\\\/uploads\\\/2024\\\/01\\\/creatura-umbra.jpg\",\"datePublished\":\"2024-01-05T10:15:51+00:00\",\"breadcrumb\":{\"@id\":\"https:\\\/\\\/www.lovendal.ro\\\/wp52\\\/o-povestire-horror-din-1938-doi-martori-sustin-ca-au-observat-noaptea-pe-o-strada-din-canada-o-creatura-gigantica-cu-propriul-cap-taiat\\\/#breadcrumb\"},\"inLanguage\":\"ro-RO\",\"potentialAction\":[{\"@type\":\"ReadAction\",\"target\":[\"https:\\\/\\\/www.lovendal.ro\\\/wp52\\\/o-povestire-horror-din-1938-doi-martori-sustin-ca-au-observat-noaptea-pe-o-strada-din-canada-o-creatura-gigantica-cu-propriul-cap-taiat\\\/\"]}]},{\"@type\":\"ImageObject\",\"inLanguage\":\"ro-RO\",\"@id\":\"https:\\\/\\\/www.lovendal.ro\\\/wp52\\\/o-povestire-horror-din-1938-doi-martori-sustin-ca-au-observat-noaptea-pe-o-strada-din-canada-o-creatura-gigantica-cu-propriul-cap-taiat\\\/#primaryimage\",\"url\":\"https:\\\/\\\/www.lovendal.ro\\\/wp52\\\/wp-content\\\/uploads\\\/2024\\\/01\\\/creatura-umbra.jpg\",\"contentUrl\":\"https:\\\/\\\/www.lovendal.ro\\\/wp52\\\/wp-content\\\/uploads\\\/2024\\\/01\\\/creatura-umbra.jpg\",\"width\":367,\"height\":278},{\"@type\":\"BreadcrumbList\",\"@id\":\"https:\\\/\\\/www.lovendal.ro\\\/wp52\\\/o-povestire-horror-din-1938-doi-martori-sustin-ca-au-observat-noaptea-pe-o-strada-din-canada-o-creatura-gigantica-cu-propriul-cap-taiat\\\/#breadcrumb\",\"itemListElement\":[{\"@type\":\"ListItem\",\"position\":1,\"name\":\"Home\",\"item\":\"https:\\\/\\\/www.lovendal.ro\\\/wp52\\\/\"},{\"@type\":\"ListItem\",\"position\":2,\"name\":\"O povestire horror din 1938: doi martori sus\u0163in c\u0103 au observat noaptea, pe o strad\u0103 din Canada, o creatur\u0103 gigantic\u0103, cu propriul cap t\u0103iat&#8230;\"}]},{\"@type\":\"WebSite\",\"@id\":\"https:\\\/\\\/www.lovendal.ro\\\/wp52\\\/#website\",\"url\":\"https:\\\/\\\/www.lovendal.ro\\\/wp52\\\/\",\"name\":\"Secretele lui Lovendal\",\"description\":\"Site de secrete, stiinta si metafizica - din 2008 -\",\"publisher\":{\"@id\":\"https:\\\/\\\/www.lovendal.ro\\\/wp52\\\/#organization\"},\"potentialAction\":[{\"@type\":\"SearchAction\",\"target\":{\"@type\":\"EntryPoint\",\"urlTemplate\":\"https:\\\/\\\/www.lovendal.ro\\\/wp52\\\/?s={search_term_string}\"},\"query-input\":{\"@type\":\"PropertyValueSpecification\",\"valueRequired\":true,\"valueName\":\"search_term_string\"}}],\"inLanguage\":\"ro-RO\"},{\"@type\":\"Organization\",\"@id\":\"https:\\\/\\\/www.lovendal.ro\\\/wp52\\\/#organization\",\"name\":\"Secretele lui Lovendal\",\"url\":\"https:\\\/\\\/www.lovendal.ro\\\/wp52\\\/\",\"logo\":{\"@type\":\"ImageObject\",\"inLanguage\":\"ro-RO\",\"@id\":\"https:\\\/\\\/www.lovendal.ro\\\/wp52\\\/#\\\/schema\\\/logo\\\/image\\\/\",\"url\":\"https:\\\/\\\/www.lovendal.ro\\\/wp52\\\/wp-content\\\/uploads\\\/2024\\\/06\\\/cropped-SLL-iun-2024-1.jpg\",\"contentUrl\":\"https:\\\/\\\/www.lovendal.ro\\\/wp52\\\/wp-content\\\/uploads\\\/2024\\\/06\\\/cropped-SLL-iun-2024-1.jpg\",\"width\":771,\"height\":240,\"caption\":\"Secretele lui Lovendal\"},\"image\":{\"@id\":\"https:\\\/\\\/www.lovendal.ro\\\/wp52\\\/#\\\/schema\\\/logo\\\/image\\\/\"},\"sameAs\":[\"https:\\\/\\\/www.facebook.com\\\/secreteleluilovendal\"]},{\"@type\":\"Person\",\"@id\":\"https:\\\/\\\/www.lovendal.ro\\\/wp52\\\/#\\\/schema\\\/person\\\/088691de5dfc346bb0c023e1e52ef5d9\",\"name\":\"admin\",\"image\":{\"@type\":\"ImageObject\",\"inLanguage\":\"ro-RO\",\"@id\":\"https:\\\/\\\/secure.gravatar.com\\\/avatar\\\/ecb9cd41f5f63c9c9b989999a59f6e2639a865ec361e9db054db0679a8f341c2?s=96&d=mm&r=g\",\"url\":\"https:\\\/\\\/secure.gravatar.com\\\/avatar\\\/ecb9cd41f5f63c9c9b989999a59f6e2639a865ec361e9db054db0679a8f341c2?s=96&d=mm&r=g\",\"contentUrl\":\"https:\\\/\\\/secure.gravatar.com\\\/avatar\\\/ecb9cd41f5f63c9c9b989999a59f6e2639a865ec361e9db054db0679a8f341c2?s=96&d=mm&r=g\",\"caption\":\"admin\"},\"sameAs\":[\"https:\\\/\\\/www.lovendal.ro\\\/wp52\"]}]}<\/script>\n<!-- \/ Yoast SEO Premium plugin. -->","yoast_head_json":{"title":"O povestire horror din 1938: doi martori sus\u0163in c\u0103 au observat noaptea, pe o strad\u0103 din Canada, o creatur\u0103 gigantic\u0103, cu propriul cap t\u0103iat... - Secretele lui Lovendal","robots":{"index":"index","follow":"follow","max-snippet":"max-snippet:-1","max-image-preview":"max-image-preview:large","max-video-preview":"max-video-preview:-1"},"canonical":"https:\/\/www.lovendal.ro\/wp52\/o-povestire-horror-din-1938-doi-martori-sustin-ca-au-observat-noaptea-pe-o-strada-din-canada-o-creatura-gigantica-cu-propriul-cap-taiat\/","og_locale":"ro_RO","og_type":"article","og_title":"O povestire horror din 1938: doi martori sus\u0163in c\u0103 au observat noaptea, pe o strad\u0103 din Canada, o creatur\u0103 gigantic\u0103, cu propriul cap t\u0103iat...","og_description":"Iat\u0103 o \u00eent\u00e2mplare din anii 1930, probabil din 1938. Cel care a relatat-o pretinde c\u0103 a auzit-o de la mama sa, fiind vorba despre bunicii lui, care aveau atunci \u00een jur de 20 de ani, fiind tineri c\u0103s\u0103tori\u0163i. Numele lor ... Cititi mai multe","og_url":"https:\/\/www.lovendal.ro\/wp52\/o-povestire-horror-din-1938-doi-martori-sustin-ca-au-observat-noaptea-pe-o-strada-din-canada-o-creatura-gigantica-cu-propriul-cap-taiat\/","og_site_name":"Secretele lui Lovendal","article_publisher":"https:\/\/www.facebook.com\/secreteleluilovendal","article_published_time":"2024-01-05T10:15:51+00:00","og_image":[{"width":367,"height":278,"url":"https:\/\/www.lovendal.ro\/wp52\/wp-content\/uploads\/2024\/01\/creatura-umbra.jpg","type":"image\/jpeg"}],"author":"admin","twitter_card":"summary_large_image","twitter_misc":{"Scris de":"admin","Timp estimat pentru citire":"2 minute"},"schema":{"@context":"https:\/\/schema.org","@graph":[{"@type":"Article","@id":"https:\/\/www.lovendal.ro\/wp52\/o-povestire-horror-din-1938-doi-martori-sustin-ca-au-observat-noaptea-pe-o-strada-din-canada-o-creatura-gigantica-cu-propriul-cap-taiat\/#article","isPartOf":{"@id":"https:\/\/www.lovendal.ro\/wp52\/o-povestire-horror-din-1938-doi-martori-sustin-ca-au-observat-noaptea-pe-o-strada-din-canada-o-creatura-gigantica-cu-propriul-cap-taiat\/"},"author":{"name":"admin","@id":"https:\/\/www.lovendal.ro\/wp52\/#\/schema\/person\/088691de5dfc346bb0c023e1e52ef5d9"},"headline":"O povestire horror din 1938: doi martori sus\u0163in c\u0103 au observat noaptea, pe o strad\u0103 din Canada, o creatur\u0103 gigantic\u0103, cu propriul cap t\u0103iat&#8230;","datePublished":"2024-01-05T10:15:51+00:00","mainEntityOfPage":{"@id":"https:\/\/www.lovendal.ro\/wp52\/o-povestire-horror-din-1938-doi-martori-sustin-ca-au-observat-noaptea-pe-o-strada-din-canada-o-creatura-gigantica-cu-propriul-cap-taiat\/"},"wordCount":420,"commentCount":0,"publisher":{"@id":"https:\/\/www.lovendal.ro\/wp52\/#organization"},"image":{"@id":"https:\/\/www.lovendal.ro\/wp52\/o-povestire-horror-din-1938-doi-martori-sustin-ca-au-observat-noaptea-pe-o-strada-din-canada-o-creatura-gigantica-cu-propriul-cap-taiat\/#primaryimage"},"thumbnailUrl":"https:\/\/www.lovendal.ro\/wp52\/wp-content\/uploads\/2024\/01\/creatura-umbra.jpg","keywords":["biseric\u0103","Canada","cap","creatur\u0103","monstru","ora\u015f","Paranormal-Spiritualitate","preot","telefon","umbr\u0103"],"articleSection":["Paranormal-Spiritualitate"],"inLanguage":"ro-RO","potentialAction":[{"@type":"CommentAction","name":"Comment","target":["https:\/\/www.lovendal.ro\/wp52\/o-povestire-horror-din-1938-doi-martori-sustin-ca-au-observat-noaptea-pe-o-strada-din-canada-o-creatura-gigantica-cu-propriul-cap-taiat\/#respond"]}]},{"@type":"WebPage","@id":"https:\/\/www.lovendal.ro\/wp52\/o-povestire-horror-din-1938-doi-martori-sustin-ca-au-observat-noaptea-pe-o-strada-din-canada-o-creatura-gigantica-cu-propriul-cap-taiat\/","url":"https:\/\/www.lovendal.ro\/wp52\/o-povestire-horror-din-1938-doi-martori-sustin-ca-au-observat-noaptea-pe-o-strada-din-canada-o-creatura-gigantica-cu-propriul-cap-taiat\/","name":"O povestire horror din 1938: doi martori sus\u0163in c\u0103 au observat noaptea, pe o strad\u0103 din Canada, o creatur\u0103 gigantic\u0103, cu propriul cap t\u0103iat... - Secretele lui Lovendal","isPartOf":{"@id":"https:\/\/www.lovendal.ro\/wp52\/#website"},"primaryImageOfPage":{"@id":"https:\/\/www.lovendal.ro\/wp52\/o-povestire-horror-din-1938-doi-martori-sustin-ca-au-observat-noaptea-pe-o-strada-din-canada-o-creatura-gigantica-cu-propriul-cap-taiat\/#primaryimage"},"image":{"@id":"https:\/\/www.lovendal.ro\/wp52\/o-povestire-horror-din-1938-doi-martori-sustin-ca-au-observat-noaptea-pe-o-strada-din-canada-o-creatura-gigantica-cu-propriul-cap-taiat\/#primaryimage"},"thumbnailUrl":"https:\/\/www.lovendal.ro\/wp52\/wp-content\/uploads\/2024\/01\/creatura-umbra.jpg","datePublished":"2024-01-05T10:15:51+00:00","breadcrumb":{"@id":"https:\/\/www.lovendal.ro\/wp52\/o-povestire-horror-din-1938-doi-martori-sustin-ca-au-observat-noaptea-pe-o-strada-din-canada-o-creatura-gigantica-cu-propriul-cap-taiat\/#breadcrumb"},"inLanguage":"ro-RO","potentialAction":[{"@type":"ReadAction","target":["https:\/\/www.lovendal.ro\/wp52\/o-povestire-horror-din-1938-doi-martori-sustin-ca-au-observat-noaptea-pe-o-strada-din-canada-o-creatura-gigantica-cu-propriul-cap-taiat\/"]}]},{"@type":"ImageObject","inLanguage":"ro-RO","@id":"https:\/\/www.lovendal.ro\/wp52\/o-povestire-horror-din-1938-doi-martori-sustin-ca-au-observat-noaptea-pe-o-strada-din-canada-o-creatura-gigantica-cu-propriul-cap-taiat\/#primaryimage","url":"https:\/\/www.lovendal.ro\/wp52\/wp-content\/uploads\/2024\/01\/creatura-umbra.jpg","contentUrl":"https:\/\/www.lovendal.ro\/wp52\/wp-content\/uploads\/2024\/01\/creatura-umbra.jpg","width":367,"height":278},{"@type":"BreadcrumbList","@id":"https:\/\/www.lovendal.ro\/wp52\/o-povestire-horror-din-1938-doi-martori-sustin-ca-au-observat-noaptea-pe-o-strada-din-canada-o-creatura-gigantica-cu-propriul-cap-taiat\/#breadcrumb","itemListElement":[{"@type":"ListItem","position":1,"name":"Home","item":"https:\/\/www.lovendal.ro\/wp52\/"},{"@type":"ListItem","position":2,"name":"O povestire horror din 1938: doi martori sus\u0163in c\u0103 au observat noaptea, pe o strad\u0103 din Canada, o creatur\u0103 gigantic\u0103, cu propriul cap t\u0103iat&#8230;"}]},{"@type":"WebSite","@id":"https:\/\/www.lovendal.ro\/wp52\/#website","url":"https:\/\/www.lovendal.ro\/wp52\/","name":"Secretele lui Lovendal","description":"Site de secrete, stiinta si metafizica - din 2008 -","publisher":{"@id":"https:\/\/www.lovendal.ro\/wp52\/#organization"},"potentialAction":[{"@type":"SearchAction","target":{"@type":"EntryPoint","urlTemplate":"https:\/\/www.lovendal.ro\/wp52\/?s={search_term_string}"},"query-input":{"@type":"PropertyValueSpecification","valueRequired":true,"valueName":"search_term_string"}}],"inLanguage":"ro-RO"},{"@type":"Organization","@id":"https:\/\/www.lovendal.ro\/wp52\/#organization","name":"Secretele lui Lovendal","url":"https:\/\/www.lovendal.ro\/wp52\/","logo":{"@type":"ImageObject","inLanguage":"ro-RO","@id":"https:\/\/www.lovendal.ro\/wp52\/#\/schema\/logo\/image\/","url":"https:\/\/www.lovendal.ro\/wp52\/wp-content\/uploads\/2024\/06\/cropped-SLL-iun-2024-1.jpg","contentUrl":"https:\/\/www.lovendal.ro\/wp52\/wp-content\/uploads\/2024\/06\/cropped-SLL-iun-2024-1.jpg","width":771,"height":240,"caption":"Secretele lui Lovendal"},"image":{"@id":"https:\/\/www.lovendal.ro\/wp52\/#\/schema\/logo\/image\/"},"sameAs":["https:\/\/www.facebook.com\/secreteleluilovendal"]},{"@type":"Person","@id":"https:\/\/www.lovendal.ro\/wp52\/#\/schema\/person\/088691de5dfc346bb0c023e1e52ef5d9","name":"admin","image":{"@type":"ImageObject","inLanguage":"ro-RO","@id":"https:\/\/secure.gravatar.com\/avatar\/ecb9cd41f5f63c9c9b989999a59f6e2639a865ec361e9db054db0679a8f341c2?s=96&d=mm&r=g","url":"https:\/\/secure.gravatar.com\/avatar\/ecb9cd41f5f63c9c9b989999a59f6e2639a865ec361e9db054db0679a8f341c2?s=96&d=mm&r=g","contentUrl":"https:\/\/secure.gravatar.com\/avatar\/ecb9cd41f5f63c9c9b989999a59f6e2639a865ec361e9db054db0679a8f341c2?s=96&d=mm&r=g","caption":"admin"},"sameAs":["https:\/\/www.lovendal.ro\/wp52"]}]}},"_links":{"self":[{"href":"https:\/\/www.lovendal.ro\/wp52\/wp-json\/wp\/v2\/posts\/89015","targetHints":{"allow":["GET"]}}],"collection":[{"href":"https:\/\/www.lovendal.ro\/wp52\/wp-json\/wp\/v2\/posts"}],"about":[{"href":"https:\/\/www.lovendal.ro\/wp52\/wp-json\/wp\/v2\/types\/post"}],"author":[{"embeddable":true,"href":"https:\/\/www.lovendal.ro\/wp52\/wp-json\/wp\/v2\/users\/1"}],"replies":[{"embeddable":true,"href":"https:\/\/www.lovendal.ro\/wp52\/wp-json\/wp\/v2\/comments?post=89015"}],"version-history":[{"count":1,"href":"https:\/\/www.lovendal.ro\/wp52\/wp-json\/wp\/v2\/posts\/89015\/revisions"}],"predecessor-version":[{"id":89017,"href":"https:\/\/www.lovendal.ro\/wp52\/wp-json\/wp\/v2\/posts\/89015\/revisions\/89017"}],"wp:featuredmedia":[{"embeddable":true,"href":"https:\/\/www.lovendal.ro\/wp52\/wp-json\/wp\/v2\/media\/89016"}],"wp:attachment":[{"href":"https:\/\/www.lovendal.ro\/wp52\/wp-json\/wp\/v2\/media?parent=89015"}],"wp:term":[{"taxonomy":"category","embeddable":true,"href":"https:\/\/www.lovendal.ro\/wp52\/wp-json\/wp\/v2\/categories?post=89015"},{"taxonomy":"post_tag","embeddable":true,"href":"https:\/\/www.lovendal.ro\/wp52\/wp-json\/wp\/v2\/tags?post=89015"}],"curies":[{"name":"wp","href":"https:\/\/api.w.org\/{rel}","templated":true}]}}