{"id":88805,"date":"2023-12-19T13:33:22","date_gmt":"2023-12-19T11:33:22","guid":{"rendered":"https:\/\/www.lovendal.ro\/wp52\/?p=88805"},"modified":"2023-12-19T13:33:22","modified_gmt":"2023-12-19T11:33:22","slug":"premiera-mondiala-o-balena-din-alaska-a-vorbit-20-de-minute-cu-o-echipa-de-cercetatori-ne-pregatim-pentru-comunicarea-cu-extraterestri","status":"publish","type":"post","link":"https:\/\/www.lovendal.ro\/wp52\/premiera-mondiala-o-balena-din-alaska-a-vorbit-20-de-minute-cu-o-echipa-de-cercetatori-ne-pregatim-pentru-comunicarea-cu-extraterestri\/","title":{"rendered":"Premier\u0103 mondial\u0103: o balen\u0103 din Alaska &#8222;a vorbit&#8221; 20 de minute cu o echip\u0103 de cercet\u0103tori! Ne preg\u0103tim pentru comunicarea cu extratere\u015ftri?"},"content":{"rendered":"<figure id=\"attachment_88806\" aria-describedby=\"caption-attachment-88806\" style=\"width: 355px\" class=\"wp-caption alignleft\"><a href=\"https:\/\/www.lovendal.ro\/wp52\/wp-content\/uploads\/2023\/12\/balena-11.jpg\"><img loading=\"lazy\" decoding=\"async\" class=\"wp-image-88806 size-full\" src=\"https:\/\/www.lovendal.ro\/wp52\/wp-content\/uploads\/2023\/12\/balena-11.jpg\" alt=\"\" width=\"365\" height=\"244\" srcset=\"https:\/\/www.lovendal.ro\/wp52\/wp-content\/uploads\/2023\/12\/balena-11.jpg 365w, https:\/\/www.lovendal.ro\/wp52\/wp-content\/uploads\/2023\/12\/balena-11-300x201.jpg 300w\" sizes=\"auto, (max-width: 365px) 100vw, 365px\" \/><\/a><figcaption id=\"caption-attachment-88806\" class=\"wp-caption-text\"><strong>Imagine:<\/strong> <a href=\"https:\/\/pxhere.com\/en\/photo\/137567\" target=\"_blank\" rel=\"noopener\"><strong>pxhere.com<\/strong><\/a> (Commons Creative &#8211; free)<\/figcaption><\/figure>\n<p>O balen\u0103 din Alaska, \u00een v\u00e2rst\u0103 de 38 de ani, pe nume Twain, &#8222;a vorbit&#8221; timp de 20 de minute cu cercet\u0103torii de la Institutul SETI \u0219i UC Davis. Aceasta marcheaz\u0103 prima comunicare \u00eentre oameni \u0219i balene \u00een propriul lor limbaj, sus\u0163ine echipa de cercetare. Privind \u00een perspectiv\u0103, cercet\u0103torii spun c\u0103 aceast\u0103 conversa\u021bie ar putea deschide calea pentru interac\u021biuni cu extratere\u0219tri \u00een viitor.<\/p>\n<p>\u00cen cadrul studiului, cercet\u0103torii de la SETI au studiat modul \u00een care balenele comunic\u0103 \u00een speran\u021ba de a dezvolta &#8222;filtre de inteligen\u021b\u0103&#8221; ca parte a c\u0103ut\u0103rii vie\u021bii extraterestre.<\/p>\n<p>Oamenii de \u0219tiin\u021b\u0103 au difuzat un tip de apel de salut numit &#8222;whup\/throp&#8221; prin difuzoarele subacvatice. C\u00e2nd apelul a fost trimis prin ap\u0103, Twain s-a apropiat de barc\u0103 \u0219i a r\u0103spuns cu un apel propriu de salut. Cercet\u0103torii au descoperit c\u0103 Twain \u00ee\u0219i schimba frecven\u021ba propriilor apeluri ca r\u0103spuns la semnalul cercet\u0103torilor.<\/p>\n<p>Potrivit autorului principal al studiului, Dr. Brenda McCowan de la UC Davis, acest comportament arat\u0103 c\u0103 balena s-a implicat \u00eentr-un tip de conversa\u021bie interactiv\u0103 cu oamenii. Dr. McCowan a spus: <em>&#8222;Credem c\u0103 acesta este primul schimb de comunicare \u00eentre oameni \u0219i balenele cu cocoa\u0219\u0103 \u00een limbajul acestor mamifere&#8221;.<\/em><\/p>\n<p>Scopul final al cercet\u0103torilor nu este s\u0103 se vorbeasc\u0103 cu balenele, ci cu forme de via\u021b\u0103 \u0219i mai ciudate, ca de exemplu extratere\u015ftri. Cercet\u0103torii sper\u0103 s\u0103 foloseasc\u0103 balenele pentru a dezvolta strategii de comunicare non-uman\u0103.<\/p>\n<p>Balenele cu cocoa\u0219\u0103 sunt potrivite pentru cercetare, at\u00e2t datorit\u0103 inteligen\u021bei lor extrem de ridicate, c\u00e2t \u0219i a puterii lor de comunicare. Creierul lor imens are regiuni mari pentru procesarea informa\u021biilor auditive, iar mediul apos le permite s\u0103 transmit\u0103 semnale pe distan\u021be mari.<\/p>\n<p>Aceasta \u00eenseamn\u0103 c\u0103, \u00eenv\u0103\u021b\u00e2nd cum s\u0103 g\u0103seasc\u0103 informa\u021bii \u00een apelurile balenelor, oamenii de \u0219tiin\u021b\u0103 ar putea \u00eentr-o zi s\u0103 \u00een\u021beleag\u0103 comunic\u0103rile de la extratere\u0219tri.<\/p>\n<p>Teoria este c\u0103 o civiliza\u021bie extraterestr\u0103 foarte avansat\u0103 ar putea fi interesat\u0103 s\u0103 comunice cu alte planete \u0219i astfel ar transmite informa\u021bii \u00een impulsuri de \u00eenalt\u0103 energie, inclusiv pe Terra. Se spune c\u0103 ar putea exista un &#8222;far pulsatoriu&#8221; l\u00e2ng\u0103 centrul C\u0103ii Lactee care transmite informa\u021bii de la extratere\u0219tri.<\/p>\n<p><strong>Sursa<\/strong> (traducerea \u015fi adaptarea proprie): <a href=\"https:\/\/www.seti.org\/press-release\/whale-seti-groundbreaking-encounter-humpback-whales-reveals-potential-non-human-intelligence\" target=\"_blank\" rel=\"noopener\"><strong>seti.org<\/strong><\/a><\/p>\n","protected":false},"excerpt":{"rendered":"<p>O balen\u0103 din Alaska, \u00een v\u00e2rst\u0103 de 38 de ani, pe nume Twain, &#8222;a vorbit&#8221; timp de 20 de minute cu cercet\u0103torii de la Institutul SETI \u0219i UC Davis. Aceasta marcheaz\u0103 prima comunicare \u00eentre oameni \u0219i balene \u00een propriul lor &#8230; <\/p>\n<p class=\"read-more-container\"><a title=\"Premier\u0103 mondial\u0103: o balen\u0103 din Alaska &#8222;a vorbit&#8221; 20 de minute cu o echip\u0103 de cercet\u0103tori! Ne preg\u0103tim pentru comunicarea cu extratere\u015ftri?\" class=\"read-more button\" href=\"https:\/\/www.lovendal.ro\/wp52\/premiera-mondiala-o-balena-din-alaska-a-vorbit-20-de-minute-cu-o-echipa-de-cercetatori-ne-pregatim-pentru-comunicarea-cu-extraterestri\/#more-88805\" aria-label=\"Cite\u0219te mai multe despre Premier\u0103 mondial\u0103: o balen\u0103 din Alaska &#8222;a vorbit&#8221; 20 de minute cu o echip\u0103 de cercet\u0103tori! Ne preg\u0103tim pentru comunicarea cu extratere\u015ftri?\">Cititi mai multe<\/a><\/p>\n","protected":false},"author":1,"featured_media":88806,"comment_status":"open","ping_status":"open","sticky":false,"template":"","format":"standard","meta":{"footnotes":""},"categories":[54],"tags":[2491,11072,1405,4953,230,51,129,2869,9800,57,299,515,300],"class_list":["post-88805","post","type-post","status-publish","format-standard","has-post-thumbnail","hentry","category-natura-animale","tag-alaska","tag-balene","tag-calea-lactee","tag-comunicare","tag-creier","tag-extraterestri","tag-inteligenta","tag-limbaj","tag-natura-animale","tag-oameni","tag-planete","tag-seti","tag-terra","resize-featured-image"],"yoast_head":"<!-- This site is optimized with the Yoast SEO Premium plugin v23.3 (Yoast SEO v27.4) - https:\/\/yoast.com\/product\/yoast-seo-premium-wordpress\/ -->\n<title>Premier\u0103 mondial\u0103: o balen\u0103 din Alaska &quot;a vorbit&quot; 20 de minute cu o echip\u0103 de cercet\u0103tori! Ne preg\u0103tim pentru comunicarea cu extratere\u015ftri? - Secretele lui Lovendal<\/title>\n<meta name=\"robots\" content=\"index, follow, max-snippet:-1, max-image-preview:large, max-video-preview:-1\" \/>\n<link rel=\"canonical\" href=\"https:\/\/www.lovendal.ro\/wp52\/premiera-mondiala-o-balena-din-alaska-a-vorbit-20-de-minute-cu-o-echipa-de-cercetatori-ne-pregatim-pentru-comunicarea-cu-extraterestri\/\" \/>\n<meta property=\"og:locale\" content=\"ro_RO\" \/>\n<meta property=\"og:type\" content=\"article\" \/>\n<meta property=\"og:title\" content=\"Premier\u0103 mondial\u0103: o balen\u0103 din Alaska &quot;a vorbit&quot; 20 de minute cu o echip\u0103 de cercet\u0103tori! Ne preg\u0103tim pentru comunicarea cu extratere\u015ftri?\" \/>\n<meta property=\"og:description\" content=\"O balen\u0103 din Alaska, \u00een v\u00e2rst\u0103 de 38 de ani, pe nume Twain, &#8222;a vorbit&#8221; timp de 20 de minute cu cercet\u0103torii de la Institutul SETI \u0219i UC Davis. Aceasta marcheaz\u0103 prima comunicare \u00eentre oameni \u0219i balene \u00een propriul lor ... Cititi mai multe\" \/>\n<meta property=\"og:url\" content=\"https:\/\/www.lovendal.ro\/wp52\/premiera-mondiala-o-balena-din-alaska-a-vorbit-20-de-minute-cu-o-echipa-de-cercetatori-ne-pregatim-pentru-comunicarea-cu-extraterestri\/\" \/>\n<meta property=\"og:site_name\" content=\"Secretele lui Lovendal\" \/>\n<meta property=\"article:publisher\" content=\"https:\/\/www.facebook.com\/secreteleluilovendal\" \/>\n<meta property=\"article:published_time\" content=\"2023-12-19T11:33:22+00:00\" \/>\n<meta property=\"og:image\" content=\"https:\/\/www.lovendal.ro\/wp52\/wp-content\/uploads\/2023\/12\/balena-11.jpg\" \/>\n\t<meta property=\"og:image:width\" content=\"365\" \/>\n\t<meta property=\"og:image:height\" content=\"244\" \/>\n\t<meta property=\"og:image:type\" content=\"image\/jpeg\" \/>\n<meta name=\"author\" content=\"admin\" \/>\n<meta name=\"twitter:card\" content=\"summary_large_image\" \/>\n<meta name=\"twitter:label1\" content=\"Scris de\" \/>\n\t<meta name=\"twitter:data1\" content=\"admin\" \/>\n\t<meta name=\"twitter:label2\" content=\"Timp estimat pentru citire\" \/>\n\t<meta name=\"twitter:data2\" content=\"2 minute\" \/>\n<script type=\"application\/ld+json\" class=\"yoast-schema-graph\">{\"@context\":\"https:\\\/\\\/schema.org\",\"@graph\":[{\"@type\":\"Article\",\"@id\":\"https:\\\/\\\/www.lovendal.ro\\\/wp52\\\/premiera-mondiala-o-balena-din-alaska-a-vorbit-20-de-minute-cu-o-echipa-de-cercetatori-ne-pregatim-pentru-comunicarea-cu-extraterestri\\\/#article\",\"isPartOf\":{\"@id\":\"https:\\\/\\\/www.lovendal.ro\\\/wp52\\\/premiera-mondiala-o-balena-din-alaska-a-vorbit-20-de-minute-cu-o-echipa-de-cercetatori-ne-pregatim-pentru-comunicarea-cu-extraterestri\\\/\"},\"author\":{\"name\":\"admin\",\"@id\":\"https:\\\/\\\/www.lovendal.ro\\\/wp52\\\/#\\\/schema\\\/person\\\/088691de5dfc346bb0c023e1e52ef5d9\"},\"headline\":\"Premier\u0103 mondial\u0103: o balen\u0103 din Alaska &#8222;a vorbit&#8221; 20 de minute cu o echip\u0103 de cercet\u0103tori! Ne preg\u0103tim pentru comunicarea cu extratere\u015ftri?\",\"datePublished\":\"2023-12-19T11:33:22+00:00\",\"mainEntityOfPage\":{\"@id\":\"https:\\\/\\\/www.lovendal.ro\\\/wp52\\\/premiera-mondiala-o-balena-din-alaska-a-vorbit-20-de-minute-cu-o-echipa-de-cercetatori-ne-pregatim-pentru-comunicarea-cu-extraterestri\\\/\"},\"wordCount\":424,\"commentCount\":0,\"publisher\":{\"@id\":\"https:\\\/\\\/www.lovendal.ro\\\/wp52\\\/#organization\"},\"image\":{\"@id\":\"https:\\\/\\\/www.lovendal.ro\\\/wp52\\\/premiera-mondiala-o-balena-din-alaska-a-vorbit-20-de-minute-cu-o-echipa-de-cercetatori-ne-pregatim-pentru-comunicarea-cu-extraterestri\\\/#primaryimage\"},\"thumbnailUrl\":\"https:\\\/\\\/www.lovendal.ro\\\/wp52\\\/wp-content\\\/uploads\\\/2023\\\/12\\\/balena-11.jpg\",\"keywords\":[\"Alaska\",\"balene\",\"Calea Lactee\",\"comunicare\",\"creier\",\"extratere\u015ftri\",\"inteligen\u0163\u0103\",\"limbaj\",\"Natura-Animale\",\"oameni\",\"planete\",\"SETI\",\"Terra\"],\"articleSection\":[\"Natura-Animale\"],\"inLanguage\":\"ro-RO\",\"potentialAction\":[{\"@type\":\"CommentAction\",\"name\":\"Comment\",\"target\":[\"https:\\\/\\\/www.lovendal.ro\\\/wp52\\\/premiera-mondiala-o-balena-din-alaska-a-vorbit-20-de-minute-cu-o-echipa-de-cercetatori-ne-pregatim-pentru-comunicarea-cu-extraterestri\\\/#respond\"]}]},{\"@type\":\"WebPage\",\"@id\":\"https:\\\/\\\/www.lovendal.ro\\\/wp52\\\/premiera-mondiala-o-balena-din-alaska-a-vorbit-20-de-minute-cu-o-echipa-de-cercetatori-ne-pregatim-pentru-comunicarea-cu-extraterestri\\\/\",\"url\":\"https:\\\/\\\/www.lovendal.ro\\\/wp52\\\/premiera-mondiala-o-balena-din-alaska-a-vorbit-20-de-minute-cu-o-echipa-de-cercetatori-ne-pregatim-pentru-comunicarea-cu-extraterestri\\\/\",\"name\":\"Premier\u0103 mondial\u0103: o balen\u0103 din Alaska \\\"a vorbit\\\" 20 de minute cu o echip\u0103 de cercet\u0103tori! Ne preg\u0103tim pentru comunicarea cu extratere\u015ftri? - Secretele lui Lovendal\",\"isPartOf\":{\"@id\":\"https:\\\/\\\/www.lovendal.ro\\\/wp52\\\/#website\"},\"primaryImageOfPage\":{\"@id\":\"https:\\\/\\\/www.lovendal.ro\\\/wp52\\\/premiera-mondiala-o-balena-din-alaska-a-vorbit-20-de-minute-cu-o-echipa-de-cercetatori-ne-pregatim-pentru-comunicarea-cu-extraterestri\\\/#primaryimage\"},\"image\":{\"@id\":\"https:\\\/\\\/www.lovendal.ro\\\/wp52\\\/premiera-mondiala-o-balena-din-alaska-a-vorbit-20-de-minute-cu-o-echipa-de-cercetatori-ne-pregatim-pentru-comunicarea-cu-extraterestri\\\/#primaryimage\"},\"thumbnailUrl\":\"https:\\\/\\\/www.lovendal.ro\\\/wp52\\\/wp-content\\\/uploads\\\/2023\\\/12\\\/balena-11.jpg\",\"datePublished\":\"2023-12-19T11:33:22+00:00\",\"breadcrumb\":{\"@id\":\"https:\\\/\\\/www.lovendal.ro\\\/wp52\\\/premiera-mondiala-o-balena-din-alaska-a-vorbit-20-de-minute-cu-o-echipa-de-cercetatori-ne-pregatim-pentru-comunicarea-cu-extraterestri\\\/#breadcrumb\"},\"inLanguage\":\"ro-RO\",\"potentialAction\":[{\"@type\":\"ReadAction\",\"target\":[\"https:\\\/\\\/www.lovendal.ro\\\/wp52\\\/premiera-mondiala-o-balena-din-alaska-a-vorbit-20-de-minute-cu-o-echipa-de-cercetatori-ne-pregatim-pentru-comunicarea-cu-extraterestri\\\/\"]}]},{\"@type\":\"ImageObject\",\"inLanguage\":\"ro-RO\",\"@id\":\"https:\\\/\\\/www.lovendal.ro\\\/wp52\\\/premiera-mondiala-o-balena-din-alaska-a-vorbit-20-de-minute-cu-o-echipa-de-cercetatori-ne-pregatim-pentru-comunicarea-cu-extraterestri\\\/#primaryimage\",\"url\":\"https:\\\/\\\/www.lovendal.ro\\\/wp52\\\/wp-content\\\/uploads\\\/2023\\\/12\\\/balena-11.jpg\",\"contentUrl\":\"https:\\\/\\\/www.lovendal.ro\\\/wp52\\\/wp-content\\\/uploads\\\/2023\\\/12\\\/balena-11.jpg\",\"width\":365,\"height\":244},{\"@type\":\"BreadcrumbList\",\"@id\":\"https:\\\/\\\/www.lovendal.ro\\\/wp52\\\/premiera-mondiala-o-balena-din-alaska-a-vorbit-20-de-minute-cu-o-echipa-de-cercetatori-ne-pregatim-pentru-comunicarea-cu-extraterestri\\\/#breadcrumb\",\"itemListElement\":[{\"@type\":\"ListItem\",\"position\":1,\"name\":\"Home\",\"item\":\"https:\\\/\\\/www.lovendal.ro\\\/wp52\\\/\"},{\"@type\":\"ListItem\",\"position\":2,\"name\":\"Premier\u0103 mondial\u0103: o balen\u0103 din Alaska &#8222;a vorbit&#8221; 20 de minute cu o echip\u0103 de cercet\u0103tori! Ne preg\u0103tim pentru comunicarea cu extratere\u015ftri?\"}]},{\"@type\":\"WebSite\",\"@id\":\"https:\\\/\\\/www.lovendal.ro\\\/wp52\\\/#website\",\"url\":\"https:\\\/\\\/www.lovendal.ro\\\/wp52\\\/\",\"name\":\"Secretele lui Lovendal\",\"description\":\"Site de secrete, stiinta si metafizica - din 2008 -\",\"publisher\":{\"@id\":\"https:\\\/\\\/www.lovendal.ro\\\/wp52\\\/#organization\"},\"potentialAction\":[{\"@type\":\"SearchAction\",\"target\":{\"@type\":\"EntryPoint\",\"urlTemplate\":\"https:\\\/\\\/www.lovendal.ro\\\/wp52\\\/?s={search_term_string}\"},\"query-input\":{\"@type\":\"PropertyValueSpecification\",\"valueRequired\":true,\"valueName\":\"search_term_string\"}}],\"inLanguage\":\"ro-RO\"},{\"@type\":\"Organization\",\"@id\":\"https:\\\/\\\/www.lovendal.ro\\\/wp52\\\/#organization\",\"name\":\"Secretele lui Lovendal\",\"url\":\"https:\\\/\\\/www.lovendal.ro\\\/wp52\\\/\",\"logo\":{\"@type\":\"ImageObject\",\"inLanguage\":\"ro-RO\",\"@id\":\"https:\\\/\\\/www.lovendal.ro\\\/wp52\\\/#\\\/schema\\\/logo\\\/image\\\/\",\"url\":\"https:\\\/\\\/www.lovendal.ro\\\/wp52\\\/wp-content\\\/uploads\\\/2024\\\/06\\\/cropped-SLL-iun-2024-1.jpg\",\"contentUrl\":\"https:\\\/\\\/www.lovendal.ro\\\/wp52\\\/wp-content\\\/uploads\\\/2024\\\/06\\\/cropped-SLL-iun-2024-1.jpg\",\"width\":771,\"height\":240,\"caption\":\"Secretele lui Lovendal\"},\"image\":{\"@id\":\"https:\\\/\\\/www.lovendal.ro\\\/wp52\\\/#\\\/schema\\\/logo\\\/image\\\/\"},\"sameAs\":[\"https:\\\/\\\/www.facebook.com\\\/secreteleluilovendal\"]},{\"@type\":\"Person\",\"@id\":\"https:\\\/\\\/www.lovendal.ro\\\/wp52\\\/#\\\/schema\\\/person\\\/088691de5dfc346bb0c023e1e52ef5d9\",\"name\":\"admin\",\"image\":{\"@type\":\"ImageObject\",\"inLanguage\":\"ro-RO\",\"@id\":\"https:\\\/\\\/secure.gravatar.com\\\/avatar\\\/ecb9cd41f5f63c9c9b989999a59f6e2639a865ec361e9db054db0679a8f341c2?s=96&d=mm&r=g\",\"url\":\"https:\\\/\\\/secure.gravatar.com\\\/avatar\\\/ecb9cd41f5f63c9c9b989999a59f6e2639a865ec361e9db054db0679a8f341c2?s=96&d=mm&r=g\",\"contentUrl\":\"https:\\\/\\\/secure.gravatar.com\\\/avatar\\\/ecb9cd41f5f63c9c9b989999a59f6e2639a865ec361e9db054db0679a8f341c2?s=96&d=mm&r=g\",\"caption\":\"admin\"},\"sameAs\":[\"https:\\\/\\\/www.lovendal.ro\\\/wp52\"]}]}<\/script>\n<!-- \/ Yoast SEO Premium plugin. -->","yoast_head_json":{"title":"Premier\u0103 mondial\u0103: o balen\u0103 din Alaska \"a vorbit\" 20 de minute cu o echip\u0103 de cercet\u0103tori! Ne preg\u0103tim pentru comunicarea cu extratere\u015ftri? - Secretele lui Lovendal","robots":{"index":"index","follow":"follow","max-snippet":"max-snippet:-1","max-image-preview":"max-image-preview:large","max-video-preview":"max-video-preview:-1"},"canonical":"https:\/\/www.lovendal.ro\/wp52\/premiera-mondiala-o-balena-din-alaska-a-vorbit-20-de-minute-cu-o-echipa-de-cercetatori-ne-pregatim-pentru-comunicarea-cu-extraterestri\/","og_locale":"ro_RO","og_type":"article","og_title":"Premier\u0103 mondial\u0103: o balen\u0103 din Alaska \"a vorbit\" 20 de minute cu o echip\u0103 de cercet\u0103tori! Ne preg\u0103tim pentru comunicarea cu extratere\u015ftri?","og_description":"O balen\u0103 din Alaska, \u00een v\u00e2rst\u0103 de 38 de ani, pe nume Twain, &#8222;a vorbit&#8221; timp de 20 de minute cu cercet\u0103torii de la Institutul SETI \u0219i UC Davis. Aceasta marcheaz\u0103 prima comunicare \u00eentre oameni \u0219i balene \u00een propriul lor ... Cititi mai multe","og_url":"https:\/\/www.lovendal.ro\/wp52\/premiera-mondiala-o-balena-din-alaska-a-vorbit-20-de-minute-cu-o-echipa-de-cercetatori-ne-pregatim-pentru-comunicarea-cu-extraterestri\/","og_site_name":"Secretele lui Lovendal","article_publisher":"https:\/\/www.facebook.com\/secreteleluilovendal","article_published_time":"2023-12-19T11:33:22+00:00","og_image":[{"width":365,"height":244,"url":"https:\/\/www.lovendal.ro\/wp52\/wp-content\/uploads\/2023\/12\/balena-11.jpg","type":"image\/jpeg"}],"author":"admin","twitter_card":"summary_large_image","twitter_misc":{"Scris de":"admin","Timp estimat pentru citire":"2 minute"},"schema":{"@context":"https:\/\/schema.org","@graph":[{"@type":"Article","@id":"https:\/\/www.lovendal.ro\/wp52\/premiera-mondiala-o-balena-din-alaska-a-vorbit-20-de-minute-cu-o-echipa-de-cercetatori-ne-pregatim-pentru-comunicarea-cu-extraterestri\/#article","isPartOf":{"@id":"https:\/\/www.lovendal.ro\/wp52\/premiera-mondiala-o-balena-din-alaska-a-vorbit-20-de-minute-cu-o-echipa-de-cercetatori-ne-pregatim-pentru-comunicarea-cu-extraterestri\/"},"author":{"name":"admin","@id":"https:\/\/www.lovendal.ro\/wp52\/#\/schema\/person\/088691de5dfc346bb0c023e1e52ef5d9"},"headline":"Premier\u0103 mondial\u0103: o balen\u0103 din Alaska &#8222;a vorbit&#8221; 20 de minute cu o echip\u0103 de cercet\u0103tori! Ne preg\u0103tim pentru comunicarea cu extratere\u015ftri?","datePublished":"2023-12-19T11:33:22+00:00","mainEntityOfPage":{"@id":"https:\/\/www.lovendal.ro\/wp52\/premiera-mondiala-o-balena-din-alaska-a-vorbit-20-de-minute-cu-o-echipa-de-cercetatori-ne-pregatim-pentru-comunicarea-cu-extraterestri\/"},"wordCount":424,"commentCount":0,"publisher":{"@id":"https:\/\/www.lovendal.ro\/wp52\/#organization"},"image":{"@id":"https:\/\/www.lovendal.ro\/wp52\/premiera-mondiala-o-balena-din-alaska-a-vorbit-20-de-minute-cu-o-echipa-de-cercetatori-ne-pregatim-pentru-comunicarea-cu-extraterestri\/#primaryimage"},"thumbnailUrl":"https:\/\/www.lovendal.ro\/wp52\/wp-content\/uploads\/2023\/12\/balena-11.jpg","keywords":["Alaska","balene","Calea Lactee","comunicare","creier","extratere\u015ftri","inteligen\u0163\u0103","limbaj","Natura-Animale","oameni","planete","SETI","Terra"],"articleSection":["Natura-Animale"],"inLanguage":"ro-RO","potentialAction":[{"@type":"CommentAction","name":"Comment","target":["https:\/\/www.lovendal.ro\/wp52\/premiera-mondiala-o-balena-din-alaska-a-vorbit-20-de-minute-cu-o-echipa-de-cercetatori-ne-pregatim-pentru-comunicarea-cu-extraterestri\/#respond"]}]},{"@type":"WebPage","@id":"https:\/\/www.lovendal.ro\/wp52\/premiera-mondiala-o-balena-din-alaska-a-vorbit-20-de-minute-cu-o-echipa-de-cercetatori-ne-pregatim-pentru-comunicarea-cu-extraterestri\/","url":"https:\/\/www.lovendal.ro\/wp52\/premiera-mondiala-o-balena-din-alaska-a-vorbit-20-de-minute-cu-o-echipa-de-cercetatori-ne-pregatim-pentru-comunicarea-cu-extraterestri\/","name":"Premier\u0103 mondial\u0103: o balen\u0103 din Alaska \"a vorbit\" 20 de minute cu o echip\u0103 de cercet\u0103tori! Ne preg\u0103tim pentru comunicarea cu extratere\u015ftri? - Secretele lui Lovendal","isPartOf":{"@id":"https:\/\/www.lovendal.ro\/wp52\/#website"},"primaryImageOfPage":{"@id":"https:\/\/www.lovendal.ro\/wp52\/premiera-mondiala-o-balena-din-alaska-a-vorbit-20-de-minute-cu-o-echipa-de-cercetatori-ne-pregatim-pentru-comunicarea-cu-extraterestri\/#primaryimage"},"image":{"@id":"https:\/\/www.lovendal.ro\/wp52\/premiera-mondiala-o-balena-din-alaska-a-vorbit-20-de-minute-cu-o-echipa-de-cercetatori-ne-pregatim-pentru-comunicarea-cu-extraterestri\/#primaryimage"},"thumbnailUrl":"https:\/\/www.lovendal.ro\/wp52\/wp-content\/uploads\/2023\/12\/balena-11.jpg","datePublished":"2023-12-19T11:33:22+00:00","breadcrumb":{"@id":"https:\/\/www.lovendal.ro\/wp52\/premiera-mondiala-o-balena-din-alaska-a-vorbit-20-de-minute-cu-o-echipa-de-cercetatori-ne-pregatim-pentru-comunicarea-cu-extraterestri\/#breadcrumb"},"inLanguage":"ro-RO","potentialAction":[{"@type":"ReadAction","target":["https:\/\/www.lovendal.ro\/wp52\/premiera-mondiala-o-balena-din-alaska-a-vorbit-20-de-minute-cu-o-echipa-de-cercetatori-ne-pregatim-pentru-comunicarea-cu-extraterestri\/"]}]},{"@type":"ImageObject","inLanguage":"ro-RO","@id":"https:\/\/www.lovendal.ro\/wp52\/premiera-mondiala-o-balena-din-alaska-a-vorbit-20-de-minute-cu-o-echipa-de-cercetatori-ne-pregatim-pentru-comunicarea-cu-extraterestri\/#primaryimage","url":"https:\/\/www.lovendal.ro\/wp52\/wp-content\/uploads\/2023\/12\/balena-11.jpg","contentUrl":"https:\/\/www.lovendal.ro\/wp52\/wp-content\/uploads\/2023\/12\/balena-11.jpg","width":365,"height":244},{"@type":"BreadcrumbList","@id":"https:\/\/www.lovendal.ro\/wp52\/premiera-mondiala-o-balena-din-alaska-a-vorbit-20-de-minute-cu-o-echipa-de-cercetatori-ne-pregatim-pentru-comunicarea-cu-extraterestri\/#breadcrumb","itemListElement":[{"@type":"ListItem","position":1,"name":"Home","item":"https:\/\/www.lovendal.ro\/wp52\/"},{"@type":"ListItem","position":2,"name":"Premier\u0103 mondial\u0103: o balen\u0103 din Alaska &#8222;a vorbit&#8221; 20 de minute cu o echip\u0103 de cercet\u0103tori! Ne preg\u0103tim pentru comunicarea cu extratere\u015ftri?"}]},{"@type":"WebSite","@id":"https:\/\/www.lovendal.ro\/wp52\/#website","url":"https:\/\/www.lovendal.ro\/wp52\/","name":"Secretele lui Lovendal","description":"Site de secrete, stiinta si metafizica - din 2008 -","publisher":{"@id":"https:\/\/www.lovendal.ro\/wp52\/#organization"},"potentialAction":[{"@type":"SearchAction","target":{"@type":"EntryPoint","urlTemplate":"https:\/\/www.lovendal.ro\/wp52\/?s={search_term_string}"},"query-input":{"@type":"PropertyValueSpecification","valueRequired":true,"valueName":"search_term_string"}}],"inLanguage":"ro-RO"},{"@type":"Organization","@id":"https:\/\/www.lovendal.ro\/wp52\/#organization","name":"Secretele lui Lovendal","url":"https:\/\/www.lovendal.ro\/wp52\/","logo":{"@type":"ImageObject","inLanguage":"ro-RO","@id":"https:\/\/www.lovendal.ro\/wp52\/#\/schema\/logo\/image\/","url":"https:\/\/www.lovendal.ro\/wp52\/wp-content\/uploads\/2024\/06\/cropped-SLL-iun-2024-1.jpg","contentUrl":"https:\/\/www.lovendal.ro\/wp52\/wp-content\/uploads\/2024\/06\/cropped-SLL-iun-2024-1.jpg","width":771,"height":240,"caption":"Secretele lui Lovendal"},"image":{"@id":"https:\/\/www.lovendal.ro\/wp52\/#\/schema\/logo\/image\/"},"sameAs":["https:\/\/www.facebook.com\/secreteleluilovendal"]},{"@type":"Person","@id":"https:\/\/www.lovendal.ro\/wp52\/#\/schema\/person\/088691de5dfc346bb0c023e1e52ef5d9","name":"admin","image":{"@type":"ImageObject","inLanguage":"ro-RO","@id":"https:\/\/secure.gravatar.com\/avatar\/ecb9cd41f5f63c9c9b989999a59f6e2639a865ec361e9db054db0679a8f341c2?s=96&d=mm&r=g","url":"https:\/\/secure.gravatar.com\/avatar\/ecb9cd41f5f63c9c9b989999a59f6e2639a865ec361e9db054db0679a8f341c2?s=96&d=mm&r=g","contentUrl":"https:\/\/secure.gravatar.com\/avatar\/ecb9cd41f5f63c9c9b989999a59f6e2639a865ec361e9db054db0679a8f341c2?s=96&d=mm&r=g","caption":"admin"},"sameAs":["https:\/\/www.lovendal.ro\/wp52"]}]}},"_links":{"self":[{"href":"https:\/\/www.lovendal.ro\/wp52\/wp-json\/wp\/v2\/posts\/88805","targetHints":{"allow":["GET"]}}],"collection":[{"href":"https:\/\/www.lovendal.ro\/wp52\/wp-json\/wp\/v2\/posts"}],"about":[{"href":"https:\/\/www.lovendal.ro\/wp52\/wp-json\/wp\/v2\/types\/post"}],"author":[{"embeddable":true,"href":"https:\/\/www.lovendal.ro\/wp52\/wp-json\/wp\/v2\/users\/1"}],"replies":[{"embeddable":true,"href":"https:\/\/www.lovendal.ro\/wp52\/wp-json\/wp\/v2\/comments?post=88805"}],"version-history":[{"count":1,"href":"https:\/\/www.lovendal.ro\/wp52\/wp-json\/wp\/v2\/posts\/88805\/revisions"}],"predecessor-version":[{"id":88807,"href":"https:\/\/www.lovendal.ro\/wp52\/wp-json\/wp\/v2\/posts\/88805\/revisions\/88807"}],"wp:featuredmedia":[{"embeddable":true,"href":"https:\/\/www.lovendal.ro\/wp52\/wp-json\/wp\/v2\/media\/88806"}],"wp:attachment":[{"href":"https:\/\/www.lovendal.ro\/wp52\/wp-json\/wp\/v2\/media?parent=88805"}],"wp:term":[{"taxonomy":"category","embeddable":true,"href":"https:\/\/www.lovendal.ro\/wp52\/wp-json\/wp\/v2\/categories?post=88805"},{"taxonomy":"post_tag","embeddable":true,"href":"https:\/\/www.lovendal.ro\/wp52\/wp-json\/wp\/v2\/tags?post=88805"}],"curies":[{"name":"wp","href":"https:\/\/api.w.org\/{rel}","templated":true}]}}