{"id":88110,"date":"2023-10-09T22:25:52","date_gmt":"2023-10-09T19:25:52","guid":{"rendered":"https:\/\/www.lovendal.ro\/wp52\/?p=88110"},"modified":"2023-10-09T22:25:52","modified_gmt":"2023-10-09T19:25:52","slug":"disparitia-ciudata-a-lui-alberto-gordoni-intr-un-univers-ciudat-legenda-spune-ca-el-a-reaparut-22-de-ani-mai-tarziu-fara-a-imbatrani-deloc","status":"publish","type":"post","link":"https:\/\/www.lovendal.ro\/wp52\/disparitia-ciudata-a-lui-alberto-gordoni-intr-un-univers-ciudat-legenda-spune-ca-el-a-reaparut-22-de-ani-mai-tarziu-fara-a-imbatrani-deloc\/","title":{"rendered":"Dispari\u021bia ciudat\u0103 a lui Alberto Gordoni \u00eentr-un univers ciudat; legenda spune c\u0103 el a reap\u0103rut 22 de ani mai t\u00e2rziu, f\u0103r\u0103 a \u00eemb\u0103tr\u00e2ni deloc&#8230;"},"content":{"rendered":"<p><a href=\"https:\/\/www.lovendal.ro\/wp52\/wp-content\/uploads\/2023\/10\/disparitie-3.jpg\"><img loading=\"lazy\" decoding=\"async\" class=\"alignleft size-full wp-image-88111\" src=\"https:\/\/www.lovendal.ro\/wp52\/wp-content\/uploads\/2023\/10\/disparitie-3.jpg\" alt=\"\" width=\"365\" height=\"350\" srcset=\"https:\/\/www.lovendal.ro\/wp52\/wp-content\/uploads\/2023\/10\/disparitie-3.jpg 365w, https:\/\/www.lovendal.ro\/wp52\/wp-content\/uploads\/2023\/10\/disparitie-3-300x288.jpg 300w\" sizes=\"auto, (max-width: 365px) 100vw, 365px\" \/><\/a>Aceast\u0103 poveste despre dispari\u021bia lui Alberto Gordoni a fost publicat\u0103 \u00een mod regulat \u00een diverse antologii de fenomene paranormale, dar, nu se \u015ftie \u00een ce m\u0103sur\u0103 este adev\u0103rat\u0103 \u0219i care este sursa ei. Se spune c\u0103 \u00een mai 1753, un b\u0103rbat pe nume Alberto Gordoni, care era considerat un membru destul de respectat al societ\u0103\u021bii \u0219i lucra ca artizan \u0219i gr\u0103dinar \u00een ora\u0219ul Catania (Sicilia, Italia), se plimba prin pia\u021ba ora\u0219ului c\u00e2nd a disp\u0103rut brusc \u0219i inexplicabil, chiar \u00een fa\u021ba a numero\u0219i martori ului\u021bi.<\/p>\n<p>Desigur, ei au \u00eenceput imediat s\u0103-l caute \u0219i au examinat toate locurile \u0219i casele din apropiere, dar Alberto Gordoni nu a fost g\u0103sit nic\u0103ieri. De asemenea, nu existau \u0219an\u021buri \u00een acest loc \u0219i alte g\u0103uri \u00een care el ar fi putut c\u0103dea. Totul ar\u0103ta ca \u015fi cum aceast\u0103 persoan\u0103 a disp\u0103rut pur \u0219i simplu de pe fa\u021ba p\u0103m\u00e2ntului.<\/p>\n<p>Zilele s-au transformat \u00een s\u0103pt\u0103m\u00e2ni, \u0219i s\u0103pt\u0103m\u00e2nile \u00een luni, lunile \u00een ani, dar nimeni nu l-a mai v\u0103zut vreodat\u0103 pe Alberto Gordoni: el a r\u0103mas disp\u0103rut. Treptat, or\u0103\u0219enii au \u00eenceput s\u0103 uite de el, apoi au uitat complet. \u0218i totu\u015fi, se spune c\u0103 dup\u0103 22 de ani, Alberto Gordoni ar fi ap\u0103rut brusc \u00een acela\u0219i loc \u00een care a disp\u0103rut. Totodat\u0103 &#8211; ar fi spus martorii &#8211; judec\u00e2nd dup\u0103 aspectul s\u0103u, Alberto nu \u00eemb\u0103tr\u00e2nise nici m\u0103car un an \u00een acest timp.<\/p>\n<p>C\u00e2nd au \u00eenceput s\u0103-l \u00eentrebe ce s-a \u00eent\u00e2mplat cu el \u0219i unde a fost \u00een timpul acesta, Gordoni a insistat c\u0103 nu a disp\u0103rut nic\u0103ieri, iar pentru el ace\u0219ti 22 de ani nu au existat deloc. Se spune c\u0103 au mai durat c\u00e2\u021biva ani p\u00e2n\u0103 c\u00e2nd Gordoni a povestit totul unui preot local pe nume Mario. Potrivit lui Alberto Gordoni, \u00een ziua dispari\u021biei, a v\u0103zut \u00een fa\u021ba lui un tunel stralucitor \u0219i a intrat \u00een el. El a spus c\u0103 a c\u0103zut brusc \u00eentr-un tunel, care l-a dus \u00eentr-o lume &#8222;alb\u0103 \u0219i ambigu\u0103&#8221;. Nu erau obiecte, ci doar accesorii bizare. Alberto a v\u0103zut ceva asem\u0103n\u0103tor pe o p\u00e2nz\u0103 mic\u0103 acoperit\u0103 cu stele \u0219i puncte, fiecare pulsand \u00een felul s\u0103u.<\/p>\n<p>O creatur\u0103 cu p\u0103r lung i-a spus lui Gordoni c\u0103 a c\u0103zut \u00eentr-o &#8222;capcan\u0103 a timpului \u0219i spa\u021biului&#8221; \u0219i c\u0103-i va fi foarte greu s\u0103 revin\u0103. Apoi, creatura a \u00eenceput s\u0103-i povesteasc\u0103 lui Alberto despre multe lucruri: despre suflet, despre ora\u0219e zbur\u0103toare, despre locuitori ve\u0219nic tineri, etc. \u00cen sf\u00e2r\u015fit, b\u0103rbatul a fost adus \u00een locul \u00een care se afla, el nesim\u0163ind altceva dec\u00e2t c\u0103 a lipsit maxim o jum\u0103tate de or\u0103; nu se a\u015ftepta ca de fapt s\u0103 fi trecut 22 de ani!<\/p>\n<p>Preotul Mario nu era convins c\u0103 Alberto Gordoni \u00eei spunea adev\u0103rul, a\u015fa c\u0103 l-a convins s\u0103 se duc\u0103 \u00een locul \u00een care disp\u0103ruse, pentru a vedea dac\u0103 se va \u00eent\u00e2mpla din nou ceva acolo. C\u00e2nd au ajuns \u00een acel loc, Gordoni a disp\u0103rut din nou, \u0219i de data aceasta definitiv. Deoarece dispari\u021bia a avut loc chiar \u00een fa\u021ba preotului Mario, acesta \u0219i-a f\u0103cut cruce \u0219i apoi a ordonat s\u0103 se \u00eengr\u0103deasc\u0103 acest loc, numindu-l &#8222;Capcana diavolului&#8221;.<\/p>\n","protected":false},"excerpt":{"rendered":"<p>Aceast\u0103 poveste despre dispari\u021bia lui Alberto Gordoni a fost publicat\u0103 \u00een mod regulat \u00een diverse antologii de fenomene paranormale, dar, nu se \u015ftie \u00een ce m\u0103sur\u0103 este adev\u0103rat\u0103 \u0219i care este sursa ei. Se spune c\u0103 \u00een mai 1753, un &#8230; <\/p>\n<p class=\"read-more-container\"><a title=\"Dispari\u021bia ciudat\u0103 a lui Alberto Gordoni \u00eentr-un univers ciudat; legenda spune c\u0103 el a reap\u0103rut 22 de ani mai t\u00e2rziu, f\u0103r\u0103 a \u00eemb\u0103tr\u00e2ni deloc&#8230;\" class=\"read-more button\" href=\"https:\/\/www.lovendal.ro\/wp52\/disparitia-ciudata-a-lui-alberto-gordoni-intr-un-univers-ciudat-legenda-spune-ca-el-a-reaparut-22-de-ani-mai-tarziu-fara-a-imbatrani-deloc\/#more-88110\" aria-label=\"Cite\u0219te mai multe despre Dispari\u021bia ciudat\u0103 a lui Alberto Gordoni \u00eentr-un univers ciudat; legenda spune c\u0103 el a reap\u0103rut 22 de ani mai t\u00e2rziu, f\u0103r\u0103 a \u00eemb\u0103tr\u00e2ni deloc&#8230;\">Cititi mai multe<\/a><\/p>\n","protected":false},"author":1,"featured_media":88111,"comment_status":"open","ping_status":"open","sticky":false,"template":"","format":"standard","meta":{"footnotes":""},"categories":[14],"tags":[18537,5557,749,86,151,9796,592,1683,1676,1995],"class_list":["post-88110","post","type-post","status-publish","format-standard","has-post-thumbnail","hentry","category-paranormal-spiritualitate","tag-catania","tag-creatura","tag-disparitie","tag-italia","tag-oras","tag-paranormal-spiritualitate","tag-preot","tag-sicilia","tag-suflet","tag-tunel","resize-featured-image"],"yoast_head":"<!-- This site is optimized with the Yoast SEO Premium plugin v23.3 (Yoast SEO v27.4) - https:\/\/yoast.com\/product\/yoast-seo-premium-wordpress\/ -->\n<title>Dispari\u021bia ciudat\u0103 a lui Alberto Gordoni \u00eentr-un univers ciudat; legenda spune c\u0103 el a reap\u0103rut 22 de ani mai t\u00e2rziu, f\u0103r\u0103 a \u00eemb\u0103tr\u00e2ni deloc... - Secretele lui Lovendal<\/title>\n<meta name=\"robots\" content=\"index, follow, max-snippet:-1, max-image-preview:large, max-video-preview:-1\" \/>\n<link rel=\"canonical\" href=\"https:\/\/www.lovendal.ro\/wp52\/disparitia-ciudata-a-lui-alberto-gordoni-intr-un-univers-ciudat-legenda-spune-ca-el-a-reaparut-22-de-ani-mai-tarziu-fara-a-imbatrani-deloc\/\" \/>\n<meta property=\"og:locale\" content=\"ro_RO\" \/>\n<meta property=\"og:type\" content=\"article\" \/>\n<meta property=\"og:title\" content=\"Dispari\u021bia ciudat\u0103 a lui Alberto Gordoni \u00eentr-un univers ciudat; legenda spune c\u0103 el a reap\u0103rut 22 de ani mai t\u00e2rziu, f\u0103r\u0103 a \u00eemb\u0103tr\u00e2ni deloc...\" \/>\n<meta property=\"og:description\" content=\"Aceast\u0103 poveste despre dispari\u021bia lui Alberto Gordoni a fost publicat\u0103 \u00een mod regulat \u00een diverse antologii de fenomene paranormale, dar, nu se \u015ftie \u00een ce m\u0103sur\u0103 este adev\u0103rat\u0103 \u0219i care este sursa ei. Se spune c\u0103 \u00een mai 1753, un ... Cititi mai multe\" \/>\n<meta property=\"og:url\" content=\"https:\/\/www.lovendal.ro\/wp52\/disparitia-ciudata-a-lui-alberto-gordoni-intr-un-univers-ciudat-legenda-spune-ca-el-a-reaparut-22-de-ani-mai-tarziu-fara-a-imbatrani-deloc\/\" \/>\n<meta property=\"og:site_name\" content=\"Secretele lui Lovendal\" \/>\n<meta property=\"article:publisher\" content=\"https:\/\/www.facebook.com\/secreteleluilovendal\" \/>\n<meta property=\"article:published_time\" content=\"2023-10-09T19:25:52+00:00\" \/>\n<meta property=\"og:image\" content=\"https:\/\/www.lovendal.ro\/wp52\/wp-content\/uploads\/2023\/10\/disparitie-3.jpg\" \/>\n\t<meta property=\"og:image:width\" content=\"365\" \/>\n\t<meta property=\"og:image:height\" content=\"350\" \/>\n\t<meta property=\"og:image:type\" content=\"image\/jpeg\" \/>\n<meta name=\"author\" content=\"admin\" \/>\n<meta name=\"twitter:card\" content=\"summary_large_image\" \/>\n<meta name=\"twitter:label1\" content=\"Scris de\" \/>\n\t<meta name=\"twitter:data1\" content=\"admin\" \/>\n\t<meta name=\"twitter:label2\" content=\"Timp estimat pentru citire\" \/>\n\t<meta name=\"twitter:data2\" content=\"3 minute\" \/>\n<script type=\"application\/ld+json\" class=\"yoast-schema-graph\">{\"@context\":\"https:\\\/\\\/schema.org\",\"@graph\":[{\"@type\":\"Article\",\"@id\":\"https:\\\/\\\/www.lovendal.ro\\\/wp52\\\/disparitia-ciudata-a-lui-alberto-gordoni-intr-un-univers-ciudat-legenda-spune-ca-el-a-reaparut-22-de-ani-mai-tarziu-fara-a-imbatrani-deloc\\\/#article\",\"isPartOf\":{\"@id\":\"https:\\\/\\\/www.lovendal.ro\\\/wp52\\\/disparitia-ciudata-a-lui-alberto-gordoni-intr-un-univers-ciudat-legenda-spune-ca-el-a-reaparut-22-de-ani-mai-tarziu-fara-a-imbatrani-deloc\\\/\"},\"author\":{\"name\":\"admin\",\"@id\":\"https:\\\/\\\/www.lovendal.ro\\\/wp52\\\/#\\\/schema\\\/person\\\/088691de5dfc346bb0c023e1e52ef5d9\"},\"headline\":\"Dispari\u021bia ciudat\u0103 a lui Alberto Gordoni \u00eentr-un univers ciudat; legenda spune c\u0103 el a reap\u0103rut 22 de ani mai t\u00e2rziu, f\u0103r\u0103 a \u00eemb\u0103tr\u00e2ni deloc&#8230;\",\"datePublished\":\"2023-10-09T19:25:52+00:00\",\"mainEntityOfPage\":{\"@id\":\"https:\\\/\\\/www.lovendal.ro\\\/wp52\\\/disparitia-ciudata-a-lui-alberto-gordoni-intr-un-univers-ciudat-legenda-spune-ca-el-a-reaparut-22-de-ani-mai-tarziu-fara-a-imbatrani-deloc\\\/\"},\"wordCount\":613,\"commentCount\":0,\"publisher\":{\"@id\":\"https:\\\/\\\/www.lovendal.ro\\\/wp52\\\/#organization\"},\"image\":{\"@id\":\"https:\\\/\\\/www.lovendal.ro\\\/wp52\\\/disparitia-ciudata-a-lui-alberto-gordoni-intr-un-univers-ciudat-legenda-spune-ca-el-a-reaparut-22-de-ani-mai-tarziu-fara-a-imbatrani-deloc\\\/#primaryimage\"},\"thumbnailUrl\":\"https:\\\/\\\/www.lovendal.ro\\\/wp52\\\/wp-content\\\/uploads\\\/2023\\\/10\\\/disparitie-3.jpg\",\"keywords\":[\"Catania\",\"creatur\u0103\",\"dispari\u0163ie\",\"Italia\",\"ora\u015f\",\"Paranormal-Spiritualitate\",\"preot\",\"Sicilia\",\"suflet\",\"tunel\"],\"articleSection\":[\"Paranormal-Spiritualitate\"],\"inLanguage\":\"ro-RO\",\"potentialAction\":[{\"@type\":\"CommentAction\",\"name\":\"Comment\",\"target\":[\"https:\\\/\\\/www.lovendal.ro\\\/wp52\\\/disparitia-ciudata-a-lui-alberto-gordoni-intr-un-univers-ciudat-legenda-spune-ca-el-a-reaparut-22-de-ani-mai-tarziu-fara-a-imbatrani-deloc\\\/#respond\"]}]},{\"@type\":\"WebPage\",\"@id\":\"https:\\\/\\\/www.lovendal.ro\\\/wp52\\\/disparitia-ciudata-a-lui-alberto-gordoni-intr-un-univers-ciudat-legenda-spune-ca-el-a-reaparut-22-de-ani-mai-tarziu-fara-a-imbatrani-deloc\\\/\",\"url\":\"https:\\\/\\\/www.lovendal.ro\\\/wp52\\\/disparitia-ciudata-a-lui-alberto-gordoni-intr-un-univers-ciudat-legenda-spune-ca-el-a-reaparut-22-de-ani-mai-tarziu-fara-a-imbatrani-deloc\\\/\",\"name\":\"Dispari\u021bia ciudat\u0103 a lui Alberto Gordoni \u00eentr-un univers ciudat; legenda spune c\u0103 el a reap\u0103rut 22 de ani mai t\u00e2rziu, f\u0103r\u0103 a \u00eemb\u0103tr\u00e2ni deloc... - Secretele lui Lovendal\",\"isPartOf\":{\"@id\":\"https:\\\/\\\/www.lovendal.ro\\\/wp52\\\/#website\"},\"primaryImageOfPage\":{\"@id\":\"https:\\\/\\\/www.lovendal.ro\\\/wp52\\\/disparitia-ciudata-a-lui-alberto-gordoni-intr-un-univers-ciudat-legenda-spune-ca-el-a-reaparut-22-de-ani-mai-tarziu-fara-a-imbatrani-deloc\\\/#primaryimage\"},\"image\":{\"@id\":\"https:\\\/\\\/www.lovendal.ro\\\/wp52\\\/disparitia-ciudata-a-lui-alberto-gordoni-intr-un-univers-ciudat-legenda-spune-ca-el-a-reaparut-22-de-ani-mai-tarziu-fara-a-imbatrani-deloc\\\/#primaryimage\"},\"thumbnailUrl\":\"https:\\\/\\\/www.lovendal.ro\\\/wp52\\\/wp-content\\\/uploads\\\/2023\\\/10\\\/disparitie-3.jpg\",\"datePublished\":\"2023-10-09T19:25:52+00:00\",\"breadcrumb\":{\"@id\":\"https:\\\/\\\/www.lovendal.ro\\\/wp52\\\/disparitia-ciudata-a-lui-alberto-gordoni-intr-un-univers-ciudat-legenda-spune-ca-el-a-reaparut-22-de-ani-mai-tarziu-fara-a-imbatrani-deloc\\\/#breadcrumb\"},\"inLanguage\":\"ro-RO\",\"potentialAction\":[{\"@type\":\"ReadAction\",\"target\":[\"https:\\\/\\\/www.lovendal.ro\\\/wp52\\\/disparitia-ciudata-a-lui-alberto-gordoni-intr-un-univers-ciudat-legenda-spune-ca-el-a-reaparut-22-de-ani-mai-tarziu-fara-a-imbatrani-deloc\\\/\"]}]},{\"@type\":\"ImageObject\",\"inLanguage\":\"ro-RO\",\"@id\":\"https:\\\/\\\/www.lovendal.ro\\\/wp52\\\/disparitia-ciudata-a-lui-alberto-gordoni-intr-un-univers-ciudat-legenda-spune-ca-el-a-reaparut-22-de-ani-mai-tarziu-fara-a-imbatrani-deloc\\\/#primaryimage\",\"url\":\"https:\\\/\\\/www.lovendal.ro\\\/wp52\\\/wp-content\\\/uploads\\\/2023\\\/10\\\/disparitie-3.jpg\",\"contentUrl\":\"https:\\\/\\\/www.lovendal.ro\\\/wp52\\\/wp-content\\\/uploads\\\/2023\\\/10\\\/disparitie-3.jpg\",\"width\":365,\"height\":350},{\"@type\":\"BreadcrumbList\",\"@id\":\"https:\\\/\\\/www.lovendal.ro\\\/wp52\\\/disparitia-ciudata-a-lui-alberto-gordoni-intr-un-univers-ciudat-legenda-spune-ca-el-a-reaparut-22-de-ani-mai-tarziu-fara-a-imbatrani-deloc\\\/#breadcrumb\",\"itemListElement\":[{\"@type\":\"ListItem\",\"position\":1,\"name\":\"Home\",\"item\":\"https:\\\/\\\/www.lovendal.ro\\\/wp52\\\/\"},{\"@type\":\"ListItem\",\"position\":2,\"name\":\"Dispari\u021bia ciudat\u0103 a lui Alberto Gordoni \u00eentr-un univers ciudat; legenda spune c\u0103 el a reap\u0103rut 22 de ani mai t\u00e2rziu, f\u0103r\u0103 a \u00eemb\u0103tr\u00e2ni deloc&#8230;\"}]},{\"@type\":\"WebSite\",\"@id\":\"https:\\\/\\\/www.lovendal.ro\\\/wp52\\\/#website\",\"url\":\"https:\\\/\\\/www.lovendal.ro\\\/wp52\\\/\",\"name\":\"Secretele lui Lovendal\",\"description\":\"Site de secrete, stiinta si metafizica - din 2008 -\",\"publisher\":{\"@id\":\"https:\\\/\\\/www.lovendal.ro\\\/wp52\\\/#organization\"},\"potentialAction\":[{\"@type\":\"SearchAction\",\"target\":{\"@type\":\"EntryPoint\",\"urlTemplate\":\"https:\\\/\\\/www.lovendal.ro\\\/wp52\\\/?s={search_term_string}\"},\"query-input\":{\"@type\":\"PropertyValueSpecification\",\"valueRequired\":true,\"valueName\":\"search_term_string\"}}],\"inLanguage\":\"ro-RO\"},{\"@type\":\"Organization\",\"@id\":\"https:\\\/\\\/www.lovendal.ro\\\/wp52\\\/#organization\",\"name\":\"Secretele lui Lovendal\",\"url\":\"https:\\\/\\\/www.lovendal.ro\\\/wp52\\\/\",\"logo\":{\"@type\":\"ImageObject\",\"inLanguage\":\"ro-RO\",\"@id\":\"https:\\\/\\\/www.lovendal.ro\\\/wp52\\\/#\\\/schema\\\/logo\\\/image\\\/\",\"url\":\"https:\\\/\\\/www.lovendal.ro\\\/wp52\\\/wp-content\\\/uploads\\\/2024\\\/06\\\/cropped-SLL-iun-2024-1.jpg\",\"contentUrl\":\"https:\\\/\\\/www.lovendal.ro\\\/wp52\\\/wp-content\\\/uploads\\\/2024\\\/06\\\/cropped-SLL-iun-2024-1.jpg\",\"width\":771,\"height\":240,\"caption\":\"Secretele lui Lovendal\"},\"image\":{\"@id\":\"https:\\\/\\\/www.lovendal.ro\\\/wp52\\\/#\\\/schema\\\/logo\\\/image\\\/\"},\"sameAs\":[\"https:\\\/\\\/www.facebook.com\\\/secreteleluilovendal\"]},{\"@type\":\"Person\",\"@id\":\"https:\\\/\\\/www.lovendal.ro\\\/wp52\\\/#\\\/schema\\\/person\\\/088691de5dfc346bb0c023e1e52ef5d9\",\"name\":\"admin\",\"image\":{\"@type\":\"ImageObject\",\"inLanguage\":\"ro-RO\",\"@id\":\"https:\\\/\\\/secure.gravatar.com\\\/avatar\\\/ecb9cd41f5f63c9c9b989999a59f6e2639a865ec361e9db054db0679a8f341c2?s=96&d=mm&r=g\",\"url\":\"https:\\\/\\\/secure.gravatar.com\\\/avatar\\\/ecb9cd41f5f63c9c9b989999a59f6e2639a865ec361e9db054db0679a8f341c2?s=96&d=mm&r=g\",\"contentUrl\":\"https:\\\/\\\/secure.gravatar.com\\\/avatar\\\/ecb9cd41f5f63c9c9b989999a59f6e2639a865ec361e9db054db0679a8f341c2?s=96&d=mm&r=g\",\"caption\":\"admin\"},\"sameAs\":[\"https:\\\/\\\/www.lovendal.ro\\\/wp52\"]}]}<\/script>\n<!-- \/ Yoast SEO Premium plugin. -->","yoast_head_json":{"title":"Dispari\u021bia ciudat\u0103 a lui Alberto Gordoni \u00eentr-un univers ciudat; legenda spune c\u0103 el a reap\u0103rut 22 de ani mai t\u00e2rziu, f\u0103r\u0103 a \u00eemb\u0103tr\u00e2ni deloc... - Secretele lui Lovendal","robots":{"index":"index","follow":"follow","max-snippet":"max-snippet:-1","max-image-preview":"max-image-preview:large","max-video-preview":"max-video-preview:-1"},"canonical":"https:\/\/www.lovendal.ro\/wp52\/disparitia-ciudata-a-lui-alberto-gordoni-intr-un-univers-ciudat-legenda-spune-ca-el-a-reaparut-22-de-ani-mai-tarziu-fara-a-imbatrani-deloc\/","og_locale":"ro_RO","og_type":"article","og_title":"Dispari\u021bia ciudat\u0103 a lui Alberto Gordoni \u00eentr-un univers ciudat; legenda spune c\u0103 el a reap\u0103rut 22 de ani mai t\u00e2rziu, f\u0103r\u0103 a \u00eemb\u0103tr\u00e2ni deloc...","og_description":"Aceast\u0103 poveste despre dispari\u021bia lui Alberto Gordoni a fost publicat\u0103 \u00een mod regulat \u00een diverse antologii de fenomene paranormale, dar, nu se \u015ftie \u00een ce m\u0103sur\u0103 este adev\u0103rat\u0103 \u0219i care este sursa ei. Se spune c\u0103 \u00een mai 1753, un ... Cititi mai multe","og_url":"https:\/\/www.lovendal.ro\/wp52\/disparitia-ciudata-a-lui-alberto-gordoni-intr-un-univers-ciudat-legenda-spune-ca-el-a-reaparut-22-de-ani-mai-tarziu-fara-a-imbatrani-deloc\/","og_site_name":"Secretele lui Lovendal","article_publisher":"https:\/\/www.facebook.com\/secreteleluilovendal","article_published_time":"2023-10-09T19:25:52+00:00","og_image":[{"width":365,"height":350,"url":"https:\/\/www.lovendal.ro\/wp52\/wp-content\/uploads\/2023\/10\/disparitie-3.jpg","type":"image\/jpeg"}],"author":"admin","twitter_card":"summary_large_image","twitter_misc":{"Scris de":"admin","Timp estimat pentru citire":"3 minute"},"schema":{"@context":"https:\/\/schema.org","@graph":[{"@type":"Article","@id":"https:\/\/www.lovendal.ro\/wp52\/disparitia-ciudata-a-lui-alberto-gordoni-intr-un-univers-ciudat-legenda-spune-ca-el-a-reaparut-22-de-ani-mai-tarziu-fara-a-imbatrani-deloc\/#article","isPartOf":{"@id":"https:\/\/www.lovendal.ro\/wp52\/disparitia-ciudata-a-lui-alberto-gordoni-intr-un-univers-ciudat-legenda-spune-ca-el-a-reaparut-22-de-ani-mai-tarziu-fara-a-imbatrani-deloc\/"},"author":{"name":"admin","@id":"https:\/\/www.lovendal.ro\/wp52\/#\/schema\/person\/088691de5dfc346bb0c023e1e52ef5d9"},"headline":"Dispari\u021bia ciudat\u0103 a lui Alberto Gordoni \u00eentr-un univers ciudat; legenda spune c\u0103 el a reap\u0103rut 22 de ani mai t\u00e2rziu, f\u0103r\u0103 a \u00eemb\u0103tr\u00e2ni deloc&#8230;","datePublished":"2023-10-09T19:25:52+00:00","mainEntityOfPage":{"@id":"https:\/\/www.lovendal.ro\/wp52\/disparitia-ciudata-a-lui-alberto-gordoni-intr-un-univers-ciudat-legenda-spune-ca-el-a-reaparut-22-de-ani-mai-tarziu-fara-a-imbatrani-deloc\/"},"wordCount":613,"commentCount":0,"publisher":{"@id":"https:\/\/www.lovendal.ro\/wp52\/#organization"},"image":{"@id":"https:\/\/www.lovendal.ro\/wp52\/disparitia-ciudata-a-lui-alberto-gordoni-intr-un-univers-ciudat-legenda-spune-ca-el-a-reaparut-22-de-ani-mai-tarziu-fara-a-imbatrani-deloc\/#primaryimage"},"thumbnailUrl":"https:\/\/www.lovendal.ro\/wp52\/wp-content\/uploads\/2023\/10\/disparitie-3.jpg","keywords":["Catania","creatur\u0103","dispari\u0163ie","Italia","ora\u015f","Paranormal-Spiritualitate","preot","Sicilia","suflet","tunel"],"articleSection":["Paranormal-Spiritualitate"],"inLanguage":"ro-RO","potentialAction":[{"@type":"CommentAction","name":"Comment","target":["https:\/\/www.lovendal.ro\/wp52\/disparitia-ciudata-a-lui-alberto-gordoni-intr-un-univers-ciudat-legenda-spune-ca-el-a-reaparut-22-de-ani-mai-tarziu-fara-a-imbatrani-deloc\/#respond"]}]},{"@type":"WebPage","@id":"https:\/\/www.lovendal.ro\/wp52\/disparitia-ciudata-a-lui-alberto-gordoni-intr-un-univers-ciudat-legenda-spune-ca-el-a-reaparut-22-de-ani-mai-tarziu-fara-a-imbatrani-deloc\/","url":"https:\/\/www.lovendal.ro\/wp52\/disparitia-ciudata-a-lui-alberto-gordoni-intr-un-univers-ciudat-legenda-spune-ca-el-a-reaparut-22-de-ani-mai-tarziu-fara-a-imbatrani-deloc\/","name":"Dispari\u021bia ciudat\u0103 a lui Alberto Gordoni \u00eentr-un univers ciudat; legenda spune c\u0103 el a reap\u0103rut 22 de ani mai t\u00e2rziu, f\u0103r\u0103 a \u00eemb\u0103tr\u00e2ni deloc... - Secretele lui Lovendal","isPartOf":{"@id":"https:\/\/www.lovendal.ro\/wp52\/#website"},"primaryImageOfPage":{"@id":"https:\/\/www.lovendal.ro\/wp52\/disparitia-ciudata-a-lui-alberto-gordoni-intr-un-univers-ciudat-legenda-spune-ca-el-a-reaparut-22-de-ani-mai-tarziu-fara-a-imbatrani-deloc\/#primaryimage"},"image":{"@id":"https:\/\/www.lovendal.ro\/wp52\/disparitia-ciudata-a-lui-alberto-gordoni-intr-un-univers-ciudat-legenda-spune-ca-el-a-reaparut-22-de-ani-mai-tarziu-fara-a-imbatrani-deloc\/#primaryimage"},"thumbnailUrl":"https:\/\/www.lovendal.ro\/wp52\/wp-content\/uploads\/2023\/10\/disparitie-3.jpg","datePublished":"2023-10-09T19:25:52+00:00","breadcrumb":{"@id":"https:\/\/www.lovendal.ro\/wp52\/disparitia-ciudata-a-lui-alberto-gordoni-intr-un-univers-ciudat-legenda-spune-ca-el-a-reaparut-22-de-ani-mai-tarziu-fara-a-imbatrani-deloc\/#breadcrumb"},"inLanguage":"ro-RO","potentialAction":[{"@type":"ReadAction","target":["https:\/\/www.lovendal.ro\/wp52\/disparitia-ciudata-a-lui-alberto-gordoni-intr-un-univers-ciudat-legenda-spune-ca-el-a-reaparut-22-de-ani-mai-tarziu-fara-a-imbatrani-deloc\/"]}]},{"@type":"ImageObject","inLanguage":"ro-RO","@id":"https:\/\/www.lovendal.ro\/wp52\/disparitia-ciudata-a-lui-alberto-gordoni-intr-un-univers-ciudat-legenda-spune-ca-el-a-reaparut-22-de-ani-mai-tarziu-fara-a-imbatrani-deloc\/#primaryimage","url":"https:\/\/www.lovendal.ro\/wp52\/wp-content\/uploads\/2023\/10\/disparitie-3.jpg","contentUrl":"https:\/\/www.lovendal.ro\/wp52\/wp-content\/uploads\/2023\/10\/disparitie-3.jpg","width":365,"height":350},{"@type":"BreadcrumbList","@id":"https:\/\/www.lovendal.ro\/wp52\/disparitia-ciudata-a-lui-alberto-gordoni-intr-un-univers-ciudat-legenda-spune-ca-el-a-reaparut-22-de-ani-mai-tarziu-fara-a-imbatrani-deloc\/#breadcrumb","itemListElement":[{"@type":"ListItem","position":1,"name":"Home","item":"https:\/\/www.lovendal.ro\/wp52\/"},{"@type":"ListItem","position":2,"name":"Dispari\u021bia ciudat\u0103 a lui Alberto Gordoni \u00eentr-un univers ciudat; legenda spune c\u0103 el a reap\u0103rut 22 de ani mai t\u00e2rziu, f\u0103r\u0103 a \u00eemb\u0103tr\u00e2ni deloc&#8230;"}]},{"@type":"WebSite","@id":"https:\/\/www.lovendal.ro\/wp52\/#website","url":"https:\/\/www.lovendal.ro\/wp52\/","name":"Secretele lui Lovendal","description":"Site de secrete, stiinta si metafizica - din 2008 -","publisher":{"@id":"https:\/\/www.lovendal.ro\/wp52\/#organization"},"potentialAction":[{"@type":"SearchAction","target":{"@type":"EntryPoint","urlTemplate":"https:\/\/www.lovendal.ro\/wp52\/?s={search_term_string}"},"query-input":{"@type":"PropertyValueSpecification","valueRequired":true,"valueName":"search_term_string"}}],"inLanguage":"ro-RO"},{"@type":"Organization","@id":"https:\/\/www.lovendal.ro\/wp52\/#organization","name":"Secretele lui Lovendal","url":"https:\/\/www.lovendal.ro\/wp52\/","logo":{"@type":"ImageObject","inLanguage":"ro-RO","@id":"https:\/\/www.lovendal.ro\/wp52\/#\/schema\/logo\/image\/","url":"https:\/\/www.lovendal.ro\/wp52\/wp-content\/uploads\/2024\/06\/cropped-SLL-iun-2024-1.jpg","contentUrl":"https:\/\/www.lovendal.ro\/wp52\/wp-content\/uploads\/2024\/06\/cropped-SLL-iun-2024-1.jpg","width":771,"height":240,"caption":"Secretele lui Lovendal"},"image":{"@id":"https:\/\/www.lovendal.ro\/wp52\/#\/schema\/logo\/image\/"},"sameAs":["https:\/\/www.facebook.com\/secreteleluilovendal"]},{"@type":"Person","@id":"https:\/\/www.lovendal.ro\/wp52\/#\/schema\/person\/088691de5dfc346bb0c023e1e52ef5d9","name":"admin","image":{"@type":"ImageObject","inLanguage":"ro-RO","@id":"https:\/\/secure.gravatar.com\/avatar\/ecb9cd41f5f63c9c9b989999a59f6e2639a865ec361e9db054db0679a8f341c2?s=96&d=mm&r=g","url":"https:\/\/secure.gravatar.com\/avatar\/ecb9cd41f5f63c9c9b989999a59f6e2639a865ec361e9db054db0679a8f341c2?s=96&d=mm&r=g","contentUrl":"https:\/\/secure.gravatar.com\/avatar\/ecb9cd41f5f63c9c9b989999a59f6e2639a865ec361e9db054db0679a8f341c2?s=96&d=mm&r=g","caption":"admin"},"sameAs":["https:\/\/www.lovendal.ro\/wp52"]}]}},"_links":{"self":[{"href":"https:\/\/www.lovendal.ro\/wp52\/wp-json\/wp\/v2\/posts\/88110","targetHints":{"allow":["GET"]}}],"collection":[{"href":"https:\/\/www.lovendal.ro\/wp52\/wp-json\/wp\/v2\/posts"}],"about":[{"href":"https:\/\/www.lovendal.ro\/wp52\/wp-json\/wp\/v2\/types\/post"}],"author":[{"embeddable":true,"href":"https:\/\/www.lovendal.ro\/wp52\/wp-json\/wp\/v2\/users\/1"}],"replies":[{"embeddable":true,"href":"https:\/\/www.lovendal.ro\/wp52\/wp-json\/wp\/v2\/comments?post=88110"}],"version-history":[{"count":1,"href":"https:\/\/www.lovendal.ro\/wp52\/wp-json\/wp\/v2\/posts\/88110\/revisions"}],"predecessor-version":[{"id":88112,"href":"https:\/\/www.lovendal.ro\/wp52\/wp-json\/wp\/v2\/posts\/88110\/revisions\/88112"}],"wp:featuredmedia":[{"embeddable":true,"href":"https:\/\/www.lovendal.ro\/wp52\/wp-json\/wp\/v2\/media\/88111"}],"wp:attachment":[{"href":"https:\/\/www.lovendal.ro\/wp52\/wp-json\/wp\/v2\/media?parent=88110"}],"wp:term":[{"taxonomy":"category","embeddable":true,"href":"https:\/\/www.lovendal.ro\/wp52\/wp-json\/wp\/v2\/categories?post=88110"},{"taxonomy":"post_tag","embeddable":true,"href":"https:\/\/www.lovendal.ro\/wp52\/wp-json\/wp\/v2\/tags?post=88110"}],"curies":[{"name":"wp","href":"https:\/\/api.w.org\/{rel}","templated":true}]}}