{"id":87889,"date":"2023-09-22T20:55:19","date_gmt":"2023-09-22T17:55:19","guid":{"rendered":"https:\/\/www.lovendal.ro\/wp52\/?p=87889"},"modified":"2023-09-22T20:55:19","modified_gmt":"2023-09-22T17:55:19","slug":"mumia-pedro-de-35-cm-e-din-anul-1700-iar-unii-cred-ca-ar-putea-fi-o-fiinta-din-alte-lumi","status":"publish","type":"post","link":"https:\/\/www.lovendal.ro\/wp52\/mumia-pedro-de-35-cm-e-din-anul-1700-iar-unii-cred-ca-ar-putea-fi-o-fiinta-din-alte-lumi\/","title":{"rendered":"Mumia Pedro de 35 cm: e din anul 1700, iar unii cred c\u0103 ar putea fi o fiin\u0163\u0103 din alte lumi"},"content":{"rendered":"<p><a href=\"https:\/\/www.lovendal.ro\/wp52\/wp-content\/uploads\/2023\/09\/mumia-Pedro-coperta.jpg\"><img loading=\"lazy\" decoding=\"async\" class=\"alignleft size-full wp-image-87890\" src=\"https:\/\/www.lovendal.ro\/wp52\/wp-content\/uploads\/2023\/09\/mumia-Pedro-coperta.jpg\" alt=\"\" width=\"353\" height=\"321\" srcset=\"https:\/\/www.lovendal.ro\/wp52\/wp-content\/uploads\/2023\/09\/mumia-Pedro-coperta.jpg 353w, https:\/\/www.lovendal.ro\/wp52\/wp-content\/uploads\/2023\/09\/mumia-Pedro-coperta-300x273.jpg 300w\" sizes=\"auto, (max-width: 353px) 100vw, 353px\" \/><\/a>Unul dintre cele mai mari mistere pe care arheologii le g\u0103sesc a fi fascinante sunt mumiile. R\u0103m\u0103\u0219i\u021bele oamenilor care au locuit cu mult \u00eenaintea noastr\u0103 sunt ca un fel de portal care s\u0103 ne duc\u0103 \u00een trecut. Ele ne permit s\u0103 afl\u0103m pu\u021bin mai multe despre civiliza\u021biile care au existat \u00eenaintea noastr\u0103.<\/p>\n<p>\u00cen iunie 1934, doi b\u0103rba\u021bi s\u0103pau \u00een mun\u021bii din San Pedro, Wyoming, SUA; scopul lor era s\u0103 g\u0103seasc\u0103 aur. Cu toate acestea, au f\u0103cut o descoperire care i-a l\u0103sat destul de nedumeri\u021bi. Ce au g\u0103sit c\u0103ut\u0103torii de aur? \u00cen timpul aventurii, cei doi c\u0103ut\u0103tori \u0219i-au dat seama c\u0103 era o mic\u0103 cavern\u0103 ascuns\u0103 \u00een ad\u00e2ncul unei st\u00e2nci groase. Pe m\u0103sur\u0103 ce au continuat cercet\u0103rile, ei au dat peste o mumie misterioas\u0103 \u00eentr-o stare foarte bun\u0103 de conservare. Privind cu aten\u021bie, au descoperit c\u0103 era o fiin\u021b\u0103 uman\u0103 foarte mic\u0103.<\/p>\n<p>C\u00e2nd oamenii care locuiau \u00een jurul muntelui au aflat c\u0103 s-ar fi g\u0103sit o mumie ciudat\u0103, au crezut c\u0103 totul este o minciun\u0103. Localnicii credeau c\u0103 este o poveste simpl\u0103 inventat\u0103 \u0219i c\u0103 r\u0103m\u0103\u0219i\u021bele sunt false, dar ele erau \u00eentr-adev\u0103r reale. El a fost supranumit &#8222;Pedro&#8221;. Mumia a\u0219ezat\u0103 m\u0103sura pu\u021bin mai pu\u021bin de 16 cm, \u00een picioare av\u00e2nd \u00een jur de 35 cm.<\/p>\n<p>C\u00e2nd a fost g\u0103sit\u0103, mumia se afla \u00eentr-o pozi\u021bie a\u0219ezat\u0103 cu picioarele \u00eencruci\u0219ate. Ochii \u00eei erau bomba\u021bi \u0219i craniul p\u0103rea mai plat dec\u00e2t \u00een \u200b\u200bmod normal. C\u00e2nd a fost g\u0103sit, Pedro era \u00eentr-o stare at\u00e2t de bun\u0103, \u00eenc\u00e2t i se puteau vedea unghiile. Pedro avea to\u021bi din\u021bii, iar pielea, \u00eenchis\u0103 \u0219i \u00eencre\u021bit\u0103, ar\u0103ta ca cea a unui b\u0103tr\u00e2n.<\/p>\n<p>Mumia a fost examinat\u0103 folosind raze X care au determinat c\u0103 era vorba de corpul unui copil anencefalic a c\u0103rui deformare cranian\u0103 i-a dat aspectul unui adult \u00een miniatur\u0103. Testele ADN au ar\u0103tat c\u0103 este vorba de un nativ american, iar datarea cu radiocarbon a spus c\u0103 mumia ar putea data din jurul anului 1700.<\/p>\n<p>Au existat \u015fi alte teorii mai bizare. \u00cen timp ce unii cred c\u0103 Pedro a fost un spiridu\u0219, al\u0163ii cred c\u0103 poate era o fiin\u021b\u0103 de origine extraterestr\u0103. Oricare ar fi originea ei, adev\u0103rul este c\u0103 ast\u0103zi nimeni nu \u0219tie cu certitudine ce-a fost Pedro&#8230;<\/p>\n<p><a href=\"https:\/\/www.lovendal.ro\/wp52\/wp-content\/uploads\/2023\/09\/mumia-Pedro.jpg\"><img loading=\"lazy\" decoding=\"async\" class=\"aligncenter size-full wp-image-87891\" src=\"https:\/\/www.lovendal.ro\/wp52\/wp-content\/uploads\/2023\/09\/mumia-Pedro.jpg\" alt=\"\" width=\"540\" height=\"285\" srcset=\"https:\/\/www.lovendal.ro\/wp52\/wp-content\/uploads\/2023\/09\/mumia-Pedro.jpg 540w, https:\/\/www.lovendal.ro\/wp52\/wp-content\/uploads\/2023\/09\/mumia-Pedro-300x158.jpg 300w\" sizes=\"auto, (max-width: 540px) 100vw, 540px\" \/><\/a><\/p>\n","protected":false},"excerpt":{"rendered":"<p>Unul dintre cele mai mari mistere pe care arheologii le g\u0103sesc a fi fascinante sunt mumiile. R\u0103m\u0103\u0219i\u021bele oamenilor care au locuit cu mult \u00eenaintea noastr\u0103 sunt ca un fel de portal care s\u0103 ne duc\u0103 \u00een trecut. Ele ne permit &#8230; <\/p>\n<p class=\"read-more-container\"><a title=\"Mumia Pedro de 35 cm: e din anul 1700, iar unii cred c\u0103 ar putea fi o fiin\u0163\u0103 din alte lumi\" class=\"read-more button\" href=\"https:\/\/www.lovendal.ro\/wp52\/mumia-pedro-de-35-cm-e-din-anul-1700-iar-unii-cred-ca-ar-putea-fi-o-fiinta-din-alte-lumi\/#more-87889\" aria-label=\"Cite\u0219te mai multe despre Mumia Pedro de 35 cm: e din anul 1700, iar unii cred c\u0103 ar putea fi o fiin\u0163\u0103 din alte lumi\">Cititi mai multe<\/a><\/p>\n","protected":false},"author":1,"featured_media":87890,"comment_status":"open","ping_status":"open","sticky":false,"template":"","format":"standard","meta":{"footnotes":""},"categories":[5040],"tags":[415,7801,685,9818,1496,5557,1542,1495,364,815,166,1953,3348,23,2983,8908],"class_list":["post-87889","post","type-post","status-publish","format-standard","has-post-thumbnail","hentry","category-bizar","tag-adn","tag-arheologi","tag-aur","tag-bizar","tag-craniu","tag-creatura","tag-dinti","tag-extraterestru","tag-mumie","tag-munti","tag-ochi","tag-piele","tag-raze-x","tag-sua","tag-unghii","tag-wyoming","resize-featured-image"],"yoast_head":"<!-- This site is optimized with the Yoast SEO Premium plugin v23.3 (Yoast SEO v27.4) - https:\/\/yoast.com\/product\/yoast-seo-premium-wordpress\/ -->\n<title>Mumia Pedro de 35 cm: e din anul 1700, iar unii cred c\u0103 ar putea fi o fiin\u0163\u0103 din alte lumi - Secretele lui Lovendal<\/title>\n<meta name=\"robots\" content=\"index, follow, max-snippet:-1, max-image-preview:large, max-video-preview:-1\" \/>\n<link rel=\"canonical\" href=\"https:\/\/www.lovendal.ro\/wp52\/mumia-pedro-de-35-cm-e-din-anul-1700-iar-unii-cred-ca-ar-putea-fi-o-fiinta-din-alte-lumi\/\" \/>\n<meta property=\"og:locale\" content=\"ro_RO\" \/>\n<meta property=\"og:type\" content=\"article\" \/>\n<meta property=\"og:title\" content=\"Mumia Pedro de 35 cm: e din anul 1700, iar unii cred c\u0103 ar putea fi o fiin\u0163\u0103 din alte lumi\" \/>\n<meta property=\"og:description\" content=\"Unul dintre cele mai mari mistere pe care arheologii le g\u0103sesc a fi fascinante sunt mumiile. R\u0103m\u0103\u0219i\u021bele oamenilor care au locuit cu mult \u00eenaintea noastr\u0103 sunt ca un fel de portal care s\u0103 ne duc\u0103 \u00een trecut. Ele ne permit ... Cititi mai multe\" \/>\n<meta property=\"og:url\" content=\"https:\/\/www.lovendal.ro\/wp52\/mumia-pedro-de-35-cm-e-din-anul-1700-iar-unii-cred-ca-ar-putea-fi-o-fiinta-din-alte-lumi\/\" \/>\n<meta property=\"og:site_name\" content=\"Secretele lui Lovendal\" \/>\n<meta property=\"article:publisher\" content=\"https:\/\/www.facebook.com\/secreteleluilovendal\" \/>\n<meta property=\"article:published_time\" content=\"2023-09-22T17:55:19+00:00\" \/>\n<meta property=\"og:image\" content=\"https:\/\/www.lovendal.ro\/wp52\/wp-content\/uploads\/2023\/09\/mumia-Pedro-coperta.jpg\" \/>\n\t<meta property=\"og:image:width\" content=\"353\" \/>\n\t<meta property=\"og:image:height\" content=\"321\" \/>\n\t<meta property=\"og:image:type\" content=\"image\/jpeg\" \/>\n<meta name=\"author\" content=\"admin\" \/>\n<meta name=\"twitter:card\" content=\"summary_large_image\" \/>\n<meta name=\"twitter:label1\" content=\"Scris de\" \/>\n\t<meta name=\"twitter:data1\" content=\"admin\" \/>\n\t<meta name=\"twitter:label2\" content=\"Timp estimat pentru citire\" \/>\n\t<meta name=\"twitter:data2\" content=\"2 minute\" \/>\n<script type=\"application\/ld+json\" class=\"yoast-schema-graph\">{\"@context\":\"https:\\\/\\\/schema.org\",\"@graph\":[{\"@type\":\"Article\",\"@id\":\"https:\\\/\\\/www.lovendal.ro\\\/wp52\\\/mumia-pedro-de-35-cm-e-din-anul-1700-iar-unii-cred-ca-ar-putea-fi-o-fiinta-din-alte-lumi\\\/#article\",\"isPartOf\":{\"@id\":\"https:\\\/\\\/www.lovendal.ro\\\/wp52\\\/mumia-pedro-de-35-cm-e-din-anul-1700-iar-unii-cred-ca-ar-putea-fi-o-fiinta-din-alte-lumi\\\/\"},\"author\":{\"name\":\"admin\",\"@id\":\"https:\\\/\\\/www.lovendal.ro\\\/wp52\\\/#\\\/schema\\\/person\\\/088691de5dfc346bb0c023e1e52ef5d9\"},\"headline\":\"Mumia Pedro de 35 cm: e din anul 1700, iar unii cred c\u0103 ar putea fi o fiin\u0163\u0103 din alte lumi\",\"datePublished\":\"2023-09-22T17:55:19+00:00\",\"mainEntityOfPage\":{\"@id\":\"https:\\\/\\\/www.lovendal.ro\\\/wp52\\\/mumia-pedro-de-35-cm-e-din-anul-1700-iar-unii-cred-ca-ar-putea-fi-o-fiinta-din-alte-lumi\\\/\"},\"wordCount\":436,\"commentCount\":0,\"publisher\":{\"@id\":\"https:\\\/\\\/www.lovendal.ro\\\/wp52\\\/#organization\"},\"image\":{\"@id\":\"https:\\\/\\\/www.lovendal.ro\\\/wp52\\\/mumia-pedro-de-35-cm-e-din-anul-1700-iar-unii-cred-ca-ar-putea-fi-o-fiinta-din-alte-lumi\\\/#primaryimage\"},\"thumbnailUrl\":\"https:\\\/\\\/www.lovendal.ro\\\/wp52\\\/wp-content\\\/uploads\\\/2023\\\/09\\\/mumia-Pedro-coperta.jpg\",\"keywords\":[\"ADN\",\"arheologi\",\"aur\",\"Bizar\",\"craniu\",\"creatur\u0103\",\"din\u0163i\",\"extraterestru\",\"mumie\",\"mun\u0163i\",\"ochi\",\"piele\",\"raze X\",\"SUA\",\"unghii\",\"Wyoming\"],\"articleSection\":[\"Bizar\"],\"inLanguage\":\"ro-RO\",\"potentialAction\":[{\"@type\":\"CommentAction\",\"name\":\"Comment\",\"target\":[\"https:\\\/\\\/www.lovendal.ro\\\/wp52\\\/mumia-pedro-de-35-cm-e-din-anul-1700-iar-unii-cred-ca-ar-putea-fi-o-fiinta-din-alte-lumi\\\/#respond\"]}]},{\"@type\":\"WebPage\",\"@id\":\"https:\\\/\\\/www.lovendal.ro\\\/wp52\\\/mumia-pedro-de-35-cm-e-din-anul-1700-iar-unii-cred-ca-ar-putea-fi-o-fiinta-din-alte-lumi\\\/\",\"url\":\"https:\\\/\\\/www.lovendal.ro\\\/wp52\\\/mumia-pedro-de-35-cm-e-din-anul-1700-iar-unii-cred-ca-ar-putea-fi-o-fiinta-din-alte-lumi\\\/\",\"name\":\"Mumia Pedro de 35 cm: e din anul 1700, iar unii cred c\u0103 ar putea fi o fiin\u0163\u0103 din alte lumi - Secretele lui Lovendal\",\"isPartOf\":{\"@id\":\"https:\\\/\\\/www.lovendal.ro\\\/wp52\\\/#website\"},\"primaryImageOfPage\":{\"@id\":\"https:\\\/\\\/www.lovendal.ro\\\/wp52\\\/mumia-pedro-de-35-cm-e-din-anul-1700-iar-unii-cred-ca-ar-putea-fi-o-fiinta-din-alte-lumi\\\/#primaryimage\"},\"image\":{\"@id\":\"https:\\\/\\\/www.lovendal.ro\\\/wp52\\\/mumia-pedro-de-35-cm-e-din-anul-1700-iar-unii-cred-ca-ar-putea-fi-o-fiinta-din-alte-lumi\\\/#primaryimage\"},\"thumbnailUrl\":\"https:\\\/\\\/www.lovendal.ro\\\/wp52\\\/wp-content\\\/uploads\\\/2023\\\/09\\\/mumia-Pedro-coperta.jpg\",\"datePublished\":\"2023-09-22T17:55:19+00:00\",\"breadcrumb\":{\"@id\":\"https:\\\/\\\/www.lovendal.ro\\\/wp52\\\/mumia-pedro-de-35-cm-e-din-anul-1700-iar-unii-cred-ca-ar-putea-fi-o-fiinta-din-alte-lumi\\\/#breadcrumb\"},\"inLanguage\":\"ro-RO\",\"potentialAction\":[{\"@type\":\"ReadAction\",\"target\":[\"https:\\\/\\\/www.lovendal.ro\\\/wp52\\\/mumia-pedro-de-35-cm-e-din-anul-1700-iar-unii-cred-ca-ar-putea-fi-o-fiinta-din-alte-lumi\\\/\"]}]},{\"@type\":\"ImageObject\",\"inLanguage\":\"ro-RO\",\"@id\":\"https:\\\/\\\/www.lovendal.ro\\\/wp52\\\/mumia-pedro-de-35-cm-e-din-anul-1700-iar-unii-cred-ca-ar-putea-fi-o-fiinta-din-alte-lumi\\\/#primaryimage\",\"url\":\"https:\\\/\\\/www.lovendal.ro\\\/wp52\\\/wp-content\\\/uploads\\\/2023\\\/09\\\/mumia-Pedro-coperta.jpg\",\"contentUrl\":\"https:\\\/\\\/www.lovendal.ro\\\/wp52\\\/wp-content\\\/uploads\\\/2023\\\/09\\\/mumia-Pedro-coperta.jpg\",\"width\":353,\"height\":321},{\"@type\":\"BreadcrumbList\",\"@id\":\"https:\\\/\\\/www.lovendal.ro\\\/wp52\\\/mumia-pedro-de-35-cm-e-din-anul-1700-iar-unii-cred-ca-ar-putea-fi-o-fiinta-din-alte-lumi\\\/#breadcrumb\",\"itemListElement\":[{\"@type\":\"ListItem\",\"position\":1,\"name\":\"Home\",\"item\":\"https:\\\/\\\/www.lovendal.ro\\\/wp52\\\/\"},{\"@type\":\"ListItem\",\"position\":2,\"name\":\"Mumia Pedro de 35 cm: e din anul 1700, iar unii cred c\u0103 ar putea fi o fiin\u0163\u0103 din alte lumi\"}]},{\"@type\":\"WebSite\",\"@id\":\"https:\\\/\\\/www.lovendal.ro\\\/wp52\\\/#website\",\"url\":\"https:\\\/\\\/www.lovendal.ro\\\/wp52\\\/\",\"name\":\"Secretele lui Lovendal\",\"description\":\"Site de secrete, stiinta si metafizica - din 2008 -\",\"publisher\":{\"@id\":\"https:\\\/\\\/www.lovendal.ro\\\/wp52\\\/#organization\"},\"potentialAction\":[{\"@type\":\"SearchAction\",\"target\":{\"@type\":\"EntryPoint\",\"urlTemplate\":\"https:\\\/\\\/www.lovendal.ro\\\/wp52\\\/?s={search_term_string}\"},\"query-input\":{\"@type\":\"PropertyValueSpecification\",\"valueRequired\":true,\"valueName\":\"search_term_string\"}}],\"inLanguage\":\"ro-RO\"},{\"@type\":\"Organization\",\"@id\":\"https:\\\/\\\/www.lovendal.ro\\\/wp52\\\/#organization\",\"name\":\"Secretele lui Lovendal\",\"url\":\"https:\\\/\\\/www.lovendal.ro\\\/wp52\\\/\",\"logo\":{\"@type\":\"ImageObject\",\"inLanguage\":\"ro-RO\",\"@id\":\"https:\\\/\\\/www.lovendal.ro\\\/wp52\\\/#\\\/schema\\\/logo\\\/image\\\/\",\"url\":\"https:\\\/\\\/www.lovendal.ro\\\/wp52\\\/wp-content\\\/uploads\\\/2024\\\/06\\\/cropped-SLL-iun-2024-1.jpg\",\"contentUrl\":\"https:\\\/\\\/www.lovendal.ro\\\/wp52\\\/wp-content\\\/uploads\\\/2024\\\/06\\\/cropped-SLL-iun-2024-1.jpg\",\"width\":771,\"height\":240,\"caption\":\"Secretele lui Lovendal\"},\"image\":{\"@id\":\"https:\\\/\\\/www.lovendal.ro\\\/wp52\\\/#\\\/schema\\\/logo\\\/image\\\/\"},\"sameAs\":[\"https:\\\/\\\/www.facebook.com\\\/secreteleluilovendal\"]},{\"@type\":\"Person\",\"@id\":\"https:\\\/\\\/www.lovendal.ro\\\/wp52\\\/#\\\/schema\\\/person\\\/088691de5dfc346bb0c023e1e52ef5d9\",\"name\":\"admin\",\"image\":{\"@type\":\"ImageObject\",\"inLanguage\":\"ro-RO\",\"@id\":\"https:\\\/\\\/secure.gravatar.com\\\/avatar\\\/ecb9cd41f5f63c9c9b989999a59f6e2639a865ec361e9db054db0679a8f341c2?s=96&d=mm&r=g\",\"url\":\"https:\\\/\\\/secure.gravatar.com\\\/avatar\\\/ecb9cd41f5f63c9c9b989999a59f6e2639a865ec361e9db054db0679a8f341c2?s=96&d=mm&r=g\",\"contentUrl\":\"https:\\\/\\\/secure.gravatar.com\\\/avatar\\\/ecb9cd41f5f63c9c9b989999a59f6e2639a865ec361e9db054db0679a8f341c2?s=96&d=mm&r=g\",\"caption\":\"admin\"},\"sameAs\":[\"https:\\\/\\\/www.lovendal.ro\\\/wp52\"]}]}<\/script>\n<!-- \/ Yoast SEO Premium plugin. -->","yoast_head_json":{"title":"Mumia Pedro de 35 cm: e din anul 1700, iar unii cred c\u0103 ar putea fi o fiin\u0163\u0103 din alte lumi - Secretele lui Lovendal","robots":{"index":"index","follow":"follow","max-snippet":"max-snippet:-1","max-image-preview":"max-image-preview:large","max-video-preview":"max-video-preview:-1"},"canonical":"https:\/\/www.lovendal.ro\/wp52\/mumia-pedro-de-35-cm-e-din-anul-1700-iar-unii-cred-ca-ar-putea-fi-o-fiinta-din-alte-lumi\/","og_locale":"ro_RO","og_type":"article","og_title":"Mumia Pedro de 35 cm: e din anul 1700, iar unii cred c\u0103 ar putea fi o fiin\u0163\u0103 din alte lumi","og_description":"Unul dintre cele mai mari mistere pe care arheologii le g\u0103sesc a fi fascinante sunt mumiile. R\u0103m\u0103\u0219i\u021bele oamenilor care au locuit cu mult \u00eenaintea noastr\u0103 sunt ca un fel de portal care s\u0103 ne duc\u0103 \u00een trecut. Ele ne permit ... Cititi mai multe","og_url":"https:\/\/www.lovendal.ro\/wp52\/mumia-pedro-de-35-cm-e-din-anul-1700-iar-unii-cred-ca-ar-putea-fi-o-fiinta-din-alte-lumi\/","og_site_name":"Secretele lui Lovendal","article_publisher":"https:\/\/www.facebook.com\/secreteleluilovendal","article_published_time":"2023-09-22T17:55:19+00:00","og_image":[{"width":353,"height":321,"url":"https:\/\/www.lovendal.ro\/wp52\/wp-content\/uploads\/2023\/09\/mumia-Pedro-coperta.jpg","type":"image\/jpeg"}],"author":"admin","twitter_card":"summary_large_image","twitter_misc":{"Scris de":"admin","Timp estimat pentru citire":"2 minute"},"schema":{"@context":"https:\/\/schema.org","@graph":[{"@type":"Article","@id":"https:\/\/www.lovendal.ro\/wp52\/mumia-pedro-de-35-cm-e-din-anul-1700-iar-unii-cred-ca-ar-putea-fi-o-fiinta-din-alte-lumi\/#article","isPartOf":{"@id":"https:\/\/www.lovendal.ro\/wp52\/mumia-pedro-de-35-cm-e-din-anul-1700-iar-unii-cred-ca-ar-putea-fi-o-fiinta-din-alte-lumi\/"},"author":{"name":"admin","@id":"https:\/\/www.lovendal.ro\/wp52\/#\/schema\/person\/088691de5dfc346bb0c023e1e52ef5d9"},"headline":"Mumia Pedro de 35 cm: e din anul 1700, iar unii cred c\u0103 ar putea fi o fiin\u0163\u0103 din alte lumi","datePublished":"2023-09-22T17:55:19+00:00","mainEntityOfPage":{"@id":"https:\/\/www.lovendal.ro\/wp52\/mumia-pedro-de-35-cm-e-din-anul-1700-iar-unii-cred-ca-ar-putea-fi-o-fiinta-din-alte-lumi\/"},"wordCount":436,"commentCount":0,"publisher":{"@id":"https:\/\/www.lovendal.ro\/wp52\/#organization"},"image":{"@id":"https:\/\/www.lovendal.ro\/wp52\/mumia-pedro-de-35-cm-e-din-anul-1700-iar-unii-cred-ca-ar-putea-fi-o-fiinta-din-alte-lumi\/#primaryimage"},"thumbnailUrl":"https:\/\/www.lovendal.ro\/wp52\/wp-content\/uploads\/2023\/09\/mumia-Pedro-coperta.jpg","keywords":["ADN","arheologi","aur","Bizar","craniu","creatur\u0103","din\u0163i","extraterestru","mumie","mun\u0163i","ochi","piele","raze X","SUA","unghii","Wyoming"],"articleSection":["Bizar"],"inLanguage":"ro-RO","potentialAction":[{"@type":"CommentAction","name":"Comment","target":["https:\/\/www.lovendal.ro\/wp52\/mumia-pedro-de-35-cm-e-din-anul-1700-iar-unii-cred-ca-ar-putea-fi-o-fiinta-din-alte-lumi\/#respond"]}]},{"@type":"WebPage","@id":"https:\/\/www.lovendal.ro\/wp52\/mumia-pedro-de-35-cm-e-din-anul-1700-iar-unii-cred-ca-ar-putea-fi-o-fiinta-din-alte-lumi\/","url":"https:\/\/www.lovendal.ro\/wp52\/mumia-pedro-de-35-cm-e-din-anul-1700-iar-unii-cred-ca-ar-putea-fi-o-fiinta-din-alte-lumi\/","name":"Mumia Pedro de 35 cm: e din anul 1700, iar unii cred c\u0103 ar putea fi o fiin\u0163\u0103 din alte lumi - Secretele lui Lovendal","isPartOf":{"@id":"https:\/\/www.lovendal.ro\/wp52\/#website"},"primaryImageOfPage":{"@id":"https:\/\/www.lovendal.ro\/wp52\/mumia-pedro-de-35-cm-e-din-anul-1700-iar-unii-cred-ca-ar-putea-fi-o-fiinta-din-alte-lumi\/#primaryimage"},"image":{"@id":"https:\/\/www.lovendal.ro\/wp52\/mumia-pedro-de-35-cm-e-din-anul-1700-iar-unii-cred-ca-ar-putea-fi-o-fiinta-din-alte-lumi\/#primaryimage"},"thumbnailUrl":"https:\/\/www.lovendal.ro\/wp52\/wp-content\/uploads\/2023\/09\/mumia-Pedro-coperta.jpg","datePublished":"2023-09-22T17:55:19+00:00","breadcrumb":{"@id":"https:\/\/www.lovendal.ro\/wp52\/mumia-pedro-de-35-cm-e-din-anul-1700-iar-unii-cred-ca-ar-putea-fi-o-fiinta-din-alte-lumi\/#breadcrumb"},"inLanguage":"ro-RO","potentialAction":[{"@type":"ReadAction","target":["https:\/\/www.lovendal.ro\/wp52\/mumia-pedro-de-35-cm-e-din-anul-1700-iar-unii-cred-ca-ar-putea-fi-o-fiinta-din-alte-lumi\/"]}]},{"@type":"ImageObject","inLanguage":"ro-RO","@id":"https:\/\/www.lovendal.ro\/wp52\/mumia-pedro-de-35-cm-e-din-anul-1700-iar-unii-cred-ca-ar-putea-fi-o-fiinta-din-alte-lumi\/#primaryimage","url":"https:\/\/www.lovendal.ro\/wp52\/wp-content\/uploads\/2023\/09\/mumia-Pedro-coperta.jpg","contentUrl":"https:\/\/www.lovendal.ro\/wp52\/wp-content\/uploads\/2023\/09\/mumia-Pedro-coperta.jpg","width":353,"height":321},{"@type":"BreadcrumbList","@id":"https:\/\/www.lovendal.ro\/wp52\/mumia-pedro-de-35-cm-e-din-anul-1700-iar-unii-cred-ca-ar-putea-fi-o-fiinta-din-alte-lumi\/#breadcrumb","itemListElement":[{"@type":"ListItem","position":1,"name":"Home","item":"https:\/\/www.lovendal.ro\/wp52\/"},{"@type":"ListItem","position":2,"name":"Mumia Pedro de 35 cm: e din anul 1700, iar unii cred c\u0103 ar putea fi o fiin\u0163\u0103 din alte lumi"}]},{"@type":"WebSite","@id":"https:\/\/www.lovendal.ro\/wp52\/#website","url":"https:\/\/www.lovendal.ro\/wp52\/","name":"Secretele lui Lovendal","description":"Site de secrete, stiinta si metafizica - din 2008 -","publisher":{"@id":"https:\/\/www.lovendal.ro\/wp52\/#organization"},"potentialAction":[{"@type":"SearchAction","target":{"@type":"EntryPoint","urlTemplate":"https:\/\/www.lovendal.ro\/wp52\/?s={search_term_string}"},"query-input":{"@type":"PropertyValueSpecification","valueRequired":true,"valueName":"search_term_string"}}],"inLanguage":"ro-RO"},{"@type":"Organization","@id":"https:\/\/www.lovendal.ro\/wp52\/#organization","name":"Secretele lui Lovendal","url":"https:\/\/www.lovendal.ro\/wp52\/","logo":{"@type":"ImageObject","inLanguage":"ro-RO","@id":"https:\/\/www.lovendal.ro\/wp52\/#\/schema\/logo\/image\/","url":"https:\/\/www.lovendal.ro\/wp52\/wp-content\/uploads\/2024\/06\/cropped-SLL-iun-2024-1.jpg","contentUrl":"https:\/\/www.lovendal.ro\/wp52\/wp-content\/uploads\/2024\/06\/cropped-SLL-iun-2024-1.jpg","width":771,"height":240,"caption":"Secretele lui Lovendal"},"image":{"@id":"https:\/\/www.lovendal.ro\/wp52\/#\/schema\/logo\/image\/"},"sameAs":["https:\/\/www.facebook.com\/secreteleluilovendal"]},{"@type":"Person","@id":"https:\/\/www.lovendal.ro\/wp52\/#\/schema\/person\/088691de5dfc346bb0c023e1e52ef5d9","name":"admin","image":{"@type":"ImageObject","inLanguage":"ro-RO","@id":"https:\/\/secure.gravatar.com\/avatar\/ecb9cd41f5f63c9c9b989999a59f6e2639a865ec361e9db054db0679a8f341c2?s=96&d=mm&r=g","url":"https:\/\/secure.gravatar.com\/avatar\/ecb9cd41f5f63c9c9b989999a59f6e2639a865ec361e9db054db0679a8f341c2?s=96&d=mm&r=g","contentUrl":"https:\/\/secure.gravatar.com\/avatar\/ecb9cd41f5f63c9c9b989999a59f6e2639a865ec361e9db054db0679a8f341c2?s=96&d=mm&r=g","caption":"admin"},"sameAs":["https:\/\/www.lovendal.ro\/wp52"]}]}},"_links":{"self":[{"href":"https:\/\/www.lovendal.ro\/wp52\/wp-json\/wp\/v2\/posts\/87889","targetHints":{"allow":["GET"]}}],"collection":[{"href":"https:\/\/www.lovendal.ro\/wp52\/wp-json\/wp\/v2\/posts"}],"about":[{"href":"https:\/\/www.lovendal.ro\/wp52\/wp-json\/wp\/v2\/types\/post"}],"author":[{"embeddable":true,"href":"https:\/\/www.lovendal.ro\/wp52\/wp-json\/wp\/v2\/users\/1"}],"replies":[{"embeddable":true,"href":"https:\/\/www.lovendal.ro\/wp52\/wp-json\/wp\/v2\/comments?post=87889"}],"version-history":[{"count":1,"href":"https:\/\/www.lovendal.ro\/wp52\/wp-json\/wp\/v2\/posts\/87889\/revisions"}],"predecessor-version":[{"id":87892,"href":"https:\/\/www.lovendal.ro\/wp52\/wp-json\/wp\/v2\/posts\/87889\/revisions\/87892"}],"wp:featuredmedia":[{"embeddable":true,"href":"https:\/\/www.lovendal.ro\/wp52\/wp-json\/wp\/v2\/media\/87890"}],"wp:attachment":[{"href":"https:\/\/www.lovendal.ro\/wp52\/wp-json\/wp\/v2\/media?parent=87889"}],"wp:term":[{"taxonomy":"category","embeddable":true,"href":"https:\/\/www.lovendal.ro\/wp52\/wp-json\/wp\/v2\/categories?post=87889"},{"taxonomy":"post_tag","embeddable":true,"href":"https:\/\/www.lovendal.ro\/wp52\/wp-json\/wp\/v2\/tags?post=87889"}],"curies":[{"name":"wp","href":"https:\/\/api.w.org\/{rel}","templated":true}]}}