{"id":87262,"date":"2023-08-03T12:20:51","date_gmt":"2023-08-03T09:20:51","guid":{"rendered":"https:\/\/www.lovendal.ro\/wp52\/?p=87262"},"modified":"2023-08-03T12:20:51","modified_gmt":"2023-08-03T09:20:51","slug":"celebrul-caz-retezat-1991-luminile-misterioase-si-halucinante-din-muntii-retezat-care-au-fost-vazute-de-7-martori","status":"publish","type":"post","link":"https:\/\/www.lovendal.ro\/wp52\/celebrul-caz-retezat-1991-luminile-misterioase-si-halucinante-din-muntii-retezat-care-au-fost-vazute-de-7-martori\/","title":{"rendered":"Celebrul caz &#8222;Retezat 1991&#8221;: luminile misterioase \u015fi halucinante din Mun\u0163ii Retezat, care au fost v\u0103zute de 7 martori"},"content":{"rendered":"<p><a href=\"https:\/\/www.lovendal.ro\/wp52\/wp-content\/uploads\/2023\/08\/avion-Retezat-OZN.jpg\"><img loading=\"lazy\" decoding=\"async\" class=\"alignleft size-full wp-image-87263\" src=\"https:\/\/www.lovendal.ro\/wp52\/wp-content\/uploads\/2023\/08\/avion-Retezat-OZN.jpg\" alt=\"\" width=\"357\" height=\"239\" srcset=\"https:\/\/www.lovendal.ro\/wp52\/wp-content\/uploads\/2023\/08\/avion-Retezat-OZN.jpg 357w, https:\/\/www.lovendal.ro\/wp52\/wp-content\/uploads\/2023\/08\/avion-Retezat-OZN-300x201.jpg 300w\" sizes=\"auto, (max-width: 357px) 100vw, 357px\" \/><\/a>\u00cen noaptea de 13 spre 14 august 1991, a avut loc o catastrof\u0103 aviatic\u0103 \u00een Mun\u021bii Retezat: un aparat de zbor IL-18, cu 6 persoane la bord, s-a pr\u0103bu\u0219it \u00een timp ce zbura spre Timi\u0219oara. Nu au fost supravie\u021buitori. Oficialii au declarat c\u0103 tragicul accident \u0219-ar fi datorat unei furtuni puternice. Dar, potrivit speciali\u0219tilor de la Institutul de Meteorologie \u0219i Hidrologie, \u00een noaptea aceea nu s-au \u00eenregistrat fenomene atmosferice deosebite \u00een zon\u0103 &#8211; nici ploi toren\u021biale \u015fi nici intensific\u0103ri notabile ale v\u00e2ntului.<\/p>\n<p>Nici ipoteza aprinderii unui motor, sus\u0163inut\u0103 de un martor ocular al pr\u0103bu\u0219irii, nu a fost validat\u0103. S-a mai spus c\u0103 ar fi fost vorba de o eroare fatal\u0103 de pilotaj, de\u015fi echipajul era alc\u0103tuit din oameni cu mare experien\u021b\u0103 de zbor.<\/p>\n<p>\u00cens\u0103, un alt eveniment avut loc cu c\u00e2teva zile \u00eenainte de accidentul avion, aproximativ \u00een acela\u015fi loc, ridic\u0103 mari semne de \u00eentrebare. Astfel, ziarul <strong><em>&#8222;Zori noi&#8221;<\/em><\/strong> din Petro\u015fani, publica \u00eenainte de 13 august 1991 faptul c\u0103 \u00een noaptea de 4 august 1994, 2 salvamonti\u015fti din Retezat (Domokos Martin \u0219i George Resiga), oameni integri \u015fi cu picioarele pe p\u0103m\u00e2nt, \u00eempreun\u0103 cu 5 turi\u015fti, au fost martorii unui fenomen ie\u015fit din comun: au v\u0103zut un OZN imens, str\u0103lucitor, care \u00ee\u015fi schimba forma \u015fi coloritul, \u00een zona Curm\u0103turii Bucurei. O stranie coinciden\u021b\u0103 &#8211; pentru c\u0103 tot evenimentul a avut locla doar 2 km de tragicul accident aviatic din 13\/14 august!<\/p>\n<p>Cercet\u0103torul Ion Hobana descrie tot evenimentul din noaptea de 4 august 1991. A\u015fadar, Domokos Martin \u0219i George Resiga (cei 2 salvamonti\u015fti) &#8211; \u00eenso\u021beau un grup de 5 turi\u0219ti pe drumul de la cabana Pietrele la baza Salvamont de l\u00e2ng\u0103 lacul Bucura. Cerul era senin. Un grup de 4 turi\u0219ti, printre care 2 fete, o luase \u00eenainte cu aproape 1 km. Pe la ora 22:45, acest grup a v\u0103zut o lumin\u0103 care se deplasa rapid. Crez\u00e2nd c\u0103 e vorba despre un turist r\u0103t\u0103cit, cei patru au \u00eenceput s\u0103 strige \u0219i s\u0103-\u0219i agite lanternele aprinse. Viteza luminii a crescut, iar mersul ei, p\u00e2n\u0103 atunci liniar, a \u00eenceput s\u0103 se desf\u0103\u0219oare \u00een zigzag. Fetele s-au speriat. Grupurile s-au reunit \u0219i cei 7 drume\u021bi au observat cum lumina, de culoare ro\u0219ie, se apropie p\u00e2n\u0103 la c\u00e2teva zeci de metri, sta\u021bioneaz\u0103 \u0219i se \u00eentoarce spre Valea Rea, de unde venise.<\/p>\n<p>Relu\u00e2ndu-\u0219i urcu\u0219ul, au v\u0103zut, spre aceea\u0219i Vale Rea, o lumin\u0103 de un alb intens. Apoi o a treia, de un albastru pal. Dup\u0103 c\u00e2teva minute, au ajuns pe Curm\u0103tura Bucurei. De acolo n-au mai v\u0103zut lumini izolate, ci o multitudine de puncte luminoase verzi, albastre, turcoaz &#8211; aceasta era culoarea dominant\u0103 &#8211; dar \u0219i galben-ro\u0219ietice \u0219i roz. Ele au luat forma unui ovoid; apoi, ovoidul s-a transformat \u00eentr-un cilindru cu conturul bine definit, acesta \u00eentr-un paralelipiped cu toate laturile luminate, apoi \u00eentr-o&#8230; inim\u0103 uria\u0219\u0103. \u00cen ultimul stadiu al observa\u021biei, luminile s-au \u00eenmul\u021bit, alc\u0103tuind ceva care sem\u0103na cu un ora\u0219. Era impresia c\u0103 te aflai \u00eentr-un avion, zbur\u00e2nd noaptea la mic\u0103 \u00een\u0103l\u021bime, deasupra unei a\u0219ez\u0103ri luminate feeric, cu bulevarde \u015fi str\u0103zi. Cu ajutorul unui binoclu puternic, martorii au observat c\u0103 fiecare lumin\u0103 avea forma unui disc, cu un hublou fosforescent. C\u00e2te lumini, at\u00e2tea hublouri!<\/p>\n<p>La un moment dat, luminile au \u00eenceput s\u0103 urce, disp\u0103r\u00e2nd \u00een \u00een\u0103l\u0163imi. Interesant c\u0103 dup\u0103 aceea, toat\u0103 zona a fost \u00eenv\u0103luit\u0103 \u00eentr-o cea\u021b\u0103 deas\u0103, prin care nu se vedea nici la c\u00e2\u021biva metri \u00een jur. De unde a ap\u0103rut aceast\u0103 cea\u0163\u0103 misterioas\u0103?<\/p>\n<p>Cei 7 martori au f\u0103cut o fars\u0103 sau avut o halucina\u021bie? Greu de spus, mai ales c\u0103 erau oameni serio\u015fi. \u00cen plus, pe 5 august 1991, deci a doua zi, postul de radio Rom\u00e2nia Actualit\u0103\u021bi a transmis vestea c\u0103 un OZN a fost observat deasupra Dun\u0103rii, la Por\u021bile de Fier. Deci, nu departe de Mun\u0163ii Retezat.<\/p>\n<p>Revenind la incidentul aviatic din 13\/14 august 1991 din Mun\u0163ii Retezat&#8230; are el vreo leg\u0103tur\u0103 cu lumini\u0163ele misterioase observate \u00een noaptea de 4 august 1991, \u00een acela\u015fi loc? Este posibil ca pr\u0103bu\u015firea avionului IL-18, la 9 zile dup\u0103 aventura montan\u0103 \u015fi la 2 kilometri de locul desf\u0103\u015fur\u0103rii acesteia, s\u0103 se fi datorat unor puternice perturba\u0163i electromagnetice, care au f\u0103cut ca aparatura de bord s\u0103 devin\u0103 inutilizabil\u0103?<\/p>\n","protected":false},"excerpt":{"rendered":"<p>\u00cen noaptea de 13 spre 14 august 1991, a avut loc o catastrof\u0103 aviatic\u0103 \u00een Mun\u021bii Retezat: un aparat de zbor IL-18, cu 6 persoane la bord, s-a pr\u0103bu\u0219it \u00een timp ce zbura spre Timi\u0219oara. Nu au fost supravie\u021buitori. Oficialii &#8230; <\/p>\n<p class=\"read-more-container\"><a title=\"Celebrul caz &#8222;Retezat 1991&#8221;: luminile misterioase \u015fi halucinante din Mun\u0163ii Retezat, care au fost v\u0103zute de 7 martori\" class=\"read-more button\" href=\"https:\/\/www.lovendal.ro\/wp52\/celebrul-caz-retezat-1991-luminile-misterioase-si-halucinante-din-muntii-retezat-care-au-fost-vazute-de-7-martori\/#more-87262\" aria-label=\"Cite\u0219te mai multe despre Celebrul caz &#8222;Retezat 1991&#8221;: luminile misterioase \u015fi halucinante din Mun\u0163ii Retezat, care au fost v\u0103zute de 7 martori\">Cititi mai multe<\/a><\/p>\n","protected":false},"author":1,"featured_media":87263,"comment_status":"open","ping_status":"open","sticky":false,"template":"","format":"standard","meta":{"footnotes":""},"categories":[475],"tags":[2647,762,1619,2258,358,6819,2487,334,975,18439,2482,1510,5416,151,50,7992,10136,232,18438,2707,4330,4937],"class_list":["post-87262","post","type-post","status-publish","format-standard","has-post-thumbnail","hentry","category-conspiratii-mistere","tag-accident","tag-avion","tag-binoclu","tag-ceata","tag-conspiratii-si-mistere","tag-dunare","tag-furtuna","tag-inima","tag-lac","tag-lacul-bucura","tag-lumini","tag-motor","tag-muntii-retezat","tag-oras","tag-ozn","tag-petrosani","tag-portile-de-fier","tag-radio","tag-salvamontist","tag-timisoara","tag-vant","tag-ziar","resize-featured-image"],"yoast_head":"<!-- This site is optimized with the Yoast SEO Premium plugin v23.3 (Yoast SEO v27.4) - https:\/\/yoast.com\/product\/yoast-seo-premium-wordpress\/ -->\n<title>Celebrul caz &quot;Retezat 1991&quot;: luminile misterioase \u015fi halucinante din Mun\u0163ii Retezat, care au fost v\u0103zute de 7 martori - Secretele lui Lovendal<\/title>\n<meta name=\"robots\" content=\"index, follow, max-snippet:-1, max-image-preview:large, max-video-preview:-1\" \/>\n<link rel=\"canonical\" href=\"https:\/\/www.lovendal.ro\/wp52\/celebrul-caz-retezat-1991-luminile-misterioase-si-halucinante-din-muntii-retezat-care-au-fost-vazute-de-7-martori\/\" \/>\n<meta property=\"og:locale\" content=\"ro_RO\" \/>\n<meta property=\"og:type\" content=\"article\" \/>\n<meta property=\"og:title\" content=\"Celebrul caz &quot;Retezat 1991&quot;: luminile misterioase \u015fi halucinante din Mun\u0163ii Retezat, care au fost v\u0103zute de 7 martori\" \/>\n<meta property=\"og:description\" content=\"\u00cen noaptea de 13 spre 14 august 1991, a avut loc o catastrof\u0103 aviatic\u0103 \u00een Mun\u021bii Retezat: un aparat de zbor IL-18, cu 6 persoane la bord, s-a pr\u0103bu\u0219it \u00een timp ce zbura spre Timi\u0219oara. Nu au fost supravie\u021buitori. Oficialii ... Cititi mai multe\" \/>\n<meta property=\"og:url\" content=\"https:\/\/www.lovendal.ro\/wp52\/celebrul-caz-retezat-1991-luminile-misterioase-si-halucinante-din-muntii-retezat-care-au-fost-vazute-de-7-martori\/\" \/>\n<meta property=\"og:site_name\" content=\"Secretele lui Lovendal\" \/>\n<meta property=\"article:publisher\" content=\"https:\/\/www.facebook.com\/secreteleluilovendal\" \/>\n<meta property=\"article:published_time\" content=\"2023-08-03T09:20:51+00:00\" \/>\n<meta property=\"og:image\" content=\"https:\/\/www.lovendal.ro\/wp52\/wp-content\/uploads\/2023\/08\/avion-Retezat-OZN.jpg\" \/>\n\t<meta property=\"og:image:width\" content=\"357\" \/>\n\t<meta property=\"og:image:height\" content=\"239\" \/>\n\t<meta property=\"og:image:type\" content=\"image\/jpeg\" \/>\n<meta name=\"author\" content=\"admin\" \/>\n<meta name=\"twitter:card\" content=\"summary_large_image\" \/>\n<meta name=\"twitter:label1\" content=\"Scris de\" \/>\n\t<meta name=\"twitter:data1\" content=\"admin\" \/>\n\t<meta name=\"twitter:label2\" content=\"Timp estimat pentru citire\" \/>\n\t<meta name=\"twitter:data2\" content=\"4 minute\" \/>\n<script type=\"application\/ld+json\" class=\"yoast-schema-graph\">{\"@context\":\"https:\\\/\\\/schema.org\",\"@graph\":[{\"@type\":\"Article\",\"@id\":\"https:\\\/\\\/www.lovendal.ro\\\/wp52\\\/celebrul-caz-retezat-1991-luminile-misterioase-si-halucinante-din-muntii-retezat-care-au-fost-vazute-de-7-martori\\\/#article\",\"isPartOf\":{\"@id\":\"https:\\\/\\\/www.lovendal.ro\\\/wp52\\\/celebrul-caz-retezat-1991-luminile-misterioase-si-halucinante-din-muntii-retezat-care-au-fost-vazute-de-7-martori\\\/\"},\"author\":{\"name\":\"admin\",\"@id\":\"https:\\\/\\\/www.lovendal.ro\\\/wp52\\\/#\\\/schema\\\/person\\\/088691de5dfc346bb0c023e1e52ef5d9\"},\"headline\":\"Celebrul caz &#8222;Retezat 1991&#8221;: luminile misterioase \u015fi halucinante din Mun\u0163ii Retezat, care au fost v\u0103zute de 7 martori\",\"datePublished\":\"2023-08-03T09:20:51+00:00\",\"mainEntityOfPage\":{\"@id\":\"https:\\\/\\\/www.lovendal.ro\\\/wp52\\\/celebrul-caz-retezat-1991-luminile-misterioase-si-halucinante-din-muntii-retezat-care-au-fost-vazute-de-7-martori\\\/\"},\"wordCount\":761,\"commentCount\":0,\"publisher\":{\"@id\":\"https:\\\/\\\/www.lovendal.ro\\\/wp52\\\/#organization\"},\"image\":{\"@id\":\"https:\\\/\\\/www.lovendal.ro\\\/wp52\\\/celebrul-caz-retezat-1991-luminile-misterioase-si-halucinante-din-muntii-retezat-care-au-fost-vazute-de-7-martori\\\/#primaryimage\"},\"thumbnailUrl\":\"https:\\\/\\\/www.lovendal.ro\\\/wp52\\\/wp-content\\\/uploads\\\/2023\\\/08\\\/avion-Retezat-OZN.jpg\",\"keywords\":[\"accident\",\"avion\",\"binoclu\",\"cea\u0163\u0103\",\"Conspiratii si Mistere\",\"Dun\u0103re\",\"furtun\u0103\",\"inim\u0103\",\"lac\",\"lacul Bucura\",\"lumini\",\"motor\",\"Mun\u0163ii Retezat\",\"ora\u015f\",\"OZN\",\"Petro\u015fani\",\"Por\u0163ile de Fier\",\"radio\",\"salvamontist\",\"Timi\u015foara\",\"v\u00e2nt\",\"ziar\"],\"articleSection\":[\"Conspiratii si Mistere\"],\"inLanguage\":\"ro-RO\",\"potentialAction\":[{\"@type\":\"CommentAction\",\"name\":\"Comment\",\"target\":[\"https:\\\/\\\/www.lovendal.ro\\\/wp52\\\/celebrul-caz-retezat-1991-luminile-misterioase-si-halucinante-din-muntii-retezat-care-au-fost-vazute-de-7-martori\\\/#respond\"]}]},{\"@type\":\"WebPage\",\"@id\":\"https:\\\/\\\/www.lovendal.ro\\\/wp52\\\/celebrul-caz-retezat-1991-luminile-misterioase-si-halucinante-din-muntii-retezat-care-au-fost-vazute-de-7-martori\\\/\",\"url\":\"https:\\\/\\\/www.lovendal.ro\\\/wp52\\\/celebrul-caz-retezat-1991-luminile-misterioase-si-halucinante-din-muntii-retezat-care-au-fost-vazute-de-7-martori\\\/\",\"name\":\"Celebrul caz \\\"Retezat 1991\\\": luminile misterioase \u015fi halucinante din Mun\u0163ii Retezat, care au fost v\u0103zute de 7 martori - Secretele lui Lovendal\",\"isPartOf\":{\"@id\":\"https:\\\/\\\/www.lovendal.ro\\\/wp52\\\/#website\"},\"primaryImageOfPage\":{\"@id\":\"https:\\\/\\\/www.lovendal.ro\\\/wp52\\\/celebrul-caz-retezat-1991-luminile-misterioase-si-halucinante-din-muntii-retezat-care-au-fost-vazute-de-7-martori\\\/#primaryimage\"},\"image\":{\"@id\":\"https:\\\/\\\/www.lovendal.ro\\\/wp52\\\/celebrul-caz-retezat-1991-luminile-misterioase-si-halucinante-din-muntii-retezat-care-au-fost-vazute-de-7-martori\\\/#primaryimage\"},\"thumbnailUrl\":\"https:\\\/\\\/www.lovendal.ro\\\/wp52\\\/wp-content\\\/uploads\\\/2023\\\/08\\\/avion-Retezat-OZN.jpg\",\"datePublished\":\"2023-08-03T09:20:51+00:00\",\"breadcrumb\":{\"@id\":\"https:\\\/\\\/www.lovendal.ro\\\/wp52\\\/celebrul-caz-retezat-1991-luminile-misterioase-si-halucinante-din-muntii-retezat-care-au-fost-vazute-de-7-martori\\\/#breadcrumb\"},\"inLanguage\":\"ro-RO\",\"potentialAction\":[{\"@type\":\"ReadAction\",\"target\":[\"https:\\\/\\\/www.lovendal.ro\\\/wp52\\\/celebrul-caz-retezat-1991-luminile-misterioase-si-halucinante-din-muntii-retezat-care-au-fost-vazute-de-7-martori\\\/\"]}]},{\"@type\":\"ImageObject\",\"inLanguage\":\"ro-RO\",\"@id\":\"https:\\\/\\\/www.lovendal.ro\\\/wp52\\\/celebrul-caz-retezat-1991-luminile-misterioase-si-halucinante-din-muntii-retezat-care-au-fost-vazute-de-7-martori\\\/#primaryimage\",\"url\":\"https:\\\/\\\/www.lovendal.ro\\\/wp52\\\/wp-content\\\/uploads\\\/2023\\\/08\\\/avion-Retezat-OZN.jpg\",\"contentUrl\":\"https:\\\/\\\/www.lovendal.ro\\\/wp52\\\/wp-content\\\/uploads\\\/2023\\\/08\\\/avion-Retezat-OZN.jpg\",\"width\":357,\"height\":239},{\"@type\":\"BreadcrumbList\",\"@id\":\"https:\\\/\\\/www.lovendal.ro\\\/wp52\\\/celebrul-caz-retezat-1991-luminile-misterioase-si-halucinante-din-muntii-retezat-care-au-fost-vazute-de-7-martori\\\/#breadcrumb\",\"itemListElement\":[{\"@type\":\"ListItem\",\"position\":1,\"name\":\"Home\",\"item\":\"https:\\\/\\\/www.lovendal.ro\\\/wp52\\\/\"},{\"@type\":\"ListItem\",\"position\":2,\"name\":\"Celebrul caz &#8222;Retezat 1991&#8221;: luminile misterioase \u015fi halucinante din Mun\u0163ii Retezat, care au fost v\u0103zute de 7 martori\"}]},{\"@type\":\"WebSite\",\"@id\":\"https:\\\/\\\/www.lovendal.ro\\\/wp52\\\/#website\",\"url\":\"https:\\\/\\\/www.lovendal.ro\\\/wp52\\\/\",\"name\":\"Secretele lui Lovendal\",\"description\":\"Site de secrete, stiinta si metafizica - din 2008 -\",\"publisher\":{\"@id\":\"https:\\\/\\\/www.lovendal.ro\\\/wp52\\\/#organization\"},\"potentialAction\":[{\"@type\":\"SearchAction\",\"target\":{\"@type\":\"EntryPoint\",\"urlTemplate\":\"https:\\\/\\\/www.lovendal.ro\\\/wp52\\\/?s={search_term_string}\"},\"query-input\":{\"@type\":\"PropertyValueSpecification\",\"valueRequired\":true,\"valueName\":\"search_term_string\"}}],\"inLanguage\":\"ro-RO\"},{\"@type\":\"Organization\",\"@id\":\"https:\\\/\\\/www.lovendal.ro\\\/wp52\\\/#organization\",\"name\":\"Secretele lui Lovendal\",\"url\":\"https:\\\/\\\/www.lovendal.ro\\\/wp52\\\/\",\"logo\":{\"@type\":\"ImageObject\",\"inLanguage\":\"ro-RO\",\"@id\":\"https:\\\/\\\/www.lovendal.ro\\\/wp52\\\/#\\\/schema\\\/logo\\\/image\\\/\",\"url\":\"https:\\\/\\\/www.lovendal.ro\\\/wp52\\\/wp-content\\\/uploads\\\/2024\\\/06\\\/cropped-SLL-iun-2024-1.jpg\",\"contentUrl\":\"https:\\\/\\\/www.lovendal.ro\\\/wp52\\\/wp-content\\\/uploads\\\/2024\\\/06\\\/cropped-SLL-iun-2024-1.jpg\",\"width\":771,\"height\":240,\"caption\":\"Secretele lui Lovendal\"},\"image\":{\"@id\":\"https:\\\/\\\/www.lovendal.ro\\\/wp52\\\/#\\\/schema\\\/logo\\\/image\\\/\"},\"sameAs\":[\"https:\\\/\\\/www.facebook.com\\\/secreteleluilovendal\"]},{\"@type\":\"Person\",\"@id\":\"https:\\\/\\\/www.lovendal.ro\\\/wp52\\\/#\\\/schema\\\/person\\\/088691de5dfc346bb0c023e1e52ef5d9\",\"name\":\"admin\",\"image\":{\"@type\":\"ImageObject\",\"inLanguage\":\"ro-RO\",\"@id\":\"https:\\\/\\\/secure.gravatar.com\\\/avatar\\\/ecb9cd41f5f63c9c9b989999a59f6e2639a865ec361e9db054db0679a8f341c2?s=96&d=mm&r=g\",\"url\":\"https:\\\/\\\/secure.gravatar.com\\\/avatar\\\/ecb9cd41f5f63c9c9b989999a59f6e2639a865ec361e9db054db0679a8f341c2?s=96&d=mm&r=g\",\"contentUrl\":\"https:\\\/\\\/secure.gravatar.com\\\/avatar\\\/ecb9cd41f5f63c9c9b989999a59f6e2639a865ec361e9db054db0679a8f341c2?s=96&d=mm&r=g\",\"caption\":\"admin\"},\"sameAs\":[\"https:\\\/\\\/www.lovendal.ro\\\/wp52\"]}]}<\/script>\n<!-- \/ Yoast SEO Premium plugin. -->","yoast_head_json":{"title":"Celebrul caz \"Retezat 1991\": luminile misterioase \u015fi halucinante din Mun\u0163ii Retezat, care au fost v\u0103zute de 7 martori - Secretele lui Lovendal","robots":{"index":"index","follow":"follow","max-snippet":"max-snippet:-1","max-image-preview":"max-image-preview:large","max-video-preview":"max-video-preview:-1"},"canonical":"https:\/\/www.lovendal.ro\/wp52\/celebrul-caz-retezat-1991-luminile-misterioase-si-halucinante-din-muntii-retezat-care-au-fost-vazute-de-7-martori\/","og_locale":"ro_RO","og_type":"article","og_title":"Celebrul caz \"Retezat 1991\": luminile misterioase \u015fi halucinante din Mun\u0163ii Retezat, care au fost v\u0103zute de 7 martori","og_description":"\u00cen noaptea de 13 spre 14 august 1991, a avut loc o catastrof\u0103 aviatic\u0103 \u00een Mun\u021bii Retezat: un aparat de zbor IL-18, cu 6 persoane la bord, s-a pr\u0103bu\u0219it \u00een timp ce zbura spre Timi\u0219oara. Nu au fost supravie\u021buitori. Oficialii ... Cititi mai multe","og_url":"https:\/\/www.lovendal.ro\/wp52\/celebrul-caz-retezat-1991-luminile-misterioase-si-halucinante-din-muntii-retezat-care-au-fost-vazute-de-7-martori\/","og_site_name":"Secretele lui Lovendal","article_publisher":"https:\/\/www.facebook.com\/secreteleluilovendal","article_published_time":"2023-08-03T09:20:51+00:00","og_image":[{"width":357,"height":239,"url":"https:\/\/www.lovendal.ro\/wp52\/wp-content\/uploads\/2023\/08\/avion-Retezat-OZN.jpg","type":"image\/jpeg"}],"author":"admin","twitter_card":"summary_large_image","twitter_misc":{"Scris de":"admin","Timp estimat pentru citire":"4 minute"},"schema":{"@context":"https:\/\/schema.org","@graph":[{"@type":"Article","@id":"https:\/\/www.lovendal.ro\/wp52\/celebrul-caz-retezat-1991-luminile-misterioase-si-halucinante-din-muntii-retezat-care-au-fost-vazute-de-7-martori\/#article","isPartOf":{"@id":"https:\/\/www.lovendal.ro\/wp52\/celebrul-caz-retezat-1991-luminile-misterioase-si-halucinante-din-muntii-retezat-care-au-fost-vazute-de-7-martori\/"},"author":{"name":"admin","@id":"https:\/\/www.lovendal.ro\/wp52\/#\/schema\/person\/088691de5dfc346bb0c023e1e52ef5d9"},"headline":"Celebrul caz &#8222;Retezat 1991&#8221;: luminile misterioase \u015fi halucinante din Mun\u0163ii Retezat, care au fost v\u0103zute de 7 martori","datePublished":"2023-08-03T09:20:51+00:00","mainEntityOfPage":{"@id":"https:\/\/www.lovendal.ro\/wp52\/celebrul-caz-retezat-1991-luminile-misterioase-si-halucinante-din-muntii-retezat-care-au-fost-vazute-de-7-martori\/"},"wordCount":761,"commentCount":0,"publisher":{"@id":"https:\/\/www.lovendal.ro\/wp52\/#organization"},"image":{"@id":"https:\/\/www.lovendal.ro\/wp52\/celebrul-caz-retezat-1991-luminile-misterioase-si-halucinante-din-muntii-retezat-care-au-fost-vazute-de-7-martori\/#primaryimage"},"thumbnailUrl":"https:\/\/www.lovendal.ro\/wp52\/wp-content\/uploads\/2023\/08\/avion-Retezat-OZN.jpg","keywords":["accident","avion","binoclu","cea\u0163\u0103","Conspiratii si Mistere","Dun\u0103re","furtun\u0103","inim\u0103","lac","lacul Bucura","lumini","motor","Mun\u0163ii Retezat","ora\u015f","OZN","Petro\u015fani","Por\u0163ile de Fier","radio","salvamontist","Timi\u015foara","v\u00e2nt","ziar"],"articleSection":["Conspiratii si Mistere"],"inLanguage":"ro-RO","potentialAction":[{"@type":"CommentAction","name":"Comment","target":["https:\/\/www.lovendal.ro\/wp52\/celebrul-caz-retezat-1991-luminile-misterioase-si-halucinante-din-muntii-retezat-care-au-fost-vazute-de-7-martori\/#respond"]}]},{"@type":"WebPage","@id":"https:\/\/www.lovendal.ro\/wp52\/celebrul-caz-retezat-1991-luminile-misterioase-si-halucinante-din-muntii-retezat-care-au-fost-vazute-de-7-martori\/","url":"https:\/\/www.lovendal.ro\/wp52\/celebrul-caz-retezat-1991-luminile-misterioase-si-halucinante-din-muntii-retezat-care-au-fost-vazute-de-7-martori\/","name":"Celebrul caz \"Retezat 1991\": luminile misterioase \u015fi halucinante din Mun\u0163ii Retezat, care au fost v\u0103zute de 7 martori - Secretele lui Lovendal","isPartOf":{"@id":"https:\/\/www.lovendal.ro\/wp52\/#website"},"primaryImageOfPage":{"@id":"https:\/\/www.lovendal.ro\/wp52\/celebrul-caz-retezat-1991-luminile-misterioase-si-halucinante-din-muntii-retezat-care-au-fost-vazute-de-7-martori\/#primaryimage"},"image":{"@id":"https:\/\/www.lovendal.ro\/wp52\/celebrul-caz-retezat-1991-luminile-misterioase-si-halucinante-din-muntii-retezat-care-au-fost-vazute-de-7-martori\/#primaryimage"},"thumbnailUrl":"https:\/\/www.lovendal.ro\/wp52\/wp-content\/uploads\/2023\/08\/avion-Retezat-OZN.jpg","datePublished":"2023-08-03T09:20:51+00:00","breadcrumb":{"@id":"https:\/\/www.lovendal.ro\/wp52\/celebrul-caz-retezat-1991-luminile-misterioase-si-halucinante-din-muntii-retezat-care-au-fost-vazute-de-7-martori\/#breadcrumb"},"inLanguage":"ro-RO","potentialAction":[{"@type":"ReadAction","target":["https:\/\/www.lovendal.ro\/wp52\/celebrul-caz-retezat-1991-luminile-misterioase-si-halucinante-din-muntii-retezat-care-au-fost-vazute-de-7-martori\/"]}]},{"@type":"ImageObject","inLanguage":"ro-RO","@id":"https:\/\/www.lovendal.ro\/wp52\/celebrul-caz-retezat-1991-luminile-misterioase-si-halucinante-din-muntii-retezat-care-au-fost-vazute-de-7-martori\/#primaryimage","url":"https:\/\/www.lovendal.ro\/wp52\/wp-content\/uploads\/2023\/08\/avion-Retezat-OZN.jpg","contentUrl":"https:\/\/www.lovendal.ro\/wp52\/wp-content\/uploads\/2023\/08\/avion-Retezat-OZN.jpg","width":357,"height":239},{"@type":"BreadcrumbList","@id":"https:\/\/www.lovendal.ro\/wp52\/celebrul-caz-retezat-1991-luminile-misterioase-si-halucinante-din-muntii-retezat-care-au-fost-vazute-de-7-martori\/#breadcrumb","itemListElement":[{"@type":"ListItem","position":1,"name":"Home","item":"https:\/\/www.lovendal.ro\/wp52\/"},{"@type":"ListItem","position":2,"name":"Celebrul caz &#8222;Retezat 1991&#8221;: luminile misterioase \u015fi halucinante din Mun\u0163ii Retezat, care au fost v\u0103zute de 7 martori"}]},{"@type":"WebSite","@id":"https:\/\/www.lovendal.ro\/wp52\/#website","url":"https:\/\/www.lovendal.ro\/wp52\/","name":"Secretele lui Lovendal","description":"Site de secrete, stiinta si metafizica - din 2008 -","publisher":{"@id":"https:\/\/www.lovendal.ro\/wp52\/#organization"},"potentialAction":[{"@type":"SearchAction","target":{"@type":"EntryPoint","urlTemplate":"https:\/\/www.lovendal.ro\/wp52\/?s={search_term_string}"},"query-input":{"@type":"PropertyValueSpecification","valueRequired":true,"valueName":"search_term_string"}}],"inLanguage":"ro-RO"},{"@type":"Organization","@id":"https:\/\/www.lovendal.ro\/wp52\/#organization","name":"Secretele lui Lovendal","url":"https:\/\/www.lovendal.ro\/wp52\/","logo":{"@type":"ImageObject","inLanguage":"ro-RO","@id":"https:\/\/www.lovendal.ro\/wp52\/#\/schema\/logo\/image\/","url":"https:\/\/www.lovendal.ro\/wp52\/wp-content\/uploads\/2024\/06\/cropped-SLL-iun-2024-1.jpg","contentUrl":"https:\/\/www.lovendal.ro\/wp52\/wp-content\/uploads\/2024\/06\/cropped-SLL-iun-2024-1.jpg","width":771,"height":240,"caption":"Secretele lui Lovendal"},"image":{"@id":"https:\/\/www.lovendal.ro\/wp52\/#\/schema\/logo\/image\/"},"sameAs":["https:\/\/www.facebook.com\/secreteleluilovendal"]},{"@type":"Person","@id":"https:\/\/www.lovendal.ro\/wp52\/#\/schema\/person\/088691de5dfc346bb0c023e1e52ef5d9","name":"admin","image":{"@type":"ImageObject","inLanguage":"ro-RO","@id":"https:\/\/secure.gravatar.com\/avatar\/ecb9cd41f5f63c9c9b989999a59f6e2639a865ec361e9db054db0679a8f341c2?s=96&d=mm&r=g","url":"https:\/\/secure.gravatar.com\/avatar\/ecb9cd41f5f63c9c9b989999a59f6e2639a865ec361e9db054db0679a8f341c2?s=96&d=mm&r=g","contentUrl":"https:\/\/secure.gravatar.com\/avatar\/ecb9cd41f5f63c9c9b989999a59f6e2639a865ec361e9db054db0679a8f341c2?s=96&d=mm&r=g","caption":"admin"},"sameAs":["https:\/\/www.lovendal.ro\/wp52"]}]}},"_links":{"self":[{"href":"https:\/\/www.lovendal.ro\/wp52\/wp-json\/wp\/v2\/posts\/87262","targetHints":{"allow":["GET"]}}],"collection":[{"href":"https:\/\/www.lovendal.ro\/wp52\/wp-json\/wp\/v2\/posts"}],"about":[{"href":"https:\/\/www.lovendal.ro\/wp52\/wp-json\/wp\/v2\/types\/post"}],"author":[{"embeddable":true,"href":"https:\/\/www.lovendal.ro\/wp52\/wp-json\/wp\/v2\/users\/1"}],"replies":[{"embeddable":true,"href":"https:\/\/www.lovendal.ro\/wp52\/wp-json\/wp\/v2\/comments?post=87262"}],"version-history":[{"count":1,"href":"https:\/\/www.lovendal.ro\/wp52\/wp-json\/wp\/v2\/posts\/87262\/revisions"}],"predecessor-version":[{"id":87264,"href":"https:\/\/www.lovendal.ro\/wp52\/wp-json\/wp\/v2\/posts\/87262\/revisions\/87264"}],"wp:featuredmedia":[{"embeddable":true,"href":"https:\/\/www.lovendal.ro\/wp52\/wp-json\/wp\/v2\/media\/87263"}],"wp:attachment":[{"href":"https:\/\/www.lovendal.ro\/wp52\/wp-json\/wp\/v2\/media?parent=87262"}],"wp:term":[{"taxonomy":"category","embeddable":true,"href":"https:\/\/www.lovendal.ro\/wp52\/wp-json\/wp\/v2\/categories?post=87262"},{"taxonomy":"post_tag","embeddable":true,"href":"https:\/\/www.lovendal.ro\/wp52\/wp-json\/wp\/v2\/tags?post=87262"}],"curies":[{"name":"wp","href":"https:\/\/api.w.org\/{rel}","templated":true}]}}