{"id":87239,"date":"2023-07-30T17:52:23","date_gmt":"2023-07-30T14:52:23","guid":{"rendered":"https:\/\/www.lovendal.ro\/wp52\/?p=87239"},"modified":"2023-07-30T17:52:23","modified_gmt":"2023-07-30T14:52:23","slug":"n-ati-vazut-niciodata-oameni-umbra-cu-coada-ochiului-teorii-uluitoare","status":"publish","type":"post","link":"https:\/\/www.lovendal.ro\/wp52\/n-ati-vazut-niciodata-oameni-umbra-cu-coada-ochiului-teorii-uluitoare\/","title":{"rendered":"N-a\u0163i v\u0103zut niciodat\u0103 oameni-umbr\u0103, cu coada ochiului? Teorii uluitoare"},"content":{"rendered":"<p><a href=\"https:\/\/www.lovendal.ro\/wp52\/wp-content\/uploads\/2023\/07\/oameni-umbra.jpg\"><img loading=\"lazy\" decoding=\"async\" class=\"alignleft size-full wp-image-87240\" src=\"https:\/\/www.lovendal.ro\/wp52\/wp-content\/uploads\/2023\/07\/oameni-umbra.jpg\" alt=\"\" width=\"340\" height=\"216\" srcset=\"https:\/\/www.lovendal.ro\/wp52\/wp-content\/uploads\/2023\/07\/oameni-umbra.jpg 340w, https:\/\/www.lovendal.ro\/wp52\/wp-content\/uploads\/2023\/07\/oameni-umbra-300x191.jpg 300w\" sizes=\"auto, (max-width: 340px) 100vw, 340px\" \/><\/a>Exist\u0103 un interes din ce \u00een ce mai mare pentru fenomenul oamenilor-umbr\u0103. Ce sunt ei? Fantome? Fiin\u021be interdimensionale? C\u0103l\u0103tori \u00een timp? Altceva?<\/p>\n<p>Cite\u015fti, st\u00e2nd confortabil pe canapea \u00een lumina slab\u0103, c\u00e2nd o mi\u0219care prin camer\u0103 \u021bi-a atras aten\u021bia. P\u0103rea ceva \u00eentunecat, dar nu era nimic acolo. Te-ai \u00eentors la lectur\u0103 \u2013 \u0219i o clip\u0103 mai t\u00e2rziu a ap\u0103rut din nou. Ai ridicat rapid privirea de data asta \u0219i ai v\u0103zut forma trec\u0103toare, dar deosebit de uman\u0103, a umbrei trec\u00e2nd rapid peste peretele \u00eendep\u0103rtat \u2013 \u0219i disp\u0103r\u00e2nd. Ce-a fost asta? A fost o umbr\u0103 natural\u0103? Imagina\u021bia ta? Sau o fantom\u0103?<\/p>\n<p>Cei care experimenteaz\u0103 \u0219i studiaz\u0103 fenomenul oamenilor-umbr\u0103 spun c\u0103 aceste entit\u0103\u021bi aproape \u00eentotdeauna erau v\u0103zute cu coada ochiului \u0219i foarte scurt. Dar, din ce \u00een ce mai mult, oamenii \u00eencep s\u0103 le vad\u0103 direct \u0219i pentru perioade mai lungi de timp. Unii cunosc\u0103tori m\u0103rturisesc c\u0103 i-au v\u0103zut chiar \u0219i ochii (de obicei ro\u0219ii) acestor fiin\u021be din umbr\u0103.<\/p>\n<p>Au fost oferite mai multe teorii cu privire la ce sunt oamenii-umbr\u0103 \u0219i de unde provin ei.<\/p>\n<p><strong><em>Imagina\u021bie<\/em><\/strong><\/p>\n<p>Explica\u021bia pe care o primim de la sceptici \u0219i de la \u0219tiin\u021ba curent\u0103 este aceea c\u0103 oamenii-umbr\u0103 nu reprezint\u0103 altceva dec\u00e2t imagina\u021bia uman\u0103 activ\u0103. Min\u021bile noastre ne joac\u0103 feste, ochii no\u0219tri v\u0103d lucruri \u00eentr-o frac\u021biune de secund\u0103 care nu sunt cu adev\u0103rat acolo &#8211; iluzii. \u0218i f\u0103r\u0103 \u00eendoial\u0103, aceste explica\u021bii probabil pot explica unele, dac\u0103 nu multe experien\u021be. Ochiul \u0219i mintea uman\u0103 sunt u\u0219or de p\u0103c\u0103lit. Dar pot ele explica toate cazurile?<\/p>\n<p><strong><em>Fantome<\/em><\/strong><\/p>\n<p>Pentru a numi aceste entit\u0103\u021bi fantome necesit\u0103 mai \u00eent\u00e2i o defini\u021bie a ceea ce \u00een\u021belegem prin fantome. Oamenii-umbr\u0103 sunt oarecum diferi\u021bi de fenomenul fantomelor. \u00cen timp ce fantomele sunt aproape \u00eentotdeauna de un alb ce\u021bos, av\u00e2nd o form\u0103 \u0219i o \u00eenf\u0103\u021bi\u0219are uman\u0103 vizibil\u0103, fiin\u021bele din umbr\u0103 sunt mult mai \u00eentunecate \u0219i mai asem\u0103n\u0103toare umbrelor, lipsind detaliile aspectului lor. Acest lucru este \u00een contrast cu multe vederi de fantome, \u00een care martorul poate descrie tr\u0103s\u0103turile faciale ale fantomei, stilul de \u00eembr\u0103c\u0103minte \u0219i alte detalii. Singurul detaliu observat cel mai des \u00eentr-o umbr\u0103 sunt ochii ro\u0219ii str\u0103lucitori.<\/p>\n<p><strong><em>Demoni sau alte entit\u0103\u021bi spirituale<\/em><\/strong><\/p>\n<p>Fa\u021ba \u00eentunecat\u0103 \u0219i sentimentele r\u0103uvoitoare care sunt adesea raportate \u00een asociere cu aceste creaturi, i-a determinat pe unii cercet\u0103tori s\u0103 speculeze c\u0103 oamenii-umbr\u0103 ar putea fi de origine demonic\u0103. Dac\u0103 sunt demoni, trebuie s\u0103 ne \u00eentreb\u0103m care este scopul sau inten\u021bia lor de a se l\u0103sa v\u0103zu\u021bi \u00een acest fel. Este doar pentru a ne speria?<\/p>\n<p><strong><em>Corpuri astrale<\/em><\/strong><\/p>\n<p>O teorie sugereaz\u0103 c\u0103 oamenii-umbr\u0103 sunt umbrele sau esen\u021bele oamenilor care au experien\u021be \u00een afara corpului. Potrivit lui Jerry Gross, profesor de c\u0103l\u0103torii astrale, cu to\u021bii c\u0103l\u0103torim \u00een afara corpului c\u00e2nd dormim. Poate c\u0103, spune aceast\u0103 teorie, vedem corpurile astrale efemere ale acestor c\u0103l\u0103tori \u00een amurg.<\/p>\n<p><strong><em>C\u0103l\u0103tori \u00een timp<\/em><\/strong><\/p>\n<p>O alt\u0103 teorie este c\u0103 oamenii din viitor ar fi putut g\u0103si mijloacele de a c\u0103l\u0103tori \u00een trecut &#8211; timpul nostru. Ei sunt capabili s\u0103 realizeze aceast\u0103 isprav\u0103 incredibil\u0103, poate \u00een aceast\u0103 stare; de aceea, ni se par doar ca ni\u0219te umbre trec\u0103toare \u00een timp ce observ\u0103 evenimentele din linia noastr\u0103 temporal\u0103.<\/p>\n<p><strong><em>Fiin\u021be interdimensionale<\/em><\/strong><\/p>\n<p>Chiar \u0219i \u0219tiin\u021ba oficial\u0103 este destul de convins\u0103 c\u0103 exist\u0103 alte dimensiuni dec\u00e2t cele trei pe care le locuim. \u0218i dac\u0103 aceste alte dimensiuni exist\u0103, cine sau ce (dac\u0103 este ceva) le locuie\u0219te? Unii teoreticieni spun c\u0103 aceste dimensiuni sunt paralele \u0219i foarte apropiate de ale noastre, de\u0219i invizibile pentru noi. \u0218i dac\u0103 exist\u0103 locuitori \u00een aceste alte dimensiuni, este posibil ca ace\u0219tia s\u0103 fi g\u0103sit o modalitate de a p\u0103trunde \u00een dimensiunea noastr\u0103 \u0219i de a deveni, cel pu\u021bin par\u021bial, vizibili? Dac\u0103 da, ar putea foarte bine s\u0103 apar\u0103 ca umbre.<\/p>\n<p>Nu exist\u0103 nicio modalitate de a dovedi sau de a infirma vreo teorie despre un fenomen at\u00e2t de misterios, care se \u00eent\u00e2mpl\u0103 at\u00e2t de repede \u0219i f\u0103r\u0103 avertisment. \u0218tiin\u021ba consider\u0103 c\u0103 este practic imposibil s\u0103 catalogheze sau s\u0103 studieze astfel de fenomene \u00een orice mod metodic. Tot ce putem face, \u00een prezent, este s\u0103 document\u0103m experien\u021bele personale \u0219i s\u0103 \u00eencerc\u0103m s\u0103 le punem cap la cap pentru ceea ce ar putea fi fenomenul oamenilor-umbr\u0103.<\/p>\n","protected":false},"excerpt":{"rendered":"<p>Exist\u0103 un interes din ce \u00een ce mai mare pentru fenomenul oamenilor-umbr\u0103. Ce sunt ei? Fantome? Fiin\u021be interdimensionale? C\u0103l\u0103tori \u00een timp? Altceva? Cite\u015fti, st\u00e2nd confortabil pe canapea \u00een lumina slab\u0103, c\u00e2nd o mi\u0219care prin camer\u0103 \u021bi-a atras aten\u021bia. P\u0103rea ceva &#8230; <\/p>\n<p class=\"read-more-container\"><a title=\"N-a\u0163i v\u0103zut niciodat\u0103 oameni-umbr\u0103, cu coada ochiului? Teorii uluitoare\" class=\"read-more button\" href=\"https:\/\/www.lovendal.ro\/wp52\/n-ati-vazut-niciodata-oameni-umbra-cu-coada-ochiului-teorii-uluitoare\/#more-87239\" aria-label=\"Cite\u0219te mai multe despre N-a\u0163i v\u0103zut niciodat\u0103 oameni-umbr\u0103, cu coada ochiului? Teorii uluitoare\">Cititi mai multe<\/a><\/p>\n","protected":false},"author":1,"featured_media":87240,"comment_status":"open","ping_status":"open","sticky":false,"template":"","format":"standard","meta":{"footnotes":""},"categories":[14],"tags":[10391,4290,1922,4527,121,1173,2011,166,9796,4255],"class_list":["post-87239","post","type-post","status-publish","format-standard","has-post-thumbnail","hentry","category-paranormal-spiritualitate","tag-calator-in-timp","tag-corp-astral","tag-demoni","tag-dimensiune","tag-fantome","tag-imaginatie","tag-oameni-umbra","tag-ochi","tag-paranormal-spiritualitate","tag-umbra","resize-featured-image"],"yoast_head":"<!-- This site is optimized with the Yoast SEO Premium plugin v23.3 (Yoast SEO v27.4) - https:\/\/yoast.com\/product\/yoast-seo-premium-wordpress\/ -->\n<title>N-a\u0163i v\u0103zut niciodat\u0103 oameni-umbr\u0103, cu coada ochiului? Teorii uluitoare - Secretele lui Lovendal<\/title>\n<meta name=\"robots\" content=\"index, follow, max-snippet:-1, max-image-preview:large, max-video-preview:-1\" \/>\n<link rel=\"canonical\" href=\"https:\/\/www.lovendal.ro\/wp52\/n-ati-vazut-niciodata-oameni-umbra-cu-coada-ochiului-teorii-uluitoare\/\" \/>\n<meta property=\"og:locale\" content=\"ro_RO\" \/>\n<meta property=\"og:type\" content=\"article\" \/>\n<meta property=\"og:title\" content=\"N-a\u0163i v\u0103zut niciodat\u0103 oameni-umbr\u0103, cu coada ochiului? Teorii uluitoare\" \/>\n<meta property=\"og:description\" content=\"Exist\u0103 un interes din ce \u00een ce mai mare pentru fenomenul oamenilor-umbr\u0103. Ce sunt ei? Fantome? Fiin\u021be interdimensionale? C\u0103l\u0103tori \u00een timp? Altceva? Cite\u015fti, st\u00e2nd confortabil pe canapea \u00een lumina slab\u0103, c\u00e2nd o mi\u0219care prin camer\u0103 \u021bi-a atras aten\u021bia. P\u0103rea ceva ... Cititi mai multe\" \/>\n<meta property=\"og:url\" content=\"https:\/\/www.lovendal.ro\/wp52\/n-ati-vazut-niciodata-oameni-umbra-cu-coada-ochiului-teorii-uluitoare\/\" \/>\n<meta property=\"og:site_name\" content=\"Secretele lui Lovendal\" \/>\n<meta property=\"article:publisher\" content=\"https:\/\/www.facebook.com\/secreteleluilovendal\" \/>\n<meta property=\"article:published_time\" content=\"2023-07-30T14:52:23+00:00\" \/>\n<meta property=\"og:image\" content=\"https:\/\/www.lovendal.ro\/wp52\/wp-content\/uploads\/2023\/07\/oameni-umbra.jpg\" \/>\n\t<meta property=\"og:image:width\" content=\"340\" \/>\n\t<meta property=\"og:image:height\" content=\"216\" \/>\n\t<meta property=\"og:image:type\" content=\"image\/jpeg\" \/>\n<meta name=\"author\" content=\"admin\" \/>\n<meta name=\"twitter:card\" content=\"summary_large_image\" \/>\n<meta name=\"twitter:label1\" content=\"Scris de\" \/>\n\t<meta name=\"twitter:data1\" content=\"admin\" \/>\n\t<meta name=\"twitter:label2\" content=\"Timp estimat pentru citire\" \/>\n\t<meta name=\"twitter:data2\" content=\"4 minute\" \/>\n<script type=\"application\/ld+json\" class=\"yoast-schema-graph\">{\"@context\":\"https:\\\/\\\/schema.org\",\"@graph\":[{\"@type\":\"Article\",\"@id\":\"https:\\\/\\\/www.lovendal.ro\\\/wp52\\\/n-ati-vazut-niciodata-oameni-umbra-cu-coada-ochiului-teorii-uluitoare\\\/#article\",\"isPartOf\":{\"@id\":\"https:\\\/\\\/www.lovendal.ro\\\/wp52\\\/n-ati-vazut-niciodata-oameni-umbra-cu-coada-ochiului-teorii-uluitoare\\\/\"},\"author\":{\"name\":\"admin\",\"@id\":\"https:\\\/\\\/www.lovendal.ro\\\/wp52\\\/#\\\/schema\\\/person\\\/088691de5dfc346bb0c023e1e52ef5d9\"},\"headline\":\"N-a\u0163i v\u0103zut niciodat\u0103 oameni-umbr\u0103, cu coada ochiului? Teorii uluitoare\",\"datePublished\":\"2023-07-30T14:52:23+00:00\",\"mainEntityOfPage\":{\"@id\":\"https:\\\/\\\/www.lovendal.ro\\\/wp52\\\/n-ati-vazut-niciodata-oameni-umbra-cu-coada-ochiului-teorii-uluitoare\\\/\"},\"wordCount\":786,\"commentCount\":0,\"publisher\":{\"@id\":\"https:\\\/\\\/www.lovendal.ro\\\/wp52\\\/#organization\"},\"image\":{\"@id\":\"https:\\\/\\\/www.lovendal.ro\\\/wp52\\\/n-ati-vazut-niciodata-oameni-umbra-cu-coada-ochiului-teorii-uluitoare\\\/#primaryimage\"},\"thumbnailUrl\":\"https:\\\/\\\/www.lovendal.ro\\\/wp52\\\/wp-content\\\/uploads\\\/2023\\\/07\\\/oameni-umbra.jpg\",\"keywords\":[\"c\u0103l\u0103tor \u00een timp\",\"corp astral\",\"demoni\",\"dimensiune\",\"fantome\",\"imagina\u0163ie\",\"oameni-umbr\u0103\",\"ochi\",\"Paranormal-Spiritualitate\",\"umbr\u0103\"],\"articleSection\":[\"Paranormal-Spiritualitate\"],\"inLanguage\":\"ro-RO\",\"potentialAction\":[{\"@type\":\"CommentAction\",\"name\":\"Comment\",\"target\":[\"https:\\\/\\\/www.lovendal.ro\\\/wp52\\\/n-ati-vazut-niciodata-oameni-umbra-cu-coada-ochiului-teorii-uluitoare\\\/#respond\"]}]},{\"@type\":\"WebPage\",\"@id\":\"https:\\\/\\\/www.lovendal.ro\\\/wp52\\\/n-ati-vazut-niciodata-oameni-umbra-cu-coada-ochiului-teorii-uluitoare\\\/\",\"url\":\"https:\\\/\\\/www.lovendal.ro\\\/wp52\\\/n-ati-vazut-niciodata-oameni-umbra-cu-coada-ochiului-teorii-uluitoare\\\/\",\"name\":\"N-a\u0163i v\u0103zut niciodat\u0103 oameni-umbr\u0103, cu coada ochiului? Teorii uluitoare - Secretele lui Lovendal\",\"isPartOf\":{\"@id\":\"https:\\\/\\\/www.lovendal.ro\\\/wp52\\\/#website\"},\"primaryImageOfPage\":{\"@id\":\"https:\\\/\\\/www.lovendal.ro\\\/wp52\\\/n-ati-vazut-niciodata-oameni-umbra-cu-coada-ochiului-teorii-uluitoare\\\/#primaryimage\"},\"image\":{\"@id\":\"https:\\\/\\\/www.lovendal.ro\\\/wp52\\\/n-ati-vazut-niciodata-oameni-umbra-cu-coada-ochiului-teorii-uluitoare\\\/#primaryimage\"},\"thumbnailUrl\":\"https:\\\/\\\/www.lovendal.ro\\\/wp52\\\/wp-content\\\/uploads\\\/2023\\\/07\\\/oameni-umbra.jpg\",\"datePublished\":\"2023-07-30T14:52:23+00:00\",\"breadcrumb\":{\"@id\":\"https:\\\/\\\/www.lovendal.ro\\\/wp52\\\/n-ati-vazut-niciodata-oameni-umbra-cu-coada-ochiului-teorii-uluitoare\\\/#breadcrumb\"},\"inLanguage\":\"ro-RO\",\"potentialAction\":[{\"@type\":\"ReadAction\",\"target\":[\"https:\\\/\\\/www.lovendal.ro\\\/wp52\\\/n-ati-vazut-niciodata-oameni-umbra-cu-coada-ochiului-teorii-uluitoare\\\/\"]}]},{\"@type\":\"ImageObject\",\"inLanguage\":\"ro-RO\",\"@id\":\"https:\\\/\\\/www.lovendal.ro\\\/wp52\\\/n-ati-vazut-niciodata-oameni-umbra-cu-coada-ochiului-teorii-uluitoare\\\/#primaryimage\",\"url\":\"https:\\\/\\\/www.lovendal.ro\\\/wp52\\\/wp-content\\\/uploads\\\/2023\\\/07\\\/oameni-umbra.jpg\",\"contentUrl\":\"https:\\\/\\\/www.lovendal.ro\\\/wp52\\\/wp-content\\\/uploads\\\/2023\\\/07\\\/oameni-umbra.jpg\",\"width\":340,\"height\":216},{\"@type\":\"BreadcrumbList\",\"@id\":\"https:\\\/\\\/www.lovendal.ro\\\/wp52\\\/n-ati-vazut-niciodata-oameni-umbra-cu-coada-ochiului-teorii-uluitoare\\\/#breadcrumb\",\"itemListElement\":[{\"@type\":\"ListItem\",\"position\":1,\"name\":\"Home\",\"item\":\"https:\\\/\\\/www.lovendal.ro\\\/wp52\\\/\"},{\"@type\":\"ListItem\",\"position\":2,\"name\":\"N-a\u0163i v\u0103zut niciodat\u0103 oameni-umbr\u0103, cu coada ochiului? Teorii uluitoare\"}]},{\"@type\":\"WebSite\",\"@id\":\"https:\\\/\\\/www.lovendal.ro\\\/wp52\\\/#website\",\"url\":\"https:\\\/\\\/www.lovendal.ro\\\/wp52\\\/\",\"name\":\"Secretele lui Lovendal\",\"description\":\"Site de secrete, stiinta si metafizica - din 2008 -\",\"publisher\":{\"@id\":\"https:\\\/\\\/www.lovendal.ro\\\/wp52\\\/#organization\"},\"potentialAction\":[{\"@type\":\"SearchAction\",\"target\":{\"@type\":\"EntryPoint\",\"urlTemplate\":\"https:\\\/\\\/www.lovendal.ro\\\/wp52\\\/?s={search_term_string}\"},\"query-input\":{\"@type\":\"PropertyValueSpecification\",\"valueRequired\":true,\"valueName\":\"search_term_string\"}}],\"inLanguage\":\"ro-RO\"},{\"@type\":\"Organization\",\"@id\":\"https:\\\/\\\/www.lovendal.ro\\\/wp52\\\/#organization\",\"name\":\"Secretele lui Lovendal\",\"url\":\"https:\\\/\\\/www.lovendal.ro\\\/wp52\\\/\",\"logo\":{\"@type\":\"ImageObject\",\"inLanguage\":\"ro-RO\",\"@id\":\"https:\\\/\\\/www.lovendal.ro\\\/wp52\\\/#\\\/schema\\\/logo\\\/image\\\/\",\"url\":\"https:\\\/\\\/www.lovendal.ro\\\/wp52\\\/wp-content\\\/uploads\\\/2024\\\/06\\\/cropped-SLL-iun-2024-1.jpg\",\"contentUrl\":\"https:\\\/\\\/www.lovendal.ro\\\/wp52\\\/wp-content\\\/uploads\\\/2024\\\/06\\\/cropped-SLL-iun-2024-1.jpg\",\"width\":771,\"height\":240,\"caption\":\"Secretele lui Lovendal\"},\"image\":{\"@id\":\"https:\\\/\\\/www.lovendal.ro\\\/wp52\\\/#\\\/schema\\\/logo\\\/image\\\/\"},\"sameAs\":[\"https:\\\/\\\/www.facebook.com\\\/secreteleluilovendal\"]},{\"@type\":\"Person\",\"@id\":\"https:\\\/\\\/www.lovendal.ro\\\/wp52\\\/#\\\/schema\\\/person\\\/088691de5dfc346bb0c023e1e52ef5d9\",\"name\":\"admin\",\"image\":{\"@type\":\"ImageObject\",\"inLanguage\":\"ro-RO\",\"@id\":\"https:\\\/\\\/secure.gravatar.com\\\/avatar\\\/ecb9cd41f5f63c9c9b989999a59f6e2639a865ec361e9db054db0679a8f341c2?s=96&d=mm&r=g\",\"url\":\"https:\\\/\\\/secure.gravatar.com\\\/avatar\\\/ecb9cd41f5f63c9c9b989999a59f6e2639a865ec361e9db054db0679a8f341c2?s=96&d=mm&r=g\",\"contentUrl\":\"https:\\\/\\\/secure.gravatar.com\\\/avatar\\\/ecb9cd41f5f63c9c9b989999a59f6e2639a865ec361e9db054db0679a8f341c2?s=96&d=mm&r=g\",\"caption\":\"admin\"},\"sameAs\":[\"https:\\\/\\\/www.lovendal.ro\\\/wp52\"]}]}<\/script>\n<!-- \/ Yoast SEO Premium plugin. -->","yoast_head_json":{"title":"N-a\u0163i v\u0103zut niciodat\u0103 oameni-umbr\u0103, cu coada ochiului? Teorii uluitoare - Secretele lui Lovendal","robots":{"index":"index","follow":"follow","max-snippet":"max-snippet:-1","max-image-preview":"max-image-preview:large","max-video-preview":"max-video-preview:-1"},"canonical":"https:\/\/www.lovendal.ro\/wp52\/n-ati-vazut-niciodata-oameni-umbra-cu-coada-ochiului-teorii-uluitoare\/","og_locale":"ro_RO","og_type":"article","og_title":"N-a\u0163i v\u0103zut niciodat\u0103 oameni-umbr\u0103, cu coada ochiului? Teorii uluitoare","og_description":"Exist\u0103 un interes din ce \u00een ce mai mare pentru fenomenul oamenilor-umbr\u0103. Ce sunt ei? Fantome? Fiin\u021be interdimensionale? C\u0103l\u0103tori \u00een timp? Altceva? Cite\u015fti, st\u00e2nd confortabil pe canapea \u00een lumina slab\u0103, c\u00e2nd o mi\u0219care prin camer\u0103 \u021bi-a atras aten\u021bia. P\u0103rea ceva ... Cititi mai multe","og_url":"https:\/\/www.lovendal.ro\/wp52\/n-ati-vazut-niciodata-oameni-umbra-cu-coada-ochiului-teorii-uluitoare\/","og_site_name":"Secretele lui Lovendal","article_publisher":"https:\/\/www.facebook.com\/secreteleluilovendal","article_published_time":"2023-07-30T14:52:23+00:00","og_image":[{"width":340,"height":216,"url":"https:\/\/www.lovendal.ro\/wp52\/wp-content\/uploads\/2023\/07\/oameni-umbra.jpg","type":"image\/jpeg"}],"author":"admin","twitter_card":"summary_large_image","twitter_misc":{"Scris de":"admin","Timp estimat pentru citire":"4 minute"},"schema":{"@context":"https:\/\/schema.org","@graph":[{"@type":"Article","@id":"https:\/\/www.lovendal.ro\/wp52\/n-ati-vazut-niciodata-oameni-umbra-cu-coada-ochiului-teorii-uluitoare\/#article","isPartOf":{"@id":"https:\/\/www.lovendal.ro\/wp52\/n-ati-vazut-niciodata-oameni-umbra-cu-coada-ochiului-teorii-uluitoare\/"},"author":{"name":"admin","@id":"https:\/\/www.lovendal.ro\/wp52\/#\/schema\/person\/088691de5dfc346bb0c023e1e52ef5d9"},"headline":"N-a\u0163i v\u0103zut niciodat\u0103 oameni-umbr\u0103, cu coada ochiului? Teorii uluitoare","datePublished":"2023-07-30T14:52:23+00:00","mainEntityOfPage":{"@id":"https:\/\/www.lovendal.ro\/wp52\/n-ati-vazut-niciodata-oameni-umbra-cu-coada-ochiului-teorii-uluitoare\/"},"wordCount":786,"commentCount":0,"publisher":{"@id":"https:\/\/www.lovendal.ro\/wp52\/#organization"},"image":{"@id":"https:\/\/www.lovendal.ro\/wp52\/n-ati-vazut-niciodata-oameni-umbra-cu-coada-ochiului-teorii-uluitoare\/#primaryimage"},"thumbnailUrl":"https:\/\/www.lovendal.ro\/wp52\/wp-content\/uploads\/2023\/07\/oameni-umbra.jpg","keywords":["c\u0103l\u0103tor \u00een timp","corp astral","demoni","dimensiune","fantome","imagina\u0163ie","oameni-umbr\u0103","ochi","Paranormal-Spiritualitate","umbr\u0103"],"articleSection":["Paranormal-Spiritualitate"],"inLanguage":"ro-RO","potentialAction":[{"@type":"CommentAction","name":"Comment","target":["https:\/\/www.lovendal.ro\/wp52\/n-ati-vazut-niciodata-oameni-umbra-cu-coada-ochiului-teorii-uluitoare\/#respond"]}]},{"@type":"WebPage","@id":"https:\/\/www.lovendal.ro\/wp52\/n-ati-vazut-niciodata-oameni-umbra-cu-coada-ochiului-teorii-uluitoare\/","url":"https:\/\/www.lovendal.ro\/wp52\/n-ati-vazut-niciodata-oameni-umbra-cu-coada-ochiului-teorii-uluitoare\/","name":"N-a\u0163i v\u0103zut niciodat\u0103 oameni-umbr\u0103, cu coada ochiului? Teorii uluitoare - Secretele lui Lovendal","isPartOf":{"@id":"https:\/\/www.lovendal.ro\/wp52\/#website"},"primaryImageOfPage":{"@id":"https:\/\/www.lovendal.ro\/wp52\/n-ati-vazut-niciodata-oameni-umbra-cu-coada-ochiului-teorii-uluitoare\/#primaryimage"},"image":{"@id":"https:\/\/www.lovendal.ro\/wp52\/n-ati-vazut-niciodata-oameni-umbra-cu-coada-ochiului-teorii-uluitoare\/#primaryimage"},"thumbnailUrl":"https:\/\/www.lovendal.ro\/wp52\/wp-content\/uploads\/2023\/07\/oameni-umbra.jpg","datePublished":"2023-07-30T14:52:23+00:00","breadcrumb":{"@id":"https:\/\/www.lovendal.ro\/wp52\/n-ati-vazut-niciodata-oameni-umbra-cu-coada-ochiului-teorii-uluitoare\/#breadcrumb"},"inLanguage":"ro-RO","potentialAction":[{"@type":"ReadAction","target":["https:\/\/www.lovendal.ro\/wp52\/n-ati-vazut-niciodata-oameni-umbra-cu-coada-ochiului-teorii-uluitoare\/"]}]},{"@type":"ImageObject","inLanguage":"ro-RO","@id":"https:\/\/www.lovendal.ro\/wp52\/n-ati-vazut-niciodata-oameni-umbra-cu-coada-ochiului-teorii-uluitoare\/#primaryimage","url":"https:\/\/www.lovendal.ro\/wp52\/wp-content\/uploads\/2023\/07\/oameni-umbra.jpg","contentUrl":"https:\/\/www.lovendal.ro\/wp52\/wp-content\/uploads\/2023\/07\/oameni-umbra.jpg","width":340,"height":216},{"@type":"BreadcrumbList","@id":"https:\/\/www.lovendal.ro\/wp52\/n-ati-vazut-niciodata-oameni-umbra-cu-coada-ochiului-teorii-uluitoare\/#breadcrumb","itemListElement":[{"@type":"ListItem","position":1,"name":"Home","item":"https:\/\/www.lovendal.ro\/wp52\/"},{"@type":"ListItem","position":2,"name":"N-a\u0163i v\u0103zut niciodat\u0103 oameni-umbr\u0103, cu coada ochiului? Teorii uluitoare"}]},{"@type":"WebSite","@id":"https:\/\/www.lovendal.ro\/wp52\/#website","url":"https:\/\/www.lovendal.ro\/wp52\/","name":"Secretele lui Lovendal","description":"Site de secrete, stiinta si metafizica - din 2008 -","publisher":{"@id":"https:\/\/www.lovendal.ro\/wp52\/#organization"},"potentialAction":[{"@type":"SearchAction","target":{"@type":"EntryPoint","urlTemplate":"https:\/\/www.lovendal.ro\/wp52\/?s={search_term_string}"},"query-input":{"@type":"PropertyValueSpecification","valueRequired":true,"valueName":"search_term_string"}}],"inLanguage":"ro-RO"},{"@type":"Organization","@id":"https:\/\/www.lovendal.ro\/wp52\/#organization","name":"Secretele lui Lovendal","url":"https:\/\/www.lovendal.ro\/wp52\/","logo":{"@type":"ImageObject","inLanguage":"ro-RO","@id":"https:\/\/www.lovendal.ro\/wp52\/#\/schema\/logo\/image\/","url":"https:\/\/www.lovendal.ro\/wp52\/wp-content\/uploads\/2024\/06\/cropped-SLL-iun-2024-1.jpg","contentUrl":"https:\/\/www.lovendal.ro\/wp52\/wp-content\/uploads\/2024\/06\/cropped-SLL-iun-2024-1.jpg","width":771,"height":240,"caption":"Secretele lui Lovendal"},"image":{"@id":"https:\/\/www.lovendal.ro\/wp52\/#\/schema\/logo\/image\/"},"sameAs":["https:\/\/www.facebook.com\/secreteleluilovendal"]},{"@type":"Person","@id":"https:\/\/www.lovendal.ro\/wp52\/#\/schema\/person\/088691de5dfc346bb0c023e1e52ef5d9","name":"admin","image":{"@type":"ImageObject","inLanguage":"ro-RO","@id":"https:\/\/secure.gravatar.com\/avatar\/ecb9cd41f5f63c9c9b989999a59f6e2639a865ec361e9db054db0679a8f341c2?s=96&d=mm&r=g","url":"https:\/\/secure.gravatar.com\/avatar\/ecb9cd41f5f63c9c9b989999a59f6e2639a865ec361e9db054db0679a8f341c2?s=96&d=mm&r=g","contentUrl":"https:\/\/secure.gravatar.com\/avatar\/ecb9cd41f5f63c9c9b989999a59f6e2639a865ec361e9db054db0679a8f341c2?s=96&d=mm&r=g","caption":"admin"},"sameAs":["https:\/\/www.lovendal.ro\/wp52"]}]}},"_links":{"self":[{"href":"https:\/\/www.lovendal.ro\/wp52\/wp-json\/wp\/v2\/posts\/87239","targetHints":{"allow":["GET"]}}],"collection":[{"href":"https:\/\/www.lovendal.ro\/wp52\/wp-json\/wp\/v2\/posts"}],"about":[{"href":"https:\/\/www.lovendal.ro\/wp52\/wp-json\/wp\/v2\/types\/post"}],"author":[{"embeddable":true,"href":"https:\/\/www.lovendal.ro\/wp52\/wp-json\/wp\/v2\/users\/1"}],"replies":[{"embeddable":true,"href":"https:\/\/www.lovendal.ro\/wp52\/wp-json\/wp\/v2\/comments?post=87239"}],"version-history":[{"count":1,"href":"https:\/\/www.lovendal.ro\/wp52\/wp-json\/wp\/v2\/posts\/87239\/revisions"}],"predecessor-version":[{"id":87241,"href":"https:\/\/www.lovendal.ro\/wp52\/wp-json\/wp\/v2\/posts\/87239\/revisions\/87241"}],"wp:featuredmedia":[{"embeddable":true,"href":"https:\/\/www.lovendal.ro\/wp52\/wp-json\/wp\/v2\/media\/87240"}],"wp:attachment":[{"href":"https:\/\/www.lovendal.ro\/wp52\/wp-json\/wp\/v2\/media?parent=87239"}],"wp:term":[{"taxonomy":"category","embeddable":true,"href":"https:\/\/www.lovendal.ro\/wp52\/wp-json\/wp\/v2\/categories?post=87239"},{"taxonomy":"post_tag","embeddable":true,"href":"https:\/\/www.lovendal.ro\/wp52\/wp-json\/wp\/v2\/tags?post=87239"}],"curies":[{"name":"wp","href":"https:\/\/api.w.org\/{rel}","templated":true}]}}