{"id":87080,"date":"2023-07-14T18:59:41","date_gmt":"2023-07-14T15:59:41","guid":{"rendered":"https:\/\/www.lovendal.ro\/wp52\/?p=87080"},"modified":"2023-07-14T18:59:41","modified_gmt":"2023-07-14T15:59:41","slug":"munti-cu-zapada-alge-rosii-si-rechini-pe-fundul-marii-negre-iata-ce-a-gasit-un-scafandru-roman","status":"publish","type":"post","link":"https:\/\/www.lovendal.ro\/wp52\/munti-cu-zapada-alge-rosii-si-rechini-pe-fundul-marii-negre-iata-ce-a-gasit-un-scafandru-roman\/","title":{"rendered":"&#8222;Mun\u0163i cu z\u0103pad\u0103&#8221;, alge ro\u015fii \u015fi rechini pe fundul M\u0103rii Negre! Iat\u0103 ce-a g\u0103sit un scafandru rom\u00e2n&#8230;"},"content":{"rendered":"<p><a href=\"https:\/\/www.lovendal.ro\/wp52\/wp-content\/uploads\/2023\/07\/Marea-Neagra.jpg\"><img loading=\"lazy\" decoding=\"async\" class=\"alignleft size-full wp-image-87081\" src=\"https:\/\/www.lovendal.ro\/wp52\/wp-content\/uploads\/2023\/07\/Marea-Neagra.jpg\" alt=\"\" width=\"350\" height=\"234\" srcset=\"https:\/\/www.lovendal.ro\/wp52\/wp-content\/uploads\/2023\/07\/Marea-Neagra.jpg 350w, https:\/\/www.lovendal.ro\/wp52\/wp-content\/uploads\/2023\/07\/Marea-Neagra-300x201.jpg 300w\" sizes=\"auto, (max-width: 350px) 100vw, 350px\" \/><\/a>\u00cen dreptul litoralului rom\u00e2nesc, exist\u0103 o zon\u0103 de mic\u0103 ad\u00e2ncime (p\u00e2n\u0103 la 200 m) care se \u00eentinde \u00een larg pe o distan\u0163\u0103 de 185 kilometri (100 mile marine dep\u0103rtare de Constan\u0163a). Un scafandru rom\u00e2n povestea \u00eentr-o revist\u0103 din 1972 ce a \u00eent\u00e2lnit \u00een aceast\u0103 zon\u0103 a M\u0103rii Negre. Iat\u0103 c\u00e2teva extrase:<\/p>\n<p>&#8211; Rechinii \u00een Marea Neagr\u0103 tr\u0103iesc la ad\u00e2ncimi de 20 &#8211; 80 metri. Fiind lipsi\u0163i de vezic\u0103 \u00eenot\u0103toare, stau aproape de fund. Sunt foarte la\u015fi, atac\u0103 prin surprindere, dar fug c\u00e2nd te duci spre ei. Ei alearg\u0103 printre alge \u015fi se adun\u0103 la prad\u0103 ca viermii la hoit. Lovit cu harponul, rechinul care s\u00e2ngereaz\u0103 este devorat imediat de semenii lui. Dac\u0103 e scos din ap\u0103, r\u0103nit, tr\u0103ie\u015fte \u00een barc\u0103 circa dou\u0103 ore, d\u00e2nd dovad\u0103 de o colosal\u0103 vitalitate.<\/p>\n<p>&#8211; La ad\u00e2ncimi de 25 &#8211; 40 de metri g\u0103sim alge ro\u0219ii (<em>Phyllophora rubens<\/em>), care formeaz\u0103 mase compacte, adev\u0103rate p\u0103duri submarine cu o suprafa\u021b\u0103 de peste 10.000 km2, reprezent\u00e2nd o important\u0103 materie prim\u0103 pentru industria chimic\u0103 \u015fi farmaceutic\u0103.<\/p>\n<p>&#8211; \u00centr-o anumit\u0103 zon\u0103 a M\u0103rii Negre, la o ad\u00e2ncime de 4 &#8211; 6 metri, se g\u0103se\u015fte o zon\u0103 cu lumin\u0103 \u015fi transparen\u0163\u0103 foarte mare. Fundul m\u0103rii are acolo o culoare alb-argintie, iar st\u00e2ncile par a fi adev\u0103ra\u0163i mun\u0163i acoperi\u0163i cu z\u0103pad\u0103, form\u00e2nd o priveli\u015fte captivant\u0103. Din loc \u00een loc, dintre pietre, se ridicau \u015fuvi\u0163e verzui de ap\u0103, care erau, de fapt, izvoare cu ap\u0103 sulfuroas\u0103 \u015fi cald\u0103. &#8222;Z\u0103pada&#8221; nu era altceva dec\u00e2t precipitatul de sulf, sub influen\u0163a c\u0103ruia flora \u015fi fauna submarin\u0103 se afirma cu o densitate nemai\u00eent\u00e2lnit\u0103.<\/p>\n","protected":false},"excerpt":{"rendered":"<p>\u00cen dreptul litoralului rom\u00e2nesc, exist\u0103 o zon\u0103 de mic\u0103 ad\u00e2ncime (p\u00e2n\u0103 la 200 m) care se \u00eentinde \u00een larg pe o distan\u0163\u0103 de 185 kilometri (100 mile marine dep\u0103rtare de Constan\u0163a). Un scafandru rom\u00e2n povestea \u00eentr-o revist\u0103 din 1972 ce &#8230; <\/p>\n<p class=\"read-more-container\"><a title=\"&#8222;Mun\u0163i cu z\u0103pad\u0103&#8221;, alge ro\u015fii \u015fi rechini pe fundul M\u0103rii Negre! Iat\u0103 ce-a g\u0103sit un scafandru rom\u00e2n&#8230;\" class=\"read-more button\" href=\"https:\/\/www.lovendal.ro\/wp52\/munti-cu-zapada-alge-rosii-si-rechini-pe-fundul-marii-negre-iata-ce-a-gasit-un-scafandru-roman\/#more-87080\" aria-label=\"Cite\u0219te mai multe despre &#8222;Mun\u0163i cu z\u0103pad\u0103&#8221;, alge ro\u015fii \u015fi rechini pe fundul M\u0103rii Negre! Iat\u0103 ce-a g\u0103sit un scafandru rom\u00e2n&#8230;\">Cititi mai multe<\/a><\/p>\n","protected":false},"author":1,"featured_media":87081,"comment_status":"open","ping_status":"open","sticky":false,"template":"","format":"standard","meta":{"footnotes":""},"categories":[1770],"tags":[2037,1135,9807,1004,815,10599,2364,1696,2525,3530],"class_list":["post-87080","post","type-post","status-publish","format-standard","has-post-thumbnail","hentry","category-geografie-feologie","tag-alge","tag-constanta","tag-geografie-geologie","tag-marea-neagra","tag-munti","tag-rechini","tag-revista","tag-scafandru","tag-sulf","tag-zapada","resize-featured-image"],"yoast_head":"<!-- This site is optimized with the Yoast SEO Premium plugin v23.3 (Yoast SEO v27.4) - https:\/\/yoast.com\/product\/yoast-seo-premium-wordpress\/ -->\n<title>&quot;Mun\u0163i cu z\u0103pad\u0103&quot;, alge ro\u015fii \u015fi rechini pe fundul M\u0103rii Negre! Iat\u0103 ce-a g\u0103sit un scafandru rom\u00e2n... - Secretele lui Lovendal<\/title>\n<meta name=\"robots\" content=\"index, follow, max-snippet:-1, max-image-preview:large, max-video-preview:-1\" \/>\n<link rel=\"canonical\" href=\"https:\/\/www.lovendal.ro\/wp52\/munti-cu-zapada-alge-rosii-si-rechini-pe-fundul-marii-negre-iata-ce-a-gasit-un-scafandru-roman\/\" \/>\n<meta property=\"og:locale\" content=\"ro_RO\" \/>\n<meta property=\"og:type\" content=\"article\" \/>\n<meta property=\"og:title\" content=\"&quot;Mun\u0163i cu z\u0103pad\u0103&quot;, alge ro\u015fii \u015fi rechini pe fundul M\u0103rii Negre! Iat\u0103 ce-a g\u0103sit un scafandru rom\u00e2n...\" \/>\n<meta property=\"og:description\" content=\"\u00cen dreptul litoralului rom\u00e2nesc, exist\u0103 o zon\u0103 de mic\u0103 ad\u00e2ncime (p\u00e2n\u0103 la 200 m) care se \u00eentinde \u00een larg pe o distan\u0163\u0103 de 185 kilometri (100 mile marine dep\u0103rtare de Constan\u0163a). Un scafandru rom\u00e2n povestea \u00eentr-o revist\u0103 din 1972 ce ... Cititi mai multe\" \/>\n<meta property=\"og:url\" content=\"https:\/\/www.lovendal.ro\/wp52\/munti-cu-zapada-alge-rosii-si-rechini-pe-fundul-marii-negre-iata-ce-a-gasit-un-scafandru-roman\/\" \/>\n<meta property=\"og:site_name\" content=\"Secretele lui Lovendal\" \/>\n<meta property=\"article:publisher\" content=\"https:\/\/www.facebook.com\/secreteleluilovendal\" \/>\n<meta property=\"article:published_time\" content=\"2023-07-14T15:59:41+00:00\" \/>\n<meta property=\"og:image\" content=\"https:\/\/www.lovendal.ro\/wp52\/wp-content\/uploads\/2023\/07\/Marea-Neagra.jpg\" \/>\n\t<meta property=\"og:image:width\" content=\"350\" \/>\n\t<meta property=\"og:image:height\" content=\"234\" \/>\n\t<meta property=\"og:image:type\" content=\"image\/jpeg\" \/>\n<meta name=\"author\" content=\"admin\" \/>\n<meta name=\"twitter:card\" content=\"summary_large_image\" \/>\n<meta name=\"twitter:label1\" content=\"Scris de\" \/>\n\t<meta name=\"twitter:data1\" content=\"admin\" \/>\n\t<meta name=\"twitter:label2\" content=\"Timp estimat pentru citire\" \/>\n\t<meta name=\"twitter:data2\" content=\"1 minut\" \/>\n<script type=\"application\/ld+json\" class=\"yoast-schema-graph\">{\"@context\":\"https:\\\/\\\/schema.org\",\"@graph\":[{\"@type\":\"Article\",\"@id\":\"https:\\\/\\\/www.lovendal.ro\\\/wp52\\\/munti-cu-zapada-alge-rosii-si-rechini-pe-fundul-marii-negre-iata-ce-a-gasit-un-scafandru-roman\\\/#article\",\"isPartOf\":{\"@id\":\"https:\\\/\\\/www.lovendal.ro\\\/wp52\\\/munti-cu-zapada-alge-rosii-si-rechini-pe-fundul-marii-negre-iata-ce-a-gasit-un-scafandru-roman\\\/\"},\"author\":{\"name\":\"admin\",\"@id\":\"https:\\\/\\\/www.lovendal.ro\\\/wp52\\\/#\\\/schema\\\/person\\\/088691de5dfc346bb0c023e1e52ef5d9\"},\"headline\":\"&#8222;Mun\u0163i cu z\u0103pad\u0103&#8221;, alge ro\u015fii \u015fi rechini pe fundul M\u0103rii Negre! Iat\u0103 ce-a g\u0103sit un scafandru rom\u00e2n&#8230;\",\"datePublished\":\"2023-07-14T15:59:41+00:00\",\"mainEntityOfPage\":{\"@id\":\"https:\\\/\\\/www.lovendal.ro\\\/wp52\\\/munti-cu-zapada-alge-rosii-si-rechini-pe-fundul-marii-negre-iata-ce-a-gasit-un-scafandru-roman\\\/\"},\"wordCount\":314,\"commentCount\":0,\"publisher\":{\"@id\":\"https:\\\/\\\/www.lovendal.ro\\\/wp52\\\/#organization\"},\"image\":{\"@id\":\"https:\\\/\\\/www.lovendal.ro\\\/wp52\\\/munti-cu-zapada-alge-rosii-si-rechini-pe-fundul-marii-negre-iata-ce-a-gasit-un-scafandru-roman\\\/#primaryimage\"},\"thumbnailUrl\":\"https:\\\/\\\/www.lovendal.ro\\\/wp52\\\/wp-content\\\/uploads\\\/2023\\\/07\\\/Marea-Neagra.jpg\",\"keywords\":[\"alge\",\"Constan\u0163a\",\"Geografie - Geologie\",\"Marea Neagr\u0103\",\"mun\u0163i\",\"rechini\",\"revist\u0103\",\"scafandru\",\"sulf\",\"z\u0103pad\u0103\"],\"articleSection\":[\"Geografie - Geologie\"],\"inLanguage\":\"ro-RO\",\"potentialAction\":[{\"@type\":\"CommentAction\",\"name\":\"Comment\",\"target\":[\"https:\\\/\\\/www.lovendal.ro\\\/wp52\\\/munti-cu-zapada-alge-rosii-si-rechini-pe-fundul-marii-negre-iata-ce-a-gasit-un-scafandru-roman\\\/#respond\"]}]},{\"@type\":\"WebPage\",\"@id\":\"https:\\\/\\\/www.lovendal.ro\\\/wp52\\\/munti-cu-zapada-alge-rosii-si-rechini-pe-fundul-marii-negre-iata-ce-a-gasit-un-scafandru-roman\\\/\",\"url\":\"https:\\\/\\\/www.lovendal.ro\\\/wp52\\\/munti-cu-zapada-alge-rosii-si-rechini-pe-fundul-marii-negre-iata-ce-a-gasit-un-scafandru-roman\\\/\",\"name\":\"\\\"Mun\u0163i cu z\u0103pad\u0103\\\", alge ro\u015fii \u015fi rechini pe fundul M\u0103rii Negre! Iat\u0103 ce-a g\u0103sit un scafandru rom\u00e2n... - Secretele lui Lovendal\",\"isPartOf\":{\"@id\":\"https:\\\/\\\/www.lovendal.ro\\\/wp52\\\/#website\"},\"primaryImageOfPage\":{\"@id\":\"https:\\\/\\\/www.lovendal.ro\\\/wp52\\\/munti-cu-zapada-alge-rosii-si-rechini-pe-fundul-marii-negre-iata-ce-a-gasit-un-scafandru-roman\\\/#primaryimage\"},\"image\":{\"@id\":\"https:\\\/\\\/www.lovendal.ro\\\/wp52\\\/munti-cu-zapada-alge-rosii-si-rechini-pe-fundul-marii-negre-iata-ce-a-gasit-un-scafandru-roman\\\/#primaryimage\"},\"thumbnailUrl\":\"https:\\\/\\\/www.lovendal.ro\\\/wp52\\\/wp-content\\\/uploads\\\/2023\\\/07\\\/Marea-Neagra.jpg\",\"datePublished\":\"2023-07-14T15:59:41+00:00\",\"breadcrumb\":{\"@id\":\"https:\\\/\\\/www.lovendal.ro\\\/wp52\\\/munti-cu-zapada-alge-rosii-si-rechini-pe-fundul-marii-negre-iata-ce-a-gasit-un-scafandru-roman\\\/#breadcrumb\"},\"inLanguage\":\"ro-RO\",\"potentialAction\":[{\"@type\":\"ReadAction\",\"target\":[\"https:\\\/\\\/www.lovendal.ro\\\/wp52\\\/munti-cu-zapada-alge-rosii-si-rechini-pe-fundul-marii-negre-iata-ce-a-gasit-un-scafandru-roman\\\/\"]}]},{\"@type\":\"ImageObject\",\"inLanguage\":\"ro-RO\",\"@id\":\"https:\\\/\\\/www.lovendal.ro\\\/wp52\\\/munti-cu-zapada-alge-rosii-si-rechini-pe-fundul-marii-negre-iata-ce-a-gasit-un-scafandru-roman\\\/#primaryimage\",\"url\":\"https:\\\/\\\/www.lovendal.ro\\\/wp52\\\/wp-content\\\/uploads\\\/2023\\\/07\\\/Marea-Neagra.jpg\",\"contentUrl\":\"https:\\\/\\\/www.lovendal.ro\\\/wp52\\\/wp-content\\\/uploads\\\/2023\\\/07\\\/Marea-Neagra.jpg\",\"width\":350,\"height\":234},{\"@type\":\"BreadcrumbList\",\"@id\":\"https:\\\/\\\/www.lovendal.ro\\\/wp52\\\/munti-cu-zapada-alge-rosii-si-rechini-pe-fundul-marii-negre-iata-ce-a-gasit-un-scafandru-roman\\\/#breadcrumb\",\"itemListElement\":[{\"@type\":\"ListItem\",\"position\":1,\"name\":\"Home\",\"item\":\"https:\\\/\\\/www.lovendal.ro\\\/wp52\\\/\"},{\"@type\":\"ListItem\",\"position\":2,\"name\":\"&#8222;Mun\u0163i cu z\u0103pad\u0103&#8221;, alge ro\u015fii \u015fi rechini pe fundul M\u0103rii Negre! Iat\u0103 ce-a g\u0103sit un scafandru rom\u00e2n&#8230;\"}]},{\"@type\":\"WebSite\",\"@id\":\"https:\\\/\\\/www.lovendal.ro\\\/wp52\\\/#website\",\"url\":\"https:\\\/\\\/www.lovendal.ro\\\/wp52\\\/\",\"name\":\"Secretele lui Lovendal\",\"description\":\"Site de secrete, stiinta si metafizica - din 2008 -\",\"publisher\":{\"@id\":\"https:\\\/\\\/www.lovendal.ro\\\/wp52\\\/#organization\"},\"potentialAction\":[{\"@type\":\"SearchAction\",\"target\":{\"@type\":\"EntryPoint\",\"urlTemplate\":\"https:\\\/\\\/www.lovendal.ro\\\/wp52\\\/?s={search_term_string}\"},\"query-input\":{\"@type\":\"PropertyValueSpecification\",\"valueRequired\":true,\"valueName\":\"search_term_string\"}}],\"inLanguage\":\"ro-RO\"},{\"@type\":\"Organization\",\"@id\":\"https:\\\/\\\/www.lovendal.ro\\\/wp52\\\/#organization\",\"name\":\"Secretele lui Lovendal\",\"url\":\"https:\\\/\\\/www.lovendal.ro\\\/wp52\\\/\",\"logo\":{\"@type\":\"ImageObject\",\"inLanguage\":\"ro-RO\",\"@id\":\"https:\\\/\\\/www.lovendal.ro\\\/wp52\\\/#\\\/schema\\\/logo\\\/image\\\/\",\"url\":\"https:\\\/\\\/www.lovendal.ro\\\/wp52\\\/wp-content\\\/uploads\\\/2024\\\/06\\\/cropped-SLL-iun-2024-1.jpg\",\"contentUrl\":\"https:\\\/\\\/www.lovendal.ro\\\/wp52\\\/wp-content\\\/uploads\\\/2024\\\/06\\\/cropped-SLL-iun-2024-1.jpg\",\"width\":771,\"height\":240,\"caption\":\"Secretele lui Lovendal\"},\"image\":{\"@id\":\"https:\\\/\\\/www.lovendal.ro\\\/wp52\\\/#\\\/schema\\\/logo\\\/image\\\/\"},\"sameAs\":[\"https:\\\/\\\/www.facebook.com\\\/secreteleluilovendal\"]},{\"@type\":\"Person\",\"@id\":\"https:\\\/\\\/www.lovendal.ro\\\/wp52\\\/#\\\/schema\\\/person\\\/088691de5dfc346bb0c023e1e52ef5d9\",\"name\":\"admin\",\"image\":{\"@type\":\"ImageObject\",\"inLanguage\":\"ro-RO\",\"@id\":\"https:\\\/\\\/secure.gravatar.com\\\/avatar\\\/ecb9cd41f5f63c9c9b989999a59f6e2639a865ec361e9db054db0679a8f341c2?s=96&d=mm&r=g\",\"url\":\"https:\\\/\\\/secure.gravatar.com\\\/avatar\\\/ecb9cd41f5f63c9c9b989999a59f6e2639a865ec361e9db054db0679a8f341c2?s=96&d=mm&r=g\",\"contentUrl\":\"https:\\\/\\\/secure.gravatar.com\\\/avatar\\\/ecb9cd41f5f63c9c9b989999a59f6e2639a865ec361e9db054db0679a8f341c2?s=96&d=mm&r=g\",\"caption\":\"admin\"},\"sameAs\":[\"https:\\\/\\\/www.lovendal.ro\\\/wp52\"]}]}<\/script>\n<!-- \/ Yoast SEO Premium plugin. -->","yoast_head_json":{"title":"\"Mun\u0163i cu z\u0103pad\u0103\", alge ro\u015fii \u015fi rechini pe fundul M\u0103rii Negre! Iat\u0103 ce-a g\u0103sit un scafandru rom\u00e2n... - Secretele lui Lovendal","robots":{"index":"index","follow":"follow","max-snippet":"max-snippet:-1","max-image-preview":"max-image-preview:large","max-video-preview":"max-video-preview:-1"},"canonical":"https:\/\/www.lovendal.ro\/wp52\/munti-cu-zapada-alge-rosii-si-rechini-pe-fundul-marii-negre-iata-ce-a-gasit-un-scafandru-roman\/","og_locale":"ro_RO","og_type":"article","og_title":"\"Mun\u0163i cu z\u0103pad\u0103\", alge ro\u015fii \u015fi rechini pe fundul M\u0103rii Negre! Iat\u0103 ce-a g\u0103sit un scafandru rom\u00e2n...","og_description":"\u00cen dreptul litoralului rom\u00e2nesc, exist\u0103 o zon\u0103 de mic\u0103 ad\u00e2ncime (p\u00e2n\u0103 la 200 m) care se \u00eentinde \u00een larg pe o distan\u0163\u0103 de 185 kilometri (100 mile marine dep\u0103rtare de Constan\u0163a). Un scafandru rom\u00e2n povestea \u00eentr-o revist\u0103 din 1972 ce ... Cititi mai multe","og_url":"https:\/\/www.lovendal.ro\/wp52\/munti-cu-zapada-alge-rosii-si-rechini-pe-fundul-marii-negre-iata-ce-a-gasit-un-scafandru-roman\/","og_site_name":"Secretele lui Lovendal","article_publisher":"https:\/\/www.facebook.com\/secreteleluilovendal","article_published_time":"2023-07-14T15:59:41+00:00","og_image":[{"width":350,"height":234,"url":"https:\/\/www.lovendal.ro\/wp52\/wp-content\/uploads\/2023\/07\/Marea-Neagra.jpg","type":"image\/jpeg"}],"author":"admin","twitter_card":"summary_large_image","twitter_misc":{"Scris de":"admin","Timp estimat pentru citire":"1 minut"},"schema":{"@context":"https:\/\/schema.org","@graph":[{"@type":"Article","@id":"https:\/\/www.lovendal.ro\/wp52\/munti-cu-zapada-alge-rosii-si-rechini-pe-fundul-marii-negre-iata-ce-a-gasit-un-scafandru-roman\/#article","isPartOf":{"@id":"https:\/\/www.lovendal.ro\/wp52\/munti-cu-zapada-alge-rosii-si-rechini-pe-fundul-marii-negre-iata-ce-a-gasit-un-scafandru-roman\/"},"author":{"name":"admin","@id":"https:\/\/www.lovendal.ro\/wp52\/#\/schema\/person\/088691de5dfc346bb0c023e1e52ef5d9"},"headline":"&#8222;Mun\u0163i cu z\u0103pad\u0103&#8221;, alge ro\u015fii \u015fi rechini pe fundul M\u0103rii Negre! Iat\u0103 ce-a g\u0103sit un scafandru rom\u00e2n&#8230;","datePublished":"2023-07-14T15:59:41+00:00","mainEntityOfPage":{"@id":"https:\/\/www.lovendal.ro\/wp52\/munti-cu-zapada-alge-rosii-si-rechini-pe-fundul-marii-negre-iata-ce-a-gasit-un-scafandru-roman\/"},"wordCount":314,"commentCount":0,"publisher":{"@id":"https:\/\/www.lovendal.ro\/wp52\/#organization"},"image":{"@id":"https:\/\/www.lovendal.ro\/wp52\/munti-cu-zapada-alge-rosii-si-rechini-pe-fundul-marii-negre-iata-ce-a-gasit-un-scafandru-roman\/#primaryimage"},"thumbnailUrl":"https:\/\/www.lovendal.ro\/wp52\/wp-content\/uploads\/2023\/07\/Marea-Neagra.jpg","keywords":["alge","Constan\u0163a","Geografie - Geologie","Marea Neagr\u0103","mun\u0163i","rechini","revist\u0103","scafandru","sulf","z\u0103pad\u0103"],"articleSection":["Geografie - Geologie"],"inLanguage":"ro-RO","potentialAction":[{"@type":"CommentAction","name":"Comment","target":["https:\/\/www.lovendal.ro\/wp52\/munti-cu-zapada-alge-rosii-si-rechini-pe-fundul-marii-negre-iata-ce-a-gasit-un-scafandru-roman\/#respond"]}]},{"@type":"WebPage","@id":"https:\/\/www.lovendal.ro\/wp52\/munti-cu-zapada-alge-rosii-si-rechini-pe-fundul-marii-negre-iata-ce-a-gasit-un-scafandru-roman\/","url":"https:\/\/www.lovendal.ro\/wp52\/munti-cu-zapada-alge-rosii-si-rechini-pe-fundul-marii-negre-iata-ce-a-gasit-un-scafandru-roman\/","name":"\"Mun\u0163i cu z\u0103pad\u0103\", alge ro\u015fii \u015fi rechini pe fundul M\u0103rii Negre! Iat\u0103 ce-a g\u0103sit un scafandru rom\u00e2n... - Secretele lui Lovendal","isPartOf":{"@id":"https:\/\/www.lovendal.ro\/wp52\/#website"},"primaryImageOfPage":{"@id":"https:\/\/www.lovendal.ro\/wp52\/munti-cu-zapada-alge-rosii-si-rechini-pe-fundul-marii-negre-iata-ce-a-gasit-un-scafandru-roman\/#primaryimage"},"image":{"@id":"https:\/\/www.lovendal.ro\/wp52\/munti-cu-zapada-alge-rosii-si-rechini-pe-fundul-marii-negre-iata-ce-a-gasit-un-scafandru-roman\/#primaryimage"},"thumbnailUrl":"https:\/\/www.lovendal.ro\/wp52\/wp-content\/uploads\/2023\/07\/Marea-Neagra.jpg","datePublished":"2023-07-14T15:59:41+00:00","breadcrumb":{"@id":"https:\/\/www.lovendal.ro\/wp52\/munti-cu-zapada-alge-rosii-si-rechini-pe-fundul-marii-negre-iata-ce-a-gasit-un-scafandru-roman\/#breadcrumb"},"inLanguage":"ro-RO","potentialAction":[{"@type":"ReadAction","target":["https:\/\/www.lovendal.ro\/wp52\/munti-cu-zapada-alge-rosii-si-rechini-pe-fundul-marii-negre-iata-ce-a-gasit-un-scafandru-roman\/"]}]},{"@type":"ImageObject","inLanguage":"ro-RO","@id":"https:\/\/www.lovendal.ro\/wp52\/munti-cu-zapada-alge-rosii-si-rechini-pe-fundul-marii-negre-iata-ce-a-gasit-un-scafandru-roman\/#primaryimage","url":"https:\/\/www.lovendal.ro\/wp52\/wp-content\/uploads\/2023\/07\/Marea-Neagra.jpg","contentUrl":"https:\/\/www.lovendal.ro\/wp52\/wp-content\/uploads\/2023\/07\/Marea-Neagra.jpg","width":350,"height":234},{"@type":"BreadcrumbList","@id":"https:\/\/www.lovendal.ro\/wp52\/munti-cu-zapada-alge-rosii-si-rechini-pe-fundul-marii-negre-iata-ce-a-gasit-un-scafandru-roman\/#breadcrumb","itemListElement":[{"@type":"ListItem","position":1,"name":"Home","item":"https:\/\/www.lovendal.ro\/wp52\/"},{"@type":"ListItem","position":2,"name":"&#8222;Mun\u0163i cu z\u0103pad\u0103&#8221;, alge ro\u015fii \u015fi rechini pe fundul M\u0103rii Negre! Iat\u0103 ce-a g\u0103sit un scafandru rom\u00e2n&#8230;"}]},{"@type":"WebSite","@id":"https:\/\/www.lovendal.ro\/wp52\/#website","url":"https:\/\/www.lovendal.ro\/wp52\/","name":"Secretele lui Lovendal","description":"Site de secrete, stiinta si metafizica - din 2008 -","publisher":{"@id":"https:\/\/www.lovendal.ro\/wp52\/#organization"},"potentialAction":[{"@type":"SearchAction","target":{"@type":"EntryPoint","urlTemplate":"https:\/\/www.lovendal.ro\/wp52\/?s={search_term_string}"},"query-input":{"@type":"PropertyValueSpecification","valueRequired":true,"valueName":"search_term_string"}}],"inLanguage":"ro-RO"},{"@type":"Organization","@id":"https:\/\/www.lovendal.ro\/wp52\/#organization","name":"Secretele lui Lovendal","url":"https:\/\/www.lovendal.ro\/wp52\/","logo":{"@type":"ImageObject","inLanguage":"ro-RO","@id":"https:\/\/www.lovendal.ro\/wp52\/#\/schema\/logo\/image\/","url":"https:\/\/www.lovendal.ro\/wp52\/wp-content\/uploads\/2024\/06\/cropped-SLL-iun-2024-1.jpg","contentUrl":"https:\/\/www.lovendal.ro\/wp52\/wp-content\/uploads\/2024\/06\/cropped-SLL-iun-2024-1.jpg","width":771,"height":240,"caption":"Secretele lui Lovendal"},"image":{"@id":"https:\/\/www.lovendal.ro\/wp52\/#\/schema\/logo\/image\/"},"sameAs":["https:\/\/www.facebook.com\/secreteleluilovendal"]},{"@type":"Person","@id":"https:\/\/www.lovendal.ro\/wp52\/#\/schema\/person\/088691de5dfc346bb0c023e1e52ef5d9","name":"admin","image":{"@type":"ImageObject","inLanguage":"ro-RO","@id":"https:\/\/secure.gravatar.com\/avatar\/ecb9cd41f5f63c9c9b989999a59f6e2639a865ec361e9db054db0679a8f341c2?s=96&d=mm&r=g","url":"https:\/\/secure.gravatar.com\/avatar\/ecb9cd41f5f63c9c9b989999a59f6e2639a865ec361e9db054db0679a8f341c2?s=96&d=mm&r=g","contentUrl":"https:\/\/secure.gravatar.com\/avatar\/ecb9cd41f5f63c9c9b989999a59f6e2639a865ec361e9db054db0679a8f341c2?s=96&d=mm&r=g","caption":"admin"},"sameAs":["https:\/\/www.lovendal.ro\/wp52"]}]}},"_links":{"self":[{"href":"https:\/\/www.lovendal.ro\/wp52\/wp-json\/wp\/v2\/posts\/87080","targetHints":{"allow":["GET"]}}],"collection":[{"href":"https:\/\/www.lovendal.ro\/wp52\/wp-json\/wp\/v2\/posts"}],"about":[{"href":"https:\/\/www.lovendal.ro\/wp52\/wp-json\/wp\/v2\/types\/post"}],"author":[{"embeddable":true,"href":"https:\/\/www.lovendal.ro\/wp52\/wp-json\/wp\/v2\/users\/1"}],"replies":[{"embeddable":true,"href":"https:\/\/www.lovendal.ro\/wp52\/wp-json\/wp\/v2\/comments?post=87080"}],"version-history":[{"count":1,"href":"https:\/\/www.lovendal.ro\/wp52\/wp-json\/wp\/v2\/posts\/87080\/revisions"}],"predecessor-version":[{"id":87082,"href":"https:\/\/www.lovendal.ro\/wp52\/wp-json\/wp\/v2\/posts\/87080\/revisions\/87082"}],"wp:featuredmedia":[{"embeddable":true,"href":"https:\/\/www.lovendal.ro\/wp52\/wp-json\/wp\/v2\/media\/87081"}],"wp:attachment":[{"href":"https:\/\/www.lovendal.ro\/wp52\/wp-json\/wp\/v2\/media?parent=87080"}],"wp:term":[{"taxonomy":"category","embeddable":true,"href":"https:\/\/www.lovendal.ro\/wp52\/wp-json\/wp\/v2\/categories?post=87080"},{"taxonomy":"post_tag","embeddable":true,"href":"https:\/\/www.lovendal.ro\/wp52\/wp-json\/wp\/v2\/tags?post=87080"}],"curies":[{"name":"wp","href":"https:\/\/api.w.org\/{rel}","templated":true}]}}