{"id":86730,"date":"2023-06-30T07:30:22","date_gmt":"2023-06-30T04:30:22","guid":{"rendered":"https:\/\/www.lovendal.ro\/wp52\/?p=86730"},"modified":"2023-06-23T00:11:05","modified_gmt":"2023-06-22T21:11:05","slug":"grecul-epimenide-din-cnossos-din-sec-al-vi-lea-i-hr-a-fost-dus-pe-o-planeta-extraterestra-unde-a-stat-57-de-ani-se-spune-ca-trait-3-secole","status":"publish","type":"post","link":"https:\/\/www.lovendal.ro\/wp52\/grecul-epimenide-din-cnossos-din-sec-al-vi-lea-i-hr-a-fost-dus-pe-o-planeta-extraterestra-unde-a-stat-57-de-ani-se-spune-ca-trait-3-secole\/","title":{"rendered":"Grecul Epimenide din Cnossos din sec. al VI-lea \u00ee.Hr. a fost dus pe o planet\u0103 extraterestr\u0103, unde a stat 57 de ani? Se spune c\u0103 tr\u0103it 3 secole&#8230;"},"content":{"rendered":"<p><a href=\"https:\/\/www.lovendal.ro\/wp52\/wp-content\/uploads\/2023\/06\/Epimenide.jpg\"><img loading=\"lazy\" decoding=\"async\" class=\"alignleft size-full wp-image-86731\" src=\"https:\/\/www.lovendal.ro\/wp52\/wp-content\/uploads\/2023\/06\/Epimenide.jpg\" alt=\"\" width=\"360\" height=\"240\" srcset=\"https:\/\/www.lovendal.ro\/wp52\/wp-content\/uploads\/2023\/06\/Epimenide.jpg 360w, https:\/\/www.lovendal.ro\/wp52\/wp-content\/uploads\/2023\/06\/Epimenide-300x200.jpg 300w\" sizes=\"auto, (max-width: 360px) 100vw, 360px\" \/><\/a>Epimenide din Cnossos a fost un profet, filozof \u0219i poet din secolul VI sau VII \u00ce.Hr. Epimenide, care era cretan, a scris \u00eentr-un poem al s\u0103u urm\u0103toarele: <em>&#8222;Cretanii, \u00eentotdeauna mincino\u0219i, fiare ale r\u0103ului, burto\u0219i lene\u0219i&#8221;.<\/em><\/p>\n<p>Epimenide, pe c\u00e2nd era un copil, a fost trimis s\u0103 caute o oaie r\u0103t\u0103cit\u0103. C\u0103ldura fiind foarte mare, s-a ad\u0103postit \u00eentr-o pe\u015fter\u0103 unde a dormit 57 ani. Somnul s\u0103u se poate explica prin aceea c\u0103 a fost dus pe o alt\u0103 planet\u0103, unde a dob\u00e2ndit cuno\u015ftin\u0163e pe care le-a \u00eemp\u0103rt\u0103\u015fit la \u00eentoarcere, c\u00e2nd a constatat c\u0103 toate rudele \u015fi cuno\u015ftin\u0163ele fie c\u0103 au murit, o parte, fie c\u0103 sunt foarte b\u0103tr\u00e2ne.<\/p>\n<p>Epimenides din Cnossos a devenit un poet \u015fi celebru profet. \u00cen anul 506 \u00ee.Hr. a fost chemat de Solon s\u0103 scape Atena de o molim\u0103. Ceea ce a \u015fi f\u0103cut. A devenit foarte vestit, fiind venerat ca un zeu. Se spune c\u0103 ar fi tr\u0103it 300 ani! De fapt, ce om era acesta?<\/p>\n<p>Potrivit unei alte legende, el a fost luat prizonier \u00eentr-un r\u0103zboi \u00eentre spartani \u0219i cnosieni \u0219i ucis de r\u0103pitorii s\u0103i, pentru c\u0103 a refuzat s\u0103 profe\u021beasc\u0103 favorabil pentru ei. Pausanias relateaz\u0103 c\u0103 atunci c\u00e2nd Epimenide a murit, s-a descoperit c\u0103 pielea lui era tatuat\u0103. Acest lucru a fost considerat ciudat, deoarece grecii au rezervat tatuajul pentru sclavi. Unii savan\u021bi au v\u0103zut acest lucru ca o dovad\u0103 c\u0103 Epimenide a fost mo\u0219tenitorul \u0219amanice religiilor din Asia Central\u0103, deoarece tatuajul este adesea asociat cu ini\u021bierea \u0219amanic\u0103. Pielea lui Epimenide a fost p\u0103strat\u0103 la cur\u021bile eforilor din Sparta, probabil ca purt\u00e2nd noroc.<\/p>\n","protected":false},"excerpt":{"rendered":"<p>Epimenide din Cnossos a fost un profet, filozof \u0219i poet din secolul VI sau VII \u00ce.Hr. Epimenide, care era cretan, a scris \u00eentr-un poem al s\u0103u urm\u0103toarele: &#8222;Cretanii, \u00eentotdeauna mincino\u0219i, fiare ale r\u0103ului, burto\u0219i lene\u0219i&#8221;. Epimenide, pe c\u00e2nd era un &#8230; <\/p>\n<p class=\"read-more-container\"><a title=\"Grecul Epimenide din Cnossos din sec. al VI-lea \u00ee.Hr. a fost dus pe o planet\u0103 extraterestr\u0103, unde a stat 57 de ani? Se spune c\u0103 tr\u0103it 3 secole&#8230;\" class=\"read-more button\" href=\"https:\/\/www.lovendal.ro\/wp52\/grecul-epimenide-din-cnossos-din-sec-al-vi-lea-i-hr-a-fost-dus-pe-o-planeta-extraterestra-unde-a-stat-57-de-ani-se-spune-ca-trait-3-secole\/#more-86730\" aria-label=\"Cite\u0219te mai multe despre Grecul Epimenide din Cnossos din sec. al VI-lea \u00ee.Hr. a fost dus pe o planet\u0103 extraterestr\u0103, unde a stat 57 de ani? Se spune c\u0103 tr\u0103it 3 secole&#8230;\">Cititi mai multe<\/a><\/p>\n","protected":false},"author":1,"featured_media":86731,"comment_status":"open","ping_status":"open","sticky":false,"template":"","format":"standard","meta":{"footnotes":""},"categories":[14],"tags":[2270,18373,9796,2890,1953,732,215,3131,73,684,925,18372,821],"class_list":["post-86730","post","type-post","status-publish","format-standard","has-post-thumbnail","hentry","category-paranormal-spiritualitate","tag-asia","tag-epimenide","tag-paranormal-spiritualitate","tag-pestera","tag-piele","tag-planeta","tag-poet","tag-profet","tag-razboi","tag-sclavi","tag-somn","tag-sparta","tag-tatuaj","resize-featured-image"],"yoast_head":"<!-- This site is optimized with the Yoast SEO Premium plugin v23.3 (Yoast SEO v27.4) - https:\/\/yoast.com\/product\/yoast-seo-premium-wordpress\/ -->\n<title>Grecul Epimenide din Cnossos din sec. al VI-lea \u00ee.Hr. a fost dus pe o planet\u0103 extraterestr\u0103, unde a stat 57 de ani? Se spune c\u0103 tr\u0103it 3 secole... - Secretele lui Lovendal<\/title>\n<meta name=\"robots\" content=\"index, follow, max-snippet:-1, max-image-preview:large, max-video-preview:-1\" \/>\n<link rel=\"canonical\" href=\"https:\/\/www.lovendal.ro\/wp52\/grecul-epimenide-din-cnossos-din-sec-al-vi-lea-i-hr-a-fost-dus-pe-o-planeta-extraterestra-unde-a-stat-57-de-ani-se-spune-ca-trait-3-secole\/\" \/>\n<meta property=\"og:locale\" content=\"ro_RO\" \/>\n<meta property=\"og:type\" content=\"article\" \/>\n<meta property=\"og:title\" content=\"Grecul Epimenide din Cnossos din sec. al VI-lea \u00ee.Hr. a fost dus pe o planet\u0103 extraterestr\u0103, unde a stat 57 de ani? Se spune c\u0103 tr\u0103it 3 secole...\" \/>\n<meta property=\"og:description\" content=\"Epimenide din Cnossos a fost un profet, filozof \u0219i poet din secolul VI sau VII \u00ce.Hr. Epimenide, care era cretan, a scris \u00eentr-un poem al s\u0103u urm\u0103toarele: &#8222;Cretanii, \u00eentotdeauna mincino\u0219i, fiare ale r\u0103ului, burto\u0219i lene\u0219i&#8221;. Epimenide, pe c\u00e2nd era un ... Cititi mai multe\" \/>\n<meta property=\"og:url\" content=\"https:\/\/www.lovendal.ro\/wp52\/grecul-epimenide-din-cnossos-din-sec-al-vi-lea-i-hr-a-fost-dus-pe-o-planeta-extraterestra-unde-a-stat-57-de-ani-se-spune-ca-trait-3-secole\/\" \/>\n<meta property=\"og:site_name\" content=\"Secretele lui Lovendal\" \/>\n<meta property=\"article:publisher\" content=\"https:\/\/www.facebook.com\/secreteleluilovendal\" \/>\n<meta property=\"article:published_time\" content=\"2023-06-30T04:30:22+00:00\" \/>\n<meta property=\"og:image\" content=\"https:\/\/www.lovendal.ro\/wp52\/wp-content\/uploads\/2023\/06\/Epimenide.jpg\" \/>\n\t<meta property=\"og:image:width\" content=\"360\" \/>\n\t<meta property=\"og:image:height\" content=\"240\" \/>\n\t<meta property=\"og:image:type\" content=\"image\/jpeg\" \/>\n<meta name=\"author\" content=\"admin\" \/>\n<meta name=\"twitter:card\" content=\"summary_large_image\" \/>\n<meta name=\"twitter:label1\" content=\"Scris de\" \/>\n\t<meta name=\"twitter:data1\" content=\"admin\" \/>\n\t<meta name=\"twitter:label2\" content=\"Timp estimat pentru citire\" \/>\n\t<meta name=\"twitter:data2\" content=\"1 minut\" \/>\n<script type=\"application\/ld+json\" class=\"yoast-schema-graph\">{\"@context\":\"https:\\\/\\\/schema.org\",\"@graph\":[{\"@type\":\"Article\",\"@id\":\"https:\\\/\\\/www.lovendal.ro\\\/wp52\\\/grecul-epimenide-din-cnossos-din-sec-al-vi-lea-i-hr-a-fost-dus-pe-o-planeta-extraterestra-unde-a-stat-57-de-ani-se-spune-ca-trait-3-secole\\\/#article\",\"isPartOf\":{\"@id\":\"https:\\\/\\\/www.lovendal.ro\\\/wp52\\\/grecul-epimenide-din-cnossos-din-sec-al-vi-lea-i-hr-a-fost-dus-pe-o-planeta-extraterestra-unde-a-stat-57-de-ani-se-spune-ca-trait-3-secole\\\/\"},\"author\":{\"name\":\"admin\",\"@id\":\"https:\\\/\\\/www.lovendal.ro\\\/wp52\\\/#\\\/schema\\\/person\\\/088691de5dfc346bb0c023e1e52ef5d9\"},\"headline\":\"Grecul Epimenide din Cnossos din sec. al VI-lea \u00ee.Hr. a fost dus pe o planet\u0103 extraterestr\u0103, unde a stat 57 de ani? Se spune c\u0103 tr\u0103it 3 secole&#8230;\",\"datePublished\":\"2023-06-30T04:30:22+00:00\",\"mainEntityOfPage\":{\"@id\":\"https:\\\/\\\/www.lovendal.ro\\\/wp52\\\/grecul-epimenide-din-cnossos-din-sec-al-vi-lea-i-hr-a-fost-dus-pe-o-planeta-extraterestra-unde-a-stat-57-de-ani-se-spune-ca-trait-3-secole\\\/\"},\"wordCount\":319,\"commentCount\":0,\"publisher\":{\"@id\":\"https:\\\/\\\/www.lovendal.ro\\\/wp52\\\/#organization\"},\"image\":{\"@id\":\"https:\\\/\\\/www.lovendal.ro\\\/wp52\\\/grecul-epimenide-din-cnossos-din-sec-al-vi-lea-i-hr-a-fost-dus-pe-o-planeta-extraterestra-unde-a-stat-57-de-ani-se-spune-ca-trait-3-secole\\\/#primaryimage\"},\"thumbnailUrl\":\"https:\\\/\\\/www.lovendal.ro\\\/wp52\\\/wp-content\\\/uploads\\\/2023\\\/06\\\/Epimenide.jpg\",\"keywords\":[\"Asia\",\"Epimenide\",\"Paranormal-Spiritualitate\",\"pe\u015fter\u0103\",\"piele\",\"planet\u0103\",\"poet\",\"profet\",\"r\u0103zboi\",\"sclavi\",\"somn\",\"Sparta\",\"tatuaj\"],\"articleSection\":[\"Paranormal-Spiritualitate\"],\"inLanguage\":\"ro-RO\",\"potentialAction\":[{\"@type\":\"CommentAction\",\"name\":\"Comment\",\"target\":[\"https:\\\/\\\/www.lovendal.ro\\\/wp52\\\/grecul-epimenide-din-cnossos-din-sec-al-vi-lea-i-hr-a-fost-dus-pe-o-planeta-extraterestra-unde-a-stat-57-de-ani-se-spune-ca-trait-3-secole\\\/#respond\"]}]},{\"@type\":\"WebPage\",\"@id\":\"https:\\\/\\\/www.lovendal.ro\\\/wp52\\\/grecul-epimenide-din-cnossos-din-sec-al-vi-lea-i-hr-a-fost-dus-pe-o-planeta-extraterestra-unde-a-stat-57-de-ani-se-spune-ca-trait-3-secole\\\/\",\"url\":\"https:\\\/\\\/www.lovendal.ro\\\/wp52\\\/grecul-epimenide-din-cnossos-din-sec-al-vi-lea-i-hr-a-fost-dus-pe-o-planeta-extraterestra-unde-a-stat-57-de-ani-se-spune-ca-trait-3-secole\\\/\",\"name\":\"Grecul Epimenide din Cnossos din sec. al VI-lea \u00ee.Hr. a fost dus pe o planet\u0103 extraterestr\u0103, unde a stat 57 de ani? Se spune c\u0103 tr\u0103it 3 secole... - Secretele lui Lovendal\",\"isPartOf\":{\"@id\":\"https:\\\/\\\/www.lovendal.ro\\\/wp52\\\/#website\"},\"primaryImageOfPage\":{\"@id\":\"https:\\\/\\\/www.lovendal.ro\\\/wp52\\\/grecul-epimenide-din-cnossos-din-sec-al-vi-lea-i-hr-a-fost-dus-pe-o-planeta-extraterestra-unde-a-stat-57-de-ani-se-spune-ca-trait-3-secole\\\/#primaryimage\"},\"image\":{\"@id\":\"https:\\\/\\\/www.lovendal.ro\\\/wp52\\\/grecul-epimenide-din-cnossos-din-sec-al-vi-lea-i-hr-a-fost-dus-pe-o-planeta-extraterestra-unde-a-stat-57-de-ani-se-spune-ca-trait-3-secole\\\/#primaryimage\"},\"thumbnailUrl\":\"https:\\\/\\\/www.lovendal.ro\\\/wp52\\\/wp-content\\\/uploads\\\/2023\\\/06\\\/Epimenide.jpg\",\"datePublished\":\"2023-06-30T04:30:22+00:00\",\"breadcrumb\":{\"@id\":\"https:\\\/\\\/www.lovendal.ro\\\/wp52\\\/grecul-epimenide-din-cnossos-din-sec-al-vi-lea-i-hr-a-fost-dus-pe-o-planeta-extraterestra-unde-a-stat-57-de-ani-se-spune-ca-trait-3-secole\\\/#breadcrumb\"},\"inLanguage\":\"ro-RO\",\"potentialAction\":[{\"@type\":\"ReadAction\",\"target\":[\"https:\\\/\\\/www.lovendal.ro\\\/wp52\\\/grecul-epimenide-din-cnossos-din-sec-al-vi-lea-i-hr-a-fost-dus-pe-o-planeta-extraterestra-unde-a-stat-57-de-ani-se-spune-ca-trait-3-secole\\\/\"]}]},{\"@type\":\"ImageObject\",\"inLanguage\":\"ro-RO\",\"@id\":\"https:\\\/\\\/www.lovendal.ro\\\/wp52\\\/grecul-epimenide-din-cnossos-din-sec-al-vi-lea-i-hr-a-fost-dus-pe-o-planeta-extraterestra-unde-a-stat-57-de-ani-se-spune-ca-trait-3-secole\\\/#primaryimage\",\"url\":\"https:\\\/\\\/www.lovendal.ro\\\/wp52\\\/wp-content\\\/uploads\\\/2023\\\/06\\\/Epimenide.jpg\",\"contentUrl\":\"https:\\\/\\\/www.lovendal.ro\\\/wp52\\\/wp-content\\\/uploads\\\/2023\\\/06\\\/Epimenide.jpg\",\"width\":360,\"height\":240},{\"@type\":\"BreadcrumbList\",\"@id\":\"https:\\\/\\\/www.lovendal.ro\\\/wp52\\\/grecul-epimenide-din-cnossos-din-sec-al-vi-lea-i-hr-a-fost-dus-pe-o-planeta-extraterestra-unde-a-stat-57-de-ani-se-spune-ca-trait-3-secole\\\/#breadcrumb\",\"itemListElement\":[{\"@type\":\"ListItem\",\"position\":1,\"name\":\"Home\",\"item\":\"https:\\\/\\\/www.lovendal.ro\\\/wp52\\\/\"},{\"@type\":\"ListItem\",\"position\":2,\"name\":\"Grecul Epimenide din Cnossos din sec. al VI-lea \u00ee.Hr. a fost dus pe o planet\u0103 extraterestr\u0103, unde a stat 57 de ani? Se spune c\u0103 tr\u0103it 3 secole&#8230;\"}]},{\"@type\":\"WebSite\",\"@id\":\"https:\\\/\\\/www.lovendal.ro\\\/wp52\\\/#website\",\"url\":\"https:\\\/\\\/www.lovendal.ro\\\/wp52\\\/\",\"name\":\"Secretele lui Lovendal\",\"description\":\"Site de secrete, stiinta si metafizica - din 2008 -\",\"publisher\":{\"@id\":\"https:\\\/\\\/www.lovendal.ro\\\/wp52\\\/#organization\"},\"potentialAction\":[{\"@type\":\"SearchAction\",\"target\":{\"@type\":\"EntryPoint\",\"urlTemplate\":\"https:\\\/\\\/www.lovendal.ro\\\/wp52\\\/?s={search_term_string}\"},\"query-input\":{\"@type\":\"PropertyValueSpecification\",\"valueRequired\":true,\"valueName\":\"search_term_string\"}}],\"inLanguage\":\"ro-RO\"},{\"@type\":\"Organization\",\"@id\":\"https:\\\/\\\/www.lovendal.ro\\\/wp52\\\/#organization\",\"name\":\"Secretele lui Lovendal\",\"url\":\"https:\\\/\\\/www.lovendal.ro\\\/wp52\\\/\",\"logo\":{\"@type\":\"ImageObject\",\"inLanguage\":\"ro-RO\",\"@id\":\"https:\\\/\\\/www.lovendal.ro\\\/wp52\\\/#\\\/schema\\\/logo\\\/image\\\/\",\"url\":\"https:\\\/\\\/www.lovendal.ro\\\/wp52\\\/wp-content\\\/uploads\\\/2024\\\/06\\\/cropped-SLL-iun-2024-1.jpg\",\"contentUrl\":\"https:\\\/\\\/www.lovendal.ro\\\/wp52\\\/wp-content\\\/uploads\\\/2024\\\/06\\\/cropped-SLL-iun-2024-1.jpg\",\"width\":771,\"height\":240,\"caption\":\"Secretele lui Lovendal\"},\"image\":{\"@id\":\"https:\\\/\\\/www.lovendal.ro\\\/wp52\\\/#\\\/schema\\\/logo\\\/image\\\/\"},\"sameAs\":[\"https:\\\/\\\/www.facebook.com\\\/secreteleluilovendal\"]},{\"@type\":\"Person\",\"@id\":\"https:\\\/\\\/www.lovendal.ro\\\/wp52\\\/#\\\/schema\\\/person\\\/088691de5dfc346bb0c023e1e52ef5d9\",\"name\":\"admin\",\"image\":{\"@type\":\"ImageObject\",\"inLanguage\":\"ro-RO\",\"@id\":\"https:\\\/\\\/secure.gravatar.com\\\/avatar\\\/ecb9cd41f5f63c9c9b989999a59f6e2639a865ec361e9db054db0679a8f341c2?s=96&d=mm&r=g\",\"url\":\"https:\\\/\\\/secure.gravatar.com\\\/avatar\\\/ecb9cd41f5f63c9c9b989999a59f6e2639a865ec361e9db054db0679a8f341c2?s=96&d=mm&r=g\",\"contentUrl\":\"https:\\\/\\\/secure.gravatar.com\\\/avatar\\\/ecb9cd41f5f63c9c9b989999a59f6e2639a865ec361e9db054db0679a8f341c2?s=96&d=mm&r=g\",\"caption\":\"admin\"},\"sameAs\":[\"https:\\\/\\\/www.lovendal.ro\\\/wp52\"]}]}<\/script>\n<!-- \/ Yoast SEO Premium plugin. -->","yoast_head_json":{"title":"Grecul Epimenide din Cnossos din sec. al VI-lea \u00ee.Hr. a fost dus pe o planet\u0103 extraterestr\u0103, unde a stat 57 de ani? Se spune c\u0103 tr\u0103it 3 secole... - Secretele lui Lovendal","robots":{"index":"index","follow":"follow","max-snippet":"max-snippet:-1","max-image-preview":"max-image-preview:large","max-video-preview":"max-video-preview:-1"},"canonical":"https:\/\/www.lovendal.ro\/wp52\/grecul-epimenide-din-cnossos-din-sec-al-vi-lea-i-hr-a-fost-dus-pe-o-planeta-extraterestra-unde-a-stat-57-de-ani-se-spune-ca-trait-3-secole\/","og_locale":"ro_RO","og_type":"article","og_title":"Grecul Epimenide din Cnossos din sec. al VI-lea \u00ee.Hr. a fost dus pe o planet\u0103 extraterestr\u0103, unde a stat 57 de ani? Se spune c\u0103 tr\u0103it 3 secole...","og_description":"Epimenide din Cnossos a fost un profet, filozof \u0219i poet din secolul VI sau VII \u00ce.Hr. Epimenide, care era cretan, a scris \u00eentr-un poem al s\u0103u urm\u0103toarele: &#8222;Cretanii, \u00eentotdeauna mincino\u0219i, fiare ale r\u0103ului, burto\u0219i lene\u0219i&#8221;. Epimenide, pe c\u00e2nd era un ... Cititi mai multe","og_url":"https:\/\/www.lovendal.ro\/wp52\/grecul-epimenide-din-cnossos-din-sec-al-vi-lea-i-hr-a-fost-dus-pe-o-planeta-extraterestra-unde-a-stat-57-de-ani-se-spune-ca-trait-3-secole\/","og_site_name":"Secretele lui Lovendal","article_publisher":"https:\/\/www.facebook.com\/secreteleluilovendal","article_published_time":"2023-06-30T04:30:22+00:00","og_image":[{"width":360,"height":240,"url":"https:\/\/www.lovendal.ro\/wp52\/wp-content\/uploads\/2023\/06\/Epimenide.jpg","type":"image\/jpeg"}],"author":"admin","twitter_card":"summary_large_image","twitter_misc":{"Scris de":"admin","Timp estimat pentru citire":"1 minut"},"schema":{"@context":"https:\/\/schema.org","@graph":[{"@type":"Article","@id":"https:\/\/www.lovendal.ro\/wp52\/grecul-epimenide-din-cnossos-din-sec-al-vi-lea-i-hr-a-fost-dus-pe-o-planeta-extraterestra-unde-a-stat-57-de-ani-se-spune-ca-trait-3-secole\/#article","isPartOf":{"@id":"https:\/\/www.lovendal.ro\/wp52\/grecul-epimenide-din-cnossos-din-sec-al-vi-lea-i-hr-a-fost-dus-pe-o-planeta-extraterestra-unde-a-stat-57-de-ani-se-spune-ca-trait-3-secole\/"},"author":{"name":"admin","@id":"https:\/\/www.lovendal.ro\/wp52\/#\/schema\/person\/088691de5dfc346bb0c023e1e52ef5d9"},"headline":"Grecul Epimenide din Cnossos din sec. al VI-lea \u00ee.Hr. a fost dus pe o planet\u0103 extraterestr\u0103, unde a stat 57 de ani? Se spune c\u0103 tr\u0103it 3 secole&#8230;","datePublished":"2023-06-30T04:30:22+00:00","mainEntityOfPage":{"@id":"https:\/\/www.lovendal.ro\/wp52\/grecul-epimenide-din-cnossos-din-sec-al-vi-lea-i-hr-a-fost-dus-pe-o-planeta-extraterestra-unde-a-stat-57-de-ani-se-spune-ca-trait-3-secole\/"},"wordCount":319,"commentCount":0,"publisher":{"@id":"https:\/\/www.lovendal.ro\/wp52\/#organization"},"image":{"@id":"https:\/\/www.lovendal.ro\/wp52\/grecul-epimenide-din-cnossos-din-sec-al-vi-lea-i-hr-a-fost-dus-pe-o-planeta-extraterestra-unde-a-stat-57-de-ani-se-spune-ca-trait-3-secole\/#primaryimage"},"thumbnailUrl":"https:\/\/www.lovendal.ro\/wp52\/wp-content\/uploads\/2023\/06\/Epimenide.jpg","keywords":["Asia","Epimenide","Paranormal-Spiritualitate","pe\u015fter\u0103","piele","planet\u0103","poet","profet","r\u0103zboi","sclavi","somn","Sparta","tatuaj"],"articleSection":["Paranormal-Spiritualitate"],"inLanguage":"ro-RO","potentialAction":[{"@type":"CommentAction","name":"Comment","target":["https:\/\/www.lovendal.ro\/wp52\/grecul-epimenide-din-cnossos-din-sec-al-vi-lea-i-hr-a-fost-dus-pe-o-planeta-extraterestra-unde-a-stat-57-de-ani-se-spune-ca-trait-3-secole\/#respond"]}]},{"@type":"WebPage","@id":"https:\/\/www.lovendal.ro\/wp52\/grecul-epimenide-din-cnossos-din-sec-al-vi-lea-i-hr-a-fost-dus-pe-o-planeta-extraterestra-unde-a-stat-57-de-ani-se-spune-ca-trait-3-secole\/","url":"https:\/\/www.lovendal.ro\/wp52\/grecul-epimenide-din-cnossos-din-sec-al-vi-lea-i-hr-a-fost-dus-pe-o-planeta-extraterestra-unde-a-stat-57-de-ani-se-spune-ca-trait-3-secole\/","name":"Grecul Epimenide din Cnossos din sec. al VI-lea \u00ee.Hr. a fost dus pe o planet\u0103 extraterestr\u0103, unde a stat 57 de ani? Se spune c\u0103 tr\u0103it 3 secole... - Secretele lui Lovendal","isPartOf":{"@id":"https:\/\/www.lovendal.ro\/wp52\/#website"},"primaryImageOfPage":{"@id":"https:\/\/www.lovendal.ro\/wp52\/grecul-epimenide-din-cnossos-din-sec-al-vi-lea-i-hr-a-fost-dus-pe-o-planeta-extraterestra-unde-a-stat-57-de-ani-se-spune-ca-trait-3-secole\/#primaryimage"},"image":{"@id":"https:\/\/www.lovendal.ro\/wp52\/grecul-epimenide-din-cnossos-din-sec-al-vi-lea-i-hr-a-fost-dus-pe-o-planeta-extraterestra-unde-a-stat-57-de-ani-se-spune-ca-trait-3-secole\/#primaryimage"},"thumbnailUrl":"https:\/\/www.lovendal.ro\/wp52\/wp-content\/uploads\/2023\/06\/Epimenide.jpg","datePublished":"2023-06-30T04:30:22+00:00","breadcrumb":{"@id":"https:\/\/www.lovendal.ro\/wp52\/grecul-epimenide-din-cnossos-din-sec-al-vi-lea-i-hr-a-fost-dus-pe-o-planeta-extraterestra-unde-a-stat-57-de-ani-se-spune-ca-trait-3-secole\/#breadcrumb"},"inLanguage":"ro-RO","potentialAction":[{"@type":"ReadAction","target":["https:\/\/www.lovendal.ro\/wp52\/grecul-epimenide-din-cnossos-din-sec-al-vi-lea-i-hr-a-fost-dus-pe-o-planeta-extraterestra-unde-a-stat-57-de-ani-se-spune-ca-trait-3-secole\/"]}]},{"@type":"ImageObject","inLanguage":"ro-RO","@id":"https:\/\/www.lovendal.ro\/wp52\/grecul-epimenide-din-cnossos-din-sec-al-vi-lea-i-hr-a-fost-dus-pe-o-planeta-extraterestra-unde-a-stat-57-de-ani-se-spune-ca-trait-3-secole\/#primaryimage","url":"https:\/\/www.lovendal.ro\/wp52\/wp-content\/uploads\/2023\/06\/Epimenide.jpg","contentUrl":"https:\/\/www.lovendal.ro\/wp52\/wp-content\/uploads\/2023\/06\/Epimenide.jpg","width":360,"height":240},{"@type":"BreadcrumbList","@id":"https:\/\/www.lovendal.ro\/wp52\/grecul-epimenide-din-cnossos-din-sec-al-vi-lea-i-hr-a-fost-dus-pe-o-planeta-extraterestra-unde-a-stat-57-de-ani-se-spune-ca-trait-3-secole\/#breadcrumb","itemListElement":[{"@type":"ListItem","position":1,"name":"Home","item":"https:\/\/www.lovendal.ro\/wp52\/"},{"@type":"ListItem","position":2,"name":"Grecul Epimenide din Cnossos din sec. al VI-lea \u00ee.Hr. a fost dus pe o planet\u0103 extraterestr\u0103, unde a stat 57 de ani? Se spune c\u0103 tr\u0103it 3 secole&#8230;"}]},{"@type":"WebSite","@id":"https:\/\/www.lovendal.ro\/wp52\/#website","url":"https:\/\/www.lovendal.ro\/wp52\/","name":"Secretele lui Lovendal","description":"Site de secrete, stiinta si metafizica - din 2008 -","publisher":{"@id":"https:\/\/www.lovendal.ro\/wp52\/#organization"},"potentialAction":[{"@type":"SearchAction","target":{"@type":"EntryPoint","urlTemplate":"https:\/\/www.lovendal.ro\/wp52\/?s={search_term_string}"},"query-input":{"@type":"PropertyValueSpecification","valueRequired":true,"valueName":"search_term_string"}}],"inLanguage":"ro-RO"},{"@type":"Organization","@id":"https:\/\/www.lovendal.ro\/wp52\/#organization","name":"Secretele lui Lovendal","url":"https:\/\/www.lovendal.ro\/wp52\/","logo":{"@type":"ImageObject","inLanguage":"ro-RO","@id":"https:\/\/www.lovendal.ro\/wp52\/#\/schema\/logo\/image\/","url":"https:\/\/www.lovendal.ro\/wp52\/wp-content\/uploads\/2024\/06\/cropped-SLL-iun-2024-1.jpg","contentUrl":"https:\/\/www.lovendal.ro\/wp52\/wp-content\/uploads\/2024\/06\/cropped-SLL-iun-2024-1.jpg","width":771,"height":240,"caption":"Secretele lui Lovendal"},"image":{"@id":"https:\/\/www.lovendal.ro\/wp52\/#\/schema\/logo\/image\/"},"sameAs":["https:\/\/www.facebook.com\/secreteleluilovendal"]},{"@type":"Person","@id":"https:\/\/www.lovendal.ro\/wp52\/#\/schema\/person\/088691de5dfc346bb0c023e1e52ef5d9","name":"admin","image":{"@type":"ImageObject","inLanguage":"ro-RO","@id":"https:\/\/secure.gravatar.com\/avatar\/ecb9cd41f5f63c9c9b989999a59f6e2639a865ec361e9db054db0679a8f341c2?s=96&d=mm&r=g","url":"https:\/\/secure.gravatar.com\/avatar\/ecb9cd41f5f63c9c9b989999a59f6e2639a865ec361e9db054db0679a8f341c2?s=96&d=mm&r=g","contentUrl":"https:\/\/secure.gravatar.com\/avatar\/ecb9cd41f5f63c9c9b989999a59f6e2639a865ec361e9db054db0679a8f341c2?s=96&d=mm&r=g","caption":"admin"},"sameAs":["https:\/\/www.lovendal.ro\/wp52"]}]}},"_links":{"self":[{"href":"https:\/\/www.lovendal.ro\/wp52\/wp-json\/wp\/v2\/posts\/86730","targetHints":{"allow":["GET"]}}],"collection":[{"href":"https:\/\/www.lovendal.ro\/wp52\/wp-json\/wp\/v2\/posts"}],"about":[{"href":"https:\/\/www.lovendal.ro\/wp52\/wp-json\/wp\/v2\/types\/post"}],"author":[{"embeddable":true,"href":"https:\/\/www.lovendal.ro\/wp52\/wp-json\/wp\/v2\/users\/1"}],"replies":[{"embeddable":true,"href":"https:\/\/www.lovendal.ro\/wp52\/wp-json\/wp\/v2\/comments?post=86730"}],"version-history":[{"count":1,"href":"https:\/\/www.lovendal.ro\/wp52\/wp-json\/wp\/v2\/posts\/86730\/revisions"}],"predecessor-version":[{"id":86732,"href":"https:\/\/www.lovendal.ro\/wp52\/wp-json\/wp\/v2\/posts\/86730\/revisions\/86732"}],"wp:featuredmedia":[{"embeddable":true,"href":"https:\/\/www.lovendal.ro\/wp52\/wp-json\/wp\/v2\/media\/86731"}],"wp:attachment":[{"href":"https:\/\/www.lovendal.ro\/wp52\/wp-json\/wp\/v2\/media?parent=86730"}],"wp:term":[{"taxonomy":"category","embeddable":true,"href":"https:\/\/www.lovendal.ro\/wp52\/wp-json\/wp\/v2\/categories?post=86730"},{"taxonomy":"post_tag","embeddable":true,"href":"https:\/\/www.lovendal.ro\/wp52\/wp-json\/wp\/v2\/tags?post=86730"}],"curies":[{"name":"wp","href":"https:\/\/api.w.org\/{rel}","templated":true}]}}