{"id":86714,"date":"2023-06-22T22:04:48","date_gmt":"2023-06-22T19:04:48","guid":{"rendered":"https:\/\/www.lovendal.ro\/wp52\/?p=86714"},"modified":"2023-06-22T22:04:48","modified_gmt":"2023-06-22T19:04:48","slug":"papa-ioan-paul-al-vi-lea-ne-vorbeste-despre-satana-ca-fiinta-reala-o-fi-un-extraterestru-avansat-care-a-nesocotit-pe-terra-ordinele-venite-de-la-comandamentul-galactic","status":"publish","type":"post","link":"https:\/\/www.lovendal.ro\/wp52\/papa-ioan-paul-al-vi-lea-ne-vorbeste-despre-satana-ca-fiinta-reala-o-fi-un-extraterestru-avansat-care-a-nesocotit-pe-terra-ordinele-venite-de-la-comandamentul-galactic\/","title":{"rendered":"Papa Ioan Paul al VI-lea ne vorbe\u015fte despre Satana ca fiin\u0163\u0103 real\u0103. O fi un extraterestru avansat care a nesocotit pe Terra ordinele venite de la &#8222;Comandamentul galactic?&#8221;"},"content":{"rendered":"<figure id=\"attachment_86715\" aria-describedby=\"caption-attachment-86715\" style=\"width: 361px\" class=\"wp-caption alignleft\"><a href=\"https:\/\/www.lovendal.ro\/wp52\/wp-content\/uploads\/2023\/06\/Lucifer.jpg\"><img loading=\"lazy\" decoding=\"async\" class=\"size-full wp-image-86715\" src=\"https:\/\/www.lovendal.ro\/wp52\/wp-content\/uploads\/2023\/06\/Lucifer.jpg\" alt=\"\" width=\"371\" height=\"320\" srcset=\"https:\/\/www.lovendal.ro\/wp52\/wp-content\/uploads\/2023\/06\/Lucifer.jpg 371w, https:\/\/www.lovendal.ro\/wp52\/wp-content\/uploads\/2023\/06\/Lucifer-300x259.jpg 300w\" sizes=\"auto, (max-width: 371px) 100vw, 371px\" \/><\/a><figcaption id=\"caption-attachment-86715\" class=\"wp-caption-text\"><strong>Imagine:<\/strong> <a href=\"https:\/\/pixabay.com\/ro\/vectors\/%C3%AEnger-divinitatea-siluet%C4%83-noapte-7162212\/\" target=\"_blank\" rel=\"noopener\"><strong>pixabay.com<\/strong><\/a> (Commons Creative &#8211; free)<\/figcaption><\/figure>\n<p>Papa Ioan Paul al VI-lea, \u00een discursul rostit la 15 noiembrie 1972, a rostit cuvintele: <em>&#8222;\u015etim c\u0103 aceast\u0103 fiin\u0163\u0103 obscur\u0103 \u015fi sup\u0103r\u0103toare<\/em> (Lucifer \/ Satana) <em>exist\u0103 cu adev\u0103rat \u015fi c\u0103 tot mai ac\u0163ioneaz\u0103 cu ascuns\u0103 viclenie. El este du\u015fmanul din umbr\u0103 care seam\u0103n\u0103 p\u0103cate \u015fi nenorociri \u00een istoria omenirii&#8230; &#8222;<\/em>.<\/p>\n<p>Ce-a f\u0103cut r\u0103u acest Satana \/ Lucifer. Urm\u0103toarele lucruri de la bun \u00eenceput:<\/p>\n<p>* Descoperirea planetei ce are posibilit\u0103\u0163i pentru a fi locuit\u0103;<br \/>\n* Existen\u0163a unor b\u0103\u015ftina\u015fi, precum \u015fi a unor condi\u0163ii prielnice unei coloniz\u0103ri spirituale, \u00een afara celei materiale;<br \/>\n* Arhanghelul cel r\u0103spunz\u0103tor de aceast\u0103 opera\u0163iune cade \u00een p\u0103catul trufiei, crez\u00e2ndu-se Dumnezeu. Ca atare, \u00eei supune la ascultare oarb\u0103 pe b\u0103\u015ftina\u015fi \u015fi unei serii de experien\u0163e, viz\u00e2nd accelerarea evolutiei.<\/p>\n<p>La un moment dat, Lucifer anunt\u0103 inten\u0163ia sa de a nu mai asculta de ordinele venite de la &#8222;Comandamentul Galactic&#8221;. Totu\u015fi, o parte a extratere\u015ftrilor colonizatori r\u0103m\u00e2ne credincioas\u0103 celui care i-a trimis. Are loc iminenta ciocnire \u00eentre o\u015ftile puterii \u015fi cele ale r\u0103zvr\u0103ti\u0163ilor. Arhanghelul Mihail va reu\u015fi s\u0103 \u00eenfr\u00e2ng\u0103 o\u015ftile lui Lucifer, bloc\u00e2ndu-le \u00eentr-un spa\u0163iu cosmic bine delimitat. De atunci, Lucifer are \u015fi un alt nume, Satana (Potrivnicul).<\/p>\n","protected":false},"excerpt":{"rendered":"<p>Papa Ioan Paul al VI-lea, \u00een discursul rostit la 15 noiembrie 1972, a rostit cuvintele: &#8222;\u015etim c\u0103 aceast\u0103 fiin\u0163\u0103 obscur\u0103 \u015fi sup\u0103r\u0103toare (Lucifer \/ Satana) exist\u0103 cu adev\u0103rat \u015fi c\u0103 tot mai ac\u0163ioneaz\u0103 cu ascuns\u0103 viclenie. El este du\u015fmanul din &#8230; <\/p>\n<p class=\"read-more-container\"><a title=\"Papa Ioan Paul al VI-lea ne vorbe\u015fte despre Satana ca fiin\u0163\u0103 real\u0103. O fi un extraterestru avansat care a nesocotit pe Terra ordinele venite de la &#8222;Comandamentul galactic?&#8221;\" class=\"read-more button\" href=\"https:\/\/www.lovendal.ro\/wp52\/papa-ioan-paul-al-vi-lea-ne-vorbeste-despre-satana-ca-fiinta-reala-o-fi-un-extraterestru-avansat-care-a-nesocotit-pe-terra-ordinele-venite-de-la-comandamentul-galactic\/#more-86714\" aria-label=\"Cite\u0219te mai multe despre Papa Ioan Paul al VI-lea ne vorbe\u015fte despre Satana ca fiin\u0163\u0103 real\u0103. O fi un extraterestru avansat care a nesocotit pe Terra ordinele venite de la &#8222;Comandamentul galactic?&#8221;\">Cititi mai multe<\/a><\/p>\n","protected":false},"author":1,"featured_media":86715,"comment_status":"open","ping_status":"open","sticky":false,"template":"","format":"standard","meta":{"footnotes":""},"categories":[14],"tags":[323,2575,2056,97,9796,750,300],"class_list":["post-86714","post","type-post","status-publish","format-standard","has-post-thumbnail","hentry","category-paranormal-spiritualitate","tag-dumnezeu","tag-ioan-paul-al-ii-lea","tag-lucifer","tag-papa","tag-paranormal-spiritualitate","tag-satana","tag-terra","resize-featured-image"],"yoast_head":"<!-- This site is optimized with the Yoast SEO Premium plugin v23.3 (Yoast SEO v27.4) - https:\/\/yoast.com\/product\/yoast-seo-premium-wordpress\/ -->\n<title>Papa Ioan Paul al VI-lea ne vorbe\u015fte despre Satana ca fiin\u0163\u0103 real\u0103. O fi un extraterestru avansat care a nesocotit pe Terra ordinele venite de la &quot;Comandamentul galactic?&quot; - Secretele lui Lovendal<\/title>\n<meta name=\"robots\" content=\"index, follow, max-snippet:-1, max-image-preview:large, max-video-preview:-1\" \/>\n<link rel=\"canonical\" href=\"https:\/\/www.lovendal.ro\/wp52\/papa-ioan-paul-al-vi-lea-ne-vorbeste-despre-satana-ca-fiinta-reala-o-fi-un-extraterestru-avansat-care-a-nesocotit-pe-terra-ordinele-venite-de-la-comandamentul-galactic\/\" \/>\n<meta property=\"og:locale\" content=\"ro_RO\" \/>\n<meta property=\"og:type\" content=\"article\" \/>\n<meta property=\"og:title\" content=\"Papa Ioan Paul al VI-lea ne vorbe\u015fte despre Satana ca fiin\u0163\u0103 real\u0103. O fi un extraterestru avansat care a nesocotit pe Terra ordinele venite de la &quot;Comandamentul galactic?&quot;\" \/>\n<meta property=\"og:description\" content=\"Papa Ioan Paul al VI-lea, \u00een discursul rostit la 15 noiembrie 1972, a rostit cuvintele: &#8222;\u015etim c\u0103 aceast\u0103 fiin\u0163\u0103 obscur\u0103 \u015fi sup\u0103r\u0103toare (Lucifer \/ Satana) exist\u0103 cu adev\u0103rat \u015fi c\u0103 tot mai ac\u0163ioneaz\u0103 cu ascuns\u0103 viclenie. El este du\u015fmanul din ... Cititi mai multe\" \/>\n<meta property=\"og:url\" content=\"https:\/\/www.lovendal.ro\/wp52\/papa-ioan-paul-al-vi-lea-ne-vorbeste-despre-satana-ca-fiinta-reala-o-fi-un-extraterestru-avansat-care-a-nesocotit-pe-terra-ordinele-venite-de-la-comandamentul-galactic\/\" \/>\n<meta property=\"og:site_name\" content=\"Secretele lui Lovendal\" \/>\n<meta property=\"article:publisher\" content=\"https:\/\/www.facebook.com\/secreteleluilovendal\" \/>\n<meta property=\"article:published_time\" content=\"2023-06-22T19:04:48+00:00\" \/>\n<meta property=\"og:image\" content=\"https:\/\/www.lovendal.ro\/wp52\/wp-content\/uploads\/2023\/06\/Lucifer.jpg\" \/>\n\t<meta property=\"og:image:width\" content=\"371\" \/>\n\t<meta property=\"og:image:height\" content=\"320\" \/>\n\t<meta property=\"og:image:type\" content=\"image\/jpeg\" \/>\n<meta name=\"author\" content=\"admin\" \/>\n<meta name=\"twitter:card\" content=\"summary_large_image\" \/>\n<meta name=\"twitter:label1\" content=\"Scris de\" \/>\n\t<meta name=\"twitter:data1\" content=\"admin\" \/>\n\t<meta name=\"twitter:label2\" content=\"Timp estimat pentru citire\" \/>\n\t<meta name=\"twitter:data2\" content=\"1 minut\" \/>\n<script type=\"application\/ld+json\" class=\"yoast-schema-graph\">{\"@context\":\"https:\\\/\\\/schema.org\",\"@graph\":[{\"@type\":\"Article\",\"@id\":\"https:\\\/\\\/www.lovendal.ro\\\/wp52\\\/papa-ioan-paul-al-vi-lea-ne-vorbeste-despre-satana-ca-fiinta-reala-o-fi-un-extraterestru-avansat-care-a-nesocotit-pe-terra-ordinele-venite-de-la-comandamentul-galactic\\\/#article\",\"isPartOf\":{\"@id\":\"https:\\\/\\\/www.lovendal.ro\\\/wp52\\\/papa-ioan-paul-al-vi-lea-ne-vorbeste-despre-satana-ca-fiinta-reala-o-fi-un-extraterestru-avansat-care-a-nesocotit-pe-terra-ordinele-venite-de-la-comandamentul-galactic\\\/\"},\"author\":{\"name\":\"admin\",\"@id\":\"https:\\\/\\\/www.lovendal.ro\\\/wp52\\\/#\\\/schema\\\/person\\\/088691de5dfc346bb0c023e1e52ef5d9\"},\"headline\":\"Papa Ioan Paul al VI-lea ne vorbe\u015fte despre Satana ca fiin\u0163\u0103 real\u0103. O fi un extraterestru avansat care a nesocotit pe Terra ordinele venite de la &#8222;Comandamentul galactic?&#8221;\",\"datePublished\":\"2023-06-22T19:04:48+00:00\",\"mainEntityOfPage\":{\"@id\":\"https:\\\/\\\/www.lovendal.ro\\\/wp52\\\/papa-ioan-paul-al-vi-lea-ne-vorbeste-despre-satana-ca-fiinta-reala-o-fi-un-extraterestru-avansat-care-a-nesocotit-pe-terra-ordinele-venite-de-la-comandamentul-galactic\\\/\"},\"wordCount\":262,\"commentCount\":0,\"publisher\":{\"@id\":\"https:\\\/\\\/www.lovendal.ro\\\/wp52\\\/#organization\"},\"image\":{\"@id\":\"https:\\\/\\\/www.lovendal.ro\\\/wp52\\\/papa-ioan-paul-al-vi-lea-ne-vorbeste-despre-satana-ca-fiinta-reala-o-fi-un-extraterestru-avansat-care-a-nesocotit-pe-terra-ordinele-venite-de-la-comandamentul-galactic\\\/#primaryimage\"},\"thumbnailUrl\":\"https:\\\/\\\/www.lovendal.ro\\\/wp52\\\/wp-content\\\/uploads\\\/2023\\\/06\\\/Lucifer.jpg\",\"keywords\":[\"Dumnezeu\",\"Ioan Paul al II-lea\",\"Lucifer\",\"papa\",\"Paranormal-Spiritualitate\",\"Satana\",\"Terra\"],\"articleSection\":[\"Paranormal-Spiritualitate\"],\"inLanguage\":\"ro-RO\",\"potentialAction\":[{\"@type\":\"CommentAction\",\"name\":\"Comment\",\"target\":[\"https:\\\/\\\/www.lovendal.ro\\\/wp52\\\/papa-ioan-paul-al-vi-lea-ne-vorbeste-despre-satana-ca-fiinta-reala-o-fi-un-extraterestru-avansat-care-a-nesocotit-pe-terra-ordinele-venite-de-la-comandamentul-galactic\\\/#respond\"]}]},{\"@type\":\"WebPage\",\"@id\":\"https:\\\/\\\/www.lovendal.ro\\\/wp52\\\/papa-ioan-paul-al-vi-lea-ne-vorbeste-despre-satana-ca-fiinta-reala-o-fi-un-extraterestru-avansat-care-a-nesocotit-pe-terra-ordinele-venite-de-la-comandamentul-galactic\\\/\",\"url\":\"https:\\\/\\\/www.lovendal.ro\\\/wp52\\\/papa-ioan-paul-al-vi-lea-ne-vorbeste-despre-satana-ca-fiinta-reala-o-fi-un-extraterestru-avansat-care-a-nesocotit-pe-terra-ordinele-venite-de-la-comandamentul-galactic\\\/\",\"name\":\"Papa Ioan Paul al VI-lea ne vorbe\u015fte despre Satana ca fiin\u0163\u0103 real\u0103. O fi un extraterestru avansat care a nesocotit pe Terra ordinele venite de la \\\"Comandamentul galactic?\\\" - Secretele lui Lovendal\",\"isPartOf\":{\"@id\":\"https:\\\/\\\/www.lovendal.ro\\\/wp52\\\/#website\"},\"primaryImageOfPage\":{\"@id\":\"https:\\\/\\\/www.lovendal.ro\\\/wp52\\\/papa-ioan-paul-al-vi-lea-ne-vorbeste-despre-satana-ca-fiinta-reala-o-fi-un-extraterestru-avansat-care-a-nesocotit-pe-terra-ordinele-venite-de-la-comandamentul-galactic\\\/#primaryimage\"},\"image\":{\"@id\":\"https:\\\/\\\/www.lovendal.ro\\\/wp52\\\/papa-ioan-paul-al-vi-lea-ne-vorbeste-despre-satana-ca-fiinta-reala-o-fi-un-extraterestru-avansat-care-a-nesocotit-pe-terra-ordinele-venite-de-la-comandamentul-galactic\\\/#primaryimage\"},\"thumbnailUrl\":\"https:\\\/\\\/www.lovendal.ro\\\/wp52\\\/wp-content\\\/uploads\\\/2023\\\/06\\\/Lucifer.jpg\",\"datePublished\":\"2023-06-22T19:04:48+00:00\",\"breadcrumb\":{\"@id\":\"https:\\\/\\\/www.lovendal.ro\\\/wp52\\\/papa-ioan-paul-al-vi-lea-ne-vorbeste-despre-satana-ca-fiinta-reala-o-fi-un-extraterestru-avansat-care-a-nesocotit-pe-terra-ordinele-venite-de-la-comandamentul-galactic\\\/#breadcrumb\"},\"inLanguage\":\"ro-RO\",\"potentialAction\":[{\"@type\":\"ReadAction\",\"target\":[\"https:\\\/\\\/www.lovendal.ro\\\/wp52\\\/papa-ioan-paul-al-vi-lea-ne-vorbeste-despre-satana-ca-fiinta-reala-o-fi-un-extraterestru-avansat-care-a-nesocotit-pe-terra-ordinele-venite-de-la-comandamentul-galactic\\\/\"]}]},{\"@type\":\"ImageObject\",\"inLanguage\":\"ro-RO\",\"@id\":\"https:\\\/\\\/www.lovendal.ro\\\/wp52\\\/papa-ioan-paul-al-vi-lea-ne-vorbeste-despre-satana-ca-fiinta-reala-o-fi-un-extraterestru-avansat-care-a-nesocotit-pe-terra-ordinele-venite-de-la-comandamentul-galactic\\\/#primaryimage\",\"url\":\"https:\\\/\\\/www.lovendal.ro\\\/wp52\\\/wp-content\\\/uploads\\\/2023\\\/06\\\/Lucifer.jpg\",\"contentUrl\":\"https:\\\/\\\/www.lovendal.ro\\\/wp52\\\/wp-content\\\/uploads\\\/2023\\\/06\\\/Lucifer.jpg\",\"width\":371,\"height\":320,\"caption\":\"Imagine: pixabay.com (Commons Creative - free)\"},{\"@type\":\"BreadcrumbList\",\"@id\":\"https:\\\/\\\/www.lovendal.ro\\\/wp52\\\/papa-ioan-paul-al-vi-lea-ne-vorbeste-despre-satana-ca-fiinta-reala-o-fi-un-extraterestru-avansat-care-a-nesocotit-pe-terra-ordinele-venite-de-la-comandamentul-galactic\\\/#breadcrumb\",\"itemListElement\":[{\"@type\":\"ListItem\",\"position\":1,\"name\":\"Home\",\"item\":\"https:\\\/\\\/www.lovendal.ro\\\/wp52\\\/\"},{\"@type\":\"ListItem\",\"position\":2,\"name\":\"Papa Ioan Paul al VI-lea ne vorbe\u015fte despre Satana ca fiin\u0163\u0103 real\u0103. O fi un extraterestru avansat care a nesocotit pe Terra ordinele venite de la &#8222;Comandamentul galactic?&#8221;\"}]},{\"@type\":\"WebSite\",\"@id\":\"https:\\\/\\\/www.lovendal.ro\\\/wp52\\\/#website\",\"url\":\"https:\\\/\\\/www.lovendal.ro\\\/wp52\\\/\",\"name\":\"Secretele lui Lovendal\",\"description\":\"Site de secrete, stiinta si metafizica - din 2008 -\",\"publisher\":{\"@id\":\"https:\\\/\\\/www.lovendal.ro\\\/wp52\\\/#organization\"},\"potentialAction\":[{\"@type\":\"SearchAction\",\"target\":{\"@type\":\"EntryPoint\",\"urlTemplate\":\"https:\\\/\\\/www.lovendal.ro\\\/wp52\\\/?s={search_term_string}\"},\"query-input\":{\"@type\":\"PropertyValueSpecification\",\"valueRequired\":true,\"valueName\":\"search_term_string\"}}],\"inLanguage\":\"ro-RO\"},{\"@type\":\"Organization\",\"@id\":\"https:\\\/\\\/www.lovendal.ro\\\/wp52\\\/#organization\",\"name\":\"Secretele lui Lovendal\",\"url\":\"https:\\\/\\\/www.lovendal.ro\\\/wp52\\\/\",\"logo\":{\"@type\":\"ImageObject\",\"inLanguage\":\"ro-RO\",\"@id\":\"https:\\\/\\\/www.lovendal.ro\\\/wp52\\\/#\\\/schema\\\/logo\\\/image\\\/\",\"url\":\"https:\\\/\\\/www.lovendal.ro\\\/wp52\\\/wp-content\\\/uploads\\\/2024\\\/06\\\/cropped-SLL-iun-2024-1.jpg\",\"contentUrl\":\"https:\\\/\\\/www.lovendal.ro\\\/wp52\\\/wp-content\\\/uploads\\\/2024\\\/06\\\/cropped-SLL-iun-2024-1.jpg\",\"width\":771,\"height\":240,\"caption\":\"Secretele lui Lovendal\"},\"image\":{\"@id\":\"https:\\\/\\\/www.lovendal.ro\\\/wp52\\\/#\\\/schema\\\/logo\\\/image\\\/\"},\"sameAs\":[\"https:\\\/\\\/www.facebook.com\\\/secreteleluilovendal\"]},{\"@type\":\"Person\",\"@id\":\"https:\\\/\\\/www.lovendal.ro\\\/wp52\\\/#\\\/schema\\\/person\\\/088691de5dfc346bb0c023e1e52ef5d9\",\"name\":\"admin\",\"image\":{\"@type\":\"ImageObject\",\"inLanguage\":\"ro-RO\",\"@id\":\"https:\\\/\\\/secure.gravatar.com\\\/avatar\\\/ecb9cd41f5f63c9c9b989999a59f6e2639a865ec361e9db054db0679a8f341c2?s=96&d=mm&r=g\",\"url\":\"https:\\\/\\\/secure.gravatar.com\\\/avatar\\\/ecb9cd41f5f63c9c9b989999a59f6e2639a865ec361e9db054db0679a8f341c2?s=96&d=mm&r=g\",\"contentUrl\":\"https:\\\/\\\/secure.gravatar.com\\\/avatar\\\/ecb9cd41f5f63c9c9b989999a59f6e2639a865ec361e9db054db0679a8f341c2?s=96&d=mm&r=g\",\"caption\":\"admin\"},\"sameAs\":[\"https:\\\/\\\/www.lovendal.ro\\\/wp52\"]}]}<\/script>\n<!-- \/ Yoast SEO Premium plugin. -->","yoast_head_json":{"title":"Papa Ioan Paul al VI-lea ne vorbe\u015fte despre Satana ca fiin\u0163\u0103 real\u0103. O fi un extraterestru avansat care a nesocotit pe Terra ordinele venite de la \"Comandamentul galactic?\" - Secretele lui Lovendal","robots":{"index":"index","follow":"follow","max-snippet":"max-snippet:-1","max-image-preview":"max-image-preview:large","max-video-preview":"max-video-preview:-1"},"canonical":"https:\/\/www.lovendal.ro\/wp52\/papa-ioan-paul-al-vi-lea-ne-vorbeste-despre-satana-ca-fiinta-reala-o-fi-un-extraterestru-avansat-care-a-nesocotit-pe-terra-ordinele-venite-de-la-comandamentul-galactic\/","og_locale":"ro_RO","og_type":"article","og_title":"Papa Ioan Paul al VI-lea ne vorbe\u015fte despre Satana ca fiin\u0163\u0103 real\u0103. O fi un extraterestru avansat care a nesocotit pe Terra ordinele venite de la \"Comandamentul galactic?\"","og_description":"Papa Ioan Paul al VI-lea, \u00een discursul rostit la 15 noiembrie 1972, a rostit cuvintele: &#8222;\u015etim c\u0103 aceast\u0103 fiin\u0163\u0103 obscur\u0103 \u015fi sup\u0103r\u0103toare (Lucifer \/ Satana) exist\u0103 cu adev\u0103rat \u015fi c\u0103 tot mai ac\u0163ioneaz\u0103 cu ascuns\u0103 viclenie. El este du\u015fmanul din ... Cititi mai multe","og_url":"https:\/\/www.lovendal.ro\/wp52\/papa-ioan-paul-al-vi-lea-ne-vorbeste-despre-satana-ca-fiinta-reala-o-fi-un-extraterestru-avansat-care-a-nesocotit-pe-terra-ordinele-venite-de-la-comandamentul-galactic\/","og_site_name":"Secretele lui Lovendal","article_publisher":"https:\/\/www.facebook.com\/secreteleluilovendal","article_published_time":"2023-06-22T19:04:48+00:00","og_image":[{"width":371,"height":320,"url":"https:\/\/www.lovendal.ro\/wp52\/wp-content\/uploads\/2023\/06\/Lucifer.jpg","type":"image\/jpeg"}],"author":"admin","twitter_card":"summary_large_image","twitter_misc":{"Scris de":"admin","Timp estimat pentru citire":"1 minut"},"schema":{"@context":"https:\/\/schema.org","@graph":[{"@type":"Article","@id":"https:\/\/www.lovendal.ro\/wp52\/papa-ioan-paul-al-vi-lea-ne-vorbeste-despre-satana-ca-fiinta-reala-o-fi-un-extraterestru-avansat-care-a-nesocotit-pe-terra-ordinele-venite-de-la-comandamentul-galactic\/#article","isPartOf":{"@id":"https:\/\/www.lovendal.ro\/wp52\/papa-ioan-paul-al-vi-lea-ne-vorbeste-despre-satana-ca-fiinta-reala-o-fi-un-extraterestru-avansat-care-a-nesocotit-pe-terra-ordinele-venite-de-la-comandamentul-galactic\/"},"author":{"name":"admin","@id":"https:\/\/www.lovendal.ro\/wp52\/#\/schema\/person\/088691de5dfc346bb0c023e1e52ef5d9"},"headline":"Papa Ioan Paul al VI-lea ne vorbe\u015fte despre Satana ca fiin\u0163\u0103 real\u0103. O fi un extraterestru avansat care a nesocotit pe Terra ordinele venite de la &#8222;Comandamentul galactic?&#8221;","datePublished":"2023-06-22T19:04:48+00:00","mainEntityOfPage":{"@id":"https:\/\/www.lovendal.ro\/wp52\/papa-ioan-paul-al-vi-lea-ne-vorbeste-despre-satana-ca-fiinta-reala-o-fi-un-extraterestru-avansat-care-a-nesocotit-pe-terra-ordinele-venite-de-la-comandamentul-galactic\/"},"wordCount":262,"commentCount":0,"publisher":{"@id":"https:\/\/www.lovendal.ro\/wp52\/#organization"},"image":{"@id":"https:\/\/www.lovendal.ro\/wp52\/papa-ioan-paul-al-vi-lea-ne-vorbeste-despre-satana-ca-fiinta-reala-o-fi-un-extraterestru-avansat-care-a-nesocotit-pe-terra-ordinele-venite-de-la-comandamentul-galactic\/#primaryimage"},"thumbnailUrl":"https:\/\/www.lovendal.ro\/wp52\/wp-content\/uploads\/2023\/06\/Lucifer.jpg","keywords":["Dumnezeu","Ioan Paul al II-lea","Lucifer","papa","Paranormal-Spiritualitate","Satana","Terra"],"articleSection":["Paranormal-Spiritualitate"],"inLanguage":"ro-RO","potentialAction":[{"@type":"CommentAction","name":"Comment","target":["https:\/\/www.lovendal.ro\/wp52\/papa-ioan-paul-al-vi-lea-ne-vorbeste-despre-satana-ca-fiinta-reala-o-fi-un-extraterestru-avansat-care-a-nesocotit-pe-terra-ordinele-venite-de-la-comandamentul-galactic\/#respond"]}]},{"@type":"WebPage","@id":"https:\/\/www.lovendal.ro\/wp52\/papa-ioan-paul-al-vi-lea-ne-vorbeste-despre-satana-ca-fiinta-reala-o-fi-un-extraterestru-avansat-care-a-nesocotit-pe-terra-ordinele-venite-de-la-comandamentul-galactic\/","url":"https:\/\/www.lovendal.ro\/wp52\/papa-ioan-paul-al-vi-lea-ne-vorbeste-despre-satana-ca-fiinta-reala-o-fi-un-extraterestru-avansat-care-a-nesocotit-pe-terra-ordinele-venite-de-la-comandamentul-galactic\/","name":"Papa Ioan Paul al VI-lea ne vorbe\u015fte despre Satana ca fiin\u0163\u0103 real\u0103. O fi un extraterestru avansat care a nesocotit pe Terra ordinele venite de la \"Comandamentul galactic?\" - Secretele lui Lovendal","isPartOf":{"@id":"https:\/\/www.lovendal.ro\/wp52\/#website"},"primaryImageOfPage":{"@id":"https:\/\/www.lovendal.ro\/wp52\/papa-ioan-paul-al-vi-lea-ne-vorbeste-despre-satana-ca-fiinta-reala-o-fi-un-extraterestru-avansat-care-a-nesocotit-pe-terra-ordinele-venite-de-la-comandamentul-galactic\/#primaryimage"},"image":{"@id":"https:\/\/www.lovendal.ro\/wp52\/papa-ioan-paul-al-vi-lea-ne-vorbeste-despre-satana-ca-fiinta-reala-o-fi-un-extraterestru-avansat-care-a-nesocotit-pe-terra-ordinele-venite-de-la-comandamentul-galactic\/#primaryimage"},"thumbnailUrl":"https:\/\/www.lovendal.ro\/wp52\/wp-content\/uploads\/2023\/06\/Lucifer.jpg","datePublished":"2023-06-22T19:04:48+00:00","breadcrumb":{"@id":"https:\/\/www.lovendal.ro\/wp52\/papa-ioan-paul-al-vi-lea-ne-vorbeste-despre-satana-ca-fiinta-reala-o-fi-un-extraterestru-avansat-care-a-nesocotit-pe-terra-ordinele-venite-de-la-comandamentul-galactic\/#breadcrumb"},"inLanguage":"ro-RO","potentialAction":[{"@type":"ReadAction","target":["https:\/\/www.lovendal.ro\/wp52\/papa-ioan-paul-al-vi-lea-ne-vorbeste-despre-satana-ca-fiinta-reala-o-fi-un-extraterestru-avansat-care-a-nesocotit-pe-terra-ordinele-venite-de-la-comandamentul-galactic\/"]}]},{"@type":"ImageObject","inLanguage":"ro-RO","@id":"https:\/\/www.lovendal.ro\/wp52\/papa-ioan-paul-al-vi-lea-ne-vorbeste-despre-satana-ca-fiinta-reala-o-fi-un-extraterestru-avansat-care-a-nesocotit-pe-terra-ordinele-venite-de-la-comandamentul-galactic\/#primaryimage","url":"https:\/\/www.lovendal.ro\/wp52\/wp-content\/uploads\/2023\/06\/Lucifer.jpg","contentUrl":"https:\/\/www.lovendal.ro\/wp52\/wp-content\/uploads\/2023\/06\/Lucifer.jpg","width":371,"height":320,"caption":"Imagine: pixabay.com (Commons Creative - free)"},{"@type":"BreadcrumbList","@id":"https:\/\/www.lovendal.ro\/wp52\/papa-ioan-paul-al-vi-lea-ne-vorbeste-despre-satana-ca-fiinta-reala-o-fi-un-extraterestru-avansat-care-a-nesocotit-pe-terra-ordinele-venite-de-la-comandamentul-galactic\/#breadcrumb","itemListElement":[{"@type":"ListItem","position":1,"name":"Home","item":"https:\/\/www.lovendal.ro\/wp52\/"},{"@type":"ListItem","position":2,"name":"Papa Ioan Paul al VI-lea ne vorbe\u015fte despre Satana ca fiin\u0163\u0103 real\u0103. O fi un extraterestru avansat care a nesocotit pe Terra ordinele venite de la &#8222;Comandamentul galactic?&#8221;"}]},{"@type":"WebSite","@id":"https:\/\/www.lovendal.ro\/wp52\/#website","url":"https:\/\/www.lovendal.ro\/wp52\/","name":"Secretele lui Lovendal","description":"Site de secrete, stiinta si metafizica - din 2008 -","publisher":{"@id":"https:\/\/www.lovendal.ro\/wp52\/#organization"},"potentialAction":[{"@type":"SearchAction","target":{"@type":"EntryPoint","urlTemplate":"https:\/\/www.lovendal.ro\/wp52\/?s={search_term_string}"},"query-input":{"@type":"PropertyValueSpecification","valueRequired":true,"valueName":"search_term_string"}}],"inLanguage":"ro-RO"},{"@type":"Organization","@id":"https:\/\/www.lovendal.ro\/wp52\/#organization","name":"Secretele lui Lovendal","url":"https:\/\/www.lovendal.ro\/wp52\/","logo":{"@type":"ImageObject","inLanguage":"ro-RO","@id":"https:\/\/www.lovendal.ro\/wp52\/#\/schema\/logo\/image\/","url":"https:\/\/www.lovendal.ro\/wp52\/wp-content\/uploads\/2024\/06\/cropped-SLL-iun-2024-1.jpg","contentUrl":"https:\/\/www.lovendal.ro\/wp52\/wp-content\/uploads\/2024\/06\/cropped-SLL-iun-2024-1.jpg","width":771,"height":240,"caption":"Secretele lui Lovendal"},"image":{"@id":"https:\/\/www.lovendal.ro\/wp52\/#\/schema\/logo\/image\/"},"sameAs":["https:\/\/www.facebook.com\/secreteleluilovendal"]},{"@type":"Person","@id":"https:\/\/www.lovendal.ro\/wp52\/#\/schema\/person\/088691de5dfc346bb0c023e1e52ef5d9","name":"admin","image":{"@type":"ImageObject","inLanguage":"ro-RO","@id":"https:\/\/secure.gravatar.com\/avatar\/ecb9cd41f5f63c9c9b989999a59f6e2639a865ec361e9db054db0679a8f341c2?s=96&d=mm&r=g","url":"https:\/\/secure.gravatar.com\/avatar\/ecb9cd41f5f63c9c9b989999a59f6e2639a865ec361e9db054db0679a8f341c2?s=96&d=mm&r=g","contentUrl":"https:\/\/secure.gravatar.com\/avatar\/ecb9cd41f5f63c9c9b989999a59f6e2639a865ec361e9db054db0679a8f341c2?s=96&d=mm&r=g","caption":"admin"},"sameAs":["https:\/\/www.lovendal.ro\/wp52"]}]}},"_links":{"self":[{"href":"https:\/\/www.lovendal.ro\/wp52\/wp-json\/wp\/v2\/posts\/86714","targetHints":{"allow":["GET"]}}],"collection":[{"href":"https:\/\/www.lovendal.ro\/wp52\/wp-json\/wp\/v2\/posts"}],"about":[{"href":"https:\/\/www.lovendal.ro\/wp52\/wp-json\/wp\/v2\/types\/post"}],"author":[{"embeddable":true,"href":"https:\/\/www.lovendal.ro\/wp52\/wp-json\/wp\/v2\/users\/1"}],"replies":[{"embeddable":true,"href":"https:\/\/www.lovendal.ro\/wp52\/wp-json\/wp\/v2\/comments?post=86714"}],"version-history":[{"count":1,"href":"https:\/\/www.lovendal.ro\/wp52\/wp-json\/wp\/v2\/posts\/86714\/revisions"}],"predecessor-version":[{"id":86716,"href":"https:\/\/www.lovendal.ro\/wp52\/wp-json\/wp\/v2\/posts\/86714\/revisions\/86716"}],"wp:featuredmedia":[{"embeddable":true,"href":"https:\/\/www.lovendal.ro\/wp52\/wp-json\/wp\/v2\/media\/86715"}],"wp:attachment":[{"href":"https:\/\/www.lovendal.ro\/wp52\/wp-json\/wp\/v2\/media?parent=86714"}],"wp:term":[{"taxonomy":"category","embeddable":true,"href":"https:\/\/www.lovendal.ro\/wp52\/wp-json\/wp\/v2\/categories?post=86714"},{"taxonomy":"post_tag","embeddable":true,"href":"https:\/\/www.lovendal.ro\/wp52\/wp-json\/wp\/v2\/tags?post=86714"}],"curies":[{"name":"wp","href":"https:\/\/api.w.org\/{rel}","templated":true}]}}