{"id":86233,"date":"2023-07-01T06:30:07","date_gmt":"2023-07-01T03:30:07","guid":{"rendered":"https:\/\/www.lovendal.ro\/wp52\/?p=86233"},"modified":"2023-07-01T06:26:34","modified_gmt":"2023-07-01T03:26:34","slug":"dumnezeu-a-creat-universul-pe-26-octombrie-4005-i-hr-la-ora-9-dimineata-credea-un-arhiepiscop-din-irlanda","status":"publish","type":"post","link":"https:\/\/www.lovendal.ro\/wp52\/dumnezeu-a-creat-universul-pe-26-octombrie-4005-i-hr-la-ora-9-dimineata-credea-un-arhiepiscop-din-irlanda\/","title":{"rendered":"&#8222;Dumnezeu a creat Universul pe 26 octombrie 4005 \u00ee.Hr., la ora 9 diminea\u0163a&#8221; &#8211; credea un arhiepiscop din Irlanda"},"content":{"rendered":"<p><a href=\"https:\/\/www.lovendal.ro\/wp52\/wp-content\/uploads\/2023\/06\/Dumnezeu-a-creat-Universul-in-anul.jpg\"><img loading=\"lazy\" decoding=\"async\" class=\"alignleft size-full wp-image-86234\" src=\"https:\/\/www.lovendal.ro\/wp52\/wp-content\/uploads\/2023\/06\/Dumnezeu-a-creat-Universul-in-anul.jpg\" alt=\"\" width=\"350\" height=\"233\" srcset=\"https:\/\/www.lovendal.ro\/wp52\/wp-content\/uploads\/2023\/06\/Dumnezeu-a-creat-Universul-in-anul.jpg 350w, https:\/\/www.lovendal.ro\/wp52\/wp-content\/uploads\/2023\/06\/Dumnezeu-a-creat-Universul-in-anul-300x200.jpg 300w\" sizes=\"auto, (max-width: 350px) 100vw, 350px\" \/><\/a>Crea\u021bionismul este credin\u021ba c\u0103 Dumnezeu a creat formele fundamentale de via\u021b\u0103. P\u00e2n\u0103 pe la mijlocul secolului al XIX-lea, practic toat\u0103 lumea \u00een Occident credea relatarea biblic\u0103 a crea\u021biei. Dup\u0103 ce Charles Darwin a propus \u00een<strong><em> &#8222;Originea speciilor&#8221;<\/em><\/strong> (1859) evolu\u021bia natural\u0103 a formelor de via\u021b\u0103, crea\u021bionismul a \u00eenceput s\u0103 piard\u0103 teren. A\u015fadar, crea\u021bionismul este credin\u021ba c\u0103 Universul \u0219i toate formele de via\u021b\u0103 au fost create de Dumnezeu sau de o alt\u0103 form\u0103 de inteligen\u021b\u0103 extraterestr\u0103. Crea\u021bioni\u0219tii biblici accept\u0103 relatarea din Cartea Facerii (Genez\u0103), potrivit c\u0103reia Dumnezeu creeaz\u0103 totul \u00een 6 zile, pe c\u00e2nd adep\u021bii crea\u021bionismului \u0219tiin\u021bific cred c\u0103 un Creator a f\u0103cut tot ce exist\u0103, ace\u0219tia put\u00e2nd \u00eens\u0103 s\u0103 resping\u0103 teza crea\u021biei \u00een 6 zile ca fiind relatarea istoric\u0103 a procesului.<\/p>\n<p>Crea\u0163ioni\u015ftii au creat chiar \u015fi &#8222;cronologia&#8221; Terrei: Dumnezeu a creat Universul la ora 9 diminea\u0163a, \u00een ziua de 26 octombrie anul 4005 \u00ee.Hr. Aceast\u0103 &#8222;cronologie&#8221; a fost f\u0103cut\u0103 public\u0103 \u00een anul 1654, de c\u0103tre arhiepiscopul Usher din Irlanda.<\/p>\n<p>\u00cens\u0103, crea\u0163ioni\u015ftii contemporani zilelor noastre erau convin\u015fi c\u0103 P\u0103m\u00e2ntul \u015fi tot Universul sunt o crea\u0163ie de acum 6.000, respectiv 10.000 ani. C\u0103 \u00eenc\u0103 de la \u00eenceput, toate animalele \u015fi plantele au fost create a\u015fa cum sunt \u015fi ast\u0103zi. Nu a existat nicio selec\u0163ie natural\u0103, nu s-a petrecut nicio muta\u0163ie. Ei nu admit nici faptul c\u0103 ar fi existat un unic organism primar de la care au evoluat toate celelalte specii vii, dup\u0103 cum sus\u0163in evolu\u0163ioni\u015ftii.<\/p>\n","protected":false},"excerpt":{"rendered":"<p>Crea\u021bionismul este credin\u021ba c\u0103 Dumnezeu a creat formele fundamentale de via\u021b\u0103. P\u00e2n\u0103 pe la mijlocul secolului al XIX-lea, practic toat\u0103 lumea \u00een Occident credea relatarea biblic\u0103 a crea\u021biei. Dup\u0103 ce Charles Darwin a propus \u00een &#8222;Originea speciilor&#8221; (1859) evolu\u021bia natural\u0103 &#8230; <\/p>\n<p class=\"read-more-container\"><a title=\"&#8222;Dumnezeu a creat Universul pe 26 octombrie 4005 \u00ee.Hr., la ora 9 diminea\u0163a&#8221; &#8211; credea un arhiepiscop din Irlanda\" class=\"read-more button\" href=\"https:\/\/www.lovendal.ro\/wp52\/dumnezeu-a-creat-universul-pe-26-octombrie-4005-i-hr-la-ora-9-dimineata-credea-un-arhiepiscop-din-irlanda\/#more-86233\" aria-label=\"Cite\u0219te mai multe despre &#8222;Dumnezeu a creat Universul pe 26 octombrie 4005 \u00ee.Hr., la ora 9 diminea\u0163a&#8221; &#8211; credea un arhiepiscop din Irlanda\">Cititi mai multe<\/a><\/p>\n","protected":false},"author":1,"featured_media":86234,"comment_status":"open","ping_status":"open","sticky":false,"template":"","format":"standard","meta":{"footnotes":""},"categories":[14],"tags":[237,3893,255,252,323,256,4367,490,2905,105,9796,6045,1087],"class_list":["post-86233","post","type-post","status-publish","format-standard","has-post-thumbnail","hentry","category-paranormal-spiritualitate","tag-animale","tag-arhiepiscop","tag-creationism","tag-darwin","tag-dumnezeu","tag-evolutionism","tag-geneza","tag-irlanda","tag-occident","tag-pamant","tag-paranormal-spiritualitate","tag-plante","tag-univers","resize-featured-image"],"yoast_head":"<!-- This site is optimized with the Yoast SEO Premium plugin v23.3 (Yoast SEO v27.4) - https:\/\/yoast.com\/product\/yoast-seo-premium-wordpress\/ -->\n<title>&quot;Dumnezeu a creat Universul pe 26 octombrie 4005 \u00ee.Hr., la ora 9 diminea\u0163a&quot; - credea un arhiepiscop din Irlanda - Secretele lui Lovendal<\/title>\n<meta name=\"robots\" content=\"index, follow, max-snippet:-1, max-image-preview:large, max-video-preview:-1\" \/>\n<link rel=\"canonical\" href=\"https:\/\/www.lovendal.ro\/wp52\/dumnezeu-a-creat-universul-pe-26-octombrie-4005-i-hr-la-ora-9-dimineata-credea-un-arhiepiscop-din-irlanda\/\" \/>\n<meta property=\"og:locale\" content=\"ro_RO\" \/>\n<meta property=\"og:type\" content=\"article\" \/>\n<meta property=\"og:title\" content=\"&quot;Dumnezeu a creat Universul pe 26 octombrie 4005 \u00ee.Hr., la ora 9 diminea\u0163a&quot; - credea un arhiepiscop din Irlanda\" \/>\n<meta property=\"og:description\" content=\"Crea\u021bionismul este credin\u021ba c\u0103 Dumnezeu a creat formele fundamentale de via\u021b\u0103. P\u00e2n\u0103 pe la mijlocul secolului al XIX-lea, practic toat\u0103 lumea \u00een Occident credea relatarea biblic\u0103 a crea\u021biei. Dup\u0103 ce Charles Darwin a propus \u00een &#8222;Originea speciilor&#8221; (1859) evolu\u021bia natural\u0103 ... Cititi mai multe\" \/>\n<meta property=\"og:url\" content=\"https:\/\/www.lovendal.ro\/wp52\/dumnezeu-a-creat-universul-pe-26-octombrie-4005-i-hr-la-ora-9-dimineata-credea-un-arhiepiscop-din-irlanda\/\" \/>\n<meta property=\"og:site_name\" content=\"Secretele lui Lovendal\" \/>\n<meta property=\"article:publisher\" content=\"https:\/\/www.facebook.com\/secreteleluilovendal\" \/>\n<meta property=\"article:published_time\" content=\"2023-07-01T03:30:07+00:00\" \/>\n<meta property=\"og:image\" content=\"https:\/\/www.lovendal.ro\/wp52\/wp-content\/uploads\/2023\/06\/Dumnezeu-a-creat-Universul-in-anul.jpg\" \/>\n\t<meta property=\"og:image:width\" content=\"350\" \/>\n\t<meta property=\"og:image:height\" content=\"233\" \/>\n\t<meta property=\"og:image:type\" content=\"image\/jpeg\" \/>\n<meta name=\"author\" content=\"admin\" \/>\n<meta name=\"twitter:card\" content=\"summary_large_image\" \/>\n<meta name=\"twitter:label1\" content=\"Scris de\" \/>\n\t<meta name=\"twitter:data1\" content=\"admin\" \/>\n\t<meta name=\"twitter:label2\" content=\"Timp estimat pentru citire\" \/>\n\t<meta name=\"twitter:data2\" content=\"1 minut\" \/>\n<script type=\"application\/ld+json\" class=\"yoast-schema-graph\">{\"@context\":\"https:\\\/\\\/schema.org\",\"@graph\":[{\"@type\":\"Article\",\"@id\":\"https:\\\/\\\/www.lovendal.ro\\\/wp52\\\/dumnezeu-a-creat-universul-pe-26-octombrie-4005-i-hr-la-ora-9-dimineata-credea-un-arhiepiscop-din-irlanda\\\/#article\",\"isPartOf\":{\"@id\":\"https:\\\/\\\/www.lovendal.ro\\\/wp52\\\/dumnezeu-a-creat-universul-pe-26-octombrie-4005-i-hr-la-ora-9-dimineata-credea-un-arhiepiscop-din-irlanda\\\/\"},\"author\":{\"name\":\"admin\",\"@id\":\"https:\\\/\\\/www.lovendal.ro\\\/wp52\\\/#\\\/schema\\\/person\\\/088691de5dfc346bb0c023e1e52ef5d9\"},\"headline\":\"&#8222;Dumnezeu a creat Universul pe 26 octombrie 4005 \u00ee.Hr., la ora 9 diminea\u0163a&#8221; &#8211; credea un arhiepiscop din Irlanda\",\"datePublished\":\"2023-07-01T03:30:07+00:00\",\"mainEntityOfPage\":{\"@id\":\"https:\\\/\\\/www.lovendal.ro\\\/wp52\\\/dumnezeu-a-creat-universul-pe-26-octombrie-4005-i-hr-la-ora-9-dimineata-credea-un-arhiepiscop-din-irlanda\\\/\"},\"wordCount\":279,\"commentCount\":1,\"publisher\":{\"@id\":\"https:\\\/\\\/www.lovendal.ro\\\/wp52\\\/#organization\"},\"image\":{\"@id\":\"https:\\\/\\\/www.lovendal.ro\\\/wp52\\\/dumnezeu-a-creat-universul-pe-26-octombrie-4005-i-hr-la-ora-9-dimineata-credea-un-arhiepiscop-din-irlanda\\\/#primaryimage\"},\"thumbnailUrl\":\"https:\\\/\\\/www.lovendal.ro\\\/wp52\\\/wp-content\\\/uploads\\\/2023\\\/06\\\/Dumnezeu-a-creat-Universul-in-anul.jpg\",\"keywords\":[\"Animale\",\"arhiepiscop\",\"crea\u0163ionism\",\"Darwin\",\"Dumnezeu\",\"evolu\u0163ionism\",\"Geneza\",\"Irlanda\",\"Occident\",\"P\u0103m\u00e2nt\",\"Paranormal-Spiritualitate\",\"plante\",\"Univers\"],\"articleSection\":[\"Paranormal-Spiritualitate\"],\"inLanguage\":\"ro-RO\",\"potentialAction\":[{\"@type\":\"CommentAction\",\"name\":\"Comment\",\"target\":[\"https:\\\/\\\/www.lovendal.ro\\\/wp52\\\/dumnezeu-a-creat-universul-pe-26-octombrie-4005-i-hr-la-ora-9-dimineata-credea-un-arhiepiscop-din-irlanda\\\/#respond\"]}]},{\"@type\":\"WebPage\",\"@id\":\"https:\\\/\\\/www.lovendal.ro\\\/wp52\\\/dumnezeu-a-creat-universul-pe-26-octombrie-4005-i-hr-la-ora-9-dimineata-credea-un-arhiepiscop-din-irlanda\\\/\",\"url\":\"https:\\\/\\\/www.lovendal.ro\\\/wp52\\\/dumnezeu-a-creat-universul-pe-26-octombrie-4005-i-hr-la-ora-9-dimineata-credea-un-arhiepiscop-din-irlanda\\\/\",\"name\":\"\\\"Dumnezeu a creat Universul pe 26 octombrie 4005 \u00ee.Hr., la ora 9 diminea\u0163a\\\" - credea un arhiepiscop din Irlanda - Secretele lui Lovendal\",\"isPartOf\":{\"@id\":\"https:\\\/\\\/www.lovendal.ro\\\/wp52\\\/#website\"},\"primaryImageOfPage\":{\"@id\":\"https:\\\/\\\/www.lovendal.ro\\\/wp52\\\/dumnezeu-a-creat-universul-pe-26-octombrie-4005-i-hr-la-ora-9-dimineata-credea-un-arhiepiscop-din-irlanda\\\/#primaryimage\"},\"image\":{\"@id\":\"https:\\\/\\\/www.lovendal.ro\\\/wp52\\\/dumnezeu-a-creat-universul-pe-26-octombrie-4005-i-hr-la-ora-9-dimineata-credea-un-arhiepiscop-din-irlanda\\\/#primaryimage\"},\"thumbnailUrl\":\"https:\\\/\\\/www.lovendal.ro\\\/wp52\\\/wp-content\\\/uploads\\\/2023\\\/06\\\/Dumnezeu-a-creat-Universul-in-anul.jpg\",\"datePublished\":\"2023-07-01T03:30:07+00:00\",\"breadcrumb\":{\"@id\":\"https:\\\/\\\/www.lovendal.ro\\\/wp52\\\/dumnezeu-a-creat-universul-pe-26-octombrie-4005-i-hr-la-ora-9-dimineata-credea-un-arhiepiscop-din-irlanda\\\/#breadcrumb\"},\"inLanguage\":\"ro-RO\",\"potentialAction\":[{\"@type\":\"ReadAction\",\"target\":[\"https:\\\/\\\/www.lovendal.ro\\\/wp52\\\/dumnezeu-a-creat-universul-pe-26-octombrie-4005-i-hr-la-ora-9-dimineata-credea-un-arhiepiscop-din-irlanda\\\/\"]}]},{\"@type\":\"ImageObject\",\"inLanguage\":\"ro-RO\",\"@id\":\"https:\\\/\\\/www.lovendal.ro\\\/wp52\\\/dumnezeu-a-creat-universul-pe-26-octombrie-4005-i-hr-la-ora-9-dimineata-credea-un-arhiepiscop-din-irlanda\\\/#primaryimage\",\"url\":\"https:\\\/\\\/www.lovendal.ro\\\/wp52\\\/wp-content\\\/uploads\\\/2023\\\/06\\\/Dumnezeu-a-creat-Universul-in-anul.jpg\",\"contentUrl\":\"https:\\\/\\\/www.lovendal.ro\\\/wp52\\\/wp-content\\\/uploads\\\/2023\\\/06\\\/Dumnezeu-a-creat-Universul-in-anul.jpg\",\"width\":350,\"height\":233},{\"@type\":\"BreadcrumbList\",\"@id\":\"https:\\\/\\\/www.lovendal.ro\\\/wp52\\\/dumnezeu-a-creat-universul-pe-26-octombrie-4005-i-hr-la-ora-9-dimineata-credea-un-arhiepiscop-din-irlanda\\\/#breadcrumb\",\"itemListElement\":[{\"@type\":\"ListItem\",\"position\":1,\"name\":\"Home\",\"item\":\"https:\\\/\\\/www.lovendal.ro\\\/wp52\\\/\"},{\"@type\":\"ListItem\",\"position\":2,\"name\":\"&#8222;Dumnezeu a creat Universul pe 26 octombrie 4005 \u00ee.Hr., la ora 9 diminea\u0163a&#8221; &#8211; credea un arhiepiscop din Irlanda\"}]},{\"@type\":\"WebSite\",\"@id\":\"https:\\\/\\\/www.lovendal.ro\\\/wp52\\\/#website\",\"url\":\"https:\\\/\\\/www.lovendal.ro\\\/wp52\\\/\",\"name\":\"Secretele lui Lovendal\",\"description\":\"Site de secrete, stiinta si metafizica - din 2008 -\",\"publisher\":{\"@id\":\"https:\\\/\\\/www.lovendal.ro\\\/wp52\\\/#organization\"},\"potentialAction\":[{\"@type\":\"SearchAction\",\"target\":{\"@type\":\"EntryPoint\",\"urlTemplate\":\"https:\\\/\\\/www.lovendal.ro\\\/wp52\\\/?s={search_term_string}\"},\"query-input\":{\"@type\":\"PropertyValueSpecification\",\"valueRequired\":true,\"valueName\":\"search_term_string\"}}],\"inLanguage\":\"ro-RO\"},{\"@type\":\"Organization\",\"@id\":\"https:\\\/\\\/www.lovendal.ro\\\/wp52\\\/#organization\",\"name\":\"Secretele lui Lovendal\",\"url\":\"https:\\\/\\\/www.lovendal.ro\\\/wp52\\\/\",\"logo\":{\"@type\":\"ImageObject\",\"inLanguage\":\"ro-RO\",\"@id\":\"https:\\\/\\\/www.lovendal.ro\\\/wp52\\\/#\\\/schema\\\/logo\\\/image\\\/\",\"url\":\"https:\\\/\\\/www.lovendal.ro\\\/wp52\\\/wp-content\\\/uploads\\\/2024\\\/06\\\/cropped-SLL-iun-2024-1.jpg\",\"contentUrl\":\"https:\\\/\\\/www.lovendal.ro\\\/wp52\\\/wp-content\\\/uploads\\\/2024\\\/06\\\/cropped-SLL-iun-2024-1.jpg\",\"width\":771,\"height\":240,\"caption\":\"Secretele lui Lovendal\"},\"image\":{\"@id\":\"https:\\\/\\\/www.lovendal.ro\\\/wp52\\\/#\\\/schema\\\/logo\\\/image\\\/\"},\"sameAs\":[\"https:\\\/\\\/www.facebook.com\\\/secreteleluilovendal\"]},{\"@type\":\"Person\",\"@id\":\"https:\\\/\\\/www.lovendal.ro\\\/wp52\\\/#\\\/schema\\\/person\\\/088691de5dfc346bb0c023e1e52ef5d9\",\"name\":\"admin\",\"image\":{\"@type\":\"ImageObject\",\"inLanguage\":\"ro-RO\",\"@id\":\"https:\\\/\\\/secure.gravatar.com\\\/avatar\\\/ecb9cd41f5f63c9c9b989999a59f6e2639a865ec361e9db054db0679a8f341c2?s=96&d=mm&r=g\",\"url\":\"https:\\\/\\\/secure.gravatar.com\\\/avatar\\\/ecb9cd41f5f63c9c9b989999a59f6e2639a865ec361e9db054db0679a8f341c2?s=96&d=mm&r=g\",\"contentUrl\":\"https:\\\/\\\/secure.gravatar.com\\\/avatar\\\/ecb9cd41f5f63c9c9b989999a59f6e2639a865ec361e9db054db0679a8f341c2?s=96&d=mm&r=g\",\"caption\":\"admin\"},\"sameAs\":[\"https:\\\/\\\/www.lovendal.ro\\\/wp52\"]}]}<\/script>\n<!-- \/ Yoast SEO Premium plugin. -->","yoast_head_json":{"title":"\"Dumnezeu a creat Universul pe 26 octombrie 4005 \u00ee.Hr., la ora 9 diminea\u0163a\" - credea un arhiepiscop din Irlanda - Secretele lui Lovendal","robots":{"index":"index","follow":"follow","max-snippet":"max-snippet:-1","max-image-preview":"max-image-preview:large","max-video-preview":"max-video-preview:-1"},"canonical":"https:\/\/www.lovendal.ro\/wp52\/dumnezeu-a-creat-universul-pe-26-octombrie-4005-i-hr-la-ora-9-dimineata-credea-un-arhiepiscop-din-irlanda\/","og_locale":"ro_RO","og_type":"article","og_title":"\"Dumnezeu a creat Universul pe 26 octombrie 4005 \u00ee.Hr., la ora 9 diminea\u0163a\" - credea un arhiepiscop din Irlanda","og_description":"Crea\u021bionismul este credin\u021ba c\u0103 Dumnezeu a creat formele fundamentale de via\u021b\u0103. P\u00e2n\u0103 pe la mijlocul secolului al XIX-lea, practic toat\u0103 lumea \u00een Occident credea relatarea biblic\u0103 a crea\u021biei. Dup\u0103 ce Charles Darwin a propus \u00een &#8222;Originea speciilor&#8221; (1859) evolu\u021bia natural\u0103 ... Cititi mai multe","og_url":"https:\/\/www.lovendal.ro\/wp52\/dumnezeu-a-creat-universul-pe-26-octombrie-4005-i-hr-la-ora-9-dimineata-credea-un-arhiepiscop-din-irlanda\/","og_site_name":"Secretele lui Lovendal","article_publisher":"https:\/\/www.facebook.com\/secreteleluilovendal","article_published_time":"2023-07-01T03:30:07+00:00","og_image":[{"width":350,"height":233,"url":"https:\/\/www.lovendal.ro\/wp52\/wp-content\/uploads\/2023\/06\/Dumnezeu-a-creat-Universul-in-anul.jpg","type":"image\/jpeg"}],"author":"admin","twitter_card":"summary_large_image","twitter_misc":{"Scris de":"admin","Timp estimat pentru citire":"1 minut"},"schema":{"@context":"https:\/\/schema.org","@graph":[{"@type":"Article","@id":"https:\/\/www.lovendal.ro\/wp52\/dumnezeu-a-creat-universul-pe-26-octombrie-4005-i-hr-la-ora-9-dimineata-credea-un-arhiepiscop-din-irlanda\/#article","isPartOf":{"@id":"https:\/\/www.lovendal.ro\/wp52\/dumnezeu-a-creat-universul-pe-26-octombrie-4005-i-hr-la-ora-9-dimineata-credea-un-arhiepiscop-din-irlanda\/"},"author":{"name":"admin","@id":"https:\/\/www.lovendal.ro\/wp52\/#\/schema\/person\/088691de5dfc346bb0c023e1e52ef5d9"},"headline":"&#8222;Dumnezeu a creat Universul pe 26 octombrie 4005 \u00ee.Hr., la ora 9 diminea\u0163a&#8221; &#8211; credea un arhiepiscop din Irlanda","datePublished":"2023-07-01T03:30:07+00:00","mainEntityOfPage":{"@id":"https:\/\/www.lovendal.ro\/wp52\/dumnezeu-a-creat-universul-pe-26-octombrie-4005-i-hr-la-ora-9-dimineata-credea-un-arhiepiscop-din-irlanda\/"},"wordCount":279,"commentCount":1,"publisher":{"@id":"https:\/\/www.lovendal.ro\/wp52\/#organization"},"image":{"@id":"https:\/\/www.lovendal.ro\/wp52\/dumnezeu-a-creat-universul-pe-26-octombrie-4005-i-hr-la-ora-9-dimineata-credea-un-arhiepiscop-din-irlanda\/#primaryimage"},"thumbnailUrl":"https:\/\/www.lovendal.ro\/wp52\/wp-content\/uploads\/2023\/06\/Dumnezeu-a-creat-Universul-in-anul.jpg","keywords":["Animale","arhiepiscop","crea\u0163ionism","Darwin","Dumnezeu","evolu\u0163ionism","Geneza","Irlanda","Occident","P\u0103m\u00e2nt","Paranormal-Spiritualitate","plante","Univers"],"articleSection":["Paranormal-Spiritualitate"],"inLanguage":"ro-RO","potentialAction":[{"@type":"CommentAction","name":"Comment","target":["https:\/\/www.lovendal.ro\/wp52\/dumnezeu-a-creat-universul-pe-26-octombrie-4005-i-hr-la-ora-9-dimineata-credea-un-arhiepiscop-din-irlanda\/#respond"]}]},{"@type":"WebPage","@id":"https:\/\/www.lovendal.ro\/wp52\/dumnezeu-a-creat-universul-pe-26-octombrie-4005-i-hr-la-ora-9-dimineata-credea-un-arhiepiscop-din-irlanda\/","url":"https:\/\/www.lovendal.ro\/wp52\/dumnezeu-a-creat-universul-pe-26-octombrie-4005-i-hr-la-ora-9-dimineata-credea-un-arhiepiscop-din-irlanda\/","name":"\"Dumnezeu a creat Universul pe 26 octombrie 4005 \u00ee.Hr., la ora 9 diminea\u0163a\" - credea un arhiepiscop din Irlanda - Secretele lui Lovendal","isPartOf":{"@id":"https:\/\/www.lovendal.ro\/wp52\/#website"},"primaryImageOfPage":{"@id":"https:\/\/www.lovendal.ro\/wp52\/dumnezeu-a-creat-universul-pe-26-octombrie-4005-i-hr-la-ora-9-dimineata-credea-un-arhiepiscop-din-irlanda\/#primaryimage"},"image":{"@id":"https:\/\/www.lovendal.ro\/wp52\/dumnezeu-a-creat-universul-pe-26-octombrie-4005-i-hr-la-ora-9-dimineata-credea-un-arhiepiscop-din-irlanda\/#primaryimage"},"thumbnailUrl":"https:\/\/www.lovendal.ro\/wp52\/wp-content\/uploads\/2023\/06\/Dumnezeu-a-creat-Universul-in-anul.jpg","datePublished":"2023-07-01T03:30:07+00:00","breadcrumb":{"@id":"https:\/\/www.lovendal.ro\/wp52\/dumnezeu-a-creat-universul-pe-26-octombrie-4005-i-hr-la-ora-9-dimineata-credea-un-arhiepiscop-din-irlanda\/#breadcrumb"},"inLanguage":"ro-RO","potentialAction":[{"@type":"ReadAction","target":["https:\/\/www.lovendal.ro\/wp52\/dumnezeu-a-creat-universul-pe-26-octombrie-4005-i-hr-la-ora-9-dimineata-credea-un-arhiepiscop-din-irlanda\/"]}]},{"@type":"ImageObject","inLanguage":"ro-RO","@id":"https:\/\/www.lovendal.ro\/wp52\/dumnezeu-a-creat-universul-pe-26-octombrie-4005-i-hr-la-ora-9-dimineata-credea-un-arhiepiscop-din-irlanda\/#primaryimage","url":"https:\/\/www.lovendal.ro\/wp52\/wp-content\/uploads\/2023\/06\/Dumnezeu-a-creat-Universul-in-anul.jpg","contentUrl":"https:\/\/www.lovendal.ro\/wp52\/wp-content\/uploads\/2023\/06\/Dumnezeu-a-creat-Universul-in-anul.jpg","width":350,"height":233},{"@type":"BreadcrumbList","@id":"https:\/\/www.lovendal.ro\/wp52\/dumnezeu-a-creat-universul-pe-26-octombrie-4005-i-hr-la-ora-9-dimineata-credea-un-arhiepiscop-din-irlanda\/#breadcrumb","itemListElement":[{"@type":"ListItem","position":1,"name":"Home","item":"https:\/\/www.lovendal.ro\/wp52\/"},{"@type":"ListItem","position":2,"name":"&#8222;Dumnezeu a creat Universul pe 26 octombrie 4005 \u00ee.Hr., la ora 9 diminea\u0163a&#8221; &#8211; credea un arhiepiscop din Irlanda"}]},{"@type":"WebSite","@id":"https:\/\/www.lovendal.ro\/wp52\/#website","url":"https:\/\/www.lovendal.ro\/wp52\/","name":"Secretele lui Lovendal","description":"Site de secrete, stiinta si metafizica - din 2008 -","publisher":{"@id":"https:\/\/www.lovendal.ro\/wp52\/#organization"},"potentialAction":[{"@type":"SearchAction","target":{"@type":"EntryPoint","urlTemplate":"https:\/\/www.lovendal.ro\/wp52\/?s={search_term_string}"},"query-input":{"@type":"PropertyValueSpecification","valueRequired":true,"valueName":"search_term_string"}}],"inLanguage":"ro-RO"},{"@type":"Organization","@id":"https:\/\/www.lovendal.ro\/wp52\/#organization","name":"Secretele lui Lovendal","url":"https:\/\/www.lovendal.ro\/wp52\/","logo":{"@type":"ImageObject","inLanguage":"ro-RO","@id":"https:\/\/www.lovendal.ro\/wp52\/#\/schema\/logo\/image\/","url":"https:\/\/www.lovendal.ro\/wp52\/wp-content\/uploads\/2024\/06\/cropped-SLL-iun-2024-1.jpg","contentUrl":"https:\/\/www.lovendal.ro\/wp52\/wp-content\/uploads\/2024\/06\/cropped-SLL-iun-2024-1.jpg","width":771,"height":240,"caption":"Secretele lui Lovendal"},"image":{"@id":"https:\/\/www.lovendal.ro\/wp52\/#\/schema\/logo\/image\/"},"sameAs":["https:\/\/www.facebook.com\/secreteleluilovendal"]},{"@type":"Person","@id":"https:\/\/www.lovendal.ro\/wp52\/#\/schema\/person\/088691de5dfc346bb0c023e1e52ef5d9","name":"admin","image":{"@type":"ImageObject","inLanguage":"ro-RO","@id":"https:\/\/secure.gravatar.com\/avatar\/ecb9cd41f5f63c9c9b989999a59f6e2639a865ec361e9db054db0679a8f341c2?s=96&d=mm&r=g","url":"https:\/\/secure.gravatar.com\/avatar\/ecb9cd41f5f63c9c9b989999a59f6e2639a865ec361e9db054db0679a8f341c2?s=96&d=mm&r=g","contentUrl":"https:\/\/secure.gravatar.com\/avatar\/ecb9cd41f5f63c9c9b989999a59f6e2639a865ec361e9db054db0679a8f341c2?s=96&d=mm&r=g","caption":"admin"},"sameAs":["https:\/\/www.lovendal.ro\/wp52"]}]}},"_links":{"self":[{"href":"https:\/\/www.lovendal.ro\/wp52\/wp-json\/wp\/v2\/posts\/86233","targetHints":{"allow":["GET"]}}],"collection":[{"href":"https:\/\/www.lovendal.ro\/wp52\/wp-json\/wp\/v2\/posts"}],"about":[{"href":"https:\/\/www.lovendal.ro\/wp52\/wp-json\/wp\/v2\/types\/post"}],"author":[{"embeddable":true,"href":"https:\/\/www.lovendal.ro\/wp52\/wp-json\/wp\/v2\/users\/1"}],"replies":[{"embeddable":true,"href":"https:\/\/www.lovendal.ro\/wp52\/wp-json\/wp\/v2\/comments?post=86233"}],"version-history":[{"count":2,"href":"https:\/\/www.lovendal.ro\/wp52\/wp-json\/wp\/v2\/posts\/86233\/revisions"}],"predecessor-version":[{"id":86236,"href":"https:\/\/www.lovendal.ro\/wp52\/wp-json\/wp\/v2\/posts\/86233\/revisions\/86236"}],"wp:featuredmedia":[{"embeddable":true,"href":"https:\/\/www.lovendal.ro\/wp52\/wp-json\/wp\/v2\/media\/86234"}],"wp:attachment":[{"href":"https:\/\/www.lovendal.ro\/wp52\/wp-json\/wp\/v2\/media?parent=86233"}],"wp:term":[{"taxonomy":"category","embeddable":true,"href":"https:\/\/www.lovendal.ro\/wp52\/wp-json\/wp\/v2\/categories?post=86233"},{"taxonomy":"post_tag","embeddable":true,"href":"https:\/\/www.lovendal.ro\/wp52\/wp-json\/wp\/v2\/tags?post=86233"}],"curies":[{"name":"wp","href":"https:\/\/api.w.org\/{rel}","templated":true}]}}