{"id":86230,"date":"2023-06-29T07:30:07","date_gmt":"2023-06-29T04:30:07","guid":{"rendered":"https:\/\/www.lovendal.ro\/wp52\/?p=86230"},"modified":"2023-06-22T00:05:08","modified_gmt":"2023-06-21T21:05:08","slug":"un-caz-ce-nu-poate-fi-contestat-4-omuleti-de-culoare-inchisa-din-alta-lume-au-bagat-spaima-in-2-copii-francezi","status":"publish","type":"post","link":"https:\/\/www.lovendal.ro\/wp52\/un-caz-ce-nu-poate-fi-contestat-4-omuleti-de-culoare-inchisa-din-alta-lume-au-bagat-spaima-in-2-copii-francezi\/","title":{"rendered":"Un caz ce nu poate fi contestat: 4 omule\u0163i de culoare \u00eenchis\u0103, din alt\u0103 lume, au b\u0103gat spaima \u00een 2 copii francezi"},"content":{"rendered":"<p><a href=\"https:\/\/www.lovendal.ro\/wp52\/wp-content\/uploads\/2023\/06\/4-omuleti-negri.jpg\"><img loading=\"lazy\" decoding=\"async\" class=\"alignleft size-full wp-image-86231\" src=\"https:\/\/www.lovendal.ro\/wp52\/wp-content\/uploads\/2023\/06\/4-omuleti-negri.jpg\" alt=\"\" width=\"354\" height=\"256\" srcset=\"https:\/\/www.lovendal.ro\/wp52\/wp-content\/uploads\/2023\/06\/4-omuleti-negri.jpg 354w, https:\/\/www.lovendal.ro\/wp52\/wp-content\/uploads\/2023\/06\/4-omuleti-negri-300x217.jpg 300w\" sizes=\"auto, (max-width: 354px) 100vw, 354px\" \/><\/a>Ne afl\u0103m \u00een luna august a anului 1967, \u00een localitatea Cussac din zona central\u0103 a Frantei. Pe un platou \u00eenalt din apropierea satului, cei doi copii ai primarului p\u0103\u015fteau cireada de vaci a familiei. Era \u00een jurul orei 10:30, soarele str\u0103lucea \u015fi, la un moment dat, b\u0103iatul de 13 ani se duce dup\u0103 o vac\u0103 care voia s\u0103 sar\u0103 peste zidul ocolului. B\u0103iatul se duce s\u0103 aduc\u0103 animalul \u00eenapoi, atunci c\u00e2nd vede, de cealalt\u0103 parte a drumului, patru copii pe care nu-i mai v\u0103zuse niciodat\u0103. \u00ce\u015fi cheam\u0103 sora \u015fi am\u00e2ndoi v\u0103d \u015fi o sfer\u0103 str\u0103lucitoare ciudat\u0103; abia atunci \u00ee\u015fi dau seama c\u0103 acei copii necunoscu\u0163i sunt, de fapt, ni\u015fte omule\u0163i negri, nu mai \u00eenal\u0163i de 1,20 metri.<\/p>\n<p>Doi dintre necunoscu\u0163i stau \u00een picioare l\u00e2ng\u0103 sfer\u0103, al treilea este \u00eengenunchiat \u00een fa\u0163a sferei \u015fi ultimul \u0163ine \u00een m\u00e2ini o oglind\u0103 str\u0103lucitoare, cu care ii orbe\u015fte pe copiii primarului. B\u0103iatul \u00eencearc\u0103 s\u0103 le vorbeasc\u0103, \u00eens\u0103 necunoscu\u0163ii se reped spre sfer\u0103, p\u0103trund \u00een sfer\u0103 pe sus, cu capul \u00eenainte. Sfera se ridic\u0103 \u00een aer \u015fuier\u00e2nd, descriind o mi\u015fcare elicoidal\u0103 \u015fi dispare \u00een mare vitez\u0103. \u00cen aer se simte un puternic miros de sulf,<\/p>\n<p>Copiii au declarat Jandarmeriei locale cele v\u0103zute, iar medicul lor de familie a constatat c\u0103 ochii le-au l\u0103crimat zile \u00eentregi. Ulterior, s-au identificat \u015fi al\u0163i martori ai \u00eentregului incident; astfel, cineva care se afla \u00een podul unei case din imediata apropiere, le-a spus anchetatorilor c\u0103 a auzit acel \u015fuierat care nu sem\u0103na deloc cu cel al unui elicopter. Autorit\u0103\u0163ile au constatat \u00een raportul f\u0103cut c\u0103 <em>&#8222;nu exist\u0103 nicio nepotrivire care s\u0103 ne fac\u0103 s\u0103 ne \u00eendoim de sinceritatea m\u0103rturiilor sau s\u0103 ne g\u00e2ndim la o inventie, o \u015farlatanie sau o halucina\u0163ie&#8221;<\/em>.<\/p>\n<p>&nbsp;<\/p>\n","protected":false},"excerpt":{"rendered":"<p>Ne afl\u0103m \u00een luna august a anului 1967, \u00een localitatea Cussac din zona central\u0103 a Frantei. Pe un platou \u00eenalt din apropierea satului, cei doi copii ai primarului p\u0103\u015fteau cireada de vaci a familiei. Era \u00een jurul orei 10:30, soarele &#8230; <\/p>\n<p class=\"read-more-container\"><a title=\"Un caz ce nu poate fi contestat: 4 omule\u0163i de culoare \u00eenchis\u0103, din alt\u0103 lume, au b\u0103gat spaima \u00een 2 copii francezi\" class=\"read-more button\" href=\"https:\/\/www.lovendal.ro\/wp52\/un-caz-ce-nu-poate-fi-contestat-4-omuleti-de-culoare-inchisa-din-alta-lume-au-bagat-spaima-in-2-copii-francezi\/#more-86230\" aria-label=\"Cite\u0219te mai multe despre Un caz ce nu poate fi contestat: 4 omule\u0163i de culoare \u00eenchis\u0103, din alt\u0103 lume, au b\u0103gat spaima \u00een 2 copii francezi\">Cititi mai multe<\/a><\/p>\n","protected":false},"author":1,"featured_media":86231,"comment_status":"open","ping_status":"open","sticky":false,"template":"","format":"standard","meta":{"footnotes":""},"categories":[14],"tags":[3283,202,941,3075,9796,6013,8490],"class_list":["post-86230","post","type-post","status-publish","format-standard","has-post-thumbnail","hentry","category-paranormal-spiritualitate","tag-elicopter","tag-franta","tag-halucinatie","tag-omulet","tag-paranormal-spiritualitate","tag-sfera","tag-vaci","resize-featured-image"],"yoast_head":"<!-- This site is optimized with the Yoast SEO Premium plugin v23.3 (Yoast SEO v27.4) - https:\/\/yoast.com\/product\/yoast-seo-premium-wordpress\/ -->\n<title>Un caz ce nu poate fi contestat: 4 omule\u0163i de culoare \u00eenchis\u0103, din alt\u0103 lume, au b\u0103gat spaima \u00een 2 copii francezi - Secretele lui Lovendal<\/title>\n<meta name=\"robots\" content=\"index, follow, max-snippet:-1, max-image-preview:large, max-video-preview:-1\" \/>\n<link rel=\"canonical\" href=\"https:\/\/www.lovendal.ro\/wp52\/un-caz-ce-nu-poate-fi-contestat-4-omuleti-de-culoare-inchisa-din-alta-lume-au-bagat-spaima-in-2-copii-francezi\/\" \/>\n<meta property=\"og:locale\" content=\"ro_RO\" \/>\n<meta property=\"og:type\" content=\"article\" \/>\n<meta property=\"og:title\" content=\"Un caz ce nu poate fi contestat: 4 omule\u0163i de culoare \u00eenchis\u0103, din alt\u0103 lume, au b\u0103gat spaima \u00een 2 copii francezi\" \/>\n<meta property=\"og:description\" content=\"Ne afl\u0103m \u00een luna august a anului 1967, \u00een localitatea Cussac din zona central\u0103 a Frantei. Pe un platou \u00eenalt din apropierea satului, cei doi copii ai primarului p\u0103\u015fteau cireada de vaci a familiei. Era \u00een jurul orei 10:30, soarele ... Cititi mai multe\" \/>\n<meta property=\"og:url\" content=\"https:\/\/www.lovendal.ro\/wp52\/un-caz-ce-nu-poate-fi-contestat-4-omuleti-de-culoare-inchisa-din-alta-lume-au-bagat-spaima-in-2-copii-francezi\/\" \/>\n<meta property=\"og:site_name\" content=\"Secretele lui Lovendal\" \/>\n<meta property=\"article:publisher\" content=\"https:\/\/www.facebook.com\/secreteleluilovendal\" \/>\n<meta property=\"article:published_time\" content=\"2023-06-29T04:30:07+00:00\" \/>\n<meta property=\"og:image\" content=\"https:\/\/www.lovendal.ro\/wp52\/wp-content\/uploads\/2023\/06\/4-omuleti-negri.jpg\" \/>\n\t<meta property=\"og:image:width\" content=\"354\" \/>\n\t<meta property=\"og:image:height\" content=\"256\" \/>\n\t<meta property=\"og:image:type\" content=\"image\/jpeg\" \/>\n<meta name=\"author\" content=\"admin\" \/>\n<meta name=\"twitter:card\" content=\"summary_large_image\" \/>\n<meta name=\"twitter:label1\" content=\"Scris de\" \/>\n\t<meta name=\"twitter:data1\" content=\"admin\" \/>\n\t<meta name=\"twitter:label2\" content=\"Timp estimat pentru citire\" \/>\n\t<meta name=\"twitter:data2\" content=\"2 minute\" \/>\n<script type=\"application\/ld+json\" class=\"yoast-schema-graph\">{\"@context\":\"https:\\\/\\\/schema.org\",\"@graph\":[{\"@type\":\"Article\",\"@id\":\"https:\\\/\\\/www.lovendal.ro\\\/wp52\\\/un-caz-ce-nu-poate-fi-contestat-4-omuleti-de-culoare-inchisa-din-alta-lume-au-bagat-spaima-in-2-copii-francezi\\\/#article\",\"isPartOf\":{\"@id\":\"https:\\\/\\\/www.lovendal.ro\\\/wp52\\\/un-caz-ce-nu-poate-fi-contestat-4-omuleti-de-culoare-inchisa-din-alta-lume-au-bagat-spaima-in-2-copii-francezi\\\/\"},\"author\":{\"name\":\"admin\",\"@id\":\"https:\\\/\\\/www.lovendal.ro\\\/wp52\\\/#\\\/schema\\\/person\\\/088691de5dfc346bb0c023e1e52ef5d9\"},\"headline\":\"Un caz ce nu poate fi contestat: 4 omule\u0163i de culoare \u00eenchis\u0103, din alt\u0103 lume, au b\u0103gat spaima \u00een 2 copii francezi\",\"datePublished\":\"2023-06-29T04:30:07+00:00\",\"mainEntityOfPage\":{\"@id\":\"https:\\\/\\\/www.lovendal.ro\\\/wp52\\\/un-caz-ce-nu-poate-fi-contestat-4-omuleti-de-culoare-inchisa-din-alta-lume-au-bagat-spaima-in-2-copii-francezi\\\/\"},\"wordCount\":334,\"commentCount\":0,\"publisher\":{\"@id\":\"https:\\\/\\\/www.lovendal.ro\\\/wp52\\\/#organization\"},\"image\":{\"@id\":\"https:\\\/\\\/www.lovendal.ro\\\/wp52\\\/un-caz-ce-nu-poate-fi-contestat-4-omuleti-de-culoare-inchisa-din-alta-lume-au-bagat-spaima-in-2-copii-francezi\\\/#primaryimage\"},\"thumbnailUrl\":\"https:\\\/\\\/www.lovendal.ro\\\/wp52\\\/wp-content\\\/uploads\\\/2023\\\/06\\\/4-omuleti-negri.jpg\",\"keywords\":[\"elicopter\",\"Fran\u0163a\",\"halucina\u0163ie\",\"omule\u0163\",\"Paranormal-Spiritualitate\",\"sfer\u0103\",\"vaci\"],\"articleSection\":[\"Paranormal-Spiritualitate\"],\"inLanguage\":\"ro-RO\",\"potentialAction\":[{\"@type\":\"CommentAction\",\"name\":\"Comment\",\"target\":[\"https:\\\/\\\/www.lovendal.ro\\\/wp52\\\/un-caz-ce-nu-poate-fi-contestat-4-omuleti-de-culoare-inchisa-din-alta-lume-au-bagat-spaima-in-2-copii-francezi\\\/#respond\"]}]},{\"@type\":\"WebPage\",\"@id\":\"https:\\\/\\\/www.lovendal.ro\\\/wp52\\\/un-caz-ce-nu-poate-fi-contestat-4-omuleti-de-culoare-inchisa-din-alta-lume-au-bagat-spaima-in-2-copii-francezi\\\/\",\"url\":\"https:\\\/\\\/www.lovendal.ro\\\/wp52\\\/un-caz-ce-nu-poate-fi-contestat-4-omuleti-de-culoare-inchisa-din-alta-lume-au-bagat-spaima-in-2-copii-francezi\\\/\",\"name\":\"Un caz ce nu poate fi contestat: 4 omule\u0163i de culoare \u00eenchis\u0103, din alt\u0103 lume, au b\u0103gat spaima \u00een 2 copii francezi - Secretele lui Lovendal\",\"isPartOf\":{\"@id\":\"https:\\\/\\\/www.lovendal.ro\\\/wp52\\\/#website\"},\"primaryImageOfPage\":{\"@id\":\"https:\\\/\\\/www.lovendal.ro\\\/wp52\\\/un-caz-ce-nu-poate-fi-contestat-4-omuleti-de-culoare-inchisa-din-alta-lume-au-bagat-spaima-in-2-copii-francezi\\\/#primaryimage\"},\"image\":{\"@id\":\"https:\\\/\\\/www.lovendal.ro\\\/wp52\\\/un-caz-ce-nu-poate-fi-contestat-4-omuleti-de-culoare-inchisa-din-alta-lume-au-bagat-spaima-in-2-copii-francezi\\\/#primaryimage\"},\"thumbnailUrl\":\"https:\\\/\\\/www.lovendal.ro\\\/wp52\\\/wp-content\\\/uploads\\\/2023\\\/06\\\/4-omuleti-negri.jpg\",\"datePublished\":\"2023-06-29T04:30:07+00:00\",\"breadcrumb\":{\"@id\":\"https:\\\/\\\/www.lovendal.ro\\\/wp52\\\/un-caz-ce-nu-poate-fi-contestat-4-omuleti-de-culoare-inchisa-din-alta-lume-au-bagat-spaima-in-2-copii-francezi\\\/#breadcrumb\"},\"inLanguage\":\"ro-RO\",\"potentialAction\":[{\"@type\":\"ReadAction\",\"target\":[\"https:\\\/\\\/www.lovendal.ro\\\/wp52\\\/un-caz-ce-nu-poate-fi-contestat-4-omuleti-de-culoare-inchisa-din-alta-lume-au-bagat-spaima-in-2-copii-francezi\\\/\"]}]},{\"@type\":\"ImageObject\",\"inLanguage\":\"ro-RO\",\"@id\":\"https:\\\/\\\/www.lovendal.ro\\\/wp52\\\/un-caz-ce-nu-poate-fi-contestat-4-omuleti-de-culoare-inchisa-din-alta-lume-au-bagat-spaima-in-2-copii-francezi\\\/#primaryimage\",\"url\":\"https:\\\/\\\/www.lovendal.ro\\\/wp52\\\/wp-content\\\/uploads\\\/2023\\\/06\\\/4-omuleti-negri.jpg\",\"contentUrl\":\"https:\\\/\\\/www.lovendal.ro\\\/wp52\\\/wp-content\\\/uploads\\\/2023\\\/06\\\/4-omuleti-negri.jpg\",\"width\":354,\"height\":256},{\"@type\":\"BreadcrumbList\",\"@id\":\"https:\\\/\\\/www.lovendal.ro\\\/wp52\\\/un-caz-ce-nu-poate-fi-contestat-4-omuleti-de-culoare-inchisa-din-alta-lume-au-bagat-spaima-in-2-copii-francezi\\\/#breadcrumb\",\"itemListElement\":[{\"@type\":\"ListItem\",\"position\":1,\"name\":\"Home\",\"item\":\"https:\\\/\\\/www.lovendal.ro\\\/wp52\\\/\"},{\"@type\":\"ListItem\",\"position\":2,\"name\":\"Un caz ce nu poate fi contestat: 4 omule\u0163i de culoare \u00eenchis\u0103, din alt\u0103 lume, au b\u0103gat spaima \u00een 2 copii francezi\"}]},{\"@type\":\"WebSite\",\"@id\":\"https:\\\/\\\/www.lovendal.ro\\\/wp52\\\/#website\",\"url\":\"https:\\\/\\\/www.lovendal.ro\\\/wp52\\\/\",\"name\":\"Secretele lui Lovendal\",\"description\":\"Site de secrete, stiinta si metafizica - din 2008 -\",\"publisher\":{\"@id\":\"https:\\\/\\\/www.lovendal.ro\\\/wp52\\\/#organization\"},\"potentialAction\":[{\"@type\":\"SearchAction\",\"target\":{\"@type\":\"EntryPoint\",\"urlTemplate\":\"https:\\\/\\\/www.lovendal.ro\\\/wp52\\\/?s={search_term_string}\"},\"query-input\":{\"@type\":\"PropertyValueSpecification\",\"valueRequired\":true,\"valueName\":\"search_term_string\"}}],\"inLanguage\":\"ro-RO\"},{\"@type\":\"Organization\",\"@id\":\"https:\\\/\\\/www.lovendal.ro\\\/wp52\\\/#organization\",\"name\":\"Secretele lui Lovendal\",\"url\":\"https:\\\/\\\/www.lovendal.ro\\\/wp52\\\/\",\"logo\":{\"@type\":\"ImageObject\",\"inLanguage\":\"ro-RO\",\"@id\":\"https:\\\/\\\/www.lovendal.ro\\\/wp52\\\/#\\\/schema\\\/logo\\\/image\\\/\",\"url\":\"https:\\\/\\\/www.lovendal.ro\\\/wp52\\\/wp-content\\\/uploads\\\/2024\\\/06\\\/cropped-SLL-iun-2024-1.jpg\",\"contentUrl\":\"https:\\\/\\\/www.lovendal.ro\\\/wp52\\\/wp-content\\\/uploads\\\/2024\\\/06\\\/cropped-SLL-iun-2024-1.jpg\",\"width\":771,\"height\":240,\"caption\":\"Secretele lui Lovendal\"},\"image\":{\"@id\":\"https:\\\/\\\/www.lovendal.ro\\\/wp52\\\/#\\\/schema\\\/logo\\\/image\\\/\"},\"sameAs\":[\"https:\\\/\\\/www.facebook.com\\\/secreteleluilovendal\"]},{\"@type\":\"Person\",\"@id\":\"https:\\\/\\\/www.lovendal.ro\\\/wp52\\\/#\\\/schema\\\/person\\\/088691de5dfc346bb0c023e1e52ef5d9\",\"name\":\"admin\",\"image\":{\"@type\":\"ImageObject\",\"inLanguage\":\"ro-RO\",\"@id\":\"https:\\\/\\\/secure.gravatar.com\\\/avatar\\\/ecb9cd41f5f63c9c9b989999a59f6e2639a865ec361e9db054db0679a8f341c2?s=96&d=mm&r=g\",\"url\":\"https:\\\/\\\/secure.gravatar.com\\\/avatar\\\/ecb9cd41f5f63c9c9b989999a59f6e2639a865ec361e9db054db0679a8f341c2?s=96&d=mm&r=g\",\"contentUrl\":\"https:\\\/\\\/secure.gravatar.com\\\/avatar\\\/ecb9cd41f5f63c9c9b989999a59f6e2639a865ec361e9db054db0679a8f341c2?s=96&d=mm&r=g\",\"caption\":\"admin\"},\"sameAs\":[\"https:\\\/\\\/www.lovendal.ro\\\/wp52\"]}]}<\/script>\n<!-- \/ Yoast SEO Premium plugin. -->","yoast_head_json":{"title":"Un caz ce nu poate fi contestat: 4 omule\u0163i de culoare \u00eenchis\u0103, din alt\u0103 lume, au b\u0103gat spaima \u00een 2 copii francezi - Secretele lui Lovendal","robots":{"index":"index","follow":"follow","max-snippet":"max-snippet:-1","max-image-preview":"max-image-preview:large","max-video-preview":"max-video-preview:-1"},"canonical":"https:\/\/www.lovendal.ro\/wp52\/un-caz-ce-nu-poate-fi-contestat-4-omuleti-de-culoare-inchisa-din-alta-lume-au-bagat-spaima-in-2-copii-francezi\/","og_locale":"ro_RO","og_type":"article","og_title":"Un caz ce nu poate fi contestat: 4 omule\u0163i de culoare \u00eenchis\u0103, din alt\u0103 lume, au b\u0103gat spaima \u00een 2 copii francezi","og_description":"Ne afl\u0103m \u00een luna august a anului 1967, \u00een localitatea Cussac din zona central\u0103 a Frantei. Pe un platou \u00eenalt din apropierea satului, cei doi copii ai primarului p\u0103\u015fteau cireada de vaci a familiei. Era \u00een jurul orei 10:30, soarele ... Cititi mai multe","og_url":"https:\/\/www.lovendal.ro\/wp52\/un-caz-ce-nu-poate-fi-contestat-4-omuleti-de-culoare-inchisa-din-alta-lume-au-bagat-spaima-in-2-copii-francezi\/","og_site_name":"Secretele lui Lovendal","article_publisher":"https:\/\/www.facebook.com\/secreteleluilovendal","article_published_time":"2023-06-29T04:30:07+00:00","og_image":[{"width":354,"height":256,"url":"https:\/\/www.lovendal.ro\/wp52\/wp-content\/uploads\/2023\/06\/4-omuleti-negri.jpg","type":"image\/jpeg"}],"author":"admin","twitter_card":"summary_large_image","twitter_misc":{"Scris de":"admin","Timp estimat pentru citire":"2 minute"},"schema":{"@context":"https:\/\/schema.org","@graph":[{"@type":"Article","@id":"https:\/\/www.lovendal.ro\/wp52\/un-caz-ce-nu-poate-fi-contestat-4-omuleti-de-culoare-inchisa-din-alta-lume-au-bagat-spaima-in-2-copii-francezi\/#article","isPartOf":{"@id":"https:\/\/www.lovendal.ro\/wp52\/un-caz-ce-nu-poate-fi-contestat-4-omuleti-de-culoare-inchisa-din-alta-lume-au-bagat-spaima-in-2-copii-francezi\/"},"author":{"name":"admin","@id":"https:\/\/www.lovendal.ro\/wp52\/#\/schema\/person\/088691de5dfc346bb0c023e1e52ef5d9"},"headline":"Un caz ce nu poate fi contestat: 4 omule\u0163i de culoare \u00eenchis\u0103, din alt\u0103 lume, au b\u0103gat spaima \u00een 2 copii francezi","datePublished":"2023-06-29T04:30:07+00:00","mainEntityOfPage":{"@id":"https:\/\/www.lovendal.ro\/wp52\/un-caz-ce-nu-poate-fi-contestat-4-omuleti-de-culoare-inchisa-din-alta-lume-au-bagat-spaima-in-2-copii-francezi\/"},"wordCount":334,"commentCount":0,"publisher":{"@id":"https:\/\/www.lovendal.ro\/wp52\/#organization"},"image":{"@id":"https:\/\/www.lovendal.ro\/wp52\/un-caz-ce-nu-poate-fi-contestat-4-omuleti-de-culoare-inchisa-din-alta-lume-au-bagat-spaima-in-2-copii-francezi\/#primaryimage"},"thumbnailUrl":"https:\/\/www.lovendal.ro\/wp52\/wp-content\/uploads\/2023\/06\/4-omuleti-negri.jpg","keywords":["elicopter","Fran\u0163a","halucina\u0163ie","omule\u0163","Paranormal-Spiritualitate","sfer\u0103","vaci"],"articleSection":["Paranormal-Spiritualitate"],"inLanguage":"ro-RO","potentialAction":[{"@type":"CommentAction","name":"Comment","target":["https:\/\/www.lovendal.ro\/wp52\/un-caz-ce-nu-poate-fi-contestat-4-omuleti-de-culoare-inchisa-din-alta-lume-au-bagat-spaima-in-2-copii-francezi\/#respond"]}]},{"@type":"WebPage","@id":"https:\/\/www.lovendal.ro\/wp52\/un-caz-ce-nu-poate-fi-contestat-4-omuleti-de-culoare-inchisa-din-alta-lume-au-bagat-spaima-in-2-copii-francezi\/","url":"https:\/\/www.lovendal.ro\/wp52\/un-caz-ce-nu-poate-fi-contestat-4-omuleti-de-culoare-inchisa-din-alta-lume-au-bagat-spaima-in-2-copii-francezi\/","name":"Un caz ce nu poate fi contestat: 4 omule\u0163i de culoare \u00eenchis\u0103, din alt\u0103 lume, au b\u0103gat spaima \u00een 2 copii francezi - Secretele lui Lovendal","isPartOf":{"@id":"https:\/\/www.lovendal.ro\/wp52\/#website"},"primaryImageOfPage":{"@id":"https:\/\/www.lovendal.ro\/wp52\/un-caz-ce-nu-poate-fi-contestat-4-omuleti-de-culoare-inchisa-din-alta-lume-au-bagat-spaima-in-2-copii-francezi\/#primaryimage"},"image":{"@id":"https:\/\/www.lovendal.ro\/wp52\/un-caz-ce-nu-poate-fi-contestat-4-omuleti-de-culoare-inchisa-din-alta-lume-au-bagat-spaima-in-2-copii-francezi\/#primaryimage"},"thumbnailUrl":"https:\/\/www.lovendal.ro\/wp52\/wp-content\/uploads\/2023\/06\/4-omuleti-negri.jpg","datePublished":"2023-06-29T04:30:07+00:00","breadcrumb":{"@id":"https:\/\/www.lovendal.ro\/wp52\/un-caz-ce-nu-poate-fi-contestat-4-omuleti-de-culoare-inchisa-din-alta-lume-au-bagat-spaima-in-2-copii-francezi\/#breadcrumb"},"inLanguage":"ro-RO","potentialAction":[{"@type":"ReadAction","target":["https:\/\/www.lovendal.ro\/wp52\/un-caz-ce-nu-poate-fi-contestat-4-omuleti-de-culoare-inchisa-din-alta-lume-au-bagat-spaima-in-2-copii-francezi\/"]}]},{"@type":"ImageObject","inLanguage":"ro-RO","@id":"https:\/\/www.lovendal.ro\/wp52\/un-caz-ce-nu-poate-fi-contestat-4-omuleti-de-culoare-inchisa-din-alta-lume-au-bagat-spaima-in-2-copii-francezi\/#primaryimage","url":"https:\/\/www.lovendal.ro\/wp52\/wp-content\/uploads\/2023\/06\/4-omuleti-negri.jpg","contentUrl":"https:\/\/www.lovendal.ro\/wp52\/wp-content\/uploads\/2023\/06\/4-omuleti-negri.jpg","width":354,"height":256},{"@type":"BreadcrumbList","@id":"https:\/\/www.lovendal.ro\/wp52\/un-caz-ce-nu-poate-fi-contestat-4-omuleti-de-culoare-inchisa-din-alta-lume-au-bagat-spaima-in-2-copii-francezi\/#breadcrumb","itemListElement":[{"@type":"ListItem","position":1,"name":"Home","item":"https:\/\/www.lovendal.ro\/wp52\/"},{"@type":"ListItem","position":2,"name":"Un caz ce nu poate fi contestat: 4 omule\u0163i de culoare \u00eenchis\u0103, din alt\u0103 lume, au b\u0103gat spaima \u00een 2 copii francezi"}]},{"@type":"WebSite","@id":"https:\/\/www.lovendal.ro\/wp52\/#website","url":"https:\/\/www.lovendal.ro\/wp52\/","name":"Secretele lui Lovendal","description":"Site de secrete, stiinta si metafizica - din 2008 -","publisher":{"@id":"https:\/\/www.lovendal.ro\/wp52\/#organization"},"potentialAction":[{"@type":"SearchAction","target":{"@type":"EntryPoint","urlTemplate":"https:\/\/www.lovendal.ro\/wp52\/?s={search_term_string}"},"query-input":{"@type":"PropertyValueSpecification","valueRequired":true,"valueName":"search_term_string"}}],"inLanguage":"ro-RO"},{"@type":"Organization","@id":"https:\/\/www.lovendal.ro\/wp52\/#organization","name":"Secretele lui Lovendal","url":"https:\/\/www.lovendal.ro\/wp52\/","logo":{"@type":"ImageObject","inLanguage":"ro-RO","@id":"https:\/\/www.lovendal.ro\/wp52\/#\/schema\/logo\/image\/","url":"https:\/\/www.lovendal.ro\/wp52\/wp-content\/uploads\/2024\/06\/cropped-SLL-iun-2024-1.jpg","contentUrl":"https:\/\/www.lovendal.ro\/wp52\/wp-content\/uploads\/2024\/06\/cropped-SLL-iun-2024-1.jpg","width":771,"height":240,"caption":"Secretele lui Lovendal"},"image":{"@id":"https:\/\/www.lovendal.ro\/wp52\/#\/schema\/logo\/image\/"},"sameAs":["https:\/\/www.facebook.com\/secreteleluilovendal"]},{"@type":"Person","@id":"https:\/\/www.lovendal.ro\/wp52\/#\/schema\/person\/088691de5dfc346bb0c023e1e52ef5d9","name":"admin","image":{"@type":"ImageObject","inLanguage":"ro-RO","@id":"https:\/\/secure.gravatar.com\/avatar\/ecb9cd41f5f63c9c9b989999a59f6e2639a865ec361e9db054db0679a8f341c2?s=96&d=mm&r=g","url":"https:\/\/secure.gravatar.com\/avatar\/ecb9cd41f5f63c9c9b989999a59f6e2639a865ec361e9db054db0679a8f341c2?s=96&d=mm&r=g","contentUrl":"https:\/\/secure.gravatar.com\/avatar\/ecb9cd41f5f63c9c9b989999a59f6e2639a865ec361e9db054db0679a8f341c2?s=96&d=mm&r=g","caption":"admin"},"sameAs":["https:\/\/www.lovendal.ro\/wp52"]}]}},"_links":{"self":[{"href":"https:\/\/www.lovendal.ro\/wp52\/wp-json\/wp\/v2\/posts\/86230","targetHints":{"allow":["GET"]}}],"collection":[{"href":"https:\/\/www.lovendal.ro\/wp52\/wp-json\/wp\/v2\/posts"}],"about":[{"href":"https:\/\/www.lovendal.ro\/wp52\/wp-json\/wp\/v2\/types\/post"}],"author":[{"embeddable":true,"href":"https:\/\/www.lovendal.ro\/wp52\/wp-json\/wp\/v2\/users\/1"}],"replies":[{"embeddable":true,"href":"https:\/\/www.lovendal.ro\/wp52\/wp-json\/wp\/v2\/comments?post=86230"}],"version-history":[{"count":1,"href":"https:\/\/www.lovendal.ro\/wp52\/wp-json\/wp\/v2\/posts\/86230\/revisions"}],"predecessor-version":[{"id":86232,"href":"https:\/\/www.lovendal.ro\/wp52\/wp-json\/wp\/v2\/posts\/86230\/revisions\/86232"}],"wp:featuredmedia":[{"embeddable":true,"href":"https:\/\/www.lovendal.ro\/wp52\/wp-json\/wp\/v2\/media\/86231"}],"wp:attachment":[{"href":"https:\/\/www.lovendal.ro\/wp52\/wp-json\/wp\/v2\/media?parent=86230"}],"wp:term":[{"taxonomy":"category","embeddable":true,"href":"https:\/\/www.lovendal.ro\/wp52\/wp-json\/wp\/v2\/categories?post=86230"},{"taxonomy":"post_tag","embeddable":true,"href":"https:\/\/www.lovendal.ro\/wp52\/wp-json\/wp\/v2\/tags?post=86230"}],"curies":[{"name":"wp","href":"https:\/\/api.w.org\/{rel}","templated":true}]}}