{"id":86170,"date":"2023-06-25T04:30:45","date_gmt":"2023-06-25T01:30:45","guid":{"rendered":"https:\/\/www.lovendal.ro\/wp52\/?p=86170"},"modified":"2023-06-19T14:47:07","modified_gmt":"2023-06-19T11:47:07","slug":"caz-infiorator-de-rapire-extraterestra-din-1978-un-pilot-australian-a-disparut-fara-urma-cu-tot-cu-avion-si-a-aparut-peste-12-ani-in-insula-tenerife","status":"publish","type":"post","link":"https:\/\/www.lovendal.ro\/wp52\/caz-infiorator-de-rapire-extraterestra-din-1978-un-pilot-australian-a-disparut-fara-urma-cu-tot-cu-avion-si-a-aparut-peste-12-ani-in-insula-tenerife\/","title":{"rendered":"Caz \u00eenfior\u0103tor de r\u0103pire extraterestr\u0103 din 1978? Un pilot australian a disp\u0103rut f\u0103r\u0103 urm\u0103, cu tot cu avion, \u015fi a ap\u0103rut peste 12 ani \u00een insula Tenerife&#8230;"},"content":{"rendered":"<p><a href=\"https:\/\/www.lovendal.ro\/wp52\/wp-content\/uploads\/2023\/06\/caz-de-rapire-extraterestra.jpg\"><img loading=\"lazy\" decoding=\"async\" class=\"alignleft size-full wp-image-86171\" src=\"https:\/\/www.lovendal.ro\/wp52\/wp-content\/uploads\/2023\/06\/caz-de-rapire-extraterestra.jpg\" alt=\"\" width=\"346\" height=\"344\" srcset=\"https:\/\/www.lovendal.ro\/wp52\/wp-content\/uploads\/2023\/06\/caz-de-rapire-extraterestra.jpg 346w, https:\/\/www.lovendal.ro\/wp52\/wp-content\/uploads\/2023\/06\/caz-de-rapire-extraterestra-300x298.jpg 300w, https:\/\/www.lovendal.ro\/wp52\/wp-content\/uploads\/2023\/06\/caz-de-rapire-extraterestra-100x100.jpg 100w\" sizes=\"auto, (max-width: 346px) 100vw, 346px\" \/><\/a>Exist\u0103 un caz celebru \u00een lumea OZN-urilor \/ extratere\u015ftrilor, cel al dispari\u021biei pilotului australian Frederick Valentich, care s-a &#8222;evaporat&#8221; de pe fa\u0163a p\u0103m\u00e2ntului, pe 21 octombrie 1978, \u00een timpul unui zbor efectuat din statul Victoria (Australia), c\u0103tre insula King, la bordul unui avion Cessna 182 monomotor. La un moment dat \u00een timpul acestui zbor, Valentich a transmis prin radio Serviciul Aerian de Zbor Melbourne (MAFS) pentru a raporta c\u0103 a z\u0103rit o &#8222;aeronav\u0103 mare&#8221; cu patru lumini aprinse. Transcrierea conversa\u021biei lor a fost dup\u0103 cum urmeaz\u0103:<\/p>\n<p><strong>Valentich:<\/strong><em>&#8222;Exist\u0103 trafic cunoscut \u00een zona mea sub 1.700 de metri?&#8221;<\/em><br \/>\n<strong>MAFS:<\/strong><em> &#8222;Negativ. Nu se cunoa\u0219te a fi trafic&#8221;.<\/em><br \/>\n<strong>Valentich: <\/strong><em>&#8222;Pare a fi o aeronav\u0103 mare situat\u0103 sub 1.700 de metri&#8221;.<\/em><br \/>\n<strong>MAFS: <\/strong><em>&#8222;Ce tip de aeronav\u0103?&#8221;<\/em><br \/>\n<strong>Valentich:<\/strong><em> &#8222;Nu pot confirma. Are patru lumini str\u0103lucitoare care par a fi lumini de aterizare&#8230; aeronava tocmai a trecut peste mine la aproximativ 300 de metri deasupra&#8221;.<\/em><br \/>\n<strong>MAFS:<\/strong><em> &#8222;Este confirmat\u0103 aeronava mare?&#8221;<\/em><br \/>\n<strong>Valentich:<\/strong><em> &#8222;Afirmativ; la viteza cu care se deplaseaz\u0103, exist\u0103 vreo aeronav\u0103 RAAF <\/em>[For\u0163ele Aeriene Australiene] <em>s\u0103 se afle \u00een apropiere?\u201d<\/em><br \/>\n<strong>MAFS:<\/strong><em> &#8222;Negativ. Care este altitudinea ta?&#8221;<\/em><br \/>\n<strong>Valentich:<\/strong><em> &#8222;1.500 de metri&#8221;.<\/em><br \/>\n<strong>MAFS:<\/strong><em> &#8222;Confirmi c\u0103 nu po\u021bi identifica aeronava?\u201d<\/em><br \/>\n<strong>Valentich:<\/strong><em> &#8222;Afirmativ&#8221;.<\/em><\/p>\n<p>Trei minute mai t\u00e2rziu, Valentich contacteaz\u0103 din nou MAFS:<br \/>\n<strong>Valentich:<\/strong><em> &#8222;Avion&#8230; Nu este un avion. Este&#8230; <\/em>[\u00eentreruperea transmisiei]<br \/>\n<strong>MAFS:<\/strong><em> &#8222;Po\u021bi descrie aeronava?&#8221;<\/em><br \/>\n<strong>Valentich:<\/strong><em> &#8222;Are o form\u0103 lung\u0103. Nu pot s\u0103 identific mai mult dec\u00e2t at\u00e2t&#8230; vine pentru mine. Pare a fi sta\u021bionar. Orbiteaz\u0103, iar chestia orbiteaz\u0103 deasupra mea. Are o lumin\u0103 verde \u0219i un fel de lumin\u0103 metalic\u0103 la exterior&#8221;.<\/em><\/p>\n<p>Apoi, pilotul a raportat c\u0103 obiectul a disp\u0103rut.<br \/>\n<strong>MAFS:<\/strong><em> &#8222;Confirmi c\u0103 a disp\u0103rut?\u201d<\/em><br \/>\n<strong>Valentich:<\/strong><em> &#8222;Afirmativ. \u0218tii ce fel de avion? E militar?&#8221;<\/em><br \/>\n<strong>MAFS:<\/strong><em> &#8222;Nu exist\u0103 trafic militar \u00een zon\u0103&#8221;.<\/em><\/p>\n<p>La 19:12, Valentich a raportat: &#8222;<em>Motorul merge la relanti \u0219i tremur\u0103\u201d.<\/em><br \/>\n<strong>MAFS:<\/strong><em> &#8222;Care sunt inten\u021biile tale?\u201d<\/em><br \/>\n<strong>Valentich:<\/strong><em> &#8222;Spre insula King. Avioane necunoscute planeaz\u0103 acum deasupra mea&#8221;.<\/em><br \/>\n<strong>MAFS:<\/strong><em> &#8222;Le recuno\u0219ti?\u201d<\/em><br \/>\n<strong>Valentich:<\/strong><em> &#8222;Delta Sierra Juliet <\/em>[indicativul lui Valentich] <em>Melbourne&#8230;&#8221;<\/em><\/p>\n<p>Dup\u0103 ce transmisia lui Valentich este \u00eentrerupt\u0103, se aude aproximativ 17 secunde un sunet metalic puternic \u0219i apoi nimic. Valentich a disp\u0103rut f\u0103r\u0103 urm\u0103, iar avionul \u0219i corpul lui nu au fost g\u0103site niciodat\u0103. Av\u00e2nd \u00een vedere c\u0103 au existat numeroase rapoarte de OZN-uri \u00een zon\u0103 \u00een acel moment, se speculeaz\u0103 c\u0103 pilotul ar fost fost r\u0103pit de extratere\u0219tri. Dar ce s-a \u00eent\u00e2mplat cu el dup\u0103 aceea?<\/p>\n<p>Un raport al cercet\u0103torului ozenist spaniol Manuel Carballal sus\u021bine c\u0103 Valentich a r\u0103mas cu extratere\u0219trii o vreme, dar s-a \u00eentors pentru a relua via\u021ba pe P\u0103m\u00e2nt. Potrivit lui Carballal, \u00een 1990 un b\u0103rbat care pretindea c\u0103 este Valentich s-a prezentat la Plaza del Charco, pe insula Tenerife din Insulele Canare, ar\u0103t\u00e2ndu-\u0219i chiar \u0219i pa\u0219aportul australian pentru a dovedi acest lucru. \u00cen mod ciudat, nu avea semne c\u0103 ar fi \u00eemb\u0103tr\u00e2nit de c\u00e2nd a disp\u0103rut (de\u015fi trecuse 12 ani) \u0219i, \u00eentrebat ce i s-a \u00eent\u00e2mplat, a sus\u021binut c\u0103 a fost recrutat de extratere\u0219tri \u0219i a fost \u00eens\u0103rcinat s\u0103 le povesteasc\u0103 despre via\u021ba de pe P\u0103m\u00e2nt. Apoi a disp\u0103rut din nou f\u0103r\u0103 urm\u0103.<\/p>\n","protected":false},"excerpt":{"rendered":"<p>Exist\u0103 un caz celebru \u00een lumea OZN-urilor \/ extratere\u015ftrilor, cel al dispari\u021biei pilotului australian Frederick Valentich, care s-a &#8222;evaporat&#8221; de pe fa\u0163a p\u0103m\u00e2ntului, pe 21 octombrie 1978, \u00een timpul unui zbor efectuat din statul Victoria (Australia), c\u0103tre insula King, la &#8230; <\/p>\n<p class=\"read-more-container\"><a title=\"Caz \u00eenfior\u0103tor de r\u0103pire extraterestr\u0103 din 1978? Un pilot australian a disp\u0103rut f\u0103r\u0103 urm\u0103, cu tot cu avion, \u015fi a ap\u0103rut peste 12 ani \u00een insula Tenerife&#8230;\" class=\"read-more button\" href=\"https:\/\/www.lovendal.ro\/wp52\/caz-infiorator-de-rapire-extraterestra-din-1978-un-pilot-australian-a-disparut-fara-urma-cu-tot-cu-avion-si-a-aparut-peste-12-ani-in-insula-tenerife\/#more-86170\" aria-label=\"Cite\u0219te mai multe despre Caz \u00eenfior\u0103tor de r\u0103pire extraterestr\u0103 din 1978? Un pilot australian a disp\u0103rut f\u0103r\u0103 urm\u0103, cu tot cu avion, \u015fi a ap\u0103rut peste 12 ani \u00een insula Tenerife&#8230;\">Cititi mai multe<\/a><\/p>\n","protected":false},"author":1,"featured_media":86171,"comment_status":"open","ping_status":"open","sticky":false,"template":"","format":"standard","meta":{"footnotes":""},"categories":[14],"tags":[139,762,51,1784,3903,105,9796,8292,8588],"class_list":["post-86170","post","type-post","status-publish","format-standard","has-post-thumbnail","hentry","category-paranormal-spiritualitate","tag-australia","tag-avion","tag-extraterestri","tag-insula","tag-insulele-canare","tag-pamant","tag-paranormal-spiritualitate","tag-rapire-extraterestra","tag-tenerife","resize-featured-image"],"yoast_head":"<!-- This site is optimized with the Yoast SEO Premium plugin v23.3 (Yoast SEO v27.4) - https:\/\/yoast.com\/product\/yoast-seo-premium-wordpress\/ -->\n<title>Caz \u00eenfior\u0103tor de r\u0103pire extraterestr\u0103 din 1978? Un pilot australian a disp\u0103rut f\u0103r\u0103 urm\u0103, cu tot cu avion, \u015fi a ap\u0103rut peste 12 ani \u00een insula Tenerife... - Secretele lui Lovendal<\/title>\n<meta name=\"robots\" content=\"index, follow, max-snippet:-1, max-image-preview:large, max-video-preview:-1\" \/>\n<link rel=\"canonical\" href=\"https:\/\/www.lovendal.ro\/wp52\/caz-infiorator-de-rapire-extraterestra-din-1978-un-pilot-australian-a-disparut-fara-urma-cu-tot-cu-avion-si-a-aparut-peste-12-ani-in-insula-tenerife\/\" \/>\n<meta property=\"og:locale\" content=\"ro_RO\" \/>\n<meta property=\"og:type\" content=\"article\" \/>\n<meta property=\"og:title\" content=\"Caz \u00eenfior\u0103tor de r\u0103pire extraterestr\u0103 din 1978? Un pilot australian a disp\u0103rut f\u0103r\u0103 urm\u0103, cu tot cu avion, \u015fi a ap\u0103rut peste 12 ani \u00een insula Tenerife...\" \/>\n<meta property=\"og:description\" content=\"Exist\u0103 un caz celebru \u00een lumea OZN-urilor \/ extratere\u015ftrilor, cel al dispari\u021biei pilotului australian Frederick Valentich, care s-a &#8222;evaporat&#8221; de pe fa\u0163a p\u0103m\u00e2ntului, pe 21 octombrie 1978, \u00een timpul unui zbor efectuat din statul Victoria (Australia), c\u0103tre insula King, la ... Cititi mai multe\" \/>\n<meta property=\"og:url\" content=\"https:\/\/www.lovendal.ro\/wp52\/caz-infiorator-de-rapire-extraterestra-din-1978-un-pilot-australian-a-disparut-fara-urma-cu-tot-cu-avion-si-a-aparut-peste-12-ani-in-insula-tenerife\/\" \/>\n<meta property=\"og:site_name\" content=\"Secretele lui Lovendal\" \/>\n<meta property=\"article:publisher\" content=\"https:\/\/www.facebook.com\/secreteleluilovendal\" \/>\n<meta property=\"article:published_time\" content=\"2023-06-25T01:30:45+00:00\" \/>\n<meta property=\"og:image\" content=\"https:\/\/www.lovendal.ro\/wp52\/wp-content\/uploads\/2023\/06\/caz-de-rapire-extraterestra.jpg\" \/>\n\t<meta property=\"og:image:width\" content=\"346\" \/>\n\t<meta property=\"og:image:height\" content=\"344\" \/>\n\t<meta property=\"og:image:type\" content=\"image\/jpeg\" \/>\n<meta name=\"author\" content=\"admin\" \/>\n<meta name=\"twitter:card\" content=\"summary_large_image\" \/>\n<meta name=\"twitter:label1\" content=\"Scris de\" \/>\n\t<meta name=\"twitter:data1\" content=\"admin\" \/>\n\t<meta name=\"twitter:label2\" content=\"Timp estimat pentru citire\" \/>\n\t<meta name=\"twitter:data2\" content=\"3 minute\" \/>\n<script type=\"application\/ld+json\" class=\"yoast-schema-graph\">{\"@context\":\"https:\\\/\\\/schema.org\",\"@graph\":[{\"@type\":\"Article\",\"@id\":\"https:\\\/\\\/www.lovendal.ro\\\/wp52\\\/caz-infiorator-de-rapire-extraterestra-din-1978-un-pilot-australian-a-disparut-fara-urma-cu-tot-cu-avion-si-a-aparut-peste-12-ani-in-insula-tenerife\\\/#article\",\"isPartOf\":{\"@id\":\"https:\\\/\\\/www.lovendal.ro\\\/wp52\\\/caz-infiorator-de-rapire-extraterestra-din-1978-un-pilot-australian-a-disparut-fara-urma-cu-tot-cu-avion-si-a-aparut-peste-12-ani-in-insula-tenerife\\\/\"},\"author\":{\"name\":\"admin\",\"@id\":\"https:\\\/\\\/www.lovendal.ro\\\/wp52\\\/#\\\/schema\\\/person\\\/088691de5dfc346bb0c023e1e52ef5d9\"},\"headline\":\"Caz \u00eenfior\u0103tor de r\u0103pire extraterestr\u0103 din 1978? Un pilot australian a disp\u0103rut f\u0103r\u0103 urm\u0103, cu tot cu avion, \u015fi a ap\u0103rut peste 12 ani \u00een insula Tenerife&#8230;\",\"datePublished\":\"2023-06-25T01:30:45+00:00\",\"mainEntityOfPage\":{\"@id\":\"https:\\\/\\\/www.lovendal.ro\\\/wp52\\\/caz-infiorator-de-rapire-extraterestra-din-1978-un-pilot-australian-a-disparut-fara-urma-cu-tot-cu-avion-si-a-aparut-peste-12-ani-in-insula-tenerife\\\/\"},\"wordCount\":569,\"commentCount\":0,\"publisher\":{\"@id\":\"https:\\\/\\\/www.lovendal.ro\\\/wp52\\\/#organization\"},\"image\":{\"@id\":\"https:\\\/\\\/www.lovendal.ro\\\/wp52\\\/caz-infiorator-de-rapire-extraterestra-din-1978-un-pilot-australian-a-disparut-fara-urma-cu-tot-cu-avion-si-a-aparut-peste-12-ani-in-insula-tenerife\\\/#primaryimage\"},\"thumbnailUrl\":\"https:\\\/\\\/www.lovendal.ro\\\/wp52\\\/wp-content\\\/uploads\\\/2023\\\/06\\\/caz-de-rapire-extraterestra.jpg\",\"keywords\":[\"Australia\",\"avion\",\"extratere\u015ftri\",\"insul\u0103\",\"Insulele Canare\",\"P\u0103m\u00e2nt\",\"Paranormal-Spiritualitate\",\"r\u0103pire extraterestr\u0103\",\"Tenerife\"],\"articleSection\":[\"Paranormal-Spiritualitate\"],\"inLanguage\":\"ro-RO\",\"potentialAction\":[{\"@type\":\"CommentAction\",\"name\":\"Comment\",\"target\":[\"https:\\\/\\\/www.lovendal.ro\\\/wp52\\\/caz-infiorator-de-rapire-extraterestra-din-1978-un-pilot-australian-a-disparut-fara-urma-cu-tot-cu-avion-si-a-aparut-peste-12-ani-in-insula-tenerife\\\/#respond\"]}]},{\"@type\":\"WebPage\",\"@id\":\"https:\\\/\\\/www.lovendal.ro\\\/wp52\\\/caz-infiorator-de-rapire-extraterestra-din-1978-un-pilot-australian-a-disparut-fara-urma-cu-tot-cu-avion-si-a-aparut-peste-12-ani-in-insula-tenerife\\\/\",\"url\":\"https:\\\/\\\/www.lovendal.ro\\\/wp52\\\/caz-infiorator-de-rapire-extraterestra-din-1978-un-pilot-australian-a-disparut-fara-urma-cu-tot-cu-avion-si-a-aparut-peste-12-ani-in-insula-tenerife\\\/\",\"name\":\"Caz \u00eenfior\u0103tor de r\u0103pire extraterestr\u0103 din 1978? Un pilot australian a disp\u0103rut f\u0103r\u0103 urm\u0103, cu tot cu avion, \u015fi a ap\u0103rut peste 12 ani \u00een insula Tenerife... - Secretele lui Lovendal\",\"isPartOf\":{\"@id\":\"https:\\\/\\\/www.lovendal.ro\\\/wp52\\\/#website\"},\"primaryImageOfPage\":{\"@id\":\"https:\\\/\\\/www.lovendal.ro\\\/wp52\\\/caz-infiorator-de-rapire-extraterestra-din-1978-un-pilot-australian-a-disparut-fara-urma-cu-tot-cu-avion-si-a-aparut-peste-12-ani-in-insula-tenerife\\\/#primaryimage\"},\"image\":{\"@id\":\"https:\\\/\\\/www.lovendal.ro\\\/wp52\\\/caz-infiorator-de-rapire-extraterestra-din-1978-un-pilot-australian-a-disparut-fara-urma-cu-tot-cu-avion-si-a-aparut-peste-12-ani-in-insula-tenerife\\\/#primaryimage\"},\"thumbnailUrl\":\"https:\\\/\\\/www.lovendal.ro\\\/wp52\\\/wp-content\\\/uploads\\\/2023\\\/06\\\/caz-de-rapire-extraterestra.jpg\",\"datePublished\":\"2023-06-25T01:30:45+00:00\",\"breadcrumb\":{\"@id\":\"https:\\\/\\\/www.lovendal.ro\\\/wp52\\\/caz-infiorator-de-rapire-extraterestra-din-1978-un-pilot-australian-a-disparut-fara-urma-cu-tot-cu-avion-si-a-aparut-peste-12-ani-in-insula-tenerife\\\/#breadcrumb\"},\"inLanguage\":\"ro-RO\",\"potentialAction\":[{\"@type\":\"ReadAction\",\"target\":[\"https:\\\/\\\/www.lovendal.ro\\\/wp52\\\/caz-infiorator-de-rapire-extraterestra-din-1978-un-pilot-australian-a-disparut-fara-urma-cu-tot-cu-avion-si-a-aparut-peste-12-ani-in-insula-tenerife\\\/\"]}]},{\"@type\":\"ImageObject\",\"inLanguage\":\"ro-RO\",\"@id\":\"https:\\\/\\\/www.lovendal.ro\\\/wp52\\\/caz-infiorator-de-rapire-extraterestra-din-1978-un-pilot-australian-a-disparut-fara-urma-cu-tot-cu-avion-si-a-aparut-peste-12-ani-in-insula-tenerife\\\/#primaryimage\",\"url\":\"https:\\\/\\\/www.lovendal.ro\\\/wp52\\\/wp-content\\\/uploads\\\/2023\\\/06\\\/caz-de-rapire-extraterestra.jpg\",\"contentUrl\":\"https:\\\/\\\/www.lovendal.ro\\\/wp52\\\/wp-content\\\/uploads\\\/2023\\\/06\\\/caz-de-rapire-extraterestra.jpg\",\"width\":346,\"height\":344},{\"@type\":\"BreadcrumbList\",\"@id\":\"https:\\\/\\\/www.lovendal.ro\\\/wp52\\\/caz-infiorator-de-rapire-extraterestra-din-1978-un-pilot-australian-a-disparut-fara-urma-cu-tot-cu-avion-si-a-aparut-peste-12-ani-in-insula-tenerife\\\/#breadcrumb\",\"itemListElement\":[{\"@type\":\"ListItem\",\"position\":1,\"name\":\"Home\",\"item\":\"https:\\\/\\\/www.lovendal.ro\\\/wp52\\\/\"},{\"@type\":\"ListItem\",\"position\":2,\"name\":\"Caz \u00eenfior\u0103tor de r\u0103pire extraterestr\u0103 din 1978? Un pilot australian a disp\u0103rut f\u0103r\u0103 urm\u0103, cu tot cu avion, \u015fi a ap\u0103rut peste 12 ani \u00een insula Tenerife&#8230;\"}]},{\"@type\":\"WebSite\",\"@id\":\"https:\\\/\\\/www.lovendal.ro\\\/wp52\\\/#website\",\"url\":\"https:\\\/\\\/www.lovendal.ro\\\/wp52\\\/\",\"name\":\"Secretele lui Lovendal\",\"description\":\"Site de secrete, stiinta si metafizica - din 2008 -\",\"publisher\":{\"@id\":\"https:\\\/\\\/www.lovendal.ro\\\/wp52\\\/#organization\"},\"potentialAction\":[{\"@type\":\"SearchAction\",\"target\":{\"@type\":\"EntryPoint\",\"urlTemplate\":\"https:\\\/\\\/www.lovendal.ro\\\/wp52\\\/?s={search_term_string}\"},\"query-input\":{\"@type\":\"PropertyValueSpecification\",\"valueRequired\":true,\"valueName\":\"search_term_string\"}}],\"inLanguage\":\"ro-RO\"},{\"@type\":\"Organization\",\"@id\":\"https:\\\/\\\/www.lovendal.ro\\\/wp52\\\/#organization\",\"name\":\"Secretele lui Lovendal\",\"url\":\"https:\\\/\\\/www.lovendal.ro\\\/wp52\\\/\",\"logo\":{\"@type\":\"ImageObject\",\"inLanguage\":\"ro-RO\",\"@id\":\"https:\\\/\\\/www.lovendal.ro\\\/wp52\\\/#\\\/schema\\\/logo\\\/image\\\/\",\"url\":\"https:\\\/\\\/www.lovendal.ro\\\/wp52\\\/wp-content\\\/uploads\\\/2024\\\/06\\\/cropped-SLL-iun-2024-1.jpg\",\"contentUrl\":\"https:\\\/\\\/www.lovendal.ro\\\/wp52\\\/wp-content\\\/uploads\\\/2024\\\/06\\\/cropped-SLL-iun-2024-1.jpg\",\"width\":771,\"height\":240,\"caption\":\"Secretele lui Lovendal\"},\"image\":{\"@id\":\"https:\\\/\\\/www.lovendal.ro\\\/wp52\\\/#\\\/schema\\\/logo\\\/image\\\/\"},\"sameAs\":[\"https:\\\/\\\/www.facebook.com\\\/secreteleluilovendal\"]},{\"@type\":\"Person\",\"@id\":\"https:\\\/\\\/www.lovendal.ro\\\/wp52\\\/#\\\/schema\\\/person\\\/088691de5dfc346bb0c023e1e52ef5d9\",\"name\":\"admin\",\"image\":{\"@type\":\"ImageObject\",\"inLanguage\":\"ro-RO\",\"@id\":\"https:\\\/\\\/secure.gravatar.com\\\/avatar\\\/ecb9cd41f5f63c9c9b989999a59f6e2639a865ec361e9db054db0679a8f341c2?s=96&d=mm&r=g\",\"url\":\"https:\\\/\\\/secure.gravatar.com\\\/avatar\\\/ecb9cd41f5f63c9c9b989999a59f6e2639a865ec361e9db054db0679a8f341c2?s=96&d=mm&r=g\",\"contentUrl\":\"https:\\\/\\\/secure.gravatar.com\\\/avatar\\\/ecb9cd41f5f63c9c9b989999a59f6e2639a865ec361e9db054db0679a8f341c2?s=96&d=mm&r=g\",\"caption\":\"admin\"},\"sameAs\":[\"https:\\\/\\\/www.lovendal.ro\\\/wp52\"]}]}<\/script>\n<!-- \/ Yoast SEO Premium plugin. -->","yoast_head_json":{"title":"Caz \u00eenfior\u0103tor de r\u0103pire extraterestr\u0103 din 1978? Un pilot australian a disp\u0103rut f\u0103r\u0103 urm\u0103, cu tot cu avion, \u015fi a ap\u0103rut peste 12 ani \u00een insula Tenerife... - Secretele lui Lovendal","robots":{"index":"index","follow":"follow","max-snippet":"max-snippet:-1","max-image-preview":"max-image-preview:large","max-video-preview":"max-video-preview:-1"},"canonical":"https:\/\/www.lovendal.ro\/wp52\/caz-infiorator-de-rapire-extraterestra-din-1978-un-pilot-australian-a-disparut-fara-urma-cu-tot-cu-avion-si-a-aparut-peste-12-ani-in-insula-tenerife\/","og_locale":"ro_RO","og_type":"article","og_title":"Caz \u00eenfior\u0103tor de r\u0103pire extraterestr\u0103 din 1978? Un pilot australian a disp\u0103rut f\u0103r\u0103 urm\u0103, cu tot cu avion, \u015fi a ap\u0103rut peste 12 ani \u00een insula Tenerife...","og_description":"Exist\u0103 un caz celebru \u00een lumea OZN-urilor \/ extratere\u015ftrilor, cel al dispari\u021biei pilotului australian Frederick Valentich, care s-a &#8222;evaporat&#8221; de pe fa\u0163a p\u0103m\u00e2ntului, pe 21 octombrie 1978, \u00een timpul unui zbor efectuat din statul Victoria (Australia), c\u0103tre insula King, la ... Cititi mai multe","og_url":"https:\/\/www.lovendal.ro\/wp52\/caz-infiorator-de-rapire-extraterestra-din-1978-un-pilot-australian-a-disparut-fara-urma-cu-tot-cu-avion-si-a-aparut-peste-12-ani-in-insula-tenerife\/","og_site_name":"Secretele lui Lovendal","article_publisher":"https:\/\/www.facebook.com\/secreteleluilovendal","article_published_time":"2023-06-25T01:30:45+00:00","og_image":[{"width":346,"height":344,"url":"https:\/\/www.lovendal.ro\/wp52\/wp-content\/uploads\/2023\/06\/caz-de-rapire-extraterestra.jpg","type":"image\/jpeg"}],"author":"admin","twitter_card":"summary_large_image","twitter_misc":{"Scris de":"admin","Timp estimat pentru citire":"3 minute"},"schema":{"@context":"https:\/\/schema.org","@graph":[{"@type":"Article","@id":"https:\/\/www.lovendal.ro\/wp52\/caz-infiorator-de-rapire-extraterestra-din-1978-un-pilot-australian-a-disparut-fara-urma-cu-tot-cu-avion-si-a-aparut-peste-12-ani-in-insula-tenerife\/#article","isPartOf":{"@id":"https:\/\/www.lovendal.ro\/wp52\/caz-infiorator-de-rapire-extraterestra-din-1978-un-pilot-australian-a-disparut-fara-urma-cu-tot-cu-avion-si-a-aparut-peste-12-ani-in-insula-tenerife\/"},"author":{"name":"admin","@id":"https:\/\/www.lovendal.ro\/wp52\/#\/schema\/person\/088691de5dfc346bb0c023e1e52ef5d9"},"headline":"Caz \u00eenfior\u0103tor de r\u0103pire extraterestr\u0103 din 1978? Un pilot australian a disp\u0103rut f\u0103r\u0103 urm\u0103, cu tot cu avion, \u015fi a ap\u0103rut peste 12 ani \u00een insula Tenerife&#8230;","datePublished":"2023-06-25T01:30:45+00:00","mainEntityOfPage":{"@id":"https:\/\/www.lovendal.ro\/wp52\/caz-infiorator-de-rapire-extraterestra-din-1978-un-pilot-australian-a-disparut-fara-urma-cu-tot-cu-avion-si-a-aparut-peste-12-ani-in-insula-tenerife\/"},"wordCount":569,"commentCount":0,"publisher":{"@id":"https:\/\/www.lovendal.ro\/wp52\/#organization"},"image":{"@id":"https:\/\/www.lovendal.ro\/wp52\/caz-infiorator-de-rapire-extraterestra-din-1978-un-pilot-australian-a-disparut-fara-urma-cu-tot-cu-avion-si-a-aparut-peste-12-ani-in-insula-tenerife\/#primaryimage"},"thumbnailUrl":"https:\/\/www.lovendal.ro\/wp52\/wp-content\/uploads\/2023\/06\/caz-de-rapire-extraterestra.jpg","keywords":["Australia","avion","extratere\u015ftri","insul\u0103","Insulele Canare","P\u0103m\u00e2nt","Paranormal-Spiritualitate","r\u0103pire extraterestr\u0103","Tenerife"],"articleSection":["Paranormal-Spiritualitate"],"inLanguage":"ro-RO","potentialAction":[{"@type":"CommentAction","name":"Comment","target":["https:\/\/www.lovendal.ro\/wp52\/caz-infiorator-de-rapire-extraterestra-din-1978-un-pilot-australian-a-disparut-fara-urma-cu-tot-cu-avion-si-a-aparut-peste-12-ani-in-insula-tenerife\/#respond"]}]},{"@type":"WebPage","@id":"https:\/\/www.lovendal.ro\/wp52\/caz-infiorator-de-rapire-extraterestra-din-1978-un-pilot-australian-a-disparut-fara-urma-cu-tot-cu-avion-si-a-aparut-peste-12-ani-in-insula-tenerife\/","url":"https:\/\/www.lovendal.ro\/wp52\/caz-infiorator-de-rapire-extraterestra-din-1978-un-pilot-australian-a-disparut-fara-urma-cu-tot-cu-avion-si-a-aparut-peste-12-ani-in-insula-tenerife\/","name":"Caz \u00eenfior\u0103tor de r\u0103pire extraterestr\u0103 din 1978? Un pilot australian a disp\u0103rut f\u0103r\u0103 urm\u0103, cu tot cu avion, \u015fi a ap\u0103rut peste 12 ani \u00een insula Tenerife... - Secretele lui Lovendal","isPartOf":{"@id":"https:\/\/www.lovendal.ro\/wp52\/#website"},"primaryImageOfPage":{"@id":"https:\/\/www.lovendal.ro\/wp52\/caz-infiorator-de-rapire-extraterestra-din-1978-un-pilot-australian-a-disparut-fara-urma-cu-tot-cu-avion-si-a-aparut-peste-12-ani-in-insula-tenerife\/#primaryimage"},"image":{"@id":"https:\/\/www.lovendal.ro\/wp52\/caz-infiorator-de-rapire-extraterestra-din-1978-un-pilot-australian-a-disparut-fara-urma-cu-tot-cu-avion-si-a-aparut-peste-12-ani-in-insula-tenerife\/#primaryimage"},"thumbnailUrl":"https:\/\/www.lovendal.ro\/wp52\/wp-content\/uploads\/2023\/06\/caz-de-rapire-extraterestra.jpg","datePublished":"2023-06-25T01:30:45+00:00","breadcrumb":{"@id":"https:\/\/www.lovendal.ro\/wp52\/caz-infiorator-de-rapire-extraterestra-din-1978-un-pilot-australian-a-disparut-fara-urma-cu-tot-cu-avion-si-a-aparut-peste-12-ani-in-insula-tenerife\/#breadcrumb"},"inLanguage":"ro-RO","potentialAction":[{"@type":"ReadAction","target":["https:\/\/www.lovendal.ro\/wp52\/caz-infiorator-de-rapire-extraterestra-din-1978-un-pilot-australian-a-disparut-fara-urma-cu-tot-cu-avion-si-a-aparut-peste-12-ani-in-insula-tenerife\/"]}]},{"@type":"ImageObject","inLanguage":"ro-RO","@id":"https:\/\/www.lovendal.ro\/wp52\/caz-infiorator-de-rapire-extraterestra-din-1978-un-pilot-australian-a-disparut-fara-urma-cu-tot-cu-avion-si-a-aparut-peste-12-ani-in-insula-tenerife\/#primaryimage","url":"https:\/\/www.lovendal.ro\/wp52\/wp-content\/uploads\/2023\/06\/caz-de-rapire-extraterestra.jpg","contentUrl":"https:\/\/www.lovendal.ro\/wp52\/wp-content\/uploads\/2023\/06\/caz-de-rapire-extraterestra.jpg","width":346,"height":344},{"@type":"BreadcrumbList","@id":"https:\/\/www.lovendal.ro\/wp52\/caz-infiorator-de-rapire-extraterestra-din-1978-un-pilot-australian-a-disparut-fara-urma-cu-tot-cu-avion-si-a-aparut-peste-12-ani-in-insula-tenerife\/#breadcrumb","itemListElement":[{"@type":"ListItem","position":1,"name":"Home","item":"https:\/\/www.lovendal.ro\/wp52\/"},{"@type":"ListItem","position":2,"name":"Caz \u00eenfior\u0103tor de r\u0103pire extraterestr\u0103 din 1978? Un pilot australian a disp\u0103rut f\u0103r\u0103 urm\u0103, cu tot cu avion, \u015fi a ap\u0103rut peste 12 ani \u00een insula Tenerife&#8230;"}]},{"@type":"WebSite","@id":"https:\/\/www.lovendal.ro\/wp52\/#website","url":"https:\/\/www.lovendal.ro\/wp52\/","name":"Secretele lui Lovendal","description":"Site de secrete, stiinta si metafizica - din 2008 -","publisher":{"@id":"https:\/\/www.lovendal.ro\/wp52\/#organization"},"potentialAction":[{"@type":"SearchAction","target":{"@type":"EntryPoint","urlTemplate":"https:\/\/www.lovendal.ro\/wp52\/?s={search_term_string}"},"query-input":{"@type":"PropertyValueSpecification","valueRequired":true,"valueName":"search_term_string"}}],"inLanguage":"ro-RO"},{"@type":"Organization","@id":"https:\/\/www.lovendal.ro\/wp52\/#organization","name":"Secretele lui Lovendal","url":"https:\/\/www.lovendal.ro\/wp52\/","logo":{"@type":"ImageObject","inLanguage":"ro-RO","@id":"https:\/\/www.lovendal.ro\/wp52\/#\/schema\/logo\/image\/","url":"https:\/\/www.lovendal.ro\/wp52\/wp-content\/uploads\/2024\/06\/cropped-SLL-iun-2024-1.jpg","contentUrl":"https:\/\/www.lovendal.ro\/wp52\/wp-content\/uploads\/2024\/06\/cropped-SLL-iun-2024-1.jpg","width":771,"height":240,"caption":"Secretele lui Lovendal"},"image":{"@id":"https:\/\/www.lovendal.ro\/wp52\/#\/schema\/logo\/image\/"},"sameAs":["https:\/\/www.facebook.com\/secreteleluilovendal"]},{"@type":"Person","@id":"https:\/\/www.lovendal.ro\/wp52\/#\/schema\/person\/088691de5dfc346bb0c023e1e52ef5d9","name":"admin","image":{"@type":"ImageObject","inLanguage":"ro-RO","@id":"https:\/\/secure.gravatar.com\/avatar\/ecb9cd41f5f63c9c9b989999a59f6e2639a865ec361e9db054db0679a8f341c2?s=96&d=mm&r=g","url":"https:\/\/secure.gravatar.com\/avatar\/ecb9cd41f5f63c9c9b989999a59f6e2639a865ec361e9db054db0679a8f341c2?s=96&d=mm&r=g","contentUrl":"https:\/\/secure.gravatar.com\/avatar\/ecb9cd41f5f63c9c9b989999a59f6e2639a865ec361e9db054db0679a8f341c2?s=96&d=mm&r=g","caption":"admin"},"sameAs":["https:\/\/www.lovendal.ro\/wp52"]}]}},"_links":{"self":[{"href":"https:\/\/www.lovendal.ro\/wp52\/wp-json\/wp\/v2\/posts\/86170","targetHints":{"allow":["GET"]}}],"collection":[{"href":"https:\/\/www.lovendal.ro\/wp52\/wp-json\/wp\/v2\/posts"}],"about":[{"href":"https:\/\/www.lovendal.ro\/wp52\/wp-json\/wp\/v2\/types\/post"}],"author":[{"embeddable":true,"href":"https:\/\/www.lovendal.ro\/wp52\/wp-json\/wp\/v2\/users\/1"}],"replies":[{"embeddable":true,"href":"https:\/\/www.lovendal.ro\/wp52\/wp-json\/wp\/v2\/comments?post=86170"}],"version-history":[{"count":1,"href":"https:\/\/www.lovendal.ro\/wp52\/wp-json\/wp\/v2\/posts\/86170\/revisions"}],"predecessor-version":[{"id":86172,"href":"https:\/\/www.lovendal.ro\/wp52\/wp-json\/wp\/v2\/posts\/86170\/revisions\/86172"}],"wp:featuredmedia":[{"embeddable":true,"href":"https:\/\/www.lovendal.ro\/wp52\/wp-json\/wp\/v2\/media\/86171"}],"wp:attachment":[{"href":"https:\/\/www.lovendal.ro\/wp52\/wp-json\/wp\/v2\/media?parent=86170"}],"wp:term":[{"taxonomy":"category","embeddable":true,"href":"https:\/\/www.lovendal.ro\/wp52\/wp-json\/wp\/v2\/categories?post=86170"},{"taxonomy":"post_tag","embeddable":true,"href":"https:\/\/www.lovendal.ro\/wp52\/wp-json\/wp\/v2\/tags?post=86170"}],"curies":[{"name":"wp","href":"https:\/\/api.w.org\/{rel}","templated":true}]}}