{"id":86095,"date":"2023-06-15T10:40:15","date_gmt":"2023-06-15T07:40:15","guid":{"rendered":"https:\/\/www.lovendal.ro\/wp52\/?p=86095"},"modified":"2023-06-16T14:11:34","modified_gmt":"2023-06-16T11:11:34","slug":"de-ce-geto-dacii-obisnuiau-sa-planga-atunci-cand-se-nastea-cineva-si-sa-rada-atunci-cand-cineva-murea","status":"publish","type":"post","link":"https:\/\/www.lovendal.ro\/wp52\/de-ce-geto-dacii-obisnuiau-sa-planga-atunci-cand-se-nastea-cineva-si-sa-rada-atunci-cand-cineva-murea\/","title":{"rendered":"De ce geto-dacii obi\u015fnuiau s\u0103 pl\u00e2ng\u0103 atunci c\u00e2nd se n\u0103\u015ftea cineva \u015fi s\u0103 r\u00e2d\u0103 atunci c\u00e2nd cineva murea?"},"content":{"rendered":"<p><a href=\"https:\/\/www.lovendal.ro\/wp52\/wp-content\/uploads\/2023\/06\/Herodot-geto-daci-1.jpg\"><img loading=\"lazy\" decoding=\"async\" class=\"alignleft size-full wp-image-86128\" src=\"https:\/\/www.lovendal.ro\/wp52\/wp-content\/uploads\/2023\/06\/Herodot-geto-daci-1.jpg\" alt=\"\" width=\"350\" height=\"340\" \/><\/a>Marele istoric grec Herodot, vorbind despre locuitorii de pe malul st\u00e2ng al Dun\u0103rii, dup\u0103 ce arat\u0103 c\u0103 \u0163ara acestora e bogat\u0103 de parc\u0103 ar trebui s\u0103 locuiasc\u0103 \u00een ea zei nu ni\u015fte oameni, adaug\u0103 c\u0103 ceea ce surprinde cel mai mult la ace\u015fti locuitori este marea lor credin\u0163\u0103 \u00een nemurirea sufletului, de care este legat\u0103 apoi convingerea c\u0103 adev\u0103rata lume nu este aceasta \u00een care tr\u0103im cu to\u0163ii, de c\u00e2nd ne na\u015ftem \u015fi p\u00e2n\u0103 murim, ci cealalt\u0103, \u00een care nu putem intra dec\u00e2t dac\u0103 am dus o via\u0163\u0103 de virtute \u015fi eroism. \u015ei Herodot adaug\u0103 c\u0103, ace\u015fti locuitori obi\u015fnuiesc s\u0103 pl\u00e2ng\u0103 atunci c\u00e2nd se na\u015fte cineva \u015fi s\u0103 r\u00e2d\u0103 \u015fi s\u0103 se veseleasc\u0103 atunci c\u00e2nd cineva moare.<\/p>\n<p>Din cele spuse de Herodot, se na\u015fte \u00eentrebarea: de unde aveau geto-dacii cuno\u015ftin\u0163e at\u00e2t de avansate despre &#8222;lumea de apoi&#8221;? C\u0103 un popor primitiv n-ar fi putut avea parte de a\u015fa ceva. Poate c\u0103 ei au intrat \u00een contact cu o civiliza\u0163ie extraterestr\u0103 avansat\u0103 care le-a oferit asemenea informa\u0163ii?<\/p>\n<p>Tradi\u0163iile despre &#8222;lumea de apoi&#8221; nu pot ap\u0103rea chiar din neant, ele trebuind s\u0103 aib\u0103 o surs\u0103&#8230;<\/p>\n","protected":false},"excerpt":{"rendered":"<p>Marele istoric grec Herodot, vorbind despre locuitorii de pe malul st\u00e2ng al Dun\u0103rii, dup\u0103 ce arat\u0103 c\u0103 \u0163ara acestora e bogat\u0103 de parc\u0103 ar trebui s\u0103 locuiasc\u0103 \u00een ea zei nu ni\u015fte oameni, adaug\u0103 c\u0103 ceea ce surprinde cel mai &#8230; <\/p>\n<p class=\"read-more-container\"><a title=\"De ce geto-dacii obi\u015fnuiau s\u0103 pl\u00e2ng\u0103 atunci c\u00e2nd se n\u0103\u015ftea cineva \u015fi s\u0103 r\u00e2d\u0103 atunci c\u00e2nd cineva murea?\" class=\"read-more button\" href=\"https:\/\/www.lovendal.ro\/wp52\/de-ce-geto-dacii-obisnuiau-sa-planga-atunci-cand-se-nastea-cineva-si-sa-rada-atunci-cand-cineva-murea\/#more-86095\" aria-label=\"Cite\u0219te mai multe despre De ce geto-dacii obi\u015fnuiau s\u0103 pl\u00e2ng\u0103 atunci c\u00e2nd se n\u0103\u015ftea cineva \u015fi s\u0103 r\u00e2d\u0103 atunci c\u00e2nd cineva murea?\">Cititi mai multe<\/a><\/p>\n","protected":false},"author":1,"featured_media":86096,"comment_status":"open","ping_status":"open","sticky":false,"template":"","format":"standard","meta":{"footnotes":""},"categories":[9],"tags":[6596,2704,1532,108,2913,2213,1676],"class_list":["post-86095","post","type-post","status-publish","format-standard","has-post-thumbnail","hentry","category-istorie","tag-geto-daci","tag-herodot","tag-istorie-si-civilizatii","tag-moarte","tag-nastere","tag-nemurire","tag-suflet","resize-featured-image"],"yoast_head":"<!-- This site is optimized with the Yoast SEO Premium plugin v23.3 (Yoast SEO v27.4) - https:\/\/yoast.com\/product\/yoast-seo-premium-wordpress\/ -->\n<title>De ce geto-dacii obi\u015fnuiau s\u0103 pl\u00e2ng\u0103 atunci c\u00e2nd se n\u0103\u015ftea cineva \u015fi s\u0103 r\u00e2d\u0103 atunci c\u00e2nd cineva murea? - Secretele lui Lovendal<\/title>\n<meta name=\"robots\" content=\"index, follow, max-snippet:-1, max-image-preview:large, max-video-preview:-1\" \/>\n<link rel=\"canonical\" href=\"https:\/\/www.lovendal.ro\/wp52\/de-ce-geto-dacii-obisnuiau-sa-planga-atunci-cand-se-nastea-cineva-si-sa-rada-atunci-cand-cineva-murea\/\" \/>\n<meta property=\"og:locale\" content=\"ro_RO\" \/>\n<meta property=\"og:type\" content=\"article\" \/>\n<meta property=\"og:title\" content=\"De ce geto-dacii obi\u015fnuiau s\u0103 pl\u00e2ng\u0103 atunci c\u00e2nd se n\u0103\u015ftea cineva \u015fi s\u0103 r\u00e2d\u0103 atunci c\u00e2nd cineva murea?\" \/>\n<meta property=\"og:description\" content=\"Marele istoric grec Herodot, vorbind despre locuitorii de pe malul st\u00e2ng al Dun\u0103rii, dup\u0103 ce arat\u0103 c\u0103 \u0163ara acestora e bogat\u0103 de parc\u0103 ar trebui s\u0103 locuiasc\u0103 \u00een ea zei nu ni\u015fte oameni, adaug\u0103 c\u0103 ceea ce surprinde cel mai ... Cititi mai multe\" \/>\n<meta property=\"og:url\" content=\"https:\/\/www.lovendal.ro\/wp52\/de-ce-geto-dacii-obisnuiau-sa-planga-atunci-cand-se-nastea-cineva-si-sa-rada-atunci-cand-cineva-murea\/\" \/>\n<meta property=\"og:site_name\" content=\"Secretele lui Lovendal\" \/>\n<meta property=\"article:publisher\" content=\"https:\/\/www.facebook.com\/secreteleluilovendal\" \/>\n<meta property=\"article:published_time\" content=\"2023-06-15T07:40:15+00:00\" \/>\n<meta property=\"article:modified_time\" content=\"2023-06-16T11:11:34+00:00\" \/>\n<meta property=\"og:image\" content=\"https:\/\/www.lovendal.ro\/wp52\/wp-content\/uploads\/2023\/06\/Herodot-geto-daci-1.jpg\" \/>\n\t<meta property=\"og:image:width\" content=\"350\" \/>\n\t<meta property=\"og:image:height\" content=\"340\" \/>\n\t<meta property=\"og:image:type\" content=\"image\/jpeg\" \/>\n<meta name=\"author\" content=\"admin\" \/>\n<meta name=\"twitter:card\" content=\"summary_large_image\" \/>\n<meta name=\"twitter:label1\" content=\"Scris de\" \/>\n\t<meta name=\"twitter:data1\" content=\"admin\" \/>\n\t<meta name=\"twitter:label2\" content=\"Timp estimat pentru citire\" \/>\n\t<meta name=\"twitter:data2\" content=\"1 minut\" \/>\n<script type=\"application\/ld+json\" class=\"yoast-schema-graph\">{\"@context\":\"https:\\\/\\\/schema.org\",\"@graph\":[{\"@type\":\"Article\",\"@id\":\"https:\\\/\\\/www.lovendal.ro\\\/wp52\\\/de-ce-geto-dacii-obisnuiau-sa-planga-atunci-cand-se-nastea-cineva-si-sa-rada-atunci-cand-cineva-murea\\\/#article\",\"isPartOf\":{\"@id\":\"https:\\\/\\\/www.lovendal.ro\\\/wp52\\\/de-ce-geto-dacii-obisnuiau-sa-planga-atunci-cand-se-nastea-cineva-si-sa-rada-atunci-cand-cineva-murea\\\/\"},\"author\":{\"name\":\"admin\",\"@id\":\"https:\\\/\\\/www.lovendal.ro\\\/wp52\\\/#\\\/schema\\\/person\\\/088691de5dfc346bb0c023e1e52ef5d9\"},\"headline\":\"De ce geto-dacii obi\u015fnuiau s\u0103 pl\u00e2ng\u0103 atunci c\u00e2nd se n\u0103\u015ftea cineva \u015fi s\u0103 r\u00e2d\u0103 atunci c\u00e2nd cineva murea?\",\"datePublished\":\"2023-06-15T07:40:15+00:00\",\"dateModified\":\"2023-06-16T11:11:34+00:00\",\"mainEntityOfPage\":{\"@id\":\"https:\\\/\\\/www.lovendal.ro\\\/wp52\\\/de-ce-geto-dacii-obisnuiau-sa-planga-atunci-cand-se-nastea-cineva-si-sa-rada-atunci-cand-cineva-murea\\\/\"},\"wordCount\":234,\"commentCount\":0,\"publisher\":{\"@id\":\"https:\\\/\\\/www.lovendal.ro\\\/wp52\\\/#organization\"},\"image\":{\"@id\":\"https:\\\/\\\/www.lovendal.ro\\\/wp52\\\/de-ce-geto-dacii-obisnuiau-sa-planga-atunci-cand-se-nastea-cineva-si-sa-rada-atunci-cand-cineva-murea\\\/#primaryimage\"},\"thumbnailUrl\":\"https:\\\/\\\/www.lovendal.ro\\\/wp52\\\/wp-content\\\/uploads\\\/2023\\\/06\\\/Herodot-geto-daci-1.jpg\",\"keywords\":[\"geto-daci\",\"Herodot\",\"Istorie si Civilizatii\",\"moarte\",\"na\u015ftere\",\"nemurire\",\"suflet\"],\"articleSection\":[\"Istorie si Civilizatii\"],\"inLanguage\":\"ro-RO\",\"potentialAction\":[{\"@type\":\"CommentAction\",\"name\":\"Comment\",\"target\":[\"https:\\\/\\\/www.lovendal.ro\\\/wp52\\\/de-ce-geto-dacii-obisnuiau-sa-planga-atunci-cand-se-nastea-cineva-si-sa-rada-atunci-cand-cineva-murea\\\/#respond\"]}]},{\"@type\":\"WebPage\",\"@id\":\"https:\\\/\\\/www.lovendal.ro\\\/wp52\\\/de-ce-geto-dacii-obisnuiau-sa-planga-atunci-cand-se-nastea-cineva-si-sa-rada-atunci-cand-cineva-murea\\\/\",\"url\":\"https:\\\/\\\/www.lovendal.ro\\\/wp52\\\/de-ce-geto-dacii-obisnuiau-sa-planga-atunci-cand-se-nastea-cineva-si-sa-rada-atunci-cand-cineva-murea\\\/\",\"name\":\"De ce geto-dacii obi\u015fnuiau s\u0103 pl\u00e2ng\u0103 atunci c\u00e2nd se n\u0103\u015ftea cineva \u015fi s\u0103 r\u00e2d\u0103 atunci c\u00e2nd cineva murea? - Secretele lui Lovendal\",\"isPartOf\":{\"@id\":\"https:\\\/\\\/www.lovendal.ro\\\/wp52\\\/#website\"},\"primaryImageOfPage\":{\"@id\":\"https:\\\/\\\/www.lovendal.ro\\\/wp52\\\/de-ce-geto-dacii-obisnuiau-sa-planga-atunci-cand-se-nastea-cineva-si-sa-rada-atunci-cand-cineva-murea\\\/#primaryimage\"},\"image\":{\"@id\":\"https:\\\/\\\/www.lovendal.ro\\\/wp52\\\/de-ce-geto-dacii-obisnuiau-sa-planga-atunci-cand-se-nastea-cineva-si-sa-rada-atunci-cand-cineva-murea\\\/#primaryimage\"},\"thumbnailUrl\":\"https:\\\/\\\/www.lovendal.ro\\\/wp52\\\/wp-content\\\/uploads\\\/2023\\\/06\\\/Herodot-geto-daci-1.jpg\",\"datePublished\":\"2023-06-15T07:40:15+00:00\",\"dateModified\":\"2023-06-16T11:11:34+00:00\",\"breadcrumb\":{\"@id\":\"https:\\\/\\\/www.lovendal.ro\\\/wp52\\\/de-ce-geto-dacii-obisnuiau-sa-planga-atunci-cand-se-nastea-cineva-si-sa-rada-atunci-cand-cineva-murea\\\/#breadcrumb\"},\"inLanguage\":\"ro-RO\",\"potentialAction\":[{\"@type\":\"ReadAction\",\"target\":[\"https:\\\/\\\/www.lovendal.ro\\\/wp52\\\/de-ce-geto-dacii-obisnuiau-sa-planga-atunci-cand-se-nastea-cineva-si-sa-rada-atunci-cand-cineva-murea\\\/\"]}]},{\"@type\":\"ImageObject\",\"inLanguage\":\"ro-RO\",\"@id\":\"https:\\\/\\\/www.lovendal.ro\\\/wp52\\\/de-ce-geto-dacii-obisnuiau-sa-planga-atunci-cand-se-nastea-cineva-si-sa-rada-atunci-cand-cineva-murea\\\/#primaryimage\",\"url\":\"https:\\\/\\\/www.lovendal.ro\\\/wp52\\\/wp-content\\\/uploads\\\/2023\\\/06\\\/Herodot-geto-daci-1.jpg\",\"contentUrl\":\"https:\\\/\\\/www.lovendal.ro\\\/wp52\\\/wp-content\\\/uploads\\\/2023\\\/06\\\/Herodot-geto-daci-1.jpg\",\"width\":350,\"height\":340},{\"@type\":\"BreadcrumbList\",\"@id\":\"https:\\\/\\\/www.lovendal.ro\\\/wp52\\\/de-ce-geto-dacii-obisnuiau-sa-planga-atunci-cand-se-nastea-cineva-si-sa-rada-atunci-cand-cineva-murea\\\/#breadcrumb\",\"itemListElement\":[{\"@type\":\"ListItem\",\"position\":1,\"name\":\"Home\",\"item\":\"https:\\\/\\\/www.lovendal.ro\\\/wp52\\\/\"},{\"@type\":\"ListItem\",\"position\":2,\"name\":\"De ce geto-dacii obi\u015fnuiau s\u0103 pl\u00e2ng\u0103 atunci c\u00e2nd se n\u0103\u015ftea cineva \u015fi s\u0103 r\u00e2d\u0103 atunci c\u00e2nd cineva murea?\"}]},{\"@type\":\"WebSite\",\"@id\":\"https:\\\/\\\/www.lovendal.ro\\\/wp52\\\/#website\",\"url\":\"https:\\\/\\\/www.lovendal.ro\\\/wp52\\\/\",\"name\":\"Secretele lui Lovendal\",\"description\":\"Site de secrete, stiinta si metafizica - din 2008 -\",\"publisher\":{\"@id\":\"https:\\\/\\\/www.lovendal.ro\\\/wp52\\\/#organization\"},\"potentialAction\":[{\"@type\":\"SearchAction\",\"target\":{\"@type\":\"EntryPoint\",\"urlTemplate\":\"https:\\\/\\\/www.lovendal.ro\\\/wp52\\\/?s={search_term_string}\"},\"query-input\":{\"@type\":\"PropertyValueSpecification\",\"valueRequired\":true,\"valueName\":\"search_term_string\"}}],\"inLanguage\":\"ro-RO\"},{\"@type\":\"Organization\",\"@id\":\"https:\\\/\\\/www.lovendal.ro\\\/wp52\\\/#organization\",\"name\":\"Secretele lui Lovendal\",\"url\":\"https:\\\/\\\/www.lovendal.ro\\\/wp52\\\/\",\"logo\":{\"@type\":\"ImageObject\",\"inLanguage\":\"ro-RO\",\"@id\":\"https:\\\/\\\/www.lovendal.ro\\\/wp52\\\/#\\\/schema\\\/logo\\\/image\\\/\",\"url\":\"https:\\\/\\\/www.lovendal.ro\\\/wp52\\\/wp-content\\\/uploads\\\/2024\\\/06\\\/cropped-SLL-iun-2024-1.jpg\",\"contentUrl\":\"https:\\\/\\\/www.lovendal.ro\\\/wp52\\\/wp-content\\\/uploads\\\/2024\\\/06\\\/cropped-SLL-iun-2024-1.jpg\",\"width\":771,\"height\":240,\"caption\":\"Secretele lui Lovendal\"},\"image\":{\"@id\":\"https:\\\/\\\/www.lovendal.ro\\\/wp52\\\/#\\\/schema\\\/logo\\\/image\\\/\"},\"sameAs\":[\"https:\\\/\\\/www.facebook.com\\\/secreteleluilovendal\"]},{\"@type\":\"Person\",\"@id\":\"https:\\\/\\\/www.lovendal.ro\\\/wp52\\\/#\\\/schema\\\/person\\\/088691de5dfc346bb0c023e1e52ef5d9\",\"name\":\"admin\",\"image\":{\"@type\":\"ImageObject\",\"inLanguage\":\"ro-RO\",\"@id\":\"https:\\\/\\\/secure.gravatar.com\\\/avatar\\\/ecb9cd41f5f63c9c9b989999a59f6e2639a865ec361e9db054db0679a8f341c2?s=96&d=mm&r=g\",\"url\":\"https:\\\/\\\/secure.gravatar.com\\\/avatar\\\/ecb9cd41f5f63c9c9b989999a59f6e2639a865ec361e9db054db0679a8f341c2?s=96&d=mm&r=g\",\"contentUrl\":\"https:\\\/\\\/secure.gravatar.com\\\/avatar\\\/ecb9cd41f5f63c9c9b989999a59f6e2639a865ec361e9db054db0679a8f341c2?s=96&d=mm&r=g\",\"caption\":\"admin\"},\"sameAs\":[\"https:\\\/\\\/www.lovendal.ro\\\/wp52\"]}]}<\/script>\n<!-- \/ Yoast SEO Premium plugin. -->","yoast_head_json":{"title":"De ce geto-dacii obi\u015fnuiau s\u0103 pl\u00e2ng\u0103 atunci c\u00e2nd se n\u0103\u015ftea cineva \u015fi s\u0103 r\u00e2d\u0103 atunci c\u00e2nd cineva murea? - Secretele lui Lovendal","robots":{"index":"index","follow":"follow","max-snippet":"max-snippet:-1","max-image-preview":"max-image-preview:large","max-video-preview":"max-video-preview:-1"},"canonical":"https:\/\/www.lovendal.ro\/wp52\/de-ce-geto-dacii-obisnuiau-sa-planga-atunci-cand-se-nastea-cineva-si-sa-rada-atunci-cand-cineva-murea\/","og_locale":"ro_RO","og_type":"article","og_title":"De ce geto-dacii obi\u015fnuiau s\u0103 pl\u00e2ng\u0103 atunci c\u00e2nd se n\u0103\u015ftea cineva \u015fi s\u0103 r\u00e2d\u0103 atunci c\u00e2nd cineva murea?","og_description":"Marele istoric grec Herodot, vorbind despre locuitorii de pe malul st\u00e2ng al Dun\u0103rii, dup\u0103 ce arat\u0103 c\u0103 \u0163ara acestora e bogat\u0103 de parc\u0103 ar trebui s\u0103 locuiasc\u0103 \u00een ea zei nu ni\u015fte oameni, adaug\u0103 c\u0103 ceea ce surprinde cel mai ... Cititi mai multe","og_url":"https:\/\/www.lovendal.ro\/wp52\/de-ce-geto-dacii-obisnuiau-sa-planga-atunci-cand-se-nastea-cineva-si-sa-rada-atunci-cand-cineva-murea\/","og_site_name":"Secretele lui Lovendal","article_publisher":"https:\/\/www.facebook.com\/secreteleluilovendal","article_published_time":"2023-06-15T07:40:15+00:00","article_modified_time":"2023-06-16T11:11:34+00:00","og_image":[{"width":350,"height":340,"url":"https:\/\/www.lovendal.ro\/wp52\/wp-content\/uploads\/2023\/06\/Herodot-geto-daci-1.jpg","type":"image\/jpeg"}],"author":"admin","twitter_card":"summary_large_image","twitter_misc":{"Scris de":"admin","Timp estimat pentru citire":"1 minut"},"schema":{"@context":"https:\/\/schema.org","@graph":[{"@type":"Article","@id":"https:\/\/www.lovendal.ro\/wp52\/de-ce-geto-dacii-obisnuiau-sa-planga-atunci-cand-se-nastea-cineva-si-sa-rada-atunci-cand-cineva-murea\/#article","isPartOf":{"@id":"https:\/\/www.lovendal.ro\/wp52\/de-ce-geto-dacii-obisnuiau-sa-planga-atunci-cand-se-nastea-cineva-si-sa-rada-atunci-cand-cineva-murea\/"},"author":{"name":"admin","@id":"https:\/\/www.lovendal.ro\/wp52\/#\/schema\/person\/088691de5dfc346bb0c023e1e52ef5d9"},"headline":"De ce geto-dacii obi\u015fnuiau s\u0103 pl\u00e2ng\u0103 atunci c\u00e2nd se n\u0103\u015ftea cineva \u015fi s\u0103 r\u00e2d\u0103 atunci c\u00e2nd cineva murea?","datePublished":"2023-06-15T07:40:15+00:00","dateModified":"2023-06-16T11:11:34+00:00","mainEntityOfPage":{"@id":"https:\/\/www.lovendal.ro\/wp52\/de-ce-geto-dacii-obisnuiau-sa-planga-atunci-cand-se-nastea-cineva-si-sa-rada-atunci-cand-cineva-murea\/"},"wordCount":234,"commentCount":0,"publisher":{"@id":"https:\/\/www.lovendal.ro\/wp52\/#organization"},"image":{"@id":"https:\/\/www.lovendal.ro\/wp52\/de-ce-geto-dacii-obisnuiau-sa-planga-atunci-cand-se-nastea-cineva-si-sa-rada-atunci-cand-cineva-murea\/#primaryimage"},"thumbnailUrl":"https:\/\/www.lovendal.ro\/wp52\/wp-content\/uploads\/2023\/06\/Herodot-geto-daci-1.jpg","keywords":["geto-daci","Herodot","Istorie si Civilizatii","moarte","na\u015ftere","nemurire","suflet"],"articleSection":["Istorie si Civilizatii"],"inLanguage":"ro-RO","potentialAction":[{"@type":"CommentAction","name":"Comment","target":["https:\/\/www.lovendal.ro\/wp52\/de-ce-geto-dacii-obisnuiau-sa-planga-atunci-cand-se-nastea-cineva-si-sa-rada-atunci-cand-cineva-murea\/#respond"]}]},{"@type":"WebPage","@id":"https:\/\/www.lovendal.ro\/wp52\/de-ce-geto-dacii-obisnuiau-sa-planga-atunci-cand-se-nastea-cineva-si-sa-rada-atunci-cand-cineva-murea\/","url":"https:\/\/www.lovendal.ro\/wp52\/de-ce-geto-dacii-obisnuiau-sa-planga-atunci-cand-se-nastea-cineva-si-sa-rada-atunci-cand-cineva-murea\/","name":"De ce geto-dacii obi\u015fnuiau s\u0103 pl\u00e2ng\u0103 atunci c\u00e2nd se n\u0103\u015ftea cineva \u015fi s\u0103 r\u00e2d\u0103 atunci c\u00e2nd cineva murea? - Secretele lui Lovendal","isPartOf":{"@id":"https:\/\/www.lovendal.ro\/wp52\/#website"},"primaryImageOfPage":{"@id":"https:\/\/www.lovendal.ro\/wp52\/de-ce-geto-dacii-obisnuiau-sa-planga-atunci-cand-se-nastea-cineva-si-sa-rada-atunci-cand-cineva-murea\/#primaryimage"},"image":{"@id":"https:\/\/www.lovendal.ro\/wp52\/de-ce-geto-dacii-obisnuiau-sa-planga-atunci-cand-se-nastea-cineva-si-sa-rada-atunci-cand-cineva-murea\/#primaryimage"},"thumbnailUrl":"https:\/\/www.lovendal.ro\/wp52\/wp-content\/uploads\/2023\/06\/Herodot-geto-daci-1.jpg","datePublished":"2023-06-15T07:40:15+00:00","dateModified":"2023-06-16T11:11:34+00:00","breadcrumb":{"@id":"https:\/\/www.lovendal.ro\/wp52\/de-ce-geto-dacii-obisnuiau-sa-planga-atunci-cand-se-nastea-cineva-si-sa-rada-atunci-cand-cineva-murea\/#breadcrumb"},"inLanguage":"ro-RO","potentialAction":[{"@type":"ReadAction","target":["https:\/\/www.lovendal.ro\/wp52\/de-ce-geto-dacii-obisnuiau-sa-planga-atunci-cand-se-nastea-cineva-si-sa-rada-atunci-cand-cineva-murea\/"]}]},{"@type":"ImageObject","inLanguage":"ro-RO","@id":"https:\/\/www.lovendal.ro\/wp52\/de-ce-geto-dacii-obisnuiau-sa-planga-atunci-cand-se-nastea-cineva-si-sa-rada-atunci-cand-cineva-murea\/#primaryimage","url":"https:\/\/www.lovendal.ro\/wp52\/wp-content\/uploads\/2023\/06\/Herodot-geto-daci-1.jpg","contentUrl":"https:\/\/www.lovendal.ro\/wp52\/wp-content\/uploads\/2023\/06\/Herodot-geto-daci-1.jpg","width":350,"height":340},{"@type":"BreadcrumbList","@id":"https:\/\/www.lovendal.ro\/wp52\/de-ce-geto-dacii-obisnuiau-sa-planga-atunci-cand-se-nastea-cineva-si-sa-rada-atunci-cand-cineva-murea\/#breadcrumb","itemListElement":[{"@type":"ListItem","position":1,"name":"Home","item":"https:\/\/www.lovendal.ro\/wp52\/"},{"@type":"ListItem","position":2,"name":"De ce geto-dacii obi\u015fnuiau s\u0103 pl\u00e2ng\u0103 atunci c\u00e2nd se n\u0103\u015ftea cineva \u015fi s\u0103 r\u00e2d\u0103 atunci c\u00e2nd cineva murea?"}]},{"@type":"WebSite","@id":"https:\/\/www.lovendal.ro\/wp52\/#website","url":"https:\/\/www.lovendal.ro\/wp52\/","name":"Secretele lui Lovendal","description":"Site de secrete, stiinta si metafizica - din 2008 -","publisher":{"@id":"https:\/\/www.lovendal.ro\/wp52\/#organization"},"potentialAction":[{"@type":"SearchAction","target":{"@type":"EntryPoint","urlTemplate":"https:\/\/www.lovendal.ro\/wp52\/?s={search_term_string}"},"query-input":{"@type":"PropertyValueSpecification","valueRequired":true,"valueName":"search_term_string"}}],"inLanguage":"ro-RO"},{"@type":"Organization","@id":"https:\/\/www.lovendal.ro\/wp52\/#organization","name":"Secretele lui Lovendal","url":"https:\/\/www.lovendal.ro\/wp52\/","logo":{"@type":"ImageObject","inLanguage":"ro-RO","@id":"https:\/\/www.lovendal.ro\/wp52\/#\/schema\/logo\/image\/","url":"https:\/\/www.lovendal.ro\/wp52\/wp-content\/uploads\/2024\/06\/cropped-SLL-iun-2024-1.jpg","contentUrl":"https:\/\/www.lovendal.ro\/wp52\/wp-content\/uploads\/2024\/06\/cropped-SLL-iun-2024-1.jpg","width":771,"height":240,"caption":"Secretele lui Lovendal"},"image":{"@id":"https:\/\/www.lovendal.ro\/wp52\/#\/schema\/logo\/image\/"},"sameAs":["https:\/\/www.facebook.com\/secreteleluilovendal"]},{"@type":"Person","@id":"https:\/\/www.lovendal.ro\/wp52\/#\/schema\/person\/088691de5dfc346bb0c023e1e52ef5d9","name":"admin","image":{"@type":"ImageObject","inLanguage":"ro-RO","@id":"https:\/\/secure.gravatar.com\/avatar\/ecb9cd41f5f63c9c9b989999a59f6e2639a865ec361e9db054db0679a8f341c2?s=96&d=mm&r=g","url":"https:\/\/secure.gravatar.com\/avatar\/ecb9cd41f5f63c9c9b989999a59f6e2639a865ec361e9db054db0679a8f341c2?s=96&d=mm&r=g","contentUrl":"https:\/\/secure.gravatar.com\/avatar\/ecb9cd41f5f63c9c9b989999a59f6e2639a865ec361e9db054db0679a8f341c2?s=96&d=mm&r=g","caption":"admin"},"sameAs":["https:\/\/www.lovendal.ro\/wp52"]}]}},"_links":{"self":[{"href":"https:\/\/www.lovendal.ro\/wp52\/wp-json\/wp\/v2\/posts\/86095","targetHints":{"allow":["GET"]}}],"collection":[{"href":"https:\/\/www.lovendal.ro\/wp52\/wp-json\/wp\/v2\/posts"}],"about":[{"href":"https:\/\/www.lovendal.ro\/wp52\/wp-json\/wp\/v2\/types\/post"}],"author":[{"embeddable":true,"href":"https:\/\/www.lovendal.ro\/wp52\/wp-json\/wp\/v2\/users\/1"}],"replies":[{"embeddable":true,"href":"https:\/\/www.lovendal.ro\/wp52\/wp-json\/wp\/v2\/comments?post=86095"}],"version-history":[{"count":1,"href":"https:\/\/www.lovendal.ro\/wp52\/wp-json\/wp\/v2\/posts\/86095\/revisions"}],"predecessor-version":[{"id":86097,"href":"https:\/\/www.lovendal.ro\/wp52\/wp-json\/wp\/v2\/posts\/86095\/revisions\/86097"}],"wp:featuredmedia":[{"embeddable":true,"href":"https:\/\/www.lovendal.ro\/wp52\/wp-json\/wp\/v2\/media\/86096"}],"wp:attachment":[{"href":"https:\/\/www.lovendal.ro\/wp52\/wp-json\/wp\/v2\/media?parent=86095"}],"wp:term":[{"taxonomy":"category","embeddable":true,"href":"https:\/\/www.lovendal.ro\/wp52\/wp-json\/wp\/v2\/categories?post=86095"},{"taxonomy":"post_tag","embeddable":true,"href":"https:\/\/www.lovendal.ro\/wp52\/wp-json\/wp\/v2\/tags?post=86095"}],"curies":[{"name":"wp","href":"https:\/\/api.w.org\/{rel}","templated":true}]}}