{"id":85901,"date":"2023-05-25T08:07:02","date_gmt":"2023-05-25T05:07:02","guid":{"rendered":"https:\/\/www.lovendal.ro\/wp52\/?p=85901"},"modified":"2023-05-25T08:07:02","modified_gmt":"2023-05-25T05:07:02","slug":"un-soldat-spaniol-grav-ranit-la-cap-s-a-trezit-si-a-inceput-sa-vada-lumea-invers","status":"publish","type":"post","link":"https:\/\/www.lovendal.ro\/wp52\/un-soldat-spaniol-grav-ranit-la-cap-s-a-trezit-si-a-inceput-sa-vada-lumea-invers\/","title":{"rendered":"Un soldat spaniol, grav r\u0103nit la cap, s-a trezit \u015fi a \u00eenceput s\u0103 vad\u0103 lumea invers"},"content":{"rendered":"<p><a href=\"https:\/\/www.lovendal.ro\/wp52\/wp-content\/uploads\/2023\/05\/soldat-glont-cap.jpg\"><img loading=\"lazy\" decoding=\"async\" class=\"alignleft size-full wp-image-85902\" src=\"https:\/\/www.lovendal.ro\/wp52\/wp-content\/uploads\/2023\/05\/soldat-glont-cap.jpg\" alt=\"\" width=\"359\" height=\"338\" srcset=\"https:\/\/www.lovendal.ro\/wp52\/wp-content\/uploads\/2023\/05\/soldat-glont-cap.jpg 359w, https:\/\/www.lovendal.ro\/wp52\/wp-content\/uploads\/2023\/05\/soldat-glont-cap-300x282.jpg 300w\" sizes=\"auto, (max-width: 359px) 100vw, 359px\" \/><\/a>Cazul unui soldat spaniol care a supravie\u021buit dup\u0103 ce a fost \u00eempu\u0219cat \u00een timpul r\u0103zboiului civil spaniol a intrigat exper\u021bii de ani de zile. T\u00e2n\u0103rul de 25 de ani, care este men\u021bionat doar ca &#8222;Pacientul M&#8221;, a fost internat \u00een spital dup\u0103 ce a fost \u00eempu\u0219cat \u00een cap \u00een timpul r\u0103zboiului civil spaniol din 1938.<\/p>\n<p>Incredibil, \u00een ciuda faptului c\u0103 glon\u021bul i-a trecut clar prin cap \u0219i a ie\u0219it pe cealalt\u0103 parte, soldatul a supravie\u021buit, dar ceea ce a f\u0103cut cazul deosebit de intrigant a fost faptul c\u0103, la trezire, a descoperit c\u0103 totul era invers pentru el.<\/p>\n<p>Potrivit neurologului dr. Justo Gonzalo Rodr\u00edguez-Leal, care a documentat cazul la acea vreme, pacientul M \u00ee\u0219i pierduse o mare parte din vedere \u0219i pu\u021binul r\u0103mas din ea p\u0103rea s\u0103 fie invers, cu oameni \u0219i obiecte ap\u0103r\u00e2nd pe partea opus\u0103 a c\u00e2mpului s\u0103u de vizualizare.<\/p>\n<p>El putea s\u0103 citeasc\u0103 numere \u0219i litere at\u00e2t \u00eenainte, c\u00e2t \u0219i \u00eenapoi, \u00een timp ce percepea lucrurile \u00een duplicat sau \u00een trei exemplare, cu culori ap\u0103r\u00e2nd uneori \u00een afara obiectelor c\u0103rora le apar\u021bineau.<\/p>\n<p>\u00centr-un caz, el a descris c\u0103 a v\u0103zut b\u0103rba\u021bi merg\u00e2nd cu capul \u00een jos pe o schel\u0103, \u00een timp ce \u00eentr-un altul a putut s\u0103 citeasc\u0103 cu u\u0219urin\u021b\u0103 un ziar, indiferent de sensul \u00een care era.<\/p>\n<p>A r\u0103mas un subiect de intrigi medicale timp de mul\u021bi ani \u0219i, \u00een ciuda r\u0103nii suferite, a tr\u0103it c\u00e2teva decenii p\u00e2n\u0103 la moartea sa \u00een anii 1990.<\/p>\n<p><strong>Sursa<\/strong> (traducerea \u015fi adaptarea proprie): <a href=\"https:\/\/www.livescience.com\/health\/neuroscience\/spanish-civil-war-soldier-saw-the-world-backward-after-bullet-pierced-brain-historic-case-report-reveals\" target=\"_blank\" rel=\"noopener\"><strong>livescience.com<\/strong><\/a><\/p>\n","protected":false},"excerpt":{"rendered":"<p>Cazul unui soldat spaniol care a supravie\u021buit dup\u0103 ce a fost \u00eempu\u0219cat \u00een timpul r\u0103zboiului civil spaniol a intrigat exper\u021bii de ani de zile. T\u00e2n\u0103rul de 25 de ani, care este men\u021bionat doar ca &#8222;Pacientul M&#8221;, a fost internat \u00een &#8230; <\/p>\n<p class=\"read-more-container\"><a title=\"Un soldat spaniol, grav r\u0103nit la cap, s-a trezit \u015fi a \u00eenceput s\u0103 vad\u0103 lumea invers\" class=\"read-more button\" href=\"https:\/\/www.lovendal.ro\/wp52\/un-soldat-spaniol-grav-ranit-la-cap-s-a-trezit-si-a-inceput-sa-vada-lumea-invers\/#more-85901\" aria-label=\"Cite\u0219te mai multe despre Un soldat spaniol, grav r\u0103nit la cap, s-a trezit \u015fi a \u00eenceput s\u0103 vad\u0103 lumea invers\">Cititi mai multe<\/a><\/p>\n","protected":false},"author":1,"featured_media":85902,"comment_status":"open","ping_status":"open","sticky":false,"template":"","format":"standard","meta":{"footnotes":""},"categories":[5040],"tags":[9818,1398,877,1915,6978,8992,18315,1658,4937],"class_list":["post-85901","post","type-post","status-publish","format-standard","has-post-thumbnail","hentry","category-bizar","tag-bizar","tag-cap","tag-culori","tag-glonte","tag-litere","tag-neurolog","tag-razboi-civil-spaniol","tag-soldat","tag-ziar","resize-featured-image"],"yoast_head":"<!-- This site is optimized with the Yoast SEO Premium plugin v23.3 (Yoast SEO v27.4) - https:\/\/yoast.com\/product\/yoast-seo-premium-wordpress\/ -->\n<title>Un soldat spaniol, grav r\u0103nit la cap, s-a trezit \u015fi a \u00eenceput s\u0103 vad\u0103 lumea invers - Secretele lui Lovendal<\/title>\n<meta name=\"robots\" content=\"index, follow, max-snippet:-1, max-image-preview:large, max-video-preview:-1\" \/>\n<link rel=\"canonical\" href=\"https:\/\/www.lovendal.ro\/wp52\/un-soldat-spaniol-grav-ranit-la-cap-s-a-trezit-si-a-inceput-sa-vada-lumea-invers\/\" \/>\n<meta property=\"og:locale\" content=\"ro_RO\" \/>\n<meta property=\"og:type\" content=\"article\" \/>\n<meta property=\"og:title\" content=\"Un soldat spaniol, grav r\u0103nit la cap, s-a trezit \u015fi a \u00eenceput s\u0103 vad\u0103 lumea invers\" \/>\n<meta property=\"og:description\" content=\"Cazul unui soldat spaniol care a supravie\u021buit dup\u0103 ce a fost \u00eempu\u0219cat \u00een timpul r\u0103zboiului civil spaniol a intrigat exper\u021bii de ani de zile. T\u00e2n\u0103rul de 25 de ani, care este men\u021bionat doar ca &#8222;Pacientul M&#8221;, a fost internat \u00een ... Cititi mai multe\" \/>\n<meta property=\"og:url\" content=\"https:\/\/www.lovendal.ro\/wp52\/un-soldat-spaniol-grav-ranit-la-cap-s-a-trezit-si-a-inceput-sa-vada-lumea-invers\/\" \/>\n<meta property=\"og:site_name\" content=\"Secretele lui Lovendal\" \/>\n<meta property=\"article:publisher\" content=\"https:\/\/www.facebook.com\/secreteleluilovendal\" \/>\n<meta property=\"article:published_time\" content=\"2023-05-25T05:07:02+00:00\" \/>\n<meta property=\"og:image\" content=\"https:\/\/www.lovendal.ro\/wp52\/wp-content\/uploads\/2023\/05\/soldat-glont-cap.jpg\" \/>\n\t<meta property=\"og:image:width\" content=\"359\" \/>\n\t<meta property=\"og:image:height\" content=\"338\" \/>\n\t<meta property=\"og:image:type\" content=\"image\/jpeg\" \/>\n<meta name=\"author\" content=\"admin\" \/>\n<meta name=\"twitter:card\" content=\"summary_large_image\" \/>\n<meta name=\"twitter:label1\" content=\"Scris de\" \/>\n\t<meta name=\"twitter:data1\" content=\"admin\" \/>\n\t<meta name=\"twitter:label2\" content=\"Timp estimat pentru citire\" \/>\n\t<meta name=\"twitter:data2\" content=\"1 minut\" \/>\n<script type=\"application\/ld+json\" class=\"yoast-schema-graph\">{\"@context\":\"https:\\\/\\\/schema.org\",\"@graph\":[{\"@type\":\"Article\",\"@id\":\"https:\\\/\\\/www.lovendal.ro\\\/wp52\\\/un-soldat-spaniol-grav-ranit-la-cap-s-a-trezit-si-a-inceput-sa-vada-lumea-invers\\\/#article\",\"isPartOf\":{\"@id\":\"https:\\\/\\\/www.lovendal.ro\\\/wp52\\\/un-soldat-spaniol-grav-ranit-la-cap-s-a-trezit-si-a-inceput-sa-vada-lumea-invers\\\/\"},\"author\":{\"name\":\"admin\",\"@id\":\"https:\\\/\\\/www.lovendal.ro\\\/wp52\\\/#\\\/schema\\\/person\\\/088691de5dfc346bb0c023e1e52ef5d9\"},\"headline\":\"Un soldat spaniol, grav r\u0103nit la cap, s-a trezit \u015fi a \u00eenceput s\u0103 vad\u0103 lumea invers\",\"datePublished\":\"2023-05-25T05:07:02+00:00\",\"mainEntityOfPage\":{\"@id\":\"https:\\\/\\\/www.lovendal.ro\\\/wp52\\\/un-soldat-spaniol-grav-ranit-la-cap-s-a-trezit-si-a-inceput-sa-vada-lumea-invers\\\/\"},\"wordCount\":297,\"commentCount\":0,\"publisher\":{\"@id\":\"https:\\\/\\\/www.lovendal.ro\\\/wp52\\\/#organization\"},\"image\":{\"@id\":\"https:\\\/\\\/www.lovendal.ro\\\/wp52\\\/un-soldat-spaniol-grav-ranit-la-cap-s-a-trezit-si-a-inceput-sa-vada-lumea-invers\\\/#primaryimage\"},\"thumbnailUrl\":\"https:\\\/\\\/www.lovendal.ro\\\/wp52\\\/wp-content\\\/uploads\\\/2023\\\/05\\\/soldat-glont-cap.jpg\",\"keywords\":[\"Bizar\",\"cap\",\"culori\",\"glonte\",\"litere\",\"neurolog\",\"r\u0103zboi civil spaniol\",\"soldat\",\"ziar\"],\"articleSection\":[\"Bizar\"],\"inLanguage\":\"ro-RO\",\"potentialAction\":[{\"@type\":\"CommentAction\",\"name\":\"Comment\",\"target\":[\"https:\\\/\\\/www.lovendal.ro\\\/wp52\\\/un-soldat-spaniol-grav-ranit-la-cap-s-a-trezit-si-a-inceput-sa-vada-lumea-invers\\\/#respond\"]}]},{\"@type\":\"WebPage\",\"@id\":\"https:\\\/\\\/www.lovendal.ro\\\/wp52\\\/un-soldat-spaniol-grav-ranit-la-cap-s-a-trezit-si-a-inceput-sa-vada-lumea-invers\\\/\",\"url\":\"https:\\\/\\\/www.lovendal.ro\\\/wp52\\\/un-soldat-spaniol-grav-ranit-la-cap-s-a-trezit-si-a-inceput-sa-vada-lumea-invers\\\/\",\"name\":\"Un soldat spaniol, grav r\u0103nit la cap, s-a trezit \u015fi a \u00eenceput s\u0103 vad\u0103 lumea invers - Secretele lui Lovendal\",\"isPartOf\":{\"@id\":\"https:\\\/\\\/www.lovendal.ro\\\/wp52\\\/#website\"},\"primaryImageOfPage\":{\"@id\":\"https:\\\/\\\/www.lovendal.ro\\\/wp52\\\/un-soldat-spaniol-grav-ranit-la-cap-s-a-trezit-si-a-inceput-sa-vada-lumea-invers\\\/#primaryimage\"},\"image\":{\"@id\":\"https:\\\/\\\/www.lovendal.ro\\\/wp52\\\/un-soldat-spaniol-grav-ranit-la-cap-s-a-trezit-si-a-inceput-sa-vada-lumea-invers\\\/#primaryimage\"},\"thumbnailUrl\":\"https:\\\/\\\/www.lovendal.ro\\\/wp52\\\/wp-content\\\/uploads\\\/2023\\\/05\\\/soldat-glont-cap.jpg\",\"datePublished\":\"2023-05-25T05:07:02+00:00\",\"breadcrumb\":{\"@id\":\"https:\\\/\\\/www.lovendal.ro\\\/wp52\\\/un-soldat-spaniol-grav-ranit-la-cap-s-a-trezit-si-a-inceput-sa-vada-lumea-invers\\\/#breadcrumb\"},\"inLanguage\":\"ro-RO\",\"potentialAction\":[{\"@type\":\"ReadAction\",\"target\":[\"https:\\\/\\\/www.lovendal.ro\\\/wp52\\\/un-soldat-spaniol-grav-ranit-la-cap-s-a-trezit-si-a-inceput-sa-vada-lumea-invers\\\/\"]}]},{\"@type\":\"ImageObject\",\"inLanguage\":\"ro-RO\",\"@id\":\"https:\\\/\\\/www.lovendal.ro\\\/wp52\\\/un-soldat-spaniol-grav-ranit-la-cap-s-a-trezit-si-a-inceput-sa-vada-lumea-invers\\\/#primaryimage\",\"url\":\"https:\\\/\\\/www.lovendal.ro\\\/wp52\\\/wp-content\\\/uploads\\\/2023\\\/05\\\/soldat-glont-cap.jpg\",\"contentUrl\":\"https:\\\/\\\/www.lovendal.ro\\\/wp52\\\/wp-content\\\/uploads\\\/2023\\\/05\\\/soldat-glont-cap.jpg\",\"width\":359,\"height\":338},{\"@type\":\"BreadcrumbList\",\"@id\":\"https:\\\/\\\/www.lovendal.ro\\\/wp52\\\/un-soldat-spaniol-grav-ranit-la-cap-s-a-trezit-si-a-inceput-sa-vada-lumea-invers\\\/#breadcrumb\",\"itemListElement\":[{\"@type\":\"ListItem\",\"position\":1,\"name\":\"Home\",\"item\":\"https:\\\/\\\/www.lovendal.ro\\\/wp52\\\/\"},{\"@type\":\"ListItem\",\"position\":2,\"name\":\"Un soldat spaniol, grav r\u0103nit la cap, s-a trezit \u015fi a \u00eenceput s\u0103 vad\u0103 lumea invers\"}]},{\"@type\":\"WebSite\",\"@id\":\"https:\\\/\\\/www.lovendal.ro\\\/wp52\\\/#website\",\"url\":\"https:\\\/\\\/www.lovendal.ro\\\/wp52\\\/\",\"name\":\"Secretele lui Lovendal\",\"description\":\"Site de secrete, stiinta si metafizica - din 2008 -\",\"publisher\":{\"@id\":\"https:\\\/\\\/www.lovendal.ro\\\/wp52\\\/#organization\"},\"potentialAction\":[{\"@type\":\"SearchAction\",\"target\":{\"@type\":\"EntryPoint\",\"urlTemplate\":\"https:\\\/\\\/www.lovendal.ro\\\/wp52\\\/?s={search_term_string}\"},\"query-input\":{\"@type\":\"PropertyValueSpecification\",\"valueRequired\":true,\"valueName\":\"search_term_string\"}}],\"inLanguage\":\"ro-RO\"},{\"@type\":\"Organization\",\"@id\":\"https:\\\/\\\/www.lovendal.ro\\\/wp52\\\/#organization\",\"name\":\"Secretele lui Lovendal\",\"url\":\"https:\\\/\\\/www.lovendal.ro\\\/wp52\\\/\",\"logo\":{\"@type\":\"ImageObject\",\"inLanguage\":\"ro-RO\",\"@id\":\"https:\\\/\\\/www.lovendal.ro\\\/wp52\\\/#\\\/schema\\\/logo\\\/image\\\/\",\"url\":\"https:\\\/\\\/www.lovendal.ro\\\/wp52\\\/wp-content\\\/uploads\\\/2024\\\/06\\\/cropped-SLL-iun-2024-1.jpg\",\"contentUrl\":\"https:\\\/\\\/www.lovendal.ro\\\/wp52\\\/wp-content\\\/uploads\\\/2024\\\/06\\\/cropped-SLL-iun-2024-1.jpg\",\"width\":771,\"height\":240,\"caption\":\"Secretele lui Lovendal\"},\"image\":{\"@id\":\"https:\\\/\\\/www.lovendal.ro\\\/wp52\\\/#\\\/schema\\\/logo\\\/image\\\/\"},\"sameAs\":[\"https:\\\/\\\/www.facebook.com\\\/secreteleluilovendal\"]},{\"@type\":\"Person\",\"@id\":\"https:\\\/\\\/www.lovendal.ro\\\/wp52\\\/#\\\/schema\\\/person\\\/088691de5dfc346bb0c023e1e52ef5d9\",\"name\":\"admin\",\"image\":{\"@type\":\"ImageObject\",\"inLanguage\":\"ro-RO\",\"@id\":\"https:\\\/\\\/secure.gravatar.com\\\/avatar\\\/ecb9cd41f5f63c9c9b989999a59f6e2639a865ec361e9db054db0679a8f341c2?s=96&d=mm&r=g\",\"url\":\"https:\\\/\\\/secure.gravatar.com\\\/avatar\\\/ecb9cd41f5f63c9c9b989999a59f6e2639a865ec361e9db054db0679a8f341c2?s=96&d=mm&r=g\",\"contentUrl\":\"https:\\\/\\\/secure.gravatar.com\\\/avatar\\\/ecb9cd41f5f63c9c9b989999a59f6e2639a865ec361e9db054db0679a8f341c2?s=96&d=mm&r=g\",\"caption\":\"admin\"},\"sameAs\":[\"https:\\\/\\\/www.lovendal.ro\\\/wp52\"]}]}<\/script>\n<!-- \/ Yoast SEO Premium plugin. -->","yoast_head_json":{"title":"Un soldat spaniol, grav r\u0103nit la cap, s-a trezit \u015fi a \u00eenceput s\u0103 vad\u0103 lumea invers - Secretele lui Lovendal","robots":{"index":"index","follow":"follow","max-snippet":"max-snippet:-1","max-image-preview":"max-image-preview:large","max-video-preview":"max-video-preview:-1"},"canonical":"https:\/\/www.lovendal.ro\/wp52\/un-soldat-spaniol-grav-ranit-la-cap-s-a-trezit-si-a-inceput-sa-vada-lumea-invers\/","og_locale":"ro_RO","og_type":"article","og_title":"Un soldat spaniol, grav r\u0103nit la cap, s-a trezit \u015fi a \u00eenceput s\u0103 vad\u0103 lumea invers","og_description":"Cazul unui soldat spaniol care a supravie\u021buit dup\u0103 ce a fost \u00eempu\u0219cat \u00een timpul r\u0103zboiului civil spaniol a intrigat exper\u021bii de ani de zile. T\u00e2n\u0103rul de 25 de ani, care este men\u021bionat doar ca &#8222;Pacientul M&#8221;, a fost internat \u00een ... Cititi mai multe","og_url":"https:\/\/www.lovendal.ro\/wp52\/un-soldat-spaniol-grav-ranit-la-cap-s-a-trezit-si-a-inceput-sa-vada-lumea-invers\/","og_site_name":"Secretele lui Lovendal","article_publisher":"https:\/\/www.facebook.com\/secreteleluilovendal","article_published_time":"2023-05-25T05:07:02+00:00","og_image":[{"width":359,"height":338,"url":"https:\/\/www.lovendal.ro\/wp52\/wp-content\/uploads\/2023\/05\/soldat-glont-cap.jpg","type":"image\/jpeg"}],"author":"admin","twitter_card":"summary_large_image","twitter_misc":{"Scris de":"admin","Timp estimat pentru citire":"1 minut"},"schema":{"@context":"https:\/\/schema.org","@graph":[{"@type":"Article","@id":"https:\/\/www.lovendal.ro\/wp52\/un-soldat-spaniol-grav-ranit-la-cap-s-a-trezit-si-a-inceput-sa-vada-lumea-invers\/#article","isPartOf":{"@id":"https:\/\/www.lovendal.ro\/wp52\/un-soldat-spaniol-grav-ranit-la-cap-s-a-trezit-si-a-inceput-sa-vada-lumea-invers\/"},"author":{"name":"admin","@id":"https:\/\/www.lovendal.ro\/wp52\/#\/schema\/person\/088691de5dfc346bb0c023e1e52ef5d9"},"headline":"Un soldat spaniol, grav r\u0103nit la cap, s-a trezit \u015fi a \u00eenceput s\u0103 vad\u0103 lumea invers","datePublished":"2023-05-25T05:07:02+00:00","mainEntityOfPage":{"@id":"https:\/\/www.lovendal.ro\/wp52\/un-soldat-spaniol-grav-ranit-la-cap-s-a-trezit-si-a-inceput-sa-vada-lumea-invers\/"},"wordCount":297,"commentCount":0,"publisher":{"@id":"https:\/\/www.lovendal.ro\/wp52\/#organization"},"image":{"@id":"https:\/\/www.lovendal.ro\/wp52\/un-soldat-spaniol-grav-ranit-la-cap-s-a-trezit-si-a-inceput-sa-vada-lumea-invers\/#primaryimage"},"thumbnailUrl":"https:\/\/www.lovendal.ro\/wp52\/wp-content\/uploads\/2023\/05\/soldat-glont-cap.jpg","keywords":["Bizar","cap","culori","glonte","litere","neurolog","r\u0103zboi civil spaniol","soldat","ziar"],"articleSection":["Bizar"],"inLanguage":"ro-RO","potentialAction":[{"@type":"CommentAction","name":"Comment","target":["https:\/\/www.lovendal.ro\/wp52\/un-soldat-spaniol-grav-ranit-la-cap-s-a-trezit-si-a-inceput-sa-vada-lumea-invers\/#respond"]}]},{"@type":"WebPage","@id":"https:\/\/www.lovendal.ro\/wp52\/un-soldat-spaniol-grav-ranit-la-cap-s-a-trezit-si-a-inceput-sa-vada-lumea-invers\/","url":"https:\/\/www.lovendal.ro\/wp52\/un-soldat-spaniol-grav-ranit-la-cap-s-a-trezit-si-a-inceput-sa-vada-lumea-invers\/","name":"Un soldat spaniol, grav r\u0103nit la cap, s-a trezit \u015fi a \u00eenceput s\u0103 vad\u0103 lumea invers - Secretele lui Lovendal","isPartOf":{"@id":"https:\/\/www.lovendal.ro\/wp52\/#website"},"primaryImageOfPage":{"@id":"https:\/\/www.lovendal.ro\/wp52\/un-soldat-spaniol-grav-ranit-la-cap-s-a-trezit-si-a-inceput-sa-vada-lumea-invers\/#primaryimage"},"image":{"@id":"https:\/\/www.lovendal.ro\/wp52\/un-soldat-spaniol-grav-ranit-la-cap-s-a-trezit-si-a-inceput-sa-vada-lumea-invers\/#primaryimage"},"thumbnailUrl":"https:\/\/www.lovendal.ro\/wp52\/wp-content\/uploads\/2023\/05\/soldat-glont-cap.jpg","datePublished":"2023-05-25T05:07:02+00:00","breadcrumb":{"@id":"https:\/\/www.lovendal.ro\/wp52\/un-soldat-spaniol-grav-ranit-la-cap-s-a-trezit-si-a-inceput-sa-vada-lumea-invers\/#breadcrumb"},"inLanguage":"ro-RO","potentialAction":[{"@type":"ReadAction","target":["https:\/\/www.lovendal.ro\/wp52\/un-soldat-spaniol-grav-ranit-la-cap-s-a-trezit-si-a-inceput-sa-vada-lumea-invers\/"]}]},{"@type":"ImageObject","inLanguage":"ro-RO","@id":"https:\/\/www.lovendal.ro\/wp52\/un-soldat-spaniol-grav-ranit-la-cap-s-a-trezit-si-a-inceput-sa-vada-lumea-invers\/#primaryimage","url":"https:\/\/www.lovendal.ro\/wp52\/wp-content\/uploads\/2023\/05\/soldat-glont-cap.jpg","contentUrl":"https:\/\/www.lovendal.ro\/wp52\/wp-content\/uploads\/2023\/05\/soldat-glont-cap.jpg","width":359,"height":338},{"@type":"BreadcrumbList","@id":"https:\/\/www.lovendal.ro\/wp52\/un-soldat-spaniol-grav-ranit-la-cap-s-a-trezit-si-a-inceput-sa-vada-lumea-invers\/#breadcrumb","itemListElement":[{"@type":"ListItem","position":1,"name":"Home","item":"https:\/\/www.lovendal.ro\/wp52\/"},{"@type":"ListItem","position":2,"name":"Un soldat spaniol, grav r\u0103nit la cap, s-a trezit \u015fi a \u00eenceput s\u0103 vad\u0103 lumea invers"}]},{"@type":"WebSite","@id":"https:\/\/www.lovendal.ro\/wp52\/#website","url":"https:\/\/www.lovendal.ro\/wp52\/","name":"Secretele lui Lovendal","description":"Site de secrete, stiinta si metafizica - din 2008 -","publisher":{"@id":"https:\/\/www.lovendal.ro\/wp52\/#organization"},"potentialAction":[{"@type":"SearchAction","target":{"@type":"EntryPoint","urlTemplate":"https:\/\/www.lovendal.ro\/wp52\/?s={search_term_string}"},"query-input":{"@type":"PropertyValueSpecification","valueRequired":true,"valueName":"search_term_string"}}],"inLanguage":"ro-RO"},{"@type":"Organization","@id":"https:\/\/www.lovendal.ro\/wp52\/#organization","name":"Secretele lui Lovendal","url":"https:\/\/www.lovendal.ro\/wp52\/","logo":{"@type":"ImageObject","inLanguage":"ro-RO","@id":"https:\/\/www.lovendal.ro\/wp52\/#\/schema\/logo\/image\/","url":"https:\/\/www.lovendal.ro\/wp52\/wp-content\/uploads\/2024\/06\/cropped-SLL-iun-2024-1.jpg","contentUrl":"https:\/\/www.lovendal.ro\/wp52\/wp-content\/uploads\/2024\/06\/cropped-SLL-iun-2024-1.jpg","width":771,"height":240,"caption":"Secretele lui Lovendal"},"image":{"@id":"https:\/\/www.lovendal.ro\/wp52\/#\/schema\/logo\/image\/"},"sameAs":["https:\/\/www.facebook.com\/secreteleluilovendal"]},{"@type":"Person","@id":"https:\/\/www.lovendal.ro\/wp52\/#\/schema\/person\/088691de5dfc346bb0c023e1e52ef5d9","name":"admin","image":{"@type":"ImageObject","inLanguage":"ro-RO","@id":"https:\/\/secure.gravatar.com\/avatar\/ecb9cd41f5f63c9c9b989999a59f6e2639a865ec361e9db054db0679a8f341c2?s=96&d=mm&r=g","url":"https:\/\/secure.gravatar.com\/avatar\/ecb9cd41f5f63c9c9b989999a59f6e2639a865ec361e9db054db0679a8f341c2?s=96&d=mm&r=g","contentUrl":"https:\/\/secure.gravatar.com\/avatar\/ecb9cd41f5f63c9c9b989999a59f6e2639a865ec361e9db054db0679a8f341c2?s=96&d=mm&r=g","caption":"admin"},"sameAs":["https:\/\/www.lovendal.ro\/wp52"]}]}},"_links":{"self":[{"href":"https:\/\/www.lovendal.ro\/wp52\/wp-json\/wp\/v2\/posts\/85901","targetHints":{"allow":["GET"]}}],"collection":[{"href":"https:\/\/www.lovendal.ro\/wp52\/wp-json\/wp\/v2\/posts"}],"about":[{"href":"https:\/\/www.lovendal.ro\/wp52\/wp-json\/wp\/v2\/types\/post"}],"author":[{"embeddable":true,"href":"https:\/\/www.lovendal.ro\/wp52\/wp-json\/wp\/v2\/users\/1"}],"replies":[{"embeddable":true,"href":"https:\/\/www.lovendal.ro\/wp52\/wp-json\/wp\/v2\/comments?post=85901"}],"version-history":[{"count":1,"href":"https:\/\/www.lovendal.ro\/wp52\/wp-json\/wp\/v2\/posts\/85901\/revisions"}],"predecessor-version":[{"id":85903,"href":"https:\/\/www.lovendal.ro\/wp52\/wp-json\/wp\/v2\/posts\/85901\/revisions\/85903"}],"wp:featuredmedia":[{"embeddable":true,"href":"https:\/\/www.lovendal.ro\/wp52\/wp-json\/wp\/v2\/media\/85902"}],"wp:attachment":[{"href":"https:\/\/www.lovendal.ro\/wp52\/wp-json\/wp\/v2\/media?parent=85901"}],"wp:term":[{"taxonomy":"category","embeddable":true,"href":"https:\/\/www.lovendal.ro\/wp52\/wp-json\/wp\/v2\/categories?post=85901"},{"taxonomy":"post_tag","embeddable":true,"href":"https:\/\/www.lovendal.ro\/wp52\/wp-json\/wp\/v2\/tags?post=85901"}],"curies":[{"name":"wp","href":"https:\/\/api.w.org\/{rel}","templated":true}]}}