{"id":85606,"date":"2023-05-15T17:05:24","date_gmt":"2023-05-15T14:05:24","guid":{"rendered":"https:\/\/www.lovendal.ro\/wp52\/?p=85606"},"modified":"2023-05-15T17:05:24","modified_gmt":"2023-05-15T14:05:24","slug":"profetul-isaia-se-plimba-cu-o-nava-spatiala-ce-mergea-apropiat-cu-viteza-luminii-atunci-de-ce-ni-se-vorbeste-cu-mii-de-ani-in-urma-de-teoria-relativitatii-timpului","status":"publish","type":"post","link":"https:\/\/www.lovendal.ro\/wp52\/profetul-isaia-se-plimba-cu-o-nava-spatiala-ce-mergea-apropiat-cu-viteza-luminii-atunci-de-ce-ni-se-vorbeste-cu-mii-de-ani-in-urma-de-teoria-relativitatii-timpului\/","title":{"rendered":"Profetul Isaia se plimba cu o nav\u0103 spa\u0163ial\u0103 ce mergea apropiat cu viteza luminii? Atunci, de ce ni se vorbe\u015fte cu mii de ani \u00een urm\u0103 de teoria relativit\u0103\u0163ii timpului?"},"content":{"rendered":"<p><a href=\"https:\/\/www.lovendal.ro\/wp52\/wp-content\/uploads\/2023\/05\/profet-Isaia-relativitatea-timpului.jpg\"><img loading=\"lazy\" decoding=\"async\" class=\"alignleft size-full wp-image-85607\" src=\"https:\/\/www.lovendal.ro\/wp52\/wp-content\/uploads\/2023\/05\/profet-Isaia-relativitatea-timpului.jpg\" alt=\"\" width=\"364\" height=\"205\" srcset=\"https:\/\/www.lovendal.ro\/wp52\/wp-content\/uploads\/2023\/05\/profet-Isaia-relativitatea-timpului.jpg 364w, https:\/\/www.lovendal.ro\/wp52\/wp-content\/uploads\/2023\/05\/profet-Isaia-relativitatea-timpului-300x169.jpg 300w\" sizes=\"auto, (max-width: 364px) 100vw, 364px\" \/><\/a>Conform teoriei relativit\u0103\u0163ii generale a lui Einstein, timpul este \u015fi el o m\u0103rime relativ\u0103: dac\u0103 un astronaut ar merge cu o nav\u0103 spa\u0163ial\u0103 ce se apropie de viteza luminii, pentru el timpul ar \u00eencetini foarte mult, \u00een timp ce pentru restul muritorilor de pe Terra timpul s-ar scurge la fel. De exemplu, dac\u0103 deplasarea se va face p\u00e2n\u0103 c\u0103tre centrul galaxiei noastre (situat la 30.000 de ani-lumin\u0103 fa\u021b\u0103 de sistemul nostru solar) la viteze apropiate de valoarea-limit\u0103 a luminii, \u00een timp ce pe P\u0103m\u00e2nt ar fi vie\u021buit mii \u0219i mii de genera\u021bii, astronau\u021bii din nava spa\u0163ial\u0103 ar \u00eemb\u0103tr\u00e2ni cu doar 19 ani!<\/p>\n<p>De aceea, \u0163in\u00e2nd cont de faptul c\u0103 teoria relativit\u0103\u0163ii a fost descoperit\u0103 abia la \u00eenceputul secolului al XX-lea, de unde \u015ftiau anticii \u015fi popoarele biblice de aceast\u0103 lege? C\u0103ci iat\u0103 ce text putem \u00eent\u00e2lni \u00een <em>Vedenia profetului Isaia<\/em> (o lucrare r\u0103mas\u0103 apocrif\u0103, fiind eliminat\u0103 din cadrul C\u0103r\u021bii canonice <em>Isaia<\/em> din Vechiul Testament al Bibliei):<\/p>\n<p><em>&#8222;\u0218i s-a c\u0103it Isaia de \u00eendoiala sa. Atunci \u00eengerul care \u00eei fusese dat s\u0103-l \u00eenso\u021beasc\u0103 \u00een ceruri a zis: &#8222;Te vei \u00eentoarce acum pe P\u0103m\u00e2nt, printre ai t\u0103i\u201d. Dar Isaia a spus: &#8222;Pentru ce a\u0219a cur\u00e2nd? C\u0103ci la tine aici numai dou\u0103 ceasuri am stat!&#8221;. I-a r\u0103spuns lui \u00eengerul: &#8222;Nu dou\u0103 ceasuri ai stat, ci treizeci \u0219i doi de ani&#8221;. \u0218i, \u00eenfrico\u0219at, a rostit Isaia c\u0103tre \u00eengerul care era cu el: &#8222;Pentru ce dar s\u0103 m\u0103 \u00eentorc \u00eentru trupul meu cel ofilit \u0219i b\u0103tr\u00e2n?&#8221;, \u0219i s-a \u00eentristat Isaia foarte. Atunci \u00eengerul a spus: &#8222;Nu te \u00eentrista, c\u0103ci nu vei fi b\u0103tr\u00e2n&#8221;&#8221;.<\/em><\/p>\n<p>A\u015fadar, e c\u00e2t se poate de clar c\u0103 o civiliza\u0163ie antic\u0103 uman\u0103 a intrat \u00een contact cu una extraterestr\u0103, care folosea nave cosmice ce zburau cu viteze apropiate de viteza luminii &#8211; de aici \u015fi teoria relativit\u0103\u0163ii timpului&#8230;<\/p>\n","protected":false},"excerpt":{"rendered":"<p>Conform teoriei relativit\u0103\u0163ii generale a lui Einstein, timpul este \u015fi el o m\u0103rime relativ\u0103: dac\u0103 un astronaut ar merge cu o nav\u0103 spa\u0163ial\u0103 ce se apropie de viteza luminii, pentru el timpul ar \u00eencetini foarte mult, \u00een timp ce pentru &#8230; <\/p>\n<p class=\"read-more-container\"><a title=\"Profetul Isaia se plimba cu o nav\u0103 spa\u0163ial\u0103 ce mergea apropiat cu viteza luminii? Atunci, de ce ni se vorbe\u015fte cu mii de ani \u00een urm\u0103 de teoria relativit\u0103\u0163ii timpului?\" class=\"read-more button\" href=\"https:\/\/www.lovendal.ro\/wp52\/profetul-isaia-se-plimba-cu-o-nava-spatiala-ce-mergea-apropiat-cu-viteza-luminii-atunci-de-ce-ni-se-vorbeste-cu-mii-de-ani-in-urma-de-teoria-relativitatii-timpului\/#more-85606\" aria-label=\"Cite\u0219te mai multe despre Profetul Isaia se plimba cu o nav\u0103 spa\u0163ial\u0103 ce mergea apropiat cu viteza luminii? Atunci, de ce ni se vorbe\u015fte cu mii de ani \u00een urm\u0103 de teoria relativit\u0103\u0163ii timpului?\">Cititi mai multe<\/a><\/p>\n","protected":false},"author":1,"featured_media":85607,"comment_status":"open","ping_status":"open","sticky":false,"template":"","format":"standard","meta":{"footnotes":""},"categories":[14],"tags":[7113,60,1027,610,51,433,3694,1324,9796,3131,3417,1104,300,789,2628,2916],"class_list":["post-85606","post","type-post","status-publish","format-standard","has-post-thumbnail","hentry","category-paranormal-spiritualitate","tag-astronauti","tag-biblie","tag-civilizatie","tag-einstein","tag-extraterestri","tag-galaxie","tag-isaia","tag-nava-spatiala","tag-paranormal-spiritualitate","tag-profet","tag-sistem-solar","tag-teoria-relativitatii","tag-terra","tag-timp","tag-vechiul-testament","tag-viteza-luminii","resize-featured-image"],"yoast_head":"<!-- This site is optimized with the Yoast SEO Premium plugin v23.3 (Yoast SEO v27.4) - https:\/\/yoast.com\/product\/yoast-seo-premium-wordpress\/ -->\n<title>Profetul Isaia se plimba cu o nav\u0103 spa\u0163ial\u0103 ce mergea apropiat cu viteza luminii? Atunci, de ce ni se vorbe\u015fte cu mii de ani \u00een urm\u0103 de teoria relativit\u0103\u0163ii timpului? - Secretele lui Lovendal<\/title>\n<meta name=\"robots\" content=\"index, follow, max-snippet:-1, max-image-preview:large, max-video-preview:-1\" \/>\n<link rel=\"canonical\" href=\"https:\/\/www.lovendal.ro\/wp52\/profetul-isaia-se-plimba-cu-o-nava-spatiala-ce-mergea-apropiat-cu-viteza-luminii-atunci-de-ce-ni-se-vorbeste-cu-mii-de-ani-in-urma-de-teoria-relativitatii-timpului\/\" \/>\n<meta property=\"og:locale\" content=\"ro_RO\" \/>\n<meta property=\"og:type\" content=\"article\" \/>\n<meta property=\"og:title\" content=\"Profetul Isaia se plimba cu o nav\u0103 spa\u0163ial\u0103 ce mergea apropiat cu viteza luminii? Atunci, de ce ni se vorbe\u015fte cu mii de ani \u00een urm\u0103 de teoria relativit\u0103\u0163ii timpului?\" \/>\n<meta property=\"og:description\" content=\"Conform teoriei relativit\u0103\u0163ii generale a lui Einstein, timpul este \u015fi el o m\u0103rime relativ\u0103: dac\u0103 un astronaut ar merge cu o nav\u0103 spa\u0163ial\u0103 ce se apropie de viteza luminii, pentru el timpul ar \u00eencetini foarte mult, \u00een timp ce pentru ... Cititi mai multe\" \/>\n<meta property=\"og:url\" content=\"https:\/\/www.lovendal.ro\/wp52\/profetul-isaia-se-plimba-cu-o-nava-spatiala-ce-mergea-apropiat-cu-viteza-luminii-atunci-de-ce-ni-se-vorbeste-cu-mii-de-ani-in-urma-de-teoria-relativitatii-timpului\/\" \/>\n<meta property=\"og:site_name\" content=\"Secretele lui Lovendal\" \/>\n<meta property=\"article:publisher\" content=\"https:\/\/www.facebook.com\/secreteleluilovendal\" \/>\n<meta property=\"article:published_time\" content=\"2023-05-15T14:05:24+00:00\" \/>\n<meta property=\"og:image\" content=\"https:\/\/www.lovendal.ro\/wp52\/wp-content\/uploads\/2023\/05\/profet-Isaia-relativitatea-timpului.jpg\" \/>\n\t<meta property=\"og:image:width\" content=\"364\" \/>\n\t<meta property=\"og:image:height\" content=\"205\" \/>\n\t<meta property=\"og:image:type\" content=\"image\/jpeg\" \/>\n<meta name=\"author\" content=\"admin\" \/>\n<meta name=\"twitter:card\" content=\"summary_large_image\" \/>\n<meta name=\"twitter:label1\" content=\"Scris de\" \/>\n\t<meta name=\"twitter:data1\" content=\"admin\" \/>\n\t<meta name=\"twitter:label2\" content=\"Timp estimat pentru citire\" \/>\n\t<meta name=\"twitter:data2\" content=\"2 minute\" \/>\n<script type=\"application\/ld+json\" class=\"yoast-schema-graph\">{\"@context\":\"https:\\\/\\\/schema.org\",\"@graph\":[{\"@type\":\"Article\",\"@id\":\"https:\\\/\\\/www.lovendal.ro\\\/wp52\\\/profetul-isaia-se-plimba-cu-o-nava-spatiala-ce-mergea-apropiat-cu-viteza-luminii-atunci-de-ce-ni-se-vorbeste-cu-mii-de-ani-in-urma-de-teoria-relativitatii-timpului\\\/#article\",\"isPartOf\":{\"@id\":\"https:\\\/\\\/www.lovendal.ro\\\/wp52\\\/profetul-isaia-se-plimba-cu-o-nava-spatiala-ce-mergea-apropiat-cu-viteza-luminii-atunci-de-ce-ni-se-vorbeste-cu-mii-de-ani-in-urma-de-teoria-relativitatii-timpului\\\/\"},\"author\":{\"name\":\"admin\",\"@id\":\"https:\\\/\\\/www.lovendal.ro\\\/wp52\\\/#\\\/schema\\\/person\\\/088691de5dfc346bb0c023e1e52ef5d9\"},\"headline\":\"Profetul Isaia se plimba cu o nav\u0103 spa\u0163ial\u0103 ce mergea apropiat cu viteza luminii? Atunci, de ce ni se vorbe\u015fte cu mii de ani \u00een urm\u0103 de teoria relativit\u0103\u0163ii timpului?\",\"datePublished\":\"2023-05-15T14:05:24+00:00\",\"mainEntityOfPage\":{\"@id\":\"https:\\\/\\\/www.lovendal.ro\\\/wp52\\\/profetul-isaia-se-plimba-cu-o-nava-spatiala-ce-mergea-apropiat-cu-viteza-luminii-atunci-de-ce-ni-se-vorbeste-cu-mii-de-ani-in-urma-de-teoria-relativitatii-timpului\\\/\"},\"wordCount\":367,\"commentCount\":0,\"publisher\":{\"@id\":\"https:\\\/\\\/www.lovendal.ro\\\/wp52\\\/#organization\"},\"image\":{\"@id\":\"https:\\\/\\\/www.lovendal.ro\\\/wp52\\\/profetul-isaia-se-plimba-cu-o-nava-spatiala-ce-mergea-apropiat-cu-viteza-luminii-atunci-de-ce-ni-se-vorbeste-cu-mii-de-ani-in-urma-de-teoria-relativitatii-timpului\\\/#primaryimage\"},\"thumbnailUrl\":\"https:\\\/\\\/www.lovendal.ro\\\/wp52\\\/wp-content\\\/uploads\\\/2023\\\/05\\\/profet-Isaia-relativitatea-timpului.jpg\",\"keywords\":[\"astronau\u0163i\",\"Biblie\",\"civiliza\u0163ie\",\"Einstein\",\"extratere\u015ftri\",\"galaxie\",\"Isaia\",\"nav\u0103 spa\u0163ial\u0103\",\"Paranormal-Spiritualitate\",\"profet\",\"sistem solar\",\"teoria relativit\u0103\u0163ii\",\"Terra\",\"timp\",\"Vechiul Testament\",\"viteza luminii\"],\"articleSection\":[\"Paranormal-Spiritualitate\"],\"inLanguage\":\"ro-RO\",\"potentialAction\":[{\"@type\":\"CommentAction\",\"name\":\"Comment\",\"target\":[\"https:\\\/\\\/www.lovendal.ro\\\/wp52\\\/profetul-isaia-se-plimba-cu-o-nava-spatiala-ce-mergea-apropiat-cu-viteza-luminii-atunci-de-ce-ni-se-vorbeste-cu-mii-de-ani-in-urma-de-teoria-relativitatii-timpului\\\/#respond\"]}]},{\"@type\":\"WebPage\",\"@id\":\"https:\\\/\\\/www.lovendal.ro\\\/wp52\\\/profetul-isaia-se-plimba-cu-o-nava-spatiala-ce-mergea-apropiat-cu-viteza-luminii-atunci-de-ce-ni-se-vorbeste-cu-mii-de-ani-in-urma-de-teoria-relativitatii-timpului\\\/\",\"url\":\"https:\\\/\\\/www.lovendal.ro\\\/wp52\\\/profetul-isaia-se-plimba-cu-o-nava-spatiala-ce-mergea-apropiat-cu-viteza-luminii-atunci-de-ce-ni-se-vorbeste-cu-mii-de-ani-in-urma-de-teoria-relativitatii-timpului\\\/\",\"name\":\"Profetul Isaia se plimba cu o nav\u0103 spa\u0163ial\u0103 ce mergea apropiat cu viteza luminii? Atunci, de ce ni se vorbe\u015fte cu mii de ani \u00een urm\u0103 de teoria relativit\u0103\u0163ii timpului? - Secretele lui Lovendal\",\"isPartOf\":{\"@id\":\"https:\\\/\\\/www.lovendal.ro\\\/wp52\\\/#website\"},\"primaryImageOfPage\":{\"@id\":\"https:\\\/\\\/www.lovendal.ro\\\/wp52\\\/profetul-isaia-se-plimba-cu-o-nava-spatiala-ce-mergea-apropiat-cu-viteza-luminii-atunci-de-ce-ni-se-vorbeste-cu-mii-de-ani-in-urma-de-teoria-relativitatii-timpului\\\/#primaryimage\"},\"image\":{\"@id\":\"https:\\\/\\\/www.lovendal.ro\\\/wp52\\\/profetul-isaia-se-plimba-cu-o-nava-spatiala-ce-mergea-apropiat-cu-viteza-luminii-atunci-de-ce-ni-se-vorbeste-cu-mii-de-ani-in-urma-de-teoria-relativitatii-timpului\\\/#primaryimage\"},\"thumbnailUrl\":\"https:\\\/\\\/www.lovendal.ro\\\/wp52\\\/wp-content\\\/uploads\\\/2023\\\/05\\\/profet-Isaia-relativitatea-timpului.jpg\",\"datePublished\":\"2023-05-15T14:05:24+00:00\",\"breadcrumb\":{\"@id\":\"https:\\\/\\\/www.lovendal.ro\\\/wp52\\\/profetul-isaia-se-plimba-cu-o-nava-spatiala-ce-mergea-apropiat-cu-viteza-luminii-atunci-de-ce-ni-se-vorbeste-cu-mii-de-ani-in-urma-de-teoria-relativitatii-timpului\\\/#breadcrumb\"},\"inLanguage\":\"ro-RO\",\"potentialAction\":[{\"@type\":\"ReadAction\",\"target\":[\"https:\\\/\\\/www.lovendal.ro\\\/wp52\\\/profetul-isaia-se-plimba-cu-o-nava-spatiala-ce-mergea-apropiat-cu-viteza-luminii-atunci-de-ce-ni-se-vorbeste-cu-mii-de-ani-in-urma-de-teoria-relativitatii-timpului\\\/\"]}]},{\"@type\":\"ImageObject\",\"inLanguage\":\"ro-RO\",\"@id\":\"https:\\\/\\\/www.lovendal.ro\\\/wp52\\\/profetul-isaia-se-plimba-cu-o-nava-spatiala-ce-mergea-apropiat-cu-viteza-luminii-atunci-de-ce-ni-se-vorbeste-cu-mii-de-ani-in-urma-de-teoria-relativitatii-timpului\\\/#primaryimage\",\"url\":\"https:\\\/\\\/www.lovendal.ro\\\/wp52\\\/wp-content\\\/uploads\\\/2023\\\/05\\\/profet-Isaia-relativitatea-timpului.jpg\",\"contentUrl\":\"https:\\\/\\\/www.lovendal.ro\\\/wp52\\\/wp-content\\\/uploads\\\/2023\\\/05\\\/profet-Isaia-relativitatea-timpului.jpg\",\"width\":364,\"height\":205},{\"@type\":\"BreadcrumbList\",\"@id\":\"https:\\\/\\\/www.lovendal.ro\\\/wp52\\\/profetul-isaia-se-plimba-cu-o-nava-spatiala-ce-mergea-apropiat-cu-viteza-luminii-atunci-de-ce-ni-se-vorbeste-cu-mii-de-ani-in-urma-de-teoria-relativitatii-timpului\\\/#breadcrumb\",\"itemListElement\":[{\"@type\":\"ListItem\",\"position\":1,\"name\":\"Home\",\"item\":\"https:\\\/\\\/www.lovendal.ro\\\/wp52\\\/\"},{\"@type\":\"ListItem\",\"position\":2,\"name\":\"Profetul Isaia se plimba cu o nav\u0103 spa\u0163ial\u0103 ce mergea apropiat cu viteza luminii? Atunci, de ce ni se vorbe\u015fte cu mii de ani \u00een urm\u0103 de teoria relativit\u0103\u0163ii timpului?\"}]},{\"@type\":\"WebSite\",\"@id\":\"https:\\\/\\\/www.lovendal.ro\\\/wp52\\\/#website\",\"url\":\"https:\\\/\\\/www.lovendal.ro\\\/wp52\\\/\",\"name\":\"Secretele lui Lovendal\",\"description\":\"Site de secrete, stiinta si metafizica - din 2008 -\",\"publisher\":{\"@id\":\"https:\\\/\\\/www.lovendal.ro\\\/wp52\\\/#organization\"},\"potentialAction\":[{\"@type\":\"SearchAction\",\"target\":{\"@type\":\"EntryPoint\",\"urlTemplate\":\"https:\\\/\\\/www.lovendal.ro\\\/wp52\\\/?s={search_term_string}\"},\"query-input\":{\"@type\":\"PropertyValueSpecification\",\"valueRequired\":true,\"valueName\":\"search_term_string\"}}],\"inLanguage\":\"ro-RO\"},{\"@type\":\"Organization\",\"@id\":\"https:\\\/\\\/www.lovendal.ro\\\/wp52\\\/#organization\",\"name\":\"Secretele lui Lovendal\",\"url\":\"https:\\\/\\\/www.lovendal.ro\\\/wp52\\\/\",\"logo\":{\"@type\":\"ImageObject\",\"inLanguage\":\"ro-RO\",\"@id\":\"https:\\\/\\\/www.lovendal.ro\\\/wp52\\\/#\\\/schema\\\/logo\\\/image\\\/\",\"url\":\"https:\\\/\\\/www.lovendal.ro\\\/wp52\\\/wp-content\\\/uploads\\\/2024\\\/06\\\/cropped-SLL-iun-2024-1.jpg\",\"contentUrl\":\"https:\\\/\\\/www.lovendal.ro\\\/wp52\\\/wp-content\\\/uploads\\\/2024\\\/06\\\/cropped-SLL-iun-2024-1.jpg\",\"width\":771,\"height\":240,\"caption\":\"Secretele lui Lovendal\"},\"image\":{\"@id\":\"https:\\\/\\\/www.lovendal.ro\\\/wp52\\\/#\\\/schema\\\/logo\\\/image\\\/\"},\"sameAs\":[\"https:\\\/\\\/www.facebook.com\\\/secreteleluilovendal\"]},{\"@type\":\"Person\",\"@id\":\"https:\\\/\\\/www.lovendal.ro\\\/wp52\\\/#\\\/schema\\\/person\\\/088691de5dfc346bb0c023e1e52ef5d9\",\"name\":\"admin\",\"image\":{\"@type\":\"ImageObject\",\"inLanguage\":\"ro-RO\",\"@id\":\"https:\\\/\\\/secure.gravatar.com\\\/avatar\\\/ecb9cd41f5f63c9c9b989999a59f6e2639a865ec361e9db054db0679a8f341c2?s=96&d=mm&r=g\",\"url\":\"https:\\\/\\\/secure.gravatar.com\\\/avatar\\\/ecb9cd41f5f63c9c9b989999a59f6e2639a865ec361e9db054db0679a8f341c2?s=96&d=mm&r=g\",\"contentUrl\":\"https:\\\/\\\/secure.gravatar.com\\\/avatar\\\/ecb9cd41f5f63c9c9b989999a59f6e2639a865ec361e9db054db0679a8f341c2?s=96&d=mm&r=g\",\"caption\":\"admin\"},\"sameAs\":[\"https:\\\/\\\/www.lovendal.ro\\\/wp52\"]}]}<\/script>\n<!-- \/ Yoast SEO Premium plugin. -->","yoast_head_json":{"title":"Profetul Isaia se plimba cu o nav\u0103 spa\u0163ial\u0103 ce mergea apropiat cu viteza luminii? Atunci, de ce ni se vorbe\u015fte cu mii de ani \u00een urm\u0103 de teoria relativit\u0103\u0163ii timpului? - Secretele lui Lovendal","robots":{"index":"index","follow":"follow","max-snippet":"max-snippet:-1","max-image-preview":"max-image-preview:large","max-video-preview":"max-video-preview:-1"},"canonical":"https:\/\/www.lovendal.ro\/wp52\/profetul-isaia-se-plimba-cu-o-nava-spatiala-ce-mergea-apropiat-cu-viteza-luminii-atunci-de-ce-ni-se-vorbeste-cu-mii-de-ani-in-urma-de-teoria-relativitatii-timpului\/","og_locale":"ro_RO","og_type":"article","og_title":"Profetul Isaia se plimba cu o nav\u0103 spa\u0163ial\u0103 ce mergea apropiat cu viteza luminii? Atunci, de ce ni se vorbe\u015fte cu mii de ani \u00een urm\u0103 de teoria relativit\u0103\u0163ii timpului?","og_description":"Conform teoriei relativit\u0103\u0163ii generale a lui Einstein, timpul este \u015fi el o m\u0103rime relativ\u0103: dac\u0103 un astronaut ar merge cu o nav\u0103 spa\u0163ial\u0103 ce se apropie de viteza luminii, pentru el timpul ar \u00eencetini foarte mult, \u00een timp ce pentru ... Cititi mai multe","og_url":"https:\/\/www.lovendal.ro\/wp52\/profetul-isaia-se-plimba-cu-o-nava-spatiala-ce-mergea-apropiat-cu-viteza-luminii-atunci-de-ce-ni-se-vorbeste-cu-mii-de-ani-in-urma-de-teoria-relativitatii-timpului\/","og_site_name":"Secretele lui Lovendal","article_publisher":"https:\/\/www.facebook.com\/secreteleluilovendal","article_published_time":"2023-05-15T14:05:24+00:00","og_image":[{"width":364,"height":205,"url":"https:\/\/www.lovendal.ro\/wp52\/wp-content\/uploads\/2023\/05\/profet-Isaia-relativitatea-timpului.jpg","type":"image\/jpeg"}],"author":"admin","twitter_card":"summary_large_image","twitter_misc":{"Scris de":"admin","Timp estimat pentru citire":"2 minute"},"schema":{"@context":"https:\/\/schema.org","@graph":[{"@type":"Article","@id":"https:\/\/www.lovendal.ro\/wp52\/profetul-isaia-se-plimba-cu-o-nava-spatiala-ce-mergea-apropiat-cu-viteza-luminii-atunci-de-ce-ni-se-vorbeste-cu-mii-de-ani-in-urma-de-teoria-relativitatii-timpului\/#article","isPartOf":{"@id":"https:\/\/www.lovendal.ro\/wp52\/profetul-isaia-se-plimba-cu-o-nava-spatiala-ce-mergea-apropiat-cu-viteza-luminii-atunci-de-ce-ni-se-vorbeste-cu-mii-de-ani-in-urma-de-teoria-relativitatii-timpului\/"},"author":{"name":"admin","@id":"https:\/\/www.lovendal.ro\/wp52\/#\/schema\/person\/088691de5dfc346bb0c023e1e52ef5d9"},"headline":"Profetul Isaia se plimba cu o nav\u0103 spa\u0163ial\u0103 ce mergea apropiat cu viteza luminii? Atunci, de ce ni se vorbe\u015fte cu mii de ani \u00een urm\u0103 de teoria relativit\u0103\u0163ii timpului?","datePublished":"2023-05-15T14:05:24+00:00","mainEntityOfPage":{"@id":"https:\/\/www.lovendal.ro\/wp52\/profetul-isaia-se-plimba-cu-o-nava-spatiala-ce-mergea-apropiat-cu-viteza-luminii-atunci-de-ce-ni-se-vorbeste-cu-mii-de-ani-in-urma-de-teoria-relativitatii-timpului\/"},"wordCount":367,"commentCount":0,"publisher":{"@id":"https:\/\/www.lovendal.ro\/wp52\/#organization"},"image":{"@id":"https:\/\/www.lovendal.ro\/wp52\/profetul-isaia-se-plimba-cu-o-nava-spatiala-ce-mergea-apropiat-cu-viteza-luminii-atunci-de-ce-ni-se-vorbeste-cu-mii-de-ani-in-urma-de-teoria-relativitatii-timpului\/#primaryimage"},"thumbnailUrl":"https:\/\/www.lovendal.ro\/wp52\/wp-content\/uploads\/2023\/05\/profet-Isaia-relativitatea-timpului.jpg","keywords":["astronau\u0163i","Biblie","civiliza\u0163ie","Einstein","extratere\u015ftri","galaxie","Isaia","nav\u0103 spa\u0163ial\u0103","Paranormal-Spiritualitate","profet","sistem solar","teoria relativit\u0103\u0163ii","Terra","timp","Vechiul Testament","viteza luminii"],"articleSection":["Paranormal-Spiritualitate"],"inLanguage":"ro-RO","potentialAction":[{"@type":"CommentAction","name":"Comment","target":["https:\/\/www.lovendal.ro\/wp52\/profetul-isaia-se-plimba-cu-o-nava-spatiala-ce-mergea-apropiat-cu-viteza-luminii-atunci-de-ce-ni-se-vorbeste-cu-mii-de-ani-in-urma-de-teoria-relativitatii-timpului\/#respond"]}]},{"@type":"WebPage","@id":"https:\/\/www.lovendal.ro\/wp52\/profetul-isaia-se-plimba-cu-o-nava-spatiala-ce-mergea-apropiat-cu-viteza-luminii-atunci-de-ce-ni-se-vorbeste-cu-mii-de-ani-in-urma-de-teoria-relativitatii-timpului\/","url":"https:\/\/www.lovendal.ro\/wp52\/profetul-isaia-se-plimba-cu-o-nava-spatiala-ce-mergea-apropiat-cu-viteza-luminii-atunci-de-ce-ni-se-vorbeste-cu-mii-de-ani-in-urma-de-teoria-relativitatii-timpului\/","name":"Profetul Isaia se plimba cu o nav\u0103 spa\u0163ial\u0103 ce mergea apropiat cu viteza luminii? Atunci, de ce ni se vorbe\u015fte cu mii de ani \u00een urm\u0103 de teoria relativit\u0103\u0163ii timpului? - Secretele lui Lovendal","isPartOf":{"@id":"https:\/\/www.lovendal.ro\/wp52\/#website"},"primaryImageOfPage":{"@id":"https:\/\/www.lovendal.ro\/wp52\/profetul-isaia-se-plimba-cu-o-nava-spatiala-ce-mergea-apropiat-cu-viteza-luminii-atunci-de-ce-ni-se-vorbeste-cu-mii-de-ani-in-urma-de-teoria-relativitatii-timpului\/#primaryimage"},"image":{"@id":"https:\/\/www.lovendal.ro\/wp52\/profetul-isaia-se-plimba-cu-o-nava-spatiala-ce-mergea-apropiat-cu-viteza-luminii-atunci-de-ce-ni-se-vorbeste-cu-mii-de-ani-in-urma-de-teoria-relativitatii-timpului\/#primaryimage"},"thumbnailUrl":"https:\/\/www.lovendal.ro\/wp52\/wp-content\/uploads\/2023\/05\/profet-Isaia-relativitatea-timpului.jpg","datePublished":"2023-05-15T14:05:24+00:00","breadcrumb":{"@id":"https:\/\/www.lovendal.ro\/wp52\/profetul-isaia-se-plimba-cu-o-nava-spatiala-ce-mergea-apropiat-cu-viteza-luminii-atunci-de-ce-ni-se-vorbeste-cu-mii-de-ani-in-urma-de-teoria-relativitatii-timpului\/#breadcrumb"},"inLanguage":"ro-RO","potentialAction":[{"@type":"ReadAction","target":["https:\/\/www.lovendal.ro\/wp52\/profetul-isaia-se-plimba-cu-o-nava-spatiala-ce-mergea-apropiat-cu-viteza-luminii-atunci-de-ce-ni-se-vorbeste-cu-mii-de-ani-in-urma-de-teoria-relativitatii-timpului\/"]}]},{"@type":"ImageObject","inLanguage":"ro-RO","@id":"https:\/\/www.lovendal.ro\/wp52\/profetul-isaia-se-plimba-cu-o-nava-spatiala-ce-mergea-apropiat-cu-viteza-luminii-atunci-de-ce-ni-se-vorbeste-cu-mii-de-ani-in-urma-de-teoria-relativitatii-timpului\/#primaryimage","url":"https:\/\/www.lovendal.ro\/wp52\/wp-content\/uploads\/2023\/05\/profet-Isaia-relativitatea-timpului.jpg","contentUrl":"https:\/\/www.lovendal.ro\/wp52\/wp-content\/uploads\/2023\/05\/profet-Isaia-relativitatea-timpului.jpg","width":364,"height":205},{"@type":"BreadcrumbList","@id":"https:\/\/www.lovendal.ro\/wp52\/profetul-isaia-se-plimba-cu-o-nava-spatiala-ce-mergea-apropiat-cu-viteza-luminii-atunci-de-ce-ni-se-vorbeste-cu-mii-de-ani-in-urma-de-teoria-relativitatii-timpului\/#breadcrumb","itemListElement":[{"@type":"ListItem","position":1,"name":"Home","item":"https:\/\/www.lovendal.ro\/wp52\/"},{"@type":"ListItem","position":2,"name":"Profetul Isaia se plimba cu o nav\u0103 spa\u0163ial\u0103 ce mergea apropiat cu viteza luminii? Atunci, de ce ni se vorbe\u015fte cu mii de ani \u00een urm\u0103 de teoria relativit\u0103\u0163ii timpului?"}]},{"@type":"WebSite","@id":"https:\/\/www.lovendal.ro\/wp52\/#website","url":"https:\/\/www.lovendal.ro\/wp52\/","name":"Secretele lui Lovendal","description":"Site de secrete, stiinta si metafizica - din 2008 -","publisher":{"@id":"https:\/\/www.lovendal.ro\/wp52\/#organization"},"potentialAction":[{"@type":"SearchAction","target":{"@type":"EntryPoint","urlTemplate":"https:\/\/www.lovendal.ro\/wp52\/?s={search_term_string}"},"query-input":{"@type":"PropertyValueSpecification","valueRequired":true,"valueName":"search_term_string"}}],"inLanguage":"ro-RO"},{"@type":"Organization","@id":"https:\/\/www.lovendal.ro\/wp52\/#organization","name":"Secretele lui Lovendal","url":"https:\/\/www.lovendal.ro\/wp52\/","logo":{"@type":"ImageObject","inLanguage":"ro-RO","@id":"https:\/\/www.lovendal.ro\/wp52\/#\/schema\/logo\/image\/","url":"https:\/\/www.lovendal.ro\/wp52\/wp-content\/uploads\/2024\/06\/cropped-SLL-iun-2024-1.jpg","contentUrl":"https:\/\/www.lovendal.ro\/wp52\/wp-content\/uploads\/2024\/06\/cropped-SLL-iun-2024-1.jpg","width":771,"height":240,"caption":"Secretele lui Lovendal"},"image":{"@id":"https:\/\/www.lovendal.ro\/wp52\/#\/schema\/logo\/image\/"},"sameAs":["https:\/\/www.facebook.com\/secreteleluilovendal"]},{"@type":"Person","@id":"https:\/\/www.lovendal.ro\/wp52\/#\/schema\/person\/088691de5dfc346bb0c023e1e52ef5d9","name":"admin","image":{"@type":"ImageObject","inLanguage":"ro-RO","@id":"https:\/\/secure.gravatar.com\/avatar\/ecb9cd41f5f63c9c9b989999a59f6e2639a865ec361e9db054db0679a8f341c2?s=96&d=mm&r=g","url":"https:\/\/secure.gravatar.com\/avatar\/ecb9cd41f5f63c9c9b989999a59f6e2639a865ec361e9db054db0679a8f341c2?s=96&d=mm&r=g","contentUrl":"https:\/\/secure.gravatar.com\/avatar\/ecb9cd41f5f63c9c9b989999a59f6e2639a865ec361e9db054db0679a8f341c2?s=96&d=mm&r=g","caption":"admin"},"sameAs":["https:\/\/www.lovendal.ro\/wp52"]}]}},"_links":{"self":[{"href":"https:\/\/www.lovendal.ro\/wp52\/wp-json\/wp\/v2\/posts\/85606","targetHints":{"allow":["GET"]}}],"collection":[{"href":"https:\/\/www.lovendal.ro\/wp52\/wp-json\/wp\/v2\/posts"}],"about":[{"href":"https:\/\/www.lovendal.ro\/wp52\/wp-json\/wp\/v2\/types\/post"}],"author":[{"embeddable":true,"href":"https:\/\/www.lovendal.ro\/wp52\/wp-json\/wp\/v2\/users\/1"}],"replies":[{"embeddable":true,"href":"https:\/\/www.lovendal.ro\/wp52\/wp-json\/wp\/v2\/comments?post=85606"}],"version-history":[{"count":1,"href":"https:\/\/www.lovendal.ro\/wp52\/wp-json\/wp\/v2\/posts\/85606\/revisions"}],"predecessor-version":[{"id":85608,"href":"https:\/\/www.lovendal.ro\/wp52\/wp-json\/wp\/v2\/posts\/85606\/revisions\/85608"}],"wp:featuredmedia":[{"embeddable":true,"href":"https:\/\/www.lovendal.ro\/wp52\/wp-json\/wp\/v2\/media\/85607"}],"wp:attachment":[{"href":"https:\/\/www.lovendal.ro\/wp52\/wp-json\/wp\/v2\/media?parent=85606"}],"wp:term":[{"taxonomy":"category","embeddable":true,"href":"https:\/\/www.lovendal.ro\/wp52\/wp-json\/wp\/v2\/categories?post=85606"},{"taxonomy":"post_tag","embeddable":true,"href":"https:\/\/www.lovendal.ro\/wp52\/wp-json\/wp\/v2\/tags?post=85606"}],"curies":[{"name":"wp","href":"https:\/\/api.w.org\/{rel}","templated":true}]}}