{"id":85487,"date":"2023-05-06T22:41:45","date_gmt":"2023-05-06T19:41:45","guid":{"rendered":"https:\/\/www.lovendal.ro\/wp52\/?p=85487"},"modified":"2023-05-06T22:41:45","modified_gmt":"2023-05-06T19:41:45","slug":"incredibil-un-sclav-african-reusea-acum-3-secole-sa-realizeze-in-minte-operatii-matematice-pe-care-azi-doar-un-calculator-le-ar-putea-face","status":"publish","type":"post","link":"https:\/\/www.lovendal.ro\/wp52\/incredibil-un-sclav-african-reusea-acum-3-secole-sa-realizeze-in-minte-operatii-matematice-pe-care-azi-doar-un-calculator-le-ar-putea-face\/","title":{"rendered":"Incredibil! Un sclav african reu\u015fea acum 3 secole s\u0103 realizeze \u00een minte opera\u0163ii matematice pe care azi doar un calculator le-ar putea face"},"content":{"rendered":"<p><a href=\"https:\/\/www.lovendal.ro\/wp52\/wp-content\/uploads\/2023\/05\/un-negru-inteligent.jpg\"><img loading=\"lazy\" decoding=\"async\" class=\"alignleft size-full wp-image-85488\" src=\"https:\/\/www.lovendal.ro\/wp52\/wp-content\/uploads\/2023\/05\/un-negru-inteligent.jpg\" alt=\"\" width=\"350\" height=\"330\" srcset=\"https:\/\/www.lovendal.ro\/wp52\/wp-content\/uploads\/2023\/05\/un-negru-inteligent.jpg 350w, https:\/\/www.lovendal.ro\/wp52\/wp-content\/uploads\/2023\/05\/un-negru-inteligent-300x283.jpg 300w\" sizes=\"auto, (max-width: 350px) 100vw, 350px\" \/><\/a>Thomas Fuller, un african v\u00e2ndut ca sclav \u00een 1724 la v\u00e2rsta de 14 ani, a fost uneori cunoscut drept \u201eCalculatorul din Virginia\u201d pentru capacitatea sa extraordinar\u0103 de a rezolva probleme complexe de matematic\u0103 doar din cap, f\u0103r\u0103 a se ajuta de vreo h\u00e2rtie sau de vreun alt instrument matematic.<\/p>\n<p>Odat\u0103, el a fost \u00eentrebat c\u00e2te secunde exist\u0103 \u00eentr-un an \u0219i jum\u0103tate: el a r\u0103spuns \u00een vreo dou\u0103 minute &#8211; 47.304.000. R\u0103spuns corect! Din nou, el a fost \u00eentrebat c\u00e2te secunde a tr\u0103it un b\u0103rbat care are 70 de ani, 17 zile \u0219i 12 ore; el a r\u0103spuns \u00eentr-un minut \u0219i jum\u0103tate: 2.210.500.800.<\/p>\n<p>Unul dintre martori, care s-a folosit de h\u00e2rtie c\u00e2nd a f\u0103cut anterior calculele, l-a informat pe Fuller c\u0103 se \u00een\u0219ela, deoarece r\u0103spunsul era mai mic. Fuller a r\u0103spuns \u00een grab\u0103: <em>&#8222;Ai uitat anul bisect!\u201d<\/em>. C\u00e2nd a fost ad\u0103ugat anul bisect (de 366 de zile), rezultatele au fost la fel.<\/p>\n<p>Uluitor acest om&#8230;<\/p>\n","protected":false},"excerpt":{"rendered":"<p>Thomas Fuller, un african v\u00e2ndut ca sclav \u00een 1724 la v\u00e2rsta de 14 ani, a fost uneori cunoscut drept \u201eCalculatorul din Virginia\u201d pentru capacitatea sa extraordinar\u0103 de a rezolva probleme complexe de matematic\u0103 doar din cap, f\u0103r\u0103 a se ajuta &#8230; <\/p>\n<p class=\"read-more-container\"><a title=\"Incredibil! Un sclav african reu\u015fea acum 3 secole s\u0103 realizeze \u00een minte opera\u0163ii matematice pe care azi doar un calculator le-ar putea face\" class=\"read-more button\" href=\"https:\/\/www.lovendal.ro\/wp52\/incredibil-un-sclav-african-reusea-acum-3-secole-sa-realizeze-in-minte-operatii-matematice-pe-care-azi-doar-un-calculator-le-ar-putea-face\/#more-85487\" aria-label=\"Cite\u0219te mai multe despre Incredibil! Un sclav african reu\u015fea acum 3 secole s\u0103 realizeze \u00een minte opera\u0163ii matematice pe care azi doar un calculator le-ar putea face\">Cititi mai multe<\/a><\/p>\n","protected":false},"author":1,"featured_media":85488,"comment_status":"open","ping_status":"open","sticky":false,"template":"","format":"standard","meta":{"footnotes":""},"categories":[1852],"tags":[18277,902,9809,1722,4780],"class_list":["post-85487","post","type-post","status-publish","format-standard","has-post-thumbnail","hentry","category-incredibil","tag-african","tag-calculator","tag-incredibil","tag-matematica","tag-sclav","resize-featured-image"],"yoast_head":"<!-- This site is optimized with the Yoast SEO Premium plugin v23.3 (Yoast SEO v27.4) - https:\/\/yoast.com\/product\/yoast-seo-premium-wordpress\/ -->\n<title>Incredibil! Un sclav african reu\u015fea acum 3 secole s\u0103 realizeze \u00een minte opera\u0163ii matematice pe care azi doar un calculator le-ar putea face - Secretele lui Lovendal<\/title>\n<meta name=\"robots\" content=\"index, follow, max-snippet:-1, max-image-preview:large, max-video-preview:-1\" \/>\n<link rel=\"canonical\" href=\"https:\/\/www.lovendal.ro\/wp52\/incredibil-un-sclav-african-reusea-acum-3-secole-sa-realizeze-in-minte-operatii-matematice-pe-care-azi-doar-un-calculator-le-ar-putea-face\/\" \/>\n<meta property=\"og:locale\" content=\"ro_RO\" \/>\n<meta property=\"og:type\" content=\"article\" \/>\n<meta property=\"og:title\" content=\"Incredibil! Un sclav african reu\u015fea acum 3 secole s\u0103 realizeze \u00een minte opera\u0163ii matematice pe care azi doar un calculator le-ar putea face\" \/>\n<meta property=\"og:description\" content=\"Thomas Fuller, un african v\u00e2ndut ca sclav \u00een 1724 la v\u00e2rsta de 14 ani, a fost uneori cunoscut drept \u201eCalculatorul din Virginia\u201d pentru capacitatea sa extraordinar\u0103 de a rezolva probleme complexe de matematic\u0103 doar din cap, f\u0103r\u0103 a se ajuta ... Cititi mai multe\" \/>\n<meta property=\"og:url\" content=\"https:\/\/www.lovendal.ro\/wp52\/incredibil-un-sclav-african-reusea-acum-3-secole-sa-realizeze-in-minte-operatii-matematice-pe-care-azi-doar-un-calculator-le-ar-putea-face\/\" \/>\n<meta property=\"og:site_name\" content=\"Secretele lui Lovendal\" \/>\n<meta property=\"article:publisher\" content=\"https:\/\/www.facebook.com\/secreteleluilovendal\" \/>\n<meta property=\"article:published_time\" content=\"2023-05-06T19:41:45+00:00\" \/>\n<meta property=\"og:image\" content=\"https:\/\/www.lovendal.ro\/wp52\/wp-content\/uploads\/2023\/05\/un-negru-inteligent.jpg\" \/>\n\t<meta property=\"og:image:width\" content=\"350\" \/>\n\t<meta property=\"og:image:height\" content=\"330\" \/>\n\t<meta property=\"og:image:type\" content=\"image\/jpeg\" \/>\n<meta name=\"author\" content=\"admin\" \/>\n<meta name=\"twitter:card\" content=\"summary_large_image\" \/>\n<meta name=\"twitter:label1\" content=\"Scris de\" \/>\n\t<meta name=\"twitter:data1\" content=\"admin\" \/>\n\t<meta name=\"twitter:label2\" content=\"Timp estimat pentru citire\" \/>\n\t<meta name=\"twitter:data2\" content=\"1 minut\" \/>\n<script type=\"application\/ld+json\" class=\"yoast-schema-graph\">{\"@context\":\"https:\\\/\\\/schema.org\",\"@graph\":[{\"@type\":\"Article\",\"@id\":\"https:\\\/\\\/www.lovendal.ro\\\/wp52\\\/incredibil-un-sclav-african-reusea-acum-3-secole-sa-realizeze-in-minte-operatii-matematice-pe-care-azi-doar-un-calculator-le-ar-putea-face\\\/#article\",\"isPartOf\":{\"@id\":\"https:\\\/\\\/www.lovendal.ro\\\/wp52\\\/incredibil-un-sclav-african-reusea-acum-3-secole-sa-realizeze-in-minte-operatii-matematice-pe-care-azi-doar-un-calculator-le-ar-putea-face\\\/\"},\"author\":{\"name\":\"admin\",\"@id\":\"https:\\\/\\\/www.lovendal.ro\\\/wp52\\\/#\\\/schema\\\/person\\\/088691de5dfc346bb0c023e1e52ef5d9\"},\"headline\":\"Incredibil! Un sclav african reu\u015fea acum 3 secole s\u0103 realizeze \u00een minte opera\u0163ii matematice pe care azi doar un calculator le-ar putea face\",\"datePublished\":\"2023-05-06T19:41:45+00:00\",\"mainEntityOfPage\":{\"@id\":\"https:\\\/\\\/www.lovendal.ro\\\/wp52\\\/incredibil-un-sclav-african-reusea-acum-3-secole-sa-realizeze-in-minte-operatii-matematice-pe-care-azi-doar-un-calculator-le-ar-putea-face\\\/\"},\"wordCount\":191,\"commentCount\":0,\"publisher\":{\"@id\":\"https:\\\/\\\/www.lovendal.ro\\\/wp52\\\/#organization\"},\"image\":{\"@id\":\"https:\\\/\\\/www.lovendal.ro\\\/wp52\\\/incredibil-un-sclav-african-reusea-acum-3-secole-sa-realizeze-in-minte-operatii-matematice-pe-care-azi-doar-un-calculator-le-ar-putea-face\\\/#primaryimage\"},\"thumbnailUrl\":\"https:\\\/\\\/www.lovendal.ro\\\/wp52\\\/wp-content\\\/uploads\\\/2023\\\/05\\\/un-negru-inteligent.jpg\",\"keywords\":[\"african\",\"calculator\",\"Incredibil!\",\"matematic\u0103\",\"sclav\"],\"articleSection\":[\"Incredibil!\"],\"inLanguage\":\"ro-RO\",\"potentialAction\":[{\"@type\":\"CommentAction\",\"name\":\"Comment\",\"target\":[\"https:\\\/\\\/www.lovendal.ro\\\/wp52\\\/incredibil-un-sclav-african-reusea-acum-3-secole-sa-realizeze-in-minte-operatii-matematice-pe-care-azi-doar-un-calculator-le-ar-putea-face\\\/#respond\"]}]},{\"@type\":\"WebPage\",\"@id\":\"https:\\\/\\\/www.lovendal.ro\\\/wp52\\\/incredibil-un-sclav-african-reusea-acum-3-secole-sa-realizeze-in-minte-operatii-matematice-pe-care-azi-doar-un-calculator-le-ar-putea-face\\\/\",\"url\":\"https:\\\/\\\/www.lovendal.ro\\\/wp52\\\/incredibil-un-sclav-african-reusea-acum-3-secole-sa-realizeze-in-minte-operatii-matematice-pe-care-azi-doar-un-calculator-le-ar-putea-face\\\/\",\"name\":\"Incredibil! Un sclav african reu\u015fea acum 3 secole s\u0103 realizeze \u00een minte opera\u0163ii matematice pe care azi doar un calculator le-ar putea face - Secretele lui Lovendal\",\"isPartOf\":{\"@id\":\"https:\\\/\\\/www.lovendal.ro\\\/wp52\\\/#website\"},\"primaryImageOfPage\":{\"@id\":\"https:\\\/\\\/www.lovendal.ro\\\/wp52\\\/incredibil-un-sclav-african-reusea-acum-3-secole-sa-realizeze-in-minte-operatii-matematice-pe-care-azi-doar-un-calculator-le-ar-putea-face\\\/#primaryimage\"},\"image\":{\"@id\":\"https:\\\/\\\/www.lovendal.ro\\\/wp52\\\/incredibil-un-sclav-african-reusea-acum-3-secole-sa-realizeze-in-minte-operatii-matematice-pe-care-azi-doar-un-calculator-le-ar-putea-face\\\/#primaryimage\"},\"thumbnailUrl\":\"https:\\\/\\\/www.lovendal.ro\\\/wp52\\\/wp-content\\\/uploads\\\/2023\\\/05\\\/un-negru-inteligent.jpg\",\"datePublished\":\"2023-05-06T19:41:45+00:00\",\"breadcrumb\":{\"@id\":\"https:\\\/\\\/www.lovendal.ro\\\/wp52\\\/incredibil-un-sclav-african-reusea-acum-3-secole-sa-realizeze-in-minte-operatii-matematice-pe-care-azi-doar-un-calculator-le-ar-putea-face\\\/#breadcrumb\"},\"inLanguage\":\"ro-RO\",\"potentialAction\":[{\"@type\":\"ReadAction\",\"target\":[\"https:\\\/\\\/www.lovendal.ro\\\/wp52\\\/incredibil-un-sclav-african-reusea-acum-3-secole-sa-realizeze-in-minte-operatii-matematice-pe-care-azi-doar-un-calculator-le-ar-putea-face\\\/\"]}]},{\"@type\":\"ImageObject\",\"inLanguage\":\"ro-RO\",\"@id\":\"https:\\\/\\\/www.lovendal.ro\\\/wp52\\\/incredibil-un-sclav-african-reusea-acum-3-secole-sa-realizeze-in-minte-operatii-matematice-pe-care-azi-doar-un-calculator-le-ar-putea-face\\\/#primaryimage\",\"url\":\"https:\\\/\\\/www.lovendal.ro\\\/wp52\\\/wp-content\\\/uploads\\\/2023\\\/05\\\/un-negru-inteligent.jpg\",\"contentUrl\":\"https:\\\/\\\/www.lovendal.ro\\\/wp52\\\/wp-content\\\/uploads\\\/2023\\\/05\\\/un-negru-inteligent.jpg\",\"width\":350,\"height\":330},{\"@type\":\"BreadcrumbList\",\"@id\":\"https:\\\/\\\/www.lovendal.ro\\\/wp52\\\/incredibil-un-sclav-african-reusea-acum-3-secole-sa-realizeze-in-minte-operatii-matematice-pe-care-azi-doar-un-calculator-le-ar-putea-face\\\/#breadcrumb\",\"itemListElement\":[{\"@type\":\"ListItem\",\"position\":1,\"name\":\"Home\",\"item\":\"https:\\\/\\\/www.lovendal.ro\\\/wp52\\\/\"},{\"@type\":\"ListItem\",\"position\":2,\"name\":\"Incredibil! Un sclav african reu\u015fea acum 3 secole s\u0103 realizeze \u00een minte opera\u0163ii matematice pe care azi doar un calculator le-ar putea face\"}]},{\"@type\":\"WebSite\",\"@id\":\"https:\\\/\\\/www.lovendal.ro\\\/wp52\\\/#website\",\"url\":\"https:\\\/\\\/www.lovendal.ro\\\/wp52\\\/\",\"name\":\"Secretele lui Lovendal\",\"description\":\"Site de secrete, stiinta si metafizica - din 2008 -\",\"publisher\":{\"@id\":\"https:\\\/\\\/www.lovendal.ro\\\/wp52\\\/#organization\"},\"potentialAction\":[{\"@type\":\"SearchAction\",\"target\":{\"@type\":\"EntryPoint\",\"urlTemplate\":\"https:\\\/\\\/www.lovendal.ro\\\/wp52\\\/?s={search_term_string}\"},\"query-input\":{\"@type\":\"PropertyValueSpecification\",\"valueRequired\":true,\"valueName\":\"search_term_string\"}}],\"inLanguage\":\"ro-RO\"},{\"@type\":\"Organization\",\"@id\":\"https:\\\/\\\/www.lovendal.ro\\\/wp52\\\/#organization\",\"name\":\"Secretele lui Lovendal\",\"url\":\"https:\\\/\\\/www.lovendal.ro\\\/wp52\\\/\",\"logo\":{\"@type\":\"ImageObject\",\"inLanguage\":\"ro-RO\",\"@id\":\"https:\\\/\\\/www.lovendal.ro\\\/wp52\\\/#\\\/schema\\\/logo\\\/image\\\/\",\"url\":\"https:\\\/\\\/www.lovendal.ro\\\/wp52\\\/wp-content\\\/uploads\\\/2024\\\/06\\\/cropped-SLL-iun-2024-1.jpg\",\"contentUrl\":\"https:\\\/\\\/www.lovendal.ro\\\/wp52\\\/wp-content\\\/uploads\\\/2024\\\/06\\\/cropped-SLL-iun-2024-1.jpg\",\"width\":771,\"height\":240,\"caption\":\"Secretele lui Lovendal\"},\"image\":{\"@id\":\"https:\\\/\\\/www.lovendal.ro\\\/wp52\\\/#\\\/schema\\\/logo\\\/image\\\/\"},\"sameAs\":[\"https:\\\/\\\/www.facebook.com\\\/secreteleluilovendal\"]},{\"@type\":\"Person\",\"@id\":\"https:\\\/\\\/www.lovendal.ro\\\/wp52\\\/#\\\/schema\\\/person\\\/088691de5dfc346bb0c023e1e52ef5d9\",\"name\":\"admin\",\"image\":{\"@type\":\"ImageObject\",\"inLanguage\":\"ro-RO\",\"@id\":\"https:\\\/\\\/secure.gravatar.com\\\/avatar\\\/ecb9cd41f5f63c9c9b989999a59f6e2639a865ec361e9db054db0679a8f341c2?s=96&d=mm&r=g\",\"url\":\"https:\\\/\\\/secure.gravatar.com\\\/avatar\\\/ecb9cd41f5f63c9c9b989999a59f6e2639a865ec361e9db054db0679a8f341c2?s=96&d=mm&r=g\",\"contentUrl\":\"https:\\\/\\\/secure.gravatar.com\\\/avatar\\\/ecb9cd41f5f63c9c9b989999a59f6e2639a865ec361e9db054db0679a8f341c2?s=96&d=mm&r=g\",\"caption\":\"admin\"},\"sameAs\":[\"https:\\\/\\\/www.lovendal.ro\\\/wp52\"]}]}<\/script>\n<!-- \/ Yoast SEO Premium plugin. -->","yoast_head_json":{"title":"Incredibil! Un sclav african reu\u015fea acum 3 secole s\u0103 realizeze \u00een minte opera\u0163ii matematice pe care azi doar un calculator le-ar putea face - Secretele lui Lovendal","robots":{"index":"index","follow":"follow","max-snippet":"max-snippet:-1","max-image-preview":"max-image-preview:large","max-video-preview":"max-video-preview:-1"},"canonical":"https:\/\/www.lovendal.ro\/wp52\/incredibil-un-sclav-african-reusea-acum-3-secole-sa-realizeze-in-minte-operatii-matematice-pe-care-azi-doar-un-calculator-le-ar-putea-face\/","og_locale":"ro_RO","og_type":"article","og_title":"Incredibil! Un sclav african reu\u015fea acum 3 secole s\u0103 realizeze \u00een minte opera\u0163ii matematice pe care azi doar un calculator le-ar putea face","og_description":"Thomas Fuller, un african v\u00e2ndut ca sclav \u00een 1724 la v\u00e2rsta de 14 ani, a fost uneori cunoscut drept \u201eCalculatorul din Virginia\u201d pentru capacitatea sa extraordinar\u0103 de a rezolva probleme complexe de matematic\u0103 doar din cap, f\u0103r\u0103 a se ajuta ... Cititi mai multe","og_url":"https:\/\/www.lovendal.ro\/wp52\/incredibil-un-sclav-african-reusea-acum-3-secole-sa-realizeze-in-minte-operatii-matematice-pe-care-azi-doar-un-calculator-le-ar-putea-face\/","og_site_name":"Secretele lui Lovendal","article_publisher":"https:\/\/www.facebook.com\/secreteleluilovendal","article_published_time":"2023-05-06T19:41:45+00:00","og_image":[{"width":350,"height":330,"url":"https:\/\/www.lovendal.ro\/wp52\/wp-content\/uploads\/2023\/05\/un-negru-inteligent.jpg","type":"image\/jpeg"}],"author":"admin","twitter_card":"summary_large_image","twitter_misc":{"Scris de":"admin","Timp estimat pentru citire":"1 minut"},"schema":{"@context":"https:\/\/schema.org","@graph":[{"@type":"Article","@id":"https:\/\/www.lovendal.ro\/wp52\/incredibil-un-sclav-african-reusea-acum-3-secole-sa-realizeze-in-minte-operatii-matematice-pe-care-azi-doar-un-calculator-le-ar-putea-face\/#article","isPartOf":{"@id":"https:\/\/www.lovendal.ro\/wp52\/incredibil-un-sclav-african-reusea-acum-3-secole-sa-realizeze-in-minte-operatii-matematice-pe-care-azi-doar-un-calculator-le-ar-putea-face\/"},"author":{"name":"admin","@id":"https:\/\/www.lovendal.ro\/wp52\/#\/schema\/person\/088691de5dfc346bb0c023e1e52ef5d9"},"headline":"Incredibil! Un sclav african reu\u015fea acum 3 secole s\u0103 realizeze \u00een minte opera\u0163ii matematice pe care azi doar un calculator le-ar putea face","datePublished":"2023-05-06T19:41:45+00:00","mainEntityOfPage":{"@id":"https:\/\/www.lovendal.ro\/wp52\/incredibil-un-sclav-african-reusea-acum-3-secole-sa-realizeze-in-minte-operatii-matematice-pe-care-azi-doar-un-calculator-le-ar-putea-face\/"},"wordCount":191,"commentCount":0,"publisher":{"@id":"https:\/\/www.lovendal.ro\/wp52\/#organization"},"image":{"@id":"https:\/\/www.lovendal.ro\/wp52\/incredibil-un-sclav-african-reusea-acum-3-secole-sa-realizeze-in-minte-operatii-matematice-pe-care-azi-doar-un-calculator-le-ar-putea-face\/#primaryimage"},"thumbnailUrl":"https:\/\/www.lovendal.ro\/wp52\/wp-content\/uploads\/2023\/05\/un-negru-inteligent.jpg","keywords":["african","calculator","Incredibil!","matematic\u0103","sclav"],"articleSection":["Incredibil!"],"inLanguage":"ro-RO","potentialAction":[{"@type":"CommentAction","name":"Comment","target":["https:\/\/www.lovendal.ro\/wp52\/incredibil-un-sclav-african-reusea-acum-3-secole-sa-realizeze-in-minte-operatii-matematice-pe-care-azi-doar-un-calculator-le-ar-putea-face\/#respond"]}]},{"@type":"WebPage","@id":"https:\/\/www.lovendal.ro\/wp52\/incredibil-un-sclav-african-reusea-acum-3-secole-sa-realizeze-in-minte-operatii-matematice-pe-care-azi-doar-un-calculator-le-ar-putea-face\/","url":"https:\/\/www.lovendal.ro\/wp52\/incredibil-un-sclav-african-reusea-acum-3-secole-sa-realizeze-in-minte-operatii-matematice-pe-care-azi-doar-un-calculator-le-ar-putea-face\/","name":"Incredibil! Un sclav african reu\u015fea acum 3 secole s\u0103 realizeze \u00een minte opera\u0163ii matematice pe care azi doar un calculator le-ar putea face - Secretele lui Lovendal","isPartOf":{"@id":"https:\/\/www.lovendal.ro\/wp52\/#website"},"primaryImageOfPage":{"@id":"https:\/\/www.lovendal.ro\/wp52\/incredibil-un-sclav-african-reusea-acum-3-secole-sa-realizeze-in-minte-operatii-matematice-pe-care-azi-doar-un-calculator-le-ar-putea-face\/#primaryimage"},"image":{"@id":"https:\/\/www.lovendal.ro\/wp52\/incredibil-un-sclav-african-reusea-acum-3-secole-sa-realizeze-in-minte-operatii-matematice-pe-care-azi-doar-un-calculator-le-ar-putea-face\/#primaryimage"},"thumbnailUrl":"https:\/\/www.lovendal.ro\/wp52\/wp-content\/uploads\/2023\/05\/un-negru-inteligent.jpg","datePublished":"2023-05-06T19:41:45+00:00","breadcrumb":{"@id":"https:\/\/www.lovendal.ro\/wp52\/incredibil-un-sclav-african-reusea-acum-3-secole-sa-realizeze-in-minte-operatii-matematice-pe-care-azi-doar-un-calculator-le-ar-putea-face\/#breadcrumb"},"inLanguage":"ro-RO","potentialAction":[{"@type":"ReadAction","target":["https:\/\/www.lovendal.ro\/wp52\/incredibil-un-sclav-african-reusea-acum-3-secole-sa-realizeze-in-minte-operatii-matematice-pe-care-azi-doar-un-calculator-le-ar-putea-face\/"]}]},{"@type":"ImageObject","inLanguage":"ro-RO","@id":"https:\/\/www.lovendal.ro\/wp52\/incredibil-un-sclav-african-reusea-acum-3-secole-sa-realizeze-in-minte-operatii-matematice-pe-care-azi-doar-un-calculator-le-ar-putea-face\/#primaryimage","url":"https:\/\/www.lovendal.ro\/wp52\/wp-content\/uploads\/2023\/05\/un-negru-inteligent.jpg","contentUrl":"https:\/\/www.lovendal.ro\/wp52\/wp-content\/uploads\/2023\/05\/un-negru-inteligent.jpg","width":350,"height":330},{"@type":"BreadcrumbList","@id":"https:\/\/www.lovendal.ro\/wp52\/incredibil-un-sclav-african-reusea-acum-3-secole-sa-realizeze-in-minte-operatii-matematice-pe-care-azi-doar-un-calculator-le-ar-putea-face\/#breadcrumb","itemListElement":[{"@type":"ListItem","position":1,"name":"Home","item":"https:\/\/www.lovendal.ro\/wp52\/"},{"@type":"ListItem","position":2,"name":"Incredibil! Un sclav african reu\u015fea acum 3 secole s\u0103 realizeze \u00een minte opera\u0163ii matematice pe care azi doar un calculator le-ar putea face"}]},{"@type":"WebSite","@id":"https:\/\/www.lovendal.ro\/wp52\/#website","url":"https:\/\/www.lovendal.ro\/wp52\/","name":"Secretele lui Lovendal","description":"Site de secrete, stiinta si metafizica - din 2008 -","publisher":{"@id":"https:\/\/www.lovendal.ro\/wp52\/#organization"},"potentialAction":[{"@type":"SearchAction","target":{"@type":"EntryPoint","urlTemplate":"https:\/\/www.lovendal.ro\/wp52\/?s={search_term_string}"},"query-input":{"@type":"PropertyValueSpecification","valueRequired":true,"valueName":"search_term_string"}}],"inLanguage":"ro-RO"},{"@type":"Organization","@id":"https:\/\/www.lovendal.ro\/wp52\/#organization","name":"Secretele lui Lovendal","url":"https:\/\/www.lovendal.ro\/wp52\/","logo":{"@type":"ImageObject","inLanguage":"ro-RO","@id":"https:\/\/www.lovendal.ro\/wp52\/#\/schema\/logo\/image\/","url":"https:\/\/www.lovendal.ro\/wp52\/wp-content\/uploads\/2024\/06\/cropped-SLL-iun-2024-1.jpg","contentUrl":"https:\/\/www.lovendal.ro\/wp52\/wp-content\/uploads\/2024\/06\/cropped-SLL-iun-2024-1.jpg","width":771,"height":240,"caption":"Secretele lui Lovendal"},"image":{"@id":"https:\/\/www.lovendal.ro\/wp52\/#\/schema\/logo\/image\/"},"sameAs":["https:\/\/www.facebook.com\/secreteleluilovendal"]},{"@type":"Person","@id":"https:\/\/www.lovendal.ro\/wp52\/#\/schema\/person\/088691de5dfc346bb0c023e1e52ef5d9","name":"admin","image":{"@type":"ImageObject","inLanguage":"ro-RO","@id":"https:\/\/secure.gravatar.com\/avatar\/ecb9cd41f5f63c9c9b989999a59f6e2639a865ec361e9db054db0679a8f341c2?s=96&d=mm&r=g","url":"https:\/\/secure.gravatar.com\/avatar\/ecb9cd41f5f63c9c9b989999a59f6e2639a865ec361e9db054db0679a8f341c2?s=96&d=mm&r=g","contentUrl":"https:\/\/secure.gravatar.com\/avatar\/ecb9cd41f5f63c9c9b989999a59f6e2639a865ec361e9db054db0679a8f341c2?s=96&d=mm&r=g","caption":"admin"},"sameAs":["https:\/\/www.lovendal.ro\/wp52"]}]}},"_links":{"self":[{"href":"https:\/\/www.lovendal.ro\/wp52\/wp-json\/wp\/v2\/posts\/85487","targetHints":{"allow":["GET"]}}],"collection":[{"href":"https:\/\/www.lovendal.ro\/wp52\/wp-json\/wp\/v2\/posts"}],"about":[{"href":"https:\/\/www.lovendal.ro\/wp52\/wp-json\/wp\/v2\/types\/post"}],"author":[{"embeddable":true,"href":"https:\/\/www.lovendal.ro\/wp52\/wp-json\/wp\/v2\/users\/1"}],"replies":[{"embeddable":true,"href":"https:\/\/www.lovendal.ro\/wp52\/wp-json\/wp\/v2\/comments?post=85487"}],"version-history":[{"count":1,"href":"https:\/\/www.lovendal.ro\/wp52\/wp-json\/wp\/v2\/posts\/85487\/revisions"}],"predecessor-version":[{"id":85489,"href":"https:\/\/www.lovendal.ro\/wp52\/wp-json\/wp\/v2\/posts\/85487\/revisions\/85489"}],"wp:featuredmedia":[{"embeddable":true,"href":"https:\/\/www.lovendal.ro\/wp52\/wp-json\/wp\/v2\/media\/85488"}],"wp:attachment":[{"href":"https:\/\/www.lovendal.ro\/wp52\/wp-json\/wp\/v2\/media?parent=85487"}],"wp:term":[{"taxonomy":"category","embeddable":true,"href":"https:\/\/www.lovendal.ro\/wp52\/wp-json\/wp\/v2\/categories?post=85487"},{"taxonomy":"post_tag","embeddable":true,"href":"https:\/\/www.lovendal.ro\/wp52\/wp-json\/wp\/v2\/tags?post=85487"}],"curies":[{"name":"wp","href":"https:\/\/api.w.org\/{rel}","templated":true}]}}