{"id":8540,"date":"2009-10-27T16:11:33","date_gmt":"2009-10-27T14:11:33","guid":{"rendered":"http:\/\/www.lovendal.net\/wp52\/?p=8540"},"modified":"2009-10-27T16:11:33","modified_gmt":"2009-10-27T14:11:33","slug":"negruzzi-a-mintit-in-sobieski-si-romanii-moldovenii-au-cedat-usor-cetatea-neamtului","status":"publish","type":"post","link":"https:\/\/www.lovendal.ro\/wp52\/negruzzi-a-mintit-in-sobieski-si-romanii-moldovenii-au-cedat-usor-cetatea-neamtului\/","title":{"rendered":"Negruzzi a min\u0163it \u00een &#8222;Sobieski \u015fi rom\u00e2nii&#8221;&#8230;moldovenii au cedat u\u015for Cetatea Neam\u0163ului"},"content":{"rendered":"<p><a href=\"https:\/\/www.lovendal.ro\/wp52\/wp-content\/uploads\/2009\/10\/cetatea-neamtului.jpg\"><img loading=\"lazy\" decoding=\"async\" class=\"alignleft size-full wp-image-8541\" title=\"cetatea neamtului\" src=\"https:\/\/www.lovendal.ro\/wp52\/wp-content\/uploads\/2009\/10\/cetatea-neamtului.jpg\" alt=\"cetatea neamtului\" width=\"364\" height=\"273\" srcset=\"https:\/\/www.lovendal.ro\/wp52\/wp-content\/uploads\/2009\/10\/cetatea-neamtului.jpg 364w, https:\/\/www.lovendal.ro\/wp52\/wp-content\/uploads\/2009\/10\/cetatea-neamtului-300x225.jpg 300w\" sizes=\"auto, (max-width: 364px) 100vw, 364px\" \/><\/a>Cetatea Neam\u0163ului a fost ridicat\u0103 \u00een timpul domniei lui Petru I Mu\u015fat (1375-1391), dar atestat\u0103 documentar \u00een 1395. Ini\u0163ial, aceasta era format\u0103 dintr-un fort central care \u00eenchidea o incint\u0103 cu turnuri \u00een cele patru col\u0163uri. Perioada ei de glorie, avea s\u0103 fie \u00eens\u0103 \u00een timpul lui \u015etefan cel Mare. Ochiul s\u0103u de strateg, a v\u0103zut imediat importan\u0163a excep\u0163ional\u0103 pe care o avea \u00een ap\u0103rare. Ca urmare, porunce\u015fte ca zidurile s\u0103 fie supra\u00een\u0103l\u0163ate, patru noi bastioane ale cur\u0163ii exterioare s\u0103 fie ridicate, iar accesul \u00een cetate s\u0103 se fac\u0103 pe un nou pod \u00een form\u0103 de arc sprijinit pe 11 piloni de piatr\u0103. A fost inspirat! Cetatea n-a cedat nici \u00een fa\u0163a lui Mahomed al II-lea.<\/p>\n<p>P\u0103rea totu\u015fi s\u0103 intre \u00een uitare, c\u00e2nd \u00een 1691, la por\u0163ile ei, ap\u0103ru o armat\u0103 polonez\u0103 condus\u0103 de celebrul Jan Sobieski.<br \/>\nNu exist\u0103 \u015fcolar care s\u0103 nu fi citit povestirea istoric\u0103 a lui Negruzzi <em>\u201eSobieski \u015fi rom\u00e2nii&#8221;<\/em>. Pe scurt, 19 pl\u0103ie\u015fi au rezistat \u00een 1691, timp de 5 zile, unei armate poloneze conduse chiar de regele Ian Sobieski. Alecsandri va aborda \u015fi el acest episod \u00een piesa \u201eCetatea Neam\u0163ului sau Sobieski \u015fi pl\u0103e\u015fii rom\u00e2ni&#8221;.<\/p>\n<p>Ce surs\u0103 de inspira\u0163ie au folosit cei doi scriitori? \u015ei unul, \u015fi cel\u0103lalt au folosit relat\u0103rile lui Dimitrie Cantemir din <em>\u201eIstoria Imperiului Otoman&#8221; <\/em>\u015fi <em>\u201eVia\u0163a lui Constantin Cantemir&#8221;<\/em>. Mai mult, reputa\u0163ii istorici le vor folosi \u00een lucr\u0103rile lor. S\u0103 fie puse sub semnul \u00eendoielii cele scrise de Dimitrie Cantemir? Asediul Cet\u0103\u0163ii Neam\u0163ului a fost descris de Cantemir la mai bine de un sfert de veac. Fire\u015fte, el nu a fost martor ocular, afl\u00e2nd de la oamenii cur\u0163ii tat\u0103lui s\u0103u de atacul regelui polon la Cetatea Neam\u0163ului. C\u00e2nd a scris acestea, el se afla \u00een Rusia \u015fi nimeni nu l-a contrazis.<\/p>\n<p>\u015ei totu\u015fi, un document de mare valoare infirm\u0103 cele scrise de Dimitrie Cantemir. Este jurnalul expedi\u0163iei lui Sobieski, scris de Cazimir Sarneki, nobil lituanian, ce s-a aflat zi de zi \u00een preajma regelui. Fin observator, f\u0103r\u0103 exager\u0103ri, el descrie \u015fi atacul asupra Cet\u0103\u0163ii Neam\u0163ului. <em>\u201eCetatea era de o t\u0103rie deosebit de mare&#8221;, \u201eo oper\u0103 str\u0103veche pe un munte \u00eenalt, st\u00e2ncos, \u00eentr-un p\u0103trat deasupra p\u00e2r\u00e2ului Neam\u0163&#8221;,<\/em> scria el. <em>\u201eExist\u0103 numai un singur acces \u00een cetate&#8230; poarta mare a cet\u0103\u0163ii construit\u0103 din piatr\u0103; a fost un pod pe ea pe st\u00e2lpi mari de piatr\u0103&#8221;.<\/em><\/p>\n<p><strong>Moldovenii s-au omor\u00e2t singuri cu o grenad\u0103!<\/strong><\/p>\n<p>\u015ei iat\u0103 ce s-a \u00eent\u00e2mplat!<\/p>\n<p>Atacat\u0103 cu <em>\u201etunuri mici, c\u0103ci cele mari n-au putut s\u0103 le aduc\u0103 at\u00e2t de repede prin mun\u0163i&#8221;<\/em>, pe <em>\u201ela jum\u0103tatea dup\u0103-amiezii (14 oct. 1691) o grenad\u0103 de-a lor a c\u0103zut \u00een cetate, a smuls m\u00e2na lui bulucba\u015fa (locotenent), \u015fi-a ucis c\u00e2\u0163iva oameni; \u00eendat\u0103 s-au predat \u015fi au dat drumul la ai no\u015ftri la cet\u0103\u0163uia (de lemn) \u015fi la porti\u0163a cet\u0103\u0163ii, au l\u0103sat s\u0103 intre din afar\u0103 garda noastr\u0103 pentru a hot\u0103ra m\u0103ria sa, regele, la a c\u0103ror discre\u0163ie s-au predat. Au ucis c\u00e2\u0163iva oameni dintre ai no\u015ftri cu archebuzele cu c\u00e2rlig \u015fi cu pu\u015ftile lor de m\u00e2n\u0103, ienicere\u015fti&#8221;. S-au predat \u201e\u015fase c\u0103pitani comandan\u0163i sau bulucba\u015fi, unul dintre ei frumos, cu barb\u0103, un num\u0103r de 12 archebuze cu c\u00e2rlig \u015fi 90 de pu\u015fti ienicere\u015fti de m\u00e2n\u0103&#8221;.<\/em> Cazimir Sarnecki ad\u0103ug\u0103 c\u0103 <em>\u201edac\u0103 s-ar fi ap\u0103rat pe via\u0163\u0103 \u015fi pe moarte, ar fi putut&#8230; rezista&#8221;.<\/em><\/p>\n<p>\u201eVinovat&#8221; de acesta poveste este chiar Dimitrie Cantemir. De ce-a f\u0103cut-o? Probabil, pentru a-l ironiza, pe regele polon Sobieski, care venise sub pretextul eliber\u0103rii Moldovei de sub turci, dar care \u00een realitate voia \u0163ara pentru Polonia. Uneori istoria se scrie \u015fi a\u015fa&#8230;<\/p>\n","protected":false},"excerpt":{"rendered":"<p>Cetatea Neam\u0163ului a fost ridicat\u0103 \u00een timpul domniei lui Petru I Mu\u015fat (1375-1391), dar atestat\u0103 documentar \u00een 1395. Ini\u0163ial, aceasta era format\u0103 dintr-un fort central care \u00eenchidea o incint\u0103 cu turnuri \u00een cele patru col\u0163uri. Perioada ei de glorie, avea &#8230; <\/p>\n<p class=\"read-more-container\"><a title=\"Negruzzi a min\u0163it \u00een &#8222;Sobieski \u015fi rom\u00e2nii&#8221;&#8230;moldovenii au cedat u\u015for Cetatea Neam\u0163ului\" class=\"read-more button\" href=\"https:\/\/www.lovendal.ro\/wp52\/negruzzi-a-mintit-in-sobieski-si-romanii-moldovenii-au-cedat-usor-cetatea-neamtului\/#more-8540\" aria-label=\"Cite\u0219te mai multe despre Negruzzi a min\u0163it \u00een &#8222;Sobieski \u015fi rom\u00e2nii&#8221;&#8230;moldovenii au cedat u\u015for Cetatea Neam\u0163ului\">Cititi mai multe<\/a><\/p>\n","protected":false},"author":1,"featured_media":8541,"comment_status":"open","ping_status":"closed","sticky":false,"template":"","format":"standard","meta":{"footnotes":""},"categories":[9],"tags":[2436,2435,1532,377,1176,2433,453,2434],"class_list":["post-8540","post","type-post","status-publish","format-standard","has-post-thumbnail","hentry","category-istorie","tag-cetatea-neamtului","tag-dimitrie-cantemir","tag-istorie-si-civilizatii","tag-moldova","tag-negruzzi","tag-polonie","tag-rege","tag-sobieski","resize-featured-image"],"yoast_head":"<!-- This site is optimized with the Yoast SEO Premium plugin v23.3 (Yoast SEO v27.4) - https:\/\/yoast.com\/product\/yoast-seo-premium-wordpress\/ -->\n<title>Negruzzi a min\u0163it \u00een &quot;Sobieski \u015fi rom\u00e2nii&quot;...moldovenii au cedat u\u015for Cetatea Neam\u0163ului - Secretele lui Lovendal<\/title>\n<meta name=\"robots\" content=\"index, follow, max-snippet:-1, max-image-preview:large, max-video-preview:-1\" \/>\n<link rel=\"canonical\" href=\"https:\/\/www.lovendal.ro\/wp52\/negruzzi-a-mintit-in-sobieski-si-romanii-moldovenii-au-cedat-usor-cetatea-neamtului\/\" \/>\n<meta property=\"og:locale\" content=\"ro_RO\" \/>\n<meta property=\"og:type\" content=\"article\" \/>\n<meta property=\"og:title\" content=\"Negruzzi a min\u0163it \u00een &quot;Sobieski \u015fi rom\u00e2nii&quot;...moldovenii au cedat u\u015for Cetatea Neam\u0163ului\" \/>\n<meta property=\"og:description\" content=\"Cetatea Neam\u0163ului a fost ridicat\u0103 \u00een timpul domniei lui Petru I Mu\u015fat (1375-1391), dar atestat\u0103 documentar \u00een 1395. Ini\u0163ial, aceasta era format\u0103 dintr-un fort central care \u00eenchidea o incint\u0103 cu turnuri \u00een cele patru col\u0163uri. Perioada ei de glorie, avea ... Cititi mai multe\" \/>\n<meta property=\"og:url\" content=\"https:\/\/www.lovendal.ro\/wp52\/negruzzi-a-mintit-in-sobieski-si-romanii-moldovenii-au-cedat-usor-cetatea-neamtului\/\" \/>\n<meta property=\"og:site_name\" content=\"Secretele lui Lovendal\" \/>\n<meta property=\"article:publisher\" content=\"https:\/\/www.facebook.com\/secreteleluilovendal\" \/>\n<meta property=\"article:published_time\" content=\"2009-10-27T14:11:33+00:00\" \/>\n<meta property=\"og:image\" content=\"https:\/\/www.lovendal.ro\/wp52\/wp-content\/uploads\/2009\/10\/cetatea-neamtului.jpg\" \/>\n\t<meta property=\"og:image:width\" content=\"364\" \/>\n\t<meta property=\"og:image:height\" content=\"273\" \/>\n\t<meta property=\"og:image:type\" content=\"image\/jpeg\" \/>\n<meta name=\"author\" content=\"admin\" \/>\n<meta name=\"twitter:card\" content=\"summary_large_image\" \/>\n<meta name=\"twitter:label1\" content=\"Scris de\" \/>\n\t<meta name=\"twitter:data1\" content=\"admin\" \/>\n\t<meta name=\"twitter:label2\" content=\"Timp estimat pentru citire\" \/>\n\t<meta name=\"twitter:data2\" content=\"3 minute\" \/>\n<script type=\"application\/ld+json\" class=\"yoast-schema-graph\">{\"@context\":\"https:\\\/\\\/schema.org\",\"@graph\":[{\"@type\":\"Article\",\"@id\":\"https:\\\/\\\/www.lovendal.ro\\\/wp52\\\/negruzzi-a-mintit-in-sobieski-si-romanii-moldovenii-au-cedat-usor-cetatea-neamtului\\\/#article\",\"isPartOf\":{\"@id\":\"https:\\\/\\\/www.lovendal.ro\\\/wp52\\\/negruzzi-a-mintit-in-sobieski-si-romanii-moldovenii-au-cedat-usor-cetatea-neamtului\\\/\"},\"author\":{\"name\":\"admin\",\"@id\":\"https:\\\/\\\/www.lovendal.ro\\\/wp52\\\/#\\\/schema\\\/person\\\/088691de5dfc346bb0c023e1e52ef5d9\"},\"headline\":\"Negruzzi a min\u0163it \u00een &#8222;Sobieski \u015fi rom\u00e2nii&#8221;&#8230;moldovenii au cedat u\u015for Cetatea Neam\u0163ului\",\"datePublished\":\"2009-10-27T14:11:33+00:00\",\"mainEntityOfPage\":{\"@id\":\"https:\\\/\\\/www.lovendal.ro\\\/wp52\\\/negruzzi-a-mintit-in-sobieski-si-romanii-moldovenii-au-cedat-usor-cetatea-neamtului\\\/\"},\"wordCount\":679,\"commentCount\":5,\"publisher\":{\"@id\":\"https:\\\/\\\/www.lovendal.ro\\\/wp52\\\/#organization\"},\"image\":{\"@id\":\"https:\\\/\\\/www.lovendal.ro\\\/wp52\\\/negruzzi-a-mintit-in-sobieski-si-romanii-moldovenii-au-cedat-usor-cetatea-neamtului\\\/#primaryimage\"},\"thumbnailUrl\":\"https:\\\/\\\/www.lovendal.ro\\\/wp52\\\/wp-content\\\/uploads\\\/2009\\\/10\\\/cetatea-neamtului.jpg\",\"keywords\":[\"Cetatea Neam\u0163ului\",\"Dimitrie Cantemir\",\"Istorie si Civilizatii\",\"Moldova\",\"Negruzzi\",\"Polonie\",\"rege\",\"Sobieski\"],\"articleSection\":[\"Istorie si Civilizatii\"],\"inLanguage\":\"ro-RO\",\"potentialAction\":[{\"@type\":\"CommentAction\",\"name\":\"Comment\",\"target\":[\"https:\\\/\\\/www.lovendal.ro\\\/wp52\\\/negruzzi-a-mintit-in-sobieski-si-romanii-moldovenii-au-cedat-usor-cetatea-neamtului\\\/#respond\"]}]},{\"@type\":\"WebPage\",\"@id\":\"https:\\\/\\\/www.lovendal.ro\\\/wp52\\\/negruzzi-a-mintit-in-sobieski-si-romanii-moldovenii-au-cedat-usor-cetatea-neamtului\\\/\",\"url\":\"https:\\\/\\\/www.lovendal.ro\\\/wp52\\\/negruzzi-a-mintit-in-sobieski-si-romanii-moldovenii-au-cedat-usor-cetatea-neamtului\\\/\",\"name\":\"Negruzzi a min\u0163it \u00een \\\"Sobieski \u015fi rom\u00e2nii\\\"...moldovenii au cedat u\u015for Cetatea Neam\u0163ului - Secretele lui Lovendal\",\"isPartOf\":{\"@id\":\"https:\\\/\\\/www.lovendal.ro\\\/wp52\\\/#website\"},\"primaryImageOfPage\":{\"@id\":\"https:\\\/\\\/www.lovendal.ro\\\/wp52\\\/negruzzi-a-mintit-in-sobieski-si-romanii-moldovenii-au-cedat-usor-cetatea-neamtului\\\/#primaryimage\"},\"image\":{\"@id\":\"https:\\\/\\\/www.lovendal.ro\\\/wp52\\\/negruzzi-a-mintit-in-sobieski-si-romanii-moldovenii-au-cedat-usor-cetatea-neamtului\\\/#primaryimage\"},\"thumbnailUrl\":\"https:\\\/\\\/www.lovendal.ro\\\/wp52\\\/wp-content\\\/uploads\\\/2009\\\/10\\\/cetatea-neamtului.jpg\",\"datePublished\":\"2009-10-27T14:11:33+00:00\",\"breadcrumb\":{\"@id\":\"https:\\\/\\\/www.lovendal.ro\\\/wp52\\\/negruzzi-a-mintit-in-sobieski-si-romanii-moldovenii-au-cedat-usor-cetatea-neamtului\\\/#breadcrumb\"},\"inLanguage\":\"ro-RO\",\"potentialAction\":[{\"@type\":\"ReadAction\",\"target\":[\"https:\\\/\\\/www.lovendal.ro\\\/wp52\\\/negruzzi-a-mintit-in-sobieski-si-romanii-moldovenii-au-cedat-usor-cetatea-neamtului\\\/\"]}]},{\"@type\":\"ImageObject\",\"inLanguage\":\"ro-RO\",\"@id\":\"https:\\\/\\\/www.lovendal.ro\\\/wp52\\\/negruzzi-a-mintit-in-sobieski-si-romanii-moldovenii-au-cedat-usor-cetatea-neamtului\\\/#primaryimage\",\"url\":\"https:\\\/\\\/www.lovendal.ro\\\/wp52\\\/wp-content\\\/uploads\\\/2009\\\/10\\\/cetatea-neamtului.jpg\",\"contentUrl\":\"https:\\\/\\\/www.lovendal.ro\\\/wp52\\\/wp-content\\\/uploads\\\/2009\\\/10\\\/cetatea-neamtului.jpg\",\"width\":\"364\",\"height\":\"273\"},{\"@type\":\"BreadcrumbList\",\"@id\":\"https:\\\/\\\/www.lovendal.ro\\\/wp52\\\/negruzzi-a-mintit-in-sobieski-si-romanii-moldovenii-au-cedat-usor-cetatea-neamtului\\\/#breadcrumb\",\"itemListElement\":[{\"@type\":\"ListItem\",\"position\":1,\"name\":\"Home\",\"item\":\"https:\\\/\\\/www.lovendal.ro\\\/wp52\\\/\"},{\"@type\":\"ListItem\",\"position\":2,\"name\":\"Negruzzi a min\u0163it \u00een &#8222;Sobieski \u015fi rom\u00e2nii&#8221;&#8230;moldovenii au cedat u\u015for Cetatea Neam\u0163ului\"}]},{\"@type\":\"WebSite\",\"@id\":\"https:\\\/\\\/www.lovendal.ro\\\/wp52\\\/#website\",\"url\":\"https:\\\/\\\/www.lovendal.ro\\\/wp52\\\/\",\"name\":\"Secretele lui Lovendal\",\"description\":\"Site de secrete, stiinta si metafizica - din 2008 -\",\"publisher\":{\"@id\":\"https:\\\/\\\/www.lovendal.ro\\\/wp52\\\/#organization\"},\"potentialAction\":[{\"@type\":\"SearchAction\",\"target\":{\"@type\":\"EntryPoint\",\"urlTemplate\":\"https:\\\/\\\/www.lovendal.ro\\\/wp52\\\/?s={search_term_string}\"},\"query-input\":{\"@type\":\"PropertyValueSpecification\",\"valueRequired\":true,\"valueName\":\"search_term_string\"}}],\"inLanguage\":\"ro-RO\"},{\"@type\":\"Organization\",\"@id\":\"https:\\\/\\\/www.lovendal.ro\\\/wp52\\\/#organization\",\"name\":\"Secretele lui Lovendal\",\"url\":\"https:\\\/\\\/www.lovendal.ro\\\/wp52\\\/\",\"logo\":{\"@type\":\"ImageObject\",\"inLanguage\":\"ro-RO\",\"@id\":\"https:\\\/\\\/www.lovendal.ro\\\/wp52\\\/#\\\/schema\\\/logo\\\/image\\\/\",\"url\":\"https:\\\/\\\/www.lovendal.ro\\\/wp52\\\/wp-content\\\/uploads\\\/2024\\\/06\\\/cropped-SLL-iun-2024-1.jpg\",\"contentUrl\":\"https:\\\/\\\/www.lovendal.ro\\\/wp52\\\/wp-content\\\/uploads\\\/2024\\\/06\\\/cropped-SLL-iun-2024-1.jpg\",\"width\":771,\"height\":240,\"caption\":\"Secretele lui Lovendal\"},\"image\":{\"@id\":\"https:\\\/\\\/www.lovendal.ro\\\/wp52\\\/#\\\/schema\\\/logo\\\/image\\\/\"},\"sameAs\":[\"https:\\\/\\\/www.facebook.com\\\/secreteleluilovendal\"]},{\"@type\":\"Person\",\"@id\":\"https:\\\/\\\/www.lovendal.ro\\\/wp52\\\/#\\\/schema\\\/person\\\/088691de5dfc346bb0c023e1e52ef5d9\",\"name\":\"admin\",\"image\":{\"@type\":\"ImageObject\",\"inLanguage\":\"ro-RO\",\"@id\":\"https:\\\/\\\/secure.gravatar.com\\\/avatar\\\/ecb9cd41f5f63c9c9b989999a59f6e2639a865ec361e9db054db0679a8f341c2?s=96&d=mm&r=g\",\"url\":\"https:\\\/\\\/secure.gravatar.com\\\/avatar\\\/ecb9cd41f5f63c9c9b989999a59f6e2639a865ec361e9db054db0679a8f341c2?s=96&d=mm&r=g\",\"contentUrl\":\"https:\\\/\\\/secure.gravatar.com\\\/avatar\\\/ecb9cd41f5f63c9c9b989999a59f6e2639a865ec361e9db054db0679a8f341c2?s=96&d=mm&r=g\",\"caption\":\"admin\"},\"sameAs\":[\"https:\\\/\\\/www.lovendal.ro\\\/wp52\"]}]}<\/script>\n<!-- \/ Yoast SEO Premium plugin. -->","yoast_head_json":{"title":"Negruzzi a min\u0163it \u00een \"Sobieski \u015fi rom\u00e2nii\"...moldovenii au cedat u\u015for Cetatea Neam\u0163ului - Secretele lui Lovendal","robots":{"index":"index","follow":"follow","max-snippet":"max-snippet:-1","max-image-preview":"max-image-preview:large","max-video-preview":"max-video-preview:-1"},"canonical":"https:\/\/www.lovendal.ro\/wp52\/negruzzi-a-mintit-in-sobieski-si-romanii-moldovenii-au-cedat-usor-cetatea-neamtului\/","og_locale":"ro_RO","og_type":"article","og_title":"Negruzzi a min\u0163it \u00een \"Sobieski \u015fi rom\u00e2nii\"...moldovenii au cedat u\u015for Cetatea Neam\u0163ului","og_description":"Cetatea Neam\u0163ului a fost ridicat\u0103 \u00een timpul domniei lui Petru I Mu\u015fat (1375-1391), dar atestat\u0103 documentar \u00een 1395. Ini\u0163ial, aceasta era format\u0103 dintr-un fort central care \u00eenchidea o incint\u0103 cu turnuri \u00een cele patru col\u0163uri. Perioada ei de glorie, avea ... Cititi mai multe","og_url":"https:\/\/www.lovendal.ro\/wp52\/negruzzi-a-mintit-in-sobieski-si-romanii-moldovenii-au-cedat-usor-cetatea-neamtului\/","og_site_name":"Secretele lui Lovendal","article_publisher":"https:\/\/www.facebook.com\/secreteleluilovendal","article_published_time":"2009-10-27T14:11:33+00:00","og_image":[{"width":364,"height":273,"url":"https:\/\/www.lovendal.ro\/wp52\/wp-content\/uploads\/2009\/10\/cetatea-neamtului.jpg","type":"image\/jpeg"}],"author":"admin","twitter_card":"summary_large_image","twitter_misc":{"Scris de":"admin","Timp estimat pentru citire":"3 minute"},"schema":{"@context":"https:\/\/schema.org","@graph":[{"@type":"Article","@id":"https:\/\/www.lovendal.ro\/wp52\/negruzzi-a-mintit-in-sobieski-si-romanii-moldovenii-au-cedat-usor-cetatea-neamtului\/#article","isPartOf":{"@id":"https:\/\/www.lovendal.ro\/wp52\/negruzzi-a-mintit-in-sobieski-si-romanii-moldovenii-au-cedat-usor-cetatea-neamtului\/"},"author":{"name":"admin","@id":"https:\/\/www.lovendal.ro\/wp52\/#\/schema\/person\/088691de5dfc346bb0c023e1e52ef5d9"},"headline":"Negruzzi a min\u0163it \u00een &#8222;Sobieski \u015fi rom\u00e2nii&#8221;&#8230;moldovenii au cedat u\u015for Cetatea Neam\u0163ului","datePublished":"2009-10-27T14:11:33+00:00","mainEntityOfPage":{"@id":"https:\/\/www.lovendal.ro\/wp52\/negruzzi-a-mintit-in-sobieski-si-romanii-moldovenii-au-cedat-usor-cetatea-neamtului\/"},"wordCount":679,"commentCount":5,"publisher":{"@id":"https:\/\/www.lovendal.ro\/wp52\/#organization"},"image":{"@id":"https:\/\/www.lovendal.ro\/wp52\/negruzzi-a-mintit-in-sobieski-si-romanii-moldovenii-au-cedat-usor-cetatea-neamtului\/#primaryimage"},"thumbnailUrl":"https:\/\/www.lovendal.ro\/wp52\/wp-content\/uploads\/2009\/10\/cetatea-neamtului.jpg","keywords":["Cetatea Neam\u0163ului","Dimitrie Cantemir","Istorie si Civilizatii","Moldova","Negruzzi","Polonie","rege","Sobieski"],"articleSection":["Istorie si Civilizatii"],"inLanguage":"ro-RO","potentialAction":[{"@type":"CommentAction","name":"Comment","target":["https:\/\/www.lovendal.ro\/wp52\/negruzzi-a-mintit-in-sobieski-si-romanii-moldovenii-au-cedat-usor-cetatea-neamtului\/#respond"]}]},{"@type":"WebPage","@id":"https:\/\/www.lovendal.ro\/wp52\/negruzzi-a-mintit-in-sobieski-si-romanii-moldovenii-au-cedat-usor-cetatea-neamtului\/","url":"https:\/\/www.lovendal.ro\/wp52\/negruzzi-a-mintit-in-sobieski-si-romanii-moldovenii-au-cedat-usor-cetatea-neamtului\/","name":"Negruzzi a min\u0163it \u00een \"Sobieski \u015fi rom\u00e2nii\"...moldovenii au cedat u\u015for Cetatea Neam\u0163ului - Secretele lui Lovendal","isPartOf":{"@id":"https:\/\/www.lovendal.ro\/wp52\/#website"},"primaryImageOfPage":{"@id":"https:\/\/www.lovendal.ro\/wp52\/negruzzi-a-mintit-in-sobieski-si-romanii-moldovenii-au-cedat-usor-cetatea-neamtului\/#primaryimage"},"image":{"@id":"https:\/\/www.lovendal.ro\/wp52\/negruzzi-a-mintit-in-sobieski-si-romanii-moldovenii-au-cedat-usor-cetatea-neamtului\/#primaryimage"},"thumbnailUrl":"https:\/\/www.lovendal.ro\/wp52\/wp-content\/uploads\/2009\/10\/cetatea-neamtului.jpg","datePublished":"2009-10-27T14:11:33+00:00","breadcrumb":{"@id":"https:\/\/www.lovendal.ro\/wp52\/negruzzi-a-mintit-in-sobieski-si-romanii-moldovenii-au-cedat-usor-cetatea-neamtului\/#breadcrumb"},"inLanguage":"ro-RO","potentialAction":[{"@type":"ReadAction","target":["https:\/\/www.lovendal.ro\/wp52\/negruzzi-a-mintit-in-sobieski-si-romanii-moldovenii-au-cedat-usor-cetatea-neamtului\/"]}]},{"@type":"ImageObject","inLanguage":"ro-RO","@id":"https:\/\/www.lovendal.ro\/wp52\/negruzzi-a-mintit-in-sobieski-si-romanii-moldovenii-au-cedat-usor-cetatea-neamtului\/#primaryimage","url":"https:\/\/www.lovendal.ro\/wp52\/wp-content\/uploads\/2009\/10\/cetatea-neamtului.jpg","contentUrl":"https:\/\/www.lovendal.ro\/wp52\/wp-content\/uploads\/2009\/10\/cetatea-neamtului.jpg","width":"364","height":"273"},{"@type":"BreadcrumbList","@id":"https:\/\/www.lovendal.ro\/wp52\/negruzzi-a-mintit-in-sobieski-si-romanii-moldovenii-au-cedat-usor-cetatea-neamtului\/#breadcrumb","itemListElement":[{"@type":"ListItem","position":1,"name":"Home","item":"https:\/\/www.lovendal.ro\/wp52\/"},{"@type":"ListItem","position":2,"name":"Negruzzi a min\u0163it \u00een &#8222;Sobieski \u015fi rom\u00e2nii&#8221;&#8230;moldovenii au cedat u\u015for Cetatea Neam\u0163ului"}]},{"@type":"WebSite","@id":"https:\/\/www.lovendal.ro\/wp52\/#website","url":"https:\/\/www.lovendal.ro\/wp52\/","name":"Secretele lui Lovendal","description":"Site de secrete, stiinta si metafizica - din 2008 -","publisher":{"@id":"https:\/\/www.lovendal.ro\/wp52\/#organization"},"potentialAction":[{"@type":"SearchAction","target":{"@type":"EntryPoint","urlTemplate":"https:\/\/www.lovendal.ro\/wp52\/?s={search_term_string}"},"query-input":{"@type":"PropertyValueSpecification","valueRequired":true,"valueName":"search_term_string"}}],"inLanguage":"ro-RO"},{"@type":"Organization","@id":"https:\/\/www.lovendal.ro\/wp52\/#organization","name":"Secretele lui Lovendal","url":"https:\/\/www.lovendal.ro\/wp52\/","logo":{"@type":"ImageObject","inLanguage":"ro-RO","@id":"https:\/\/www.lovendal.ro\/wp52\/#\/schema\/logo\/image\/","url":"https:\/\/www.lovendal.ro\/wp52\/wp-content\/uploads\/2024\/06\/cropped-SLL-iun-2024-1.jpg","contentUrl":"https:\/\/www.lovendal.ro\/wp52\/wp-content\/uploads\/2024\/06\/cropped-SLL-iun-2024-1.jpg","width":771,"height":240,"caption":"Secretele lui Lovendal"},"image":{"@id":"https:\/\/www.lovendal.ro\/wp52\/#\/schema\/logo\/image\/"},"sameAs":["https:\/\/www.facebook.com\/secreteleluilovendal"]},{"@type":"Person","@id":"https:\/\/www.lovendal.ro\/wp52\/#\/schema\/person\/088691de5dfc346bb0c023e1e52ef5d9","name":"admin","image":{"@type":"ImageObject","inLanguage":"ro-RO","@id":"https:\/\/secure.gravatar.com\/avatar\/ecb9cd41f5f63c9c9b989999a59f6e2639a865ec361e9db054db0679a8f341c2?s=96&d=mm&r=g","url":"https:\/\/secure.gravatar.com\/avatar\/ecb9cd41f5f63c9c9b989999a59f6e2639a865ec361e9db054db0679a8f341c2?s=96&d=mm&r=g","contentUrl":"https:\/\/secure.gravatar.com\/avatar\/ecb9cd41f5f63c9c9b989999a59f6e2639a865ec361e9db054db0679a8f341c2?s=96&d=mm&r=g","caption":"admin"},"sameAs":["https:\/\/www.lovendal.ro\/wp52"]}]}},"_links":{"self":[{"href":"https:\/\/www.lovendal.ro\/wp52\/wp-json\/wp\/v2\/posts\/8540","targetHints":{"allow":["GET"]}}],"collection":[{"href":"https:\/\/www.lovendal.ro\/wp52\/wp-json\/wp\/v2\/posts"}],"about":[{"href":"https:\/\/www.lovendal.ro\/wp52\/wp-json\/wp\/v2\/types\/post"}],"author":[{"embeddable":true,"href":"https:\/\/www.lovendal.ro\/wp52\/wp-json\/wp\/v2\/users\/1"}],"replies":[{"embeddable":true,"href":"https:\/\/www.lovendal.ro\/wp52\/wp-json\/wp\/v2\/comments?post=8540"}],"version-history":[{"count":0,"href":"https:\/\/www.lovendal.ro\/wp52\/wp-json\/wp\/v2\/posts\/8540\/revisions"}],"wp:featuredmedia":[{"embeddable":true,"href":"https:\/\/www.lovendal.ro\/wp52\/wp-json\/wp\/v2\/media\/8541"}],"wp:attachment":[{"href":"https:\/\/www.lovendal.ro\/wp52\/wp-json\/wp\/v2\/media?parent=8540"}],"wp:term":[{"taxonomy":"category","embeddable":true,"href":"https:\/\/www.lovendal.ro\/wp52\/wp-json\/wp\/v2\/categories?post=8540"},{"taxonomy":"post_tag","embeddable":true,"href":"https:\/\/www.lovendal.ro\/wp52\/wp-json\/wp\/v2\/tags?post=8540"}],"curies":[{"name":"wp","href":"https:\/\/api.w.org\/{rel}","templated":true}]}}