{"id":85289,"date":"2023-04-25T09:53:19","date_gmt":"2023-04-25T06:53:19","guid":{"rendered":"https:\/\/www.lovendal.ro\/wp52\/?p=85289"},"modified":"2023-04-25T09:53:19","modified_gmt":"2023-04-25T06:53:19","slug":"de-ce-1-3-din-limba-mayasa-este-limba-greaca-pura-de-ce-limba-din-tara-bascilor-nu-se-aseamana-deloc-cu-nicio-limba-europeana-o-mare-enigma-le-leaga","status":"publish","type":"post","link":"https:\/\/www.lovendal.ro\/wp52\/de-ce-1-3-din-limba-mayasa-este-limba-greaca-pura-de-ce-limba-din-tara-bascilor-nu-se-aseamana-deloc-cu-nicio-limba-europeana-o-mare-enigma-le-leaga\/","title":{"rendered":"De ce 1\/3 din limba maya\u015f\u0103 este limb\u0103 greac\u0103 pur\u0103? De ce limba din \u0162ara Bascilor nu se aseam\u0103n\u0103 deloc cu nicio limb\u0103 european\u0103? O mare enigm\u0103 le leag\u0103&#8230;"},"content":{"rendered":"<p><a href=\"https:\/\/www.lovendal.ro\/wp52\/wp-content\/uploads\/2023\/04\/civilizatii-vechi.jpg\"><img loading=\"lazy\" decoding=\"async\" class=\"alignleft size-full wp-image-85290\" src=\"https:\/\/www.lovendal.ro\/wp52\/wp-content\/uploads\/2023\/04\/civilizatii-vechi.jpg\" alt=\"\" width=\"361\" height=\"240\" srcset=\"https:\/\/www.lovendal.ro\/wp52\/wp-content\/uploads\/2023\/04\/civilizatii-vechi.jpg 361w, https:\/\/www.lovendal.ro\/wp52\/wp-content\/uploads\/2023\/04\/civilizatii-vechi-300x199.jpg 300w\" sizes=\"auto, (max-width: 361px) 100vw, 361px\" \/><\/a>Limba din \u0162ara Bascilor (o regiunea din Spania) este singura dintre limbile europene care nu are similitudini cu nici o alta din tot continentul european. Potrivit celor ar\u0103tate de cercet\u0103torul Farrar, <em>&#8222;nu a existat niciodat\u0103 niciun dubiu c\u0103 aceast\u0103 limb\u0103 izolat\u0103, ce \u015fi-a p\u0103strat identitatea proprie \u00eentr-un col\u0163 \u00eendep\u0103rtat din vestul Europei, vorbit\u0103 \u00eentre dou\u0103 regate puternice, se aseam\u0103n\u0103 ca structur\u0103 cu limbile aborigene vorbite \u00eentr-un vast continent aflat la antipod (America)&#8221;<\/em>.<\/p>\n<p>Se pare c\u0103 fenicienii au fost primul popor din emisfera de est care a folosit alfabetul fonetic, caracterele fiind considerate ca simple semne pentru sunete. Este un fapt curios c\u0103 la o dat\u0103 destul de prematur\u0103 g\u0103sim un alfabet fonetic \u00een America Central\u0103, la maya\u015fii din peninsula Yucatan. Tradi\u0163iile maya\u015filor amintesc de altfel despre originea civiliza\u0163iei lor dintr-un \u0163inut din est, de peste m\u0103ri.<\/p>\n<p>Un cercet\u0103tor, pe nume Le Plongeon, spunea c\u0103: <em>&#8222;O treime din aceast\u0103 limb\u0103 (maya\u015fa) este greac\u0103 pur\u0103. Cine a adus dialectul lui Homer \u00een America? Sau cine a dus \u00een Grecia limba maya\u015filor? Greaca este descendenta sanscritei. Este limba greac\u0103 de origine maya\u015f\u0103? Sunt greaca \u015fi maya\u015fa limbi contemporane? \u015ei mai surprinz\u0103tor \u00eenc\u0103 este faptul c\u0103 13 litere din alfabetul maya\u015f se aseam\u0103n\u0103 foarte mult cu semnele hieroglifice egiptene, folosite pentru acelea\u015fi litere&#8221;.<\/em><\/p>\n<p>Este foarte probabil ca primele forme de alfabet s\u0103 fi fost hieroglifice &#8211; &#8222;scrierea zeilor&#8221;, cum i se spunea \u00een Egipt &#8211; urm\u00e2nd ca mai t\u00e2rziu acestea s\u0103 devin\u0103 scriere fonetic\u0103 \u00een miticul continent al Atlantidei. Pare foarte normal\u0103 deduc\u0163ia c\u0103 egiptenii au fost una dintre primele colonii ale Atlantidei (ceea ce ar fi un fapt real) \u015fi c\u0103 ei au adus, al\u0103turi de alte elemente de civiliza\u0163ie, \u015fi un tip primitiv de scriere ce \u015fi-a l\u0103sat urmele pe ambele emisfere. Asta \u00een timp ce fenicienii, care erau un popor de navigatori, au preluat \u015fi asimilat cea de-a doua form\u0103 de alfabet, ei f\u0103c\u00e2nd voiaje comerciale \u00een vest, la popoarele de acolo.<\/p>\n<p>Un alt element ce se poate observa cu destul\u0103 u\u015furin\u0163\u0103 este extraordinara asem\u0103nare dintre numeroase cuvinte ebraice \u015fi unele cuvinte (cu sens identic) din limba Chiapenecs &#8211; un dialect maya\u015f &#8211; precum \u015fi cu cele mai vechi limbi din America Central\u0103.<\/p>\n<p>Asem\u0103narea limbilor vorbite de cele mai s\u0103lbatice neamuri care locuiesc pe insulele din Pacific a fost folosit\u0103 ca argumenta\u0163ie \u00een diverse lucr\u0103ri din acest domeniu. Existen\u0163a limbilor asem\u0103n\u0103toare, vorbite de popoare separate de mii \u015fi mii de kilometri de ocean &#8211; ocean care \u00een vechime nu putea s\u0103 fie traversat din lips\u0103 de mijloace de transport &#8211; este, cu siguran\u0163\u0103, un argument \u00een favoarea descenden\u0163ei lor dintr-o singur\u0103 ras\u0103, ce a locuit pe un singur continent. Continentul \u00een cauz\u0103 nu a fost Atlantida, ci altul care, legenda spune a existat cu mult mai \u00eenainte: Lemuria.<\/p>\n","protected":false},"excerpt":{"rendered":"<p>Limba din \u0162ara Bascilor (o regiunea din Spania) este singura dintre limbile europene care nu are similitudini cu nici o alta din tot continentul european. Potrivit celor ar\u0103tate de cercet\u0103torul Farrar, &#8222;nu a existat niciodat\u0103 niciun dubiu c\u0103 aceast\u0103 limb\u0103 &#8230; <\/p>\n<p class=\"read-more-container\"><a title=\"De ce 1\/3 din limba maya\u015f\u0103 este limb\u0103 greac\u0103 pur\u0103? De ce limba din \u0162ara Bascilor nu se aseam\u0103n\u0103 deloc cu nicio limb\u0103 european\u0103? O mare enigm\u0103 le leag\u0103&#8230;\" class=\"read-more button\" href=\"https:\/\/www.lovendal.ro\/wp52\/de-ce-1-3-din-limba-mayasa-este-limba-greaca-pura-de-ce-limba-din-tara-bascilor-nu-se-aseamana-deloc-cu-nicio-limba-europeana-o-mare-enigma-le-leaga\/#more-85289\" aria-label=\"Cite\u0219te mai multe despre De ce 1\/3 din limba maya\u015f\u0103 este limb\u0103 greac\u0103 pur\u0103? De ce limba din \u0162ara Bascilor nu se aseam\u0103n\u0103 deloc cu nicio limb\u0103 european\u0103? O mare enigm\u0103 le leag\u0103&#8230;\">Cititi mai multe<\/a><\/p>\n","protected":false},"author":1,"featured_media":85290,"comment_status":"open","ping_status":"open","sticky":false,"template":"","format":"standard","meta":{"footnotes":""},"categories":[9],"tags":[10,5583,192,2410,1167,341,1760,375,2338,1532,2409,4120,489,1973,318,11061,5537,4429],"class_list":["post-85289","post","type-post","status-publish","format-standard","has-post-thumbnail","hentry","category-istorie","tag-america","tag-america-centrala","tag-atlantida","tag-continent","tag-egipteni","tag-europa","tag-fenicieni","tag-grecia","tag-homer","tag-istorie-si-civilizatii","tag-lemuria","tag-limba-greaca","tag-mayasi","tag-oceanul-pacific","tag-spania","tag-tara-bascilor","tag-yucatan","tag-zei","resize-featured-image"],"yoast_head":"<!-- This site is optimized with the Yoast SEO Premium plugin v23.3 (Yoast SEO v27.4) - https:\/\/yoast.com\/product\/yoast-seo-premium-wordpress\/ -->\n<title>De ce 1\/3 din limba maya\u015f\u0103 este limb\u0103 greac\u0103 pur\u0103? De ce limba din \u0162ara Bascilor nu se aseam\u0103n\u0103 deloc cu nicio limb\u0103 european\u0103? O mare enigm\u0103 le leag\u0103... - Secretele lui Lovendal<\/title>\n<meta name=\"robots\" content=\"index, follow, max-snippet:-1, max-image-preview:large, max-video-preview:-1\" \/>\n<link rel=\"canonical\" href=\"https:\/\/www.lovendal.ro\/wp52\/de-ce-1-3-din-limba-mayasa-este-limba-greaca-pura-de-ce-limba-din-tara-bascilor-nu-se-aseamana-deloc-cu-nicio-limba-europeana-o-mare-enigma-le-leaga\/\" \/>\n<meta property=\"og:locale\" content=\"ro_RO\" \/>\n<meta property=\"og:type\" content=\"article\" \/>\n<meta property=\"og:title\" content=\"De ce 1\/3 din limba maya\u015f\u0103 este limb\u0103 greac\u0103 pur\u0103? De ce limba din \u0162ara Bascilor nu se aseam\u0103n\u0103 deloc cu nicio limb\u0103 european\u0103? O mare enigm\u0103 le leag\u0103...\" \/>\n<meta property=\"og:description\" content=\"Limba din \u0162ara Bascilor (o regiunea din Spania) este singura dintre limbile europene care nu are similitudini cu nici o alta din tot continentul european. Potrivit celor ar\u0103tate de cercet\u0103torul Farrar, &#8222;nu a existat niciodat\u0103 niciun dubiu c\u0103 aceast\u0103 limb\u0103 ... Cititi mai multe\" \/>\n<meta property=\"og:url\" content=\"https:\/\/www.lovendal.ro\/wp52\/de-ce-1-3-din-limba-mayasa-este-limba-greaca-pura-de-ce-limba-din-tara-bascilor-nu-se-aseamana-deloc-cu-nicio-limba-europeana-o-mare-enigma-le-leaga\/\" \/>\n<meta property=\"og:site_name\" content=\"Secretele lui Lovendal\" \/>\n<meta property=\"article:publisher\" content=\"https:\/\/www.facebook.com\/secreteleluilovendal\" \/>\n<meta property=\"article:published_time\" content=\"2023-04-25T06:53:19+00:00\" \/>\n<meta property=\"og:image\" content=\"https:\/\/www.lovendal.ro\/wp52\/wp-content\/uploads\/2023\/04\/civilizatii-vechi.jpg\" \/>\n\t<meta property=\"og:image:width\" content=\"361\" \/>\n\t<meta property=\"og:image:height\" content=\"240\" \/>\n\t<meta property=\"og:image:type\" content=\"image\/jpeg\" \/>\n<meta name=\"author\" content=\"admin\" \/>\n<meta name=\"twitter:card\" content=\"summary_large_image\" \/>\n<meta name=\"twitter:label1\" content=\"Scris de\" \/>\n\t<meta name=\"twitter:data1\" content=\"admin\" \/>\n\t<meta name=\"twitter:label2\" content=\"Timp estimat pentru citire\" \/>\n\t<meta name=\"twitter:data2\" content=\"2 minute\" \/>\n<script type=\"application\/ld+json\" class=\"yoast-schema-graph\">{\"@context\":\"https:\\\/\\\/schema.org\",\"@graph\":[{\"@type\":\"Article\",\"@id\":\"https:\\\/\\\/www.lovendal.ro\\\/wp52\\\/de-ce-1-3-din-limba-mayasa-este-limba-greaca-pura-de-ce-limba-din-tara-bascilor-nu-se-aseamana-deloc-cu-nicio-limba-europeana-o-mare-enigma-le-leaga\\\/#article\",\"isPartOf\":{\"@id\":\"https:\\\/\\\/www.lovendal.ro\\\/wp52\\\/de-ce-1-3-din-limba-mayasa-este-limba-greaca-pura-de-ce-limba-din-tara-bascilor-nu-se-aseamana-deloc-cu-nicio-limba-europeana-o-mare-enigma-le-leaga\\\/\"},\"author\":{\"name\":\"admin\",\"@id\":\"https:\\\/\\\/www.lovendal.ro\\\/wp52\\\/#\\\/schema\\\/person\\\/088691de5dfc346bb0c023e1e52ef5d9\"},\"headline\":\"De ce 1\\\/3 din limba maya\u015f\u0103 este limb\u0103 greac\u0103 pur\u0103? De ce limba din \u0162ara Bascilor nu se aseam\u0103n\u0103 deloc cu nicio limb\u0103 european\u0103? O mare enigm\u0103 le leag\u0103&#8230;\",\"datePublished\":\"2023-04-25T06:53:19+00:00\",\"mainEntityOfPage\":{\"@id\":\"https:\\\/\\\/www.lovendal.ro\\\/wp52\\\/de-ce-1-3-din-limba-mayasa-este-limba-greaca-pura-de-ce-limba-din-tara-bascilor-nu-se-aseamana-deloc-cu-nicio-limba-europeana-o-mare-enigma-le-leaga\\\/\"},\"wordCount\":521,\"commentCount\":0,\"publisher\":{\"@id\":\"https:\\\/\\\/www.lovendal.ro\\\/wp52\\\/#organization\"},\"image\":{\"@id\":\"https:\\\/\\\/www.lovendal.ro\\\/wp52\\\/de-ce-1-3-din-limba-mayasa-este-limba-greaca-pura-de-ce-limba-din-tara-bascilor-nu-se-aseamana-deloc-cu-nicio-limba-europeana-o-mare-enigma-le-leaga\\\/#primaryimage\"},\"thumbnailUrl\":\"https:\\\/\\\/www.lovendal.ro\\\/wp52\\\/wp-content\\\/uploads\\\/2023\\\/04\\\/civilizatii-vechi.jpg\",\"keywords\":[\"America\",\"America Central\u0103\",\"Atlantida\",\"continent\",\"egipteni\",\"Europa\",\"fenicieni\",\"Grecia\",\"Homer\",\"Istorie si Civilizatii\",\"Lemuria\",\"limba greac\u0103\",\"maya\u015fi\",\"Oceanul Pacific\",\"Spania\",\"\u0162ara Bascilor\",\"Yucatan\",\"zei\"],\"articleSection\":[\"Istorie si Civilizatii\"],\"inLanguage\":\"ro-RO\",\"potentialAction\":[{\"@type\":\"CommentAction\",\"name\":\"Comment\",\"target\":[\"https:\\\/\\\/www.lovendal.ro\\\/wp52\\\/de-ce-1-3-din-limba-mayasa-este-limba-greaca-pura-de-ce-limba-din-tara-bascilor-nu-se-aseamana-deloc-cu-nicio-limba-europeana-o-mare-enigma-le-leaga\\\/#respond\"]}]},{\"@type\":\"WebPage\",\"@id\":\"https:\\\/\\\/www.lovendal.ro\\\/wp52\\\/de-ce-1-3-din-limba-mayasa-este-limba-greaca-pura-de-ce-limba-din-tara-bascilor-nu-se-aseamana-deloc-cu-nicio-limba-europeana-o-mare-enigma-le-leaga\\\/\",\"url\":\"https:\\\/\\\/www.lovendal.ro\\\/wp52\\\/de-ce-1-3-din-limba-mayasa-este-limba-greaca-pura-de-ce-limba-din-tara-bascilor-nu-se-aseamana-deloc-cu-nicio-limba-europeana-o-mare-enigma-le-leaga\\\/\",\"name\":\"De ce 1\\\/3 din limba maya\u015f\u0103 este limb\u0103 greac\u0103 pur\u0103? De ce limba din \u0162ara Bascilor nu se aseam\u0103n\u0103 deloc cu nicio limb\u0103 european\u0103? O mare enigm\u0103 le leag\u0103... - Secretele lui Lovendal\",\"isPartOf\":{\"@id\":\"https:\\\/\\\/www.lovendal.ro\\\/wp52\\\/#website\"},\"primaryImageOfPage\":{\"@id\":\"https:\\\/\\\/www.lovendal.ro\\\/wp52\\\/de-ce-1-3-din-limba-mayasa-este-limba-greaca-pura-de-ce-limba-din-tara-bascilor-nu-se-aseamana-deloc-cu-nicio-limba-europeana-o-mare-enigma-le-leaga\\\/#primaryimage\"},\"image\":{\"@id\":\"https:\\\/\\\/www.lovendal.ro\\\/wp52\\\/de-ce-1-3-din-limba-mayasa-este-limba-greaca-pura-de-ce-limba-din-tara-bascilor-nu-se-aseamana-deloc-cu-nicio-limba-europeana-o-mare-enigma-le-leaga\\\/#primaryimage\"},\"thumbnailUrl\":\"https:\\\/\\\/www.lovendal.ro\\\/wp52\\\/wp-content\\\/uploads\\\/2023\\\/04\\\/civilizatii-vechi.jpg\",\"datePublished\":\"2023-04-25T06:53:19+00:00\",\"breadcrumb\":{\"@id\":\"https:\\\/\\\/www.lovendal.ro\\\/wp52\\\/de-ce-1-3-din-limba-mayasa-este-limba-greaca-pura-de-ce-limba-din-tara-bascilor-nu-se-aseamana-deloc-cu-nicio-limba-europeana-o-mare-enigma-le-leaga\\\/#breadcrumb\"},\"inLanguage\":\"ro-RO\",\"potentialAction\":[{\"@type\":\"ReadAction\",\"target\":[\"https:\\\/\\\/www.lovendal.ro\\\/wp52\\\/de-ce-1-3-din-limba-mayasa-este-limba-greaca-pura-de-ce-limba-din-tara-bascilor-nu-se-aseamana-deloc-cu-nicio-limba-europeana-o-mare-enigma-le-leaga\\\/\"]}]},{\"@type\":\"ImageObject\",\"inLanguage\":\"ro-RO\",\"@id\":\"https:\\\/\\\/www.lovendal.ro\\\/wp52\\\/de-ce-1-3-din-limba-mayasa-este-limba-greaca-pura-de-ce-limba-din-tara-bascilor-nu-se-aseamana-deloc-cu-nicio-limba-europeana-o-mare-enigma-le-leaga\\\/#primaryimage\",\"url\":\"https:\\\/\\\/www.lovendal.ro\\\/wp52\\\/wp-content\\\/uploads\\\/2023\\\/04\\\/civilizatii-vechi.jpg\",\"contentUrl\":\"https:\\\/\\\/www.lovendal.ro\\\/wp52\\\/wp-content\\\/uploads\\\/2023\\\/04\\\/civilizatii-vechi.jpg\",\"width\":361,\"height\":240},{\"@type\":\"BreadcrumbList\",\"@id\":\"https:\\\/\\\/www.lovendal.ro\\\/wp52\\\/de-ce-1-3-din-limba-mayasa-este-limba-greaca-pura-de-ce-limba-din-tara-bascilor-nu-se-aseamana-deloc-cu-nicio-limba-europeana-o-mare-enigma-le-leaga\\\/#breadcrumb\",\"itemListElement\":[{\"@type\":\"ListItem\",\"position\":1,\"name\":\"Home\",\"item\":\"https:\\\/\\\/www.lovendal.ro\\\/wp52\\\/\"},{\"@type\":\"ListItem\",\"position\":2,\"name\":\"De ce 1\\\/3 din limba maya\u015f\u0103 este limb\u0103 greac\u0103 pur\u0103? De ce limba din \u0162ara Bascilor nu se aseam\u0103n\u0103 deloc cu nicio limb\u0103 european\u0103? O mare enigm\u0103 le leag\u0103&#8230;\"}]},{\"@type\":\"WebSite\",\"@id\":\"https:\\\/\\\/www.lovendal.ro\\\/wp52\\\/#website\",\"url\":\"https:\\\/\\\/www.lovendal.ro\\\/wp52\\\/\",\"name\":\"Secretele lui Lovendal\",\"description\":\"Site de secrete, stiinta si metafizica - din 2008 -\",\"publisher\":{\"@id\":\"https:\\\/\\\/www.lovendal.ro\\\/wp52\\\/#organization\"},\"potentialAction\":[{\"@type\":\"SearchAction\",\"target\":{\"@type\":\"EntryPoint\",\"urlTemplate\":\"https:\\\/\\\/www.lovendal.ro\\\/wp52\\\/?s={search_term_string}\"},\"query-input\":{\"@type\":\"PropertyValueSpecification\",\"valueRequired\":true,\"valueName\":\"search_term_string\"}}],\"inLanguage\":\"ro-RO\"},{\"@type\":\"Organization\",\"@id\":\"https:\\\/\\\/www.lovendal.ro\\\/wp52\\\/#organization\",\"name\":\"Secretele lui Lovendal\",\"url\":\"https:\\\/\\\/www.lovendal.ro\\\/wp52\\\/\",\"logo\":{\"@type\":\"ImageObject\",\"inLanguage\":\"ro-RO\",\"@id\":\"https:\\\/\\\/www.lovendal.ro\\\/wp52\\\/#\\\/schema\\\/logo\\\/image\\\/\",\"url\":\"https:\\\/\\\/www.lovendal.ro\\\/wp52\\\/wp-content\\\/uploads\\\/2024\\\/06\\\/cropped-SLL-iun-2024-1.jpg\",\"contentUrl\":\"https:\\\/\\\/www.lovendal.ro\\\/wp52\\\/wp-content\\\/uploads\\\/2024\\\/06\\\/cropped-SLL-iun-2024-1.jpg\",\"width\":771,\"height\":240,\"caption\":\"Secretele lui Lovendal\"},\"image\":{\"@id\":\"https:\\\/\\\/www.lovendal.ro\\\/wp52\\\/#\\\/schema\\\/logo\\\/image\\\/\"},\"sameAs\":[\"https:\\\/\\\/www.facebook.com\\\/secreteleluilovendal\"]},{\"@type\":\"Person\",\"@id\":\"https:\\\/\\\/www.lovendal.ro\\\/wp52\\\/#\\\/schema\\\/person\\\/088691de5dfc346bb0c023e1e52ef5d9\",\"name\":\"admin\",\"image\":{\"@type\":\"ImageObject\",\"inLanguage\":\"ro-RO\",\"@id\":\"https:\\\/\\\/secure.gravatar.com\\\/avatar\\\/ecb9cd41f5f63c9c9b989999a59f6e2639a865ec361e9db054db0679a8f341c2?s=96&d=mm&r=g\",\"url\":\"https:\\\/\\\/secure.gravatar.com\\\/avatar\\\/ecb9cd41f5f63c9c9b989999a59f6e2639a865ec361e9db054db0679a8f341c2?s=96&d=mm&r=g\",\"contentUrl\":\"https:\\\/\\\/secure.gravatar.com\\\/avatar\\\/ecb9cd41f5f63c9c9b989999a59f6e2639a865ec361e9db054db0679a8f341c2?s=96&d=mm&r=g\",\"caption\":\"admin\"},\"sameAs\":[\"https:\\\/\\\/www.lovendal.ro\\\/wp52\"]}]}<\/script>\n<!-- \/ Yoast SEO Premium plugin. -->","yoast_head_json":{"title":"De ce 1\/3 din limba maya\u015f\u0103 este limb\u0103 greac\u0103 pur\u0103? De ce limba din \u0162ara Bascilor nu se aseam\u0103n\u0103 deloc cu nicio limb\u0103 european\u0103? O mare enigm\u0103 le leag\u0103... - Secretele lui Lovendal","robots":{"index":"index","follow":"follow","max-snippet":"max-snippet:-1","max-image-preview":"max-image-preview:large","max-video-preview":"max-video-preview:-1"},"canonical":"https:\/\/www.lovendal.ro\/wp52\/de-ce-1-3-din-limba-mayasa-este-limba-greaca-pura-de-ce-limba-din-tara-bascilor-nu-se-aseamana-deloc-cu-nicio-limba-europeana-o-mare-enigma-le-leaga\/","og_locale":"ro_RO","og_type":"article","og_title":"De ce 1\/3 din limba maya\u015f\u0103 este limb\u0103 greac\u0103 pur\u0103? De ce limba din \u0162ara Bascilor nu se aseam\u0103n\u0103 deloc cu nicio limb\u0103 european\u0103? O mare enigm\u0103 le leag\u0103...","og_description":"Limba din \u0162ara Bascilor (o regiunea din Spania) este singura dintre limbile europene care nu are similitudini cu nici o alta din tot continentul european. Potrivit celor ar\u0103tate de cercet\u0103torul Farrar, &#8222;nu a existat niciodat\u0103 niciun dubiu c\u0103 aceast\u0103 limb\u0103 ... Cititi mai multe","og_url":"https:\/\/www.lovendal.ro\/wp52\/de-ce-1-3-din-limba-mayasa-este-limba-greaca-pura-de-ce-limba-din-tara-bascilor-nu-se-aseamana-deloc-cu-nicio-limba-europeana-o-mare-enigma-le-leaga\/","og_site_name":"Secretele lui Lovendal","article_publisher":"https:\/\/www.facebook.com\/secreteleluilovendal","article_published_time":"2023-04-25T06:53:19+00:00","og_image":[{"width":361,"height":240,"url":"https:\/\/www.lovendal.ro\/wp52\/wp-content\/uploads\/2023\/04\/civilizatii-vechi.jpg","type":"image\/jpeg"}],"author":"admin","twitter_card":"summary_large_image","twitter_misc":{"Scris de":"admin","Timp estimat pentru citire":"2 minute"},"schema":{"@context":"https:\/\/schema.org","@graph":[{"@type":"Article","@id":"https:\/\/www.lovendal.ro\/wp52\/de-ce-1-3-din-limba-mayasa-este-limba-greaca-pura-de-ce-limba-din-tara-bascilor-nu-se-aseamana-deloc-cu-nicio-limba-europeana-o-mare-enigma-le-leaga\/#article","isPartOf":{"@id":"https:\/\/www.lovendal.ro\/wp52\/de-ce-1-3-din-limba-mayasa-este-limba-greaca-pura-de-ce-limba-din-tara-bascilor-nu-se-aseamana-deloc-cu-nicio-limba-europeana-o-mare-enigma-le-leaga\/"},"author":{"name":"admin","@id":"https:\/\/www.lovendal.ro\/wp52\/#\/schema\/person\/088691de5dfc346bb0c023e1e52ef5d9"},"headline":"De ce 1\/3 din limba maya\u015f\u0103 este limb\u0103 greac\u0103 pur\u0103? De ce limba din \u0162ara Bascilor nu se aseam\u0103n\u0103 deloc cu nicio limb\u0103 european\u0103? O mare enigm\u0103 le leag\u0103&#8230;","datePublished":"2023-04-25T06:53:19+00:00","mainEntityOfPage":{"@id":"https:\/\/www.lovendal.ro\/wp52\/de-ce-1-3-din-limba-mayasa-este-limba-greaca-pura-de-ce-limba-din-tara-bascilor-nu-se-aseamana-deloc-cu-nicio-limba-europeana-o-mare-enigma-le-leaga\/"},"wordCount":521,"commentCount":0,"publisher":{"@id":"https:\/\/www.lovendal.ro\/wp52\/#organization"},"image":{"@id":"https:\/\/www.lovendal.ro\/wp52\/de-ce-1-3-din-limba-mayasa-este-limba-greaca-pura-de-ce-limba-din-tara-bascilor-nu-se-aseamana-deloc-cu-nicio-limba-europeana-o-mare-enigma-le-leaga\/#primaryimage"},"thumbnailUrl":"https:\/\/www.lovendal.ro\/wp52\/wp-content\/uploads\/2023\/04\/civilizatii-vechi.jpg","keywords":["America","America Central\u0103","Atlantida","continent","egipteni","Europa","fenicieni","Grecia","Homer","Istorie si Civilizatii","Lemuria","limba greac\u0103","maya\u015fi","Oceanul Pacific","Spania","\u0162ara Bascilor","Yucatan","zei"],"articleSection":["Istorie si Civilizatii"],"inLanguage":"ro-RO","potentialAction":[{"@type":"CommentAction","name":"Comment","target":["https:\/\/www.lovendal.ro\/wp52\/de-ce-1-3-din-limba-mayasa-este-limba-greaca-pura-de-ce-limba-din-tara-bascilor-nu-se-aseamana-deloc-cu-nicio-limba-europeana-o-mare-enigma-le-leaga\/#respond"]}]},{"@type":"WebPage","@id":"https:\/\/www.lovendal.ro\/wp52\/de-ce-1-3-din-limba-mayasa-este-limba-greaca-pura-de-ce-limba-din-tara-bascilor-nu-se-aseamana-deloc-cu-nicio-limba-europeana-o-mare-enigma-le-leaga\/","url":"https:\/\/www.lovendal.ro\/wp52\/de-ce-1-3-din-limba-mayasa-este-limba-greaca-pura-de-ce-limba-din-tara-bascilor-nu-se-aseamana-deloc-cu-nicio-limba-europeana-o-mare-enigma-le-leaga\/","name":"De ce 1\/3 din limba maya\u015f\u0103 este limb\u0103 greac\u0103 pur\u0103? De ce limba din \u0162ara Bascilor nu se aseam\u0103n\u0103 deloc cu nicio limb\u0103 european\u0103? O mare enigm\u0103 le leag\u0103... - Secretele lui Lovendal","isPartOf":{"@id":"https:\/\/www.lovendal.ro\/wp52\/#website"},"primaryImageOfPage":{"@id":"https:\/\/www.lovendal.ro\/wp52\/de-ce-1-3-din-limba-mayasa-este-limba-greaca-pura-de-ce-limba-din-tara-bascilor-nu-se-aseamana-deloc-cu-nicio-limba-europeana-o-mare-enigma-le-leaga\/#primaryimage"},"image":{"@id":"https:\/\/www.lovendal.ro\/wp52\/de-ce-1-3-din-limba-mayasa-este-limba-greaca-pura-de-ce-limba-din-tara-bascilor-nu-se-aseamana-deloc-cu-nicio-limba-europeana-o-mare-enigma-le-leaga\/#primaryimage"},"thumbnailUrl":"https:\/\/www.lovendal.ro\/wp52\/wp-content\/uploads\/2023\/04\/civilizatii-vechi.jpg","datePublished":"2023-04-25T06:53:19+00:00","breadcrumb":{"@id":"https:\/\/www.lovendal.ro\/wp52\/de-ce-1-3-din-limba-mayasa-este-limba-greaca-pura-de-ce-limba-din-tara-bascilor-nu-se-aseamana-deloc-cu-nicio-limba-europeana-o-mare-enigma-le-leaga\/#breadcrumb"},"inLanguage":"ro-RO","potentialAction":[{"@type":"ReadAction","target":["https:\/\/www.lovendal.ro\/wp52\/de-ce-1-3-din-limba-mayasa-este-limba-greaca-pura-de-ce-limba-din-tara-bascilor-nu-se-aseamana-deloc-cu-nicio-limba-europeana-o-mare-enigma-le-leaga\/"]}]},{"@type":"ImageObject","inLanguage":"ro-RO","@id":"https:\/\/www.lovendal.ro\/wp52\/de-ce-1-3-din-limba-mayasa-este-limba-greaca-pura-de-ce-limba-din-tara-bascilor-nu-se-aseamana-deloc-cu-nicio-limba-europeana-o-mare-enigma-le-leaga\/#primaryimage","url":"https:\/\/www.lovendal.ro\/wp52\/wp-content\/uploads\/2023\/04\/civilizatii-vechi.jpg","contentUrl":"https:\/\/www.lovendal.ro\/wp52\/wp-content\/uploads\/2023\/04\/civilizatii-vechi.jpg","width":361,"height":240},{"@type":"BreadcrumbList","@id":"https:\/\/www.lovendal.ro\/wp52\/de-ce-1-3-din-limba-mayasa-este-limba-greaca-pura-de-ce-limba-din-tara-bascilor-nu-se-aseamana-deloc-cu-nicio-limba-europeana-o-mare-enigma-le-leaga\/#breadcrumb","itemListElement":[{"@type":"ListItem","position":1,"name":"Home","item":"https:\/\/www.lovendal.ro\/wp52\/"},{"@type":"ListItem","position":2,"name":"De ce 1\/3 din limba maya\u015f\u0103 este limb\u0103 greac\u0103 pur\u0103? De ce limba din \u0162ara Bascilor nu se aseam\u0103n\u0103 deloc cu nicio limb\u0103 european\u0103? O mare enigm\u0103 le leag\u0103&#8230;"}]},{"@type":"WebSite","@id":"https:\/\/www.lovendal.ro\/wp52\/#website","url":"https:\/\/www.lovendal.ro\/wp52\/","name":"Secretele lui Lovendal","description":"Site de secrete, stiinta si metafizica - din 2008 -","publisher":{"@id":"https:\/\/www.lovendal.ro\/wp52\/#organization"},"potentialAction":[{"@type":"SearchAction","target":{"@type":"EntryPoint","urlTemplate":"https:\/\/www.lovendal.ro\/wp52\/?s={search_term_string}"},"query-input":{"@type":"PropertyValueSpecification","valueRequired":true,"valueName":"search_term_string"}}],"inLanguage":"ro-RO"},{"@type":"Organization","@id":"https:\/\/www.lovendal.ro\/wp52\/#organization","name":"Secretele lui Lovendal","url":"https:\/\/www.lovendal.ro\/wp52\/","logo":{"@type":"ImageObject","inLanguage":"ro-RO","@id":"https:\/\/www.lovendal.ro\/wp52\/#\/schema\/logo\/image\/","url":"https:\/\/www.lovendal.ro\/wp52\/wp-content\/uploads\/2024\/06\/cropped-SLL-iun-2024-1.jpg","contentUrl":"https:\/\/www.lovendal.ro\/wp52\/wp-content\/uploads\/2024\/06\/cropped-SLL-iun-2024-1.jpg","width":771,"height":240,"caption":"Secretele lui Lovendal"},"image":{"@id":"https:\/\/www.lovendal.ro\/wp52\/#\/schema\/logo\/image\/"},"sameAs":["https:\/\/www.facebook.com\/secreteleluilovendal"]},{"@type":"Person","@id":"https:\/\/www.lovendal.ro\/wp52\/#\/schema\/person\/088691de5dfc346bb0c023e1e52ef5d9","name":"admin","image":{"@type":"ImageObject","inLanguage":"ro-RO","@id":"https:\/\/secure.gravatar.com\/avatar\/ecb9cd41f5f63c9c9b989999a59f6e2639a865ec361e9db054db0679a8f341c2?s=96&d=mm&r=g","url":"https:\/\/secure.gravatar.com\/avatar\/ecb9cd41f5f63c9c9b989999a59f6e2639a865ec361e9db054db0679a8f341c2?s=96&d=mm&r=g","contentUrl":"https:\/\/secure.gravatar.com\/avatar\/ecb9cd41f5f63c9c9b989999a59f6e2639a865ec361e9db054db0679a8f341c2?s=96&d=mm&r=g","caption":"admin"},"sameAs":["https:\/\/www.lovendal.ro\/wp52"]}]}},"_links":{"self":[{"href":"https:\/\/www.lovendal.ro\/wp52\/wp-json\/wp\/v2\/posts\/85289","targetHints":{"allow":["GET"]}}],"collection":[{"href":"https:\/\/www.lovendal.ro\/wp52\/wp-json\/wp\/v2\/posts"}],"about":[{"href":"https:\/\/www.lovendal.ro\/wp52\/wp-json\/wp\/v2\/types\/post"}],"author":[{"embeddable":true,"href":"https:\/\/www.lovendal.ro\/wp52\/wp-json\/wp\/v2\/users\/1"}],"replies":[{"embeddable":true,"href":"https:\/\/www.lovendal.ro\/wp52\/wp-json\/wp\/v2\/comments?post=85289"}],"version-history":[{"count":1,"href":"https:\/\/www.lovendal.ro\/wp52\/wp-json\/wp\/v2\/posts\/85289\/revisions"}],"predecessor-version":[{"id":85291,"href":"https:\/\/www.lovendal.ro\/wp52\/wp-json\/wp\/v2\/posts\/85289\/revisions\/85291"}],"wp:featuredmedia":[{"embeddable":true,"href":"https:\/\/www.lovendal.ro\/wp52\/wp-json\/wp\/v2\/media\/85290"}],"wp:attachment":[{"href":"https:\/\/www.lovendal.ro\/wp52\/wp-json\/wp\/v2\/media?parent=85289"}],"wp:term":[{"taxonomy":"category","embeddable":true,"href":"https:\/\/www.lovendal.ro\/wp52\/wp-json\/wp\/v2\/categories?post=85289"},{"taxonomy":"post_tag","embeddable":true,"href":"https:\/\/www.lovendal.ro\/wp52\/wp-json\/wp\/v2\/tags?post=85289"}],"curies":[{"name":"wp","href":"https:\/\/api.w.org\/{rel}","templated":true}]}}