{"id":85144,"date":"2023-04-14T13:47:42","date_gmt":"2023-04-14T10:47:42","guid":{"rendered":"https:\/\/www.lovendal.ro\/wp52\/?p=85144"},"modified":"2023-04-14T13:47:42","modified_gmt":"2023-04-14T10:47:42","slug":"capitala-croatiei-zagreb-a-fost-invadata-de-cercuri-albe-misterioase-explicatii-posibile-ale-acestui-fenomen","status":"publish","type":"post","link":"https:\/\/www.lovendal.ro\/wp52\/capitala-croatiei-zagreb-a-fost-invadata-de-cercuri-albe-misterioase-explicatii-posibile-ale-acestui-fenomen\/","title":{"rendered":"Capitala Croa\u0163iei, Zagreb, a fost &#8222;invadat\u0103&#8221; de cercuri albe misterioase? Explica\u0163ii posibile ale acestui fenomen"},"content":{"rendered":"<p><a href=\"https:\/\/www.lovendal.ro\/wp52\/wp-content\/uploads\/2023\/04\/cercuri-albe-Croatia-coperta.jpg\"><img loading=\"lazy\" decoding=\"async\" class=\"alignleft size-full wp-image-85151\" src=\"https:\/\/www.lovendal.ro\/wp52\/wp-content\/uploads\/2023\/04\/cercuri-albe-Croatia-coperta.jpg\" alt=\"\" width=\"364\" height=\"260\" srcset=\"https:\/\/www.lovendal.ro\/wp52\/wp-content\/uploads\/2023\/04\/cercuri-albe-Croatia-coperta.jpg 364w, https:\/\/www.lovendal.ro\/wp52\/wp-content\/uploads\/2023\/04\/cercuri-albe-Croatia-coperta-300x214.jpg 300w\" sizes=\"auto, (max-width: 364px) 100vw, 364px\" \/><\/a>De pe un grup de Facebook, am g\u0103sit aceste fotografii (le vede\u0163i pe toate 3 la sf\u00e2r\u015fitul acestui articol). Nu se spune nimic altceva dec\u00e2t c\u0103 au fost f\u0103cute din Zagreb (Croa\u0163ia), \u00een februarie 2023. \u00cen mod clar, se pot observa ni\u015fte cercuri ciudate albe pe cer, de m\u0103rimi diferite, iar cercurile par a fi prea perfecte.<\/p>\n<p>Am urm\u0103rit comentariile cititorilor de pe Facebook, \u015fi iat\u0103 care sunt opiniile lor despre ce-ar putea fi:<\/p>\n<p>1) Nori artificiali de tip geoinginerie, norii fiind crea\u0163i prin pulverizarea de diverse s\u0103ruri de argint. Cine se ocup\u0103 cu a\u015fa ceva? O fi experimente secrete militare&#8230;<\/p>\n<p>2) Cercurile de pe cer sunt false, \u00een sensul c\u0103 ele reprezint\u0103 doar reflexia de pe geam a unor corpuri de iluminat rotunde din interiorul unui birou. O variant\u0103 posibil\u0103; e p\u0103cat c\u0103 cel care a f\u0103cut fotografiile nu a reu\u015fit s\u0103 scoat\u0103 camera foto dincolo de geam, pentru a sc\u0103pa astfel de aceast\u0103 problem\u0103. Mai jos pute\u0163i vedea un birou cu mai multe corpuri de iluminat rotunde:<\/p>\n<p><a href=\"https:\/\/www.lovendal.ro\/wp52\/wp-content\/uploads\/2023\/04\/birou-corpuri-iluminat-rotunde.jpg\"><img loading=\"lazy\" decoding=\"async\" class=\"aligncenter size-full wp-image-85145\" src=\"https:\/\/www.lovendal.ro\/wp52\/wp-content\/uploads\/2023\/04\/birou-corpuri-iluminat-rotunde.jpg\" alt=\"\" width=\"540\" height=\"444\" srcset=\"https:\/\/www.lovendal.ro\/wp52\/wp-content\/uploads\/2023\/04\/birou-corpuri-iluminat-rotunde.jpg 540w, https:\/\/www.lovendal.ro\/wp52\/wp-content\/uploads\/2023\/04\/birou-corpuri-iluminat-rotunde-300x247.jpg 300w\" sizes=\"auto, (max-width: 540px) 100vw, 540px\" \/><\/a><\/p>\n<p>3) Un nou experiment guvernamental de tip &#8222;Blue Beam&#8221;.<\/p>\n<p>4) Farfurii zbur\u0103toare extraterestre.<\/p>\n<p>Ce-i interesant pentru cei care sus\u0163in punctul 2) &#8211; &#8222;reflexia de pe geam&#8221;&#8230; cum ar putea explica pozele de mai jos, care se aseam\u0103n\u0103 mult cu fotografiile din Croa\u0163ia? E clar c\u0103 explica\u0163ia cu reflexia nu mai \u0163ine&#8230;<\/p>\n<p><a href=\"https:\/\/www.lovendal.ro\/wp52\/wp-content\/uploads\/2023\/04\/cercuri-albe-pe-cer-2.jpg\"><img loading=\"lazy\" decoding=\"async\" class=\"aligncenter size-full wp-image-85146\" src=\"https:\/\/www.lovendal.ro\/wp52\/wp-content\/uploads\/2023\/04\/cercuri-albe-pe-cer-2.jpg\" alt=\"\" width=\"543\" height=\"419\" srcset=\"https:\/\/www.lovendal.ro\/wp52\/wp-content\/uploads\/2023\/04\/cercuri-albe-pe-cer-2.jpg 543w, https:\/\/www.lovendal.ro\/wp52\/wp-content\/uploads\/2023\/04\/cercuri-albe-pe-cer-2-300x231.jpg 300w\" sizes=\"auto, (max-width: 543px) 100vw, 543px\" \/><\/a><\/p>\n<p><a href=\"https:\/\/www.lovendal.ro\/wp52\/wp-content\/uploads\/2023\/04\/cercuri-negre-pe-cer-3.jpg\"><img loading=\"lazy\" decoding=\"async\" class=\"aligncenter size-full wp-image-85147\" src=\"https:\/\/www.lovendal.ro\/wp52\/wp-content\/uploads\/2023\/04\/cercuri-negre-pe-cer-3.jpg\" alt=\"\" width=\"538\" height=\"453\" srcset=\"https:\/\/www.lovendal.ro\/wp52\/wp-content\/uploads\/2023\/04\/cercuri-negre-pe-cer-3.jpg 538w, https:\/\/www.lovendal.ro\/wp52\/wp-content\/uploads\/2023\/04\/cercuri-negre-pe-cer-3-300x253.jpg 300w\" sizes=\"auto, (max-width: 538px) 100vw, 538px\" \/><\/a><\/p>\n<p>A\u015fadar, p\u00e2n\u0103 la urm\u0103, despre ce-a fost vorba \u00een Croa\u0163ia?<\/p>\n<p><a href=\"https:\/\/www.lovendal.ro\/wp52\/wp-content\/uploads\/2023\/04\/cercuri-albe-Croatia-1.jpg\"><img loading=\"lazy\" decoding=\"async\" class=\"aligncenter size-full wp-image-85148\" src=\"https:\/\/www.lovendal.ro\/wp52\/wp-content\/uploads\/2023\/04\/cercuri-albe-Croatia-1.jpg\" alt=\"\" width=\"540\" height=\"304\" srcset=\"https:\/\/www.lovendal.ro\/wp52\/wp-content\/uploads\/2023\/04\/cercuri-albe-Croatia-1.jpg 540w, https:\/\/www.lovendal.ro\/wp52\/wp-content\/uploads\/2023\/04\/cercuri-albe-Croatia-1-300x169.jpg 300w\" sizes=\"auto, (max-width: 540px) 100vw, 540px\" \/><\/a><a href=\"https:\/\/www.lovendal.ro\/wp52\/wp-content\/uploads\/2023\/04\/cercuri-albe-Croatia-2.jpg\"><img loading=\"lazy\" decoding=\"async\" class=\"aligncenter size-full wp-image-85149\" src=\"https:\/\/www.lovendal.ro\/wp52\/wp-content\/uploads\/2023\/04\/cercuri-albe-Croatia-2.jpg\" alt=\"\" width=\"540\" height=\"304\" srcset=\"https:\/\/www.lovendal.ro\/wp52\/wp-content\/uploads\/2023\/04\/cercuri-albe-Croatia-2.jpg 540w, https:\/\/www.lovendal.ro\/wp52\/wp-content\/uploads\/2023\/04\/cercuri-albe-Croatia-2-300x169.jpg 300w\" sizes=\"auto, (max-width: 540px) 100vw, 540px\" \/><\/a><\/p>\n<p><a href=\"https:\/\/www.lovendal.ro\/wp52\/wp-content\/uploads\/2023\/04\/cercuri-albe-Croatia-3.jpg\"><img loading=\"lazy\" decoding=\"async\" class=\"aligncenter size-full wp-image-85150\" src=\"https:\/\/www.lovendal.ro\/wp52\/wp-content\/uploads\/2023\/04\/cercuri-albe-Croatia-3.jpg\" alt=\"\" width=\"540\" height=\"622\" srcset=\"https:\/\/www.lovendal.ro\/wp52\/wp-content\/uploads\/2023\/04\/cercuri-albe-Croatia-3.jpg 540w, https:\/\/www.lovendal.ro\/wp52\/wp-content\/uploads\/2023\/04\/cercuri-albe-Croatia-3-260x300.jpg 260w\" sizes=\"auto, (max-width: 540px) 100vw, 540px\" \/><\/a><\/p>\n<p>&nbsp;<\/p>\n","protected":false},"excerpt":{"rendered":"<p>De pe un grup de Facebook, am g\u0103sit aceste fotografii (le vede\u0163i pe toate 3 la sf\u00e2r\u015fitul acestui articol). Nu se spune nimic altceva dec\u00e2t c\u0103 au fost f\u0103cute din Zagreb (Croa\u0163ia), \u00een februarie 2023. \u00cen mod clar, se pot &#8230; <\/p>\n<p class=\"read-more-container\"><a title=\"Capitala Croa\u0163iei, Zagreb, a fost &#8222;invadat\u0103&#8221; de cercuri albe misterioase? Explica\u0163ii posibile ale acestui fenomen\" class=\"read-more button\" href=\"https:\/\/www.lovendal.ro\/wp52\/capitala-croatiei-zagreb-a-fost-invadata-de-cercuri-albe-misterioase-explicatii-posibile-ale-acestui-fenomen\/#more-85144\" aria-label=\"Cite\u0219te mai multe despre Capitala Croa\u0163iei, Zagreb, a fost &#8222;invadat\u0103&#8221; de cercuri albe misterioase? Explica\u0163ii posibile ale acestui fenomen\">Cititi mai multe<\/a><\/p>\n","protected":false},"author":1,"featured_media":85151,"comment_status":"open","ping_status":"open","sticky":false,"template":"","format":"standard","meta":{"footnotes":""},"categories":[5040],"tags":[1126,9818,5866,3185,1349,4052,648,15,4982,1978,6132],"class_list":["post-85144","post","type-post","status-publish","format-standard","has-post-thumbnail","hentry","category-bizar","tag-argint","tag-bizar","tag-blue-beam","tag-cerc","tag-croatia","tag-facebook","tag-farfurie-zburatoare","tag-fotografie","tag-geoinginerie","tag-nori","tag-zagreb","resize-featured-image"],"yoast_head":"<!-- This site is optimized with the Yoast SEO Premium plugin v23.3 (Yoast SEO v27.4) - https:\/\/yoast.com\/product\/yoast-seo-premium-wordpress\/ -->\n<title>Capitala Croa\u0163iei, Zagreb, a fost &quot;invadat\u0103&quot; de cercuri albe misterioase? Explica\u0163ii posibile ale acestui fenomen - Secretele lui Lovendal<\/title>\n<meta name=\"robots\" content=\"index, follow, max-snippet:-1, max-image-preview:large, max-video-preview:-1\" \/>\n<link rel=\"canonical\" href=\"https:\/\/www.lovendal.ro\/wp52\/capitala-croatiei-zagreb-a-fost-invadata-de-cercuri-albe-misterioase-explicatii-posibile-ale-acestui-fenomen\/\" \/>\n<meta property=\"og:locale\" content=\"ro_RO\" \/>\n<meta property=\"og:type\" content=\"article\" \/>\n<meta property=\"og:title\" content=\"Capitala Croa\u0163iei, Zagreb, a fost &quot;invadat\u0103&quot; de cercuri albe misterioase? Explica\u0163ii posibile ale acestui fenomen\" \/>\n<meta property=\"og:description\" content=\"De pe un grup de Facebook, am g\u0103sit aceste fotografii (le vede\u0163i pe toate 3 la sf\u00e2r\u015fitul acestui articol). Nu se spune nimic altceva dec\u00e2t c\u0103 au fost f\u0103cute din Zagreb (Croa\u0163ia), \u00een februarie 2023. \u00cen mod clar, se pot ... Cititi mai multe\" \/>\n<meta property=\"og:url\" content=\"https:\/\/www.lovendal.ro\/wp52\/capitala-croatiei-zagreb-a-fost-invadata-de-cercuri-albe-misterioase-explicatii-posibile-ale-acestui-fenomen\/\" \/>\n<meta property=\"og:site_name\" content=\"Secretele lui Lovendal\" \/>\n<meta property=\"article:publisher\" content=\"https:\/\/www.facebook.com\/secreteleluilovendal\" \/>\n<meta property=\"article:published_time\" content=\"2023-04-14T10:47:42+00:00\" \/>\n<meta property=\"og:image\" content=\"https:\/\/www.lovendal.ro\/wp52\/wp-content\/uploads\/2023\/04\/cercuri-albe-Croatia-coperta.jpg\" \/>\n\t<meta property=\"og:image:width\" content=\"364\" \/>\n\t<meta property=\"og:image:height\" content=\"260\" \/>\n\t<meta property=\"og:image:type\" content=\"image\/jpeg\" \/>\n<meta name=\"author\" content=\"admin\" \/>\n<meta name=\"twitter:card\" content=\"summary_large_image\" \/>\n<meta name=\"twitter:label1\" content=\"Scris de\" \/>\n\t<meta name=\"twitter:data1\" content=\"admin\" \/>\n\t<meta name=\"twitter:label2\" content=\"Timp estimat pentru citire\" \/>\n\t<meta name=\"twitter:data2\" content=\"1 minut\" \/>\n<script type=\"application\/ld+json\" class=\"yoast-schema-graph\">{\"@context\":\"https:\\\/\\\/schema.org\",\"@graph\":[{\"@type\":\"Article\",\"@id\":\"https:\\\/\\\/www.lovendal.ro\\\/wp52\\\/capitala-croatiei-zagreb-a-fost-invadata-de-cercuri-albe-misterioase-explicatii-posibile-ale-acestui-fenomen\\\/#article\",\"isPartOf\":{\"@id\":\"https:\\\/\\\/www.lovendal.ro\\\/wp52\\\/capitala-croatiei-zagreb-a-fost-invadata-de-cercuri-albe-misterioase-explicatii-posibile-ale-acestui-fenomen\\\/\"},\"author\":{\"name\":\"admin\",\"@id\":\"https:\\\/\\\/www.lovendal.ro\\\/wp52\\\/#\\\/schema\\\/person\\\/088691de5dfc346bb0c023e1e52ef5d9\"},\"headline\":\"Capitala Croa\u0163iei, Zagreb, a fost &#8222;invadat\u0103&#8221; de cercuri albe misterioase? Explica\u0163ii posibile ale acestui fenomen\",\"datePublished\":\"2023-04-14T10:47:42+00:00\",\"mainEntityOfPage\":{\"@id\":\"https:\\\/\\\/www.lovendal.ro\\\/wp52\\\/capitala-croatiei-zagreb-a-fost-invadata-de-cercuri-albe-misterioase-explicatii-posibile-ale-acestui-fenomen\\\/\"},\"wordCount\":267,\"commentCount\":0,\"publisher\":{\"@id\":\"https:\\\/\\\/www.lovendal.ro\\\/wp52\\\/#organization\"},\"image\":{\"@id\":\"https:\\\/\\\/www.lovendal.ro\\\/wp52\\\/capitala-croatiei-zagreb-a-fost-invadata-de-cercuri-albe-misterioase-explicatii-posibile-ale-acestui-fenomen\\\/#primaryimage\"},\"thumbnailUrl\":\"https:\\\/\\\/www.lovendal.ro\\\/wp52\\\/wp-content\\\/uploads\\\/2023\\\/04\\\/cercuri-albe-Croatia-coperta.jpg\",\"keywords\":[\"argint\",\"Bizar\",\"Blue Beam\",\"cerc\",\"Croa\u0163ia\",\"Facebook\",\"farfurie zbur\u0103toare\",\"fotografie\",\"geoinginerie\",\"nori\",\"Zagreb\"],\"articleSection\":[\"Bizar\"],\"inLanguage\":\"ro-RO\",\"potentialAction\":[{\"@type\":\"CommentAction\",\"name\":\"Comment\",\"target\":[\"https:\\\/\\\/www.lovendal.ro\\\/wp52\\\/capitala-croatiei-zagreb-a-fost-invadata-de-cercuri-albe-misterioase-explicatii-posibile-ale-acestui-fenomen\\\/#respond\"]}]},{\"@type\":\"WebPage\",\"@id\":\"https:\\\/\\\/www.lovendal.ro\\\/wp52\\\/capitala-croatiei-zagreb-a-fost-invadata-de-cercuri-albe-misterioase-explicatii-posibile-ale-acestui-fenomen\\\/\",\"url\":\"https:\\\/\\\/www.lovendal.ro\\\/wp52\\\/capitala-croatiei-zagreb-a-fost-invadata-de-cercuri-albe-misterioase-explicatii-posibile-ale-acestui-fenomen\\\/\",\"name\":\"Capitala Croa\u0163iei, Zagreb, a fost \\\"invadat\u0103\\\" de cercuri albe misterioase? Explica\u0163ii posibile ale acestui fenomen - Secretele lui Lovendal\",\"isPartOf\":{\"@id\":\"https:\\\/\\\/www.lovendal.ro\\\/wp52\\\/#website\"},\"primaryImageOfPage\":{\"@id\":\"https:\\\/\\\/www.lovendal.ro\\\/wp52\\\/capitala-croatiei-zagreb-a-fost-invadata-de-cercuri-albe-misterioase-explicatii-posibile-ale-acestui-fenomen\\\/#primaryimage\"},\"image\":{\"@id\":\"https:\\\/\\\/www.lovendal.ro\\\/wp52\\\/capitala-croatiei-zagreb-a-fost-invadata-de-cercuri-albe-misterioase-explicatii-posibile-ale-acestui-fenomen\\\/#primaryimage\"},\"thumbnailUrl\":\"https:\\\/\\\/www.lovendal.ro\\\/wp52\\\/wp-content\\\/uploads\\\/2023\\\/04\\\/cercuri-albe-Croatia-coperta.jpg\",\"datePublished\":\"2023-04-14T10:47:42+00:00\",\"breadcrumb\":{\"@id\":\"https:\\\/\\\/www.lovendal.ro\\\/wp52\\\/capitala-croatiei-zagreb-a-fost-invadata-de-cercuri-albe-misterioase-explicatii-posibile-ale-acestui-fenomen\\\/#breadcrumb\"},\"inLanguage\":\"ro-RO\",\"potentialAction\":[{\"@type\":\"ReadAction\",\"target\":[\"https:\\\/\\\/www.lovendal.ro\\\/wp52\\\/capitala-croatiei-zagreb-a-fost-invadata-de-cercuri-albe-misterioase-explicatii-posibile-ale-acestui-fenomen\\\/\"]}]},{\"@type\":\"ImageObject\",\"inLanguage\":\"ro-RO\",\"@id\":\"https:\\\/\\\/www.lovendal.ro\\\/wp52\\\/capitala-croatiei-zagreb-a-fost-invadata-de-cercuri-albe-misterioase-explicatii-posibile-ale-acestui-fenomen\\\/#primaryimage\",\"url\":\"https:\\\/\\\/www.lovendal.ro\\\/wp52\\\/wp-content\\\/uploads\\\/2023\\\/04\\\/cercuri-albe-Croatia-coperta.jpg\",\"contentUrl\":\"https:\\\/\\\/www.lovendal.ro\\\/wp52\\\/wp-content\\\/uploads\\\/2023\\\/04\\\/cercuri-albe-Croatia-coperta.jpg\",\"width\":364,\"height\":260},{\"@type\":\"BreadcrumbList\",\"@id\":\"https:\\\/\\\/www.lovendal.ro\\\/wp52\\\/capitala-croatiei-zagreb-a-fost-invadata-de-cercuri-albe-misterioase-explicatii-posibile-ale-acestui-fenomen\\\/#breadcrumb\",\"itemListElement\":[{\"@type\":\"ListItem\",\"position\":1,\"name\":\"Home\",\"item\":\"https:\\\/\\\/www.lovendal.ro\\\/wp52\\\/\"},{\"@type\":\"ListItem\",\"position\":2,\"name\":\"Capitala Croa\u0163iei, Zagreb, a fost &#8222;invadat\u0103&#8221; de cercuri albe misterioase? Explica\u0163ii posibile ale acestui fenomen\"}]},{\"@type\":\"WebSite\",\"@id\":\"https:\\\/\\\/www.lovendal.ro\\\/wp52\\\/#website\",\"url\":\"https:\\\/\\\/www.lovendal.ro\\\/wp52\\\/\",\"name\":\"Secretele lui Lovendal\",\"description\":\"Site de secrete, stiinta si metafizica - din 2008 -\",\"publisher\":{\"@id\":\"https:\\\/\\\/www.lovendal.ro\\\/wp52\\\/#organization\"},\"potentialAction\":[{\"@type\":\"SearchAction\",\"target\":{\"@type\":\"EntryPoint\",\"urlTemplate\":\"https:\\\/\\\/www.lovendal.ro\\\/wp52\\\/?s={search_term_string}\"},\"query-input\":{\"@type\":\"PropertyValueSpecification\",\"valueRequired\":true,\"valueName\":\"search_term_string\"}}],\"inLanguage\":\"ro-RO\"},{\"@type\":\"Organization\",\"@id\":\"https:\\\/\\\/www.lovendal.ro\\\/wp52\\\/#organization\",\"name\":\"Secretele lui Lovendal\",\"url\":\"https:\\\/\\\/www.lovendal.ro\\\/wp52\\\/\",\"logo\":{\"@type\":\"ImageObject\",\"inLanguage\":\"ro-RO\",\"@id\":\"https:\\\/\\\/www.lovendal.ro\\\/wp52\\\/#\\\/schema\\\/logo\\\/image\\\/\",\"url\":\"https:\\\/\\\/www.lovendal.ro\\\/wp52\\\/wp-content\\\/uploads\\\/2024\\\/06\\\/cropped-SLL-iun-2024-1.jpg\",\"contentUrl\":\"https:\\\/\\\/www.lovendal.ro\\\/wp52\\\/wp-content\\\/uploads\\\/2024\\\/06\\\/cropped-SLL-iun-2024-1.jpg\",\"width\":771,\"height\":240,\"caption\":\"Secretele lui Lovendal\"},\"image\":{\"@id\":\"https:\\\/\\\/www.lovendal.ro\\\/wp52\\\/#\\\/schema\\\/logo\\\/image\\\/\"},\"sameAs\":[\"https:\\\/\\\/www.facebook.com\\\/secreteleluilovendal\"]},{\"@type\":\"Person\",\"@id\":\"https:\\\/\\\/www.lovendal.ro\\\/wp52\\\/#\\\/schema\\\/person\\\/088691de5dfc346bb0c023e1e52ef5d9\",\"name\":\"admin\",\"image\":{\"@type\":\"ImageObject\",\"inLanguage\":\"ro-RO\",\"@id\":\"https:\\\/\\\/secure.gravatar.com\\\/avatar\\\/ecb9cd41f5f63c9c9b989999a59f6e2639a865ec361e9db054db0679a8f341c2?s=96&d=mm&r=g\",\"url\":\"https:\\\/\\\/secure.gravatar.com\\\/avatar\\\/ecb9cd41f5f63c9c9b989999a59f6e2639a865ec361e9db054db0679a8f341c2?s=96&d=mm&r=g\",\"contentUrl\":\"https:\\\/\\\/secure.gravatar.com\\\/avatar\\\/ecb9cd41f5f63c9c9b989999a59f6e2639a865ec361e9db054db0679a8f341c2?s=96&d=mm&r=g\",\"caption\":\"admin\"},\"sameAs\":[\"https:\\\/\\\/www.lovendal.ro\\\/wp52\"]}]}<\/script>\n<!-- \/ Yoast SEO Premium plugin. -->","yoast_head_json":{"title":"Capitala Croa\u0163iei, Zagreb, a fost \"invadat\u0103\" de cercuri albe misterioase? Explica\u0163ii posibile ale acestui fenomen - Secretele lui Lovendal","robots":{"index":"index","follow":"follow","max-snippet":"max-snippet:-1","max-image-preview":"max-image-preview:large","max-video-preview":"max-video-preview:-1"},"canonical":"https:\/\/www.lovendal.ro\/wp52\/capitala-croatiei-zagreb-a-fost-invadata-de-cercuri-albe-misterioase-explicatii-posibile-ale-acestui-fenomen\/","og_locale":"ro_RO","og_type":"article","og_title":"Capitala Croa\u0163iei, Zagreb, a fost \"invadat\u0103\" de cercuri albe misterioase? Explica\u0163ii posibile ale acestui fenomen","og_description":"De pe un grup de Facebook, am g\u0103sit aceste fotografii (le vede\u0163i pe toate 3 la sf\u00e2r\u015fitul acestui articol). Nu se spune nimic altceva dec\u00e2t c\u0103 au fost f\u0103cute din Zagreb (Croa\u0163ia), \u00een februarie 2023. \u00cen mod clar, se pot ... Cititi mai multe","og_url":"https:\/\/www.lovendal.ro\/wp52\/capitala-croatiei-zagreb-a-fost-invadata-de-cercuri-albe-misterioase-explicatii-posibile-ale-acestui-fenomen\/","og_site_name":"Secretele lui Lovendal","article_publisher":"https:\/\/www.facebook.com\/secreteleluilovendal","article_published_time":"2023-04-14T10:47:42+00:00","og_image":[{"width":364,"height":260,"url":"https:\/\/www.lovendal.ro\/wp52\/wp-content\/uploads\/2023\/04\/cercuri-albe-Croatia-coperta.jpg","type":"image\/jpeg"}],"author":"admin","twitter_card":"summary_large_image","twitter_misc":{"Scris de":"admin","Timp estimat pentru citire":"1 minut"},"schema":{"@context":"https:\/\/schema.org","@graph":[{"@type":"Article","@id":"https:\/\/www.lovendal.ro\/wp52\/capitala-croatiei-zagreb-a-fost-invadata-de-cercuri-albe-misterioase-explicatii-posibile-ale-acestui-fenomen\/#article","isPartOf":{"@id":"https:\/\/www.lovendal.ro\/wp52\/capitala-croatiei-zagreb-a-fost-invadata-de-cercuri-albe-misterioase-explicatii-posibile-ale-acestui-fenomen\/"},"author":{"name":"admin","@id":"https:\/\/www.lovendal.ro\/wp52\/#\/schema\/person\/088691de5dfc346bb0c023e1e52ef5d9"},"headline":"Capitala Croa\u0163iei, Zagreb, a fost &#8222;invadat\u0103&#8221; de cercuri albe misterioase? Explica\u0163ii posibile ale acestui fenomen","datePublished":"2023-04-14T10:47:42+00:00","mainEntityOfPage":{"@id":"https:\/\/www.lovendal.ro\/wp52\/capitala-croatiei-zagreb-a-fost-invadata-de-cercuri-albe-misterioase-explicatii-posibile-ale-acestui-fenomen\/"},"wordCount":267,"commentCount":0,"publisher":{"@id":"https:\/\/www.lovendal.ro\/wp52\/#organization"},"image":{"@id":"https:\/\/www.lovendal.ro\/wp52\/capitala-croatiei-zagreb-a-fost-invadata-de-cercuri-albe-misterioase-explicatii-posibile-ale-acestui-fenomen\/#primaryimage"},"thumbnailUrl":"https:\/\/www.lovendal.ro\/wp52\/wp-content\/uploads\/2023\/04\/cercuri-albe-Croatia-coperta.jpg","keywords":["argint","Bizar","Blue Beam","cerc","Croa\u0163ia","Facebook","farfurie zbur\u0103toare","fotografie","geoinginerie","nori","Zagreb"],"articleSection":["Bizar"],"inLanguage":"ro-RO","potentialAction":[{"@type":"CommentAction","name":"Comment","target":["https:\/\/www.lovendal.ro\/wp52\/capitala-croatiei-zagreb-a-fost-invadata-de-cercuri-albe-misterioase-explicatii-posibile-ale-acestui-fenomen\/#respond"]}]},{"@type":"WebPage","@id":"https:\/\/www.lovendal.ro\/wp52\/capitala-croatiei-zagreb-a-fost-invadata-de-cercuri-albe-misterioase-explicatii-posibile-ale-acestui-fenomen\/","url":"https:\/\/www.lovendal.ro\/wp52\/capitala-croatiei-zagreb-a-fost-invadata-de-cercuri-albe-misterioase-explicatii-posibile-ale-acestui-fenomen\/","name":"Capitala Croa\u0163iei, Zagreb, a fost \"invadat\u0103\" de cercuri albe misterioase? Explica\u0163ii posibile ale acestui fenomen - Secretele lui Lovendal","isPartOf":{"@id":"https:\/\/www.lovendal.ro\/wp52\/#website"},"primaryImageOfPage":{"@id":"https:\/\/www.lovendal.ro\/wp52\/capitala-croatiei-zagreb-a-fost-invadata-de-cercuri-albe-misterioase-explicatii-posibile-ale-acestui-fenomen\/#primaryimage"},"image":{"@id":"https:\/\/www.lovendal.ro\/wp52\/capitala-croatiei-zagreb-a-fost-invadata-de-cercuri-albe-misterioase-explicatii-posibile-ale-acestui-fenomen\/#primaryimage"},"thumbnailUrl":"https:\/\/www.lovendal.ro\/wp52\/wp-content\/uploads\/2023\/04\/cercuri-albe-Croatia-coperta.jpg","datePublished":"2023-04-14T10:47:42+00:00","breadcrumb":{"@id":"https:\/\/www.lovendal.ro\/wp52\/capitala-croatiei-zagreb-a-fost-invadata-de-cercuri-albe-misterioase-explicatii-posibile-ale-acestui-fenomen\/#breadcrumb"},"inLanguage":"ro-RO","potentialAction":[{"@type":"ReadAction","target":["https:\/\/www.lovendal.ro\/wp52\/capitala-croatiei-zagreb-a-fost-invadata-de-cercuri-albe-misterioase-explicatii-posibile-ale-acestui-fenomen\/"]}]},{"@type":"ImageObject","inLanguage":"ro-RO","@id":"https:\/\/www.lovendal.ro\/wp52\/capitala-croatiei-zagreb-a-fost-invadata-de-cercuri-albe-misterioase-explicatii-posibile-ale-acestui-fenomen\/#primaryimage","url":"https:\/\/www.lovendal.ro\/wp52\/wp-content\/uploads\/2023\/04\/cercuri-albe-Croatia-coperta.jpg","contentUrl":"https:\/\/www.lovendal.ro\/wp52\/wp-content\/uploads\/2023\/04\/cercuri-albe-Croatia-coperta.jpg","width":364,"height":260},{"@type":"BreadcrumbList","@id":"https:\/\/www.lovendal.ro\/wp52\/capitala-croatiei-zagreb-a-fost-invadata-de-cercuri-albe-misterioase-explicatii-posibile-ale-acestui-fenomen\/#breadcrumb","itemListElement":[{"@type":"ListItem","position":1,"name":"Home","item":"https:\/\/www.lovendal.ro\/wp52\/"},{"@type":"ListItem","position":2,"name":"Capitala Croa\u0163iei, Zagreb, a fost &#8222;invadat\u0103&#8221; de cercuri albe misterioase? Explica\u0163ii posibile ale acestui fenomen"}]},{"@type":"WebSite","@id":"https:\/\/www.lovendal.ro\/wp52\/#website","url":"https:\/\/www.lovendal.ro\/wp52\/","name":"Secretele lui Lovendal","description":"Site de secrete, stiinta si metafizica - din 2008 -","publisher":{"@id":"https:\/\/www.lovendal.ro\/wp52\/#organization"},"potentialAction":[{"@type":"SearchAction","target":{"@type":"EntryPoint","urlTemplate":"https:\/\/www.lovendal.ro\/wp52\/?s={search_term_string}"},"query-input":{"@type":"PropertyValueSpecification","valueRequired":true,"valueName":"search_term_string"}}],"inLanguage":"ro-RO"},{"@type":"Organization","@id":"https:\/\/www.lovendal.ro\/wp52\/#organization","name":"Secretele lui Lovendal","url":"https:\/\/www.lovendal.ro\/wp52\/","logo":{"@type":"ImageObject","inLanguage":"ro-RO","@id":"https:\/\/www.lovendal.ro\/wp52\/#\/schema\/logo\/image\/","url":"https:\/\/www.lovendal.ro\/wp52\/wp-content\/uploads\/2024\/06\/cropped-SLL-iun-2024-1.jpg","contentUrl":"https:\/\/www.lovendal.ro\/wp52\/wp-content\/uploads\/2024\/06\/cropped-SLL-iun-2024-1.jpg","width":771,"height":240,"caption":"Secretele lui Lovendal"},"image":{"@id":"https:\/\/www.lovendal.ro\/wp52\/#\/schema\/logo\/image\/"},"sameAs":["https:\/\/www.facebook.com\/secreteleluilovendal"]},{"@type":"Person","@id":"https:\/\/www.lovendal.ro\/wp52\/#\/schema\/person\/088691de5dfc346bb0c023e1e52ef5d9","name":"admin","image":{"@type":"ImageObject","inLanguage":"ro-RO","@id":"https:\/\/secure.gravatar.com\/avatar\/ecb9cd41f5f63c9c9b989999a59f6e2639a865ec361e9db054db0679a8f341c2?s=96&d=mm&r=g","url":"https:\/\/secure.gravatar.com\/avatar\/ecb9cd41f5f63c9c9b989999a59f6e2639a865ec361e9db054db0679a8f341c2?s=96&d=mm&r=g","contentUrl":"https:\/\/secure.gravatar.com\/avatar\/ecb9cd41f5f63c9c9b989999a59f6e2639a865ec361e9db054db0679a8f341c2?s=96&d=mm&r=g","caption":"admin"},"sameAs":["https:\/\/www.lovendal.ro\/wp52"]}]}},"_links":{"self":[{"href":"https:\/\/www.lovendal.ro\/wp52\/wp-json\/wp\/v2\/posts\/85144","targetHints":{"allow":["GET"]}}],"collection":[{"href":"https:\/\/www.lovendal.ro\/wp52\/wp-json\/wp\/v2\/posts"}],"about":[{"href":"https:\/\/www.lovendal.ro\/wp52\/wp-json\/wp\/v2\/types\/post"}],"author":[{"embeddable":true,"href":"https:\/\/www.lovendal.ro\/wp52\/wp-json\/wp\/v2\/users\/1"}],"replies":[{"embeddable":true,"href":"https:\/\/www.lovendal.ro\/wp52\/wp-json\/wp\/v2\/comments?post=85144"}],"version-history":[{"count":1,"href":"https:\/\/www.lovendal.ro\/wp52\/wp-json\/wp\/v2\/posts\/85144\/revisions"}],"predecessor-version":[{"id":85152,"href":"https:\/\/www.lovendal.ro\/wp52\/wp-json\/wp\/v2\/posts\/85144\/revisions\/85152"}],"wp:featuredmedia":[{"embeddable":true,"href":"https:\/\/www.lovendal.ro\/wp52\/wp-json\/wp\/v2\/media\/85151"}],"wp:attachment":[{"href":"https:\/\/www.lovendal.ro\/wp52\/wp-json\/wp\/v2\/media?parent=85144"}],"wp:term":[{"taxonomy":"category","embeddable":true,"href":"https:\/\/www.lovendal.ro\/wp52\/wp-json\/wp\/v2\/categories?post=85144"},{"taxonomy":"post_tag","embeddable":true,"href":"https:\/\/www.lovendal.ro\/wp52\/wp-json\/wp\/v2\/tags?post=85144"}],"curies":[{"name":"wp","href":"https:\/\/api.w.org\/{rel}","templated":true}]}}